{"id":69309,"date":"2025-12-02T16:36:27","date_gmt":"2025-12-02T15:36:27","guid":{"rendered":"https:\/\/ppdegalicia.com\/?p=69309"},"modified":"2025-12-02T16:36:27","modified_gmt":"2025-12-02T15:36:27","slug":"o-grupo-popular-afirma-que-a-modificacion-da-lei-facilitara-que-o-deporte-siga-sendo-un-espazo-de-convivencia-de-educacion-e-de-valores-libre-de-violencia-e-exemplo-de-bo-goberno","status":"publish","type":"post","link":"https:\/\/ppdegalicia.com\/es\/o-grupo-popular-afirma-que-a-modificacion-da-lei-facilitara-que-o-deporte-siga-sendo-un-espazo-de-convivencia-de-educacion-e-de-valores-libre-de-violencia-e-exemplo-de-bo-goberno\/","title":{"rendered":"O Grupo Popular afirma que a modificaci\u00f3n da Lei facilitar\u00e1 que o deporte siga sendo un espazo de convivencia, de educaci\u00f3n e de valores, libre de violencia e exemplo de bo goberno"},"content":{"rendered":"<p>O Pleno do Parlamento de Galicia aprobou hoxe sen votos en contra a modificaci\u00f3n da Lei do deporte de Galicia, \u201cunha aposta clara para garantir que o deporte galego siga sendo o que quere e debe ser: un espazo de convivencia, de educaci\u00f3n e de valores, libre de violencia e exemplo de bo goberno\u201d, manifestou o deputado popular Roberto Rodr\u00edguez.<\/p>\n<p>\u201cEstamos diante dunha modificaci\u00f3n da Lei do deporte que entendemos necesaria, oportuna e valente\u201d, sinalou o deputado popular, quen incidiu no feito de que \u201cpermite ampliar o cat\u00e1logo de respostas ante a violencia no noso deporte a trav\u00e9s do exercicio da acci\u00f3n popular por parte da Xunta nestes casos\u201d.<\/p>\n<p>Roberto Rodr\u00edguez sinalou que \u201cblindar o deporte e os valores que encerra na formaci\u00f3n da persoa esixe illalo de condutas claramente que atentan contra todo o que representa\u201d. Por este motivo, con esta modificaci\u00f3n \u00e1brese a posibilidade de que, sempre co consentimento da v\u00edtima ou do seu representante legal, a Xunta poida exercer a acci\u00f3n popular nos procedementos penais por violencia do deporte. \u201cTr\u00e1tase de garantir a\u00ednda m\u00e1is a protecci\u00f3n do interese p\u00fablico representado polo deporte galego, que consideramos un patrimonio social colectivo que, por tanto, pertence a toda a sociedade de Galicia\u201d, dixo.<\/p>\n<p><strong>BO GOBERNO NO DEPORTE<\/strong><\/p>\n<p>As\u00ed mesmo, o deputado popular explicou que esta modificaci\u00f3n \u201cpretende levar \u00e1 xesti\u00f3n deportiva e \u00e1 xesti\u00f3n das federaci\u00f3ns o que xa est\u00e1 implantado noutros \u00e1mbitos de xesti\u00f3n do \u00e1mbito p\u00fablico\u201d. En concreto, indicou que \u201co bo goberno no deporte \u00e9 no s\u00e9culo XXI un requisito esencial para o normal desenvolvemento da xesti\u00f3n de organizaci\u00f3ns e federaci\u00f3ns deportivas\u201d, porque \u201ca democracia interna, a transparencia, a integridade, a apertura e a rendici\u00f3n de contas son xa principios de actuaci\u00f3n irrenunciables na xesti\u00f3n dos fondos p\u00fablicos\u201d.<\/p>\n<p>Rodr\u00edguez asegurou que \u201cno deporte son inmensa maior\u00eda os xestores responsables, pero al\u00ed onde sexa necesario as federaci\u00f3ns deportivas deben elevar o nivel de esixencia das s\u00faas normas de bo goberno, a trav\u00e9s de principios que garantan a xesti\u00f3n irreprochable dos seus recursos financeiros, os controis para previr os conflitos de intereses ou, entre outros, a duraci\u00f3n limitada dos cargos federativos\u201d, que con esta reforma queda establecida en catro mandatos con opci\u00f3n dun \u00fanico mandato adicional en atenci\u00f3n a circunstancias concretas.<\/p>\n<p>Por \u00faltimo, o deputado popular referiuse a outras d\u00faas modificaci\u00f3ns na Lei do deporte. A primeira, dirixida a aportar maior seguridade xur\u00eddica no relativo ao r\u00e9xime de prescrici\u00f3ns e sanci\u00f3ns, que finalmente consiste nunha remisi\u00f3n xeral ao establecido na Lei de r\u00e9xime xur\u00eddico do sector p\u00fablico. \u201cPret\u00e9ndese por fin \u00e1s lagoas interpretativas que estaban a provocar certa inseguridade xur\u00eddica que non beneficiaban a ningu\u00e9n e que nalg\u00fans casos eran mesmo incompatibles coa periodicidade das reuni\u00f3ns do Comit\u00e9 Galego de Xustiza Deportiva\u201d, manifestou. En concreto, agora establ\u00e9cense 3 anos, 2 anos e 6 meses para a prescrici\u00f3n das infracci\u00f3ns moi graves, graves e leves, respectivamente; e 3 anos, 2 anos e 1 ano para a prescrici\u00f3n das sanci\u00f3ns moi graves, graves e leves.<\/p>\n<p>Ademais, a reforma lexislativa aprobada hoxe recolle que a incoaci\u00f3n dun proceso penal non ser\u00e1 obst\u00e1culo para a iniciaci\u00f3n, se \u00e9 o caso, dun procedemento administrativo e disciplinario polos mesmos feitos, m\u00e1is non se ditar\u00e1 resoluci\u00f3n neles ata que recaia unha sentenza ou un auto de sobresemento firmes na causa penal.<\/p>\n","protected":false},"excerpt":{"rendered":"<p>O Pleno do Parlamento de Galicia aprobou hoxe sen votos en contra a modificaci\u00f3n da Lei do deporte de Galicia, \u201cunha aposta clara para garantir que o deporte galego siga sendo o que quere e debe ser: un espazo de convivencia, de educaci\u00f3n e de valores, libre de violencia e exemplo de bo goberno\u201d, manifestou [&hellip;]<\/p>\n","protected":false},"author":38,"featured_media":69310,"comment_status":"closed","ping_status":"open","sticky":false,"template":"","format":"standard","meta":{"_acf_changed":false,"footnotes":""},"categories":[1128],"tags":[],"class_list":["post-69309","post","type-post","status-publish","format-standard","has-post-thumbnail","hentry","category-actualidad-parlamento-de-galicia"],"acf":[],"yoast_head":"<!-- This site is optimized with the Yoast SEO plugin v27.3 - https:\/\/yoast.com\/product\/yoast-seo-wordpress\/ -->\n<title>O Grupo Popular afirma que a modificaci\u00f3n da Lei facilitar\u00e1 que o deporte siga sendo un espazo de convivencia, de educaci\u00f3n e de valores, libre de violencia e exemplo de bo goberno - PP de Galicia<\/title>\n<meta name=\"description\" content=\"O Pleno do Parlamento de Galicia aprobou hoxe sen votos en contra a modificaci\u00f3n da Lei do deporte de Galicia, \u201cunha aposta clara para garantir que o deporte galego siga sendo o que quere e debe ser: un espazo de convivencia, de educaci\u00f3n e de valores, libre de violencia e exemplo de bo goberno\u201d, manifestou o deputado popular Roberto Rodr\u00edguez.\" \/>\n<meta name=\"robots\" content=\"index, follow, max-snippet:-1, max-image-preview:large, max-video-preview:-1\" \/>\n<link rel=\"canonical\" href=\"https:\/\/ppdegalicia.com\/es\/o-grupo-popular-afirma-que-a-modificacion-da-lei-facilitara-que-o-deporte-siga-sendo-un-espazo-de-convivencia-de-educacion-e-de-valores-libre-de-violencia-e-exemplo-de-bo-goberno\/\" \/>\n<meta property=\"og:locale\" content=\"es_ES\" \/>\n<meta property=\"og:type\" content=\"article\" \/>\n<meta property=\"og:title\" content=\"O Grupo Popular afirma que a modificaci\u00f3n da Lei facilitar\u00e1 que o deporte siga sendo un espazo de convivencia, de educaci\u00f3n e de valores, libre de violencia e exemplo de bo goberno - PP de Galicia\" \/>\n<meta property=\"og:description\" content=\"O Pleno do Parlamento de Galicia aprobou hoxe sen votos en contra a modificaci\u00f3n da Lei do deporte de Galicia, \u201cunha aposta clara para garantir que o deporte galego siga sendo o que quere e debe ser: un espazo de convivencia, de educaci\u00f3n e de valores, libre de violencia e exemplo de bo goberno\u201d, manifestou o deputado popular Roberto Rodr\u00edguez.\" \/>\n<meta property=\"og:url\" content=\"https:\/\/ppdegalicia.com\/es\/o-grupo-popular-afirma-que-a-modificacion-da-lei-facilitara-que-o-deporte-siga-sendo-un-espazo-de-convivencia-de-educacion-e-de-valores-libre-de-violencia-e-exemplo-de-bo-goberno\/\" \/>\n<meta property=\"og:site_name\" content=\"PP de Galicia\" \/>\n<meta property=\"article:publisher\" content=\"https:\/\/www.instagram.com\/ppdegalicia\/\" \/>\n<meta property=\"article:published_time\" content=\"2025-12-02T15:36:27+00:00\" \/>\n<meta property=\"og:image\" content=\"https:\/\/ppdegalicia.com\/wp-content\/uploads\/2025\/12\/20251202_Pleno_Ordinario77-scaled.jpg\" \/>\n\t<meta property=\"og:image:width\" content=\"2560\" \/>\n\t<meta property=\"og:image:height\" content=\"1706\" \/>\n\t<meta property=\"og:image:type\" content=\"image\/jpeg\" \/>\n<meta name=\"author\" content=\"ppdegaliciaredes\" \/>\n<meta name=\"twitter:card\" content=\"summary_large_image\" \/>\n<meta name=\"twitter:creator\" content=\"@ppdegalicia\" \/>\n<meta name=\"twitter:site\" content=\"@ppdegalicia\" \/>\n<meta name=\"twitter:label1\" content=\"Escrito por\" \/>\n\t<meta name=\"twitter:data1\" content=\"ppdegaliciaredes\" \/>\n\t<meta name=\"twitter:label2\" content=\"Tiempo de lectura\" \/>\n\t<meta name=\"twitter:data2\" content=\"4 minutos\" \/>\n<script type=\"application\/ld+json\" class=\"yoast-schema-graph\">{\"@context\":\"https:\\\/\\\/schema.org\",\"@graph\":[{\"@type\":\"Article\",\"@id\":\"https:\\\/\\\/ppdegalicia.com\\\/es\\\/o-grupo-popular-afirma-que-a-modificacion-da-lei-facilitara-que-o-deporte-siga-sendo-un-espazo-de-convivencia-de-educacion-e-de-valores-libre-de-violencia-e-exemplo-de-bo-goberno\\\/#article\",\"isPartOf\":{\"@id\":\"https:\\\/\\\/ppdegalicia.com\\\/es\\\/o-grupo-popular-afirma-que-a-modificacion-da-lei-facilitara-que-o-deporte-siga-sendo-un-espazo-de-convivencia-de-educacion-e-de-valores-libre-de-violencia-e-exemplo-de-bo-goberno\\\/\"},\"author\":{\"name\":\"ppdegaliciaredes\",\"@id\":\"https:\\\/\\\/ppdegalicia.com\\\/es\\\/#\\\/schema\\\/person\\\/5b822c6f59e872ebdd1142f307dbcb59\"},\"headline\":\"O Grupo Popular afirma que a modificaci\u00f3n da Lei facilitar\u00e1 que o deporte siga sendo un espazo de convivencia, de educaci\u00f3n e de valores, libre de violencia e exemplo de bo goberno\",\"datePublished\":\"2025-12-02T15:36:27+00:00\",\"mainEntityOfPage\":{\"@id\":\"https:\\\/\\\/ppdegalicia.com\\\/es\\\/o-grupo-popular-afirma-que-a-modificacion-da-lei-facilitara-que-o-deporte-siga-sendo-un-espazo-de-convivencia-de-educacion-e-de-valores-libre-de-violencia-e-exemplo-de-bo-goberno\\\/\"},\"wordCount\":634,\"publisher\":{\"@id\":\"https:\\\/\\\/ppdegalicia.com\\\/es\\\/#organization\"},\"image\":{\"@id\":\"https:\\\/\\\/ppdegalicia.com\\\/es\\\/o-grupo-popular-afirma-que-a-modificacion-da-lei-facilitara-que-o-deporte-siga-sendo-un-espazo-de-convivencia-de-educacion-e-de-valores-libre-de-violencia-e-exemplo-de-bo-goberno\\\/#primaryimage\"},\"thumbnailUrl\":\"https:\\\/\\\/ppdegalicia.com\\\/wp-content\\\/uploads\\\/2025\\\/12\\\/20251202_Pleno_Ordinario77-scaled.jpg\",\"articleSection\":[\"Parlamento de Galicia\"],\"inLanguage\":\"es\"},{\"@type\":\"WebPage\",\"@id\":\"https:\\\/\\\/ppdegalicia.com\\\/es\\\/o-grupo-popular-afirma-que-a-modificacion-da-lei-facilitara-que-o-deporte-siga-sendo-un-espazo-de-convivencia-de-educacion-e-de-valores-libre-de-violencia-e-exemplo-de-bo-goberno\\\/\",\"url\":\"https:\\\/\\\/ppdegalicia.com\\\/es\\\/o-grupo-popular-afirma-que-a-modificacion-da-lei-facilitara-que-o-deporte-siga-sendo-un-espazo-de-convivencia-de-educacion-e-de-valores-libre-de-violencia-e-exemplo-de-bo-goberno\\\/\",\"name\":\"O Grupo Popular afirma que a modificaci\u00f3n da Lei facilitar\u00e1 que o deporte siga sendo un espazo de convivencia, de educaci\u00f3n e de valores, libre de violencia e exemplo de bo goberno - PP de Galicia\",\"isPartOf\":{\"@id\":\"https:\\\/\\\/ppdegalicia.com\\\/es\\\/#website\"},\"primaryImageOfPage\":{\"@id\":\"https:\\\/\\\/ppdegalicia.com\\\/es\\\/o-grupo-popular-afirma-que-a-modificacion-da-lei-facilitara-que-o-deporte-siga-sendo-un-espazo-de-convivencia-de-educacion-e-de-valores-libre-de-violencia-e-exemplo-de-bo-goberno\\\/#primaryimage\"},\"image\":{\"@id\":\"https:\\\/\\\/ppdegalicia.com\\\/es\\\/o-grupo-popular-afirma-que-a-modificacion-da-lei-facilitara-que-o-deporte-siga-sendo-un-espazo-de-convivencia-de-educacion-e-de-valores-libre-de-violencia-e-exemplo-de-bo-goberno\\\/#primaryimage\"},\"thumbnailUrl\":\"https:\\\/\\\/ppdegalicia.com\\\/wp-content\\\/uploads\\\/2025\\\/12\\\/20251202_Pleno_Ordinario77-scaled.jpg\",\"datePublished\":\"2025-12-02T15:36:27+00:00\",\"description\":\"O Pleno do Parlamento de Galicia aprobou hoxe sen votos en contra a modificaci\u00f3n da Lei do deporte de Galicia, \u201cunha aposta clara para garantir que o deporte galego siga sendo o que quere e debe ser: un espazo de convivencia, de educaci\u00f3n e de valores, libre de violencia e exemplo de bo goberno\u201d, manifestou o deputado popular Roberto Rodr\u00edguez.\",\"breadcrumb\":{\"@id\":\"https:\\\/\\\/ppdegalicia.com\\\/es\\\/o-grupo-popular-afirma-que-a-modificacion-da-lei-facilitara-que-o-deporte-siga-sendo-un-espazo-de-convivencia-de-educacion-e-de-valores-libre-de-violencia-e-exemplo-de-bo-goberno\\\/#breadcrumb\"},\"inLanguage\":\"es\",\"potentialAction\":[{\"@type\":\"ReadAction\",\"target\":[\"https:\\\/\\\/ppdegalicia.com\\\/es\\\/o-grupo-popular-afirma-que-a-modificacion-da-lei-facilitara-que-o-deporte-siga-sendo-un-espazo-de-convivencia-de-educacion-e-de-valores-libre-de-violencia-e-exemplo-de-bo-goberno\\\/\"]}]},{\"@type\":\"ImageObject\",\"inLanguage\":\"es\",\"@id\":\"https:\\\/\\\/ppdegalicia.com\\\/es\\\/o-grupo-popular-afirma-que-a-modificacion-da-lei-facilitara-que-o-deporte-siga-sendo-un-espazo-de-convivencia-de-educacion-e-de-valores-libre-de-violencia-e-exemplo-de-bo-goberno\\\/#primaryimage\",\"url\":\"https:\\\/\\\/ppdegalicia.com\\\/wp-content\\\/uploads\\\/2025\\\/12\\\/20251202_Pleno_Ordinario77-scaled.jpg\",\"contentUrl\":\"https:\\\/\\\/ppdegalicia.com\\\/wp-content\\\/uploads\\\/2025\\\/12\\\/20251202_Pleno_Ordinario77-scaled.jpg\",\"width\":2560,\"height\":1706},{\"@type\":\"BreadcrumbList\",\"@id\":\"https:\\\/\\\/ppdegalicia.com\\\/es\\\/o-grupo-popular-afirma-que-a-modificacion-da-lei-facilitara-que-o-deporte-siga-sendo-un-espazo-de-convivencia-de-educacion-e-de-valores-libre-de-violencia-e-exemplo-de-bo-goberno\\\/#breadcrumb\",\"itemListElement\":[{\"@type\":\"ListItem\",\"position\":1,\"name\":\"Portada\",\"item\":\"https:\\\/\\\/ppdegalicia.com\\\/es\\\/\"},{\"@type\":\"ListItem\",\"position\":2,\"name\":\"O Grupo Popular afirma que a modificaci\u00f3n da Lei facilitar\u00e1 que o deporte siga sendo un espazo de convivencia, de educaci\u00f3n e de valores, libre de violencia e exemplo de bo goberno\"}]},{\"@type\":\"WebSite\",\"@id\":\"https:\\\/\\\/ppdegalicia.com\\\/es\\\/#website\",\"url\":\"https:\\\/\\\/ppdegalicia.com\\\/es\\\/\",\"name\":\"Partido Popular de Galicia\",\"description\":\"Partido Popular de Galicia\",\"publisher\":{\"@id\":\"https:\\\/\\\/ppdegalicia.com\\\/es\\\/#organization\"},\"alternateName\":\"PP de Galicia\",\"potentialAction\":[{\"@type\":\"SearchAction\",\"target\":{\"@type\":\"EntryPoint\",\"urlTemplate\":\"https:\\\/\\\/ppdegalicia.com\\\/es\\\/?s={search_term_string}\"},\"query-input\":{\"@type\":\"PropertyValueSpecification\",\"valueRequired\":true,\"valueName\":\"search_term_string\"}}],\"inLanguage\":\"es\"},{\"@type\":\"Organization\",\"@id\":\"https:\\\/\\\/ppdegalicia.com\\\/es\\\/#organization\",\"name\":\"Partido Popular de Galicia\",\"alternateName\":\"PP de Galicia\",\"url\":\"https:\\\/\\\/ppdegalicia.com\\\/es\\\/\",\"logo\":{\"@type\":\"ImageObject\",\"inLanguage\":\"es\",\"@id\":\"https:\\\/\\\/ppdegalicia.com\\\/es\\\/#\\\/schema\\\/logo\\\/image\\\/\",\"url\":\"https:\\\/\\\/ppdegalicia.com\\\/wp-content\\\/uploads\\\/2023\\\/04\\\/logoPP512.png\",\"contentUrl\":\"https:\\\/\\\/ppdegalicia.com\\\/wp-content\\\/uploads\\\/2023\\\/04\\\/logoPP512.png\",\"width\":512,\"height\":512,\"caption\":\"Partido Popular de Galicia\"},\"image\":{\"@id\":\"https:\\\/\\\/ppdegalicia.com\\\/es\\\/#\\\/schema\\\/logo\\\/image\\\/\"},\"sameAs\":[\"https:\\\/\\\/www.instagram.com\\\/ppdegalicia\\\/\",\"https:\\\/\\\/x.com\\\/ppdegalicia\",\"https:\\\/\\\/www.tiktok.com\\\/@ppdegalicia\",\"https:\\\/\\\/www.youtube.com\\\/user\\\/ppdegalicia\"]},{\"@type\":\"Person\",\"@id\":\"https:\\\/\\\/ppdegalicia.com\\\/es\\\/#\\\/schema\\\/person\\\/5b822c6f59e872ebdd1142f307dbcb59\",\"name\":\"ppdegaliciaredes\",\"image\":{\"@type\":\"ImageObject\",\"inLanguage\":\"es\",\"@id\":\"https:\\\/\\\/secure.gravatar.com\\\/avatar\\\/3c9179cf0256d00c72a48d1f25783c58b6842cd56e85ef3a572881c8e28ccd59?s=96&d=mm&r=g\",\"url\":\"https:\\\/\\\/secure.gravatar.com\\\/avatar\\\/3c9179cf0256d00c72a48d1f25783c58b6842cd56e85ef3a572881c8e28ccd59?s=96&d=mm&r=g\",\"contentUrl\":\"https:\\\/\\\/secure.gravatar.com\\\/avatar\\\/3c9179cf0256d00c72a48d1f25783c58b6842cd56e85ef3a572881c8e28ccd59?s=96&d=mm&r=g\",\"caption\":\"ppdegaliciaredes\"},\"url\":\"https:\\\/\\\/ppdegalicia.com\\\/es\\\/author\\\/ppdegaliciaredes\\\/\"}]}<\/script>\n<!-- \/ Yoast SEO plugin. -->","yoast_head_json":{"title":"O Grupo Popular afirma que a modificaci\u00f3n da Lei facilitar\u00e1 que o deporte siga sendo un espazo de convivencia, de educaci\u00f3n e de valores, libre de violencia e exemplo de bo goberno - PP de Galicia","description":"O Pleno do Parlamento de Galicia aprobou hoxe sen votos en contra a modificaci\u00f3n da Lei do deporte de Galicia, \u201cunha aposta clara para garantir que o deporte galego siga sendo o que quere e debe ser: un espazo de convivencia, de educaci\u00f3n e de valores, libre de violencia e exemplo de bo goberno\u201d, manifestou o deputado popular Roberto Rodr\u00edguez.","robots":{"index":"index","follow":"follow","max-snippet":"max-snippet:-1","max-image-preview":"max-image-preview:large","max-video-preview":"max-video-preview:-1"},"canonical":"https:\/\/ppdegalicia.com\/es\/o-grupo-popular-afirma-que-a-modificacion-da-lei-facilitara-que-o-deporte-siga-sendo-un-espazo-de-convivencia-de-educacion-e-de-valores-libre-de-violencia-e-exemplo-de-bo-goberno\/","og_locale":"es_ES","og_type":"article","og_title":"O Grupo Popular afirma que a modificaci\u00f3n da Lei facilitar\u00e1 que o deporte siga sendo un espazo de convivencia, de educaci\u00f3n e de valores, libre de violencia e exemplo de bo goberno - PP de Galicia","og_description":"O Pleno do Parlamento de Galicia aprobou hoxe sen votos en contra a modificaci\u00f3n da Lei do deporte de Galicia, \u201cunha aposta clara para garantir que o deporte galego siga sendo o que quere e debe ser: un espazo de convivencia, de educaci\u00f3n e de valores, libre de violencia e exemplo de bo goberno\u201d, manifestou o deputado popular Roberto Rodr\u00edguez.","og_url":"https:\/\/ppdegalicia.com\/es\/o-grupo-popular-afirma-que-a-modificacion-da-lei-facilitara-que-o-deporte-siga-sendo-un-espazo-de-convivencia-de-educacion-e-de-valores-libre-de-violencia-e-exemplo-de-bo-goberno\/","og_site_name":"PP de Galicia","article_publisher":"https:\/\/www.instagram.com\/ppdegalicia\/","article_published_time":"2025-12-02T15:36:27+00:00","og_image":[{"width":2560,"height":1706,"url":"https:\/\/ppdegalicia.com\/wp-content\/uploads\/2025\/12\/20251202_Pleno_Ordinario77-scaled.jpg","type":"image\/jpeg"}],"author":"ppdegaliciaredes","twitter_card":"summary_large_image","twitter_creator":"@ppdegalicia","twitter_site":"@ppdegalicia","twitter_misc":{"Escrito por":"ppdegaliciaredes","Tiempo de lectura":"4 minutos"},"schema":{"@context":"https:\/\/schema.org","@graph":[{"@type":"Article","@id":"https:\/\/ppdegalicia.com\/es\/o-grupo-popular-afirma-que-a-modificacion-da-lei-facilitara-que-o-deporte-siga-sendo-un-espazo-de-convivencia-de-educacion-e-de-valores-libre-de-violencia-e-exemplo-de-bo-goberno\/#article","isPartOf":{"@id":"https:\/\/ppdegalicia.com\/es\/o-grupo-popular-afirma-que-a-modificacion-da-lei-facilitara-que-o-deporte-siga-sendo-un-espazo-de-convivencia-de-educacion-e-de-valores-libre-de-violencia-e-exemplo-de-bo-goberno\/"},"author":{"name":"ppdegaliciaredes","@id":"https:\/\/ppdegalicia.com\/es\/#\/schema\/person\/5b822c6f59e872ebdd1142f307dbcb59"},"headline":"O Grupo Popular afirma que a modificaci\u00f3n da Lei facilitar\u00e1 que o deporte siga sendo un espazo de convivencia, de educaci\u00f3n e de valores, libre de violencia e exemplo de bo goberno","datePublished":"2025-12-02T15:36:27+00:00","mainEntityOfPage":{"@id":"https:\/\/ppdegalicia.com\/es\/o-grupo-popular-afirma-que-a-modificacion-da-lei-facilitara-que-o-deporte-siga-sendo-un-espazo-de-convivencia-de-educacion-e-de-valores-libre-de-violencia-e-exemplo-de-bo-goberno\/"},"wordCount":634,"publisher":{"@id":"https:\/\/ppdegalicia.com\/es\/#organization"},"image":{"@id":"https:\/\/ppdegalicia.com\/es\/o-grupo-popular-afirma-que-a-modificacion-da-lei-facilitara-que-o-deporte-siga-sendo-un-espazo-de-convivencia-de-educacion-e-de-valores-libre-de-violencia-e-exemplo-de-bo-goberno\/#primaryimage"},"thumbnailUrl":"https:\/\/ppdegalicia.com\/wp-content\/uploads\/2025\/12\/20251202_Pleno_Ordinario77-scaled.jpg","articleSection":["Parlamento de Galicia"],"inLanguage":"es"},{"@type":"WebPage","@id":"https:\/\/ppdegalicia.com\/es\/o-grupo-popular-afirma-que-a-modificacion-da-lei-facilitara-que-o-deporte-siga-sendo-un-espazo-de-convivencia-de-educacion-e-de-valores-libre-de-violencia-e-exemplo-de-bo-goberno\/","url":"https:\/\/ppdegalicia.com\/es\/o-grupo-popular-afirma-que-a-modificacion-da-lei-facilitara-que-o-deporte-siga-sendo-un-espazo-de-convivencia-de-educacion-e-de-valores-libre-de-violencia-e-exemplo-de-bo-goberno\/","name":"O Grupo Popular afirma que a modificaci\u00f3n da Lei facilitar\u00e1 que o deporte siga sendo un espazo de convivencia, de educaci\u00f3n e de valores, libre de violencia e exemplo de bo goberno - PP de Galicia","isPartOf":{"@id":"https:\/\/ppdegalicia.com\/es\/#website"},"primaryImageOfPage":{"@id":"https:\/\/ppdegalicia.com\/es\/o-grupo-popular-afirma-que-a-modificacion-da-lei-facilitara-que-o-deporte-siga-sendo-un-espazo-de-convivencia-de-educacion-e-de-valores-libre-de-violencia-e-exemplo-de-bo-goberno\/#primaryimage"},"image":{"@id":"https:\/\/ppdegalicia.com\/es\/o-grupo-popular-afirma-que-a-modificacion-da-lei-facilitara-que-o-deporte-siga-sendo-un-espazo-de-convivencia-de-educacion-e-de-valores-libre-de-violencia-e-exemplo-de-bo-goberno\/#primaryimage"},"thumbnailUrl":"https:\/\/ppdegalicia.com\/wp-content\/uploads\/2025\/12\/20251202_Pleno_Ordinario77-scaled.jpg","datePublished":"2025-12-02T15:36:27+00:00","description":"O Pleno do Parlamento de Galicia aprobou hoxe sen votos en contra a modificaci\u00f3n da Lei do deporte de Galicia, \u201cunha aposta clara para garantir que o deporte galego siga sendo o que quere e debe ser: un espazo de convivencia, de educaci\u00f3n e de valores, libre de violencia e exemplo de bo goberno\u201d, manifestou o deputado popular Roberto Rodr\u00edguez.","breadcrumb":{"@id":"https:\/\/ppdegalicia.com\/es\/o-grupo-popular-afirma-que-a-modificacion-da-lei-facilitara-que-o-deporte-siga-sendo-un-espazo-de-convivencia-de-educacion-e-de-valores-libre-de-violencia-e-exemplo-de-bo-goberno\/#breadcrumb"},"inLanguage":"es","potentialAction":[{"@type":"ReadAction","target":["https:\/\/ppdegalicia.com\/es\/o-grupo-popular-afirma-que-a-modificacion-da-lei-facilitara-que-o-deporte-siga-sendo-un-espazo-de-convivencia-de-educacion-e-de-valores-libre-de-violencia-e-exemplo-de-bo-goberno\/"]}]},{"@type":"ImageObject","inLanguage":"es","@id":"https:\/\/ppdegalicia.com\/es\/o-grupo-popular-afirma-que-a-modificacion-da-lei-facilitara-que-o-deporte-siga-sendo-un-espazo-de-convivencia-de-educacion-e-de-valores-libre-de-violencia-e-exemplo-de-bo-goberno\/#primaryimage","url":"https:\/\/ppdegalicia.com\/wp-content\/uploads\/2025\/12\/20251202_Pleno_Ordinario77-scaled.jpg","contentUrl":"https:\/\/ppdegalicia.com\/wp-content\/uploads\/2025\/12\/20251202_Pleno_Ordinario77-scaled.jpg","width":2560,"height":1706},{"@type":"BreadcrumbList","@id":"https:\/\/ppdegalicia.com\/es\/o-grupo-popular-afirma-que-a-modificacion-da-lei-facilitara-que-o-deporte-siga-sendo-un-espazo-de-convivencia-de-educacion-e-de-valores-libre-de-violencia-e-exemplo-de-bo-goberno\/#breadcrumb","itemListElement":[{"@type":"ListItem","position":1,"name":"Portada","item":"https:\/\/ppdegalicia.com\/es\/"},{"@type":"ListItem","position":2,"name":"O Grupo Popular afirma que a modificaci\u00f3n da Lei facilitar\u00e1 que o deporte siga sendo un espazo de convivencia, de educaci\u00f3n e de valores, libre de violencia e exemplo de bo goberno"}]},{"@type":"WebSite","@id":"https:\/\/ppdegalicia.com\/es\/#website","url":"https:\/\/ppdegalicia.com\/es\/","name":"Partido Popular de Galicia","description":"Partido Popular de Galicia","publisher":{"@id":"https:\/\/ppdegalicia.com\/es\/#organization"},"alternateName":"PP de Galicia","potentialAction":[{"@type":"SearchAction","target":{"@type":"EntryPoint","urlTemplate":"https:\/\/ppdegalicia.com\/es\/?s={search_term_string}"},"query-input":{"@type":"PropertyValueSpecification","valueRequired":true,"valueName":"search_term_string"}}],"inLanguage":"es"},{"@type":"Organization","@id":"https:\/\/ppdegalicia.com\/es\/#organization","name":"Partido Popular de Galicia","alternateName":"PP de Galicia","url":"https:\/\/ppdegalicia.com\/es\/","logo":{"@type":"ImageObject","inLanguage":"es","@id":"https:\/\/ppdegalicia.com\/es\/#\/schema\/logo\/image\/","url":"https:\/\/ppdegalicia.com\/wp-content\/uploads\/2023\/04\/logoPP512.png","contentUrl":"https:\/\/ppdegalicia.com\/wp-content\/uploads\/2023\/04\/logoPP512.png","width":512,"height":512,"caption":"Partido Popular de Galicia"},"image":{"@id":"https:\/\/ppdegalicia.com\/es\/#\/schema\/logo\/image\/"},"sameAs":["https:\/\/www.instagram.com\/ppdegalicia\/","https:\/\/x.com\/ppdegalicia","https:\/\/www.tiktok.com\/@ppdegalicia","https:\/\/www.youtube.com\/user\/ppdegalicia"]},{"@type":"Person","@id":"https:\/\/ppdegalicia.com\/es\/#\/schema\/person\/5b822c6f59e872ebdd1142f307dbcb59","name":"ppdegaliciaredes","image":{"@type":"ImageObject","inLanguage":"es","@id":"https:\/\/secure.gravatar.com\/avatar\/3c9179cf0256d00c72a48d1f25783c58b6842cd56e85ef3a572881c8e28ccd59?s=96&d=mm&r=g","url":"https:\/\/secure.gravatar.com\/avatar\/3c9179cf0256d00c72a48d1f25783c58b6842cd56e85ef3a572881c8e28ccd59?s=96&d=mm&r=g","contentUrl":"https:\/\/secure.gravatar.com\/avatar\/3c9179cf0256d00c72a48d1f25783c58b6842cd56e85ef3a572881c8e28ccd59?s=96&d=mm&r=g","caption":"ppdegaliciaredes"},"url":"https:\/\/ppdegalicia.com\/es\/author\/ppdegaliciaredes\/"}]}},"_links":{"self":[{"href":"https:\/\/ppdegalicia.com\/es\/wp-json\/wp\/v2\/posts\/69309","targetHints":{"allow":["GET"]}}],"collection":[{"href":"https:\/\/ppdegalicia.com\/es\/wp-json\/wp\/v2\/posts"}],"about":[{"href":"https:\/\/ppdegalicia.com\/es\/wp-json\/wp\/v2\/types\/post"}],"author":[{"embeddable":true,"href":"https:\/\/ppdegalicia.com\/es\/wp-json\/wp\/v2\/users\/38"}],"replies":[{"embeddable":true,"href":"https:\/\/ppdegalicia.com\/es\/wp-json\/wp\/v2\/comments?post=69309"}],"version-history":[{"count":1,"href":"https:\/\/ppdegalicia.com\/es\/wp-json\/wp\/v2\/posts\/69309\/revisions"}],"predecessor-version":[{"id":69312,"href":"https:\/\/ppdegalicia.com\/es\/wp-json\/wp\/v2\/posts\/69309\/revisions\/69312"}],"wp:featuredmedia":[{"embeddable":true,"href":"https:\/\/ppdegalicia.com\/es\/wp-json\/wp\/v2\/media\/69310"}],"wp:attachment":[{"href":"https:\/\/ppdegalicia.com\/es\/wp-json\/wp\/v2\/media?parent=69309"}],"wp:term":[{"taxonomy":"category","embeddable":true,"href":"https:\/\/ppdegalicia.com\/es\/wp-json\/wp\/v2\/categories?post=69309"},{"taxonomy":"post_tag","embeddable":true,"href":"https:\/\/ppdegalicia.com\/es\/wp-json\/wp\/v2\/tags?post=69309"}],"curies":[{"name":"wp","href":"https:\/\/api.w.org\/{rel}","templated":true}]}}