{"id":69317,"date":"2025-12-02T19:00:33","date_gmt":"2025-12-02T18:00:33","guid":{"rendered":"https:\/\/ppdegalicia.com\/?p=69317"},"modified":"2025-12-02T19:00:33","modified_gmt":"2025-12-02T18:00:33","slug":"o-grupo-popular-asegura-que-galicia-mellora-na-atencion-sanitaria-dos-galegos-reduce-tempos-de-espera-opera-mais-atende-mais-e-cumpre-mais","status":"publish","type":"post","link":"https:\/\/ppdegalicia.com\/es\/o-grupo-popular-asegura-que-galicia-mellora-na-atencion-sanitaria-dos-galegos-reduce-tempos-de-espera-opera-mais-atende-mais-e-cumpre-mais\/","title":{"rendered":"O Grupo Popular asegura que \u201cGalicia mellora na atenci\u00f3n sanitaria dos galegos, reduce tempos de espera, opera m\u00e1is, atende m\u00e1is e cumpre m\u00e1is\u201d"},"content":{"rendered":"<p>A portavoz de Sanidade do Grupo Popular, Encarna Amigo, asegurou hoxe no Pleno do Parlamento que \u201cGalicia mellora na atenci\u00f3n sanitaria dos galegos, reduce tempos de espera, opera m\u00e1is, atende m\u00e1is e cumpre m\u00e1is\u201d, polo que demandou aos grupos da oposici\u00f3n \u201cmenos ru\u00eddo e menos alarmas inxustificadas\u201d. \u201cTe\u00f1an m\u00e1is respecto polos profesionais da sanidade p\u00fablica galega, que cada d\u00eda demostran, con datos na man, que Galicia funciona\u201d, pediu.<\/p>\n<p>Tomando como referencia os datos oficiais do Ministerio de Sanidade, Encarna Amigo destacou que \u201cGalicia \u00e9 a segunda comunidade con mellores tempos de espera en primeira consulta e a cuarta comunidade con menos espera para facer unha cirurx\u00eda; temos case 50 d\u00edas menos de espera ca media espa\u00f1ola, e mentres aqu\u00ed baixamos os tempos de espera en Espa\u00f1a soben\u201d.<\/p>\n<p>As\u00ed mesmo, a portavoz popular engadiu que \u201cestas cifras se acompa\u00f1an con que en Galicia se fai m\u00e1is actividade ca nunca: case 110.000 intervenci\u00f3ns cir\u00farxicas no primeiro semestre deste ano, o que sup\u00f3n un incremento do 1,5 por cento; as v\u00edas r\u00e1pidas contra o cancro atenderon 11.500 consultas; e se fixeron neste \u00faltimo semestre m\u00e1is de dous mill\u00f3ns de probas diagn\u00f3sticas\u201d.<\/p>\n<p><strong>M\u00c1IS F\u00c1CIL INVENTAR M\u00c9DICOS QUE FORMALOS<\/strong><\/p>\n<p>\u201cE todo isto a pesar da falta de m\u00e9dicos que padecemos a nivel de toda Espa\u00f1a, sen que as comunidades aut\u00f3nomas reciban apoio alg\u00fan por parte do Goberno central para facer fronte a este reto\u201d, sinalou Encarna Amigo, quen apuntou que \u201cse realmente sobraran m\u00e9dicos, como no se cansan de dicir desde a oposici\u00f3n, Galicia non deixar\u00eda un s\u00f3 sen contratar, pero sempre \u00e9 m\u00e1is doado inventar m\u00e9dicos que formalos\u201d.<\/p>\n<p>A portavoz popular dirixiuse ao BNG para demandar que \u201cse de verdade quere m\u00e1is profesionais, aprendan na porta na que deben petar e p\u00eddanllo ao Goberno de Pedro S\u00e1nchez, porque en Galicia formamos ao 100 por cento das prazas que o Ministerio autoriza e sen m\u00e1is MIR non haber\u00e1 m\u00e1is m\u00e9dicos especialistas\u201d.<\/p>\n<p>Para rematar, Encarna Amigo rexeitou \u201co relato apocal\u00edptico\u201d dos grupos da oposici\u00f3n respecto da situaci\u00f3n da sanidade galega e f\u00edxoo con datos concretos: o orzamento destinado a sanidade medrar\u00e1 en 2026 en 213 mill\u00f3ns de euros respecto ao presente ano, o que sup\u00f3n un 3,91 por cento m\u00e1is; e a atenci\u00f3n primaria incrementar\u00e1 outro 4,74 por cento, acadando os 1.747 mill\u00f3ns de euros, que supo\u00f1en m\u00e1is do 25 por cento do orzamento sanitario da Xunta e supera a referencia marcada pola Organizaci\u00f3n Mundial da Sa\u00fade\u201d.<\/p>\n<p>\u201cO Goberno de Alfonso Rueda vai seguir dialogando cos profesionais, como demostra o acordo adoptado coa maior\u00eda deles en materia de atenci\u00f3n primaria; reforzando equipos con todo o persoal dispo\u00f1ible; e mellorando as condici\u00f3ns laborais e a estabilidade dos profesionais sanitarios, incrementando os recursos da atenci\u00f3n primeira e esixindo ao Ministerio que forme m\u00e1is m\u00e9dicos e reforme o MIR\u201d, subli\u00f1ou.<\/p>\n","protected":false},"excerpt":{"rendered":"<p>A portavoz de Sanidade do Grupo Popular, Encarna Amigo, asegurou hoxe no Pleno do Parlamento que \u201cGalicia mellora na atenci\u00f3n sanitaria dos galegos, reduce tempos de espera, opera m\u00e1is, atende m\u00e1is e cumpre m\u00e1is\u201d, polo que demandou aos grupos da oposici\u00f3n \u201cmenos ru\u00eddo e menos alarmas inxustificadas\u201d. \u201cTe\u00f1an m\u00e1is respecto polos profesionais da sanidade p\u00fablica [&hellip;]<\/p>\n","protected":false},"author":38,"featured_media":69318,"comment_status":"closed","ping_status":"open","sticky":false,"template":"","format":"standard","meta":{"_acf_changed":false,"footnotes":""},"categories":[1128],"tags":[],"class_list":["post-69317","post","type-post","status-publish","format-standard","has-post-thumbnail","hentry","category-actualidad-parlamento-de-galicia"],"acf":[],"yoast_head":"<!-- This site is optimized with the Yoast SEO plugin v27.3 - https:\/\/yoast.com\/product\/yoast-seo-wordpress\/ -->\n<title>O Grupo Popular asegura que \u201cGalicia mellora na atenci\u00f3n sanitaria dos galegos, reduce tempos de espera, opera m\u00e1is, atende m\u00e1is e cumpre m\u00e1is\u201d - PP de Galicia<\/title>\n<meta name=\"description\" content=\"A portavoz de Sanidade do Grupo Popular, Encarna Amigo, asegurou hoxe no Pleno do Parlamento que \u201cGalicia mellora na atenci\u00f3n sanitaria dos galegos, reduce tempos de espera, opera m\u00e1is, atende m\u00e1is e cumpre m\u00e1is\u201d, polo que demandou aos grupos da oposici\u00f3n \u201cmenos ru\u00eddo e menos alarmas inxustificadas\u201d. \u201cTe\u00f1an m\u00e1is respecto polos profesionais da sanidade p\u00fablica galega, que cada d\u00eda demostran, con datos na man, que Galicia funciona\u201d, pediu.\" \/>\n<meta name=\"robots\" content=\"index, follow, max-snippet:-1, max-image-preview:large, max-video-preview:-1\" \/>\n<link rel=\"canonical\" href=\"https:\/\/ppdegalicia.com\/es\/o-grupo-popular-asegura-que-galicia-mellora-na-atencion-sanitaria-dos-galegos-reduce-tempos-de-espera-opera-mais-atende-mais-e-cumpre-mais\/\" \/>\n<meta property=\"og:locale\" content=\"es_ES\" \/>\n<meta property=\"og:type\" content=\"article\" \/>\n<meta property=\"og:title\" content=\"O Grupo Popular asegura que \u201cGalicia mellora na atenci\u00f3n sanitaria dos galegos, reduce tempos de espera, opera m\u00e1is, atende m\u00e1is e cumpre m\u00e1is\u201d - PP de Galicia\" \/>\n<meta property=\"og:description\" content=\"A portavoz de Sanidade do Grupo Popular, Encarna Amigo, asegurou hoxe no Pleno do Parlamento que \u201cGalicia mellora na atenci\u00f3n sanitaria dos galegos, reduce tempos de espera, opera m\u00e1is, atende m\u00e1is e cumpre m\u00e1is\u201d, polo que demandou aos grupos da oposici\u00f3n \u201cmenos ru\u00eddo e menos alarmas inxustificadas\u201d. \u201cTe\u00f1an m\u00e1is respecto polos profesionais da sanidade p\u00fablica galega, que cada d\u00eda demostran, con datos na man, que Galicia funciona\u201d, pediu.\" \/>\n<meta property=\"og:url\" content=\"https:\/\/ppdegalicia.com\/es\/o-grupo-popular-asegura-que-galicia-mellora-na-atencion-sanitaria-dos-galegos-reduce-tempos-de-espera-opera-mais-atende-mais-e-cumpre-mais\/\" \/>\n<meta property=\"og:site_name\" content=\"PP de Galicia\" \/>\n<meta property=\"article:publisher\" content=\"https:\/\/www.instagram.com\/ppdegalicia\/\" \/>\n<meta property=\"article:published_time\" content=\"2025-12-02T18:00:33+00:00\" \/>\n<meta property=\"og:image\" content=\"https:\/\/ppdegalicia.com\/wp-content\/uploads\/2025\/12\/WhatsApp-Image-2025-12-02-at-17.16.21.jpeg\" \/>\n\t<meta property=\"og:image:width\" content=\"1280\" \/>\n\t<meta property=\"og:image:height\" content=\"853\" \/>\n\t<meta property=\"og:image:type\" content=\"image\/jpeg\" \/>\n<meta name=\"author\" content=\"ppdegaliciaredes\" \/>\n<meta name=\"twitter:card\" content=\"summary_large_image\" \/>\n<meta name=\"twitter:creator\" content=\"@ppdegalicia\" \/>\n<meta name=\"twitter:site\" content=\"@ppdegalicia\" \/>\n<meta name=\"twitter:label1\" content=\"Escrito por\" \/>\n\t<meta name=\"twitter:data1\" content=\"ppdegaliciaredes\" \/>\n\t<meta name=\"twitter:label2\" content=\"Tiempo de lectura\" \/>\n\t<meta name=\"twitter:data2\" content=\"3 minutos\" \/>\n<script type=\"application\/ld+json\" class=\"yoast-schema-graph\">{\"@context\":\"https:\\\/\\\/schema.org\",\"@graph\":[{\"@type\":\"Article\",\"@id\":\"https:\\\/\\\/ppdegalicia.com\\\/es\\\/o-grupo-popular-asegura-que-galicia-mellora-na-atencion-sanitaria-dos-galegos-reduce-tempos-de-espera-opera-mais-atende-mais-e-cumpre-mais\\\/#article\",\"isPartOf\":{\"@id\":\"https:\\\/\\\/ppdegalicia.com\\\/es\\\/o-grupo-popular-asegura-que-galicia-mellora-na-atencion-sanitaria-dos-galegos-reduce-tempos-de-espera-opera-mais-atende-mais-e-cumpre-mais\\\/\"},\"author\":{\"name\":\"ppdegaliciaredes\",\"@id\":\"https:\\\/\\\/ppdegalicia.com\\\/es\\\/#\\\/schema\\\/person\\\/5b822c6f59e872ebdd1142f307dbcb59\"},\"headline\":\"O Grupo Popular asegura que \u201cGalicia mellora na atenci\u00f3n sanitaria dos galegos, reduce tempos de espera, opera m\u00e1is, atende m\u00e1is e cumpre m\u00e1is\u201d\",\"datePublished\":\"2025-12-02T18:00:33+00:00\",\"mainEntityOfPage\":{\"@id\":\"https:\\\/\\\/ppdegalicia.com\\\/es\\\/o-grupo-popular-asegura-que-galicia-mellora-na-atencion-sanitaria-dos-galegos-reduce-tempos-de-espera-opera-mais-atende-mais-e-cumpre-mais\\\/\"},\"wordCount\":538,\"publisher\":{\"@id\":\"https:\\\/\\\/ppdegalicia.com\\\/es\\\/#organization\"},\"image\":{\"@id\":\"https:\\\/\\\/ppdegalicia.com\\\/es\\\/o-grupo-popular-asegura-que-galicia-mellora-na-atencion-sanitaria-dos-galegos-reduce-tempos-de-espera-opera-mais-atende-mais-e-cumpre-mais\\\/#primaryimage\"},\"thumbnailUrl\":\"https:\\\/\\\/ppdegalicia.com\\\/wp-content\\\/uploads\\\/2025\\\/12\\\/WhatsApp-Image-2025-12-02-at-17.16.21.jpeg\",\"articleSection\":[\"Parlamento de Galicia\"],\"inLanguage\":\"es\"},{\"@type\":\"WebPage\",\"@id\":\"https:\\\/\\\/ppdegalicia.com\\\/es\\\/o-grupo-popular-asegura-que-galicia-mellora-na-atencion-sanitaria-dos-galegos-reduce-tempos-de-espera-opera-mais-atende-mais-e-cumpre-mais\\\/\",\"url\":\"https:\\\/\\\/ppdegalicia.com\\\/es\\\/o-grupo-popular-asegura-que-galicia-mellora-na-atencion-sanitaria-dos-galegos-reduce-tempos-de-espera-opera-mais-atende-mais-e-cumpre-mais\\\/\",\"name\":\"O Grupo Popular asegura que \u201cGalicia mellora na atenci\u00f3n sanitaria dos galegos, reduce tempos de espera, opera m\u00e1is, atende m\u00e1is e cumpre m\u00e1is\u201d - PP de Galicia\",\"isPartOf\":{\"@id\":\"https:\\\/\\\/ppdegalicia.com\\\/es\\\/#website\"},\"primaryImageOfPage\":{\"@id\":\"https:\\\/\\\/ppdegalicia.com\\\/es\\\/o-grupo-popular-asegura-que-galicia-mellora-na-atencion-sanitaria-dos-galegos-reduce-tempos-de-espera-opera-mais-atende-mais-e-cumpre-mais\\\/#primaryimage\"},\"image\":{\"@id\":\"https:\\\/\\\/ppdegalicia.com\\\/es\\\/o-grupo-popular-asegura-que-galicia-mellora-na-atencion-sanitaria-dos-galegos-reduce-tempos-de-espera-opera-mais-atende-mais-e-cumpre-mais\\\/#primaryimage\"},\"thumbnailUrl\":\"https:\\\/\\\/ppdegalicia.com\\\/wp-content\\\/uploads\\\/2025\\\/12\\\/WhatsApp-Image-2025-12-02-at-17.16.21.jpeg\",\"datePublished\":\"2025-12-02T18:00:33+00:00\",\"description\":\"A portavoz de Sanidade do Grupo Popular, Encarna Amigo, asegurou hoxe no Pleno do Parlamento que \u201cGalicia mellora na atenci\u00f3n sanitaria dos galegos, reduce tempos de espera, opera m\u00e1is, atende m\u00e1is e cumpre m\u00e1is\u201d, polo que demandou aos grupos da oposici\u00f3n \u201cmenos ru\u00eddo e menos alarmas inxustificadas\u201d. \u201cTe\u00f1an m\u00e1is respecto polos profesionais da sanidade p\u00fablica galega, que cada d\u00eda demostran, con datos na man, que Galicia funciona\u201d, pediu.\",\"breadcrumb\":{\"@id\":\"https:\\\/\\\/ppdegalicia.com\\\/es\\\/o-grupo-popular-asegura-que-galicia-mellora-na-atencion-sanitaria-dos-galegos-reduce-tempos-de-espera-opera-mais-atende-mais-e-cumpre-mais\\\/#breadcrumb\"},\"inLanguage\":\"es\",\"potentialAction\":[{\"@type\":\"ReadAction\",\"target\":[\"https:\\\/\\\/ppdegalicia.com\\\/es\\\/o-grupo-popular-asegura-que-galicia-mellora-na-atencion-sanitaria-dos-galegos-reduce-tempos-de-espera-opera-mais-atende-mais-e-cumpre-mais\\\/\"]}]},{\"@type\":\"ImageObject\",\"inLanguage\":\"es\",\"@id\":\"https:\\\/\\\/ppdegalicia.com\\\/es\\\/o-grupo-popular-asegura-que-galicia-mellora-na-atencion-sanitaria-dos-galegos-reduce-tempos-de-espera-opera-mais-atende-mais-e-cumpre-mais\\\/#primaryimage\",\"url\":\"https:\\\/\\\/ppdegalicia.com\\\/wp-content\\\/uploads\\\/2025\\\/12\\\/WhatsApp-Image-2025-12-02-at-17.16.21.jpeg\",\"contentUrl\":\"https:\\\/\\\/ppdegalicia.com\\\/wp-content\\\/uploads\\\/2025\\\/12\\\/WhatsApp-Image-2025-12-02-at-17.16.21.jpeg\",\"width\":1280,\"height\":853},{\"@type\":\"BreadcrumbList\",\"@id\":\"https:\\\/\\\/ppdegalicia.com\\\/es\\\/o-grupo-popular-asegura-que-galicia-mellora-na-atencion-sanitaria-dos-galegos-reduce-tempos-de-espera-opera-mais-atende-mais-e-cumpre-mais\\\/#breadcrumb\",\"itemListElement\":[{\"@type\":\"ListItem\",\"position\":1,\"name\":\"Portada\",\"item\":\"https:\\\/\\\/ppdegalicia.com\\\/es\\\/\"},{\"@type\":\"ListItem\",\"position\":2,\"name\":\"O Grupo Popular asegura que \u201cGalicia mellora na atenci\u00f3n sanitaria dos galegos, reduce tempos de espera, opera m\u00e1is, atende m\u00e1is e cumpre m\u00e1is\u201d\"}]},{\"@type\":\"WebSite\",\"@id\":\"https:\\\/\\\/ppdegalicia.com\\\/es\\\/#website\",\"url\":\"https:\\\/\\\/ppdegalicia.com\\\/es\\\/\",\"name\":\"Partido Popular de Galicia\",\"description\":\"Partido Popular de Galicia\",\"publisher\":{\"@id\":\"https:\\\/\\\/ppdegalicia.com\\\/es\\\/#organization\"},\"alternateName\":\"PP de Galicia\",\"potentialAction\":[{\"@type\":\"SearchAction\",\"target\":{\"@type\":\"EntryPoint\",\"urlTemplate\":\"https:\\\/\\\/ppdegalicia.com\\\/es\\\/?s={search_term_string}\"},\"query-input\":{\"@type\":\"PropertyValueSpecification\",\"valueRequired\":true,\"valueName\":\"search_term_string\"}}],\"inLanguage\":\"es\"},{\"@type\":\"Organization\",\"@id\":\"https:\\\/\\\/ppdegalicia.com\\\/es\\\/#organization\",\"name\":\"Partido Popular de Galicia\",\"alternateName\":\"PP de Galicia\",\"url\":\"https:\\\/\\\/ppdegalicia.com\\\/es\\\/\",\"logo\":{\"@type\":\"ImageObject\",\"inLanguage\":\"es\",\"@id\":\"https:\\\/\\\/ppdegalicia.com\\\/es\\\/#\\\/schema\\\/logo\\\/image\\\/\",\"url\":\"https:\\\/\\\/ppdegalicia.com\\\/wp-content\\\/uploads\\\/2023\\\/04\\\/logoPP512.png\",\"contentUrl\":\"https:\\\/\\\/ppdegalicia.com\\\/wp-content\\\/uploads\\\/2023\\\/04\\\/logoPP512.png\",\"width\":512,\"height\":512,\"caption\":\"Partido Popular de Galicia\"},\"image\":{\"@id\":\"https:\\\/\\\/ppdegalicia.com\\\/es\\\/#\\\/schema\\\/logo\\\/image\\\/\"},\"sameAs\":[\"https:\\\/\\\/www.instagram.com\\\/ppdegalicia\\\/\",\"https:\\\/\\\/x.com\\\/ppdegalicia\",\"https:\\\/\\\/www.tiktok.com\\\/@ppdegalicia\",\"https:\\\/\\\/www.youtube.com\\\/user\\\/ppdegalicia\"]},{\"@type\":\"Person\",\"@id\":\"https:\\\/\\\/ppdegalicia.com\\\/es\\\/#\\\/schema\\\/person\\\/5b822c6f59e872ebdd1142f307dbcb59\",\"name\":\"ppdegaliciaredes\",\"image\":{\"@type\":\"ImageObject\",\"inLanguage\":\"es\",\"@id\":\"https:\\\/\\\/secure.gravatar.com\\\/avatar\\\/3c9179cf0256d00c72a48d1f25783c58b6842cd56e85ef3a572881c8e28ccd59?s=96&d=mm&r=g\",\"url\":\"https:\\\/\\\/secure.gravatar.com\\\/avatar\\\/3c9179cf0256d00c72a48d1f25783c58b6842cd56e85ef3a572881c8e28ccd59?s=96&d=mm&r=g\",\"contentUrl\":\"https:\\\/\\\/secure.gravatar.com\\\/avatar\\\/3c9179cf0256d00c72a48d1f25783c58b6842cd56e85ef3a572881c8e28ccd59?s=96&d=mm&r=g\",\"caption\":\"ppdegaliciaredes\"},\"url\":\"https:\\\/\\\/ppdegalicia.com\\\/es\\\/author\\\/ppdegaliciaredes\\\/\"}]}<\/script>\n<!-- \/ Yoast SEO plugin. -->","yoast_head_json":{"title":"O Grupo Popular asegura que \u201cGalicia mellora na atenci\u00f3n sanitaria dos galegos, reduce tempos de espera, opera m\u00e1is, atende m\u00e1is e cumpre m\u00e1is\u201d - PP de Galicia","description":"A portavoz de Sanidade do Grupo Popular, Encarna Amigo, asegurou hoxe no Pleno do Parlamento que \u201cGalicia mellora na atenci\u00f3n sanitaria dos galegos, reduce tempos de espera, opera m\u00e1is, atende m\u00e1is e cumpre m\u00e1is\u201d, polo que demandou aos grupos da oposici\u00f3n \u201cmenos ru\u00eddo e menos alarmas inxustificadas\u201d. \u201cTe\u00f1an m\u00e1is respecto polos profesionais da sanidade p\u00fablica galega, que cada d\u00eda demostran, con datos na man, que Galicia funciona\u201d, pediu.","robots":{"index":"index","follow":"follow","max-snippet":"max-snippet:-1","max-image-preview":"max-image-preview:large","max-video-preview":"max-video-preview:-1"},"canonical":"https:\/\/ppdegalicia.com\/es\/o-grupo-popular-asegura-que-galicia-mellora-na-atencion-sanitaria-dos-galegos-reduce-tempos-de-espera-opera-mais-atende-mais-e-cumpre-mais\/","og_locale":"es_ES","og_type":"article","og_title":"O Grupo Popular asegura que \u201cGalicia mellora na atenci\u00f3n sanitaria dos galegos, reduce tempos de espera, opera m\u00e1is, atende m\u00e1is e cumpre m\u00e1is\u201d - PP de Galicia","og_description":"A portavoz de Sanidade do Grupo Popular, Encarna Amigo, asegurou hoxe no Pleno do Parlamento que \u201cGalicia mellora na atenci\u00f3n sanitaria dos galegos, reduce tempos de espera, opera m\u00e1is, atende m\u00e1is e cumpre m\u00e1is\u201d, polo que demandou aos grupos da oposici\u00f3n \u201cmenos ru\u00eddo e menos alarmas inxustificadas\u201d. \u201cTe\u00f1an m\u00e1is respecto polos profesionais da sanidade p\u00fablica galega, que cada d\u00eda demostran, con datos na man, que Galicia funciona\u201d, pediu.","og_url":"https:\/\/ppdegalicia.com\/es\/o-grupo-popular-asegura-que-galicia-mellora-na-atencion-sanitaria-dos-galegos-reduce-tempos-de-espera-opera-mais-atende-mais-e-cumpre-mais\/","og_site_name":"PP de Galicia","article_publisher":"https:\/\/www.instagram.com\/ppdegalicia\/","article_published_time":"2025-12-02T18:00:33+00:00","og_image":[{"width":1280,"height":853,"url":"https:\/\/ppdegalicia.com\/wp-content\/uploads\/2025\/12\/WhatsApp-Image-2025-12-02-at-17.16.21.jpeg","type":"image\/jpeg"}],"author":"ppdegaliciaredes","twitter_card":"summary_large_image","twitter_creator":"@ppdegalicia","twitter_site":"@ppdegalicia","twitter_misc":{"Escrito por":"ppdegaliciaredes","Tiempo de lectura":"3 minutos"},"schema":{"@context":"https:\/\/schema.org","@graph":[{"@type":"Article","@id":"https:\/\/ppdegalicia.com\/es\/o-grupo-popular-asegura-que-galicia-mellora-na-atencion-sanitaria-dos-galegos-reduce-tempos-de-espera-opera-mais-atende-mais-e-cumpre-mais\/#article","isPartOf":{"@id":"https:\/\/ppdegalicia.com\/es\/o-grupo-popular-asegura-que-galicia-mellora-na-atencion-sanitaria-dos-galegos-reduce-tempos-de-espera-opera-mais-atende-mais-e-cumpre-mais\/"},"author":{"name":"ppdegaliciaredes","@id":"https:\/\/ppdegalicia.com\/es\/#\/schema\/person\/5b822c6f59e872ebdd1142f307dbcb59"},"headline":"O Grupo Popular asegura que \u201cGalicia mellora na atenci\u00f3n sanitaria dos galegos, reduce tempos de espera, opera m\u00e1is, atende m\u00e1is e cumpre m\u00e1is\u201d","datePublished":"2025-12-02T18:00:33+00:00","mainEntityOfPage":{"@id":"https:\/\/ppdegalicia.com\/es\/o-grupo-popular-asegura-que-galicia-mellora-na-atencion-sanitaria-dos-galegos-reduce-tempos-de-espera-opera-mais-atende-mais-e-cumpre-mais\/"},"wordCount":538,"publisher":{"@id":"https:\/\/ppdegalicia.com\/es\/#organization"},"image":{"@id":"https:\/\/ppdegalicia.com\/es\/o-grupo-popular-asegura-que-galicia-mellora-na-atencion-sanitaria-dos-galegos-reduce-tempos-de-espera-opera-mais-atende-mais-e-cumpre-mais\/#primaryimage"},"thumbnailUrl":"https:\/\/ppdegalicia.com\/wp-content\/uploads\/2025\/12\/WhatsApp-Image-2025-12-02-at-17.16.21.jpeg","articleSection":["Parlamento de Galicia"],"inLanguage":"es"},{"@type":"WebPage","@id":"https:\/\/ppdegalicia.com\/es\/o-grupo-popular-asegura-que-galicia-mellora-na-atencion-sanitaria-dos-galegos-reduce-tempos-de-espera-opera-mais-atende-mais-e-cumpre-mais\/","url":"https:\/\/ppdegalicia.com\/es\/o-grupo-popular-asegura-que-galicia-mellora-na-atencion-sanitaria-dos-galegos-reduce-tempos-de-espera-opera-mais-atende-mais-e-cumpre-mais\/","name":"O Grupo Popular asegura que \u201cGalicia mellora na atenci\u00f3n sanitaria dos galegos, reduce tempos de espera, opera m\u00e1is, atende m\u00e1is e cumpre m\u00e1is\u201d - PP de Galicia","isPartOf":{"@id":"https:\/\/ppdegalicia.com\/es\/#website"},"primaryImageOfPage":{"@id":"https:\/\/ppdegalicia.com\/es\/o-grupo-popular-asegura-que-galicia-mellora-na-atencion-sanitaria-dos-galegos-reduce-tempos-de-espera-opera-mais-atende-mais-e-cumpre-mais\/#primaryimage"},"image":{"@id":"https:\/\/ppdegalicia.com\/es\/o-grupo-popular-asegura-que-galicia-mellora-na-atencion-sanitaria-dos-galegos-reduce-tempos-de-espera-opera-mais-atende-mais-e-cumpre-mais\/#primaryimage"},"thumbnailUrl":"https:\/\/ppdegalicia.com\/wp-content\/uploads\/2025\/12\/WhatsApp-Image-2025-12-02-at-17.16.21.jpeg","datePublished":"2025-12-02T18:00:33+00:00","description":"A portavoz de Sanidade do Grupo Popular, Encarna Amigo, asegurou hoxe no Pleno do Parlamento que \u201cGalicia mellora na atenci\u00f3n sanitaria dos galegos, reduce tempos de espera, opera m\u00e1is, atende m\u00e1is e cumpre m\u00e1is\u201d, polo que demandou aos grupos da oposici\u00f3n \u201cmenos ru\u00eddo e menos alarmas inxustificadas\u201d. \u201cTe\u00f1an m\u00e1is respecto polos profesionais da sanidade p\u00fablica galega, que cada d\u00eda demostran, con datos na man, que Galicia funciona\u201d, pediu.","breadcrumb":{"@id":"https:\/\/ppdegalicia.com\/es\/o-grupo-popular-asegura-que-galicia-mellora-na-atencion-sanitaria-dos-galegos-reduce-tempos-de-espera-opera-mais-atende-mais-e-cumpre-mais\/#breadcrumb"},"inLanguage":"es","potentialAction":[{"@type":"ReadAction","target":["https:\/\/ppdegalicia.com\/es\/o-grupo-popular-asegura-que-galicia-mellora-na-atencion-sanitaria-dos-galegos-reduce-tempos-de-espera-opera-mais-atende-mais-e-cumpre-mais\/"]}]},{"@type":"ImageObject","inLanguage":"es","@id":"https:\/\/ppdegalicia.com\/es\/o-grupo-popular-asegura-que-galicia-mellora-na-atencion-sanitaria-dos-galegos-reduce-tempos-de-espera-opera-mais-atende-mais-e-cumpre-mais\/#primaryimage","url":"https:\/\/ppdegalicia.com\/wp-content\/uploads\/2025\/12\/WhatsApp-Image-2025-12-02-at-17.16.21.jpeg","contentUrl":"https:\/\/ppdegalicia.com\/wp-content\/uploads\/2025\/12\/WhatsApp-Image-2025-12-02-at-17.16.21.jpeg","width":1280,"height":853},{"@type":"BreadcrumbList","@id":"https:\/\/ppdegalicia.com\/es\/o-grupo-popular-asegura-que-galicia-mellora-na-atencion-sanitaria-dos-galegos-reduce-tempos-de-espera-opera-mais-atende-mais-e-cumpre-mais\/#breadcrumb","itemListElement":[{"@type":"ListItem","position":1,"name":"Portada","item":"https:\/\/ppdegalicia.com\/es\/"},{"@type":"ListItem","position":2,"name":"O Grupo Popular asegura que \u201cGalicia mellora na atenci\u00f3n sanitaria dos galegos, reduce tempos de espera, opera m\u00e1is, atende m\u00e1is e cumpre m\u00e1is\u201d"}]},{"@type":"WebSite","@id":"https:\/\/ppdegalicia.com\/es\/#website","url":"https:\/\/ppdegalicia.com\/es\/","name":"Partido Popular de Galicia","description":"Partido Popular de Galicia","publisher":{"@id":"https:\/\/ppdegalicia.com\/es\/#organization"},"alternateName":"PP de Galicia","potentialAction":[{"@type":"SearchAction","target":{"@type":"EntryPoint","urlTemplate":"https:\/\/ppdegalicia.com\/es\/?s={search_term_string}"},"query-input":{"@type":"PropertyValueSpecification","valueRequired":true,"valueName":"search_term_string"}}],"inLanguage":"es"},{"@type":"Organization","@id":"https:\/\/ppdegalicia.com\/es\/#organization","name":"Partido Popular de Galicia","alternateName":"PP de Galicia","url":"https:\/\/ppdegalicia.com\/es\/","logo":{"@type":"ImageObject","inLanguage":"es","@id":"https:\/\/ppdegalicia.com\/es\/#\/schema\/logo\/image\/","url":"https:\/\/ppdegalicia.com\/wp-content\/uploads\/2023\/04\/logoPP512.png","contentUrl":"https:\/\/ppdegalicia.com\/wp-content\/uploads\/2023\/04\/logoPP512.png","width":512,"height":512,"caption":"Partido Popular de Galicia"},"image":{"@id":"https:\/\/ppdegalicia.com\/es\/#\/schema\/logo\/image\/"},"sameAs":["https:\/\/www.instagram.com\/ppdegalicia\/","https:\/\/x.com\/ppdegalicia","https:\/\/www.tiktok.com\/@ppdegalicia","https:\/\/www.youtube.com\/user\/ppdegalicia"]},{"@type":"Person","@id":"https:\/\/ppdegalicia.com\/es\/#\/schema\/person\/5b822c6f59e872ebdd1142f307dbcb59","name":"ppdegaliciaredes","image":{"@type":"ImageObject","inLanguage":"es","@id":"https:\/\/secure.gravatar.com\/avatar\/3c9179cf0256d00c72a48d1f25783c58b6842cd56e85ef3a572881c8e28ccd59?s=96&d=mm&r=g","url":"https:\/\/secure.gravatar.com\/avatar\/3c9179cf0256d00c72a48d1f25783c58b6842cd56e85ef3a572881c8e28ccd59?s=96&d=mm&r=g","contentUrl":"https:\/\/secure.gravatar.com\/avatar\/3c9179cf0256d00c72a48d1f25783c58b6842cd56e85ef3a572881c8e28ccd59?s=96&d=mm&r=g","caption":"ppdegaliciaredes"},"url":"https:\/\/ppdegalicia.com\/es\/author\/ppdegaliciaredes\/"}]}},"_links":{"self":[{"href":"https:\/\/ppdegalicia.com\/es\/wp-json\/wp\/v2\/posts\/69317","targetHints":{"allow":["GET"]}}],"collection":[{"href":"https:\/\/ppdegalicia.com\/es\/wp-json\/wp\/v2\/posts"}],"about":[{"href":"https:\/\/ppdegalicia.com\/es\/wp-json\/wp\/v2\/types\/post"}],"author":[{"embeddable":true,"href":"https:\/\/ppdegalicia.com\/es\/wp-json\/wp\/v2\/users\/38"}],"replies":[{"embeddable":true,"href":"https:\/\/ppdegalicia.com\/es\/wp-json\/wp\/v2\/comments?post=69317"}],"version-history":[{"count":1,"href":"https:\/\/ppdegalicia.com\/es\/wp-json\/wp\/v2\/posts\/69317\/revisions"}],"predecessor-version":[{"id":69320,"href":"https:\/\/ppdegalicia.com\/es\/wp-json\/wp\/v2\/posts\/69317\/revisions\/69320"}],"wp:featuredmedia":[{"embeddable":true,"href":"https:\/\/ppdegalicia.com\/es\/wp-json\/wp\/v2\/media\/69318"}],"wp:attachment":[{"href":"https:\/\/ppdegalicia.com\/es\/wp-json\/wp\/v2\/media?parent=69317"}],"wp:term":[{"taxonomy":"category","embeddable":true,"href":"https:\/\/ppdegalicia.com\/es\/wp-json\/wp\/v2\/categories?post=69317"},{"taxonomy":"post_tag","embeddable":true,"href":"https:\/\/ppdegalicia.com\/es\/wp-json\/wp\/v2\/tags?post=69317"}],"curies":[{"name":"wp","href":"https:\/\/api.w.org\/{rel}","templated":true}]}}