{"id":69321,"date":"2025-12-02T19:20:00","date_gmt":"2025-12-02T18:20:00","guid":{"rendered":"https:\/\/ppdegalicia.com\/?p=69321"},"modified":"2025-12-02T19:20:00","modified_gmt":"2025-12-02T18:20:00","slug":"o-grupo-popular-asegura-que-a-xunta-esta-a-avanzar-no-impulso-da-construcion-da-via-de-alta-capacidade-da-costa-norte","status":"publish","type":"post","link":"https:\/\/ppdegalicia.com\/es\/o-grupo-popular-asegura-que-a-xunta-esta-a-avanzar-no-impulso-da-construcion-da-via-de-alta-capacidade-da-costa-norte\/","title":{"rendered":"O Grupo Popular asegura que a Xunta est\u00e1 a avanzar no impulso da construci\u00f3n da v\u00eda de alta capacidade da Costa Norte"},"content":{"rendered":"<p>O portavoz de Infraestruturas do Grupo Popular, Roberto Rodr\u00edguez, asegurou hoxe que a Xunta \u201cest\u00e1 a avanzar no impulso da construci\u00f3n da v\u00eda de alta capacidade da Costa Norte\u201d e concretou que neste momento est\u00e1 a traballar na actualizaci\u00f3n do proxecto construtivo do treito San Sadurni\u00f1o-Sangui\u00f1eira, que supor\u00e1 un investimento superior aos 40 mill\u00f3ns de euros, e na continuidade do treito en servizo Celeiro-San Cibrao.<\/p>\n<p>Roberto Rodr\u00edguez lembrou que na actualidade xa est\u00e1n en servizo dous treitos da VAC da Costa Norte: o que discorre entre Celeiro e San Cibrao, logo dun investimento de 50 mill\u00f3ns de euros realizado polo Goberno galego en plena crise econ\u00f3mica; e a variante de Ortigueira, constru\u00eddo tam\u00e9n en plena crise econ\u00f3mica e que supuxo outro investimento de 50 mill\u00f3ns de euros.<\/p>\n<p>\u201cPara a continuaci\u00f3n dos demais treitos, a Xunta presentou un plan de actuaci\u00f3n aos alcaldes dos municipios afectados, co fin de consensuar unha proposta viable que te\u00f1a en conta a realidade territorial, con actuaci\u00f3ns a curto, medio e longo prazo\u201d, sinalou.<\/p>\n<p><strong>OPOSICI\u00d3N DO ANTERIOR GOBERNO DE VIVEIRO \u00c1 VARIANTE<\/strong><\/p>\n<p>Neste sentido, o portavoz popular lamentou que, na continuidade do treito Celeiro-San Cibrao, a variante de Viveiro \u201cnon avanzara na \u00e9poca na que m\u00e1is recursos hab\u00eda pola irresponsabilidade do anterior Goberno municipal neste concello, que se opuxo \u00e1 inclusi\u00f3n do enlace de Magazos no trazado desta variante, necesario para garantir a s\u00faa funcionalidade e para poder dividir a actuaci\u00f3n en fases \u00fatiles por si mesmas\u201d.<\/p>\n<p>\u201cNas \u00faltimas semanas, o novo equipo de goberno de Viveiro interesouse de novo pola variante de Viveiro e ofreceu a colaboraci\u00f3n municipal para avanzar, polo que confiamos que nos vindeiros meses haber\u00e1 avances do mesmo xeito que os est\u00e1 a haber en case todos os eixos viarios de alta capacidade dependentes da Xunta\u201d, apuntou.<\/p>\n<p>Para rematar, lembrou que \u201ca continuidade natural da VAC da Costa Norte na provincia de Lugo cara a A-8 \u00e9 a A-74, unha autov\u00eda que depende do Estado e non ten ning\u00fan quil\u00f3metro do seu trazado en servizo, nin tampouco unha previsi\u00f3n de prazos para a s\u00faa execuci\u00f3n\u201d.<\/p>\n","protected":false},"excerpt":{"rendered":"<p>O portavoz de Infraestruturas do Grupo Popular, Roberto Rodr\u00edguez, asegurou hoxe que a Xunta \u201cest\u00e1 a avanzar no impulso da construci\u00f3n da v\u00eda de alta capacidade da Costa Norte\u201d e concretou que neste momento est\u00e1 a traballar na actualizaci\u00f3n do proxecto construtivo do treito San Sadurni\u00f1o-Sangui\u00f1eira, que supor\u00e1 un investimento superior aos 40 mill\u00f3ns de [&hellip;]<\/p>\n","protected":false},"author":38,"featured_media":69322,"comment_status":"closed","ping_status":"open","sticky":false,"template":"","format":"standard","meta":{"_acf_changed":false,"footnotes":""},"categories":[1128],"tags":[],"class_list":["post-69321","post","type-post","status-publish","format-standard","has-post-thumbnail","hentry","category-actualidad-parlamento-de-galicia"],"acf":[],"yoast_head":"<!-- This site is optimized with the Yoast SEO plugin v27.3 - https:\/\/yoast.com\/product\/yoast-seo-wordpress\/ -->\n<title>O Grupo Popular asegura que a Xunta est\u00e1 a avanzar no impulso da construci\u00f3n da v\u00eda de alta capacidade da Costa Norte - PP de Galicia<\/title>\n<meta name=\"description\" content=\"O portavoz de Infraestruturas do Grupo Popular, Roberto Rodr\u00edguez, asegurou hoxe que a Xunta \u201cest\u00e1 a avanzar no impulso da construci\u00f3n da v\u00eda de alta capacidade da Costa Norte\u201d e concretou que neste momento est\u00e1 a traballar na actualizaci\u00f3n do proxecto construtivo do treito San Sadurni\u00f1o-Sangui\u00f1eira, que supor\u00e1 un investimento superior aos 40 mill\u00f3ns de euros, e na continuidade do treito en servizo Celeiro-San Cibrao.\" \/>\n<meta name=\"robots\" content=\"index, follow, max-snippet:-1, max-image-preview:large, max-video-preview:-1\" \/>\n<link rel=\"canonical\" href=\"https:\/\/ppdegalicia.com\/es\/o-grupo-popular-asegura-que-a-xunta-esta-a-avanzar-no-impulso-da-construcion-da-via-de-alta-capacidade-da-costa-norte\/\" \/>\n<meta property=\"og:locale\" content=\"es_ES\" \/>\n<meta property=\"og:type\" content=\"article\" \/>\n<meta property=\"og:title\" content=\"O Grupo Popular asegura que a Xunta est\u00e1 a avanzar no impulso da construci\u00f3n da v\u00eda de alta capacidade da Costa Norte - PP de Galicia\" \/>\n<meta property=\"og:description\" content=\"O portavoz de Infraestruturas do Grupo Popular, Roberto Rodr\u00edguez, asegurou hoxe que a Xunta \u201cest\u00e1 a avanzar no impulso da construci\u00f3n da v\u00eda de alta capacidade da Costa Norte\u201d e concretou que neste momento est\u00e1 a traballar na actualizaci\u00f3n do proxecto construtivo do treito San Sadurni\u00f1o-Sangui\u00f1eira, que supor\u00e1 un investimento superior aos 40 mill\u00f3ns de euros, e na continuidade do treito en servizo Celeiro-San Cibrao.\" \/>\n<meta property=\"og:url\" content=\"https:\/\/ppdegalicia.com\/es\/o-grupo-popular-asegura-que-a-xunta-esta-a-avanzar-no-impulso-da-construcion-da-via-de-alta-capacidade-da-costa-norte\/\" \/>\n<meta property=\"og:site_name\" content=\"PP de Galicia\" \/>\n<meta property=\"article:publisher\" content=\"https:\/\/www.instagram.com\/ppdegalicia\/\" \/>\n<meta property=\"article:published_time\" content=\"2025-12-02T18:20:00+00:00\" \/>\n<meta property=\"og:image\" content=\"https:\/\/ppdegalicia.com\/wp-content\/uploads\/2025\/12\/20251202_Pleno_Ordinario148-scaled.jpg\" \/>\n\t<meta property=\"og:image:width\" content=\"2560\" \/>\n\t<meta property=\"og:image:height\" content=\"1706\" \/>\n\t<meta property=\"og:image:type\" content=\"image\/jpeg\" \/>\n<meta name=\"author\" content=\"ppdegaliciaredes\" \/>\n<meta name=\"twitter:card\" content=\"summary_large_image\" \/>\n<meta name=\"twitter:creator\" content=\"@ppdegalicia\" \/>\n<meta name=\"twitter:site\" content=\"@ppdegalicia\" \/>\n<meta name=\"twitter:label1\" content=\"Escrito por\" \/>\n\t<meta name=\"twitter:data1\" content=\"ppdegaliciaredes\" \/>\n\t<meta name=\"twitter:label2\" content=\"Tiempo de lectura\" \/>\n\t<meta name=\"twitter:data2\" content=\"3 minutos\" \/>\n<script type=\"application\/ld+json\" class=\"yoast-schema-graph\">{\"@context\":\"https:\\\/\\\/schema.org\",\"@graph\":[{\"@type\":\"Article\",\"@id\":\"https:\\\/\\\/ppdegalicia.com\\\/es\\\/o-grupo-popular-asegura-que-a-xunta-esta-a-avanzar-no-impulso-da-construcion-da-via-de-alta-capacidade-da-costa-norte\\\/#article\",\"isPartOf\":{\"@id\":\"https:\\\/\\\/ppdegalicia.com\\\/es\\\/o-grupo-popular-asegura-que-a-xunta-esta-a-avanzar-no-impulso-da-construcion-da-via-de-alta-capacidade-da-costa-norte\\\/\"},\"author\":{\"name\":\"ppdegaliciaredes\",\"@id\":\"https:\\\/\\\/ppdegalicia.com\\\/es\\\/#\\\/schema\\\/person\\\/5b822c6f59e872ebdd1142f307dbcb59\"},\"headline\":\"O Grupo Popular asegura que a Xunta est\u00e1 a avanzar no impulso da construci\u00f3n da v\u00eda de alta capacidade da Costa Norte\",\"datePublished\":\"2025-12-02T18:20:00+00:00\",\"mainEntityOfPage\":{\"@id\":\"https:\\\/\\\/ppdegalicia.com\\\/es\\\/o-grupo-popular-asegura-que-a-xunta-esta-a-avanzar-no-impulso-da-construcion-da-via-de-alta-capacidade-da-costa-norte\\\/\"},\"wordCount\":393,\"publisher\":{\"@id\":\"https:\\\/\\\/ppdegalicia.com\\\/es\\\/#organization\"},\"image\":{\"@id\":\"https:\\\/\\\/ppdegalicia.com\\\/es\\\/o-grupo-popular-asegura-que-a-xunta-esta-a-avanzar-no-impulso-da-construcion-da-via-de-alta-capacidade-da-costa-norte\\\/#primaryimage\"},\"thumbnailUrl\":\"https:\\\/\\\/ppdegalicia.com\\\/wp-content\\\/uploads\\\/2025\\\/12\\\/20251202_Pleno_Ordinario148-scaled.jpg\",\"articleSection\":[\"Parlamento de Galicia\"],\"inLanguage\":\"es\"},{\"@type\":\"WebPage\",\"@id\":\"https:\\\/\\\/ppdegalicia.com\\\/es\\\/o-grupo-popular-asegura-que-a-xunta-esta-a-avanzar-no-impulso-da-construcion-da-via-de-alta-capacidade-da-costa-norte\\\/\",\"url\":\"https:\\\/\\\/ppdegalicia.com\\\/es\\\/o-grupo-popular-asegura-que-a-xunta-esta-a-avanzar-no-impulso-da-construcion-da-via-de-alta-capacidade-da-costa-norte\\\/\",\"name\":\"O Grupo Popular asegura que a Xunta est\u00e1 a avanzar no impulso da construci\u00f3n da v\u00eda de alta capacidade da Costa Norte - PP de Galicia\",\"isPartOf\":{\"@id\":\"https:\\\/\\\/ppdegalicia.com\\\/es\\\/#website\"},\"primaryImageOfPage\":{\"@id\":\"https:\\\/\\\/ppdegalicia.com\\\/es\\\/o-grupo-popular-asegura-que-a-xunta-esta-a-avanzar-no-impulso-da-construcion-da-via-de-alta-capacidade-da-costa-norte\\\/#primaryimage\"},\"image\":{\"@id\":\"https:\\\/\\\/ppdegalicia.com\\\/es\\\/o-grupo-popular-asegura-que-a-xunta-esta-a-avanzar-no-impulso-da-construcion-da-via-de-alta-capacidade-da-costa-norte\\\/#primaryimage\"},\"thumbnailUrl\":\"https:\\\/\\\/ppdegalicia.com\\\/wp-content\\\/uploads\\\/2025\\\/12\\\/20251202_Pleno_Ordinario148-scaled.jpg\",\"datePublished\":\"2025-12-02T18:20:00+00:00\",\"description\":\"O portavoz de Infraestruturas do Grupo Popular, Roberto Rodr\u00edguez, asegurou hoxe que a Xunta \u201cest\u00e1 a avanzar no impulso da construci\u00f3n da v\u00eda de alta capacidade da Costa Norte\u201d e concretou que neste momento est\u00e1 a traballar na actualizaci\u00f3n do proxecto construtivo do treito San Sadurni\u00f1o-Sangui\u00f1eira, que supor\u00e1 un investimento superior aos 40 mill\u00f3ns de euros, e na continuidade do treito en servizo Celeiro-San Cibrao.\",\"breadcrumb\":{\"@id\":\"https:\\\/\\\/ppdegalicia.com\\\/es\\\/o-grupo-popular-asegura-que-a-xunta-esta-a-avanzar-no-impulso-da-construcion-da-via-de-alta-capacidade-da-costa-norte\\\/#breadcrumb\"},\"inLanguage\":\"es\",\"potentialAction\":[{\"@type\":\"ReadAction\",\"target\":[\"https:\\\/\\\/ppdegalicia.com\\\/es\\\/o-grupo-popular-asegura-que-a-xunta-esta-a-avanzar-no-impulso-da-construcion-da-via-de-alta-capacidade-da-costa-norte\\\/\"]}]},{\"@type\":\"ImageObject\",\"inLanguage\":\"es\",\"@id\":\"https:\\\/\\\/ppdegalicia.com\\\/es\\\/o-grupo-popular-asegura-que-a-xunta-esta-a-avanzar-no-impulso-da-construcion-da-via-de-alta-capacidade-da-costa-norte\\\/#primaryimage\",\"url\":\"https:\\\/\\\/ppdegalicia.com\\\/wp-content\\\/uploads\\\/2025\\\/12\\\/20251202_Pleno_Ordinario148-scaled.jpg\",\"contentUrl\":\"https:\\\/\\\/ppdegalicia.com\\\/wp-content\\\/uploads\\\/2025\\\/12\\\/20251202_Pleno_Ordinario148-scaled.jpg\",\"width\":2560,\"height\":1706},{\"@type\":\"BreadcrumbList\",\"@id\":\"https:\\\/\\\/ppdegalicia.com\\\/es\\\/o-grupo-popular-asegura-que-a-xunta-esta-a-avanzar-no-impulso-da-construcion-da-via-de-alta-capacidade-da-costa-norte\\\/#breadcrumb\",\"itemListElement\":[{\"@type\":\"ListItem\",\"position\":1,\"name\":\"Portada\",\"item\":\"https:\\\/\\\/ppdegalicia.com\\\/es\\\/\"},{\"@type\":\"ListItem\",\"position\":2,\"name\":\"O Grupo Popular asegura que a Xunta est\u00e1 a avanzar no impulso da construci\u00f3n da v\u00eda de alta capacidade da Costa Norte\"}]},{\"@type\":\"WebSite\",\"@id\":\"https:\\\/\\\/ppdegalicia.com\\\/es\\\/#website\",\"url\":\"https:\\\/\\\/ppdegalicia.com\\\/es\\\/\",\"name\":\"Partido Popular de Galicia\",\"description\":\"Partido Popular de Galicia\",\"publisher\":{\"@id\":\"https:\\\/\\\/ppdegalicia.com\\\/es\\\/#organization\"},\"alternateName\":\"PP de Galicia\",\"potentialAction\":[{\"@type\":\"SearchAction\",\"target\":{\"@type\":\"EntryPoint\",\"urlTemplate\":\"https:\\\/\\\/ppdegalicia.com\\\/es\\\/?s={search_term_string}\"},\"query-input\":{\"@type\":\"PropertyValueSpecification\",\"valueRequired\":true,\"valueName\":\"search_term_string\"}}],\"inLanguage\":\"es\"},{\"@type\":\"Organization\",\"@id\":\"https:\\\/\\\/ppdegalicia.com\\\/es\\\/#organization\",\"name\":\"Partido Popular de Galicia\",\"alternateName\":\"PP de Galicia\",\"url\":\"https:\\\/\\\/ppdegalicia.com\\\/es\\\/\",\"logo\":{\"@type\":\"ImageObject\",\"inLanguage\":\"es\",\"@id\":\"https:\\\/\\\/ppdegalicia.com\\\/es\\\/#\\\/schema\\\/logo\\\/image\\\/\",\"url\":\"https:\\\/\\\/ppdegalicia.com\\\/wp-content\\\/uploads\\\/2023\\\/04\\\/logoPP512.png\",\"contentUrl\":\"https:\\\/\\\/ppdegalicia.com\\\/wp-content\\\/uploads\\\/2023\\\/04\\\/logoPP512.png\",\"width\":512,\"height\":512,\"caption\":\"Partido Popular de Galicia\"},\"image\":{\"@id\":\"https:\\\/\\\/ppdegalicia.com\\\/es\\\/#\\\/schema\\\/logo\\\/image\\\/\"},\"sameAs\":[\"https:\\\/\\\/www.instagram.com\\\/ppdegalicia\\\/\",\"https:\\\/\\\/x.com\\\/ppdegalicia\",\"https:\\\/\\\/www.tiktok.com\\\/@ppdegalicia\",\"https:\\\/\\\/www.youtube.com\\\/user\\\/ppdegalicia\"]},{\"@type\":\"Person\",\"@id\":\"https:\\\/\\\/ppdegalicia.com\\\/es\\\/#\\\/schema\\\/person\\\/5b822c6f59e872ebdd1142f307dbcb59\",\"name\":\"ppdegaliciaredes\",\"image\":{\"@type\":\"ImageObject\",\"inLanguage\":\"es\",\"@id\":\"https:\\\/\\\/secure.gravatar.com\\\/avatar\\\/3c9179cf0256d00c72a48d1f25783c58b6842cd56e85ef3a572881c8e28ccd59?s=96&d=mm&r=g\",\"url\":\"https:\\\/\\\/secure.gravatar.com\\\/avatar\\\/3c9179cf0256d00c72a48d1f25783c58b6842cd56e85ef3a572881c8e28ccd59?s=96&d=mm&r=g\",\"contentUrl\":\"https:\\\/\\\/secure.gravatar.com\\\/avatar\\\/3c9179cf0256d00c72a48d1f25783c58b6842cd56e85ef3a572881c8e28ccd59?s=96&d=mm&r=g\",\"caption\":\"ppdegaliciaredes\"},\"url\":\"https:\\\/\\\/ppdegalicia.com\\\/es\\\/author\\\/ppdegaliciaredes\\\/\"}]}<\/script>\n<!-- \/ Yoast SEO plugin. -->","yoast_head_json":{"title":"O Grupo Popular asegura que a Xunta est\u00e1 a avanzar no impulso da construci\u00f3n da v\u00eda de alta capacidade da Costa Norte - PP de Galicia","description":"O portavoz de Infraestruturas do Grupo Popular, Roberto Rodr\u00edguez, asegurou hoxe que a Xunta \u201cest\u00e1 a avanzar no impulso da construci\u00f3n da v\u00eda de alta capacidade da Costa Norte\u201d e concretou que neste momento est\u00e1 a traballar na actualizaci\u00f3n do proxecto construtivo do treito San Sadurni\u00f1o-Sangui\u00f1eira, que supor\u00e1 un investimento superior aos 40 mill\u00f3ns de euros, e na continuidade do treito en servizo Celeiro-San Cibrao.","robots":{"index":"index","follow":"follow","max-snippet":"max-snippet:-1","max-image-preview":"max-image-preview:large","max-video-preview":"max-video-preview:-1"},"canonical":"https:\/\/ppdegalicia.com\/es\/o-grupo-popular-asegura-que-a-xunta-esta-a-avanzar-no-impulso-da-construcion-da-via-de-alta-capacidade-da-costa-norte\/","og_locale":"es_ES","og_type":"article","og_title":"O Grupo Popular asegura que a Xunta est\u00e1 a avanzar no impulso da construci\u00f3n da v\u00eda de alta capacidade da Costa Norte - PP de Galicia","og_description":"O portavoz de Infraestruturas do Grupo Popular, Roberto Rodr\u00edguez, asegurou hoxe que a Xunta \u201cest\u00e1 a avanzar no impulso da construci\u00f3n da v\u00eda de alta capacidade da Costa Norte\u201d e concretou que neste momento est\u00e1 a traballar na actualizaci\u00f3n do proxecto construtivo do treito San Sadurni\u00f1o-Sangui\u00f1eira, que supor\u00e1 un investimento superior aos 40 mill\u00f3ns de euros, e na continuidade do treito en servizo Celeiro-San Cibrao.","og_url":"https:\/\/ppdegalicia.com\/es\/o-grupo-popular-asegura-que-a-xunta-esta-a-avanzar-no-impulso-da-construcion-da-via-de-alta-capacidade-da-costa-norte\/","og_site_name":"PP de Galicia","article_publisher":"https:\/\/www.instagram.com\/ppdegalicia\/","article_published_time":"2025-12-02T18:20:00+00:00","og_image":[{"width":2560,"height":1706,"url":"https:\/\/ppdegalicia.com\/wp-content\/uploads\/2025\/12\/20251202_Pleno_Ordinario148-scaled.jpg","type":"image\/jpeg"}],"author":"ppdegaliciaredes","twitter_card":"summary_large_image","twitter_creator":"@ppdegalicia","twitter_site":"@ppdegalicia","twitter_misc":{"Escrito por":"ppdegaliciaredes","Tiempo de lectura":"3 minutos"},"schema":{"@context":"https:\/\/schema.org","@graph":[{"@type":"Article","@id":"https:\/\/ppdegalicia.com\/es\/o-grupo-popular-asegura-que-a-xunta-esta-a-avanzar-no-impulso-da-construcion-da-via-de-alta-capacidade-da-costa-norte\/#article","isPartOf":{"@id":"https:\/\/ppdegalicia.com\/es\/o-grupo-popular-asegura-que-a-xunta-esta-a-avanzar-no-impulso-da-construcion-da-via-de-alta-capacidade-da-costa-norte\/"},"author":{"name":"ppdegaliciaredes","@id":"https:\/\/ppdegalicia.com\/es\/#\/schema\/person\/5b822c6f59e872ebdd1142f307dbcb59"},"headline":"O Grupo Popular asegura que a Xunta est\u00e1 a avanzar no impulso da construci\u00f3n da v\u00eda de alta capacidade da Costa Norte","datePublished":"2025-12-02T18:20:00+00:00","mainEntityOfPage":{"@id":"https:\/\/ppdegalicia.com\/es\/o-grupo-popular-asegura-que-a-xunta-esta-a-avanzar-no-impulso-da-construcion-da-via-de-alta-capacidade-da-costa-norte\/"},"wordCount":393,"publisher":{"@id":"https:\/\/ppdegalicia.com\/es\/#organization"},"image":{"@id":"https:\/\/ppdegalicia.com\/es\/o-grupo-popular-asegura-que-a-xunta-esta-a-avanzar-no-impulso-da-construcion-da-via-de-alta-capacidade-da-costa-norte\/#primaryimage"},"thumbnailUrl":"https:\/\/ppdegalicia.com\/wp-content\/uploads\/2025\/12\/20251202_Pleno_Ordinario148-scaled.jpg","articleSection":["Parlamento de Galicia"],"inLanguage":"es"},{"@type":"WebPage","@id":"https:\/\/ppdegalicia.com\/es\/o-grupo-popular-asegura-que-a-xunta-esta-a-avanzar-no-impulso-da-construcion-da-via-de-alta-capacidade-da-costa-norte\/","url":"https:\/\/ppdegalicia.com\/es\/o-grupo-popular-asegura-que-a-xunta-esta-a-avanzar-no-impulso-da-construcion-da-via-de-alta-capacidade-da-costa-norte\/","name":"O Grupo Popular asegura que a Xunta est\u00e1 a avanzar no impulso da construci\u00f3n da v\u00eda de alta capacidade da Costa Norte - PP de Galicia","isPartOf":{"@id":"https:\/\/ppdegalicia.com\/es\/#website"},"primaryImageOfPage":{"@id":"https:\/\/ppdegalicia.com\/es\/o-grupo-popular-asegura-que-a-xunta-esta-a-avanzar-no-impulso-da-construcion-da-via-de-alta-capacidade-da-costa-norte\/#primaryimage"},"image":{"@id":"https:\/\/ppdegalicia.com\/es\/o-grupo-popular-asegura-que-a-xunta-esta-a-avanzar-no-impulso-da-construcion-da-via-de-alta-capacidade-da-costa-norte\/#primaryimage"},"thumbnailUrl":"https:\/\/ppdegalicia.com\/wp-content\/uploads\/2025\/12\/20251202_Pleno_Ordinario148-scaled.jpg","datePublished":"2025-12-02T18:20:00+00:00","description":"O portavoz de Infraestruturas do Grupo Popular, Roberto Rodr\u00edguez, asegurou hoxe que a Xunta \u201cest\u00e1 a avanzar no impulso da construci\u00f3n da v\u00eda de alta capacidade da Costa Norte\u201d e concretou que neste momento est\u00e1 a traballar na actualizaci\u00f3n do proxecto construtivo do treito San Sadurni\u00f1o-Sangui\u00f1eira, que supor\u00e1 un investimento superior aos 40 mill\u00f3ns de euros, e na continuidade do treito en servizo Celeiro-San Cibrao.","breadcrumb":{"@id":"https:\/\/ppdegalicia.com\/es\/o-grupo-popular-asegura-que-a-xunta-esta-a-avanzar-no-impulso-da-construcion-da-via-de-alta-capacidade-da-costa-norte\/#breadcrumb"},"inLanguage":"es","potentialAction":[{"@type":"ReadAction","target":["https:\/\/ppdegalicia.com\/es\/o-grupo-popular-asegura-que-a-xunta-esta-a-avanzar-no-impulso-da-construcion-da-via-de-alta-capacidade-da-costa-norte\/"]}]},{"@type":"ImageObject","inLanguage":"es","@id":"https:\/\/ppdegalicia.com\/es\/o-grupo-popular-asegura-que-a-xunta-esta-a-avanzar-no-impulso-da-construcion-da-via-de-alta-capacidade-da-costa-norte\/#primaryimage","url":"https:\/\/ppdegalicia.com\/wp-content\/uploads\/2025\/12\/20251202_Pleno_Ordinario148-scaled.jpg","contentUrl":"https:\/\/ppdegalicia.com\/wp-content\/uploads\/2025\/12\/20251202_Pleno_Ordinario148-scaled.jpg","width":2560,"height":1706},{"@type":"BreadcrumbList","@id":"https:\/\/ppdegalicia.com\/es\/o-grupo-popular-asegura-que-a-xunta-esta-a-avanzar-no-impulso-da-construcion-da-via-de-alta-capacidade-da-costa-norte\/#breadcrumb","itemListElement":[{"@type":"ListItem","position":1,"name":"Portada","item":"https:\/\/ppdegalicia.com\/es\/"},{"@type":"ListItem","position":2,"name":"O Grupo Popular asegura que a Xunta est\u00e1 a avanzar no impulso da construci\u00f3n da v\u00eda de alta capacidade da Costa Norte"}]},{"@type":"WebSite","@id":"https:\/\/ppdegalicia.com\/es\/#website","url":"https:\/\/ppdegalicia.com\/es\/","name":"Partido Popular de Galicia","description":"Partido Popular de Galicia","publisher":{"@id":"https:\/\/ppdegalicia.com\/es\/#organization"},"alternateName":"PP de Galicia","potentialAction":[{"@type":"SearchAction","target":{"@type":"EntryPoint","urlTemplate":"https:\/\/ppdegalicia.com\/es\/?s={search_term_string}"},"query-input":{"@type":"PropertyValueSpecification","valueRequired":true,"valueName":"search_term_string"}}],"inLanguage":"es"},{"@type":"Organization","@id":"https:\/\/ppdegalicia.com\/es\/#organization","name":"Partido Popular de Galicia","alternateName":"PP de Galicia","url":"https:\/\/ppdegalicia.com\/es\/","logo":{"@type":"ImageObject","inLanguage":"es","@id":"https:\/\/ppdegalicia.com\/es\/#\/schema\/logo\/image\/","url":"https:\/\/ppdegalicia.com\/wp-content\/uploads\/2023\/04\/logoPP512.png","contentUrl":"https:\/\/ppdegalicia.com\/wp-content\/uploads\/2023\/04\/logoPP512.png","width":512,"height":512,"caption":"Partido Popular de Galicia"},"image":{"@id":"https:\/\/ppdegalicia.com\/es\/#\/schema\/logo\/image\/"},"sameAs":["https:\/\/www.instagram.com\/ppdegalicia\/","https:\/\/x.com\/ppdegalicia","https:\/\/www.tiktok.com\/@ppdegalicia","https:\/\/www.youtube.com\/user\/ppdegalicia"]},{"@type":"Person","@id":"https:\/\/ppdegalicia.com\/es\/#\/schema\/person\/5b822c6f59e872ebdd1142f307dbcb59","name":"ppdegaliciaredes","image":{"@type":"ImageObject","inLanguage":"es","@id":"https:\/\/secure.gravatar.com\/avatar\/3c9179cf0256d00c72a48d1f25783c58b6842cd56e85ef3a572881c8e28ccd59?s=96&d=mm&r=g","url":"https:\/\/secure.gravatar.com\/avatar\/3c9179cf0256d00c72a48d1f25783c58b6842cd56e85ef3a572881c8e28ccd59?s=96&d=mm&r=g","contentUrl":"https:\/\/secure.gravatar.com\/avatar\/3c9179cf0256d00c72a48d1f25783c58b6842cd56e85ef3a572881c8e28ccd59?s=96&d=mm&r=g","caption":"ppdegaliciaredes"},"url":"https:\/\/ppdegalicia.com\/es\/author\/ppdegaliciaredes\/"}]}},"_links":{"self":[{"href":"https:\/\/ppdegalicia.com\/es\/wp-json\/wp\/v2\/posts\/69321","targetHints":{"allow":["GET"]}}],"collection":[{"href":"https:\/\/ppdegalicia.com\/es\/wp-json\/wp\/v2\/posts"}],"about":[{"href":"https:\/\/ppdegalicia.com\/es\/wp-json\/wp\/v2\/types\/post"}],"author":[{"embeddable":true,"href":"https:\/\/ppdegalicia.com\/es\/wp-json\/wp\/v2\/users\/38"}],"replies":[{"embeddable":true,"href":"https:\/\/ppdegalicia.com\/es\/wp-json\/wp\/v2\/comments?post=69321"}],"version-history":[{"count":1,"href":"https:\/\/ppdegalicia.com\/es\/wp-json\/wp\/v2\/posts\/69321\/revisions"}],"predecessor-version":[{"id":69324,"href":"https:\/\/ppdegalicia.com\/es\/wp-json\/wp\/v2\/posts\/69321\/revisions\/69324"}],"wp:featuredmedia":[{"embeddable":true,"href":"https:\/\/ppdegalicia.com\/es\/wp-json\/wp\/v2\/media\/69322"}],"wp:attachment":[{"href":"https:\/\/ppdegalicia.com\/es\/wp-json\/wp\/v2\/media?parent=69321"}],"wp:term":[{"taxonomy":"category","embeddable":true,"href":"https:\/\/ppdegalicia.com\/es\/wp-json\/wp\/v2\/categories?post=69321"},{"taxonomy":"post_tag","embeddable":true,"href":"https:\/\/ppdegalicia.com\/es\/wp-json\/wp\/v2\/tags?post=69321"}],"curies":[{"name":"wp","href":"https:\/\/api.w.org\/{rel}","templated":true}]}}