{"id":69325,"date":"2025-12-03T10:52:34","date_gmt":"2025-12-03T09:52:34","guid":{"rendered":"https:\/\/ppdegalicia.com\/?p=69325"},"modified":"2025-12-03T10:52:34","modified_gmt":"2025-12-03T09:52:34","slug":"millan-mon-pide-al-gobierno-de-espana-compensaciones-economicas-para-los-mariscadores-afectados-por-el-dragado-de-la-ria-do-burgo","status":"publish","type":"post","link":"https:\/\/ppdegalicia.com\/es\/millan-mon-pide-al-gobierno-de-espana-compensaciones-economicas-para-los-mariscadores-afectados-por-el-dragado-de-la-ria-do-burgo\/","title":{"rendered":"Mill\u00e1n Mon pide al Gobierno de Espa\u00f1a compensaciones econ\u00f3micas para los mariscadores afectados por el dragado de la R\u00eda do Burgo"},"content":{"rendered":"<p>El eurodiputado del Partido Popular Francisco Mill\u00e1n Mon intervino ayer en la Comisi\u00f3n de Peticiones del Parlamento Europeo en el marco de una petici\u00f3n que denuncia deficiencias en el dragado de la R\u00eda do Burgo y que pide al Gobierno de Espa\u00f1a compensaciones para los mariscadores afectados. La petici\u00f3n fue defendida por el Patr\u00f3n Mayor de la cofrad\u00eda de pescadores de A Coru\u00f1a.<\/p>\n<p>El eurodiputado gallego enumer\u00f3 algunas de las deficiencias detectadas por la cofrad\u00eda y lament\u00f3 el impacto que est\u00e1n teniendo sobre la actividad marisquera de la r\u00eda. \u201cDe acuerdo con la informaci\u00f3n de la cofrad\u00eda, 24 de los 27 bancos marisqueros de la zona presentan hoy un estado peor que al inicio de las obras de dragado\u201d, apunt\u00f3.<\/p>\n<p>\u201cEs relevante que escuchemos aqu\u00ed a los peticionarios, pero es todav\u00eda m\u00e1s importante que los escuchen en el Gobierno de Espa\u00f1a, promotor del dragado\u201d, subray\u00f3 Mill\u00e1n Mon. \u201cMe consta la ausencia de representaci\u00f3n del Estado en las reuniones convocadas por el sector a este respecto. Tambi\u00e9n me consta que el Gobierno central no ha contestado todav\u00eda a la carta remitida, en enero de este a\u00f1o, por la Conseller\u00eda do Mar de la Xunta de Galicia sobre esta materia\u201d, a\u00f1adi\u00f3.<\/p>\n<p>Finalmente, exigi\u00f3 la subsanaci\u00f3n de las deficiencias del dragado al Gobierno de Espa\u00f1a y pidi\u00f3 que este conceda las compensaciones econ\u00f3micas a los mariscadores afectados por las obras de dragado hasta que se consiga la regeneraci\u00f3n productiva de la R\u00eda.<\/p>\n","protected":false},"excerpt":{"rendered":"<p>El eurodiputado del Partido Popular Francisco Mill\u00e1n Mon intervino ayer en la Comisi\u00f3n de Peticiones del Parlamento Europeo en el marco de una petici\u00f3n que denuncia deficiencias en el dragado de la R\u00eda do Burgo y que pide al Gobierno de Espa\u00f1a compensaciones para los mariscadores afectados. La petici\u00f3n fue defendida por el Patr\u00f3n Mayor [&hellip;]<\/p>\n","protected":false},"author":38,"featured_media":69326,"comment_status":"closed","ping_status":"open","sticky":false,"template":"","format":"standard","meta":{"_acf_changed":false,"footnotes":""},"categories":[1127],"tags":[],"class_list":["post-69325","post","type-post","status-publish","format-standard","has-post-thumbnail","hentry","category-actualidad-parlamento-europeo"],"acf":[],"yoast_head":"<!-- This site is optimized with the Yoast SEO plugin v27.3 - https:\/\/yoast.com\/product\/yoast-seo-wordpress\/ -->\n<title>Mill\u00e1n Mon pide al Gobierno de Espa\u00f1a compensaciones econ\u00f3micas para los mariscadores afectados por el dragado de la R\u00eda do Burgo - PP de Galicia<\/title>\n<meta name=\"description\" content=\"El eurodiputado del Partido Popular Francisco Mill\u00e1n Mon intervino ayer en la Comisi\u00f3n de Peticiones del Parlamento Europeo en el marco de una petici\u00f3n que denuncia deficiencias en el dragado de la R\u00eda do Burgo y que pide al Gobierno de Espa\u00f1a compensaciones para los mariscadores afectados. La petici\u00f3n fue defendida por el Patr\u00f3n Mayor de la cofrad\u00eda de pescadores de A Coru\u00f1a.\" \/>\n<meta name=\"robots\" content=\"index, follow, max-snippet:-1, max-image-preview:large, max-video-preview:-1\" \/>\n<link rel=\"canonical\" href=\"https:\/\/ppdegalicia.com\/es\/millan-mon-pide-al-gobierno-de-espana-compensaciones-economicas-para-los-mariscadores-afectados-por-el-dragado-de-la-ria-do-burgo\/\" \/>\n<meta property=\"og:locale\" content=\"es_ES\" \/>\n<meta property=\"og:type\" content=\"article\" \/>\n<meta property=\"og:title\" content=\"Mill\u00e1n Mon pide al Gobierno de Espa\u00f1a compensaciones econ\u00f3micas para los mariscadores afectados por el dragado de la R\u00eda do Burgo - PP de Galicia\" \/>\n<meta property=\"og:description\" content=\"El eurodiputado del Partido Popular Francisco Mill\u00e1n Mon intervino ayer en la Comisi\u00f3n de Peticiones del Parlamento Europeo en el marco de una petici\u00f3n que denuncia deficiencias en el dragado de la R\u00eda do Burgo y que pide al Gobierno de Espa\u00f1a compensaciones para los mariscadores afectados. La petici\u00f3n fue defendida por el Patr\u00f3n Mayor de la cofrad\u00eda de pescadores de A Coru\u00f1a.\" \/>\n<meta property=\"og:url\" content=\"https:\/\/ppdegalicia.com\/es\/millan-mon-pide-al-gobierno-de-espana-compensaciones-economicas-para-los-mariscadores-afectados-por-el-dragado-de-la-ria-do-burgo\/\" \/>\n<meta property=\"og:site_name\" content=\"PP de Galicia\" \/>\n<meta property=\"article:publisher\" content=\"https:\/\/www.instagram.com\/ppdegalicia\/\" \/>\n<meta property=\"article:published_time\" content=\"2025-12-03T09:52:34+00:00\" \/>\n<meta property=\"og:image\" content=\"https:\/\/ppdegalicia.com\/wp-content\/uploads\/2025\/12\/20251203-Millan-Mon-en-el-Parlamento-Europeo.jpg\" \/>\n\t<meta property=\"og:image:width\" content=\"2560\" \/>\n\t<meta property=\"og:image:height\" content=\"1706\" \/>\n\t<meta property=\"og:image:type\" content=\"image\/jpeg\" \/>\n<meta name=\"author\" content=\"ppdegaliciaredes\" \/>\n<meta name=\"twitter:card\" content=\"summary_large_image\" \/>\n<meta name=\"twitter:creator\" content=\"@ppdegalicia\" \/>\n<meta name=\"twitter:site\" content=\"@ppdegalicia\" \/>\n<meta name=\"twitter:label1\" content=\"Escrito por\" \/>\n\t<meta name=\"twitter:data1\" content=\"ppdegaliciaredes\" \/>\n\t<meta name=\"twitter:label2\" content=\"Tiempo de lectura\" \/>\n\t<meta name=\"twitter:data2\" content=\"2 minutos\" \/>\n<script type=\"application\/ld+json\" class=\"yoast-schema-graph\">{\"@context\":\"https:\\\/\\\/schema.org\",\"@graph\":[{\"@type\":\"Article\",\"@id\":\"https:\\\/\\\/ppdegalicia.com\\\/es\\\/millan-mon-pide-al-gobierno-de-espana-compensaciones-economicas-para-los-mariscadores-afectados-por-el-dragado-de-la-ria-do-burgo\\\/#article\",\"isPartOf\":{\"@id\":\"https:\\\/\\\/ppdegalicia.com\\\/es\\\/millan-mon-pide-al-gobierno-de-espana-compensaciones-economicas-para-los-mariscadores-afectados-por-el-dragado-de-la-ria-do-burgo\\\/\"},\"author\":{\"name\":\"ppdegaliciaredes\",\"@id\":\"https:\\\/\\\/ppdegalicia.com\\\/es\\\/#\\\/schema\\\/person\\\/5b822c6f59e872ebdd1142f307dbcb59\"},\"headline\":\"Mill\u00e1n Mon pide al Gobierno de Espa\u00f1a compensaciones econ\u00f3micas para los mariscadores afectados por el dragado de la R\u00eda do Burgo\",\"datePublished\":\"2025-12-03T09:52:34+00:00\",\"mainEntityOfPage\":{\"@id\":\"https:\\\/\\\/ppdegalicia.com\\\/es\\\/millan-mon-pide-al-gobierno-de-espana-compensaciones-economicas-para-los-mariscadores-afectados-por-el-dragado-de-la-ria-do-burgo\\\/\"},\"wordCount\":291,\"publisher\":{\"@id\":\"https:\\\/\\\/ppdegalicia.com\\\/es\\\/#organization\"},\"image\":{\"@id\":\"https:\\\/\\\/ppdegalicia.com\\\/es\\\/millan-mon-pide-al-gobierno-de-espana-compensaciones-economicas-para-los-mariscadores-afectados-por-el-dragado-de-la-ria-do-burgo\\\/#primaryimage\"},\"thumbnailUrl\":\"https:\\\/\\\/ppdegalicia.com\\\/wp-content\\\/uploads\\\/2025\\\/12\\\/20251203-Millan-Mon-en-el-Parlamento-Europeo.jpg\",\"articleSection\":[\"Parlamento Europeo\"],\"inLanguage\":\"es\"},{\"@type\":\"WebPage\",\"@id\":\"https:\\\/\\\/ppdegalicia.com\\\/es\\\/millan-mon-pide-al-gobierno-de-espana-compensaciones-economicas-para-los-mariscadores-afectados-por-el-dragado-de-la-ria-do-burgo\\\/\",\"url\":\"https:\\\/\\\/ppdegalicia.com\\\/es\\\/millan-mon-pide-al-gobierno-de-espana-compensaciones-economicas-para-los-mariscadores-afectados-por-el-dragado-de-la-ria-do-burgo\\\/\",\"name\":\"Mill\u00e1n Mon pide al Gobierno de Espa\u00f1a compensaciones econ\u00f3micas para los mariscadores afectados por el dragado de la R\u00eda do Burgo - PP de Galicia\",\"isPartOf\":{\"@id\":\"https:\\\/\\\/ppdegalicia.com\\\/es\\\/#website\"},\"primaryImageOfPage\":{\"@id\":\"https:\\\/\\\/ppdegalicia.com\\\/es\\\/millan-mon-pide-al-gobierno-de-espana-compensaciones-economicas-para-los-mariscadores-afectados-por-el-dragado-de-la-ria-do-burgo\\\/#primaryimage\"},\"image\":{\"@id\":\"https:\\\/\\\/ppdegalicia.com\\\/es\\\/millan-mon-pide-al-gobierno-de-espana-compensaciones-economicas-para-los-mariscadores-afectados-por-el-dragado-de-la-ria-do-burgo\\\/#primaryimage\"},\"thumbnailUrl\":\"https:\\\/\\\/ppdegalicia.com\\\/wp-content\\\/uploads\\\/2025\\\/12\\\/20251203-Millan-Mon-en-el-Parlamento-Europeo.jpg\",\"datePublished\":\"2025-12-03T09:52:34+00:00\",\"description\":\"El eurodiputado del Partido Popular Francisco Mill\u00e1n Mon intervino ayer en la Comisi\u00f3n de Peticiones del Parlamento Europeo en el marco de una petici\u00f3n que denuncia deficiencias en el dragado de la R\u00eda do Burgo y que pide al Gobierno de Espa\u00f1a compensaciones para los mariscadores afectados. La petici\u00f3n fue defendida por el Patr\u00f3n Mayor de la cofrad\u00eda de pescadores de A Coru\u00f1a.\",\"breadcrumb\":{\"@id\":\"https:\\\/\\\/ppdegalicia.com\\\/es\\\/millan-mon-pide-al-gobierno-de-espana-compensaciones-economicas-para-los-mariscadores-afectados-por-el-dragado-de-la-ria-do-burgo\\\/#breadcrumb\"},\"inLanguage\":\"es\",\"potentialAction\":[{\"@type\":\"ReadAction\",\"target\":[\"https:\\\/\\\/ppdegalicia.com\\\/es\\\/millan-mon-pide-al-gobierno-de-espana-compensaciones-economicas-para-los-mariscadores-afectados-por-el-dragado-de-la-ria-do-burgo\\\/\"]}]},{\"@type\":\"ImageObject\",\"inLanguage\":\"es\",\"@id\":\"https:\\\/\\\/ppdegalicia.com\\\/es\\\/millan-mon-pide-al-gobierno-de-espana-compensaciones-economicas-para-los-mariscadores-afectados-por-el-dragado-de-la-ria-do-burgo\\\/#primaryimage\",\"url\":\"https:\\\/\\\/ppdegalicia.com\\\/wp-content\\\/uploads\\\/2025\\\/12\\\/20251203-Millan-Mon-en-el-Parlamento-Europeo.jpg\",\"contentUrl\":\"https:\\\/\\\/ppdegalicia.com\\\/wp-content\\\/uploads\\\/2025\\\/12\\\/20251203-Millan-Mon-en-el-Parlamento-Europeo.jpg\",\"width\":2560,\"height\":1706},{\"@type\":\"BreadcrumbList\",\"@id\":\"https:\\\/\\\/ppdegalicia.com\\\/es\\\/millan-mon-pide-al-gobierno-de-espana-compensaciones-economicas-para-los-mariscadores-afectados-por-el-dragado-de-la-ria-do-burgo\\\/#breadcrumb\",\"itemListElement\":[{\"@type\":\"ListItem\",\"position\":1,\"name\":\"Portada\",\"item\":\"https:\\\/\\\/ppdegalicia.com\\\/es\\\/\"},{\"@type\":\"ListItem\",\"position\":2,\"name\":\"Mill\u00e1n Mon pide al Gobierno de Espa\u00f1a compensaciones econ\u00f3micas para los mariscadores afectados por el dragado de la R\u00eda do Burgo\"}]},{\"@type\":\"WebSite\",\"@id\":\"https:\\\/\\\/ppdegalicia.com\\\/es\\\/#website\",\"url\":\"https:\\\/\\\/ppdegalicia.com\\\/es\\\/\",\"name\":\"Partido Popular de Galicia\",\"description\":\"Partido Popular de Galicia\",\"publisher\":{\"@id\":\"https:\\\/\\\/ppdegalicia.com\\\/es\\\/#organization\"},\"alternateName\":\"PP de Galicia\",\"potentialAction\":[{\"@type\":\"SearchAction\",\"target\":{\"@type\":\"EntryPoint\",\"urlTemplate\":\"https:\\\/\\\/ppdegalicia.com\\\/es\\\/?s={search_term_string}\"},\"query-input\":{\"@type\":\"PropertyValueSpecification\",\"valueRequired\":true,\"valueName\":\"search_term_string\"}}],\"inLanguage\":\"es\"},{\"@type\":\"Organization\",\"@id\":\"https:\\\/\\\/ppdegalicia.com\\\/es\\\/#organization\",\"name\":\"Partido Popular de Galicia\",\"alternateName\":\"PP de Galicia\",\"url\":\"https:\\\/\\\/ppdegalicia.com\\\/es\\\/\",\"logo\":{\"@type\":\"ImageObject\",\"inLanguage\":\"es\",\"@id\":\"https:\\\/\\\/ppdegalicia.com\\\/es\\\/#\\\/schema\\\/logo\\\/image\\\/\",\"url\":\"https:\\\/\\\/ppdegalicia.com\\\/wp-content\\\/uploads\\\/2023\\\/04\\\/logoPP512.png\",\"contentUrl\":\"https:\\\/\\\/ppdegalicia.com\\\/wp-content\\\/uploads\\\/2023\\\/04\\\/logoPP512.png\",\"width\":512,\"height\":512,\"caption\":\"Partido Popular de Galicia\"},\"image\":{\"@id\":\"https:\\\/\\\/ppdegalicia.com\\\/es\\\/#\\\/schema\\\/logo\\\/image\\\/\"},\"sameAs\":[\"https:\\\/\\\/www.instagram.com\\\/ppdegalicia\\\/\",\"https:\\\/\\\/x.com\\\/ppdegalicia\",\"https:\\\/\\\/www.tiktok.com\\\/@ppdegalicia\",\"https:\\\/\\\/www.youtube.com\\\/user\\\/ppdegalicia\"]},{\"@type\":\"Person\",\"@id\":\"https:\\\/\\\/ppdegalicia.com\\\/es\\\/#\\\/schema\\\/person\\\/5b822c6f59e872ebdd1142f307dbcb59\",\"name\":\"ppdegaliciaredes\",\"image\":{\"@type\":\"ImageObject\",\"inLanguage\":\"es\",\"@id\":\"https:\\\/\\\/secure.gravatar.com\\\/avatar\\\/3c9179cf0256d00c72a48d1f25783c58b6842cd56e85ef3a572881c8e28ccd59?s=96&d=mm&r=g\",\"url\":\"https:\\\/\\\/secure.gravatar.com\\\/avatar\\\/3c9179cf0256d00c72a48d1f25783c58b6842cd56e85ef3a572881c8e28ccd59?s=96&d=mm&r=g\",\"contentUrl\":\"https:\\\/\\\/secure.gravatar.com\\\/avatar\\\/3c9179cf0256d00c72a48d1f25783c58b6842cd56e85ef3a572881c8e28ccd59?s=96&d=mm&r=g\",\"caption\":\"ppdegaliciaredes\"},\"url\":\"https:\\\/\\\/ppdegalicia.com\\\/es\\\/author\\\/ppdegaliciaredes\\\/\"}]}<\/script>\n<!-- \/ Yoast SEO plugin. -->","yoast_head_json":{"title":"Mill\u00e1n Mon pide al Gobierno de Espa\u00f1a compensaciones econ\u00f3micas para los mariscadores afectados por el dragado de la R\u00eda do Burgo - PP de Galicia","description":"El eurodiputado del Partido Popular Francisco Mill\u00e1n Mon intervino ayer en la Comisi\u00f3n de Peticiones del Parlamento Europeo en el marco de una petici\u00f3n que denuncia deficiencias en el dragado de la R\u00eda do Burgo y que pide al Gobierno de Espa\u00f1a compensaciones para los mariscadores afectados. La petici\u00f3n fue defendida por el Patr\u00f3n Mayor de la cofrad\u00eda de pescadores de A Coru\u00f1a.","robots":{"index":"index","follow":"follow","max-snippet":"max-snippet:-1","max-image-preview":"max-image-preview:large","max-video-preview":"max-video-preview:-1"},"canonical":"https:\/\/ppdegalicia.com\/es\/millan-mon-pide-al-gobierno-de-espana-compensaciones-economicas-para-los-mariscadores-afectados-por-el-dragado-de-la-ria-do-burgo\/","og_locale":"es_ES","og_type":"article","og_title":"Mill\u00e1n Mon pide al Gobierno de Espa\u00f1a compensaciones econ\u00f3micas para los mariscadores afectados por el dragado de la R\u00eda do Burgo - PP de Galicia","og_description":"El eurodiputado del Partido Popular Francisco Mill\u00e1n Mon intervino ayer en la Comisi\u00f3n de Peticiones del Parlamento Europeo en el marco de una petici\u00f3n que denuncia deficiencias en el dragado de la R\u00eda do Burgo y que pide al Gobierno de Espa\u00f1a compensaciones para los mariscadores afectados. La petici\u00f3n fue defendida por el Patr\u00f3n Mayor de la cofrad\u00eda de pescadores de A Coru\u00f1a.","og_url":"https:\/\/ppdegalicia.com\/es\/millan-mon-pide-al-gobierno-de-espana-compensaciones-economicas-para-los-mariscadores-afectados-por-el-dragado-de-la-ria-do-burgo\/","og_site_name":"PP de Galicia","article_publisher":"https:\/\/www.instagram.com\/ppdegalicia\/","article_published_time":"2025-12-03T09:52:34+00:00","og_image":[{"width":2560,"height":1706,"url":"https:\/\/ppdegalicia.com\/wp-content\/uploads\/2025\/12\/20251203-Millan-Mon-en-el-Parlamento-Europeo.jpg","type":"image\/jpeg"}],"author":"ppdegaliciaredes","twitter_card":"summary_large_image","twitter_creator":"@ppdegalicia","twitter_site":"@ppdegalicia","twitter_misc":{"Escrito por":"ppdegaliciaredes","Tiempo de lectura":"2 minutos"},"schema":{"@context":"https:\/\/schema.org","@graph":[{"@type":"Article","@id":"https:\/\/ppdegalicia.com\/es\/millan-mon-pide-al-gobierno-de-espana-compensaciones-economicas-para-los-mariscadores-afectados-por-el-dragado-de-la-ria-do-burgo\/#article","isPartOf":{"@id":"https:\/\/ppdegalicia.com\/es\/millan-mon-pide-al-gobierno-de-espana-compensaciones-economicas-para-los-mariscadores-afectados-por-el-dragado-de-la-ria-do-burgo\/"},"author":{"name":"ppdegaliciaredes","@id":"https:\/\/ppdegalicia.com\/es\/#\/schema\/person\/5b822c6f59e872ebdd1142f307dbcb59"},"headline":"Mill\u00e1n Mon pide al Gobierno de Espa\u00f1a compensaciones econ\u00f3micas para los mariscadores afectados por el dragado de la R\u00eda do Burgo","datePublished":"2025-12-03T09:52:34+00:00","mainEntityOfPage":{"@id":"https:\/\/ppdegalicia.com\/es\/millan-mon-pide-al-gobierno-de-espana-compensaciones-economicas-para-los-mariscadores-afectados-por-el-dragado-de-la-ria-do-burgo\/"},"wordCount":291,"publisher":{"@id":"https:\/\/ppdegalicia.com\/es\/#organization"},"image":{"@id":"https:\/\/ppdegalicia.com\/es\/millan-mon-pide-al-gobierno-de-espana-compensaciones-economicas-para-los-mariscadores-afectados-por-el-dragado-de-la-ria-do-burgo\/#primaryimage"},"thumbnailUrl":"https:\/\/ppdegalicia.com\/wp-content\/uploads\/2025\/12\/20251203-Millan-Mon-en-el-Parlamento-Europeo.jpg","articleSection":["Parlamento Europeo"],"inLanguage":"es"},{"@type":"WebPage","@id":"https:\/\/ppdegalicia.com\/es\/millan-mon-pide-al-gobierno-de-espana-compensaciones-economicas-para-los-mariscadores-afectados-por-el-dragado-de-la-ria-do-burgo\/","url":"https:\/\/ppdegalicia.com\/es\/millan-mon-pide-al-gobierno-de-espana-compensaciones-economicas-para-los-mariscadores-afectados-por-el-dragado-de-la-ria-do-burgo\/","name":"Mill\u00e1n Mon pide al Gobierno de Espa\u00f1a compensaciones econ\u00f3micas para los mariscadores afectados por el dragado de la R\u00eda do Burgo - PP de Galicia","isPartOf":{"@id":"https:\/\/ppdegalicia.com\/es\/#website"},"primaryImageOfPage":{"@id":"https:\/\/ppdegalicia.com\/es\/millan-mon-pide-al-gobierno-de-espana-compensaciones-economicas-para-los-mariscadores-afectados-por-el-dragado-de-la-ria-do-burgo\/#primaryimage"},"image":{"@id":"https:\/\/ppdegalicia.com\/es\/millan-mon-pide-al-gobierno-de-espana-compensaciones-economicas-para-los-mariscadores-afectados-por-el-dragado-de-la-ria-do-burgo\/#primaryimage"},"thumbnailUrl":"https:\/\/ppdegalicia.com\/wp-content\/uploads\/2025\/12\/20251203-Millan-Mon-en-el-Parlamento-Europeo.jpg","datePublished":"2025-12-03T09:52:34+00:00","description":"El eurodiputado del Partido Popular Francisco Mill\u00e1n Mon intervino ayer en la Comisi\u00f3n de Peticiones del Parlamento Europeo en el marco de una petici\u00f3n que denuncia deficiencias en el dragado de la R\u00eda do Burgo y que pide al Gobierno de Espa\u00f1a compensaciones para los mariscadores afectados. La petici\u00f3n fue defendida por el Patr\u00f3n Mayor de la cofrad\u00eda de pescadores de A Coru\u00f1a.","breadcrumb":{"@id":"https:\/\/ppdegalicia.com\/es\/millan-mon-pide-al-gobierno-de-espana-compensaciones-economicas-para-los-mariscadores-afectados-por-el-dragado-de-la-ria-do-burgo\/#breadcrumb"},"inLanguage":"es","potentialAction":[{"@type":"ReadAction","target":["https:\/\/ppdegalicia.com\/es\/millan-mon-pide-al-gobierno-de-espana-compensaciones-economicas-para-los-mariscadores-afectados-por-el-dragado-de-la-ria-do-burgo\/"]}]},{"@type":"ImageObject","inLanguage":"es","@id":"https:\/\/ppdegalicia.com\/es\/millan-mon-pide-al-gobierno-de-espana-compensaciones-economicas-para-los-mariscadores-afectados-por-el-dragado-de-la-ria-do-burgo\/#primaryimage","url":"https:\/\/ppdegalicia.com\/wp-content\/uploads\/2025\/12\/20251203-Millan-Mon-en-el-Parlamento-Europeo.jpg","contentUrl":"https:\/\/ppdegalicia.com\/wp-content\/uploads\/2025\/12\/20251203-Millan-Mon-en-el-Parlamento-Europeo.jpg","width":2560,"height":1706},{"@type":"BreadcrumbList","@id":"https:\/\/ppdegalicia.com\/es\/millan-mon-pide-al-gobierno-de-espana-compensaciones-economicas-para-los-mariscadores-afectados-por-el-dragado-de-la-ria-do-burgo\/#breadcrumb","itemListElement":[{"@type":"ListItem","position":1,"name":"Portada","item":"https:\/\/ppdegalicia.com\/es\/"},{"@type":"ListItem","position":2,"name":"Mill\u00e1n Mon pide al Gobierno de Espa\u00f1a compensaciones econ\u00f3micas para los mariscadores afectados por el dragado de la R\u00eda do Burgo"}]},{"@type":"WebSite","@id":"https:\/\/ppdegalicia.com\/es\/#website","url":"https:\/\/ppdegalicia.com\/es\/","name":"Partido Popular de Galicia","description":"Partido Popular de Galicia","publisher":{"@id":"https:\/\/ppdegalicia.com\/es\/#organization"},"alternateName":"PP de Galicia","potentialAction":[{"@type":"SearchAction","target":{"@type":"EntryPoint","urlTemplate":"https:\/\/ppdegalicia.com\/es\/?s={search_term_string}"},"query-input":{"@type":"PropertyValueSpecification","valueRequired":true,"valueName":"search_term_string"}}],"inLanguage":"es"},{"@type":"Organization","@id":"https:\/\/ppdegalicia.com\/es\/#organization","name":"Partido Popular de Galicia","alternateName":"PP de Galicia","url":"https:\/\/ppdegalicia.com\/es\/","logo":{"@type":"ImageObject","inLanguage":"es","@id":"https:\/\/ppdegalicia.com\/es\/#\/schema\/logo\/image\/","url":"https:\/\/ppdegalicia.com\/wp-content\/uploads\/2023\/04\/logoPP512.png","contentUrl":"https:\/\/ppdegalicia.com\/wp-content\/uploads\/2023\/04\/logoPP512.png","width":512,"height":512,"caption":"Partido Popular de Galicia"},"image":{"@id":"https:\/\/ppdegalicia.com\/es\/#\/schema\/logo\/image\/"},"sameAs":["https:\/\/www.instagram.com\/ppdegalicia\/","https:\/\/x.com\/ppdegalicia","https:\/\/www.tiktok.com\/@ppdegalicia","https:\/\/www.youtube.com\/user\/ppdegalicia"]},{"@type":"Person","@id":"https:\/\/ppdegalicia.com\/es\/#\/schema\/person\/5b822c6f59e872ebdd1142f307dbcb59","name":"ppdegaliciaredes","image":{"@type":"ImageObject","inLanguage":"es","@id":"https:\/\/secure.gravatar.com\/avatar\/3c9179cf0256d00c72a48d1f25783c58b6842cd56e85ef3a572881c8e28ccd59?s=96&d=mm&r=g","url":"https:\/\/secure.gravatar.com\/avatar\/3c9179cf0256d00c72a48d1f25783c58b6842cd56e85ef3a572881c8e28ccd59?s=96&d=mm&r=g","contentUrl":"https:\/\/secure.gravatar.com\/avatar\/3c9179cf0256d00c72a48d1f25783c58b6842cd56e85ef3a572881c8e28ccd59?s=96&d=mm&r=g","caption":"ppdegaliciaredes"},"url":"https:\/\/ppdegalicia.com\/es\/author\/ppdegaliciaredes\/"}]}},"_links":{"self":[{"href":"https:\/\/ppdegalicia.com\/es\/wp-json\/wp\/v2\/posts\/69325","targetHints":{"allow":["GET"]}}],"collection":[{"href":"https:\/\/ppdegalicia.com\/es\/wp-json\/wp\/v2\/posts"}],"about":[{"href":"https:\/\/ppdegalicia.com\/es\/wp-json\/wp\/v2\/types\/post"}],"author":[{"embeddable":true,"href":"https:\/\/ppdegalicia.com\/es\/wp-json\/wp\/v2\/users\/38"}],"replies":[{"embeddable":true,"href":"https:\/\/ppdegalicia.com\/es\/wp-json\/wp\/v2\/comments?post=69325"}],"version-history":[{"count":1,"href":"https:\/\/ppdegalicia.com\/es\/wp-json\/wp\/v2\/posts\/69325\/revisions"}],"predecessor-version":[{"id":69328,"href":"https:\/\/ppdegalicia.com\/es\/wp-json\/wp\/v2\/posts\/69325\/revisions\/69328"}],"wp:featuredmedia":[{"embeddable":true,"href":"https:\/\/ppdegalicia.com\/es\/wp-json\/wp\/v2\/media\/69326"}],"wp:attachment":[{"href":"https:\/\/ppdegalicia.com\/es\/wp-json\/wp\/v2\/media?parent=69325"}],"wp:term":[{"taxonomy":"category","embeddable":true,"href":"https:\/\/ppdegalicia.com\/es\/wp-json\/wp\/v2\/categories?post=69325"},{"taxonomy":"post_tag","embeddable":true,"href":"https:\/\/ppdegalicia.com\/es\/wp-json\/wp\/v2\/tags?post=69325"}],"curies":[{"name":"wp","href":"https:\/\/api.w.org\/{rel}","templated":true}]}}