{"id":69333,"date":"2025-12-03T14:12:14","date_gmt":"2025-12-03T13:12:14","guid":{"rendered":"https:\/\/ppdegalicia.com\/?p=69333"},"modified":"2025-12-03T14:12:14","modified_gmt":"2025-12-03T13:12:14","slug":"o-parlamento-de-galicia-demanda-a-xunta-que-free-e-rexeite-calquera-intento-de-adoutrinamento-politico-dos-escolares-galegos","status":"publish","type":"post","link":"https:\/\/ppdegalicia.com\/es\/o-parlamento-de-galicia-demanda-a-xunta-que-free-e-rexeite-calquera-intento-de-adoutrinamento-politico-dos-escolares-galegos\/","title":{"rendered":"O Parlamento de Galicia demanda \u00e1 Xunta que free e rexeite calquera intento de adoutrinamento pol\u00edtico dos escolares galegos"},"content":{"rendered":"<p>O Parlamento de Galicia aprobou hoxe a proposici\u00f3n non de lei do Grupo Popular, co voto en contra de BNG e PSdeG, a trav\u00e9s da que se insta \u00e1 Xunta de Galicia a frear e rexeitar calquera intento de adoutrinamento pol\u00edtico das nenas e nenos en idade escolar e a seguir avanzando en ferramentas que garantan a neutralidade ideol\u00f3xica nas actividades escolares e complementarias que se desenvolvan nos centros educativos, como base da pluralidade e o respecto \u00e1s liberdades individuais.<\/p>\n<p>A deputada popular Carmen Pomar explicou que \u201cdesde hai meses estamos a asistir a un intento de asalto por parte de grupos radicais e mesmo do sindicato que est\u00e1 a marcar a folla de ruta do nacionalismo galego para facerse co control dos centros educativos, obxectivo que est\u00e1 tendo un \u00e9xito limitado debido, entre outros factores, \u00e1 boa sa\u00fade do noso sistema educativo e \u00e1 madurez e competencia do profesorado\u201d.<\/p>\n<p><strong>PENSAMENTO CR\u00cdTICO<\/strong><\/p>\n<p>\u201cO pensamento cr\u00edtico \u00e9 unha das habilidades m\u00e1is valiosas que podemos desenvolver, xa que aprendemos a analizar, reflexionar e tomar decisi\u00f3ns de xeito consciente e argumentada\u201d, sinalou Carmen Pomar, quen apuntou que, \u201cnunha sociedade saturada de informaci\u00f3n, novas falsas e opini\u00f3ns polarizadas, ensinar aos adolescentes a pensar de forma cr\u00edtica \u00e9 unha ferramenta esencial para a s\u00faa autonom\u00eda, a s\u00faa autoestima e o seu \u00e9xito acad\u00e9mico e profesional\u201d. \u201cPero nin fomentar o pensamento cr\u00edtico, nin a liberdade de ensino son escusas para que se practique o adoctrinamento, m\u00e1is ben todo o contrario\u201d, dixo.<\/p>\n<p>En concreto, a deputada popular citou algunhas das acci\u00f3ns realizadas nos \u00faltimos tempos polo sindicato que manda no independentismo galego para adoutrinar aos estudantes: unha proposta did\u00e1ctica para traballar co alumnado a situaci\u00f3n do medioambiente galego, entrando en xu\u00edzos de valor sobre a xesti\u00f3n do lume este ver\u00e1n, a intenci\u00f3n de apertura de minas supostamente t\u00f3xicas ou a ameaza de industrias como Altri; outra unidade did\u00e1ctica titulada Guerra e Paz, na que, entre outros exercicios, proponse o c\u00e1lculo de explosivos e unha suposta estratexia para acabar cos hospitais de Santiago; ou a presentaci\u00f3n aos alumnos dunha sexualizaci\u00f3n de figuras como Rosal\u00eda, Blanco Amor, Pondal ou Castelao.<\/p>\n<p><strong>MANIPULACI\u00d3N DOS CONTIDOS<\/strong><\/p>\n<p>\u201cEstamos preocupados pola deriva que est\u00e1 a tomar esa pretendida manipulaci\u00f3n dos contidos que estudan os nosos fillos e fillas, e, o que \u00e9 m\u00e1is grave, as actitudes que se van moldeando con premeditaci\u00f3n, aleivos\u00eda e con fins de proselitismo pol\u00edtico, t\u00edpico de doutrinas pol\u00edticas da primeira metade do s\u00e9culo XX, como o nacional-socialismo ou o comunismo\u201d, indicou.<\/p>\n<p>Por este motivo, Carmen Pomar considerou necesario \u201cseguir denunciando o intento de violar esta estabilidade e a liberdade das familias e instar ao Goberno galego a seguir avanzando nesta direcci\u00f3n\u201d, porque \u201cnon estamos aqu\u00ed para po\u00f1er en tela de xu\u00edzo a neutralidade do profesorado, estamos para garantirlles a s\u00faa liberdade de c\u00e1tedra e para transmitir unha mensaxe de tranquilidade e amparo ante a ousad\u00eda de incorrer nas s\u00faas clases\u201d. \u201cEstamos aqu\u00ed, en definitiva, para asegurar que a administraci\u00f3n educativa neutralice calquera intento de propaganda lacerante e descarada, que se destina desde o sector m\u00e1is radical do nacionalismo a captar, sen escr\u00fapulos, \u00e1s idades m\u00e1is vulnerables que andan \u00e1 procura da s\u00faa identidade e da s\u00faa reafirmaci\u00f3n\u201d, rematou.<\/p>\n","protected":false},"excerpt":{"rendered":"<p>O Parlamento de Galicia aprobou hoxe a proposici\u00f3n non de lei do Grupo Popular, co voto en contra de BNG e PSdeG, a trav\u00e9s da que se insta \u00e1 Xunta de Galicia a frear e rexeitar calquera intento de adoutrinamento pol\u00edtico das nenas e nenos en idade escolar e a seguir avanzando en ferramentas que [&hellip;]<\/p>\n","protected":false},"author":38,"featured_media":69334,"comment_status":"closed","ping_status":"open","sticky":false,"template":"","format":"standard","meta":{"_acf_changed":false,"footnotes":""},"categories":[1128],"tags":[],"class_list":["post-69333","post","type-post","status-publish","format-standard","has-post-thumbnail","hentry","category-actualidad-parlamento-de-galicia"],"acf":[],"yoast_head":"<!-- This site is optimized with the Yoast SEO plugin v27.3 - https:\/\/yoast.com\/product\/yoast-seo-wordpress\/ -->\n<title>O Parlamento de Galicia demanda \u00e1 Xunta que free e rexeite calquera intento de adoutrinamento pol\u00edtico dos escolares galegos - PP de Galicia<\/title>\n<meta name=\"description\" content=\"O Parlamento de Galicia aprobou hoxe a proposici\u00f3n non de lei do Grupo Popular, co voto en contra de BNG e PSdeG, a trav\u00e9s da que se insta \u00e1 Xunta de Galicia a frear e rexeitar calquera intento de adoutrinamento pol\u00edtico das nenas e nenos en idade escolar e a seguir avanzando en ferramentas que garantan a neutralidade ideol\u00f3xica nas actividades escolares e complementarias que se desenvolvan nos centros educativos, como base da pluralidade e o respecto \u00e1s liberdades individuais.\" \/>\n<meta name=\"robots\" content=\"index, follow, max-snippet:-1, max-image-preview:large, max-video-preview:-1\" \/>\n<link rel=\"canonical\" href=\"https:\/\/ppdegalicia.com\/es\/o-parlamento-de-galicia-demanda-a-xunta-que-free-e-rexeite-calquera-intento-de-adoutrinamento-politico-dos-escolares-galegos\/\" \/>\n<meta property=\"og:locale\" content=\"es_ES\" \/>\n<meta property=\"og:type\" content=\"article\" \/>\n<meta property=\"og:title\" content=\"O Parlamento de Galicia demanda \u00e1 Xunta que free e rexeite calquera intento de adoutrinamento pol\u00edtico dos escolares galegos - PP de Galicia\" \/>\n<meta property=\"og:description\" content=\"O Parlamento de Galicia aprobou hoxe a proposici\u00f3n non de lei do Grupo Popular, co voto en contra de BNG e PSdeG, a trav\u00e9s da que se insta \u00e1 Xunta de Galicia a frear e rexeitar calquera intento de adoutrinamento pol\u00edtico das nenas e nenos en idade escolar e a seguir avanzando en ferramentas que garantan a neutralidade ideol\u00f3xica nas actividades escolares e complementarias que se desenvolvan nos centros educativos, como base da pluralidade e o respecto \u00e1s liberdades individuais.\" \/>\n<meta property=\"og:url\" content=\"https:\/\/ppdegalicia.com\/es\/o-parlamento-de-galicia-demanda-a-xunta-que-free-e-rexeite-calquera-intento-de-adoutrinamento-politico-dos-escolares-galegos\/\" \/>\n<meta property=\"og:site_name\" content=\"PP de Galicia\" \/>\n<meta property=\"article:publisher\" content=\"https:\/\/www.instagram.com\/ppdegalicia\/\" \/>\n<meta property=\"article:published_time\" content=\"2025-12-03T13:12:14+00:00\" \/>\n<meta property=\"og:image\" content=\"https:\/\/ppdegalicia.com\/wp-content\/uploads\/2025\/12\/20251203_Pleno_Ordinario65-scaled.jpg\" \/>\n\t<meta property=\"og:image:width\" content=\"2560\" \/>\n\t<meta property=\"og:image:height\" content=\"1706\" \/>\n\t<meta property=\"og:image:type\" content=\"image\/jpeg\" \/>\n<meta name=\"author\" content=\"ppdegaliciaredes\" \/>\n<meta name=\"twitter:card\" content=\"summary_large_image\" \/>\n<meta name=\"twitter:creator\" content=\"@ppdegalicia\" \/>\n<meta name=\"twitter:site\" content=\"@ppdegalicia\" \/>\n<meta name=\"twitter:label1\" content=\"Escrito por\" \/>\n\t<meta name=\"twitter:data1\" content=\"ppdegaliciaredes\" \/>\n\t<meta name=\"twitter:label2\" content=\"Tiempo de lectura\" \/>\n\t<meta name=\"twitter:data2\" content=\"4 minutos\" \/>\n<script type=\"application\/ld+json\" class=\"yoast-schema-graph\">{\"@context\":\"https:\\\/\\\/schema.org\",\"@graph\":[{\"@type\":\"Article\",\"@id\":\"https:\\\/\\\/ppdegalicia.com\\\/es\\\/o-parlamento-de-galicia-demanda-a-xunta-que-free-e-rexeite-calquera-intento-de-adoutrinamento-politico-dos-escolares-galegos\\\/#article\",\"isPartOf\":{\"@id\":\"https:\\\/\\\/ppdegalicia.com\\\/es\\\/o-parlamento-de-galicia-demanda-a-xunta-que-free-e-rexeite-calquera-intento-de-adoutrinamento-politico-dos-escolares-galegos\\\/\"},\"author\":{\"name\":\"ppdegaliciaredes\",\"@id\":\"https:\\\/\\\/ppdegalicia.com\\\/es\\\/#\\\/schema\\\/person\\\/5b822c6f59e872ebdd1142f307dbcb59\"},\"headline\":\"O Parlamento de Galicia demanda \u00e1 Xunta que free e rexeite calquera intento de adoutrinamento pol\u00edtico dos escolares galegos\",\"datePublished\":\"2025-12-03T13:12:14+00:00\",\"mainEntityOfPage\":{\"@id\":\"https:\\\/\\\/ppdegalicia.com\\\/es\\\/o-parlamento-de-galicia-demanda-a-xunta-que-free-e-rexeite-calquera-intento-de-adoutrinamento-politico-dos-escolares-galegos\\\/\"},\"wordCount\":595,\"publisher\":{\"@id\":\"https:\\\/\\\/ppdegalicia.com\\\/es\\\/#organization\"},\"image\":{\"@id\":\"https:\\\/\\\/ppdegalicia.com\\\/es\\\/o-parlamento-de-galicia-demanda-a-xunta-que-free-e-rexeite-calquera-intento-de-adoutrinamento-politico-dos-escolares-galegos\\\/#primaryimage\"},\"thumbnailUrl\":\"https:\\\/\\\/ppdegalicia.com\\\/wp-content\\\/uploads\\\/2025\\\/12\\\/20251203_Pleno_Ordinario65-scaled.jpg\",\"articleSection\":[\"Parlamento de Galicia\"],\"inLanguage\":\"es\"},{\"@type\":\"WebPage\",\"@id\":\"https:\\\/\\\/ppdegalicia.com\\\/es\\\/o-parlamento-de-galicia-demanda-a-xunta-que-free-e-rexeite-calquera-intento-de-adoutrinamento-politico-dos-escolares-galegos\\\/\",\"url\":\"https:\\\/\\\/ppdegalicia.com\\\/es\\\/o-parlamento-de-galicia-demanda-a-xunta-que-free-e-rexeite-calquera-intento-de-adoutrinamento-politico-dos-escolares-galegos\\\/\",\"name\":\"O Parlamento de Galicia demanda \u00e1 Xunta que free e rexeite calquera intento de adoutrinamento pol\u00edtico dos escolares galegos - PP de Galicia\",\"isPartOf\":{\"@id\":\"https:\\\/\\\/ppdegalicia.com\\\/es\\\/#website\"},\"primaryImageOfPage\":{\"@id\":\"https:\\\/\\\/ppdegalicia.com\\\/es\\\/o-parlamento-de-galicia-demanda-a-xunta-que-free-e-rexeite-calquera-intento-de-adoutrinamento-politico-dos-escolares-galegos\\\/#primaryimage\"},\"image\":{\"@id\":\"https:\\\/\\\/ppdegalicia.com\\\/es\\\/o-parlamento-de-galicia-demanda-a-xunta-que-free-e-rexeite-calquera-intento-de-adoutrinamento-politico-dos-escolares-galegos\\\/#primaryimage\"},\"thumbnailUrl\":\"https:\\\/\\\/ppdegalicia.com\\\/wp-content\\\/uploads\\\/2025\\\/12\\\/20251203_Pleno_Ordinario65-scaled.jpg\",\"datePublished\":\"2025-12-03T13:12:14+00:00\",\"description\":\"O Parlamento de Galicia aprobou hoxe a proposici\u00f3n non de lei do Grupo Popular, co voto en contra de BNG e PSdeG, a trav\u00e9s da que se insta \u00e1 Xunta de Galicia a frear e rexeitar calquera intento de adoutrinamento pol\u00edtico das nenas e nenos en idade escolar e a seguir avanzando en ferramentas que garantan a neutralidade ideol\u00f3xica nas actividades escolares e complementarias que se desenvolvan nos centros educativos, como base da pluralidade e o respecto \u00e1s liberdades individuais.\",\"breadcrumb\":{\"@id\":\"https:\\\/\\\/ppdegalicia.com\\\/es\\\/o-parlamento-de-galicia-demanda-a-xunta-que-free-e-rexeite-calquera-intento-de-adoutrinamento-politico-dos-escolares-galegos\\\/#breadcrumb\"},\"inLanguage\":\"es\",\"potentialAction\":[{\"@type\":\"ReadAction\",\"target\":[\"https:\\\/\\\/ppdegalicia.com\\\/es\\\/o-parlamento-de-galicia-demanda-a-xunta-que-free-e-rexeite-calquera-intento-de-adoutrinamento-politico-dos-escolares-galegos\\\/\"]}]},{\"@type\":\"ImageObject\",\"inLanguage\":\"es\",\"@id\":\"https:\\\/\\\/ppdegalicia.com\\\/es\\\/o-parlamento-de-galicia-demanda-a-xunta-que-free-e-rexeite-calquera-intento-de-adoutrinamento-politico-dos-escolares-galegos\\\/#primaryimage\",\"url\":\"https:\\\/\\\/ppdegalicia.com\\\/wp-content\\\/uploads\\\/2025\\\/12\\\/20251203_Pleno_Ordinario65-scaled.jpg\",\"contentUrl\":\"https:\\\/\\\/ppdegalicia.com\\\/wp-content\\\/uploads\\\/2025\\\/12\\\/20251203_Pleno_Ordinario65-scaled.jpg\",\"width\":2560,\"height\":1706},{\"@type\":\"BreadcrumbList\",\"@id\":\"https:\\\/\\\/ppdegalicia.com\\\/es\\\/o-parlamento-de-galicia-demanda-a-xunta-que-free-e-rexeite-calquera-intento-de-adoutrinamento-politico-dos-escolares-galegos\\\/#breadcrumb\",\"itemListElement\":[{\"@type\":\"ListItem\",\"position\":1,\"name\":\"Portada\",\"item\":\"https:\\\/\\\/ppdegalicia.com\\\/es\\\/\"},{\"@type\":\"ListItem\",\"position\":2,\"name\":\"O Parlamento de Galicia demanda \u00e1 Xunta que free e rexeite calquera intento de adoutrinamento pol\u00edtico dos escolares galegos\"}]},{\"@type\":\"WebSite\",\"@id\":\"https:\\\/\\\/ppdegalicia.com\\\/es\\\/#website\",\"url\":\"https:\\\/\\\/ppdegalicia.com\\\/es\\\/\",\"name\":\"Partido Popular de Galicia\",\"description\":\"Partido Popular de Galicia\",\"publisher\":{\"@id\":\"https:\\\/\\\/ppdegalicia.com\\\/es\\\/#organization\"},\"alternateName\":\"PP de Galicia\",\"potentialAction\":[{\"@type\":\"SearchAction\",\"target\":{\"@type\":\"EntryPoint\",\"urlTemplate\":\"https:\\\/\\\/ppdegalicia.com\\\/es\\\/?s={search_term_string}\"},\"query-input\":{\"@type\":\"PropertyValueSpecification\",\"valueRequired\":true,\"valueName\":\"search_term_string\"}}],\"inLanguage\":\"es\"},{\"@type\":\"Organization\",\"@id\":\"https:\\\/\\\/ppdegalicia.com\\\/es\\\/#organization\",\"name\":\"Partido Popular de Galicia\",\"alternateName\":\"PP de Galicia\",\"url\":\"https:\\\/\\\/ppdegalicia.com\\\/es\\\/\",\"logo\":{\"@type\":\"ImageObject\",\"inLanguage\":\"es\",\"@id\":\"https:\\\/\\\/ppdegalicia.com\\\/es\\\/#\\\/schema\\\/logo\\\/image\\\/\",\"url\":\"https:\\\/\\\/ppdegalicia.com\\\/wp-content\\\/uploads\\\/2023\\\/04\\\/logoPP512.png\",\"contentUrl\":\"https:\\\/\\\/ppdegalicia.com\\\/wp-content\\\/uploads\\\/2023\\\/04\\\/logoPP512.png\",\"width\":512,\"height\":512,\"caption\":\"Partido Popular de Galicia\"},\"image\":{\"@id\":\"https:\\\/\\\/ppdegalicia.com\\\/es\\\/#\\\/schema\\\/logo\\\/image\\\/\"},\"sameAs\":[\"https:\\\/\\\/www.instagram.com\\\/ppdegalicia\\\/\",\"https:\\\/\\\/x.com\\\/ppdegalicia\",\"https:\\\/\\\/www.tiktok.com\\\/@ppdegalicia\",\"https:\\\/\\\/www.youtube.com\\\/user\\\/ppdegalicia\"]},{\"@type\":\"Person\",\"@id\":\"https:\\\/\\\/ppdegalicia.com\\\/es\\\/#\\\/schema\\\/person\\\/5b822c6f59e872ebdd1142f307dbcb59\",\"name\":\"ppdegaliciaredes\",\"image\":{\"@type\":\"ImageObject\",\"inLanguage\":\"es\",\"@id\":\"https:\\\/\\\/secure.gravatar.com\\\/avatar\\\/3c9179cf0256d00c72a48d1f25783c58b6842cd56e85ef3a572881c8e28ccd59?s=96&d=mm&r=g\",\"url\":\"https:\\\/\\\/secure.gravatar.com\\\/avatar\\\/3c9179cf0256d00c72a48d1f25783c58b6842cd56e85ef3a572881c8e28ccd59?s=96&d=mm&r=g\",\"contentUrl\":\"https:\\\/\\\/secure.gravatar.com\\\/avatar\\\/3c9179cf0256d00c72a48d1f25783c58b6842cd56e85ef3a572881c8e28ccd59?s=96&d=mm&r=g\",\"caption\":\"ppdegaliciaredes\"},\"url\":\"https:\\\/\\\/ppdegalicia.com\\\/es\\\/author\\\/ppdegaliciaredes\\\/\"}]}<\/script>\n<!-- \/ Yoast SEO plugin. -->","yoast_head_json":{"title":"O Parlamento de Galicia demanda \u00e1 Xunta que free e rexeite calquera intento de adoutrinamento pol\u00edtico dos escolares galegos - PP de Galicia","description":"O Parlamento de Galicia aprobou hoxe a proposici\u00f3n non de lei do Grupo Popular, co voto en contra de BNG e PSdeG, a trav\u00e9s da que se insta \u00e1 Xunta de Galicia a frear e rexeitar calquera intento de adoutrinamento pol\u00edtico das nenas e nenos en idade escolar e a seguir avanzando en ferramentas que garantan a neutralidade ideol\u00f3xica nas actividades escolares e complementarias que se desenvolvan nos centros educativos, como base da pluralidade e o respecto \u00e1s liberdades individuais.","robots":{"index":"index","follow":"follow","max-snippet":"max-snippet:-1","max-image-preview":"max-image-preview:large","max-video-preview":"max-video-preview:-1"},"canonical":"https:\/\/ppdegalicia.com\/es\/o-parlamento-de-galicia-demanda-a-xunta-que-free-e-rexeite-calquera-intento-de-adoutrinamento-politico-dos-escolares-galegos\/","og_locale":"es_ES","og_type":"article","og_title":"O Parlamento de Galicia demanda \u00e1 Xunta que free e rexeite calquera intento de adoutrinamento pol\u00edtico dos escolares galegos - PP de Galicia","og_description":"O Parlamento de Galicia aprobou hoxe a proposici\u00f3n non de lei do Grupo Popular, co voto en contra de BNG e PSdeG, a trav\u00e9s da que se insta \u00e1 Xunta de Galicia a frear e rexeitar calquera intento de adoutrinamento pol\u00edtico das nenas e nenos en idade escolar e a seguir avanzando en ferramentas que garantan a neutralidade ideol\u00f3xica nas actividades escolares e complementarias que se desenvolvan nos centros educativos, como base da pluralidade e o respecto \u00e1s liberdades individuais.","og_url":"https:\/\/ppdegalicia.com\/es\/o-parlamento-de-galicia-demanda-a-xunta-que-free-e-rexeite-calquera-intento-de-adoutrinamento-politico-dos-escolares-galegos\/","og_site_name":"PP de Galicia","article_publisher":"https:\/\/www.instagram.com\/ppdegalicia\/","article_published_time":"2025-12-03T13:12:14+00:00","og_image":[{"width":2560,"height":1706,"url":"https:\/\/ppdegalicia.com\/wp-content\/uploads\/2025\/12\/20251203_Pleno_Ordinario65-scaled.jpg","type":"image\/jpeg"}],"author":"ppdegaliciaredes","twitter_card":"summary_large_image","twitter_creator":"@ppdegalicia","twitter_site":"@ppdegalicia","twitter_misc":{"Escrito por":"ppdegaliciaredes","Tiempo de lectura":"4 minutos"},"schema":{"@context":"https:\/\/schema.org","@graph":[{"@type":"Article","@id":"https:\/\/ppdegalicia.com\/es\/o-parlamento-de-galicia-demanda-a-xunta-que-free-e-rexeite-calquera-intento-de-adoutrinamento-politico-dos-escolares-galegos\/#article","isPartOf":{"@id":"https:\/\/ppdegalicia.com\/es\/o-parlamento-de-galicia-demanda-a-xunta-que-free-e-rexeite-calquera-intento-de-adoutrinamento-politico-dos-escolares-galegos\/"},"author":{"name":"ppdegaliciaredes","@id":"https:\/\/ppdegalicia.com\/es\/#\/schema\/person\/5b822c6f59e872ebdd1142f307dbcb59"},"headline":"O Parlamento de Galicia demanda \u00e1 Xunta que free e rexeite calquera intento de adoutrinamento pol\u00edtico dos escolares galegos","datePublished":"2025-12-03T13:12:14+00:00","mainEntityOfPage":{"@id":"https:\/\/ppdegalicia.com\/es\/o-parlamento-de-galicia-demanda-a-xunta-que-free-e-rexeite-calquera-intento-de-adoutrinamento-politico-dos-escolares-galegos\/"},"wordCount":595,"publisher":{"@id":"https:\/\/ppdegalicia.com\/es\/#organization"},"image":{"@id":"https:\/\/ppdegalicia.com\/es\/o-parlamento-de-galicia-demanda-a-xunta-que-free-e-rexeite-calquera-intento-de-adoutrinamento-politico-dos-escolares-galegos\/#primaryimage"},"thumbnailUrl":"https:\/\/ppdegalicia.com\/wp-content\/uploads\/2025\/12\/20251203_Pleno_Ordinario65-scaled.jpg","articleSection":["Parlamento de Galicia"],"inLanguage":"es"},{"@type":"WebPage","@id":"https:\/\/ppdegalicia.com\/es\/o-parlamento-de-galicia-demanda-a-xunta-que-free-e-rexeite-calquera-intento-de-adoutrinamento-politico-dos-escolares-galegos\/","url":"https:\/\/ppdegalicia.com\/es\/o-parlamento-de-galicia-demanda-a-xunta-que-free-e-rexeite-calquera-intento-de-adoutrinamento-politico-dos-escolares-galegos\/","name":"O Parlamento de Galicia demanda \u00e1 Xunta que free e rexeite calquera intento de adoutrinamento pol\u00edtico dos escolares galegos - PP de Galicia","isPartOf":{"@id":"https:\/\/ppdegalicia.com\/es\/#website"},"primaryImageOfPage":{"@id":"https:\/\/ppdegalicia.com\/es\/o-parlamento-de-galicia-demanda-a-xunta-que-free-e-rexeite-calquera-intento-de-adoutrinamento-politico-dos-escolares-galegos\/#primaryimage"},"image":{"@id":"https:\/\/ppdegalicia.com\/es\/o-parlamento-de-galicia-demanda-a-xunta-que-free-e-rexeite-calquera-intento-de-adoutrinamento-politico-dos-escolares-galegos\/#primaryimage"},"thumbnailUrl":"https:\/\/ppdegalicia.com\/wp-content\/uploads\/2025\/12\/20251203_Pleno_Ordinario65-scaled.jpg","datePublished":"2025-12-03T13:12:14+00:00","description":"O Parlamento de Galicia aprobou hoxe a proposici\u00f3n non de lei do Grupo Popular, co voto en contra de BNG e PSdeG, a trav\u00e9s da que se insta \u00e1 Xunta de Galicia a frear e rexeitar calquera intento de adoutrinamento pol\u00edtico das nenas e nenos en idade escolar e a seguir avanzando en ferramentas que garantan a neutralidade ideol\u00f3xica nas actividades escolares e complementarias que se desenvolvan nos centros educativos, como base da pluralidade e o respecto \u00e1s liberdades individuais.","breadcrumb":{"@id":"https:\/\/ppdegalicia.com\/es\/o-parlamento-de-galicia-demanda-a-xunta-que-free-e-rexeite-calquera-intento-de-adoutrinamento-politico-dos-escolares-galegos\/#breadcrumb"},"inLanguage":"es","potentialAction":[{"@type":"ReadAction","target":["https:\/\/ppdegalicia.com\/es\/o-parlamento-de-galicia-demanda-a-xunta-que-free-e-rexeite-calquera-intento-de-adoutrinamento-politico-dos-escolares-galegos\/"]}]},{"@type":"ImageObject","inLanguage":"es","@id":"https:\/\/ppdegalicia.com\/es\/o-parlamento-de-galicia-demanda-a-xunta-que-free-e-rexeite-calquera-intento-de-adoutrinamento-politico-dos-escolares-galegos\/#primaryimage","url":"https:\/\/ppdegalicia.com\/wp-content\/uploads\/2025\/12\/20251203_Pleno_Ordinario65-scaled.jpg","contentUrl":"https:\/\/ppdegalicia.com\/wp-content\/uploads\/2025\/12\/20251203_Pleno_Ordinario65-scaled.jpg","width":2560,"height":1706},{"@type":"BreadcrumbList","@id":"https:\/\/ppdegalicia.com\/es\/o-parlamento-de-galicia-demanda-a-xunta-que-free-e-rexeite-calquera-intento-de-adoutrinamento-politico-dos-escolares-galegos\/#breadcrumb","itemListElement":[{"@type":"ListItem","position":1,"name":"Portada","item":"https:\/\/ppdegalicia.com\/es\/"},{"@type":"ListItem","position":2,"name":"O Parlamento de Galicia demanda \u00e1 Xunta que free e rexeite calquera intento de adoutrinamento pol\u00edtico dos escolares galegos"}]},{"@type":"WebSite","@id":"https:\/\/ppdegalicia.com\/es\/#website","url":"https:\/\/ppdegalicia.com\/es\/","name":"Partido Popular de Galicia","description":"Partido Popular de Galicia","publisher":{"@id":"https:\/\/ppdegalicia.com\/es\/#organization"},"alternateName":"PP de Galicia","potentialAction":[{"@type":"SearchAction","target":{"@type":"EntryPoint","urlTemplate":"https:\/\/ppdegalicia.com\/es\/?s={search_term_string}"},"query-input":{"@type":"PropertyValueSpecification","valueRequired":true,"valueName":"search_term_string"}}],"inLanguage":"es"},{"@type":"Organization","@id":"https:\/\/ppdegalicia.com\/es\/#organization","name":"Partido Popular de Galicia","alternateName":"PP de Galicia","url":"https:\/\/ppdegalicia.com\/es\/","logo":{"@type":"ImageObject","inLanguage":"es","@id":"https:\/\/ppdegalicia.com\/es\/#\/schema\/logo\/image\/","url":"https:\/\/ppdegalicia.com\/wp-content\/uploads\/2023\/04\/logoPP512.png","contentUrl":"https:\/\/ppdegalicia.com\/wp-content\/uploads\/2023\/04\/logoPP512.png","width":512,"height":512,"caption":"Partido Popular de Galicia"},"image":{"@id":"https:\/\/ppdegalicia.com\/es\/#\/schema\/logo\/image\/"},"sameAs":["https:\/\/www.instagram.com\/ppdegalicia\/","https:\/\/x.com\/ppdegalicia","https:\/\/www.tiktok.com\/@ppdegalicia","https:\/\/www.youtube.com\/user\/ppdegalicia"]},{"@type":"Person","@id":"https:\/\/ppdegalicia.com\/es\/#\/schema\/person\/5b822c6f59e872ebdd1142f307dbcb59","name":"ppdegaliciaredes","image":{"@type":"ImageObject","inLanguage":"es","@id":"https:\/\/secure.gravatar.com\/avatar\/3c9179cf0256d00c72a48d1f25783c58b6842cd56e85ef3a572881c8e28ccd59?s=96&d=mm&r=g","url":"https:\/\/secure.gravatar.com\/avatar\/3c9179cf0256d00c72a48d1f25783c58b6842cd56e85ef3a572881c8e28ccd59?s=96&d=mm&r=g","contentUrl":"https:\/\/secure.gravatar.com\/avatar\/3c9179cf0256d00c72a48d1f25783c58b6842cd56e85ef3a572881c8e28ccd59?s=96&d=mm&r=g","caption":"ppdegaliciaredes"},"url":"https:\/\/ppdegalicia.com\/es\/author\/ppdegaliciaredes\/"}]}},"_links":{"self":[{"href":"https:\/\/ppdegalicia.com\/es\/wp-json\/wp\/v2\/posts\/69333","targetHints":{"allow":["GET"]}}],"collection":[{"href":"https:\/\/ppdegalicia.com\/es\/wp-json\/wp\/v2\/posts"}],"about":[{"href":"https:\/\/ppdegalicia.com\/es\/wp-json\/wp\/v2\/types\/post"}],"author":[{"embeddable":true,"href":"https:\/\/ppdegalicia.com\/es\/wp-json\/wp\/v2\/users\/38"}],"replies":[{"embeddable":true,"href":"https:\/\/ppdegalicia.com\/es\/wp-json\/wp\/v2\/comments?post=69333"}],"version-history":[{"count":1,"href":"https:\/\/ppdegalicia.com\/es\/wp-json\/wp\/v2\/posts\/69333\/revisions"}],"predecessor-version":[{"id":69336,"href":"https:\/\/ppdegalicia.com\/es\/wp-json\/wp\/v2\/posts\/69333\/revisions\/69336"}],"wp:featuredmedia":[{"embeddable":true,"href":"https:\/\/ppdegalicia.com\/es\/wp-json\/wp\/v2\/media\/69334"}],"wp:attachment":[{"href":"https:\/\/ppdegalicia.com\/es\/wp-json\/wp\/v2\/media?parent=69333"}],"wp:term":[{"taxonomy":"category","embeddable":true,"href":"https:\/\/ppdegalicia.com\/es\/wp-json\/wp\/v2\/categories?post=69333"},{"taxonomy":"post_tag","embeddable":true,"href":"https:\/\/ppdegalicia.com\/es\/wp-json\/wp\/v2\/tags?post=69333"}],"curies":[{"name":"wp","href":"https:\/\/api.w.org\/{rel}","templated":true}]}}