{"id":69337,"date":"2025-12-03T17:09:07","date_gmt":"2025-12-03T16:09:07","guid":{"rendered":"https:\/\/ppdegalicia.com\/?p=69337"},"modified":"2025-12-03T17:09:07","modified_gmt":"2025-12-03T16:09:07","slug":"o-ppdeg-critica-o-relato-apocaliptico-montado-polo-psdeg-a-raiz-da-avaria-dun-sensor-dunha-incubadora-no-hospital-de-valdeorras","status":"publish","type":"post","link":"https:\/\/ppdegalicia.com\/es\/o-ppdeg-critica-o-relato-apocaliptico-montado-polo-psdeg-a-raiz-da-avaria-dun-sensor-dunha-incubadora-no-hospital-de-valdeorras\/","title":{"rendered":"O PPdeG critica o relato apocal\u00edptico montado polo PSdeG a ra\u00edz da avar\u00eda dun sensor dunha incubadora no Hospital de Valdeorras"},"content":{"rendered":"<p>A portavoz de Sanidade do Grupo Popular, Encarna Amigo, criticou hoxe que os socialistas galegos pretendan converter a avar\u00eda dun sensor dunha incubadora no Hospital Comarcal de Valdeorras, que se arranxou en menos de d\u00faas horas, \u201cnun relato apocal\u00edptico para trasladar \u00e1 cidadan\u00eda que este centro sanitario est\u00e1 sen partos, sen incubadora e sen seguridade\u201d.<\/p>\n<p>Encarna Amigo explicou que o pasado 7 de novembro houbo unha incidencia nun sensor da incubadora do Hospital de Valdeorras que se arranxou ese mesmo d\u00eda e, para maior seguridade, dous enxe\u00f1eiros da empresa fabricante revisaron o equipo o martes seguinte certificando o seu perfecto funcionamento. \u201cA actividade asistencial de partos neste hospital non se interrompeu en ning\u00fan momento, ning\u00fan servizo quedou parado e ningunha muller quedou sen asistencia\u201d, asegurou.<\/p>\n<p>Por este motivo, a portavoz popular criticou que os socialistas galegos \u201cpractiquen a pol\u00edtica do microincidente elevado deliberadamente a categor\u00eda de problema estrutural, unha pol\u00edtica irresponsable, oportunista e fondamente desleal coa cidadan\u00eda de Valdeorras\u201d.<\/p>\n<p>Amigo afirmou que o Hospital de Valdeorras \u201cgarante a continuidade e calidade de todos os seus servizos, en particular os de pediatr\u00eda, obstetricia e urxencias, xa que contan con dous facultativos especialistas en pediatr\u00eda, catro en xinecolox\u00eda e obstetricia, e seis m\u00e9dicos de urxencias hospitalarias\u201d. Neste sentido, engadiu que, gracias \u00e1 Lei galega para a cobertura de postos de dif\u00edcil cobertura e que habilita incentivos espec\u00edficos para cubrilos, votada en contra tanto polo BNG como polo PSdeG, o Hospital de Valdeorras incorporou nos \u00faltimos dous anos 26 m\u00e9dicos con v\u00ednculos de fixeza.<\/p>\n","protected":false},"excerpt":{"rendered":"<p>A portavoz de Sanidade do Grupo Popular, Encarna Amigo, criticou hoxe que os socialistas galegos pretendan converter a avar\u00eda dun sensor dunha incubadora no Hospital Comarcal de Valdeorras, que se arranxou en menos de d\u00faas horas, \u201cnun relato apocal\u00edptico para trasladar \u00e1 cidadan\u00eda que este centro sanitario est\u00e1 sen partos, sen incubadora e sen seguridade\u201d. [&hellip;]<\/p>\n","protected":false},"author":38,"featured_media":69338,"comment_status":"closed","ping_status":"open","sticky":false,"template":"","format":"standard","meta":{"_acf_changed":false,"footnotes":""},"categories":[1128],"tags":[],"class_list":["post-69337","post","type-post","status-publish","format-standard","has-post-thumbnail","hentry","category-actualidad-parlamento-de-galicia"],"acf":[],"yoast_head":"<!-- This site is optimized with the Yoast SEO plugin v27.3 - https:\/\/yoast.com\/product\/yoast-seo-wordpress\/ -->\n<title>O PPdeG critica o relato apocal\u00edptico montado polo PSdeG a ra\u00edz da avar\u00eda dun sensor dunha incubadora no Hospital de Valdeorras - PP de Galicia<\/title>\n<meta name=\"description\" content=\"A portavoz de Sanidade do Grupo Popular, Encarna Amigo, criticou hoxe que os socialistas galegos pretendan converter a avar\u00eda dun sensor dunha incubadora no Hospital Comarcal de Valdeorras, que se arranxou en menos de d\u00faas horas, \u201cnun relato apocal\u00edptico para trasladar \u00e1 cidadan\u00eda que este centro sanitario est\u00e1 sen partos, sen incubadora e sen seguridade\u201d.\" \/>\n<meta name=\"robots\" content=\"index, follow, max-snippet:-1, max-image-preview:large, max-video-preview:-1\" \/>\n<link rel=\"canonical\" href=\"https:\/\/ppdegalicia.com\/es\/o-ppdeg-critica-o-relato-apocaliptico-montado-polo-psdeg-a-raiz-da-avaria-dun-sensor-dunha-incubadora-no-hospital-de-valdeorras\/\" \/>\n<meta property=\"og:locale\" content=\"es_ES\" \/>\n<meta property=\"og:type\" content=\"article\" \/>\n<meta property=\"og:title\" content=\"O PPdeG critica o relato apocal\u00edptico montado polo PSdeG a ra\u00edz da avar\u00eda dun sensor dunha incubadora no Hospital de Valdeorras - PP de Galicia\" \/>\n<meta property=\"og:description\" content=\"A portavoz de Sanidade do Grupo Popular, Encarna Amigo, criticou hoxe que os socialistas galegos pretendan converter a avar\u00eda dun sensor dunha incubadora no Hospital Comarcal de Valdeorras, que se arranxou en menos de d\u00faas horas, \u201cnun relato apocal\u00edptico para trasladar \u00e1 cidadan\u00eda que este centro sanitario est\u00e1 sen partos, sen incubadora e sen seguridade\u201d.\" \/>\n<meta property=\"og:url\" content=\"https:\/\/ppdegalicia.com\/es\/o-ppdeg-critica-o-relato-apocaliptico-montado-polo-psdeg-a-raiz-da-avaria-dun-sensor-dunha-incubadora-no-hospital-de-valdeorras\/\" \/>\n<meta property=\"og:site_name\" content=\"PP de Galicia\" \/>\n<meta property=\"article:publisher\" content=\"https:\/\/www.instagram.com\/ppdegalicia\/\" \/>\n<meta property=\"article:published_time\" content=\"2025-12-03T16:09:07+00:00\" \/>\n<meta property=\"og:image\" content=\"https:\/\/ppdegalicia.com\/wp-content\/uploads\/2025\/12\/20251203_Pleno_Ordinario82-scaled.jpg\" \/>\n\t<meta property=\"og:image:width\" content=\"2560\" \/>\n\t<meta property=\"og:image:height\" content=\"1707\" \/>\n\t<meta property=\"og:image:type\" content=\"image\/jpeg\" \/>\n<meta name=\"author\" content=\"ppdegaliciaredes\" \/>\n<meta name=\"twitter:card\" content=\"summary_large_image\" \/>\n<meta name=\"twitter:creator\" content=\"@ppdegalicia\" \/>\n<meta name=\"twitter:site\" content=\"@ppdegalicia\" \/>\n<meta name=\"twitter:label1\" content=\"Escrito por\" \/>\n\t<meta name=\"twitter:data1\" content=\"ppdegaliciaredes\" \/>\n\t<meta name=\"twitter:label2\" content=\"Tiempo de lectura\" \/>\n\t<meta name=\"twitter:data2\" content=\"2 minutos\" \/>\n<script type=\"application\/ld+json\" class=\"yoast-schema-graph\">{\"@context\":\"https:\\\/\\\/schema.org\",\"@graph\":[{\"@type\":\"Article\",\"@id\":\"https:\\\/\\\/ppdegalicia.com\\\/es\\\/o-ppdeg-critica-o-relato-apocaliptico-montado-polo-psdeg-a-raiz-da-avaria-dun-sensor-dunha-incubadora-no-hospital-de-valdeorras\\\/#article\",\"isPartOf\":{\"@id\":\"https:\\\/\\\/ppdegalicia.com\\\/es\\\/o-ppdeg-critica-o-relato-apocaliptico-montado-polo-psdeg-a-raiz-da-avaria-dun-sensor-dunha-incubadora-no-hospital-de-valdeorras\\\/\"},\"author\":{\"name\":\"ppdegaliciaredes\",\"@id\":\"https:\\\/\\\/ppdegalicia.com\\\/es\\\/#\\\/schema\\\/person\\\/5b822c6f59e872ebdd1142f307dbcb59\"},\"headline\":\"O PPdeG critica o relato apocal\u00edptico montado polo PSdeG a ra\u00edz da avar\u00eda dun sensor dunha incubadora no Hospital de Valdeorras\",\"datePublished\":\"2025-12-03T16:09:07+00:00\",\"mainEntityOfPage\":{\"@id\":\"https:\\\/\\\/ppdegalicia.com\\\/es\\\/o-ppdeg-critica-o-relato-apocaliptico-montado-polo-psdeg-a-raiz-da-avaria-dun-sensor-dunha-incubadora-no-hospital-de-valdeorras\\\/\"},\"wordCount\":291,\"publisher\":{\"@id\":\"https:\\\/\\\/ppdegalicia.com\\\/es\\\/#organization\"},\"image\":{\"@id\":\"https:\\\/\\\/ppdegalicia.com\\\/es\\\/o-ppdeg-critica-o-relato-apocaliptico-montado-polo-psdeg-a-raiz-da-avaria-dun-sensor-dunha-incubadora-no-hospital-de-valdeorras\\\/#primaryimage\"},\"thumbnailUrl\":\"https:\\\/\\\/ppdegalicia.com\\\/wp-content\\\/uploads\\\/2025\\\/12\\\/20251203_Pleno_Ordinario82-scaled.jpg\",\"articleSection\":[\"Parlamento de Galicia\"],\"inLanguage\":\"es\"},{\"@type\":\"WebPage\",\"@id\":\"https:\\\/\\\/ppdegalicia.com\\\/es\\\/o-ppdeg-critica-o-relato-apocaliptico-montado-polo-psdeg-a-raiz-da-avaria-dun-sensor-dunha-incubadora-no-hospital-de-valdeorras\\\/\",\"url\":\"https:\\\/\\\/ppdegalicia.com\\\/es\\\/o-ppdeg-critica-o-relato-apocaliptico-montado-polo-psdeg-a-raiz-da-avaria-dun-sensor-dunha-incubadora-no-hospital-de-valdeorras\\\/\",\"name\":\"O PPdeG critica o relato apocal\u00edptico montado polo PSdeG a ra\u00edz da avar\u00eda dun sensor dunha incubadora no Hospital de Valdeorras - PP de Galicia\",\"isPartOf\":{\"@id\":\"https:\\\/\\\/ppdegalicia.com\\\/es\\\/#website\"},\"primaryImageOfPage\":{\"@id\":\"https:\\\/\\\/ppdegalicia.com\\\/es\\\/o-ppdeg-critica-o-relato-apocaliptico-montado-polo-psdeg-a-raiz-da-avaria-dun-sensor-dunha-incubadora-no-hospital-de-valdeorras\\\/#primaryimage\"},\"image\":{\"@id\":\"https:\\\/\\\/ppdegalicia.com\\\/es\\\/o-ppdeg-critica-o-relato-apocaliptico-montado-polo-psdeg-a-raiz-da-avaria-dun-sensor-dunha-incubadora-no-hospital-de-valdeorras\\\/#primaryimage\"},\"thumbnailUrl\":\"https:\\\/\\\/ppdegalicia.com\\\/wp-content\\\/uploads\\\/2025\\\/12\\\/20251203_Pleno_Ordinario82-scaled.jpg\",\"datePublished\":\"2025-12-03T16:09:07+00:00\",\"description\":\"A portavoz de Sanidade do Grupo Popular, Encarna Amigo, criticou hoxe que os socialistas galegos pretendan converter a avar\u00eda dun sensor dunha incubadora no Hospital Comarcal de Valdeorras, que se arranxou en menos de d\u00faas horas, \u201cnun relato apocal\u00edptico para trasladar \u00e1 cidadan\u00eda que este centro sanitario est\u00e1 sen partos, sen incubadora e sen seguridade\u201d.\",\"breadcrumb\":{\"@id\":\"https:\\\/\\\/ppdegalicia.com\\\/es\\\/o-ppdeg-critica-o-relato-apocaliptico-montado-polo-psdeg-a-raiz-da-avaria-dun-sensor-dunha-incubadora-no-hospital-de-valdeorras\\\/#breadcrumb\"},\"inLanguage\":\"es\",\"potentialAction\":[{\"@type\":\"ReadAction\",\"target\":[\"https:\\\/\\\/ppdegalicia.com\\\/es\\\/o-ppdeg-critica-o-relato-apocaliptico-montado-polo-psdeg-a-raiz-da-avaria-dun-sensor-dunha-incubadora-no-hospital-de-valdeorras\\\/\"]}]},{\"@type\":\"ImageObject\",\"inLanguage\":\"es\",\"@id\":\"https:\\\/\\\/ppdegalicia.com\\\/es\\\/o-ppdeg-critica-o-relato-apocaliptico-montado-polo-psdeg-a-raiz-da-avaria-dun-sensor-dunha-incubadora-no-hospital-de-valdeorras\\\/#primaryimage\",\"url\":\"https:\\\/\\\/ppdegalicia.com\\\/wp-content\\\/uploads\\\/2025\\\/12\\\/20251203_Pleno_Ordinario82-scaled.jpg\",\"contentUrl\":\"https:\\\/\\\/ppdegalicia.com\\\/wp-content\\\/uploads\\\/2025\\\/12\\\/20251203_Pleno_Ordinario82-scaled.jpg\",\"width\":2560,\"height\":1707},{\"@type\":\"BreadcrumbList\",\"@id\":\"https:\\\/\\\/ppdegalicia.com\\\/es\\\/o-ppdeg-critica-o-relato-apocaliptico-montado-polo-psdeg-a-raiz-da-avaria-dun-sensor-dunha-incubadora-no-hospital-de-valdeorras\\\/#breadcrumb\",\"itemListElement\":[{\"@type\":\"ListItem\",\"position\":1,\"name\":\"Portada\",\"item\":\"https:\\\/\\\/ppdegalicia.com\\\/es\\\/\"},{\"@type\":\"ListItem\",\"position\":2,\"name\":\"O PPdeG critica o relato apocal\u00edptico montado polo PSdeG a ra\u00edz da avar\u00eda dun sensor dunha incubadora no Hospital de Valdeorras\"}]},{\"@type\":\"WebSite\",\"@id\":\"https:\\\/\\\/ppdegalicia.com\\\/es\\\/#website\",\"url\":\"https:\\\/\\\/ppdegalicia.com\\\/es\\\/\",\"name\":\"Partido Popular de Galicia\",\"description\":\"Partido Popular de Galicia\",\"publisher\":{\"@id\":\"https:\\\/\\\/ppdegalicia.com\\\/es\\\/#organization\"},\"alternateName\":\"PP de Galicia\",\"potentialAction\":[{\"@type\":\"SearchAction\",\"target\":{\"@type\":\"EntryPoint\",\"urlTemplate\":\"https:\\\/\\\/ppdegalicia.com\\\/es\\\/?s={search_term_string}\"},\"query-input\":{\"@type\":\"PropertyValueSpecification\",\"valueRequired\":true,\"valueName\":\"search_term_string\"}}],\"inLanguage\":\"es\"},{\"@type\":\"Organization\",\"@id\":\"https:\\\/\\\/ppdegalicia.com\\\/es\\\/#organization\",\"name\":\"Partido Popular de Galicia\",\"alternateName\":\"PP de Galicia\",\"url\":\"https:\\\/\\\/ppdegalicia.com\\\/es\\\/\",\"logo\":{\"@type\":\"ImageObject\",\"inLanguage\":\"es\",\"@id\":\"https:\\\/\\\/ppdegalicia.com\\\/es\\\/#\\\/schema\\\/logo\\\/image\\\/\",\"url\":\"https:\\\/\\\/ppdegalicia.com\\\/wp-content\\\/uploads\\\/2023\\\/04\\\/logoPP512.png\",\"contentUrl\":\"https:\\\/\\\/ppdegalicia.com\\\/wp-content\\\/uploads\\\/2023\\\/04\\\/logoPP512.png\",\"width\":512,\"height\":512,\"caption\":\"Partido Popular de Galicia\"},\"image\":{\"@id\":\"https:\\\/\\\/ppdegalicia.com\\\/es\\\/#\\\/schema\\\/logo\\\/image\\\/\"},\"sameAs\":[\"https:\\\/\\\/www.instagram.com\\\/ppdegalicia\\\/\",\"https:\\\/\\\/x.com\\\/ppdegalicia\",\"https:\\\/\\\/www.tiktok.com\\\/@ppdegalicia\",\"https:\\\/\\\/www.youtube.com\\\/user\\\/ppdegalicia\"]},{\"@type\":\"Person\",\"@id\":\"https:\\\/\\\/ppdegalicia.com\\\/es\\\/#\\\/schema\\\/person\\\/5b822c6f59e872ebdd1142f307dbcb59\",\"name\":\"ppdegaliciaredes\",\"image\":{\"@type\":\"ImageObject\",\"inLanguage\":\"es\",\"@id\":\"https:\\\/\\\/secure.gravatar.com\\\/avatar\\\/3c9179cf0256d00c72a48d1f25783c58b6842cd56e85ef3a572881c8e28ccd59?s=96&d=mm&r=g\",\"url\":\"https:\\\/\\\/secure.gravatar.com\\\/avatar\\\/3c9179cf0256d00c72a48d1f25783c58b6842cd56e85ef3a572881c8e28ccd59?s=96&d=mm&r=g\",\"contentUrl\":\"https:\\\/\\\/secure.gravatar.com\\\/avatar\\\/3c9179cf0256d00c72a48d1f25783c58b6842cd56e85ef3a572881c8e28ccd59?s=96&d=mm&r=g\",\"caption\":\"ppdegaliciaredes\"},\"url\":\"https:\\\/\\\/ppdegalicia.com\\\/es\\\/author\\\/ppdegaliciaredes\\\/\"}]}<\/script>\n<!-- \/ Yoast SEO plugin. -->","yoast_head_json":{"title":"O PPdeG critica o relato apocal\u00edptico montado polo PSdeG a ra\u00edz da avar\u00eda dun sensor dunha incubadora no Hospital de Valdeorras - PP de Galicia","description":"A portavoz de Sanidade do Grupo Popular, Encarna Amigo, criticou hoxe que os socialistas galegos pretendan converter a avar\u00eda dun sensor dunha incubadora no Hospital Comarcal de Valdeorras, que se arranxou en menos de d\u00faas horas, \u201cnun relato apocal\u00edptico para trasladar \u00e1 cidadan\u00eda que este centro sanitario est\u00e1 sen partos, sen incubadora e sen seguridade\u201d.","robots":{"index":"index","follow":"follow","max-snippet":"max-snippet:-1","max-image-preview":"max-image-preview:large","max-video-preview":"max-video-preview:-1"},"canonical":"https:\/\/ppdegalicia.com\/es\/o-ppdeg-critica-o-relato-apocaliptico-montado-polo-psdeg-a-raiz-da-avaria-dun-sensor-dunha-incubadora-no-hospital-de-valdeorras\/","og_locale":"es_ES","og_type":"article","og_title":"O PPdeG critica o relato apocal\u00edptico montado polo PSdeG a ra\u00edz da avar\u00eda dun sensor dunha incubadora no Hospital de Valdeorras - PP de Galicia","og_description":"A portavoz de Sanidade do Grupo Popular, Encarna Amigo, criticou hoxe que os socialistas galegos pretendan converter a avar\u00eda dun sensor dunha incubadora no Hospital Comarcal de Valdeorras, que se arranxou en menos de d\u00faas horas, \u201cnun relato apocal\u00edptico para trasladar \u00e1 cidadan\u00eda que este centro sanitario est\u00e1 sen partos, sen incubadora e sen seguridade\u201d.","og_url":"https:\/\/ppdegalicia.com\/es\/o-ppdeg-critica-o-relato-apocaliptico-montado-polo-psdeg-a-raiz-da-avaria-dun-sensor-dunha-incubadora-no-hospital-de-valdeorras\/","og_site_name":"PP de Galicia","article_publisher":"https:\/\/www.instagram.com\/ppdegalicia\/","article_published_time":"2025-12-03T16:09:07+00:00","og_image":[{"width":2560,"height":1707,"url":"https:\/\/ppdegalicia.com\/wp-content\/uploads\/2025\/12\/20251203_Pleno_Ordinario82-scaled.jpg","type":"image\/jpeg"}],"author":"ppdegaliciaredes","twitter_card":"summary_large_image","twitter_creator":"@ppdegalicia","twitter_site":"@ppdegalicia","twitter_misc":{"Escrito por":"ppdegaliciaredes","Tiempo de lectura":"2 minutos"},"schema":{"@context":"https:\/\/schema.org","@graph":[{"@type":"Article","@id":"https:\/\/ppdegalicia.com\/es\/o-ppdeg-critica-o-relato-apocaliptico-montado-polo-psdeg-a-raiz-da-avaria-dun-sensor-dunha-incubadora-no-hospital-de-valdeorras\/#article","isPartOf":{"@id":"https:\/\/ppdegalicia.com\/es\/o-ppdeg-critica-o-relato-apocaliptico-montado-polo-psdeg-a-raiz-da-avaria-dun-sensor-dunha-incubadora-no-hospital-de-valdeorras\/"},"author":{"name":"ppdegaliciaredes","@id":"https:\/\/ppdegalicia.com\/es\/#\/schema\/person\/5b822c6f59e872ebdd1142f307dbcb59"},"headline":"O PPdeG critica o relato apocal\u00edptico montado polo PSdeG a ra\u00edz da avar\u00eda dun sensor dunha incubadora no Hospital de Valdeorras","datePublished":"2025-12-03T16:09:07+00:00","mainEntityOfPage":{"@id":"https:\/\/ppdegalicia.com\/es\/o-ppdeg-critica-o-relato-apocaliptico-montado-polo-psdeg-a-raiz-da-avaria-dun-sensor-dunha-incubadora-no-hospital-de-valdeorras\/"},"wordCount":291,"publisher":{"@id":"https:\/\/ppdegalicia.com\/es\/#organization"},"image":{"@id":"https:\/\/ppdegalicia.com\/es\/o-ppdeg-critica-o-relato-apocaliptico-montado-polo-psdeg-a-raiz-da-avaria-dun-sensor-dunha-incubadora-no-hospital-de-valdeorras\/#primaryimage"},"thumbnailUrl":"https:\/\/ppdegalicia.com\/wp-content\/uploads\/2025\/12\/20251203_Pleno_Ordinario82-scaled.jpg","articleSection":["Parlamento de Galicia"],"inLanguage":"es"},{"@type":"WebPage","@id":"https:\/\/ppdegalicia.com\/es\/o-ppdeg-critica-o-relato-apocaliptico-montado-polo-psdeg-a-raiz-da-avaria-dun-sensor-dunha-incubadora-no-hospital-de-valdeorras\/","url":"https:\/\/ppdegalicia.com\/es\/o-ppdeg-critica-o-relato-apocaliptico-montado-polo-psdeg-a-raiz-da-avaria-dun-sensor-dunha-incubadora-no-hospital-de-valdeorras\/","name":"O PPdeG critica o relato apocal\u00edptico montado polo PSdeG a ra\u00edz da avar\u00eda dun sensor dunha incubadora no Hospital de Valdeorras - PP de Galicia","isPartOf":{"@id":"https:\/\/ppdegalicia.com\/es\/#website"},"primaryImageOfPage":{"@id":"https:\/\/ppdegalicia.com\/es\/o-ppdeg-critica-o-relato-apocaliptico-montado-polo-psdeg-a-raiz-da-avaria-dun-sensor-dunha-incubadora-no-hospital-de-valdeorras\/#primaryimage"},"image":{"@id":"https:\/\/ppdegalicia.com\/es\/o-ppdeg-critica-o-relato-apocaliptico-montado-polo-psdeg-a-raiz-da-avaria-dun-sensor-dunha-incubadora-no-hospital-de-valdeorras\/#primaryimage"},"thumbnailUrl":"https:\/\/ppdegalicia.com\/wp-content\/uploads\/2025\/12\/20251203_Pleno_Ordinario82-scaled.jpg","datePublished":"2025-12-03T16:09:07+00:00","description":"A portavoz de Sanidade do Grupo Popular, Encarna Amigo, criticou hoxe que os socialistas galegos pretendan converter a avar\u00eda dun sensor dunha incubadora no Hospital Comarcal de Valdeorras, que se arranxou en menos de d\u00faas horas, \u201cnun relato apocal\u00edptico para trasladar \u00e1 cidadan\u00eda que este centro sanitario est\u00e1 sen partos, sen incubadora e sen seguridade\u201d.","breadcrumb":{"@id":"https:\/\/ppdegalicia.com\/es\/o-ppdeg-critica-o-relato-apocaliptico-montado-polo-psdeg-a-raiz-da-avaria-dun-sensor-dunha-incubadora-no-hospital-de-valdeorras\/#breadcrumb"},"inLanguage":"es","potentialAction":[{"@type":"ReadAction","target":["https:\/\/ppdegalicia.com\/es\/o-ppdeg-critica-o-relato-apocaliptico-montado-polo-psdeg-a-raiz-da-avaria-dun-sensor-dunha-incubadora-no-hospital-de-valdeorras\/"]}]},{"@type":"ImageObject","inLanguage":"es","@id":"https:\/\/ppdegalicia.com\/es\/o-ppdeg-critica-o-relato-apocaliptico-montado-polo-psdeg-a-raiz-da-avaria-dun-sensor-dunha-incubadora-no-hospital-de-valdeorras\/#primaryimage","url":"https:\/\/ppdegalicia.com\/wp-content\/uploads\/2025\/12\/20251203_Pleno_Ordinario82-scaled.jpg","contentUrl":"https:\/\/ppdegalicia.com\/wp-content\/uploads\/2025\/12\/20251203_Pleno_Ordinario82-scaled.jpg","width":2560,"height":1707},{"@type":"BreadcrumbList","@id":"https:\/\/ppdegalicia.com\/es\/o-ppdeg-critica-o-relato-apocaliptico-montado-polo-psdeg-a-raiz-da-avaria-dun-sensor-dunha-incubadora-no-hospital-de-valdeorras\/#breadcrumb","itemListElement":[{"@type":"ListItem","position":1,"name":"Portada","item":"https:\/\/ppdegalicia.com\/es\/"},{"@type":"ListItem","position":2,"name":"O PPdeG critica o relato apocal\u00edptico montado polo PSdeG a ra\u00edz da avar\u00eda dun sensor dunha incubadora no Hospital de Valdeorras"}]},{"@type":"WebSite","@id":"https:\/\/ppdegalicia.com\/es\/#website","url":"https:\/\/ppdegalicia.com\/es\/","name":"Partido Popular de Galicia","description":"Partido Popular de Galicia","publisher":{"@id":"https:\/\/ppdegalicia.com\/es\/#organization"},"alternateName":"PP de Galicia","potentialAction":[{"@type":"SearchAction","target":{"@type":"EntryPoint","urlTemplate":"https:\/\/ppdegalicia.com\/es\/?s={search_term_string}"},"query-input":{"@type":"PropertyValueSpecification","valueRequired":true,"valueName":"search_term_string"}}],"inLanguage":"es"},{"@type":"Organization","@id":"https:\/\/ppdegalicia.com\/es\/#organization","name":"Partido Popular de Galicia","alternateName":"PP de Galicia","url":"https:\/\/ppdegalicia.com\/es\/","logo":{"@type":"ImageObject","inLanguage":"es","@id":"https:\/\/ppdegalicia.com\/es\/#\/schema\/logo\/image\/","url":"https:\/\/ppdegalicia.com\/wp-content\/uploads\/2023\/04\/logoPP512.png","contentUrl":"https:\/\/ppdegalicia.com\/wp-content\/uploads\/2023\/04\/logoPP512.png","width":512,"height":512,"caption":"Partido Popular de Galicia"},"image":{"@id":"https:\/\/ppdegalicia.com\/es\/#\/schema\/logo\/image\/"},"sameAs":["https:\/\/www.instagram.com\/ppdegalicia\/","https:\/\/x.com\/ppdegalicia","https:\/\/www.tiktok.com\/@ppdegalicia","https:\/\/www.youtube.com\/user\/ppdegalicia"]},{"@type":"Person","@id":"https:\/\/ppdegalicia.com\/es\/#\/schema\/person\/5b822c6f59e872ebdd1142f307dbcb59","name":"ppdegaliciaredes","image":{"@type":"ImageObject","inLanguage":"es","@id":"https:\/\/secure.gravatar.com\/avatar\/3c9179cf0256d00c72a48d1f25783c58b6842cd56e85ef3a572881c8e28ccd59?s=96&d=mm&r=g","url":"https:\/\/secure.gravatar.com\/avatar\/3c9179cf0256d00c72a48d1f25783c58b6842cd56e85ef3a572881c8e28ccd59?s=96&d=mm&r=g","contentUrl":"https:\/\/secure.gravatar.com\/avatar\/3c9179cf0256d00c72a48d1f25783c58b6842cd56e85ef3a572881c8e28ccd59?s=96&d=mm&r=g","caption":"ppdegaliciaredes"},"url":"https:\/\/ppdegalicia.com\/es\/author\/ppdegaliciaredes\/"}]}},"_links":{"self":[{"href":"https:\/\/ppdegalicia.com\/es\/wp-json\/wp\/v2\/posts\/69337","targetHints":{"allow":["GET"]}}],"collection":[{"href":"https:\/\/ppdegalicia.com\/es\/wp-json\/wp\/v2\/posts"}],"about":[{"href":"https:\/\/ppdegalicia.com\/es\/wp-json\/wp\/v2\/types\/post"}],"author":[{"embeddable":true,"href":"https:\/\/ppdegalicia.com\/es\/wp-json\/wp\/v2\/users\/38"}],"replies":[{"embeddable":true,"href":"https:\/\/ppdegalicia.com\/es\/wp-json\/wp\/v2\/comments?post=69337"}],"version-history":[{"count":1,"href":"https:\/\/ppdegalicia.com\/es\/wp-json\/wp\/v2\/posts\/69337\/revisions"}],"predecessor-version":[{"id":69340,"href":"https:\/\/ppdegalicia.com\/es\/wp-json\/wp\/v2\/posts\/69337\/revisions\/69340"}],"wp:featuredmedia":[{"embeddable":true,"href":"https:\/\/ppdegalicia.com\/es\/wp-json\/wp\/v2\/media\/69338"}],"wp:attachment":[{"href":"https:\/\/ppdegalicia.com\/es\/wp-json\/wp\/v2\/media?parent=69337"}],"wp:term":[{"taxonomy":"category","embeddable":true,"href":"https:\/\/ppdegalicia.com\/es\/wp-json\/wp\/v2\/categories?post=69337"},{"taxonomy":"post_tag","embeddable":true,"href":"https:\/\/ppdegalicia.com\/es\/wp-json\/wp\/v2\/tags?post=69337"}],"curies":[{"name":"wp","href":"https:\/\/api.w.org\/{rel}","templated":true}]}}