{"id":69341,"date":"2025-12-03T18:31:28","date_gmt":"2025-12-03T17:31:28","guid":{"rendered":"https:\/\/ppdegalicia.com\/?p=69341"},"modified":"2025-12-03T18:31:28","modified_gmt":"2025-12-03T17:31:28","slug":"millan-mon-demanda-a-la-comision-europea-que-asuma-la-simplificacion-de-la-normativa-pesquera-como-una-prioridad","status":"publish","type":"post","link":"https:\/\/ppdegalicia.com\/es\/millan-mon-demanda-a-la-comision-europea-que-asuma-la-simplificacion-de-la-normativa-pesquera-como-una-prioridad\/","title":{"rendered":"Mill\u00e1n Mon demanda a la Comisi\u00f3n Europea que asuma la simplificaci\u00f3n de la normativa pesquera como \u201cuna prioridad\u201d"},"content":{"rendered":"<p style=\"font-weight: 400;\">El eurodiputado popular Francisco Mill\u00e1n Mon intervino hoy en la reuni\u00f3n de la Comisi\u00f3n de Pesca del Parlamento Europeo, en la que se abordaron varios asuntos relevantes. En especial, hubo un intercambio de puntos de vista con el Comisario Kadis sobre simplificaci\u00f3n de la normativa pesquera, tras la presentaci\u00f3n de un informe sobre esta materia por parte de la Comisi\u00f3n Europea.<\/p>\n<p style=\"font-weight: 400;\">El eurodiputado popular comenz\u00f3 apuntando que la simplificaci\u00f3n es una de las se\u00f1as de identidad de esta nueva Comisi\u00f3n Von der Leyen, \u201cdebe serlo tambi\u00e9n en la pesca\u201d y critic\u00f3 una \u201ccierta autocomplacencia\u201d por parte de la Comisi\u00f3n.<\/p>\n<p style=\"font-weight: 400;\">Mill\u00e1n Mon apunt\u00f3 que, en el documento, la Comisi\u00f3n asume que la digitalizaci\u00f3n es igual que simplificaci\u00f3n. \u201cYo no estoy de acuerdo. La digitalizaci\u00f3n per se no reduce la carga administrativa, s\u00f3lo la vuelve electr\u00f3nica\u201d, puntualiz\u00f3. Tambi\u00e9n se refiri\u00f3 al estudio que la DG Mare est\u00e1 realizando para analizar los costes y beneficios de la implementaci\u00f3n del Reglamento de Control. \u201c\u00bfCu\u00e1ndo podr\u00edamos esperar la publicaci\u00f3n de este estudio? En caso de que se identifiquen puntos d\u00e9biles, \u00bfqu\u00e9 medidas esperan tomar?\u201d, pregunt\u00f3.<\/p>\n<p style=\"font-weight: 400;\">El eurodiputado popular tambi\u00e9n pidi\u00f3 un \u00f3mnibus de simplificaci\u00f3n para la pesca. \u201cHa habido ya 7 propuestas de \u00f3mnibus de simplificaci\u00f3n en materias que van desde la agricultura, la defensa o el \u00e1mbito digital. Necesitamos un \u00f3mnibus para la pesca\u201d, subray\u00f3 Mill\u00e1n Mon, enumerando una serie de iniciativas que podr\u00edan incluirse en este \u00f3mnibus: la exclusi\u00f3n del palangre de fondo del Reglamento de aguas profundas, la modificaci\u00f3n del art\u00edculo 4.3 del Plan plurianual del Mediterr\u00e1neo o una modificaci\u00f3n puntual del FEMPA actual para eliminar las normas que dificultan la ejecuci\u00f3n del gasto. Tambi\u00e9n solicit\u00f3 agilizar la modificaci\u00f3n de los planes operativos nacionales del FEMPA, que tienen, a su juicio, un problema de rigidez.<\/p>\n<p style=\"font-weight: 400;\">Por \u00faltimo, Mill\u00e1n Mon exigi\u00f3 que la evaluaci\u00f3n del PPC desemboque en una reforma urgente. \u201cEn el propio 2026, despu\u00e9s de la evaluaci\u00f3n, deber\u00edan presentar ya una propuesta de reforma\u201d, indic\u00f3. Tambi\u00e9n en este caso enumer\u00f3 una serie de propuestas de reforma: flexibilizaci\u00f3n de la obligaci\u00f3n de desembarque, reforma del concepto de capacidad pesquera para permitir la descarbonizaci\u00f3n y favorecer el relevo generacional, reforma del concepto de pesca artesanal o la inclusi\u00f3n de consideraciones socioecon\u00f3micas a la hora de proponer y fijar TACs y cuotas.<\/p>\n<p style=\"font-weight: 400;\"><strong><u>OPORTUNIDADES DE PESCA EN EL MEDITERR\u00c1NEO<\/u><\/strong><\/p>\n<p style=\"font-weight: 400;\">En la reuni\u00f3n de la Comisi\u00f3n de Pesca, hubo tambi\u00e9n un debate sobre las oportunidades de pesca en el Mediterr\u00e1neo para 2026. Sobre esta cuesti\u00f3n, Mill\u00e1n Mon subray\u00f3 que \u201cla flota lleva ya cinco a\u00f1os consecutivos afrontando reducciones significativas del esfuerzo pesquero\u201d y a\u00f1adi\u00f3 que \u201cmuchas embarcaciones operan al l\u00edmite de la viabilidad econ\u00f3mica\u201d.<\/p>\n<p style=\"font-weight: 400;\">El eurodiputado popular critic\u00f3 la propuesta de la Comisi\u00f3n Europea para 2026, que tild\u00f3 de \u201cinasumible\u201d, pues reduce en un 65% los d\u00edas de actividad en el Mediterr\u00e1neo. Con relaci\u00f3n a las medidas compensatorias, que aportan d\u00edas adicionales de actividad, Mill\u00e1n Mon apunt\u00f3 que \u201cson mecanismos muy complejos de aplicar\u201d y reclam\u00f3 m\u00e1s flexibilidad.<\/p>\n<p style=\"font-weight: 400;\">El eurodiputado pidi\u00f3 que los Estados miembros m\u00e1s directamente afectados, como Espa\u00f1a, acudiesen al Consejo AGRIFISH \u201ccon datos biol\u00f3gicos actualizados, an\u00e1lisis socioecon\u00f3micos s\u00f3lidos y propuestas t\u00e9cnicas claras\u201d, pues es el Consejo quien aprueba definitivamente la normativa fijando las posibilidades de pesca, sin perjuicio de la responsabilidad de la Comisi\u00f3n Europea.<\/p>\n<p style=\"font-weight: 400;\">\u201cLos pescadores han cumplido todos los requisitos que se les han impuesto: modernizaci\u00f3n de artes, mejora de la selectividad y aplicaci\u00f3n de medidas de conservaci\u00f3n. Estos esfuerzos deben ser reconocidos\u201d, se\u00f1al\u00f3 Mill\u00e1n Mon. Para concluir, volvi\u00f3 a insistir en la necesidad de un \u00f3mnibus de simplificaci\u00f3n donde ser\u00eda oportuno incluir una reforma del art\u00edculo 4.3 del Plan Plurianual del Mediterr\u00e1neo.<\/p>\n","protected":false},"excerpt":{"rendered":"<p>El eurodiputado popular Francisco Mill\u00e1n Mon intervino hoy en la reuni\u00f3n de la Comisi\u00f3n de Pesca del Parlamento Europeo, en la que se abordaron varios asuntos relevantes. En especial, hubo un intercambio de puntos de vista con el Comisario Kadis sobre simplificaci\u00f3n de la normativa pesquera, tras la presentaci\u00f3n de un informe sobre esta materia [&hellip;]<\/p>\n","protected":false},"author":38,"featured_media":69342,"comment_status":"closed","ping_status":"open","sticky":false,"template":"","format":"standard","meta":{"_acf_changed":false,"footnotes":""},"categories":[1127],"tags":[],"class_list":["post-69341","post","type-post","status-publish","format-standard","has-post-thumbnail","hentry","category-actualidad-parlamento-europeo"],"acf":[],"yoast_head":"<!-- This site is optimized with the Yoast SEO plugin v27.3 - https:\/\/yoast.com\/product\/yoast-seo-wordpress\/ -->\n<title>Mill\u00e1n Mon demanda a la Comisi\u00f3n Europea que asuma la simplificaci\u00f3n de la normativa pesquera como \u201cuna prioridad\u201d - PP de Galicia<\/title>\n<meta name=\"description\" content=\"El eurodiputado popular Francisco Mill\u00e1n Mon intervino hoy en la reuni\u00f3n de la Comisi\u00f3n de Pesca del Parlamento Europeo, en la que se abordaron varios asuntos relevantes. En especial, hubo un intercambio de puntos de vista con el Comisario Kadis sobre simplificaci\u00f3n de la normativa pesquera, tras la presentaci\u00f3n de un informe sobre esta materia por parte de la Comisi\u00f3n Europea.\" \/>\n<meta name=\"robots\" content=\"index, follow, max-snippet:-1, max-image-preview:large, max-video-preview:-1\" \/>\n<link rel=\"canonical\" href=\"https:\/\/ppdegalicia.com\/es\/millan-mon-demanda-a-la-comision-europea-que-asuma-la-simplificacion-de-la-normativa-pesquera-como-una-prioridad\/\" \/>\n<meta property=\"og:locale\" content=\"es_ES\" \/>\n<meta property=\"og:type\" content=\"article\" \/>\n<meta property=\"og:title\" content=\"Mill\u00e1n Mon demanda a la Comisi\u00f3n Europea que asuma la simplificaci\u00f3n de la normativa pesquera como \u201cuna prioridad\u201d - PP de Galicia\" \/>\n<meta property=\"og:description\" content=\"El eurodiputado popular Francisco Mill\u00e1n Mon intervino hoy en la reuni\u00f3n de la Comisi\u00f3n de Pesca del Parlamento Europeo, en la que se abordaron varios asuntos relevantes. En especial, hubo un intercambio de puntos de vista con el Comisario Kadis sobre simplificaci\u00f3n de la normativa pesquera, tras la presentaci\u00f3n de un informe sobre esta materia por parte de la Comisi\u00f3n Europea.\" \/>\n<meta property=\"og:url\" content=\"https:\/\/ppdegalicia.com\/es\/millan-mon-demanda-a-la-comision-europea-que-asuma-la-simplificacion-de-la-normativa-pesquera-como-una-prioridad\/\" \/>\n<meta property=\"og:site_name\" content=\"PP de Galicia\" \/>\n<meta property=\"article:publisher\" content=\"https:\/\/www.instagram.com\/ppdegalicia\/\" \/>\n<meta property=\"article:published_time\" content=\"2025-12-03T17:31:28+00:00\" \/>\n<meta property=\"og:image\" content=\"https:\/\/ppdegalicia.com\/wp-content\/uploads\/2025\/12\/MillanMon_CostasKadis.jpg\" \/>\n\t<meta property=\"og:image:width\" content=\"1334\" \/>\n\t<meta property=\"og:image:height\" content=\"889\" \/>\n\t<meta property=\"og:image:type\" content=\"image\/jpeg\" \/>\n<meta name=\"author\" content=\"ppdegaliciaredes\" \/>\n<meta name=\"twitter:card\" content=\"summary_large_image\" \/>\n<meta name=\"twitter:creator\" content=\"@ppdegalicia\" \/>\n<meta name=\"twitter:site\" content=\"@ppdegalicia\" \/>\n<meta name=\"twitter:label1\" content=\"Escrito por\" \/>\n\t<meta name=\"twitter:data1\" content=\"ppdegaliciaredes\" \/>\n\t<meta name=\"twitter:label2\" content=\"Tiempo de lectura\" \/>\n\t<meta name=\"twitter:data2\" content=\"4 minutos\" \/>\n<script type=\"application\/ld+json\" class=\"yoast-schema-graph\">{\"@context\":\"https:\\\/\\\/schema.org\",\"@graph\":[{\"@type\":\"Article\",\"@id\":\"https:\\\/\\\/ppdegalicia.com\\\/es\\\/millan-mon-demanda-a-la-comision-europea-que-asuma-la-simplificacion-de-la-normativa-pesquera-como-una-prioridad\\\/#article\",\"isPartOf\":{\"@id\":\"https:\\\/\\\/ppdegalicia.com\\\/es\\\/millan-mon-demanda-a-la-comision-europea-que-asuma-la-simplificacion-de-la-normativa-pesquera-como-una-prioridad\\\/\"},\"author\":{\"name\":\"ppdegaliciaredes\",\"@id\":\"https:\\\/\\\/ppdegalicia.com\\\/es\\\/#\\\/schema\\\/person\\\/5b822c6f59e872ebdd1142f307dbcb59\"},\"headline\":\"Mill\u00e1n Mon demanda a la Comisi\u00f3n Europea que asuma la simplificaci\u00f3n de la normativa pesquera como \u201cuna prioridad\u201d\",\"datePublished\":\"2025-12-03T17:31:28+00:00\",\"mainEntityOfPage\":{\"@id\":\"https:\\\/\\\/ppdegalicia.com\\\/es\\\/millan-mon-demanda-a-la-comision-europea-que-asuma-la-simplificacion-de-la-normativa-pesquera-como-una-prioridad\\\/\"},\"wordCount\":699,\"publisher\":{\"@id\":\"https:\\\/\\\/ppdegalicia.com\\\/es\\\/#organization\"},\"image\":{\"@id\":\"https:\\\/\\\/ppdegalicia.com\\\/es\\\/millan-mon-demanda-a-la-comision-europea-que-asuma-la-simplificacion-de-la-normativa-pesquera-como-una-prioridad\\\/#primaryimage\"},\"thumbnailUrl\":\"https:\\\/\\\/ppdegalicia.com\\\/wp-content\\\/uploads\\\/2025\\\/12\\\/MillanMon_CostasKadis.jpg\",\"articleSection\":[\"Parlamento Europeo\"],\"inLanguage\":\"es\"},{\"@type\":\"WebPage\",\"@id\":\"https:\\\/\\\/ppdegalicia.com\\\/es\\\/millan-mon-demanda-a-la-comision-europea-que-asuma-la-simplificacion-de-la-normativa-pesquera-como-una-prioridad\\\/\",\"url\":\"https:\\\/\\\/ppdegalicia.com\\\/es\\\/millan-mon-demanda-a-la-comision-europea-que-asuma-la-simplificacion-de-la-normativa-pesquera-como-una-prioridad\\\/\",\"name\":\"Mill\u00e1n Mon demanda a la Comisi\u00f3n Europea que asuma la simplificaci\u00f3n de la normativa pesquera como \u201cuna prioridad\u201d - PP de Galicia\",\"isPartOf\":{\"@id\":\"https:\\\/\\\/ppdegalicia.com\\\/es\\\/#website\"},\"primaryImageOfPage\":{\"@id\":\"https:\\\/\\\/ppdegalicia.com\\\/es\\\/millan-mon-demanda-a-la-comision-europea-que-asuma-la-simplificacion-de-la-normativa-pesquera-como-una-prioridad\\\/#primaryimage\"},\"image\":{\"@id\":\"https:\\\/\\\/ppdegalicia.com\\\/es\\\/millan-mon-demanda-a-la-comision-europea-que-asuma-la-simplificacion-de-la-normativa-pesquera-como-una-prioridad\\\/#primaryimage\"},\"thumbnailUrl\":\"https:\\\/\\\/ppdegalicia.com\\\/wp-content\\\/uploads\\\/2025\\\/12\\\/MillanMon_CostasKadis.jpg\",\"datePublished\":\"2025-12-03T17:31:28+00:00\",\"description\":\"El eurodiputado popular Francisco Mill\u00e1n Mon intervino hoy en la reuni\u00f3n de la Comisi\u00f3n de Pesca del Parlamento Europeo, en la que se abordaron varios asuntos relevantes. En especial, hubo un intercambio de puntos de vista con el Comisario Kadis sobre simplificaci\u00f3n de la normativa pesquera, tras la presentaci\u00f3n de un informe sobre esta materia por parte de la Comisi\u00f3n Europea.\",\"breadcrumb\":{\"@id\":\"https:\\\/\\\/ppdegalicia.com\\\/es\\\/millan-mon-demanda-a-la-comision-europea-que-asuma-la-simplificacion-de-la-normativa-pesquera-como-una-prioridad\\\/#breadcrumb\"},\"inLanguage\":\"es\",\"potentialAction\":[{\"@type\":\"ReadAction\",\"target\":[\"https:\\\/\\\/ppdegalicia.com\\\/es\\\/millan-mon-demanda-a-la-comision-europea-que-asuma-la-simplificacion-de-la-normativa-pesquera-como-una-prioridad\\\/\"]}]},{\"@type\":\"ImageObject\",\"inLanguage\":\"es\",\"@id\":\"https:\\\/\\\/ppdegalicia.com\\\/es\\\/millan-mon-demanda-a-la-comision-europea-que-asuma-la-simplificacion-de-la-normativa-pesquera-como-una-prioridad\\\/#primaryimage\",\"url\":\"https:\\\/\\\/ppdegalicia.com\\\/wp-content\\\/uploads\\\/2025\\\/12\\\/MillanMon_CostasKadis.jpg\",\"contentUrl\":\"https:\\\/\\\/ppdegalicia.com\\\/wp-content\\\/uploads\\\/2025\\\/12\\\/MillanMon_CostasKadis.jpg\",\"width\":1334,\"height\":889},{\"@type\":\"BreadcrumbList\",\"@id\":\"https:\\\/\\\/ppdegalicia.com\\\/es\\\/millan-mon-demanda-a-la-comision-europea-que-asuma-la-simplificacion-de-la-normativa-pesquera-como-una-prioridad\\\/#breadcrumb\",\"itemListElement\":[{\"@type\":\"ListItem\",\"position\":1,\"name\":\"Portada\",\"item\":\"https:\\\/\\\/ppdegalicia.com\\\/es\\\/\"},{\"@type\":\"ListItem\",\"position\":2,\"name\":\"Mill\u00e1n Mon demanda a la Comisi\u00f3n Europea que asuma la simplificaci\u00f3n de la normativa pesquera como \u201cuna prioridad\u201d\"}]},{\"@type\":\"WebSite\",\"@id\":\"https:\\\/\\\/ppdegalicia.com\\\/es\\\/#website\",\"url\":\"https:\\\/\\\/ppdegalicia.com\\\/es\\\/\",\"name\":\"Partido Popular de Galicia\",\"description\":\"Partido Popular de Galicia\",\"publisher\":{\"@id\":\"https:\\\/\\\/ppdegalicia.com\\\/es\\\/#organization\"},\"alternateName\":\"PP de Galicia\",\"potentialAction\":[{\"@type\":\"SearchAction\",\"target\":{\"@type\":\"EntryPoint\",\"urlTemplate\":\"https:\\\/\\\/ppdegalicia.com\\\/es\\\/?s={search_term_string}\"},\"query-input\":{\"@type\":\"PropertyValueSpecification\",\"valueRequired\":true,\"valueName\":\"search_term_string\"}}],\"inLanguage\":\"es\"},{\"@type\":\"Organization\",\"@id\":\"https:\\\/\\\/ppdegalicia.com\\\/es\\\/#organization\",\"name\":\"Partido Popular de Galicia\",\"alternateName\":\"PP de Galicia\",\"url\":\"https:\\\/\\\/ppdegalicia.com\\\/es\\\/\",\"logo\":{\"@type\":\"ImageObject\",\"inLanguage\":\"es\",\"@id\":\"https:\\\/\\\/ppdegalicia.com\\\/es\\\/#\\\/schema\\\/logo\\\/image\\\/\",\"url\":\"https:\\\/\\\/ppdegalicia.com\\\/wp-content\\\/uploads\\\/2023\\\/04\\\/logoPP512.png\",\"contentUrl\":\"https:\\\/\\\/ppdegalicia.com\\\/wp-content\\\/uploads\\\/2023\\\/04\\\/logoPP512.png\",\"width\":512,\"height\":512,\"caption\":\"Partido Popular de Galicia\"},\"image\":{\"@id\":\"https:\\\/\\\/ppdegalicia.com\\\/es\\\/#\\\/schema\\\/logo\\\/image\\\/\"},\"sameAs\":[\"https:\\\/\\\/www.instagram.com\\\/ppdegalicia\\\/\",\"https:\\\/\\\/x.com\\\/ppdegalicia\",\"https:\\\/\\\/www.tiktok.com\\\/@ppdegalicia\",\"https:\\\/\\\/www.youtube.com\\\/user\\\/ppdegalicia\"]},{\"@type\":\"Person\",\"@id\":\"https:\\\/\\\/ppdegalicia.com\\\/es\\\/#\\\/schema\\\/person\\\/5b822c6f59e872ebdd1142f307dbcb59\",\"name\":\"ppdegaliciaredes\",\"image\":{\"@type\":\"ImageObject\",\"inLanguage\":\"es\",\"@id\":\"https:\\\/\\\/secure.gravatar.com\\\/avatar\\\/3c9179cf0256d00c72a48d1f25783c58b6842cd56e85ef3a572881c8e28ccd59?s=96&d=mm&r=g\",\"url\":\"https:\\\/\\\/secure.gravatar.com\\\/avatar\\\/3c9179cf0256d00c72a48d1f25783c58b6842cd56e85ef3a572881c8e28ccd59?s=96&d=mm&r=g\",\"contentUrl\":\"https:\\\/\\\/secure.gravatar.com\\\/avatar\\\/3c9179cf0256d00c72a48d1f25783c58b6842cd56e85ef3a572881c8e28ccd59?s=96&d=mm&r=g\",\"caption\":\"ppdegaliciaredes\"},\"url\":\"https:\\\/\\\/ppdegalicia.com\\\/es\\\/author\\\/ppdegaliciaredes\\\/\"}]}<\/script>\n<!-- \/ Yoast SEO plugin. -->","yoast_head_json":{"title":"Mill\u00e1n Mon demanda a la Comisi\u00f3n Europea que asuma la simplificaci\u00f3n de la normativa pesquera como \u201cuna prioridad\u201d - PP de Galicia","description":"El eurodiputado popular Francisco Mill\u00e1n Mon intervino hoy en la reuni\u00f3n de la Comisi\u00f3n de Pesca del Parlamento Europeo, en la que se abordaron varios asuntos relevantes. En especial, hubo un intercambio de puntos de vista con el Comisario Kadis sobre simplificaci\u00f3n de la normativa pesquera, tras la presentaci\u00f3n de un informe sobre esta materia por parte de la Comisi\u00f3n Europea.","robots":{"index":"index","follow":"follow","max-snippet":"max-snippet:-1","max-image-preview":"max-image-preview:large","max-video-preview":"max-video-preview:-1"},"canonical":"https:\/\/ppdegalicia.com\/es\/millan-mon-demanda-a-la-comision-europea-que-asuma-la-simplificacion-de-la-normativa-pesquera-como-una-prioridad\/","og_locale":"es_ES","og_type":"article","og_title":"Mill\u00e1n Mon demanda a la Comisi\u00f3n Europea que asuma la simplificaci\u00f3n de la normativa pesquera como \u201cuna prioridad\u201d - PP de Galicia","og_description":"El eurodiputado popular Francisco Mill\u00e1n Mon intervino hoy en la reuni\u00f3n de la Comisi\u00f3n de Pesca del Parlamento Europeo, en la que se abordaron varios asuntos relevantes. En especial, hubo un intercambio de puntos de vista con el Comisario Kadis sobre simplificaci\u00f3n de la normativa pesquera, tras la presentaci\u00f3n de un informe sobre esta materia por parte de la Comisi\u00f3n Europea.","og_url":"https:\/\/ppdegalicia.com\/es\/millan-mon-demanda-a-la-comision-europea-que-asuma-la-simplificacion-de-la-normativa-pesquera-como-una-prioridad\/","og_site_name":"PP de Galicia","article_publisher":"https:\/\/www.instagram.com\/ppdegalicia\/","article_published_time":"2025-12-03T17:31:28+00:00","og_image":[{"width":1334,"height":889,"url":"https:\/\/ppdegalicia.com\/wp-content\/uploads\/2025\/12\/MillanMon_CostasKadis.jpg","type":"image\/jpeg"}],"author":"ppdegaliciaredes","twitter_card":"summary_large_image","twitter_creator":"@ppdegalicia","twitter_site":"@ppdegalicia","twitter_misc":{"Escrito por":"ppdegaliciaredes","Tiempo de lectura":"4 minutos"},"schema":{"@context":"https:\/\/schema.org","@graph":[{"@type":"Article","@id":"https:\/\/ppdegalicia.com\/es\/millan-mon-demanda-a-la-comision-europea-que-asuma-la-simplificacion-de-la-normativa-pesquera-como-una-prioridad\/#article","isPartOf":{"@id":"https:\/\/ppdegalicia.com\/es\/millan-mon-demanda-a-la-comision-europea-que-asuma-la-simplificacion-de-la-normativa-pesquera-como-una-prioridad\/"},"author":{"name":"ppdegaliciaredes","@id":"https:\/\/ppdegalicia.com\/es\/#\/schema\/person\/5b822c6f59e872ebdd1142f307dbcb59"},"headline":"Mill\u00e1n Mon demanda a la Comisi\u00f3n Europea que asuma la simplificaci\u00f3n de la normativa pesquera como \u201cuna prioridad\u201d","datePublished":"2025-12-03T17:31:28+00:00","mainEntityOfPage":{"@id":"https:\/\/ppdegalicia.com\/es\/millan-mon-demanda-a-la-comision-europea-que-asuma-la-simplificacion-de-la-normativa-pesquera-como-una-prioridad\/"},"wordCount":699,"publisher":{"@id":"https:\/\/ppdegalicia.com\/es\/#organization"},"image":{"@id":"https:\/\/ppdegalicia.com\/es\/millan-mon-demanda-a-la-comision-europea-que-asuma-la-simplificacion-de-la-normativa-pesquera-como-una-prioridad\/#primaryimage"},"thumbnailUrl":"https:\/\/ppdegalicia.com\/wp-content\/uploads\/2025\/12\/MillanMon_CostasKadis.jpg","articleSection":["Parlamento Europeo"],"inLanguage":"es"},{"@type":"WebPage","@id":"https:\/\/ppdegalicia.com\/es\/millan-mon-demanda-a-la-comision-europea-que-asuma-la-simplificacion-de-la-normativa-pesquera-como-una-prioridad\/","url":"https:\/\/ppdegalicia.com\/es\/millan-mon-demanda-a-la-comision-europea-que-asuma-la-simplificacion-de-la-normativa-pesquera-como-una-prioridad\/","name":"Mill\u00e1n Mon demanda a la Comisi\u00f3n Europea que asuma la simplificaci\u00f3n de la normativa pesquera como \u201cuna prioridad\u201d - PP de Galicia","isPartOf":{"@id":"https:\/\/ppdegalicia.com\/es\/#website"},"primaryImageOfPage":{"@id":"https:\/\/ppdegalicia.com\/es\/millan-mon-demanda-a-la-comision-europea-que-asuma-la-simplificacion-de-la-normativa-pesquera-como-una-prioridad\/#primaryimage"},"image":{"@id":"https:\/\/ppdegalicia.com\/es\/millan-mon-demanda-a-la-comision-europea-que-asuma-la-simplificacion-de-la-normativa-pesquera-como-una-prioridad\/#primaryimage"},"thumbnailUrl":"https:\/\/ppdegalicia.com\/wp-content\/uploads\/2025\/12\/MillanMon_CostasKadis.jpg","datePublished":"2025-12-03T17:31:28+00:00","description":"El eurodiputado popular Francisco Mill\u00e1n Mon intervino hoy en la reuni\u00f3n de la Comisi\u00f3n de Pesca del Parlamento Europeo, en la que se abordaron varios asuntos relevantes. En especial, hubo un intercambio de puntos de vista con el Comisario Kadis sobre simplificaci\u00f3n de la normativa pesquera, tras la presentaci\u00f3n de un informe sobre esta materia por parte de la Comisi\u00f3n Europea.","breadcrumb":{"@id":"https:\/\/ppdegalicia.com\/es\/millan-mon-demanda-a-la-comision-europea-que-asuma-la-simplificacion-de-la-normativa-pesquera-como-una-prioridad\/#breadcrumb"},"inLanguage":"es","potentialAction":[{"@type":"ReadAction","target":["https:\/\/ppdegalicia.com\/es\/millan-mon-demanda-a-la-comision-europea-que-asuma-la-simplificacion-de-la-normativa-pesquera-como-una-prioridad\/"]}]},{"@type":"ImageObject","inLanguage":"es","@id":"https:\/\/ppdegalicia.com\/es\/millan-mon-demanda-a-la-comision-europea-que-asuma-la-simplificacion-de-la-normativa-pesquera-como-una-prioridad\/#primaryimage","url":"https:\/\/ppdegalicia.com\/wp-content\/uploads\/2025\/12\/MillanMon_CostasKadis.jpg","contentUrl":"https:\/\/ppdegalicia.com\/wp-content\/uploads\/2025\/12\/MillanMon_CostasKadis.jpg","width":1334,"height":889},{"@type":"BreadcrumbList","@id":"https:\/\/ppdegalicia.com\/es\/millan-mon-demanda-a-la-comision-europea-que-asuma-la-simplificacion-de-la-normativa-pesquera-como-una-prioridad\/#breadcrumb","itemListElement":[{"@type":"ListItem","position":1,"name":"Portada","item":"https:\/\/ppdegalicia.com\/es\/"},{"@type":"ListItem","position":2,"name":"Mill\u00e1n Mon demanda a la Comisi\u00f3n Europea que asuma la simplificaci\u00f3n de la normativa pesquera como \u201cuna prioridad\u201d"}]},{"@type":"WebSite","@id":"https:\/\/ppdegalicia.com\/es\/#website","url":"https:\/\/ppdegalicia.com\/es\/","name":"Partido Popular de Galicia","description":"Partido Popular de Galicia","publisher":{"@id":"https:\/\/ppdegalicia.com\/es\/#organization"},"alternateName":"PP de Galicia","potentialAction":[{"@type":"SearchAction","target":{"@type":"EntryPoint","urlTemplate":"https:\/\/ppdegalicia.com\/es\/?s={search_term_string}"},"query-input":{"@type":"PropertyValueSpecification","valueRequired":true,"valueName":"search_term_string"}}],"inLanguage":"es"},{"@type":"Organization","@id":"https:\/\/ppdegalicia.com\/es\/#organization","name":"Partido Popular de Galicia","alternateName":"PP de Galicia","url":"https:\/\/ppdegalicia.com\/es\/","logo":{"@type":"ImageObject","inLanguage":"es","@id":"https:\/\/ppdegalicia.com\/es\/#\/schema\/logo\/image\/","url":"https:\/\/ppdegalicia.com\/wp-content\/uploads\/2023\/04\/logoPP512.png","contentUrl":"https:\/\/ppdegalicia.com\/wp-content\/uploads\/2023\/04\/logoPP512.png","width":512,"height":512,"caption":"Partido Popular de Galicia"},"image":{"@id":"https:\/\/ppdegalicia.com\/es\/#\/schema\/logo\/image\/"},"sameAs":["https:\/\/www.instagram.com\/ppdegalicia\/","https:\/\/x.com\/ppdegalicia","https:\/\/www.tiktok.com\/@ppdegalicia","https:\/\/www.youtube.com\/user\/ppdegalicia"]},{"@type":"Person","@id":"https:\/\/ppdegalicia.com\/es\/#\/schema\/person\/5b822c6f59e872ebdd1142f307dbcb59","name":"ppdegaliciaredes","image":{"@type":"ImageObject","inLanguage":"es","@id":"https:\/\/secure.gravatar.com\/avatar\/3c9179cf0256d00c72a48d1f25783c58b6842cd56e85ef3a572881c8e28ccd59?s=96&d=mm&r=g","url":"https:\/\/secure.gravatar.com\/avatar\/3c9179cf0256d00c72a48d1f25783c58b6842cd56e85ef3a572881c8e28ccd59?s=96&d=mm&r=g","contentUrl":"https:\/\/secure.gravatar.com\/avatar\/3c9179cf0256d00c72a48d1f25783c58b6842cd56e85ef3a572881c8e28ccd59?s=96&d=mm&r=g","caption":"ppdegaliciaredes"},"url":"https:\/\/ppdegalicia.com\/es\/author\/ppdegaliciaredes\/"}]}},"_links":{"self":[{"href":"https:\/\/ppdegalicia.com\/es\/wp-json\/wp\/v2\/posts\/69341","targetHints":{"allow":["GET"]}}],"collection":[{"href":"https:\/\/ppdegalicia.com\/es\/wp-json\/wp\/v2\/posts"}],"about":[{"href":"https:\/\/ppdegalicia.com\/es\/wp-json\/wp\/v2\/types\/post"}],"author":[{"embeddable":true,"href":"https:\/\/ppdegalicia.com\/es\/wp-json\/wp\/v2\/users\/38"}],"replies":[{"embeddable":true,"href":"https:\/\/ppdegalicia.com\/es\/wp-json\/wp\/v2\/comments?post=69341"}],"version-history":[{"count":1,"href":"https:\/\/ppdegalicia.com\/es\/wp-json\/wp\/v2\/posts\/69341\/revisions"}],"predecessor-version":[{"id":69344,"href":"https:\/\/ppdegalicia.com\/es\/wp-json\/wp\/v2\/posts\/69341\/revisions\/69344"}],"wp:featuredmedia":[{"embeddable":true,"href":"https:\/\/ppdegalicia.com\/es\/wp-json\/wp\/v2\/media\/69342"}],"wp:attachment":[{"href":"https:\/\/ppdegalicia.com\/es\/wp-json\/wp\/v2\/media?parent=69341"}],"wp:term":[{"taxonomy":"category","embeddable":true,"href":"https:\/\/ppdegalicia.com\/es\/wp-json\/wp\/v2\/categories?post=69341"},{"taxonomy":"post_tag","embeddable":true,"href":"https:\/\/ppdegalicia.com\/es\/wp-json\/wp\/v2\/tags?post=69341"}],"curies":[{"name":"wp","href":"https:\/\/api.w.org\/{rel}","templated":true}]}}