{"id":69345,"date":"2025-12-04T12:09:26","date_gmt":"2025-12-04T11:09:26","guid":{"rendered":"https:\/\/ppdegalicia.com\/?p=69345"},"modified":"2025-12-04T12:09:26","modified_gmt":"2025-12-04T11:09:26","slug":"el-ppdeg-exige-explicaciones-al-gobierno-de-sanchez-sobre-por-que-traspasa-la-ap-68-a-navarra-y-no-la-ap-9-a-galicia","status":"publish","type":"post","link":"https:\/\/ppdegalicia.com\/es\/el-ppdeg-exige-explicaciones-al-gobierno-de-sanchez-sobre-por-que-traspasa-la-ap-68-a-navarra-y-no-la-ap-9-a-galicia\/","title":{"rendered":"El PPdeG exige explicaciones al Gobierno de S\u00e1nchez sobre por qu\u00e9 traspasa la AP-68 a Navarra y no la AP-9 a Galicia"},"content":{"rendered":"<p>Los diputados del PPdeG en el Congreso han registrado una pregunta al Gobierno exigiendo explicaciones al Ejecutivo de S\u00e1nchez sobre el traspaso de la autopista AP-68 a Navarra y no la de la AP-9 a Galicia.<\/p>\n<p>\u00ab\u00bfCu\u00e1les son los motivos por los que el Gobierno se niega a acordar con la Xunta de Galicia el traspaso de la transferencia a la Comunidad Aut\u00f3noma de Galicia de la titularidad y competencias de la autopista del Atl\u00e1ntico AP-9 mientras acord\u00f3 y acuerda la transferencia de la titularidad de la AP-68 a otras Comunidades Aut\u00f3nomas?\u00bb, se preguntan.<\/p>\n<p>En este sentido, cuestionan si el Gobierno tiene pensado \u00abcesar en su actitud boicoteadora\u00bb de la tramitaci\u00f3n en el Congreso de los Diputados, de la Proposici\u00f3n de Ley Org\u00e1nica (PLO) de transferencia de la titularidad y competencias de la autopista del Atl\u00e1ntico (AP-9) a la Comunidad Aut\u00f3noma de Galicia.<\/p>\n<p>El diputado y vicepresidente de la Comisi\u00f3n de Transportes del Congreso, Celso Delgado, asegura que se est\u00e1 produciendo \u00abun nuevo agravio a Galicia\u00bb y califica de \u00abincalificable\u00bb y \u00abarbitraria\u00bb la actitud del Ejecutivo de S\u00e1nchez.<\/p>\n<p>\u00abTodo indica que se negocian transferencias con aquellas comunidades de un signo pol\u00edtico af\u00edn, como es el caso de Navarra, gobernada por el PSOE con el apoyo inestimable de Bildu, un socio preferente del Gobierno central. Antes, ya en 2019, los tramos de la AP-68 que discurren por el Pa\u00eds Vasco hab\u00edan sido tambi\u00e9n ya transferidos\u00bb, explica.<\/p>\n<p>Ante estos precedentes, Delgado considera que \u00abhay suficientes precedentes de que si hay voluntad pol\u00edtica de transferir y de negociar, se puede hacer\u00bb. En cambio, lamenta, \u00abuna vez m\u00e1s, el Gobierno de Pedro S\u00e1nchez, de \u00d3scar Puente, apoyado por Jos\u00e9 Ram\u00f3n G\u00f3mez Besteiro desde Galicia y sustentado por el BNG, maltrata a nuestra Comunidad\u00bb.<\/p>\n","protected":false},"excerpt":{"rendered":"<p>Los diputados del PPdeG en el Congreso han registrado una pregunta al Gobierno exigiendo explicaciones al Ejecutivo de S\u00e1nchez sobre el traspaso de la autopista AP-68 a Navarra y no la de la AP-9 a Galicia. \u00ab\u00bfCu\u00e1les son los motivos por los que el Gobierno se niega a acordar con la Xunta de Galicia el [&hellip;]<\/p>\n","protected":false},"author":38,"featured_media":69346,"comment_status":"closed","ping_status":"open","sticky":false,"template":"","format":"standard","meta":{"_acf_changed":false,"footnotes":""},"categories":[2387],"tags":[],"class_list":["post-69345","post","type-post","status-publish","format-standard","has-post-thumbnail","hentry","category-actualidad-cortes-generales"],"acf":[],"yoast_head":"<!-- This site is optimized with the Yoast SEO plugin v27.3 - https:\/\/yoast.com\/product\/yoast-seo-wordpress\/ -->\n<title>El PPdeG exige explicaciones al Gobierno de S\u00e1nchez sobre por qu\u00e9 traspasa la AP-68 a Navarra y no la AP-9 a Galicia - PP de Galicia<\/title>\n<meta name=\"description\" content=\"Los diputados del PPdeG en el Congreso han registrado una pregunta al Gobierno exigiendo explicaciones al Ejecutivo de S\u00e1nchez sobre el traspaso de la autopista AP-68 a Navarra y no la de la AP-9 a Galicia.\" \/>\n<meta name=\"robots\" content=\"index, follow, max-snippet:-1, max-image-preview:large, max-video-preview:-1\" \/>\n<link rel=\"canonical\" href=\"https:\/\/ppdegalicia.com\/es\/el-ppdeg-exige-explicaciones-al-gobierno-de-sanchez-sobre-por-que-traspasa-la-ap-68-a-navarra-y-no-la-ap-9-a-galicia\/\" \/>\n<meta property=\"og:locale\" content=\"es_ES\" \/>\n<meta property=\"og:type\" content=\"article\" \/>\n<meta property=\"og:title\" content=\"El PPdeG exige explicaciones al Gobierno de S\u00e1nchez sobre por qu\u00e9 traspasa la AP-68 a Navarra y no la AP-9 a Galicia - PP de Galicia\" \/>\n<meta property=\"og:description\" content=\"Los diputados del PPdeG en el Congreso han registrado una pregunta al Gobierno exigiendo explicaciones al Ejecutivo de S\u00e1nchez sobre el traspaso de la autopista AP-68 a Navarra y no la de la AP-9 a Galicia.\" \/>\n<meta property=\"og:url\" content=\"https:\/\/ppdegalicia.com\/es\/el-ppdeg-exige-explicaciones-al-gobierno-de-sanchez-sobre-por-que-traspasa-la-ap-68-a-navarra-y-no-la-ap-9-a-galicia\/\" \/>\n<meta property=\"og:site_name\" content=\"PP de Galicia\" \/>\n<meta property=\"article:publisher\" content=\"https:\/\/www.instagram.com\/ppdegalicia\/\" \/>\n<meta property=\"article:published_time\" content=\"2025-12-04T11:09:26+00:00\" \/>\n<meta property=\"og:image\" content=\"https:\/\/ppdegalicia.com\/wp-content\/uploads\/2025\/12\/PedroPuy_TristanaMoraleja_CelsoDelgado-1.jpg\" \/>\n\t<meta property=\"og:image:width\" content=\"1531\" \/>\n\t<meta property=\"og:image:height\" content=\"1020\" \/>\n\t<meta property=\"og:image:type\" content=\"image\/jpeg\" \/>\n<meta name=\"author\" content=\"ppdegaliciaredes\" \/>\n<meta name=\"twitter:card\" content=\"summary_large_image\" \/>\n<meta name=\"twitter:creator\" content=\"@ppdegalicia\" \/>\n<meta name=\"twitter:site\" content=\"@ppdegalicia\" \/>\n<meta name=\"twitter:label1\" content=\"Escrito por\" \/>\n\t<meta name=\"twitter:data1\" content=\"ppdegaliciaredes\" \/>\n\t<meta name=\"twitter:label2\" content=\"Tiempo de lectura\" \/>\n\t<meta name=\"twitter:data2\" content=\"2 minutos\" \/>\n<script type=\"application\/ld+json\" class=\"yoast-schema-graph\">{\"@context\":\"https:\\\/\\\/schema.org\",\"@graph\":[{\"@type\":\"Article\",\"@id\":\"https:\\\/\\\/ppdegalicia.com\\\/es\\\/el-ppdeg-exige-explicaciones-al-gobierno-de-sanchez-sobre-por-que-traspasa-la-ap-68-a-navarra-y-no-la-ap-9-a-galicia\\\/#article\",\"isPartOf\":{\"@id\":\"https:\\\/\\\/ppdegalicia.com\\\/es\\\/el-ppdeg-exige-explicaciones-al-gobierno-de-sanchez-sobre-por-que-traspasa-la-ap-68-a-navarra-y-no-la-ap-9-a-galicia\\\/\"},\"author\":{\"name\":\"ppdegaliciaredes\",\"@id\":\"https:\\\/\\\/ppdegalicia.com\\\/es\\\/#\\\/schema\\\/person\\\/5b822c6f59e872ebdd1142f307dbcb59\"},\"headline\":\"El PPdeG exige explicaciones al Gobierno de S\u00e1nchez sobre por qu\u00e9 traspasa la AP-68 a Navarra y no la AP-9 a Galicia\",\"datePublished\":\"2025-12-04T11:09:26+00:00\",\"mainEntityOfPage\":{\"@id\":\"https:\\\/\\\/ppdegalicia.com\\\/es\\\/el-ppdeg-exige-explicaciones-al-gobierno-de-sanchez-sobre-por-que-traspasa-la-ap-68-a-navarra-y-no-la-ap-9-a-galicia\\\/\"},\"wordCount\":333,\"publisher\":{\"@id\":\"https:\\\/\\\/ppdegalicia.com\\\/es\\\/#organization\"},\"image\":{\"@id\":\"https:\\\/\\\/ppdegalicia.com\\\/es\\\/el-ppdeg-exige-explicaciones-al-gobierno-de-sanchez-sobre-por-que-traspasa-la-ap-68-a-navarra-y-no-la-ap-9-a-galicia\\\/#primaryimage\"},\"thumbnailUrl\":\"https:\\\/\\\/ppdegalicia.com\\\/wp-content\\\/uploads\\\/2025\\\/12\\\/PedroPuy_TristanaMoraleja_CelsoDelgado-1.jpg\",\"articleSection\":[\"Cortes Generales\"],\"inLanguage\":\"es\"},{\"@type\":\"WebPage\",\"@id\":\"https:\\\/\\\/ppdegalicia.com\\\/es\\\/el-ppdeg-exige-explicaciones-al-gobierno-de-sanchez-sobre-por-que-traspasa-la-ap-68-a-navarra-y-no-la-ap-9-a-galicia\\\/\",\"url\":\"https:\\\/\\\/ppdegalicia.com\\\/es\\\/el-ppdeg-exige-explicaciones-al-gobierno-de-sanchez-sobre-por-que-traspasa-la-ap-68-a-navarra-y-no-la-ap-9-a-galicia\\\/\",\"name\":\"El PPdeG exige explicaciones al Gobierno de S\u00e1nchez sobre por qu\u00e9 traspasa la AP-68 a Navarra y no la AP-9 a Galicia - PP de Galicia\",\"isPartOf\":{\"@id\":\"https:\\\/\\\/ppdegalicia.com\\\/es\\\/#website\"},\"primaryImageOfPage\":{\"@id\":\"https:\\\/\\\/ppdegalicia.com\\\/es\\\/el-ppdeg-exige-explicaciones-al-gobierno-de-sanchez-sobre-por-que-traspasa-la-ap-68-a-navarra-y-no-la-ap-9-a-galicia\\\/#primaryimage\"},\"image\":{\"@id\":\"https:\\\/\\\/ppdegalicia.com\\\/es\\\/el-ppdeg-exige-explicaciones-al-gobierno-de-sanchez-sobre-por-que-traspasa-la-ap-68-a-navarra-y-no-la-ap-9-a-galicia\\\/#primaryimage\"},\"thumbnailUrl\":\"https:\\\/\\\/ppdegalicia.com\\\/wp-content\\\/uploads\\\/2025\\\/12\\\/PedroPuy_TristanaMoraleja_CelsoDelgado-1.jpg\",\"datePublished\":\"2025-12-04T11:09:26+00:00\",\"description\":\"Los diputados del PPdeG en el Congreso han registrado una pregunta al Gobierno exigiendo explicaciones al Ejecutivo de S\u00e1nchez sobre el traspaso de la autopista AP-68 a Navarra y no la de la AP-9 a Galicia.\",\"breadcrumb\":{\"@id\":\"https:\\\/\\\/ppdegalicia.com\\\/es\\\/el-ppdeg-exige-explicaciones-al-gobierno-de-sanchez-sobre-por-que-traspasa-la-ap-68-a-navarra-y-no-la-ap-9-a-galicia\\\/#breadcrumb\"},\"inLanguage\":\"es\",\"potentialAction\":[{\"@type\":\"ReadAction\",\"target\":[\"https:\\\/\\\/ppdegalicia.com\\\/es\\\/el-ppdeg-exige-explicaciones-al-gobierno-de-sanchez-sobre-por-que-traspasa-la-ap-68-a-navarra-y-no-la-ap-9-a-galicia\\\/\"]}]},{\"@type\":\"ImageObject\",\"inLanguage\":\"es\",\"@id\":\"https:\\\/\\\/ppdegalicia.com\\\/es\\\/el-ppdeg-exige-explicaciones-al-gobierno-de-sanchez-sobre-por-que-traspasa-la-ap-68-a-navarra-y-no-la-ap-9-a-galicia\\\/#primaryimage\",\"url\":\"https:\\\/\\\/ppdegalicia.com\\\/wp-content\\\/uploads\\\/2025\\\/12\\\/PedroPuy_TristanaMoraleja_CelsoDelgado-1.jpg\",\"contentUrl\":\"https:\\\/\\\/ppdegalicia.com\\\/wp-content\\\/uploads\\\/2025\\\/12\\\/PedroPuy_TristanaMoraleja_CelsoDelgado-1.jpg\",\"width\":1531,\"height\":1020},{\"@type\":\"BreadcrumbList\",\"@id\":\"https:\\\/\\\/ppdegalicia.com\\\/es\\\/el-ppdeg-exige-explicaciones-al-gobierno-de-sanchez-sobre-por-que-traspasa-la-ap-68-a-navarra-y-no-la-ap-9-a-galicia\\\/#breadcrumb\",\"itemListElement\":[{\"@type\":\"ListItem\",\"position\":1,\"name\":\"Portada\",\"item\":\"https:\\\/\\\/ppdegalicia.com\\\/es\\\/\"},{\"@type\":\"ListItem\",\"position\":2,\"name\":\"El PPdeG exige explicaciones al Gobierno de S\u00e1nchez sobre por qu\u00e9 traspasa la AP-68 a Navarra y no la AP-9 a Galicia\"}]},{\"@type\":\"WebSite\",\"@id\":\"https:\\\/\\\/ppdegalicia.com\\\/es\\\/#website\",\"url\":\"https:\\\/\\\/ppdegalicia.com\\\/es\\\/\",\"name\":\"Partido Popular de Galicia\",\"description\":\"Partido Popular de Galicia\",\"publisher\":{\"@id\":\"https:\\\/\\\/ppdegalicia.com\\\/es\\\/#organization\"},\"alternateName\":\"PP de Galicia\",\"potentialAction\":[{\"@type\":\"SearchAction\",\"target\":{\"@type\":\"EntryPoint\",\"urlTemplate\":\"https:\\\/\\\/ppdegalicia.com\\\/es\\\/?s={search_term_string}\"},\"query-input\":{\"@type\":\"PropertyValueSpecification\",\"valueRequired\":true,\"valueName\":\"search_term_string\"}}],\"inLanguage\":\"es\"},{\"@type\":\"Organization\",\"@id\":\"https:\\\/\\\/ppdegalicia.com\\\/es\\\/#organization\",\"name\":\"Partido Popular de Galicia\",\"alternateName\":\"PP de Galicia\",\"url\":\"https:\\\/\\\/ppdegalicia.com\\\/es\\\/\",\"logo\":{\"@type\":\"ImageObject\",\"inLanguage\":\"es\",\"@id\":\"https:\\\/\\\/ppdegalicia.com\\\/es\\\/#\\\/schema\\\/logo\\\/image\\\/\",\"url\":\"https:\\\/\\\/ppdegalicia.com\\\/wp-content\\\/uploads\\\/2023\\\/04\\\/logoPP512.png\",\"contentUrl\":\"https:\\\/\\\/ppdegalicia.com\\\/wp-content\\\/uploads\\\/2023\\\/04\\\/logoPP512.png\",\"width\":512,\"height\":512,\"caption\":\"Partido Popular de Galicia\"},\"image\":{\"@id\":\"https:\\\/\\\/ppdegalicia.com\\\/es\\\/#\\\/schema\\\/logo\\\/image\\\/\"},\"sameAs\":[\"https:\\\/\\\/www.instagram.com\\\/ppdegalicia\\\/\",\"https:\\\/\\\/x.com\\\/ppdegalicia\",\"https:\\\/\\\/www.tiktok.com\\\/@ppdegalicia\",\"https:\\\/\\\/www.youtube.com\\\/user\\\/ppdegalicia\"]},{\"@type\":\"Person\",\"@id\":\"https:\\\/\\\/ppdegalicia.com\\\/es\\\/#\\\/schema\\\/person\\\/5b822c6f59e872ebdd1142f307dbcb59\",\"name\":\"ppdegaliciaredes\",\"image\":{\"@type\":\"ImageObject\",\"inLanguage\":\"es\",\"@id\":\"https:\\\/\\\/secure.gravatar.com\\\/avatar\\\/3c9179cf0256d00c72a48d1f25783c58b6842cd56e85ef3a572881c8e28ccd59?s=96&d=mm&r=g\",\"url\":\"https:\\\/\\\/secure.gravatar.com\\\/avatar\\\/3c9179cf0256d00c72a48d1f25783c58b6842cd56e85ef3a572881c8e28ccd59?s=96&d=mm&r=g\",\"contentUrl\":\"https:\\\/\\\/secure.gravatar.com\\\/avatar\\\/3c9179cf0256d00c72a48d1f25783c58b6842cd56e85ef3a572881c8e28ccd59?s=96&d=mm&r=g\",\"caption\":\"ppdegaliciaredes\"},\"url\":\"https:\\\/\\\/ppdegalicia.com\\\/es\\\/author\\\/ppdegaliciaredes\\\/\"}]}<\/script>\n<!-- \/ Yoast SEO plugin. -->","yoast_head_json":{"title":"El PPdeG exige explicaciones al Gobierno de S\u00e1nchez sobre por qu\u00e9 traspasa la AP-68 a Navarra y no la AP-9 a Galicia - PP de Galicia","description":"Los diputados del PPdeG en el Congreso han registrado una pregunta al Gobierno exigiendo explicaciones al Ejecutivo de S\u00e1nchez sobre el traspaso de la autopista AP-68 a Navarra y no la de la AP-9 a Galicia.","robots":{"index":"index","follow":"follow","max-snippet":"max-snippet:-1","max-image-preview":"max-image-preview:large","max-video-preview":"max-video-preview:-1"},"canonical":"https:\/\/ppdegalicia.com\/es\/el-ppdeg-exige-explicaciones-al-gobierno-de-sanchez-sobre-por-que-traspasa-la-ap-68-a-navarra-y-no-la-ap-9-a-galicia\/","og_locale":"es_ES","og_type":"article","og_title":"El PPdeG exige explicaciones al Gobierno de S\u00e1nchez sobre por qu\u00e9 traspasa la AP-68 a Navarra y no la AP-9 a Galicia - PP de Galicia","og_description":"Los diputados del PPdeG en el Congreso han registrado una pregunta al Gobierno exigiendo explicaciones al Ejecutivo de S\u00e1nchez sobre el traspaso de la autopista AP-68 a Navarra y no la de la AP-9 a Galicia.","og_url":"https:\/\/ppdegalicia.com\/es\/el-ppdeg-exige-explicaciones-al-gobierno-de-sanchez-sobre-por-que-traspasa-la-ap-68-a-navarra-y-no-la-ap-9-a-galicia\/","og_site_name":"PP de Galicia","article_publisher":"https:\/\/www.instagram.com\/ppdegalicia\/","article_published_time":"2025-12-04T11:09:26+00:00","og_image":[{"width":1531,"height":1020,"url":"https:\/\/ppdegalicia.com\/wp-content\/uploads\/2025\/12\/PedroPuy_TristanaMoraleja_CelsoDelgado-1.jpg","type":"image\/jpeg"}],"author":"ppdegaliciaredes","twitter_card":"summary_large_image","twitter_creator":"@ppdegalicia","twitter_site":"@ppdegalicia","twitter_misc":{"Escrito por":"ppdegaliciaredes","Tiempo de lectura":"2 minutos"},"schema":{"@context":"https:\/\/schema.org","@graph":[{"@type":"Article","@id":"https:\/\/ppdegalicia.com\/es\/el-ppdeg-exige-explicaciones-al-gobierno-de-sanchez-sobre-por-que-traspasa-la-ap-68-a-navarra-y-no-la-ap-9-a-galicia\/#article","isPartOf":{"@id":"https:\/\/ppdegalicia.com\/es\/el-ppdeg-exige-explicaciones-al-gobierno-de-sanchez-sobre-por-que-traspasa-la-ap-68-a-navarra-y-no-la-ap-9-a-galicia\/"},"author":{"name":"ppdegaliciaredes","@id":"https:\/\/ppdegalicia.com\/es\/#\/schema\/person\/5b822c6f59e872ebdd1142f307dbcb59"},"headline":"El PPdeG exige explicaciones al Gobierno de S\u00e1nchez sobre por qu\u00e9 traspasa la AP-68 a Navarra y no la AP-9 a Galicia","datePublished":"2025-12-04T11:09:26+00:00","mainEntityOfPage":{"@id":"https:\/\/ppdegalicia.com\/es\/el-ppdeg-exige-explicaciones-al-gobierno-de-sanchez-sobre-por-que-traspasa-la-ap-68-a-navarra-y-no-la-ap-9-a-galicia\/"},"wordCount":333,"publisher":{"@id":"https:\/\/ppdegalicia.com\/es\/#organization"},"image":{"@id":"https:\/\/ppdegalicia.com\/es\/el-ppdeg-exige-explicaciones-al-gobierno-de-sanchez-sobre-por-que-traspasa-la-ap-68-a-navarra-y-no-la-ap-9-a-galicia\/#primaryimage"},"thumbnailUrl":"https:\/\/ppdegalicia.com\/wp-content\/uploads\/2025\/12\/PedroPuy_TristanaMoraleja_CelsoDelgado-1.jpg","articleSection":["Cortes Generales"],"inLanguage":"es"},{"@type":"WebPage","@id":"https:\/\/ppdegalicia.com\/es\/el-ppdeg-exige-explicaciones-al-gobierno-de-sanchez-sobre-por-que-traspasa-la-ap-68-a-navarra-y-no-la-ap-9-a-galicia\/","url":"https:\/\/ppdegalicia.com\/es\/el-ppdeg-exige-explicaciones-al-gobierno-de-sanchez-sobre-por-que-traspasa-la-ap-68-a-navarra-y-no-la-ap-9-a-galicia\/","name":"El PPdeG exige explicaciones al Gobierno de S\u00e1nchez sobre por qu\u00e9 traspasa la AP-68 a Navarra y no la AP-9 a Galicia - PP de Galicia","isPartOf":{"@id":"https:\/\/ppdegalicia.com\/es\/#website"},"primaryImageOfPage":{"@id":"https:\/\/ppdegalicia.com\/es\/el-ppdeg-exige-explicaciones-al-gobierno-de-sanchez-sobre-por-que-traspasa-la-ap-68-a-navarra-y-no-la-ap-9-a-galicia\/#primaryimage"},"image":{"@id":"https:\/\/ppdegalicia.com\/es\/el-ppdeg-exige-explicaciones-al-gobierno-de-sanchez-sobre-por-que-traspasa-la-ap-68-a-navarra-y-no-la-ap-9-a-galicia\/#primaryimage"},"thumbnailUrl":"https:\/\/ppdegalicia.com\/wp-content\/uploads\/2025\/12\/PedroPuy_TristanaMoraleja_CelsoDelgado-1.jpg","datePublished":"2025-12-04T11:09:26+00:00","description":"Los diputados del PPdeG en el Congreso han registrado una pregunta al Gobierno exigiendo explicaciones al Ejecutivo de S\u00e1nchez sobre el traspaso de la autopista AP-68 a Navarra y no la de la AP-9 a Galicia.","breadcrumb":{"@id":"https:\/\/ppdegalicia.com\/es\/el-ppdeg-exige-explicaciones-al-gobierno-de-sanchez-sobre-por-que-traspasa-la-ap-68-a-navarra-y-no-la-ap-9-a-galicia\/#breadcrumb"},"inLanguage":"es","potentialAction":[{"@type":"ReadAction","target":["https:\/\/ppdegalicia.com\/es\/el-ppdeg-exige-explicaciones-al-gobierno-de-sanchez-sobre-por-que-traspasa-la-ap-68-a-navarra-y-no-la-ap-9-a-galicia\/"]}]},{"@type":"ImageObject","inLanguage":"es","@id":"https:\/\/ppdegalicia.com\/es\/el-ppdeg-exige-explicaciones-al-gobierno-de-sanchez-sobre-por-que-traspasa-la-ap-68-a-navarra-y-no-la-ap-9-a-galicia\/#primaryimage","url":"https:\/\/ppdegalicia.com\/wp-content\/uploads\/2025\/12\/PedroPuy_TristanaMoraleja_CelsoDelgado-1.jpg","contentUrl":"https:\/\/ppdegalicia.com\/wp-content\/uploads\/2025\/12\/PedroPuy_TristanaMoraleja_CelsoDelgado-1.jpg","width":1531,"height":1020},{"@type":"BreadcrumbList","@id":"https:\/\/ppdegalicia.com\/es\/el-ppdeg-exige-explicaciones-al-gobierno-de-sanchez-sobre-por-que-traspasa-la-ap-68-a-navarra-y-no-la-ap-9-a-galicia\/#breadcrumb","itemListElement":[{"@type":"ListItem","position":1,"name":"Portada","item":"https:\/\/ppdegalicia.com\/es\/"},{"@type":"ListItem","position":2,"name":"El PPdeG exige explicaciones al Gobierno de S\u00e1nchez sobre por qu\u00e9 traspasa la AP-68 a Navarra y no la AP-9 a Galicia"}]},{"@type":"WebSite","@id":"https:\/\/ppdegalicia.com\/es\/#website","url":"https:\/\/ppdegalicia.com\/es\/","name":"Partido Popular de Galicia","description":"Partido Popular de Galicia","publisher":{"@id":"https:\/\/ppdegalicia.com\/es\/#organization"},"alternateName":"PP de Galicia","potentialAction":[{"@type":"SearchAction","target":{"@type":"EntryPoint","urlTemplate":"https:\/\/ppdegalicia.com\/es\/?s={search_term_string}"},"query-input":{"@type":"PropertyValueSpecification","valueRequired":true,"valueName":"search_term_string"}}],"inLanguage":"es"},{"@type":"Organization","@id":"https:\/\/ppdegalicia.com\/es\/#organization","name":"Partido Popular de Galicia","alternateName":"PP de Galicia","url":"https:\/\/ppdegalicia.com\/es\/","logo":{"@type":"ImageObject","inLanguage":"es","@id":"https:\/\/ppdegalicia.com\/es\/#\/schema\/logo\/image\/","url":"https:\/\/ppdegalicia.com\/wp-content\/uploads\/2023\/04\/logoPP512.png","contentUrl":"https:\/\/ppdegalicia.com\/wp-content\/uploads\/2023\/04\/logoPP512.png","width":512,"height":512,"caption":"Partido Popular de Galicia"},"image":{"@id":"https:\/\/ppdegalicia.com\/es\/#\/schema\/logo\/image\/"},"sameAs":["https:\/\/www.instagram.com\/ppdegalicia\/","https:\/\/x.com\/ppdegalicia","https:\/\/www.tiktok.com\/@ppdegalicia","https:\/\/www.youtube.com\/user\/ppdegalicia"]},{"@type":"Person","@id":"https:\/\/ppdegalicia.com\/es\/#\/schema\/person\/5b822c6f59e872ebdd1142f307dbcb59","name":"ppdegaliciaredes","image":{"@type":"ImageObject","inLanguage":"es","@id":"https:\/\/secure.gravatar.com\/avatar\/3c9179cf0256d00c72a48d1f25783c58b6842cd56e85ef3a572881c8e28ccd59?s=96&d=mm&r=g","url":"https:\/\/secure.gravatar.com\/avatar\/3c9179cf0256d00c72a48d1f25783c58b6842cd56e85ef3a572881c8e28ccd59?s=96&d=mm&r=g","contentUrl":"https:\/\/secure.gravatar.com\/avatar\/3c9179cf0256d00c72a48d1f25783c58b6842cd56e85ef3a572881c8e28ccd59?s=96&d=mm&r=g","caption":"ppdegaliciaredes"},"url":"https:\/\/ppdegalicia.com\/es\/author\/ppdegaliciaredes\/"}]}},"_links":{"self":[{"href":"https:\/\/ppdegalicia.com\/es\/wp-json\/wp\/v2\/posts\/69345","targetHints":{"allow":["GET"]}}],"collection":[{"href":"https:\/\/ppdegalicia.com\/es\/wp-json\/wp\/v2\/posts"}],"about":[{"href":"https:\/\/ppdegalicia.com\/es\/wp-json\/wp\/v2\/types\/post"}],"author":[{"embeddable":true,"href":"https:\/\/ppdegalicia.com\/es\/wp-json\/wp\/v2\/users\/38"}],"replies":[{"embeddable":true,"href":"https:\/\/ppdegalicia.com\/es\/wp-json\/wp\/v2\/comments?post=69345"}],"version-history":[{"count":1,"href":"https:\/\/ppdegalicia.com\/es\/wp-json\/wp\/v2\/posts\/69345\/revisions"}],"predecessor-version":[{"id":69348,"href":"https:\/\/ppdegalicia.com\/es\/wp-json\/wp\/v2\/posts\/69345\/revisions\/69348"}],"wp:featuredmedia":[{"embeddable":true,"href":"https:\/\/ppdegalicia.com\/es\/wp-json\/wp\/v2\/media\/69346"}],"wp:attachment":[{"href":"https:\/\/ppdegalicia.com\/es\/wp-json\/wp\/v2\/media?parent=69345"}],"wp:term":[{"taxonomy":"category","embeddable":true,"href":"https:\/\/ppdegalicia.com\/es\/wp-json\/wp\/v2\/categories?post=69345"},{"taxonomy":"post_tag","embeddable":true,"href":"https:\/\/ppdegalicia.com\/es\/wp-json\/wp\/v2\/tags?post=69345"}],"curies":[{"name":"wp","href":"https:\/\/api.w.org\/{rel}","templated":true}]}}