{"id":69384,"date":"2025-12-04T13:34:45","date_gmt":"2025-12-04T12:34:45","guid":{"rendered":"https:\/\/ppdegalicia.com\/?p=69384"},"modified":"2025-12-05T10:40:58","modified_gmt":"2025-12-05T09:40:58","slug":"el-pp-reprocha-a-bolanos-que-defienda-al-ex-fiscal-general-tanto-sabe-y-tanto-miedo-le-tienen","status":"publish","type":"post","link":"https:\/\/ppdegalicia.com\/es\/el-pp-reprocha-a-bolanos-que-defienda-al-ex-fiscal-general-tanto-sabe-y-tanto-miedo-le-tienen\/","title":{"rendered":"El PP reprocha a Bola\u00f1os que defienda al ex Fiscal General: \u201c\u00bfTanto sabe y tanto miedo le tienen?\u201d"},"content":{"rendered":"<p>La portavoz de Justicia del Grupo Parlamentario Popular y senadora por Pontevedra, Pepa Pardo, pregunta al ministro F\u00e9lix Bola\u00f1os por qu\u00e9 \u201csiguen defendiendo al ex Fiscal General, \u00bftanto sabe y tanto miedo el tienen?\u201d.<\/p>\n<p>As\u00ed se expresa la dirigente popular en la Comisi\u00f3n de Justicia del Senado, en la que comparece Bola\u00f1os para explicar cuestiones como la posici\u00f3n del Gobierno sobre la inhabilitaci\u00f3n del Fiscal General del Estado, tras ser declarado culpable por el Supremo por revelaci\u00f3n de secretos.<\/p>\n<p>Reclama la dimisi\u00f3n del ministro al que define como \u201cun verdadero militante de la antidemocracia: no me cabe duda de que S\u00e1nchez le eligi\u00f3 para hacer el trabajo sucio, como eligi\u00f3 a \u00c1balos y Santos Ced\u00e1n\u201d, destaca.<\/p>\n<p>Asevera que \u201cha pasado de ser el todopoderoso \u2018triministro\u2019 de S\u00e1nchez al humillado ministro de la injusticia para la impunidad en un Gobierno que representa la degradaci\u00f3n de la democracia\u201d.<\/p>\n<p>Critica duramente que el ministro haya comenzado con una declaraci\u00f3n de intenciones al hablar del fallo del Supremo: \u201cNuestras instituciones democr\u00e1ticas est\u00e1n siendo atacadas por algunas entidades que pretenden socavar la Justicia pero el Gobierno y el PSOE nos hemos adelantado a las recomendaciones europeas para velar por la independencia\u201d.<\/p>\n<p>\u201cEfectivamente, se est\u00e1 definiendo y est\u00e1 definiendo c\u00f3mo percibe su Gobierno al Poder Judicial\u201d, afirma, para advertir que el ministro de Presidencia, Justica y Relaciones con las Cortes \u201ctiene asignada la misi\u00f3n de liquidar la alternancia pol\u00edtica para perpetuar a S\u00e1nchez\u201d.<\/p>\n<p>\u201cEl que deber\u00eda ser m\u00e1ximo garante de la legalidad est\u00e1 condenado por cometer delitos para destruir a una adversaria pol\u00edtica porque no actuaba como el Fiscal General de S\u00e1nchez, al m\u00e1s puro estilo bolivariano\u201d, recalca la senadora del PP.<\/p>\n<p>Sit\u00faa a Bola\u00f1os como \u201cel director de la mayor campa\u00f1a de linchamiento a los jueces\u201d que investigan al entorno de presidente, \u201csometiendo a presiones intolerables e incompatibles en un Estado de Derecho, a los que son verdaderos diques contra la corrupci\u00f3n\u201d.<\/p>\n<p>Pone el foco en que Pedro S\u00e1nchez afirm\u00f3 en una entrevista que \u00c1lvaro Garc\u00eda Ortiz es inocente y esta misma semana ha dicho que \u201cno hay pruebas concluyentes y otras instancias emitir\u00e1n un fallo diferente\u201d.<\/p>\n<p>\u201c\u00bfDe verdad est\u00e1n llamando prevaricadores a los jueces y perpetran el indulto de Garc\u00eda Ortiz por el Tribunal Constitucional, pagando el recurso con el dinero de todos los espa\u00f1oles?\u201d, pregunta con indignaci\u00f3n la portavoz de Justicia, quien alerta de que \u201cestamos ante un ejemplo de injerencia pol\u00edtica en el Poder Judicial sin precedentes\u201d.<\/p>\n<p><em><strong>BOLA\u00d1OS, ARQUITECTO JUR\u00cdDICO DEL SANCHISMO<\/strong><\/em><\/p>\n<p>\u201cDijo que ten\u00eda el \u2018deber moral\u2019 de no compartir el fallo condenatorio contra el Fiscal General, \u00bfde qu\u00e9 deber moral habla cuando es el arquitecto jur\u00eddico del sanchismo y del Gobierno fraguado en un caser\u00edo con el terrorista Otegui?\u201d, ironiza.<\/p>\n<p>La senadora por Pontevedra va un paso m\u00e1s all\u00e1 y pregunta al ministro \u201chasta d\u00f3nde est\u00e1n dispuestos a llegar para mantenerse en el poder:<br \/>\n\u00bfNo les basta con que el Fiscal General del Estado haya sido condenado, con que la mujer del presidente est\u00e9 imputada y su hermano y el candidato en Extremadura tambi\u00e9n; con que Koldo, \u00c1balos y su superCerd\u00e1n est\u00e9n o hayan pasado por la c\u00e1rcel?\u201d, incide.<\/p>\n<p>\u201cDe la banda del Peugeot s\u00f3lo queda el Uno, atrincherado en La Moncloa. Los que ven\u00edan a dignificar la democracia, ni valores, ni principios. Est\u00e1n solos, sin apoyo parlamentario, ni social, aunque dispuestos a arrodillarse ante Junts y blanquear a Bildu. Representan la historia m\u00e1s negra de nuestra democracia, eran y son lo que parec\u00edan: un fraude\u201d, concluye.<\/p>\n","protected":false},"excerpt":{"rendered":"<p>La portavoz de Justicia del Grupo Parlamentario Popular y senadora por Pontevedra, Pepa Pardo, pregunta al ministro F\u00e9lix Bola\u00f1os por qu\u00e9 \u201csiguen defendiendo al ex Fiscal General, \u00bftanto sabe y tanto miedo el tienen?\u201d. As\u00ed se expresa la dirigente popular en la Comisi\u00f3n de Justicia del Senado, en la que comparece Bola\u00f1os para explicar cuestiones [&hellip;]<\/p>\n","protected":false},"author":38,"featured_media":69385,"comment_status":"closed","ping_status":"open","sticky":false,"template":"","format":"standard","meta":{"_acf_changed":false,"footnotes":""},"categories":[2387],"tags":[],"class_list":["post-69384","post","type-post","status-publish","format-standard","has-post-thumbnail","hentry","category-actualidad-cortes-generales"],"acf":[],"yoast_head":"<!-- This site is optimized with the Yoast SEO plugin v27.3 - https:\/\/yoast.com\/product\/yoast-seo-wordpress\/ -->\n<title>El PP reprocha a Bola\u00f1os que defienda al ex Fiscal General: \u201c\u00bfTanto sabe y tanto miedo le tienen?\u201d - PP de Galicia<\/title>\n<meta name=\"description\" content=\"La portavoz de Justicia del Grupo Parlamentario Popular y senadora por Pontevedra, Pepa Pardo, pregunta al ministro F\u00e9lix Bola\u00f1os por qu\u00e9 \u201csiguen defendiendo al ex Fiscal General, \u00bftanto sabe y tanto miedo el tienen?\u201d.\" \/>\n<meta name=\"robots\" content=\"index, follow, max-snippet:-1, max-image-preview:large, max-video-preview:-1\" \/>\n<link rel=\"canonical\" href=\"https:\/\/ppdegalicia.com\/es\/el-pp-reprocha-a-bolanos-que-defienda-al-ex-fiscal-general-tanto-sabe-y-tanto-miedo-le-tienen\/\" \/>\n<meta property=\"og:locale\" content=\"es_ES\" \/>\n<meta property=\"og:type\" content=\"article\" \/>\n<meta property=\"og:title\" content=\"El PP reprocha a Bola\u00f1os que defienda al ex Fiscal General: \u201c\u00bfTanto sabe y tanto miedo le tienen?\u201d - PP de Galicia\" \/>\n<meta property=\"og:description\" content=\"La portavoz de Justicia del Grupo Parlamentario Popular y senadora por Pontevedra, Pepa Pardo, pregunta al ministro F\u00e9lix Bola\u00f1os por qu\u00e9 \u201csiguen defendiendo al ex Fiscal General, \u00bftanto sabe y tanto miedo el tienen?\u201d.\" \/>\n<meta property=\"og:url\" content=\"https:\/\/ppdegalicia.com\/es\/el-pp-reprocha-a-bolanos-que-defienda-al-ex-fiscal-general-tanto-sabe-y-tanto-miedo-le-tienen\/\" \/>\n<meta property=\"og:site_name\" content=\"PP de Galicia\" \/>\n<meta property=\"article:publisher\" content=\"https:\/\/www.instagram.com\/ppdegalicia\/\" \/>\n<meta property=\"article:published_time\" content=\"2025-12-04T12:34:45+00:00\" \/>\n<meta property=\"article:modified_time\" content=\"2025-12-05T09:40:58+00:00\" \/>\n<meta property=\"og:image\" content=\"https:\/\/ppdegalicia.com\/wp-content\/uploads\/2025\/12\/54963248563_dabae2a29b_k.jpg\" \/>\n\t<meta property=\"og:image:width\" content=\"2048\" \/>\n\t<meta property=\"og:image:height\" content=\"1365\" \/>\n\t<meta property=\"og:image:type\" content=\"image\/jpeg\" \/>\n<meta name=\"author\" content=\"ppdegaliciaredes\" \/>\n<meta name=\"twitter:card\" content=\"summary_large_image\" \/>\n<meta name=\"twitter:creator\" content=\"@ppdegalicia\" \/>\n<meta name=\"twitter:site\" content=\"@ppdegalicia\" \/>\n<meta name=\"twitter:label1\" content=\"Escrito por\" \/>\n\t<meta name=\"twitter:data1\" content=\"ppdegaliciaredes\" \/>\n\t<meta name=\"twitter:label2\" content=\"Tiempo de lectura\" \/>\n\t<meta name=\"twitter:data2\" content=\"4 minutos\" \/>\n<script type=\"application\/ld+json\" class=\"yoast-schema-graph\">{\"@context\":\"https:\\\/\\\/schema.org\",\"@graph\":[{\"@type\":\"Article\",\"@id\":\"https:\\\/\\\/ppdegalicia.com\\\/es\\\/el-pp-reprocha-a-bolanos-que-defienda-al-ex-fiscal-general-tanto-sabe-y-tanto-miedo-le-tienen\\\/#article\",\"isPartOf\":{\"@id\":\"https:\\\/\\\/ppdegalicia.com\\\/es\\\/el-pp-reprocha-a-bolanos-que-defienda-al-ex-fiscal-general-tanto-sabe-y-tanto-miedo-le-tienen\\\/\"},\"author\":{\"name\":\"ppdegaliciaredes\",\"@id\":\"https:\\\/\\\/ppdegalicia.com\\\/es\\\/#\\\/schema\\\/person\\\/5b822c6f59e872ebdd1142f307dbcb59\"},\"headline\":\"El PP reprocha a Bola\u00f1os que defienda al ex Fiscal General: \u201c\u00bfTanto sabe y tanto miedo le tienen?\u201d\",\"datePublished\":\"2025-12-04T12:34:45+00:00\",\"dateModified\":\"2025-12-05T09:40:58+00:00\",\"mainEntityOfPage\":{\"@id\":\"https:\\\/\\\/ppdegalicia.com\\\/es\\\/el-pp-reprocha-a-bolanos-que-defienda-al-ex-fiscal-general-tanto-sabe-y-tanto-miedo-le-tienen\\\/\"},\"wordCount\":649,\"publisher\":{\"@id\":\"https:\\\/\\\/ppdegalicia.com\\\/es\\\/#organization\"},\"image\":{\"@id\":\"https:\\\/\\\/ppdegalicia.com\\\/es\\\/el-pp-reprocha-a-bolanos-que-defienda-al-ex-fiscal-general-tanto-sabe-y-tanto-miedo-le-tienen\\\/#primaryimage\"},\"thumbnailUrl\":\"https:\\\/\\\/ppdegalicia.com\\\/wp-content\\\/uploads\\\/2025\\\/12\\\/54963248563_dabae2a29b_k.jpg\",\"articleSection\":[\"Cortes Generales\"],\"inLanguage\":\"es\"},{\"@type\":\"WebPage\",\"@id\":\"https:\\\/\\\/ppdegalicia.com\\\/es\\\/el-pp-reprocha-a-bolanos-que-defienda-al-ex-fiscal-general-tanto-sabe-y-tanto-miedo-le-tienen\\\/\",\"url\":\"https:\\\/\\\/ppdegalicia.com\\\/es\\\/el-pp-reprocha-a-bolanos-que-defienda-al-ex-fiscal-general-tanto-sabe-y-tanto-miedo-le-tienen\\\/\",\"name\":\"El PP reprocha a Bola\u00f1os que defienda al ex Fiscal General: \u201c\u00bfTanto sabe y tanto miedo le tienen?\u201d - PP de Galicia\",\"isPartOf\":{\"@id\":\"https:\\\/\\\/ppdegalicia.com\\\/es\\\/#website\"},\"primaryImageOfPage\":{\"@id\":\"https:\\\/\\\/ppdegalicia.com\\\/es\\\/el-pp-reprocha-a-bolanos-que-defienda-al-ex-fiscal-general-tanto-sabe-y-tanto-miedo-le-tienen\\\/#primaryimage\"},\"image\":{\"@id\":\"https:\\\/\\\/ppdegalicia.com\\\/es\\\/el-pp-reprocha-a-bolanos-que-defienda-al-ex-fiscal-general-tanto-sabe-y-tanto-miedo-le-tienen\\\/#primaryimage\"},\"thumbnailUrl\":\"https:\\\/\\\/ppdegalicia.com\\\/wp-content\\\/uploads\\\/2025\\\/12\\\/54963248563_dabae2a29b_k.jpg\",\"datePublished\":\"2025-12-04T12:34:45+00:00\",\"dateModified\":\"2025-12-05T09:40:58+00:00\",\"description\":\"La portavoz de Justicia del Grupo Parlamentario Popular y senadora por Pontevedra, Pepa Pardo, pregunta al ministro F\u00e9lix Bola\u00f1os por qu\u00e9 \u201csiguen defendiendo al ex Fiscal General, \u00bftanto sabe y tanto miedo el tienen?\u201d.\",\"breadcrumb\":{\"@id\":\"https:\\\/\\\/ppdegalicia.com\\\/es\\\/el-pp-reprocha-a-bolanos-que-defienda-al-ex-fiscal-general-tanto-sabe-y-tanto-miedo-le-tienen\\\/#breadcrumb\"},\"inLanguage\":\"es\",\"potentialAction\":[{\"@type\":\"ReadAction\",\"target\":[\"https:\\\/\\\/ppdegalicia.com\\\/es\\\/el-pp-reprocha-a-bolanos-que-defienda-al-ex-fiscal-general-tanto-sabe-y-tanto-miedo-le-tienen\\\/\"]}]},{\"@type\":\"ImageObject\",\"inLanguage\":\"es\",\"@id\":\"https:\\\/\\\/ppdegalicia.com\\\/es\\\/el-pp-reprocha-a-bolanos-que-defienda-al-ex-fiscal-general-tanto-sabe-y-tanto-miedo-le-tienen\\\/#primaryimage\",\"url\":\"https:\\\/\\\/ppdegalicia.com\\\/wp-content\\\/uploads\\\/2025\\\/12\\\/54963248563_dabae2a29b_k.jpg\",\"contentUrl\":\"https:\\\/\\\/ppdegalicia.com\\\/wp-content\\\/uploads\\\/2025\\\/12\\\/54963248563_dabae2a29b_k.jpg\",\"width\":2048,\"height\":1365},{\"@type\":\"BreadcrumbList\",\"@id\":\"https:\\\/\\\/ppdegalicia.com\\\/es\\\/el-pp-reprocha-a-bolanos-que-defienda-al-ex-fiscal-general-tanto-sabe-y-tanto-miedo-le-tienen\\\/#breadcrumb\",\"itemListElement\":[{\"@type\":\"ListItem\",\"position\":1,\"name\":\"Portada\",\"item\":\"https:\\\/\\\/ppdegalicia.com\\\/es\\\/\"},{\"@type\":\"ListItem\",\"position\":2,\"name\":\"El PP reprocha a Bola\u00f1os que defienda al ex Fiscal General: \u201c\u00bfTanto sabe y tanto miedo le tienen?\u201d\"}]},{\"@type\":\"WebSite\",\"@id\":\"https:\\\/\\\/ppdegalicia.com\\\/es\\\/#website\",\"url\":\"https:\\\/\\\/ppdegalicia.com\\\/es\\\/\",\"name\":\"Partido Popular de Galicia\",\"description\":\"Partido Popular de Galicia\",\"publisher\":{\"@id\":\"https:\\\/\\\/ppdegalicia.com\\\/es\\\/#organization\"},\"alternateName\":\"PP de Galicia\",\"potentialAction\":[{\"@type\":\"SearchAction\",\"target\":{\"@type\":\"EntryPoint\",\"urlTemplate\":\"https:\\\/\\\/ppdegalicia.com\\\/es\\\/?s={search_term_string}\"},\"query-input\":{\"@type\":\"PropertyValueSpecification\",\"valueRequired\":true,\"valueName\":\"search_term_string\"}}],\"inLanguage\":\"es\"},{\"@type\":\"Organization\",\"@id\":\"https:\\\/\\\/ppdegalicia.com\\\/es\\\/#organization\",\"name\":\"Partido Popular de Galicia\",\"alternateName\":\"PP de Galicia\",\"url\":\"https:\\\/\\\/ppdegalicia.com\\\/es\\\/\",\"logo\":{\"@type\":\"ImageObject\",\"inLanguage\":\"es\",\"@id\":\"https:\\\/\\\/ppdegalicia.com\\\/es\\\/#\\\/schema\\\/logo\\\/image\\\/\",\"url\":\"https:\\\/\\\/ppdegalicia.com\\\/wp-content\\\/uploads\\\/2023\\\/04\\\/logoPP512.png\",\"contentUrl\":\"https:\\\/\\\/ppdegalicia.com\\\/wp-content\\\/uploads\\\/2023\\\/04\\\/logoPP512.png\",\"width\":512,\"height\":512,\"caption\":\"Partido Popular de Galicia\"},\"image\":{\"@id\":\"https:\\\/\\\/ppdegalicia.com\\\/es\\\/#\\\/schema\\\/logo\\\/image\\\/\"},\"sameAs\":[\"https:\\\/\\\/www.instagram.com\\\/ppdegalicia\\\/\",\"https:\\\/\\\/x.com\\\/ppdegalicia\",\"https:\\\/\\\/www.tiktok.com\\\/@ppdegalicia\",\"https:\\\/\\\/www.youtube.com\\\/user\\\/ppdegalicia\"]},{\"@type\":\"Person\",\"@id\":\"https:\\\/\\\/ppdegalicia.com\\\/es\\\/#\\\/schema\\\/person\\\/5b822c6f59e872ebdd1142f307dbcb59\",\"name\":\"ppdegaliciaredes\",\"image\":{\"@type\":\"ImageObject\",\"inLanguage\":\"es\",\"@id\":\"https:\\\/\\\/secure.gravatar.com\\\/avatar\\\/3c9179cf0256d00c72a48d1f25783c58b6842cd56e85ef3a572881c8e28ccd59?s=96&d=mm&r=g\",\"url\":\"https:\\\/\\\/secure.gravatar.com\\\/avatar\\\/3c9179cf0256d00c72a48d1f25783c58b6842cd56e85ef3a572881c8e28ccd59?s=96&d=mm&r=g\",\"contentUrl\":\"https:\\\/\\\/secure.gravatar.com\\\/avatar\\\/3c9179cf0256d00c72a48d1f25783c58b6842cd56e85ef3a572881c8e28ccd59?s=96&d=mm&r=g\",\"caption\":\"ppdegaliciaredes\"},\"url\":\"https:\\\/\\\/ppdegalicia.com\\\/es\\\/author\\\/ppdegaliciaredes\\\/\"}]}<\/script>\n<!-- \/ Yoast SEO plugin. -->","yoast_head_json":{"title":"El PP reprocha a Bola\u00f1os que defienda al ex Fiscal General: \u201c\u00bfTanto sabe y tanto miedo le tienen?\u201d - PP de Galicia","description":"La portavoz de Justicia del Grupo Parlamentario Popular y senadora por Pontevedra, Pepa Pardo, pregunta al ministro F\u00e9lix Bola\u00f1os por qu\u00e9 \u201csiguen defendiendo al ex Fiscal General, \u00bftanto sabe y tanto miedo el tienen?\u201d.","robots":{"index":"index","follow":"follow","max-snippet":"max-snippet:-1","max-image-preview":"max-image-preview:large","max-video-preview":"max-video-preview:-1"},"canonical":"https:\/\/ppdegalicia.com\/es\/el-pp-reprocha-a-bolanos-que-defienda-al-ex-fiscal-general-tanto-sabe-y-tanto-miedo-le-tienen\/","og_locale":"es_ES","og_type":"article","og_title":"El PP reprocha a Bola\u00f1os que defienda al ex Fiscal General: \u201c\u00bfTanto sabe y tanto miedo le tienen?\u201d - PP de Galicia","og_description":"La portavoz de Justicia del Grupo Parlamentario Popular y senadora por Pontevedra, Pepa Pardo, pregunta al ministro F\u00e9lix Bola\u00f1os por qu\u00e9 \u201csiguen defendiendo al ex Fiscal General, \u00bftanto sabe y tanto miedo el tienen?\u201d.","og_url":"https:\/\/ppdegalicia.com\/es\/el-pp-reprocha-a-bolanos-que-defienda-al-ex-fiscal-general-tanto-sabe-y-tanto-miedo-le-tienen\/","og_site_name":"PP de Galicia","article_publisher":"https:\/\/www.instagram.com\/ppdegalicia\/","article_published_time":"2025-12-04T12:34:45+00:00","article_modified_time":"2025-12-05T09:40:58+00:00","og_image":[{"width":2048,"height":1365,"url":"https:\/\/ppdegalicia.com\/wp-content\/uploads\/2025\/12\/54963248563_dabae2a29b_k.jpg","type":"image\/jpeg"}],"author":"ppdegaliciaredes","twitter_card":"summary_large_image","twitter_creator":"@ppdegalicia","twitter_site":"@ppdegalicia","twitter_misc":{"Escrito por":"ppdegaliciaredes","Tiempo de lectura":"4 minutos"},"schema":{"@context":"https:\/\/schema.org","@graph":[{"@type":"Article","@id":"https:\/\/ppdegalicia.com\/es\/el-pp-reprocha-a-bolanos-que-defienda-al-ex-fiscal-general-tanto-sabe-y-tanto-miedo-le-tienen\/#article","isPartOf":{"@id":"https:\/\/ppdegalicia.com\/es\/el-pp-reprocha-a-bolanos-que-defienda-al-ex-fiscal-general-tanto-sabe-y-tanto-miedo-le-tienen\/"},"author":{"name":"ppdegaliciaredes","@id":"https:\/\/ppdegalicia.com\/es\/#\/schema\/person\/5b822c6f59e872ebdd1142f307dbcb59"},"headline":"El PP reprocha a Bola\u00f1os que defienda al ex Fiscal General: \u201c\u00bfTanto sabe y tanto miedo le tienen?\u201d","datePublished":"2025-12-04T12:34:45+00:00","dateModified":"2025-12-05T09:40:58+00:00","mainEntityOfPage":{"@id":"https:\/\/ppdegalicia.com\/es\/el-pp-reprocha-a-bolanos-que-defienda-al-ex-fiscal-general-tanto-sabe-y-tanto-miedo-le-tienen\/"},"wordCount":649,"publisher":{"@id":"https:\/\/ppdegalicia.com\/es\/#organization"},"image":{"@id":"https:\/\/ppdegalicia.com\/es\/el-pp-reprocha-a-bolanos-que-defienda-al-ex-fiscal-general-tanto-sabe-y-tanto-miedo-le-tienen\/#primaryimage"},"thumbnailUrl":"https:\/\/ppdegalicia.com\/wp-content\/uploads\/2025\/12\/54963248563_dabae2a29b_k.jpg","articleSection":["Cortes Generales"],"inLanguage":"es"},{"@type":"WebPage","@id":"https:\/\/ppdegalicia.com\/es\/el-pp-reprocha-a-bolanos-que-defienda-al-ex-fiscal-general-tanto-sabe-y-tanto-miedo-le-tienen\/","url":"https:\/\/ppdegalicia.com\/es\/el-pp-reprocha-a-bolanos-que-defienda-al-ex-fiscal-general-tanto-sabe-y-tanto-miedo-le-tienen\/","name":"El PP reprocha a Bola\u00f1os que defienda al ex Fiscal General: \u201c\u00bfTanto sabe y tanto miedo le tienen?\u201d - PP de Galicia","isPartOf":{"@id":"https:\/\/ppdegalicia.com\/es\/#website"},"primaryImageOfPage":{"@id":"https:\/\/ppdegalicia.com\/es\/el-pp-reprocha-a-bolanos-que-defienda-al-ex-fiscal-general-tanto-sabe-y-tanto-miedo-le-tienen\/#primaryimage"},"image":{"@id":"https:\/\/ppdegalicia.com\/es\/el-pp-reprocha-a-bolanos-que-defienda-al-ex-fiscal-general-tanto-sabe-y-tanto-miedo-le-tienen\/#primaryimage"},"thumbnailUrl":"https:\/\/ppdegalicia.com\/wp-content\/uploads\/2025\/12\/54963248563_dabae2a29b_k.jpg","datePublished":"2025-12-04T12:34:45+00:00","dateModified":"2025-12-05T09:40:58+00:00","description":"La portavoz de Justicia del Grupo Parlamentario Popular y senadora por Pontevedra, Pepa Pardo, pregunta al ministro F\u00e9lix Bola\u00f1os por qu\u00e9 \u201csiguen defendiendo al ex Fiscal General, \u00bftanto sabe y tanto miedo el tienen?\u201d.","breadcrumb":{"@id":"https:\/\/ppdegalicia.com\/es\/el-pp-reprocha-a-bolanos-que-defienda-al-ex-fiscal-general-tanto-sabe-y-tanto-miedo-le-tienen\/#breadcrumb"},"inLanguage":"es","potentialAction":[{"@type":"ReadAction","target":["https:\/\/ppdegalicia.com\/es\/el-pp-reprocha-a-bolanos-que-defienda-al-ex-fiscal-general-tanto-sabe-y-tanto-miedo-le-tienen\/"]}]},{"@type":"ImageObject","inLanguage":"es","@id":"https:\/\/ppdegalicia.com\/es\/el-pp-reprocha-a-bolanos-que-defienda-al-ex-fiscal-general-tanto-sabe-y-tanto-miedo-le-tienen\/#primaryimage","url":"https:\/\/ppdegalicia.com\/wp-content\/uploads\/2025\/12\/54963248563_dabae2a29b_k.jpg","contentUrl":"https:\/\/ppdegalicia.com\/wp-content\/uploads\/2025\/12\/54963248563_dabae2a29b_k.jpg","width":2048,"height":1365},{"@type":"BreadcrumbList","@id":"https:\/\/ppdegalicia.com\/es\/el-pp-reprocha-a-bolanos-que-defienda-al-ex-fiscal-general-tanto-sabe-y-tanto-miedo-le-tienen\/#breadcrumb","itemListElement":[{"@type":"ListItem","position":1,"name":"Portada","item":"https:\/\/ppdegalicia.com\/es\/"},{"@type":"ListItem","position":2,"name":"El PP reprocha a Bola\u00f1os que defienda al ex Fiscal General: \u201c\u00bfTanto sabe y tanto miedo le tienen?\u201d"}]},{"@type":"WebSite","@id":"https:\/\/ppdegalicia.com\/es\/#website","url":"https:\/\/ppdegalicia.com\/es\/","name":"Partido Popular de Galicia","description":"Partido Popular de Galicia","publisher":{"@id":"https:\/\/ppdegalicia.com\/es\/#organization"},"alternateName":"PP de Galicia","potentialAction":[{"@type":"SearchAction","target":{"@type":"EntryPoint","urlTemplate":"https:\/\/ppdegalicia.com\/es\/?s={search_term_string}"},"query-input":{"@type":"PropertyValueSpecification","valueRequired":true,"valueName":"search_term_string"}}],"inLanguage":"es"},{"@type":"Organization","@id":"https:\/\/ppdegalicia.com\/es\/#organization","name":"Partido Popular de Galicia","alternateName":"PP de Galicia","url":"https:\/\/ppdegalicia.com\/es\/","logo":{"@type":"ImageObject","inLanguage":"es","@id":"https:\/\/ppdegalicia.com\/es\/#\/schema\/logo\/image\/","url":"https:\/\/ppdegalicia.com\/wp-content\/uploads\/2023\/04\/logoPP512.png","contentUrl":"https:\/\/ppdegalicia.com\/wp-content\/uploads\/2023\/04\/logoPP512.png","width":512,"height":512,"caption":"Partido Popular de Galicia"},"image":{"@id":"https:\/\/ppdegalicia.com\/es\/#\/schema\/logo\/image\/"},"sameAs":["https:\/\/www.instagram.com\/ppdegalicia\/","https:\/\/x.com\/ppdegalicia","https:\/\/www.tiktok.com\/@ppdegalicia","https:\/\/www.youtube.com\/user\/ppdegalicia"]},{"@type":"Person","@id":"https:\/\/ppdegalicia.com\/es\/#\/schema\/person\/5b822c6f59e872ebdd1142f307dbcb59","name":"ppdegaliciaredes","image":{"@type":"ImageObject","inLanguage":"es","@id":"https:\/\/secure.gravatar.com\/avatar\/3c9179cf0256d00c72a48d1f25783c58b6842cd56e85ef3a572881c8e28ccd59?s=96&d=mm&r=g","url":"https:\/\/secure.gravatar.com\/avatar\/3c9179cf0256d00c72a48d1f25783c58b6842cd56e85ef3a572881c8e28ccd59?s=96&d=mm&r=g","contentUrl":"https:\/\/secure.gravatar.com\/avatar\/3c9179cf0256d00c72a48d1f25783c58b6842cd56e85ef3a572881c8e28ccd59?s=96&d=mm&r=g","caption":"ppdegaliciaredes"},"url":"https:\/\/ppdegalicia.com\/es\/author\/ppdegaliciaredes\/"}]}},"_links":{"self":[{"href":"https:\/\/ppdegalicia.com\/es\/wp-json\/wp\/v2\/posts\/69384","targetHints":{"allow":["GET"]}}],"collection":[{"href":"https:\/\/ppdegalicia.com\/es\/wp-json\/wp\/v2\/posts"}],"about":[{"href":"https:\/\/ppdegalicia.com\/es\/wp-json\/wp\/v2\/types\/post"}],"author":[{"embeddable":true,"href":"https:\/\/ppdegalicia.com\/es\/wp-json\/wp\/v2\/users\/38"}],"replies":[{"embeddable":true,"href":"https:\/\/ppdegalicia.com\/es\/wp-json\/wp\/v2\/comments?post=69384"}],"version-history":[{"count":1,"href":"https:\/\/ppdegalicia.com\/es\/wp-json\/wp\/v2\/posts\/69384\/revisions"}],"predecessor-version":[{"id":69387,"href":"https:\/\/ppdegalicia.com\/es\/wp-json\/wp\/v2\/posts\/69384\/revisions\/69387"}],"wp:featuredmedia":[{"embeddable":true,"href":"https:\/\/ppdegalicia.com\/es\/wp-json\/wp\/v2\/media\/69385"}],"wp:attachment":[{"href":"https:\/\/ppdegalicia.com\/es\/wp-json\/wp\/v2\/media?parent=69384"}],"wp:term":[{"taxonomy":"category","embeddable":true,"href":"https:\/\/ppdegalicia.com\/es\/wp-json\/wp\/v2\/categories?post=69384"},{"taxonomy":"post_tag","embeddable":true,"href":"https:\/\/ppdegalicia.com\/es\/wp-json\/wp\/v2\/tags?post=69384"}],"curies":[{"name":"wp","href":"https:\/\/api.w.org\/{rel}","templated":true}]}}