{"id":69388,"date":"2025-12-05T14:41:24","date_gmt":"2025-12-05T13:41:24","guid":{"rendered":"https:\/\/ppdegalicia.com\/?p=69388"},"modified":"2025-12-05T14:41:24","modified_gmt":"2025-12-05T13:41:24","slug":"o-ppdeg-pon-en-valor-aos-seus-27-deputados-e-senadores-como-garantes-de-que-a-voz-de-galicia-e-escoitada-e-tida-en-conta-nas-cortes-xerais","status":"publish","type":"post","link":"https:\/\/ppdegalicia.com\/es\/o-ppdeg-pon-en-valor-aos-seus-27-deputados-e-senadores-como-garantes-de-que-a-voz-de-galicia-e-escoitada-e-tida-en-conta-nas-cortes-xerais\/","title":{"rendered":"O PPdeG pon en valor aos seus 27 deputados e senadores como garantes de que \u201ca voz de Galicia \u00e9 escoitada e tida en conta nas Cortes Xerais\u201d"},"content":{"rendered":"<p style=\"font-weight: 400;\">O Partido Popular de Galicia pon en valor que os seus 27 deputados e senadores \u201cson a mellor garant\u00eda de que a voz de Galicia esc\u00f3itase e tense en conta nas Cortes Xerais\u201d e reivindica a s\u00faa defensa dos intereses dos galegos e galegas fronte aos \u201cagravios\u201d e \u201cataques frontais\u201d de Pedro S\u00e1nchez.<\/p>\n<p style=\"font-weight: 400;\">\u201cSon 13 deputados e 14 senadores que defenden a Galicia e aos galegos por enriba de todo, con propostas fronte \u00e1s cr\u00edticas e con proxectos fronte aos insultos\u201d, afirmou neste sentido a secretaria xeral do PPdeG, Paula Prado, na reuni\u00f3n de traballo cos representantes do partido nas Cortes Xerais celebrada hoxe en Santiago e que encabezou xunto ao secretario xeral do Partido Popular, Miguel Tellado.<\/p>\n<p style=\"font-weight: 400;\">Unha reuni\u00f3n na que a n\u00famero dous dos populares galegos quixo po\u00f1er o foco nas numerosas cuesti\u00f3ns que afectan a Galicia e que dependen do Goberno central, como a falta de boas infraestruturas, a transferencia da AP-9, a merma de efectivos das Forzas e Corpos de Seguridade do Estado, a falta de apoio a proxectos industriais, a d\u00e9beda de fondos da dependencia ou o \u201cboicot\u201d a novas medidas.<\/p>\n<p style=\"font-weight: 400;\">Fixo referencia as\u00ed \u00e1 transferencia da AP-9, que \u201csegue sen chegar\u201d mentres esta semana se co\u00f1ec\u00eda o traspaso a Navarra da AP-68: \u201cUnha vez m\u00e1is, o Goberno de S\u00e1nchez negociando unicamente coas comunidades nas que goberna o PSOE e, neste caso, ademais, nunha comunidade onde est\u00e1n apoiados por Bildu e que \u00e9 a \u2018zona cero\u2019 da corrupci\u00f3n da Banda do Peugeot\u201d.<\/p>\n<p style=\"font-weight: 400;\">Tam\u00e9n no eido das infraestruturas, Paula Prado referiuse ao novo atraso no remate da autov\u00eda Santiago-Lugo, que estaba comprometido para este ano. Unha autov\u00eda que, de feito, o propio S\u00e1nchez afirmou no Congreso que xa estaba \u201cplenamente operativa\u201d pero que, pola contra, segue incumprindo prazos.<\/p>\n<p style=\"font-weight: 400;\">A n\u00famero dous dos populares galegos amosouse especialmente cr\u00edtica \u00e1 hora de demandar ao Goberno central que mante\u00f1a a s\u00faa aportaci\u00f3n \u00e1 Unidade de Polic\u00eda Adscrita (UPA) para que se poida garantir a prestaci\u00f3n de servizos que non son de competencia auton\u00f3mica.<\/p>\n<p style=\"font-weight: 400;\">\u201cS\u00e1nchez e Marlaska est\u00e1n provocando a reduci\u00f3n de axentes en Galicia e po\u00f1endo en perigo a prestaci\u00f3n de servizos, como a protecci\u00f3n das v\u00edtimas de violencia de x\u00e9nero\u201d, denunciou ao tempo que criticaba a incapacidade do PSOE para garantir esta protecci\u00f3n por ser \u201co partido da maior taxa de desemprego feminino da Uni\u00f3n Europea, o partido da Lei do \u2018s\u00f3 si \u00e9 si\u2019, o partido do esc\u00e1ndalo das pulseiras antimaltrato e o partido do uso da prostituci\u00f3n ou do acoso de Paco Salazar\u201d.<\/p>\n<p style=\"font-weight: 400;\">Prado cualificou de \u201cnauseabundo\u201d que este mesmo partido que \u201cnada defende \u00e1s mulleres e tanto dano lles fixo aos seus dereitos\u201d se atreva a dar lecci\u00f3ns de feminismo. \u201cCon todo o que estamos co\u00f1ecendo estes d\u00edas, o PSOE est\u00e1 invalidado para dar lecci\u00f3ns neste asunto. Ao igual que un BNG cuxo apoio a Pedro S\u00e1nchez o fai c\u00f3mplice de todo isto\u201d, apuntou.<\/p>\n<p style=\"font-weight: 400;\">Sobre estes e outros temas, o Partido Popular de Galicia, tal e como manifestou a secretaria xeral, seguir\u00e1 \u201clevando a iniciativa, propo\u00f1endo medidas e preguntando d\u00eda a d\u00eda ao Goberno por que non avanzan\u201d.<\/p>\n<p style=\"font-weight: 400;\">\u201cOs nosos 27 deputados e senadores seguir\u00e1n comprometidos como ata o de agora a ser o contrapeso de Galicia nas Cortes Xerais fronte ao seguidismo dos representantes da esquerda \u2013que son 12 menos que o PP\u2013, fronte a un S\u00e1nchez que desaparece cando se trata de resolver problemas e fronte \u00e1s corti\u00f1as de fume coas que os ministerios intentan tapar a s\u00faa falta de compromiso\u201d, conclu\u00edu.<\/p>\n<p style=\"font-weight: 400;\">Paula Prado animou as\u00ed aos presentes na reuni\u00f3n a que contin\u00faen \u201cdefendendo a Galicia, levando a iniciativa, propo\u00f1endo medidas e cuestion\u00e1ndose d\u00eda a d\u00eda por que o Goberno central est\u00e1 desaparecido\u201d.<\/p>\n<p style=\"font-weight: 400;\"><strong><u>\u201cONDE GOBERNA O PP HAI ESTABILIDADE, NORMALIDADE E XESTI\u00d3N\u201d<\/u><\/strong><\/p>\n<p style=\"font-weight: 400;\">Pola s\u00faa banda, o secretario xeral do Partido Popular, Miguel Tellado, que anunciou que a pr\u00f3xima Interparlamentaria do partido ter\u00e1 lugar na cidade da Coru\u00f1a os vindeiros 10 e 11 de xaneiro, definiu ao PPdeG como unha das organizaci\u00f3ns territoriais m\u00e1is importantes e \u201cun dos grandes pulm\u00f3ns da pol\u00edtica espa\u00f1ola\u201d.<\/p>\n<p style=\"font-weight: 400;\">Primeiro, porque \u201caporta un dos gobernos auton\u00f3micos m\u00e1is estables e m\u00e1is exitosos de Espa\u00f1a\u201d. Un goberno encabezado por Alfonso Rueda que goza do apoio maioritario da cidadan\u00eda e que, tal e como asegurou, \u00e9 \u201cserio, limpo, cumpridor e capaz de aprobar os seus orzamentos ano a ano cada outono\u201d.<\/p>\n<p style=\"font-weight: 400;\">\u201cFronte a un Pedro S\u00e1nchez cada d\u00eda m\u00e1is paralizado, m\u00e1is s\u00f3 e m\u00e1is asfixiado pola corrupci\u00f3n que o rodea, onde goberna o Partido Popular hai estabilidade, hai normalidade orzamentaria e hai xesti\u00f3n\u201d, explicou.<\/p>\n<p style=\"font-weight: 400;\">Tellado asegurou, en segundo lugar, que se o PPdeG \u00e9 \u201cun dos piares fundamentais\u201d da alternativa do Partido Popular para toda Espa\u00f1a \u00e9 por ser \u201co fogar\u201d de Alberto N\u00fa\u00f1ez Feij\u00f3o e porque aporta 27 parlamentarios nacionais que \u201cson excelentes servidores p\u00fablicos\u201d. De feito, na s\u00faa opini\u00f3n, por iso a xente conf\u00eda no partido: \u201cEste \u00e9 un partido ao que se v\u00e9n a servir, a ser \u00fatiles e a resolver problemas\u201d.<\/p>\n<p style=\"font-weight: 400;\">\u201cO Partido Popular arrasa en Galicia porque ten demostrado que \u00e9 de fiar, que defende o interese xeral e que sempre est\u00e1 defendendo o que preocupa aos galegos e o que necesitan\u201d, subli\u00f1ou como explicaci\u00f3n ao feito de que 13 dos 23 deputados e 14 dos 16 senadores que elixen os galegos sexan do Partido Popular.<\/p>\n<p style=\"font-weight: 400;\">Do lado contrario estar\u00edan tanto Pedro S\u00e1nchez e o seu goberno, que supo\u00f1en \u201cunha lousa e un xugo para unha terra como Galicia \u00e1 que s\u00f3 sabe castigar de continua e constantemente con cada unha das s\u00faas decisi\u00f3ns\u201d, como o resto de partidos galegos que os apoian.<\/p>\n<p style=\"font-weight: 400;\">Referiuse as\u00ed ao BNG, ao que considera \u201cunha das poucas pezas do \u2018Goberno Frankenstein\u2019 que nunca se move\u201d na medida en que \u201csempre se amosa submiso e c\u00f3mplice dun xeito d\u00f3cil e manexable a cambio de nada e sen que Galicia reciba a nada a cambio do seu apoio a S\u00e1nchez\u201d.<\/p>\n<p style=\"font-weight: 400;\">No caso do PSOE galego, Tellado considera que se trata dun partido que \u201cnon existe\u201d e que \u201clanguidece afundido na irrelevancia m\u00e1is absoluta\u201d a consecuencia da s\u00faa \u201cincapacidade para antepo\u00f1er o interese de Galicia diante do seu completo sometemento a S\u00e1nchez\u201d.<\/p>\n<p style=\"font-weight: 400;\">\u201cA ambos esp\u00e9ranlles moit\u00edsimos anos de oposici\u00f3n. Pola s\u00faa traiz\u00f3n a Galicia e, sobre todo, porque te\u00f1en enfronte a unha gran maquinaria dedicada ao servizo p\u00fablico e apoiada por unha inmensa maior\u00eda de galegos como \u00e9 o PPdeG\u201d, conclu\u00edu ao tempo que reivindicaba o exemplo de \u201cboa xesti\u00f3n, de gobernar para todos e de honestidade que sup\u00f3n o PPdeG\u201d e se amosaba convencido de que \u201cmoi pronto\u201d este modelo ser\u00e1 trasladado tam\u00e9n ao conxunto da Espa\u00f1a da man dun galego como Alberto N\u00fa\u00f1ez Feij\u00f3o.<\/p>\n<p style=\"font-weight: 400;\">Por \u00faltimo, na v\u00e9spera do D\u00eda da Constituci\u00f3n, Paula Prado aproveitou para felicitar esta conmemoraci\u00f3n de parte de todo o PPdeG, mentres Tellado asegurou que o PP \u00e9 xa \u201co \u00fanico partido constitucionalista\u201d e asume con \u201corgullo\u201d a defensa do pacto de reconciliaci\u00f3n que trouxo a Carta Magna.<\/p>\n","protected":false},"excerpt":{"rendered":"<p>O Partido Popular de Galicia pon en valor que os seus 27 deputados e senadores \u201cson a mellor garant\u00eda de que a voz de Galicia esc\u00f3itase e tense en conta nas Cortes Xerais\u201d e reivindica a s\u00faa defensa dos intereses dos galegos e galegas fronte aos \u201cagravios\u201d e \u201cataques frontais\u201d de Pedro S\u00e1nchez. \u201cSon 13 [&hellip;]<\/p>\n","protected":false},"author":38,"featured_media":69389,"comment_status":"closed","ping_status":"open","sticky":false,"template":"","format":"standard","meta":{"_acf_changed":false,"footnotes":""},"categories":[2387,1],"tags":[],"class_list":["post-69388","post","type-post","status-publish","format-standard","has-post-thumbnail","hentry","category-actualidad-cortes-generales","category-pp-de-galicia"],"acf":[],"yoast_head":"<!-- This site is optimized with the Yoast SEO plugin v27.3 - https:\/\/yoast.com\/product\/yoast-seo-wordpress\/ -->\n<title>O PPdeG pon en valor aos seus 27 deputados e senadores como garantes de que \u201ca voz de Galicia \u00e9 escoitada e tida en conta nas Cortes Xerais\u201d - PP de Galicia<\/title>\n<meta name=\"description\" content=\"O PPdeG pon en valor que os seus 27 deputados e senadores \u201cson a mellor garant\u00eda de que a voz de Galicia esc\u00f3itase e tense en conta nas Cortes Xerais\u201d e reivindica a s\u00faa defensa dos intereses dos galegos e galegas fronte aos \u201cagravios\u201d e \u201cataques frontais\u201d de Pedro S\u00e1nchez.\" \/>\n<meta name=\"robots\" content=\"index, follow, max-snippet:-1, max-image-preview:large, max-video-preview:-1\" \/>\n<link rel=\"canonical\" href=\"https:\/\/ppdegalicia.com\/es\/o-ppdeg-pon-en-valor-aos-seus-27-deputados-e-senadores-como-garantes-de-que-a-voz-de-galicia-e-escoitada-e-tida-en-conta-nas-cortes-xerais\/\" \/>\n<meta property=\"og:locale\" content=\"es_ES\" \/>\n<meta property=\"og:type\" content=\"article\" \/>\n<meta property=\"og:title\" content=\"O PPdeG pon en valor aos seus 27 deputados e senadores como garantes de que \u201ca voz de Galicia \u00e9 escoitada e tida en conta nas Cortes Xerais\u201d - PP de Galicia\" \/>\n<meta property=\"og:description\" content=\"O PPdeG pon en valor que os seus 27 deputados e senadores \u201cson a mellor garant\u00eda de que a voz de Galicia esc\u00f3itase e tense en conta nas Cortes Xerais\u201d e reivindica a s\u00faa defensa dos intereses dos galegos e galegas fronte aos \u201cagravios\u201d e \u201cataques frontais\u201d de Pedro S\u00e1nchez.\" \/>\n<meta property=\"og:url\" content=\"https:\/\/ppdegalicia.com\/es\/o-ppdeg-pon-en-valor-aos-seus-27-deputados-e-senadores-como-garantes-de-que-a-voz-de-galicia-e-escoitada-e-tida-en-conta-nas-cortes-xerais\/\" \/>\n<meta property=\"og:site_name\" content=\"PP de Galicia\" \/>\n<meta property=\"article:publisher\" content=\"https:\/\/www.instagram.com\/ppdegalicia\/\" \/>\n<meta property=\"article:published_time\" content=\"2025-12-05T13:41:24+00:00\" \/>\n<meta property=\"og:image\" content=\"https:\/\/ppdegalicia.com\/wp-content\/uploads\/2025\/12\/202501205_PPdeG_Deputados_Senadores_1-scaled.jpg\" \/>\n\t<meta property=\"og:image:width\" content=\"2560\" \/>\n\t<meta property=\"og:image:height\" content=\"1707\" \/>\n\t<meta property=\"og:image:type\" content=\"image\/jpeg\" \/>\n<meta name=\"author\" content=\"ppdegaliciaredes\" \/>\n<meta name=\"twitter:card\" content=\"summary_large_image\" \/>\n<meta name=\"twitter:creator\" content=\"@ppdegalicia\" \/>\n<meta name=\"twitter:site\" content=\"@ppdegalicia\" \/>\n<meta name=\"twitter:label1\" content=\"Escrito por\" \/>\n\t<meta name=\"twitter:data1\" content=\"ppdegaliciaredes\" \/>\n\t<meta name=\"twitter:label2\" content=\"Tiempo de lectura\" \/>\n\t<meta name=\"twitter:data2\" content=\"7 minutos\" \/>\n<script type=\"application\/ld+json\" class=\"yoast-schema-graph\">{\"@context\":\"https:\\\/\\\/schema.org\",\"@graph\":[{\"@type\":\"Article\",\"@id\":\"https:\\\/\\\/ppdegalicia.com\\\/es\\\/o-ppdeg-pon-en-valor-aos-seus-27-deputados-e-senadores-como-garantes-de-que-a-voz-de-galicia-e-escoitada-e-tida-en-conta-nas-cortes-xerais\\\/#article\",\"isPartOf\":{\"@id\":\"https:\\\/\\\/ppdegalicia.com\\\/es\\\/o-ppdeg-pon-en-valor-aos-seus-27-deputados-e-senadores-como-garantes-de-que-a-voz-de-galicia-e-escoitada-e-tida-en-conta-nas-cortes-xerais\\\/\"},\"author\":{\"name\":\"ppdegaliciaredes\",\"@id\":\"https:\\\/\\\/ppdegalicia.com\\\/es\\\/#\\\/schema\\\/person\\\/5b822c6f59e872ebdd1142f307dbcb59\"},\"headline\":\"O PPdeG pon en valor aos seus 27 deputados e senadores como garantes de que \u201ca voz de Galicia \u00e9 escoitada e tida en conta nas Cortes Xerais\u201d\",\"datePublished\":\"2025-12-05T13:41:24+00:00\",\"mainEntityOfPage\":{\"@id\":\"https:\\\/\\\/ppdegalicia.com\\\/es\\\/o-ppdeg-pon-en-valor-aos-seus-27-deputados-e-senadores-como-garantes-de-que-a-voz-de-galicia-e-escoitada-e-tida-en-conta-nas-cortes-xerais\\\/\"},\"wordCount\":1274,\"publisher\":{\"@id\":\"https:\\\/\\\/ppdegalicia.com\\\/es\\\/#organization\"},\"image\":{\"@id\":\"https:\\\/\\\/ppdegalicia.com\\\/es\\\/o-ppdeg-pon-en-valor-aos-seus-27-deputados-e-senadores-como-garantes-de-que-a-voz-de-galicia-e-escoitada-e-tida-en-conta-nas-cortes-xerais\\\/#primaryimage\"},\"thumbnailUrl\":\"https:\\\/\\\/ppdegalicia.com\\\/wp-content\\\/uploads\\\/2025\\\/12\\\/202501205_PPdeG_Deputados_Senadores_1-scaled.jpg\",\"articleSection\":[\"Cortes Generales\",\"PP de Galicia\"],\"inLanguage\":\"es\"},{\"@type\":\"WebPage\",\"@id\":\"https:\\\/\\\/ppdegalicia.com\\\/es\\\/o-ppdeg-pon-en-valor-aos-seus-27-deputados-e-senadores-como-garantes-de-que-a-voz-de-galicia-e-escoitada-e-tida-en-conta-nas-cortes-xerais\\\/\",\"url\":\"https:\\\/\\\/ppdegalicia.com\\\/es\\\/o-ppdeg-pon-en-valor-aos-seus-27-deputados-e-senadores-como-garantes-de-que-a-voz-de-galicia-e-escoitada-e-tida-en-conta-nas-cortes-xerais\\\/\",\"name\":\"O PPdeG pon en valor aos seus 27 deputados e senadores como garantes de que \u201ca voz de Galicia \u00e9 escoitada e tida en conta nas Cortes Xerais\u201d - PP de Galicia\",\"isPartOf\":{\"@id\":\"https:\\\/\\\/ppdegalicia.com\\\/es\\\/#website\"},\"primaryImageOfPage\":{\"@id\":\"https:\\\/\\\/ppdegalicia.com\\\/es\\\/o-ppdeg-pon-en-valor-aos-seus-27-deputados-e-senadores-como-garantes-de-que-a-voz-de-galicia-e-escoitada-e-tida-en-conta-nas-cortes-xerais\\\/#primaryimage\"},\"image\":{\"@id\":\"https:\\\/\\\/ppdegalicia.com\\\/es\\\/o-ppdeg-pon-en-valor-aos-seus-27-deputados-e-senadores-como-garantes-de-que-a-voz-de-galicia-e-escoitada-e-tida-en-conta-nas-cortes-xerais\\\/#primaryimage\"},\"thumbnailUrl\":\"https:\\\/\\\/ppdegalicia.com\\\/wp-content\\\/uploads\\\/2025\\\/12\\\/202501205_PPdeG_Deputados_Senadores_1-scaled.jpg\",\"datePublished\":\"2025-12-05T13:41:24+00:00\",\"description\":\"O PPdeG pon en valor que os seus 27 deputados e senadores \u201cson a mellor garant\u00eda de que a voz de Galicia esc\u00f3itase e tense en conta nas Cortes Xerais\u201d e reivindica a s\u00faa defensa dos intereses dos galegos e galegas fronte aos \u201cagravios\u201d e \u201cataques frontais\u201d de Pedro S\u00e1nchez.\",\"breadcrumb\":{\"@id\":\"https:\\\/\\\/ppdegalicia.com\\\/es\\\/o-ppdeg-pon-en-valor-aos-seus-27-deputados-e-senadores-como-garantes-de-que-a-voz-de-galicia-e-escoitada-e-tida-en-conta-nas-cortes-xerais\\\/#breadcrumb\"},\"inLanguage\":\"es\",\"potentialAction\":[{\"@type\":\"ReadAction\",\"target\":[\"https:\\\/\\\/ppdegalicia.com\\\/es\\\/o-ppdeg-pon-en-valor-aos-seus-27-deputados-e-senadores-como-garantes-de-que-a-voz-de-galicia-e-escoitada-e-tida-en-conta-nas-cortes-xerais\\\/\"]}]},{\"@type\":\"ImageObject\",\"inLanguage\":\"es\",\"@id\":\"https:\\\/\\\/ppdegalicia.com\\\/es\\\/o-ppdeg-pon-en-valor-aos-seus-27-deputados-e-senadores-como-garantes-de-que-a-voz-de-galicia-e-escoitada-e-tida-en-conta-nas-cortes-xerais\\\/#primaryimage\",\"url\":\"https:\\\/\\\/ppdegalicia.com\\\/wp-content\\\/uploads\\\/2025\\\/12\\\/202501205_PPdeG_Deputados_Senadores_1-scaled.jpg\",\"contentUrl\":\"https:\\\/\\\/ppdegalicia.com\\\/wp-content\\\/uploads\\\/2025\\\/12\\\/202501205_PPdeG_Deputados_Senadores_1-scaled.jpg\",\"width\":2560,\"height\":1707},{\"@type\":\"BreadcrumbList\",\"@id\":\"https:\\\/\\\/ppdegalicia.com\\\/es\\\/o-ppdeg-pon-en-valor-aos-seus-27-deputados-e-senadores-como-garantes-de-que-a-voz-de-galicia-e-escoitada-e-tida-en-conta-nas-cortes-xerais\\\/#breadcrumb\",\"itemListElement\":[{\"@type\":\"ListItem\",\"position\":1,\"name\":\"Portada\",\"item\":\"https:\\\/\\\/ppdegalicia.com\\\/es\\\/\"},{\"@type\":\"ListItem\",\"position\":2,\"name\":\"O PPdeG pon en valor aos seus 27 deputados e senadores como garantes de que \u201ca voz de Galicia \u00e9 escoitada e tida en conta nas Cortes Xerais\u201d\"}]},{\"@type\":\"WebSite\",\"@id\":\"https:\\\/\\\/ppdegalicia.com\\\/es\\\/#website\",\"url\":\"https:\\\/\\\/ppdegalicia.com\\\/es\\\/\",\"name\":\"Partido Popular de Galicia\",\"description\":\"Partido Popular de Galicia\",\"publisher\":{\"@id\":\"https:\\\/\\\/ppdegalicia.com\\\/es\\\/#organization\"},\"alternateName\":\"PP de Galicia\",\"potentialAction\":[{\"@type\":\"SearchAction\",\"target\":{\"@type\":\"EntryPoint\",\"urlTemplate\":\"https:\\\/\\\/ppdegalicia.com\\\/es\\\/?s={search_term_string}\"},\"query-input\":{\"@type\":\"PropertyValueSpecification\",\"valueRequired\":true,\"valueName\":\"search_term_string\"}}],\"inLanguage\":\"es\"},{\"@type\":\"Organization\",\"@id\":\"https:\\\/\\\/ppdegalicia.com\\\/es\\\/#organization\",\"name\":\"Partido Popular de Galicia\",\"alternateName\":\"PP de Galicia\",\"url\":\"https:\\\/\\\/ppdegalicia.com\\\/es\\\/\",\"logo\":{\"@type\":\"ImageObject\",\"inLanguage\":\"es\",\"@id\":\"https:\\\/\\\/ppdegalicia.com\\\/es\\\/#\\\/schema\\\/logo\\\/image\\\/\",\"url\":\"https:\\\/\\\/ppdegalicia.com\\\/wp-content\\\/uploads\\\/2023\\\/04\\\/logoPP512.png\",\"contentUrl\":\"https:\\\/\\\/ppdegalicia.com\\\/wp-content\\\/uploads\\\/2023\\\/04\\\/logoPP512.png\",\"width\":512,\"height\":512,\"caption\":\"Partido Popular de Galicia\"},\"image\":{\"@id\":\"https:\\\/\\\/ppdegalicia.com\\\/es\\\/#\\\/schema\\\/logo\\\/image\\\/\"},\"sameAs\":[\"https:\\\/\\\/www.instagram.com\\\/ppdegalicia\\\/\",\"https:\\\/\\\/x.com\\\/ppdegalicia\",\"https:\\\/\\\/www.tiktok.com\\\/@ppdegalicia\",\"https:\\\/\\\/www.youtube.com\\\/user\\\/ppdegalicia\"]},{\"@type\":\"Person\",\"@id\":\"https:\\\/\\\/ppdegalicia.com\\\/es\\\/#\\\/schema\\\/person\\\/5b822c6f59e872ebdd1142f307dbcb59\",\"name\":\"ppdegaliciaredes\",\"image\":{\"@type\":\"ImageObject\",\"inLanguage\":\"es\",\"@id\":\"https:\\\/\\\/secure.gravatar.com\\\/avatar\\\/3c9179cf0256d00c72a48d1f25783c58b6842cd56e85ef3a572881c8e28ccd59?s=96&d=mm&r=g\",\"url\":\"https:\\\/\\\/secure.gravatar.com\\\/avatar\\\/3c9179cf0256d00c72a48d1f25783c58b6842cd56e85ef3a572881c8e28ccd59?s=96&d=mm&r=g\",\"contentUrl\":\"https:\\\/\\\/secure.gravatar.com\\\/avatar\\\/3c9179cf0256d00c72a48d1f25783c58b6842cd56e85ef3a572881c8e28ccd59?s=96&d=mm&r=g\",\"caption\":\"ppdegaliciaredes\"},\"url\":\"https:\\\/\\\/ppdegalicia.com\\\/es\\\/author\\\/ppdegaliciaredes\\\/\"}]}<\/script>\n<!-- \/ Yoast SEO plugin. -->","yoast_head_json":{"title":"O PPdeG pon en valor aos seus 27 deputados e senadores como garantes de que \u201ca voz de Galicia \u00e9 escoitada e tida en conta nas Cortes Xerais\u201d - PP de Galicia","description":"O PPdeG pon en valor que os seus 27 deputados e senadores \u201cson a mellor garant\u00eda de que a voz de Galicia esc\u00f3itase e tense en conta nas Cortes Xerais\u201d e reivindica a s\u00faa defensa dos intereses dos galegos e galegas fronte aos \u201cagravios\u201d e \u201cataques frontais\u201d de Pedro S\u00e1nchez.","robots":{"index":"index","follow":"follow","max-snippet":"max-snippet:-1","max-image-preview":"max-image-preview:large","max-video-preview":"max-video-preview:-1"},"canonical":"https:\/\/ppdegalicia.com\/es\/o-ppdeg-pon-en-valor-aos-seus-27-deputados-e-senadores-como-garantes-de-que-a-voz-de-galicia-e-escoitada-e-tida-en-conta-nas-cortes-xerais\/","og_locale":"es_ES","og_type":"article","og_title":"O PPdeG pon en valor aos seus 27 deputados e senadores como garantes de que \u201ca voz de Galicia \u00e9 escoitada e tida en conta nas Cortes Xerais\u201d - PP de Galicia","og_description":"O PPdeG pon en valor que os seus 27 deputados e senadores \u201cson a mellor garant\u00eda de que a voz de Galicia esc\u00f3itase e tense en conta nas Cortes Xerais\u201d e reivindica a s\u00faa defensa dos intereses dos galegos e galegas fronte aos \u201cagravios\u201d e \u201cataques frontais\u201d de Pedro S\u00e1nchez.","og_url":"https:\/\/ppdegalicia.com\/es\/o-ppdeg-pon-en-valor-aos-seus-27-deputados-e-senadores-como-garantes-de-que-a-voz-de-galicia-e-escoitada-e-tida-en-conta-nas-cortes-xerais\/","og_site_name":"PP de Galicia","article_publisher":"https:\/\/www.instagram.com\/ppdegalicia\/","article_published_time":"2025-12-05T13:41:24+00:00","og_image":[{"width":2560,"height":1707,"url":"https:\/\/ppdegalicia.com\/wp-content\/uploads\/2025\/12\/202501205_PPdeG_Deputados_Senadores_1-scaled.jpg","type":"image\/jpeg"}],"author":"ppdegaliciaredes","twitter_card":"summary_large_image","twitter_creator":"@ppdegalicia","twitter_site":"@ppdegalicia","twitter_misc":{"Escrito por":"ppdegaliciaredes","Tiempo de lectura":"7 minutos"},"schema":{"@context":"https:\/\/schema.org","@graph":[{"@type":"Article","@id":"https:\/\/ppdegalicia.com\/es\/o-ppdeg-pon-en-valor-aos-seus-27-deputados-e-senadores-como-garantes-de-que-a-voz-de-galicia-e-escoitada-e-tida-en-conta-nas-cortes-xerais\/#article","isPartOf":{"@id":"https:\/\/ppdegalicia.com\/es\/o-ppdeg-pon-en-valor-aos-seus-27-deputados-e-senadores-como-garantes-de-que-a-voz-de-galicia-e-escoitada-e-tida-en-conta-nas-cortes-xerais\/"},"author":{"name":"ppdegaliciaredes","@id":"https:\/\/ppdegalicia.com\/es\/#\/schema\/person\/5b822c6f59e872ebdd1142f307dbcb59"},"headline":"O PPdeG pon en valor aos seus 27 deputados e senadores como garantes de que \u201ca voz de Galicia \u00e9 escoitada e tida en conta nas Cortes Xerais\u201d","datePublished":"2025-12-05T13:41:24+00:00","mainEntityOfPage":{"@id":"https:\/\/ppdegalicia.com\/es\/o-ppdeg-pon-en-valor-aos-seus-27-deputados-e-senadores-como-garantes-de-que-a-voz-de-galicia-e-escoitada-e-tida-en-conta-nas-cortes-xerais\/"},"wordCount":1274,"publisher":{"@id":"https:\/\/ppdegalicia.com\/es\/#organization"},"image":{"@id":"https:\/\/ppdegalicia.com\/es\/o-ppdeg-pon-en-valor-aos-seus-27-deputados-e-senadores-como-garantes-de-que-a-voz-de-galicia-e-escoitada-e-tida-en-conta-nas-cortes-xerais\/#primaryimage"},"thumbnailUrl":"https:\/\/ppdegalicia.com\/wp-content\/uploads\/2025\/12\/202501205_PPdeG_Deputados_Senadores_1-scaled.jpg","articleSection":["Cortes Generales","PP de Galicia"],"inLanguage":"es"},{"@type":"WebPage","@id":"https:\/\/ppdegalicia.com\/es\/o-ppdeg-pon-en-valor-aos-seus-27-deputados-e-senadores-como-garantes-de-que-a-voz-de-galicia-e-escoitada-e-tida-en-conta-nas-cortes-xerais\/","url":"https:\/\/ppdegalicia.com\/es\/o-ppdeg-pon-en-valor-aos-seus-27-deputados-e-senadores-como-garantes-de-que-a-voz-de-galicia-e-escoitada-e-tida-en-conta-nas-cortes-xerais\/","name":"O PPdeG pon en valor aos seus 27 deputados e senadores como garantes de que \u201ca voz de Galicia \u00e9 escoitada e tida en conta nas Cortes Xerais\u201d - PP de Galicia","isPartOf":{"@id":"https:\/\/ppdegalicia.com\/es\/#website"},"primaryImageOfPage":{"@id":"https:\/\/ppdegalicia.com\/es\/o-ppdeg-pon-en-valor-aos-seus-27-deputados-e-senadores-como-garantes-de-que-a-voz-de-galicia-e-escoitada-e-tida-en-conta-nas-cortes-xerais\/#primaryimage"},"image":{"@id":"https:\/\/ppdegalicia.com\/es\/o-ppdeg-pon-en-valor-aos-seus-27-deputados-e-senadores-como-garantes-de-que-a-voz-de-galicia-e-escoitada-e-tida-en-conta-nas-cortes-xerais\/#primaryimage"},"thumbnailUrl":"https:\/\/ppdegalicia.com\/wp-content\/uploads\/2025\/12\/202501205_PPdeG_Deputados_Senadores_1-scaled.jpg","datePublished":"2025-12-05T13:41:24+00:00","description":"O PPdeG pon en valor que os seus 27 deputados e senadores \u201cson a mellor garant\u00eda de que a voz de Galicia esc\u00f3itase e tense en conta nas Cortes Xerais\u201d e reivindica a s\u00faa defensa dos intereses dos galegos e galegas fronte aos \u201cagravios\u201d e \u201cataques frontais\u201d de Pedro S\u00e1nchez.","breadcrumb":{"@id":"https:\/\/ppdegalicia.com\/es\/o-ppdeg-pon-en-valor-aos-seus-27-deputados-e-senadores-como-garantes-de-que-a-voz-de-galicia-e-escoitada-e-tida-en-conta-nas-cortes-xerais\/#breadcrumb"},"inLanguage":"es","potentialAction":[{"@type":"ReadAction","target":["https:\/\/ppdegalicia.com\/es\/o-ppdeg-pon-en-valor-aos-seus-27-deputados-e-senadores-como-garantes-de-que-a-voz-de-galicia-e-escoitada-e-tida-en-conta-nas-cortes-xerais\/"]}]},{"@type":"ImageObject","inLanguage":"es","@id":"https:\/\/ppdegalicia.com\/es\/o-ppdeg-pon-en-valor-aos-seus-27-deputados-e-senadores-como-garantes-de-que-a-voz-de-galicia-e-escoitada-e-tida-en-conta-nas-cortes-xerais\/#primaryimage","url":"https:\/\/ppdegalicia.com\/wp-content\/uploads\/2025\/12\/202501205_PPdeG_Deputados_Senadores_1-scaled.jpg","contentUrl":"https:\/\/ppdegalicia.com\/wp-content\/uploads\/2025\/12\/202501205_PPdeG_Deputados_Senadores_1-scaled.jpg","width":2560,"height":1707},{"@type":"BreadcrumbList","@id":"https:\/\/ppdegalicia.com\/es\/o-ppdeg-pon-en-valor-aos-seus-27-deputados-e-senadores-como-garantes-de-que-a-voz-de-galicia-e-escoitada-e-tida-en-conta-nas-cortes-xerais\/#breadcrumb","itemListElement":[{"@type":"ListItem","position":1,"name":"Portada","item":"https:\/\/ppdegalicia.com\/es\/"},{"@type":"ListItem","position":2,"name":"O PPdeG pon en valor aos seus 27 deputados e senadores como garantes de que \u201ca voz de Galicia \u00e9 escoitada e tida en conta nas Cortes Xerais\u201d"}]},{"@type":"WebSite","@id":"https:\/\/ppdegalicia.com\/es\/#website","url":"https:\/\/ppdegalicia.com\/es\/","name":"Partido Popular de Galicia","description":"Partido Popular de Galicia","publisher":{"@id":"https:\/\/ppdegalicia.com\/es\/#organization"},"alternateName":"PP de Galicia","potentialAction":[{"@type":"SearchAction","target":{"@type":"EntryPoint","urlTemplate":"https:\/\/ppdegalicia.com\/es\/?s={search_term_string}"},"query-input":{"@type":"PropertyValueSpecification","valueRequired":true,"valueName":"search_term_string"}}],"inLanguage":"es"},{"@type":"Organization","@id":"https:\/\/ppdegalicia.com\/es\/#organization","name":"Partido Popular de Galicia","alternateName":"PP de Galicia","url":"https:\/\/ppdegalicia.com\/es\/","logo":{"@type":"ImageObject","inLanguage":"es","@id":"https:\/\/ppdegalicia.com\/es\/#\/schema\/logo\/image\/","url":"https:\/\/ppdegalicia.com\/wp-content\/uploads\/2023\/04\/logoPP512.png","contentUrl":"https:\/\/ppdegalicia.com\/wp-content\/uploads\/2023\/04\/logoPP512.png","width":512,"height":512,"caption":"Partido Popular de Galicia"},"image":{"@id":"https:\/\/ppdegalicia.com\/es\/#\/schema\/logo\/image\/"},"sameAs":["https:\/\/www.instagram.com\/ppdegalicia\/","https:\/\/x.com\/ppdegalicia","https:\/\/www.tiktok.com\/@ppdegalicia","https:\/\/www.youtube.com\/user\/ppdegalicia"]},{"@type":"Person","@id":"https:\/\/ppdegalicia.com\/es\/#\/schema\/person\/5b822c6f59e872ebdd1142f307dbcb59","name":"ppdegaliciaredes","image":{"@type":"ImageObject","inLanguage":"es","@id":"https:\/\/secure.gravatar.com\/avatar\/3c9179cf0256d00c72a48d1f25783c58b6842cd56e85ef3a572881c8e28ccd59?s=96&d=mm&r=g","url":"https:\/\/secure.gravatar.com\/avatar\/3c9179cf0256d00c72a48d1f25783c58b6842cd56e85ef3a572881c8e28ccd59?s=96&d=mm&r=g","contentUrl":"https:\/\/secure.gravatar.com\/avatar\/3c9179cf0256d00c72a48d1f25783c58b6842cd56e85ef3a572881c8e28ccd59?s=96&d=mm&r=g","caption":"ppdegaliciaredes"},"url":"https:\/\/ppdegalicia.com\/es\/author\/ppdegaliciaredes\/"}]}},"_links":{"self":[{"href":"https:\/\/ppdegalicia.com\/es\/wp-json\/wp\/v2\/posts\/69388","targetHints":{"allow":["GET"]}}],"collection":[{"href":"https:\/\/ppdegalicia.com\/es\/wp-json\/wp\/v2\/posts"}],"about":[{"href":"https:\/\/ppdegalicia.com\/es\/wp-json\/wp\/v2\/types\/post"}],"author":[{"embeddable":true,"href":"https:\/\/ppdegalicia.com\/es\/wp-json\/wp\/v2\/users\/38"}],"replies":[{"embeddable":true,"href":"https:\/\/ppdegalicia.com\/es\/wp-json\/wp\/v2\/comments?post=69388"}],"version-history":[{"count":1,"href":"https:\/\/ppdegalicia.com\/es\/wp-json\/wp\/v2\/posts\/69388\/revisions"}],"predecessor-version":[{"id":69391,"href":"https:\/\/ppdegalicia.com\/es\/wp-json\/wp\/v2\/posts\/69388\/revisions\/69391"}],"wp:featuredmedia":[{"embeddable":true,"href":"https:\/\/ppdegalicia.com\/es\/wp-json\/wp\/v2\/media\/69389"}],"wp:attachment":[{"href":"https:\/\/ppdegalicia.com\/es\/wp-json\/wp\/v2\/media?parent=69388"}],"wp:term":[{"taxonomy":"category","embeddable":true,"href":"https:\/\/ppdegalicia.com\/es\/wp-json\/wp\/v2\/categories?post=69388"},{"taxonomy":"post_tag","embeddable":true,"href":"https:\/\/ppdegalicia.com\/es\/wp-json\/wp\/v2\/tags?post=69388"}],"curies":[{"name":"wp","href":"https:\/\/api.w.org\/{rel}","templated":true}]}}