{"id":69397,"date":"2025-12-06T19:32:28","date_gmt":"2025-12-06T18:32:28","guid":{"rendered":"https:\/\/ppdegalicia.com\/?p=69397"},"modified":"2025-12-06T19:32:28","modified_gmt":"2025-12-06T18:32:28","slug":"o-ppdeg-sublina-que-o-goberno-galego-amosa-o-firme-compromiso-co-museo-da-romanizacion-incorporando-unha-nova-partida-de-500-000-euros-nos-orzamentos-de-2026-para-rehabilitar-o-edificio","status":"publish","type":"post","link":"https:\/\/ppdegalicia.com\/es\/o-ppdeg-sublina-que-o-goberno-galego-amosa-o-firme-compromiso-co-museo-da-romanizacion-incorporando-unha-nova-partida-de-500-000-euros-nos-orzamentos-de-2026-para-rehabilitar-o-edificio\/","title":{"rendered":"O PPdeG subli\u00f1a que o Goberno galego amosa o firme compromiso co Museo da Romanizaci\u00f3n incorporando unha nova partida de 500.000 euros nos orzamentos de 2026 para rehabilitar o edificio"},"content":{"rendered":"<p>Os deputados do Grupo Popular Elena Candia, Nicole Grueira e Enrique Barreiro subli\u00f1aron hoxe \u201co firme compromiso do Goberno galego co futuro Museo da Romanizaci\u00f3n de Lugo\u201d, que se traduce na incorporaci\u00f3n dunha nova partida de 500.000 euros nos orzamentos da Xunta para o vindeiro ano para financiar a rehabilitaci\u00f3n da cuberta e da envolvente do antigo cuartel.<\/p>\n<p>\u201cA Xunta \u00e9 a \u00fanica administraci\u00f3n que cumpre o acordo para rehabilitar o cuartel de San Fernando e agora queda pendente que o Concello de Lugo asuma os seus compromisos e, en primeiro lugar, consiga o financiamento restante para esta obra e despois leve adiante o proxecto de rehabilitaci\u00f3n, acci\u00f3ns indispensables para poder optar aos fondos europeos que financien a recuperaci\u00f3n total deste inmoble\u201d, manifestaron.<\/p>\n<p>Elena Candia lembrou \u201co compromiso asumido no ano 2022 polo Presidente Alfonso Rueda polo que garant\u00eda a parcipaci\u00f3n da Xunta no financiamento das obras do Museo da Romanizaci\u00f3n, coa condici\u00f3n de que o Concello, propietario do edificio, buscara apoio econ\u00f3mico complementario para levar a cabo as obras\u201d. \u201cAta o de agora, o Goberno galego foi o \u00fanico que cumpriu o compromiso, e falta agora que as demais administraci\u00f3ns se involucren na recuperaci\u00f3n do cuartel de San Fernando\u201d, dixo.<\/p>\n<p><strong>MAREAR A PERDIZ<\/strong><\/p>\n<p>\u201cEste compromiso xa quedou de manifesto o pasado ano no momento que se incorporou unha partida de 500.000 euros nos orzamentos da Xunta para 2025 para o proxecto do Museo, partida que non foi posible executar porque o Concello foi incapaz de conseguir o financiamento restante necesario e o Goberno galego dispuxo destes cartos para outros fins ante o risco de que quedaran sen gastar\u201d, explicou .<br \/>\nNicole Grueira.<\/p>\n<p>Deste xeito, Enrique Barreiro pediu ao alcalde de Lugo que \u201cdeixe de marear a perdiz e se po\u00f1a a traballar para conseguir o financiamento complementario que o Concello se comprometeu a buscar noutras administraci\u00f3ns p\u00fablicas para o Museo da Romanizaci\u00f3n, de xeito que se podan levar adiante unhas obras que permitan recuperar un edificio que na actualidade se atopa nunha penosa situaci\u00f3n\u201d.<\/p>\n","protected":false},"excerpt":{"rendered":"<p>Os deputados do Grupo Popular Elena Candia, Nicole Grueira e Enrique Barreiro subli\u00f1aron hoxe \u201co firme compromiso do Goberno galego co futuro Museo da Romanizaci\u00f3n de Lugo\u201d, que se traduce na incorporaci\u00f3n dunha nova partida de 500.000 euros nos orzamentos da Xunta para o vindeiro ano para financiar a rehabilitaci\u00f3n da cuberta e da envolvente [&hellip;]<\/p>\n","protected":false},"author":38,"featured_media":69398,"comment_status":"closed","ping_status":"open","sticky":false,"template":"","format":"standard","meta":{"_acf_changed":false,"footnotes":""},"categories":[1128],"tags":[],"class_list":["post-69397","post","type-post","status-publish","format-standard","has-post-thumbnail","hentry","category-actualidad-parlamento-de-galicia"],"acf":[],"yoast_head":"<!-- This site is optimized with the Yoast SEO plugin v27.3 - https:\/\/yoast.com\/product\/yoast-seo-wordpress\/ -->\n<title>O PPdeG subli\u00f1a que o Goberno galego amosa o firme compromiso co Museo da Romanizaci\u00f3n incorporando unha nova partida de 500.000 euros nos orzamentos de 2026 para rehabilitar o edificio - PP de Galicia<\/title>\n<meta name=\"description\" content=\"Os deputados do Grupo Popular Elena Candia, Nicole Grueira e Enrique Barreiro subli\u00f1aron hoxe \u201co firme compromiso do Goberno galego co futuro Museo da Romanizaci\u00f3n de Lugo\u201d, que se traduce na incorporaci\u00f3n dunha nova partida de 500.000 euros nos orzamentos da Xunta para o vindeiro ano para financiar a rehabilitaci\u00f3n da cuberta e da envolvente do antigo cuartel.\" \/>\n<meta name=\"robots\" content=\"index, follow, max-snippet:-1, max-image-preview:large, max-video-preview:-1\" \/>\n<link rel=\"canonical\" href=\"https:\/\/ppdegalicia.com\/es\/o-ppdeg-sublina-que-o-goberno-galego-amosa-o-firme-compromiso-co-museo-da-romanizacion-incorporando-unha-nova-partida-de-500-000-euros-nos-orzamentos-de-2026-para-rehabilitar-o-edificio\/\" \/>\n<meta property=\"og:locale\" content=\"es_ES\" \/>\n<meta property=\"og:type\" content=\"article\" \/>\n<meta property=\"og:title\" content=\"O PPdeG subli\u00f1a que o Goberno galego amosa o firme compromiso co Museo da Romanizaci\u00f3n incorporando unha nova partida de 500.000 euros nos orzamentos de 2026 para rehabilitar o edificio - PP de Galicia\" \/>\n<meta property=\"og:description\" content=\"Os deputados do Grupo Popular Elena Candia, Nicole Grueira e Enrique Barreiro subli\u00f1aron hoxe \u201co firme compromiso do Goberno galego co futuro Museo da Romanizaci\u00f3n de Lugo\u201d, que se traduce na incorporaci\u00f3n dunha nova partida de 500.000 euros nos orzamentos da Xunta para o vindeiro ano para financiar a rehabilitaci\u00f3n da cuberta e da envolvente do antigo cuartel.\" \/>\n<meta property=\"og:url\" content=\"https:\/\/ppdegalicia.com\/es\/o-ppdeg-sublina-que-o-goberno-galego-amosa-o-firme-compromiso-co-museo-da-romanizacion-incorporando-unha-nova-partida-de-500-000-euros-nos-orzamentos-de-2026-para-rehabilitar-o-edificio\/\" \/>\n<meta property=\"og:site_name\" content=\"PP de Galicia\" \/>\n<meta property=\"article:publisher\" content=\"https:\/\/www.instagram.com\/ppdegalicia\/\" \/>\n<meta property=\"article:published_time\" content=\"2025-12-06T18:32:28+00:00\" \/>\n<meta property=\"og:image\" content=\"https:\/\/ppdegalicia.com\/wp-content\/uploads\/2025\/12\/Elena-Candia-Nicole-Grueira-e-Enrique-Barreiro-ante-o-cuartel-de-San-Fernando.jpg\" \/>\n\t<meta property=\"og:image:width\" content=\"1600\" \/>\n\t<meta property=\"og:image:height\" content=\"1200\" \/>\n\t<meta property=\"og:image:type\" content=\"image\/jpeg\" \/>\n<meta name=\"author\" content=\"ppdegaliciaredes\" \/>\n<meta name=\"twitter:card\" content=\"summary_large_image\" \/>\n<meta name=\"twitter:creator\" content=\"@ppdegalicia\" \/>\n<meta name=\"twitter:site\" content=\"@ppdegalicia\" \/>\n<meta name=\"twitter:label1\" content=\"Escrito por\" \/>\n\t<meta name=\"twitter:data1\" content=\"ppdegaliciaredes\" \/>\n\t<meta name=\"twitter:label2\" content=\"Tiempo de lectura\" \/>\n\t<meta name=\"twitter:data2\" content=\"3 minutos\" \/>\n<script type=\"application\/ld+json\" class=\"yoast-schema-graph\">{\"@context\":\"https:\\\/\\\/schema.org\",\"@graph\":[{\"@type\":\"Article\",\"@id\":\"https:\\\/\\\/ppdegalicia.com\\\/es\\\/o-ppdeg-sublina-que-o-goberno-galego-amosa-o-firme-compromiso-co-museo-da-romanizacion-incorporando-unha-nova-partida-de-500-000-euros-nos-orzamentos-de-2026-para-rehabilitar-o-edificio\\\/#article\",\"isPartOf\":{\"@id\":\"https:\\\/\\\/ppdegalicia.com\\\/es\\\/o-ppdeg-sublina-que-o-goberno-galego-amosa-o-firme-compromiso-co-museo-da-romanizacion-incorporando-unha-nova-partida-de-500-000-euros-nos-orzamentos-de-2026-para-rehabilitar-o-edificio\\\/\"},\"author\":{\"name\":\"ppdegaliciaredes\",\"@id\":\"https:\\\/\\\/ppdegalicia.com\\\/es\\\/#\\\/schema\\\/person\\\/5b822c6f59e872ebdd1142f307dbcb59\"},\"headline\":\"O PPdeG subli\u00f1a que o Goberno galego amosa o firme compromiso co Museo da Romanizaci\u00f3n incorporando unha nova partida de 500.000 euros nos orzamentos de 2026 para rehabilitar o edificio\",\"datePublished\":\"2025-12-06T18:32:28+00:00\",\"mainEntityOfPage\":{\"@id\":\"https:\\\/\\\/ppdegalicia.com\\\/es\\\/o-ppdeg-sublina-que-o-goberno-galego-amosa-o-firme-compromiso-co-museo-da-romanizacion-incorporando-unha-nova-partida-de-500-000-euros-nos-orzamentos-de-2026-para-rehabilitar-o-edificio\\\/\"},\"wordCount\":379,\"publisher\":{\"@id\":\"https:\\\/\\\/ppdegalicia.com\\\/es\\\/#organization\"},\"image\":{\"@id\":\"https:\\\/\\\/ppdegalicia.com\\\/es\\\/o-ppdeg-sublina-que-o-goberno-galego-amosa-o-firme-compromiso-co-museo-da-romanizacion-incorporando-unha-nova-partida-de-500-000-euros-nos-orzamentos-de-2026-para-rehabilitar-o-edificio\\\/#primaryimage\"},\"thumbnailUrl\":\"https:\\\/\\\/ppdegalicia.com\\\/wp-content\\\/uploads\\\/2025\\\/12\\\/Elena-Candia-Nicole-Grueira-e-Enrique-Barreiro-ante-o-cuartel-de-San-Fernando.jpg\",\"articleSection\":[\"Parlamento de Galicia\"],\"inLanguage\":\"es\"},{\"@type\":\"WebPage\",\"@id\":\"https:\\\/\\\/ppdegalicia.com\\\/es\\\/o-ppdeg-sublina-que-o-goberno-galego-amosa-o-firme-compromiso-co-museo-da-romanizacion-incorporando-unha-nova-partida-de-500-000-euros-nos-orzamentos-de-2026-para-rehabilitar-o-edificio\\\/\",\"url\":\"https:\\\/\\\/ppdegalicia.com\\\/es\\\/o-ppdeg-sublina-que-o-goberno-galego-amosa-o-firme-compromiso-co-museo-da-romanizacion-incorporando-unha-nova-partida-de-500-000-euros-nos-orzamentos-de-2026-para-rehabilitar-o-edificio\\\/\",\"name\":\"O PPdeG subli\u00f1a que o Goberno galego amosa o firme compromiso co Museo da Romanizaci\u00f3n incorporando unha nova partida de 500.000 euros nos orzamentos de 2026 para rehabilitar o edificio - PP de Galicia\",\"isPartOf\":{\"@id\":\"https:\\\/\\\/ppdegalicia.com\\\/es\\\/#website\"},\"primaryImageOfPage\":{\"@id\":\"https:\\\/\\\/ppdegalicia.com\\\/es\\\/o-ppdeg-sublina-que-o-goberno-galego-amosa-o-firme-compromiso-co-museo-da-romanizacion-incorporando-unha-nova-partida-de-500-000-euros-nos-orzamentos-de-2026-para-rehabilitar-o-edificio\\\/#primaryimage\"},\"image\":{\"@id\":\"https:\\\/\\\/ppdegalicia.com\\\/es\\\/o-ppdeg-sublina-que-o-goberno-galego-amosa-o-firme-compromiso-co-museo-da-romanizacion-incorporando-unha-nova-partida-de-500-000-euros-nos-orzamentos-de-2026-para-rehabilitar-o-edificio\\\/#primaryimage\"},\"thumbnailUrl\":\"https:\\\/\\\/ppdegalicia.com\\\/wp-content\\\/uploads\\\/2025\\\/12\\\/Elena-Candia-Nicole-Grueira-e-Enrique-Barreiro-ante-o-cuartel-de-San-Fernando.jpg\",\"datePublished\":\"2025-12-06T18:32:28+00:00\",\"description\":\"Os deputados do Grupo Popular Elena Candia, Nicole Grueira e Enrique Barreiro subli\u00f1aron hoxe \u201co firme compromiso do Goberno galego co futuro Museo da Romanizaci\u00f3n de Lugo\u201d, que se traduce na incorporaci\u00f3n dunha nova partida de 500.000 euros nos orzamentos da Xunta para o vindeiro ano para financiar a rehabilitaci\u00f3n da cuberta e da envolvente do antigo cuartel.\",\"breadcrumb\":{\"@id\":\"https:\\\/\\\/ppdegalicia.com\\\/es\\\/o-ppdeg-sublina-que-o-goberno-galego-amosa-o-firme-compromiso-co-museo-da-romanizacion-incorporando-unha-nova-partida-de-500-000-euros-nos-orzamentos-de-2026-para-rehabilitar-o-edificio\\\/#breadcrumb\"},\"inLanguage\":\"es\",\"potentialAction\":[{\"@type\":\"ReadAction\",\"target\":[\"https:\\\/\\\/ppdegalicia.com\\\/es\\\/o-ppdeg-sublina-que-o-goberno-galego-amosa-o-firme-compromiso-co-museo-da-romanizacion-incorporando-unha-nova-partida-de-500-000-euros-nos-orzamentos-de-2026-para-rehabilitar-o-edificio\\\/\"]}]},{\"@type\":\"ImageObject\",\"inLanguage\":\"es\",\"@id\":\"https:\\\/\\\/ppdegalicia.com\\\/es\\\/o-ppdeg-sublina-que-o-goberno-galego-amosa-o-firme-compromiso-co-museo-da-romanizacion-incorporando-unha-nova-partida-de-500-000-euros-nos-orzamentos-de-2026-para-rehabilitar-o-edificio\\\/#primaryimage\",\"url\":\"https:\\\/\\\/ppdegalicia.com\\\/wp-content\\\/uploads\\\/2025\\\/12\\\/Elena-Candia-Nicole-Grueira-e-Enrique-Barreiro-ante-o-cuartel-de-San-Fernando.jpg\",\"contentUrl\":\"https:\\\/\\\/ppdegalicia.com\\\/wp-content\\\/uploads\\\/2025\\\/12\\\/Elena-Candia-Nicole-Grueira-e-Enrique-Barreiro-ante-o-cuartel-de-San-Fernando.jpg\",\"width\":1600,\"height\":1200},{\"@type\":\"BreadcrumbList\",\"@id\":\"https:\\\/\\\/ppdegalicia.com\\\/es\\\/o-ppdeg-sublina-que-o-goberno-galego-amosa-o-firme-compromiso-co-museo-da-romanizacion-incorporando-unha-nova-partida-de-500-000-euros-nos-orzamentos-de-2026-para-rehabilitar-o-edificio\\\/#breadcrumb\",\"itemListElement\":[{\"@type\":\"ListItem\",\"position\":1,\"name\":\"Portada\",\"item\":\"https:\\\/\\\/ppdegalicia.com\\\/es\\\/\"},{\"@type\":\"ListItem\",\"position\":2,\"name\":\"O PPdeG subli\u00f1a que o Goberno galego amosa o firme compromiso co Museo da Romanizaci\u00f3n incorporando unha nova partida de 500.000 euros nos orzamentos de 2026 para rehabilitar o edificio\"}]},{\"@type\":\"WebSite\",\"@id\":\"https:\\\/\\\/ppdegalicia.com\\\/es\\\/#website\",\"url\":\"https:\\\/\\\/ppdegalicia.com\\\/es\\\/\",\"name\":\"Partido Popular de Galicia\",\"description\":\"Partido Popular de Galicia\",\"publisher\":{\"@id\":\"https:\\\/\\\/ppdegalicia.com\\\/es\\\/#organization\"},\"alternateName\":\"PP de Galicia\",\"potentialAction\":[{\"@type\":\"SearchAction\",\"target\":{\"@type\":\"EntryPoint\",\"urlTemplate\":\"https:\\\/\\\/ppdegalicia.com\\\/es\\\/?s={search_term_string}\"},\"query-input\":{\"@type\":\"PropertyValueSpecification\",\"valueRequired\":true,\"valueName\":\"search_term_string\"}}],\"inLanguage\":\"es\"},{\"@type\":\"Organization\",\"@id\":\"https:\\\/\\\/ppdegalicia.com\\\/es\\\/#organization\",\"name\":\"Partido Popular de Galicia\",\"alternateName\":\"PP de Galicia\",\"url\":\"https:\\\/\\\/ppdegalicia.com\\\/es\\\/\",\"logo\":{\"@type\":\"ImageObject\",\"inLanguage\":\"es\",\"@id\":\"https:\\\/\\\/ppdegalicia.com\\\/es\\\/#\\\/schema\\\/logo\\\/image\\\/\",\"url\":\"https:\\\/\\\/ppdegalicia.com\\\/wp-content\\\/uploads\\\/2023\\\/04\\\/logoPP512.png\",\"contentUrl\":\"https:\\\/\\\/ppdegalicia.com\\\/wp-content\\\/uploads\\\/2023\\\/04\\\/logoPP512.png\",\"width\":512,\"height\":512,\"caption\":\"Partido Popular de Galicia\"},\"image\":{\"@id\":\"https:\\\/\\\/ppdegalicia.com\\\/es\\\/#\\\/schema\\\/logo\\\/image\\\/\"},\"sameAs\":[\"https:\\\/\\\/www.instagram.com\\\/ppdegalicia\\\/\",\"https:\\\/\\\/x.com\\\/ppdegalicia\",\"https:\\\/\\\/www.tiktok.com\\\/@ppdegalicia\",\"https:\\\/\\\/www.youtube.com\\\/user\\\/ppdegalicia\"]},{\"@type\":\"Person\",\"@id\":\"https:\\\/\\\/ppdegalicia.com\\\/es\\\/#\\\/schema\\\/person\\\/5b822c6f59e872ebdd1142f307dbcb59\",\"name\":\"ppdegaliciaredes\",\"image\":{\"@type\":\"ImageObject\",\"inLanguage\":\"es\",\"@id\":\"https:\\\/\\\/secure.gravatar.com\\\/avatar\\\/3c9179cf0256d00c72a48d1f25783c58b6842cd56e85ef3a572881c8e28ccd59?s=96&d=mm&r=g\",\"url\":\"https:\\\/\\\/secure.gravatar.com\\\/avatar\\\/3c9179cf0256d00c72a48d1f25783c58b6842cd56e85ef3a572881c8e28ccd59?s=96&d=mm&r=g\",\"contentUrl\":\"https:\\\/\\\/secure.gravatar.com\\\/avatar\\\/3c9179cf0256d00c72a48d1f25783c58b6842cd56e85ef3a572881c8e28ccd59?s=96&d=mm&r=g\",\"caption\":\"ppdegaliciaredes\"},\"url\":\"https:\\\/\\\/ppdegalicia.com\\\/es\\\/author\\\/ppdegaliciaredes\\\/\"}]}<\/script>\n<!-- \/ Yoast SEO plugin. -->","yoast_head_json":{"title":"O PPdeG subli\u00f1a que o Goberno galego amosa o firme compromiso co Museo da Romanizaci\u00f3n incorporando unha nova partida de 500.000 euros nos orzamentos de 2026 para rehabilitar o edificio - PP de Galicia","description":"Os deputados do Grupo Popular Elena Candia, Nicole Grueira e Enrique Barreiro subli\u00f1aron hoxe \u201co firme compromiso do Goberno galego co futuro Museo da Romanizaci\u00f3n de Lugo\u201d, que se traduce na incorporaci\u00f3n dunha nova partida de 500.000 euros nos orzamentos da Xunta para o vindeiro ano para financiar a rehabilitaci\u00f3n da cuberta e da envolvente do antigo cuartel.","robots":{"index":"index","follow":"follow","max-snippet":"max-snippet:-1","max-image-preview":"max-image-preview:large","max-video-preview":"max-video-preview:-1"},"canonical":"https:\/\/ppdegalicia.com\/es\/o-ppdeg-sublina-que-o-goberno-galego-amosa-o-firme-compromiso-co-museo-da-romanizacion-incorporando-unha-nova-partida-de-500-000-euros-nos-orzamentos-de-2026-para-rehabilitar-o-edificio\/","og_locale":"es_ES","og_type":"article","og_title":"O PPdeG subli\u00f1a que o Goberno galego amosa o firme compromiso co Museo da Romanizaci\u00f3n incorporando unha nova partida de 500.000 euros nos orzamentos de 2026 para rehabilitar o edificio - PP de Galicia","og_description":"Os deputados do Grupo Popular Elena Candia, Nicole Grueira e Enrique Barreiro subli\u00f1aron hoxe \u201co firme compromiso do Goberno galego co futuro Museo da Romanizaci\u00f3n de Lugo\u201d, que se traduce na incorporaci\u00f3n dunha nova partida de 500.000 euros nos orzamentos da Xunta para o vindeiro ano para financiar a rehabilitaci\u00f3n da cuberta e da envolvente do antigo cuartel.","og_url":"https:\/\/ppdegalicia.com\/es\/o-ppdeg-sublina-que-o-goberno-galego-amosa-o-firme-compromiso-co-museo-da-romanizacion-incorporando-unha-nova-partida-de-500-000-euros-nos-orzamentos-de-2026-para-rehabilitar-o-edificio\/","og_site_name":"PP de Galicia","article_publisher":"https:\/\/www.instagram.com\/ppdegalicia\/","article_published_time":"2025-12-06T18:32:28+00:00","og_image":[{"width":1600,"height":1200,"url":"https:\/\/ppdegalicia.com\/wp-content\/uploads\/2025\/12\/Elena-Candia-Nicole-Grueira-e-Enrique-Barreiro-ante-o-cuartel-de-San-Fernando.jpg","type":"image\/jpeg"}],"author":"ppdegaliciaredes","twitter_card":"summary_large_image","twitter_creator":"@ppdegalicia","twitter_site":"@ppdegalicia","twitter_misc":{"Escrito por":"ppdegaliciaredes","Tiempo de lectura":"3 minutos"},"schema":{"@context":"https:\/\/schema.org","@graph":[{"@type":"Article","@id":"https:\/\/ppdegalicia.com\/es\/o-ppdeg-sublina-que-o-goberno-galego-amosa-o-firme-compromiso-co-museo-da-romanizacion-incorporando-unha-nova-partida-de-500-000-euros-nos-orzamentos-de-2026-para-rehabilitar-o-edificio\/#article","isPartOf":{"@id":"https:\/\/ppdegalicia.com\/es\/o-ppdeg-sublina-que-o-goberno-galego-amosa-o-firme-compromiso-co-museo-da-romanizacion-incorporando-unha-nova-partida-de-500-000-euros-nos-orzamentos-de-2026-para-rehabilitar-o-edificio\/"},"author":{"name":"ppdegaliciaredes","@id":"https:\/\/ppdegalicia.com\/es\/#\/schema\/person\/5b822c6f59e872ebdd1142f307dbcb59"},"headline":"O PPdeG subli\u00f1a que o Goberno galego amosa o firme compromiso co Museo da Romanizaci\u00f3n incorporando unha nova partida de 500.000 euros nos orzamentos de 2026 para rehabilitar o edificio","datePublished":"2025-12-06T18:32:28+00:00","mainEntityOfPage":{"@id":"https:\/\/ppdegalicia.com\/es\/o-ppdeg-sublina-que-o-goberno-galego-amosa-o-firme-compromiso-co-museo-da-romanizacion-incorporando-unha-nova-partida-de-500-000-euros-nos-orzamentos-de-2026-para-rehabilitar-o-edificio\/"},"wordCount":379,"publisher":{"@id":"https:\/\/ppdegalicia.com\/es\/#organization"},"image":{"@id":"https:\/\/ppdegalicia.com\/es\/o-ppdeg-sublina-que-o-goberno-galego-amosa-o-firme-compromiso-co-museo-da-romanizacion-incorporando-unha-nova-partida-de-500-000-euros-nos-orzamentos-de-2026-para-rehabilitar-o-edificio\/#primaryimage"},"thumbnailUrl":"https:\/\/ppdegalicia.com\/wp-content\/uploads\/2025\/12\/Elena-Candia-Nicole-Grueira-e-Enrique-Barreiro-ante-o-cuartel-de-San-Fernando.jpg","articleSection":["Parlamento de Galicia"],"inLanguage":"es"},{"@type":"WebPage","@id":"https:\/\/ppdegalicia.com\/es\/o-ppdeg-sublina-que-o-goberno-galego-amosa-o-firme-compromiso-co-museo-da-romanizacion-incorporando-unha-nova-partida-de-500-000-euros-nos-orzamentos-de-2026-para-rehabilitar-o-edificio\/","url":"https:\/\/ppdegalicia.com\/es\/o-ppdeg-sublina-que-o-goberno-galego-amosa-o-firme-compromiso-co-museo-da-romanizacion-incorporando-unha-nova-partida-de-500-000-euros-nos-orzamentos-de-2026-para-rehabilitar-o-edificio\/","name":"O PPdeG subli\u00f1a que o Goberno galego amosa o firme compromiso co Museo da Romanizaci\u00f3n incorporando unha nova partida de 500.000 euros nos orzamentos de 2026 para rehabilitar o edificio - PP de Galicia","isPartOf":{"@id":"https:\/\/ppdegalicia.com\/es\/#website"},"primaryImageOfPage":{"@id":"https:\/\/ppdegalicia.com\/es\/o-ppdeg-sublina-que-o-goberno-galego-amosa-o-firme-compromiso-co-museo-da-romanizacion-incorporando-unha-nova-partida-de-500-000-euros-nos-orzamentos-de-2026-para-rehabilitar-o-edificio\/#primaryimage"},"image":{"@id":"https:\/\/ppdegalicia.com\/es\/o-ppdeg-sublina-que-o-goberno-galego-amosa-o-firme-compromiso-co-museo-da-romanizacion-incorporando-unha-nova-partida-de-500-000-euros-nos-orzamentos-de-2026-para-rehabilitar-o-edificio\/#primaryimage"},"thumbnailUrl":"https:\/\/ppdegalicia.com\/wp-content\/uploads\/2025\/12\/Elena-Candia-Nicole-Grueira-e-Enrique-Barreiro-ante-o-cuartel-de-San-Fernando.jpg","datePublished":"2025-12-06T18:32:28+00:00","description":"Os deputados do Grupo Popular Elena Candia, Nicole Grueira e Enrique Barreiro subli\u00f1aron hoxe \u201co firme compromiso do Goberno galego co futuro Museo da Romanizaci\u00f3n de Lugo\u201d, que se traduce na incorporaci\u00f3n dunha nova partida de 500.000 euros nos orzamentos da Xunta para o vindeiro ano para financiar a rehabilitaci\u00f3n da cuberta e da envolvente do antigo cuartel.","breadcrumb":{"@id":"https:\/\/ppdegalicia.com\/es\/o-ppdeg-sublina-que-o-goberno-galego-amosa-o-firme-compromiso-co-museo-da-romanizacion-incorporando-unha-nova-partida-de-500-000-euros-nos-orzamentos-de-2026-para-rehabilitar-o-edificio\/#breadcrumb"},"inLanguage":"es","potentialAction":[{"@type":"ReadAction","target":["https:\/\/ppdegalicia.com\/es\/o-ppdeg-sublina-que-o-goberno-galego-amosa-o-firme-compromiso-co-museo-da-romanizacion-incorporando-unha-nova-partida-de-500-000-euros-nos-orzamentos-de-2026-para-rehabilitar-o-edificio\/"]}]},{"@type":"ImageObject","inLanguage":"es","@id":"https:\/\/ppdegalicia.com\/es\/o-ppdeg-sublina-que-o-goberno-galego-amosa-o-firme-compromiso-co-museo-da-romanizacion-incorporando-unha-nova-partida-de-500-000-euros-nos-orzamentos-de-2026-para-rehabilitar-o-edificio\/#primaryimage","url":"https:\/\/ppdegalicia.com\/wp-content\/uploads\/2025\/12\/Elena-Candia-Nicole-Grueira-e-Enrique-Barreiro-ante-o-cuartel-de-San-Fernando.jpg","contentUrl":"https:\/\/ppdegalicia.com\/wp-content\/uploads\/2025\/12\/Elena-Candia-Nicole-Grueira-e-Enrique-Barreiro-ante-o-cuartel-de-San-Fernando.jpg","width":1600,"height":1200},{"@type":"BreadcrumbList","@id":"https:\/\/ppdegalicia.com\/es\/o-ppdeg-sublina-que-o-goberno-galego-amosa-o-firme-compromiso-co-museo-da-romanizacion-incorporando-unha-nova-partida-de-500-000-euros-nos-orzamentos-de-2026-para-rehabilitar-o-edificio\/#breadcrumb","itemListElement":[{"@type":"ListItem","position":1,"name":"Portada","item":"https:\/\/ppdegalicia.com\/es\/"},{"@type":"ListItem","position":2,"name":"O PPdeG subli\u00f1a que o Goberno galego amosa o firme compromiso co Museo da Romanizaci\u00f3n incorporando unha nova partida de 500.000 euros nos orzamentos de 2026 para rehabilitar o edificio"}]},{"@type":"WebSite","@id":"https:\/\/ppdegalicia.com\/es\/#website","url":"https:\/\/ppdegalicia.com\/es\/","name":"Partido Popular de Galicia","description":"Partido Popular de Galicia","publisher":{"@id":"https:\/\/ppdegalicia.com\/es\/#organization"},"alternateName":"PP de Galicia","potentialAction":[{"@type":"SearchAction","target":{"@type":"EntryPoint","urlTemplate":"https:\/\/ppdegalicia.com\/es\/?s={search_term_string}"},"query-input":{"@type":"PropertyValueSpecification","valueRequired":true,"valueName":"search_term_string"}}],"inLanguage":"es"},{"@type":"Organization","@id":"https:\/\/ppdegalicia.com\/es\/#organization","name":"Partido Popular de Galicia","alternateName":"PP de Galicia","url":"https:\/\/ppdegalicia.com\/es\/","logo":{"@type":"ImageObject","inLanguage":"es","@id":"https:\/\/ppdegalicia.com\/es\/#\/schema\/logo\/image\/","url":"https:\/\/ppdegalicia.com\/wp-content\/uploads\/2023\/04\/logoPP512.png","contentUrl":"https:\/\/ppdegalicia.com\/wp-content\/uploads\/2023\/04\/logoPP512.png","width":512,"height":512,"caption":"Partido Popular de Galicia"},"image":{"@id":"https:\/\/ppdegalicia.com\/es\/#\/schema\/logo\/image\/"},"sameAs":["https:\/\/www.instagram.com\/ppdegalicia\/","https:\/\/x.com\/ppdegalicia","https:\/\/www.tiktok.com\/@ppdegalicia","https:\/\/www.youtube.com\/user\/ppdegalicia"]},{"@type":"Person","@id":"https:\/\/ppdegalicia.com\/es\/#\/schema\/person\/5b822c6f59e872ebdd1142f307dbcb59","name":"ppdegaliciaredes","image":{"@type":"ImageObject","inLanguage":"es","@id":"https:\/\/secure.gravatar.com\/avatar\/3c9179cf0256d00c72a48d1f25783c58b6842cd56e85ef3a572881c8e28ccd59?s=96&d=mm&r=g","url":"https:\/\/secure.gravatar.com\/avatar\/3c9179cf0256d00c72a48d1f25783c58b6842cd56e85ef3a572881c8e28ccd59?s=96&d=mm&r=g","contentUrl":"https:\/\/secure.gravatar.com\/avatar\/3c9179cf0256d00c72a48d1f25783c58b6842cd56e85ef3a572881c8e28ccd59?s=96&d=mm&r=g","caption":"ppdegaliciaredes"},"url":"https:\/\/ppdegalicia.com\/es\/author\/ppdegaliciaredes\/"}]}},"_links":{"self":[{"href":"https:\/\/ppdegalicia.com\/es\/wp-json\/wp\/v2\/posts\/69397","targetHints":{"allow":["GET"]}}],"collection":[{"href":"https:\/\/ppdegalicia.com\/es\/wp-json\/wp\/v2\/posts"}],"about":[{"href":"https:\/\/ppdegalicia.com\/es\/wp-json\/wp\/v2\/types\/post"}],"author":[{"embeddable":true,"href":"https:\/\/ppdegalicia.com\/es\/wp-json\/wp\/v2\/users\/38"}],"replies":[{"embeddable":true,"href":"https:\/\/ppdegalicia.com\/es\/wp-json\/wp\/v2\/comments?post=69397"}],"version-history":[{"count":1,"href":"https:\/\/ppdegalicia.com\/es\/wp-json\/wp\/v2\/posts\/69397\/revisions"}],"predecessor-version":[{"id":69400,"href":"https:\/\/ppdegalicia.com\/es\/wp-json\/wp\/v2\/posts\/69397\/revisions\/69400"}],"wp:featuredmedia":[{"embeddable":true,"href":"https:\/\/ppdegalicia.com\/es\/wp-json\/wp\/v2\/media\/69398"}],"wp:attachment":[{"href":"https:\/\/ppdegalicia.com\/es\/wp-json\/wp\/v2\/media?parent=69397"}],"wp:term":[{"taxonomy":"category","embeddable":true,"href":"https:\/\/ppdegalicia.com\/es\/wp-json\/wp\/v2\/categories?post=69397"},{"taxonomy":"post_tag","embeddable":true,"href":"https:\/\/ppdegalicia.com\/es\/wp-json\/wp\/v2\/tags?post=69397"}],"curies":[{"name":"wp","href":"https:\/\/api.w.org\/{rel}","templated":true}]}}