{"id":69425,"date":"2025-12-09T14:20:12","date_gmt":"2025-12-09T13:20:12","guid":{"rendered":"https:\/\/ppdegalicia.com\/?p=69425"},"modified":"2025-12-09T14:20:12","modified_gmt":"2025-12-09T13:20:12","slug":"millan-mon-pide-a-la-comision-europea-apoyar-firmemente-a-la-oposicion-democratica-de-venezuela","status":"publish","type":"post","link":"https:\/\/ppdegalicia.com\/es\/millan-mon-pide-a-la-comision-europea-apoyar-firmemente-a-la-oposicion-democratica-de-venezuela\/","title":{"rendered":"Mill\u00e1n Mon pide a la Comisi\u00f3n Europea apoyar firmemente a la oposici\u00f3n democr\u00e1tica de Venezuela"},"content":{"rendered":"<p>El eurodiputado del Partido Popular Francisco Mill\u00e1n Mon intervino hoy en un debate en la Comisi\u00f3n de Exteriores con la Alta Representante de Pol\u00edtica Exterior y Seguridad Kaja Kallas en el que le pidi\u00f3 ser \u201cm\u00e1s expl\u00edcitos en relaci\u00f3n con Venezuela\u201d.<\/p>\n<p>Para Mill\u00e1n Mon la postura de la UE estos d\u00edas hacia este pa\u00eds no puede centrarse en subrayar solo la importancia de la seguridad mar\u00edtima en el Caribe y en el no uso de la fuerza. \u201cDebemos poner el \u00e9nfasis tambi\u00e9n en la defensa de los Derechos Humanos y las libertades y en el necesario cambio democr\u00e1tico en Venezuela\u201d, recalc\u00f3.<\/p>\n<p>El eurodiputado popular subray\u00f3 que ma\u00f1ana 10 de diciembre Mar\u00eda Corina Machado recibe el Premio Nobel de la Paz. \u201cTambi\u00e9n nosotros debemos alegrarnos por ello y decirlo abiertamente y con la boca grande\u201d, a\u00f1adi\u00f3.<\/p>\n<p>Por otra parte, seg\u00fan el eurodiputado gallego, es necesario reforzar tambi\u00e9n nuestras relaciones con Am\u00e9rica Latina. En este sentido celebr\u00f3 que la Cumbre entre la UE y la CELAC finalmente tuviese lugar el pasado noviembre. Como ponente de la Comisi\u00f3n de Exteriores para Mercosur, Mill\u00e1n Mon subray\u00f3 la importancia del Acuerdo UE &#8211; Mercosur y pidi\u00f3 que se firme lo antes posible.<\/p>\n","protected":false},"excerpt":{"rendered":"<p>El eurodiputado del Partido Popular Francisco Mill\u00e1n Mon intervino hoy en un debate en la Comisi\u00f3n de Exteriores con la Alta Representante de Pol\u00edtica Exterior y Seguridad Kaja Kallas en el que le pidi\u00f3 ser \u201cm\u00e1s expl\u00edcitos en relaci\u00f3n con Venezuela\u201d. Para Mill\u00e1n Mon la postura de la UE estos d\u00edas hacia este pa\u00eds no [&hellip;]<\/p>\n","protected":false},"author":38,"featured_media":69426,"comment_status":"closed","ping_status":"open","sticky":false,"template":"","format":"standard","meta":{"_acf_changed":false,"footnotes":""},"categories":[1127],"tags":[],"class_list":["post-69425","post","type-post","status-publish","format-standard","has-post-thumbnail","hentry","category-actualidad-parlamento-europeo"],"acf":[],"yoast_head":"<!-- This site is optimized with the Yoast SEO plugin v27.3 - https:\/\/yoast.com\/product\/yoast-seo-wordpress\/ -->\n<title>Mill\u00e1n Mon pide a la Comisi\u00f3n Europea apoyar firmemente a la oposici\u00f3n democr\u00e1tica de Venezuela - PP de Galicia<\/title>\n<meta name=\"description\" content=\"El eurodiputado del Partido Popular Francisco Mill\u00e1n Mon intervino hoy en un debate en la Comisi\u00f3n de Exteriores con la Alta Representante de Pol\u00edtica Exterior y Seguridad Kaja Kallas en el que le pidi\u00f3 ser \u201cm\u00e1s expl\u00edcitos en relaci\u00f3n con Venezuela\u201d.\" \/>\n<meta name=\"robots\" content=\"index, follow, max-snippet:-1, max-image-preview:large, max-video-preview:-1\" \/>\n<link rel=\"canonical\" href=\"https:\/\/ppdegalicia.com\/es\/millan-mon-pide-a-la-comision-europea-apoyar-firmemente-a-la-oposicion-democratica-de-venezuela\/\" \/>\n<meta property=\"og:locale\" content=\"es_ES\" \/>\n<meta property=\"og:type\" content=\"article\" \/>\n<meta property=\"og:title\" content=\"Mill\u00e1n Mon pide a la Comisi\u00f3n Europea apoyar firmemente a la oposici\u00f3n democr\u00e1tica de Venezuela - PP de Galicia\" \/>\n<meta property=\"og:description\" content=\"El eurodiputado del Partido Popular Francisco Mill\u00e1n Mon intervino hoy en un debate en la Comisi\u00f3n de Exteriores con la Alta Representante de Pol\u00edtica Exterior y Seguridad Kaja Kallas en el que le pidi\u00f3 ser \u201cm\u00e1s expl\u00edcitos en relaci\u00f3n con Venezuela\u201d.\" \/>\n<meta property=\"og:url\" content=\"https:\/\/ppdegalicia.com\/es\/millan-mon-pide-a-la-comision-europea-apoyar-firmemente-a-la-oposicion-democratica-de-venezuela\/\" \/>\n<meta property=\"og:site_name\" content=\"PP de Galicia\" \/>\n<meta property=\"article:publisher\" content=\"https:\/\/www.instagram.com\/ppdegalicia\/\" \/>\n<meta property=\"article:published_time\" content=\"2025-12-09T13:20:12+00:00\" \/>\n<meta property=\"og:image\" content=\"https:\/\/ppdegalicia.com\/wp-content\/uploads\/2025\/12\/20251209-Francisco-Millan-Mon-y-Edmundo-Gonzalez.jpg\" \/>\n\t<meta property=\"og:image:width\" content=\"2000\" \/>\n\t<meta property=\"og:image:height\" content=\"1333\" \/>\n\t<meta property=\"og:image:type\" content=\"image\/jpeg\" \/>\n<meta name=\"author\" content=\"ppdegaliciaredes\" \/>\n<meta name=\"twitter:card\" content=\"summary_large_image\" \/>\n<meta name=\"twitter:creator\" content=\"@ppdegalicia\" \/>\n<meta name=\"twitter:site\" content=\"@ppdegalicia\" \/>\n<meta name=\"twitter:label1\" content=\"Escrito por\" \/>\n\t<meta name=\"twitter:data1\" content=\"ppdegaliciaredes\" \/>\n\t<meta name=\"twitter:label2\" content=\"Tiempo de lectura\" \/>\n\t<meta name=\"twitter:data2\" content=\"2 minutos\" \/>\n<script type=\"application\/ld+json\" class=\"yoast-schema-graph\">{\"@context\":\"https:\\\/\\\/schema.org\",\"@graph\":[{\"@type\":\"Article\",\"@id\":\"https:\\\/\\\/ppdegalicia.com\\\/es\\\/millan-mon-pide-a-la-comision-europea-apoyar-firmemente-a-la-oposicion-democratica-de-venezuela\\\/#article\",\"isPartOf\":{\"@id\":\"https:\\\/\\\/ppdegalicia.com\\\/es\\\/millan-mon-pide-a-la-comision-europea-apoyar-firmemente-a-la-oposicion-democratica-de-venezuela\\\/\"},\"author\":{\"name\":\"ppdegaliciaredes\",\"@id\":\"https:\\\/\\\/ppdegalicia.com\\\/es\\\/#\\\/schema\\\/person\\\/5b822c6f59e872ebdd1142f307dbcb59\"},\"headline\":\"Mill\u00e1n Mon pide a la Comisi\u00f3n Europea apoyar firmemente a la oposici\u00f3n democr\u00e1tica de Venezuela\",\"datePublished\":\"2025-12-09T13:20:12+00:00\",\"mainEntityOfPage\":{\"@id\":\"https:\\\/\\\/ppdegalicia.com\\\/es\\\/millan-mon-pide-a-la-comision-europea-apoyar-firmemente-a-la-oposicion-democratica-de-venezuela\\\/\"},\"wordCount\":236,\"publisher\":{\"@id\":\"https:\\\/\\\/ppdegalicia.com\\\/es\\\/#organization\"},\"image\":{\"@id\":\"https:\\\/\\\/ppdegalicia.com\\\/es\\\/millan-mon-pide-a-la-comision-europea-apoyar-firmemente-a-la-oposicion-democratica-de-venezuela\\\/#primaryimage\"},\"thumbnailUrl\":\"https:\\\/\\\/ppdegalicia.com\\\/wp-content\\\/uploads\\\/2025\\\/12\\\/20251209-Francisco-Millan-Mon-y-Edmundo-Gonzalez.jpg\",\"articleSection\":[\"Parlamento Europeo\"],\"inLanguage\":\"es\"},{\"@type\":\"WebPage\",\"@id\":\"https:\\\/\\\/ppdegalicia.com\\\/es\\\/millan-mon-pide-a-la-comision-europea-apoyar-firmemente-a-la-oposicion-democratica-de-venezuela\\\/\",\"url\":\"https:\\\/\\\/ppdegalicia.com\\\/es\\\/millan-mon-pide-a-la-comision-europea-apoyar-firmemente-a-la-oposicion-democratica-de-venezuela\\\/\",\"name\":\"Mill\u00e1n Mon pide a la Comisi\u00f3n Europea apoyar firmemente a la oposici\u00f3n democr\u00e1tica de Venezuela - PP de Galicia\",\"isPartOf\":{\"@id\":\"https:\\\/\\\/ppdegalicia.com\\\/es\\\/#website\"},\"primaryImageOfPage\":{\"@id\":\"https:\\\/\\\/ppdegalicia.com\\\/es\\\/millan-mon-pide-a-la-comision-europea-apoyar-firmemente-a-la-oposicion-democratica-de-venezuela\\\/#primaryimage\"},\"image\":{\"@id\":\"https:\\\/\\\/ppdegalicia.com\\\/es\\\/millan-mon-pide-a-la-comision-europea-apoyar-firmemente-a-la-oposicion-democratica-de-venezuela\\\/#primaryimage\"},\"thumbnailUrl\":\"https:\\\/\\\/ppdegalicia.com\\\/wp-content\\\/uploads\\\/2025\\\/12\\\/20251209-Francisco-Millan-Mon-y-Edmundo-Gonzalez.jpg\",\"datePublished\":\"2025-12-09T13:20:12+00:00\",\"description\":\"El eurodiputado del Partido Popular Francisco Mill\u00e1n Mon intervino hoy en un debate en la Comisi\u00f3n de Exteriores con la Alta Representante de Pol\u00edtica Exterior y Seguridad Kaja Kallas en el que le pidi\u00f3 ser \u201cm\u00e1s expl\u00edcitos en relaci\u00f3n con Venezuela\u201d.\",\"breadcrumb\":{\"@id\":\"https:\\\/\\\/ppdegalicia.com\\\/es\\\/millan-mon-pide-a-la-comision-europea-apoyar-firmemente-a-la-oposicion-democratica-de-venezuela\\\/#breadcrumb\"},\"inLanguage\":\"es\",\"potentialAction\":[{\"@type\":\"ReadAction\",\"target\":[\"https:\\\/\\\/ppdegalicia.com\\\/es\\\/millan-mon-pide-a-la-comision-europea-apoyar-firmemente-a-la-oposicion-democratica-de-venezuela\\\/\"]}]},{\"@type\":\"ImageObject\",\"inLanguage\":\"es\",\"@id\":\"https:\\\/\\\/ppdegalicia.com\\\/es\\\/millan-mon-pide-a-la-comision-europea-apoyar-firmemente-a-la-oposicion-democratica-de-venezuela\\\/#primaryimage\",\"url\":\"https:\\\/\\\/ppdegalicia.com\\\/wp-content\\\/uploads\\\/2025\\\/12\\\/20251209-Francisco-Millan-Mon-y-Edmundo-Gonzalez.jpg\",\"contentUrl\":\"https:\\\/\\\/ppdegalicia.com\\\/wp-content\\\/uploads\\\/2025\\\/12\\\/20251209-Francisco-Millan-Mon-y-Edmundo-Gonzalez.jpg\",\"width\":2000,\"height\":1333},{\"@type\":\"BreadcrumbList\",\"@id\":\"https:\\\/\\\/ppdegalicia.com\\\/es\\\/millan-mon-pide-a-la-comision-europea-apoyar-firmemente-a-la-oposicion-democratica-de-venezuela\\\/#breadcrumb\",\"itemListElement\":[{\"@type\":\"ListItem\",\"position\":1,\"name\":\"Portada\",\"item\":\"https:\\\/\\\/ppdegalicia.com\\\/es\\\/\"},{\"@type\":\"ListItem\",\"position\":2,\"name\":\"Mill\u00e1n Mon pide a la Comisi\u00f3n Europea apoyar firmemente a la oposici\u00f3n democr\u00e1tica de Venezuela\"}]},{\"@type\":\"WebSite\",\"@id\":\"https:\\\/\\\/ppdegalicia.com\\\/es\\\/#website\",\"url\":\"https:\\\/\\\/ppdegalicia.com\\\/es\\\/\",\"name\":\"Partido Popular de Galicia\",\"description\":\"Partido Popular de Galicia\",\"publisher\":{\"@id\":\"https:\\\/\\\/ppdegalicia.com\\\/es\\\/#organization\"},\"alternateName\":\"PP de Galicia\",\"potentialAction\":[{\"@type\":\"SearchAction\",\"target\":{\"@type\":\"EntryPoint\",\"urlTemplate\":\"https:\\\/\\\/ppdegalicia.com\\\/es\\\/?s={search_term_string}\"},\"query-input\":{\"@type\":\"PropertyValueSpecification\",\"valueRequired\":true,\"valueName\":\"search_term_string\"}}],\"inLanguage\":\"es\"},{\"@type\":\"Organization\",\"@id\":\"https:\\\/\\\/ppdegalicia.com\\\/es\\\/#organization\",\"name\":\"Partido Popular de Galicia\",\"alternateName\":\"PP de Galicia\",\"url\":\"https:\\\/\\\/ppdegalicia.com\\\/es\\\/\",\"logo\":{\"@type\":\"ImageObject\",\"inLanguage\":\"es\",\"@id\":\"https:\\\/\\\/ppdegalicia.com\\\/es\\\/#\\\/schema\\\/logo\\\/image\\\/\",\"url\":\"https:\\\/\\\/ppdegalicia.com\\\/wp-content\\\/uploads\\\/2023\\\/04\\\/logoPP512.png\",\"contentUrl\":\"https:\\\/\\\/ppdegalicia.com\\\/wp-content\\\/uploads\\\/2023\\\/04\\\/logoPP512.png\",\"width\":512,\"height\":512,\"caption\":\"Partido Popular de Galicia\"},\"image\":{\"@id\":\"https:\\\/\\\/ppdegalicia.com\\\/es\\\/#\\\/schema\\\/logo\\\/image\\\/\"},\"sameAs\":[\"https:\\\/\\\/www.instagram.com\\\/ppdegalicia\\\/\",\"https:\\\/\\\/x.com\\\/ppdegalicia\",\"https:\\\/\\\/www.tiktok.com\\\/@ppdegalicia\",\"https:\\\/\\\/www.youtube.com\\\/user\\\/ppdegalicia\"]},{\"@type\":\"Person\",\"@id\":\"https:\\\/\\\/ppdegalicia.com\\\/es\\\/#\\\/schema\\\/person\\\/5b822c6f59e872ebdd1142f307dbcb59\",\"name\":\"ppdegaliciaredes\",\"image\":{\"@type\":\"ImageObject\",\"inLanguage\":\"es\",\"@id\":\"https:\\\/\\\/secure.gravatar.com\\\/avatar\\\/3c9179cf0256d00c72a48d1f25783c58b6842cd56e85ef3a572881c8e28ccd59?s=96&d=mm&r=g\",\"url\":\"https:\\\/\\\/secure.gravatar.com\\\/avatar\\\/3c9179cf0256d00c72a48d1f25783c58b6842cd56e85ef3a572881c8e28ccd59?s=96&d=mm&r=g\",\"contentUrl\":\"https:\\\/\\\/secure.gravatar.com\\\/avatar\\\/3c9179cf0256d00c72a48d1f25783c58b6842cd56e85ef3a572881c8e28ccd59?s=96&d=mm&r=g\",\"caption\":\"ppdegaliciaredes\"},\"url\":\"https:\\\/\\\/ppdegalicia.com\\\/es\\\/author\\\/ppdegaliciaredes\\\/\"}]}<\/script>\n<!-- \/ Yoast SEO plugin. -->","yoast_head_json":{"title":"Mill\u00e1n Mon pide a la Comisi\u00f3n Europea apoyar firmemente a la oposici\u00f3n democr\u00e1tica de Venezuela - PP de Galicia","description":"El eurodiputado del Partido Popular Francisco Mill\u00e1n Mon intervino hoy en un debate en la Comisi\u00f3n de Exteriores con la Alta Representante de Pol\u00edtica Exterior y Seguridad Kaja Kallas en el que le pidi\u00f3 ser \u201cm\u00e1s expl\u00edcitos en relaci\u00f3n con Venezuela\u201d.","robots":{"index":"index","follow":"follow","max-snippet":"max-snippet:-1","max-image-preview":"max-image-preview:large","max-video-preview":"max-video-preview:-1"},"canonical":"https:\/\/ppdegalicia.com\/es\/millan-mon-pide-a-la-comision-europea-apoyar-firmemente-a-la-oposicion-democratica-de-venezuela\/","og_locale":"es_ES","og_type":"article","og_title":"Mill\u00e1n Mon pide a la Comisi\u00f3n Europea apoyar firmemente a la oposici\u00f3n democr\u00e1tica de Venezuela - PP de Galicia","og_description":"El eurodiputado del Partido Popular Francisco Mill\u00e1n Mon intervino hoy en un debate en la Comisi\u00f3n de Exteriores con la Alta Representante de Pol\u00edtica Exterior y Seguridad Kaja Kallas en el que le pidi\u00f3 ser \u201cm\u00e1s expl\u00edcitos en relaci\u00f3n con Venezuela\u201d.","og_url":"https:\/\/ppdegalicia.com\/es\/millan-mon-pide-a-la-comision-europea-apoyar-firmemente-a-la-oposicion-democratica-de-venezuela\/","og_site_name":"PP de Galicia","article_publisher":"https:\/\/www.instagram.com\/ppdegalicia\/","article_published_time":"2025-12-09T13:20:12+00:00","og_image":[{"width":2000,"height":1333,"url":"https:\/\/ppdegalicia.com\/wp-content\/uploads\/2025\/12\/20251209-Francisco-Millan-Mon-y-Edmundo-Gonzalez.jpg","type":"image\/jpeg"}],"author":"ppdegaliciaredes","twitter_card":"summary_large_image","twitter_creator":"@ppdegalicia","twitter_site":"@ppdegalicia","twitter_misc":{"Escrito por":"ppdegaliciaredes","Tiempo de lectura":"2 minutos"},"schema":{"@context":"https:\/\/schema.org","@graph":[{"@type":"Article","@id":"https:\/\/ppdegalicia.com\/es\/millan-mon-pide-a-la-comision-europea-apoyar-firmemente-a-la-oposicion-democratica-de-venezuela\/#article","isPartOf":{"@id":"https:\/\/ppdegalicia.com\/es\/millan-mon-pide-a-la-comision-europea-apoyar-firmemente-a-la-oposicion-democratica-de-venezuela\/"},"author":{"name":"ppdegaliciaredes","@id":"https:\/\/ppdegalicia.com\/es\/#\/schema\/person\/5b822c6f59e872ebdd1142f307dbcb59"},"headline":"Mill\u00e1n Mon pide a la Comisi\u00f3n Europea apoyar firmemente a la oposici\u00f3n democr\u00e1tica de Venezuela","datePublished":"2025-12-09T13:20:12+00:00","mainEntityOfPage":{"@id":"https:\/\/ppdegalicia.com\/es\/millan-mon-pide-a-la-comision-europea-apoyar-firmemente-a-la-oposicion-democratica-de-venezuela\/"},"wordCount":236,"publisher":{"@id":"https:\/\/ppdegalicia.com\/es\/#organization"},"image":{"@id":"https:\/\/ppdegalicia.com\/es\/millan-mon-pide-a-la-comision-europea-apoyar-firmemente-a-la-oposicion-democratica-de-venezuela\/#primaryimage"},"thumbnailUrl":"https:\/\/ppdegalicia.com\/wp-content\/uploads\/2025\/12\/20251209-Francisco-Millan-Mon-y-Edmundo-Gonzalez.jpg","articleSection":["Parlamento Europeo"],"inLanguage":"es"},{"@type":"WebPage","@id":"https:\/\/ppdegalicia.com\/es\/millan-mon-pide-a-la-comision-europea-apoyar-firmemente-a-la-oposicion-democratica-de-venezuela\/","url":"https:\/\/ppdegalicia.com\/es\/millan-mon-pide-a-la-comision-europea-apoyar-firmemente-a-la-oposicion-democratica-de-venezuela\/","name":"Mill\u00e1n Mon pide a la Comisi\u00f3n Europea apoyar firmemente a la oposici\u00f3n democr\u00e1tica de Venezuela - PP de Galicia","isPartOf":{"@id":"https:\/\/ppdegalicia.com\/es\/#website"},"primaryImageOfPage":{"@id":"https:\/\/ppdegalicia.com\/es\/millan-mon-pide-a-la-comision-europea-apoyar-firmemente-a-la-oposicion-democratica-de-venezuela\/#primaryimage"},"image":{"@id":"https:\/\/ppdegalicia.com\/es\/millan-mon-pide-a-la-comision-europea-apoyar-firmemente-a-la-oposicion-democratica-de-venezuela\/#primaryimage"},"thumbnailUrl":"https:\/\/ppdegalicia.com\/wp-content\/uploads\/2025\/12\/20251209-Francisco-Millan-Mon-y-Edmundo-Gonzalez.jpg","datePublished":"2025-12-09T13:20:12+00:00","description":"El eurodiputado del Partido Popular Francisco Mill\u00e1n Mon intervino hoy en un debate en la Comisi\u00f3n de Exteriores con la Alta Representante de Pol\u00edtica Exterior y Seguridad Kaja Kallas en el que le pidi\u00f3 ser \u201cm\u00e1s expl\u00edcitos en relaci\u00f3n con Venezuela\u201d.","breadcrumb":{"@id":"https:\/\/ppdegalicia.com\/es\/millan-mon-pide-a-la-comision-europea-apoyar-firmemente-a-la-oposicion-democratica-de-venezuela\/#breadcrumb"},"inLanguage":"es","potentialAction":[{"@type":"ReadAction","target":["https:\/\/ppdegalicia.com\/es\/millan-mon-pide-a-la-comision-europea-apoyar-firmemente-a-la-oposicion-democratica-de-venezuela\/"]}]},{"@type":"ImageObject","inLanguage":"es","@id":"https:\/\/ppdegalicia.com\/es\/millan-mon-pide-a-la-comision-europea-apoyar-firmemente-a-la-oposicion-democratica-de-venezuela\/#primaryimage","url":"https:\/\/ppdegalicia.com\/wp-content\/uploads\/2025\/12\/20251209-Francisco-Millan-Mon-y-Edmundo-Gonzalez.jpg","contentUrl":"https:\/\/ppdegalicia.com\/wp-content\/uploads\/2025\/12\/20251209-Francisco-Millan-Mon-y-Edmundo-Gonzalez.jpg","width":2000,"height":1333},{"@type":"BreadcrumbList","@id":"https:\/\/ppdegalicia.com\/es\/millan-mon-pide-a-la-comision-europea-apoyar-firmemente-a-la-oposicion-democratica-de-venezuela\/#breadcrumb","itemListElement":[{"@type":"ListItem","position":1,"name":"Portada","item":"https:\/\/ppdegalicia.com\/es\/"},{"@type":"ListItem","position":2,"name":"Mill\u00e1n Mon pide a la Comisi\u00f3n Europea apoyar firmemente a la oposici\u00f3n democr\u00e1tica de Venezuela"}]},{"@type":"WebSite","@id":"https:\/\/ppdegalicia.com\/es\/#website","url":"https:\/\/ppdegalicia.com\/es\/","name":"Partido Popular de Galicia","description":"Partido Popular de Galicia","publisher":{"@id":"https:\/\/ppdegalicia.com\/es\/#organization"},"alternateName":"PP de Galicia","potentialAction":[{"@type":"SearchAction","target":{"@type":"EntryPoint","urlTemplate":"https:\/\/ppdegalicia.com\/es\/?s={search_term_string}"},"query-input":{"@type":"PropertyValueSpecification","valueRequired":true,"valueName":"search_term_string"}}],"inLanguage":"es"},{"@type":"Organization","@id":"https:\/\/ppdegalicia.com\/es\/#organization","name":"Partido Popular de Galicia","alternateName":"PP de Galicia","url":"https:\/\/ppdegalicia.com\/es\/","logo":{"@type":"ImageObject","inLanguage":"es","@id":"https:\/\/ppdegalicia.com\/es\/#\/schema\/logo\/image\/","url":"https:\/\/ppdegalicia.com\/wp-content\/uploads\/2023\/04\/logoPP512.png","contentUrl":"https:\/\/ppdegalicia.com\/wp-content\/uploads\/2023\/04\/logoPP512.png","width":512,"height":512,"caption":"Partido Popular de Galicia"},"image":{"@id":"https:\/\/ppdegalicia.com\/es\/#\/schema\/logo\/image\/"},"sameAs":["https:\/\/www.instagram.com\/ppdegalicia\/","https:\/\/x.com\/ppdegalicia","https:\/\/www.tiktok.com\/@ppdegalicia","https:\/\/www.youtube.com\/user\/ppdegalicia"]},{"@type":"Person","@id":"https:\/\/ppdegalicia.com\/es\/#\/schema\/person\/5b822c6f59e872ebdd1142f307dbcb59","name":"ppdegaliciaredes","image":{"@type":"ImageObject","inLanguage":"es","@id":"https:\/\/secure.gravatar.com\/avatar\/3c9179cf0256d00c72a48d1f25783c58b6842cd56e85ef3a572881c8e28ccd59?s=96&d=mm&r=g","url":"https:\/\/secure.gravatar.com\/avatar\/3c9179cf0256d00c72a48d1f25783c58b6842cd56e85ef3a572881c8e28ccd59?s=96&d=mm&r=g","contentUrl":"https:\/\/secure.gravatar.com\/avatar\/3c9179cf0256d00c72a48d1f25783c58b6842cd56e85ef3a572881c8e28ccd59?s=96&d=mm&r=g","caption":"ppdegaliciaredes"},"url":"https:\/\/ppdegalicia.com\/es\/author\/ppdegaliciaredes\/"}]}},"_links":{"self":[{"href":"https:\/\/ppdegalicia.com\/es\/wp-json\/wp\/v2\/posts\/69425","targetHints":{"allow":["GET"]}}],"collection":[{"href":"https:\/\/ppdegalicia.com\/es\/wp-json\/wp\/v2\/posts"}],"about":[{"href":"https:\/\/ppdegalicia.com\/es\/wp-json\/wp\/v2\/types\/post"}],"author":[{"embeddable":true,"href":"https:\/\/ppdegalicia.com\/es\/wp-json\/wp\/v2\/users\/38"}],"replies":[{"embeddable":true,"href":"https:\/\/ppdegalicia.com\/es\/wp-json\/wp\/v2\/comments?post=69425"}],"version-history":[{"count":1,"href":"https:\/\/ppdegalicia.com\/es\/wp-json\/wp\/v2\/posts\/69425\/revisions"}],"predecessor-version":[{"id":69428,"href":"https:\/\/ppdegalicia.com\/es\/wp-json\/wp\/v2\/posts\/69425\/revisions\/69428"}],"wp:featuredmedia":[{"embeddable":true,"href":"https:\/\/ppdegalicia.com\/es\/wp-json\/wp\/v2\/media\/69426"}],"wp:attachment":[{"href":"https:\/\/ppdegalicia.com\/es\/wp-json\/wp\/v2\/media?parent=69425"}],"wp:term":[{"taxonomy":"category","embeddable":true,"href":"https:\/\/ppdegalicia.com\/es\/wp-json\/wp\/v2\/categories?post=69425"},{"taxonomy":"post_tag","embeddable":true,"href":"https:\/\/ppdegalicia.com\/es\/wp-json\/wp\/v2\/tags?post=69425"}],"curies":[{"name":"wp","href":"https:\/\/api.w.org\/{rel}","templated":true}]}}