{"id":69433,"date":"2025-12-10T12:06:04","date_gmt":"2025-12-10T11:06:04","guid":{"rendered":"https:\/\/ppdegalicia.com\/?p=69433"},"modified":"2025-12-10T12:06:04","modified_gmt":"2025-12-10T11:06:04","slug":"comunicado-do-pp-da-provincia-de-lugo","status":"publish","type":"post","link":"https:\/\/ppdegalicia.com\/es\/comunicado-do-pp-da-provincia-de-lugo\/","title":{"rendered":"Comunicado do PP da provincia de Lugo"},"content":{"rendered":"<p style=\"font-weight: 400;\">Ante a informaci\u00f3n que se deu a co\u00f1ecer no programa \u2018C\u00f3digo 10\u2019, de Cuatro, sobre as denuncias por presunto acoso sexual por parte do secretario xeral do PSOE lucense, presidente da Deputaci\u00f3n de Lugo e alcalde de Monforte, Jos\u00e9 Tom\u00e9, a trav\u00e9s da canle interna do PSOE; o Partido Popular da provincia de Lugo:<\/p>\n<p style=\"font-weight: 400;\">1.- Traslada o seu m\u00e1ximo respecto e apoio a t\u00f3dalas mulleres e, particularmente, \u00e1s presuntas v\u00edtimas que te\u00f1en denunciado estes feitos reprochables.<\/p>\n<p style=\"font-weight: 400;\">2.- Dende o respecto \u00e1 presunci\u00f3n de inocencia, manifesta o seu m\u00e1ximo estupor e preocupaci\u00f3n ante estas graves acusaci\u00f3ns e a s\u00faa firme condena ante este tipo de condutas inconcibibles.<\/p>\n<p style=\"font-weight: 400;\">3.- Esixe a Jos\u00e9 Tom\u00e9 explicaci\u00f3ns inmediatas, claras e transparentes, sobre os incidentes relacionados con casos de presunto acoso sexual a compa\u00f1eiras de partido denunciadas a trav\u00e9s das canles internas do PSOE.<\/p>\n<p style=\"font-weight: 400;\">4.- Esixe, igualmente, que os responsables do seu partido que, supostamente, eran co\u00f1ecedoras das denuncias internas, o secretario xeral do PSdeG, Jos\u00e9 Ram\u00f3n G\u00f3mez Besteiro; a secretaria de Organizaci\u00f3n do PSdeG, Lara M\u00e9ndez; e a secretaria de Organizaci\u00f3n do PSOE lucense, Pilar Garc\u00eda Porto; dean tam\u00e9n as explicaci\u00f3ns sobre os feitos e a s\u00faa presunta inacci\u00f3n ante o co\u00f1ecemento das denuncias por acoso sexual.<\/p>\n<p style=\"font-weight: 400;\">5.- Insta tam\u00e9n aos responsables do PSOE a adoptar as medidas disciplinarias oportunas e de calquera outra \u00edndole que correspondan sobre o presunto responsable dos feitos e os co\u00f1ecedores dos mesmos, pola s\u00faa inacci\u00f3n.<\/p>\n<p style=\"font-weight: 400;\">6.- Agarda que outras forzas pol\u00edticas; nomeadamente, o seu socio de goberno, o BNG, se sume a esta reivindicaci\u00f3n e pida esclarecer estes feitos e adopte as medidas oportunas.<\/p>\n<p style=\"font-weight: 400;\">7.- Reitera o seu apoio \u00e1s mulleres e \u00e1s presuntas v\u00edtimas deste caso que se daba a co\u00f1ecer a trav\u00e9s do programa \u2018C\u00f3digo 10\u2019 de Cuatro.<\/p>\n","protected":false},"excerpt":{"rendered":"<p>Ante a informaci\u00f3n que se deu a co\u00f1ecer no programa \u2018C\u00f3digo 10\u2019, de Cuatro, sobre as denuncias por presunto acoso sexual por parte do secretario xeral do PSOE lucense, presidente da Deputaci\u00f3n de Lugo e alcalde de Monforte, Jos\u00e9 Tom\u00e9, a trav\u00e9s da canle interna do PSOE; o Partido Popular da provincia de Lugo: 1.- [&hellip;]<\/p>\n","protected":false},"author":38,"featured_media":69434,"comment_status":"closed","ping_status":"open","sticky":false,"template":"","format":"standard","meta":{"_acf_changed":false,"footnotes":""},"categories":[1],"tags":[],"class_list":["post-69433","post","type-post","status-publish","format-standard","has-post-thumbnail","hentry","category-pp-de-galicia"],"acf":[],"yoast_head":"<!-- This site is optimized with the Yoast SEO plugin v27.3 - https:\/\/yoast.com\/product\/yoast-seo-wordpress\/ -->\n<title>Comunicado do PP da provincia de Lugo - PP de Galicia<\/title>\n<meta name=\"description\" content=\"Ante a informaci\u00f3n que se deu a co\u00f1ecer no programa \u2018C\u00f3digo 10\u2019, de Cuatro, sobre as denuncias por presunto acoso sexual por parte do secretario xeral do PSOE lucense, presidente da Deputaci\u00f3n de Lugo e alcalde de Monforte, Jos\u00e9 Tom\u00e9, a trav\u00e9s da canle interna do PSOE; o Partido Popular da provincia de Lugo.\" \/>\n<meta name=\"robots\" content=\"index, follow, max-snippet:-1, max-image-preview:large, max-video-preview:-1\" \/>\n<link rel=\"canonical\" href=\"https:\/\/ppdegalicia.com\/es\/comunicado-do-pp-da-provincia-de-lugo\/\" \/>\n<meta property=\"og:locale\" content=\"es_ES\" \/>\n<meta property=\"og:type\" content=\"article\" \/>\n<meta property=\"og:title\" content=\"Comunicado do PP da provincia de Lugo - PP de Galicia\" \/>\n<meta property=\"og:description\" content=\"Ante a informaci\u00f3n que se deu a co\u00f1ecer no programa \u2018C\u00f3digo 10\u2019, de Cuatro, sobre as denuncias por presunto acoso sexual por parte do secretario xeral do PSOE lucense, presidente da Deputaci\u00f3n de Lugo e alcalde de Monforte, Jos\u00e9 Tom\u00e9, a trav\u00e9s da canle interna do PSOE; o Partido Popular da provincia de Lugo.\" \/>\n<meta property=\"og:url\" content=\"https:\/\/ppdegalicia.com\/es\/comunicado-do-pp-da-provincia-de-lugo\/\" \/>\n<meta property=\"og:site_name\" content=\"PP de Galicia\" \/>\n<meta property=\"article:publisher\" content=\"https:\/\/www.instagram.com\/ppdegalicia\/\" \/>\n<meta property=\"article:published_time\" content=\"2025-12-10T11:06:04+00:00\" \/>\n<meta property=\"og:image\" content=\"https:\/\/ppdegalicia.com\/wp-content\/uploads\/2025\/12\/20250930_ARueda_XDP_Lugo47-scaled.jpg\" \/>\n\t<meta property=\"og:image:width\" content=\"2560\" \/>\n\t<meta property=\"og:image:height\" content=\"1707\" \/>\n\t<meta property=\"og:image:type\" content=\"image\/jpeg\" \/>\n<meta name=\"author\" content=\"ppdegaliciaredes\" \/>\n<meta name=\"twitter:card\" content=\"summary_large_image\" \/>\n<meta name=\"twitter:creator\" content=\"@ppdegalicia\" \/>\n<meta name=\"twitter:site\" content=\"@ppdegalicia\" \/>\n<meta name=\"twitter:label1\" content=\"Escrito por\" \/>\n\t<meta name=\"twitter:data1\" content=\"ppdegaliciaredes\" \/>\n\t<meta name=\"twitter:label2\" content=\"Tiempo de lectura\" \/>\n\t<meta name=\"twitter:data2\" content=\"2 minutos\" \/>\n<script type=\"application\/ld+json\" class=\"yoast-schema-graph\">{\"@context\":\"https:\\\/\\\/schema.org\",\"@graph\":[{\"@type\":\"Article\",\"@id\":\"https:\\\/\\\/ppdegalicia.com\\\/es\\\/comunicado-do-pp-da-provincia-de-lugo\\\/#article\",\"isPartOf\":{\"@id\":\"https:\\\/\\\/ppdegalicia.com\\\/es\\\/comunicado-do-pp-da-provincia-de-lugo\\\/\"},\"author\":{\"name\":\"ppdegaliciaredes\",\"@id\":\"https:\\\/\\\/ppdegalicia.com\\\/es\\\/#\\\/schema\\\/person\\\/5b822c6f59e872ebdd1142f307dbcb59\"},\"headline\":\"Comunicado do PP da provincia de Lugo\",\"datePublished\":\"2025-12-10T11:06:04+00:00\",\"mainEntityOfPage\":{\"@id\":\"https:\\\/\\\/ppdegalicia.com\\\/es\\\/comunicado-do-pp-da-provincia-de-lugo\\\/\"},\"wordCount\":334,\"publisher\":{\"@id\":\"https:\\\/\\\/ppdegalicia.com\\\/es\\\/#organization\"},\"image\":{\"@id\":\"https:\\\/\\\/ppdegalicia.com\\\/es\\\/comunicado-do-pp-da-provincia-de-lugo\\\/#primaryimage\"},\"thumbnailUrl\":\"https:\\\/\\\/ppdegalicia.com\\\/wp-content\\\/uploads\\\/2025\\\/12\\\/20250930_ARueda_XDP_Lugo47-scaled.jpg\",\"articleSection\":[\"PP de Galicia\"],\"inLanguage\":\"es\"},{\"@type\":\"WebPage\",\"@id\":\"https:\\\/\\\/ppdegalicia.com\\\/es\\\/comunicado-do-pp-da-provincia-de-lugo\\\/\",\"url\":\"https:\\\/\\\/ppdegalicia.com\\\/es\\\/comunicado-do-pp-da-provincia-de-lugo\\\/\",\"name\":\"Comunicado do PP da provincia de Lugo - PP de Galicia\",\"isPartOf\":{\"@id\":\"https:\\\/\\\/ppdegalicia.com\\\/es\\\/#website\"},\"primaryImageOfPage\":{\"@id\":\"https:\\\/\\\/ppdegalicia.com\\\/es\\\/comunicado-do-pp-da-provincia-de-lugo\\\/#primaryimage\"},\"image\":{\"@id\":\"https:\\\/\\\/ppdegalicia.com\\\/es\\\/comunicado-do-pp-da-provincia-de-lugo\\\/#primaryimage\"},\"thumbnailUrl\":\"https:\\\/\\\/ppdegalicia.com\\\/wp-content\\\/uploads\\\/2025\\\/12\\\/20250930_ARueda_XDP_Lugo47-scaled.jpg\",\"datePublished\":\"2025-12-10T11:06:04+00:00\",\"description\":\"Ante a informaci\u00f3n que se deu a co\u00f1ecer no programa \u2018C\u00f3digo 10\u2019, de Cuatro, sobre as denuncias por presunto acoso sexual por parte do secretario xeral do PSOE lucense, presidente da Deputaci\u00f3n de Lugo e alcalde de Monforte, Jos\u00e9 Tom\u00e9, a trav\u00e9s da canle interna do PSOE; o Partido Popular da provincia de Lugo.\",\"breadcrumb\":{\"@id\":\"https:\\\/\\\/ppdegalicia.com\\\/es\\\/comunicado-do-pp-da-provincia-de-lugo\\\/#breadcrumb\"},\"inLanguage\":\"es\",\"potentialAction\":[{\"@type\":\"ReadAction\",\"target\":[\"https:\\\/\\\/ppdegalicia.com\\\/es\\\/comunicado-do-pp-da-provincia-de-lugo\\\/\"]}]},{\"@type\":\"ImageObject\",\"inLanguage\":\"es\",\"@id\":\"https:\\\/\\\/ppdegalicia.com\\\/es\\\/comunicado-do-pp-da-provincia-de-lugo\\\/#primaryimage\",\"url\":\"https:\\\/\\\/ppdegalicia.com\\\/wp-content\\\/uploads\\\/2025\\\/12\\\/20250930_ARueda_XDP_Lugo47-scaled.jpg\",\"contentUrl\":\"https:\\\/\\\/ppdegalicia.com\\\/wp-content\\\/uploads\\\/2025\\\/12\\\/20250930_ARueda_XDP_Lugo47-scaled.jpg\",\"width\":2560,\"height\":1707},{\"@type\":\"BreadcrumbList\",\"@id\":\"https:\\\/\\\/ppdegalicia.com\\\/es\\\/comunicado-do-pp-da-provincia-de-lugo\\\/#breadcrumb\",\"itemListElement\":[{\"@type\":\"ListItem\",\"position\":1,\"name\":\"Portada\",\"item\":\"https:\\\/\\\/ppdegalicia.com\\\/es\\\/\"},{\"@type\":\"ListItem\",\"position\":2,\"name\":\"Comunicado do PP da provincia de Lugo\"}]},{\"@type\":\"WebSite\",\"@id\":\"https:\\\/\\\/ppdegalicia.com\\\/es\\\/#website\",\"url\":\"https:\\\/\\\/ppdegalicia.com\\\/es\\\/\",\"name\":\"Partido Popular de Galicia\",\"description\":\"Partido Popular de Galicia\",\"publisher\":{\"@id\":\"https:\\\/\\\/ppdegalicia.com\\\/es\\\/#organization\"},\"alternateName\":\"PP de Galicia\",\"potentialAction\":[{\"@type\":\"SearchAction\",\"target\":{\"@type\":\"EntryPoint\",\"urlTemplate\":\"https:\\\/\\\/ppdegalicia.com\\\/es\\\/?s={search_term_string}\"},\"query-input\":{\"@type\":\"PropertyValueSpecification\",\"valueRequired\":true,\"valueName\":\"search_term_string\"}}],\"inLanguage\":\"es\"},{\"@type\":\"Organization\",\"@id\":\"https:\\\/\\\/ppdegalicia.com\\\/es\\\/#organization\",\"name\":\"Partido Popular de Galicia\",\"alternateName\":\"PP de Galicia\",\"url\":\"https:\\\/\\\/ppdegalicia.com\\\/es\\\/\",\"logo\":{\"@type\":\"ImageObject\",\"inLanguage\":\"es\",\"@id\":\"https:\\\/\\\/ppdegalicia.com\\\/es\\\/#\\\/schema\\\/logo\\\/image\\\/\",\"url\":\"https:\\\/\\\/ppdegalicia.com\\\/wp-content\\\/uploads\\\/2023\\\/04\\\/logoPP512.png\",\"contentUrl\":\"https:\\\/\\\/ppdegalicia.com\\\/wp-content\\\/uploads\\\/2023\\\/04\\\/logoPP512.png\",\"width\":512,\"height\":512,\"caption\":\"Partido Popular de Galicia\"},\"image\":{\"@id\":\"https:\\\/\\\/ppdegalicia.com\\\/es\\\/#\\\/schema\\\/logo\\\/image\\\/\"},\"sameAs\":[\"https:\\\/\\\/www.instagram.com\\\/ppdegalicia\\\/\",\"https:\\\/\\\/x.com\\\/ppdegalicia\",\"https:\\\/\\\/www.tiktok.com\\\/@ppdegalicia\",\"https:\\\/\\\/www.youtube.com\\\/user\\\/ppdegalicia\"]},{\"@type\":\"Person\",\"@id\":\"https:\\\/\\\/ppdegalicia.com\\\/es\\\/#\\\/schema\\\/person\\\/5b822c6f59e872ebdd1142f307dbcb59\",\"name\":\"ppdegaliciaredes\",\"image\":{\"@type\":\"ImageObject\",\"inLanguage\":\"es\",\"@id\":\"https:\\\/\\\/secure.gravatar.com\\\/avatar\\\/3c9179cf0256d00c72a48d1f25783c58b6842cd56e85ef3a572881c8e28ccd59?s=96&d=mm&r=g\",\"url\":\"https:\\\/\\\/secure.gravatar.com\\\/avatar\\\/3c9179cf0256d00c72a48d1f25783c58b6842cd56e85ef3a572881c8e28ccd59?s=96&d=mm&r=g\",\"contentUrl\":\"https:\\\/\\\/secure.gravatar.com\\\/avatar\\\/3c9179cf0256d00c72a48d1f25783c58b6842cd56e85ef3a572881c8e28ccd59?s=96&d=mm&r=g\",\"caption\":\"ppdegaliciaredes\"},\"url\":\"https:\\\/\\\/ppdegalicia.com\\\/es\\\/author\\\/ppdegaliciaredes\\\/\"}]}<\/script>\n<!-- \/ Yoast SEO plugin. -->","yoast_head_json":{"title":"Comunicado do PP da provincia de Lugo - PP de Galicia","description":"Ante a informaci\u00f3n que se deu a co\u00f1ecer no programa \u2018C\u00f3digo 10\u2019, de Cuatro, sobre as denuncias por presunto acoso sexual por parte do secretario xeral do PSOE lucense, presidente da Deputaci\u00f3n de Lugo e alcalde de Monforte, Jos\u00e9 Tom\u00e9, a trav\u00e9s da canle interna do PSOE; o Partido Popular da provincia de Lugo.","robots":{"index":"index","follow":"follow","max-snippet":"max-snippet:-1","max-image-preview":"max-image-preview:large","max-video-preview":"max-video-preview:-1"},"canonical":"https:\/\/ppdegalicia.com\/es\/comunicado-do-pp-da-provincia-de-lugo\/","og_locale":"es_ES","og_type":"article","og_title":"Comunicado do PP da provincia de Lugo - PP de Galicia","og_description":"Ante a informaci\u00f3n que se deu a co\u00f1ecer no programa \u2018C\u00f3digo 10\u2019, de Cuatro, sobre as denuncias por presunto acoso sexual por parte do secretario xeral do PSOE lucense, presidente da Deputaci\u00f3n de Lugo e alcalde de Monforte, Jos\u00e9 Tom\u00e9, a trav\u00e9s da canle interna do PSOE; o Partido Popular da provincia de Lugo.","og_url":"https:\/\/ppdegalicia.com\/es\/comunicado-do-pp-da-provincia-de-lugo\/","og_site_name":"PP de Galicia","article_publisher":"https:\/\/www.instagram.com\/ppdegalicia\/","article_published_time":"2025-12-10T11:06:04+00:00","og_image":[{"width":2560,"height":1707,"url":"https:\/\/ppdegalicia.com\/wp-content\/uploads\/2025\/12\/20250930_ARueda_XDP_Lugo47-scaled.jpg","type":"image\/jpeg"}],"author":"ppdegaliciaredes","twitter_card":"summary_large_image","twitter_creator":"@ppdegalicia","twitter_site":"@ppdegalicia","twitter_misc":{"Escrito por":"ppdegaliciaredes","Tiempo de lectura":"2 minutos"},"schema":{"@context":"https:\/\/schema.org","@graph":[{"@type":"Article","@id":"https:\/\/ppdegalicia.com\/es\/comunicado-do-pp-da-provincia-de-lugo\/#article","isPartOf":{"@id":"https:\/\/ppdegalicia.com\/es\/comunicado-do-pp-da-provincia-de-lugo\/"},"author":{"name":"ppdegaliciaredes","@id":"https:\/\/ppdegalicia.com\/es\/#\/schema\/person\/5b822c6f59e872ebdd1142f307dbcb59"},"headline":"Comunicado do PP da provincia de Lugo","datePublished":"2025-12-10T11:06:04+00:00","mainEntityOfPage":{"@id":"https:\/\/ppdegalicia.com\/es\/comunicado-do-pp-da-provincia-de-lugo\/"},"wordCount":334,"publisher":{"@id":"https:\/\/ppdegalicia.com\/es\/#organization"},"image":{"@id":"https:\/\/ppdegalicia.com\/es\/comunicado-do-pp-da-provincia-de-lugo\/#primaryimage"},"thumbnailUrl":"https:\/\/ppdegalicia.com\/wp-content\/uploads\/2025\/12\/20250930_ARueda_XDP_Lugo47-scaled.jpg","articleSection":["PP de Galicia"],"inLanguage":"es"},{"@type":"WebPage","@id":"https:\/\/ppdegalicia.com\/es\/comunicado-do-pp-da-provincia-de-lugo\/","url":"https:\/\/ppdegalicia.com\/es\/comunicado-do-pp-da-provincia-de-lugo\/","name":"Comunicado do PP da provincia de Lugo - PP de Galicia","isPartOf":{"@id":"https:\/\/ppdegalicia.com\/es\/#website"},"primaryImageOfPage":{"@id":"https:\/\/ppdegalicia.com\/es\/comunicado-do-pp-da-provincia-de-lugo\/#primaryimage"},"image":{"@id":"https:\/\/ppdegalicia.com\/es\/comunicado-do-pp-da-provincia-de-lugo\/#primaryimage"},"thumbnailUrl":"https:\/\/ppdegalicia.com\/wp-content\/uploads\/2025\/12\/20250930_ARueda_XDP_Lugo47-scaled.jpg","datePublished":"2025-12-10T11:06:04+00:00","description":"Ante a informaci\u00f3n que se deu a co\u00f1ecer no programa \u2018C\u00f3digo 10\u2019, de Cuatro, sobre as denuncias por presunto acoso sexual por parte do secretario xeral do PSOE lucense, presidente da Deputaci\u00f3n de Lugo e alcalde de Monforte, Jos\u00e9 Tom\u00e9, a trav\u00e9s da canle interna do PSOE; o Partido Popular da provincia de Lugo.","breadcrumb":{"@id":"https:\/\/ppdegalicia.com\/es\/comunicado-do-pp-da-provincia-de-lugo\/#breadcrumb"},"inLanguage":"es","potentialAction":[{"@type":"ReadAction","target":["https:\/\/ppdegalicia.com\/es\/comunicado-do-pp-da-provincia-de-lugo\/"]}]},{"@type":"ImageObject","inLanguage":"es","@id":"https:\/\/ppdegalicia.com\/es\/comunicado-do-pp-da-provincia-de-lugo\/#primaryimage","url":"https:\/\/ppdegalicia.com\/wp-content\/uploads\/2025\/12\/20250930_ARueda_XDP_Lugo47-scaled.jpg","contentUrl":"https:\/\/ppdegalicia.com\/wp-content\/uploads\/2025\/12\/20250930_ARueda_XDP_Lugo47-scaled.jpg","width":2560,"height":1707},{"@type":"BreadcrumbList","@id":"https:\/\/ppdegalicia.com\/es\/comunicado-do-pp-da-provincia-de-lugo\/#breadcrumb","itemListElement":[{"@type":"ListItem","position":1,"name":"Portada","item":"https:\/\/ppdegalicia.com\/es\/"},{"@type":"ListItem","position":2,"name":"Comunicado do PP da provincia de Lugo"}]},{"@type":"WebSite","@id":"https:\/\/ppdegalicia.com\/es\/#website","url":"https:\/\/ppdegalicia.com\/es\/","name":"Partido Popular de Galicia","description":"Partido Popular de Galicia","publisher":{"@id":"https:\/\/ppdegalicia.com\/es\/#organization"},"alternateName":"PP de Galicia","potentialAction":[{"@type":"SearchAction","target":{"@type":"EntryPoint","urlTemplate":"https:\/\/ppdegalicia.com\/es\/?s={search_term_string}"},"query-input":{"@type":"PropertyValueSpecification","valueRequired":true,"valueName":"search_term_string"}}],"inLanguage":"es"},{"@type":"Organization","@id":"https:\/\/ppdegalicia.com\/es\/#organization","name":"Partido Popular de Galicia","alternateName":"PP de Galicia","url":"https:\/\/ppdegalicia.com\/es\/","logo":{"@type":"ImageObject","inLanguage":"es","@id":"https:\/\/ppdegalicia.com\/es\/#\/schema\/logo\/image\/","url":"https:\/\/ppdegalicia.com\/wp-content\/uploads\/2023\/04\/logoPP512.png","contentUrl":"https:\/\/ppdegalicia.com\/wp-content\/uploads\/2023\/04\/logoPP512.png","width":512,"height":512,"caption":"Partido Popular de Galicia"},"image":{"@id":"https:\/\/ppdegalicia.com\/es\/#\/schema\/logo\/image\/"},"sameAs":["https:\/\/www.instagram.com\/ppdegalicia\/","https:\/\/x.com\/ppdegalicia","https:\/\/www.tiktok.com\/@ppdegalicia","https:\/\/www.youtube.com\/user\/ppdegalicia"]},{"@type":"Person","@id":"https:\/\/ppdegalicia.com\/es\/#\/schema\/person\/5b822c6f59e872ebdd1142f307dbcb59","name":"ppdegaliciaredes","image":{"@type":"ImageObject","inLanguage":"es","@id":"https:\/\/secure.gravatar.com\/avatar\/3c9179cf0256d00c72a48d1f25783c58b6842cd56e85ef3a572881c8e28ccd59?s=96&d=mm&r=g","url":"https:\/\/secure.gravatar.com\/avatar\/3c9179cf0256d00c72a48d1f25783c58b6842cd56e85ef3a572881c8e28ccd59?s=96&d=mm&r=g","contentUrl":"https:\/\/secure.gravatar.com\/avatar\/3c9179cf0256d00c72a48d1f25783c58b6842cd56e85ef3a572881c8e28ccd59?s=96&d=mm&r=g","caption":"ppdegaliciaredes"},"url":"https:\/\/ppdegalicia.com\/es\/author\/ppdegaliciaredes\/"}]}},"_links":{"self":[{"href":"https:\/\/ppdegalicia.com\/es\/wp-json\/wp\/v2\/posts\/69433","targetHints":{"allow":["GET"]}}],"collection":[{"href":"https:\/\/ppdegalicia.com\/es\/wp-json\/wp\/v2\/posts"}],"about":[{"href":"https:\/\/ppdegalicia.com\/es\/wp-json\/wp\/v2\/types\/post"}],"author":[{"embeddable":true,"href":"https:\/\/ppdegalicia.com\/es\/wp-json\/wp\/v2\/users\/38"}],"replies":[{"embeddable":true,"href":"https:\/\/ppdegalicia.com\/es\/wp-json\/wp\/v2\/comments?post=69433"}],"version-history":[{"count":1,"href":"https:\/\/ppdegalicia.com\/es\/wp-json\/wp\/v2\/posts\/69433\/revisions"}],"predecessor-version":[{"id":69436,"href":"https:\/\/ppdegalicia.com\/es\/wp-json\/wp\/v2\/posts\/69433\/revisions\/69436"}],"wp:featuredmedia":[{"embeddable":true,"href":"https:\/\/ppdegalicia.com\/es\/wp-json\/wp\/v2\/media\/69434"}],"wp:attachment":[{"href":"https:\/\/ppdegalicia.com\/es\/wp-json\/wp\/v2\/media?parent=69433"}],"wp:term":[{"taxonomy":"category","embeddable":true,"href":"https:\/\/ppdegalicia.com\/es\/wp-json\/wp\/v2\/categories?post=69433"},{"taxonomy":"post_tag","embeddable":true,"href":"https:\/\/ppdegalicia.com\/es\/wp-json\/wp\/v2\/tags?post=69433"}],"curies":[{"name":"wp","href":"https:\/\/api.w.org\/{rel}","templated":true}]}}