{"id":69437,"date":"2025-12-10T14:59:17","date_gmt":"2025-12-10T13:59:17","guid":{"rendered":"https:\/\/ppdegalicia.com\/?p=69437"},"modified":"2025-12-10T14:59:17","modified_gmt":"2025-12-10T13:59:17","slug":"o-grupo-popular-pedira-no-pleno-que-a-xunta-impulse-a-investigacion-e-extraccion-de-materiais-minerais-fundamentais-e-que-o-goberno-central-garanta-a-continuidade-dos-auxiliares-de-conversa","status":"publish","type":"post","link":"https:\/\/ppdegalicia.com\/es\/o-grupo-popular-pedira-no-pleno-que-a-xunta-impulse-a-investigacion-e-extraccion-de-materiais-minerais-fundamentais-e-que-o-goberno-central-garanta-a-continuidade-dos-auxiliares-de-conversa\/","title":{"rendered":"O Grupo Popular pedir\u00e1 no Pleno que a Xunta impulse a investigaci\u00f3n e extracci\u00f3n de materiais minerais fundamentais e que o Goberno central garanta a continuidade dos auxiliares de conversa"},"content":{"rendered":"<p>O Grupo Popular levar\u00e1 ao Pleno ordinario da vindeira semana a solicitude para que a Xunta convoque novos concursos de dereitos mineiros caducados para impulsar a investigaci\u00f3n e posible extracci\u00f3n futura de materiais minerais fundamentais para sectores estrat\u00e9xicos da econom\u00eda galega. Nunha sesi\u00f3n plenaria de marcado car\u00e1cter lexislativo, na que se aprobar\u00e1n os proxectos de lei de orzamentos da Xunta para 2026, de medidas fiscais e administrativas, e de protecci\u00f3n de menores e prevenci\u00f3n das condutas aditivas, o Grupo Popular tam\u00e9n pedir\u00e1 ao Goberno central que garanta a continuidade do programa de auxiliares de conversa.<\/p>\n<p>Ao remate da Xunta de Portavoces, o portavoz popular, Alberto Pazos, destacou que no vindeiro Pleno procederase \u00e1 aprobaci\u00f3n \u201cdos maiores orzamentos da historia da Comunidade galega: 14.240 mill\u00f3ns de euros, dos que tres de cada catro euros se destinar\u00e1n a sanidade, educaci\u00f3n, pol\u00edticas sociais e emprego, cos que seguir avanzando no fortalecemento do Estado do Benestar\u201d.<\/p>\n<p><strong>REBAIXAS FISCAIS<\/strong><\/p>\n<p>\u201cUns presupostos, ademais, que mante\u00f1en as rebaixas fiscais aprobadas en anos anteriores polos gobernos do PPdeG, e que no vindeiro ano se ver\u00e1n incrementadas con outras novas dirixidas aos colectivos m\u00e1is vulnerables, como a eliminaci\u00f3n no IRPF da cota \u00edntegra auton\u00f3mica das axudas aos afectados por ELA, a talidomida ou das persoas prexudicadas polos incendios forestais do pasado ver\u00e1n, as\u00ed como as deduci\u00f3ns para libros e material escolar\u201d, apuntou.<\/p>\n<p>A sesi\u00f3n incl\u00fae tam\u00e9n o debate para a s\u00faa aprobaci\u00f3n da nova Lei de protecci\u00f3n das persoas menores e prevenci\u00f3n das condutas aditivas, \u201cunha norma que ten como obxectivo protexer, anticipar e actuar fronte aos novos riscos que afectan diariamente \u00e1 infancia e \u00e1 adolescencia en Galicia\u201d. En concreto, Pazos afirmou que esta lei \u201cprotexe m\u00e1is e mellor aos nosos menores fronte \u00e1s adici\u00f3ns tradicionais e emerxentes, moderniza o marco normativo, adapta Galicia \u00e1 evidencia cient\u00edfica actual, e reforza a prevenci\u00f3n en escolas, familia e comunidades\u201d.<\/p>\n<p>Dentro do apartado de proposici\u00f3ns non de lei, o Grupo Popular solicitar\u00e1 que a Xunta contin\u00fae coa axenda xa iniciada este ano e convoque novos concursos de dereitos mineiros caducados, co obxectivo de impulsar a investigaci\u00f3n sobre a presenza en Galicia de materiais minerais fundamentais para sectores estrat\u00e9xicos da econom\u00eda de cara ao seu futuro aproveitamento. As\u00ed mesmo, pedirase ao Goberno central que impulse as iniciativas lexislativas necesarias para reco\u00f1ecer as materias primas minerais como recursos de primeira necesidade e de car\u00e1cter estrat\u00e9xico dentro da Reserva Estrat\u00e9xica baseada nas capacidades nacionais de produci\u00f3n industrial.<\/p>\n<p><strong>RIFA ENTRE MINISTERIOS<\/strong><\/p>\n<p>A segunda das proposici\u00f3ns non de lei que o Grupo Popular defender\u00e1 no Pleno ten que ver cunha pol\u00e9mica aberta no seo do Goberno de Pedro S\u00e1nchez, concretamente entre os ministerios de Educaci\u00f3n e de Traballo, e que deriva da obriga establecida por este \u00faltimo pola que os auxiliares de conversa deben contar cun contrato laboral no r\u00e9xime da Seguridade Social, cando est\u00e1n definidas como persoas que participan nun intercambio cultural, polo que non est\u00e1n obrigados a esas relaci\u00f3ns laborais.<\/p>\n<p>Neste sentido, Alberto Pazos considerou \u201cintolerable que esta rifa entre dous ministerios do Goberno de Pedro S\u00e1nchez chegue ao punto de que un programa como o de auxiliares de conversa, que se leva impartindo en Galicia desde o ano 2009 con total normalidade, estea en perigo a s\u00faa continuidade\u201d, polo que se solicita que o Goberno de Espa\u00f1a adopte con urxencia as medidas necesarias para garantir a continuidade deste programa de auxiliares de conversa, no que na actualidade participan en Galicia 690 auxiliares en case 800 centros de ensino galegos.<\/p>\n<p>Polo que respecta \u00e1s preguntas ao Goberno galego, o Grupo Popular interesarase no Pleno polas medidas e decisi\u00f3ns adoptadas polo Goberno de Espa\u00f1a nos \u00faltimos meses ao obxecto de dar resposta aos grandes retos do mercado laboral en Galicia; polas \u00faltimas novidades respecto da posta en marcha do centro de protonterapia de Galicia; e pola situaci\u00f3n da Unidade de Polic\u00eda Nacional adscrita a Galicia.<\/p>\n","protected":false},"excerpt":{"rendered":"<p>O Grupo Popular levar\u00e1 ao Pleno ordinario da vindeira semana a solicitude para que a Xunta convoque novos concursos de dereitos mineiros caducados para impulsar a investigaci\u00f3n e posible extracci\u00f3n futura de materiais minerais fundamentais para sectores estrat\u00e9xicos da econom\u00eda galega. Nunha sesi\u00f3n plenaria de marcado car\u00e1cter lexislativo, na que se aprobar\u00e1n os proxectos de [&hellip;]<\/p>\n","protected":false},"author":38,"featured_media":69438,"comment_status":"closed","ping_status":"open","sticky":false,"template":"","format":"standard","meta":{"_acf_changed":false,"footnotes":""},"categories":[1128],"tags":[],"class_list":["post-69437","post","type-post","status-publish","format-standard","has-post-thumbnail","hentry","category-actualidad-parlamento-de-galicia"],"acf":[],"yoast_head":"<!-- This site is optimized with the Yoast SEO plugin v27.3 - https:\/\/yoast.com\/product\/yoast-seo-wordpress\/ -->\n<title>O Grupo Popular pedir\u00e1 no Pleno que a Xunta impulse a investigaci\u00f3n e extracci\u00f3n de materiais minerais fundamentais e que o Goberno central garanta a continuidade dos auxiliares de conversa - PP de Galicia<\/title>\n<meta name=\"description\" content=\"O Grupo Popular levar\u00e1 ao Pleno ordinario da vindeira semana a solicitude para que a Xunta convoque novos concursos de dereitos mineiros caducados para impulsar a investigaci\u00f3n e posible extracci\u00f3n futura de materiais minerais fundamentais para sectores estrat\u00e9xicos da econom\u00eda galega. Nunha sesi\u00f3n plenaria de marcado car\u00e1cter lexislativo, na que se aprobar\u00e1n os proxectos de lei de orzamentos da Xunta para 2026, de medidas fiscais e administrativas, e de protecci\u00f3n de menores e prevenci\u00f3n das condutas aditivas, o Grupo Popular tam\u00e9n pedir\u00e1 ao Goberno central que garanta a continuidade do programa de auxiliares de conversa.\" \/>\n<meta name=\"robots\" content=\"index, follow, max-snippet:-1, max-image-preview:large, max-video-preview:-1\" \/>\n<link rel=\"canonical\" href=\"https:\/\/ppdegalicia.com\/es\/o-grupo-popular-pedira-no-pleno-que-a-xunta-impulse-a-investigacion-e-extraccion-de-materiais-minerais-fundamentais-e-que-o-goberno-central-garanta-a-continuidade-dos-auxiliares-de-conversa\/\" \/>\n<meta property=\"og:locale\" content=\"es_ES\" \/>\n<meta property=\"og:type\" content=\"article\" \/>\n<meta property=\"og:title\" content=\"O Grupo Popular pedir\u00e1 no Pleno que a Xunta impulse a investigaci\u00f3n e extracci\u00f3n de materiais minerais fundamentais e que o Goberno central garanta a continuidade dos auxiliares de conversa - PP de Galicia\" \/>\n<meta property=\"og:description\" content=\"O Grupo Popular levar\u00e1 ao Pleno ordinario da vindeira semana a solicitude para que a Xunta convoque novos concursos de dereitos mineiros caducados para impulsar a investigaci\u00f3n e posible extracci\u00f3n futura de materiais minerais fundamentais para sectores estrat\u00e9xicos da econom\u00eda galega. Nunha sesi\u00f3n plenaria de marcado car\u00e1cter lexislativo, na que se aprobar\u00e1n os proxectos de lei de orzamentos da Xunta para 2026, de medidas fiscais e administrativas, e de protecci\u00f3n de menores e prevenci\u00f3n das condutas aditivas, o Grupo Popular tam\u00e9n pedir\u00e1 ao Goberno central que garanta a continuidade do programa de auxiliares de conversa.\" \/>\n<meta property=\"og:url\" content=\"https:\/\/ppdegalicia.com\/es\/o-grupo-popular-pedira-no-pleno-que-a-xunta-impulse-a-investigacion-e-extraccion-de-materiais-minerais-fundamentais-e-que-o-goberno-central-garanta-a-continuidade-dos-auxiliares-de-conversa\/\" \/>\n<meta property=\"og:site_name\" content=\"PP de Galicia\" \/>\n<meta property=\"article:publisher\" content=\"https:\/\/www.instagram.com\/ppdegalicia\/\" \/>\n<meta property=\"article:published_time\" content=\"2025-12-10T13:59:17+00:00\" \/>\n<meta property=\"og:image\" content=\"https:\/\/ppdegalicia.com\/wp-content\/uploads\/2025\/12\/20251210_Xunta_Portavoces11-scaled.jpg\" \/>\n\t<meta property=\"og:image:width\" content=\"2560\" \/>\n\t<meta property=\"og:image:height\" content=\"1707\" \/>\n\t<meta property=\"og:image:type\" content=\"image\/jpeg\" \/>\n<meta name=\"author\" content=\"ppdegaliciaredes\" \/>\n<meta name=\"twitter:card\" content=\"summary_large_image\" \/>\n<meta name=\"twitter:creator\" content=\"@ppdegalicia\" \/>\n<meta name=\"twitter:site\" content=\"@ppdegalicia\" \/>\n<meta name=\"twitter:label1\" content=\"Escrito por\" \/>\n\t<meta name=\"twitter:data1\" content=\"ppdegaliciaredes\" \/>\n\t<meta name=\"twitter:label2\" content=\"Tiempo de lectura\" \/>\n\t<meta name=\"twitter:data2\" content=\"4 minutos\" \/>\n<script type=\"application\/ld+json\" class=\"yoast-schema-graph\">{\"@context\":\"https:\\\/\\\/schema.org\",\"@graph\":[{\"@type\":\"Article\",\"@id\":\"https:\\\/\\\/ppdegalicia.com\\\/es\\\/o-grupo-popular-pedira-no-pleno-que-a-xunta-impulse-a-investigacion-e-extraccion-de-materiais-minerais-fundamentais-e-que-o-goberno-central-garanta-a-continuidade-dos-auxiliares-de-conversa\\\/#article\",\"isPartOf\":{\"@id\":\"https:\\\/\\\/ppdegalicia.com\\\/es\\\/o-grupo-popular-pedira-no-pleno-que-a-xunta-impulse-a-investigacion-e-extraccion-de-materiais-minerais-fundamentais-e-que-o-goberno-central-garanta-a-continuidade-dos-auxiliares-de-conversa\\\/\"},\"author\":{\"name\":\"ppdegaliciaredes\",\"@id\":\"https:\\\/\\\/ppdegalicia.com\\\/es\\\/#\\\/schema\\\/person\\\/5b822c6f59e872ebdd1142f307dbcb59\"},\"headline\":\"O Grupo Popular pedir\u00e1 no Pleno que a Xunta impulse a investigaci\u00f3n e extracci\u00f3n de materiais minerais fundamentais e que o Goberno central garanta a continuidade dos auxiliares de conversa\",\"datePublished\":\"2025-12-10T13:59:17+00:00\",\"mainEntityOfPage\":{\"@id\":\"https:\\\/\\\/ppdegalicia.com\\\/es\\\/o-grupo-popular-pedira-no-pleno-que-a-xunta-impulse-a-investigacion-e-extraccion-de-materiais-minerais-fundamentais-e-que-o-goberno-central-garanta-a-continuidade-dos-auxiliares-de-conversa\\\/\"},\"wordCount\":721,\"publisher\":{\"@id\":\"https:\\\/\\\/ppdegalicia.com\\\/es\\\/#organization\"},\"image\":{\"@id\":\"https:\\\/\\\/ppdegalicia.com\\\/es\\\/o-grupo-popular-pedira-no-pleno-que-a-xunta-impulse-a-investigacion-e-extraccion-de-materiais-minerais-fundamentais-e-que-o-goberno-central-garanta-a-continuidade-dos-auxiliares-de-conversa\\\/#primaryimage\"},\"thumbnailUrl\":\"https:\\\/\\\/ppdegalicia.com\\\/wp-content\\\/uploads\\\/2025\\\/12\\\/20251210_Xunta_Portavoces11-scaled.jpg\",\"articleSection\":[\"Parlamento de Galicia\"],\"inLanguage\":\"es\"},{\"@type\":\"WebPage\",\"@id\":\"https:\\\/\\\/ppdegalicia.com\\\/es\\\/o-grupo-popular-pedira-no-pleno-que-a-xunta-impulse-a-investigacion-e-extraccion-de-materiais-minerais-fundamentais-e-que-o-goberno-central-garanta-a-continuidade-dos-auxiliares-de-conversa\\\/\",\"url\":\"https:\\\/\\\/ppdegalicia.com\\\/es\\\/o-grupo-popular-pedira-no-pleno-que-a-xunta-impulse-a-investigacion-e-extraccion-de-materiais-minerais-fundamentais-e-que-o-goberno-central-garanta-a-continuidade-dos-auxiliares-de-conversa\\\/\",\"name\":\"O Grupo Popular pedir\u00e1 no Pleno que a Xunta impulse a investigaci\u00f3n e extracci\u00f3n de materiais minerais fundamentais e que o Goberno central garanta a continuidade dos auxiliares de conversa - PP de Galicia\",\"isPartOf\":{\"@id\":\"https:\\\/\\\/ppdegalicia.com\\\/es\\\/#website\"},\"primaryImageOfPage\":{\"@id\":\"https:\\\/\\\/ppdegalicia.com\\\/es\\\/o-grupo-popular-pedira-no-pleno-que-a-xunta-impulse-a-investigacion-e-extraccion-de-materiais-minerais-fundamentais-e-que-o-goberno-central-garanta-a-continuidade-dos-auxiliares-de-conversa\\\/#primaryimage\"},\"image\":{\"@id\":\"https:\\\/\\\/ppdegalicia.com\\\/es\\\/o-grupo-popular-pedira-no-pleno-que-a-xunta-impulse-a-investigacion-e-extraccion-de-materiais-minerais-fundamentais-e-que-o-goberno-central-garanta-a-continuidade-dos-auxiliares-de-conversa\\\/#primaryimage\"},\"thumbnailUrl\":\"https:\\\/\\\/ppdegalicia.com\\\/wp-content\\\/uploads\\\/2025\\\/12\\\/20251210_Xunta_Portavoces11-scaled.jpg\",\"datePublished\":\"2025-12-10T13:59:17+00:00\",\"description\":\"O Grupo Popular levar\u00e1 ao Pleno ordinario da vindeira semana a solicitude para que a Xunta convoque novos concursos de dereitos mineiros caducados para impulsar a investigaci\u00f3n e posible extracci\u00f3n futura de materiais minerais fundamentais para sectores estrat\u00e9xicos da econom\u00eda galega. Nunha sesi\u00f3n plenaria de marcado car\u00e1cter lexislativo, na que se aprobar\u00e1n os proxectos de lei de orzamentos da Xunta para 2026, de medidas fiscais e administrativas, e de protecci\u00f3n de menores e prevenci\u00f3n das condutas aditivas, o Grupo Popular tam\u00e9n pedir\u00e1 ao Goberno central que garanta a continuidade do programa de auxiliares de conversa.\",\"breadcrumb\":{\"@id\":\"https:\\\/\\\/ppdegalicia.com\\\/es\\\/o-grupo-popular-pedira-no-pleno-que-a-xunta-impulse-a-investigacion-e-extraccion-de-materiais-minerais-fundamentais-e-que-o-goberno-central-garanta-a-continuidade-dos-auxiliares-de-conversa\\\/#breadcrumb\"},\"inLanguage\":\"es\",\"potentialAction\":[{\"@type\":\"ReadAction\",\"target\":[\"https:\\\/\\\/ppdegalicia.com\\\/es\\\/o-grupo-popular-pedira-no-pleno-que-a-xunta-impulse-a-investigacion-e-extraccion-de-materiais-minerais-fundamentais-e-que-o-goberno-central-garanta-a-continuidade-dos-auxiliares-de-conversa\\\/\"]}]},{\"@type\":\"ImageObject\",\"inLanguage\":\"es\",\"@id\":\"https:\\\/\\\/ppdegalicia.com\\\/es\\\/o-grupo-popular-pedira-no-pleno-que-a-xunta-impulse-a-investigacion-e-extraccion-de-materiais-minerais-fundamentais-e-que-o-goberno-central-garanta-a-continuidade-dos-auxiliares-de-conversa\\\/#primaryimage\",\"url\":\"https:\\\/\\\/ppdegalicia.com\\\/wp-content\\\/uploads\\\/2025\\\/12\\\/20251210_Xunta_Portavoces11-scaled.jpg\",\"contentUrl\":\"https:\\\/\\\/ppdegalicia.com\\\/wp-content\\\/uploads\\\/2025\\\/12\\\/20251210_Xunta_Portavoces11-scaled.jpg\",\"width\":2560,\"height\":1707},{\"@type\":\"BreadcrumbList\",\"@id\":\"https:\\\/\\\/ppdegalicia.com\\\/es\\\/o-grupo-popular-pedira-no-pleno-que-a-xunta-impulse-a-investigacion-e-extraccion-de-materiais-minerais-fundamentais-e-que-o-goberno-central-garanta-a-continuidade-dos-auxiliares-de-conversa\\\/#breadcrumb\",\"itemListElement\":[{\"@type\":\"ListItem\",\"position\":1,\"name\":\"Portada\",\"item\":\"https:\\\/\\\/ppdegalicia.com\\\/es\\\/\"},{\"@type\":\"ListItem\",\"position\":2,\"name\":\"O Grupo Popular pedir\u00e1 no Pleno que a Xunta impulse a investigaci\u00f3n e extracci\u00f3n de materiais minerais fundamentais e que o Goberno central garanta a continuidade dos auxiliares de conversa\"}]},{\"@type\":\"WebSite\",\"@id\":\"https:\\\/\\\/ppdegalicia.com\\\/es\\\/#website\",\"url\":\"https:\\\/\\\/ppdegalicia.com\\\/es\\\/\",\"name\":\"Partido Popular de Galicia\",\"description\":\"Partido Popular de Galicia\",\"publisher\":{\"@id\":\"https:\\\/\\\/ppdegalicia.com\\\/es\\\/#organization\"},\"alternateName\":\"PP de Galicia\",\"potentialAction\":[{\"@type\":\"SearchAction\",\"target\":{\"@type\":\"EntryPoint\",\"urlTemplate\":\"https:\\\/\\\/ppdegalicia.com\\\/es\\\/?s={search_term_string}\"},\"query-input\":{\"@type\":\"PropertyValueSpecification\",\"valueRequired\":true,\"valueName\":\"search_term_string\"}}],\"inLanguage\":\"es\"},{\"@type\":\"Organization\",\"@id\":\"https:\\\/\\\/ppdegalicia.com\\\/es\\\/#organization\",\"name\":\"Partido Popular de Galicia\",\"alternateName\":\"PP de Galicia\",\"url\":\"https:\\\/\\\/ppdegalicia.com\\\/es\\\/\",\"logo\":{\"@type\":\"ImageObject\",\"inLanguage\":\"es\",\"@id\":\"https:\\\/\\\/ppdegalicia.com\\\/es\\\/#\\\/schema\\\/logo\\\/image\\\/\",\"url\":\"https:\\\/\\\/ppdegalicia.com\\\/wp-content\\\/uploads\\\/2023\\\/04\\\/logoPP512.png\",\"contentUrl\":\"https:\\\/\\\/ppdegalicia.com\\\/wp-content\\\/uploads\\\/2023\\\/04\\\/logoPP512.png\",\"width\":512,\"height\":512,\"caption\":\"Partido Popular de Galicia\"},\"image\":{\"@id\":\"https:\\\/\\\/ppdegalicia.com\\\/es\\\/#\\\/schema\\\/logo\\\/image\\\/\"},\"sameAs\":[\"https:\\\/\\\/www.instagram.com\\\/ppdegalicia\\\/\",\"https:\\\/\\\/x.com\\\/ppdegalicia\",\"https:\\\/\\\/www.tiktok.com\\\/@ppdegalicia\",\"https:\\\/\\\/www.youtube.com\\\/user\\\/ppdegalicia\"]},{\"@type\":\"Person\",\"@id\":\"https:\\\/\\\/ppdegalicia.com\\\/es\\\/#\\\/schema\\\/person\\\/5b822c6f59e872ebdd1142f307dbcb59\",\"name\":\"ppdegaliciaredes\",\"image\":{\"@type\":\"ImageObject\",\"inLanguage\":\"es\",\"@id\":\"https:\\\/\\\/secure.gravatar.com\\\/avatar\\\/3c9179cf0256d00c72a48d1f25783c58b6842cd56e85ef3a572881c8e28ccd59?s=96&d=mm&r=g\",\"url\":\"https:\\\/\\\/secure.gravatar.com\\\/avatar\\\/3c9179cf0256d00c72a48d1f25783c58b6842cd56e85ef3a572881c8e28ccd59?s=96&d=mm&r=g\",\"contentUrl\":\"https:\\\/\\\/secure.gravatar.com\\\/avatar\\\/3c9179cf0256d00c72a48d1f25783c58b6842cd56e85ef3a572881c8e28ccd59?s=96&d=mm&r=g\",\"caption\":\"ppdegaliciaredes\"},\"url\":\"https:\\\/\\\/ppdegalicia.com\\\/es\\\/author\\\/ppdegaliciaredes\\\/\"}]}<\/script>\n<!-- \/ Yoast SEO plugin. -->","yoast_head_json":{"title":"O Grupo Popular pedir\u00e1 no Pleno que a Xunta impulse a investigaci\u00f3n e extracci\u00f3n de materiais minerais fundamentais e que o Goberno central garanta a continuidade dos auxiliares de conversa - PP de Galicia","description":"O Grupo Popular levar\u00e1 ao Pleno ordinario da vindeira semana a solicitude para que a Xunta convoque novos concursos de dereitos mineiros caducados para impulsar a investigaci\u00f3n e posible extracci\u00f3n futura de materiais minerais fundamentais para sectores estrat\u00e9xicos da econom\u00eda galega. Nunha sesi\u00f3n plenaria de marcado car\u00e1cter lexislativo, na que se aprobar\u00e1n os proxectos de lei de orzamentos da Xunta para 2026, de medidas fiscais e administrativas, e de protecci\u00f3n de menores e prevenci\u00f3n das condutas aditivas, o Grupo Popular tam\u00e9n pedir\u00e1 ao Goberno central que garanta a continuidade do programa de auxiliares de conversa.","robots":{"index":"index","follow":"follow","max-snippet":"max-snippet:-1","max-image-preview":"max-image-preview:large","max-video-preview":"max-video-preview:-1"},"canonical":"https:\/\/ppdegalicia.com\/es\/o-grupo-popular-pedira-no-pleno-que-a-xunta-impulse-a-investigacion-e-extraccion-de-materiais-minerais-fundamentais-e-que-o-goberno-central-garanta-a-continuidade-dos-auxiliares-de-conversa\/","og_locale":"es_ES","og_type":"article","og_title":"O Grupo Popular pedir\u00e1 no Pleno que a Xunta impulse a investigaci\u00f3n e extracci\u00f3n de materiais minerais fundamentais e que o Goberno central garanta a continuidade dos auxiliares de conversa - PP de Galicia","og_description":"O Grupo Popular levar\u00e1 ao Pleno ordinario da vindeira semana a solicitude para que a Xunta convoque novos concursos de dereitos mineiros caducados para impulsar a investigaci\u00f3n e posible extracci\u00f3n futura de materiais minerais fundamentais para sectores estrat\u00e9xicos da econom\u00eda galega. Nunha sesi\u00f3n plenaria de marcado car\u00e1cter lexislativo, na que se aprobar\u00e1n os proxectos de lei de orzamentos da Xunta para 2026, de medidas fiscais e administrativas, e de protecci\u00f3n de menores e prevenci\u00f3n das condutas aditivas, o Grupo Popular tam\u00e9n pedir\u00e1 ao Goberno central que garanta a continuidade do programa de auxiliares de conversa.","og_url":"https:\/\/ppdegalicia.com\/es\/o-grupo-popular-pedira-no-pleno-que-a-xunta-impulse-a-investigacion-e-extraccion-de-materiais-minerais-fundamentais-e-que-o-goberno-central-garanta-a-continuidade-dos-auxiliares-de-conversa\/","og_site_name":"PP de Galicia","article_publisher":"https:\/\/www.instagram.com\/ppdegalicia\/","article_published_time":"2025-12-10T13:59:17+00:00","og_image":[{"width":2560,"height":1707,"url":"https:\/\/ppdegalicia.com\/wp-content\/uploads\/2025\/12\/20251210_Xunta_Portavoces11-scaled.jpg","type":"image\/jpeg"}],"author":"ppdegaliciaredes","twitter_card":"summary_large_image","twitter_creator":"@ppdegalicia","twitter_site":"@ppdegalicia","twitter_misc":{"Escrito por":"ppdegaliciaredes","Tiempo de lectura":"4 minutos"},"schema":{"@context":"https:\/\/schema.org","@graph":[{"@type":"Article","@id":"https:\/\/ppdegalicia.com\/es\/o-grupo-popular-pedira-no-pleno-que-a-xunta-impulse-a-investigacion-e-extraccion-de-materiais-minerais-fundamentais-e-que-o-goberno-central-garanta-a-continuidade-dos-auxiliares-de-conversa\/#article","isPartOf":{"@id":"https:\/\/ppdegalicia.com\/es\/o-grupo-popular-pedira-no-pleno-que-a-xunta-impulse-a-investigacion-e-extraccion-de-materiais-minerais-fundamentais-e-que-o-goberno-central-garanta-a-continuidade-dos-auxiliares-de-conversa\/"},"author":{"name":"ppdegaliciaredes","@id":"https:\/\/ppdegalicia.com\/es\/#\/schema\/person\/5b822c6f59e872ebdd1142f307dbcb59"},"headline":"O Grupo Popular pedir\u00e1 no Pleno que a Xunta impulse a investigaci\u00f3n e extracci\u00f3n de materiais minerais fundamentais e que o Goberno central garanta a continuidade dos auxiliares de conversa","datePublished":"2025-12-10T13:59:17+00:00","mainEntityOfPage":{"@id":"https:\/\/ppdegalicia.com\/es\/o-grupo-popular-pedira-no-pleno-que-a-xunta-impulse-a-investigacion-e-extraccion-de-materiais-minerais-fundamentais-e-que-o-goberno-central-garanta-a-continuidade-dos-auxiliares-de-conversa\/"},"wordCount":721,"publisher":{"@id":"https:\/\/ppdegalicia.com\/es\/#organization"},"image":{"@id":"https:\/\/ppdegalicia.com\/es\/o-grupo-popular-pedira-no-pleno-que-a-xunta-impulse-a-investigacion-e-extraccion-de-materiais-minerais-fundamentais-e-que-o-goberno-central-garanta-a-continuidade-dos-auxiliares-de-conversa\/#primaryimage"},"thumbnailUrl":"https:\/\/ppdegalicia.com\/wp-content\/uploads\/2025\/12\/20251210_Xunta_Portavoces11-scaled.jpg","articleSection":["Parlamento de Galicia"],"inLanguage":"es"},{"@type":"WebPage","@id":"https:\/\/ppdegalicia.com\/es\/o-grupo-popular-pedira-no-pleno-que-a-xunta-impulse-a-investigacion-e-extraccion-de-materiais-minerais-fundamentais-e-que-o-goberno-central-garanta-a-continuidade-dos-auxiliares-de-conversa\/","url":"https:\/\/ppdegalicia.com\/es\/o-grupo-popular-pedira-no-pleno-que-a-xunta-impulse-a-investigacion-e-extraccion-de-materiais-minerais-fundamentais-e-que-o-goberno-central-garanta-a-continuidade-dos-auxiliares-de-conversa\/","name":"O Grupo Popular pedir\u00e1 no Pleno que a Xunta impulse a investigaci\u00f3n e extracci\u00f3n de materiais minerais fundamentais e que o Goberno central garanta a continuidade dos auxiliares de conversa - PP de Galicia","isPartOf":{"@id":"https:\/\/ppdegalicia.com\/es\/#website"},"primaryImageOfPage":{"@id":"https:\/\/ppdegalicia.com\/es\/o-grupo-popular-pedira-no-pleno-que-a-xunta-impulse-a-investigacion-e-extraccion-de-materiais-minerais-fundamentais-e-que-o-goberno-central-garanta-a-continuidade-dos-auxiliares-de-conversa\/#primaryimage"},"image":{"@id":"https:\/\/ppdegalicia.com\/es\/o-grupo-popular-pedira-no-pleno-que-a-xunta-impulse-a-investigacion-e-extraccion-de-materiais-minerais-fundamentais-e-que-o-goberno-central-garanta-a-continuidade-dos-auxiliares-de-conversa\/#primaryimage"},"thumbnailUrl":"https:\/\/ppdegalicia.com\/wp-content\/uploads\/2025\/12\/20251210_Xunta_Portavoces11-scaled.jpg","datePublished":"2025-12-10T13:59:17+00:00","description":"O Grupo Popular levar\u00e1 ao Pleno ordinario da vindeira semana a solicitude para que a Xunta convoque novos concursos de dereitos mineiros caducados para impulsar a investigaci\u00f3n e posible extracci\u00f3n futura de materiais minerais fundamentais para sectores estrat\u00e9xicos da econom\u00eda galega. Nunha sesi\u00f3n plenaria de marcado car\u00e1cter lexislativo, na que se aprobar\u00e1n os proxectos de lei de orzamentos da Xunta para 2026, de medidas fiscais e administrativas, e de protecci\u00f3n de menores e prevenci\u00f3n das condutas aditivas, o Grupo Popular tam\u00e9n pedir\u00e1 ao Goberno central que garanta a continuidade do programa de auxiliares de conversa.","breadcrumb":{"@id":"https:\/\/ppdegalicia.com\/es\/o-grupo-popular-pedira-no-pleno-que-a-xunta-impulse-a-investigacion-e-extraccion-de-materiais-minerais-fundamentais-e-que-o-goberno-central-garanta-a-continuidade-dos-auxiliares-de-conversa\/#breadcrumb"},"inLanguage":"es","potentialAction":[{"@type":"ReadAction","target":["https:\/\/ppdegalicia.com\/es\/o-grupo-popular-pedira-no-pleno-que-a-xunta-impulse-a-investigacion-e-extraccion-de-materiais-minerais-fundamentais-e-que-o-goberno-central-garanta-a-continuidade-dos-auxiliares-de-conversa\/"]}]},{"@type":"ImageObject","inLanguage":"es","@id":"https:\/\/ppdegalicia.com\/es\/o-grupo-popular-pedira-no-pleno-que-a-xunta-impulse-a-investigacion-e-extraccion-de-materiais-minerais-fundamentais-e-que-o-goberno-central-garanta-a-continuidade-dos-auxiliares-de-conversa\/#primaryimage","url":"https:\/\/ppdegalicia.com\/wp-content\/uploads\/2025\/12\/20251210_Xunta_Portavoces11-scaled.jpg","contentUrl":"https:\/\/ppdegalicia.com\/wp-content\/uploads\/2025\/12\/20251210_Xunta_Portavoces11-scaled.jpg","width":2560,"height":1707},{"@type":"BreadcrumbList","@id":"https:\/\/ppdegalicia.com\/es\/o-grupo-popular-pedira-no-pleno-que-a-xunta-impulse-a-investigacion-e-extraccion-de-materiais-minerais-fundamentais-e-que-o-goberno-central-garanta-a-continuidade-dos-auxiliares-de-conversa\/#breadcrumb","itemListElement":[{"@type":"ListItem","position":1,"name":"Portada","item":"https:\/\/ppdegalicia.com\/es\/"},{"@type":"ListItem","position":2,"name":"O Grupo Popular pedir\u00e1 no Pleno que a Xunta impulse a investigaci\u00f3n e extracci\u00f3n de materiais minerais fundamentais e que o Goberno central garanta a continuidade dos auxiliares de conversa"}]},{"@type":"WebSite","@id":"https:\/\/ppdegalicia.com\/es\/#website","url":"https:\/\/ppdegalicia.com\/es\/","name":"Partido Popular de Galicia","description":"Partido Popular de Galicia","publisher":{"@id":"https:\/\/ppdegalicia.com\/es\/#organization"},"alternateName":"PP de Galicia","potentialAction":[{"@type":"SearchAction","target":{"@type":"EntryPoint","urlTemplate":"https:\/\/ppdegalicia.com\/es\/?s={search_term_string}"},"query-input":{"@type":"PropertyValueSpecification","valueRequired":true,"valueName":"search_term_string"}}],"inLanguage":"es"},{"@type":"Organization","@id":"https:\/\/ppdegalicia.com\/es\/#organization","name":"Partido Popular de Galicia","alternateName":"PP de Galicia","url":"https:\/\/ppdegalicia.com\/es\/","logo":{"@type":"ImageObject","inLanguage":"es","@id":"https:\/\/ppdegalicia.com\/es\/#\/schema\/logo\/image\/","url":"https:\/\/ppdegalicia.com\/wp-content\/uploads\/2023\/04\/logoPP512.png","contentUrl":"https:\/\/ppdegalicia.com\/wp-content\/uploads\/2023\/04\/logoPP512.png","width":512,"height":512,"caption":"Partido Popular de Galicia"},"image":{"@id":"https:\/\/ppdegalicia.com\/es\/#\/schema\/logo\/image\/"},"sameAs":["https:\/\/www.instagram.com\/ppdegalicia\/","https:\/\/x.com\/ppdegalicia","https:\/\/www.tiktok.com\/@ppdegalicia","https:\/\/www.youtube.com\/user\/ppdegalicia"]},{"@type":"Person","@id":"https:\/\/ppdegalicia.com\/es\/#\/schema\/person\/5b822c6f59e872ebdd1142f307dbcb59","name":"ppdegaliciaredes","image":{"@type":"ImageObject","inLanguage":"es","@id":"https:\/\/secure.gravatar.com\/avatar\/3c9179cf0256d00c72a48d1f25783c58b6842cd56e85ef3a572881c8e28ccd59?s=96&d=mm&r=g","url":"https:\/\/secure.gravatar.com\/avatar\/3c9179cf0256d00c72a48d1f25783c58b6842cd56e85ef3a572881c8e28ccd59?s=96&d=mm&r=g","contentUrl":"https:\/\/secure.gravatar.com\/avatar\/3c9179cf0256d00c72a48d1f25783c58b6842cd56e85ef3a572881c8e28ccd59?s=96&d=mm&r=g","caption":"ppdegaliciaredes"},"url":"https:\/\/ppdegalicia.com\/es\/author\/ppdegaliciaredes\/"}]}},"_links":{"self":[{"href":"https:\/\/ppdegalicia.com\/es\/wp-json\/wp\/v2\/posts\/69437","targetHints":{"allow":["GET"]}}],"collection":[{"href":"https:\/\/ppdegalicia.com\/es\/wp-json\/wp\/v2\/posts"}],"about":[{"href":"https:\/\/ppdegalicia.com\/es\/wp-json\/wp\/v2\/types\/post"}],"author":[{"embeddable":true,"href":"https:\/\/ppdegalicia.com\/es\/wp-json\/wp\/v2\/users\/38"}],"replies":[{"embeddable":true,"href":"https:\/\/ppdegalicia.com\/es\/wp-json\/wp\/v2\/comments?post=69437"}],"version-history":[{"count":1,"href":"https:\/\/ppdegalicia.com\/es\/wp-json\/wp\/v2\/posts\/69437\/revisions"}],"predecessor-version":[{"id":69440,"href":"https:\/\/ppdegalicia.com\/es\/wp-json\/wp\/v2\/posts\/69437\/revisions\/69440"}],"wp:featuredmedia":[{"embeddable":true,"href":"https:\/\/ppdegalicia.com\/es\/wp-json\/wp\/v2\/media\/69438"}],"wp:attachment":[{"href":"https:\/\/ppdegalicia.com\/es\/wp-json\/wp\/v2\/media?parent=69437"}],"wp:term":[{"taxonomy":"category","embeddable":true,"href":"https:\/\/ppdegalicia.com\/es\/wp-json\/wp\/v2\/categories?post=69437"},{"taxonomy":"post_tag","embeddable":true,"href":"https:\/\/ppdegalicia.com\/es\/wp-json\/wp\/v2\/tags?post=69437"}],"curies":[{"name":"wp","href":"https:\/\/api.w.org\/{rel}","templated":true}]}}