{"id":69441,"date":"2025-12-10T10:29:19","date_gmt":"2025-12-10T09:29:19","guid":{"rendered":"https:\/\/ppdegalicia.com\/?p=69441"},"modified":"2025-12-11T11:09:14","modified_gmt":"2025-12-11T10:09:14","slug":"o-parlamento-de-galicia-solicita-ao-goberno-central-que-reforce-e-intensifique-os-postos-da-garda-civil-na-limia-e-a-baixa-limia","status":"publish","type":"post","link":"https:\/\/ppdegalicia.com\/es\/o-parlamento-de-galicia-solicita-ao-goberno-central-que-reforce-e-intensifique-os-postos-da-garda-civil-na-limia-e-a-baixa-limia\/","title":{"rendered":"O Parlamento de Galicia solicita ao Goberno central que reforce e intensifique os postos da Garda Civil na Limia e a Baixa Limia"},"content":{"rendered":"<p>O Parlamento de Galicia aprobou hoxe a proposici\u00f3n non de lei do Grupo Popular, co voto en contra dos deputados do PSdeG e a abstenci\u00f3n do BNG, a trav\u00e9s da que se solicita ao Goberno de Espa\u00f1a que reforce e intensifique, de maneira urxente, con medios humanos e materias suficientes, os postos da Garda Civil nas comarcas da Limia e da Baixa Limia, a fin de que garanta a s\u00faa operatividade as 24 horas do d\u00eda ante a alarma social que provoca a repunta delituosa.<\/p>\n<p>A deputada popular Cristina Campero lamentou que \u201ca situaci\u00f3n da seguridade na provincia de Ourense e, en particular, na Limia e a Baixa Limia, v\u00e9n deterior\u00e1ndose de maneira preocupante\u201d, unha situaci\u00f3n derivada dos \u201crecortes da Garda Civil realizados nos \u00faltimos anos: menos presenza no territorio de axentes, menos capacidade de prevenci\u00f3n e tempos de resposta moi dilatados\u201d.<\/p>\n<p><strong>163 AXENTES MENOS NA PROVINCIA DE OURENSE<\/strong><\/p>\n<p>En concreto, explicou que na provincia de Ourense hai 910 prazas da Garda Civil, das que s\u00f3 est\u00e1n cubertas 817 e outras 70 so baixas m\u00e9dicas sen cubrir, o que fai un total de 163 axentes menos na provincia ourens\u00e1.<\/p>\n<p>\u201cAo mesmo tempo que o Goberno central desmantela cuarteis no rural galego, a criminalidade disparouse un 28,3 por cento desde o ano 2018\u201d, criticou a deputada popular, quen manifestou que \u201cpasamos dun rural galego de portas abertas a un rural de alarmas, froito dun medo que se agrava polos continuos roubos e a menor presenza da Garda Civil, que deixa v\u00eda libre aos ladr\u00f3ns e delincuentes\u201d.<\/p>\n","protected":false},"excerpt":{"rendered":"<p>O Parlamento de Galicia aprobou hoxe a proposici\u00f3n non de lei do Grupo Popular, co voto en contra dos deputados do PSdeG e a abstenci\u00f3n do BNG, a trav\u00e9s da que se solicita ao Goberno de Espa\u00f1a que reforce e intensifique, de maneira urxente, con medios humanos e materias suficientes, os postos da Garda Civil [&hellip;]<\/p>\n","protected":false},"author":38,"featured_media":69445,"comment_status":"closed","ping_status":"open","sticky":false,"template":"","format":"standard","meta":{"_acf_changed":false,"footnotes":""},"categories":[1128],"tags":[],"class_list":["post-69441","post","type-post","status-publish","format-standard","has-post-thumbnail","hentry","category-actualidad-parlamento-de-galicia"],"acf":[],"yoast_head":"<!-- This site is optimized with the Yoast SEO plugin v27.3 - https:\/\/yoast.com\/product\/yoast-seo-wordpress\/ -->\n<title>O Parlamento de Galicia solicita ao Goberno central que reforce e intensifique os postos da Garda Civil na Limia e a Baixa Limia - PP de Galicia<\/title>\n<meta name=\"description\" content=\"O Parlamento de Galicia aprobou hoxe a proposici\u00f3n non de lei do Grupo Popular, co voto en contra dos deputados do PSdeG e a abstenci\u00f3n do BNG, a trav\u00e9s da que se solicita ao Goberno de Espa\u00f1a que reforce e intensifique, de maneira urxente, con medios humanos e materias suficientes, os postos da Garda Civil nas comarcas da Limia e da Baixa Limia, a fin de que garanta a s\u00faa operatividade as 24 horas do d\u00eda ante a alarma social que provoca a repunta delituosa.\" \/>\n<meta name=\"robots\" content=\"index, follow, max-snippet:-1, max-image-preview:large, max-video-preview:-1\" \/>\n<link rel=\"canonical\" href=\"https:\/\/ppdegalicia.com\/es\/o-parlamento-de-galicia-solicita-ao-goberno-central-que-reforce-e-intensifique-os-postos-da-garda-civil-na-limia-e-a-baixa-limia\/\" \/>\n<meta property=\"og:locale\" content=\"es_ES\" \/>\n<meta property=\"og:type\" content=\"article\" \/>\n<meta property=\"og:title\" content=\"O Parlamento de Galicia solicita ao Goberno central que reforce e intensifique os postos da Garda Civil na Limia e a Baixa Limia - PP de Galicia\" \/>\n<meta property=\"og:description\" content=\"O Parlamento de Galicia aprobou hoxe a proposici\u00f3n non de lei do Grupo Popular, co voto en contra dos deputados do PSdeG e a abstenci\u00f3n do BNG, a trav\u00e9s da que se solicita ao Goberno de Espa\u00f1a que reforce e intensifique, de maneira urxente, con medios humanos e materias suficientes, os postos da Garda Civil nas comarcas da Limia e da Baixa Limia, a fin de que garanta a s\u00faa operatividade as 24 horas do d\u00eda ante a alarma social que provoca a repunta delituosa.\" \/>\n<meta property=\"og:url\" content=\"https:\/\/ppdegalicia.com\/es\/o-parlamento-de-galicia-solicita-ao-goberno-central-que-reforce-e-intensifique-os-postos-da-garda-civil-na-limia-e-a-baixa-limia\/\" \/>\n<meta property=\"og:site_name\" content=\"PP de Galicia\" \/>\n<meta property=\"article:publisher\" content=\"https:\/\/www.instagram.com\/ppdegalicia\/\" \/>\n<meta property=\"article:published_time\" content=\"2025-12-10T09:29:19+00:00\" \/>\n<meta property=\"article:modified_time\" content=\"2025-12-11T10:09:14+00:00\" \/>\n<meta property=\"og:image\" content=\"https:\/\/ppdegalicia.com\/wp-content\/uploads\/2025\/12\/20251210_sin-titulo_DSCF1881-2-scaled.jpg\" \/>\n\t<meta property=\"og:image:width\" content=\"2560\" \/>\n\t<meta property=\"og:image:height\" content=\"1707\" \/>\n\t<meta property=\"og:image:type\" content=\"image\/jpeg\" \/>\n<meta name=\"author\" content=\"ppdegaliciaredes\" \/>\n<meta name=\"twitter:card\" content=\"summary_large_image\" \/>\n<meta name=\"twitter:creator\" content=\"@ppdegalicia\" \/>\n<meta name=\"twitter:site\" content=\"@ppdegalicia\" \/>\n<meta name=\"twitter:label1\" content=\"Escrito por\" \/>\n\t<meta name=\"twitter:data1\" content=\"ppdegaliciaredes\" \/>\n\t<meta name=\"twitter:label2\" content=\"Tiempo de lectura\" \/>\n\t<meta name=\"twitter:data2\" content=\"2 minutos\" \/>\n<script type=\"application\/ld+json\" class=\"yoast-schema-graph\">{\"@context\":\"https:\\\/\\\/schema.org\",\"@graph\":[{\"@type\":\"Article\",\"@id\":\"https:\\\/\\\/ppdegalicia.com\\\/es\\\/o-parlamento-de-galicia-solicita-ao-goberno-central-que-reforce-e-intensifique-os-postos-da-garda-civil-na-limia-e-a-baixa-limia\\\/#article\",\"isPartOf\":{\"@id\":\"https:\\\/\\\/ppdegalicia.com\\\/es\\\/o-parlamento-de-galicia-solicita-ao-goberno-central-que-reforce-e-intensifique-os-postos-da-garda-civil-na-limia-e-a-baixa-limia\\\/\"},\"author\":{\"name\":\"ppdegaliciaredes\",\"@id\":\"https:\\\/\\\/ppdegalicia.com\\\/es\\\/#\\\/schema\\\/person\\\/5b822c6f59e872ebdd1142f307dbcb59\"},\"headline\":\"O Parlamento de Galicia solicita ao Goberno central que reforce e intensifique os postos da Garda Civil na Limia e a Baixa Limia\",\"datePublished\":\"2025-12-10T09:29:19+00:00\",\"dateModified\":\"2025-12-11T10:09:14+00:00\",\"mainEntityOfPage\":{\"@id\":\"https:\\\/\\\/ppdegalicia.com\\\/es\\\/o-parlamento-de-galicia-solicita-ao-goberno-central-que-reforce-e-intensifique-os-postos-da-garda-civil-na-limia-e-a-baixa-limia\\\/\"},\"wordCount\":285,\"publisher\":{\"@id\":\"https:\\\/\\\/ppdegalicia.com\\\/es\\\/#organization\"},\"image\":{\"@id\":\"https:\\\/\\\/ppdegalicia.com\\\/es\\\/o-parlamento-de-galicia-solicita-ao-goberno-central-que-reforce-e-intensifique-os-postos-da-garda-civil-na-limia-e-a-baixa-limia\\\/#primaryimage\"},\"thumbnailUrl\":\"https:\\\/\\\/ppdegalicia.com\\\/wp-content\\\/uploads\\\/2025\\\/12\\\/20251210_sin-titulo_DSCF1881-2-scaled.jpg\",\"articleSection\":[\"Parlamento de Galicia\"],\"inLanguage\":\"es\"},{\"@type\":\"WebPage\",\"@id\":\"https:\\\/\\\/ppdegalicia.com\\\/es\\\/o-parlamento-de-galicia-solicita-ao-goberno-central-que-reforce-e-intensifique-os-postos-da-garda-civil-na-limia-e-a-baixa-limia\\\/\",\"url\":\"https:\\\/\\\/ppdegalicia.com\\\/es\\\/o-parlamento-de-galicia-solicita-ao-goberno-central-que-reforce-e-intensifique-os-postos-da-garda-civil-na-limia-e-a-baixa-limia\\\/\",\"name\":\"O Parlamento de Galicia solicita ao Goberno central que reforce e intensifique os postos da Garda Civil na Limia e a Baixa Limia - PP de Galicia\",\"isPartOf\":{\"@id\":\"https:\\\/\\\/ppdegalicia.com\\\/es\\\/#website\"},\"primaryImageOfPage\":{\"@id\":\"https:\\\/\\\/ppdegalicia.com\\\/es\\\/o-parlamento-de-galicia-solicita-ao-goberno-central-que-reforce-e-intensifique-os-postos-da-garda-civil-na-limia-e-a-baixa-limia\\\/#primaryimage\"},\"image\":{\"@id\":\"https:\\\/\\\/ppdegalicia.com\\\/es\\\/o-parlamento-de-galicia-solicita-ao-goberno-central-que-reforce-e-intensifique-os-postos-da-garda-civil-na-limia-e-a-baixa-limia\\\/#primaryimage\"},\"thumbnailUrl\":\"https:\\\/\\\/ppdegalicia.com\\\/wp-content\\\/uploads\\\/2025\\\/12\\\/20251210_sin-titulo_DSCF1881-2-scaled.jpg\",\"datePublished\":\"2025-12-10T09:29:19+00:00\",\"dateModified\":\"2025-12-11T10:09:14+00:00\",\"description\":\"O Parlamento de Galicia aprobou hoxe a proposici\u00f3n non de lei do Grupo Popular, co voto en contra dos deputados do PSdeG e a abstenci\u00f3n do BNG, a trav\u00e9s da que se solicita ao Goberno de Espa\u00f1a que reforce e intensifique, de maneira urxente, con medios humanos e materias suficientes, os postos da Garda Civil nas comarcas da Limia e da Baixa Limia, a fin de que garanta a s\u00faa operatividade as 24 horas do d\u00eda ante a alarma social que provoca a repunta delituosa.\",\"breadcrumb\":{\"@id\":\"https:\\\/\\\/ppdegalicia.com\\\/es\\\/o-parlamento-de-galicia-solicita-ao-goberno-central-que-reforce-e-intensifique-os-postos-da-garda-civil-na-limia-e-a-baixa-limia\\\/#breadcrumb\"},\"inLanguage\":\"es\",\"potentialAction\":[{\"@type\":\"ReadAction\",\"target\":[\"https:\\\/\\\/ppdegalicia.com\\\/es\\\/o-parlamento-de-galicia-solicita-ao-goberno-central-que-reforce-e-intensifique-os-postos-da-garda-civil-na-limia-e-a-baixa-limia\\\/\"]}]},{\"@type\":\"ImageObject\",\"inLanguage\":\"es\",\"@id\":\"https:\\\/\\\/ppdegalicia.com\\\/es\\\/o-parlamento-de-galicia-solicita-ao-goberno-central-que-reforce-e-intensifique-os-postos-da-garda-civil-na-limia-e-a-baixa-limia\\\/#primaryimage\",\"url\":\"https:\\\/\\\/ppdegalicia.com\\\/wp-content\\\/uploads\\\/2025\\\/12\\\/20251210_sin-titulo_DSCF1881-2-scaled.jpg\",\"contentUrl\":\"https:\\\/\\\/ppdegalicia.com\\\/wp-content\\\/uploads\\\/2025\\\/12\\\/20251210_sin-titulo_DSCF1881-2-scaled.jpg\",\"width\":2560,\"height\":1707},{\"@type\":\"BreadcrumbList\",\"@id\":\"https:\\\/\\\/ppdegalicia.com\\\/es\\\/o-parlamento-de-galicia-solicita-ao-goberno-central-que-reforce-e-intensifique-os-postos-da-garda-civil-na-limia-e-a-baixa-limia\\\/#breadcrumb\",\"itemListElement\":[{\"@type\":\"ListItem\",\"position\":1,\"name\":\"Portada\",\"item\":\"https:\\\/\\\/ppdegalicia.com\\\/es\\\/\"},{\"@type\":\"ListItem\",\"position\":2,\"name\":\"O Parlamento de Galicia solicita ao Goberno central que reforce e intensifique os postos da Garda Civil na Limia e a Baixa Limia\"}]},{\"@type\":\"WebSite\",\"@id\":\"https:\\\/\\\/ppdegalicia.com\\\/es\\\/#website\",\"url\":\"https:\\\/\\\/ppdegalicia.com\\\/es\\\/\",\"name\":\"Partido Popular de Galicia\",\"description\":\"Partido Popular de Galicia\",\"publisher\":{\"@id\":\"https:\\\/\\\/ppdegalicia.com\\\/es\\\/#organization\"},\"alternateName\":\"PP de Galicia\",\"potentialAction\":[{\"@type\":\"SearchAction\",\"target\":{\"@type\":\"EntryPoint\",\"urlTemplate\":\"https:\\\/\\\/ppdegalicia.com\\\/es\\\/?s={search_term_string}\"},\"query-input\":{\"@type\":\"PropertyValueSpecification\",\"valueRequired\":true,\"valueName\":\"search_term_string\"}}],\"inLanguage\":\"es\"},{\"@type\":\"Organization\",\"@id\":\"https:\\\/\\\/ppdegalicia.com\\\/es\\\/#organization\",\"name\":\"Partido Popular de Galicia\",\"alternateName\":\"PP de Galicia\",\"url\":\"https:\\\/\\\/ppdegalicia.com\\\/es\\\/\",\"logo\":{\"@type\":\"ImageObject\",\"inLanguage\":\"es\",\"@id\":\"https:\\\/\\\/ppdegalicia.com\\\/es\\\/#\\\/schema\\\/logo\\\/image\\\/\",\"url\":\"https:\\\/\\\/ppdegalicia.com\\\/wp-content\\\/uploads\\\/2023\\\/04\\\/logoPP512.png\",\"contentUrl\":\"https:\\\/\\\/ppdegalicia.com\\\/wp-content\\\/uploads\\\/2023\\\/04\\\/logoPP512.png\",\"width\":512,\"height\":512,\"caption\":\"Partido Popular de Galicia\"},\"image\":{\"@id\":\"https:\\\/\\\/ppdegalicia.com\\\/es\\\/#\\\/schema\\\/logo\\\/image\\\/\"},\"sameAs\":[\"https:\\\/\\\/www.instagram.com\\\/ppdegalicia\\\/\",\"https:\\\/\\\/x.com\\\/ppdegalicia\",\"https:\\\/\\\/www.tiktok.com\\\/@ppdegalicia\",\"https:\\\/\\\/www.youtube.com\\\/user\\\/ppdegalicia\"]},{\"@type\":\"Person\",\"@id\":\"https:\\\/\\\/ppdegalicia.com\\\/es\\\/#\\\/schema\\\/person\\\/5b822c6f59e872ebdd1142f307dbcb59\",\"name\":\"ppdegaliciaredes\",\"image\":{\"@type\":\"ImageObject\",\"inLanguage\":\"es\",\"@id\":\"https:\\\/\\\/secure.gravatar.com\\\/avatar\\\/3c9179cf0256d00c72a48d1f25783c58b6842cd56e85ef3a572881c8e28ccd59?s=96&d=mm&r=g\",\"url\":\"https:\\\/\\\/secure.gravatar.com\\\/avatar\\\/3c9179cf0256d00c72a48d1f25783c58b6842cd56e85ef3a572881c8e28ccd59?s=96&d=mm&r=g\",\"contentUrl\":\"https:\\\/\\\/secure.gravatar.com\\\/avatar\\\/3c9179cf0256d00c72a48d1f25783c58b6842cd56e85ef3a572881c8e28ccd59?s=96&d=mm&r=g\",\"caption\":\"ppdegaliciaredes\"},\"url\":\"https:\\\/\\\/ppdegalicia.com\\\/es\\\/author\\\/ppdegaliciaredes\\\/\"}]}<\/script>\n<!-- \/ Yoast SEO plugin. -->","yoast_head_json":{"title":"O Parlamento de Galicia solicita ao Goberno central que reforce e intensifique os postos da Garda Civil na Limia e a Baixa Limia - PP de Galicia","description":"O Parlamento de Galicia aprobou hoxe a proposici\u00f3n non de lei do Grupo Popular, co voto en contra dos deputados do PSdeG e a abstenci\u00f3n do BNG, a trav\u00e9s da que se solicita ao Goberno de Espa\u00f1a que reforce e intensifique, de maneira urxente, con medios humanos e materias suficientes, os postos da Garda Civil nas comarcas da Limia e da Baixa Limia, a fin de que garanta a s\u00faa operatividade as 24 horas do d\u00eda ante a alarma social que provoca a repunta delituosa.","robots":{"index":"index","follow":"follow","max-snippet":"max-snippet:-1","max-image-preview":"max-image-preview:large","max-video-preview":"max-video-preview:-1"},"canonical":"https:\/\/ppdegalicia.com\/es\/o-parlamento-de-galicia-solicita-ao-goberno-central-que-reforce-e-intensifique-os-postos-da-garda-civil-na-limia-e-a-baixa-limia\/","og_locale":"es_ES","og_type":"article","og_title":"O Parlamento de Galicia solicita ao Goberno central que reforce e intensifique os postos da Garda Civil na Limia e a Baixa Limia - PP de Galicia","og_description":"O Parlamento de Galicia aprobou hoxe a proposici\u00f3n non de lei do Grupo Popular, co voto en contra dos deputados do PSdeG e a abstenci\u00f3n do BNG, a trav\u00e9s da que se solicita ao Goberno de Espa\u00f1a que reforce e intensifique, de maneira urxente, con medios humanos e materias suficientes, os postos da Garda Civil nas comarcas da Limia e da Baixa Limia, a fin de que garanta a s\u00faa operatividade as 24 horas do d\u00eda ante a alarma social que provoca a repunta delituosa.","og_url":"https:\/\/ppdegalicia.com\/es\/o-parlamento-de-galicia-solicita-ao-goberno-central-que-reforce-e-intensifique-os-postos-da-garda-civil-na-limia-e-a-baixa-limia\/","og_site_name":"PP de Galicia","article_publisher":"https:\/\/www.instagram.com\/ppdegalicia\/","article_published_time":"2025-12-10T09:29:19+00:00","article_modified_time":"2025-12-11T10:09:14+00:00","og_image":[{"width":2560,"height":1707,"url":"https:\/\/ppdegalicia.com\/wp-content\/uploads\/2025\/12\/20251210_sin-titulo_DSCF1881-2-scaled.jpg","type":"image\/jpeg"}],"author":"ppdegaliciaredes","twitter_card":"summary_large_image","twitter_creator":"@ppdegalicia","twitter_site":"@ppdegalicia","twitter_misc":{"Escrito por":"ppdegaliciaredes","Tiempo de lectura":"2 minutos"},"schema":{"@context":"https:\/\/schema.org","@graph":[{"@type":"Article","@id":"https:\/\/ppdegalicia.com\/es\/o-parlamento-de-galicia-solicita-ao-goberno-central-que-reforce-e-intensifique-os-postos-da-garda-civil-na-limia-e-a-baixa-limia\/#article","isPartOf":{"@id":"https:\/\/ppdegalicia.com\/es\/o-parlamento-de-galicia-solicita-ao-goberno-central-que-reforce-e-intensifique-os-postos-da-garda-civil-na-limia-e-a-baixa-limia\/"},"author":{"name":"ppdegaliciaredes","@id":"https:\/\/ppdegalicia.com\/es\/#\/schema\/person\/5b822c6f59e872ebdd1142f307dbcb59"},"headline":"O Parlamento de Galicia solicita ao Goberno central que reforce e intensifique os postos da Garda Civil na Limia e a Baixa Limia","datePublished":"2025-12-10T09:29:19+00:00","dateModified":"2025-12-11T10:09:14+00:00","mainEntityOfPage":{"@id":"https:\/\/ppdegalicia.com\/es\/o-parlamento-de-galicia-solicita-ao-goberno-central-que-reforce-e-intensifique-os-postos-da-garda-civil-na-limia-e-a-baixa-limia\/"},"wordCount":285,"publisher":{"@id":"https:\/\/ppdegalicia.com\/es\/#organization"},"image":{"@id":"https:\/\/ppdegalicia.com\/es\/o-parlamento-de-galicia-solicita-ao-goberno-central-que-reforce-e-intensifique-os-postos-da-garda-civil-na-limia-e-a-baixa-limia\/#primaryimage"},"thumbnailUrl":"https:\/\/ppdegalicia.com\/wp-content\/uploads\/2025\/12\/20251210_sin-titulo_DSCF1881-2-scaled.jpg","articleSection":["Parlamento de Galicia"],"inLanguage":"es"},{"@type":"WebPage","@id":"https:\/\/ppdegalicia.com\/es\/o-parlamento-de-galicia-solicita-ao-goberno-central-que-reforce-e-intensifique-os-postos-da-garda-civil-na-limia-e-a-baixa-limia\/","url":"https:\/\/ppdegalicia.com\/es\/o-parlamento-de-galicia-solicita-ao-goberno-central-que-reforce-e-intensifique-os-postos-da-garda-civil-na-limia-e-a-baixa-limia\/","name":"O Parlamento de Galicia solicita ao Goberno central que reforce e intensifique os postos da Garda Civil na Limia e a Baixa Limia - PP de Galicia","isPartOf":{"@id":"https:\/\/ppdegalicia.com\/es\/#website"},"primaryImageOfPage":{"@id":"https:\/\/ppdegalicia.com\/es\/o-parlamento-de-galicia-solicita-ao-goberno-central-que-reforce-e-intensifique-os-postos-da-garda-civil-na-limia-e-a-baixa-limia\/#primaryimage"},"image":{"@id":"https:\/\/ppdegalicia.com\/es\/o-parlamento-de-galicia-solicita-ao-goberno-central-que-reforce-e-intensifique-os-postos-da-garda-civil-na-limia-e-a-baixa-limia\/#primaryimage"},"thumbnailUrl":"https:\/\/ppdegalicia.com\/wp-content\/uploads\/2025\/12\/20251210_sin-titulo_DSCF1881-2-scaled.jpg","datePublished":"2025-12-10T09:29:19+00:00","dateModified":"2025-12-11T10:09:14+00:00","description":"O Parlamento de Galicia aprobou hoxe a proposici\u00f3n non de lei do Grupo Popular, co voto en contra dos deputados do PSdeG e a abstenci\u00f3n do BNG, a trav\u00e9s da que se solicita ao Goberno de Espa\u00f1a que reforce e intensifique, de maneira urxente, con medios humanos e materias suficientes, os postos da Garda Civil nas comarcas da Limia e da Baixa Limia, a fin de que garanta a s\u00faa operatividade as 24 horas do d\u00eda ante a alarma social que provoca a repunta delituosa.","breadcrumb":{"@id":"https:\/\/ppdegalicia.com\/es\/o-parlamento-de-galicia-solicita-ao-goberno-central-que-reforce-e-intensifique-os-postos-da-garda-civil-na-limia-e-a-baixa-limia\/#breadcrumb"},"inLanguage":"es","potentialAction":[{"@type":"ReadAction","target":["https:\/\/ppdegalicia.com\/es\/o-parlamento-de-galicia-solicita-ao-goberno-central-que-reforce-e-intensifique-os-postos-da-garda-civil-na-limia-e-a-baixa-limia\/"]}]},{"@type":"ImageObject","inLanguage":"es","@id":"https:\/\/ppdegalicia.com\/es\/o-parlamento-de-galicia-solicita-ao-goberno-central-que-reforce-e-intensifique-os-postos-da-garda-civil-na-limia-e-a-baixa-limia\/#primaryimage","url":"https:\/\/ppdegalicia.com\/wp-content\/uploads\/2025\/12\/20251210_sin-titulo_DSCF1881-2-scaled.jpg","contentUrl":"https:\/\/ppdegalicia.com\/wp-content\/uploads\/2025\/12\/20251210_sin-titulo_DSCF1881-2-scaled.jpg","width":2560,"height":1707},{"@type":"BreadcrumbList","@id":"https:\/\/ppdegalicia.com\/es\/o-parlamento-de-galicia-solicita-ao-goberno-central-que-reforce-e-intensifique-os-postos-da-garda-civil-na-limia-e-a-baixa-limia\/#breadcrumb","itemListElement":[{"@type":"ListItem","position":1,"name":"Portada","item":"https:\/\/ppdegalicia.com\/es\/"},{"@type":"ListItem","position":2,"name":"O Parlamento de Galicia solicita ao Goberno central que reforce e intensifique os postos da Garda Civil na Limia e a Baixa Limia"}]},{"@type":"WebSite","@id":"https:\/\/ppdegalicia.com\/es\/#website","url":"https:\/\/ppdegalicia.com\/es\/","name":"Partido Popular de Galicia","description":"Partido Popular de Galicia","publisher":{"@id":"https:\/\/ppdegalicia.com\/es\/#organization"},"alternateName":"PP de Galicia","potentialAction":[{"@type":"SearchAction","target":{"@type":"EntryPoint","urlTemplate":"https:\/\/ppdegalicia.com\/es\/?s={search_term_string}"},"query-input":{"@type":"PropertyValueSpecification","valueRequired":true,"valueName":"search_term_string"}}],"inLanguage":"es"},{"@type":"Organization","@id":"https:\/\/ppdegalicia.com\/es\/#organization","name":"Partido Popular de Galicia","alternateName":"PP de Galicia","url":"https:\/\/ppdegalicia.com\/es\/","logo":{"@type":"ImageObject","inLanguage":"es","@id":"https:\/\/ppdegalicia.com\/es\/#\/schema\/logo\/image\/","url":"https:\/\/ppdegalicia.com\/wp-content\/uploads\/2023\/04\/logoPP512.png","contentUrl":"https:\/\/ppdegalicia.com\/wp-content\/uploads\/2023\/04\/logoPP512.png","width":512,"height":512,"caption":"Partido Popular de Galicia"},"image":{"@id":"https:\/\/ppdegalicia.com\/es\/#\/schema\/logo\/image\/"},"sameAs":["https:\/\/www.instagram.com\/ppdegalicia\/","https:\/\/x.com\/ppdegalicia","https:\/\/www.tiktok.com\/@ppdegalicia","https:\/\/www.youtube.com\/user\/ppdegalicia"]},{"@type":"Person","@id":"https:\/\/ppdegalicia.com\/es\/#\/schema\/person\/5b822c6f59e872ebdd1142f307dbcb59","name":"ppdegaliciaredes","image":{"@type":"ImageObject","inLanguage":"es","@id":"https:\/\/secure.gravatar.com\/avatar\/3c9179cf0256d00c72a48d1f25783c58b6842cd56e85ef3a572881c8e28ccd59?s=96&d=mm&r=g","url":"https:\/\/secure.gravatar.com\/avatar\/3c9179cf0256d00c72a48d1f25783c58b6842cd56e85ef3a572881c8e28ccd59?s=96&d=mm&r=g","contentUrl":"https:\/\/secure.gravatar.com\/avatar\/3c9179cf0256d00c72a48d1f25783c58b6842cd56e85ef3a572881c8e28ccd59?s=96&d=mm&r=g","caption":"ppdegaliciaredes"},"url":"https:\/\/ppdegalicia.com\/es\/author\/ppdegaliciaredes\/"}]}},"_links":{"self":[{"href":"https:\/\/ppdegalicia.com\/es\/wp-json\/wp\/v2\/posts\/69441","targetHints":{"allow":["GET"]}}],"collection":[{"href":"https:\/\/ppdegalicia.com\/es\/wp-json\/wp\/v2\/posts"}],"about":[{"href":"https:\/\/ppdegalicia.com\/es\/wp-json\/wp\/v2\/types\/post"}],"author":[{"embeddable":true,"href":"https:\/\/ppdegalicia.com\/es\/wp-json\/wp\/v2\/users\/38"}],"replies":[{"embeddable":true,"href":"https:\/\/ppdegalicia.com\/es\/wp-json\/wp\/v2\/comments?post=69441"}],"version-history":[{"count":1,"href":"https:\/\/ppdegalicia.com\/es\/wp-json\/wp\/v2\/posts\/69441\/revisions"}],"predecessor-version":[{"id":69444,"href":"https:\/\/ppdegalicia.com\/es\/wp-json\/wp\/v2\/posts\/69441\/revisions\/69444"}],"wp:featuredmedia":[{"embeddable":true,"href":"https:\/\/ppdegalicia.com\/es\/wp-json\/wp\/v2\/media\/69445"}],"wp:attachment":[{"href":"https:\/\/ppdegalicia.com\/es\/wp-json\/wp\/v2\/media?parent=69441"}],"wp:term":[{"taxonomy":"category","embeddable":true,"href":"https:\/\/ppdegalicia.com\/es\/wp-json\/wp\/v2\/categories?post=69441"},{"taxonomy":"post_tag","embeddable":true,"href":"https:\/\/ppdegalicia.com\/es\/wp-json\/wp\/v2\/tags?post=69441"}],"curies":[{"name":"wp","href":"https:\/\/api.w.org\/{rel}","templated":true}]}}