{"id":69447,"date":"2025-12-10T21:11:30","date_gmt":"2025-12-10T20:11:30","guid":{"rendered":"https:\/\/ppdegalicia.com\/?p=69447"},"modified":"2025-12-11T11:13:12","modified_gmt":"2025-12-11T10:13:12","slug":"o-ppdeg-amosa-o-seu-respaldo-ao-proxecto-de-futuro-construido-polo-pp-da-estrada-a-base-de-traballo-lealdade-e-profesionalidade","status":"publish","type":"post","link":"https:\/\/ppdegalicia.com\/es\/o-ppdeg-amosa-o-seu-respaldo-ao-proxecto-de-futuro-construido-polo-pp-da-estrada-a-base-de-traballo-lealdade-e-profesionalidade\/","title":{"rendered":"O PPdeG amosa o seu respaldo ao \u201cproxecto de futuro\u201d constru\u00eddo polo PP da Estrada \u201ca base de traballo, lealdade e profesionalidade\u201d"},"content":{"rendered":"<p style=\"font-weight: 400;\">O Partido Popular de Galicia amosou hoxe o seu respaldo ao \u201cproxecto de futuro\u201d que o PP da Estrada constru\u00edu ao longo dos \u00faltimos anos e que agora, baixo o liderado de Gonzalo Louzao, se ten consolidado \u201ca base de traballo, lealdade e profesionalidade\u201d.<\/p>\n<p style=\"font-weight: 400;\">Nesta li\u00f1a, a secretaria xeral dos populares galegos, Paula Prado, que participou no pincho de Nadal organizado polo partido local; quixo destacar que Louzao, ademais da s\u00faa xuventude, re\u00fane \u201ca ilusi\u00f3n, a xesti\u00f3n e a proximidade\u201d que se requiren dun bo alcalde e que neste tempo demostrou que \u201c\u00e9 quen de gobernar para todos, escoitar a cada parroquia e facer da pol\u00edtica unha ferramenta \u00fatil\u201d.<\/p>\n<p style=\"font-weight: 400;\">De a\u00ed que se amosase convencida de que, con este traballo, o partido seguir\u00e1 sumando maior\u00edas absolutas e sendo o m\u00e1is votado na Estrada. Porque, segundo explicou, estas maior\u00edas son \u201co que fai posible a estabilidade que permite garantir ao 100% o benestar dos veci\u00f1os e veci\u00f1as\u201d.<\/p>\n<p style=\"font-weight: 400;\">Na xuntanza tam\u00e9n participou o predecesor de Louzao tanto na alcald\u00eda como \u00e1 fronte do PP local, Jos\u00e9 L\u00f3pez Campos.<\/p>\n","protected":false},"excerpt":{"rendered":"<p>O Partido Popular de Galicia amosou hoxe o seu respaldo ao \u201cproxecto de futuro\u201d que o PP da Estrada constru\u00edu ao longo dos \u00faltimos anos e que agora, baixo o liderado de Gonzalo Louzao, se ten consolidado \u201ca base de traballo, lealdade e profesionalidade\u201d. Nesta li\u00f1a, a secretaria xeral dos populares galegos, Paula Prado, que [&hellip;]<\/p>\n","protected":false},"author":38,"featured_media":69448,"comment_status":"closed","ping_status":"open","sticky":false,"template":"","format":"standard","meta":{"_acf_changed":false,"footnotes":""},"categories":[1],"tags":[],"class_list":["post-69447","post","type-post","status-publish","format-standard","has-post-thumbnail","hentry","category-pp-de-galicia"],"acf":[],"yoast_head":"<!-- This site is optimized with the Yoast SEO plugin v27.3 - https:\/\/yoast.com\/product\/yoast-seo-wordpress\/ -->\n<title>O PPdeG amosa o seu respaldo ao \u201cproxecto de futuro\u201d constru\u00eddo polo PP da Estrada \u201ca base de traballo, lealdade e profesionalidade\u201d - PP de Galicia<\/title>\n<meta name=\"description\" content=\"O Partido Popular de Galicia amosou hoxe o seu respaldo ao \u201cproxecto de futuro\u201d que o PP da Estrada constru\u00edu ao longo dos \u00faltimos anos e que agora, baixo o liderado de Gonzalo Louzao, se ten consolidado \u201ca base de traballo, lealdade e profesionalidade\u201d.\" \/>\n<meta name=\"robots\" content=\"index, follow, max-snippet:-1, max-image-preview:large, max-video-preview:-1\" \/>\n<link rel=\"canonical\" href=\"https:\/\/ppdegalicia.com\/es\/o-ppdeg-amosa-o-seu-respaldo-ao-proxecto-de-futuro-construido-polo-pp-da-estrada-a-base-de-traballo-lealdade-e-profesionalidade\/\" \/>\n<meta property=\"og:locale\" content=\"es_ES\" \/>\n<meta property=\"og:type\" content=\"article\" \/>\n<meta property=\"og:title\" content=\"O PPdeG amosa o seu respaldo ao \u201cproxecto de futuro\u201d constru\u00eddo polo PP da Estrada \u201ca base de traballo, lealdade e profesionalidade\u201d - PP de Galicia\" \/>\n<meta property=\"og:description\" content=\"O Partido Popular de Galicia amosou hoxe o seu respaldo ao \u201cproxecto de futuro\u201d que o PP da Estrada constru\u00edu ao longo dos \u00faltimos anos e que agora, baixo o liderado de Gonzalo Louzao, se ten consolidado \u201ca base de traballo, lealdade e profesionalidade\u201d.\" \/>\n<meta property=\"og:url\" content=\"https:\/\/ppdegalicia.com\/es\/o-ppdeg-amosa-o-seu-respaldo-ao-proxecto-de-futuro-construido-polo-pp-da-estrada-a-base-de-traballo-lealdade-e-profesionalidade\/\" \/>\n<meta property=\"og:site_name\" content=\"PP de Galicia\" \/>\n<meta property=\"article:publisher\" content=\"https:\/\/www.instagram.com\/ppdegalicia\/\" \/>\n<meta property=\"article:published_time\" content=\"2025-12-10T20:11:30+00:00\" \/>\n<meta property=\"article:modified_time\" content=\"2025-12-11T10:13:12+00:00\" \/>\n<meta property=\"og:image\" content=\"https:\/\/ppdegalicia.com\/wp-content\/uploads\/2025\/12\/20251210_AEstrada_CeaNadal_1.jpg\" \/>\n\t<meta property=\"og:image:width\" content=\"1600\" \/>\n\t<meta property=\"og:image:height\" content=\"1012\" \/>\n\t<meta property=\"og:image:type\" content=\"image\/jpeg\" \/>\n<meta name=\"author\" content=\"ppdegaliciaredes\" \/>\n<meta name=\"twitter:card\" content=\"summary_large_image\" \/>\n<meta name=\"twitter:creator\" content=\"@ppdegalicia\" \/>\n<meta name=\"twitter:site\" content=\"@ppdegalicia\" \/>\n<meta name=\"twitter:label1\" content=\"Escrito por\" \/>\n\t<meta name=\"twitter:data1\" content=\"ppdegaliciaredes\" \/>\n\t<meta name=\"twitter:label2\" content=\"Tiempo de lectura\" \/>\n\t<meta name=\"twitter:data2\" content=\"2 minutos\" \/>\n<script type=\"application\/ld+json\" class=\"yoast-schema-graph\">{\"@context\":\"https:\\\/\\\/schema.org\",\"@graph\":[{\"@type\":\"Article\",\"@id\":\"https:\\\/\\\/ppdegalicia.com\\\/es\\\/o-ppdeg-amosa-o-seu-respaldo-ao-proxecto-de-futuro-construido-polo-pp-da-estrada-a-base-de-traballo-lealdade-e-profesionalidade\\\/#article\",\"isPartOf\":{\"@id\":\"https:\\\/\\\/ppdegalicia.com\\\/es\\\/o-ppdeg-amosa-o-seu-respaldo-ao-proxecto-de-futuro-construido-polo-pp-da-estrada-a-base-de-traballo-lealdade-e-profesionalidade\\\/\"},\"author\":{\"name\":\"ppdegaliciaredes\",\"@id\":\"https:\\\/\\\/ppdegalicia.com\\\/es\\\/#\\\/schema\\\/person\\\/5b822c6f59e872ebdd1142f307dbcb59\"},\"headline\":\"O PPdeG amosa o seu respaldo ao \u201cproxecto de futuro\u201d constru\u00eddo polo PP da Estrada \u201ca base de traballo, lealdade e profesionalidade\u201d\",\"datePublished\":\"2025-12-10T20:11:30+00:00\",\"dateModified\":\"2025-12-11T10:13:12+00:00\",\"mainEntityOfPage\":{\"@id\":\"https:\\\/\\\/ppdegalicia.com\\\/es\\\/o-ppdeg-amosa-o-seu-respaldo-ao-proxecto-de-futuro-construido-polo-pp-da-estrada-a-base-de-traballo-lealdade-e-profesionalidade\\\/\"},\"wordCount\":211,\"publisher\":{\"@id\":\"https:\\\/\\\/ppdegalicia.com\\\/es\\\/#organization\"},\"image\":{\"@id\":\"https:\\\/\\\/ppdegalicia.com\\\/es\\\/o-ppdeg-amosa-o-seu-respaldo-ao-proxecto-de-futuro-construido-polo-pp-da-estrada-a-base-de-traballo-lealdade-e-profesionalidade\\\/#primaryimage\"},\"thumbnailUrl\":\"https:\\\/\\\/ppdegalicia.com\\\/wp-content\\\/uploads\\\/2025\\\/12\\\/20251210_AEstrada_CeaNadal_1.jpg\",\"articleSection\":[\"PP de Galicia\"],\"inLanguage\":\"es\"},{\"@type\":\"WebPage\",\"@id\":\"https:\\\/\\\/ppdegalicia.com\\\/es\\\/o-ppdeg-amosa-o-seu-respaldo-ao-proxecto-de-futuro-construido-polo-pp-da-estrada-a-base-de-traballo-lealdade-e-profesionalidade\\\/\",\"url\":\"https:\\\/\\\/ppdegalicia.com\\\/es\\\/o-ppdeg-amosa-o-seu-respaldo-ao-proxecto-de-futuro-construido-polo-pp-da-estrada-a-base-de-traballo-lealdade-e-profesionalidade\\\/\",\"name\":\"O PPdeG amosa o seu respaldo ao \u201cproxecto de futuro\u201d constru\u00eddo polo PP da Estrada \u201ca base de traballo, lealdade e profesionalidade\u201d - PP de Galicia\",\"isPartOf\":{\"@id\":\"https:\\\/\\\/ppdegalicia.com\\\/es\\\/#website\"},\"primaryImageOfPage\":{\"@id\":\"https:\\\/\\\/ppdegalicia.com\\\/es\\\/o-ppdeg-amosa-o-seu-respaldo-ao-proxecto-de-futuro-construido-polo-pp-da-estrada-a-base-de-traballo-lealdade-e-profesionalidade\\\/#primaryimage\"},\"image\":{\"@id\":\"https:\\\/\\\/ppdegalicia.com\\\/es\\\/o-ppdeg-amosa-o-seu-respaldo-ao-proxecto-de-futuro-construido-polo-pp-da-estrada-a-base-de-traballo-lealdade-e-profesionalidade\\\/#primaryimage\"},\"thumbnailUrl\":\"https:\\\/\\\/ppdegalicia.com\\\/wp-content\\\/uploads\\\/2025\\\/12\\\/20251210_AEstrada_CeaNadal_1.jpg\",\"datePublished\":\"2025-12-10T20:11:30+00:00\",\"dateModified\":\"2025-12-11T10:13:12+00:00\",\"description\":\"O Partido Popular de Galicia amosou hoxe o seu respaldo ao \u201cproxecto de futuro\u201d que o PP da Estrada constru\u00edu ao longo dos \u00faltimos anos e que agora, baixo o liderado de Gonzalo Louzao, se ten consolidado \u201ca base de traballo, lealdade e profesionalidade\u201d.\",\"breadcrumb\":{\"@id\":\"https:\\\/\\\/ppdegalicia.com\\\/es\\\/o-ppdeg-amosa-o-seu-respaldo-ao-proxecto-de-futuro-construido-polo-pp-da-estrada-a-base-de-traballo-lealdade-e-profesionalidade\\\/#breadcrumb\"},\"inLanguage\":\"es\",\"potentialAction\":[{\"@type\":\"ReadAction\",\"target\":[\"https:\\\/\\\/ppdegalicia.com\\\/es\\\/o-ppdeg-amosa-o-seu-respaldo-ao-proxecto-de-futuro-construido-polo-pp-da-estrada-a-base-de-traballo-lealdade-e-profesionalidade\\\/\"]}]},{\"@type\":\"ImageObject\",\"inLanguage\":\"es\",\"@id\":\"https:\\\/\\\/ppdegalicia.com\\\/es\\\/o-ppdeg-amosa-o-seu-respaldo-ao-proxecto-de-futuro-construido-polo-pp-da-estrada-a-base-de-traballo-lealdade-e-profesionalidade\\\/#primaryimage\",\"url\":\"https:\\\/\\\/ppdegalicia.com\\\/wp-content\\\/uploads\\\/2025\\\/12\\\/20251210_AEstrada_CeaNadal_1.jpg\",\"contentUrl\":\"https:\\\/\\\/ppdegalicia.com\\\/wp-content\\\/uploads\\\/2025\\\/12\\\/20251210_AEstrada_CeaNadal_1.jpg\",\"width\":1600,\"height\":1012},{\"@type\":\"BreadcrumbList\",\"@id\":\"https:\\\/\\\/ppdegalicia.com\\\/es\\\/o-ppdeg-amosa-o-seu-respaldo-ao-proxecto-de-futuro-construido-polo-pp-da-estrada-a-base-de-traballo-lealdade-e-profesionalidade\\\/#breadcrumb\",\"itemListElement\":[{\"@type\":\"ListItem\",\"position\":1,\"name\":\"Portada\",\"item\":\"https:\\\/\\\/ppdegalicia.com\\\/es\\\/\"},{\"@type\":\"ListItem\",\"position\":2,\"name\":\"O PPdeG amosa o seu respaldo ao \u201cproxecto de futuro\u201d constru\u00eddo polo PP da Estrada \u201ca base de traballo, lealdade e profesionalidade\u201d\"}]},{\"@type\":\"WebSite\",\"@id\":\"https:\\\/\\\/ppdegalicia.com\\\/es\\\/#website\",\"url\":\"https:\\\/\\\/ppdegalicia.com\\\/es\\\/\",\"name\":\"Partido Popular de Galicia\",\"description\":\"Partido Popular de Galicia\",\"publisher\":{\"@id\":\"https:\\\/\\\/ppdegalicia.com\\\/es\\\/#organization\"},\"alternateName\":\"PP de Galicia\",\"potentialAction\":[{\"@type\":\"SearchAction\",\"target\":{\"@type\":\"EntryPoint\",\"urlTemplate\":\"https:\\\/\\\/ppdegalicia.com\\\/es\\\/?s={search_term_string}\"},\"query-input\":{\"@type\":\"PropertyValueSpecification\",\"valueRequired\":true,\"valueName\":\"search_term_string\"}}],\"inLanguage\":\"es\"},{\"@type\":\"Organization\",\"@id\":\"https:\\\/\\\/ppdegalicia.com\\\/es\\\/#organization\",\"name\":\"Partido Popular de Galicia\",\"alternateName\":\"PP de Galicia\",\"url\":\"https:\\\/\\\/ppdegalicia.com\\\/es\\\/\",\"logo\":{\"@type\":\"ImageObject\",\"inLanguage\":\"es\",\"@id\":\"https:\\\/\\\/ppdegalicia.com\\\/es\\\/#\\\/schema\\\/logo\\\/image\\\/\",\"url\":\"https:\\\/\\\/ppdegalicia.com\\\/wp-content\\\/uploads\\\/2023\\\/04\\\/logoPP512.png\",\"contentUrl\":\"https:\\\/\\\/ppdegalicia.com\\\/wp-content\\\/uploads\\\/2023\\\/04\\\/logoPP512.png\",\"width\":512,\"height\":512,\"caption\":\"Partido Popular de Galicia\"},\"image\":{\"@id\":\"https:\\\/\\\/ppdegalicia.com\\\/es\\\/#\\\/schema\\\/logo\\\/image\\\/\"},\"sameAs\":[\"https:\\\/\\\/www.instagram.com\\\/ppdegalicia\\\/\",\"https:\\\/\\\/x.com\\\/ppdegalicia\",\"https:\\\/\\\/www.tiktok.com\\\/@ppdegalicia\",\"https:\\\/\\\/www.youtube.com\\\/user\\\/ppdegalicia\"]},{\"@type\":\"Person\",\"@id\":\"https:\\\/\\\/ppdegalicia.com\\\/es\\\/#\\\/schema\\\/person\\\/5b822c6f59e872ebdd1142f307dbcb59\",\"name\":\"ppdegaliciaredes\",\"image\":{\"@type\":\"ImageObject\",\"inLanguage\":\"es\",\"@id\":\"https:\\\/\\\/secure.gravatar.com\\\/avatar\\\/3c9179cf0256d00c72a48d1f25783c58b6842cd56e85ef3a572881c8e28ccd59?s=96&d=mm&r=g\",\"url\":\"https:\\\/\\\/secure.gravatar.com\\\/avatar\\\/3c9179cf0256d00c72a48d1f25783c58b6842cd56e85ef3a572881c8e28ccd59?s=96&d=mm&r=g\",\"contentUrl\":\"https:\\\/\\\/secure.gravatar.com\\\/avatar\\\/3c9179cf0256d00c72a48d1f25783c58b6842cd56e85ef3a572881c8e28ccd59?s=96&d=mm&r=g\",\"caption\":\"ppdegaliciaredes\"},\"url\":\"https:\\\/\\\/ppdegalicia.com\\\/es\\\/author\\\/ppdegaliciaredes\\\/\"}]}<\/script>\n<!-- \/ Yoast SEO plugin. -->","yoast_head_json":{"title":"O PPdeG amosa o seu respaldo ao \u201cproxecto de futuro\u201d constru\u00eddo polo PP da Estrada \u201ca base de traballo, lealdade e profesionalidade\u201d - PP de Galicia","description":"O Partido Popular de Galicia amosou hoxe o seu respaldo ao \u201cproxecto de futuro\u201d que o PP da Estrada constru\u00edu ao longo dos \u00faltimos anos e que agora, baixo o liderado de Gonzalo Louzao, se ten consolidado \u201ca base de traballo, lealdade e profesionalidade\u201d.","robots":{"index":"index","follow":"follow","max-snippet":"max-snippet:-1","max-image-preview":"max-image-preview:large","max-video-preview":"max-video-preview:-1"},"canonical":"https:\/\/ppdegalicia.com\/es\/o-ppdeg-amosa-o-seu-respaldo-ao-proxecto-de-futuro-construido-polo-pp-da-estrada-a-base-de-traballo-lealdade-e-profesionalidade\/","og_locale":"es_ES","og_type":"article","og_title":"O PPdeG amosa o seu respaldo ao \u201cproxecto de futuro\u201d constru\u00eddo polo PP da Estrada \u201ca base de traballo, lealdade e profesionalidade\u201d - PP de Galicia","og_description":"O Partido Popular de Galicia amosou hoxe o seu respaldo ao \u201cproxecto de futuro\u201d que o PP da Estrada constru\u00edu ao longo dos \u00faltimos anos e que agora, baixo o liderado de Gonzalo Louzao, se ten consolidado \u201ca base de traballo, lealdade e profesionalidade\u201d.","og_url":"https:\/\/ppdegalicia.com\/es\/o-ppdeg-amosa-o-seu-respaldo-ao-proxecto-de-futuro-construido-polo-pp-da-estrada-a-base-de-traballo-lealdade-e-profesionalidade\/","og_site_name":"PP de Galicia","article_publisher":"https:\/\/www.instagram.com\/ppdegalicia\/","article_published_time":"2025-12-10T20:11:30+00:00","article_modified_time":"2025-12-11T10:13:12+00:00","og_image":[{"width":1600,"height":1012,"url":"https:\/\/ppdegalicia.com\/wp-content\/uploads\/2025\/12\/20251210_AEstrada_CeaNadal_1.jpg","type":"image\/jpeg"}],"author":"ppdegaliciaredes","twitter_card":"summary_large_image","twitter_creator":"@ppdegalicia","twitter_site":"@ppdegalicia","twitter_misc":{"Escrito por":"ppdegaliciaredes","Tiempo de lectura":"2 minutos"},"schema":{"@context":"https:\/\/schema.org","@graph":[{"@type":"Article","@id":"https:\/\/ppdegalicia.com\/es\/o-ppdeg-amosa-o-seu-respaldo-ao-proxecto-de-futuro-construido-polo-pp-da-estrada-a-base-de-traballo-lealdade-e-profesionalidade\/#article","isPartOf":{"@id":"https:\/\/ppdegalicia.com\/es\/o-ppdeg-amosa-o-seu-respaldo-ao-proxecto-de-futuro-construido-polo-pp-da-estrada-a-base-de-traballo-lealdade-e-profesionalidade\/"},"author":{"name":"ppdegaliciaredes","@id":"https:\/\/ppdegalicia.com\/es\/#\/schema\/person\/5b822c6f59e872ebdd1142f307dbcb59"},"headline":"O PPdeG amosa o seu respaldo ao \u201cproxecto de futuro\u201d constru\u00eddo polo PP da Estrada \u201ca base de traballo, lealdade e profesionalidade\u201d","datePublished":"2025-12-10T20:11:30+00:00","dateModified":"2025-12-11T10:13:12+00:00","mainEntityOfPage":{"@id":"https:\/\/ppdegalicia.com\/es\/o-ppdeg-amosa-o-seu-respaldo-ao-proxecto-de-futuro-construido-polo-pp-da-estrada-a-base-de-traballo-lealdade-e-profesionalidade\/"},"wordCount":211,"publisher":{"@id":"https:\/\/ppdegalicia.com\/es\/#organization"},"image":{"@id":"https:\/\/ppdegalicia.com\/es\/o-ppdeg-amosa-o-seu-respaldo-ao-proxecto-de-futuro-construido-polo-pp-da-estrada-a-base-de-traballo-lealdade-e-profesionalidade\/#primaryimage"},"thumbnailUrl":"https:\/\/ppdegalicia.com\/wp-content\/uploads\/2025\/12\/20251210_AEstrada_CeaNadal_1.jpg","articleSection":["PP de Galicia"],"inLanguage":"es"},{"@type":"WebPage","@id":"https:\/\/ppdegalicia.com\/es\/o-ppdeg-amosa-o-seu-respaldo-ao-proxecto-de-futuro-construido-polo-pp-da-estrada-a-base-de-traballo-lealdade-e-profesionalidade\/","url":"https:\/\/ppdegalicia.com\/es\/o-ppdeg-amosa-o-seu-respaldo-ao-proxecto-de-futuro-construido-polo-pp-da-estrada-a-base-de-traballo-lealdade-e-profesionalidade\/","name":"O PPdeG amosa o seu respaldo ao \u201cproxecto de futuro\u201d constru\u00eddo polo PP da Estrada \u201ca base de traballo, lealdade e profesionalidade\u201d - PP de Galicia","isPartOf":{"@id":"https:\/\/ppdegalicia.com\/es\/#website"},"primaryImageOfPage":{"@id":"https:\/\/ppdegalicia.com\/es\/o-ppdeg-amosa-o-seu-respaldo-ao-proxecto-de-futuro-construido-polo-pp-da-estrada-a-base-de-traballo-lealdade-e-profesionalidade\/#primaryimage"},"image":{"@id":"https:\/\/ppdegalicia.com\/es\/o-ppdeg-amosa-o-seu-respaldo-ao-proxecto-de-futuro-construido-polo-pp-da-estrada-a-base-de-traballo-lealdade-e-profesionalidade\/#primaryimage"},"thumbnailUrl":"https:\/\/ppdegalicia.com\/wp-content\/uploads\/2025\/12\/20251210_AEstrada_CeaNadal_1.jpg","datePublished":"2025-12-10T20:11:30+00:00","dateModified":"2025-12-11T10:13:12+00:00","description":"O Partido Popular de Galicia amosou hoxe o seu respaldo ao \u201cproxecto de futuro\u201d que o PP da Estrada constru\u00edu ao longo dos \u00faltimos anos e que agora, baixo o liderado de Gonzalo Louzao, se ten consolidado \u201ca base de traballo, lealdade e profesionalidade\u201d.","breadcrumb":{"@id":"https:\/\/ppdegalicia.com\/es\/o-ppdeg-amosa-o-seu-respaldo-ao-proxecto-de-futuro-construido-polo-pp-da-estrada-a-base-de-traballo-lealdade-e-profesionalidade\/#breadcrumb"},"inLanguage":"es","potentialAction":[{"@type":"ReadAction","target":["https:\/\/ppdegalicia.com\/es\/o-ppdeg-amosa-o-seu-respaldo-ao-proxecto-de-futuro-construido-polo-pp-da-estrada-a-base-de-traballo-lealdade-e-profesionalidade\/"]}]},{"@type":"ImageObject","inLanguage":"es","@id":"https:\/\/ppdegalicia.com\/es\/o-ppdeg-amosa-o-seu-respaldo-ao-proxecto-de-futuro-construido-polo-pp-da-estrada-a-base-de-traballo-lealdade-e-profesionalidade\/#primaryimage","url":"https:\/\/ppdegalicia.com\/wp-content\/uploads\/2025\/12\/20251210_AEstrada_CeaNadal_1.jpg","contentUrl":"https:\/\/ppdegalicia.com\/wp-content\/uploads\/2025\/12\/20251210_AEstrada_CeaNadal_1.jpg","width":1600,"height":1012},{"@type":"BreadcrumbList","@id":"https:\/\/ppdegalicia.com\/es\/o-ppdeg-amosa-o-seu-respaldo-ao-proxecto-de-futuro-construido-polo-pp-da-estrada-a-base-de-traballo-lealdade-e-profesionalidade\/#breadcrumb","itemListElement":[{"@type":"ListItem","position":1,"name":"Portada","item":"https:\/\/ppdegalicia.com\/es\/"},{"@type":"ListItem","position":2,"name":"O PPdeG amosa o seu respaldo ao \u201cproxecto de futuro\u201d constru\u00eddo polo PP da Estrada \u201ca base de traballo, lealdade e profesionalidade\u201d"}]},{"@type":"WebSite","@id":"https:\/\/ppdegalicia.com\/es\/#website","url":"https:\/\/ppdegalicia.com\/es\/","name":"Partido Popular de Galicia","description":"Partido Popular de Galicia","publisher":{"@id":"https:\/\/ppdegalicia.com\/es\/#organization"},"alternateName":"PP de Galicia","potentialAction":[{"@type":"SearchAction","target":{"@type":"EntryPoint","urlTemplate":"https:\/\/ppdegalicia.com\/es\/?s={search_term_string}"},"query-input":{"@type":"PropertyValueSpecification","valueRequired":true,"valueName":"search_term_string"}}],"inLanguage":"es"},{"@type":"Organization","@id":"https:\/\/ppdegalicia.com\/es\/#organization","name":"Partido Popular de Galicia","alternateName":"PP de Galicia","url":"https:\/\/ppdegalicia.com\/es\/","logo":{"@type":"ImageObject","inLanguage":"es","@id":"https:\/\/ppdegalicia.com\/es\/#\/schema\/logo\/image\/","url":"https:\/\/ppdegalicia.com\/wp-content\/uploads\/2023\/04\/logoPP512.png","contentUrl":"https:\/\/ppdegalicia.com\/wp-content\/uploads\/2023\/04\/logoPP512.png","width":512,"height":512,"caption":"Partido Popular de Galicia"},"image":{"@id":"https:\/\/ppdegalicia.com\/es\/#\/schema\/logo\/image\/"},"sameAs":["https:\/\/www.instagram.com\/ppdegalicia\/","https:\/\/x.com\/ppdegalicia","https:\/\/www.tiktok.com\/@ppdegalicia","https:\/\/www.youtube.com\/user\/ppdegalicia"]},{"@type":"Person","@id":"https:\/\/ppdegalicia.com\/es\/#\/schema\/person\/5b822c6f59e872ebdd1142f307dbcb59","name":"ppdegaliciaredes","image":{"@type":"ImageObject","inLanguage":"es","@id":"https:\/\/secure.gravatar.com\/avatar\/3c9179cf0256d00c72a48d1f25783c58b6842cd56e85ef3a572881c8e28ccd59?s=96&d=mm&r=g","url":"https:\/\/secure.gravatar.com\/avatar\/3c9179cf0256d00c72a48d1f25783c58b6842cd56e85ef3a572881c8e28ccd59?s=96&d=mm&r=g","contentUrl":"https:\/\/secure.gravatar.com\/avatar\/3c9179cf0256d00c72a48d1f25783c58b6842cd56e85ef3a572881c8e28ccd59?s=96&d=mm&r=g","caption":"ppdegaliciaredes"},"url":"https:\/\/ppdegalicia.com\/es\/author\/ppdegaliciaredes\/"}]}},"_links":{"self":[{"href":"https:\/\/ppdegalicia.com\/es\/wp-json\/wp\/v2\/posts\/69447","targetHints":{"allow":["GET"]}}],"collection":[{"href":"https:\/\/ppdegalicia.com\/es\/wp-json\/wp\/v2\/posts"}],"about":[{"href":"https:\/\/ppdegalicia.com\/es\/wp-json\/wp\/v2\/types\/post"}],"author":[{"embeddable":true,"href":"https:\/\/ppdegalicia.com\/es\/wp-json\/wp\/v2\/users\/38"}],"replies":[{"embeddable":true,"href":"https:\/\/ppdegalicia.com\/es\/wp-json\/wp\/v2\/comments?post=69447"}],"version-history":[{"count":1,"href":"https:\/\/ppdegalicia.com\/es\/wp-json\/wp\/v2\/posts\/69447\/revisions"}],"predecessor-version":[{"id":69450,"href":"https:\/\/ppdegalicia.com\/es\/wp-json\/wp\/v2\/posts\/69447\/revisions\/69450"}],"wp:featuredmedia":[{"embeddable":true,"href":"https:\/\/ppdegalicia.com\/es\/wp-json\/wp\/v2\/media\/69448"}],"wp:attachment":[{"href":"https:\/\/ppdegalicia.com\/es\/wp-json\/wp\/v2\/media?parent=69447"}],"wp:term":[{"taxonomy":"category","embeddable":true,"href":"https:\/\/ppdegalicia.com\/es\/wp-json\/wp\/v2\/categories?post=69447"},{"taxonomy":"post_tag","embeddable":true,"href":"https:\/\/ppdegalicia.com\/es\/wp-json\/wp\/v2\/tags?post=69447"}],"curies":[{"name":"wp","href":"https:\/\/api.w.org\/{rel}","templated":true}]}}