{"id":69473,"date":"2025-12-13T20:11:28","date_gmt":"2025-12-13T19:11:28","guid":{"rendered":"https:\/\/ppdegalicia.com\/?p=69473"},"modified":"2025-12-13T20:12:41","modified_gmt":"2025-12-13T19:12:41","slug":"o-ppdeg-salienta-que-a-xunta-incrementara-ata-os-10-millons-de-euros-o-orzamento-do-plan-saborea-calidade-diferenciada-de-galicia","status":"publish","type":"post","link":"https:\/\/ppdegalicia.com\/es\/o-ppdeg-salienta-que-a-xunta-incrementara-ata-os-10-millons-de-euros-o-orzamento-do-plan-saborea-calidade-diferenciada-de-galicia\/","title":{"rendered":"O PPdeG salienta que a Xunta incrementar\u00e1 ata os 10 mill\u00f3ns de euros o orzamento do Plan Saborea Calidade Diferenciada de Galicia"},"content":{"rendered":"<p>As deputadas do Grupo Popular Encarna Amigo e Katy Varela salientaron hoxe que a Xunta incrementar\u00e1 o vindeiro ano ata os 10 mill\u00f3ns de euros o orzamento destinado ao Plan Saborea Calidade Diferenciada de Galicia, a trav\u00e9s do que se continuar\u00e1 impulsando a promoci\u00f3n, a diferenciaci\u00f3n e o prestixio dos produtos galegos.<\/p>\n<p>Nun encontro coa responsable da queixer\u00eda da Gander\u00eda Quinti\u00e1n na localidade do P\u00e1ramo en Lugo, as deputadas popular amosaron o reco\u00f1ecemento e agradecemento a todas as produtoras e produtores de queixo e mel de Galicia, porque \u201cdemostran d\u00eda tras d\u00eda que no rural hai futuro, hai vida e hai proxectos que funcionan\u201d.<\/p>\n<p><strong>COMPROMISO COA TERRA<\/strong><\/p>\n<p>\u201cEstes produtores representan o compromiso coa terra, profesionais que creen no que fan e produtos elaborados cunha calidade extraordinaria\u201d, sinalou Encarna Amigo, quen anotou que \u201ca s\u00faa experiencia confirma que no rural galego se pode vivir, se pode crear emprego, se pode innovar e se pode prosperar\u201d.<\/p>\n<p>As deputadas populares compartiron cos propietarios da Gander\u00eda Quinti\u00e1n \u201ca realidade diaria destas explotaci\u00f3ns familiares, do esforzo que hai detr\u00e1s de cada queiro e da importancia de manter vivas as denominaci\u00f3ns de orixe que nos distinguen\u201d.<\/p>\n<p>Neste sentido, Katy Varela salientou \u201co impacto directo que te\u00f1en estas produci\u00f3ns na fixaci\u00f3n da poboaci\u00f3n, na dinamizaci\u00f3n das comarcas e na creaci\u00f3n de oportunidades para as novas xeraci\u00f3ns\u201d.<\/p>\n","protected":false},"excerpt":{"rendered":"<p>As deputadas do Grupo Popular Encarna Amigo e Katy Varela salientaron hoxe que a Xunta incrementar\u00e1 o vindeiro ano ata os 10 mill\u00f3ns de euros o orzamento destinado ao Plan Saborea Calidade Diferenciada de Galicia, a trav\u00e9s do que se continuar\u00e1 impulsando a promoci\u00f3n, a diferenciaci\u00f3n e o prestixio dos produtos galegos. Nun encontro coa [&hellip;]<\/p>\n","protected":false},"author":38,"featured_media":69477,"comment_status":"closed","ping_status":"open","sticky":false,"template":"","format":"standard","meta":{"_acf_changed":false,"footnotes":""},"categories":[1128],"tags":[],"class_list":["post-69473","post","type-post","status-publish","format-standard","has-post-thumbnail","hentry","category-actualidad-parlamento-de-galicia"],"acf":[],"yoast_head":"<!-- This site is optimized with the Yoast SEO plugin v27.3 - https:\/\/yoast.com\/product\/yoast-seo-wordpress\/ -->\n<title>O PPdeG salienta que a Xunta incrementar\u00e1 ata os 10 mill\u00f3ns de euros o orzamento do Plan Saborea Calidade Diferenciada de Galicia - PP de Galicia<\/title>\n<meta name=\"description\" content=\"As deputadas do Grupo Popular Encarna Amigo e Katy Varela salientaron hoxe que a Xunta incrementar\u00e1 o vindeiro ano ata os 10 mill\u00f3ns de euros o orzamento destinado ao Plan Saborea Calidade Diferenciada de Galicia, a trav\u00e9s do que se continuar\u00e1 impulsando a promoci\u00f3n, a diferenciaci\u00f3n e o prestixio dos produtos galegos.\" \/>\n<meta name=\"robots\" content=\"index, follow, max-snippet:-1, max-image-preview:large, max-video-preview:-1\" \/>\n<link rel=\"canonical\" href=\"https:\/\/ppdegalicia.com\/es\/o-ppdeg-salienta-que-a-xunta-incrementara-ata-os-10-millons-de-euros-o-orzamento-do-plan-saborea-calidade-diferenciada-de-galicia\/\" \/>\n<meta property=\"og:locale\" content=\"es_ES\" \/>\n<meta property=\"og:type\" content=\"article\" \/>\n<meta property=\"og:title\" content=\"O PPdeG salienta que a Xunta incrementar\u00e1 ata os 10 mill\u00f3ns de euros o orzamento do Plan Saborea Calidade Diferenciada de Galicia - PP de Galicia\" \/>\n<meta property=\"og:description\" content=\"As deputadas do Grupo Popular Encarna Amigo e Katy Varela salientaron hoxe que a Xunta incrementar\u00e1 o vindeiro ano ata os 10 mill\u00f3ns de euros o orzamento destinado ao Plan Saborea Calidade Diferenciada de Galicia, a trav\u00e9s do que se continuar\u00e1 impulsando a promoci\u00f3n, a diferenciaci\u00f3n e o prestixio dos produtos galegos.\" \/>\n<meta property=\"og:url\" content=\"https:\/\/ppdegalicia.com\/es\/o-ppdeg-salienta-que-a-xunta-incrementara-ata-os-10-millons-de-euros-o-orzamento-do-plan-saborea-calidade-diferenciada-de-galicia\/\" \/>\n<meta property=\"og:site_name\" content=\"PP de Galicia\" \/>\n<meta property=\"article:publisher\" content=\"https:\/\/www.instagram.com\/ppdegalicia\/\" \/>\n<meta property=\"article:published_time\" content=\"2025-12-13T19:11:28+00:00\" \/>\n<meta property=\"article:modified_time\" content=\"2025-12-13T19:12:41+00:00\" \/>\n<meta property=\"og:image\" content=\"https:\/\/ppdegalicia.com\/wp-content\/uploads\/2025\/12\/Katy-Varela-e-Encarna-Amigo-coa-propietaria-da-Ganderia-Quintinan-nun-acto-de-Galicia-Calidade3.jpg\" \/>\n\t<meta property=\"og:image:width\" content=\"1200\" \/>\n\t<meta property=\"og:image:height\" content=\"1200\" \/>\n\t<meta property=\"og:image:type\" content=\"image\/jpeg\" \/>\n<meta name=\"author\" content=\"ppdegaliciaredes\" \/>\n<meta name=\"twitter:card\" content=\"summary_large_image\" \/>\n<meta name=\"twitter:creator\" content=\"@ppdegalicia\" \/>\n<meta name=\"twitter:site\" content=\"@ppdegalicia\" \/>\n<meta name=\"twitter:label1\" content=\"Escrito por\" \/>\n\t<meta name=\"twitter:data1\" content=\"ppdegaliciaredes\" \/>\n\t<meta name=\"twitter:label2\" content=\"Tiempo de lectura\" \/>\n\t<meta name=\"twitter:data2\" content=\"2 minutos\" \/>\n<script type=\"application\/ld+json\" class=\"yoast-schema-graph\">{\"@context\":\"https:\\\/\\\/schema.org\",\"@graph\":[{\"@type\":\"Article\",\"@id\":\"https:\\\/\\\/ppdegalicia.com\\\/es\\\/o-ppdeg-salienta-que-a-xunta-incrementara-ata-os-10-millons-de-euros-o-orzamento-do-plan-saborea-calidade-diferenciada-de-galicia\\\/#article\",\"isPartOf\":{\"@id\":\"https:\\\/\\\/ppdegalicia.com\\\/es\\\/o-ppdeg-salienta-que-a-xunta-incrementara-ata-os-10-millons-de-euros-o-orzamento-do-plan-saborea-calidade-diferenciada-de-galicia\\\/\"},\"author\":{\"name\":\"ppdegaliciaredes\",\"@id\":\"https:\\\/\\\/ppdegalicia.com\\\/es\\\/#\\\/schema\\\/person\\\/5b822c6f59e872ebdd1142f307dbcb59\"},\"headline\":\"O PPdeG salienta que a Xunta incrementar\u00e1 ata os 10 mill\u00f3ns de euros o orzamento do Plan Saborea Calidade Diferenciada de Galicia\",\"datePublished\":\"2025-12-13T19:11:28+00:00\",\"dateModified\":\"2025-12-13T19:12:41+00:00\",\"mainEntityOfPage\":{\"@id\":\"https:\\\/\\\/ppdegalicia.com\\\/es\\\/o-ppdeg-salienta-que-a-xunta-incrementara-ata-os-10-millons-de-euros-o-orzamento-do-plan-saborea-calidade-diferenciada-de-galicia\\\/\"},\"wordCount\":264,\"publisher\":{\"@id\":\"https:\\\/\\\/ppdegalicia.com\\\/es\\\/#organization\"},\"image\":{\"@id\":\"https:\\\/\\\/ppdegalicia.com\\\/es\\\/o-ppdeg-salienta-que-a-xunta-incrementara-ata-os-10-millons-de-euros-o-orzamento-do-plan-saborea-calidade-diferenciada-de-galicia\\\/#primaryimage\"},\"thumbnailUrl\":\"https:\\\/\\\/ppdegalicia.com\\\/wp-content\\\/uploads\\\/2025\\\/12\\\/Katy-Varela-e-Encarna-Amigo-coa-propietaria-da-Ganderia-Quintinan-nun-acto-de-Galicia-Calidade3.jpg\",\"articleSection\":[\"Parlamento de Galicia\"],\"inLanguage\":\"es\"},{\"@type\":\"WebPage\",\"@id\":\"https:\\\/\\\/ppdegalicia.com\\\/es\\\/o-ppdeg-salienta-que-a-xunta-incrementara-ata-os-10-millons-de-euros-o-orzamento-do-plan-saborea-calidade-diferenciada-de-galicia\\\/\",\"url\":\"https:\\\/\\\/ppdegalicia.com\\\/es\\\/o-ppdeg-salienta-que-a-xunta-incrementara-ata-os-10-millons-de-euros-o-orzamento-do-plan-saborea-calidade-diferenciada-de-galicia\\\/\",\"name\":\"O PPdeG salienta que a Xunta incrementar\u00e1 ata os 10 mill\u00f3ns de euros o orzamento do Plan Saborea Calidade Diferenciada de Galicia - PP de Galicia\",\"isPartOf\":{\"@id\":\"https:\\\/\\\/ppdegalicia.com\\\/es\\\/#website\"},\"primaryImageOfPage\":{\"@id\":\"https:\\\/\\\/ppdegalicia.com\\\/es\\\/o-ppdeg-salienta-que-a-xunta-incrementara-ata-os-10-millons-de-euros-o-orzamento-do-plan-saborea-calidade-diferenciada-de-galicia\\\/#primaryimage\"},\"image\":{\"@id\":\"https:\\\/\\\/ppdegalicia.com\\\/es\\\/o-ppdeg-salienta-que-a-xunta-incrementara-ata-os-10-millons-de-euros-o-orzamento-do-plan-saborea-calidade-diferenciada-de-galicia\\\/#primaryimage\"},\"thumbnailUrl\":\"https:\\\/\\\/ppdegalicia.com\\\/wp-content\\\/uploads\\\/2025\\\/12\\\/Katy-Varela-e-Encarna-Amigo-coa-propietaria-da-Ganderia-Quintinan-nun-acto-de-Galicia-Calidade3.jpg\",\"datePublished\":\"2025-12-13T19:11:28+00:00\",\"dateModified\":\"2025-12-13T19:12:41+00:00\",\"description\":\"As deputadas do Grupo Popular Encarna Amigo e Katy Varela salientaron hoxe que a Xunta incrementar\u00e1 o vindeiro ano ata os 10 mill\u00f3ns de euros o orzamento destinado ao Plan Saborea Calidade Diferenciada de Galicia, a trav\u00e9s do que se continuar\u00e1 impulsando a promoci\u00f3n, a diferenciaci\u00f3n e o prestixio dos produtos galegos.\",\"breadcrumb\":{\"@id\":\"https:\\\/\\\/ppdegalicia.com\\\/es\\\/o-ppdeg-salienta-que-a-xunta-incrementara-ata-os-10-millons-de-euros-o-orzamento-do-plan-saborea-calidade-diferenciada-de-galicia\\\/#breadcrumb\"},\"inLanguage\":\"es\",\"potentialAction\":[{\"@type\":\"ReadAction\",\"target\":[\"https:\\\/\\\/ppdegalicia.com\\\/es\\\/o-ppdeg-salienta-que-a-xunta-incrementara-ata-os-10-millons-de-euros-o-orzamento-do-plan-saborea-calidade-diferenciada-de-galicia\\\/\"]}]},{\"@type\":\"ImageObject\",\"inLanguage\":\"es\",\"@id\":\"https:\\\/\\\/ppdegalicia.com\\\/es\\\/o-ppdeg-salienta-que-a-xunta-incrementara-ata-os-10-millons-de-euros-o-orzamento-do-plan-saborea-calidade-diferenciada-de-galicia\\\/#primaryimage\",\"url\":\"https:\\\/\\\/ppdegalicia.com\\\/wp-content\\\/uploads\\\/2025\\\/12\\\/Katy-Varela-e-Encarna-Amigo-coa-propietaria-da-Ganderia-Quintinan-nun-acto-de-Galicia-Calidade3.jpg\",\"contentUrl\":\"https:\\\/\\\/ppdegalicia.com\\\/wp-content\\\/uploads\\\/2025\\\/12\\\/Katy-Varela-e-Encarna-Amigo-coa-propietaria-da-Ganderia-Quintinan-nun-acto-de-Galicia-Calidade3.jpg\",\"width\":1200,\"height\":1200},{\"@type\":\"BreadcrumbList\",\"@id\":\"https:\\\/\\\/ppdegalicia.com\\\/es\\\/o-ppdeg-salienta-que-a-xunta-incrementara-ata-os-10-millons-de-euros-o-orzamento-do-plan-saborea-calidade-diferenciada-de-galicia\\\/#breadcrumb\",\"itemListElement\":[{\"@type\":\"ListItem\",\"position\":1,\"name\":\"Portada\",\"item\":\"https:\\\/\\\/ppdegalicia.com\\\/es\\\/\"},{\"@type\":\"ListItem\",\"position\":2,\"name\":\"O PPdeG salienta que a Xunta incrementar\u00e1 ata os 10 mill\u00f3ns de euros o orzamento do Plan Saborea Calidade Diferenciada de Galicia\"}]},{\"@type\":\"WebSite\",\"@id\":\"https:\\\/\\\/ppdegalicia.com\\\/es\\\/#website\",\"url\":\"https:\\\/\\\/ppdegalicia.com\\\/es\\\/\",\"name\":\"Partido Popular de Galicia\",\"description\":\"Partido Popular de Galicia\",\"publisher\":{\"@id\":\"https:\\\/\\\/ppdegalicia.com\\\/es\\\/#organization\"},\"alternateName\":\"PP de Galicia\",\"potentialAction\":[{\"@type\":\"SearchAction\",\"target\":{\"@type\":\"EntryPoint\",\"urlTemplate\":\"https:\\\/\\\/ppdegalicia.com\\\/es\\\/?s={search_term_string}\"},\"query-input\":{\"@type\":\"PropertyValueSpecification\",\"valueRequired\":true,\"valueName\":\"search_term_string\"}}],\"inLanguage\":\"es\"},{\"@type\":\"Organization\",\"@id\":\"https:\\\/\\\/ppdegalicia.com\\\/es\\\/#organization\",\"name\":\"Partido Popular de Galicia\",\"alternateName\":\"PP de Galicia\",\"url\":\"https:\\\/\\\/ppdegalicia.com\\\/es\\\/\",\"logo\":{\"@type\":\"ImageObject\",\"inLanguage\":\"es\",\"@id\":\"https:\\\/\\\/ppdegalicia.com\\\/es\\\/#\\\/schema\\\/logo\\\/image\\\/\",\"url\":\"https:\\\/\\\/ppdegalicia.com\\\/wp-content\\\/uploads\\\/2023\\\/04\\\/logoPP512.png\",\"contentUrl\":\"https:\\\/\\\/ppdegalicia.com\\\/wp-content\\\/uploads\\\/2023\\\/04\\\/logoPP512.png\",\"width\":512,\"height\":512,\"caption\":\"Partido Popular de Galicia\"},\"image\":{\"@id\":\"https:\\\/\\\/ppdegalicia.com\\\/es\\\/#\\\/schema\\\/logo\\\/image\\\/\"},\"sameAs\":[\"https:\\\/\\\/www.instagram.com\\\/ppdegalicia\\\/\",\"https:\\\/\\\/x.com\\\/ppdegalicia\",\"https:\\\/\\\/www.tiktok.com\\\/@ppdegalicia\",\"https:\\\/\\\/www.youtube.com\\\/user\\\/ppdegalicia\"]},{\"@type\":\"Person\",\"@id\":\"https:\\\/\\\/ppdegalicia.com\\\/es\\\/#\\\/schema\\\/person\\\/5b822c6f59e872ebdd1142f307dbcb59\",\"name\":\"ppdegaliciaredes\",\"image\":{\"@type\":\"ImageObject\",\"inLanguage\":\"es\",\"@id\":\"https:\\\/\\\/secure.gravatar.com\\\/avatar\\\/3c9179cf0256d00c72a48d1f25783c58b6842cd56e85ef3a572881c8e28ccd59?s=96&d=mm&r=g\",\"url\":\"https:\\\/\\\/secure.gravatar.com\\\/avatar\\\/3c9179cf0256d00c72a48d1f25783c58b6842cd56e85ef3a572881c8e28ccd59?s=96&d=mm&r=g\",\"contentUrl\":\"https:\\\/\\\/secure.gravatar.com\\\/avatar\\\/3c9179cf0256d00c72a48d1f25783c58b6842cd56e85ef3a572881c8e28ccd59?s=96&d=mm&r=g\",\"caption\":\"ppdegaliciaredes\"},\"url\":\"https:\\\/\\\/ppdegalicia.com\\\/es\\\/author\\\/ppdegaliciaredes\\\/\"}]}<\/script>\n<!-- \/ Yoast SEO plugin. -->","yoast_head_json":{"title":"O PPdeG salienta que a Xunta incrementar\u00e1 ata os 10 mill\u00f3ns de euros o orzamento do Plan Saborea Calidade Diferenciada de Galicia - PP de Galicia","description":"As deputadas do Grupo Popular Encarna Amigo e Katy Varela salientaron hoxe que a Xunta incrementar\u00e1 o vindeiro ano ata os 10 mill\u00f3ns de euros o orzamento destinado ao Plan Saborea Calidade Diferenciada de Galicia, a trav\u00e9s do que se continuar\u00e1 impulsando a promoci\u00f3n, a diferenciaci\u00f3n e o prestixio dos produtos galegos.","robots":{"index":"index","follow":"follow","max-snippet":"max-snippet:-1","max-image-preview":"max-image-preview:large","max-video-preview":"max-video-preview:-1"},"canonical":"https:\/\/ppdegalicia.com\/es\/o-ppdeg-salienta-que-a-xunta-incrementara-ata-os-10-millons-de-euros-o-orzamento-do-plan-saborea-calidade-diferenciada-de-galicia\/","og_locale":"es_ES","og_type":"article","og_title":"O PPdeG salienta que a Xunta incrementar\u00e1 ata os 10 mill\u00f3ns de euros o orzamento do Plan Saborea Calidade Diferenciada de Galicia - PP de Galicia","og_description":"As deputadas do Grupo Popular Encarna Amigo e Katy Varela salientaron hoxe que a Xunta incrementar\u00e1 o vindeiro ano ata os 10 mill\u00f3ns de euros o orzamento destinado ao Plan Saborea Calidade Diferenciada de Galicia, a trav\u00e9s do que se continuar\u00e1 impulsando a promoci\u00f3n, a diferenciaci\u00f3n e o prestixio dos produtos galegos.","og_url":"https:\/\/ppdegalicia.com\/es\/o-ppdeg-salienta-que-a-xunta-incrementara-ata-os-10-millons-de-euros-o-orzamento-do-plan-saborea-calidade-diferenciada-de-galicia\/","og_site_name":"PP de Galicia","article_publisher":"https:\/\/www.instagram.com\/ppdegalicia\/","article_published_time":"2025-12-13T19:11:28+00:00","article_modified_time":"2025-12-13T19:12:41+00:00","og_image":[{"width":1200,"height":1200,"url":"https:\/\/ppdegalicia.com\/wp-content\/uploads\/2025\/12\/Katy-Varela-e-Encarna-Amigo-coa-propietaria-da-Ganderia-Quintinan-nun-acto-de-Galicia-Calidade3.jpg","type":"image\/jpeg"}],"author":"ppdegaliciaredes","twitter_card":"summary_large_image","twitter_creator":"@ppdegalicia","twitter_site":"@ppdegalicia","twitter_misc":{"Escrito por":"ppdegaliciaredes","Tiempo de lectura":"2 minutos"},"schema":{"@context":"https:\/\/schema.org","@graph":[{"@type":"Article","@id":"https:\/\/ppdegalicia.com\/es\/o-ppdeg-salienta-que-a-xunta-incrementara-ata-os-10-millons-de-euros-o-orzamento-do-plan-saborea-calidade-diferenciada-de-galicia\/#article","isPartOf":{"@id":"https:\/\/ppdegalicia.com\/es\/o-ppdeg-salienta-que-a-xunta-incrementara-ata-os-10-millons-de-euros-o-orzamento-do-plan-saborea-calidade-diferenciada-de-galicia\/"},"author":{"name":"ppdegaliciaredes","@id":"https:\/\/ppdegalicia.com\/es\/#\/schema\/person\/5b822c6f59e872ebdd1142f307dbcb59"},"headline":"O PPdeG salienta que a Xunta incrementar\u00e1 ata os 10 mill\u00f3ns de euros o orzamento do Plan Saborea Calidade Diferenciada de Galicia","datePublished":"2025-12-13T19:11:28+00:00","dateModified":"2025-12-13T19:12:41+00:00","mainEntityOfPage":{"@id":"https:\/\/ppdegalicia.com\/es\/o-ppdeg-salienta-que-a-xunta-incrementara-ata-os-10-millons-de-euros-o-orzamento-do-plan-saborea-calidade-diferenciada-de-galicia\/"},"wordCount":264,"publisher":{"@id":"https:\/\/ppdegalicia.com\/es\/#organization"},"image":{"@id":"https:\/\/ppdegalicia.com\/es\/o-ppdeg-salienta-que-a-xunta-incrementara-ata-os-10-millons-de-euros-o-orzamento-do-plan-saborea-calidade-diferenciada-de-galicia\/#primaryimage"},"thumbnailUrl":"https:\/\/ppdegalicia.com\/wp-content\/uploads\/2025\/12\/Katy-Varela-e-Encarna-Amigo-coa-propietaria-da-Ganderia-Quintinan-nun-acto-de-Galicia-Calidade3.jpg","articleSection":["Parlamento de Galicia"],"inLanguage":"es"},{"@type":"WebPage","@id":"https:\/\/ppdegalicia.com\/es\/o-ppdeg-salienta-que-a-xunta-incrementara-ata-os-10-millons-de-euros-o-orzamento-do-plan-saborea-calidade-diferenciada-de-galicia\/","url":"https:\/\/ppdegalicia.com\/es\/o-ppdeg-salienta-que-a-xunta-incrementara-ata-os-10-millons-de-euros-o-orzamento-do-plan-saborea-calidade-diferenciada-de-galicia\/","name":"O PPdeG salienta que a Xunta incrementar\u00e1 ata os 10 mill\u00f3ns de euros o orzamento do Plan Saborea Calidade Diferenciada de Galicia - PP de Galicia","isPartOf":{"@id":"https:\/\/ppdegalicia.com\/es\/#website"},"primaryImageOfPage":{"@id":"https:\/\/ppdegalicia.com\/es\/o-ppdeg-salienta-que-a-xunta-incrementara-ata-os-10-millons-de-euros-o-orzamento-do-plan-saborea-calidade-diferenciada-de-galicia\/#primaryimage"},"image":{"@id":"https:\/\/ppdegalicia.com\/es\/o-ppdeg-salienta-que-a-xunta-incrementara-ata-os-10-millons-de-euros-o-orzamento-do-plan-saborea-calidade-diferenciada-de-galicia\/#primaryimage"},"thumbnailUrl":"https:\/\/ppdegalicia.com\/wp-content\/uploads\/2025\/12\/Katy-Varela-e-Encarna-Amigo-coa-propietaria-da-Ganderia-Quintinan-nun-acto-de-Galicia-Calidade3.jpg","datePublished":"2025-12-13T19:11:28+00:00","dateModified":"2025-12-13T19:12:41+00:00","description":"As deputadas do Grupo Popular Encarna Amigo e Katy Varela salientaron hoxe que a Xunta incrementar\u00e1 o vindeiro ano ata os 10 mill\u00f3ns de euros o orzamento destinado ao Plan Saborea Calidade Diferenciada de Galicia, a trav\u00e9s do que se continuar\u00e1 impulsando a promoci\u00f3n, a diferenciaci\u00f3n e o prestixio dos produtos galegos.","breadcrumb":{"@id":"https:\/\/ppdegalicia.com\/es\/o-ppdeg-salienta-que-a-xunta-incrementara-ata-os-10-millons-de-euros-o-orzamento-do-plan-saborea-calidade-diferenciada-de-galicia\/#breadcrumb"},"inLanguage":"es","potentialAction":[{"@type":"ReadAction","target":["https:\/\/ppdegalicia.com\/es\/o-ppdeg-salienta-que-a-xunta-incrementara-ata-os-10-millons-de-euros-o-orzamento-do-plan-saborea-calidade-diferenciada-de-galicia\/"]}]},{"@type":"ImageObject","inLanguage":"es","@id":"https:\/\/ppdegalicia.com\/es\/o-ppdeg-salienta-que-a-xunta-incrementara-ata-os-10-millons-de-euros-o-orzamento-do-plan-saborea-calidade-diferenciada-de-galicia\/#primaryimage","url":"https:\/\/ppdegalicia.com\/wp-content\/uploads\/2025\/12\/Katy-Varela-e-Encarna-Amigo-coa-propietaria-da-Ganderia-Quintinan-nun-acto-de-Galicia-Calidade3.jpg","contentUrl":"https:\/\/ppdegalicia.com\/wp-content\/uploads\/2025\/12\/Katy-Varela-e-Encarna-Amigo-coa-propietaria-da-Ganderia-Quintinan-nun-acto-de-Galicia-Calidade3.jpg","width":1200,"height":1200},{"@type":"BreadcrumbList","@id":"https:\/\/ppdegalicia.com\/es\/o-ppdeg-salienta-que-a-xunta-incrementara-ata-os-10-millons-de-euros-o-orzamento-do-plan-saborea-calidade-diferenciada-de-galicia\/#breadcrumb","itemListElement":[{"@type":"ListItem","position":1,"name":"Portada","item":"https:\/\/ppdegalicia.com\/es\/"},{"@type":"ListItem","position":2,"name":"O PPdeG salienta que a Xunta incrementar\u00e1 ata os 10 mill\u00f3ns de euros o orzamento do Plan Saborea Calidade Diferenciada de Galicia"}]},{"@type":"WebSite","@id":"https:\/\/ppdegalicia.com\/es\/#website","url":"https:\/\/ppdegalicia.com\/es\/","name":"Partido Popular de Galicia","description":"Partido Popular de Galicia","publisher":{"@id":"https:\/\/ppdegalicia.com\/es\/#organization"},"alternateName":"PP de Galicia","potentialAction":[{"@type":"SearchAction","target":{"@type":"EntryPoint","urlTemplate":"https:\/\/ppdegalicia.com\/es\/?s={search_term_string}"},"query-input":{"@type":"PropertyValueSpecification","valueRequired":true,"valueName":"search_term_string"}}],"inLanguage":"es"},{"@type":"Organization","@id":"https:\/\/ppdegalicia.com\/es\/#organization","name":"Partido Popular de Galicia","alternateName":"PP de Galicia","url":"https:\/\/ppdegalicia.com\/es\/","logo":{"@type":"ImageObject","inLanguage":"es","@id":"https:\/\/ppdegalicia.com\/es\/#\/schema\/logo\/image\/","url":"https:\/\/ppdegalicia.com\/wp-content\/uploads\/2023\/04\/logoPP512.png","contentUrl":"https:\/\/ppdegalicia.com\/wp-content\/uploads\/2023\/04\/logoPP512.png","width":512,"height":512,"caption":"Partido Popular de Galicia"},"image":{"@id":"https:\/\/ppdegalicia.com\/es\/#\/schema\/logo\/image\/"},"sameAs":["https:\/\/www.instagram.com\/ppdegalicia\/","https:\/\/x.com\/ppdegalicia","https:\/\/www.tiktok.com\/@ppdegalicia","https:\/\/www.youtube.com\/user\/ppdegalicia"]},{"@type":"Person","@id":"https:\/\/ppdegalicia.com\/es\/#\/schema\/person\/5b822c6f59e872ebdd1142f307dbcb59","name":"ppdegaliciaredes","image":{"@type":"ImageObject","inLanguage":"es","@id":"https:\/\/secure.gravatar.com\/avatar\/3c9179cf0256d00c72a48d1f25783c58b6842cd56e85ef3a572881c8e28ccd59?s=96&d=mm&r=g","url":"https:\/\/secure.gravatar.com\/avatar\/3c9179cf0256d00c72a48d1f25783c58b6842cd56e85ef3a572881c8e28ccd59?s=96&d=mm&r=g","contentUrl":"https:\/\/secure.gravatar.com\/avatar\/3c9179cf0256d00c72a48d1f25783c58b6842cd56e85ef3a572881c8e28ccd59?s=96&d=mm&r=g","caption":"ppdegaliciaredes"},"url":"https:\/\/ppdegalicia.com\/es\/author\/ppdegaliciaredes\/"}]}},"_links":{"self":[{"href":"https:\/\/ppdegalicia.com\/es\/wp-json\/wp\/v2\/posts\/69473","targetHints":{"allow":["GET"]}}],"collection":[{"href":"https:\/\/ppdegalicia.com\/es\/wp-json\/wp\/v2\/posts"}],"about":[{"href":"https:\/\/ppdegalicia.com\/es\/wp-json\/wp\/v2\/types\/post"}],"author":[{"embeddable":true,"href":"https:\/\/ppdegalicia.com\/es\/wp-json\/wp\/v2\/users\/38"}],"replies":[{"embeddable":true,"href":"https:\/\/ppdegalicia.com\/es\/wp-json\/wp\/v2\/comments?post=69473"}],"version-history":[{"count":1,"href":"https:\/\/ppdegalicia.com\/es\/wp-json\/wp\/v2\/posts\/69473\/revisions"}],"predecessor-version":[{"id":69476,"href":"https:\/\/ppdegalicia.com\/es\/wp-json\/wp\/v2\/posts\/69473\/revisions\/69476"}],"wp:featuredmedia":[{"embeddable":true,"href":"https:\/\/ppdegalicia.com\/es\/wp-json\/wp\/v2\/media\/69477"}],"wp:attachment":[{"href":"https:\/\/ppdegalicia.com\/es\/wp-json\/wp\/v2\/media?parent=69473"}],"wp:term":[{"taxonomy":"category","embeddable":true,"href":"https:\/\/ppdegalicia.com\/es\/wp-json\/wp\/v2\/categories?post=69473"},{"taxonomy":"post_tag","embeddable":true,"href":"https:\/\/ppdegalicia.com\/es\/wp-json\/wp\/v2\/tags?post=69473"}],"curies":[{"name":"wp","href":"https:\/\/api.w.org\/{rel}","templated":true}]}}