{"id":69479,"date":"2025-12-13T20:15:53","date_gmt":"2025-12-13T19:15:53","guid":{"rendered":"https:\/\/ppdegalicia.com\/?p=69479"},"modified":"2025-12-13T20:15:53","modified_gmt":"2025-12-13T19:15:53","slug":"o-ppdeg-cualifica-de-mision-cuasi-imposible-alugar-un-piso-en-a-coruna-logo-da-declaracion-da-cidade-como-zona-tensionada","status":"publish","type":"post","link":"https:\/\/ppdegalicia.com\/es\/o-ppdeg-cualifica-de-mision-cuasi-imposible-alugar-un-piso-en-a-coruna-logo-da-declaracion-da-cidade-como-zona-tensionada\/","title":{"rendered":"O PPdeG cualifica de \u201cmisi\u00f3n cuasi imposible\u201d alugar un piso en A Coru\u00f1a logo da declaraci\u00f3n da cidade como zona tensionada"},"content":{"rendered":"<p>Os deputados do Grupo Popular Ethel V\u00e1zquez e Jes\u00fas Mar\u00eda Fern\u00e1ndez Rosende cualificaron hoxe como de \u201cmisi\u00f3n cuasi imposible\u201d alugar un piso na cidade de A Coru\u00f1a, unha situaci\u00f3n que se agravou logo da declaraci\u00f3n como zona tensionada. Por este motivo, solicitaron ao Concello que \u201cbusque alternativas reais e efectivas que faciliten o acceso \u00e1 vivenda, sen comprometer a estabilidade do mercado nin provocar unha desbandada da oferta\u201d.<\/p>\n<p>Tomando como base os datos oficiais do Observatorio da Vivenda co\u00f1ecidos esta semana, Ethel V\u00e1zquez asegurou que a declaraci\u00f3n da cidade de A Coru\u00f1a como zona tensionada \u201cnon solucionou o problema da vivenda, sen\u00f3n que o agravou considerablemente\u201d. Neste sentido, concretou que o citado informe pon de manifesto que o n\u00famero de contratos de aluguer baixou un 38 por cento respecto ao pasado ano desde que se declarou a zona tensionada, unha ca\u00edda que coincide, ademais, coa suba das rendas do aluguer a nivel xeral da cidade.<\/p>\n<p><strong>ADVERTENCIAS DA XUNTA E DO SECTOR INMOBILIARIO<\/strong><\/p>\n<p>\u201cO principal efecto negativo da declaraci\u00f3n de zona tensionada foi a baixada potencial do n\u00famero de contratos asinados, porque se retiran pisos do mercado de alugueiro; o trasvase de vivendas do mercado de aluguer tradicional ao temporal; e o aluguer por separado de vivenda, trasteiro, garaxe ou mobiliario\u201d, explicou Fern\u00e1ndez Rosende.<\/p>\n<p>Ethel V\u00e1zquez lembrou que estes efectos negativos \u201cxa foron advertidos no seu momento desde o Goberno galego, porque queda claro que a declaraci\u00f3n de zona tensionada non resolve en absoluto o acceso \u00e1 vivenda, sen\u00f3n m\u00e1is ben agrava o desaxuste entre a oferta e a demanda ao retraer propietarios e limitar a dispo\u00f1ibilidade\u201d.<\/p>\n<p>As\u00ed mesmo, os deputados subli\u00f1aron que \u201cas propias asociaci\u00f3ns do sector inmobiliario aseguran que a nova regulaci\u00f3n provocou que moitas vivendas se retirasen do mercado habitual de aluguer ou se reorientaran cara ao aluguer temporal ou por habitaci\u00f3n, contribu\u00edndo \u00e1 reduci\u00f3n dr\u00e1stica da oferta de pisos completos destinados ao aluguer tradicional\u201d.<\/p>\n","protected":false},"excerpt":{"rendered":"<p>Os deputados do Grupo Popular Ethel V\u00e1zquez e Jes\u00fas Mar\u00eda Fern\u00e1ndez Rosende cualificaron hoxe como de \u201cmisi\u00f3n cuasi imposible\u201d alugar un piso na cidade de A Coru\u00f1a, unha situaci\u00f3n que se agravou logo da declaraci\u00f3n como zona tensionada. Por este motivo, solicitaron ao Concello que \u201cbusque alternativas reais e efectivas que faciliten o acceso \u00e1 [&hellip;]<\/p>\n","protected":false},"author":38,"featured_media":69480,"comment_status":"closed","ping_status":"open","sticky":false,"template":"","format":"standard","meta":{"_acf_changed":false,"footnotes":""},"categories":[1128],"tags":[],"class_list":["post-69479","post","type-post","status-publish","format-standard","has-post-thumbnail","hentry","category-actualidad-parlamento-de-galicia"],"acf":[],"yoast_head":"<!-- This site is optimized with the Yoast SEO plugin v27.3 - https:\/\/yoast.com\/product\/yoast-seo-wordpress\/ -->\n<title>O PPdeG cualifica de \u201cmisi\u00f3n cuasi imposible\u201d alugar un piso en A Coru\u00f1a logo da declaraci\u00f3n da cidade como zona tensionada - PP de Galicia<\/title>\n<meta name=\"description\" content=\"Os deputados do Grupo Popular Ethel V\u00e1zquez e Jes\u00fas Mar\u00eda Fern\u00e1ndez Rosende cualificaron hoxe como de \u201cmisi\u00f3n cuasi imposible\u201d alugar un piso na cidade de A Coru\u00f1a, unha situaci\u00f3n que se agravou logo da declaraci\u00f3n como zona tensionada. Por este motivo, solicitaron ao Concello que \u201cbusque alternativas reais e efectivas que faciliten o acceso \u00e1 vivenda, sen comprometer a estabilidade do mercado nin provocar unha desbandada da oferta\u201d.\" \/>\n<meta name=\"robots\" content=\"index, follow, max-snippet:-1, max-image-preview:large, max-video-preview:-1\" \/>\n<link rel=\"canonical\" href=\"https:\/\/ppdegalicia.com\/es\/o-ppdeg-cualifica-de-mision-cuasi-imposible-alugar-un-piso-en-a-coruna-logo-da-declaracion-da-cidade-como-zona-tensionada\/\" \/>\n<meta property=\"og:locale\" content=\"es_ES\" \/>\n<meta property=\"og:type\" content=\"article\" \/>\n<meta property=\"og:title\" content=\"O PPdeG cualifica de \u201cmisi\u00f3n cuasi imposible\u201d alugar un piso en A Coru\u00f1a logo da declaraci\u00f3n da cidade como zona tensionada - PP de Galicia\" \/>\n<meta property=\"og:description\" content=\"Os deputados do Grupo Popular Ethel V\u00e1zquez e Jes\u00fas Mar\u00eda Fern\u00e1ndez Rosende cualificaron hoxe como de \u201cmisi\u00f3n cuasi imposible\u201d alugar un piso na cidade de A Coru\u00f1a, unha situaci\u00f3n que se agravou logo da declaraci\u00f3n como zona tensionada. Por este motivo, solicitaron ao Concello que \u201cbusque alternativas reais e efectivas que faciliten o acceso \u00e1 vivenda, sen comprometer a estabilidade do mercado nin provocar unha desbandada da oferta\u201d.\" \/>\n<meta property=\"og:url\" content=\"https:\/\/ppdegalicia.com\/es\/o-ppdeg-cualifica-de-mision-cuasi-imposible-alugar-un-piso-en-a-coruna-logo-da-declaracion-da-cidade-como-zona-tensionada\/\" \/>\n<meta property=\"og:site_name\" content=\"PP de Galicia\" \/>\n<meta property=\"article:publisher\" content=\"https:\/\/www.instagram.com\/ppdegalicia\/\" \/>\n<meta property=\"article:published_time\" content=\"2025-12-13T19:15:53+00:00\" \/>\n<meta property=\"og:image\" content=\"https:\/\/ppdegalicia.com\/wp-content\/uploads\/2025\/12\/Ethel-Vazquez-e-Fernandez-Rosende-en-A-Coruna-01.jpg\" \/>\n\t<meta property=\"og:image:width\" content=\"1600\" \/>\n\t<meta property=\"og:image:height\" content=\"1200\" \/>\n\t<meta property=\"og:image:type\" content=\"image\/jpeg\" \/>\n<meta name=\"author\" content=\"ppdegaliciaredes\" \/>\n<meta name=\"twitter:card\" content=\"summary_large_image\" \/>\n<meta name=\"twitter:creator\" content=\"@ppdegalicia\" \/>\n<meta name=\"twitter:site\" content=\"@ppdegalicia\" \/>\n<meta name=\"twitter:label1\" content=\"Escrito por\" \/>\n\t<meta name=\"twitter:data1\" content=\"ppdegaliciaredes\" \/>\n\t<meta name=\"twitter:label2\" content=\"Tiempo de lectura\" \/>\n\t<meta name=\"twitter:data2\" content=\"2 minutos\" \/>\n<script type=\"application\/ld+json\" class=\"yoast-schema-graph\">{\"@context\":\"https:\\\/\\\/schema.org\",\"@graph\":[{\"@type\":\"Article\",\"@id\":\"https:\\\/\\\/ppdegalicia.com\\\/es\\\/o-ppdeg-cualifica-de-mision-cuasi-imposible-alugar-un-piso-en-a-coruna-logo-da-declaracion-da-cidade-como-zona-tensionada\\\/#article\",\"isPartOf\":{\"@id\":\"https:\\\/\\\/ppdegalicia.com\\\/es\\\/o-ppdeg-cualifica-de-mision-cuasi-imposible-alugar-un-piso-en-a-coruna-logo-da-declaracion-da-cidade-como-zona-tensionada\\\/\"},\"author\":{\"name\":\"ppdegaliciaredes\",\"@id\":\"https:\\\/\\\/ppdegalicia.com\\\/es\\\/#\\\/schema\\\/person\\\/5b822c6f59e872ebdd1142f307dbcb59\"},\"headline\":\"O PPdeG cualifica de \u201cmisi\u00f3n cuasi imposible\u201d alugar un piso en A Coru\u00f1a logo da declaraci\u00f3n da cidade como zona tensionada\",\"datePublished\":\"2025-12-13T19:15:53+00:00\",\"mainEntityOfPage\":{\"@id\":\"https:\\\/\\\/ppdegalicia.com\\\/es\\\/o-ppdeg-cualifica-de-mision-cuasi-imposible-alugar-un-piso-en-a-coruna-logo-da-declaracion-da-cidade-como-zona-tensionada\\\/\"},\"wordCount\":367,\"publisher\":{\"@id\":\"https:\\\/\\\/ppdegalicia.com\\\/es\\\/#organization\"},\"image\":{\"@id\":\"https:\\\/\\\/ppdegalicia.com\\\/es\\\/o-ppdeg-cualifica-de-mision-cuasi-imposible-alugar-un-piso-en-a-coruna-logo-da-declaracion-da-cidade-como-zona-tensionada\\\/#primaryimage\"},\"thumbnailUrl\":\"https:\\\/\\\/ppdegalicia.com\\\/wp-content\\\/uploads\\\/2025\\\/12\\\/Ethel-Vazquez-e-Fernandez-Rosende-en-A-Coruna-01.jpg\",\"articleSection\":[\"Parlamento de Galicia\"],\"inLanguage\":\"es\"},{\"@type\":\"WebPage\",\"@id\":\"https:\\\/\\\/ppdegalicia.com\\\/es\\\/o-ppdeg-cualifica-de-mision-cuasi-imposible-alugar-un-piso-en-a-coruna-logo-da-declaracion-da-cidade-como-zona-tensionada\\\/\",\"url\":\"https:\\\/\\\/ppdegalicia.com\\\/es\\\/o-ppdeg-cualifica-de-mision-cuasi-imposible-alugar-un-piso-en-a-coruna-logo-da-declaracion-da-cidade-como-zona-tensionada\\\/\",\"name\":\"O PPdeG cualifica de \u201cmisi\u00f3n cuasi imposible\u201d alugar un piso en A Coru\u00f1a logo da declaraci\u00f3n da cidade como zona tensionada - PP de Galicia\",\"isPartOf\":{\"@id\":\"https:\\\/\\\/ppdegalicia.com\\\/es\\\/#website\"},\"primaryImageOfPage\":{\"@id\":\"https:\\\/\\\/ppdegalicia.com\\\/es\\\/o-ppdeg-cualifica-de-mision-cuasi-imposible-alugar-un-piso-en-a-coruna-logo-da-declaracion-da-cidade-como-zona-tensionada\\\/#primaryimage\"},\"image\":{\"@id\":\"https:\\\/\\\/ppdegalicia.com\\\/es\\\/o-ppdeg-cualifica-de-mision-cuasi-imposible-alugar-un-piso-en-a-coruna-logo-da-declaracion-da-cidade-como-zona-tensionada\\\/#primaryimage\"},\"thumbnailUrl\":\"https:\\\/\\\/ppdegalicia.com\\\/wp-content\\\/uploads\\\/2025\\\/12\\\/Ethel-Vazquez-e-Fernandez-Rosende-en-A-Coruna-01.jpg\",\"datePublished\":\"2025-12-13T19:15:53+00:00\",\"description\":\"Os deputados do Grupo Popular Ethel V\u00e1zquez e Jes\u00fas Mar\u00eda Fern\u00e1ndez Rosende cualificaron hoxe como de \u201cmisi\u00f3n cuasi imposible\u201d alugar un piso na cidade de A Coru\u00f1a, unha situaci\u00f3n que se agravou logo da declaraci\u00f3n como zona tensionada. Por este motivo, solicitaron ao Concello que \u201cbusque alternativas reais e efectivas que faciliten o acceso \u00e1 vivenda, sen comprometer a estabilidade do mercado nin provocar unha desbandada da oferta\u201d.\",\"breadcrumb\":{\"@id\":\"https:\\\/\\\/ppdegalicia.com\\\/es\\\/o-ppdeg-cualifica-de-mision-cuasi-imposible-alugar-un-piso-en-a-coruna-logo-da-declaracion-da-cidade-como-zona-tensionada\\\/#breadcrumb\"},\"inLanguage\":\"es\",\"potentialAction\":[{\"@type\":\"ReadAction\",\"target\":[\"https:\\\/\\\/ppdegalicia.com\\\/es\\\/o-ppdeg-cualifica-de-mision-cuasi-imposible-alugar-un-piso-en-a-coruna-logo-da-declaracion-da-cidade-como-zona-tensionada\\\/\"]}]},{\"@type\":\"ImageObject\",\"inLanguage\":\"es\",\"@id\":\"https:\\\/\\\/ppdegalicia.com\\\/es\\\/o-ppdeg-cualifica-de-mision-cuasi-imposible-alugar-un-piso-en-a-coruna-logo-da-declaracion-da-cidade-como-zona-tensionada\\\/#primaryimage\",\"url\":\"https:\\\/\\\/ppdegalicia.com\\\/wp-content\\\/uploads\\\/2025\\\/12\\\/Ethel-Vazquez-e-Fernandez-Rosende-en-A-Coruna-01.jpg\",\"contentUrl\":\"https:\\\/\\\/ppdegalicia.com\\\/wp-content\\\/uploads\\\/2025\\\/12\\\/Ethel-Vazquez-e-Fernandez-Rosende-en-A-Coruna-01.jpg\",\"width\":1600,\"height\":1200},{\"@type\":\"BreadcrumbList\",\"@id\":\"https:\\\/\\\/ppdegalicia.com\\\/es\\\/o-ppdeg-cualifica-de-mision-cuasi-imposible-alugar-un-piso-en-a-coruna-logo-da-declaracion-da-cidade-como-zona-tensionada\\\/#breadcrumb\",\"itemListElement\":[{\"@type\":\"ListItem\",\"position\":1,\"name\":\"Portada\",\"item\":\"https:\\\/\\\/ppdegalicia.com\\\/es\\\/\"},{\"@type\":\"ListItem\",\"position\":2,\"name\":\"O PPdeG cualifica de \u201cmisi\u00f3n cuasi imposible\u201d alugar un piso en A Coru\u00f1a logo da declaraci\u00f3n da cidade como zona tensionada\"}]},{\"@type\":\"WebSite\",\"@id\":\"https:\\\/\\\/ppdegalicia.com\\\/es\\\/#website\",\"url\":\"https:\\\/\\\/ppdegalicia.com\\\/es\\\/\",\"name\":\"Partido Popular de Galicia\",\"description\":\"Partido Popular de Galicia\",\"publisher\":{\"@id\":\"https:\\\/\\\/ppdegalicia.com\\\/es\\\/#organization\"},\"alternateName\":\"PP de Galicia\",\"potentialAction\":[{\"@type\":\"SearchAction\",\"target\":{\"@type\":\"EntryPoint\",\"urlTemplate\":\"https:\\\/\\\/ppdegalicia.com\\\/es\\\/?s={search_term_string}\"},\"query-input\":{\"@type\":\"PropertyValueSpecification\",\"valueRequired\":true,\"valueName\":\"search_term_string\"}}],\"inLanguage\":\"es\"},{\"@type\":\"Organization\",\"@id\":\"https:\\\/\\\/ppdegalicia.com\\\/es\\\/#organization\",\"name\":\"Partido Popular de Galicia\",\"alternateName\":\"PP de Galicia\",\"url\":\"https:\\\/\\\/ppdegalicia.com\\\/es\\\/\",\"logo\":{\"@type\":\"ImageObject\",\"inLanguage\":\"es\",\"@id\":\"https:\\\/\\\/ppdegalicia.com\\\/es\\\/#\\\/schema\\\/logo\\\/image\\\/\",\"url\":\"https:\\\/\\\/ppdegalicia.com\\\/wp-content\\\/uploads\\\/2023\\\/04\\\/logoPP512.png\",\"contentUrl\":\"https:\\\/\\\/ppdegalicia.com\\\/wp-content\\\/uploads\\\/2023\\\/04\\\/logoPP512.png\",\"width\":512,\"height\":512,\"caption\":\"Partido Popular de Galicia\"},\"image\":{\"@id\":\"https:\\\/\\\/ppdegalicia.com\\\/es\\\/#\\\/schema\\\/logo\\\/image\\\/\"},\"sameAs\":[\"https:\\\/\\\/www.instagram.com\\\/ppdegalicia\\\/\",\"https:\\\/\\\/x.com\\\/ppdegalicia\",\"https:\\\/\\\/www.tiktok.com\\\/@ppdegalicia\",\"https:\\\/\\\/www.youtube.com\\\/user\\\/ppdegalicia\"]},{\"@type\":\"Person\",\"@id\":\"https:\\\/\\\/ppdegalicia.com\\\/es\\\/#\\\/schema\\\/person\\\/5b822c6f59e872ebdd1142f307dbcb59\",\"name\":\"ppdegaliciaredes\",\"image\":{\"@type\":\"ImageObject\",\"inLanguage\":\"es\",\"@id\":\"https:\\\/\\\/secure.gravatar.com\\\/avatar\\\/3c9179cf0256d00c72a48d1f25783c58b6842cd56e85ef3a572881c8e28ccd59?s=96&d=mm&r=g\",\"url\":\"https:\\\/\\\/secure.gravatar.com\\\/avatar\\\/3c9179cf0256d00c72a48d1f25783c58b6842cd56e85ef3a572881c8e28ccd59?s=96&d=mm&r=g\",\"contentUrl\":\"https:\\\/\\\/secure.gravatar.com\\\/avatar\\\/3c9179cf0256d00c72a48d1f25783c58b6842cd56e85ef3a572881c8e28ccd59?s=96&d=mm&r=g\",\"caption\":\"ppdegaliciaredes\"},\"url\":\"https:\\\/\\\/ppdegalicia.com\\\/es\\\/author\\\/ppdegaliciaredes\\\/\"}]}<\/script>\n<!-- \/ Yoast SEO plugin. -->","yoast_head_json":{"title":"O PPdeG cualifica de \u201cmisi\u00f3n cuasi imposible\u201d alugar un piso en A Coru\u00f1a logo da declaraci\u00f3n da cidade como zona tensionada - PP de Galicia","description":"Os deputados do Grupo Popular Ethel V\u00e1zquez e Jes\u00fas Mar\u00eda Fern\u00e1ndez Rosende cualificaron hoxe como de \u201cmisi\u00f3n cuasi imposible\u201d alugar un piso na cidade de A Coru\u00f1a, unha situaci\u00f3n que se agravou logo da declaraci\u00f3n como zona tensionada. Por este motivo, solicitaron ao Concello que \u201cbusque alternativas reais e efectivas que faciliten o acceso \u00e1 vivenda, sen comprometer a estabilidade do mercado nin provocar unha desbandada da oferta\u201d.","robots":{"index":"index","follow":"follow","max-snippet":"max-snippet:-1","max-image-preview":"max-image-preview:large","max-video-preview":"max-video-preview:-1"},"canonical":"https:\/\/ppdegalicia.com\/es\/o-ppdeg-cualifica-de-mision-cuasi-imposible-alugar-un-piso-en-a-coruna-logo-da-declaracion-da-cidade-como-zona-tensionada\/","og_locale":"es_ES","og_type":"article","og_title":"O PPdeG cualifica de \u201cmisi\u00f3n cuasi imposible\u201d alugar un piso en A Coru\u00f1a logo da declaraci\u00f3n da cidade como zona tensionada - PP de Galicia","og_description":"Os deputados do Grupo Popular Ethel V\u00e1zquez e Jes\u00fas Mar\u00eda Fern\u00e1ndez Rosende cualificaron hoxe como de \u201cmisi\u00f3n cuasi imposible\u201d alugar un piso na cidade de A Coru\u00f1a, unha situaci\u00f3n que se agravou logo da declaraci\u00f3n como zona tensionada. Por este motivo, solicitaron ao Concello que \u201cbusque alternativas reais e efectivas que faciliten o acceso \u00e1 vivenda, sen comprometer a estabilidade do mercado nin provocar unha desbandada da oferta\u201d.","og_url":"https:\/\/ppdegalicia.com\/es\/o-ppdeg-cualifica-de-mision-cuasi-imposible-alugar-un-piso-en-a-coruna-logo-da-declaracion-da-cidade-como-zona-tensionada\/","og_site_name":"PP de Galicia","article_publisher":"https:\/\/www.instagram.com\/ppdegalicia\/","article_published_time":"2025-12-13T19:15:53+00:00","og_image":[{"width":1600,"height":1200,"url":"https:\/\/ppdegalicia.com\/wp-content\/uploads\/2025\/12\/Ethel-Vazquez-e-Fernandez-Rosende-en-A-Coruna-01.jpg","type":"image\/jpeg"}],"author":"ppdegaliciaredes","twitter_card":"summary_large_image","twitter_creator":"@ppdegalicia","twitter_site":"@ppdegalicia","twitter_misc":{"Escrito por":"ppdegaliciaredes","Tiempo de lectura":"2 minutos"},"schema":{"@context":"https:\/\/schema.org","@graph":[{"@type":"Article","@id":"https:\/\/ppdegalicia.com\/es\/o-ppdeg-cualifica-de-mision-cuasi-imposible-alugar-un-piso-en-a-coruna-logo-da-declaracion-da-cidade-como-zona-tensionada\/#article","isPartOf":{"@id":"https:\/\/ppdegalicia.com\/es\/o-ppdeg-cualifica-de-mision-cuasi-imposible-alugar-un-piso-en-a-coruna-logo-da-declaracion-da-cidade-como-zona-tensionada\/"},"author":{"name":"ppdegaliciaredes","@id":"https:\/\/ppdegalicia.com\/es\/#\/schema\/person\/5b822c6f59e872ebdd1142f307dbcb59"},"headline":"O PPdeG cualifica de \u201cmisi\u00f3n cuasi imposible\u201d alugar un piso en A Coru\u00f1a logo da declaraci\u00f3n da cidade como zona tensionada","datePublished":"2025-12-13T19:15:53+00:00","mainEntityOfPage":{"@id":"https:\/\/ppdegalicia.com\/es\/o-ppdeg-cualifica-de-mision-cuasi-imposible-alugar-un-piso-en-a-coruna-logo-da-declaracion-da-cidade-como-zona-tensionada\/"},"wordCount":367,"publisher":{"@id":"https:\/\/ppdegalicia.com\/es\/#organization"},"image":{"@id":"https:\/\/ppdegalicia.com\/es\/o-ppdeg-cualifica-de-mision-cuasi-imposible-alugar-un-piso-en-a-coruna-logo-da-declaracion-da-cidade-como-zona-tensionada\/#primaryimage"},"thumbnailUrl":"https:\/\/ppdegalicia.com\/wp-content\/uploads\/2025\/12\/Ethel-Vazquez-e-Fernandez-Rosende-en-A-Coruna-01.jpg","articleSection":["Parlamento de Galicia"],"inLanguage":"es"},{"@type":"WebPage","@id":"https:\/\/ppdegalicia.com\/es\/o-ppdeg-cualifica-de-mision-cuasi-imposible-alugar-un-piso-en-a-coruna-logo-da-declaracion-da-cidade-como-zona-tensionada\/","url":"https:\/\/ppdegalicia.com\/es\/o-ppdeg-cualifica-de-mision-cuasi-imposible-alugar-un-piso-en-a-coruna-logo-da-declaracion-da-cidade-como-zona-tensionada\/","name":"O PPdeG cualifica de \u201cmisi\u00f3n cuasi imposible\u201d alugar un piso en A Coru\u00f1a logo da declaraci\u00f3n da cidade como zona tensionada - PP de Galicia","isPartOf":{"@id":"https:\/\/ppdegalicia.com\/es\/#website"},"primaryImageOfPage":{"@id":"https:\/\/ppdegalicia.com\/es\/o-ppdeg-cualifica-de-mision-cuasi-imposible-alugar-un-piso-en-a-coruna-logo-da-declaracion-da-cidade-como-zona-tensionada\/#primaryimage"},"image":{"@id":"https:\/\/ppdegalicia.com\/es\/o-ppdeg-cualifica-de-mision-cuasi-imposible-alugar-un-piso-en-a-coruna-logo-da-declaracion-da-cidade-como-zona-tensionada\/#primaryimage"},"thumbnailUrl":"https:\/\/ppdegalicia.com\/wp-content\/uploads\/2025\/12\/Ethel-Vazquez-e-Fernandez-Rosende-en-A-Coruna-01.jpg","datePublished":"2025-12-13T19:15:53+00:00","description":"Os deputados do Grupo Popular Ethel V\u00e1zquez e Jes\u00fas Mar\u00eda Fern\u00e1ndez Rosende cualificaron hoxe como de \u201cmisi\u00f3n cuasi imposible\u201d alugar un piso na cidade de A Coru\u00f1a, unha situaci\u00f3n que se agravou logo da declaraci\u00f3n como zona tensionada. Por este motivo, solicitaron ao Concello que \u201cbusque alternativas reais e efectivas que faciliten o acceso \u00e1 vivenda, sen comprometer a estabilidade do mercado nin provocar unha desbandada da oferta\u201d.","breadcrumb":{"@id":"https:\/\/ppdegalicia.com\/es\/o-ppdeg-cualifica-de-mision-cuasi-imposible-alugar-un-piso-en-a-coruna-logo-da-declaracion-da-cidade-como-zona-tensionada\/#breadcrumb"},"inLanguage":"es","potentialAction":[{"@type":"ReadAction","target":["https:\/\/ppdegalicia.com\/es\/o-ppdeg-cualifica-de-mision-cuasi-imposible-alugar-un-piso-en-a-coruna-logo-da-declaracion-da-cidade-como-zona-tensionada\/"]}]},{"@type":"ImageObject","inLanguage":"es","@id":"https:\/\/ppdegalicia.com\/es\/o-ppdeg-cualifica-de-mision-cuasi-imposible-alugar-un-piso-en-a-coruna-logo-da-declaracion-da-cidade-como-zona-tensionada\/#primaryimage","url":"https:\/\/ppdegalicia.com\/wp-content\/uploads\/2025\/12\/Ethel-Vazquez-e-Fernandez-Rosende-en-A-Coruna-01.jpg","contentUrl":"https:\/\/ppdegalicia.com\/wp-content\/uploads\/2025\/12\/Ethel-Vazquez-e-Fernandez-Rosende-en-A-Coruna-01.jpg","width":1600,"height":1200},{"@type":"BreadcrumbList","@id":"https:\/\/ppdegalicia.com\/es\/o-ppdeg-cualifica-de-mision-cuasi-imposible-alugar-un-piso-en-a-coruna-logo-da-declaracion-da-cidade-como-zona-tensionada\/#breadcrumb","itemListElement":[{"@type":"ListItem","position":1,"name":"Portada","item":"https:\/\/ppdegalicia.com\/es\/"},{"@type":"ListItem","position":2,"name":"O PPdeG cualifica de \u201cmisi\u00f3n cuasi imposible\u201d alugar un piso en A Coru\u00f1a logo da declaraci\u00f3n da cidade como zona tensionada"}]},{"@type":"WebSite","@id":"https:\/\/ppdegalicia.com\/es\/#website","url":"https:\/\/ppdegalicia.com\/es\/","name":"Partido Popular de Galicia","description":"Partido Popular de Galicia","publisher":{"@id":"https:\/\/ppdegalicia.com\/es\/#organization"},"alternateName":"PP de Galicia","potentialAction":[{"@type":"SearchAction","target":{"@type":"EntryPoint","urlTemplate":"https:\/\/ppdegalicia.com\/es\/?s={search_term_string}"},"query-input":{"@type":"PropertyValueSpecification","valueRequired":true,"valueName":"search_term_string"}}],"inLanguage":"es"},{"@type":"Organization","@id":"https:\/\/ppdegalicia.com\/es\/#organization","name":"Partido Popular de Galicia","alternateName":"PP de Galicia","url":"https:\/\/ppdegalicia.com\/es\/","logo":{"@type":"ImageObject","inLanguage":"es","@id":"https:\/\/ppdegalicia.com\/es\/#\/schema\/logo\/image\/","url":"https:\/\/ppdegalicia.com\/wp-content\/uploads\/2023\/04\/logoPP512.png","contentUrl":"https:\/\/ppdegalicia.com\/wp-content\/uploads\/2023\/04\/logoPP512.png","width":512,"height":512,"caption":"Partido Popular de Galicia"},"image":{"@id":"https:\/\/ppdegalicia.com\/es\/#\/schema\/logo\/image\/"},"sameAs":["https:\/\/www.instagram.com\/ppdegalicia\/","https:\/\/x.com\/ppdegalicia","https:\/\/www.tiktok.com\/@ppdegalicia","https:\/\/www.youtube.com\/user\/ppdegalicia"]},{"@type":"Person","@id":"https:\/\/ppdegalicia.com\/es\/#\/schema\/person\/5b822c6f59e872ebdd1142f307dbcb59","name":"ppdegaliciaredes","image":{"@type":"ImageObject","inLanguage":"es","@id":"https:\/\/secure.gravatar.com\/avatar\/3c9179cf0256d00c72a48d1f25783c58b6842cd56e85ef3a572881c8e28ccd59?s=96&d=mm&r=g","url":"https:\/\/secure.gravatar.com\/avatar\/3c9179cf0256d00c72a48d1f25783c58b6842cd56e85ef3a572881c8e28ccd59?s=96&d=mm&r=g","contentUrl":"https:\/\/secure.gravatar.com\/avatar\/3c9179cf0256d00c72a48d1f25783c58b6842cd56e85ef3a572881c8e28ccd59?s=96&d=mm&r=g","caption":"ppdegaliciaredes"},"url":"https:\/\/ppdegalicia.com\/es\/author\/ppdegaliciaredes\/"}]}},"_links":{"self":[{"href":"https:\/\/ppdegalicia.com\/es\/wp-json\/wp\/v2\/posts\/69479","targetHints":{"allow":["GET"]}}],"collection":[{"href":"https:\/\/ppdegalicia.com\/es\/wp-json\/wp\/v2\/posts"}],"about":[{"href":"https:\/\/ppdegalicia.com\/es\/wp-json\/wp\/v2\/types\/post"}],"author":[{"embeddable":true,"href":"https:\/\/ppdegalicia.com\/es\/wp-json\/wp\/v2\/users\/38"}],"replies":[{"embeddable":true,"href":"https:\/\/ppdegalicia.com\/es\/wp-json\/wp\/v2\/comments?post=69479"}],"version-history":[{"count":1,"href":"https:\/\/ppdegalicia.com\/es\/wp-json\/wp\/v2\/posts\/69479\/revisions"}],"predecessor-version":[{"id":69482,"href":"https:\/\/ppdegalicia.com\/es\/wp-json\/wp\/v2\/posts\/69479\/revisions\/69482"}],"wp:featuredmedia":[{"embeddable":true,"href":"https:\/\/ppdegalicia.com\/es\/wp-json\/wp\/v2\/media\/69480"}],"wp:attachment":[{"href":"https:\/\/ppdegalicia.com\/es\/wp-json\/wp\/v2\/media?parent=69479"}],"wp:term":[{"taxonomy":"category","embeddable":true,"href":"https:\/\/ppdegalicia.com\/es\/wp-json\/wp\/v2\/categories?post=69479"},{"taxonomy":"post_tag","embeddable":true,"href":"https:\/\/ppdegalicia.com\/es\/wp-json\/wp\/v2\/tags?post=69479"}],"curies":[{"name":"wp","href":"https:\/\/api.w.org\/{rel}","templated":true}]}}