{"id":69483,"date":"2025-12-13T20:20:03","date_gmt":"2025-12-13T19:20:03","guid":{"rendered":"https:\/\/ppdegalicia.com\/?p=69483"},"modified":"2025-12-13T20:20:03","modified_gmt":"2025-12-13T19:20:03","slug":"o-ppdeg-salienta-que-a-xunta-destinara-o-vindeiro-ano-13-millons-de-euros-para-a-conservacion-do-patrimonio-historico-de-allariz","status":"publish","type":"post","link":"https:\/\/ppdegalicia.com\/es\/o-ppdeg-salienta-que-a-xunta-destinara-o-vindeiro-ano-13-millons-de-euros-para-a-conservacion-do-patrimonio-historico-de-allariz\/","title":{"rendered":"O PPdeG salienta que a Xunta destinar\u00e1 o vindeiro ano 1,3 mill\u00f3ns de euros para a conservaci\u00f3n do patrimonio hist\u00f3rico de Allariz"},"content":{"rendered":"<p>Os deputados do Grupo Popular Juan Manuel Casares e V\u00edctor Baladr\u00f3n, acompa\u00f1ados do portavoz do PP en Allariz, Jos\u00e9 Benito Grande, salientaron hoxe que a Xunta de Galicia investir\u00e1 o vindeiro ano 1,3 mill\u00f3ns de euros na conservaci\u00f3n do patrimonio hist\u00f3rico deste concello ourens\u00e1.<\/p>\n<p>En concreto, e dentro do Plan Territorial de sostebilidade tur\u00edstica en vilas termais e cascos hist\u00f3ricos, a Xunta destinar\u00e1 un mill\u00f3n de euros \u00e1 realizaci\u00f3n de actuaci\u00f3ns no casco hist\u00f3rico, espazos patrimoniais e a contorna do r\u00edo Arnoia no municipio alaric\u00e1n.<\/p>\n<p>A este orzamento sumaranse outros 250.000 euros dentro do Plan Especial do Casco Hist\u00f3rico e 18.000 euros que se destinar\u00e1n a traballos de conservaci\u00f3n e posta en valor do castro de Arme\u00e1.<\/p>\n<p><strong>APOSTA POLA CONSERVACI\u00d3N<\/strong><\/p>\n<p>\u201cEste investimento directo de cerca de 1,3 mill\u00f3ns de euros do Goberno galego en patrimonio e bens de interese cultural converte a Allariz nun dos concellos m\u00e1is apoiados pola Xunta de Galicia na realizaci\u00f3n deste tipo de actuaci\u00f3ns\u201d, salientou o deputado popular V\u00edctor Baladr\u00f3n.<\/p>\n<p>Pola s\u00faa banda, Juan Manuel Casares afirmou que \u201ceste orzamento demostra non s\u00f3 o compromiso do Goberno galego con este concello ourens\u00e1n, sen\u00f3n tam\u00e9n unha aposta pola conservaci\u00f3n destas pegadas que a nosa historia deixou no territorio e que constit\u00faen unha parte esencial da nosa identidade cultural como galegos\u201d.<\/p>\n","protected":false},"excerpt":{"rendered":"<p>Os deputados do Grupo Popular Juan Manuel Casares e V\u00edctor Baladr\u00f3n, acompa\u00f1ados do portavoz do PP en Allariz, Jos\u00e9 Benito Grande, salientaron hoxe que a Xunta de Galicia investir\u00e1 o vindeiro ano 1,3 mill\u00f3ns de euros na conservaci\u00f3n do patrimonio hist\u00f3rico deste concello ourens\u00e1. En concreto, e dentro do Plan Territorial de sostebilidade tur\u00edstica en [&hellip;]<\/p>\n","protected":false},"author":38,"featured_media":69484,"comment_status":"closed","ping_status":"open","sticky":false,"template":"","format":"standard","meta":{"_acf_changed":false,"footnotes":""},"categories":[1128],"tags":[],"class_list":["post-69483","post","type-post","status-publish","format-standard","has-post-thumbnail","hentry","category-actualidad-parlamento-de-galicia"],"acf":[],"yoast_head":"<!-- This site is optimized with the Yoast SEO plugin v27.3 - https:\/\/yoast.com\/product\/yoast-seo-wordpress\/ -->\n<title>O PPdeG salienta que a Xunta destinar\u00e1 o vindeiro ano 1,3 mill\u00f3ns de euros para a conservaci\u00f3n do patrimonio hist\u00f3rico de Allariz - PP de Galicia<\/title>\n<meta name=\"description\" content=\"Os deputados do Grupo Popular Juan Manuel Casares e V\u00edctor Baladr\u00f3n, acompa\u00f1ados do portavoz do PP en Allariz, Jos\u00e9 Benito Grande, salientaron hoxe que a Xunta de Galicia investir\u00e1 o vindeiro ano 1,3 mill\u00f3ns de euros na conservaci\u00f3n do patrimonio hist\u00f3rico deste concello ourens\u00e1.\" \/>\n<meta name=\"robots\" content=\"index, follow, max-snippet:-1, max-image-preview:large, max-video-preview:-1\" \/>\n<link rel=\"canonical\" href=\"https:\/\/ppdegalicia.com\/es\/o-ppdeg-salienta-que-a-xunta-destinara-o-vindeiro-ano-13-millons-de-euros-para-a-conservacion-do-patrimonio-historico-de-allariz\/\" \/>\n<meta property=\"og:locale\" content=\"es_ES\" \/>\n<meta property=\"og:type\" content=\"article\" \/>\n<meta property=\"og:title\" content=\"O PPdeG salienta que a Xunta destinar\u00e1 o vindeiro ano 1,3 mill\u00f3ns de euros para a conservaci\u00f3n do patrimonio hist\u00f3rico de Allariz - PP de Galicia\" \/>\n<meta property=\"og:description\" content=\"Os deputados do Grupo Popular Juan Manuel Casares e V\u00edctor Baladr\u00f3n, acompa\u00f1ados do portavoz do PP en Allariz, Jos\u00e9 Benito Grande, salientaron hoxe que a Xunta de Galicia investir\u00e1 o vindeiro ano 1,3 mill\u00f3ns de euros na conservaci\u00f3n do patrimonio hist\u00f3rico deste concello ourens\u00e1.\" \/>\n<meta property=\"og:url\" content=\"https:\/\/ppdegalicia.com\/es\/o-ppdeg-salienta-que-a-xunta-destinara-o-vindeiro-ano-13-millons-de-euros-para-a-conservacion-do-patrimonio-historico-de-allariz\/\" \/>\n<meta property=\"og:site_name\" content=\"PP de Galicia\" \/>\n<meta property=\"article:publisher\" content=\"https:\/\/www.instagram.com\/ppdegalicia\/\" \/>\n<meta property=\"article:published_time\" content=\"2025-12-13T19:20:03+00:00\" \/>\n<meta property=\"og:image\" content=\"https:\/\/ppdegalicia.com\/wp-content\/uploads\/2025\/12\/Victor-Baladron-e-Juan-Casares-xunto-con-Jose-Benito-Grande-en-Allariz-02.jpg\" \/>\n\t<meta property=\"og:image:width\" content=\"2296\" \/>\n\t<meta property=\"og:image:height\" content=\"2296\" \/>\n\t<meta property=\"og:image:type\" content=\"image\/jpeg\" \/>\n<meta name=\"author\" content=\"ppdegaliciaredes\" \/>\n<meta name=\"twitter:card\" content=\"summary_large_image\" \/>\n<meta name=\"twitter:creator\" content=\"@ppdegalicia\" \/>\n<meta name=\"twitter:site\" content=\"@ppdegalicia\" \/>\n<meta name=\"twitter:label1\" content=\"Escrito por\" \/>\n\t<meta name=\"twitter:data1\" content=\"ppdegaliciaredes\" \/>\n\t<meta name=\"twitter:label2\" content=\"Tiempo de lectura\" \/>\n\t<meta name=\"twitter:data2\" content=\"2 minutos\" \/>\n<script type=\"application\/ld+json\" class=\"yoast-schema-graph\">{\"@context\":\"https:\\\/\\\/schema.org\",\"@graph\":[{\"@type\":\"Article\",\"@id\":\"https:\\\/\\\/ppdegalicia.com\\\/es\\\/o-ppdeg-salienta-que-a-xunta-destinara-o-vindeiro-ano-13-millons-de-euros-para-a-conservacion-do-patrimonio-historico-de-allariz\\\/#article\",\"isPartOf\":{\"@id\":\"https:\\\/\\\/ppdegalicia.com\\\/es\\\/o-ppdeg-salienta-que-a-xunta-destinara-o-vindeiro-ano-13-millons-de-euros-para-a-conservacion-do-patrimonio-historico-de-allariz\\\/\"},\"author\":{\"name\":\"ppdegaliciaredes\",\"@id\":\"https:\\\/\\\/ppdegalicia.com\\\/es\\\/#\\\/schema\\\/person\\\/5b822c6f59e872ebdd1142f307dbcb59\"},\"headline\":\"O PPdeG salienta que a Xunta destinar\u00e1 o vindeiro ano 1,3 mill\u00f3ns de euros para a conservaci\u00f3n do patrimonio hist\u00f3rico de Allariz\",\"datePublished\":\"2025-12-13T19:20:03+00:00\",\"mainEntityOfPage\":{\"@id\":\"https:\\\/\\\/ppdegalicia.com\\\/es\\\/o-ppdeg-salienta-que-a-xunta-destinara-o-vindeiro-ano-13-millons-de-euros-para-a-conservacion-do-patrimonio-historico-de-allariz\\\/\"},\"wordCount\":262,\"publisher\":{\"@id\":\"https:\\\/\\\/ppdegalicia.com\\\/es\\\/#organization\"},\"image\":{\"@id\":\"https:\\\/\\\/ppdegalicia.com\\\/es\\\/o-ppdeg-salienta-que-a-xunta-destinara-o-vindeiro-ano-13-millons-de-euros-para-a-conservacion-do-patrimonio-historico-de-allariz\\\/#primaryimage\"},\"thumbnailUrl\":\"https:\\\/\\\/ppdegalicia.com\\\/wp-content\\\/uploads\\\/2025\\\/12\\\/Victor-Baladron-e-Juan-Casares-xunto-con-Jose-Benito-Grande-en-Allariz-02.jpg\",\"articleSection\":[\"Parlamento de Galicia\"],\"inLanguage\":\"es\"},{\"@type\":\"WebPage\",\"@id\":\"https:\\\/\\\/ppdegalicia.com\\\/es\\\/o-ppdeg-salienta-que-a-xunta-destinara-o-vindeiro-ano-13-millons-de-euros-para-a-conservacion-do-patrimonio-historico-de-allariz\\\/\",\"url\":\"https:\\\/\\\/ppdegalicia.com\\\/es\\\/o-ppdeg-salienta-que-a-xunta-destinara-o-vindeiro-ano-13-millons-de-euros-para-a-conservacion-do-patrimonio-historico-de-allariz\\\/\",\"name\":\"O PPdeG salienta que a Xunta destinar\u00e1 o vindeiro ano 1,3 mill\u00f3ns de euros para a conservaci\u00f3n do patrimonio hist\u00f3rico de Allariz - PP de Galicia\",\"isPartOf\":{\"@id\":\"https:\\\/\\\/ppdegalicia.com\\\/es\\\/#website\"},\"primaryImageOfPage\":{\"@id\":\"https:\\\/\\\/ppdegalicia.com\\\/es\\\/o-ppdeg-salienta-que-a-xunta-destinara-o-vindeiro-ano-13-millons-de-euros-para-a-conservacion-do-patrimonio-historico-de-allariz\\\/#primaryimage\"},\"image\":{\"@id\":\"https:\\\/\\\/ppdegalicia.com\\\/es\\\/o-ppdeg-salienta-que-a-xunta-destinara-o-vindeiro-ano-13-millons-de-euros-para-a-conservacion-do-patrimonio-historico-de-allariz\\\/#primaryimage\"},\"thumbnailUrl\":\"https:\\\/\\\/ppdegalicia.com\\\/wp-content\\\/uploads\\\/2025\\\/12\\\/Victor-Baladron-e-Juan-Casares-xunto-con-Jose-Benito-Grande-en-Allariz-02.jpg\",\"datePublished\":\"2025-12-13T19:20:03+00:00\",\"description\":\"Os deputados do Grupo Popular Juan Manuel Casares e V\u00edctor Baladr\u00f3n, acompa\u00f1ados do portavoz do PP en Allariz, Jos\u00e9 Benito Grande, salientaron hoxe que a Xunta de Galicia investir\u00e1 o vindeiro ano 1,3 mill\u00f3ns de euros na conservaci\u00f3n do patrimonio hist\u00f3rico deste concello ourens\u00e1.\",\"breadcrumb\":{\"@id\":\"https:\\\/\\\/ppdegalicia.com\\\/es\\\/o-ppdeg-salienta-que-a-xunta-destinara-o-vindeiro-ano-13-millons-de-euros-para-a-conservacion-do-patrimonio-historico-de-allariz\\\/#breadcrumb\"},\"inLanguage\":\"es\",\"potentialAction\":[{\"@type\":\"ReadAction\",\"target\":[\"https:\\\/\\\/ppdegalicia.com\\\/es\\\/o-ppdeg-salienta-que-a-xunta-destinara-o-vindeiro-ano-13-millons-de-euros-para-a-conservacion-do-patrimonio-historico-de-allariz\\\/\"]}]},{\"@type\":\"ImageObject\",\"inLanguage\":\"es\",\"@id\":\"https:\\\/\\\/ppdegalicia.com\\\/es\\\/o-ppdeg-salienta-que-a-xunta-destinara-o-vindeiro-ano-13-millons-de-euros-para-a-conservacion-do-patrimonio-historico-de-allariz\\\/#primaryimage\",\"url\":\"https:\\\/\\\/ppdegalicia.com\\\/wp-content\\\/uploads\\\/2025\\\/12\\\/Victor-Baladron-e-Juan-Casares-xunto-con-Jose-Benito-Grande-en-Allariz-02.jpg\",\"contentUrl\":\"https:\\\/\\\/ppdegalicia.com\\\/wp-content\\\/uploads\\\/2025\\\/12\\\/Victor-Baladron-e-Juan-Casares-xunto-con-Jose-Benito-Grande-en-Allariz-02.jpg\",\"width\":2296,\"height\":2296},{\"@type\":\"BreadcrumbList\",\"@id\":\"https:\\\/\\\/ppdegalicia.com\\\/es\\\/o-ppdeg-salienta-que-a-xunta-destinara-o-vindeiro-ano-13-millons-de-euros-para-a-conservacion-do-patrimonio-historico-de-allariz\\\/#breadcrumb\",\"itemListElement\":[{\"@type\":\"ListItem\",\"position\":1,\"name\":\"Portada\",\"item\":\"https:\\\/\\\/ppdegalicia.com\\\/es\\\/\"},{\"@type\":\"ListItem\",\"position\":2,\"name\":\"O PPdeG salienta que a Xunta destinar\u00e1 o vindeiro ano 1,3 mill\u00f3ns de euros para a conservaci\u00f3n do patrimonio hist\u00f3rico de Allariz\"}]},{\"@type\":\"WebSite\",\"@id\":\"https:\\\/\\\/ppdegalicia.com\\\/es\\\/#website\",\"url\":\"https:\\\/\\\/ppdegalicia.com\\\/es\\\/\",\"name\":\"Partido Popular de Galicia\",\"description\":\"Partido Popular de Galicia\",\"publisher\":{\"@id\":\"https:\\\/\\\/ppdegalicia.com\\\/es\\\/#organization\"},\"alternateName\":\"PP de Galicia\",\"potentialAction\":[{\"@type\":\"SearchAction\",\"target\":{\"@type\":\"EntryPoint\",\"urlTemplate\":\"https:\\\/\\\/ppdegalicia.com\\\/es\\\/?s={search_term_string}\"},\"query-input\":{\"@type\":\"PropertyValueSpecification\",\"valueRequired\":true,\"valueName\":\"search_term_string\"}}],\"inLanguage\":\"es\"},{\"@type\":\"Organization\",\"@id\":\"https:\\\/\\\/ppdegalicia.com\\\/es\\\/#organization\",\"name\":\"Partido Popular de Galicia\",\"alternateName\":\"PP de Galicia\",\"url\":\"https:\\\/\\\/ppdegalicia.com\\\/es\\\/\",\"logo\":{\"@type\":\"ImageObject\",\"inLanguage\":\"es\",\"@id\":\"https:\\\/\\\/ppdegalicia.com\\\/es\\\/#\\\/schema\\\/logo\\\/image\\\/\",\"url\":\"https:\\\/\\\/ppdegalicia.com\\\/wp-content\\\/uploads\\\/2023\\\/04\\\/logoPP512.png\",\"contentUrl\":\"https:\\\/\\\/ppdegalicia.com\\\/wp-content\\\/uploads\\\/2023\\\/04\\\/logoPP512.png\",\"width\":512,\"height\":512,\"caption\":\"Partido Popular de Galicia\"},\"image\":{\"@id\":\"https:\\\/\\\/ppdegalicia.com\\\/es\\\/#\\\/schema\\\/logo\\\/image\\\/\"},\"sameAs\":[\"https:\\\/\\\/www.instagram.com\\\/ppdegalicia\\\/\",\"https:\\\/\\\/x.com\\\/ppdegalicia\",\"https:\\\/\\\/www.tiktok.com\\\/@ppdegalicia\",\"https:\\\/\\\/www.youtube.com\\\/user\\\/ppdegalicia\"]},{\"@type\":\"Person\",\"@id\":\"https:\\\/\\\/ppdegalicia.com\\\/es\\\/#\\\/schema\\\/person\\\/5b822c6f59e872ebdd1142f307dbcb59\",\"name\":\"ppdegaliciaredes\",\"image\":{\"@type\":\"ImageObject\",\"inLanguage\":\"es\",\"@id\":\"https:\\\/\\\/secure.gravatar.com\\\/avatar\\\/3c9179cf0256d00c72a48d1f25783c58b6842cd56e85ef3a572881c8e28ccd59?s=96&d=mm&r=g\",\"url\":\"https:\\\/\\\/secure.gravatar.com\\\/avatar\\\/3c9179cf0256d00c72a48d1f25783c58b6842cd56e85ef3a572881c8e28ccd59?s=96&d=mm&r=g\",\"contentUrl\":\"https:\\\/\\\/secure.gravatar.com\\\/avatar\\\/3c9179cf0256d00c72a48d1f25783c58b6842cd56e85ef3a572881c8e28ccd59?s=96&d=mm&r=g\",\"caption\":\"ppdegaliciaredes\"},\"url\":\"https:\\\/\\\/ppdegalicia.com\\\/es\\\/author\\\/ppdegaliciaredes\\\/\"}]}<\/script>\n<!-- \/ Yoast SEO plugin. -->","yoast_head_json":{"title":"O PPdeG salienta que a Xunta destinar\u00e1 o vindeiro ano 1,3 mill\u00f3ns de euros para a conservaci\u00f3n do patrimonio hist\u00f3rico de Allariz - PP de Galicia","description":"Os deputados do Grupo Popular Juan Manuel Casares e V\u00edctor Baladr\u00f3n, acompa\u00f1ados do portavoz do PP en Allariz, Jos\u00e9 Benito Grande, salientaron hoxe que a Xunta de Galicia investir\u00e1 o vindeiro ano 1,3 mill\u00f3ns de euros na conservaci\u00f3n do patrimonio hist\u00f3rico deste concello ourens\u00e1.","robots":{"index":"index","follow":"follow","max-snippet":"max-snippet:-1","max-image-preview":"max-image-preview:large","max-video-preview":"max-video-preview:-1"},"canonical":"https:\/\/ppdegalicia.com\/es\/o-ppdeg-salienta-que-a-xunta-destinara-o-vindeiro-ano-13-millons-de-euros-para-a-conservacion-do-patrimonio-historico-de-allariz\/","og_locale":"es_ES","og_type":"article","og_title":"O PPdeG salienta que a Xunta destinar\u00e1 o vindeiro ano 1,3 mill\u00f3ns de euros para a conservaci\u00f3n do patrimonio hist\u00f3rico de Allariz - PP de Galicia","og_description":"Os deputados do Grupo Popular Juan Manuel Casares e V\u00edctor Baladr\u00f3n, acompa\u00f1ados do portavoz do PP en Allariz, Jos\u00e9 Benito Grande, salientaron hoxe que a Xunta de Galicia investir\u00e1 o vindeiro ano 1,3 mill\u00f3ns de euros na conservaci\u00f3n do patrimonio hist\u00f3rico deste concello ourens\u00e1.","og_url":"https:\/\/ppdegalicia.com\/es\/o-ppdeg-salienta-que-a-xunta-destinara-o-vindeiro-ano-13-millons-de-euros-para-a-conservacion-do-patrimonio-historico-de-allariz\/","og_site_name":"PP de Galicia","article_publisher":"https:\/\/www.instagram.com\/ppdegalicia\/","article_published_time":"2025-12-13T19:20:03+00:00","og_image":[{"width":2296,"height":2296,"url":"https:\/\/ppdegalicia.com\/wp-content\/uploads\/2025\/12\/Victor-Baladron-e-Juan-Casares-xunto-con-Jose-Benito-Grande-en-Allariz-02.jpg","type":"image\/jpeg"}],"author":"ppdegaliciaredes","twitter_card":"summary_large_image","twitter_creator":"@ppdegalicia","twitter_site":"@ppdegalicia","twitter_misc":{"Escrito por":"ppdegaliciaredes","Tiempo de lectura":"2 minutos"},"schema":{"@context":"https:\/\/schema.org","@graph":[{"@type":"Article","@id":"https:\/\/ppdegalicia.com\/es\/o-ppdeg-salienta-que-a-xunta-destinara-o-vindeiro-ano-13-millons-de-euros-para-a-conservacion-do-patrimonio-historico-de-allariz\/#article","isPartOf":{"@id":"https:\/\/ppdegalicia.com\/es\/o-ppdeg-salienta-que-a-xunta-destinara-o-vindeiro-ano-13-millons-de-euros-para-a-conservacion-do-patrimonio-historico-de-allariz\/"},"author":{"name":"ppdegaliciaredes","@id":"https:\/\/ppdegalicia.com\/es\/#\/schema\/person\/5b822c6f59e872ebdd1142f307dbcb59"},"headline":"O PPdeG salienta que a Xunta destinar\u00e1 o vindeiro ano 1,3 mill\u00f3ns de euros para a conservaci\u00f3n do patrimonio hist\u00f3rico de Allariz","datePublished":"2025-12-13T19:20:03+00:00","mainEntityOfPage":{"@id":"https:\/\/ppdegalicia.com\/es\/o-ppdeg-salienta-que-a-xunta-destinara-o-vindeiro-ano-13-millons-de-euros-para-a-conservacion-do-patrimonio-historico-de-allariz\/"},"wordCount":262,"publisher":{"@id":"https:\/\/ppdegalicia.com\/es\/#organization"},"image":{"@id":"https:\/\/ppdegalicia.com\/es\/o-ppdeg-salienta-que-a-xunta-destinara-o-vindeiro-ano-13-millons-de-euros-para-a-conservacion-do-patrimonio-historico-de-allariz\/#primaryimage"},"thumbnailUrl":"https:\/\/ppdegalicia.com\/wp-content\/uploads\/2025\/12\/Victor-Baladron-e-Juan-Casares-xunto-con-Jose-Benito-Grande-en-Allariz-02.jpg","articleSection":["Parlamento de Galicia"],"inLanguage":"es"},{"@type":"WebPage","@id":"https:\/\/ppdegalicia.com\/es\/o-ppdeg-salienta-que-a-xunta-destinara-o-vindeiro-ano-13-millons-de-euros-para-a-conservacion-do-patrimonio-historico-de-allariz\/","url":"https:\/\/ppdegalicia.com\/es\/o-ppdeg-salienta-que-a-xunta-destinara-o-vindeiro-ano-13-millons-de-euros-para-a-conservacion-do-patrimonio-historico-de-allariz\/","name":"O PPdeG salienta que a Xunta destinar\u00e1 o vindeiro ano 1,3 mill\u00f3ns de euros para a conservaci\u00f3n do patrimonio hist\u00f3rico de Allariz - PP de Galicia","isPartOf":{"@id":"https:\/\/ppdegalicia.com\/es\/#website"},"primaryImageOfPage":{"@id":"https:\/\/ppdegalicia.com\/es\/o-ppdeg-salienta-que-a-xunta-destinara-o-vindeiro-ano-13-millons-de-euros-para-a-conservacion-do-patrimonio-historico-de-allariz\/#primaryimage"},"image":{"@id":"https:\/\/ppdegalicia.com\/es\/o-ppdeg-salienta-que-a-xunta-destinara-o-vindeiro-ano-13-millons-de-euros-para-a-conservacion-do-patrimonio-historico-de-allariz\/#primaryimage"},"thumbnailUrl":"https:\/\/ppdegalicia.com\/wp-content\/uploads\/2025\/12\/Victor-Baladron-e-Juan-Casares-xunto-con-Jose-Benito-Grande-en-Allariz-02.jpg","datePublished":"2025-12-13T19:20:03+00:00","description":"Os deputados do Grupo Popular Juan Manuel Casares e V\u00edctor Baladr\u00f3n, acompa\u00f1ados do portavoz do PP en Allariz, Jos\u00e9 Benito Grande, salientaron hoxe que a Xunta de Galicia investir\u00e1 o vindeiro ano 1,3 mill\u00f3ns de euros na conservaci\u00f3n do patrimonio hist\u00f3rico deste concello ourens\u00e1.","breadcrumb":{"@id":"https:\/\/ppdegalicia.com\/es\/o-ppdeg-salienta-que-a-xunta-destinara-o-vindeiro-ano-13-millons-de-euros-para-a-conservacion-do-patrimonio-historico-de-allariz\/#breadcrumb"},"inLanguage":"es","potentialAction":[{"@type":"ReadAction","target":["https:\/\/ppdegalicia.com\/es\/o-ppdeg-salienta-que-a-xunta-destinara-o-vindeiro-ano-13-millons-de-euros-para-a-conservacion-do-patrimonio-historico-de-allariz\/"]}]},{"@type":"ImageObject","inLanguage":"es","@id":"https:\/\/ppdegalicia.com\/es\/o-ppdeg-salienta-que-a-xunta-destinara-o-vindeiro-ano-13-millons-de-euros-para-a-conservacion-do-patrimonio-historico-de-allariz\/#primaryimage","url":"https:\/\/ppdegalicia.com\/wp-content\/uploads\/2025\/12\/Victor-Baladron-e-Juan-Casares-xunto-con-Jose-Benito-Grande-en-Allariz-02.jpg","contentUrl":"https:\/\/ppdegalicia.com\/wp-content\/uploads\/2025\/12\/Victor-Baladron-e-Juan-Casares-xunto-con-Jose-Benito-Grande-en-Allariz-02.jpg","width":2296,"height":2296},{"@type":"BreadcrumbList","@id":"https:\/\/ppdegalicia.com\/es\/o-ppdeg-salienta-que-a-xunta-destinara-o-vindeiro-ano-13-millons-de-euros-para-a-conservacion-do-patrimonio-historico-de-allariz\/#breadcrumb","itemListElement":[{"@type":"ListItem","position":1,"name":"Portada","item":"https:\/\/ppdegalicia.com\/es\/"},{"@type":"ListItem","position":2,"name":"O PPdeG salienta que a Xunta destinar\u00e1 o vindeiro ano 1,3 mill\u00f3ns de euros para a conservaci\u00f3n do patrimonio hist\u00f3rico de Allariz"}]},{"@type":"WebSite","@id":"https:\/\/ppdegalicia.com\/es\/#website","url":"https:\/\/ppdegalicia.com\/es\/","name":"Partido Popular de Galicia","description":"Partido Popular de Galicia","publisher":{"@id":"https:\/\/ppdegalicia.com\/es\/#organization"},"alternateName":"PP de Galicia","potentialAction":[{"@type":"SearchAction","target":{"@type":"EntryPoint","urlTemplate":"https:\/\/ppdegalicia.com\/es\/?s={search_term_string}"},"query-input":{"@type":"PropertyValueSpecification","valueRequired":true,"valueName":"search_term_string"}}],"inLanguage":"es"},{"@type":"Organization","@id":"https:\/\/ppdegalicia.com\/es\/#organization","name":"Partido Popular de Galicia","alternateName":"PP de Galicia","url":"https:\/\/ppdegalicia.com\/es\/","logo":{"@type":"ImageObject","inLanguage":"es","@id":"https:\/\/ppdegalicia.com\/es\/#\/schema\/logo\/image\/","url":"https:\/\/ppdegalicia.com\/wp-content\/uploads\/2023\/04\/logoPP512.png","contentUrl":"https:\/\/ppdegalicia.com\/wp-content\/uploads\/2023\/04\/logoPP512.png","width":512,"height":512,"caption":"Partido Popular de Galicia"},"image":{"@id":"https:\/\/ppdegalicia.com\/es\/#\/schema\/logo\/image\/"},"sameAs":["https:\/\/www.instagram.com\/ppdegalicia\/","https:\/\/x.com\/ppdegalicia","https:\/\/www.tiktok.com\/@ppdegalicia","https:\/\/www.youtube.com\/user\/ppdegalicia"]},{"@type":"Person","@id":"https:\/\/ppdegalicia.com\/es\/#\/schema\/person\/5b822c6f59e872ebdd1142f307dbcb59","name":"ppdegaliciaredes","image":{"@type":"ImageObject","inLanguage":"es","@id":"https:\/\/secure.gravatar.com\/avatar\/3c9179cf0256d00c72a48d1f25783c58b6842cd56e85ef3a572881c8e28ccd59?s=96&d=mm&r=g","url":"https:\/\/secure.gravatar.com\/avatar\/3c9179cf0256d00c72a48d1f25783c58b6842cd56e85ef3a572881c8e28ccd59?s=96&d=mm&r=g","contentUrl":"https:\/\/secure.gravatar.com\/avatar\/3c9179cf0256d00c72a48d1f25783c58b6842cd56e85ef3a572881c8e28ccd59?s=96&d=mm&r=g","caption":"ppdegaliciaredes"},"url":"https:\/\/ppdegalicia.com\/es\/author\/ppdegaliciaredes\/"}]}},"_links":{"self":[{"href":"https:\/\/ppdegalicia.com\/es\/wp-json\/wp\/v2\/posts\/69483","targetHints":{"allow":["GET"]}}],"collection":[{"href":"https:\/\/ppdegalicia.com\/es\/wp-json\/wp\/v2\/posts"}],"about":[{"href":"https:\/\/ppdegalicia.com\/es\/wp-json\/wp\/v2\/types\/post"}],"author":[{"embeddable":true,"href":"https:\/\/ppdegalicia.com\/es\/wp-json\/wp\/v2\/users\/38"}],"replies":[{"embeddable":true,"href":"https:\/\/ppdegalicia.com\/es\/wp-json\/wp\/v2\/comments?post=69483"}],"version-history":[{"count":1,"href":"https:\/\/ppdegalicia.com\/es\/wp-json\/wp\/v2\/posts\/69483\/revisions"}],"predecessor-version":[{"id":69486,"href":"https:\/\/ppdegalicia.com\/es\/wp-json\/wp\/v2\/posts\/69483\/revisions\/69486"}],"wp:featuredmedia":[{"embeddable":true,"href":"https:\/\/ppdegalicia.com\/es\/wp-json\/wp\/v2\/media\/69484"}],"wp:attachment":[{"href":"https:\/\/ppdegalicia.com\/es\/wp-json\/wp\/v2\/media?parent=69483"}],"wp:term":[{"taxonomy":"category","embeddable":true,"href":"https:\/\/ppdegalicia.com\/es\/wp-json\/wp\/v2\/categories?post=69483"},{"taxonomy":"post_tag","embeddable":true,"href":"https:\/\/ppdegalicia.com\/es\/wp-json\/wp\/v2\/tags?post=69483"}],"curies":[{"name":"wp","href":"https:\/\/api.w.org\/{rel}","templated":true}]}}