{"id":69488,"date":"2025-12-13T23:55:40","date_gmt":"2025-12-13T22:55:40","guid":{"rendered":"https:\/\/ppdegalicia.com\/?p=69488"},"modified":"2025-12-14T12:34:05","modified_gmt":"2025-12-14T11:34:05","slug":"alfonso-rueda-enxalza-o-modelo-de-exito-do-pp-de-vilanova-situandoo-como-exemplo-de-estabilidade-union-e-dedicacion-aos-seus-vecinos","status":"publish","type":"post","link":"https:\/\/ppdegalicia.com\/es\/alfonso-rueda-enxalza-o-modelo-de-exito-do-pp-de-vilanova-situandoo-como-exemplo-de-estabilidade-union-e-dedicacion-aos-seus-vecinos\/","title":{"rendered":"Alfonso Rueda enxalza o modelo de \u00e9xito do PP de Vilanova situ\u00e1ndoo como exemplo de estabilidade, uni\u00f3n e dedicaci\u00f3n aos seus veci\u00f1os"},"content":{"rendered":"<p style=\"font-weight: 400;\">O presidente do PPdeG, Alfonso Rueda, enxalzou hoxe o modelo de \u00e9xito do PP de Vilanova de Arousa situ\u00e1ndoo como un exemplo de estabilidade, uni\u00f3n e dedicaci\u00f3n aos seus veci\u00f1os e po\u00f1endo en valor as tres d\u00e9cadas de alcalde con maior\u00edas absolutas de Gonzalo Dur\u00e1n.<\/p>\n<p style=\"font-weight: 400;\">Na s\u00faa intervenci\u00f3n na cea de Nadal organizada polo partido nesta localidade do Saln\u00e9s e acompa\u00f1ado pola secretaria xeral Paula Prado, o presidente provincial do PP de Pontevedra, Luis L\u00f3pez, e o propio alcalde; defendeu que nisto consiste a \u201cfilosof\u00eda\u201d do PPdeG para toda Galicia e que, grazas a iso, a Comunidade ten cada vez m\u00e1is emprego, m\u00e1is vivenda p\u00fablica e m\u00e1is e mellores servizos p\u00fablicos.<\/p>\n<p style=\"font-weight: 400;\">\u201cSe todo isto \u00e9 posible porque temos un plan recollido nuns Orzamentos que se aproban cada ano en tempo e forma\u201d, afirmou po\u00f1endo en valor alg\u00fans dos investimentos previstos nas contas do pr\u00f3ximo ano e que demostran o cumprimento do Goberno galego con Vilanova de Arousa e todo o Saln\u00e9s.<\/p>\n<p style=\"font-weight: 400;\">Fixo referencia as\u00ed ao investimento no saneamento municipal, ao impulso do polo de emprendemento de Vilanova e aos investimentos en sanidade e educaci\u00f3n en toda a comarca e, m\u00e1is concretamente, os centros de sa\u00fade de Vilagarc\u00eda e Meis.<\/p>\n<p style=\"font-weight: 400;\">En contraposici\u00f3n a un Goberno galego que \u201cfunciona a toda m\u00e1quina\u201d, Rueda referiuse ao Goberno \u201cen descomposici\u00f3n\u201d de Pedro S\u00e1nchez e subli\u00f1ou con iron\u00eda a dificultade para \u201clevar a conta de todos os detidos por corrupci\u00f3n, de todos os que est\u00e1n no c\u00e1rcere e de todos os casos de abuso sexual que esconderon\u201d.<\/p>\n<p style=\"font-weight: 400;\">Lamentou neste sentido que o Goberno de S\u00e1nchez estea \u201cm\u00e1is preocupado polas citaci\u00f3ns xudiciais, polos informes da UCO e polas alertas de \u00faltima hora que polo d\u00eda a d\u00eda dos espa\u00f1ois\u201d e por iso fixo un chamamento a \u201clevantar a voz ante os esc\u00e1ndalos e os atropelos a Galicia\u201d.<\/p>\n<p style=\"font-weight: 400;\"><strong><u>LUIS L\u00d3PEZ: \u201cVILANOVA \u00c9 UN EXEMPLO DE UNI\u00d3N DO PARTIDO\u201d<\/u><\/strong><\/p>\n<p style=\"font-weight: 400;\">Pola s\u00faa banda, o presidente provincial do PP de Pontevedra, Luis L\u00f3pez, destacou que a cea de Nadal de Vilanova de Arousa \u00e9 sempre \u201cunha estupenda oportunidade para poder xuntar aos populares\u201d, xa que ano tras ano, acoden dende centos de simpatizantes e afiliados.<\/p>\n<p style=\"font-weight: 400;\">\u201cVilanova \u00e9 un exemplo de uni\u00f3n do partido: xa non s\u00f3 arrasan en cada cita electoral, sen\u00f3n que tam\u00e9n arrasan en cada cea de Nadal que organizan. E as\u00ed, todos xuntos celebramos estes datas tan especiais. Momentos nos que o PP segue amosando unha completa unidade. Somos un gran equipo e estas ceas as\u00ed o amosan\u201d, afirmou.<\/p>\n","protected":false},"excerpt":{"rendered":"<p>O presidente do PPdeG, Alfonso Rueda, enxalzou hoxe o modelo de \u00e9xito do PP de Vilanova de Arousa situ\u00e1ndoo como un exemplo de estabilidade, uni\u00f3n e dedicaci\u00f3n aos seus veci\u00f1os e po\u00f1endo en valor as tres d\u00e9cadas de alcalde con maior\u00edas absolutas de Gonzalo Dur\u00e1n. Na s\u00faa intervenci\u00f3n na cea de Nadal organizada polo partido [&hellip;]<\/p>\n","protected":false},"author":38,"featured_media":69489,"comment_status":"closed","ping_status":"open","sticky":false,"template":"","format":"standard","meta":{"_acf_changed":false,"footnotes":""},"categories":[1],"tags":[],"class_list":["post-69488","post","type-post","status-publish","format-standard","has-post-thumbnail","hentry","category-pp-de-galicia"],"acf":[],"yoast_head":"<!-- This site is optimized with the Yoast SEO plugin v27.3 - https:\/\/yoast.com\/product\/yoast-seo-wordpress\/ -->\n<title>Alfonso Rueda enxalza o modelo de \u00e9xito do PP de Vilanova situ\u00e1ndoo como exemplo de estabilidade, uni\u00f3n e dedicaci\u00f3n aos seus veci\u00f1os - PP de Galicia<\/title>\n<meta name=\"description\" content=\"O presidente do PPdeG, Alfonso Rueda, enxalzou hoxe o modelo de \u00e9xito do PP de Vilanova de Arousa situ\u00e1ndoo como un exemplo de estabilidade, uni\u00f3n e dedicaci\u00f3n aos seus veci\u00f1os e po\u00f1endo en valor as tres d\u00e9cadas de alcalde con maior\u00edas absolutas de Gonzalo Dur\u00e1n.\" \/>\n<meta name=\"robots\" content=\"index, follow, max-snippet:-1, max-image-preview:large, max-video-preview:-1\" \/>\n<link rel=\"canonical\" href=\"https:\/\/ppdegalicia.com\/es\/alfonso-rueda-enxalza-o-modelo-de-exito-do-pp-de-vilanova-situandoo-como-exemplo-de-estabilidade-union-e-dedicacion-aos-seus-vecinos\/\" \/>\n<meta property=\"og:locale\" content=\"es_ES\" \/>\n<meta property=\"og:type\" content=\"article\" \/>\n<meta property=\"og:title\" content=\"Alfonso Rueda enxalza o modelo de \u00e9xito do PP de Vilanova situ\u00e1ndoo como exemplo de estabilidade, uni\u00f3n e dedicaci\u00f3n aos seus veci\u00f1os - PP de Galicia\" \/>\n<meta property=\"og:description\" content=\"O presidente do PPdeG, Alfonso Rueda, enxalzou hoxe o modelo de \u00e9xito do PP de Vilanova de Arousa situ\u00e1ndoo como un exemplo de estabilidade, uni\u00f3n e dedicaci\u00f3n aos seus veci\u00f1os e po\u00f1endo en valor as tres d\u00e9cadas de alcalde con maior\u00edas absolutas de Gonzalo Dur\u00e1n.\" \/>\n<meta property=\"og:url\" content=\"https:\/\/ppdegalicia.com\/es\/alfonso-rueda-enxalza-o-modelo-de-exito-do-pp-de-vilanova-situandoo-como-exemplo-de-estabilidade-union-e-dedicacion-aos-seus-vecinos\/\" \/>\n<meta property=\"og:site_name\" content=\"PP de Galicia\" \/>\n<meta property=\"article:publisher\" content=\"https:\/\/www.instagram.com\/ppdegalicia\/\" \/>\n<meta property=\"article:published_time\" content=\"2025-12-13T22:55:40+00:00\" \/>\n<meta property=\"article:modified_time\" content=\"2025-12-14T11:34:05+00:00\" \/>\n<meta property=\"og:image\" content=\"https:\/\/ppdegalicia.com\/wp-content\/uploads\/2025\/12\/20251213_ARueda_CenaNavidad_Vilanova1-1-scaled.jpg\" \/>\n\t<meta property=\"og:image:width\" content=\"2560\" \/>\n\t<meta property=\"og:image:height\" content=\"1512\" \/>\n\t<meta property=\"og:image:type\" content=\"image\/jpeg\" \/>\n<meta name=\"author\" content=\"ppdegaliciaredes\" \/>\n<meta name=\"twitter:card\" content=\"summary_large_image\" \/>\n<meta name=\"twitter:creator\" content=\"@ppdegalicia\" \/>\n<meta name=\"twitter:site\" content=\"@ppdegalicia\" \/>\n<meta name=\"twitter:label1\" content=\"Escrito por\" \/>\n\t<meta name=\"twitter:data1\" content=\"ppdegaliciaredes\" \/>\n\t<meta name=\"twitter:label2\" content=\"Tiempo de lectura\" \/>\n\t<meta name=\"twitter:data2\" content=\"3 minutos\" \/>\n<script type=\"application\/ld+json\" class=\"yoast-schema-graph\">{\"@context\":\"https:\\\/\\\/schema.org\",\"@graph\":[{\"@type\":\"Article\",\"@id\":\"https:\\\/\\\/ppdegalicia.com\\\/es\\\/alfonso-rueda-enxalza-o-modelo-de-exito-do-pp-de-vilanova-situandoo-como-exemplo-de-estabilidade-union-e-dedicacion-aos-seus-vecinos\\\/#article\",\"isPartOf\":{\"@id\":\"https:\\\/\\\/ppdegalicia.com\\\/es\\\/alfonso-rueda-enxalza-o-modelo-de-exito-do-pp-de-vilanova-situandoo-como-exemplo-de-estabilidade-union-e-dedicacion-aos-seus-vecinos\\\/\"},\"author\":{\"name\":\"ppdegaliciaredes\",\"@id\":\"https:\\\/\\\/ppdegalicia.com\\\/es\\\/#\\\/schema\\\/person\\\/5b822c6f59e872ebdd1142f307dbcb59\"},\"headline\":\"Alfonso Rueda enxalza o modelo de \u00e9xito do PP de Vilanova situ\u00e1ndoo como exemplo de estabilidade, uni\u00f3n e dedicaci\u00f3n aos seus veci\u00f1os\",\"datePublished\":\"2025-12-13T22:55:40+00:00\",\"dateModified\":\"2025-12-14T11:34:05+00:00\",\"mainEntityOfPage\":{\"@id\":\"https:\\\/\\\/ppdegalicia.com\\\/es\\\/alfonso-rueda-enxalza-o-modelo-de-exito-do-pp-de-vilanova-situandoo-como-exemplo-de-estabilidade-union-e-dedicacion-aos-seus-vecinos\\\/\"},\"wordCount\":484,\"publisher\":{\"@id\":\"https:\\\/\\\/ppdegalicia.com\\\/es\\\/#organization\"},\"image\":{\"@id\":\"https:\\\/\\\/ppdegalicia.com\\\/es\\\/alfonso-rueda-enxalza-o-modelo-de-exito-do-pp-de-vilanova-situandoo-como-exemplo-de-estabilidade-union-e-dedicacion-aos-seus-vecinos\\\/#primaryimage\"},\"thumbnailUrl\":\"https:\\\/\\\/ppdegalicia.com\\\/wp-content\\\/uploads\\\/2025\\\/12\\\/20251213_ARueda_CenaNavidad_Vilanova1-1-scaled.jpg\",\"articleSection\":[\"PP de Galicia\"],\"inLanguage\":\"es\"},{\"@type\":\"WebPage\",\"@id\":\"https:\\\/\\\/ppdegalicia.com\\\/es\\\/alfonso-rueda-enxalza-o-modelo-de-exito-do-pp-de-vilanova-situandoo-como-exemplo-de-estabilidade-union-e-dedicacion-aos-seus-vecinos\\\/\",\"url\":\"https:\\\/\\\/ppdegalicia.com\\\/es\\\/alfonso-rueda-enxalza-o-modelo-de-exito-do-pp-de-vilanova-situandoo-como-exemplo-de-estabilidade-union-e-dedicacion-aos-seus-vecinos\\\/\",\"name\":\"Alfonso Rueda enxalza o modelo de \u00e9xito do PP de Vilanova situ\u00e1ndoo como exemplo de estabilidade, uni\u00f3n e dedicaci\u00f3n aos seus veci\u00f1os - PP de Galicia\",\"isPartOf\":{\"@id\":\"https:\\\/\\\/ppdegalicia.com\\\/es\\\/#website\"},\"primaryImageOfPage\":{\"@id\":\"https:\\\/\\\/ppdegalicia.com\\\/es\\\/alfonso-rueda-enxalza-o-modelo-de-exito-do-pp-de-vilanova-situandoo-como-exemplo-de-estabilidade-union-e-dedicacion-aos-seus-vecinos\\\/#primaryimage\"},\"image\":{\"@id\":\"https:\\\/\\\/ppdegalicia.com\\\/es\\\/alfonso-rueda-enxalza-o-modelo-de-exito-do-pp-de-vilanova-situandoo-como-exemplo-de-estabilidade-union-e-dedicacion-aos-seus-vecinos\\\/#primaryimage\"},\"thumbnailUrl\":\"https:\\\/\\\/ppdegalicia.com\\\/wp-content\\\/uploads\\\/2025\\\/12\\\/20251213_ARueda_CenaNavidad_Vilanova1-1-scaled.jpg\",\"datePublished\":\"2025-12-13T22:55:40+00:00\",\"dateModified\":\"2025-12-14T11:34:05+00:00\",\"description\":\"O presidente do PPdeG, Alfonso Rueda, enxalzou hoxe o modelo de \u00e9xito do PP de Vilanova de Arousa situ\u00e1ndoo como un exemplo de estabilidade, uni\u00f3n e dedicaci\u00f3n aos seus veci\u00f1os e po\u00f1endo en valor as tres d\u00e9cadas de alcalde con maior\u00edas absolutas de Gonzalo Dur\u00e1n.\",\"breadcrumb\":{\"@id\":\"https:\\\/\\\/ppdegalicia.com\\\/es\\\/alfonso-rueda-enxalza-o-modelo-de-exito-do-pp-de-vilanova-situandoo-como-exemplo-de-estabilidade-union-e-dedicacion-aos-seus-vecinos\\\/#breadcrumb\"},\"inLanguage\":\"es\",\"potentialAction\":[{\"@type\":\"ReadAction\",\"target\":[\"https:\\\/\\\/ppdegalicia.com\\\/es\\\/alfonso-rueda-enxalza-o-modelo-de-exito-do-pp-de-vilanova-situandoo-como-exemplo-de-estabilidade-union-e-dedicacion-aos-seus-vecinos\\\/\"]}]},{\"@type\":\"ImageObject\",\"inLanguage\":\"es\",\"@id\":\"https:\\\/\\\/ppdegalicia.com\\\/es\\\/alfonso-rueda-enxalza-o-modelo-de-exito-do-pp-de-vilanova-situandoo-como-exemplo-de-estabilidade-union-e-dedicacion-aos-seus-vecinos\\\/#primaryimage\",\"url\":\"https:\\\/\\\/ppdegalicia.com\\\/wp-content\\\/uploads\\\/2025\\\/12\\\/20251213_ARueda_CenaNavidad_Vilanova1-1-scaled.jpg\",\"contentUrl\":\"https:\\\/\\\/ppdegalicia.com\\\/wp-content\\\/uploads\\\/2025\\\/12\\\/20251213_ARueda_CenaNavidad_Vilanova1-1-scaled.jpg\",\"width\":2560,\"height\":1512},{\"@type\":\"BreadcrumbList\",\"@id\":\"https:\\\/\\\/ppdegalicia.com\\\/es\\\/alfonso-rueda-enxalza-o-modelo-de-exito-do-pp-de-vilanova-situandoo-como-exemplo-de-estabilidade-union-e-dedicacion-aos-seus-vecinos\\\/#breadcrumb\",\"itemListElement\":[{\"@type\":\"ListItem\",\"position\":1,\"name\":\"Portada\",\"item\":\"https:\\\/\\\/ppdegalicia.com\\\/es\\\/\"},{\"@type\":\"ListItem\",\"position\":2,\"name\":\"Alfonso Rueda enxalza o modelo de \u00e9xito do PP de Vilanova situ\u00e1ndoo como exemplo de estabilidade, uni\u00f3n e dedicaci\u00f3n aos seus veci\u00f1os\"}]},{\"@type\":\"WebSite\",\"@id\":\"https:\\\/\\\/ppdegalicia.com\\\/es\\\/#website\",\"url\":\"https:\\\/\\\/ppdegalicia.com\\\/es\\\/\",\"name\":\"Partido Popular de Galicia\",\"description\":\"Partido Popular de Galicia\",\"publisher\":{\"@id\":\"https:\\\/\\\/ppdegalicia.com\\\/es\\\/#organization\"},\"alternateName\":\"PP de Galicia\",\"potentialAction\":[{\"@type\":\"SearchAction\",\"target\":{\"@type\":\"EntryPoint\",\"urlTemplate\":\"https:\\\/\\\/ppdegalicia.com\\\/es\\\/?s={search_term_string}\"},\"query-input\":{\"@type\":\"PropertyValueSpecification\",\"valueRequired\":true,\"valueName\":\"search_term_string\"}}],\"inLanguage\":\"es\"},{\"@type\":\"Organization\",\"@id\":\"https:\\\/\\\/ppdegalicia.com\\\/es\\\/#organization\",\"name\":\"Partido Popular de Galicia\",\"alternateName\":\"PP de Galicia\",\"url\":\"https:\\\/\\\/ppdegalicia.com\\\/es\\\/\",\"logo\":{\"@type\":\"ImageObject\",\"inLanguage\":\"es\",\"@id\":\"https:\\\/\\\/ppdegalicia.com\\\/es\\\/#\\\/schema\\\/logo\\\/image\\\/\",\"url\":\"https:\\\/\\\/ppdegalicia.com\\\/wp-content\\\/uploads\\\/2023\\\/04\\\/logoPP512.png\",\"contentUrl\":\"https:\\\/\\\/ppdegalicia.com\\\/wp-content\\\/uploads\\\/2023\\\/04\\\/logoPP512.png\",\"width\":512,\"height\":512,\"caption\":\"Partido Popular de Galicia\"},\"image\":{\"@id\":\"https:\\\/\\\/ppdegalicia.com\\\/es\\\/#\\\/schema\\\/logo\\\/image\\\/\"},\"sameAs\":[\"https:\\\/\\\/www.instagram.com\\\/ppdegalicia\\\/\",\"https:\\\/\\\/x.com\\\/ppdegalicia\",\"https:\\\/\\\/www.tiktok.com\\\/@ppdegalicia\",\"https:\\\/\\\/www.youtube.com\\\/user\\\/ppdegalicia\"]},{\"@type\":\"Person\",\"@id\":\"https:\\\/\\\/ppdegalicia.com\\\/es\\\/#\\\/schema\\\/person\\\/5b822c6f59e872ebdd1142f307dbcb59\",\"name\":\"ppdegaliciaredes\",\"image\":{\"@type\":\"ImageObject\",\"inLanguage\":\"es\",\"@id\":\"https:\\\/\\\/secure.gravatar.com\\\/avatar\\\/3c9179cf0256d00c72a48d1f25783c58b6842cd56e85ef3a572881c8e28ccd59?s=96&d=mm&r=g\",\"url\":\"https:\\\/\\\/secure.gravatar.com\\\/avatar\\\/3c9179cf0256d00c72a48d1f25783c58b6842cd56e85ef3a572881c8e28ccd59?s=96&d=mm&r=g\",\"contentUrl\":\"https:\\\/\\\/secure.gravatar.com\\\/avatar\\\/3c9179cf0256d00c72a48d1f25783c58b6842cd56e85ef3a572881c8e28ccd59?s=96&d=mm&r=g\",\"caption\":\"ppdegaliciaredes\"},\"url\":\"https:\\\/\\\/ppdegalicia.com\\\/es\\\/author\\\/ppdegaliciaredes\\\/\"}]}<\/script>\n<!-- \/ Yoast SEO plugin. -->","yoast_head_json":{"title":"Alfonso Rueda enxalza o modelo de \u00e9xito do PP de Vilanova situ\u00e1ndoo como exemplo de estabilidade, uni\u00f3n e dedicaci\u00f3n aos seus veci\u00f1os - PP de Galicia","description":"O presidente do PPdeG, Alfonso Rueda, enxalzou hoxe o modelo de \u00e9xito do PP de Vilanova de Arousa situ\u00e1ndoo como un exemplo de estabilidade, uni\u00f3n e dedicaci\u00f3n aos seus veci\u00f1os e po\u00f1endo en valor as tres d\u00e9cadas de alcalde con maior\u00edas absolutas de Gonzalo Dur\u00e1n.","robots":{"index":"index","follow":"follow","max-snippet":"max-snippet:-1","max-image-preview":"max-image-preview:large","max-video-preview":"max-video-preview:-1"},"canonical":"https:\/\/ppdegalicia.com\/es\/alfonso-rueda-enxalza-o-modelo-de-exito-do-pp-de-vilanova-situandoo-como-exemplo-de-estabilidade-union-e-dedicacion-aos-seus-vecinos\/","og_locale":"es_ES","og_type":"article","og_title":"Alfonso Rueda enxalza o modelo de \u00e9xito do PP de Vilanova situ\u00e1ndoo como exemplo de estabilidade, uni\u00f3n e dedicaci\u00f3n aos seus veci\u00f1os - PP de Galicia","og_description":"O presidente do PPdeG, Alfonso Rueda, enxalzou hoxe o modelo de \u00e9xito do PP de Vilanova de Arousa situ\u00e1ndoo como un exemplo de estabilidade, uni\u00f3n e dedicaci\u00f3n aos seus veci\u00f1os e po\u00f1endo en valor as tres d\u00e9cadas de alcalde con maior\u00edas absolutas de Gonzalo Dur\u00e1n.","og_url":"https:\/\/ppdegalicia.com\/es\/alfonso-rueda-enxalza-o-modelo-de-exito-do-pp-de-vilanova-situandoo-como-exemplo-de-estabilidade-union-e-dedicacion-aos-seus-vecinos\/","og_site_name":"PP de Galicia","article_publisher":"https:\/\/www.instagram.com\/ppdegalicia\/","article_published_time":"2025-12-13T22:55:40+00:00","article_modified_time":"2025-12-14T11:34:05+00:00","og_image":[{"width":2560,"height":1512,"url":"https:\/\/ppdegalicia.com\/wp-content\/uploads\/2025\/12\/20251213_ARueda_CenaNavidad_Vilanova1-1-scaled.jpg","type":"image\/jpeg"}],"author":"ppdegaliciaredes","twitter_card":"summary_large_image","twitter_creator":"@ppdegalicia","twitter_site":"@ppdegalicia","twitter_misc":{"Escrito por":"ppdegaliciaredes","Tiempo de lectura":"3 minutos"},"schema":{"@context":"https:\/\/schema.org","@graph":[{"@type":"Article","@id":"https:\/\/ppdegalicia.com\/es\/alfonso-rueda-enxalza-o-modelo-de-exito-do-pp-de-vilanova-situandoo-como-exemplo-de-estabilidade-union-e-dedicacion-aos-seus-vecinos\/#article","isPartOf":{"@id":"https:\/\/ppdegalicia.com\/es\/alfonso-rueda-enxalza-o-modelo-de-exito-do-pp-de-vilanova-situandoo-como-exemplo-de-estabilidade-union-e-dedicacion-aos-seus-vecinos\/"},"author":{"name":"ppdegaliciaredes","@id":"https:\/\/ppdegalicia.com\/es\/#\/schema\/person\/5b822c6f59e872ebdd1142f307dbcb59"},"headline":"Alfonso Rueda enxalza o modelo de \u00e9xito do PP de Vilanova situ\u00e1ndoo como exemplo de estabilidade, uni\u00f3n e dedicaci\u00f3n aos seus veci\u00f1os","datePublished":"2025-12-13T22:55:40+00:00","dateModified":"2025-12-14T11:34:05+00:00","mainEntityOfPage":{"@id":"https:\/\/ppdegalicia.com\/es\/alfonso-rueda-enxalza-o-modelo-de-exito-do-pp-de-vilanova-situandoo-como-exemplo-de-estabilidade-union-e-dedicacion-aos-seus-vecinos\/"},"wordCount":484,"publisher":{"@id":"https:\/\/ppdegalicia.com\/es\/#organization"},"image":{"@id":"https:\/\/ppdegalicia.com\/es\/alfonso-rueda-enxalza-o-modelo-de-exito-do-pp-de-vilanova-situandoo-como-exemplo-de-estabilidade-union-e-dedicacion-aos-seus-vecinos\/#primaryimage"},"thumbnailUrl":"https:\/\/ppdegalicia.com\/wp-content\/uploads\/2025\/12\/20251213_ARueda_CenaNavidad_Vilanova1-1-scaled.jpg","articleSection":["PP de Galicia"],"inLanguage":"es"},{"@type":"WebPage","@id":"https:\/\/ppdegalicia.com\/es\/alfonso-rueda-enxalza-o-modelo-de-exito-do-pp-de-vilanova-situandoo-como-exemplo-de-estabilidade-union-e-dedicacion-aos-seus-vecinos\/","url":"https:\/\/ppdegalicia.com\/es\/alfonso-rueda-enxalza-o-modelo-de-exito-do-pp-de-vilanova-situandoo-como-exemplo-de-estabilidade-union-e-dedicacion-aos-seus-vecinos\/","name":"Alfonso Rueda enxalza o modelo de \u00e9xito do PP de Vilanova situ\u00e1ndoo como exemplo de estabilidade, uni\u00f3n e dedicaci\u00f3n aos seus veci\u00f1os - PP de Galicia","isPartOf":{"@id":"https:\/\/ppdegalicia.com\/es\/#website"},"primaryImageOfPage":{"@id":"https:\/\/ppdegalicia.com\/es\/alfonso-rueda-enxalza-o-modelo-de-exito-do-pp-de-vilanova-situandoo-como-exemplo-de-estabilidade-union-e-dedicacion-aos-seus-vecinos\/#primaryimage"},"image":{"@id":"https:\/\/ppdegalicia.com\/es\/alfonso-rueda-enxalza-o-modelo-de-exito-do-pp-de-vilanova-situandoo-como-exemplo-de-estabilidade-union-e-dedicacion-aos-seus-vecinos\/#primaryimage"},"thumbnailUrl":"https:\/\/ppdegalicia.com\/wp-content\/uploads\/2025\/12\/20251213_ARueda_CenaNavidad_Vilanova1-1-scaled.jpg","datePublished":"2025-12-13T22:55:40+00:00","dateModified":"2025-12-14T11:34:05+00:00","description":"O presidente do PPdeG, Alfonso Rueda, enxalzou hoxe o modelo de \u00e9xito do PP de Vilanova de Arousa situ\u00e1ndoo como un exemplo de estabilidade, uni\u00f3n e dedicaci\u00f3n aos seus veci\u00f1os e po\u00f1endo en valor as tres d\u00e9cadas de alcalde con maior\u00edas absolutas de Gonzalo Dur\u00e1n.","breadcrumb":{"@id":"https:\/\/ppdegalicia.com\/es\/alfonso-rueda-enxalza-o-modelo-de-exito-do-pp-de-vilanova-situandoo-como-exemplo-de-estabilidade-union-e-dedicacion-aos-seus-vecinos\/#breadcrumb"},"inLanguage":"es","potentialAction":[{"@type":"ReadAction","target":["https:\/\/ppdegalicia.com\/es\/alfonso-rueda-enxalza-o-modelo-de-exito-do-pp-de-vilanova-situandoo-como-exemplo-de-estabilidade-union-e-dedicacion-aos-seus-vecinos\/"]}]},{"@type":"ImageObject","inLanguage":"es","@id":"https:\/\/ppdegalicia.com\/es\/alfonso-rueda-enxalza-o-modelo-de-exito-do-pp-de-vilanova-situandoo-como-exemplo-de-estabilidade-union-e-dedicacion-aos-seus-vecinos\/#primaryimage","url":"https:\/\/ppdegalicia.com\/wp-content\/uploads\/2025\/12\/20251213_ARueda_CenaNavidad_Vilanova1-1-scaled.jpg","contentUrl":"https:\/\/ppdegalicia.com\/wp-content\/uploads\/2025\/12\/20251213_ARueda_CenaNavidad_Vilanova1-1-scaled.jpg","width":2560,"height":1512},{"@type":"BreadcrumbList","@id":"https:\/\/ppdegalicia.com\/es\/alfonso-rueda-enxalza-o-modelo-de-exito-do-pp-de-vilanova-situandoo-como-exemplo-de-estabilidade-union-e-dedicacion-aos-seus-vecinos\/#breadcrumb","itemListElement":[{"@type":"ListItem","position":1,"name":"Portada","item":"https:\/\/ppdegalicia.com\/es\/"},{"@type":"ListItem","position":2,"name":"Alfonso Rueda enxalza o modelo de \u00e9xito do PP de Vilanova situ\u00e1ndoo como exemplo de estabilidade, uni\u00f3n e dedicaci\u00f3n aos seus veci\u00f1os"}]},{"@type":"WebSite","@id":"https:\/\/ppdegalicia.com\/es\/#website","url":"https:\/\/ppdegalicia.com\/es\/","name":"Partido Popular de Galicia","description":"Partido Popular de Galicia","publisher":{"@id":"https:\/\/ppdegalicia.com\/es\/#organization"},"alternateName":"PP de Galicia","potentialAction":[{"@type":"SearchAction","target":{"@type":"EntryPoint","urlTemplate":"https:\/\/ppdegalicia.com\/es\/?s={search_term_string}"},"query-input":{"@type":"PropertyValueSpecification","valueRequired":true,"valueName":"search_term_string"}}],"inLanguage":"es"},{"@type":"Organization","@id":"https:\/\/ppdegalicia.com\/es\/#organization","name":"Partido Popular de Galicia","alternateName":"PP de Galicia","url":"https:\/\/ppdegalicia.com\/es\/","logo":{"@type":"ImageObject","inLanguage":"es","@id":"https:\/\/ppdegalicia.com\/es\/#\/schema\/logo\/image\/","url":"https:\/\/ppdegalicia.com\/wp-content\/uploads\/2023\/04\/logoPP512.png","contentUrl":"https:\/\/ppdegalicia.com\/wp-content\/uploads\/2023\/04\/logoPP512.png","width":512,"height":512,"caption":"Partido Popular de Galicia"},"image":{"@id":"https:\/\/ppdegalicia.com\/es\/#\/schema\/logo\/image\/"},"sameAs":["https:\/\/www.instagram.com\/ppdegalicia\/","https:\/\/x.com\/ppdegalicia","https:\/\/www.tiktok.com\/@ppdegalicia","https:\/\/www.youtube.com\/user\/ppdegalicia"]},{"@type":"Person","@id":"https:\/\/ppdegalicia.com\/es\/#\/schema\/person\/5b822c6f59e872ebdd1142f307dbcb59","name":"ppdegaliciaredes","image":{"@type":"ImageObject","inLanguage":"es","@id":"https:\/\/secure.gravatar.com\/avatar\/3c9179cf0256d00c72a48d1f25783c58b6842cd56e85ef3a572881c8e28ccd59?s=96&d=mm&r=g","url":"https:\/\/secure.gravatar.com\/avatar\/3c9179cf0256d00c72a48d1f25783c58b6842cd56e85ef3a572881c8e28ccd59?s=96&d=mm&r=g","contentUrl":"https:\/\/secure.gravatar.com\/avatar\/3c9179cf0256d00c72a48d1f25783c58b6842cd56e85ef3a572881c8e28ccd59?s=96&d=mm&r=g","caption":"ppdegaliciaredes"},"url":"https:\/\/ppdegalicia.com\/es\/author\/ppdegaliciaredes\/"}]}},"_links":{"self":[{"href":"https:\/\/ppdegalicia.com\/es\/wp-json\/wp\/v2\/posts\/69488","targetHints":{"allow":["GET"]}}],"collection":[{"href":"https:\/\/ppdegalicia.com\/es\/wp-json\/wp\/v2\/posts"}],"about":[{"href":"https:\/\/ppdegalicia.com\/es\/wp-json\/wp\/v2\/types\/post"}],"author":[{"embeddable":true,"href":"https:\/\/ppdegalicia.com\/es\/wp-json\/wp\/v2\/users\/38"}],"replies":[{"embeddable":true,"href":"https:\/\/ppdegalicia.com\/es\/wp-json\/wp\/v2\/comments?post=69488"}],"version-history":[{"count":1,"href":"https:\/\/ppdegalicia.com\/es\/wp-json\/wp\/v2\/posts\/69488\/revisions"}],"predecessor-version":[{"id":69491,"href":"https:\/\/ppdegalicia.com\/es\/wp-json\/wp\/v2\/posts\/69488\/revisions\/69491"}],"wp:featuredmedia":[{"embeddable":true,"href":"https:\/\/ppdegalicia.com\/es\/wp-json\/wp\/v2\/media\/69489"}],"wp:attachment":[{"href":"https:\/\/ppdegalicia.com\/es\/wp-json\/wp\/v2\/media?parent=69488"}],"wp:term":[{"taxonomy":"category","embeddable":true,"href":"https:\/\/ppdegalicia.com\/es\/wp-json\/wp\/v2\/categories?post=69488"},{"taxonomy":"post_tag","embeddable":true,"href":"https:\/\/ppdegalicia.com\/es\/wp-json\/wp\/v2\/tags?post=69488"}],"curies":[{"name":"wp","href":"https:\/\/api.w.org\/{rel}","templated":true}]}}