{"id":69492,"date":"2025-12-14T16:04:06","date_gmt":"2025-12-14T15:04:06","guid":{"rendered":"https:\/\/ppdegalicia.com\/?p=69492"},"modified":"2025-12-14T16:04:06","modified_gmt":"2025-12-14T15:04:06","slug":"rueda-aplaude-o-traballo-dos-alcaldes-e-alcaldesas-mais-novos-do-ppdeg-demostran-dia-a-dia-que-a-politica-de-calidade-tamen-e-cousa-da-xente-nova","status":"publish","type":"post","link":"https:\/\/ppdegalicia.com\/es\/rueda-aplaude-o-traballo-dos-alcaldes-e-alcaldesas-mais-novos-do-ppdeg-demostran-dia-a-dia-que-a-politica-de-calidade-tamen-e-cousa-da-xente-nova\/","title":{"rendered":"Rueda aplaude o traballo dos alcaldes e alcaldesas m\u00e1is novos do PPdeG: \u201cDemostran d\u00eda a d\u00eda que a pol\u00edtica de calidade tam\u00e9n \u00e9 cousa da xente nova\u201d"},"content":{"rendered":"<p style=\"font-weight: 400;\">O presidente do PPdeG, Alfonso Rueda, reco\u00f1eceu hoxe o traballo que fan d\u00eda a d\u00eda os alcaldes e alcaldesas m\u00e1is novos do partido na medida en que demostran que a \u201cpol\u00edtica de calidade\u201d tam\u00e9n pode ser sin\u00f3nimo de mocidade: \u201cSe somos o partido que m\u00e1is se parece a Galicia e \u00e1 s\u00faa xente \u00e9 porque cremos na capacidade da xente nova para ocupar postos de responsabilidade\u201d.<\/p>\n<p style=\"font-weight: 400;\">As\u00ed o manifestou esta ma\u00f1\u00e1 no encontro que mantivo con eles en Oroso xunto \u00e1 secretaria xeral do PPdeG, Paula Prado, o presidente provincial do PP da Coru\u00f1a, Diego Calvo, e a presidenta de Novas Xeraci\u00f3ns de Galicia, Nicole Grueira. Un encontro no que o l\u00edder dos populares galegos cualificou a xesti\u00f3n dos concellos como \u201ca mellor escola pol\u00edtica\u201d.<\/p>\n<p style=\"font-weight: 400;\">\u201c\u00c9 de reco\u00f1ecer que tanta xente nova estea ocupando un posto tan complicado como o de alcalde ou alcaldesa. Porque \u00e9 onde m\u00e1is problemas hai que xestionar e tes que facelo desde a proximidade \u00e1s necesidades da veci\u00f1anza. Pero tam\u00e9n \u00e9 o posto onde m\u00e1is se aprende\u201d, explicou neste sentido.<\/p>\n<p style=\"font-weight: 400;\">Rueda quixo facer extensivo todo este reco\u00f1ecemento a toda a mocidade do PPdeG que decide dar un paso adiante e asumir postos de responsabilidade pol\u00edtica, xa sexa como concelleiros de goberno ou de oposici\u00f3n, porque con ilo demostran \u201cos seus propios m\u00e9ritos, a s\u00faa responsabilidade e o seu traballo\u201d.<\/p>\n<p style=\"font-weight: 400;\">A todos eles tendeulles a man e invitounos a dar conta das necesidades espec\u00edficas dos seus concellos para que as\u00ed o Goberno galego poida seguir colaborando con eles \u00e1 hora de \u201catender aquilo que m\u00e1is preocupa \u00e1 sociedade en xeral e \u00e1 mocidade en particular\u201d e ofrecer soluci\u00f3ns.<\/p>\n<p style=\"font-weight: 400;\">Reco\u00f1ecendo a cuesti\u00f3n da vivenda como unha das principais preocupaci\u00f3ns da mocidade nestes momentos, o l\u00edder dos populares galegos puxo sobre a mesa algunhas das medidas que desde a Xunta se est\u00e1n tomando neste sentido, como: a reserva do 40% da vivenda social en alugueiro e do 25% en venda para menores de 35 anos, os avais para conseguir unha hipoteca ou as rebaixas fiscais destinadas a facilitar a compra e o aluguer dunha primeira vivenda.<\/p>\n<p style=\"font-weight: 400;\">Tr\u00e1tase de medidas complementadas \u00e1 s\u00faa vez por unha folla de ruta integral pensada por e para a mocidade en diferentes eidos e na que se incl\u00faen os programas de \u2018mentoring\u2019, os incentivos \u00e1s empresas para a contrataci\u00f3n de xente nova ou a Estratexia Retorna para favorecer a volta de mozos e mozas doutros pa\u00edses e de orixe galego para empezar unha nova vida en Galicia.<\/p>\n<p style=\"font-weight: 400;\"><strong><u>AS DIFERENTES FORMAS DE FACER POL\u00cdTICA<\/u><\/strong><\/p>\n<p style=\"font-weight: 400;\">Todo isto contrasta, segundo subli\u00f1ou o presidente do PPdeG, coa \u201clocura\u201d na que se ten convertido a pol\u00edtica en Espa\u00f1a, cun goberno socialista \u201cocupado en todo menos gobernar\u201d e que \u201cvai a esc\u00e1ndalo por d\u00eda e pretende sobrevivir tapando o esc\u00e1ndalo do d\u00eda anterior co esc\u00e1ndalo do d\u00eda seguinte\u201d.<\/p>\n<p style=\"font-weight: 400;\">Uns esc\u00e1ndalos que, lamentou, tam\u00e9n chegaron a Galicia \u2013e m\u00e1is concretamente \u00e1 provincia de Lugo\u2013 da man do PSdeG e coa \u201ccomplicidade absoluta\u201d dun BNG que \u201cgoberna con todos eles e prefire mirar cara outro lado antes que reaccionar coa contundencia que os feitos requiren\u201d.<\/p>\n<p style=\"font-weight: 400;\">\u201cAl\u00e9grame que a xente poida percibir as diferentes formas de facer pol\u00edtica e que n\u00f3s esteamos a outra cousa\u201d, afirmou Rueda ao tempo que destacaba a contribuci\u00f3n da pol\u00edtica \u201cfeita desde o sentidi\u00f1o, a xesti\u00f3n e a preocupaci\u00f3n polos problemas reais da cidadan\u00eda\u201d \u00e1 consolidaci\u00f3n do que se percibe como \u201cGalicia Calidade\u201d.<\/p>\n<p style=\"font-weight: 400;\">Para o l\u00edder dos populares galegos, todos os alcaldes e alcaldesas reunidos hoxe en Oroso \u201crepresentan ben esa maneira que ten o PPdeG de facer as cousas e de facelas ben, ocup\u00e1ndose do que verdadeiramente importa e desprezando a mala pol\u00edtica dos esc\u00e1ndalos, de mirar cara outro lado cando hai que actuar con contundencia e de crear tensi\u00f3n como ferramenta para conseguir fins pol\u00edticos\u201d.<\/p>\n<p style=\"font-weight: 400;\">\u201cA pol\u00edtica boa e de verdade \u00e9 o d\u00eda a d\u00eda do traballo desde os concellos. Por iso me alegro de que te\u00f1amos tanta xente nova que sexa un exemplo de todo iso e doulles as grazas pola valent\u00eda que demostran ocupando estes postos e entendendo que a mellor pol\u00edtica \u00e9 a que se fai desde os concellos\u201d, conclu\u00edu.<\/p>\n<p style=\"font-weight: 400;\"><strong><u>A MOCIDADE QUE GOBERNA<\/u><\/strong><\/p>\n<p style=\"font-weight: 400;\">No encontro estiveron presentes a maior\u00eda dos 15 alcaldes e alcaldesas do PPdeG menores de 40 anos: \u00c1ngel P\u00e9rez (Gunt\u00edn), Gonzalo Louzao (A Estrada), Manuel Fern\u00e1ndez (Ba\u00f1os de Molgas), Fernando Couce (Cabanas), Luis Insua (Fisterra), Pablo Gra\u00f1a (Xunqueira de Espadanedo), \u00c1lex Doval (Oroso), Melisa Mac\u00eda (Vilari\u00f1o de Conso), Pablo Barcia (Mondariz), Pablo Rivas (Portomar\u00edn), Jorge Cubela (Cerdedo-Cotobade), Esteban Ares (Lousame), Mar\u00eda Sampedro (Ribeira) e Rebeca Sotelo (Cenlle). Aos que haber\u00eda que engadir ao alcalde de Baralla, Miguel Gonz\u00e1lez.<\/p>\n<p style=\"font-weight: 400;\">Xunto a eles estaba tam\u00e9n Nicole Grueira, presidenta de Novas Xeraci\u00f3ns de Galicia e que, con 21 anos, foi a candidata m\u00e1is nova nas elecci\u00f3ns de 2023 e, meses despois, converteuse na primeira deputada auton\u00f3mica nada no s\u00e9culo XXI.<\/p>\n<p style=\"font-weight: 400;\">\u00c1lex Doval, que exerceu de anfitri\u00f3n, quixo salientar o que, a pesar das diferentes procedencias \u201cdesde o concello m\u00e1is rural ata o m\u00e1is urbano\u201d, une a todos eles: \u201cSomos persoas novas que decidimos dar un paso adiante para liderar os nosos concellos, non sen dificultades nin atrancos, pero sempre co apoio do partido\u201d.<\/p>\n<p style=\"font-weight: 400;\">De feito, e en contraposici\u00f3n a quen considera que o PPdeG \u00e9 \u201co partido da xente maior\u201d, considera que a reuni\u00f3n de hoxe \u00e9 \u201ca mellor demostraci\u00f3n de que o PPdeG non s\u00f3 \u00e9 o partido que m\u00e1is se parece a Galicia, sen\u00f3n tam\u00e9n o partido que m\u00e1is se parece \u00e1 mocidade galega\u201d.<\/p>\n<p style=\"font-weight: 400;\">O alcalde de Oroso explicou que tanto el como o resto de alcaldes menores de 40 anos ao final o \u00fanico ao que aspiran \u00e9 a \u201cgobernar con cabeza, facendo as cousas ben, con proximidade, con rigor e sendo capaces de chegar \u00e1 xente\u201d.<\/p>\n","protected":false},"excerpt":{"rendered":"<p>O presidente do PPdeG, Alfonso Rueda, reco\u00f1eceu hoxe o traballo que fan d\u00eda a d\u00eda os alcaldes e alcaldesas m\u00e1is novos do partido na medida en que demostran que a \u201cpol\u00edtica de calidade\u201d tam\u00e9n pode ser sin\u00f3nimo de mocidade: \u201cSe somos o partido que m\u00e1is se parece a Galicia e \u00e1 s\u00faa xente \u00e9 porque [&hellip;]<\/p>\n","protected":false},"author":38,"featured_media":69493,"comment_status":"closed","ping_status":"open","sticky":false,"template":"","format":"standard","meta":{"_acf_changed":false,"footnotes":""},"categories":[1],"tags":[],"class_list":["post-69492","post","type-post","status-publish","format-standard","has-post-thumbnail","hentry","category-pp-de-galicia"],"acf":[],"yoast_head":"<!-- This site is optimized with the Yoast SEO plugin v27.3 - https:\/\/yoast.com\/product\/yoast-seo-wordpress\/ -->\n<title>Rueda aplaude o traballo dos alcaldes e alcaldesas m\u00e1is novos do PPdeG: \u201cDemostran d\u00eda a d\u00eda que a pol\u00edtica de calidade tam\u00e9n \u00e9 cousa da xente nova\u201d - PP de Galicia<\/title>\n<meta name=\"description\" content=\"O presidente do PPdeG, Alfonso Rueda, reco\u00f1eceu hoxe o traballo que fan d\u00eda a d\u00eda os alcaldes e alcaldesas m\u00e1is novos do partido na medida en que demostran que a \u201cpol\u00edtica de calidade\u201d tam\u00e9n pode ser sin\u00f3nimo de mocidade: \u201cSe somos o partido que m\u00e1is se parece a Galicia e \u00e1 s\u00faa xente \u00e9 porque cremos na capacidade da xente nova para ocupar postos de responsabilidade\u201d.\" \/>\n<meta name=\"robots\" content=\"index, follow, max-snippet:-1, max-image-preview:large, max-video-preview:-1\" \/>\n<link rel=\"canonical\" href=\"https:\/\/ppdegalicia.com\/es\/rueda-aplaude-o-traballo-dos-alcaldes-e-alcaldesas-mais-novos-do-ppdeg-demostran-dia-a-dia-que-a-politica-de-calidade-tamen-e-cousa-da-xente-nova\/\" \/>\n<meta property=\"og:locale\" content=\"es_ES\" \/>\n<meta property=\"og:type\" content=\"article\" \/>\n<meta property=\"og:title\" content=\"Rueda aplaude o traballo dos alcaldes e alcaldesas m\u00e1is novos do PPdeG: \u201cDemostran d\u00eda a d\u00eda que a pol\u00edtica de calidade tam\u00e9n \u00e9 cousa da xente nova\u201d - PP de Galicia\" \/>\n<meta property=\"og:description\" content=\"O presidente do PPdeG, Alfonso Rueda, reco\u00f1eceu hoxe o traballo que fan d\u00eda a d\u00eda os alcaldes e alcaldesas m\u00e1is novos do partido na medida en que demostran que a \u201cpol\u00edtica de calidade\u201d tam\u00e9n pode ser sin\u00f3nimo de mocidade: \u201cSe somos o partido que m\u00e1is se parece a Galicia e \u00e1 s\u00faa xente \u00e9 porque cremos na capacidade da xente nova para ocupar postos de responsabilidade\u201d.\" \/>\n<meta property=\"og:url\" content=\"https:\/\/ppdegalicia.com\/es\/rueda-aplaude-o-traballo-dos-alcaldes-e-alcaldesas-mais-novos-do-ppdeg-demostran-dia-a-dia-que-a-politica-de-calidade-tamen-e-cousa-da-xente-nova\/\" \/>\n<meta property=\"og:site_name\" content=\"PP de Galicia\" \/>\n<meta property=\"article:publisher\" content=\"https:\/\/www.instagram.com\/ppdegalicia\/\" \/>\n<meta property=\"article:published_time\" content=\"2025-12-14T15:04:06+00:00\" \/>\n<meta property=\"og:image\" content=\"https:\/\/ppdegalicia.com\/wp-content\/uploads\/2025\/12\/20251214_ARueda_AlcaldesMozos_PPdeG-scaled.jpg\" \/>\n\t<meta property=\"og:image:width\" content=\"2560\" \/>\n\t<meta property=\"og:image:height\" content=\"1707\" \/>\n\t<meta property=\"og:image:type\" content=\"image\/jpeg\" \/>\n<meta name=\"author\" content=\"ppdegaliciaredes\" \/>\n<meta name=\"twitter:card\" content=\"summary_large_image\" \/>\n<meta name=\"twitter:creator\" content=\"@ppdegalicia\" \/>\n<meta name=\"twitter:site\" content=\"@ppdegalicia\" \/>\n<meta name=\"twitter:label1\" content=\"Escrito por\" \/>\n\t<meta name=\"twitter:data1\" content=\"ppdegaliciaredes\" \/>\n\t<meta name=\"twitter:label2\" content=\"Tiempo de lectura\" \/>\n\t<meta name=\"twitter:data2\" content=\"6 minutos\" \/>\n<script type=\"application\/ld+json\" class=\"yoast-schema-graph\">{\"@context\":\"https:\\\/\\\/schema.org\",\"@graph\":[{\"@type\":\"Article\",\"@id\":\"https:\\\/\\\/ppdegalicia.com\\\/es\\\/rueda-aplaude-o-traballo-dos-alcaldes-e-alcaldesas-mais-novos-do-ppdeg-demostran-dia-a-dia-que-a-politica-de-calidade-tamen-e-cousa-da-xente-nova\\\/#article\",\"isPartOf\":{\"@id\":\"https:\\\/\\\/ppdegalicia.com\\\/es\\\/rueda-aplaude-o-traballo-dos-alcaldes-e-alcaldesas-mais-novos-do-ppdeg-demostran-dia-a-dia-que-a-politica-de-calidade-tamen-e-cousa-da-xente-nova\\\/\"},\"author\":{\"name\":\"ppdegaliciaredes\",\"@id\":\"https:\\\/\\\/ppdegalicia.com\\\/es\\\/#\\\/schema\\\/person\\\/5b822c6f59e872ebdd1142f307dbcb59\"},\"headline\":\"Rueda aplaude o traballo dos alcaldes e alcaldesas m\u00e1is novos do PPdeG: \u201cDemostran d\u00eda a d\u00eda que a pol\u00edtica de calidade tam\u00e9n \u00e9 cousa da xente nova\u201d\",\"datePublished\":\"2025-12-14T15:04:06+00:00\",\"mainEntityOfPage\":{\"@id\":\"https:\\\/\\\/ppdegalicia.com\\\/es\\\/rueda-aplaude-o-traballo-dos-alcaldes-e-alcaldesas-mais-novos-do-ppdeg-demostran-dia-a-dia-que-a-politica-de-calidade-tamen-e-cousa-da-xente-nova\\\/\"},\"wordCount\":1064,\"publisher\":{\"@id\":\"https:\\\/\\\/ppdegalicia.com\\\/es\\\/#organization\"},\"image\":{\"@id\":\"https:\\\/\\\/ppdegalicia.com\\\/es\\\/rueda-aplaude-o-traballo-dos-alcaldes-e-alcaldesas-mais-novos-do-ppdeg-demostran-dia-a-dia-que-a-politica-de-calidade-tamen-e-cousa-da-xente-nova\\\/#primaryimage\"},\"thumbnailUrl\":\"https:\\\/\\\/ppdegalicia.com\\\/wp-content\\\/uploads\\\/2025\\\/12\\\/20251214_ARueda_AlcaldesMozos_PPdeG-scaled.jpg\",\"articleSection\":[\"PP de Galicia\"],\"inLanguage\":\"es\"},{\"@type\":\"WebPage\",\"@id\":\"https:\\\/\\\/ppdegalicia.com\\\/es\\\/rueda-aplaude-o-traballo-dos-alcaldes-e-alcaldesas-mais-novos-do-ppdeg-demostran-dia-a-dia-que-a-politica-de-calidade-tamen-e-cousa-da-xente-nova\\\/\",\"url\":\"https:\\\/\\\/ppdegalicia.com\\\/es\\\/rueda-aplaude-o-traballo-dos-alcaldes-e-alcaldesas-mais-novos-do-ppdeg-demostran-dia-a-dia-que-a-politica-de-calidade-tamen-e-cousa-da-xente-nova\\\/\",\"name\":\"Rueda aplaude o traballo dos alcaldes e alcaldesas m\u00e1is novos do PPdeG: \u201cDemostran d\u00eda a d\u00eda que a pol\u00edtica de calidade tam\u00e9n \u00e9 cousa da xente nova\u201d - PP de Galicia\",\"isPartOf\":{\"@id\":\"https:\\\/\\\/ppdegalicia.com\\\/es\\\/#website\"},\"primaryImageOfPage\":{\"@id\":\"https:\\\/\\\/ppdegalicia.com\\\/es\\\/rueda-aplaude-o-traballo-dos-alcaldes-e-alcaldesas-mais-novos-do-ppdeg-demostran-dia-a-dia-que-a-politica-de-calidade-tamen-e-cousa-da-xente-nova\\\/#primaryimage\"},\"image\":{\"@id\":\"https:\\\/\\\/ppdegalicia.com\\\/es\\\/rueda-aplaude-o-traballo-dos-alcaldes-e-alcaldesas-mais-novos-do-ppdeg-demostran-dia-a-dia-que-a-politica-de-calidade-tamen-e-cousa-da-xente-nova\\\/#primaryimage\"},\"thumbnailUrl\":\"https:\\\/\\\/ppdegalicia.com\\\/wp-content\\\/uploads\\\/2025\\\/12\\\/20251214_ARueda_AlcaldesMozos_PPdeG-scaled.jpg\",\"datePublished\":\"2025-12-14T15:04:06+00:00\",\"description\":\"O presidente do PPdeG, Alfonso Rueda, reco\u00f1eceu hoxe o traballo que fan d\u00eda a d\u00eda os alcaldes e alcaldesas m\u00e1is novos do partido na medida en que demostran que a \u201cpol\u00edtica de calidade\u201d tam\u00e9n pode ser sin\u00f3nimo de mocidade: \u201cSe somos o partido que m\u00e1is se parece a Galicia e \u00e1 s\u00faa xente \u00e9 porque cremos na capacidade da xente nova para ocupar postos de responsabilidade\u201d.\",\"breadcrumb\":{\"@id\":\"https:\\\/\\\/ppdegalicia.com\\\/es\\\/rueda-aplaude-o-traballo-dos-alcaldes-e-alcaldesas-mais-novos-do-ppdeg-demostran-dia-a-dia-que-a-politica-de-calidade-tamen-e-cousa-da-xente-nova\\\/#breadcrumb\"},\"inLanguage\":\"es\",\"potentialAction\":[{\"@type\":\"ReadAction\",\"target\":[\"https:\\\/\\\/ppdegalicia.com\\\/es\\\/rueda-aplaude-o-traballo-dos-alcaldes-e-alcaldesas-mais-novos-do-ppdeg-demostran-dia-a-dia-que-a-politica-de-calidade-tamen-e-cousa-da-xente-nova\\\/\"]}]},{\"@type\":\"ImageObject\",\"inLanguage\":\"es\",\"@id\":\"https:\\\/\\\/ppdegalicia.com\\\/es\\\/rueda-aplaude-o-traballo-dos-alcaldes-e-alcaldesas-mais-novos-do-ppdeg-demostran-dia-a-dia-que-a-politica-de-calidade-tamen-e-cousa-da-xente-nova\\\/#primaryimage\",\"url\":\"https:\\\/\\\/ppdegalicia.com\\\/wp-content\\\/uploads\\\/2025\\\/12\\\/20251214_ARueda_AlcaldesMozos_PPdeG-scaled.jpg\",\"contentUrl\":\"https:\\\/\\\/ppdegalicia.com\\\/wp-content\\\/uploads\\\/2025\\\/12\\\/20251214_ARueda_AlcaldesMozos_PPdeG-scaled.jpg\",\"width\":2560,\"height\":1707},{\"@type\":\"BreadcrumbList\",\"@id\":\"https:\\\/\\\/ppdegalicia.com\\\/es\\\/rueda-aplaude-o-traballo-dos-alcaldes-e-alcaldesas-mais-novos-do-ppdeg-demostran-dia-a-dia-que-a-politica-de-calidade-tamen-e-cousa-da-xente-nova\\\/#breadcrumb\",\"itemListElement\":[{\"@type\":\"ListItem\",\"position\":1,\"name\":\"Portada\",\"item\":\"https:\\\/\\\/ppdegalicia.com\\\/es\\\/\"},{\"@type\":\"ListItem\",\"position\":2,\"name\":\"Rueda aplaude o traballo dos alcaldes e alcaldesas m\u00e1is novos do PPdeG: \u201cDemostran d\u00eda a d\u00eda que a pol\u00edtica de calidade tam\u00e9n \u00e9 cousa da xente nova\u201d\"}]},{\"@type\":\"WebSite\",\"@id\":\"https:\\\/\\\/ppdegalicia.com\\\/es\\\/#website\",\"url\":\"https:\\\/\\\/ppdegalicia.com\\\/es\\\/\",\"name\":\"Partido Popular de Galicia\",\"description\":\"Partido Popular de Galicia\",\"publisher\":{\"@id\":\"https:\\\/\\\/ppdegalicia.com\\\/es\\\/#organization\"},\"alternateName\":\"PP de Galicia\",\"potentialAction\":[{\"@type\":\"SearchAction\",\"target\":{\"@type\":\"EntryPoint\",\"urlTemplate\":\"https:\\\/\\\/ppdegalicia.com\\\/es\\\/?s={search_term_string}\"},\"query-input\":{\"@type\":\"PropertyValueSpecification\",\"valueRequired\":true,\"valueName\":\"search_term_string\"}}],\"inLanguage\":\"es\"},{\"@type\":\"Organization\",\"@id\":\"https:\\\/\\\/ppdegalicia.com\\\/es\\\/#organization\",\"name\":\"Partido Popular de Galicia\",\"alternateName\":\"PP de Galicia\",\"url\":\"https:\\\/\\\/ppdegalicia.com\\\/es\\\/\",\"logo\":{\"@type\":\"ImageObject\",\"inLanguage\":\"es\",\"@id\":\"https:\\\/\\\/ppdegalicia.com\\\/es\\\/#\\\/schema\\\/logo\\\/image\\\/\",\"url\":\"https:\\\/\\\/ppdegalicia.com\\\/wp-content\\\/uploads\\\/2023\\\/04\\\/logoPP512.png\",\"contentUrl\":\"https:\\\/\\\/ppdegalicia.com\\\/wp-content\\\/uploads\\\/2023\\\/04\\\/logoPP512.png\",\"width\":512,\"height\":512,\"caption\":\"Partido Popular de Galicia\"},\"image\":{\"@id\":\"https:\\\/\\\/ppdegalicia.com\\\/es\\\/#\\\/schema\\\/logo\\\/image\\\/\"},\"sameAs\":[\"https:\\\/\\\/www.instagram.com\\\/ppdegalicia\\\/\",\"https:\\\/\\\/x.com\\\/ppdegalicia\",\"https:\\\/\\\/www.tiktok.com\\\/@ppdegalicia\",\"https:\\\/\\\/www.youtube.com\\\/user\\\/ppdegalicia\"]},{\"@type\":\"Person\",\"@id\":\"https:\\\/\\\/ppdegalicia.com\\\/es\\\/#\\\/schema\\\/person\\\/5b822c6f59e872ebdd1142f307dbcb59\",\"name\":\"ppdegaliciaredes\",\"image\":{\"@type\":\"ImageObject\",\"inLanguage\":\"es\",\"@id\":\"https:\\\/\\\/secure.gravatar.com\\\/avatar\\\/3c9179cf0256d00c72a48d1f25783c58b6842cd56e85ef3a572881c8e28ccd59?s=96&d=mm&r=g\",\"url\":\"https:\\\/\\\/secure.gravatar.com\\\/avatar\\\/3c9179cf0256d00c72a48d1f25783c58b6842cd56e85ef3a572881c8e28ccd59?s=96&d=mm&r=g\",\"contentUrl\":\"https:\\\/\\\/secure.gravatar.com\\\/avatar\\\/3c9179cf0256d00c72a48d1f25783c58b6842cd56e85ef3a572881c8e28ccd59?s=96&d=mm&r=g\",\"caption\":\"ppdegaliciaredes\"},\"url\":\"https:\\\/\\\/ppdegalicia.com\\\/es\\\/author\\\/ppdegaliciaredes\\\/\"}]}<\/script>\n<!-- \/ Yoast SEO plugin. -->","yoast_head_json":{"title":"Rueda aplaude o traballo dos alcaldes e alcaldesas m\u00e1is novos do PPdeG: \u201cDemostran d\u00eda a d\u00eda que a pol\u00edtica de calidade tam\u00e9n \u00e9 cousa da xente nova\u201d - PP de Galicia","description":"O presidente do PPdeG, Alfonso Rueda, reco\u00f1eceu hoxe o traballo que fan d\u00eda a d\u00eda os alcaldes e alcaldesas m\u00e1is novos do partido na medida en que demostran que a \u201cpol\u00edtica de calidade\u201d tam\u00e9n pode ser sin\u00f3nimo de mocidade: \u201cSe somos o partido que m\u00e1is se parece a Galicia e \u00e1 s\u00faa xente \u00e9 porque cremos na capacidade da xente nova para ocupar postos de responsabilidade\u201d.","robots":{"index":"index","follow":"follow","max-snippet":"max-snippet:-1","max-image-preview":"max-image-preview:large","max-video-preview":"max-video-preview:-1"},"canonical":"https:\/\/ppdegalicia.com\/es\/rueda-aplaude-o-traballo-dos-alcaldes-e-alcaldesas-mais-novos-do-ppdeg-demostran-dia-a-dia-que-a-politica-de-calidade-tamen-e-cousa-da-xente-nova\/","og_locale":"es_ES","og_type":"article","og_title":"Rueda aplaude o traballo dos alcaldes e alcaldesas m\u00e1is novos do PPdeG: \u201cDemostran d\u00eda a d\u00eda que a pol\u00edtica de calidade tam\u00e9n \u00e9 cousa da xente nova\u201d - PP de Galicia","og_description":"O presidente do PPdeG, Alfonso Rueda, reco\u00f1eceu hoxe o traballo que fan d\u00eda a d\u00eda os alcaldes e alcaldesas m\u00e1is novos do partido na medida en que demostran que a \u201cpol\u00edtica de calidade\u201d tam\u00e9n pode ser sin\u00f3nimo de mocidade: \u201cSe somos o partido que m\u00e1is se parece a Galicia e \u00e1 s\u00faa xente \u00e9 porque cremos na capacidade da xente nova para ocupar postos de responsabilidade\u201d.","og_url":"https:\/\/ppdegalicia.com\/es\/rueda-aplaude-o-traballo-dos-alcaldes-e-alcaldesas-mais-novos-do-ppdeg-demostran-dia-a-dia-que-a-politica-de-calidade-tamen-e-cousa-da-xente-nova\/","og_site_name":"PP de Galicia","article_publisher":"https:\/\/www.instagram.com\/ppdegalicia\/","article_published_time":"2025-12-14T15:04:06+00:00","og_image":[{"width":2560,"height":1707,"url":"https:\/\/ppdegalicia.com\/wp-content\/uploads\/2025\/12\/20251214_ARueda_AlcaldesMozos_PPdeG-scaled.jpg","type":"image\/jpeg"}],"author":"ppdegaliciaredes","twitter_card":"summary_large_image","twitter_creator":"@ppdegalicia","twitter_site":"@ppdegalicia","twitter_misc":{"Escrito por":"ppdegaliciaredes","Tiempo de lectura":"6 minutos"},"schema":{"@context":"https:\/\/schema.org","@graph":[{"@type":"Article","@id":"https:\/\/ppdegalicia.com\/es\/rueda-aplaude-o-traballo-dos-alcaldes-e-alcaldesas-mais-novos-do-ppdeg-demostran-dia-a-dia-que-a-politica-de-calidade-tamen-e-cousa-da-xente-nova\/#article","isPartOf":{"@id":"https:\/\/ppdegalicia.com\/es\/rueda-aplaude-o-traballo-dos-alcaldes-e-alcaldesas-mais-novos-do-ppdeg-demostran-dia-a-dia-que-a-politica-de-calidade-tamen-e-cousa-da-xente-nova\/"},"author":{"name":"ppdegaliciaredes","@id":"https:\/\/ppdegalicia.com\/es\/#\/schema\/person\/5b822c6f59e872ebdd1142f307dbcb59"},"headline":"Rueda aplaude o traballo dos alcaldes e alcaldesas m\u00e1is novos do PPdeG: \u201cDemostran d\u00eda a d\u00eda que a pol\u00edtica de calidade tam\u00e9n \u00e9 cousa da xente nova\u201d","datePublished":"2025-12-14T15:04:06+00:00","mainEntityOfPage":{"@id":"https:\/\/ppdegalicia.com\/es\/rueda-aplaude-o-traballo-dos-alcaldes-e-alcaldesas-mais-novos-do-ppdeg-demostran-dia-a-dia-que-a-politica-de-calidade-tamen-e-cousa-da-xente-nova\/"},"wordCount":1064,"publisher":{"@id":"https:\/\/ppdegalicia.com\/es\/#organization"},"image":{"@id":"https:\/\/ppdegalicia.com\/es\/rueda-aplaude-o-traballo-dos-alcaldes-e-alcaldesas-mais-novos-do-ppdeg-demostran-dia-a-dia-que-a-politica-de-calidade-tamen-e-cousa-da-xente-nova\/#primaryimage"},"thumbnailUrl":"https:\/\/ppdegalicia.com\/wp-content\/uploads\/2025\/12\/20251214_ARueda_AlcaldesMozos_PPdeG-scaled.jpg","articleSection":["PP de Galicia"],"inLanguage":"es"},{"@type":"WebPage","@id":"https:\/\/ppdegalicia.com\/es\/rueda-aplaude-o-traballo-dos-alcaldes-e-alcaldesas-mais-novos-do-ppdeg-demostran-dia-a-dia-que-a-politica-de-calidade-tamen-e-cousa-da-xente-nova\/","url":"https:\/\/ppdegalicia.com\/es\/rueda-aplaude-o-traballo-dos-alcaldes-e-alcaldesas-mais-novos-do-ppdeg-demostran-dia-a-dia-que-a-politica-de-calidade-tamen-e-cousa-da-xente-nova\/","name":"Rueda aplaude o traballo dos alcaldes e alcaldesas m\u00e1is novos do PPdeG: \u201cDemostran d\u00eda a d\u00eda que a pol\u00edtica de calidade tam\u00e9n \u00e9 cousa da xente nova\u201d - PP de Galicia","isPartOf":{"@id":"https:\/\/ppdegalicia.com\/es\/#website"},"primaryImageOfPage":{"@id":"https:\/\/ppdegalicia.com\/es\/rueda-aplaude-o-traballo-dos-alcaldes-e-alcaldesas-mais-novos-do-ppdeg-demostran-dia-a-dia-que-a-politica-de-calidade-tamen-e-cousa-da-xente-nova\/#primaryimage"},"image":{"@id":"https:\/\/ppdegalicia.com\/es\/rueda-aplaude-o-traballo-dos-alcaldes-e-alcaldesas-mais-novos-do-ppdeg-demostran-dia-a-dia-que-a-politica-de-calidade-tamen-e-cousa-da-xente-nova\/#primaryimage"},"thumbnailUrl":"https:\/\/ppdegalicia.com\/wp-content\/uploads\/2025\/12\/20251214_ARueda_AlcaldesMozos_PPdeG-scaled.jpg","datePublished":"2025-12-14T15:04:06+00:00","description":"O presidente do PPdeG, Alfonso Rueda, reco\u00f1eceu hoxe o traballo que fan d\u00eda a d\u00eda os alcaldes e alcaldesas m\u00e1is novos do partido na medida en que demostran que a \u201cpol\u00edtica de calidade\u201d tam\u00e9n pode ser sin\u00f3nimo de mocidade: \u201cSe somos o partido que m\u00e1is se parece a Galicia e \u00e1 s\u00faa xente \u00e9 porque cremos na capacidade da xente nova para ocupar postos de responsabilidade\u201d.","breadcrumb":{"@id":"https:\/\/ppdegalicia.com\/es\/rueda-aplaude-o-traballo-dos-alcaldes-e-alcaldesas-mais-novos-do-ppdeg-demostran-dia-a-dia-que-a-politica-de-calidade-tamen-e-cousa-da-xente-nova\/#breadcrumb"},"inLanguage":"es","potentialAction":[{"@type":"ReadAction","target":["https:\/\/ppdegalicia.com\/es\/rueda-aplaude-o-traballo-dos-alcaldes-e-alcaldesas-mais-novos-do-ppdeg-demostran-dia-a-dia-que-a-politica-de-calidade-tamen-e-cousa-da-xente-nova\/"]}]},{"@type":"ImageObject","inLanguage":"es","@id":"https:\/\/ppdegalicia.com\/es\/rueda-aplaude-o-traballo-dos-alcaldes-e-alcaldesas-mais-novos-do-ppdeg-demostran-dia-a-dia-que-a-politica-de-calidade-tamen-e-cousa-da-xente-nova\/#primaryimage","url":"https:\/\/ppdegalicia.com\/wp-content\/uploads\/2025\/12\/20251214_ARueda_AlcaldesMozos_PPdeG-scaled.jpg","contentUrl":"https:\/\/ppdegalicia.com\/wp-content\/uploads\/2025\/12\/20251214_ARueda_AlcaldesMozos_PPdeG-scaled.jpg","width":2560,"height":1707},{"@type":"BreadcrumbList","@id":"https:\/\/ppdegalicia.com\/es\/rueda-aplaude-o-traballo-dos-alcaldes-e-alcaldesas-mais-novos-do-ppdeg-demostran-dia-a-dia-que-a-politica-de-calidade-tamen-e-cousa-da-xente-nova\/#breadcrumb","itemListElement":[{"@type":"ListItem","position":1,"name":"Portada","item":"https:\/\/ppdegalicia.com\/es\/"},{"@type":"ListItem","position":2,"name":"Rueda aplaude o traballo dos alcaldes e alcaldesas m\u00e1is novos do PPdeG: \u201cDemostran d\u00eda a d\u00eda que a pol\u00edtica de calidade tam\u00e9n \u00e9 cousa da xente nova\u201d"}]},{"@type":"WebSite","@id":"https:\/\/ppdegalicia.com\/es\/#website","url":"https:\/\/ppdegalicia.com\/es\/","name":"Partido Popular de Galicia","description":"Partido Popular de Galicia","publisher":{"@id":"https:\/\/ppdegalicia.com\/es\/#organization"},"alternateName":"PP de Galicia","potentialAction":[{"@type":"SearchAction","target":{"@type":"EntryPoint","urlTemplate":"https:\/\/ppdegalicia.com\/es\/?s={search_term_string}"},"query-input":{"@type":"PropertyValueSpecification","valueRequired":true,"valueName":"search_term_string"}}],"inLanguage":"es"},{"@type":"Organization","@id":"https:\/\/ppdegalicia.com\/es\/#organization","name":"Partido Popular de Galicia","alternateName":"PP de Galicia","url":"https:\/\/ppdegalicia.com\/es\/","logo":{"@type":"ImageObject","inLanguage":"es","@id":"https:\/\/ppdegalicia.com\/es\/#\/schema\/logo\/image\/","url":"https:\/\/ppdegalicia.com\/wp-content\/uploads\/2023\/04\/logoPP512.png","contentUrl":"https:\/\/ppdegalicia.com\/wp-content\/uploads\/2023\/04\/logoPP512.png","width":512,"height":512,"caption":"Partido Popular de Galicia"},"image":{"@id":"https:\/\/ppdegalicia.com\/es\/#\/schema\/logo\/image\/"},"sameAs":["https:\/\/www.instagram.com\/ppdegalicia\/","https:\/\/x.com\/ppdegalicia","https:\/\/www.tiktok.com\/@ppdegalicia","https:\/\/www.youtube.com\/user\/ppdegalicia"]},{"@type":"Person","@id":"https:\/\/ppdegalicia.com\/es\/#\/schema\/person\/5b822c6f59e872ebdd1142f307dbcb59","name":"ppdegaliciaredes","image":{"@type":"ImageObject","inLanguage":"es","@id":"https:\/\/secure.gravatar.com\/avatar\/3c9179cf0256d00c72a48d1f25783c58b6842cd56e85ef3a572881c8e28ccd59?s=96&d=mm&r=g","url":"https:\/\/secure.gravatar.com\/avatar\/3c9179cf0256d00c72a48d1f25783c58b6842cd56e85ef3a572881c8e28ccd59?s=96&d=mm&r=g","contentUrl":"https:\/\/secure.gravatar.com\/avatar\/3c9179cf0256d00c72a48d1f25783c58b6842cd56e85ef3a572881c8e28ccd59?s=96&d=mm&r=g","caption":"ppdegaliciaredes"},"url":"https:\/\/ppdegalicia.com\/es\/author\/ppdegaliciaredes\/"}]}},"_links":{"self":[{"href":"https:\/\/ppdegalicia.com\/es\/wp-json\/wp\/v2\/posts\/69492","targetHints":{"allow":["GET"]}}],"collection":[{"href":"https:\/\/ppdegalicia.com\/es\/wp-json\/wp\/v2\/posts"}],"about":[{"href":"https:\/\/ppdegalicia.com\/es\/wp-json\/wp\/v2\/types\/post"}],"author":[{"embeddable":true,"href":"https:\/\/ppdegalicia.com\/es\/wp-json\/wp\/v2\/users\/38"}],"replies":[{"embeddable":true,"href":"https:\/\/ppdegalicia.com\/es\/wp-json\/wp\/v2\/comments?post=69492"}],"version-history":[{"count":1,"href":"https:\/\/ppdegalicia.com\/es\/wp-json\/wp\/v2\/posts\/69492\/revisions"}],"predecessor-version":[{"id":69495,"href":"https:\/\/ppdegalicia.com\/es\/wp-json\/wp\/v2\/posts\/69492\/revisions\/69495"}],"wp:featuredmedia":[{"embeddable":true,"href":"https:\/\/ppdegalicia.com\/es\/wp-json\/wp\/v2\/media\/69493"}],"wp:attachment":[{"href":"https:\/\/ppdegalicia.com\/es\/wp-json\/wp\/v2\/media?parent=69492"}],"wp:term":[{"taxonomy":"category","embeddable":true,"href":"https:\/\/ppdegalicia.com\/es\/wp-json\/wp\/v2\/categories?post=69492"},{"taxonomy":"post_tag","embeddable":true,"href":"https:\/\/ppdegalicia.com\/es\/wp-json\/wp\/v2\/tags?post=69492"}],"curies":[{"name":"wp","href":"https:\/\/api.w.org\/{rel}","templated":true}]}}