{"id":69707,"date":"2026-01-09T16:03:57","date_gmt":"2026-01-09T15:03:57","guid":{"rendered":"https:\/\/ppdegalicia.com\/?p=69707"},"modified":"2026-01-10T16:06:23","modified_gmt":"2026-01-10T15:06:23","slug":"o-ppdeg-saca-musculo-en-positivo-e-con-propostas-na-interparlamentaria-da-coruna-mentres-a-oposicion-segue-instalada-no-non","status":"publish","type":"post","link":"https:\/\/ppdegalicia.com\/es\/o-ppdeg-saca-musculo-en-positivo-e-con-propostas-na-interparlamentaria-da-coruna-mentres-a-oposicion-segue-instalada-no-non\/","title":{"rendered":"O PPdeG saca m\u00fasculo \u201cen positivo e con propostas\u201d na Interparlamentaria da Coru\u00f1a mentres a oposici\u00f3n segue \u201cinstalada no \u2018non\u201d"},"content":{"rendered":"<p>O Partido Popular de Galicia sacar\u00e1 m\u00fasculo esta fin de semana, \u201cen positivo e con propostas\u201d, na 28\u00aa Interparlamentaria do PP, en contraste coa oposici\u00f3n galega, que \u201csegue instalada no \u2018non\u2019 e no bloqueo sistem\u00e1tico\u201d.<\/p>\n<p>\u201cImos demostrar unha vez m\u00e1is que o PPdeG \u00e9 o partido galego maioritario no Parlamento de Galicia, no Congreso dos Deputados, no Senado e no Parlamento Europeo\u201d, sinalou a secretaria xeral do PPdeG, Paula Prado, durante a presentaci\u00f3n do acto que se celebra desde a ma\u00f1\u00e1 do s\u00e1bado na Coru\u00f1a.<\/p>\n<p>A n\u00famero dous dos populares galegos puxo en valor o liderado do presidente do PPdeG, Alfonso Rueda, amosando que \u201csomos o partido co que Galicia Goberna\u201d, e tam\u00e9n o papel do l\u00edder nacional Alberto N\u00fa\u00f1ez Feij\u00f3o.<\/p>\n<p>En contraste, referiuse aos plans do PSdeG para esta fin de semana, na que os socialistas se reunir\u00e1n para solucionar cuesti\u00f3ns internas despois de que sa\u00edra \u00e1 luz o caso Tom\u00e9. \u201cO socialismo re\u00fane o seu m\u00e1ximo \u00f3rgano non para falar do futuro de Galicia, sen\u00f3n para solucionar os problemas de acoso machista e de acoso laboral, alg\u00fan deles nesta cidade. E todo iso, mentres aplaude os agasallos de S\u00e1nchez a Catalu\u00f1a\u201d, dixo.<\/p>\n<p>Pola s\u00faa banda, o BNG dedicar\u00e1 o s\u00e1bado a alentar unha manifestaci\u00f3n \u201cen contra dun futuro democr\u00e1tico en Venezuela\u201d. \u201cO independentismo galego non cambia: unha vez m\u00e1is, v\u00f3lvese situar no lado incorrecto da historia\u201d, engadiu a secretaria xeral do PPdeG.<\/p>\n<p>A continuaci\u00f3n, referiuse \u00e1s posici\u00f3ns de Ana Pont\u00f3n e do BNG no \u00faltimo mes, denotando \u201co afastados que est\u00e1n dos galegos\u201d. As\u00ed, cuestionou se a pr\u00f3xima semana o BNG vai aceptar na Deputaci\u00f3n de Lugo o voto dun suposto acosador sexual, en referencia a Jos\u00e9 Tom\u00e9, e da persoa que o sab\u00eda todo e o ocultou, a deputada provincial Pilar Garc\u00eda Porto. \u201cSimplemente para manterse na vicepresidencia e deixando a un lado o feminismo e as mulleres\u201d, subli\u00f1ou.<\/p>\n<p>Prado considera que \u201cos lucenses e todos os galegos merecen saber que van facer, m\u00e1is al\u00e1 do parip\u00e9 destas semanas mentres negociaban mill\u00f3ns de euros en privado con Tom\u00e9\u201d. \u201cSe non o aclaran antes, a pr\u00f3xima semana saberemos se o BNG de Ana Pont\u00f3n est\u00e1 do lado do feminismo e das mulleres ou prefire aferrarse unha vez m\u00e1is aos cargos. Se aceptan, ten que saber todo o mundo que formar\u00e1n goberno cun presunto acosador sexual\u201d, lamentou.<\/p>\n<p>En canto \u00e1 postura sobre Venezuela, engadiu que o BNG \u201c\u00e9 m\u00e1is fan de Maduro que o propio goberno de Maduro\u201d e lembrou que o independentismo galego foi \u201cincapaz\u201d de reco\u00f1ecer en 2024 a vitoria da oposici\u00f3n en Venezuela.<\/p>\n<p>\u201cAo BNG s\u00f3 lle interesa a democracia cando beneficia aos seus amigos tiranos. \u00c9 unha aut\u00e9ntica vergo\u00f1a, unha vez m\u00e1is se pon ao car\u00f3n dun ditador\u201d, rematou Prado, lembrando que o nacionalismo galego \u201cesquece o sufrimento de miles de galegos que viven en Venezuela e dos miles de venezolanos que vi\u00f1eron a Galicia\u201d.<\/p>\n<p><strong>GALICIA, UN \u201cESPELLO\u201d NO QUE SE MIRA O PARTIDO POPULAR<\/strong><\/p>\n<p>Durante o acto tam\u00e9n participou o vicesecretario de Pol\u00edtica Auton\u00f3mica, Local e An\u00e1lise Electoral, El\u00edas Bendodo, que puxo en valor a Galicia como \u201co espello no que se mira o PP de moitos territorios de Espa\u00f1a\u201d, destacando a estabilidade, o compromiso, os orzamentos e o liderado de pol\u00edticos que \u201csolucionan os problemas da xente\u201d.<\/p>\n<p>Ademais, o presidente provincial do PP da Coru\u00f1a, Diego Calvo, apuntou ao 2026 como o ano \u201cno que hai que po\u00f1er fin a esa etapa negra do sanchismo no Goberno\u201d. Calvo criticou o modelo do presidente do Executivo central, Pedro S\u00e1nchez, un modelo \u201csen sentido com\u00fan e inxusto\u201d, especialmente \u201cgrave\u201d no reparto da financiaci\u00f3n \u00e1s comunidades aut\u00f3nomas que pretende o Executivo Central.<\/p>\n<p>As\u00ed, Calvo amosou a s\u00faa preocupaci\u00f3n tralo pacto de Pedro S\u00e1nchez co l\u00edder de ERC, Oriol Junqueras, que se traducir\u00e1 nunha nova financiaci\u00f3n auton\u00f3mica con cerca de 5.000 mill\u00f3ns m\u00e1is para Catalu\u00f1a. \u201cQue se negocie por separado con uns e o que queda se reparta entre o resto, non \u00e9 o modelo xusto\u201d, enfatizou Calvo.<\/p>\n<p>\u201cHai outra forma de gobernar e de crer na pol\u00edtica e no PP temos a experiencia para recompo\u00f1er este pais\u201d, puntualizou o presidente dos populares coru\u00f1eses.<\/p>\n<p>Miguel Lorenzo, l\u00edder local do PP na Coru\u00f1a, agradeceu a Alberto N\u00fa\u00f1ez Feij\u00f3o e ao Comit\u00e9 Executivo do Partido Popular a elecci\u00f3n da cidade herculina para celebrar esta Interparlamentaria \u201ce converter \u00e1 nosa cidade en referente nacional para dese\u00f1ar a estratexia no novo ano\u201d, sinalou.<\/p>\n<p>\u201cVan ser unhas xornadas de traballo nas que falarase de todo o que importa aos espa\u00f1ois e nas que se propor\u00e1n soluci\u00f3ns para cando Alberto N\u00fa\u00f1ez Feij\u00f3o sexa o presidente do Goberno, algo moi necesario para Espa\u00f1a e para que cumpra cos investimentos do Estado pendentes na Coru\u00f1a, tantas veces anunciados por Pedro S\u00e1nchez e In\u00e9s Rey e nunca executados\u201d, rematou Lorenzo.<\/p>\n","protected":false},"excerpt":{"rendered":"<p>O Partido Popular de Galicia sacar\u00e1 m\u00fasculo esta fin de semana, \u201cen positivo e con propostas\u201d, na 28\u00aa Interparlamentaria do PP, en contraste coa oposici\u00f3n galega, que \u201csegue instalada no \u2018non\u2019 e no bloqueo sistem\u00e1tico\u201d. \u201cImos demostrar unha vez m\u00e1is que o PPdeG \u00e9 o partido galego maioritario no Parlamento de Galicia, no Congreso dos [&hellip;]<\/p>\n","protected":false},"author":38,"featured_media":69708,"comment_status":"closed","ping_status":"open","sticky":false,"template":"","format":"standard","meta":{"_acf_changed":false,"footnotes":""},"categories":[1],"tags":[],"class_list":["post-69707","post","type-post","status-publish","format-standard","has-post-thumbnail","hentry","category-pp-de-galicia"],"acf":[],"yoast_head":"<!-- This site is optimized with the Yoast SEO plugin v27.3 - https:\/\/yoast.com\/product\/yoast-seo-wordpress\/ -->\n<title>O PPdeG saca m\u00fasculo \u201cen positivo e con propostas\u201d na Interparlamentaria da Coru\u00f1a mentres a oposici\u00f3n segue \u201cinstalada no \u2018non\u201d - PP de Galicia<\/title>\n<meta name=\"description\" content=\"O Partido Popular de Galicia sacar\u00e1 m\u00fasculo esta fin de semana, \u201cen positivo e con propostas\u201d, na 28\u00aa Interparlamentaria do PP, en contraste coa oposici\u00f3n galega, que \u201csegue instalada no \u2018non\u2019 e no bloqueo sistem\u00e1tico\u201d.\" \/>\n<meta name=\"robots\" content=\"index, follow, max-snippet:-1, max-image-preview:large, max-video-preview:-1\" \/>\n<link rel=\"canonical\" href=\"https:\/\/ppdegalicia.com\/es\/o-ppdeg-saca-musculo-en-positivo-e-con-propostas-na-interparlamentaria-da-coruna-mentres-a-oposicion-segue-instalada-no-non\/\" \/>\n<meta property=\"og:locale\" content=\"es_ES\" \/>\n<meta property=\"og:type\" content=\"article\" \/>\n<meta property=\"og:title\" content=\"O PPdeG saca m\u00fasculo \u201cen positivo e con propostas\u201d na Interparlamentaria da Coru\u00f1a mentres a oposici\u00f3n segue \u201cinstalada no \u2018non\u201d - PP de Galicia\" \/>\n<meta property=\"og:description\" content=\"O Partido Popular de Galicia sacar\u00e1 m\u00fasculo esta fin de semana, \u201cen positivo e con propostas\u201d, na 28\u00aa Interparlamentaria do PP, en contraste coa oposici\u00f3n galega, que \u201csegue instalada no \u2018non\u2019 e no bloqueo sistem\u00e1tico\u201d.\" \/>\n<meta property=\"og:url\" content=\"https:\/\/ppdegalicia.com\/es\/o-ppdeg-saca-musculo-en-positivo-e-con-propostas-na-interparlamentaria-da-coruna-mentres-a-oposicion-segue-instalada-no-non\/\" \/>\n<meta property=\"og:site_name\" content=\"PP de Galicia\" \/>\n<meta property=\"article:publisher\" content=\"https:\/\/www.instagram.com\/ppdegalicia\/\" \/>\n<meta property=\"article:published_time\" content=\"2026-01-09T15:03:57+00:00\" \/>\n<meta property=\"article:modified_time\" content=\"2026-01-10T15:06:23+00:00\" \/>\n<meta property=\"og:image\" content=\"https:\/\/ppdegalicia.com\/wp-content\/uploads\/2026\/01\/20260109_Previa_XXVIII_Interparlamentaria_Coruna_1-scaled.jpg\" \/>\n\t<meta property=\"og:image:width\" content=\"2560\" \/>\n\t<meta property=\"og:image:height\" content=\"1707\" \/>\n\t<meta property=\"og:image:type\" content=\"image\/jpeg\" \/>\n<meta name=\"author\" content=\"ppdegaliciaredes\" \/>\n<meta name=\"twitter:card\" content=\"summary_large_image\" \/>\n<meta name=\"twitter:creator\" content=\"@ppdegalicia\" \/>\n<meta name=\"twitter:site\" content=\"@ppdegalicia\" \/>\n<meta name=\"twitter:label1\" content=\"Escrito por\" \/>\n\t<meta name=\"twitter:data1\" content=\"ppdegaliciaredes\" \/>\n\t<meta name=\"twitter:label2\" content=\"Tiempo de lectura\" \/>\n\t<meta name=\"twitter:data2\" content=\"5 minutos\" \/>\n<script type=\"application\/ld+json\" class=\"yoast-schema-graph\">{\"@context\":\"https:\\\/\\\/schema.org\",\"@graph\":[{\"@type\":\"Article\",\"@id\":\"https:\\\/\\\/ppdegalicia.com\\\/es\\\/o-ppdeg-saca-musculo-en-positivo-e-con-propostas-na-interparlamentaria-da-coruna-mentres-a-oposicion-segue-instalada-no-non\\\/#article\",\"isPartOf\":{\"@id\":\"https:\\\/\\\/ppdegalicia.com\\\/es\\\/o-ppdeg-saca-musculo-en-positivo-e-con-propostas-na-interparlamentaria-da-coruna-mentres-a-oposicion-segue-instalada-no-non\\\/\"},\"author\":{\"name\":\"ppdegaliciaredes\",\"@id\":\"https:\\\/\\\/ppdegalicia.com\\\/es\\\/#\\\/schema\\\/person\\\/5b822c6f59e872ebdd1142f307dbcb59\"},\"headline\":\"O PPdeG saca m\u00fasculo \u201cen positivo e con propostas\u201d na Interparlamentaria da Coru\u00f1a mentres a oposici\u00f3n segue \u201cinstalada no \u2018non\u201d\",\"datePublished\":\"2026-01-09T15:03:57+00:00\",\"dateModified\":\"2026-01-10T15:06:23+00:00\",\"mainEntityOfPage\":{\"@id\":\"https:\\\/\\\/ppdegalicia.com\\\/es\\\/o-ppdeg-saca-musculo-en-positivo-e-con-propostas-na-interparlamentaria-da-coruna-mentres-a-oposicion-segue-instalada-no-non\\\/\"},\"wordCount\":896,\"publisher\":{\"@id\":\"https:\\\/\\\/ppdegalicia.com\\\/es\\\/#organization\"},\"image\":{\"@id\":\"https:\\\/\\\/ppdegalicia.com\\\/es\\\/o-ppdeg-saca-musculo-en-positivo-e-con-propostas-na-interparlamentaria-da-coruna-mentres-a-oposicion-segue-instalada-no-non\\\/#primaryimage\"},\"thumbnailUrl\":\"https:\\\/\\\/ppdegalicia.com\\\/wp-content\\\/uploads\\\/2026\\\/01\\\/20260109_Previa_XXVIII_Interparlamentaria_Coruna_1-scaled.jpg\",\"articleSection\":[\"PP de Galicia\"],\"inLanguage\":\"es\"},{\"@type\":\"WebPage\",\"@id\":\"https:\\\/\\\/ppdegalicia.com\\\/es\\\/o-ppdeg-saca-musculo-en-positivo-e-con-propostas-na-interparlamentaria-da-coruna-mentres-a-oposicion-segue-instalada-no-non\\\/\",\"url\":\"https:\\\/\\\/ppdegalicia.com\\\/es\\\/o-ppdeg-saca-musculo-en-positivo-e-con-propostas-na-interparlamentaria-da-coruna-mentres-a-oposicion-segue-instalada-no-non\\\/\",\"name\":\"O PPdeG saca m\u00fasculo \u201cen positivo e con propostas\u201d na Interparlamentaria da Coru\u00f1a mentres a oposici\u00f3n segue \u201cinstalada no \u2018non\u201d - PP de Galicia\",\"isPartOf\":{\"@id\":\"https:\\\/\\\/ppdegalicia.com\\\/es\\\/#website\"},\"primaryImageOfPage\":{\"@id\":\"https:\\\/\\\/ppdegalicia.com\\\/es\\\/o-ppdeg-saca-musculo-en-positivo-e-con-propostas-na-interparlamentaria-da-coruna-mentres-a-oposicion-segue-instalada-no-non\\\/#primaryimage\"},\"image\":{\"@id\":\"https:\\\/\\\/ppdegalicia.com\\\/es\\\/o-ppdeg-saca-musculo-en-positivo-e-con-propostas-na-interparlamentaria-da-coruna-mentres-a-oposicion-segue-instalada-no-non\\\/#primaryimage\"},\"thumbnailUrl\":\"https:\\\/\\\/ppdegalicia.com\\\/wp-content\\\/uploads\\\/2026\\\/01\\\/20260109_Previa_XXVIII_Interparlamentaria_Coruna_1-scaled.jpg\",\"datePublished\":\"2026-01-09T15:03:57+00:00\",\"dateModified\":\"2026-01-10T15:06:23+00:00\",\"description\":\"O Partido Popular de Galicia sacar\u00e1 m\u00fasculo esta fin de semana, \u201cen positivo e con propostas\u201d, na 28\u00aa Interparlamentaria do PP, en contraste coa oposici\u00f3n galega, que \u201csegue instalada no \u2018non\u2019 e no bloqueo sistem\u00e1tico\u201d.\",\"breadcrumb\":{\"@id\":\"https:\\\/\\\/ppdegalicia.com\\\/es\\\/o-ppdeg-saca-musculo-en-positivo-e-con-propostas-na-interparlamentaria-da-coruna-mentres-a-oposicion-segue-instalada-no-non\\\/#breadcrumb\"},\"inLanguage\":\"es\",\"potentialAction\":[{\"@type\":\"ReadAction\",\"target\":[\"https:\\\/\\\/ppdegalicia.com\\\/es\\\/o-ppdeg-saca-musculo-en-positivo-e-con-propostas-na-interparlamentaria-da-coruna-mentres-a-oposicion-segue-instalada-no-non\\\/\"]}]},{\"@type\":\"ImageObject\",\"inLanguage\":\"es\",\"@id\":\"https:\\\/\\\/ppdegalicia.com\\\/es\\\/o-ppdeg-saca-musculo-en-positivo-e-con-propostas-na-interparlamentaria-da-coruna-mentres-a-oposicion-segue-instalada-no-non\\\/#primaryimage\",\"url\":\"https:\\\/\\\/ppdegalicia.com\\\/wp-content\\\/uploads\\\/2026\\\/01\\\/20260109_Previa_XXVIII_Interparlamentaria_Coruna_1-scaled.jpg\",\"contentUrl\":\"https:\\\/\\\/ppdegalicia.com\\\/wp-content\\\/uploads\\\/2026\\\/01\\\/20260109_Previa_XXVIII_Interparlamentaria_Coruna_1-scaled.jpg\",\"width\":2560,\"height\":1707},{\"@type\":\"BreadcrumbList\",\"@id\":\"https:\\\/\\\/ppdegalicia.com\\\/es\\\/o-ppdeg-saca-musculo-en-positivo-e-con-propostas-na-interparlamentaria-da-coruna-mentres-a-oposicion-segue-instalada-no-non\\\/#breadcrumb\",\"itemListElement\":[{\"@type\":\"ListItem\",\"position\":1,\"name\":\"Portada\",\"item\":\"https:\\\/\\\/ppdegalicia.com\\\/es\\\/\"},{\"@type\":\"ListItem\",\"position\":2,\"name\":\"O PPdeG saca m\u00fasculo \u201cen positivo e con propostas\u201d na Interparlamentaria da Coru\u00f1a mentres a oposici\u00f3n segue \u201cinstalada no \u2018non\u201d\"}]},{\"@type\":\"WebSite\",\"@id\":\"https:\\\/\\\/ppdegalicia.com\\\/es\\\/#website\",\"url\":\"https:\\\/\\\/ppdegalicia.com\\\/es\\\/\",\"name\":\"Partido Popular de Galicia\",\"description\":\"Partido Popular de Galicia\",\"publisher\":{\"@id\":\"https:\\\/\\\/ppdegalicia.com\\\/es\\\/#organization\"},\"alternateName\":\"PP de Galicia\",\"potentialAction\":[{\"@type\":\"SearchAction\",\"target\":{\"@type\":\"EntryPoint\",\"urlTemplate\":\"https:\\\/\\\/ppdegalicia.com\\\/es\\\/?s={search_term_string}\"},\"query-input\":{\"@type\":\"PropertyValueSpecification\",\"valueRequired\":true,\"valueName\":\"search_term_string\"}}],\"inLanguage\":\"es\"},{\"@type\":\"Organization\",\"@id\":\"https:\\\/\\\/ppdegalicia.com\\\/es\\\/#organization\",\"name\":\"Partido Popular de Galicia\",\"alternateName\":\"PP de Galicia\",\"url\":\"https:\\\/\\\/ppdegalicia.com\\\/es\\\/\",\"logo\":{\"@type\":\"ImageObject\",\"inLanguage\":\"es\",\"@id\":\"https:\\\/\\\/ppdegalicia.com\\\/es\\\/#\\\/schema\\\/logo\\\/image\\\/\",\"url\":\"https:\\\/\\\/ppdegalicia.com\\\/wp-content\\\/uploads\\\/2023\\\/04\\\/logoPP512.png\",\"contentUrl\":\"https:\\\/\\\/ppdegalicia.com\\\/wp-content\\\/uploads\\\/2023\\\/04\\\/logoPP512.png\",\"width\":512,\"height\":512,\"caption\":\"Partido Popular de Galicia\"},\"image\":{\"@id\":\"https:\\\/\\\/ppdegalicia.com\\\/es\\\/#\\\/schema\\\/logo\\\/image\\\/\"},\"sameAs\":[\"https:\\\/\\\/www.instagram.com\\\/ppdegalicia\\\/\",\"https:\\\/\\\/x.com\\\/ppdegalicia\",\"https:\\\/\\\/www.tiktok.com\\\/@ppdegalicia\",\"https:\\\/\\\/www.youtube.com\\\/user\\\/ppdegalicia\"]},{\"@type\":\"Person\",\"@id\":\"https:\\\/\\\/ppdegalicia.com\\\/es\\\/#\\\/schema\\\/person\\\/5b822c6f59e872ebdd1142f307dbcb59\",\"name\":\"ppdegaliciaredes\",\"image\":{\"@type\":\"ImageObject\",\"inLanguage\":\"es\",\"@id\":\"https:\\\/\\\/secure.gravatar.com\\\/avatar\\\/3c9179cf0256d00c72a48d1f25783c58b6842cd56e85ef3a572881c8e28ccd59?s=96&d=mm&r=g\",\"url\":\"https:\\\/\\\/secure.gravatar.com\\\/avatar\\\/3c9179cf0256d00c72a48d1f25783c58b6842cd56e85ef3a572881c8e28ccd59?s=96&d=mm&r=g\",\"contentUrl\":\"https:\\\/\\\/secure.gravatar.com\\\/avatar\\\/3c9179cf0256d00c72a48d1f25783c58b6842cd56e85ef3a572881c8e28ccd59?s=96&d=mm&r=g\",\"caption\":\"ppdegaliciaredes\"},\"url\":\"https:\\\/\\\/ppdegalicia.com\\\/es\\\/author\\\/ppdegaliciaredes\\\/\"}]}<\/script>\n<!-- \/ Yoast SEO plugin. -->","yoast_head_json":{"title":"O PPdeG saca m\u00fasculo \u201cen positivo e con propostas\u201d na Interparlamentaria da Coru\u00f1a mentres a oposici\u00f3n segue \u201cinstalada no \u2018non\u201d - PP de Galicia","description":"O Partido Popular de Galicia sacar\u00e1 m\u00fasculo esta fin de semana, \u201cen positivo e con propostas\u201d, na 28\u00aa Interparlamentaria do PP, en contraste coa oposici\u00f3n galega, que \u201csegue instalada no \u2018non\u2019 e no bloqueo sistem\u00e1tico\u201d.","robots":{"index":"index","follow":"follow","max-snippet":"max-snippet:-1","max-image-preview":"max-image-preview:large","max-video-preview":"max-video-preview:-1"},"canonical":"https:\/\/ppdegalicia.com\/es\/o-ppdeg-saca-musculo-en-positivo-e-con-propostas-na-interparlamentaria-da-coruna-mentres-a-oposicion-segue-instalada-no-non\/","og_locale":"es_ES","og_type":"article","og_title":"O PPdeG saca m\u00fasculo \u201cen positivo e con propostas\u201d na Interparlamentaria da Coru\u00f1a mentres a oposici\u00f3n segue \u201cinstalada no \u2018non\u201d - PP de Galicia","og_description":"O Partido Popular de Galicia sacar\u00e1 m\u00fasculo esta fin de semana, \u201cen positivo e con propostas\u201d, na 28\u00aa Interparlamentaria do PP, en contraste coa oposici\u00f3n galega, que \u201csegue instalada no \u2018non\u2019 e no bloqueo sistem\u00e1tico\u201d.","og_url":"https:\/\/ppdegalicia.com\/es\/o-ppdeg-saca-musculo-en-positivo-e-con-propostas-na-interparlamentaria-da-coruna-mentres-a-oposicion-segue-instalada-no-non\/","og_site_name":"PP de Galicia","article_publisher":"https:\/\/www.instagram.com\/ppdegalicia\/","article_published_time":"2026-01-09T15:03:57+00:00","article_modified_time":"2026-01-10T15:06:23+00:00","og_image":[{"width":2560,"height":1707,"url":"https:\/\/ppdegalicia.com\/wp-content\/uploads\/2026\/01\/20260109_Previa_XXVIII_Interparlamentaria_Coruna_1-scaled.jpg","type":"image\/jpeg"}],"author":"ppdegaliciaredes","twitter_card":"summary_large_image","twitter_creator":"@ppdegalicia","twitter_site":"@ppdegalicia","twitter_misc":{"Escrito por":"ppdegaliciaredes","Tiempo de lectura":"5 minutos"},"schema":{"@context":"https:\/\/schema.org","@graph":[{"@type":"Article","@id":"https:\/\/ppdegalicia.com\/es\/o-ppdeg-saca-musculo-en-positivo-e-con-propostas-na-interparlamentaria-da-coruna-mentres-a-oposicion-segue-instalada-no-non\/#article","isPartOf":{"@id":"https:\/\/ppdegalicia.com\/es\/o-ppdeg-saca-musculo-en-positivo-e-con-propostas-na-interparlamentaria-da-coruna-mentres-a-oposicion-segue-instalada-no-non\/"},"author":{"name":"ppdegaliciaredes","@id":"https:\/\/ppdegalicia.com\/es\/#\/schema\/person\/5b822c6f59e872ebdd1142f307dbcb59"},"headline":"O PPdeG saca m\u00fasculo \u201cen positivo e con propostas\u201d na Interparlamentaria da Coru\u00f1a mentres a oposici\u00f3n segue \u201cinstalada no \u2018non\u201d","datePublished":"2026-01-09T15:03:57+00:00","dateModified":"2026-01-10T15:06:23+00:00","mainEntityOfPage":{"@id":"https:\/\/ppdegalicia.com\/es\/o-ppdeg-saca-musculo-en-positivo-e-con-propostas-na-interparlamentaria-da-coruna-mentres-a-oposicion-segue-instalada-no-non\/"},"wordCount":896,"publisher":{"@id":"https:\/\/ppdegalicia.com\/es\/#organization"},"image":{"@id":"https:\/\/ppdegalicia.com\/es\/o-ppdeg-saca-musculo-en-positivo-e-con-propostas-na-interparlamentaria-da-coruna-mentres-a-oposicion-segue-instalada-no-non\/#primaryimage"},"thumbnailUrl":"https:\/\/ppdegalicia.com\/wp-content\/uploads\/2026\/01\/20260109_Previa_XXVIII_Interparlamentaria_Coruna_1-scaled.jpg","articleSection":["PP de Galicia"],"inLanguage":"es"},{"@type":"WebPage","@id":"https:\/\/ppdegalicia.com\/es\/o-ppdeg-saca-musculo-en-positivo-e-con-propostas-na-interparlamentaria-da-coruna-mentres-a-oposicion-segue-instalada-no-non\/","url":"https:\/\/ppdegalicia.com\/es\/o-ppdeg-saca-musculo-en-positivo-e-con-propostas-na-interparlamentaria-da-coruna-mentres-a-oposicion-segue-instalada-no-non\/","name":"O PPdeG saca m\u00fasculo \u201cen positivo e con propostas\u201d na Interparlamentaria da Coru\u00f1a mentres a oposici\u00f3n segue \u201cinstalada no \u2018non\u201d - PP de Galicia","isPartOf":{"@id":"https:\/\/ppdegalicia.com\/es\/#website"},"primaryImageOfPage":{"@id":"https:\/\/ppdegalicia.com\/es\/o-ppdeg-saca-musculo-en-positivo-e-con-propostas-na-interparlamentaria-da-coruna-mentres-a-oposicion-segue-instalada-no-non\/#primaryimage"},"image":{"@id":"https:\/\/ppdegalicia.com\/es\/o-ppdeg-saca-musculo-en-positivo-e-con-propostas-na-interparlamentaria-da-coruna-mentres-a-oposicion-segue-instalada-no-non\/#primaryimage"},"thumbnailUrl":"https:\/\/ppdegalicia.com\/wp-content\/uploads\/2026\/01\/20260109_Previa_XXVIII_Interparlamentaria_Coruna_1-scaled.jpg","datePublished":"2026-01-09T15:03:57+00:00","dateModified":"2026-01-10T15:06:23+00:00","description":"O Partido Popular de Galicia sacar\u00e1 m\u00fasculo esta fin de semana, \u201cen positivo e con propostas\u201d, na 28\u00aa Interparlamentaria do PP, en contraste coa oposici\u00f3n galega, que \u201csegue instalada no \u2018non\u2019 e no bloqueo sistem\u00e1tico\u201d.","breadcrumb":{"@id":"https:\/\/ppdegalicia.com\/es\/o-ppdeg-saca-musculo-en-positivo-e-con-propostas-na-interparlamentaria-da-coruna-mentres-a-oposicion-segue-instalada-no-non\/#breadcrumb"},"inLanguage":"es","potentialAction":[{"@type":"ReadAction","target":["https:\/\/ppdegalicia.com\/es\/o-ppdeg-saca-musculo-en-positivo-e-con-propostas-na-interparlamentaria-da-coruna-mentres-a-oposicion-segue-instalada-no-non\/"]}]},{"@type":"ImageObject","inLanguage":"es","@id":"https:\/\/ppdegalicia.com\/es\/o-ppdeg-saca-musculo-en-positivo-e-con-propostas-na-interparlamentaria-da-coruna-mentres-a-oposicion-segue-instalada-no-non\/#primaryimage","url":"https:\/\/ppdegalicia.com\/wp-content\/uploads\/2026\/01\/20260109_Previa_XXVIII_Interparlamentaria_Coruna_1-scaled.jpg","contentUrl":"https:\/\/ppdegalicia.com\/wp-content\/uploads\/2026\/01\/20260109_Previa_XXVIII_Interparlamentaria_Coruna_1-scaled.jpg","width":2560,"height":1707},{"@type":"BreadcrumbList","@id":"https:\/\/ppdegalicia.com\/es\/o-ppdeg-saca-musculo-en-positivo-e-con-propostas-na-interparlamentaria-da-coruna-mentres-a-oposicion-segue-instalada-no-non\/#breadcrumb","itemListElement":[{"@type":"ListItem","position":1,"name":"Portada","item":"https:\/\/ppdegalicia.com\/es\/"},{"@type":"ListItem","position":2,"name":"O PPdeG saca m\u00fasculo \u201cen positivo e con propostas\u201d na Interparlamentaria da Coru\u00f1a mentres a oposici\u00f3n segue \u201cinstalada no \u2018non\u201d"}]},{"@type":"WebSite","@id":"https:\/\/ppdegalicia.com\/es\/#website","url":"https:\/\/ppdegalicia.com\/es\/","name":"Partido Popular de Galicia","description":"Partido Popular de Galicia","publisher":{"@id":"https:\/\/ppdegalicia.com\/es\/#organization"},"alternateName":"PP de Galicia","potentialAction":[{"@type":"SearchAction","target":{"@type":"EntryPoint","urlTemplate":"https:\/\/ppdegalicia.com\/es\/?s={search_term_string}"},"query-input":{"@type":"PropertyValueSpecification","valueRequired":true,"valueName":"search_term_string"}}],"inLanguage":"es"},{"@type":"Organization","@id":"https:\/\/ppdegalicia.com\/es\/#organization","name":"Partido Popular de Galicia","alternateName":"PP de Galicia","url":"https:\/\/ppdegalicia.com\/es\/","logo":{"@type":"ImageObject","inLanguage":"es","@id":"https:\/\/ppdegalicia.com\/es\/#\/schema\/logo\/image\/","url":"https:\/\/ppdegalicia.com\/wp-content\/uploads\/2023\/04\/logoPP512.png","contentUrl":"https:\/\/ppdegalicia.com\/wp-content\/uploads\/2023\/04\/logoPP512.png","width":512,"height":512,"caption":"Partido Popular de Galicia"},"image":{"@id":"https:\/\/ppdegalicia.com\/es\/#\/schema\/logo\/image\/"},"sameAs":["https:\/\/www.instagram.com\/ppdegalicia\/","https:\/\/x.com\/ppdegalicia","https:\/\/www.tiktok.com\/@ppdegalicia","https:\/\/www.youtube.com\/user\/ppdegalicia"]},{"@type":"Person","@id":"https:\/\/ppdegalicia.com\/es\/#\/schema\/person\/5b822c6f59e872ebdd1142f307dbcb59","name":"ppdegaliciaredes","image":{"@type":"ImageObject","inLanguage":"es","@id":"https:\/\/secure.gravatar.com\/avatar\/3c9179cf0256d00c72a48d1f25783c58b6842cd56e85ef3a572881c8e28ccd59?s=96&d=mm&r=g","url":"https:\/\/secure.gravatar.com\/avatar\/3c9179cf0256d00c72a48d1f25783c58b6842cd56e85ef3a572881c8e28ccd59?s=96&d=mm&r=g","contentUrl":"https:\/\/secure.gravatar.com\/avatar\/3c9179cf0256d00c72a48d1f25783c58b6842cd56e85ef3a572881c8e28ccd59?s=96&d=mm&r=g","caption":"ppdegaliciaredes"},"url":"https:\/\/ppdegalicia.com\/es\/author\/ppdegaliciaredes\/"}]}},"_links":{"self":[{"href":"https:\/\/ppdegalicia.com\/es\/wp-json\/wp\/v2\/posts\/69707","targetHints":{"allow":["GET"]}}],"collection":[{"href":"https:\/\/ppdegalicia.com\/es\/wp-json\/wp\/v2\/posts"}],"about":[{"href":"https:\/\/ppdegalicia.com\/es\/wp-json\/wp\/v2\/types\/post"}],"author":[{"embeddable":true,"href":"https:\/\/ppdegalicia.com\/es\/wp-json\/wp\/v2\/users\/38"}],"replies":[{"embeddable":true,"href":"https:\/\/ppdegalicia.com\/es\/wp-json\/wp\/v2\/comments?post=69707"}],"version-history":[{"count":1,"href":"https:\/\/ppdegalicia.com\/es\/wp-json\/wp\/v2\/posts\/69707\/revisions"}],"predecessor-version":[{"id":69710,"href":"https:\/\/ppdegalicia.com\/es\/wp-json\/wp\/v2\/posts\/69707\/revisions\/69710"}],"wp:featuredmedia":[{"embeddable":true,"href":"https:\/\/ppdegalicia.com\/es\/wp-json\/wp\/v2\/media\/69708"}],"wp:attachment":[{"href":"https:\/\/ppdegalicia.com\/es\/wp-json\/wp\/v2\/media?parent=69707"}],"wp:term":[{"taxonomy":"category","embeddable":true,"href":"https:\/\/ppdegalicia.com\/es\/wp-json\/wp\/v2\/categories?post=69707"},{"taxonomy":"post_tag","embeddable":true,"href":"https:\/\/ppdegalicia.com\/es\/wp-json\/wp\/v2\/tags?post=69707"}],"curies":[{"name":"wp","href":"https:\/\/api.w.org\/{rel}","templated":true}]}}