{"id":69802,"date":"2026-01-18T10:31:29","date_gmt":"2026-01-18T09:31:29","guid":{"rendered":"https:\/\/ppdegalicia.com\/?p=69802"},"modified":"2026-01-19T10:32:38","modified_gmt":"2026-01-19T09:32:38","slug":"o-ppdeg-contrapon-a-sua-politica-de-construe-e-suma-en-materia-de-vivenda-mentres-que-bng-e-psdeg-bloquean-e-encarecen","status":"publish","type":"post","link":"https:\/\/ppdegalicia.com\/es\/o-ppdeg-contrapon-a-sua-politica-de-construe-e-suma-en-materia-de-vivenda-mentres-que-bng-e-psdeg-bloquean-e-encarecen\/","title":{"rendered":"O PPdeG contrap\u00f3n a s\u00faa pol\u00edtica de constr\u00fae e suma en materia de vivenda, mentres que BNG e PSdeG bloquean e encarecen"},"content":{"rendered":"<p>Os deputados do Grupo Popular Roberto Rodr\u00edguez e Paula Mouzo afirmaron hoxe que en materia de vivenda \u201co Partido Popular constr\u00fae e suma, mentres PSOE e BNG bloquean e encarecen\u201d. Refer\u00edndose en concreto \u00e1 cidade de A Coru\u00f1a, criticaron que a declaraci\u00f3n de zona tensionada traduciuse na reduci\u00f3n do 70 por cento das vivendas de alugueiro, ao tempo que na mesma semana que o Goberno galego anuncia 264 novas vivendas de promoci\u00f3n p\u00fablica, o goberno local de socialistas e nacionalistas suspenderon as licenzas para constru\u00edr 160 novas vivendas de protecci\u00f3n p\u00fablica en As Percebeiras.<\/p>\n<p>Roberto Rodr\u00edguez e Paula Mouzo lembraron a presentaci\u00f3n esta semana polo Partido Popular do Plan Urxente de Vivenda a nivel nacional baseado en tres eixos: m\u00e1is oferta, m\u00e1is seguridade xur\u00eddica e menos tr\u00e1mites e impostos. \u201cEste compendio de medidas estatais acompa\u00f1ar\u00e1 \u00e1s pol\u00edticas que xa v\u00e9n desenvolvendo a Xunta de Galicia nos \u00faltimos anos para cumprir o compromiso de duplicar de 4.000 a 8.000o parque p\u00fablico de vivendas ao longo da presente lexislatura.<\/p>\n<p>\u201cNo caso concreto da cidade de A Coru\u00f1a, o Goberno galego anunciou esta mesma semana 264 novas vivendas de promoci\u00f3n p\u00fablica, que elevan a 476 o n\u00famero total que est\u00e1 a desenvolver nesta cidade\u201d, subli\u00f1ou Roberto Rodr\u00edguez.<\/p>\n<p><strong>PROPIETARIOS M\u00c1IS DESPROTEXIDOS<\/strong><\/p>\n<p>Fronte a estas medidas impulsadas polo Partido Popular, o PSOE, co apoio do BNG, aprobou unha lei estatal que est\u00e1 a agravar o problema de acceso \u00e1 vivenda. Paula Mouzo lamentou que \u201co prezo da vivenda aumentou co Goberno de Pedro S\u00e1nchez nun 50 por cento e os propietarios est\u00e1n cada d\u00eda m\u00e1is desprotexidos, chegando ao colmo de que unha ex ministra ven de chamar sanguijuelas aos propietarios, a\u00ednda que en m\u00e1is dun 90 por cento sexan particulares de clase media cunha \u00fanica vivenda en alugueiro\u201d.<\/p>\n<p>Por outra banda, e respecto \u00e1 declaraci\u00f3n de zona tensionada no concello de A Coru\u00f1a, Roberto Rodr\u00edguez manifestou que esta situaci\u00f3n derivou en que, en apenas seis meses, a oferta de novas vivendas en alugueiro reduciuse nun 70 por cento. \u201cAdemais, o desacerto nas medidas impulsadas polo Goberno local desta cidade supuxo que esta mesma semana PSOE e BNG aprobaran suspender as licenzas de edificaci\u00f3n de As Percebeiras, onde se prev\u00eda a construci\u00f3n de 160 novas vivendas de protecci\u00f3n p\u00fablica\u201d.<\/p>\n<p>\u201cTodo isto nos leva a afirmar que, en materia de vivenda, o Partido Popular constr\u00fae e suma, mentres PSOE e BNG bloquean e encarecen\u201d, indicou a deputada Paula Mouzo, que considerou que \u201ca vivenda non deber\u00eda ser un luxo e por iso son necesarias medidas e investimentos que dean resposta as necesidades reais da xente, que \u00e9 o que o PP est\u00e1 a facer en Galicia e PSOE e BNG a impedir en A Coru\u00f1a\u201d.<\/p>\n","protected":false},"excerpt":{"rendered":"<p>Os deputados do Grupo Popular Roberto Rodr\u00edguez e Paula Mouzo afirmaron hoxe que en materia de vivenda \u201co Partido Popular constr\u00fae e suma, mentres PSOE e BNG bloquean e encarecen\u201d. Refer\u00edndose en concreto \u00e1 cidade de A Coru\u00f1a, criticaron que a declaraci\u00f3n de zona tensionada traduciuse na reduci\u00f3n do 70 por cento das vivendas de [&hellip;]<\/p>\n","protected":false},"author":38,"featured_media":69803,"comment_status":"closed","ping_status":"open","sticky":false,"template":"","format":"standard","meta":{"_acf_changed":false,"footnotes":""},"categories":[1128],"tags":[],"class_list":["post-69802","post","type-post","status-publish","format-standard","has-post-thumbnail","hentry","category-actualidad-parlamento-de-galicia"],"acf":[],"yoast_head":"<!-- This site is optimized with the Yoast SEO plugin v27.3 - https:\/\/yoast.com\/product\/yoast-seo-wordpress\/ -->\n<title>O PPdeG contrap\u00f3n a s\u00faa pol\u00edtica de constr\u00fae e suma en materia de vivenda, mentres que BNG e PSdeG bloquean e encarecen - PP de Galicia<\/title>\n<meta name=\"description\" content=\"Os deputados do Grupo Popular Roberto Rodr\u00edguez e Paula Mouzo afirmaron hoxe que en materia de vivenda \u201co Partido Popular constr\u00fae e suma, mentres PSOE e BNG bloquean e encarecen\u201d. Refer\u00edndose en concreto \u00e1 cidade de A Coru\u00f1a, criticaron que a declaraci\u00f3n de zona tensionada traduciuse na reduci\u00f3n do 70 por cento das vivendas de alugueiro, ao tempo que na mesma semana que o Goberno galego anuncia 264 novas vivendas de promoci\u00f3n p\u00fablica, o goberno local de socialistas e nacionalistas suspenderon as licenzas para constru\u00edr 160 novas vivendas de protecci\u00f3n p\u00fablica en As Percebeiras.\" \/>\n<meta name=\"robots\" content=\"index, follow, max-snippet:-1, max-image-preview:large, max-video-preview:-1\" \/>\n<link rel=\"canonical\" href=\"https:\/\/ppdegalicia.com\/es\/o-ppdeg-contrapon-a-sua-politica-de-construe-e-suma-en-materia-de-vivenda-mentres-que-bng-e-psdeg-bloquean-e-encarecen\/\" \/>\n<meta property=\"og:locale\" content=\"es_ES\" \/>\n<meta property=\"og:type\" content=\"article\" \/>\n<meta property=\"og:title\" content=\"O PPdeG contrap\u00f3n a s\u00faa pol\u00edtica de constr\u00fae e suma en materia de vivenda, mentres que BNG e PSdeG bloquean e encarecen - PP de Galicia\" \/>\n<meta property=\"og:description\" content=\"Os deputados do Grupo Popular Roberto Rodr\u00edguez e Paula Mouzo afirmaron hoxe que en materia de vivenda \u201co Partido Popular constr\u00fae e suma, mentres PSOE e BNG bloquean e encarecen\u201d. Refer\u00edndose en concreto \u00e1 cidade de A Coru\u00f1a, criticaron que a declaraci\u00f3n de zona tensionada traduciuse na reduci\u00f3n do 70 por cento das vivendas de alugueiro, ao tempo que na mesma semana que o Goberno galego anuncia 264 novas vivendas de promoci\u00f3n p\u00fablica, o goberno local de socialistas e nacionalistas suspenderon as licenzas para constru\u00edr 160 novas vivendas de protecci\u00f3n p\u00fablica en As Percebeiras.\" \/>\n<meta property=\"og:url\" content=\"https:\/\/ppdegalicia.com\/es\/o-ppdeg-contrapon-a-sua-politica-de-construe-e-suma-en-materia-de-vivenda-mentres-que-bng-e-psdeg-bloquean-e-encarecen\/\" \/>\n<meta property=\"og:site_name\" content=\"PP de Galicia\" \/>\n<meta property=\"article:publisher\" content=\"https:\/\/www.instagram.com\/ppdegalicia\/\" \/>\n<meta property=\"article:published_time\" content=\"2026-01-18T09:31:29+00:00\" \/>\n<meta property=\"article:modified_time\" content=\"2026-01-19T09:32:38+00:00\" \/>\n<meta property=\"og:image\" content=\"https:\/\/ppdegalicia.com\/wp-content\/uploads\/2026\/01\/Roberto-Rodriguez-e-Paula-Mouzo-01.jpeg\" \/>\n\t<meta property=\"og:image:width\" content=\"1600\" \/>\n\t<meta property=\"og:image:height\" content=\"1200\" \/>\n\t<meta property=\"og:image:type\" content=\"image\/jpeg\" \/>\n<meta name=\"author\" content=\"ppdegaliciaredes\" \/>\n<meta name=\"twitter:card\" content=\"summary_large_image\" \/>\n<meta name=\"twitter:creator\" content=\"@ppdegalicia\" \/>\n<meta name=\"twitter:site\" content=\"@ppdegalicia\" \/>\n<meta name=\"twitter:label1\" content=\"Escrito por\" \/>\n\t<meta name=\"twitter:data1\" content=\"ppdegaliciaredes\" \/>\n\t<meta name=\"twitter:label2\" content=\"Tiempo de lectura\" \/>\n\t<meta name=\"twitter:data2\" content=\"3 minutos\" \/>\n<script type=\"application\/ld+json\" class=\"yoast-schema-graph\">{\"@context\":\"https:\\\/\\\/schema.org\",\"@graph\":[{\"@type\":\"Article\",\"@id\":\"https:\\\/\\\/ppdegalicia.com\\\/es\\\/o-ppdeg-contrapon-a-sua-politica-de-construe-e-suma-en-materia-de-vivenda-mentres-que-bng-e-psdeg-bloquean-e-encarecen\\\/#article\",\"isPartOf\":{\"@id\":\"https:\\\/\\\/ppdegalicia.com\\\/es\\\/o-ppdeg-contrapon-a-sua-politica-de-construe-e-suma-en-materia-de-vivenda-mentres-que-bng-e-psdeg-bloquean-e-encarecen\\\/\"},\"author\":{\"name\":\"ppdegaliciaredes\",\"@id\":\"https:\\\/\\\/ppdegalicia.com\\\/es\\\/#\\\/schema\\\/person\\\/5b822c6f59e872ebdd1142f307dbcb59\"},\"headline\":\"O PPdeG contrap\u00f3n a s\u00faa pol\u00edtica de constr\u00fae e suma en materia de vivenda, mentres que BNG e PSdeG bloquean e encarecen\",\"datePublished\":\"2026-01-18T09:31:29+00:00\",\"dateModified\":\"2026-01-19T09:32:38+00:00\",\"mainEntityOfPage\":{\"@id\":\"https:\\\/\\\/ppdegalicia.com\\\/es\\\/o-ppdeg-contrapon-a-sua-politica-de-construe-e-suma-en-materia-de-vivenda-mentres-que-bng-e-psdeg-bloquean-e-encarecen\\\/\"},\"wordCount\":506,\"publisher\":{\"@id\":\"https:\\\/\\\/ppdegalicia.com\\\/es\\\/#organization\"},\"image\":{\"@id\":\"https:\\\/\\\/ppdegalicia.com\\\/es\\\/o-ppdeg-contrapon-a-sua-politica-de-construe-e-suma-en-materia-de-vivenda-mentres-que-bng-e-psdeg-bloquean-e-encarecen\\\/#primaryimage\"},\"thumbnailUrl\":\"https:\\\/\\\/ppdegalicia.com\\\/wp-content\\\/uploads\\\/2026\\\/01\\\/Roberto-Rodriguez-e-Paula-Mouzo-01.jpeg\",\"articleSection\":[\"Parlamento de Galicia\"],\"inLanguage\":\"es\"},{\"@type\":\"WebPage\",\"@id\":\"https:\\\/\\\/ppdegalicia.com\\\/es\\\/o-ppdeg-contrapon-a-sua-politica-de-construe-e-suma-en-materia-de-vivenda-mentres-que-bng-e-psdeg-bloquean-e-encarecen\\\/\",\"url\":\"https:\\\/\\\/ppdegalicia.com\\\/es\\\/o-ppdeg-contrapon-a-sua-politica-de-construe-e-suma-en-materia-de-vivenda-mentres-que-bng-e-psdeg-bloquean-e-encarecen\\\/\",\"name\":\"O PPdeG contrap\u00f3n a s\u00faa pol\u00edtica de constr\u00fae e suma en materia de vivenda, mentres que BNG e PSdeG bloquean e encarecen - PP de Galicia\",\"isPartOf\":{\"@id\":\"https:\\\/\\\/ppdegalicia.com\\\/es\\\/#website\"},\"primaryImageOfPage\":{\"@id\":\"https:\\\/\\\/ppdegalicia.com\\\/es\\\/o-ppdeg-contrapon-a-sua-politica-de-construe-e-suma-en-materia-de-vivenda-mentres-que-bng-e-psdeg-bloquean-e-encarecen\\\/#primaryimage\"},\"image\":{\"@id\":\"https:\\\/\\\/ppdegalicia.com\\\/es\\\/o-ppdeg-contrapon-a-sua-politica-de-construe-e-suma-en-materia-de-vivenda-mentres-que-bng-e-psdeg-bloquean-e-encarecen\\\/#primaryimage\"},\"thumbnailUrl\":\"https:\\\/\\\/ppdegalicia.com\\\/wp-content\\\/uploads\\\/2026\\\/01\\\/Roberto-Rodriguez-e-Paula-Mouzo-01.jpeg\",\"datePublished\":\"2026-01-18T09:31:29+00:00\",\"dateModified\":\"2026-01-19T09:32:38+00:00\",\"description\":\"Os deputados do Grupo Popular Roberto Rodr\u00edguez e Paula Mouzo afirmaron hoxe que en materia de vivenda \u201co Partido Popular constr\u00fae e suma, mentres PSOE e BNG bloquean e encarecen\u201d. Refer\u00edndose en concreto \u00e1 cidade de A Coru\u00f1a, criticaron que a declaraci\u00f3n de zona tensionada traduciuse na reduci\u00f3n do 70 por cento das vivendas de alugueiro, ao tempo que na mesma semana que o Goberno galego anuncia 264 novas vivendas de promoci\u00f3n p\u00fablica, o goberno local de socialistas e nacionalistas suspenderon as licenzas para constru\u00edr 160 novas vivendas de protecci\u00f3n p\u00fablica en As Percebeiras.\",\"breadcrumb\":{\"@id\":\"https:\\\/\\\/ppdegalicia.com\\\/es\\\/o-ppdeg-contrapon-a-sua-politica-de-construe-e-suma-en-materia-de-vivenda-mentres-que-bng-e-psdeg-bloquean-e-encarecen\\\/#breadcrumb\"},\"inLanguage\":\"es\",\"potentialAction\":[{\"@type\":\"ReadAction\",\"target\":[\"https:\\\/\\\/ppdegalicia.com\\\/es\\\/o-ppdeg-contrapon-a-sua-politica-de-construe-e-suma-en-materia-de-vivenda-mentres-que-bng-e-psdeg-bloquean-e-encarecen\\\/\"]}]},{\"@type\":\"ImageObject\",\"inLanguage\":\"es\",\"@id\":\"https:\\\/\\\/ppdegalicia.com\\\/es\\\/o-ppdeg-contrapon-a-sua-politica-de-construe-e-suma-en-materia-de-vivenda-mentres-que-bng-e-psdeg-bloquean-e-encarecen\\\/#primaryimage\",\"url\":\"https:\\\/\\\/ppdegalicia.com\\\/wp-content\\\/uploads\\\/2026\\\/01\\\/Roberto-Rodriguez-e-Paula-Mouzo-01.jpeg\",\"contentUrl\":\"https:\\\/\\\/ppdegalicia.com\\\/wp-content\\\/uploads\\\/2026\\\/01\\\/Roberto-Rodriguez-e-Paula-Mouzo-01.jpeg\",\"width\":1600,\"height\":1200},{\"@type\":\"BreadcrumbList\",\"@id\":\"https:\\\/\\\/ppdegalicia.com\\\/es\\\/o-ppdeg-contrapon-a-sua-politica-de-construe-e-suma-en-materia-de-vivenda-mentres-que-bng-e-psdeg-bloquean-e-encarecen\\\/#breadcrumb\",\"itemListElement\":[{\"@type\":\"ListItem\",\"position\":1,\"name\":\"Portada\",\"item\":\"https:\\\/\\\/ppdegalicia.com\\\/es\\\/\"},{\"@type\":\"ListItem\",\"position\":2,\"name\":\"O PPdeG contrap\u00f3n a s\u00faa pol\u00edtica de constr\u00fae e suma en materia de vivenda, mentres que BNG e PSdeG bloquean e encarecen\"}]},{\"@type\":\"WebSite\",\"@id\":\"https:\\\/\\\/ppdegalicia.com\\\/es\\\/#website\",\"url\":\"https:\\\/\\\/ppdegalicia.com\\\/es\\\/\",\"name\":\"Partido Popular de Galicia\",\"description\":\"Partido Popular de Galicia\",\"publisher\":{\"@id\":\"https:\\\/\\\/ppdegalicia.com\\\/es\\\/#organization\"},\"alternateName\":\"PP de Galicia\",\"potentialAction\":[{\"@type\":\"SearchAction\",\"target\":{\"@type\":\"EntryPoint\",\"urlTemplate\":\"https:\\\/\\\/ppdegalicia.com\\\/es\\\/?s={search_term_string}\"},\"query-input\":{\"@type\":\"PropertyValueSpecification\",\"valueRequired\":true,\"valueName\":\"search_term_string\"}}],\"inLanguage\":\"es\"},{\"@type\":\"Organization\",\"@id\":\"https:\\\/\\\/ppdegalicia.com\\\/es\\\/#organization\",\"name\":\"Partido Popular de Galicia\",\"alternateName\":\"PP de Galicia\",\"url\":\"https:\\\/\\\/ppdegalicia.com\\\/es\\\/\",\"logo\":{\"@type\":\"ImageObject\",\"inLanguage\":\"es\",\"@id\":\"https:\\\/\\\/ppdegalicia.com\\\/es\\\/#\\\/schema\\\/logo\\\/image\\\/\",\"url\":\"https:\\\/\\\/ppdegalicia.com\\\/wp-content\\\/uploads\\\/2023\\\/04\\\/logoPP512.png\",\"contentUrl\":\"https:\\\/\\\/ppdegalicia.com\\\/wp-content\\\/uploads\\\/2023\\\/04\\\/logoPP512.png\",\"width\":512,\"height\":512,\"caption\":\"Partido Popular de Galicia\"},\"image\":{\"@id\":\"https:\\\/\\\/ppdegalicia.com\\\/es\\\/#\\\/schema\\\/logo\\\/image\\\/\"},\"sameAs\":[\"https:\\\/\\\/www.instagram.com\\\/ppdegalicia\\\/\",\"https:\\\/\\\/x.com\\\/ppdegalicia\",\"https:\\\/\\\/www.tiktok.com\\\/@ppdegalicia\",\"https:\\\/\\\/www.youtube.com\\\/user\\\/ppdegalicia\"]},{\"@type\":\"Person\",\"@id\":\"https:\\\/\\\/ppdegalicia.com\\\/es\\\/#\\\/schema\\\/person\\\/5b822c6f59e872ebdd1142f307dbcb59\",\"name\":\"ppdegaliciaredes\",\"image\":{\"@type\":\"ImageObject\",\"inLanguage\":\"es\",\"@id\":\"https:\\\/\\\/secure.gravatar.com\\\/avatar\\\/3c9179cf0256d00c72a48d1f25783c58b6842cd56e85ef3a572881c8e28ccd59?s=96&d=mm&r=g\",\"url\":\"https:\\\/\\\/secure.gravatar.com\\\/avatar\\\/3c9179cf0256d00c72a48d1f25783c58b6842cd56e85ef3a572881c8e28ccd59?s=96&d=mm&r=g\",\"contentUrl\":\"https:\\\/\\\/secure.gravatar.com\\\/avatar\\\/3c9179cf0256d00c72a48d1f25783c58b6842cd56e85ef3a572881c8e28ccd59?s=96&d=mm&r=g\",\"caption\":\"ppdegaliciaredes\"},\"url\":\"https:\\\/\\\/ppdegalicia.com\\\/es\\\/author\\\/ppdegaliciaredes\\\/\"}]}<\/script>\n<!-- \/ Yoast SEO plugin. -->","yoast_head_json":{"title":"O PPdeG contrap\u00f3n a s\u00faa pol\u00edtica de constr\u00fae e suma en materia de vivenda, mentres que BNG e PSdeG bloquean e encarecen - PP de Galicia","description":"Os deputados do Grupo Popular Roberto Rodr\u00edguez e Paula Mouzo afirmaron hoxe que en materia de vivenda \u201co Partido Popular constr\u00fae e suma, mentres PSOE e BNG bloquean e encarecen\u201d. Refer\u00edndose en concreto \u00e1 cidade de A Coru\u00f1a, criticaron que a declaraci\u00f3n de zona tensionada traduciuse na reduci\u00f3n do 70 por cento das vivendas de alugueiro, ao tempo que na mesma semana que o Goberno galego anuncia 264 novas vivendas de promoci\u00f3n p\u00fablica, o goberno local de socialistas e nacionalistas suspenderon as licenzas para constru\u00edr 160 novas vivendas de protecci\u00f3n p\u00fablica en As Percebeiras.","robots":{"index":"index","follow":"follow","max-snippet":"max-snippet:-1","max-image-preview":"max-image-preview:large","max-video-preview":"max-video-preview:-1"},"canonical":"https:\/\/ppdegalicia.com\/es\/o-ppdeg-contrapon-a-sua-politica-de-construe-e-suma-en-materia-de-vivenda-mentres-que-bng-e-psdeg-bloquean-e-encarecen\/","og_locale":"es_ES","og_type":"article","og_title":"O PPdeG contrap\u00f3n a s\u00faa pol\u00edtica de constr\u00fae e suma en materia de vivenda, mentres que BNG e PSdeG bloquean e encarecen - PP de Galicia","og_description":"Os deputados do Grupo Popular Roberto Rodr\u00edguez e Paula Mouzo afirmaron hoxe que en materia de vivenda \u201co Partido Popular constr\u00fae e suma, mentres PSOE e BNG bloquean e encarecen\u201d. Refer\u00edndose en concreto \u00e1 cidade de A Coru\u00f1a, criticaron que a declaraci\u00f3n de zona tensionada traduciuse na reduci\u00f3n do 70 por cento das vivendas de alugueiro, ao tempo que na mesma semana que o Goberno galego anuncia 264 novas vivendas de promoci\u00f3n p\u00fablica, o goberno local de socialistas e nacionalistas suspenderon as licenzas para constru\u00edr 160 novas vivendas de protecci\u00f3n p\u00fablica en As Percebeiras.","og_url":"https:\/\/ppdegalicia.com\/es\/o-ppdeg-contrapon-a-sua-politica-de-construe-e-suma-en-materia-de-vivenda-mentres-que-bng-e-psdeg-bloquean-e-encarecen\/","og_site_name":"PP de Galicia","article_publisher":"https:\/\/www.instagram.com\/ppdegalicia\/","article_published_time":"2026-01-18T09:31:29+00:00","article_modified_time":"2026-01-19T09:32:38+00:00","og_image":[{"width":1600,"height":1200,"url":"https:\/\/ppdegalicia.com\/wp-content\/uploads\/2026\/01\/Roberto-Rodriguez-e-Paula-Mouzo-01.jpeg","type":"image\/jpeg"}],"author":"ppdegaliciaredes","twitter_card":"summary_large_image","twitter_creator":"@ppdegalicia","twitter_site":"@ppdegalicia","twitter_misc":{"Escrito por":"ppdegaliciaredes","Tiempo de lectura":"3 minutos"},"schema":{"@context":"https:\/\/schema.org","@graph":[{"@type":"Article","@id":"https:\/\/ppdegalicia.com\/es\/o-ppdeg-contrapon-a-sua-politica-de-construe-e-suma-en-materia-de-vivenda-mentres-que-bng-e-psdeg-bloquean-e-encarecen\/#article","isPartOf":{"@id":"https:\/\/ppdegalicia.com\/es\/o-ppdeg-contrapon-a-sua-politica-de-construe-e-suma-en-materia-de-vivenda-mentres-que-bng-e-psdeg-bloquean-e-encarecen\/"},"author":{"name":"ppdegaliciaredes","@id":"https:\/\/ppdegalicia.com\/es\/#\/schema\/person\/5b822c6f59e872ebdd1142f307dbcb59"},"headline":"O PPdeG contrap\u00f3n a s\u00faa pol\u00edtica de constr\u00fae e suma en materia de vivenda, mentres que BNG e PSdeG bloquean e encarecen","datePublished":"2026-01-18T09:31:29+00:00","dateModified":"2026-01-19T09:32:38+00:00","mainEntityOfPage":{"@id":"https:\/\/ppdegalicia.com\/es\/o-ppdeg-contrapon-a-sua-politica-de-construe-e-suma-en-materia-de-vivenda-mentres-que-bng-e-psdeg-bloquean-e-encarecen\/"},"wordCount":506,"publisher":{"@id":"https:\/\/ppdegalicia.com\/es\/#organization"},"image":{"@id":"https:\/\/ppdegalicia.com\/es\/o-ppdeg-contrapon-a-sua-politica-de-construe-e-suma-en-materia-de-vivenda-mentres-que-bng-e-psdeg-bloquean-e-encarecen\/#primaryimage"},"thumbnailUrl":"https:\/\/ppdegalicia.com\/wp-content\/uploads\/2026\/01\/Roberto-Rodriguez-e-Paula-Mouzo-01.jpeg","articleSection":["Parlamento de Galicia"],"inLanguage":"es"},{"@type":"WebPage","@id":"https:\/\/ppdegalicia.com\/es\/o-ppdeg-contrapon-a-sua-politica-de-construe-e-suma-en-materia-de-vivenda-mentres-que-bng-e-psdeg-bloquean-e-encarecen\/","url":"https:\/\/ppdegalicia.com\/es\/o-ppdeg-contrapon-a-sua-politica-de-construe-e-suma-en-materia-de-vivenda-mentres-que-bng-e-psdeg-bloquean-e-encarecen\/","name":"O PPdeG contrap\u00f3n a s\u00faa pol\u00edtica de constr\u00fae e suma en materia de vivenda, mentres que BNG e PSdeG bloquean e encarecen - PP de Galicia","isPartOf":{"@id":"https:\/\/ppdegalicia.com\/es\/#website"},"primaryImageOfPage":{"@id":"https:\/\/ppdegalicia.com\/es\/o-ppdeg-contrapon-a-sua-politica-de-construe-e-suma-en-materia-de-vivenda-mentres-que-bng-e-psdeg-bloquean-e-encarecen\/#primaryimage"},"image":{"@id":"https:\/\/ppdegalicia.com\/es\/o-ppdeg-contrapon-a-sua-politica-de-construe-e-suma-en-materia-de-vivenda-mentres-que-bng-e-psdeg-bloquean-e-encarecen\/#primaryimage"},"thumbnailUrl":"https:\/\/ppdegalicia.com\/wp-content\/uploads\/2026\/01\/Roberto-Rodriguez-e-Paula-Mouzo-01.jpeg","datePublished":"2026-01-18T09:31:29+00:00","dateModified":"2026-01-19T09:32:38+00:00","description":"Os deputados do Grupo Popular Roberto Rodr\u00edguez e Paula Mouzo afirmaron hoxe que en materia de vivenda \u201co Partido Popular constr\u00fae e suma, mentres PSOE e BNG bloquean e encarecen\u201d. Refer\u00edndose en concreto \u00e1 cidade de A Coru\u00f1a, criticaron que a declaraci\u00f3n de zona tensionada traduciuse na reduci\u00f3n do 70 por cento das vivendas de alugueiro, ao tempo que na mesma semana que o Goberno galego anuncia 264 novas vivendas de promoci\u00f3n p\u00fablica, o goberno local de socialistas e nacionalistas suspenderon as licenzas para constru\u00edr 160 novas vivendas de protecci\u00f3n p\u00fablica en As Percebeiras.","breadcrumb":{"@id":"https:\/\/ppdegalicia.com\/es\/o-ppdeg-contrapon-a-sua-politica-de-construe-e-suma-en-materia-de-vivenda-mentres-que-bng-e-psdeg-bloquean-e-encarecen\/#breadcrumb"},"inLanguage":"es","potentialAction":[{"@type":"ReadAction","target":["https:\/\/ppdegalicia.com\/es\/o-ppdeg-contrapon-a-sua-politica-de-construe-e-suma-en-materia-de-vivenda-mentres-que-bng-e-psdeg-bloquean-e-encarecen\/"]}]},{"@type":"ImageObject","inLanguage":"es","@id":"https:\/\/ppdegalicia.com\/es\/o-ppdeg-contrapon-a-sua-politica-de-construe-e-suma-en-materia-de-vivenda-mentres-que-bng-e-psdeg-bloquean-e-encarecen\/#primaryimage","url":"https:\/\/ppdegalicia.com\/wp-content\/uploads\/2026\/01\/Roberto-Rodriguez-e-Paula-Mouzo-01.jpeg","contentUrl":"https:\/\/ppdegalicia.com\/wp-content\/uploads\/2026\/01\/Roberto-Rodriguez-e-Paula-Mouzo-01.jpeg","width":1600,"height":1200},{"@type":"BreadcrumbList","@id":"https:\/\/ppdegalicia.com\/es\/o-ppdeg-contrapon-a-sua-politica-de-construe-e-suma-en-materia-de-vivenda-mentres-que-bng-e-psdeg-bloquean-e-encarecen\/#breadcrumb","itemListElement":[{"@type":"ListItem","position":1,"name":"Portada","item":"https:\/\/ppdegalicia.com\/es\/"},{"@type":"ListItem","position":2,"name":"O PPdeG contrap\u00f3n a s\u00faa pol\u00edtica de constr\u00fae e suma en materia de vivenda, mentres que BNG e PSdeG bloquean e encarecen"}]},{"@type":"WebSite","@id":"https:\/\/ppdegalicia.com\/es\/#website","url":"https:\/\/ppdegalicia.com\/es\/","name":"Partido Popular de Galicia","description":"Partido Popular de Galicia","publisher":{"@id":"https:\/\/ppdegalicia.com\/es\/#organization"},"alternateName":"PP de Galicia","potentialAction":[{"@type":"SearchAction","target":{"@type":"EntryPoint","urlTemplate":"https:\/\/ppdegalicia.com\/es\/?s={search_term_string}"},"query-input":{"@type":"PropertyValueSpecification","valueRequired":true,"valueName":"search_term_string"}}],"inLanguage":"es"},{"@type":"Organization","@id":"https:\/\/ppdegalicia.com\/es\/#organization","name":"Partido Popular de Galicia","alternateName":"PP de Galicia","url":"https:\/\/ppdegalicia.com\/es\/","logo":{"@type":"ImageObject","inLanguage":"es","@id":"https:\/\/ppdegalicia.com\/es\/#\/schema\/logo\/image\/","url":"https:\/\/ppdegalicia.com\/wp-content\/uploads\/2023\/04\/logoPP512.png","contentUrl":"https:\/\/ppdegalicia.com\/wp-content\/uploads\/2023\/04\/logoPP512.png","width":512,"height":512,"caption":"Partido Popular de Galicia"},"image":{"@id":"https:\/\/ppdegalicia.com\/es\/#\/schema\/logo\/image\/"},"sameAs":["https:\/\/www.instagram.com\/ppdegalicia\/","https:\/\/x.com\/ppdegalicia","https:\/\/www.tiktok.com\/@ppdegalicia","https:\/\/www.youtube.com\/user\/ppdegalicia"]},{"@type":"Person","@id":"https:\/\/ppdegalicia.com\/es\/#\/schema\/person\/5b822c6f59e872ebdd1142f307dbcb59","name":"ppdegaliciaredes","image":{"@type":"ImageObject","inLanguage":"es","@id":"https:\/\/secure.gravatar.com\/avatar\/3c9179cf0256d00c72a48d1f25783c58b6842cd56e85ef3a572881c8e28ccd59?s=96&d=mm&r=g","url":"https:\/\/secure.gravatar.com\/avatar\/3c9179cf0256d00c72a48d1f25783c58b6842cd56e85ef3a572881c8e28ccd59?s=96&d=mm&r=g","contentUrl":"https:\/\/secure.gravatar.com\/avatar\/3c9179cf0256d00c72a48d1f25783c58b6842cd56e85ef3a572881c8e28ccd59?s=96&d=mm&r=g","caption":"ppdegaliciaredes"},"url":"https:\/\/ppdegalicia.com\/es\/author\/ppdegaliciaredes\/"}]}},"_links":{"self":[{"href":"https:\/\/ppdegalicia.com\/es\/wp-json\/wp\/v2\/posts\/69802","targetHints":{"allow":["GET"]}}],"collection":[{"href":"https:\/\/ppdegalicia.com\/es\/wp-json\/wp\/v2\/posts"}],"about":[{"href":"https:\/\/ppdegalicia.com\/es\/wp-json\/wp\/v2\/types\/post"}],"author":[{"embeddable":true,"href":"https:\/\/ppdegalicia.com\/es\/wp-json\/wp\/v2\/users\/38"}],"replies":[{"embeddable":true,"href":"https:\/\/ppdegalicia.com\/es\/wp-json\/wp\/v2\/comments?post=69802"}],"version-history":[{"count":1,"href":"https:\/\/ppdegalicia.com\/es\/wp-json\/wp\/v2\/posts\/69802\/revisions"}],"predecessor-version":[{"id":69805,"href":"https:\/\/ppdegalicia.com\/es\/wp-json\/wp\/v2\/posts\/69802\/revisions\/69805"}],"wp:featuredmedia":[{"embeddable":true,"href":"https:\/\/ppdegalicia.com\/es\/wp-json\/wp\/v2\/media\/69803"}],"wp:attachment":[{"href":"https:\/\/ppdegalicia.com\/es\/wp-json\/wp\/v2\/media?parent=69802"}],"wp:term":[{"taxonomy":"category","embeddable":true,"href":"https:\/\/ppdegalicia.com\/es\/wp-json\/wp\/v2\/categories?post=69802"},{"taxonomy":"post_tag","embeddable":true,"href":"https:\/\/ppdegalicia.com\/es\/wp-json\/wp\/v2\/tags?post=69802"}],"curies":[{"name":"wp","href":"https:\/\/api.w.org\/{rel}","templated":true}]}}