{"id":69806,"date":"2026-01-18T10:35:18","date_gmt":"2026-01-18T09:35:18","guid":{"rendered":"https:\/\/ppdegalicia.com\/?p=69806"},"modified":"2026-01-19T10:40:14","modified_gmt":"2026-01-19T09:40:14","slug":"o-ppdeg-destaca-as-melloras-de-humanizacion-do-casco-historico-que-se-levan-a-cabo-en-san-cristovo-de-cea-a-traves-do-plan-hurbe-da-xunta","status":"publish","type":"post","link":"https:\/\/ppdegalicia.com\/es\/o-ppdeg-destaca-as-melloras-de-humanizacion-do-casco-historico-que-se-levan-a-cabo-en-san-cristovo-de-cea-a-traves-do-plan-hurbe-da-xunta\/","title":{"rendered":"O PPdeG destaca as melloras de humanizaci\u00f3n do casco hist\u00f3rico que se levan a cabo en San Cristovo de Cea a trav\u00e9s do Plan Hurbe da Xunta"},"content":{"rendered":"<p>Os deputados do Grupo Popular Noelia P\u00e9rez e Argimiro Marnotes destacaron hoxe o investimento de case 700.000 euros no concello ourens\u00e1n de San Cristovo de Cea a trav\u00e9s do Plan Hurbe, impulsado pola Xunta de Galicia, para a realizaci\u00f3n de melloras de humanizaci\u00f3n en varias r\u00faas do casco hist\u00f3rico deste municipio.<\/p>\n<p>Nunha visita realizada en compa\u00f1\u00eda do alcalde de San Cristovo de Cea, Jose Luis Valladares, e co concelleiro de Turismo Turismo, Promoci\u00f3n Econ\u00f3mica e Novas Tecnolox\u00edas, Jos\u00e9 Dalama, os deputados populares destacaron o bo ritmo dos traballos e a importancia das intervenci\u00f3ns que se est\u00e1n levando a cabo dentro do Plan Hurbe para mellorar espazos p\u00fablicos e a calidade de vida da veci\u00f1anza. \u201c\u201cEstamos ante unhas obras moi necesarias, que permiten recuperar o coraz\u00f3n desta vila e adaptalo \u00e1s necesidades actuais dos veci\u00f1os\u201d, sinalou Argimiro Marnotes.<\/p>\n<p>Estes traballos, que supo\u00f1en un investimento conxunto pr\u00f3ximo aos 700.000 euros, incl\u00faen a renovaci\u00f3n do pavimento de varias r\u00faas, a mellora da rede de saneamento e o soterramento do cableado a\u00e9reo de electricidade, telecomunicaci\u00f3ns e alumeado p\u00fablico. O importe destas obras dentro do Plan Hurbe \u00e9 financiado nun 70 por cento pola Xunta, mentres que o Concello aporta o 30 por cento restante.<\/p>\n<p><strong>REVITALIZACI\u00d3N<\/strong><\/p>\n<p>Noelia P\u00e9rez puxo en valor o Plan Hurbe como \u201cunha ferramenta clave para a revitalizaci\u00f3n das vilas galegas, a trav\u00e9s do que a Xunta aposta por un urbanismo pensado para as persoas, que mellora a accesibilidade, impulsa a econom\u00eda local e axuda a fixar poboaci\u00f3n no interior de Galicia\u201d.<\/p>\n<p>Neste sentido, os deputados destacaron o impacto directo que esta actuaci\u00f3n ten para o comercio, a hostaler\u00eda e o turismo local, en especial no caso do concello de San Cristovo de Cea pola s\u00faa localizaci\u00f3n na V\u00eda da Prata e pola s\u00faa proximidade ao Mosteiro de Oseira. \u201cInvestir en espazos p\u00fablicos de calidade \u00e9 tam\u00e9n investir en oportunidades para os concellos rurais\u201d, manifestaron.<\/p>\n<p>Durante os meses de maio e outubro do pasado ano, os albergues de Cea e Oseira rexistraron m\u00e1is de 4.400 persoas aloxadas, unha cifra que reflicte a alta capacidade de atracci\u00f3n desta zona e o bo funcionamento destas infraestruturas. \u201cEstes datos po\u00f1en de manifesto a importancia do Cami\u00f1o de Santiago e do turismo vencellado ao patrimonio, a natureza e a hospitalidade, as\u00ed como o impacto positivo que ten na econom\u00eda local e na proxecci\u00f3n de Cea e Oseira como destinos vivos e din\u00e1micos\u201d, sinalou Noelia P\u00e9rez.<\/p>\n","protected":false},"excerpt":{"rendered":"<p>Os deputados do Grupo Popular Noelia P\u00e9rez e Argimiro Marnotes destacaron hoxe o investimento de case 700.000 euros no concello ourens\u00e1n de San Cristovo de Cea a trav\u00e9s do Plan Hurbe, impulsado pola Xunta de Galicia, para a realizaci\u00f3n de melloras de humanizaci\u00f3n en varias r\u00faas do casco hist\u00f3rico deste municipio. Nunha visita realizada en [&hellip;]<\/p>\n","protected":false},"author":38,"featured_media":69812,"comment_status":"closed","ping_status":"open","sticky":false,"template":"","format":"standard","meta":{"_acf_changed":false,"footnotes":""},"categories":[1128],"tags":[],"class_list":["post-69806","post","type-post","status-publish","format-standard","has-post-thumbnail","hentry","category-actualidad-parlamento-de-galicia"],"acf":[],"yoast_head":"<!-- This site is optimized with the Yoast SEO plugin v27.3 - https:\/\/yoast.com\/product\/yoast-seo-wordpress\/ -->\n<title>O PPdeG destaca as melloras de humanizaci\u00f3n do casco hist\u00f3rico que se levan a cabo en San Cristovo de Cea a trav\u00e9s do Plan Hurbe da Xunta - PP de Galicia<\/title>\n<meta name=\"description\" content=\"Os deputados do Grupo Popular Noelia P\u00e9rez e Argimiro Marnotes destacaron hoxe o investimento de case 700.000 euros no concello ourens\u00e1n de San Cristovo de Cea a trav\u00e9s do Plan Hurbe, impulsado pola Xunta de Galicia, para a realizaci\u00f3n de melloras de humanizaci\u00f3n en varias r\u00faas do casco hist\u00f3rico deste municipio.\" \/>\n<meta name=\"robots\" content=\"index, follow, max-snippet:-1, max-image-preview:large, max-video-preview:-1\" \/>\n<link rel=\"canonical\" href=\"https:\/\/ppdegalicia.com\/es\/o-ppdeg-destaca-as-melloras-de-humanizacion-do-casco-historico-que-se-levan-a-cabo-en-san-cristovo-de-cea-a-traves-do-plan-hurbe-da-xunta\/\" \/>\n<meta property=\"og:locale\" content=\"es_ES\" \/>\n<meta property=\"og:type\" content=\"article\" \/>\n<meta property=\"og:title\" content=\"O PPdeG destaca as melloras de humanizaci\u00f3n do casco hist\u00f3rico que se levan a cabo en San Cristovo de Cea a trav\u00e9s do Plan Hurbe da Xunta - PP de Galicia\" \/>\n<meta property=\"og:description\" content=\"Os deputados do Grupo Popular Noelia P\u00e9rez e Argimiro Marnotes destacaron hoxe o investimento de case 700.000 euros no concello ourens\u00e1n de San Cristovo de Cea a trav\u00e9s do Plan Hurbe, impulsado pola Xunta de Galicia, para a realizaci\u00f3n de melloras de humanizaci\u00f3n en varias r\u00faas do casco hist\u00f3rico deste municipio.\" \/>\n<meta property=\"og:url\" content=\"https:\/\/ppdegalicia.com\/es\/o-ppdeg-destaca-as-melloras-de-humanizacion-do-casco-historico-que-se-levan-a-cabo-en-san-cristovo-de-cea-a-traves-do-plan-hurbe-da-xunta\/\" \/>\n<meta property=\"og:site_name\" content=\"PP de Galicia\" \/>\n<meta property=\"article:publisher\" content=\"https:\/\/www.instagram.com\/ppdegalicia\/\" \/>\n<meta property=\"article:published_time\" content=\"2026-01-18T09:35:18+00:00\" \/>\n<meta property=\"article:modified_time\" content=\"2026-01-19T09:40:14+00:00\" \/>\n<meta property=\"og:image\" content=\"https:\/\/ppdegalicia.com\/wp-content\/uploads\/2026\/01\/Noelia-Perez-e-Argimiro-Marnotes-en-Cea-33.jpeg\" \/>\n\t<meta property=\"og:image:width\" content=\"1200\" \/>\n\t<meta property=\"og:image:height\" content=\"1373\" \/>\n\t<meta property=\"og:image:type\" content=\"image\/jpeg\" \/>\n<meta name=\"author\" content=\"ppdegaliciaredes\" \/>\n<meta name=\"twitter:card\" content=\"summary_large_image\" \/>\n<meta name=\"twitter:creator\" content=\"@ppdegalicia\" \/>\n<meta name=\"twitter:site\" content=\"@ppdegalicia\" \/>\n<meta name=\"twitter:label1\" content=\"Escrito por\" \/>\n\t<meta name=\"twitter:data1\" content=\"ppdegaliciaredes\" \/>\n\t<meta name=\"twitter:label2\" content=\"Tiempo de lectura\" \/>\n\t<meta name=\"twitter:data2\" content=\"3 minutos\" \/>\n<script type=\"application\/ld+json\" class=\"yoast-schema-graph\">{\"@context\":\"https:\\\/\\\/schema.org\",\"@graph\":[{\"@type\":\"Article\",\"@id\":\"https:\\\/\\\/ppdegalicia.com\\\/es\\\/o-ppdeg-destaca-as-melloras-de-humanizacion-do-casco-historico-que-se-levan-a-cabo-en-san-cristovo-de-cea-a-traves-do-plan-hurbe-da-xunta\\\/#article\",\"isPartOf\":{\"@id\":\"https:\\\/\\\/ppdegalicia.com\\\/es\\\/o-ppdeg-destaca-as-melloras-de-humanizacion-do-casco-historico-que-se-levan-a-cabo-en-san-cristovo-de-cea-a-traves-do-plan-hurbe-da-xunta\\\/\"},\"author\":{\"name\":\"ppdegaliciaredes\",\"@id\":\"https:\\\/\\\/ppdegalicia.com\\\/es\\\/#\\\/schema\\\/person\\\/5b822c6f59e872ebdd1142f307dbcb59\"},\"headline\":\"O PPdeG destaca as melloras de humanizaci\u00f3n do casco hist\u00f3rico que se levan a cabo en San Cristovo de Cea a trav\u00e9s do Plan Hurbe da Xunta\",\"datePublished\":\"2026-01-18T09:35:18+00:00\",\"dateModified\":\"2026-01-19T09:40:14+00:00\",\"mainEntityOfPage\":{\"@id\":\"https:\\\/\\\/ppdegalicia.com\\\/es\\\/o-ppdeg-destaca-as-melloras-de-humanizacion-do-casco-historico-que-se-levan-a-cabo-en-san-cristovo-de-cea-a-traves-do-plan-hurbe-da-xunta\\\/\"},\"wordCount\":469,\"publisher\":{\"@id\":\"https:\\\/\\\/ppdegalicia.com\\\/es\\\/#organization\"},\"image\":{\"@id\":\"https:\\\/\\\/ppdegalicia.com\\\/es\\\/o-ppdeg-destaca-as-melloras-de-humanizacion-do-casco-historico-que-se-levan-a-cabo-en-san-cristovo-de-cea-a-traves-do-plan-hurbe-da-xunta\\\/#primaryimage\"},\"thumbnailUrl\":\"https:\\\/\\\/ppdegalicia.com\\\/wp-content\\\/uploads\\\/2026\\\/01\\\/Noelia-Perez-e-Argimiro-Marnotes-en-Cea-33.jpeg\",\"articleSection\":[\"Parlamento de Galicia\"],\"inLanguage\":\"es\"},{\"@type\":\"WebPage\",\"@id\":\"https:\\\/\\\/ppdegalicia.com\\\/es\\\/o-ppdeg-destaca-as-melloras-de-humanizacion-do-casco-historico-que-se-levan-a-cabo-en-san-cristovo-de-cea-a-traves-do-plan-hurbe-da-xunta\\\/\",\"url\":\"https:\\\/\\\/ppdegalicia.com\\\/es\\\/o-ppdeg-destaca-as-melloras-de-humanizacion-do-casco-historico-que-se-levan-a-cabo-en-san-cristovo-de-cea-a-traves-do-plan-hurbe-da-xunta\\\/\",\"name\":\"O PPdeG destaca as melloras de humanizaci\u00f3n do casco hist\u00f3rico que se levan a cabo en San Cristovo de Cea a trav\u00e9s do Plan Hurbe da Xunta - PP de Galicia\",\"isPartOf\":{\"@id\":\"https:\\\/\\\/ppdegalicia.com\\\/es\\\/#website\"},\"primaryImageOfPage\":{\"@id\":\"https:\\\/\\\/ppdegalicia.com\\\/es\\\/o-ppdeg-destaca-as-melloras-de-humanizacion-do-casco-historico-que-se-levan-a-cabo-en-san-cristovo-de-cea-a-traves-do-plan-hurbe-da-xunta\\\/#primaryimage\"},\"image\":{\"@id\":\"https:\\\/\\\/ppdegalicia.com\\\/es\\\/o-ppdeg-destaca-as-melloras-de-humanizacion-do-casco-historico-que-se-levan-a-cabo-en-san-cristovo-de-cea-a-traves-do-plan-hurbe-da-xunta\\\/#primaryimage\"},\"thumbnailUrl\":\"https:\\\/\\\/ppdegalicia.com\\\/wp-content\\\/uploads\\\/2026\\\/01\\\/Noelia-Perez-e-Argimiro-Marnotes-en-Cea-33.jpeg\",\"datePublished\":\"2026-01-18T09:35:18+00:00\",\"dateModified\":\"2026-01-19T09:40:14+00:00\",\"description\":\"Os deputados do Grupo Popular Noelia P\u00e9rez e Argimiro Marnotes destacaron hoxe o investimento de case 700.000 euros no concello ourens\u00e1n de San Cristovo de Cea a trav\u00e9s do Plan Hurbe, impulsado pola Xunta de Galicia, para a realizaci\u00f3n de melloras de humanizaci\u00f3n en varias r\u00faas do casco hist\u00f3rico deste municipio.\",\"breadcrumb\":{\"@id\":\"https:\\\/\\\/ppdegalicia.com\\\/es\\\/o-ppdeg-destaca-as-melloras-de-humanizacion-do-casco-historico-que-se-levan-a-cabo-en-san-cristovo-de-cea-a-traves-do-plan-hurbe-da-xunta\\\/#breadcrumb\"},\"inLanguage\":\"es\",\"potentialAction\":[{\"@type\":\"ReadAction\",\"target\":[\"https:\\\/\\\/ppdegalicia.com\\\/es\\\/o-ppdeg-destaca-as-melloras-de-humanizacion-do-casco-historico-que-se-levan-a-cabo-en-san-cristovo-de-cea-a-traves-do-plan-hurbe-da-xunta\\\/\"]}]},{\"@type\":\"ImageObject\",\"inLanguage\":\"es\",\"@id\":\"https:\\\/\\\/ppdegalicia.com\\\/es\\\/o-ppdeg-destaca-as-melloras-de-humanizacion-do-casco-historico-que-se-levan-a-cabo-en-san-cristovo-de-cea-a-traves-do-plan-hurbe-da-xunta\\\/#primaryimage\",\"url\":\"https:\\\/\\\/ppdegalicia.com\\\/wp-content\\\/uploads\\\/2026\\\/01\\\/Noelia-Perez-e-Argimiro-Marnotes-en-Cea-33.jpeg\",\"contentUrl\":\"https:\\\/\\\/ppdegalicia.com\\\/wp-content\\\/uploads\\\/2026\\\/01\\\/Noelia-Perez-e-Argimiro-Marnotes-en-Cea-33.jpeg\",\"width\":1200,\"height\":1373},{\"@type\":\"BreadcrumbList\",\"@id\":\"https:\\\/\\\/ppdegalicia.com\\\/es\\\/o-ppdeg-destaca-as-melloras-de-humanizacion-do-casco-historico-que-se-levan-a-cabo-en-san-cristovo-de-cea-a-traves-do-plan-hurbe-da-xunta\\\/#breadcrumb\",\"itemListElement\":[{\"@type\":\"ListItem\",\"position\":1,\"name\":\"Portada\",\"item\":\"https:\\\/\\\/ppdegalicia.com\\\/es\\\/\"},{\"@type\":\"ListItem\",\"position\":2,\"name\":\"O PPdeG destaca as melloras de humanizaci\u00f3n do casco hist\u00f3rico que se levan a cabo en San Cristovo de Cea a trav\u00e9s do Plan Hurbe da Xunta\"}]},{\"@type\":\"WebSite\",\"@id\":\"https:\\\/\\\/ppdegalicia.com\\\/es\\\/#website\",\"url\":\"https:\\\/\\\/ppdegalicia.com\\\/es\\\/\",\"name\":\"Partido Popular de Galicia\",\"description\":\"Partido Popular de Galicia\",\"publisher\":{\"@id\":\"https:\\\/\\\/ppdegalicia.com\\\/es\\\/#organization\"},\"alternateName\":\"PP de Galicia\",\"potentialAction\":[{\"@type\":\"SearchAction\",\"target\":{\"@type\":\"EntryPoint\",\"urlTemplate\":\"https:\\\/\\\/ppdegalicia.com\\\/es\\\/?s={search_term_string}\"},\"query-input\":{\"@type\":\"PropertyValueSpecification\",\"valueRequired\":true,\"valueName\":\"search_term_string\"}}],\"inLanguage\":\"es\"},{\"@type\":\"Organization\",\"@id\":\"https:\\\/\\\/ppdegalicia.com\\\/es\\\/#organization\",\"name\":\"Partido Popular de Galicia\",\"alternateName\":\"PP de Galicia\",\"url\":\"https:\\\/\\\/ppdegalicia.com\\\/es\\\/\",\"logo\":{\"@type\":\"ImageObject\",\"inLanguage\":\"es\",\"@id\":\"https:\\\/\\\/ppdegalicia.com\\\/es\\\/#\\\/schema\\\/logo\\\/image\\\/\",\"url\":\"https:\\\/\\\/ppdegalicia.com\\\/wp-content\\\/uploads\\\/2023\\\/04\\\/logoPP512.png\",\"contentUrl\":\"https:\\\/\\\/ppdegalicia.com\\\/wp-content\\\/uploads\\\/2023\\\/04\\\/logoPP512.png\",\"width\":512,\"height\":512,\"caption\":\"Partido Popular de Galicia\"},\"image\":{\"@id\":\"https:\\\/\\\/ppdegalicia.com\\\/es\\\/#\\\/schema\\\/logo\\\/image\\\/\"},\"sameAs\":[\"https:\\\/\\\/www.instagram.com\\\/ppdegalicia\\\/\",\"https:\\\/\\\/x.com\\\/ppdegalicia\",\"https:\\\/\\\/www.tiktok.com\\\/@ppdegalicia\",\"https:\\\/\\\/www.youtube.com\\\/user\\\/ppdegalicia\"]},{\"@type\":\"Person\",\"@id\":\"https:\\\/\\\/ppdegalicia.com\\\/es\\\/#\\\/schema\\\/person\\\/5b822c6f59e872ebdd1142f307dbcb59\",\"name\":\"ppdegaliciaredes\",\"image\":{\"@type\":\"ImageObject\",\"inLanguage\":\"es\",\"@id\":\"https:\\\/\\\/secure.gravatar.com\\\/avatar\\\/3c9179cf0256d00c72a48d1f25783c58b6842cd56e85ef3a572881c8e28ccd59?s=96&d=mm&r=g\",\"url\":\"https:\\\/\\\/secure.gravatar.com\\\/avatar\\\/3c9179cf0256d00c72a48d1f25783c58b6842cd56e85ef3a572881c8e28ccd59?s=96&d=mm&r=g\",\"contentUrl\":\"https:\\\/\\\/secure.gravatar.com\\\/avatar\\\/3c9179cf0256d00c72a48d1f25783c58b6842cd56e85ef3a572881c8e28ccd59?s=96&d=mm&r=g\",\"caption\":\"ppdegaliciaredes\"},\"url\":\"https:\\\/\\\/ppdegalicia.com\\\/es\\\/author\\\/ppdegaliciaredes\\\/\"}]}<\/script>\n<!-- \/ Yoast SEO plugin. -->","yoast_head_json":{"title":"O PPdeG destaca as melloras de humanizaci\u00f3n do casco hist\u00f3rico que se levan a cabo en San Cristovo de Cea a trav\u00e9s do Plan Hurbe da Xunta - PP de Galicia","description":"Os deputados do Grupo Popular Noelia P\u00e9rez e Argimiro Marnotes destacaron hoxe o investimento de case 700.000 euros no concello ourens\u00e1n de San Cristovo de Cea a trav\u00e9s do Plan Hurbe, impulsado pola Xunta de Galicia, para a realizaci\u00f3n de melloras de humanizaci\u00f3n en varias r\u00faas do casco hist\u00f3rico deste municipio.","robots":{"index":"index","follow":"follow","max-snippet":"max-snippet:-1","max-image-preview":"max-image-preview:large","max-video-preview":"max-video-preview:-1"},"canonical":"https:\/\/ppdegalicia.com\/es\/o-ppdeg-destaca-as-melloras-de-humanizacion-do-casco-historico-que-se-levan-a-cabo-en-san-cristovo-de-cea-a-traves-do-plan-hurbe-da-xunta\/","og_locale":"es_ES","og_type":"article","og_title":"O PPdeG destaca as melloras de humanizaci\u00f3n do casco hist\u00f3rico que se levan a cabo en San Cristovo de Cea a trav\u00e9s do Plan Hurbe da Xunta - PP de Galicia","og_description":"Os deputados do Grupo Popular Noelia P\u00e9rez e Argimiro Marnotes destacaron hoxe o investimento de case 700.000 euros no concello ourens\u00e1n de San Cristovo de Cea a trav\u00e9s do Plan Hurbe, impulsado pola Xunta de Galicia, para a realizaci\u00f3n de melloras de humanizaci\u00f3n en varias r\u00faas do casco hist\u00f3rico deste municipio.","og_url":"https:\/\/ppdegalicia.com\/es\/o-ppdeg-destaca-as-melloras-de-humanizacion-do-casco-historico-que-se-levan-a-cabo-en-san-cristovo-de-cea-a-traves-do-plan-hurbe-da-xunta\/","og_site_name":"PP de Galicia","article_publisher":"https:\/\/www.instagram.com\/ppdegalicia\/","article_published_time":"2026-01-18T09:35:18+00:00","article_modified_time":"2026-01-19T09:40:14+00:00","og_image":[{"width":1200,"height":1373,"url":"https:\/\/ppdegalicia.com\/wp-content\/uploads\/2026\/01\/Noelia-Perez-e-Argimiro-Marnotes-en-Cea-33.jpeg","type":"image\/jpeg"}],"author":"ppdegaliciaredes","twitter_card":"summary_large_image","twitter_creator":"@ppdegalicia","twitter_site":"@ppdegalicia","twitter_misc":{"Escrito por":"ppdegaliciaredes","Tiempo de lectura":"3 minutos"},"schema":{"@context":"https:\/\/schema.org","@graph":[{"@type":"Article","@id":"https:\/\/ppdegalicia.com\/es\/o-ppdeg-destaca-as-melloras-de-humanizacion-do-casco-historico-que-se-levan-a-cabo-en-san-cristovo-de-cea-a-traves-do-plan-hurbe-da-xunta\/#article","isPartOf":{"@id":"https:\/\/ppdegalicia.com\/es\/o-ppdeg-destaca-as-melloras-de-humanizacion-do-casco-historico-que-se-levan-a-cabo-en-san-cristovo-de-cea-a-traves-do-plan-hurbe-da-xunta\/"},"author":{"name":"ppdegaliciaredes","@id":"https:\/\/ppdegalicia.com\/es\/#\/schema\/person\/5b822c6f59e872ebdd1142f307dbcb59"},"headline":"O PPdeG destaca as melloras de humanizaci\u00f3n do casco hist\u00f3rico que se levan a cabo en San Cristovo de Cea a trav\u00e9s do Plan Hurbe da Xunta","datePublished":"2026-01-18T09:35:18+00:00","dateModified":"2026-01-19T09:40:14+00:00","mainEntityOfPage":{"@id":"https:\/\/ppdegalicia.com\/es\/o-ppdeg-destaca-as-melloras-de-humanizacion-do-casco-historico-que-se-levan-a-cabo-en-san-cristovo-de-cea-a-traves-do-plan-hurbe-da-xunta\/"},"wordCount":469,"publisher":{"@id":"https:\/\/ppdegalicia.com\/es\/#organization"},"image":{"@id":"https:\/\/ppdegalicia.com\/es\/o-ppdeg-destaca-as-melloras-de-humanizacion-do-casco-historico-que-se-levan-a-cabo-en-san-cristovo-de-cea-a-traves-do-plan-hurbe-da-xunta\/#primaryimage"},"thumbnailUrl":"https:\/\/ppdegalicia.com\/wp-content\/uploads\/2026\/01\/Noelia-Perez-e-Argimiro-Marnotes-en-Cea-33.jpeg","articleSection":["Parlamento de Galicia"],"inLanguage":"es"},{"@type":"WebPage","@id":"https:\/\/ppdegalicia.com\/es\/o-ppdeg-destaca-as-melloras-de-humanizacion-do-casco-historico-que-se-levan-a-cabo-en-san-cristovo-de-cea-a-traves-do-plan-hurbe-da-xunta\/","url":"https:\/\/ppdegalicia.com\/es\/o-ppdeg-destaca-as-melloras-de-humanizacion-do-casco-historico-que-se-levan-a-cabo-en-san-cristovo-de-cea-a-traves-do-plan-hurbe-da-xunta\/","name":"O PPdeG destaca as melloras de humanizaci\u00f3n do casco hist\u00f3rico que se levan a cabo en San Cristovo de Cea a trav\u00e9s do Plan Hurbe da Xunta - PP de Galicia","isPartOf":{"@id":"https:\/\/ppdegalicia.com\/es\/#website"},"primaryImageOfPage":{"@id":"https:\/\/ppdegalicia.com\/es\/o-ppdeg-destaca-as-melloras-de-humanizacion-do-casco-historico-que-se-levan-a-cabo-en-san-cristovo-de-cea-a-traves-do-plan-hurbe-da-xunta\/#primaryimage"},"image":{"@id":"https:\/\/ppdegalicia.com\/es\/o-ppdeg-destaca-as-melloras-de-humanizacion-do-casco-historico-que-se-levan-a-cabo-en-san-cristovo-de-cea-a-traves-do-plan-hurbe-da-xunta\/#primaryimage"},"thumbnailUrl":"https:\/\/ppdegalicia.com\/wp-content\/uploads\/2026\/01\/Noelia-Perez-e-Argimiro-Marnotes-en-Cea-33.jpeg","datePublished":"2026-01-18T09:35:18+00:00","dateModified":"2026-01-19T09:40:14+00:00","description":"Os deputados do Grupo Popular Noelia P\u00e9rez e Argimiro Marnotes destacaron hoxe o investimento de case 700.000 euros no concello ourens\u00e1n de San Cristovo de Cea a trav\u00e9s do Plan Hurbe, impulsado pola Xunta de Galicia, para a realizaci\u00f3n de melloras de humanizaci\u00f3n en varias r\u00faas do casco hist\u00f3rico deste municipio.","breadcrumb":{"@id":"https:\/\/ppdegalicia.com\/es\/o-ppdeg-destaca-as-melloras-de-humanizacion-do-casco-historico-que-se-levan-a-cabo-en-san-cristovo-de-cea-a-traves-do-plan-hurbe-da-xunta\/#breadcrumb"},"inLanguage":"es","potentialAction":[{"@type":"ReadAction","target":["https:\/\/ppdegalicia.com\/es\/o-ppdeg-destaca-as-melloras-de-humanizacion-do-casco-historico-que-se-levan-a-cabo-en-san-cristovo-de-cea-a-traves-do-plan-hurbe-da-xunta\/"]}]},{"@type":"ImageObject","inLanguage":"es","@id":"https:\/\/ppdegalicia.com\/es\/o-ppdeg-destaca-as-melloras-de-humanizacion-do-casco-historico-que-se-levan-a-cabo-en-san-cristovo-de-cea-a-traves-do-plan-hurbe-da-xunta\/#primaryimage","url":"https:\/\/ppdegalicia.com\/wp-content\/uploads\/2026\/01\/Noelia-Perez-e-Argimiro-Marnotes-en-Cea-33.jpeg","contentUrl":"https:\/\/ppdegalicia.com\/wp-content\/uploads\/2026\/01\/Noelia-Perez-e-Argimiro-Marnotes-en-Cea-33.jpeg","width":1200,"height":1373},{"@type":"BreadcrumbList","@id":"https:\/\/ppdegalicia.com\/es\/o-ppdeg-destaca-as-melloras-de-humanizacion-do-casco-historico-que-se-levan-a-cabo-en-san-cristovo-de-cea-a-traves-do-plan-hurbe-da-xunta\/#breadcrumb","itemListElement":[{"@type":"ListItem","position":1,"name":"Portada","item":"https:\/\/ppdegalicia.com\/es\/"},{"@type":"ListItem","position":2,"name":"O PPdeG destaca as melloras de humanizaci\u00f3n do casco hist\u00f3rico que se levan a cabo en San Cristovo de Cea a trav\u00e9s do Plan Hurbe da Xunta"}]},{"@type":"WebSite","@id":"https:\/\/ppdegalicia.com\/es\/#website","url":"https:\/\/ppdegalicia.com\/es\/","name":"Partido Popular de Galicia","description":"Partido Popular de Galicia","publisher":{"@id":"https:\/\/ppdegalicia.com\/es\/#organization"},"alternateName":"PP de Galicia","potentialAction":[{"@type":"SearchAction","target":{"@type":"EntryPoint","urlTemplate":"https:\/\/ppdegalicia.com\/es\/?s={search_term_string}"},"query-input":{"@type":"PropertyValueSpecification","valueRequired":true,"valueName":"search_term_string"}}],"inLanguage":"es"},{"@type":"Organization","@id":"https:\/\/ppdegalicia.com\/es\/#organization","name":"Partido Popular de Galicia","alternateName":"PP de Galicia","url":"https:\/\/ppdegalicia.com\/es\/","logo":{"@type":"ImageObject","inLanguage":"es","@id":"https:\/\/ppdegalicia.com\/es\/#\/schema\/logo\/image\/","url":"https:\/\/ppdegalicia.com\/wp-content\/uploads\/2023\/04\/logoPP512.png","contentUrl":"https:\/\/ppdegalicia.com\/wp-content\/uploads\/2023\/04\/logoPP512.png","width":512,"height":512,"caption":"Partido Popular de Galicia"},"image":{"@id":"https:\/\/ppdegalicia.com\/es\/#\/schema\/logo\/image\/"},"sameAs":["https:\/\/www.instagram.com\/ppdegalicia\/","https:\/\/x.com\/ppdegalicia","https:\/\/www.tiktok.com\/@ppdegalicia","https:\/\/www.youtube.com\/user\/ppdegalicia"]},{"@type":"Person","@id":"https:\/\/ppdegalicia.com\/es\/#\/schema\/person\/5b822c6f59e872ebdd1142f307dbcb59","name":"ppdegaliciaredes","image":{"@type":"ImageObject","inLanguage":"es","@id":"https:\/\/secure.gravatar.com\/avatar\/3c9179cf0256d00c72a48d1f25783c58b6842cd56e85ef3a572881c8e28ccd59?s=96&d=mm&r=g","url":"https:\/\/secure.gravatar.com\/avatar\/3c9179cf0256d00c72a48d1f25783c58b6842cd56e85ef3a572881c8e28ccd59?s=96&d=mm&r=g","contentUrl":"https:\/\/secure.gravatar.com\/avatar\/3c9179cf0256d00c72a48d1f25783c58b6842cd56e85ef3a572881c8e28ccd59?s=96&d=mm&r=g","caption":"ppdegaliciaredes"},"url":"https:\/\/ppdegalicia.com\/es\/author\/ppdegaliciaredes\/"}]}},"_links":{"self":[{"href":"https:\/\/ppdegalicia.com\/es\/wp-json\/wp\/v2\/posts\/69806","targetHints":{"allow":["GET"]}}],"collection":[{"href":"https:\/\/ppdegalicia.com\/es\/wp-json\/wp\/v2\/posts"}],"about":[{"href":"https:\/\/ppdegalicia.com\/es\/wp-json\/wp\/v2\/types\/post"}],"author":[{"embeddable":true,"href":"https:\/\/ppdegalicia.com\/es\/wp-json\/wp\/v2\/users\/38"}],"replies":[{"embeddable":true,"href":"https:\/\/ppdegalicia.com\/es\/wp-json\/wp\/v2\/comments?post=69806"}],"version-history":[{"count":1,"href":"https:\/\/ppdegalicia.com\/es\/wp-json\/wp\/v2\/posts\/69806\/revisions"}],"predecessor-version":[{"id":69809,"href":"https:\/\/ppdegalicia.com\/es\/wp-json\/wp\/v2\/posts\/69806\/revisions\/69809"}],"wp:featuredmedia":[{"embeddable":true,"href":"https:\/\/ppdegalicia.com\/es\/wp-json\/wp\/v2\/media\/69812"}],"wp:attachment":[{"href":"https:\/\/ppdegalicia.com\/es\/wp-json\/wp\/v2\/media?parent=69806"}],"wp:term":[{"taxonomy":"category","embeddable":true,"href":"https:\/\/ppdegalicia.com\/es\/wp-json\/wp\/v2\/categories?post=69806"},{"taxonomy":"post_tag","embeddable":true,"href":"https:\/\/ppdegalicia.com\/es\/wp-json\/wp\/v2\/tags?post=69806"}],"curies":[{"name":"wp","href":"https:\/\/api.w.org\/{rel}","templated":true}]}}