{"id":69824,"date":"2026-01-20T14:30:30","date_gmt":"2026-01-20T13:30:30","guid":{"rendered":"https:\/\/ppdegalicia.com\/?p=69824"},"modified":"2026-01-20T14:30:30","modified_gmt":"2026-01-20T13:30:30","slug":"o-grupo-popular-pedira-no-pleno-que-o-goberno-de-espana-rexeite-calquera-proposta-que-implique-unha-reducion-dos-fondos-europeos-destinados-aos-sectores-agricola-e-gandeiro","status":"publish","type":"post","link":"https:\/\/ppdegalicia.com\/es\/o-grupo-popular-pedira-no-pleno-que-o-goberno-de-espana-rexeite-calquera-proposta-que-implique-unha-reducion-dos-fondos-europeos-destinados-aos-sectores-agricola-e-gandeiro\/","title":{"rendered":"O Grupo Popular pedir\u00e1 no Pleno que o Goberno de Espa\u00f1a rexeite calquera proposta que implique unha reduci\u00f3n dos fondos europeos destinados aos sectores agr\u00edcola e gandeiro"},"content":{"rendered":"<p>O Grupo Popular demandar\u00e1 no Pleno da vindeira semana que o Goberno central rexeite calquera proposta que implique unha reduci\u00f3n substancial dos fondos europeos destinados aos sectores agr\u00edcola e gandeiro, ao tempo que pedir\u00e1 consenso e participacion efectiva das comunidades aut\u00f3nomas na reforma do Estatuto Marco do persoal sanitario.<\/p>\n<p>Ao remate da Xunta de Portavoces, o portavoz popular, Alberto Pazos, comezou a s\u00faa comparecencia ante os medios trasladando o m\u00e1is sentido p\u00e9same \u00e1s familias dos m\u00e1is de 40 falecidos no accidente ferroviario acontecido este domingo en Adamuz, desexando unha pronta recuperaci\u00f3n a todos os feridos neste lamentable sinistro e agradecendo a todos os membros do operativo de emerxencia e sanitarios que est\u00e1n traballando neste lamentable sinistro.<\/p>\n<p><strong>RETO DA NEUTRALIDADE CLIM\u00c1TICA EN 2040<\/strong><\/p>\n<p>A sesi\u00f3n plenaria dar\u00e1 comezo coa xura ou promesa de Nazareth Cand\u00e1n como nova deputada pola provincia de A Coru\u00f1a en substituci\u00f3n de Ethel V\u00e1zquez, acto ao que seguir\u00e1 a votaci\u00f3n para a elecci\u00f3n do novo secretario da Mesa do Parlamento de Galicia, posto para o que o Grupo Popular propor\u00e1 ao actual viceportavoz e Presidente da Comisi\u00f3n 1\u00aa, Julio Garc\u00eda Comesa\u00f1a.<\/p>\n<p>A continuaci\u00f3n, ter\u00e1 lugar o debate para a s\u00faa aprobaci\u00f3n do proxecto de Lei do clima de Galicia, \u201cunha norma coa que nos situaremos como a primeira Comunidade Aut\u00f3noma en fixar por lei o reto da neutralidade clim\u00e1tica, co obxectivo de conseguir o equilibrio entre as emisi\u00f3ns de gases de efecto invernadoiro e as absorci\u00f3ns en 2040: 10 anos antes do prazo fixado pola Uni\u00f3n Europea\u201d, destacou Alberto Pazos.<\/p>\n<p>O seguinte punto na orde do d\u00eda da sesi\u00f3n plenaria ser\u00e1 a comparecencia do conselleiro de Facenda e Administraci\u00f3n P\u00fablica para dar conta do \u00faltimo Consello de Pol\u00edtica Fiscal e Financeira, celebrado o pasado 14 de xaneiro, e no que o Goberno de Pedro S\u00e1nchez puxo enriba da mesa o acordo acadado cos independentistas catal\u00e1ns en materia de financiamento auton\u00f3mico. \u201cUn modelo no que a Galicia lle corresponde a cifra irrisoria de 587 mill\u00f3ns de euros, dun total de case 21.000 mill\u00f3ns que se reparten entre todas as comunidades aut\u00f3nomas, coa que pasamos a estar financiados moi por debaixo da media, algo que os galegos xa anunciamos que non imos aceptar porque Galicia precisa recursos adicionais nas mesmas condici\u00f3ns que as demais comunidades aut\u00f3nomas para financiar o incremento de custo da sanidade, da educaci\u00f3n e da dependencia\u201d, subli\u00f1ou o portavoz popular.<\/p>\n<p><strong>SECTOR AGROGANDEIRO E ESTATUTO MARCO SANITARIO<\/strong><\/p>\n<p>Dentro do apartado de proposici\u00f3ns non de lei, o Grupo Popular defender\u00e1 no Pleno d\u00faas iniciativas de importancia para o futuro do sector agrogandeiro galego e para a prestaci\u00f3n dun servizo sanitario acorde coas necesidades de todos os galegos.<\/p>\n<p>En primeiro lugar, esixirase ao Goberno de Espa\u00f1a que, nas negociaci\u00f3ns que se est\u00e1n a levar a cabo da nova Pol\u00edtica Agraria Com\u00fan no marco da Uni\u00f3n Europea, rexeite calquera proposta que implique unha reduci\u00f3n substancial dos fondos europeos destinados ao sector agr\u00edcola e gandeiro no pr\u00f3ximo Marco Financeiro Plurianual 2028-2034.<\/p>\n<p>En concreto, Pazos demandou que \u201cse mante\u00f1a un orzamento espec\u00edfico e suficiente, con recursos equivalentes e homologables \u00e1 actual PAC e aos fondos FEAGA e FEADER, de forma que se garanta a competitividade, modernizaci\u00f3n e viabilidade futuro do sector agrogandeiro galego, sen esquecernos de algo que consideramos esencial: que o Goberno de Espa\u00f1a active mecanismos de interlocuci\u00f3n permanentes coas comunidades aut\u00f3nomas e coas organizaci\u00f3ns profesionais agrarias\u201d.<\/p>\n<p>A segunda das proposici\u00f3ns non de lei do Grupo Popular tam\u00e9n demanda ao Goberno de Pedro S\u00e1nchez que te\u00f1a en conta \u00e1s comunidades aut\u00f3nomas, neste caso no relativo \u00e1 reforma do Estatuto Marco do persoal estatutario dos servizos de sa\u00fade. \u201cConsideramos imprescindible que esta modificaci\u00f3n se realice co consenso e participaci\u00f3n efectiva das comunidades aut\u00f3nomas e dos sectores profesionais implicados\u201d, dixo Alberto Pazos. As\u00ed mesmo, p\u00eddese que as modificaci\u00f3ns deste Estatuto Marco contrib\u00faan a dar resposta ao d\u00e9ficit de profesionais sanitarios, especialmente en atenci\u00f3n primaria e nos postos de dif\u00edcil cobertura.<\/p>\n<p>Por \u00faltimo, dentro do apartado de preguntas ao Goberno galego, o Grupo Popular interesarase por como ten previsto defender a Xunta os intereses do sector primario galego no novo escenario econ\u00f3mico xurdido trala recente sinatura do acordo entre a Uni\u00f3n Europea e Mercosur; sobre a implantaci\u00f3n do programa estatal de vivenda Casa 47 no concello de Vigo, que pon a disposici\u00f3n dos cidad\u00e1ns vivendas a un custo superior \u00e1 media do prezo libre nesta cidade; e sobre os traballos que se est\u00e1n a desenvolver para a renovaci\u00f3n do Plan xeral de normalizaci\u00f3n da lingua galega, no que se leva traballando varios meses da man de m\u00e1is de 100 profesionais de diferentes \u00e1mbitos e logo de escoitar a todos os grupos parlamentarios.<\/p>\n","protected":false},"excerpt":{"rendered":"<p>O Grupo Popular demandar\u00e1 no Pleno da vindeira semana que o Goberno central rexeite calquera proposta que implique unha reduci\u00f3n substancial dos fondos europeos destinados aos sectores agr\u00edcola e gandeiro, ao tempo que pedir\u00e1 consenso e participacion efectiva das comunidades aut\u00f3nomas na reforma do Estatuto Marco do persoal sanitario. Ao remate da Xunta de Portavoces, [&hellip;]<\/p>\n","protected":false},"author":38,"featured_media":69825,"comment_status":"closed","ping_status":"open","sticky":false,"template":"","format":"standard","meta":{"_acf_changed":false,"footnotes":""},"categories":[1128],"tags":[],"class_list":["post-69824","post","type-post","status-publish","format-standard","has-post-thumbnail","hentry","category-actualidad-parlamento-de-galicia"],"acf":[],"yoast_head":"<!-- This site is optimized with the Yoast SEO plugin v27.3 - https:\/\/yoast.com\/product\/yoast-seo-wordpress\/ -->\n<title>O Grupo Popular pedir\u00e1 no Pleno que o Goberno de Espa\u00f1a rexeite calquera proposta que implique unha reduci\u00f3n dos fondos europeos destinados aos sectores agr\u00edcola e gandeiro - PP de Galicia<\/title>\n<meta name=\"description\" content=\"O Grupo Popular demandar\u00e1 no Pleno da vindeira semana que o Goberno central rexeite calquera proposta que implique unha reduci\u00f3n substancial dos fondos europeos destinados aos sectores agr\u00edcola e gandeiro, ao tempo que pedir\u00e1 consenso e participacion efectiva das comunidades aut\u00f3nomas na reforma do Estatuto Marco do persoal sanitario.\" \/>\n<meta name=\"robots\" content=\"index, follow, max-snippet:-1, max-image-preview:large, max-video-preview:-1\" \/>\n<link rel=\"canonical\" href=\"https:\/\/ppdegalicia.com\/es\/o-grupo-popular-pedira-no-pleno-que-o-goberno-de-espana-rexeite-calquera-proposta-que-implique-unha-reducion-dos-fondos-europeos-destinados-aos-sectores-agricola-e-gandeiro\/\" \/>\n<meta property=\"og:locale\" content=\"es_ES\" \/>\n<meta property=\"og:type\" content=\"article\" \/>\n<meta property=\"og:title\" content=\"O Grupo Popular pedir\u00e1 no Pleno que o Goberno de Espa\u00f1a rexeite calquera proposta que implique unha reduci\u00f3n dos fondos europeos destinados aos sectores agr\u00edcola e gandeiro - PP de Galicia\" \/>\n<meta property=\"og:description\" content=\"O Grupo Popular demandar\u00e1 no Pleno da vindeira semana que o Goberno central rexeite calquera proposta que implique unha reduci\u00f3n substancial dos fondos europeos destinados aos sectores agr\u00edcola e gandeiro, ao tempo que pedir\u00e1 consenso e participacion efectiva das comunidades aut\u00f3nomas na reforma do Estatuto Marco do persoal sanitario.\" \/>\n<meta property=\"og:url\" content=\"https:\/\/ppdegalicia.com\/es\/o-grupo-popular-pedira-no-pleno-que-o-goberno-de-espana-rexeite-calquera-proposta-que-implique-unha-reducion-dos-fondos-europeos-destinados-aos-sectores-agricola-e-gandeiro\/\" \/>\n<meta property=\"og:site_name\" content=\"PP de Galicia\" \/>\n<meta property=\"article:publisher\" content=\"https:\/\/www.instagram.com\/ppdegalicia\/\" \/>\n<meta property=\"article:published_time\" content=\"2026-01-20T13:30:30+00:00\" \/>\n<meta property=\"og:image\" content=\"https:\/\/ppdegalicia.com\/wp-content\/uploads\/2026\/01\/20260120_Xunta_Portavoces7-scaled.jpg\" \/>\n\t<meta property=\"og:image:width\" content=\"2560\" \/>\n\t<meta property=\"og:image:height\" content=\"1707\" \/>\n\t<meta property=\"og:image:type\" content=\"image\/jpeg\" \/>\n<meta name=\"author\" content=\"ppdegaliciaredes\" \/>\n<meta name=\"twitter:card\" content=\"summary_large_image\" \/>\n<meta name=\"twitter:creator\" content=\"@ppdegalicia\" \/>\n<meta name=\"twitter:site\" content=\"@ppdegalicia\" \/>\n<meta name=\"twitter:label1\" content=\"Escrito por\" \/>\n\t<meta name=\"twitter:data1\" content=\"ppdegaliciaredes\" \/>\n\t<meta name=\"twitter:label2\" content=\"Tiempo de lectura\" \/>\n\t<meta name=\"twitter:data2\" content=\"5 minutos\" \/>\n<script type=\"application\/ld+json\" class=\"yoast-schema-graph\">{\"@context\":\"https:\\\/\\\/schema.org\",\"@graph\":[{\"@type\":\"Article\",\"@id\":\"https:\\\/\\\/ppdegalicia.com\\\/es\\\/o-grupo-popular-pedira-no-pleno-que-o-goberno-de-espana-rexeite-calquera-proposta-que-implique-unha-reducion-dos-fondos-europeos-destinados-aos-sectores-agricola-e-gandeiro\\\/#article\",\"isPartOf\":{\"@id\":\"https:\\\/\\\/ppdegalicia.com\\\/es\\\/o-grupo-popular-pedira-no-pleno-que-o-goberno-de-espana-rexeite-calquera-proposta-que-implique-unha-reducion-dos-fondos-europeos-destinados-aos-sectores-agricola-e-gandeiro\\\/\"},\"author\":{\"name\":\"ppdegaliciaredes\",\"@id\":\"https:\\\/\\\/ppdegalicia.com\\\/es\\\/#\\\/schema\\\/person\\\/5b822c6f59e872ebdd1142f307dbcb59\"},\"headline\":\"O Grupo Popular pedir\u00e1 no Pleno que o Goberno de Espa\u00f1a rexeite calquera proposta que implique unha reduci\u00f3n dos fondos europeos destinados aos sectores agr\u00edcola e gandeiro\",\"datePublished\":\"2026-01-20T13:30:30+00:00\",\"mainEntityOfPage\":{\"@id\":\"https:\\\/\\\/ppdegalicia.com\\\/es\\\/o-grupo-popular-pedira-no-pleno-que-o-goberno-de-espana-rexeite-calquera-proposta-que-implique-unha-reducion-dos-fondos-europeos-destinados-aos-sectores-agricola-e-gandeiro\\\/\"},\"wordCount\":871,\"publisher\":{\"@id\":\"https:\\\/\\\/ppdegalicia.com\\\/es\\\/#organization\"},\"image\":{\"@id\":\"https:\\\/\\\/ppdegalicia.com\\\/es\\\/o-grupo-popular-pedira-no-pleno-que-o-goberno-de-espana-rexeite-calquera-proposta-que-implique-unha-reducion-dos-fondos-europeos-destinados-aos-sectores-agricola-e-gandeiro\\\/#primaryimage\"},\"thumbnailUrl\":\"https:\\\/\\\/ppdegalicia.com\\\/wp-content\\\/uploads\\\/2026\\\/01\\\/20260120_Xunta_Portavoces7-scaled.jpg\",\"articleSection\":[\"Parlamento de Galicia\"],\"inLanguage\":\"es\"},{\"@type\":\"WebPage\",\"@id\":\"https:\\\/\\\/ppdegalicia.com\\\/es\\\/o-grupo-popular-pedira-no-pleno-que-o-goberno-de-espana-rexeite-calquera-proposta-que-implique-unha-reducion-dos-fondos-europeos-destinados-aos-sectores-agricola-e-gandeiro\\\/\",\"url\":\"https:\\\/\\\/ppdegalicia.com\\\/es\\\/o-grupo-popular-pedira-no-pleno-que-o-goberno-de-espana-rexeite-calquera-proposta-que-implique-unha-reducion-dos-fondos-europeos-destinados-aos-sectores-agricola-e-gandeiro\\\/\",\"name\":\"O Grupo Popular pedir\u00e1 no Pleno que o Goberno de Espa\u00f1a rexeite calquera proposta que implique unha reduci\u00f3n dos fondos europeos destinados aos sectores agr\u00edcola e gandeiro - PP de Galicia\",\"isPartOf\":{\"@id\":\"https:\\\/\\\/ppdegalicia.com\\\/es\\\/#website\"},\"primaryImageOfPage\":{\"@id\":\"https:\\\/\\\/ppdegalicia.com\\\/es\\\/o-grupo-popular-pedira-no-pleno-que-o-goberno-de-espana-rexeite-calquera-proposta-que-implique-unha-reducion-dos-fondos-europeos-destinados-aos-sectores-agricola-e-gandeiro\\\/#primaryimage\"},\"image\":{\"@id\":\"https:\\\/\\\/ppdegalicia.com\\\/es\\\/o-grupo-popular-pedira-no-pleno-que-o-goberno-de-espana-rexeite-calquera-proposta-que-implique-unha-reducion-dos-fondos-europeos-destinados-aos-sectores-agricola-e-gandeiro\\\/#primaryimage\"},\"thumbnailUrl\":\"https:\\\/\\\/ppdegalicia.com\\\/wp-content\\\/uploads\\\/2026\\\/01\\\/20260120_Xunta_Portavoces7-scaled.jpg\",\"datePublished\":\"2026-01-20T13:30:30+00:00\",\"description\":\"O Grupo Popular demandar\u00e1 no Pleno da vindeira semana que o Goberno central rexeite calquera proposta que implique unha reduci\u00f3n substancial dos fondos europeos destinados aos sectores agr\u00edcola e gandeiro, ao tempo que pedir\u00e1 consenso e participacion efectiva das comunidades aut\u00f3nomas na reforma do Estatuto Marco do persoal sanitario.\",\"breadcrumb\":{\"@id\":\"https:\\\/\\\/ppdegalicia.com\\\/es\\\/o-grupo-popular-pedira-no-pleno-que-o-goberno-de-espana-rexeite-calquera-proposta-que-implique-unha-reducion-dos-fondos-europeos-destinados-aos-sectores-agricola-e-gandeiro\\\/#breadcrumb\"},\"inLanguage\":\"es\",\"potentialAction\":[{\"@type\":\"ReadAction\",\"target\":[\"https:\\\/\\\/ppdegalicia.com\\\/es\\\/o-grupo-popular-pedira-no-pleno-que-o-goberno-de-espana-rexeite-calquera-proposta-que-implique-unha-reducion-dos-fondos-europeos-destinados-aos-sectores-agricola-e-gandeiro\\\/\"]}]},{\"@type\":\"ImageObject\",\"inLanguage\":\"es\",\"@id\":\"https:\\\/\\\/ppdegalicia.com\\\/es\\\/o-grupo-popular-pedira-no-pleno-que-o-goberno-de-espana-rexeite-calquera-proposta-que-implique-unha-reducion-dos-fondos-europeos-destinados-aos-sectores-agricola-e-gandeiro\\\/#primaryimage\",\"url\":\"https:\\\/\\\/ppdegalicia.com\\\/wp-content\\\/uploads\\\/2026\\\/01\\\/20260120_Xunta_Portavoces7-scaled.jpg\",\"contentUrl\":\"https:\\\/\\\/ppdegalicia.com\\\/wp-content\\\/uploads\\\/2026\\\/01\\\/20260120_Xunta_Portavoces7-scaled.jpg\",\"width\":2560,\"height\":1707},{\"@type\":\"BreadcrumbList\",\"@id\":\"https:\\\/\\\/ppdegalicia.com\\\/es\\\/o-grupo-popular-pedira-no-pleno-que-o-goberno-de-espana-rexeite-calquera-proposta-que-implique-unha-reducion-dos-fondos-europeos-destinados-aos-sectores-agricola-e-gandeiro\\\/#breadcrumb\",\"itemListElement\":[{\"@type\":\"ListItem\",\"position\":1,\"name\":\"Portada\",\"item\":\"https:\\\/\\\/ppdegalicia.com\\\/es\\\/\"},{\"@type\":\"ListItem\",\"position\":2,\"name\":\"O Grupo Popular pedir\u00e1 no Pleno que o Goberno de Espa\u00f1a rexeite calquera proposta que implique unha reduci\u00f3n dos fondos europeos destinados aos sectores agr\u00edcola e gandeiro\"}]},{\"@type\":\"WebSite\",\"@id\":\"https:\\\/\\\/ppdegalicia.com\\\/es\\\/#website\",\"url\":\"https:\\\/\\\/ppdegalicia.com\\\/es\\\/\",\"name\":\"Partido Popular de Galicia\",\"description\":\"Partido Popular de Galicia\",\"publisher\":{\"@id\":\"https:\\\/\\\/ppdegalicia.com\\\/es\\\/#organization\"},\"alternateName\":\"PP de Galicia\",\"potentialAction\":[{\"@type\":\"SearchAction\",\"target\":{\"@type\":\"EntryPoint\",\"urlTemplate\":\"https:\\\/\\\/ppdegalicia.com\\\/es\\\/?s={search_term_string}\"},\"query-input\":{\"@type\":\"PropertyValueSpecification\",\"valueRequired\":true,\"valueName\":\"search_term_string\"}}],\"inLanguage\":\"es\"},{\"@type\":\"Organization\",\"@id\":\"https:\\\/\\\/ppdegalicia.com\\\/es\\\/#organization\",\"name\":\"Partido Popular de Galicia\",\"alternateName\":\"PP de Galicia\",\"url\":\"https:\\\/\\\/ppdegalicia.com\\\/es\\\/\",\"logo\":{\"@type\":\"ImageObject\",\"inLanguage\":\"es\",\"@id\":\"https:\\\/\\\/ppdegalicia.com\\\/es\\\/#\\\/schema\\\/logo\\\/image\\\/\",\"url\":\"https:\\\/\\\/ppdegalicia.com\\\/wp-content\\\/uploads\\\/2023\\\/04\\\/logoPP512.png\",\"contentUrl\":\"https:\\\/\\\/ppdegalicia.com\\\/wp-content\\\/uploads\\\/2023\\\/04\\\/logoPP512.png\",\"width\":512,\"height\":512,\"caption\":\"Partido Popular de Galicia\"},\"image\":{\"@id\":\"https:\\\/\\\/ppdegalicia.com\\\/es\\\/#\\\/schema\\\/logo\\\/image\\\/\"},\"sameAs\":[\"https:\\\/\\\/www.instagram.com\\\/ppdegalicia\\\/\",\"https:\\\/\\\/x.com\\\/ppdegalicia\",\"https:\\\/\\\/www.tiktok.com\\\/@ppdegalicia\",\"https:\\\/\\\/www.youtube.com\\\/user\\\/ppdegalicia\"]},{\"@type\":\"Person\",\"@id\":\"https:\\\/\\\/ppdegalicia.com\\\/es\\\/#\\\/schema\\\/person\\\/5b822c6f59e872ebdd1142f307dbcb59\",\"name\":\"ppdegaliciaredes\",\"image\":{\"@type\":\"ImageObject\",\"inLanguage\":\"es\",\"@id\":\"https:\\\/\\\/secure.gravatar.com\\\/avatar\\\/3c9179cf0256d00c72a48d1f25783c58b6842cd56e85ef3a572881c8e28ccd59?s=96&d=mm&r=g\",\"url\":\"https:\\\/\\\/secure.gravatar.com\\\/avatar\\\/3c9179cf0256d00c72a48d1f25783c58b6842cd56e85ef3a572881c8e28ccd59?s=96&d=mm&r=g\",\"contentUrl\":\"https:\\\/\\\/secure.gravatar.com\\\/avatar\\\/3c9179cf0256d00c72a48d1f25783c58b6842cd56e85ef3a572881c8e28ccd59?s=96&d=mm&r=g\",\"caption\":\"ppdegaliciaredes\"},\"url\":\"https:\\\/\\\/ppdegalicia.com\\\/es\\\/author\\\/ppdegaliciaredes\\\/\"}]}<\/script>\n<!-- \/ Yoast SEO plugin. -->","yoast_head_json":{"title":"O Grupo Popular pedir\u00e1 no Pleno que o Goberno de Espa\u00f1a rexeite calquera proposta que implique unha reduci\u00f3n dos fondos europeos destinados aos sectores agr\u00edcola e gandeiro - PP de Galicia","description":"O Grupo Popular demandar\u00e1 no Pleno da vindeira semana que o Goberno central rexeite calquera proposta que implique unha reduci\u00f3n substancial dos fondos europeos destinados aos sectores agr\u00edcola e gandeiro, ao tempo que pedir\u00e1 consenso e participacion efectiva das comunidades aut\u00f3nomas na reforma do Estatuto Marco do persoal sanitario.","robots":{"index":"index","follow":"follow","max-snippet":"max-snippet:-1","max-image-preview":"max-image-preview:large","max-video-preview":"max-video-preview:-1"},"canonical":"https:\/\/ppdegalicia.com\/es\/o-grupo-popular-pedira-no-pleno-que-o-goberno-de-espana-rexeite-calquera-proposta-que-implique-unha-reducion-dos-fondos-europeos-destinados-aos-sectores-agricola-e-gandeiro\/","og_locale":"es_ES","og_type":"article","og_title":"O Grupo Popular pedir\u00e1 no Pleno que o Goberno de Espa\u00f1a rexeite calquera proposta que implique unha reduci\u00f3n dos fondos europeos destinados aos sectores agr\u00edcola e gandeiro - PP de Galicia","og_description":"O Grupo Popular demandar\u00e1 no Pleno da vindeira semana que o Goberno central rexeite calquera proposta que implique unha reduci\u00f3n substancial dos fondos europeos destinados aos sectores agr\u00edcola e gandeiro, ao tempo que pedir\u00e1 consenso e participacion efectiva das comunidades aut\u00f3nomas na reforma do Estatuto Marco do persoal sanitario.","og_url":"https:\/\/ppdegalicia.com\/es\/o-grupo-popular-pedira-no-pleno-que-o-goberno-de-espana-rexeite-calquera-proposta-que-implique-unha-reducion-dos-fondos-europeos-destinados-aos-sectores-agricola-e-gandeiro\/","og_site_name":"PP de Galicia","article_publisher":"https:\/\/www.instagram.com\/ppdegalicia\/","article_published_time":"2026-01-20T13:30:30+00:00","og_image":[{"width":2560,"height":1707,"url":"https:\/\/ppdegalicia.com\/wp-content\/uploads\/2026\/01\/20260120_Xunta_Portavoces7-scaled.jpg","type":"image\/jpeg"}],"author":"ppdegaliciaredes","twitter_card":"summary_large_image","twitter_creator":"@ppdegalicia","twitter_site":"@ppdegalicia","twitter_misc":{"Escrito por":"ppdegaliciaredes","Tiempo de lectura":"5 minutos"},"schema":{"@context":"https:\/\/schema.org","@graph":[{"@type":"Article","@id":"https:\/\/ppdegalicia.com\/es\/o-grupo-popular-pedira-no-pleno-que-o-goberno-de-espana-rexeite-calquera-proposta-que-implique-unha-reducion-dos-fondos-europeos-destinados-aos-sectores-agricola-e-gandeiro\/#article","isPartOf":{"@id":"https:\/\/ppdegalicia.com\/es\/o-grupo-popular-pedira-no-pleno-que-o-goberno-de-espana-rexeite-calquera-proposta-que-implique-unha-reducion-dos-fondos-europeos-destinados-aos-sectores-agricola-e-gandeiro\/"},"author":{"name":"ppdegaliciaredes","@id":"https:\/\/ppdegalicia.com\/es\/#\/schema\/person\/5b822c6f59e872ebdd1142f307dbcb59"},"headline":"O Grupo Popular pedir\u00e1 no Pleno que o Goberno de Espa\u00f1a rexeite calquera proposta que implique unha reduci\u00f3n dos fondos europeos destinados aos sectores agr\u00edcola e gandeiro","datePublished":"2026-01-20T13:30:30+00:00","mainEntityOfPage":{"@id":"https:\/\/ppdegalicia.com\/es\/o-grupo-popular-pedira-no-pleno-que-o-goberno-de-espana-rexeite-calquera-proposta-que-implique-unha-reducion-dos-fondos-europeos-destinados-aos-sectores-agricola-e-gandeiro\/"},"wordCount":871,"publisher":{"@id":"https:\/\/ppdegalicia.com\/es\/#organization"},"image":{"@id":"https:\/\/ppdegalicia.com\/es\/o-grupo-popular-pedira-no-pleno-que-o-goberno-de-espana-rexeite-calquera-proposta-que-implique-unha-reducion-dos-fondos-europeos-destinados-aos-sectores-agricola-e-gandeiro\/#primaryimage"},"thumbnailUrl":"https:\/\/ppdegalicia.com\/wp-content\/uploads\/2026\/01\/20260120_Xunta_Portavoces7-scaled.jpg","articleSection":["Parlamento de Galicia"],"inLanguage":"es"},{"@type":"WebPage","@id":"https:\/\/ppdegalicia.com\/es\/o-grupo-popular-pedira-no-pleno-que-o-goberno-de-espana-rexeite-calquera-proposta-que-implique-unha-reducion-dos-fondos-europeos-destinados-aos-sectores-agricola-e-gandeiro\/","url":"https:\/\/ppdegalicia.com\/es\/o-grupo-popular-pedira-no-pleno-que-o-goberno-de-espana-rexeite-calquera-proposta-que-implique-unha-reducion-dos-fondos-europeos-destinados-aos-sectores-agricola-e-gandeiro\/","name":"O Grupo Popular pedir\u00e1 no Pleno que o Goberno de Espa\u00f1a rexeite calquera proposta que implique unha reduci\u00f3n dos fondos europeos destinados aos sectores agr\u00edcola e gandeiro - PP de Galicia","isPartOf":{"@id":"https:\/\/ppdegalicia.com\/es\/#website"},"primaryImageOfPage":{"@id":"https:\/\/ppdegalicia.com\/es\/o-grupo-popular-pedira-no-pleno-que-o-goberno-de-espana-rexeite-calquera-proposta-que-implique-unha-reducion-dos-fondos-europeos-destinados-aos-sectores-agricola-e-gandeiro\/#primaryimage"},"image":{"@id":"https:\/\/ppdegalicia.com\/es\/o-grupo-popular-pedira-no-pleno-que-o-goberno-de-espana-rexeite-calquera-proposta-que-implique-unha-reducion-dos-fondos-europeos-destinados-aos-sectores-agricola-e-gandeiro\/#primaryimage"},"thumbnailUrl":"https:\/\/ppdegalicia.com\/wp-content\/uploads\/2026\/01\/20260120_Xunta_Portavoces7-scaled.jpg","datePublished":"2026-01-20T13:30:30+00:00","description":"O Grupo Popular demandar\u00e1 no Pleno da vindeira semana que o Goberno central rexeite calquera proposta que implique unha reduci\u00f3n substancial dos fondos europeos destinados aos sectores agr\u00edcola e gandeiro, ao tempo que pedir\u00e1 consenso e participacion efectiva das comunidades aut\u00f3nomas na reforma do Estatuto Marco do persoal sanitario.","breadcrumb":{"@id":"https:\/\/ppdegalicia.com\/es\/o-grupo-popular-pedira-no-pleno-que-o-goberno-de-espana-rexeite-calquera-proposta-que-implique-unha-reducion-dos-fondos-europeos-destinados-aos-sectores-agricola-e-gandeiro\/#breadcrumb"},"inLanguage":"es","potentialAction":[{"@type":"ReadAction","target":["https:\/\/ppdegalicia.com\/es\/o-grupo-popular-pedira-no-pleno-que-o-goberno-de-espana-rexeite-calquera-proposta-que-implique-unha-reducion-dos-fondos-europeos-destinados-aos-sectores-agricola-e-gandeiro\/"]}]},{"@type":"ImageObject","inLanguage":"es","@id":"https:\/\/ppdegalicia.com\/es\/o-grupo-popular-pedira-no-pleno-que-o-goberno-de-espana-rexeite-calquera-proposta-que-implique-unha-reducion-dos-fondos-europeos-destinados-aos-sectores-agricola-e-gandeiro\/#primaryimage","url":"https:\/\/ppdegalicia.com\/wp-content\/uploads\/2026\/01\/20260120_Xunta_Portavoces7-scaled.jpg","contentUrl":"https:\/\/ppdegalicia.com\/wp-content\/uploads\/2026\/01\/20260120_Xunta_Portavoces7-scaled.jpg","width":2560,"height":1707},{"@type":"BreadcrumbList","@id":"https:\/\/ppdegalicia.com\/es\/o-grupo-popular-pedira-no-pleno-que-o-goberno-de-espana-rexeite-calquera-proposta-que-implique-unha-reducion-dos-fondos-europeos-destinados-aos-sectores-agricola-e-gandeiro\/#breadcrumb","itemListElement":[{"@type":"ListItem","position":1,"name":"Portada","item":"https:\/\/ppdegalicia.com\/es\/"},{"@type":"ListItem","position":2,"name":"O Grupo Popular pedir\u00e1 no Pleno que o Goberno de Espa\u00f1a rexeite calquera proposta que implique unha reduci\u00f3n dos fondos europeos destinados aos sectores agr\u00edcola e gandeiro"}]},{"@type":"WebSite","@id":"https:\/\/ppdegalicia.com\/es\/#website","url":"https:\/\/ppdegalicia.com\/es\/","name":"Partido Popular de Galicia","description":"Partido Popular de Galicia","publisher":{"@id":"https:\/\/ppdegalicia.com\/es\/#organization"},"alternateName":"PP de Galicia","potentialAction":[{"@type":"SearchAction","target":{"@type":"EntryPoint","urlTemplate":"https:\/\/ppdegalicia.com\/es\/?s={search_term_string}"},"query-input":{"@type":"PropertyValueSpecification","valueRequired":true,"valueName":"search_term_string"}}],"inLanguage":"es"},{"@type":"Organization","@id":"https:\/\/ppdegalicia.com\/es\/#organization","name":"Partido Popular de Galicia","alternateName":"PP de Galicia","url":"https:\/\/ppdegalicia.com\/es\/","logo":{"@type":"ImageObject","inLanguage":"es","@id":"https:\/\/ppdegalicia.com\/es\/#\/schema\/logo\/image\/","url":"https:\/\/ppdegalicia.com\/wp-content\/uploads\/2023\/04\/logoPP512.png","contentUrl":"https:\/\/ppdegalicia.com\/wp-content\/uploads\/2023\/04\/logoPP512.png","width":512,"height":512,"caption":"Partido Popular de Galicia"},"image":{"@id":"https:\/\/ppdegalicia.com\/es\/#\/schema\/logo\/image\/"},"sameAs":["https:\/\/www.instagram.com\/ppdegalicia\/","https:\/\/x.com\/ppdegalicia","https:\/\/www.tiktok.com\/@ppdegalicia","https:\/\/www.youtube.com\/user\/ppdegalicia"]},{"@type":"Person","@id":"https:\/\/ppdegalicia.com\/es\/#\/schema\/person\/5b822c6f59e872ebdd1142f307dbcb59","name":"ppdegaliciaredes","image":{"@type":"ImageObject","inLanguage":"es","@id":"https:\/\/secure.gravatar.com\/avatar\/3c9179cf0256d00c72a48d1f25783c58b6842cd56e85ef3a572881c8e28ccd59?s=96&d=mm&r=g","url":"https:\/\/secure.gravatar.com\/avatar\/3c9179cf0256d00c72a48d1f25783c58b6842cd56e85ef3a572881c8e28ccd59?s=96&d=mm&r=g","contentUrl":"https:\/\/secure.gravatar.com\/avatar\/3c9179cf0256d00c72a48d1f25783c58b6842cd56e85ef3a572881c8e28ccd59?s=96&d=mm&r=g","caption":"ppdegaliciaredes"},"url":"https:\/\/ppdegalicia.com\/es\/author\/ppdegaliciaredes\/"}]}},"_links":{"self":[{"href":"https:\/\/ppdegalicia.com\/es\/wp-json\/wp\/v2\/posts\/69824","targetHints":{"allow":["GET"]}}],"collection":[{"href":"https:\/\/ppdegalicia.com\/es\/wp-json\/wp\/v2\/posts"}],"about":[{"href":"https:\/\/ppdegalicia.com\/es\/wp-json\/wp\/v2\/types\/post"}],"author":[{"embeddable":true,"href":"https:\/\/ppdegalicia.com\/es\/wp-json\/wp\/v2\/users\/38"}],"replies":[{"embeddable":true,"href":"https:\/\/ppdegalicia.com\/es\/wp-json\/wp\/v2\/comments?post=69824"}],"version-history":[{"count":1,"href":"https:\/\/ppdegalicia.com\/es\/wp-json\/wp\/v2\/posts\/69824\/revisions"}],"predecessor-version":[{"id":69827,"href":"https:\/\/ppdegalicia.com\/es\/wp-json\/wp\/v2\/posts\/69824\/revisions\/69827"}],"wp:featuredmedia":[{"embeddable":true,"href":"https:\/\/ppdegalicia.com\/es\/wp-json\/wp\/v2\/media\/69825"}],"wp:attachment":[{"href":"https:\/\/ppdegalicia.com\/es\/wp-json\/wp\/v2\/media?parent=69824"}],"wp:term":[{"taxonomy":"category","embeddable":true,"href":"https:\/\/ppdegalicia.com\/es\/wp-json\/wp\/v2\/categories?post=69824"},{"taxonomy":"post_tag","embeddable":true,"href":"https:\/\/ppdegalicia.com\/es\/wp-json\/wp\/v2\/tags?post=69824"}],"curies":[{"name":"wp","href":"https:\/\/api.w.org\/{rel}","templated":true}]}}