{"id":69832,"date":"2026-01-20T17:16:49","date_gmt":"2026-01-20T16:16:49","guid":{"rendered":"https:\/\/ppdegalicia.com\/?p=69832"},"modified":"2026-01-20T17:16:49","modified_gmt":"2026-01-20T16:16:49","slug":"o-parlamento-galego-demanda-ao-goberno-de-espana-que-reconeza-a-exencion-tributaria-aos-tripulantes-espanois-que-traballan-en-buques-de-bandeira-nacional-fora-de-augas-espanolas","status":"publish","type":"post","link":"https:\/\/ppdegalicia.com\/es\/o-parlamento-galego-demanda-ao-goberno-de-espana-que-reconeza-a-exencion-tributaria-aos-tripulantes-espanois-que-traballan-en-buques-de-bandeira-nacional-fora-de-augas-espanolas\/","title":{"rendered":"O Parlamento galego demanda ao Goberno de Espa\u00f1a que reco\u00f1eza a exenci\u00f3n tributaria aos tripulantes espa\u00f1ois que traballan en buques de bandeira nacional f\u00f3ra de augas espa\u00f1olas"},"content":{"rendered":"<p>O Parlamento de Galicia aprobou hoxe por unanimidade a proposici\u00f3n non de lei do Grupo Popular a trav\u00e9s da que se demanda ao Goberno de Espa\u00f1a que ampl\u00ede a exenci\u00f3n tributaria do artigo 7.p da Lei 35\/2006, do Imposto sobre a Renda das Persoas F\u00edsicas e de modificaci\u00f3n parcial das leis dos Impostos sobre Sociedades, sobre a Renda de non Residentes e sobre o Patrimonio, aos tripulantes espa\u00f1ois que traballen en buques de bandeira espa\u00f1ola que faenan f\u00f3ra das augas espa\u00f1olas co fin \u00faltimo de estimular a substituci\u00f3n xeracional.<\/p>\n<p>O portavoz popular do Mar, Miguel Fidalgo, explicou que o artigo 7.p da Lei do IRPF establece unha exenci\u00f3n fiscal de ata 60.100 euros anuais para os rendementos do traballo realizados efectivamente no estranxeiro, sempre que cumpran determinados requisitos. Por\u00e9n, lamentou que esta exenci\u00f3n \u201csi se aplica a mari\u00f1eiros espa\u00f1ois que traballan en buques de bandeira estranxeira ou para empresas non residentes, mesmo cando a empresa contratante \u00e9 espa\u00f1ola; pero quedan exclu\u00eddos os tripulantes de buques de bandeira espa\u00f1ola que faenan en augas internacionais ou estranxeiras quedan exclu\u00eddos, ao considerarse estes buques como extensi\u00f3n do territorio nacional\u201d.<\/p>\n<p><strong>TRIBUTACI\u00d3N DISTINTA PARA UN MESMO TRABALLO<\/strong><\/p>\n<p>\u201cEsta situaci\u00f3n xera unha discriminaci\u00f3n fiscal evidente, xa que mari\u00f1eiros que realizan o mesmo traballo, nos mesmos caladoiros e en id\u00e9nticas condici\u00f3ns tributan de forma moi distinta en funci\u00f3n da bandeira do buque\u201d, sinalou Miguel Fidalgo.<\/p>\n<p>Neste sentido, o portavoz popular apuntou que o Tribunal Superior de Xustiza de Galicia \u201cleva anos reco\u00f1ecendo a exenci\u00f3n cando o traballo se realiza en augas estranxeiras, pero unha sentenza recente do Tribunal Supremo do pasado mes de abril d\u00e9ixao moi claro: reco\u00f1ece a aplicaci\u00f3n da exenci\u00f3n do artigo 7.p a tripulantes da Armada Espa\u00f1ola embarcados en buques de bandeira espa\u00f1ola en augas internacionais\u201d.<\/p>\n<p>\u201cLamentablemente, a negativa do Goberno de Espa\u00f1a a adaptar a normativa est\u00e1 a provocar a fuga masiva de mari\u00f1eiros cara a buques de bandeira francesa, irlandesa ou brit\u00e1nica, cun aforro fiscal estimado de entre 30.000 e 35.000 euros anuais, unha situaci\u00f3n que agrava a falta de persoal cualificado e facendo inviable o relevo xeracional na frota espa\u00f1ola, especialmente en Galicia\u201d.<\/p>\n","protected":false},"excerpt":{"rendered":"<p>O Parlamento de Galicia aprobou hoxe por unanimidade a proposici\u00f3n non de lei do Grupo Popular a trav\u00e9s da que se demanda ao Goberno de Espa\u00f1a que ampl\u00ede a exenci\u00f3n tributaria do artigo 7.p da Lei 35\/2006, do Imposto sobre a Renda das Persoas F\u00edsicas e de modificaci\u00f3n parcial das leis dos Impostos sobre Sociedades, [&hellip;]<\/p>\n","protected":false},"author":38,"featured_media":69833,"comment_status":"closed","ping_status":"open","sticky":false,"template":"","format":"standard","meta":{"_acf_changed":false,"footnotes":""},"categories":[1128],"tags":[],"class_list":["post-69832","post","type-post","status-publish","format-standard","has-post-thumbnail","hentry","category-actualidad-parlamento-de-galicia"],"acf":[],"yoast_head":"<!-- This site is optimized with the Yoast SEO plugin v27.3 - https:\/\/yoast.com\/product\/yoast-seo-wordpress\/ -->\n<title>O Parlamento galego demanda ao Goberno de Espa\u00f1a que reco\u00f1eza a exenci\u00f3n tributaria aos tripulantes espa\u00f1ois que traballan en buques de bandeira nacional f\u00f3ra de augas espa\u00f1olas - PP de Galicia<\/title>\n<meta name=\"description\" content=\"O Parlamento de Galicia aprobou hoxe por unanimidade a proposici\u00f3n non de lei do Grupo Popular a trav\u00e9s da que se demanda ao Goberno de Espa\u00f1a que ampl\u00ede a exenci\u00f3n tributaria do artigo 7.p da Lei 35\/2006, do Imposto sobre a Renda das Persoas F\u00edsicas e de modificaci\u00f3n parcial das leis dos Impostos sobre Sociedades, sobre a Renda de non Residentes e sobre o Patrimonio, aos tripulantes espa\u00f1ois que traballen en buques de bandeira espa\u00f1ola que faenan f\u00f3ra das augas espa\u00f1olas co fin \u00faltimo de estimular a substituci\u00f3n xeracional.\" \/>\n<meta name=\"robots\" content=\"index, follow, max-snippet:-1, max-image-preview:large, max-video-preview:-1\" \/>\n<link rel=\"canonical\" href=\"https:\/\/ppdegalicia.com\/es\/o-parlamento-galego-demanda-ao-goberno-de-espana-que-reconeza-a-exencion-tributaria-aos-tripulantes-espanois-que-traballan-en-buques-de-bandeira-nacional-fora-de-augas-espanolas\/\" \/>\n<meta property=\"og:locale\" content=\"es_ES\" \/>\n<meta property=\"og:type\" content=\"article\" \/>\n<meta property=\"og:title\" content=\"O Parlamento galego demanda ao Goberno de Espa\u00f1a que reco\u00f1eza a exenci\u00f3n tributaria aos tripulantes espa\u00f1ois que traballan en buques de bandeira nacional f\u00f3ra de augas espa\u00f1olas - PP de Galicia\" \/>\n<meta property=\"og:description\" content=\"O Parlamento de Galicia aprobou hoxe por unanimidade a proposici\u00f3n non de lei do Grupo Popular a trav\u00e9s da que se demanda ao Goberno de Espa\u00f1a que ampl\u00ede a exenci\u00f3n tributaria do artigo 7.p da Lei 35\/2006, do Imposto sobre a Renda das Persoas F\u00edsicas e de modificaci\u00f3n parcial das leis dos Impostos sobre Sociedades, sobre a Renda de non Residentes e sobre o Patrimonio, aos tripulantes espa\u00f1ois que traballen en buques de bandeira espa\u00f1ola que faenan f\u00f3ra das augas espa\u00f1olas co fin \u00faltimo de estimular a substituci\u00f3n xeracional.\" \/>\n<meta property=\"og:url\" content=\"https:\/\/ppdegalicia.com\/es\/o-parlamento-galego-demanda-ao-goberno-de-espana-que-reconeza-a-exencion-tributaria-aos-tripulantes-espanois-que-traballan-en-buques-de-bandeira-nacional-fora-de-augas-espanolas\/\" \/>\n<meta property=\"og:site_name\" content=\"PP de Galicia\" \/>\n<meta property=\"article:publisher\" content=\"https:\/\/www.instagram.com\/ppdegalicia\/\" \/>\n<meta property=\"article:published_time\" content=\"2026-01-20T16:16:49+00:00\" \/>\n<meta property=\"og:image\" content=\"https:\/\/ppdegalicia.com\/wp-content\/uploads\/2026\/01\/20260120_Xunta_Portavoces22-scaled.jpg\" \/>\n\t<meta property=\"og:image:width\" content=\"2560\" \/>\n\t<meta property=\"og:image:height\" content=\"1707\" \/>\n\t<meta property=\"og:image:type\" content=\"image\/jpeg\" \/>\n<meta name=\"author\" content=\"ppdegaliciaredes\" \/>\n<meta name=\"twitter:card\" content=\"summary_large_image\" \/>\n<meta name=\"twitter:creator\" content=\"@ppdegalicia\" \/>\n<meta name=\"twitter:site\" content=\"@ppdegalicia\" \/>\n<meta name=\"twitter:label1\" content=\"Escrito por\" \/>\n\t<meta name=\"twitter:data1\" content=\"ppdegaliciaredes\" \/>\n\t<meta name=\"twitter:label2\" content=\"Tiempo de lectura\" \/>\n\t<meta name=\"twitter:data2\" content=\"3 minutos\" \/>\n<script type=\"application\/ld+json\" class=\"yoast-schema-graph\">{\"@context\":\"https:\\\/\\\/schema.org\",\"@graph\":[{\"@type\":\"Article\",\"@id\":\"https:\\\/\\\/ppdegalicia.com\\\/es\\\/o-parlamento-galego-demanda-ao-goberno-de-espana-que-reconeza-a-exencion-tributaria-aos-tripulantes-espanois-que-traballan-en-buques-de-bandeira-nacional-fora-de-augas-espanolas\\\/#article\",\"isPartOf\":{\"@id\":\"https:\\\/\\\/ppdegalicia.com\\\/es\\\/o-parlamento-galego-demanda-ao-goberno-de-espana-que-reconeza-a-exencion-tributaria-aos-tripulantes-espanois-que-traballan-en-buques-de-bandeira-nacional-fora-de-augas-espanolas\\\/\"},\"author\":{\"name\":\"ppdegaliciaredes\",\"@id\":\"https:\\\/\\\/ppdegalicia.com\\\/es\\\/#\\\/schema\\\/person\\\/5b822c6f59e872ebdd1142f307dbcb59\"},\"headline\":\"O Parlamento galego demanda ao Goberno de Espa\u00f1a que reco\u00f1eza a exenci\u00f3n tributaria aos tripulantes espa\u00f1ois que traballan en buques de bandeira nacional f\u00f3ra de augas espa\u00f1olas\",\"datePublished\":\"2026-01-20T16:16:49+00:00\",\"mainEntityOfPage\":{\"@id\":\"https:\\\/\\\/ppdegalicia.com\\\/es\\\/o-parlamento-galego-demanda-ao-goberno-de-espana-que-reconeza-a-exencion-tributaria-aos-tripulantes-espanois-que-traballan-en-buques-de-bandeira-nacional-fora-de-augas-espanolas\\\/\"},\"wordCount\":422,\"publisher\":{\"@id\":\"https:\\\/\\\/ppdegalicia.com\\\/es\\\/#organization\"},\"image\":{\"@id\":\"https:\\\/\\\/ppdegalicia.com\\\/es\\\/o-parlamento-galego-demanda-ao-goberno-de-espana-que-reconeza-a-exencion-tributaria-aos-tripulantes-espanois-que-traballan-en-buques-de-bandeira-nacional-fora-de-augas-espanolas\\\/#primaryimage\"},\"thumbnailUrl\":\"https:\\\/\\\/ppdegalicia.com\\\/wp-content\\\/uploads\\\/2026\\\/01\\\/20260120_Xunta_Portavoces22-scaled.jpg\",\"articleSection\":[\"Parlamento de Galicia\"],\"inLanguage\":\"es\"},{\"@type\":\"WebPage\",\"@id\":\"https:\\\/\\\/ppdegalicia.com\\\/es\\\/o-parlamento-galego-demanda-ao-goberno-de-espana-que-reconeza-a-exencion-tributaria-aos-tripulantes-espanois-que-traballan-en-buques-de-bandeira-nacional-fora-de-augas-espanolas\\\/\",\"url\":\"https:\\\/\\\/ppdegalicia.com\\\/es\\\/o-parlamento-galego-demanda-ao-goberno-de-espana-que-reconeza-a-exencion-tributaria-aos-tripulantes-espanois-que-traballan-en-buques-de-bandeira-nacional-fora-de-augas-espanolas\\\/\",\"name\":\"O Parlamento galego demanda ao Goberno de Espa\u00f1a que reco\u00f1eza a exenci\u00f3n tributaria aos tripulantes espa\u00f1ois que traballan en buques de bandeira nacional f\u00f3ra de augas espa\u00f1olas - PP de Galicia\",\"isPartOf\":{\"@id\":\"https:\\\/\\\/ppdegalicia.com\\\/es\\\/#website\"},\"primaryImageOfPage\":{\"@id\":\"https:\\\/\\\/ppdegalicia.com\\\/es\\\/o-parlamento-galego-demanda-ao-goberno-de-espana-que-reconeza-a-exencion-tributaria-aos-tripulantes-espanois-que-traballan-en-buques-de-bandeira-nacional-fora-de-augas-espanolas\\\/#primaryimage\"},\"image\":{\"@id\":\"https:\\\/\\\/ppdegalicia.com\\\/es\\\/o-parlamento-galego-demanda-ao-goberno-de-espana-que-reconeza-a-exencion-tributaria-aos-tripulantes-espanois-que-traballan-en-buques-de-bandeira-nacional-fora-de-augas-espanolas\\\/#primaryimage\"},\"thumbnailUrl\":\"https:\\\/\\\/ppdegalicia.com\\\/wp-content\\\/uploads\\\/2026\\\/01\\\/20260120_Xunta_Portavoces22-scaled.jpg\",\"datePublished\":\"2026-01-20T16:16:49+00:00\",\"description\":\"O Parlamento de Galicia aprobou hoxe por unanimidade a proposici\u00f3n non de lei do Grupo Popular a trav\u00e9s da que se demanda ao Goberno de Espa\u00f1a que ampl\u00ede a exenci\u00f3n tributaria do artigo 7.p da Lei 35\\\/2006, do Imposto sobre a Renda das Persoas F\u00edsicas e de modificaci\u00f3n parcial das leis dos Impostos sobre Sociedades, sobre a Renda de non Residentes e sobre o Patrimonio, aos tripulantes espa\u00f1ois que traballen en buques de bandeira espa\u00f1ola que faenan f\u00f3ra das augas espa\u00f1olas co fin \u00faltimo de estimular a substituci\u00f3n xeracional.\",\"breadcrumb\":{\"@id\":\"https:\\\/\\\/ppdegalicia.com\\\/es\\\/o-parlamento-galego-demanda-ao-goberno-de-espana-que-reconeza-a-exencion-tributaria-aos-tripulantes-espanois-que-traballan-en-buques-de-bandeira-nacional-fora-de-augas-espanolas\\\/#breadcrumb\"},\"inLanguage\":\"es\",\"potentialAction\":[{\"@type\":\"ReadAction\",\"target\":[\"https:\\\/\\\/ppdegalicia.com\\\/es\\\/o-parlamento-galego-demanda-ao-goberno-de-espana-que-reconeza-a-exencion-tributaria-aos-tripulantes-espanois-que-traballan-en-buques-de-bandeira-nacional-fora-de-augas-espanolas\\\/\"]}]},{\"@type\":\"ImageObject\",\"inLanguage\":\"es\",\"@id\":\"https:\\\/\\\/ppdegalicia.com\\\/es\\\/o-parlamento-galego-demanda-ao-goberno-de-espana-que-reconeza-a-exencion-tributaria-aos-tripulantes-espanois-que-traballan-en-buques-de-bandeira-nacional-fora-de-augas-espanolas\\\/#primaryimage\",\"url\":\"https:\\\/\\\/ppdegalicia.com\\\/wp-content\\\/uploads\\\/2026\\\/01\\\/20260120_Xunta_Portavoces22-scaled.jpg\",\"contentUrl\":\"https:\\\/\\\/ppdegalicia.com\\\/wp-content\\\/uploads\\\/2026\\\/01\\\/20260120_Xunta_Portavoces22-scaled.jpg\",\"width\":2560,\"height\":1707},{\"@type\":\"BreadcrumbList\",\"@id\":\"https:\\\/\\\/ppdegalicia.com\\\/es\\\/o-parlamento-galego-demanda-ao-goberno-de-espana-que-reconeza-a-exencion-tributaria-aos-tripulantes-espanois-que-traballan-en-buques-de-bandeira-nacional-fora-de-augas-espanolas\\\/#breadcrumb\",\"itemListElement\":[{\"@type\":\"ListItem\",\"position\":1,\"name\":\"Portada\",\"item\":\"https:\\\/\\\/ppdegalicia.com\\\/es\\\/\"},{\"@type\":\"ListItem\",\"position\":2,\"name\":\"O Parlamento galego demanda ao Goberno de Espa\u00f1a que reco\u00f1eza a exenci\u00f3n tributaria aos tripulantes espa\u00f1ois que traballan en buques de bandeira nacional f\u00f3ra de augas espa\u00f1olas\"}]},{\"@type\":\"WebSite\",\"@id\":\"https:\\\/\\\/ppdegalicia.com\\\/es\\\/#website\",\"url\":\"https:\\\/\\\/ppdegalicia.com\\\/es\\\/\",\"name\":\"Partido Popular de Galicia\",\"description\":\"Partido Popular de Galicia\",\"publisher\":{\"@id\":\"https:\\\/\\\/ppdegalicia.com\\\/es\\\/#organization\"},\"alternateName\":\"PP de Galicia\",\"potentialAction\":[{\"@type\":\"SearchAction\",\"target\":{\"@type\":\"EntryPoint\",\"urlTemplate\":\"https:\\\/\\\/ppdegalicia.com\\\/es\\\/?s={search_term_string}\"},\"query-input\":{\"@type\":\"PropertyValueSpecification\",\"valueRequired\":true,\"valueName\":\"search_term_string\"}}],\"inLanguage\":\"es\"},{\"@type\":\"Organization\",\"@id\":\"https:\\\/\\\/ppdegalicia.com\\\/es\\\/#organization\",\"name\":\"Partido Popular de Galicia\",\"alternateName\":\"PP de Galicia\",\"url\":\"https:\\\/\\\/ppdegalicia.com\\\/es\\\/\",\"logo\":{\"@type\":\"ImageObject\",\"inLanguage\":\"es\",\"@id\":\"https:\\\/\\\/ppdegalicia.com\\\/es\\\/#\\\/schema\\\/logo\\\/image\\\/\",\"url\":\"https:\\\/\\\/ppdegalicia.com\\\/wp-content\\\/uploads\\\/2023\\\/04\\\/logoPP512.png\",\"contentUrl\":\"https:\\\/\\\/ppdegalicia.com\\\/wp-content\\\/uploads\\\/2023\\\/04\\\/logoPP512.png\",\"width\":512,\"height\":512,\"caption\":\"Partido Popular de Galicia\"},\"image\":{\"@id\":\"https:\\\/\\\/ppdegalicia.com\\\/es\\\/#\\\/schema\\\/logo\\\/image\\\/\"},\"sameAs\":[\"https:\\\/\\\/www.instagram.com\\\/ppdegalicia\\\/\",\"https:\\\/\\\/x.com\\\/ppdegalicia\",\"https:\\\/\\\/www.tiktok.com\\\/@ppdegalicia\",\"https:\\\/\\\/www.youtube.com\\\/user\\\/ppdegalicia\"]},{\"@type\":\"Person\",\"@id\":\"https:\\\/\\\/ppdegalicia.com\\\/es\\\/#\\\/schema\\\/person\\\/5b822c6f59e872ebdd1142f307dbcb59\",\"name\":\"ppdegaliciaredes\",\"image\":{\"@type\":\"ImageObject\",\"inLanguage\":\"es\",\"@id\":\"https:\\\/\\\/secure.gravatar.com\\\/avatar\\\/3c9179cf0256d00c72a48d1f25783c58b6842cd56e85ef3a572881c8e28ccd59?s=96&d=mm&r=g\",\"url\":\"https:\\\/\\\/secure.gravatar.com\\\/avatar\\\/3c9179cf0256d00c72a48d1f25783c58b6842cd56e85ef3a572881c8e28ccd59?s=96&d=mm&r=g\",\"contentUrl\":\"https:\\\/\\\/secure.gravatar.com\\\/avatar\\\/3c9179cf0256d00c72a48d1f25783c58b6842cd56e85ef3a572881c8e28ccd59?s=96&d=mm&r=g\",\"caption\":\"ppdegaliciaredes\"},\"url\":\"https:\\\/\\\/ppdegalicia.com\\\/es\\\/author\\\/ppdegaliciaredes\\\/\"}]}<\/script>\n<!-- \/ Yoast SEO plugin. -->","yoast_head_json":{"title":"O Parlamento galego demanda ao Goberno de Espa\u00f1a que reco\u00f1eza a exenci\u00f3n tributaria aos tripulantes espa\u00f1ois que traballan en buques de bandeira nacional f\u00f3ra de augas espa\u00f1olas - PP de Galicia","description":"O Parlamento de Galicia aprobou hoxe por unanimidade a proposici\u00f3n non de lei do Grupo Popular a trav\u00e9s da que se demanda ao Goberno de Espa\u00f1a que ampl\u00ede a exenci\u00f3n tributaria do artigo 7.p da Lei 35\/2006, do Imposto sobre a Renda das Persoas F\u00edsicas e de modificaci\u00f3n parcial das leis dos Impostos sobre Sociedades, sobre a Renda de non Residentes e sobre o Patrimonio, aos tripulantes espa\u00f1ois que traballen en buques de bandeira espa\u00f1ola que faenan f\u00f3ra das augas espa\u00f1olas co fin \u00faltimo de estimular a substituci\u00f3n xeracional.","robots":{"index":"index","follow":"follow","max-snippet":"max-snippet:-1","max-image-preview":"max-image-preview:large","max-video-preview":"max-video-preview:-1"},"canonical":"https:\/\/ppdegalicia.com\/es\/o-parlamento-galego-demanda-ao-goberno-de-espana-que-reconeza-a-exencion-tributaria-aos-tripulantes-espanois-que-traballan-en-buques-de-bandeira-nacional-fora-de-augas-espanolas\/","og_locale":"es_ES","og_type":"article","og_title":"O Parlamento galego demanda ao Goberno de Espa\u00f1a que reco\u00f1eza a exenci\u00f3n tributaria aos tripulantes espa\u00f1ois que traballan en buques de bandeira nacional f\u00f3ra de augas espa\u00f1olas - PP de Galicia","og_description":"O Parlamento de Galicia aprobou hoxe por unanimidade a proposici\u00f3n non de lei do Grupo Popular a trav\u00e9s da que se demanda ao Goberno de Espa\u00f1a que ampl\u00ede a exenci\u00f3n tributaria do artigo 7.p da Lei 35\/2006, do Imposto sobre a Renda das Persoas F\u00edsicas e de modificaci\u00f3n parcial das leis dos Impostos sobre Sociedades, sobre a Renda de non Residentes e sobre o Patrimonio, aos tripulantes espa\u00f1ois que traballen en buques de bandeira espa\u00f1ola que faenan f\u00f3ra das augas espa\u00f1olas co fin \u00faltimo de estimular a substituci\u00f3n xeracional.","og_url":"https:\/\/ppdegalicia.com\/es\/o-parlamento-galego-demanda-ao-goberno-de-espana-que-reconeza-a-exencion-tributaria-aos-tripulantes-espanois-que-traballan-en-buques-de-bandeira-nacional-fora-de-augas-espanolas\/","og_site_name":"PP de Galicia","article_publisher":"https:\/\/www.instagram.com\/ppdegalicia\/","article_published_time":"2026-01-20T16:16:49+00:00","og_image":[{"width":2560,"height":1707,"url":"https:\/\/ppdegalicia.com\/wp-content\/uploads\/2026\/01\/20260120_Xunta_Portavoces22-scaled.jpg","type":"image\/jpeg"}],"author":"ppdegaliciaredes","twitter_card":"summary_large_image","twitter_creator":"@ppdegalicia","twitter_site":"@ppdegalicia","twitter_misc":{"Escrito por":"ppdegaliciaredes","Tiempo de lectura":"3 minutos"},"schema":{"@context":"https:\/\/schema.org","@graph":[{"@type":"Article","@id":"https:\/\/ppdegalicia.com\/es\/o-parlamento-galego-demanda-ao-goberno-de-espana-que-reconeza-a-exencion-tributaria-aos-tripulantes-espanois-que-traballan-en-buques-de-bandeira-nacional-fora-de-augas-espanolas\/#article","isPartOf":{"@id":"https:\/\/ppdegalicia.com\/es\/o-parlamento-galego-demanda-ao-goberno-de-espana-que-reconeza-a-exencion-tributaria-aos-tripulantes-espanois-que-traballan-en-buques-de-bandeira-nacional-fora-de-augas-espanolas\/"},"author":{"name":"ppdegaliciaredes","@id":"https:\/\/ppdegalicia.com\/es\/#\/schema\/person\/5b822c6f59e872ebdd1142f307dbcb59"},"headline":"O Parlamento galego demanda ao Goberno de Espa\u00f1a que reco\u00f1eza a exenci\u00f3n tributaria aos tripulantes espa\u00f1ois que traballan en buques de bandeira nacional f\u00f3ra de augas espa\u00f1olas","datePublished":"2026-01-20T16:16:49+00:00","mainEntityOfPage":{"@id":"https:\/\/ppdegalicia.com\/es\/o-parlamento-galego-demanda-ao-goberno-de-espana-que-reconeza-a-exencion-tributaria-aos-tripulantes-espanois-que-traballan-en-buques-de-bandeira-nacional-fora-de-augas-espanolas\/"},"wordCount":422,"publisher":{"@id":"https:\/\/ppdegalicia.com\/es\/#organization"},"image":{"@id":"https:\/\/ppdegalicia.com\/es\/o-parlamento-galego-demanda-ao-goberno-de-espana-que-reconeza-a-exencion-tributaria-aos-tripulantes-espanois-que-traballan-en-buques-de-bandeira-nacional-fora-de-augas-espanolas\/#primaryimage"},"thumbnailUrl":"https:\/\/ppdegalicia.com\/wp-content\/uploads\/2026\/01\/20260120_Xunta_Portavoces22-scaled.jpg","articleSection":["Parlamento de Galicia"],"inLanguage":"es"},{"@type":"WebPage","@id":"https:\/\/ppdegalicia.com\/es\/o-parlamento-galego-demanda-ao-goberno-de-espana-que-reconeza-a-exencion-tributaria-aos-tripulantes-espanois-que-traballan-en-buques-de-bandeira-nacional-fora-de-augas-espanolas\/","url":"https:\/\/ppdegalicia.com\/es\/o-parlamento-galego-demanda-ao-goberno-de-espana-que-reconeza-a-exencion-tributaria-aos-tripulantes-espanois-que-traballan-en-buques-de-bandeira-nacional-fora-de-augas-espanolas\/","name":"O Parlamento galego demanda ao Goberno de Espa\u00f1a que reco\u00f1eza a exenci\u00f3n tributaria aos tripulantes espa\u00f1ois que traballan en buques de bandeira nacional f\u00f3ra de augas espa\u00f1olas - PP de Galicia","isPartOf":{"@id":"https:\/\/ppdegalicia.com\/es\/#website"},"primaryImageOfPage":{"@id":"https:\/\/ppdegalicia.com\/es\/o-parlamento-galego-demanda-ao-goberno-de-espana-que-reconeza-a-exencion-tributaria-aos-tripulantes-espanois-que-traballan-en-buques-de-bandeira-nacional-fora-de-augas-espanolas\/#primaryimage"},"image":{"@id":"https:\/\/ppdegalicia.com\/es\/o-parlamento-galego-demanda-ao-goberno-de-espana-que-reconeza-a-exencion-tributaria-aos-tripulantes-espanois-que-traballan-en-buques-de-bandeira-nacional-fora-de-augas-espanolas\/#primaryimage"},"thumbnailUrl":"https:\/\/ppdegalicia.com\/wp-content\/uploads\/2026\/01\/20260120_Xunta_Portavoces22-scaled.jpg","datePublished":"2026-01-20T16:16:49+00:00","description":"O Parlamento de Galicia aprobou hoxe por unanimidade a proposici\u00f3n non de lei do Grupo Popular a trav\u00e9s da que se demanda ao Goberno de Espa\u00f1a que ampl\u00ede a exenci\u00f3n tributaria do artigo 7.p da Lei 35\/2006, do Imposto sobre a Renda das Persoas F\u00edsicas e de modificaci\u00f3n parcial das leis dos Impostos sobre Sociedades, sobre a Renda de non Residentes e sobre o Patrimonio, aos tripulantes espa\u00f1ois que traballen en buques de bandeira espa\u00f1ola que faenan f\u00f3ra das augas espa\u00f1olas co fin \u00faltimo de estimular a substituci\u00f3n xeracional.","breadcrumb":{"@id":"https:\/\/ppdegalicia.com\/es\/o-parlamento-galego-demanda-ao-goberno-de-espana-que-reconeza-a-exencion-tributaria-aos-tripulantes-espanois-que-traballan-en-buques-de-bandeira-nacional-fora-de-augas-espanolas\/#breadcrumb"},"inLanguage":"es","potentialAction":[{"@type":"ReadAction","target":["https:\/\/ppdegalicia.com\/es\/o-parlamento-galego-demanda-ao-goberno-de-espana-que-reconeza-a-exencion-tributaria-aos-tripulantes-espanois-que-traballan-en-buques-de-bandeira-nacional-fora-de-augas-espanolas\/"]}]},{"@type":"ImageObject","inLanguage":"es","@id":"https:\/\/ppdegalicia.com\/es\/o-parlamento-galego-demanda-ao-goberno-de-espana-que-reconeza-a-exencion-tributaria-aos-tripulantes-espanois-que-traballan-en-buques-de-bandeira-nacional-fora-de-augas-espanolas\/#primaryimage","url":"https:\/\/ppdegalicia.com\/wp-content\/uploads\/2026\/01\/20260120_Xunta_Portavoces22-scaled.jpg","contentUrl":"https:\/\/ppdegalicia.com\/wp-content\/uploads\/2026\/01\/20260120_Xunta_Portavoces22-scaled.jpg","width":2560,"height":1707},{"@type":"BreadcrumbList","@id":"https:\/\/ppdegalicia.com\/es\/o-parlamento-galego-demanda-ao-goberno-de-espana-que-reconeza-a-exencion-tributaria-aos-tripulantes-espanois-que-traballan-en-buques-de-bandeira-nacional-fora-de-augas-espanolas\/#breadcrumb","itemListElement":[{"@type":"ListItem","position":1,"name":"Portada","item":"https:\/\/ppdegalicia.com\/es\/"},{"@type":"ListItem","position":2,"name":"O Parlamento galego demanda ao Goberno de Espa\u00f1a que reco\u00f1eza a exenci\u00f3n tributaria aos tripulantes espa\u00f1ois que traballan en buques de bandeira nacional f\u00f3ra de augas espa\u00f1olas"}]},{"@type":"WebSite","@id":"https:\/\/ppdegalicia.com\/es\/#website","url":"https:\/\/ppdegalicia.com\/es\/","name":"Partido Popular de Galicia","description":"Partido Popular de Galicia","publisher":{"@id":"https:\/\/ppdegalicia.com\/es\/#organization"},"alternateName":"PP de Galicia","potentialAction":[{"@type":"SearchAction","target":{"@type":"EntryPoint","urlTemplate":"https:\/\/ppdegalicia.com\/es\/?s={search_term_string}"},"query-input":{"@type":"PropertyValueSpecification","valueRequired":true,"valueName":"search_term_string"}}],"inLanguage":"es"},{"@type":"Organization","@id":"https:\/\/ppdegalicia.com\/es\/#organization","name":"Partido Popular de Galicia","alternateName":"PP de Galicia","url":"https:\/\/ppdegalicia.com\/es\/","logo":{"@type":"ImageObject","inLanguage":"es","@id":"https:\/\/ppdegalicia.com\/es\/#\/schema\/logo\/image\/","url":"https:\/\/ppdegalicia.com\/wp-content\/uploads\/2023\/04\/logoPP512.png","contentUrl":"https:\/\/ppdegalicia.com\/wp-content\/uploads\/2023\/04\/logoPP512.png","width":512,"height":512,"caption":"Partido Popular de Galicia"},"image":{"@id":"https:\/\/ppdegalicia.com\/es\/#\/schema\/logo\/image\/"},"sameAs":["https:\/\/www.instagram.com\/ppdegalicia\/","https:\/\/x.com\/ppdegalicia","https:\/\/www.tiktok.com\/@ppdegalicia","https:\/\/www.youtube.com\/user\/ppdegalicia"]},{"@type":"Person","@id":"https:\/\/ppdegalicia.com\/es\/#\/schema\/person\/5b822c6f59e872ebdd1142f307dbcb59","name":"ppdegaliciaredes","image":{"@type":"ImageObject","inLanguage":"es","@id":"https:\/\/secure.gravatar.com\/avatar\/3c9179cf0256d00c72a48d1f25783c58b6842cd56e85ef3a572881c8e28ccd59?s=96&d=mm&r=g","url":"https:\/\/secure.gravatar.com\/avatar\/3c9179cf0256d00c72a48d1f25783c58b6842cd56e85ef3a572881c8e28ccd59?s=96&d=mm&r=g","contentUrl":"https:\/\/secure.gravatar.com\/avatar\/3c9179cf0256d00c72a48d1f25783c58b6842cd56e85ef3a572881c8e28ccd59?s=96&d=mm&r=g","caption":"ppdegaliciaredes"},"url":"https:\/\/ppdegalicia.com\/es\/author\/ppdegaliciaredes\/"}]}},"_links":{"self":[{"href":"https:\/\/ppdegalicia.com\/es\/wp-json\/wp\/v2\/posts\/69832","targetHints":{"allow":["GET"]}}],"collection":[{"href":"https:\/\/ppdegalicia.com\/es\/wp-json\/wp\/v2\/posts"}],"about":[{"href":"https:\/\/ppdegalicia.com\/es\/wp-json\/wp\/v2\/types\/post"}],"author":[{"embeddable":true,"href":"https:\/\/ppdegalicia.com\/es\/wp-json\/wp\/v2\/users\/38"}],"replies":[{"embeddable":true,"href":"https:\/\/ppdegalicia.com\/es\/wp-json\/wp\/v2\/comments?post=69832"}],"version-history":[{"count":1,"href":"https:\/\/ppdegalicia.com\/es\/wp-json\/wp\/v2\/posts\/69832\/revisions"}],"predecessor-version":[{"id":69835,"href":"https:\/\/ppdegalicia.com\/es\/wp-json\/wp\/v2\/posts\/69832\/revisions\/69835"}],"wp:featuredmedia":[{"embeddable":true,"href":"https:\/\/ppdegalicia.com\/es\/wp-json\/wp\/v2\/media\/69833"}],"wp:attachment":[{"href":"https:\/\/ppdegalicia.com\/es\/wp-json\/wp\/v2\/media?parent=69832"}],"wp:term":[{"taxonomy":"category","embeddable":true,"href":"https:\/\/ppdegalicia.com\/es\/wp-json\/wp\/v2\/categories?post=69832"},{"taxonomy":"post_tag","embeddable":true,"href":"https:\/\/ppdegalicia.com\/es\/wp-json\/wp\/v2\/tags?post=69832"}],"curies":[{"name":"wp","href":"https:\/\/api.w.org\/{rel}","templated":true}]}}