{"id":69836,"date":"2026-01-20T17:33:23","date_gmt":"2026-01-20T16:33:23","guid":{"rendered":"https:\/\/ppdegalicia.com\/?p=69836"},"modified":"2026-01-20T17:33:23","modified_gmt":"2026-01-20T16:33:23","slug":"o-parlamento-de-galicia-solicita-ao-goberno-central-que-defenda-en-europa-a-flexibilizacion-e-adaptacion-do-regulamento-de-pesca-a-flota-costeira-artesanal","status":"publish","type":"post","link":"https:\/\/ppdegalicia.com\/es\/o-parlamento-de-galicia-solicita-ao-goberno-central-que-defenda-en-europa-a-flexibilizacion-e-adaptacion-do-regulamento-de-pesca-a-flota-costeira-artesanal\/","title":{"rendered":"O Parlamento de Galicia solicita ao Goberno central que defenda en Europa a flexibilizaci\u00f3n e adaptaci\u00f3n do Regulamento de Pesca \u00e1 flota costeira artesanal"},"content":{"rendered":"<p>O Parlamento de Galicia aprobou hoxe a proposici\u00f3n non de lei do Grupo Popular, sen o apoio dos deputados do BNG, a trav\u00e9s da que se demanda ao Goberno de Espa\u00f1a que defenda ante a Comisi\u00f3n Europea a necesidade de establecer per\u00edodos de adaptaci\u00f3n razoables e medidas de flexibilidade para o cumprimento por parte das flotas de pequena escala do Regulamento que revisa de maneira profunda o r\u00e9xime de control da Pol\u00edtica Pesqueira Com\u00fan e imp\u00f3n novas obrigas en materia de seguimento, notificaci\u00f3n electr\u00f3nica, localizaci\u00f3n, trazabilidade dixital e control das actividades pesqueiras, particularmente en territorios como Galicia onde a pesca artesanal ten un peso estrutural no tecido econ\u00f3mico e social.<\/p>\n<p>A iniciativa incl\u00fae, ademais, a solicitude ao Goberno central para que po\u00f1a en marcha con car\u00e1cter inmediato un programa de apoio espec\u00edfico, que incl\u00faa financiamento para a adquisici\u00f3n de equipos electr\u00f3nicos, formaci\u00f3n e asistencia t\u00e9cnica, dirixido \u00e1s embarcaci\u00f3ns de pequena eslora, garantindo que ningunha quede exclu\u00edda por falta de medios econ\u00f3micos ou tecnol\u00f3xicos.<\/p>\n<p><strong>OBRIGAS PENSADAS PARA A FLOTA INDUSTRIAL<\/strong><\/p>\n<p>A deputada popular Nazareth Cend\u00e1n lembrou que o novo regulamento europeo de control da pesca obriga aos barcos de entre 12 e 15 metros de eslora a estar xeolocalizados e a rexistrar no diario electr\u00f3nico os transbordos de peixe entre buques, as\u00ed como as artes ou aparellos perdidos; a rexistrar e pesar todos e cada un dos peixes, sexa cal sexa a cantidade de produto que leven a bordo; e a avisar da s\u00faa chegada a porto, coa anotaci\u00f3n das s\u00faas capturas, nun principio, con d\u00faas horas e media de antelaci\u00f3n.<\/p>\n<p>\u201cA\u00ednda que este regulamento entrou en vigor hai dous anos, o Goberno central non dispuxo ata o d\u00eda de onte dun plan operativo p\u00fablico que garante a s\u00faa correcta aplicaci\u00f3n\u201d, lamentou Nazareth Cend\u00e1n, quen subli\u00f1ou que esta nova norma europea \u201cimp\u00f3n obrigas \u00e1 flota artesanal que est\u00e1n pensadas para a flota industrial, o que conleva graves consecuencias porque xera inseguridade xur\u00eddica e mar\u00edtima, aumenta a presi\u00f3n burocr\u00e1tica sobre o sector e pon en risco a s\u00faa viabilidade\u201d.<\/p>\n<p>Deste xeito, afirmou que \u201cqueremos defender o que \u00e9 de noso, e marcar o que consideramos que deber\u00eda ser a folla de ruta a seguir polo Goberno central ante a plena aplicaci\u00f3n dunha norma que revisa en profundidade o r\u00e9xime de control da pol\u00edtica pesqueira com\u00fan\u201d.<\/p>\n<p><strong>CONTROL E TRAZABILIDADE, NECESARIOS<\/strong><\/p>\n<p>\u201cIso \u00e9 o que estamos a facer a trav\u00e9s desta iniciativa parlamentaria: reclamar ao Estado que adopte f\u00f3rmulas para flexibilizar e adaptar a aplicaci\u00f3n do regulamento \u00e1 frota costeira artesanal e que desenvolva e aplique todas as exenci\u00f3ns e per\u00edodos transitorios previstos na normativa europea, co fin de evitar cargas administrativas desproporcionadas que poidan afectar \u00e1 s\u00faa operativa diaria e \u00e1 s\u00faa seguridade na navegaci\u00f3n, as\u00ed como riscos innecesarios de sanci\u00f3n\u201d, concretou a deputada popular.<\/p>\n<p>Nazareth Cend\u00e1n reco\u00f1eceu que \u201co control e a trazabilidade son necesarios, pero deben implantarse con sistemas sinxelos, seguros e axeitados \u00e1s condici\u00f3ns reais de traballo no mar\u201d, e amosou o apoio do PPdeG \u00e1s protestas realizadas polo sector, sum\u00e1ndose \u201c\u00e1 s\u00faa indignaci\u00f3n e tam\u00e9n ao seu medo, porque temos un Goberno central que non \u00e9 fiable nin confiable\u201d.<\/p>\n","protected":false},"excerpt":{"rendered":"<p>O Parlamento de Galicia aprobou hoxe a proposici\u00f3n non de lei do Grupo Popular, sen o apoio dos deputados do BNG, a trav\u00e9s da que se demanda ao Goberno de Espa\u00f1a que defenda ante a Comisi\u00f3n Europea a necesidade de establecer per\u00edodos de adaptaci\u00f3n razoables e medidas de flexibilidade para o cumprimento por parte das [&hellip;]<\/p>\n","protected":false},"author":38,"featured_media":69837,"comment_status":"closed","ping_status":"open","sticky":false,"template":"","format":"standard","meta":{"_acf_changed":false,"footnotes":""},"categories":[1128],"tags":[],"class_list":["post-69836","post","type-post","status-publish","format-standard","has-post-thumbnail","hentry","category-actualidad-parlamento-de-galicia"],"acf":[],"yoast_head":"<!-- This site is optimized with the Yoast SEO plugin v27.3 - https:\/\/yoast.com\/product\/yoast-seo-wordpress\/ -->\n<title>O Parlamento de Galicia solicita ao Goberno central que defenda en Europa a flexibilizaci\u00f3n e adaptaci\u00f3n do Regulamento de Pesca \u00e1 flota costeira artesanal - PP de Galicia<\/title>\n<meta name=\"description\" content=\"O Parlamento de Galicia aprobou hoxe a proposici\u00f3n non de lei do Grupo Popular, sen o apoio dos deputados do BNG, a trav\u00e9s da que se demanda ao Goberno de Espa\u00f1a que defenda ante a Comisi\u00f3n Europea a necesidade de establecer per\u00edodos de adaptaci\u00f3n razoables e medidas de flexibilidade para o cumprimento por parte das flotas de pequena escala do Regulamento que revisa de maneira profunda o r\u00e9xime de control da Pol\u00edtica Pesqueira Com\u00fan e imp\u00f3n novas obrigas en materia de seguimento, notificaci\u00f3n electr\u00f3nica, localizaci\u00f3n, trazabilidade dixital e control das actividades pesqueiras, particularmente en territorios como Galicia onde a pesca artesanal ten un peso estrutural no tecido econ\u00f3mico e social.\" \/>\n<meta name=\"robots\" content=\"index, follow, max-snippet:-1, max-image-preview:large, max-video-preview:-1\" \/>\n<link rel=\"canonical\" href=\"https:\/\/ppdegalicia.com\/es\/o-parlamento-de-galicia-solicita-ao-goberno-central-que-defenda-en-europa-a-flexibilizacion-e-adaptacion-do-regulamento-de-pesca-a-flota-costeira-artesanal\/\" \/>\n<meta property=\"og:locale\" content=\"es_ES\" \/>\n<meta property=\"og:type\" content=\"article\" \/>\n<meta property=\"og:title\" content=\"O Parlamento de Galicia solicita ao Goberno central que defenda en Europa a flexibilizaci\u00f3n e adaptaci\u00f3n do Regulamento de Pesca \u00e1 flota costeira artesanal - PP de Galicia\" \/>\n<meta property=\"og:description\" content=\"O Parlamento de Galicia aprobou hoxe a proposici\u00f3n non de lei do Grupo Popular, sen o apoio dos deputados do BNG, a trav\u00e9s da que se demanda ao Goberno de Espa\u00f1a que defenda ante a Comisi\u00f3n Europea a necesidade de establecer per\u00edodos de adaptaci\u00f3n razoables e medidas de flexibilidade para o cumprimento por parte das flotas de pequena escala do Regulamento que revisa de maneira profunda o r\u00e9xime de control da Pol\u00edtica Pesqueira Com\u00fan e imp\u00f3n novas obrigas en materia de seguimento, notificaci\u00f3n electr\u00f3nica, localizaci\u00f3n, trazabilidade dixital e control das actividades pesqueiras, particularmente en territorios como Galicia onde a pesca artesanal ten un peso estrutural no tecido econ\u00f3mico e social.\" \/>\n<meta property=\"og:url\" content=\"https:\/\/ppdegalicia.com\/es\/o-parlamento-de-galicia-solicita-ao-goberno-central-que-defenda-en-europa-a-flexibilizacion-e-adaptacion-do-regulamento-de-pesca-a-flota-costeira-artesanal\/\" \/>\n<meta property=\"og:site_name\" content=\"PP de Galicia\" \/>\n<meta property=\"article:publisher\" content=\"https:\/\/www.instagram.com\/ppdegalicia\/\" \/>\n<meta property=\"article:published_time\" content=\"2026-01-20T16:33:23+00:00\" \/>\n<meta property=\"og:image\" content=\"https:\/\/ppdegalicia.com\/wp-content\/uploads\/2026\/01\/20260120_C8a-4-scaled.jpg\" \/>\n\t<meta property=\"og:image:width\" content=\"2560\" \/>\n\t<meta property=\"og:image:height\" content=\"1706\" \/>\n\t<meta property=\"og:image:type\" content=\"image\/jpeg\" \/>\n<meta name=\"author\" content=\"ppdegaliciaredes\" \/>\n<meta name=\"twitter:card\" content=\"summary_large_image\" \/>\n<meta name=\"twitter:creator\" content=\"@ppdegalicia\" \/>\n<meta name=\"twitter:site\" content=\"@ppdegalicia\" \/>\n<meta name=\"twitter:label1\" content=\"Escrito por\" \/>\n\t<meta name=\"twitter:data1\" content=\"ppdegaliciaredes\" \/>\n\t<meta name=\"twitter:label2\" content=\"Tiempo de lectura\" \/>\n\t<meta name=\"twitter:data2\" content=\"4 minutos\" \/>\n<script type=\"application\/ld+json\" class=\"yoast-schema-graph\">{\"@context\":\"https:\\\/\\\/schema.org\",\"@graph\":[{\"@type\":\"Article\",\"@id\":\"https:\\\/\\\/ppdegalicia.com\\\/es\\\/o-parlamento-de-galicia-solicita-ao-goberno-central-que-defenda-en-europa-a-flexibilizacion-e-adaptacion-do-regulamento-de-pesca-a-flota-costeira-artesanal\\\/#article\",\"isPartOf\":{\"@id\":\"https:\\\/\\\/ppdegalicia.com\\\/es\\\/o-parlamento-de-galicia-solicita-ao-goberno-central-que-defenda-en-europa-a-flexibilizacion-e-adaptacion-do-regulamento-de-pesca-a-flota-costeira-artesanal\\\/\"},\"author\":{\"name\":\"ppdegaliciaredes\",\"@id\":\"https:\\\/\\\/ppdegalicia.com\\\/es\\\/#\\\/schema\\\/person\\\/5b822c6f59e872ebdd1142f307dbcb59\"},\"headline\":\"O Parlamento de Galicia solicita ao Goberno central que defenda en Europa a flexibilizaci\u00f3n e adaptaci\u00f3n do Regulamento de Pesca \u00e1 flota costeira artesanal\",\"datePublished\":\"2026-01-20T16:33:23+00:00\",\"mainEntityOfPage\":{\"@id\":\"https:\\\/\\\/ppdegalicia.com\\\/es\\\/o-parlamento-de-galicia-solicita-ao-goberno-central-que-defenda-en-europa-a-flexibilizacion-e-adaptacion-do-regulamento-de-pesca-a-flota-costeira-artesanal\\\/\"},\"wordCount\":604,\"publisher\":{\"@id\":\"https:\\\/\\\/ppdegalicia.com\\\/es\\\/#organization\"},\"image\":{\"@id\":\"https:\\\/\\\/ppdegalicia.com\\\/es\\\/o-parlamento-de-galicia-solicita-ao-goberno-central-que-defenda-en-europa-a-flexibilizacion-e-adaptacion-do-regulamento-de-pesca-a-flota-costeira-artesanal\\\/#primaryimage\"},\"thumbnailUrl\":\"https:\\\/\\\/ppdegalicia.com\\\/wp-content\\\/uploads\\\/2026\\\/01\\\/20260120_C8a-4-scaled.jpg\",\"articleSection\":[\"Parlamento de Galicia\"],\"inLanguage\":\"es\"},{\"@type\":\"WebPage\",\"@id\":\"https:\\\/\\\/ppdegalicia.com\\\/es\\\/o-parlamento-de-galicia-solicita-ao-goberno-central-que-defenda-en-europa-a-flexibilizacion-e-adaptacion-do-regulamento-de-pesca-a-flota-costeira-artesanal\\\/\",\"url\":\"https:\\\/\\\/ppdegalicia.com\\\/es\\\/o-parlamento-de-galicia-solicita-ao-goberno-central-que-defenda-en-europa-a-flexibilizacion-e-adaptacion-do-regulamento-de-pesca-a-flota-costeira-artesanal\\\/\",\"name\":\"O Parlamento de Galicia solicita ao Goberno central que defenda en Europa a flexibilizaci\u00f3n e adaptaci\u00f3n do Regulamento de Pesca \u00e1 flota costeira artesanal - PP de Galicia\",\"isPartOf\":{\"@id\":\"https:\\\/\\\/ppdegalicia.com\\\/es\\\/#website\"},\"primaryImageOfPage\":{\"@id\":\"https:\\\/\\\/ppdegalicia.com\\\/es\\\/o-parlamento-de-galicia-solicita-ao-goberno-central-que-defenda-en-europa-a-flexibilizacion-e-adaptacion-do-regulamento-de-pesca-a-flota-costeira-artesanal\\\/#primaryimage\"},\"image\":{\"@id\":\"https:\\\/\\\/ppdegalicia.com\\\/es\\\/o-parlamento-de-galicia-solicita-ao-goberno-central-que-defenda-en-europa-a-flexibilizacion-e-adaptacion-do-regulamento-de-pesca-a-flota-costeira-artesanal\\\/#primaryimage\"},\"thumbnailUrl\":\"https:\\\/\\\/ppdegalicia.com\\\/wp-content\\\/uploads\\\/2026\\\/01\\\/20260120_C8a-4-scaled.jpg\",\"datePublished\":\"2026-01-20T16:33:23+00:00\",\"description\":\"O Parlamento de Galicia aprobou hoxe a proposici\u00f3n non de lei do Grupo Popular, sen o apoio dos deputados do BNG, a trav\u00e9s da que se demanda ao Goberno de Espa\u00f1a que defenda ante a Comisi\u00f3n Europea a necesidade de establecer per\u00edodos de adaptaci\u00f3n razoables e medidas de flexibilidade para o cumprimento por parte das flotas de pequena escala do Regulamento que revisa de maneira profunda o r\u00e9xime de control da Pol\u00edtica Pesqueira Com\u00fan e imp\u00f3n novas obrigas en materia de seguimento, notificaci\u00f3n electr\u00f3nica, localizaci\u00f3n, trazabilidade dixital e control das actividades pesqueiras, particularmente en territorios como Galicia onde a pesca artesanal ten un peso estrutural no tecido econ\u00f3mico e social.\",\"breadcrumb\":{\"@id\":\"https:\\\/\\\/ppdegalicia.com\\\/es\\\/o-parlamento-de-galicia-solicita-ao-goberno-central-que-defenda-en-europa-a-flexibilizacion-e-adaptacion-do-regulamento-de-pesca-a-flota-costeira-artesanal\\\/#breadcrumb\"},\"inLanguage\":\"es\",\"potentialAction\":[{\"@type\":\"ReadAction\",\"target\":[\"https:\\\/\\\/ppdegalicia.com\\\/es\\\/o-parlamento-de-galicia-solicita-ao-goberno-central-que-defenda-en-europa-a-flexibilizacion-e-adaptacion-do-regulamento-de-pesca-a-flota-costeira-artesanal\\\/\"]}]},{\"@type\":\"ImageObject\",\"inLanguage\":\"es\",\"@id\":\"https:\\\/\\\/ppdegalicia.com\\\/es\\\/o-parlamento-de-galicia-solicita-ao-goberno-central-que-defenda-en-europa-a-flexibilizacion-e-adaptacion-do-regulamento-de-pesca-a-flota-costeira-artesanal\\\/#primaryimage\",\"url\":\"https:\\\/\\\/ppdegalicia.com\\\/wp-content\\\/uploads\\\/2026\\\/01\\\/20260120_C8a-4-scaled.jpg\",\"contentUrl\":\"https:\\\/\\\/ppdegalicia.com\\\/wp-content\\\/uploads\\\/2026\\\/01\\\/20260120_C8a-4-scaled.jpg\",\"width\":2560,\"height\":1706},{\"@type\":\"BreadcrumbList\",\"@id\":\"https:\\\/\\\/ppdegalicia.com\\\/es\\\/o-parlamento-de-galicia-solicita-ao-goberno-central-que-defenda-en-europa-a-flexibilizacion-e-adaptacion-do-regulamento-de-pesca-a-flota-costeira-artesanal\\\/#breadcrumb\",\"itemListElement\":[{\"@type\":\"ListItem\",\"position\":1,\"name\":\"Portada\",\"item\":\"https:\\\/\\\/ppdegalicia.com\\\/es\\\/\"},{\"@type\":\"ListItem\",\"position\":2,\"name\":\"O Parlamento de Galicia solicita ao Goberno central que defenda en Europa a flexibilizaci\u00f3n e adaptaci\u00f3n do Regulamento de Pesca \u00e1 flota costeira artesanal\"}]},{\"@type\":\"WebSite\",\"@id\":\"https:\\\/\\\/ppdegalicia.com\\\/es\\\/#website\",\"url\":\"https:\\\/\\\/ppdegalicia.com\\\/es\\\/\",\"name\":\"Partido Popular de Galicia\",\"description\":\"Partido Popular de Galicia\",\"publisher\":{\"@id\":\"https:\\\/\\\/ppdegalicia.com\\\/es\\\/#organization\"},\"alternateName\":\"PP de Galicia\",\"potentialAction\":[{\"@type\":\"SearchAction\",\"target\":{\"@type\":\"EntryPoint\",\"urlTemplate\":\"https:\\\/\\\/ppdegalicia.com\\\/es\\\/?s={search_term_string}\"},\"query-input\":{\"@type\":\"PropertyValueSpecification\",\"valueRequired\":true,\"valueName\":\"search_term_string\"}}],\"inLanguage\":\"es\"},{\"@type\":\"Organization\",\"@id\":\"https:\\\/\\\/ppdegalicia.com\\\/es\\\/#organization\",\"name\":\"Partido Popular de Galicia\",\"alternateName\":\"PP de Galicia\",\"url\":\"https:\\\/\\\/ppdegalicia.com\\\/es\\\/\",\"logo\":{\"@type\":\"ImageObject\",\"inLanguage\":\"es\",\"@id\":\"https:\\\/\\\/ppdegalicia.com\\\/es\\\/#\\\/schema\\\/logo\\\/image\\\/\",\"url\":\"https:\\\/\\\/ppdegalicia.com\\\/wp-content\\\/uploads\\\/2023\\\/04\\\/logoPP512.png\",\"contentUrl\":\"https:\\\/\\\/ppdegalicia.com\\\/wp-content\\\/uploads\\\/2023\\\/04\\\/logoPP512.png\",\"width\":512,\"height\":512,\"caption\":\"Partido Popular de Galicia\"},\"image\":{\"@id\":\"https:\\\/\\\/ppdegalicia.com\\\/es\\\/#\\\/schema\\\/logo\\\/image\\\/\"},\"sameAs\":[\"https:\\\/\\\/www.instagram.com\\\/ppdegalicia\\\/\",\"https:\\\/\\\/x.com\\\/ppdegalicia\",\"https:\\\/\\\/www.tiktok.com\\\/@ppdegalicia\",\"https:\\\/\\\/www.youtube.com\\\/user\\\/ppdegalicia\"]},{\"@type\":\"Person\",\"@id\":\"https:\\\/\\\/ppdegalicia.com\\\/es\\\/#\\\/schema\\\/person\\\/5b822c6f59e872ebdd1142f307dbcb59\",\"name\":\"ppdegaliciaredes\",\"image\":{\"@type\":\"ImageObject\",\"inLanguage\":\"es\",\"@id\":\"https:\\\/\\\/secure.gravatar.com\\\/avatar\\\/3c9179cf0256d00c72a48d1f25783c58b6842cd56e85ef3a572881c8e28ccd59?s=96&d=mm&r=g\",\"url\":\"https:\\\/\\\/secure.gravatar.com\\\/avatar\\\/3c9179cf0256d00c72a48d1f25783c58b6842cd56e85ef3a572881c8e28ccd59?s=96&d=mm&r=g\",\"contentUrl\":\"https:\\\/\\\/secure.gravatar.com\\\/avatar\\\/3c9179cf0256d00c72a48d1f25783c58b6842cd56e85ef3a572881c8e28ccd59?s=96&d=mm&r=g\",\"caption\":\"ppdegaliciaredes\"},\"url\":\"https:\\\/\\\/ppdegalicia.com\\\/es\\\/author\\\/ppdegaliciaredes\\\/\"}]}<\/script>\n<!-- \/ Yoast SEO plugin. -->","yoast_head_json":{"title":"O Parlamento de Galicia solicita ao Goberno central que defenda en Europa a flexibilizaci\u00f3n e adaptaci\u00f3n do Regulamento de Pesca \u00e1 flota costeira artesanal - PP de Galicia","description":"O Parlamento de Galicia aprobou hoxe a proposici\u00f3n non de lei do Grupo Popular, sen o apoio dos deputados do BNG, a trav\u00e9s da que se demanda ao Goberno de Espa\u00f1a que defenda ante a Comisi\u00f3n Europea a necesidade de establecer per\u00edodos de adaptaci\u00f3n razoables e medidas de flexibilidade para o cumprimento por parte das flotas de pequena escala do Regulamento que revisa de maneira profunda o r\u00e9xime de control da Pol\u00edtica Pesqueira Com\u00fan e imp\u00f3n novas obrigas en materia de seguimento, notificaci\u00f3n electr\u00f3nica, localizaci\u00f3n, trazabilidade dixital e control das actividades pesqueiras, particularmente en territorios como Galicia onde a pesca artesanal ten un peso estrutural no tecido econ\u00f3mico e social.","robots":{"index":"index","follow":"follow","max-snippet":"max-snippet:-1","max-image-preview":"max-image-preview:large","max-video-preview":"max-video-preview:-1"},"canonical":"https:\/\/ppdegalicia.com\/es\/o-parlamento-de-galicia-solicita-ao-goberno-central-que-defenda-en-europa-a-flexibilizacion-e-adaptacion-do-regulamento-de-pesca-a-flota-costeira-artesanal\/","og_locale":"es_ES","og_type":"article","og_title":"O Parlamento de Galicia solicita ao Goberno central que defenda en Europa a flexibilizaci\u00f3n e adaptaci\u00f3n do Regulamento de Pesca \u00e1 flota costeira artesanal - PP de Galicia","og_description":"O Parlamento de Galicia aprobou hoxe a proposici\u00f3n non de lei do Grupo Popular, sen o apoio dos deputados do BNG, a trav\u00e9s da que se demanda ao Goberno de Espa\u00f1a que defenda ante a Comisi\u00f3n Europea a necesidade de establecer per\u00edodos de adaptaci\u00f3n razoables e medidas de flexibilidade para o cumprimento por parte das flotas de pequena escala do Regulamento que revisa de maneira profunda o r\u00e9xime de control da Pol\u00edtica Pesqueira Com\u00fan e imp\u00f3n novas obrigas en materia de seguimento, notificaci\u00f3n electr\u00f3nica, localizaci\u00f3n, trazabilidade dixital e control das actividades pesqueiras, particularmente en territorios como Galicia onde a pesca artesanal ten un peso estrutural no tecido econ\u00f3mico e social.","og_url":"https:\/\/ppdegalicia.com\/es\/o-parlamento-de-galicia-solicita-ao-goberno-central-que-defenda-en-europa-a-flexibilizacion-e-adaptacion-do-regulamento-de-pesca-a-flota-costeira-artesanal\/","og_site_name":"PP de Galicia","article_publisher":"https:\/\/www.instagram.com\/ppdegalicia\/","article_published_time":"2026-01-20T16:33:23+00:00","og_image":[{"width":2560,"height":1706,"url":"https:\/\/ppdegalicia.com\/wp-content\/uploads\/2026\/01\/20260120_C8a-4-scaled.jpg","type":"image\/jpeg"}],"author":"ppdegaliciaredes","twitter_card":"summary_large_image","twitter_creator":"@ppdegalicia","twitter_site":"@ppdegalicia","twitter_misc":{"Escrito por":"ppdegaliciaredes","Tiempo de lectura":"4 minutos"},"schema":{"@context":"https:\/\/schema.org","@graph":[{"@type":"Article","@id":"https:\/\/ppdegalicia.com\/es\/o-parlamento-de-galicia-solicita-ao-goberno-central-que-defenda-en-europa-a-flexibilizacion-e-adaptacion-do-regulamento-de-pesca-a-flota-costeira-artesanal\/#article","isPartOf":{"@id":"https:\/\/ppdegalicia.com\/es\/o-parlamento-de-galicia-solicita-ao-goberno-central-que-defenda-en-europa-a-flexibilizacion-e-adaptacion-do-regulamento-de-pesca-a-flota-costeira-artesanal\/"},"author":{"name":"ppdegaliciaredes","@id":"https:\/\/ppdegalicia.com\/es\/#\/schema\/person\/5b822c6f59e872ebdd1142f307dbcb59"},"headline":"O Parlamento de Galicia solicita ao Goberno central que defenda en Europa a flexibilizaci\u00f3n e adaptaci\u00f3n do Regulamento de Pesca \u00e1 flota costeira artesanal","datePublished":"2026-01-20T16:33:23+00:00","mainEntityOfPage":{"@id":"https:\/\/ppdegalicia.com\/es\/o-parlamento-de-galicia-solicita-ao-goberno-central-que-defenda-en-europa-a-flexibilizacion-e-adaptacion-do-regulamento-de-pesca-a-flota-costeira-artesanal\/"},"wordCount":604,"publisher":{"@id":"https:\/\/ppdegalicia.com\/es\/#organization"},"image":{"@id":"https:\/\/ppdegalicia.com\/es\/o-parlamento-de-galicia-solicita-ao-goberno-central-que-defenda-en-europa-a-flexibilizacion-e-adaptacion-do-regulamento-de-pesca-a-flota-costeira-artesanal\/#primaryimage"},"thumbnailUrl":"https:\/\/ppdegalicia.com\/wp-content\/uploads\/2026\/01\/20260120_C8a-4-scaled.jpg","articleSection":["Parlamento de Galicia"],"inLanguage":"es"},{"@type":"WebPage","@id":"https:\/\/ppdegalicia.com\/es\/o-parlamento-de-galicia-solicita-ao-goberno-central-que-defenda-en-europa-a-flexibilizacion-e-adaptacion-do-regulamento-de-pesca-a-flota-costeira-artesanal\/","url":"https:\/\/ppdegalicia.com\/es\/o-parlamento-de-galicia-solicita-ao-goberno-central-que-defenda-en-europa-a-flexibilizacion-e-adaptacion-do-regulamento-de-pesca-a-flota-costeira-artesanal\/","name":"O Parlamento de Galicia solicita ao Goberno central que defenda en Europa a flexibilizaci\u00f3n e adaptaci\u00f3n do Regulamento de Pesca \u00e1 flota costeira artesanal - PP de Galicia","isPartOf":{"@id":"https:\/\/ppdegalicia.com\/es\/#website"},"primaryImageOfPage":{"@id":"https:\/\/ppdegalicia.com\/es\/o-parlamento-de-galicia-solicita-ao-goberno-central-que-defenda-en-europa-a-flexibilizacion-e-adaptacion-do-regulamento-de-pesca-a-flota-costeira-artesanal\/#primaryimage"},"image":{"@id":"https:\/\/ppdegalicia.com\/es\/o-parlamento-de-galicia-solicita-ao-goberno-central-que-defenda-en-europa-a-flexibilizacion-e-adaptacion-do-regulamento-de-pesca-a-flota-costeira-artesanal\/#primaryimage"},"thumbnailUrl":"https:\/\/ppdegalicia.com\/wp-content\/uploads\/2026\/01\/20260120_C8a-4-scaled.jpg","datePublished":"2026-01-20T16:33:23+00:00","description":"O Parlamento de Galicia aprobou hoxe a proposici\u00f3n non de lei do Grupo Popular, sen o apoio dos deputados do BNG, a trav\u00e9s da que se demanda ao Goberno de Espa\u00f1a que defenda ante a Comisi\u00f3n Europea a necesidade de establecer per\u00edodos de adaptaci\u00f3n razoables e medidas de flexibilidade para o cumprimento por parte das flotas de pequena escala do Regulamento que revisa de maneira profunda o r\u00e9xime de control da Pol\u00edtica Pesqueira Com\u00fan e imp\u00f3n novas obrigas en materia de seguimento, notificaci\u00f3n electr\u00f3nica, localizaci\u00f3n, trazabilidade dixital e control das actividades pesqueiras, particularmente en territorios como Galicia onde a pesca artesanal ten un peso estrutural no tecido econ\u00f3mico e social.","breadcrumb":{"@id":"https:\/\/ppdegalicia.com\/es\/o-parlamento-de-galicia-solicita-ao-goberno-central-que-defenda-en-europa-a-flexibilizacion-e-adaptacion-do-regulamento-de-pesca-a-flota-costeira-artesanal\/#breadcrumb"},"inLanguage":"es","potentialAction":[{"@type":"ReadAction","target":["https:\/\/ppdegalicia.com\/es\/o-parlamento-de-galicia-solicita-ao-goberno-central-que-defenda-en-europa-a-flexibilizacion-e-adaptacion-do-regulamento-de-pesca-a-flota-costeira-artesanal\/"]}]},{"@type":"ImageObject","inLanguage":"es","@id":"https:\/\/ppdegalicia.com\/es\/o-parlamento-de-galicia-solicita-ao-goberno-central-que-defenda-en-europa-a-flexibilizacion-e-adaptacion-do-regulamento-de-pesca-a-flota-costeira-artesanal\/#primaryimage","url":"https:\/\/ppdegalicia.com\/wp-content\/uploads\/2026\/01\/20260120_C8a-4-scaled.jpg","contentUrl":"https:\/\/ppdegalicia.com\/wp-content\/uploads\/2026\/01\/20260120_C8a-4-scaled.jpg","width":2560,"height":1706},{"@type":"BreadcrumbList","@id":"https:\/\/ppdegalicia.com\/es\/o-parlamento-de-galicia-solicita-ao-goberno-central-que-defenda-en-europa-a-flexibilizacion-e-adaptacion-do-regulamento-de-pesca-a-flota-costeira-artesanal\/#breadcrumb","itemListElement":[{"@type":"ListItem","position":1,"name":"Portada","item":"https:\/\/ppdegalicia.com\/es\/"},{"@type":"ListItem","position":2,"name":"O Parlamento de Galicia solicita ao Goberno central que defenda en Europa a flexibilizaci\u00f3n e adaptaci\u00f3n do Regulamento de Pesca \u00e1 flota costeira artesanal"}]},{"@type":"WebSite","@id":"https:\/\/ppdegalicia.com\/es\/#website","url":"https:\/\/ppdegalicia.com\/es\/","name":"Partido Popular de Galicia","description":"Partido Popular de Galicia","publisher":{"@id":"https:\/\/ppdegalicia.com\/es\/#organization"},"alternateName":"PP de Galicia","potentialAction":[{"@type":"SearchAction","target":{"@type":"EntryPoint","urlTemplate":"https:\/\/ppdegalicia.com\/es\/?s={search_term_string}"},"query-input":{"@type":"PropertyValueSpecification","valueRequired":true,"valueName":"search_term_string"}}],"inLanguage":"es"},{"@type":"Organization","@id":"https:\/\/ppdegalicia.com\/es\/#organization","name":"Partido Popular de Galicia","alternateName":"PP de Galicia","url":"https:\/\/ppdegalicia.com\/es\/","logo":{"@type":"ImageObject","inLanguage":"es","@id":"https:\/\/ppdegalicia.com\/es\/#\/schema\/logo\/image\/","url":"https:\/\/ppdegalicia.com\/wp-content\/uploads\/2023\/04\/logoPP512.png","contentUrl":"https:\/\/ppdegalicia.com\/wp-content\/uploads\/2023\/04\/logoPP512.png","width":512,"height":512,"caption":"Partido Popular de Galicia"},"image":{"@id":"https:\/\/ppdegalicia.com\/es\/#\/schema\/logo\/image\/"},"sameAs":["https:\/\/www.instagram.com\/ppdegalicia\/","https:\/\/x.com\/ppdegalicia","https:\/\/www.tiktok.com\/@ppdegalicia","https:\/\/www.youtube.com\/user\/ppdegalicia"]},{"@type":"Person","@id":"https:\/\/ppdegalicia.com\/es\/#\/schema\/person\/5b822c6f59e872ebdd1142f307dbcb59","name":"ppdegaliciaredes","image":{"@type":"ImageObject","inLanguage":"es","@id":"https:\/\/secure.gravatar.com\/avatar\/3c9179cf0256d00c72a48d1f25783c58b6842cd56e85ef3a572881c8e28ccd59?s=96&d=mm&r=g","url":"https:\/\/secure.gravatar.com\/avatar\/3c9179cf0256d00c72a48d1f25783c58b6842cd56e85ef3a572881c8e28ccd59?s=96&d=mm&r=g","contentUrl":"https:\/\/secure.gravatar.com\/avatar\/3c9179cf0256d00c72a48d1f25783c58b6842cd56e85ef3a572881c8e28ccd59?s=96&d=mm&r=g","caption":"ppdegaliciaredes"},"url":"https:\/\/ppdegalicia.com\/es\/author\/ppdegaliciaredes\/"}]}},"_links":{"self":[{"href":"https:\/\/ppdegalicia.com\/es\/wp-json\/wp\/v2\/posts\/69836","targetHints":{"allow":["GET"]}}],"collection":[{"href":"https:\/\/ppdegalicia.com\/es\/wp-json\/wp\/v2\/posts"}],"about":[{"href":"https:\/\/ppdegalicia.com\/es\/wp-json\/wp\/v2\/types\/post"}],"author":[{"embeddable":true,"href":"https:\/\/ppdegalicia.com\/es\/wp-json\/wp\/v2\/users\/38"}],"replies":[{"embeddable":true,"href":"https:\/\/ppdegalicia.com\/es\/wp-json\/wp\/v2\/comments?post=69836"}],"version-history":[{"count":1,"href":"https:\/\/ppdegalicia.com\/es\/wp-json\/wp\/v2\/posts\/69836\/revisions"}],"predecessor-version":[{"id":69839,"href":"https:\/\/ppdegalicia.com\/es\/wp-json\/wp\/v2\/posts\/69836\/revisions\/69839"}],"wp:featuredmedia":[{"embeddable":true,"href":"https:\/\/ppdegalicia.com\/es\/wp-json\/wp\/v2\/media\/69837"}],"wp:attachment":[{"href":"https:\/\/ppdegalicia.com\/es\/wp-json\/wp\/v2\/media?parent=69836"}],"wp:term":[{"taxonomy":"category","embeddable":true,"href":"https:\/\/ppdegalicia.com\/es\/wp-json\/wp\/v2\/categories?post=69836"},{"taxonomy":"post_tag","embeddable":true,"href":"https:\/\/ppdegalicia.com\/es\/wp-json\/wp\/v2\/tags?post=69836"}],"curies":[{"name":"wp","href":"https:\/\/api.w.org\/{rel}","templated":true}]}}