{"id":69840,"date":"2026-01-21T13:19:51","date_gmt":"2026-01-21T12:19:51","guid":{"rendered":"https:\/\/ppdegalicia.com\/?p=69840"},"modified":"2026-01-21T13:19:51","modified_gmt":"2026-01-21T12:19:51","slug":"o-ppdeg-asegura-que-galicia-e-das-comunidades-onde-se-paga-mais-e-por-mais-conceptos-aos-profesionais-da-asistencia-xuridica-gratuita","status":"publish","type":"post","link":"https:\/\/ppdegalicia.com\/es\/o-ppdeg-asegura-que-galicia-e-das-comunidades-onde-se-paga-mais-e-por-mais-conceptos-aos-profesionais-da-asistencia-xuridica-gratuita\/","title":{"rendered":"O PPdeG asegura que Galicia \u00e9 das comunidades onde se paga m\u00e1is e por m\u00e1is conceptos aos profesionais da asistencia xur\u00eddica gratu\u00edta"},"content":{"rendered":"<p>O deputado do Grupo Popular Roberto Rodr\u00edguez asegurou hoxe no Parlamento galego que Galicia \u00e9 unha das comunidades aut\u00f3nomas onde se paga m\u00e1is e por m\u00e1is conceptos aos profesionais que prestan asistencia xur\u00eddica gratu\u00edta en favor das persoas sen recursos suficientes. En concreto, cifrou en m\u00e1is de 18,5 mill\u00f3ns de euros a partida econ\u00f3mica que a Xunta destinar\u00e1 este ano a este servizo, un 20 por cento m\u00e1is que no 2025.<\/p>\n<p>Roberto Rodr\u00edguez manifestou que \u201cGalicia sit\u00faase nos primeiros postos a nivel estatal na compensaci\u00f3n aos profesionais da asistencia xur\u00eddica gratu\u00edta, polo maior n\u00famero de conceptos aplicados e pola axilizaci\u00f3n na tramitaci\u00f3n nas indemnizaci\u00f3ns correspondentes\u201d.<\/p>\n<p>As\u00ed, asegurou que \u201cen Galicia p\u00e1gase moi por enriba daquelas comunidades que son competencia do Goberno central, como Castela-A Mancha, Castela e Le\u00f3n, Estremadura, Murcia, Baleares, Ceuta e Melilla, e tam\u00e9n doutras comunidades con estas competencias transferidas, caso de Asturias ou A Rioxa\u201d.<\/p>\n<p><strong>NOVOS CONCEPTOS<\/strong><\/p>\n<p>O portavoz popular lembrou que o Goberno galego reservou en 2025 m\u00e1is de 15 mill\u00f3ns de euros para a prestaci\u00f3n da asistencia xur\u00eddica gratu\u00edta, o que supuxo un incremento do 8,6 por cento con respecto a 2024. \u201cAdemais, inclu\u00edronse novos conceptos tras a actualizaci\u00f3n dos baremos como resultado das negociaci\u00f3ns mantidas con este colectivo profesional\u201d, apuntou.<\/p>\n<p>\u201cEste ano, o Goberno galego volveu incrementar os cartos asignados a garantir a asistencia xur\u00eddica gratu\u00edta cerca dun 20 por cento, un aumento que resulta imprescindible para dar soporte \u00e1 exponencial suba de solicitudes do servizo derivada da aplicaci\u00f3n da nova Lei de eficiencia do servizo p\u00fablico da xustiza, co obxectivo de asegurar a prestaci\u00f3n con todas as garant\u00edas, tanto desde o punto de vista da cidadan\u00eda como das persoas profesionais da quenda de oficio\u201d, explicou.<\/p>\n<p>Por\u00e9n, Roberto Rodr\u00edguez expresou o desexo de que \u201co Goberno de Pedro S\u00e1nchez, apoiado cegamente polo BNG, atope un oco na s\u00faa apretada axenda xudicial que lle espera no 2026 para tramitar a prometida nova Lei estatal de asistencia xur\u00eddica gratu\u00edta, esencial para a prestaci\u00f3n dun servizo esencial adaptado \u00e1s necesidades do s\u00e9culo XXI\u201d.<\/p>\n","protected":false},"excerpt":{"rendered":"<p>O deputado do Grupo Popular Roberto Rodr\u00edguez asegurou hoxe no Parlamento galego que Galicia \u00e9 unha das comunidades aut\u00f3nomas onde se paga m\u00e1is e por m\u00e1is conceptos aos profesionais que prestan asistencia xur\u00eddica gratu\u00edta en favor das persoas sen recursos suficientes. En concreto, cifrou en m\u00e1is de 18,5 mill\u00f3ns de euros a partida econ\u00f3mica que [&hellip;]<\/p>\n","protected":false},"author":38,"featured_media":69841,"comment_status":"closed","ping_status":"open","sticky":false,"template":"","format":"standard","meta":{"_acf_changed":false,"footnotes":""},"categories":[1128],"tags":[],"class_list":["post-69840","post","type-post","status-publish","format-standard","has-post-thumbnail","hentry","category-actualidad-parlamento-de-galicia"],"acf":[],"yoast_head":"<!-- This site is optimized with the Yoast SEO plugin v27.3 - https:\/\/yoast.com\/product\/yoast-seo-wordpress\/ -->\n<title>O PPdeG asegura que Galicia \u00e9 das comunidades onde se paga m\u00e1is e por m\u00e1is conceptos aos profesionais da asistencia xur\u00eddica gratu\u00edta - PP de Galicia<\/title>\n<meta name=\"description\" content=\"O deputado do Grupo Popular Roberto Rodr\u00edguez asegurou hoxe no Parlamento galego que Galicia \u00e9 unha das comunidades aut\u00f3nomas onde se paga m\u00e1is e por m\u00e1is conceptos aos profesionais que prestan asistencia xur\u00eddica gratu\u00edta en favor das persoas sen recursos suficientes. En concreto, cifrou en m\u00e1is de 18,5 mill\u00f3ns de euros a partida econ\u00f3mica que a Xunta destinar\u00e1 este ano a este servizo, un 20 por cento m\u00e1is que no 2025.\" \/>\n<meta name=\"robots\" content=\"index, follow, max-snippet:-1, max-image-preview:large, max-video-preview:-1\" \/>\n<link rel=\"canonical\" href=\"https:\/\/ppdegalicia.com\/es\/o-ppdeg-asegura-que-galicia-e-das-comunidades-onde-se-paga-mais-e-por-mais-conceptos-aos-profesionais-da-asistencia-xuridica-gratuita\/\" \/>\n<meta property=\"og:locale\" content=\"es_ES\" \/>\n<meta property=\"og:type\" content=\"article\" \/>\n<meta property=\"og:title\" content=\"O PPdeG asegura que Galicia \u00e9 das comunidades onde se paga m\u00e1is e por m\u00e1is conceptos aos profesionais da asistencia xur\u00eddica gratu\u00edta - PP de Galicia\" \/>\n<meta property=\"og:description\" content=\"O deputado do Grupo Popular Roberto Rodr\u00edguez asegurou hoxe no Parlamento galego que Galicia \u00e9 unha das comunidades aut\u00f3nomas onde se paga m\u00e1is e por m\u00e1is conceptos aos profesionais que prestan asistencia xur\u00eddica gratu\u00edta en favor das persoas sen recursos suficientes. En concreto, cifrou en m\u00e1is de 18,5 mill\u00f3ns de euros a partida econ\u00f3mica que a Xunta destinar\u00e1 este ano a este servizo, un 20 por cento m\u00e1is que no 2025.\" \/>\n<meta property=\"og:url\" content=\"https:\/\/ppdegalicia.com\/es\/o-ppdeg-asegura-que-galicia-e-das-comunidades-onde-se-paga-mais-e-por-mais-conceptos-aos-profesionais-da-asistencia-xuridica-gratuita\/\" \/>\n<meta property=\"og:site_name\" content=\"PP de Galicia\" \/>\n<meta property=\"article:publisher\" content=\"https:\/\/www.instagram.com\/ppdegalicia\/\" \/>\n<meta property=\"article:published_time\" content=\"2026-01-21T12:19:51+00:00\" \/>\n<meta property=\"og:image\" content=\"https:\/\/ppdegalicia.com\/wp-content\/uploads\/2026\/01\/Roberto-Rodriguez-na-Comision-1a-scaled.jpg\" \/>\n\t<meta property=\"og:image:width\" content=\"2560\" \/>\n\t<meta property=\"og:image:height\" content=\"1708\" \/>\n\t<meta property=\"og:image:type\" content=\"image\/jpeg\" \/>\n<meta name=\"author\" content=\"ppdegaliciaredes\" \/>\n<meta name=\"twitter:card\" content=\"summary_large_image\" \/>\n<meta name=\"twitter:creator\" content=\"@ppdegalicia\" \/>\n<meta name=\"twitter:site\" content=\"@ppdegalicia\" \/>\n<meta name=\"twitter:label1\" content=\"Escrito por\" \/>\n\t<meta name=\"twitter:data1\" content=\"ppdegaliciaredes\" \/>\n\t<meta name=\"twitter:label2\" content=\"Tiempo de lectura\" \/>\n\t<meta name=\"twitter:data2\" content=\"3 minutos\" \/>\n<script type=\"application\/ld+json\" class=\"yoast-schema-graph\">{\"@context\":\"https:\\\/\\\/schema.org\",\"@graph\":[{\"@type\":\"Article\",\"@id\":\"https:\\\/\\\/ppdegalicia.com\\\/es\\\/o-ppdeg-asegura-que-galicia-e-das-comunidades-onde-se-paga-mais-e-por-mais-conceptos-aos-profesionais-da-asistencia-xuridica-gratuita\\\/#article\",\"isPartOf\":{\"@id\":\"https:\\\/\\\/ppdegalicia.com\\\/es\\\/o-ppdeg-asegura-que-galicia-e-das-comunidades-onde-se-paga-mais-e-por-mais-conceptos-aos-profesionais-da-asistencia-xuridica-gratuita\\\/\"},\"author\":{\"name\":\"ppdegaliciaredes\",\"@id\":\"https:\\\/\\\/ppdegalicia.com\\\/es\\\/#\\\/schema\\\/person\\\/5b822c6f59e872ebdd1142f307dbcb59\"},\"headline\":\"O PPdeG asegura que Galicia \u00e9 das comunidades onde se paga m\u00e1is e por m\u00e1is conceptos aos profesionais da asistencia xur\u00eddica gratu\u00edta\",\"datePublished\":\"2026-01-21T12:19:51+00:00\",\"mainEntityOfPage\":{\"@id\":\"https:\\\/\\\/ppdegalicia.com\\\/es\\\/o-ppdeg-asegura-que-galicia-e-das-comunidades-onde-se-paga-mais-e-por-mais-conceptos-aos-profesionais-da-asistencia-xuridica-gratuita\\\/\"},\"wordCount\":395,\"publisher\":{\"@id\":\"https:\\\/\\\/ppdegalicia.com\\\/es\\\/#organization\"},\"image\":{\"@id\":\"https:\\\/\\\/ppdegalicia.com\\\/es\\\/o-ppdeg-asegura-que-galicia-e-das-comunidades-onde-se-paga-mais-e-por-mais-conceptos-aos-profesionais-da-asistencia-xuridica-gratuita\\\/#primaryimage\"},\"thumbnailUrl\":\"https:\\\/\\\/ppdegalicia.com\\\/wp-content\\\/uploads\\\/2026\\\/01\\\/Roberto-Rodriguez-na-Comision-1a-scaled.jpg\",\"articleSection\":[\"Parlamento de Galicia\"],\"inLanguage\":\"es\"},{\"@type\":\"WebPage\",\"@id\":\"https:\\\/\\\/ppdegalicia.com\\\/es\\\/o-ppdeg-asegura-que-galicia-e-das-comunidades-onde-se-paga-mais-e-por-mais-conceptos-aos-profesionais-da-asistencia-xuridica-gratuita\\\/\",\"url\":\"https:\\\/\\\/ppdegalicia.com\\\/es\\\/o-ppdeg-asegura-que-galicia-e-das-comunidades-onde-se-paga-mais-e-por-mais-conceptos-aos-profesionais-da-asistencia-xuridica-gratuita\\\/\",\"name\":\"O PPdeG asegura que Galicia \u00e9 das comunidades onde se paga m\u00e1is e por m\u00e1is conceptos aos profesionais da asistencia xur\u00eddica gratu\u00edta - PP de Galicia\",\"isPartOf\":{\"@id\":\"https:\\\/\\\/ppdegalicia.com\\\/es\\\/#website\"},\"primaryImageOfPage\":{\"@id\":\"https:\\\/\\\/ppdegalicia.com\\\/es\\\/o-ppdeg-asegura-que-galicia-e-das-comunidades-onde-se-paga-mais-e-por-mais-conceptos-aos-profesionais-da-asistencia-xuridica-gratuita\\\/#primaryimage\"},\"image\":{\"@id\":\"https:\\\/\\\/ppdegalicia.com\\\/es\\\/o-ppdeg-asegura-que-galicia-e-das-comunidades-onde-se-paga-mais-e-por-mais-conceptos-aos-profesionais-da-asistencia-xuridica-gratuita\\\/#primaryimage\"},\"thumbnailUrl\":\"https:\\\/\\\/ppdegalicia.com\\\/wp-content\\\/uploads\\\/2026\\\/01\\\/Roberto-Rodriguez-na-Comision-1a-scaled.jpg\",\"datePublished\":\"2026-01-21T12:19:51+00:00\",\"description\":\"O deputado do Grupo Popular Roberto Rodr\u00edguez asegurou hoxe no Parlamento galego que Galicia \u00e9 unha das comunidades aut\u00f3nomas onde se paga m\u00e1is e por m\u00e1is conceptos aos profesionais que prestan asistencia xur\u00eddica gratu\u00edta en favor das persoas sen recursos suficientes. En concreto, cifrou en m\u00e1is de 18,5 mill\u00f3ns de euros a partida econ\u00f3mica que a Xunta destinar\u00e1 este ano a este servizo, un 20 por cento m\u00e1is que no 2025.\",\"breadcrumb\":{\"@id\":\"https:\\\/\\\/ppdegalicia.com\\\/es\\\/o-ppdeg-asegura-que-galicia-e-das-comunidades-onde-se-paga-mais-e-por-mais-conceptos-aos-profesionais-da-asistencia-xuridica-gratuita\\\/#breadcrumb\"},\"inLanguage\":\"es\",\"potentialAction\":[{\"@type\":\"ReadAction\",\"target\":[\"https:\\\/\\\/ppdegalicia.com\\\/es\\\/o-ppdeg-asegura-que-galicia-e-das-comunidades-onde-se-paga-mais-e-por-mais-conceptos-aos-profesionais-da-asistencia-xuridica-gratuita\\\/\"]}]},{\"@type\":\"ImageObject\",\"inLanguage\":\"es\",\"@id\":\"https:\\\/\\\/ppdegalicia.com\\\/es\\\/o-ppdeg-asegura-que-galicia-e-das-comunidades-onde-se-paga-mais-e-por-mais-conceptos-aos-profesionais-da-asistencia-xuridica-gratuita\\\/#primaryimage\",\"url\":\"https:\\\/\\\/ppdegalicia.com\\\/wp-content\\\/uploads\\\/2026\\\/01\\\/Roberto-Rodriguez-na-Comision-1a-scaled.jpg\",\"contentUrl\":\"https:\\\/\\\/ppdegalicia.com\\\/wp-content\\\/uploads\\\/2026\\\/01\\\/Roberto-Rodriguez-na-Comision-1a-scaled.jpg\",\"width\":2560,\"height\":1708},{\"@type\":\"BreadcrumbList\",\"@id\":\"https:\\\/\\\/ppdegalicia.com\\\/es\\\/o-ppdeg-asegura-que-galicia-e-das-comunidades-onde-se-paga-mais-e-por-mais-conceptos-aos-profesionais-da-asistencia-xuridica-gratuita\\\/#breadcrumb\",\"itemListElement\":[{\"@type\":\"ListItem\",\"position\":1,\"name\":\"Portada\",\"item\":\"https:\\\/\\\/ppdegalicia.com\\\/es\\\/\"},{\"@type\":\"ListItem\",\"position\":2,\"name\":\"O PPdeG asegura que Galicia \u00e9 das comunidades onde se paga m\u00e1is e por m\u00e1is conceptos aos profesionais da asistencia xur\u00eddica gratu\u00edta\"}]},{\"@type\":\"WebSite\",\"@id\":\"https:\\\/\\\/ppdegalicia.com\\\/es\\\/#website\",\"url\":\"https:\\\/\\\/ppdegalicia.com\\\/es\\\/\",\"name\":\"Partido Popular de Galicia\",\"description\":\"Partido Popular de Galicia\",\"publisher\":{\"@id\":\"https:\\\/\\\/ppdegalicia.com\\\/es\\\/#organization\"},\"alternateName\":\"PP de Galicia\",\"potentialAction\":[{\"@type\":\"SearchAction\",\"target\":{\"@type\":\"EntryPoint\",\"urlTemplate\":\"https:\\\/\\\/ppdegalicia.com\\\/es\\\/?s={search_term_string}\"},\"query-input\":{\"@type\":\"PropertyValueSpecification\",\"valueRequired\":true,\"valueName\":\"search_term_string\"}}],\"inLanguage\":\"es\"},{\"@type\":\"Organization\",\"@id\":\"https:\\\/\\\/ppdegalicia.com\\\/es\\\/#organization\",\"name\":\"Partido Popular de Galicia\",\"alternateName\":\"PP de Galicia\",\"url\":\"https:\\\/\\\/ppdegalicia.com\\\/es\\\/\",\"logo\":{\"@type\":\"ImageObject\",\"inLanguage\":\"es\",\"@id\":\"https:\\\/\\\/ppdegalicia.com\\\/es\\\/#\\\/schema\\\/logo\\\/image\\\/\",\"url\":\"https:\\\/\\\/ppdegalicia.com\\\/wp-content\\\/uploads\\\/2023\\\/04\\\/logoPP512.png\",\"contentUrl\":\"https:\\\/\\\/ppdegalicia.com\\\/wp-content\\\/uploads\\\/2023\\\/04\\\/logoPP512.png\",\"width\":512,\"height\":512,\"caption\":\"Partido Popular de Galicia\"},\"image\":{\"@id\":\"https:\\\/\\\/ppdegalicia.com\\\/es\\\/#\\\/schema\\\/logo\\\/image\\\/\"},\"sameAs\":[\"https:\\\/\\\/www.instagram.com\\\/ppdegalicia\\\/\",\"https:\\\/\\\/x.com\\\/ppdegalicia\",\"https:\\\/\\\/www.tiktok.com\\\/@ppdegalicia\",\"https:\\\/\\\/www.youtube.com\\\/user\\\/ppdegalicia\"]},{\"@type\":\"Person\",\"@id\":\"https:\\\/\\\/ppdegalicia.com\\\/es\\\/#\\\/schema\\\/person\\\/5b822c6f59e872ebdd1142f307dbcb59\",\"name\":\"ppdegaliciaredes\",\"image\":{\"@type\":\"ImageObject\",\"inLanguage\":\"es\",\"@id\":\"https:\\\/\\\/secure.gravatar.com\\\/avatar\\\/3c9179cf0256d00c72a48d1f25783c58b6842cd56e85ef3a572881c8e28ccd59?s=96&d=mm&r=g\",\"url\":\"https:\\\/\\\/secure.gravatar.com\\\/avatar\\\/3c9179cf0256d00c72a48d1f25783c58b6842cd56e85ef3a572881c8e28ccd59?s=96&d=mm&r=g\",\"contentUrl\":\"https:\\\/\\\/secure.gravatar.com\\\/avatar\\\/3c9179cf0256d00c72a48d1f25783c58b6842cd56e85ef3a572881c8e28ccd59?s=96&d=mm&r=g\",\"caption\":\"ppdegaliciaredes\"},\"url\":\"https:\\\/\\\/ppdegalicia.com\\\/es\\\/author\\\/ppdegaliciaredes\\\/\"}]}<\/script>\n<!-- \/ Yoast SEO plugin. -->","yoast_head_json":{"title":"O PPdeG asegura que Galicia \u00e9 das comunidades onde se paga m\u00e1is e por m\u00e1is conceptos aos profesionais da asistencia xur\u00eddica gratu\u00edta - PP de Galicia","description":"O deputado do Grupo Popular Roberto Rodr\u00edguez asegurou hoxe no Parlamento galego que Galicia \u00e9 unha das comunidades aut\u00f3nomas onde se paga m\u00e1is e por m\u00e1is conceptos aos profesionais que prestan asistencia xur\u00eddica gratu\u00edta en favor das persoas sen recursos suficientes. En concreto, cifrou en m\u00e1is de 18,5 mill\u00f3ns de euros a partida econ\u00f3mica que a Xunta destinar\u00e1 este ano a este servizo, un 20 por cento m\u00e1is que no 2025.","robots":{"index":"index","follow":"follow","max-snippet":"max-snippet:-1","max-image-preview":"max-image-preview:large","max-video-preview":"max-video-preview:-1"},"canonical":"https:\/\/ppdegalicia.com\/es\/o-ppdeg-asegura-que-galicia-e-das-comunidades-onde-se-paga-mais-e-por-mais-conceptos-aos-profesionais-da-asistencia-xuridica-gratuita\/","og_locale":"es_ES","og_type":"article","og_title":"O PPdeG asegura que Galicia \u00e9 das comunidades onde se paga m\u00e1is e por m\u00e1is conceptos aos profesionais da asistencia xur\u00eddica gratu\u00edta - PP de Galicia","og_description":"O deputado do Grupo Popular Roberto Rodr\u00edguez asegurou hoxe no Parlamento galego que Galicia \u00e9 unha das comunidades aut\u00f3nomas onde se paga m\u00e1is e por m\u00e1is conceptos aos profesionais que prestan asistencia xur\u00eddica gratu\u00edta en favor das persoas sen recursos suficientes. En concreto, cifrou en m\u00e1is de 18,5 mill\u00f3ns de euros a partida econ\u00f3mica que a Xunta destinar\u00e1 este ano a este servizo, un 20 por cento m\u00e1is que no 2025.","og_url":"https:\/\/ppdegalicia.com\/es\/o-ppdeg-asegura-que-galicia-e-das-comunidades-onde-se-paga-mais-e-por-mais-conceptos-aos-profesionais-da-asistencia-xuridica-gratuita\/","og_site_name":"PP de Galicia","article_publisher":"https:\/\/www.instagram.com\/ppdegalicia\/","article_published_time":"2026-01-21T12:19:51+00:00","og_image":[{"width":2560,"height":1708,"url":"https:\/\/ppdegalicia.com\/wp-content\/uploads\/2026\/01\/Roberto-Rodriguez-na-Comision-1a-scaled.jpg","type":"image\/jpeg"}],"author":"ppdegaliciaredes","twitter_card":"summary_large_image","twitter_creator":"@ppdegalicia","twitter_site":"@ppdegalicia","twitter_misc":{"Escrito por":"ppdegaliciaredes","Tiempo de lectura":"3 minutos"},"schema":{"@context":"https:\/\/schema.org","@graph":[{"@type":"Article","@id":"https:\/\/ppdegalicia.com\/es\/o-ppdeg-asegura-que-galicia-e-das-comunidades-onde-se-paga-mais-e-por-mais-conceptos-aos-profesionais-da-asistencia-xuridica-gratuita\/#article","isPartOf":{"@id":"https:\/\/ppdegalicia.com\/es\/o-ppdeg-asegura-que-galicia-e-das-comunidades-onde-se-paga-mais-e-por-mais-conceptos-aos-profesionais-da-asistencia-xuridica-gratuita\/"},"author":{"name":"ppdegaliciaredes","@id":"https:\/\/ppdegalicia.com\/es\/#\/schema\/person\/5b822c6f59e872ebdd1142f307dbcb59"},"headline":"O PPdeG asegura que Galicia \u00e9 das comunidades onde se paga m\u00e1is e por m\u00e1is conceptos aos profesionais da asistencia xur\u00eddica gratu\u00edta","datePublished":"2026-01-21T12:19:51+00:00","mainEntityOfPage":{"@id":"https:\/\/ppdegalicia.com\/es\/o-ppdeg-asegura-que-galicia-e-das-comunidades-onde-se-paga-mais-e-por-mais-conceptos-aos-profesionais-da-asistencia-xuridica-gratuita\/"},"wordCount":395,"publisher":{"@id":"https:\/\/ppdegalicia.com\/es\/#organization"},"image":{"@id":"https:\/\/ppdegalicia.com\/es\/o-ppdeg-asegura-que-galicia-e-das-comunidades-onde-se-paga-mais-e-por-mais-conceptos-aos-profesionais-da-asistencia-xuridica-gratuita\/#primaryimage"},"thumbnailUrl":"https:\/\/ppdegalicia.com\/wp-content\/uploads\/2026\/01\/Roberto-Rodriguez-na-Comision-1a-scaled.jpg","articleSection":["Parlamento de Galicia"],"inLanguage":"es"},{"@type":"WebPage","@id":"https:\/\/ppdegalicia.com\/es\/o-ppdeg-asegura-que-galicia-e-das-comunidades-onde-se-paga-mais-e-por-mais-conceptos-aos-profesionais-da-asistencia-xuridica-gratuita\/","url":"https:\/\/ppdegalicia.com\/es\/o-ppdeg-asegura-que-galicia-e-das-comunidades-onde-se-paga-mais-e-por-mais-conceptos-aos-profesionais-da-asistencia-xuridica-gratuita\/","name":"O PPdeG asegura que Galicia \u00e9 das comunidades onde se paga m\u00e1is e por m\u00e1is conceptos aos profesionais da asistencia xur\u00eddica gratu\u00edta - PP de Galicia","isPartOf":{"@id":"https:\/\/ppdegalicia.com\/es\/#website"},"primaryImageOfPage":{"@id":"https:\/\/ppdegalicia.com\/es\/o-ppdeg-asegura-que-galicia-e-das-comunidades-onde-se-paga-mais-e-por-mais-conceptos-aos-profesionais-da-asistencia-xuridica-gratuita\/#primaryimage"},"image":{"@id":"https:\/\/ppdegalicia.com\/es\/o-ppdeg-asegura-que-galicia-e-das-comunidades-onde-se-paga-mais-e-por-mais-conceptos-aos-profesionais-da-asistencia-xuridica-gratuita\/#primaryimage"},"thumbnailUrl":"https:\/\/ppdegalicia.com\/wp-content\/uploads\/2026\/01\/Roberto-Rodriguez-na-Comision-1a-scaled.jpg","datePublished":"2026-01-21T12:19:51+00:00","description":"O deputado do Grupo Popular Roberto Rodr\u00edguez asegurou hoxe no Parlamento galego que Galicia \u00e9 unha das comunidades aut\u00f3nomas onde se paga m\u00e1is e por m\u00e1is conceptos aos profesionais que prestan asistencia xur\u00eddica gratu\u00edta en favor das persoas sen recursos suficientes. En concreto, cifrou en m\u00e1is de 18,5 mill\u00f3ns de euros a partida econ\u00f3mica que a Xunta destinar\u00e1 este ano a este servizo, un 20 por cento m\u00e1is que no 2025.","breadcrumb":{"@id":"https:\/\/ppdegalicia.com\/es\/o-ppdeg-asegura-que-galicia-e-das-comunidades-onde-se-paga-mais-e-por-mais-conceptos-aos-profesionais-da-asistencia-xuridica-gratuita\/#breadcrumb"},"inLanguage":"es","potentialAction":[{"@type":"ReadAction","target":["https:\/\/ppdegalicia.com\/es\/o-ppdeg-asegura-que-galicia-e-das-comunidades-onde-se-paga-mais-e-por-mais-conceptos-aos-profesionais-da-asistencia-xuridica-gratuita\/"]}]},{"@type":"ImageObject","inLanguage":"es","@id":"https:\/\/ppdegalicia.com\/es\/o-ppdeg-asegura-que-galicia-e-das-comunidades-onde-se-paga-mais-e-por-mais-conceptos-aos-profesionais-da-asistencia-xuridica-gratuita\/#primaryimage","url":"https:\/\/ppdegalicia.com\/wp-content\/uploads\/2026\/01\/Roberto-Rodriguez-na-Comision-1a-scaled.jpg","contentUrl":"https:\/\/ppdegalicia.com\/wp-content\/uploads\/2026\/01\/Roberto-Rodriguez-na-Comision-1a-scaled.jpg","width":2560,"height":1708},{"@type":"BreadcrumbList","@id":"https:\/\/ppdegalicia.com\/es\/o-ppdeg-asegura-que-galicia-e-das-comunidades-onde-se-paga-mais-e-por-mais-conceptos-aos-profesionais-da-asistencia-xuridica-gratuita\/#breadcrumb","itemListElement":[{"@type":"ListItem","position":1,"name":"Portada","item":"https:\/\/ppdegalicia.com\/es\/"},{"@type":"ListItem","position":2,"name":"O PPdeG asegura que Galicia \u00e9 das comunidades onde se paga m\u00e1is e por m\u00e1is conceptos aos profesionais da asistencia xur\u00eddica gratu\u00edta"}]},{"@type":"WebSite","@id":"https:\/\/ppdegalicia.com\/es\/#website","url":"https:\/\/ppdegalicia.com\/es\/","name":"Partido Popular de Galicia","description":"Partido Popular de Galicia","publisher":{"@id":"https:\/\/ppdegalicia.com\/es\/#organization"},"alternateName":"PP de Galicia","potentialAction":[{"@type":"SearchAction","target":{"@type":"EntryPoint","urlTemplate":"https:\/\/ppdegalicia.com\/es\/?s={search_term_string}"},"query-input":{"@type":"PropertyValueSpecification","valueRequired":true,"valueName":"search_term_string"}}],"inLanguage":"es"},{"@type":"Organization","@id":"https:\/\/ppdegalicia.com\/es\/#organization","name":"Partido Popular de Galicia","alternateName":"PP de Galicia","url":"https:\/\/ppdegalicia.com\/es\/","logo":{"@type":"ImageObject","inLanguage":"es","@id":"https:\/\/ppdegalicia.com\/es\/#\/schema\/logo\/image\/","url":"https:\/\/ppdegalicia.com\/wp-content\/uploads\/2023\/04\/logoPP512.png","contentUrl":"https:\/\/ppdegalicia.com\/wp-content\/uploads\/2023\/04\/logoPP512.png","width":512,"height":512,"caption":"Partido Popular de Galicia"},"image":{"@id":"https:\/\/ppdegalicia.com\/es\/#\/schema\/logo\/image\/"},"sameAs":["https:\/\/www.instagram.com\/ppdegalicia\/","https:\/\/x.com\/ppdegalicia","https:\/\/www.tiktok.com\/@ppdegalicia","https:\/\/www.youtube.com\/user\/ppdegalicia"]},{"@type":"Person","@id":"https:\/\/ppdegalicia.com\/es\/#\/schema\/person\/5b822c6f59e872ebdd1142f307dbcb59","name":"ppdegaliciaredes","image":{"@type":"ImageObject","inLanguage":"es","@id":"https:\/\/secure.gravatar.com\/avatar\/3c9179cf0256d00c72a48d1f25783c58b6842cd56e85ef3a572881c8e28ccd59?s=96&d=mm&r=g","url":"https:\/\/secure.gravatar.com\/avatar\/3c9179cf0256d00c72a48d1f25783c58b6842cd56e85ef3a572881c8e28ccd59?s=96&d=mm&r=g","contentUrl":"https:\/\/secure.gravatar.com\/avatar\/3c9179cf0256d00c72a48d1f25783c58b6842cd56e85ef3a572881c8e28ccd59?s=96&d=mm&r=g","caption":"ppdegaliciaredes"},"url":"https:\/\/ppdegalicia.com\/es\/author\/ppdegaliciaredes\/"}]}},"_links":{"self":[{"href":"https:\/\/ppdegalicia.com\/es\/wp-json\/wp\/v2\/posts\/69840","targetHints":{"allow":["GET"]}}],"collection":[{"href":"https:\/\/ppdegalicia.com\/es\/wp-json\/wp\/v2\/posts"}],"about":[{"href":"https:\/\/ppdegalicia.com\/es\/wp-json\/wp\/v2\/types\/post"}],"author":[{"embeddable":true,"href":"https:\/\/ppdegalicia.com\/es\/wp-json\/wp\/v2\/users\/38"}],"replies":[{"embeddable":true,"href":"https:\/\/ppdegalicia.com\/es\/wp-json\/wp\/v2\/comments?post=69840"}],"version-history":[{"count":1,"href":"https:\/\/ppdegalicia.com\/es\/wp-json\/wp\/v2\/posts\/69840\/revisions"}],"predecessor-version":[{"id":69843,"href":"https:\/\/ppdegalicia.com\/es\/wp-json\/wp\/v2\/posts\/69840\/revisions\/69843"}],"wp:featuredmedia":[{"embeddable":true,"href":"https:\/\/ppdegalicia.com\/es\/wp-json\/wp\/v2\/media\/69841"}],"wp:attachment":[{"href":"https:\/\/ppdegalicia.com\/es\/wp-json\/wp\/v2\/media?parent=69840"}],"wp:term":[{"taxonomy":"category","embeddable":true,"href":"https:\/\/ppdegalicia.com\/es\/wp-json\/wp\/v2\/categories?post=69840"},{"taxonomy":"post_tag","embeddable":true,"href":"https:\/\/ppdegalicia.com\/es\/wp-json\/wp\/v2\/tags?post=69840"}],"curies":[{"name":"wp","href":"https:\/\/api.w.org\/{rel}","templated":true}]}}