{"id":69845,"date":"2026-01-21T13:38:38","date_gmt":"2026-01-21T12:38:38","guid":{"rendered":"https:\/\/ppdegalicia.com\/?p=69845"},"modified":"2026-01-21T13:38:38","modified_gmt":"2026-01-21T12:38:38","slug":"millan-mon-defiende-que-la-ue-trabaje-por-restaurar-la-democracia-en-venezuela-tienen-que-poder-decidir-su-futuro","status":"publish","type":"post","link":"https:\/\/ppdegalicia.com\/es\/millan-mon-defiende-que-la-ue-trabaje-por-restaurar-la-democracia-en-venezuela-tienen-que-poder-decidir-su-futuro\/","title":{"rendered":"Mill\u00e1n Mon defiende que la UE trabaje por restaurar la democracia en Venezuela: \u201cTienen que poder decidir su futuro\u201d"},"content":{"rendered":"<p>El eurodiputado del PPdeG Francisco Mill\u00e1n Mon defendi\u00f3 en el Pleno del Parlamento Europeo, celebrado en Estrasburgo, que la Uni\u00f3n Europea debe respaldar a quienes trabajan por restaurar la democracia, el Estado de Derecho y el respeto a los derechos humanos en Venezuela. \u201cLos venezolanos tienen que poder decidir su futuro, como ya lo hicieron en las elecciones de 2024\u201d, se\u00f1al\u00f3.<\/p>\n<p>Mill\u00e1n Mon afirm\u00f3 que, tras la ca\u00edda del dictador Nicol\u00e1s Maduro, Venezuela vive \u201cun momento tan esperanzador como crucial\u201d, y subray\u00f3 la responsabilidad de la Uni\u00f3n Europea de apoyar e impulsar una transici\u00f3n democr\u00e1tica r\u00e1pida y efectiva.<\/p>\n<p>El eurodiputado gallego calific\u00f3 la liberaci\u00f3n de algunos presos pol\u00edticos como \u201cun paso positivo, pero muy insuficiente\u201d, y subray\u00f3 que debe continuar hasta lograr la liberaci\u00f3n de todos ellos.<\/p>\n<p>Asimismo, apost\u00f3 por un di\u00e1logo inclusivo en el que participe la oposici\u00f3n democr\u00e1tica, cuyos lideres son Edmundo Gonz\u00e1lez y Mar\u00eda Corina Machado, como claros vencedores de las elecciones de julio de 2024 con cerca del 70% de los votos. \u00abTambi\u00e9n es fundamental que la Uni\u00f3n Europea mantenga un contacto regular con ellos\u201d, recalc\u00f3.<\/p>\n<p>Por \u00faltimo, destac\u00f3 tambi\u00e9n la necesidad de dialogar con Estados Unidos sobre la situaci\u00f3n en Venezuela, por ser \u201cla potencia indispensable\u201d, y anim\u00f3 a la Uni\u00f3n Europea a actuar de forma proactiva para tratar de influir \u2014aunque sea dif\u00edcil\u2014 con nuestros planteamientos en las posiciones de Washington. \u201cDesde la UE tenemos que acompa\u00f1ar con determinaci\u00f3n al pueblo venezolano en su camino hacia la democracia y la libertad\u201d, concluy\u00f3.<\/p>\n","protected":false},"excerpt":{"rendered":"<p>El eurodiputado del PPdeG Francisco Mill\u00e1n Mon defendi\u00f3 en el Pleno del Parlamento Europeo, celebrado en Estrasburgo, que la Uni\u00f3n Europea debe respaldar a quienes trabajan por restaurar la democracia, el Estado de Derecho y el respeto a los derechos humanos en Venezuela. \u201cLos venezolanos tienen que poder decidir su futuro, como ya lo hicieron [&hellip;]<\/p>\n","protected":false},"author":38,"featured_media":69849,"comment_status":"closed","ping_status":"open","sticky":false,"template":"","format":"standard","meta":{"_acf_changed":false,"footnotes":""},"categories":[1127],"tags":[],"class_list":["post-69845","post","type-post","status-publish","format-standard","has-post-thumbnail","hentry","category-actualidad-parlamento-europeo"],"acf":[],"yoast_head":"<!-- This site is optimized with the Yoast SEO plugin v27.3 - https:\/\/yoast.com\/product\/yoast-seo-wordpress\/ -->\n<title>Mill\u00e1n Mon defiende que la UE trabaje por restaurar la democracia en Venezuela: \u201cTienen que poder decidir su futuro\u201d - PP de Galicia<\/title>\n<meta name=\"description\" content=\"El eurodiputado del PPdeG Francisco Mill\u00e1n Mon defendi\u00f3 en el Pleno del Parlamento Europeo, celebrado en Estrasburgo, que la Uni\u00f3n Europea debe respaldar a quienes trabajan por restaurar la democracia, el Estado de Derecho y el respeto a los derechos humanos en Venezuela. \u201cLos venezolanos tienen que poder decidir su futuro, como ya lo hicieron en las elecciones de 2024\u201d, se\u00f1al\u00f3.\" \/>\n<meta name=\"robots\" content=\"index, follow, max-snippet:-1, max-image-preview:large, max-video-preview:-1\" \/>\n<link rel=\"canonical\" href=\"https:\/\/ppdegalicia.com\/es\/millan-mon-defiende-que-la-ue-trabaje-por-restaurar-la-democracia-en-venezuela-tienen-que-poder-decidir-su-futuro\/\" \/>\n<meta property=\"og:locale\" content=\"es_ES\" \/>\n<meta property=\"og:type\" content=\"article\" \/>\n<meta property=\"og:title\" content=\"Mill\u00e1n Mon defiende que la UE trabaje por restaurar la democracia en Venezuela: \u201cTienen que poder decidir su futuro\u201d - PP de Galicia\" \/>\n<meta property=\"og:description\" content=\"El eurodiputado del PPdeG Francisco Mill\u00e1n Mon defendi\u00f3 en el Pleno del Parlamento Europeo, celebrado en Estrasburgo, que la Uni\u00f3n Europea debe respaldar a quienes trabajan por restaurar la democracia, el Estado de Derecho y el respeto a los derechos humanos en Venezuela. \u201cLos venezolanos tienen que poder decidir su futuro, como ya lo hicieron en las elecciones de 2024\u201d, se\u00f1al\u00f3.\" \/>\n<meta property=\"og:url\" content=\"https:\/\/ppdegalicia.com\/es\/millan-mon-defiende-que-la-ue-trabaje-por-restaurar-la-democracia-en-venezuela-tienen-que-poder-decidir-su-futuro\/\" \/>\n<meta property=\"og:site_name\" content=\"PP de Galicia\" \/>\n<meta property=\"article:publisher\" content=\"https:\/\/www.instagram.com\/ppdegalicia\/\" \/>\n<meta property=\"article:published_time\" content=\"2026-01-21T12:38:38+00:00\" \/>\n<meta property=\"og:image\" content=\"https:\/\/ppdegalicia.com\/wp-content\/uploads\/2026\/01\/20260121_MillanMon_Venezuela-scaled.jpg\" \/>\n\t<meta property=\"og:image:width\" content=\"2560\" \/>\n\t<meta property=\"og:image:height\" content=\"1707\" \/>\n\t<meta property=\"og:image:type\" content=\"image\/jpeg\" \/>\n<meta name=\"author\" content=\"ppdegaliciaredes\" \/>\n<meta name=\"twitter:card\" content=\"summary_large_image\" \/>\n<meta name=\"twitter:creator\" content=\"@ppdegalicia\" \/>\n<meta name=\"twitter:site\" content=\"@ppdegalicia\" \/>\n<meta name=\"twitter:label1\" content=\"Escrito por\" \/>\n\t<meta name=\"twitter:data1\" content=\"ppdegaliciaredes\" \/>\n\t<meta name=\"twitter:label2\" content=\"Tiempo de lectura\" \/>\n\t<meta name=\"twitter:data2\" content=\"2 minutos\" \/>\n<script type=\"application\/ld+json\" class=\"yoast-schema-graph\">{\"@context\":\"https:\\\/\\\/schema.org\",\"@graph\":[{\"@type\":\"Article\",\"@id\":\"https:\\\/\\\/ppdegalicia.com\\\/es\\\/millan-mon-defiende-que-la-ue-trabaje-por-restaurar-la-democracia-en-venezuela-tienen-que-poder-decidir-su-futuro\\\/#article\",\"isPartOf\":{\"@id\":\"https:\\\/\\\/ppdegalicia.com\\\/es\\\/millan-mon-defiende-que-la-ue-trabaje-por-restaurar-la-democracia-en-venezuela-tienen-que-poder-decidir-su-futuro\\\/\"},\"author\":{\"name\":\"ppdegaliciaredes\",\"@id\":\"https:\\\/\\\/ppdegalicia.com\\\/es\\\/#\\\/schema\\\/person\\\/5b822c6f59e872ebdd1142f307dbcb59\"},\"headline\":\"Mill\u00e1n Mon defiende que la UE trabaje por restaurar la democracia en Venezuela: \u201cTienen que poder decidir su futuro\u201d\",\"datePublished\":\"2026-01-21T12:38:38+00:00\",\"mainEntityOfPage\":{\"@id\":\"https:\\\/\\\/ppdegalicia.com\\\/es\\\/millan-mon-defiende-que-la-ue-trabaje-por-restaurar-la-democracia-en-venezuela-tienen-que-poder-decidir-su-futuro\\\/\"},\"wordCount\":291,\"publisher\":{\"@id\":\"https:\\\/\\\/ppdegalicia.com\\\/es\\\/#organization\"},\"image\":{\"@id\":\"https:\\\/\\\/ppdegalicia.com\\\/es\\\/millan-mon-defiende-que-la-ue-trabaje-por-restaurar-la-democracia-en-venezuela-tienen-que-poder-decidir-su-futuro\\\/#primaryimage\"},\"thumbnailUrl\":\"https:\\\/\\\/ppdegalicia.com\\\/wp-content\\\/uploads\\\/2026\\\/01\\\/20260121_MillanMon_Venezuela-scaled.jpg\",\"articleSection\":[\"Parlamento Europeo\"],\"inLanguage\":\"es\"},{\"@type\":\"WebPage\",\"@id\":\"https:\\\/\\\/ppdegalicia.com\\\/es\\\/millan-mon-defiende-que-la-ue-trabaje-por-restaurar-la-democracia-en-venezuela-tienen-que-poder-decidir-su-futuro\\\/\",\"url\":\"https:\\\/\\\/ppdegalicia.com\\\/es\\\/millan-mon-defiende-que-la-ue-trabaje-por-restaurar-la-democracia-en-venezuela-tienen-que-poder-decidir-su-futuro\\\/\",\"name\":\"Mill\u00e1n Mon defiende que la UE trabaje por restaurar la democracia en Venezuela: \u201cTienen que poder decidir su futuro\u201d - PP de Galicia\",\"isPartOf\":{\"@id\":\"https:\\\/\\\/ppdegalicia.com\\\/es\\\/#website\"},\"primaryImageOfPage\":{\"@id\":\"https:\\\/\\\/ppdegalicia.com\\\/es\\\/millan-mon-defiende-que-la-ue-trabaje-por-restaurar-la-democracia-en-venezuela-tienen-que-poder-decidir-su-futuro\\\/#primaryimage\"},\"image\":{\"@id\":\"https:\\\/\\\/ppdegalicia.com\\\/es\\\/millan-mon-defiende-que-la-ue-trabaje-por-restaurar-la-democracia-en-venezuela-tienen-que-poder-decidir-su-futuro\\\/#primaryimage\"},\"thumbnailUrl\":\"https:\\\/\\\/ppdegalicia.com\\\/wp-content\\\/uploads\\\/2026\\\/01\\\/20260121_MillanMon_Venezuela-scaled.jpg\",\"datePublished\":\"2026-01-21T12:38:38+00:00\",\"description\":\"El eurodiputado del PPdeG Francisco Mill\u00e1n Mon defendi\u00f3 en el Pleno del Parlamento Europeo, celebrado en Estrasburgo, que la Uni\u00f3n Europea debe respaldar a quienes trabajan por restaurar la democracia, el Estado de Derecho y el respeto a los derechos humanos en Venezuela. \u201cLos venezolanos tienen que poder decidir su futuro, como ya lo hicieron en las elecciones de 2024\u201d, se\u00f1al\u00f3.\",\"breadcrumb\":{\"@id\":\"https:\\\/\\\/ppdegalicia.com\\\/es\\\/millan-mon-defiende-que-la-ue-trabaje-por-restaurar-la-democracia-en-venezuela-tienen-que-poder-decidir-su-futuro\\\/#breadcrumb\"},\"inLanguage\":\"es\",\"potentialAction\":[{\"@type\":\"ReadAction\",\"target\":[\"https:\\\/\\\/ppdegalicia.com\\\/es\\\/millan-mon-defiende-que-la-ue-trabaje-por-restaurar-la-democracia-en-venezuela-tienen-que-poder-decidir-su-futuro\\\/\"]}]},{\"@type\":\"ImageObject\",\"inLanguage\":\"es\",\"@id\":\"https:\\\/\\\/ppdegalicia.com\\\/es\\\/millan-mon-defiende-que-la-ue-trabaje-por-restaurar-la-democracia-en-venezuela-tienen-que-poder-decidir-su-futuro\\\/#primaryimage\",\"url\":\"https:\\\/\\\/ppdegalicia.com\\\/wp-content\\\/uploads\\\/2026\\\/01\\\/20260121_MillanMon_Venezuela-scaled.jpg\",\"contentUrl\":\"https:\\\/\\\/ppdegalicia.com\\\/wp-content\\\/uploads\\\/2026\\\/01\\\/20260121_MillanMon_Venezuela-scaled.jpg\",\"width\":2560,\"height\":1707},{\"@type\":\"BreadcrumbList\",\"@id\":\"https:\\\/\\\/ppdegalicia.com\\\/es\\\/millan-mon-defiende-que-la-ue-trabaje-por-restaurar-la-democracia-en-venezuela-tienen-que-poder-decidir-su-futuro\\\/#breadcrumb\",\"itemListElement\":[{\"@type\":\"ListItem\",\"position\":1,\"name\":\"Portada\",\"item\":\"https:\\\/\\\/ppdegalicia.com\\\/es\\\/\"},{\"@type\":\"ListItem\",\"position\":2,\"name\":\"Mill\u00e1n Mon defiende que la UE trabaje por restaurar la democracia en Venezuela: \u201cTienen que poder decidir su futuro\u201d\"}]},{\"@type\":\"WebSite\",\"@id\":\"https:\\\/\\\/ppdegalicia.com\\\/es\\\/#website\",\"url\":\"https:\\\/\\\/ppdegalicia.com\\\/es\\\/\",\"name\":\"Partido Popular de Galicia\",\"description\":\"Partido Popular de Galicia\",\"publisher\":{\"@id\":\"https:\\\/\\\/ppdegalicia.com\\\/es\\\/#organization\"},\"alternateName\":\"PP de Galicia\",\"potentialAction\":[{\"@type\":\"SearchAction\",\"target\":{\"@type\":\"EntryPoint\",\"urlTemplate\":\"https:\\\/\\\/ppdegalicia.com\\\/es\\\/?s={search_term_string}\"},\"query-input\":{\"@type\":\"PropertyValueSpecification\",\"valueRequired\":true,\"valueName\":\"search_term_string\"}}],\"inLanguage\":\"es\"},{\"@type\":\"Organization\",\"@id\":\"https:\\\/\\\/ppdegalicia.com\\\/es\\\/#organization\",\"name\":\"Partido Popular de Galicia\",\"alternateName\":\"PP de Galicia\",\"url\":\"https:\\\/\\\/ppdegalicia.com\\\/es\\\/\",\"logo\":{\"@type\":\"ImageObject\",\"inLanguage\":\"es\",\"@id\":\"https:\\\/\\\/ppdegalicia.com\\\/es\\\/#\\\/schema\\\/logo\\\/image\\\/\",\"url\":\"https:\\\/\\\/ppdegalicia.com\\\/wp-content\\\/uploads\\\/2023\\\/04\\\/logoPP512.png\",\"contentUrl\":\"https:\\\/\\\/ppdegalicia.com\\\/wp-content\\\/uploads\\\/2023\\\/04\\\/logoPP512.png\",\"width\":512,\"height\":512,\"caption\":\"Partido Popular de Galicia\"},\"image\":{\"@id\":\"https:\\\/\\\/ppdegalicia.com\\\/es\\\/#\\\/schema\\\/logo\\\/image\\\/\"},\"sameAs\":[\"https:\\\/\\\/www.instagram.com\\\/ppdegalicia\\\/\",\"https:\\\/\\\/x.com\\\/ppdegalicia\",\"https:\\\/\\\/www.tiktok.com\\\/@ppdegalicia\",\"https:\\\/\\\/www.youtube.com\\\/user\\\/ppdegalicia\"]},{\"@type\":\"Person\",\"@id\":\"https:\\\/\\\/ppdegalicia.com\\\/es\\\/#\\\/schema\\\/person\\\/5b822c6f59e872ebdd1142f307dbcb59\",\"name\":\"ppdegaliciaredes\",\"image\":{\"@type\":\"ImageObject\",\"inLanguage\":\"es\",\"@id\":\"https:\\\/\\\/secure.gravatar.com\\\/avatar\\\/3c9179cf0256d00c72a48d1f25783c58b6842cd56e85ef3a572881c8e28ccd59?s=96&d=mm&r=g\",\"url\":\"https:\\\/\\\/secure.gravatar.com\\\/avatar\\\/3c9179cf0256d00c72a48d1f25783c58b6842cd56e85ef3a572881c8e28ccd59?s=96&d=mm&r=g\",\"contentUrl\":\"https:\\\/\\\/secure.gravatar.com\\\/avatar\\\/3c9179cf0256d00c72a48d1f25783c58b6842cd56e85ef3a572881c8e28ccd59?s=96&d=mm&r=g\",\"caption\":\"ppdegaliciaredes\"},\"url\":\"https:\\\/\\\/ppdegalicia.com\\\/es\\\/author\\\/ppdegaliciaredes\\\/\"}]}<\/script>\n<!-- \/ Yoast SEO plugin. -->","yoast_head_json":{"title":"Mill\u00e1n Mon defiende que la UE trabaje por restaurar la democracia en Venezuela: \u201cTienen que poder decidir su futuro\u201d - PP de Galicia","description":"El eurodiputado del PPdeG Francisco Mill\u00e1n Mon defendi\u00f3 en el Pleno del Parlamento Europeo, celebrado en Estrasburgo, que la Uni\u00f3n Europea debe respaldar a quienes trabajan por restaurar la democracia, el Estado de Derecho y el respeto a los derechos humanos en Venezuela. \u201cLos venezolanos tienen que poder decidir su futuro, como ya lo hicieron en las elecciones de 2024\u201d, se\u00f1al\u00f3.","robots":{"index":"index","follow":"follow","max-snippet":"max-snippet:-1","max-image-preview":"max-image-preview:large","max-video-preview":"max-video-preview:-1"},"canonical":"https:\/\/ppdegalicia.com\/es\/millan-mon-defiende-que-la-ue-trabaje-por-restaurar-la-democracia-en-venezuela-tienen-que-poder-decidir-su-futuro\/","og_locale":"es_ES","og_type":"article","og_title":"Mill\u00e1n Mon defiende que la UE trabaje por restaurar la democracia en Venezuela: \u201cTienen que poder decidir su futuro\u201d - PP de Galicia","og_description":"El eurodiputado del PPdeG Francisco Mill\u00e1n Mon defendi\u00f3 en el Pleno del Parlamento Europeo, celebrado en Estrasburgo, que la Uni\u00f3n Europea debe respaldar a quienes trabajan por restaurar la democracia, el Estado de Derecho y el respeto a los derechos humanos en Venezuela. \u201cLos venezolanos tienen que poder decidir su futuro, como ya lo hicieron en las elecciones de 2024\u201d, se\u00f1al\u00f3.","og_url":"https:\/\/ppdegalicia.com\/es\/millan-mon-defiende-que-la-ue-trabaje-por-restaurar-la-democracia-en-venezuela-tienen-que-poder-decidir-su-futuro\/","og_site_name":"PP de Galicia","article_publisher":"https:\/\/www.instagram.com\/ppdegalicia\/","article_published_time":"2026-01-21T12:38:38+00:00","og_image":[{"width":2560,"height":1707,"url":"https:\/\/ppdegalicia.com\/wp-content\/uploads\/2026\/01\/20260121_MillanMon_Venezuela-scaled.jpg","type":"image\/jpeg"}],"author":"ppdegaliciaredes","twitter_card":"summary_large_image","twitter_creator":"@ppdegalicia","twitter_site":"@ppdegalicia","twitter_misc":{"Escrito por":"ppdegaliciaredes","Tiempo de lectura":"2 minutos"},"schema":{"@context":"https:\/\/schema.org","@graph":[{"@type":"Article","@id":"https:\/\/ppdegalicia.com\/es\/millan-mon-defiende-que-la-ue-trabaje-por-restaurar-la-democracia-en-venezuela-tienen-que-poder-decidir-su-futuro\/#article","isPartOf":{"@id":"https:\/\/ppdegalicia.com\/es\/millan-mon-defiende-que-la-ue-trabaje-por-restaurar-la-democracia-en-venezuela-tienen-que-poder-decidir-su-futuro\/"},"author":{"name":"ppdegaliciaredes","@id":"https:\/\/ppdegalicia.com\/es\/#\/schema\/person\/5b822c6f59e872ebdd1142f307dbcb59"},"headline":"Mill\u00e1n Mon defiende que la UE trabaje por restaurar la democracia en Venezuela: \u201cTienen que poder decidir su futuro\u201d","datePublished":"2026-01-21T12:38:38+00:00","mainEntityOfPage":{"@id":"https:\/\/ppdegalicia.com\/es\/millan-mon-defiende-que-la-ue-trabaje-por-restaurar-la-democracia-en-venezuela-tienen-que-poder-decidir-su-futuro\/"},"wordCount":291,"publisher":{"@id":"https:\/\/ppdegalicia.com\/es\/#organization"},"image":{"@id":"https:\/\/ppdegalicia.com\/es\/millan-mon-defiende-que-la-ue-trabaje-por-restaurar-la-democracia-en-venezuela-tienen-que-poder-decidir-su-futuro\/#primaryimage"},"thumbnailUrl":"https:\/\/ppdegalicia.com\/wp-content\/uploads\/2026\/01\/20260121_MillanMon_Venezuela-scaled.jpg","articleSection":["Parlamento Europeo"],"inLanguage":"es"},{"@type":"WebPage","@id":"https:\/\/ppdegalicia.com\/es\/millan-mon-defiende-que-la-ue-trabaje-por-restaurar-la-democracia-en-venezuela-tienen-que-poder-decidir-su-futuro\/","url":"https:\/\/ppdegalicia.com\/es\/millan-mon-defiende-que-la-ue-trabaje-por-restaurar-la-democracia-en-venezuela-tienen-que-poder-decidir-su-futuro\/","name":"Mill\u00e1n Mon defiende que la UE trabaje por restaurar la democracia en Venezuela: \u201cTienen que poder decidir su futuro\u201d - PP de Galicia","isPartOf":{"@id":"https:\/\/ppdegalicia.com\/es\/#website"},"primaryImageOfPage":{"@id":"https:\/\/ppdegalicia.com\/es\/millan-mon-defiende-que-la-ue-trabaje-por-restaurar-la-democracia-en-venezuela-tienen-que-poder-decidir-su-futuro\/#primaryimage"},"image":{"@id":"https:\/\/ppdegalicia.com\/es\/millan-mon-defiende-que-la-ue-trabaje-por-restaurar-la-democracia-en-venezuela-tienen-que-poder-decidir-su-futuro\/#primaryimage"},"thumbnailUrl":"https:\/\/ppdegalicia.com\/wp-content\/uploads\/2026\/01\/20260121_MillanMon_Venezuela-scaled.jpg","datePublished":"2026-01-21T12:38:38+00:00","description":"El eurodiputado del PPdeG Francisco Mill\u00e1n Mon defendi\u00f3 en el Pleno del Parlamento Europeo, celebrado en Estrasburgo, que la Uni\u00f3n Europea debe respaldar a quienes trabajan por restaurar la democracia, el Estado de Derecho y el respeto a los derechos humanos en Venezuela. \u201cLos venezolanos tienen que poder decidir su futuro, como ya lo hicieron en las elecciones de 2024\u201d, se\u00f1al\u00f3.","breadcrumb":{"@id":"https:\/\/ppdegalicia.com\/es\/millan-mon-defiende-que-la-ue-trabaje-por-restaurar-la-democracia-en-venezuela-tienen-que-poder-decidir-su-futuro\/#breadcrumb"},"inLanguage":"es","potentialAction":[{"@type":"ReadAction","target":["https:\/\/ppdegalicia.com\/es\/millan-mon-defiende-que-la-ue-trabaje-por-restaurar-la-democracia-en-venezuela-tienen-que-poder-decidir-su-futuro\/"]}]},{"@type":"ImageObject","inLanguage":"es","@id":"https:\/\/ppdegalicia.com\/es\/millan-mon-defiende-que-la-ue-trabaje-por-restaurar-la-democracia-en-venezuela-tienen-que-poder-decidir-su-futuro\/#primaryimage","url":"https:\/\/ppdegalicia.com\/wp-content\/uploads\/2026\/01\/20260121_MillanMon_Venezuela-scaled.jpg","contentUrl":"https:\/\/ppdegalicia.com\/wp-content\/uploads\/2026\/01\/20260121_MillanMon_Venezuela-scaled.jpg","width":2560,"height":1707},{"@type":"BreadcrumbList","@id":"https:\/\/ppdegalicia.com\/es\/millan-mon-defiende-que-la-ue-trabaje-por-restaurar-la-democracia-en-venezuela-tienen-que-poder-decidir-su-futuro\/#breadcrumb","itemListElement":[{"@type":"ListItem","position":1,"name":"Portada","item":"https:\/\/ppdegalicia.com\/es\/"},{"@type":"ListItem","position":2,"name":"Mill\u00e1n Mon defiende que la UE trabaje por restaurar la democracia en Venezuela: \u201cTienen que poder decidir su futuro\u201d"}]},{"@type":"WebSite","@id":"https:\/\/ppdegalicia.com\/es\/#website","url":"https:\/\/ppdegalicia.com\/es\/","name":"Partido Popular de Galicia","description":"Partido Popular de Galicia","publisher":{"@id":"https:\/\/ppdegalicia.com\/es\/#organization"},"alternateName":"PP de Galicia","potentialAction":[{"@type":"SearchAction","target":{"@type":"EntryPoint","urlTemplate":"https:\/\/ppdegalicia.com\/es\/?s={search_term_string}"},"query-input":{"@type":"PropertyValueSpecification","valueRequired":true,"valueName":"search_term_string"}}],"inLanguage":"es"},{"@type":"Organization","@id":"https:\/\/ppdegalicia.com\/es\/#organization","name":"Partido Popular de Galicia","alternateName":"PP de Galicia","url":"https:\/\/ppdegalicia.com\/es\/","logo":{"@type":"ImageObject","inLanguage":"es","@id":"https:\/\/ppdegalicia.com\/es\/#\/schema\/logo\/image\/","url":"https:\/\/ppdegalicia.com\/wp-content\/uploads\/2023\/04\/logoPP512.png","contentUrl":"https:\/\/ppdegalicia.com\/wp-content\/uploads\/2023\/04\/logoPP512.png","width":512,"height":512,"caption":"Partido Popular de Galicia"},"image":{"@id":"https:\/\/ppdegalicia.com\/es\/#\/schema\/logo\/image\/"},"sameAs":["https:\/\/www.instagram.com\/ppdegalicia\/","https:\/\/x.com\/ppdegalicia","https:\/\/www.tiktok.com\/@ppdegalicia","https:\/\/www.youtube.com\/user\/ppdegalicia"]},{"@type":"Person","@id":"https:\/\/ppdegalicia.com\/es\/#\/schema\/person\/5b822c6f59e872ebdd1142f307dbcb59","name":"ppdegaliciaredes","image":{"@type":"ImageObject","inLanguage":"es","@id":"https:\/\/secure.gravatar.com\/avatar\/3c9179cf0256d00c72a48d1f25783c58b6842cd56e85ef3a572881c8e28ccd59?s=96&d=mm&r=g","url":"https:\/\/secure.gravatar.com\/avatar\/3c9179cf0256d00c72a48d1f25783c58b6842cd56e85ef3a572881c8e28ccd59?s=96&d=mm&r=g","contentUrl":"https:\/\/secure.gravatar.com\/avatar\/3c9179cf0256d00c72a48d1f25783c58b6842cd56e85ef3a572881c8e28ccd59?s=96&d=mm&r=g","caption":"ppdegaliciaredes"},"url":"https:\/\/ppdegalicia.com\/es\/author\/ppdegaliciaredes\/"}]}},"_links":{"self":[{"href":"https:\/\/ppdegalicia.com\/es\/wp-json\/wp\/v2\/posts\/69845","targetHints":{"allow":["GET"]}}],"collection":[{"href":"https:\/\/ppdegalicia.com\/es\/wp-json\/wp\/v2\/posts"}],"about":[{"href":"https:\/\/ppdegalicia.com\/es\/wp-json\/wp\/v2\/types\/post"}],"author":[{"embeddable":true,"href":"https:\/\/ppdegalicia.com\/es\/wp-json\/wp\/v2\/users\/38"}],"replies":[{"embeddable":true,"href":"https:\/\/ppdegalicia.com\/es\/wp-json\/wp\/v2\/comments?post=69845"}],"version-history":[{"count":1,"href":"https:\/\/ppdegalicia.com\/es\/wp-json\/wp\/v2\/posts\/69845\/revisions"}],"predecessor-version":[{"id":69851,"href":"https:\/\/ppdegalicia.com\/es\/wp-json\/wp\/v2\/posts\/69845\/revisions\/69851"}],"wp:featuredmedia":[{"embeddable":true,"href":"https:\/\/ppdegalicia.com\/es\/wp-json\/wp\/v2\/media\/69849"}],"wp:attachment":[{"href":"https:\/\/ppdegalicia.com\/es\/wp-json\/wp\/v2\/media?parent=69845"}],"wp:term":[{"taxonomy":"category","embeddable":true,"href":"https:\/\/ppdegalicia.com\/es\/wp-json\/wp\/v2\/categories?post=69845"},{"taxonomy":"post_tag","embeddable":true,"href":"https:\/\/ppdegalicia.com\/es\/wp-json\/wp\/v2\/tags?post=69845"}],"curies":[{"name":"wp","href":"https:\/\/api.w.org\/{rel}","templated":true}]}}