{"id":69862,"date":"2026-01-21T10:14:53","date_gmt":"2026-01-21T09:14:53","guid":{"rendered":"https:\/\/ppdegalicia.com\/?p=69862"},"modified":"2026-01-22T10:16:50","modified_gmt":"2026-01-22T09:16:50","slug":"o-parlamento-de-galicia-rexeita-a-proposta-da-comision-europea-que-dilue-a-politica-de-cohesion-centraliza-a-xestion-de-fondos-europeos-e-elimina-criterios-obxectivos-de-asignacion-territorial","status":"publish","type":"post","link":"https:\/\/ppdegalicia.com\/es\/o-parlamento-de-galicia-rexeita-a-proposta-da-comision-europea-que-dilue-a-politica-de-cohesion-centraliza-a-xestion-de-fondos-europeos-e-elimina-criterios-obxectivos-de-asignacion-territorial\/","title":{"rendered":"O Parlamento de Galicia rexeita a proposta da Comisi\u00f3n Europea que dil\u00fae a pol\u00edtica de cohesi\u00f3n, centraliza a xesti\u00f3n de fondos europeos e elimina criterios obxectivos de asignaci\u00f3n territorial"},"content":{"rendered":"<p>O Parlamento de Galicia amosou hoxe, a trav\u00e9s dunha proposici\u00f3n non de lei do Grupo Popular, \u00e1 que se opuxo o PSdeG e se abstivo o BNG, o seu rexeitamento frontal \u00e1 proposta da Comisi\u00f3n Europea que dil\u00fae a pol\u00edtica de cohesi\u00f3n, centraliza a xesti\u00f3n dos fondos europeos e elimina criterios obxectivos e transparentes de asignaci\u00f3n territorial. Neste sentido, es\u00edxese ao Goberno central que incorpore de forma real e efectiva \u00e1s comunidades aut\u00f3nomas no proceso de negociaci\u00f3n do futuro Marco Financeiro Plurianual, po\u00f1endo fin a calquera proposta unilateral e garantindo a transparencia e a lealdade institucional.<\/p>\n<p>A deputada popular Kati Varela lembrou que a pol\u00edtica de cohesi\u00f3n \u201cconstit\u00fae a principal pol\u00edtica de investimento da Uni\u00f3n Europea, co obxectivo de apoiar a creaci\u00f3n de emprego, a competitividade empresarial, o crecemento econ\u00f3mico, o desenvolvemento sustentable e a mellora da calidade de vida dos cidad\u00e1ns en todas as rexi\u00f3ns da Uni\u00f3n Europea\u201d.<\/p>\n<p>\u201cPara Galicia, esta pol\u00edtica foi determinante na modernizaci\u00f3n de infraestruturas, o apoio ao sector primario, o desenvolvemento rural e urbano, a mellora da conectividade, o impulso industrial e a correcci\u00f3n de desequilibrios estruturais derivados da dispersi\u00f3n territorial, o envellecemento demogr\u00e1fico e a transici\u00f3n econ\u00f3mica\u201d, sinalou a deputada popular.<\/p>\n<p>Por\u00e9n, lamentou que a proposta presentada pola Comisi\u00f3n Europea no Marco Financeiro Plurianual posterior a 2027 introduce un cambio de modelo que sup\u00f3n unha ameaza directa para a pol\u00edtica de cohesi\u00f3n. \u201cA concentraci\u00f3n de fondos en instrumentos de car\u00e1cter xeral, o reforzo de plans nacionais \u00fanicos e a tendencia a unha maior centralizaci\u00f3n na toma de decisi\u00f3ns pon en risco a cohesi\u00f3n econ\u00f3mica, social e territorial recollida nos tratados da Uni\u00f3n Europea\u201d, sinalou.<\/p>\n<p><strong>O GOBERNO DE ESPA\u00d1A, SEN POSICI\u00d3N CLARA<\/strong><\/p>\n<p>Kat\u00ed Varela apuntou que estas novas orientaci\u00f3ns \u201cnon s\u00f3 debilitan o papel das rexi\u00f3ns, sen\u00f3n que prexudican de forma directa a comunidades como Galicia, con realidades econ\u00f3micas, sociais e territoriais espec\u00edficas que non poden ser atendidas mediante soluci\u00f3ns uniformes desde enfoques centralizados\u201d.<\/p>\n<p>\u201cResulta especialmente preocupante que o Goberno de Espa\u00f1a non fixara nin fixera p\u00fablica unha posici\u00f3n clara sobre esta cuesti\u00f3n, mantendo unha actitude de indefinici\u00f3n que debilita a defensa dos intereses das comunidades aut\u00f3nomas e xera incerteza sobre o futuro de pol\u00edticas esenciais para Galicia\u201d, sinalou a deputada popular. Ademais, anotou que \u201ca ausencia dunha postura expl\u00edcita por parte do Goberno central sup\u00f3n unha falla de transparencia e lealdade institucional, e coloca a Galicia e ao conxunto de comunidades aut\u00f3nomas nunha posici\u00f3n sen precedentes no proceso de negociaci\u00f3n europea\u201d.<\/p>\n<p>E iniciativa aprobada hoxe solicita a defensa de xeito prioritario de sectores estrat\u00e9xicos para Galicia, reclamando unha Pol\u00edtica Agraria Com\u00fan forte, estable e axeitadamente financiada, que garanta a viabilidade do sector agrario e o mantemento do medio rural; unha pol\u00edtica pesqueira que respecte as especificidades das rexi\u00f3ns costeiras, o peso socioecon\u00f3mico do sector e a sostibilidade da actividade; e instrumentos espec\u00edficos e suficientes para o desenvolvemento rural, a pol\u00edtica urbana integrada, a industria, a innovaci\u00f3n, o transporte e a conectividade, e a loita contra el reto demogr\u00e1fico.<\/p>\n","protected":false},"excerpt":{"rendered":"<p>O Parlamento de Galicia amosou hoxe, a trav\u00e9s dunha proposici\u00f3n non de lei do Grupo Popular, \u00e1 que se opuxo o PSdeG e se abstivo o BNG, o seu rexeitamento frontal \u00e1 proposta da Comisi\u00f3n Europea que dil\u00fae a pol\u00edtica de cohesi\u00f3n, centraliza a xesti\u00f3n dos fondos europeos e elimina criterios obxectivos e transparentes de [&hellip;]<\/p>\n","protected":false},"author":38,"featured_media":69863,"comment_status":"closed","ping_status":"open","sticky":false,"template":"","format":"standard","meta":{"_acf_changed":false,"footnotes":""},"categories":[1128],"tags":[],"class_list":["post-69862","post","type-post","status-publish","format-standard","has-post-thumbnail","hentry","category-actualidad-parlamento-de-galicia"],"acf":[],"yoast_head":"<!-- This site is optimized with the Yoast SEO plugin v27.3 - https:\/\/yoast.com\/product\/yoast-seo-wordpress\/ -->\n<title>O Parlamento de Galicia rexeita a proposta da Comisi\u00f3n Europea que dil\u00fae a pol\u00edtica de cohesi\u00f3n, centraliza a xesti\u00f3n de fondos europeos e elimina criterios obxectivos de asignaci\u00f3n territorial - PP de Galicia<\/title>\n<meta name=\"description\" content=\"O Parlamento de Galicia amosou hoxe, a trav\u00e9s dunha proposici\u00f3n non de lei do Grupo Popular, \u00e1 que se opuxo o PSdeG e se abstivo o BNG, o seu rexeitamento frontal \u00e1 proposta da Comisi\u00f3n Europea que dil\u00fae a pol\u00edtica de cohesi\u00f3n, centraliza a xesti\u00f3n dos fondos europeos e elimina criterios obxectivos e transparentes de asignaci\u00f3n territorial. Neste sentido, es\u00edxese ao Goberno central que incorpore de forma real e efectiva \u00e1s comunidades aut\u00f3nomas no proceso de negociaci\u00f3n do futuro Marco Financeiro Plurianual, po\u00f1endo fin a calquera proposta unilateral e garantindo a transparencia e a lealdade institucional.\" \/>\n<meta name=\"robots\" content=\"index, follow, max-snippet:-1, max-image-preview:large, max-video-preview:-1\" \/>\n<link rel=\"canonical\" href=\"https:\/\/ppdegalicia.com\/es\/o-parlamento-de-galicia-rexeita-a-proposta-da-comision-europea-que-dilue-a-politica-de-cohesion-centraliza-a-xestion-de-fondos-europeos-e-elimina-criterios-obxectivos-de-asignacion-territorial\/\" \/>\n<meta property=\"og:locale\" content=\"es_ES\" \/>\n<meta property=\"og:type\" content=\"article\" \/>\n<meta property=\"og:title\" content=\"O Parlamento de Galicia rexeita a proposta da Comisi\u00f3n Europea que dil\u00fae a pol\u00edtica de cohesi\u00f3n, centraliza a xesti\u00f3n de fondos europeos e elimina criterios obxectivos de asignaci\u00f3n territorial - PP de Galicia\" \/>\n<meta property=\"og:description\" content=\"O Parlamento de Galicia amosou hoxe, a trav\u00e9s dunha proposici\u00f3n non de lei do Grupo Popular, \u00e1 que se opuxo o PSdeG e se abstivo o BNG, o seu rexeitamento frontal \u00e1 proposta da Comisi\u00f3n Europea que dil\u00fae a pol\u00edtica de cohesi\u00f3n, centraliza a xesti\u00f3n dos fondos europeos e elimina criterios obxectivos e transparentes de asignaci\u00f3n territorial. Neste sentido, es\u00edxese ao Goberno central que incorpore de forma real e efectiva \u00e1s comunidades aut\u00f3nomas no proceso de negociaci\u00f3n do futuro Marco Financeiro Plurianual, po\u00f1endo fin a calquera proposta unilateral e garantindo a transparencia e a lealdade institucional.\" \/>\n<meta property=\"og:url\" content=\"https:\/\/ppdegalicia.com\/es\/o-parlamento-de-galicia-rexeita-a-proposta-da-comision-europea-que-dilue-a-politica-de-cohesion-centraliza-a-xestion-de-fondos-europeos-e-elimina-criterios-obxectivos-de-asignacion-territorial\/\" \/>\n<meta property=\"og:site_name\" content=\"PP de Galicia\" \/>\n<meta property=\"article:publisher\" content=\"https:\/\/www.instagram.com\/ppdegalicia\/\" \/>\n<meta property=\"article:published_time\" content=\"2026-01-21T09:14:53+00:00\" \/>\n<meta property=\"article:modified_time\" content=\"2026-01-22T09:16:50+00:00\" \/>\n<meta property=\"og:image\" content=\"https:\/\/ppdegalicia.com\/wp-content\/uploads\/2026\/01\/20260121_C1a-12-scaled.jpg\" \/>\n\t<meta property=\"og:image:width\" content=\"2560\" \/>\n\t<meta property=\"og:image:height\" content=\"1707\" \/>\n\t<meta property=\"og:image:type\" content=\"image\/jpeg\" \/>\n<meta name=\"author\" content=\"ppdegaliciaredes\" \/>\n<meta name=\"twitter:card\" content=\"summary_large_image\" \/>\n<meta name=\"twitter:creator\" content=\"@ppdegalicia\" \/>\n<meta name=\"twitter:site\" content=\"@ppdegalicia\" \/>\n<meta name=\"twitter:label1\" content=\"Escrito por\" \/>\n\t<meta name=\"twitter:data1\" content=\"ppdegaliciaredes\" \/>\n\t<meta name=\"twitter:label2\" content=\"Tiempo de lectura\" \/>\n\t<meta name=\"twitter:data2\" content=\"3 minutos\" \/>\n<script type=\"application\/ld+json\" class=\"yoast-schema-graph\">{\"@context\":\"https:\\\/\\\/schema.org\",\"@graph\":[{\"@type\":\"Article\",\"@id\":\"https:\\\/\\\/ppdegalicia.com\\\/es\\\/o-parlamento-de-galicia-rexeita-a-proposta-da-comision-europea-que-dilue-a-politica-de-cohesion-centraliza-a-xestion-de-fondos-europeos-e-elimina-criterios-obxectivos-de-asignacion-territorial\\\/#article\",\"isPartOf\":{\"@id\":\"https:\\\/\\\/ppdegalicia.com\\\/es\\\/o-parlamento-de-galicia-rexeita-a-proposta-da-comision-europea-que-dilue-a-politica-de-cohesion-centraliza-a-xestion-de-fondos-europeos-e-elimina-criterios-obxectivos-de-asignacion-territorial\\\/\"},\"author\":{\"name\":\"ppdegaliciaredes\",\"@id\":\"https:\\\/\\\/ppdegalicia.com\\\/es\\\/#\\\/schema\\\/person\\\/5b822c6f59e872ebdd1142f307dbcb59\"},\"headline\":\"O Parlamento de Galicia rexeita a proposta da Comisi\u00f3n Europea que dil\u00fae a pol\u00edtica de cohesi\u00f3n, centraliza a xesti\u00f3n de fondos europeos e elimina criterios obxectivos de asignaci\u00f3n territorial\",\"datePublished\":\"2026-01-21T09:14:53+00:00\",\"dateModified\":\"2026-01-22T09:16:50+00:00\",\"mainEntityOfPage\":{\"@id\":\"https:\\\/\\\/ppdegalicia.com\\\/es\\\/o-parlamento-de-galicia-rexeita-a-proposta-da-comision-europea-que-dilue-a-politica-de-cohesion-centraliza-a-xestion-de-fondos-europeos-e-elimina-criterios-obxectivos-de-asignacion-territorial\\\/\"},\"wordCount\":597,\"publisher\":{\"@id\":\"https:\\\/\\\/ppdegalicia.com\\\/es\\\/#organization\"},\"image\":{\"@id\":\"https:\\\/\\\/ppdegalicia.com\\\/es\\\/o-parlamento-de-galicia-rexeita-a-proposta-da-comision-europea-que-dilue-a-politica-de-cohesion-centraliza-a-xestion-de-fondos-europeos-e-elimina-criterios-obxectivos-de-asignacion-territorial\\\/#primaryimage\"},\"thumbnailUrl\":\"https:\\\/\\\/ppdegalicia.com\\\/wp-content\\\/uploads\\\/2026\\\/01\\\/20260121_C1a-12-scaled.jpg\",\"articleSection\":[\"Parlamento de Galicia\"],\"inLanguage\":\"es\"},{\"@type\":\"WebPage\",\"@id\":\"https:\\\/\\\/ppdegalicia.com\\\/es\\\/o-parlamento-de-galicia-rexeita-a-proposta-da-comision-europea-que-dilue-a-politica-de-cohesion-centraliza-a-xestion-de-fondos-europeos-e-elimina-criterios-obxectivos-de-asignacion-territorial\\\/\",\"url\":\"https:\\\/\\\/ppdegalicia.com\\\/es\\\/o-parlamento-de-galicia-rexeita-a-proposta-da-comision-europea-que-dilue-a-politica-de-cohesion-centraliza-a-xestion-de-fondos-europeos-e-elimina-criterios-obxectivos-de-asignacion-territorial\\\/\",\"name\":\"O Parlamento de Galicia rexeita a proposta da Comisi\u00f3n Europea que dil\u00fae a pol\u00edtica de cohesi\u00f3n, centraliza a xesti\u00f3n de fondos europeos e elimina criterios obxectivos de asignaci\u00f3n territorial - PP de Galicia\",\"isPartOf\":{\"@id\":\"https:\\\/\\\/ppdegalicia.com\\\/es\\\/#website\"},\"primaryImageOfPage\":{\"@id\":\"https:\\\/\\\/ppdegalicia.com\\\/es\\\/o-parlamento-de-galicia-rexeita-a-proposta-da-comision-europea-que-dilue-a-politica-de-cohesion-centraliza-a-xestion-de-fondos-europeos-e-elimina-criterios-obxectivos-de-asignacion-territorial\\\/#primaryimage\"},\"image\":{\"@id\":\"https:\\\/\\\/ppdegalicia.com\\\/es\\\/o-parlamento-de-galicia-rexeita-a-proposta-da-comision-europea-que-dilue-a-politica-de-cohesion-centraliza-a-xestion-de-fondos-europeos-e-elimina-criterios-obxectivos-de-asignacion-territorial\\\/#primaryimage\"},\"thumbnailUrl\":\"https:\\\/\\\/ppdegalicia.com\\\/wp-content\\\/uploads\\\/2026\\\/01\\\/20260121_C1a-12-scaled.jpg\",\"datePublished\":\"2026-01-21T09:14:53+00:00\",\"dateModified\":\"2026-01-22T09:16:50+00:00\",\"description\":\"O Parlamento de Galicia amosou hoxe, a trav\u00e9s dunha proposici\u00f3n non de lei do Grupo Popular, \u00e1 que se opuxo o PSdeG e se abstivo o BNG, o seu rexeitamento frontal \u00e1 proposta da Comisi\u00f3n Europea que dil\u00fae a pol\u00edtica de cohesi\u00f3n, centraliza a xesti\u00f3n dos fondos europeos e elimina criterios obxectivos e transparentes de asignaci\u00f3n territorial. Neste sentido, es\u00edxese ao Goberno central que incorpore de forma real e efectiva \u00e1s comunidades aut\u00f3nomas no proceso de negociaci\u00f3n do futuro Marco Financeiro Plurianual, po\u00f1endo fin a calquera proposta unilateral e garantindo a transparencia e a lealdade institucional.\",\"breadcrumb\":{\"@id\":\"https:\\\/\\\/ppdegalicia.com\\\/es\\\/o-parlamento-de-galicia-rexeita-a-proposta-da-comision-europea-que-dilue-a-politica-de-cohesion-centraliza-a-xestion-de-fondos-europeos-e-elimina-criterios-obxectivos-de-asignacion-territorial\\\/#breadcrumb\"},\"inLanguage\":\"es\",\"potentialAction\":[{\"@type\":\"ReadAction\",\"target\":[\"https:\\\/\\\/ppdegalicia.com\\\/es\\\/o-parlamento-de-galicia-rexeita-a-proposta-da-comision-europea-que-dilue-a-politica-de-cohesion-centraliza-a-xestion-de-fondos-europeos-e-elimina-criterios-obxectivos-de-asignacion-territorial\\\/\"]}]},{\"@type\":\"ImageObject\",\"inLanguage\":\"es\",\"@id\":\"https:\\\/\\\/ppdegalicia.com\\\/es\\\/o-parlamento-de-galicia-rexeita-a-proposta-da-comision-europea-que-dilue-a-politica-de-cohesion-centraliza-a-xestion-de-fondos-europeos-e-elimina-criterios-obxectivos-de-asignacion-territorial\\\/#primaryimage\",\"url\":\"https:\\\/\\\/ppdegalicia.com\\\/wp-content\\\/uploads\\\/2026\\\/01\\\/20260121_C1a-12-scaled.jpg\",\"contentUrl\":\"https:\\\/\\\/ppdegalicia.com\\\/wp-content\\\/uploads\\\/2026\\\/01\\\/20260121_C1a-12-scaled.jpg\",\"width\":2560,\"height\":1707},{\"@type\":\"BreadcrumbList\",\"@id\":\"https:\\\/\\\/ppdegalicia.com\\\/es\\\/o-parlamento-de-galicia-rexeita-a-proposta-da-comision-europea-que-dilue-a-politica-de-cohesion-centraliza-a-xestion-de-fondos-europeos-e-elimina-criterios-obxectivos-de-asignacion-territorial\\\/#breadcrumb\",\"itemListElement\":[{\"@type\":\"ListItem\",\"position\":1,\"name\":\"Portada\",\"item\":\"https:\\\/\\\/ppdegalicia.com\\\/es\\\/\"},{\"@type\":\"ListItem\",\"position\":2,\"name\":\"O Parlamento de Galicia rexeita a proposta da Comisi\u00f3n Europea que dil\u00fae a pol\u00edtica de cohesi\u00f3n, centraliza a xesti\u00f3n de fondos europeos e elimina criterios obxectivos de asignaci\u00f3n territorial\"}]},{\"@type\":\"WebSite\",\"@id\":\"https:\\\/\\\/ppdegalicia.com\\\/es\\\/#website\",\"url\":\"https:\\\/\\\/ppdegalicia.com\\\/es\\\/\",\"name\":\"Partido Popular de Galicia\",\"description\":\"Partido Popular de Galicia\",\"publisher\":{\"@id\":\"https:\\\/\\\/ppdegalicia.com\\\/es\\\/#organization\"},\"alternateName\":\"PP de Galicia\",\"potentialAction\":[{\"@type\":\"SearchAction\",\"target\":{\"@type\":\"EntryPoint\",\"urlTemplate\":\"https:\\\/\\\/ppdegalicia.com\\\/es\\\/?s={search_term_string}\"},\"query-input\":{\"@type\":\"PropertyValueSpecification\",\"valueRequired\":true,\"valueName\":\"search_term_string\"}}],\"inLanguage\":\"es\"},{\"@type\":\"Organization\",\"@id\":\"https:\\\/\\\/ppdegalicia.com\\\/es\\\/#organization\",\"name\":\"Partido Popular de Galicia\",\"alternateName\":\"PP de Galicia\",\"url\":\"https:\\\/\\\/ppdegalicia.com\\\/es\\\/\",\"logo\":{\"@type\":\"ImageObject\",\"inLanguage\":\"es\",\"@id\":\"https:\\\/\\\/ppdegalicia.com\\\/es\\\/#\\\/schema\\\/logo\\\/image\\\/\",\"url\":\"https:\\\/\\\/ppdegalicia.com\\\/wp-content\\\/uploads\\\/2023\\\/04\\\/logoPP512.png\",\"contentUrl\":\"https:\\\/\\\/ppdegalicia.com\\\/wp-content\\\/uploads\\\/2023\\\/04\\\/logoPP512.png\",\"width\":512,\"height\":512,\"caption\":\"Partido Popular de Galicia\"},\"image\":{\"@id\":\"https:\\\/\\\/ppdegalicia.com\\\/es\\\/#\\\/schema\\\/logo\\\/image\\\/\"},\"sameAs\":[\"https:\\\/\\\/www.instagram.com\\\/ppdegalicia\\\/\",\"https:\\\/\\\/x.com\\\/ppdegalicia\",\"https:\\\/\\\/www.tiktok.com\\\/@ppdegalicia\",\"https:\\\/\\\/www.youtube.com\\\/user\\\/ppdegalicia\"]},{\"@type\":\"Person\",\"@id\":\"https:\\\/\\\/ppdegalicia.com\\\/es\\\/#\\\/schema\\\/person\\\/5b822c6f59e872ebdd1142f307dbcb59\",\"name\":\"ppdegaliciaredes\",\"image\":{\"@type\":\"ImageObject\",\"inLanguage\":\"es\",\"@id\":\"https:\\\/\\\/secure.gravatar.com\\\/avatar\\\/3c9179cf0256d00c72a48d1f25783c58b6842cd56e85ef3a572881c8e28ccd59?s=96&d=mm&r=g\",\"url\":\"https:\\\/\\\/secure.gravatar.com\\\/avatar\\\/3c9179cf0256d00c72a48d1f25783c58b6842cd56e85ef3a572881c8e28ccd59?s=96&d=mm&r=g\",\"contentUrl\":\"https:\\\/\\\/secure.gravatar.com\\\/avatar\\\/3c9179cf0256d00c72a48d1f25783c58b6842cd56e85ef3a572881c8e28ccd59?s=96&d=mm&r=g\",\"caption\":\"ppdegaliciaredes\"},\"url\":\"https:\\\/\\\/ppdegalicia.com\\\/es\\\/author\\\/ppdegaliciaredes\\\/\"}]}<\/script>\n<!-- \/ Yoast SEO plugin. -->","yoast_head_json":{"title":"O Parlamento de Galicia rexeita a proposta da Comisi\u00f3n Europea que dil\u00fae a pol\u00edtica de cohesi\u00f3n, centraliza a xesti\u00f3n de fondos europeos e elimina criterios obxectivos de asignaci\u00f3n territorial - PP de Galicia","description":"O Parlamento de Galicia amosou hoxe, a trav\u00e9s dunha proposici\u00f3n non de lei do Grupo Popular, \u00e1 que se opuxo o PSdeG e se abstivo o BNG, o seu rexeitamento frontal \u00e1 proposta da Comisi\u00f3n Europea que dil\u00fae a pol\u00edtica de cohesi\u00f3n, centraliza a xesti\u00f3n dos fondos europeos e elimina criterios obxectivos e transparentes de asignaci\u00f3n territorial. Neste sentido, es\u00edxese ao Goberno central que incorpore de forma real e efectiva \u00e1s comunidades aut\u00f3nomas no proceso de negociaci\u00f3n do futuro Marco Financeiro Plurianual, po\u00f1endo fin a calquera proposta unilateral e garantindo a transparencia e a lealdade institucional.","robots":{"index":"index","follow":"follow","max-snippet":"max-snippet:-1","max-image-preview":"max-image-preview:large","max-video-preview":"max-video-preview:-1"},"canonical":"https:\/\/ppdegalicia.com\/es\/o-parlamento-de-galicia-rexeita-a-proposta-da-comision-europea-que-dilue-a-politica-de-cohesion-centraliza-a-xestion-de-fondos-europeos-e-elimina-criterios-obxectivos-de-asignacion-territorial\/","og_locale":"es_ES","og_type":"article","og_title":"O Parlamento de Galicia rexeita a proposta da Comisi\u00f3n Europea que dil\u00fae a pol\u00edtica de cohesi\u00f3n, centraliza a xesti\u00f3n de fondos europeos e elimina criterios obxectivos de asignaci\u00f3n territorial - PP de Galicia","og_description":"O Parlamento de Galicia amosou hoxe, a trav\u00e9s dunha proposici\u00f3n non de lei do Grupo Popular, \u00e1 que se opuxo o PSdeG e se abstivo o BNG, o seu rexeitamento frontal \u00e1 proposta da Comisi\u00f3n Europea que dil\u00fae a pol\u00edtica de cohesi\u00f3n, centraliza a xesti\u00f3n dos fondos europeos e elimina criterios obxectivos e transparentes de asignaci\u00f3n territorial. Neste sentido, es\u00edxese ao Goberno central que incorpore de forma real e efectiva \u00e1s comunidades aut\u00f3nomas no proceso de negociaci\u00f3n do futuro Marco Financeiro Plurianual, po\u00f1endo fin a calquera proposta unilateral e garantindo a transparencia e a lealdade institucional.","og_url":"https:\/\/ppdegalicia.com\/es\/o-parlamento-de-galicia-rexeita-a-proposta-da-comision-europea-que-dilue-a-politica-de-cohesion-centraliza-a-xestion-de-fondos-europeos-e-elimina-criterios-obxectivos-de-asignacion-territorial\/","og_site_name":"PP de Galicia","article_publisher":"https:\/\/www.instagram.com\/ppdegalicia\/","article_published_time":"2026-01-21T09:14:53+00:00","article_modified_time":"2026-01-22T09:16:50+00:00","og_image":[{"width":2560,"height":1707,"url":"https:\/\/ppdegalicia.com\/wp-content\/uploads\/2026\/01\/20260121_C1a-12-scaled.jpg","type":"image\/jpeg"}],"author":"ppdegaliciaredes","twitter_card":"summary_large_image","twitter_creator":"@ppdegalicia","twitter_site":"@ppdegalicia","twitter_misc":{"Escrito por":"ppdegaliciaredes","Tiempo de lectura":"3 minutos"},"schema":{"@context":"https:\/\/schema.org","@graph":[{"@type":"Article","@id":"https:\/\/ppdegalicia.com\/es\/o-parlamento-de-galicia-rexeita-a-proposta-da-comision-europea-que-dilue-a-politica-de-cohesion-centraliza-a-xestion-de-fondos-europeos-e-elimina-criterios-obxectivos-de-asignacion-territorial\/#article","isPartOf":{"@id":"https:\/\/ppdegalicia.com\/es\/o-parlamento-de-galicia-rexeita-a-proposta-da-comision-europea-que-dilue-a-politica-de-cohesion-centraliza-a-xestion-de-fondos-europeos-e-elimina-criterios-obxectivos-de-asignacion-territorial\/"},"author":{"name":"ppdegaliciaredes","@id":"https:\/\/ppdegalicia.com\/es\/#\/schema\/person\/5b822c6f59e872ebdd1142f307dbcb59"},"headline":"O Parlamento de Galicia rexeita a proposta da Comisi\u00f3n Europea que dil\u00fae a pol\u00edtica de cohesi\u00f3n, centraliza a xesti\u00f3n de fondos europeos e elimina criterios obxectivos de asignaci\u00f3n territorial","datePublished":"2026-01-21T09:14:53+00:00","dateModified":"2026-01-22T09:16:50+00:00","mainEntityOfPage":{"@id":"https:\/\/ppdegalicia.com\/es\/o-parlamento-de-galicia-rexeita-a-proposta-da-comision-europea-que-dilue-a-politica-de-cohesion-centraliza-a-xestion-de-fondos-europeos-e-elimina-criterios-obxectivos-de-asignacion-territorial\/"},"wordCount":597,"publisher":{"@id":"https:\/\/ppdegalicia.com\/es\/#organization"},"image":{"@id":"https:\/\/ppdegalicia.com\/es\/o-parlamento-de-galicia-rexeita-a-proposta-da-comision-europea-que-dilue-a-politica-de-cohesion-centraliza-a-xestion-de-fondos-europeos-e-elimina-criterios-obxectivos-de-asignacion-territorial\/#primaryimage"},"thumbnailUrl":"https:\/\/ppdegalicia.com\/wp-content\/uploads\/2026\/01\/20260121_C1a-12-scaled.jpg","articleSection":["Parlamento de Galicia"],"inLanguage":"es"},{"@type":"WebPage","@id":"https:\/\/ppdegalicia.com\/es\/o-parlamento-de-galicia-rexeita-a-proposta-da-comision-europea-que-dilue-a-politica-de-cohesion-centraliza-a-xestion-de-fondos-europeos-e-elimina-criterios-obxectivos-de-asignacion-territorial\/","url":"https:\/\/ppdegalicia.com\/es\/o-parlamento-de-galicia-rexeita-a-proposta-da-comision-europea-que-dilue-a-politica-de-cohesion-centraliza-a-xestion-de-fondos-europeos-e-elimina-criterios-obxectivos-de-asignacion-territorial\/","name":"O Parlamento de Galicia rexeita a proposta da Comisi\u00f3n Europea que dil\u00fae a pol\u00edtica de cohesi\u00f3n, centraliza a xesti\u00f3n de fondos europeos e elimina criterios obxectivos de asignaci\u00f3n territorial - PP de Galicia","isPartOf":{"@id":"https:\/\/ppdegalicia.com\/es\/#website"},"primaryImageOfPage":{"@id":"https:\/\/ppdegalicia.com\/es\/o-parlamento-de-galicia-rexeita-a-proposta-da-comision-europea-que-dilue-a-politica-de-cohesion-centraliza-a-xestion-de-fondos-europeos-e-elimina-criterios-obxectivos-de-asignacion-territorial\/#primaryimage"},"image":{"@id":"https:\/\/ppdegalicia.com\/es\/o-parlamento-de-galicia-rexeita-a-proposta-da-comision-europea-que-dilue-a-politica-de-cohesion-centraliza-a-xestion-de-fondos-europeos-e-elimina-criterios-obxectivos-de-asignacion-territorial\/#primaryimage"},"thumbnailUrl":"https:\/\/ppdegalicia.com\/wp-content\/uploads\/2026\/01\/20260121_C1a-12-scaled.jpg","datePublished":"2026-01-21T09:14:53+00:00","dateModified":"2026-01-22T09:16:50+00:00","description":"O Parlamento de Galicia amosou hoxe, a trav\u00e9s dunha proposici\u00f3n non de lei do Grupo Popular, \u00e1 que se opuxo o PSdeG e se abstivo o BNG, o seu rexeitamento frontal \u00e1 proposta da Comisi\u00f3n Europea que dil\u00fae a pol\u00edtica de cohesi\u00f3n, centraliza a xesti\u00f3n dos fondos europeos e elimina criterios obxectivos e transparentes de asignaci\u00f3n territorial. Neste sentido, es\u00edxese ao Goberno central que incorpore de forma real e efectiva \u00e1s comunidades aut\u00f3nomas no proceso de negociaci\u00f3n do futuro Marco Financeiro Plurianual, po\u00f1endo fin a calquera proposta unilateral e garantindo a transparencia e a lealdade institucional.","breadcrumb":{"@id":"https:\/\/ppdegalicia.com\/es\/o-parlamento-de-galicia-rexeita-a-proposta-da-comision-europea-que-dilue-a-politica-de-cohesion-centraliza-a-xestion-de-fondos-europeos-e-elimina-criterios-obxectivos-de-asignacion-territorial\/#breadcrumb"},"inLanguage":"es","potentialAction":[{"@type":"ReadAction","target":["https:\/\/ppdegalicia.com\/es\/o-parlamento-de-galicia-rexeita-a-proposta-da-comision-europea-que-dilue-a-politica-de-cohesion-centraliza-a-xestion-de-fondos-europeos-e-elimina-criterios-obxectivos-de-asignacion-territorial\/"]}]},{"@type":"ImageObject","inLanguage":"es","@id":"https:\/\/ppdegalicia.com\/es\/o-parlamento-de-galicia-rexeita-a-proposta-da-comision-europea-que-dilue-a-politica-de-cohesion-centraliza-a-xestion-de-fondos-europeos-e-elimina-criterios-obxectivos-de-asignacion-territorial\/#primaryimage","url":"https:\/\/ppdegalicia.com\/wp-content\/uploads\/2026\/01\/20260121_C1a-12-scaled.jpg","contentUrl":"https:\/\/ppdegalicia.com\/wp-content\/uploads\/2026\/01\/20260121_C1a-12-scaled.jpg","width":2560,"height":1707},{"@type":"BreadcrumbList","@id":"https:\/\/ppdegalicia.com\/es\/o-parlamento-de-galicia-rexeita-a-proposta-da-comision-europea-que-dilue-a-politica-de-cohesion-centraliza-a-xestion-de-fondos-europeos-e-elimina-criterios-obxectivos-de-asignacion-territorial\/#breadcrumb","itemListElement":[{"@type":"ListItem","position":1,"name":"Portada","item":"https:\/\/ppdegalicia.com\/es\/"},{"@type":"ListItem","position":2,"name":"O Parlamento de Galicia rexeita a proposta da Comisi\u00f3n Europea que dil\u00fae a pol\u00edtica de cohesi\u00f3n, centraliza a xesti\u00f3n de fondos europeos e elimina criterios obxectivos de asignaci\u00f3n territorial"}]},{"@type":"WebSite","@id":"https:\/\/ppdegalicia.com\/es\/#website","url":"https:\/\/ppdegalicia.com\/es\/","name":"Partido Popular de Galicia","description":"Partido Popular de Galicia","publisher":{"@id":"https:\/\/ppdegalicia.com\/es\/#organization"},"alternateName":"PP de Galicia","potentialAction":[{"@type":"SearchAction","target":{"@type":"EntryPoint","urlTemplate":"https:\/\/ppdegalicia.com\/es\/?s={search_term_string}"},"query-input":{"@type":"PropertyValueSpecification","valueRequired":true,"valueName":"search_term_string"}}],"inLanguage":"es"},{"@type":"Organization","@id":"https:\/\/ppdegalicia.com\/es\/#organization","name":"Partido Popular de Galicia","alternateName":"PP de Galicia","url":"https:\/\/ppdegalicia.com\/es\/","logo":{"@type":"ImageObject","inLanguage":"es","@id":"https:\/\/ppdegalicia.com\/es\/#\/schema\/logo\/image\/","url":"https:\/\/ppdegalicia.com\/wp-content\/uploads\/2023\/04\/logoPP512.png","contentUrl":"https:\/\/ppdegalicia.com\/wp-content\/uploads\/2023\/04\/logoPP512.png","width":512,"height":512,"caption":"Partido Popular de Galicia"},"image":{"@id":"https:\/\/ppdegalicia.com\/es\/#\/schema\/logo\/image\/"},"sameAs":["https:\/\/www.instagram.com\/ppdegalicia\/","https:\/\/x.com\/ppdegalicia","https:\/\/www.tiktok.com\/@ppdegalicia","https:\/\/www.youtube.com\/user\/ppdegalicia"]},{"@type":"Person","@id":"https:\/\/ppdegalicia.com\/es\/#\/schema\/person\/5b822c6f59e872ebdd1142f307dbcb59","name":"ppdegaliciaredes","image":{"@type":"ImageObject","inLanguage":"es","@id":"https:\/\/secure.gravatar.com\/avatar\/3c9179cf0256d00c72a48d1f25783c58b6842cd56e85ef3a572881c8e28ccd59?s=96&d=mm&r=g","url":"https:\/\/secure.gravatar.com\/avatar\/3c9179cf0256d00c72a48d1f25783c58b6842cd56e85ef3a572881c8e28ccd59?s=96&d=mm&r=g","contentUrl":"https:\/\/secure.gravatar.com\/avatar\/3c9179cf0256d00c72a48d1f25783c58b6842cd56e85ef3a572881c8e28ccd59?s=96&d=mm&r=g","caption":"ppdegaliciaredes"},"url":"https:\/\/ppdegalicia.com\/es\/author\/ppdegaliciaredes\/"}]}},"_links":{"self":[{"href":"https:\/\/ppdegalicia.com\/es\/wp-json\/wp\/v2\/posts\/69862","targetHints":{"allow":["GET"]}}],"collection":[{"href":"https:\/\/ppdegalicia.com\/es\/wp-json\/wp\/v2\/posts"}],"about":[{"href":"https:\/\/ppdegalicia.com\/es\/wp-json\/wp\/v2\/types\/post"}],"author":[{"embeddable":true,"href":"https:\/\/ppdegalicia.com\/es\/wp-json\/wp\/v2\/users\/38"}],"replies":[{"embeddable":true,"href":"https:\/\/ppdegalicia.com\/es\/wp-json\/wp\/v2\/comments?post=69862"}],"version-history":[{"count":1,"href":"https:\/\/ppdegalicia.com\/es\/wp-json\/wp\/v2\/posts\/69862\/revisions"}],"predecessor-version":[{"id":69865,"href":"https:\/\/ppdegalicia.com\/es\/wp-json\/wp\/v2\/posts\/69862\/revisions\/69865"}],"wp:featuredmedia":[{"embeddable":true,"href":"https:\/\/ppdegalicia.com\/es\/wp-json\/wp\/v2\/media\/69863"}],"wp:attachment":[{"href":"https:\/\/ppdegalicia.com\/es\/wp-json\/wp\/v2\/media?parent=69862"}],"wp:term":[{"taxonomy":"category","embeddable":true,"href":"https:\/\/ppdegalicia.com\/es\/wp-json\/wp\/v2\/categories?post=69862"},{"taxonomy":"post_tag","embeddable":true,"href":"https:\/\/ppdegalicia.com\/es\/wp-json\/wp\/v2\/tags?post=69862"}],"curies":[{"name":"wp","href":"https:\/\/api.w.org\/{rel}","templated":true}]}}