{"id":69870,"date":"2026-01-22T14:19:13","date_gmt":"2026-01-22T13:19:13","guid":{"rendered":"https:\/\/ppdegalicia.com\/?p=69870"},"modified":"2026-01-22T14:19:13","modified_gmt":"2026-01-22T13:19:13","slug":"o-grupo-popular-critica-a-incongruencia-e-dobre-moral-de-bng-e-psdeg-coa-adecuacion-de-as-gandaras-en-lugo-ao-novo-modelo-de-residencias","status":"publish","type":"post","link":"https:\/\/ppdegalicia.com\/es\/o-grupo-popular-critica-a-incongruencia-e-dobre-moral-de-bng-e-psdeg-coa-adecuacion-de-as-gandaras-en-lugo-ao-novo-modelo-de-residencias\/","title":{"rendered":"O Grupo Popular critica a \u201cincongruencia e dobre moral\u201d de BNG e PSdeG coa adecuaci\u00f3n de As G\u00e1ndaras en Lugo ao novo modelo de residencias"},"content":{"rendered":"<p>A portavoz de Pol\u00edtica Social do Grupo Popular, Raquel Arias, a \u201cincongruencia e dobre moral\u201d de BNG e PSdeG ao criticar a adecuaci\u00f3n da residencia de As G\u00e1ndaras de Lugo ao novo modelo de instalaci\u00f3ns impulsado pola Xunta, ao mesmo tempo que o Concello destina 900.000 euros do servizo de axuda no fogar, no que ten 600 persoas en lista de espera, para a compra de c\u00e1maras de control de tr\u00e1fico.<\/p>\n<p>Raquel Arias cualificou o debate no Parlamento galego dunha iniciativa nacionalista sobre as obras na residencia de As G\u00e1ndaras como \u201cun novo episodio da continua incongruencia na que viven BNG e PSdeG cando falan de prestaci\u00f3n de servizos sociais, cuxa trama consiste en defender vehementemente de palabra os intereses de diferentes colectivos para despois, pola v\u00eda dos feitos, levar a cabo acci\u00f3ns que sempre prexudican a eses mesmos colectivos\u201d.<\/p>\n<p><strong>MAIOR CONFORT PARA OS USUARIOS<\/strong><\/p>\n<p>Ademais da decisi\u00f3n tomada por nacionalistas e socialistas no Concello de Lugo de destinar 900.000 euros do servizo de axuda no fogar para a compra de c\u00e1maras de control de tr\u00e1fico, a portavoz popular lamentou que \u201ccritiquen a xesti\u00f3n indirecta de certos servizos sociais por parte da Xunta cando eles te\u00f1en privatizadas todas as residencias da Deputaci\u00f3n Provincial de Lugo e o propio servizo de axuda no fogar da cidade lucense\u201d.<\/p>\n<p>\u201cA s\u00faa dobre moral chega ao punto de criticar a adecuaci\u00f3n de As G\u00e1ndaras ao novo modelo de residencias da Xunta e esquecer a construci\u00f3n dun aparcadoiro na zona que dea servizo aos veci\u00f1os desta zona\u201d, manifestou.<\/p>\n<p>Arias explicou que as obras de remodelaci\u00f3n que a Xunta est\u00e1 a levar a cabo na residencia p\u00fablica de maiores de As G\u00e1ndaras, por un importe de 8,6 mill\u00f3ns de euros, \u201cdotar\u00e1 de maior confort \u00e1s persoas usuarias a trav\u00e9s da creaci\u00f3n de unidades de convivencia para os usuarios, novos espazos de atenci\u00f3n sanitaria e unha renovaci\u00f3n completa da fachada e as carpinter\u00edas exteriores, ademais de mellorar a accesibilidade ao centro e a reorganizaci\u00f3n dos espazos das habitaci\u00f3ns en varias plantas\u201d.<\/p>\n<p>\u201cOs traballos non van supo\u00f1er, en ning\u00fan caso, unha reduci\u00f3n do n\u00famero de habitaci\u00f3ns individuais das que na actualidade disp\u00f3n a residencia de As G\u00e1ndaras e, unha vez concl\u00faan os traballos, procederase a distribu\u00edr os espazos tratando de respectar as preferencias dos residentes e sempre en funci\u00f3n das necesidades dos coidados que ten cada un deles\u201d, subli\u00f1ou.<\/p>\n","protected":false},"excerpt":{"rendered":"<p>A portavoz de Pol\u00edtica Social do Grupo Popular, Raquel Arias, a \u201cincongruencia e dobre moral\u201d de BNG e PSdeG ao criticar a adecuaci\u00f3n da residencia de As G\u00e1ndaras de Lugo ao novo modelo de instalaci\u00f3ns impulsado pola Xunta, ao mesmo tempo que o Concello destina 900.000 euros do servizo de axuda no fogar, no que [&hellip;]<\/p>\n","protected":false},"author":38,"featured_media":69871,"comment_status":"closed","ping_status":"open","sticky":false,"template":"","format":"standard","meta":{"_acf_changed":false,"footnotes":""},"categories":[1128],"tags":[],"class_list":["post-69870","post","type-post","status-publish","format-standard","has-post-thumbnail","hentry","category-actualidad-parlamento-de-galicia"],"acf":[],"yoast_head":"<!-- This site is optimized with the Yoast SEO plugin v27.3 - https:\/\/yoast.com\/product\/yoast-seo-wordpress\/ -->\n<title>O Grupo Popular critica a \u201cincongruencia e dobre moral\u201d de BNG e PSdeG coa adecuaci\u00f3n de As G\u00e1ndaras en Lugo ao novo modelo de residencias - PP de Galicia<\/title>\n<meta name=\"description\" content=\"A portavoz de Pol\u00edtica Social do Grupo Popular, Raquel Arias, a \u201cincongruencia e dobre moral\u201d de BNG e PSdeG ao criticar a adecuaci\u00f3n da residencia de As G\u00e1ndaras de Lugo ao novo modelo de instalaci\u00f3ns impulsado pola Xunta, ao mesmo tempo que o Concello destina 900.000 euros do servizo de axuda no fogar, no que ten 600 persoas en lista de espera, para a compra de c\u00e1maras de control de tr\u00e1fico.\" \/>\n<meta name=\"robots\" content=\"index, follow, max-snippet:-1, max-image-preview:large, max-video-preview:-1\" \/>\n<link rel=\"canonical\" href=\"https:\/\/ppdegalicia.com\/es\/o-grupo-popular-critica-a-incongruencia-e-dobre-moral-de-bng-e-psdeg-coa-adecuacion-de-as-gandaras-en-lugo-ao-novo-modelo-de-residencias\/\" \/>\n<meta property=\"og:locale\" content=\"es_ES\" \/>\n<meta property=\"og:type\" content=\"article\" \/>\n<meta property=\"og:title\" content=\"O Grupo Popular critica a \u201cincongruencia e dobre moral\u201d de BNG e PSdeG coa adecuaci\u00f3n de As G\u00e1ndaras en Lugo ao novo modelo de residencias - PP de Galicia\" \/>\n<meta property=\"og:description\" content=\"A portavoz de Pol\u00edtica Social do Grupo Popular, Raquel Arias, a \u201cincongruencia e dobre moral\u201d de BNG e PSdeG ao criticar a adecuaci\u00f3n da residencia de As G\u00e1ndaras de Lugo ao novo modelo de instalaci\u00f3ns impulsado pola Xunta, ao mesmo tempo que o Concello destina 900.000 euros do servizo de axuda no fogar, no que ten 600 persoas en lista de espera, para a compra de c\u00e1maras de control de tr\u00e1fico.\" \/>\n<meta property=\"og:url\" content=\"https:\/\/ppdegalicia.com\/es\/o-grupo-popular-critica-a-incongruencia-e-dobre-moral-de-bng-e-psdeg-coa-adecuacion-de-as-gandaras-en-lugo-ao-novo-modelo-de-residencias\/\" \/>\n<meta property=\"og:site_name\" content=\"PP de Galicia\" \/>\n<meta property=\"article:publisher\" content=\"https:\/\/www.instagram.com\/ppdegalicia\/\" \/>\n<meta property=\"article:published_time\" content=\"2026-01-22T13:19:13+00:00\" \/>\n<meta property=\"og:image\" content=\"https:\/\/ppdegalicia.com\/wp-content\/uploads\/2026\/01\/Raquel-Arias-na-Comision-5o-scaled.jpg\" \/>\n\t<meta property=\"og:image:width\" content=\"2560\" \/>\n\t<meta property=\"og:image:height\" content=\"1707\" \/>\n\t<meta property=\"og:image:type\" content=\"image\/jpeg\" \/>\n<meta name=\"author\" content=\"ppdegaliciaredes\" \/>\n<meta name=\"twitter:card\" content=\"summary_large_image\" \/>\n<meta name=\"twitter:creator\" content=\"@ppdegalicia\" \/>\n<meta name=\"twitter:site\" content=\"@ppdegalicia\" \/>\n<meta name=\"twitter:label1\" content=\"Escrito por\" \/>\n\t<meta name=\"twitter:data1\" content=\"ppdegaliciaredes\" \/>\n\t<meta name=\"twitter:label2\" content=\"Tiempo de lectura\" \/>\n\t<meta name=\"twitter:data2\" content=\"3 minutos\" \/>\n<script type=\"application\/ld+json\" class=\"yoast-schema-graph\">{\"@context\":\"https:\\\/\\\/schema.org\",\"@graph\":[{\"@type\":\"Article\",\"@id\":\"https:\\\/\\\/ppdegalicia.com\\\/es\\\/o-grupo-popular-critica-a-incongruencia-e-dobre-moral-de-bng-e-psdeg-coa-adecuacion-de-as-gandaras-en-lugo-ao-novo-modelo-de-residencias\\\/#article\",\"isPartOf\":{\"@id\":\"https:\\\/\\\/ppdegalicia.com\\\/es\\\/o-grupo-popular-critica-a-incongruencia-e-dobre-moral-de-bng-e-psdeg-coa-adecuacion-de-as-gandaras-en-lugo-ao-novo-modelo-de-residencias\\\/\"},\"author\":{\"name\":\"ppdegaliciaredes\",\"@id\":\"https:\\\/\\\/ppdegalicia.com\\\/es\\\/#\\\/schema\\\/person\\\/5b822c6f59e872ebdd1142f307dbcb59\"},\"headline\":\"O Grupo Popular critica a \u201cincongruencia e dobre moral\u201d de BNG e PSdeG coa adecuaci\u00f3n de As G\u00e1ndaras en Lugo ao novo modelo de residencias\",\"datePublished\":\"2026-01-22T13:19:13+00:00\",\"mainEntityOfPage\":{\"@id\":\"https:\\\/\\\/ppdegalicia.com\\\/es\\\/o-grupo-popular-critica-a-incongruencia-e-dobre-moral-de-bng-e-psdeg-coa-adecuacion-de-as-gandaras-en-lugo-ao-novo-modelo-de-residencias\\\/\"},\"wordCount\":457,\"publisher\":{\"@id\":\"https:\\\/\\\/ppdegalicia.com\\\/es\\\/#organization\"},\"image\":{\"@id\":\"https:\\\/\\\/ppdegalicia.com\\\/es\\\/o-grupo-popular-critica-a-incongruencia-e-dobre-moral-de-bng-e-psdeg-coa-adecuacion-de-as-gandaras-en-lugo-ao-novo-modelo-de-residencias\\\/#primaryimage\"},\"thumbnailUrl\":\"https:\\\/\\\/ppdegalicia.com\\\/wp-content\\\/uploads\\\/2026\\\/01\\\/Raquel-Arias-na-Comision-5o-scaled.jpg\",\"articleSection\":[\"Parlamento de Galicia\"],\"inLanguage\":\"es\"},{\"@type\":\"WebPage\",\"@id\":\"https:\\\/\\\/ppdegalicia.com\\\/es\\\/o-grupo-popular-critica-a-incongruencia-e-dobre-moral-de-bng-e-psdeg-coa-adecuacion-de-as-gandaras-en-lugo-ao-novo-modelo-de-residencias\\\/\",\"url\":\"https:\\\/\\\/ppdegalicia.com\\\/es\\\/o-grupo-popular-critica-a-incongruencia-e-dobre-moral-de-bng-e-psdeg-coa-adecuacion-de-as-gandaras-en-lugo-ao-novo-modelo-de-residencias\\\/\",\"name\":\"O Grupo Popular critica a \u201cincongruencia e dobre moral\u201d de BNG e PSdeG coa adecuaci\u00f3n de As G\u00e1ndaras en Lugo ao novo modelo de residencias - PP de Galicia\",\"isPartOf\":{\"@id\":\"https:\\\/\\\/ppdegalicia.com\\\/es\\\/#website\"},\"primaryImageOfPage\":{\"@id\":\"https:\\\/\\\/ppdegalicia.com\\\/es\\\/o-grupo-popular-critica-a-incongruencia-e-dobre-moral-de-bng-e-psdeg-coa-adecuacion-de-as-gandaras-en-lugo-ao-novo-modelo-de-residencias\\\/#primaryimage\"},\"image\":{\"@id\":\"https:\\\/\\\/ppdegalicia.com\\\/es\\\/o-grupo-popular-critica-a-incongruencia-e-dobre-moral-de-bng-e-psdeg-coa-adecuacion-de-as-gandaras-en-lugo-ao-novo-modelo-de-residencias\\\/#primaryimage\"},\"thumbnailUrl\":\"https:\\\/\\\/ppdegalicia.com\\\/wp-content\\\/uploads\\\/2026\\\/01\\\/Raquel-Arias-na-Comision-5o-scaled.jpg\",\"datePublished\":\"2026-01-22T13:19:13+00:00\",\"description\":\"A portavoz de Pol\u00edtica Social do Grupo Popular, Raquel Arias, a \u201cincongruencia e dobre moral\u201d de BNG e PSdeG ao criticar a adecuaci\u00f3n da residencia de As G\u00e1ndaras de Lugo ao novo modelo de instalaci\u00f3ns impulsado pola Xunta, ao mesmo tempo que o Concello destina 900.000 euros do servizo de axuda no fogar, no que ten 600 persoas en lista de espera, para a compra de c\u00e1maras de control de tr\u00e1fico.\",\"breadcrumb\":{\"@id\":\"https:\\\/\\\/ppdegalicia.com\\\/es\\\/o-grupo-popular-critica-a-incongruencia-e-dobre-moral-de-bng-e-psdeg-coa-adecuacion-de-as-gandaras-en-lugo-ao-novo-modelo-de-residencias\\\/#breadcrumb\"},\"inLanguage\":\"es\",\"potentialAction\":[{\"@type\":\"ReadAction\",\"target\":[\"https:\\\/\\\/ppdegalicia.com\\\/es\\\/o-grupo-popular-critica-a-incongruencia-e-dobre-moral-de-bng-e-psdeg-coa-adecuacion-de-as-gandaras-en-lugo-ao-novo-modelo-de-residencias\\\/\"]}]},{\"@type\":\"ImageObject\",\"inLanguage\":\"es\",\"@id\":\"https:\\\/\\\/ppdegalicia.com\\\/es\\\/o-grupo-popular-critica-a-incongruencia-e-dobre-moral-de-bng-e-psdeg-coa-adecuacion-de-as-gandaras-en-lugo-ao-novo-modelo-de-residencias\\\/#primaryimage\",\"url\":\"https:\\\/\\\/ppdegalicia.com\\\/wp-content\\\/uploads\\\/2026\\\/01\\\/Raquel-Arias-na-Comision-5o-scaled.jpg\",\"contentUrl\":\"https:\\\/\\\/ppdegalicia.com\\\/wp-content\\\/uploads\\\/2026\\\/01\\\/Raquel-Arias-na-Comision-5o-scaled.jpg\",\"width\":2560,\"height\":1707},{\"@type\":\"BreadcrumbList\",\"@id\":\"https:\\\/\\\/ppdegalicia.com\\\/es\\\/o-grupo-popular-critica-a-incongruencia-e-dobre-moral-de-bng-e-psdeg-coa-adecuacion-de-as-gandaras-en-lugo-ao-novo-modelo-de-residencias\\\/#breadcrumb\",\"itemListElement\":[{\"@type\":\"ListItem\",\"position\":1,\"name\":\"Portada\",\"item\":\"https:\\\/\\\/ppdegalicia.com\\\/es\\\/\"},{\"@type\":\"ListItem\",\"position\":2,\"name\":\"O Grupo Popular critica a \u201cincongruencia e dobre moral\u201d de BNG e PSdeG coa adecuaci\u00f3n de As G\u00e1ndaras en Lugo ao novo modelo de residencias\"}]},{\"@type\":\"WebSite\",\"@id\":\"https:\\\/\\\/ppdegalicia.com\\\/es\\\/#website\",\"url\":\"https:\\\/\\\/ppdegalicia.com\\\/es\\\/\",\"name\":\"Partido Popular de Galicia\",\"description\":\"Partido Popular de Galicia\",\"publisher\":{\"@id\":\"https:\\\/\\\/ppdegalicia.com\\\/es\\\/#organization\"},\"alternateName\":\"PP de Galicia\",\"potentialAction\":[{\"@type\":\"SearchAction\",\"target\":{\"@type\":\"EntryPoint\",\"urlTemplate\":\"https:\\\/\\\/ppdegalicia.com\\\/es\\\/?s={search_term_string}\"},\"query-input\":{\"@type\":\"PropertyValueSpecification\",\"valueRequired\":true,\"valueName\":\"search_term_string\"}}],\"inLanguage\":\"es\"},{\"@type\":\"Organization\",\"@id\":\"https:\\\/\\\/ppdegalicia.com\\\/es\\\/#organization\",\"name\":\"Partido Popular de Galicia\",\"alternateName\":\"PP de Galicia\",\"url\":\"https:\\\/\\\/ppdegalicia.com\\\/es\\\/\",\"logo\":{\"@type\":\"ImageObject\",\"inLanguage\":\"es\",\"@id\":\"https:\\\/\\\/ppdegalicia.com\\\/es\\\/#\\\/schema\\\/logo\\\/image\\\/\",\"url\":\"https:\\\/\\\/ppdegalicia.com\\\/wp-content\\\/uploads\\\/2023\\\/04\\\/logoPP512.png\",\"contentUrl\":\"https:\\\/\\\/ppdegalicia.com\\\/wp-content\\\/uploads\\\/2023\\\/04\\\/logoPP512.png\",\"width\":512,\"height\":512,\"caption\":\"Partido Popular de Galicia\"},\"image\":{\"@id\":\"https:\\\/\\\/ppdegalicia.com\\\/es\\\/#\\\/schema\\\/logo\\\/image\\\/\"},\"sameAs\":[\"https:\\\/\\\/www.instagram.com\\\/ppdegalicia\\\/\",\"https:\\\/\\\/x.com\\\/ppdegalicia\",\"https:\\\/\\\/www.tiktok.com\\\/@ppdegalicia\",\"https:\\\/\\\/www.youtube.com\\\/user\\\/ppdegalicia\"]},{\"@type\":\"Person\",\"@id\":\"https:\\\/\\\/ppdegalicia.com\\\/es\\\/#\\\/schema\\\/person\\\/5b822c6f59e872ebdd1142f307dbcb59\",\"name\":\"ppdegaliciaredes\",\"image\":{\"@type\":\"ImageObject\",\"inLanguage\":\"es\",\"@id\":\"https:\\\/\\\/secure.gravatar.com\\\/avatar\\\/3c9179cf0256d00c72a48d1f25783c58b6842cd56e85ef3a572881c8e28ccd59?s=96&d=mm&r=g\",\"url\":\"https:\\\/\\\/secure.gravatar.com\\\/avatar\\\/3c9179cf0256d00c72a48d1f25783c58b6842cd56e85ef3a572881c8e28ccd59?s=96&d=mm&r=g\",\"contentUrl\":\"https:\\\/\\\/secure.gravatar.com\\\/avatar\\\/3c9179cf0256d00c72a48d1f25783c58b6842cd56e85ef3a572881c8e28ccd59?s=96&d=mm&r=g\",\"caption\":\"ppdegaliciaredes\"},\"url\":\"https:\\\/\\\/ppdegalicia.com\\\/es\\\/author\\\/ppdegaliciaredes\\\/\"}]}<\/script>\n<!-- \/ Yoast SEO plugin. -->","yoast_head_json":{"title":"O Grupo Popular critica a \u201cincongruencia e dobre moral\u201d de BNG e PSdeG coa adecuaci\u00f3n de As G\u00e1ndaras en Lugo ao novo modelo de residencias - PP de Galicia","description":"A portavoz de Pol\u00edtica Social do Grupo Popular, Raquel Arias, a \u201cincongruencia e dobre moral\u201d de BNG e PSdeG ao criticar a adecuaci\u00f3n da residencia de As G\u00e1ndaras de Lugo ao novo modelo de instalaci\u00f3ns impulsado pola Xunta, ao mesmo tempo que o Concello destina 900.000 euros do servizo de axuda no fogar, no que ten 600 persoas en lista de espera, para a compra de c\u00e1maras de control de tr\u00e1fico.","robots":{"index":"index","follow":"follow","max-snippet":"max-snippet:-1","max-image-preview":"max-image-preview:large","max-video-preview":"max-video-preview:-1"},"canonical":"https:\/\/ppdegalicia.com\/es\/o-grupo-popular-critica-a-incongruencia-e-dobre-moral-de-bng-e-psdeg-coa-adecuacion-de-as-gandaras-en-lugo-ao-novo-modelo-de-residencias\/","og_locale":"es_ES","og_type":"article","og_title":"O Grupo Popular critica a \u201cincongruencia e dobre moral\u201d de BNG e PSdeG coa adecuaci\u00f3n de As G\u00e1ndaras en Lugo ao novo modelo de residencias - PP de Galicia","og_description":"A portavoz de Pol\u00edtica Social do Grupo Popular, Raquel Arias, a \u201cincongruencia e dobre moral\u201d de BNG e PSdeG ao criticar a adecuaci\u00f3n da residencia de As G\u00e1ndaras de Lugo ao novo modelo de instalaci\u00f3ns impulsado pola Xunta, ao mesmo tempo que o Concello destina 900.000 euros do servizo de axuda no fogar, no que ten 600 persoas en lista de espera, para a compra de c\u00e1maras de control de tr\u00e1fico.","og_url":"https:\/\/ppdegalicia.com\/es\/o-grupo-popular-critica-a-incongruencia-e-dobre-moral-de-bng-e-psdeg-coa-adecuacion-de-as-gandaras-en-lugo-ao-novo-modelo-de-residencias\/","og_site_name":"PP de Galicia","article_publisher":"https:\/\/www.instagram.com\/ppdegalicia\/","article_published_time":"2026-01-22T13:19:13+00:00","og_image":[{"width":2560,"height":1707,"url":"https:\/\/ppdegalicia.com\/wp-content\/uploads\/2026\/01\/Raquel-Arias-na-Comision-5o-scaled.jpg","type":"image\/jpeg"}],"author":"ppdegaliciaredes","twitter_card":"summary_large_image","twitter_creator":"@ppdegalicia","twitter_site":"@ppdegalicia","twitter_misc":{"Escrito por":"ppdegaliciaredes","Tiempo de lectura":"3 minutos"},"schema":{"@context":"https:\/\/schema.org","@graph":[{"@type":"Article","@id":"https:\/\/ppdegalicia.com\/es\/o-grupo-popular-critica-a-incongruencia-e-dobre-moral-de-bng-e-psdeg-coa-adecuacion-de-as-gandaras-en-lugo-ao-novo-modelo-de-residencias\/#article","isPartOf":{"@id":"https:\/\/ppdegalicia.com\/es\/o-grupo-popular-critica-a-incongruencia-e-dobre-moral-de-bng-e-psdeg-coa-adecuacion-de-as-gandaras-en-lugo-ao-novo-modelo-de-residencias\/"},"author":{"name":"ppdegaliciaredes","@id":"https:\/\/ppdegalicia.com\/es\/#\/schema\/person\/5b822c6f59e872ebdd1142f307dbcb59"},"headline":"O Grupo Popular critica a \u201cincongruencia e dobre moral\u201d de BNG e PSdeG coa adecuaci\u00f3n de As G\u00e1ndaras en Lugo ao novo modelo de residencias","datePublished":"2026-01-22T13:19:13+00:00","mainEntityOfPage":{"@id":"https:\/\/ppdegalicia.com\/es\/o-grupo-popular-critica-a-incongruencia-e-dobre-moral-de-bng-e-psdeg-coa-adecuacion-de-as-gandaras-en-lugo-ao-novo-modelo-de-residencias\/"},"wordCount":457,"publisher":{"@id":"https:\/\/ppdegalicia.com\/es\/#organization"},"image":{"@id":"https:\/\/ppdegalicia.com\/es\/o-grupo-popular-critica-a-incongruencia-e-dobre-moral-de-bng-e-psdeg-coa-adecuacion-de-as-gandaras-en-lugo-ao-novo-modelo-de-residencias\/#primaryimage"},"thumbnailUrl":"https:\/\/ppdegalicia.com\/wp-content\/uploads\/2026\/01\/Raquel-Arias-na-Comision-5o-scaled.jpg","articleSection":["Parlamento de Galicia"],"inLanguage":"es"},{"@type":"WebPage","@id":"https:\/\/ppdegalicia.com\/es\/o-grupo-popular-critica-a-incongruencia-e-dobre-moral-de-bng-e-psdeg-coa-adecuacion-de-as-gandaras-en-lugo-ao-novo-modelo-de-residencias\/","url":"https:\/\/ppdegalicia.com\/es\/o-grupo-popular-critica-a-incongruencia-e-dobre-moral-de-bng-e-psdeg-coa-adecuacion-de-as-gandaras-en-lugo-ao-novo-modelo-de-residencias\/","name":"O Grupo Popular critica a \u201cincongruencia e dobre moral\u201d de BNG e PSdeG coa adecuaci\u00f3n de As G\u00e1ndaras en Lugo ao novo modelo de residencias - PP de Galicia","isPartOf":{"@id":"https:\/\/ppdegalicia.com\/es\/#website"},"primaryImageOfPage":{"@id":"https:\/\/ppdegalicia.com\/es\/o-grupo-popular-critica-a-incongruencia-e-dobre-moral-de-bng-e-psdeg-coa-adecuacion-de-as-gandaras-en-lugo-ao-novo-modelo-de-residencias\/#primaryimage"},"image":{"@id":"https:\/\/ppdegalicia.com\/es\/o-grupo-popular-critica-a-incongruencia-e-dobre-moral-de-bng-e-psdeg-coa-adecuacion-de-as-gandaras-en-lugo-ao-novo-modelo-de-residencias\/#primaryimage"},"thumbnailUrl":"https:\/\/ppdegalicia.com\/wp-content\/uploads\/2026\/01\/Raquel-Arias-na-Comision-5o-scaled.jpg","datePublished":"2026-01-22T13:19:13+00:00","description":"A portavoz de Pol\u00edtica Social do Grupo Popular, Raquel Arias, a \u201cincongruencia e dobre moral\u201d de BNG e PSdeG ao criticar a adecuaci\u00f3n da residencia de As G\u00e1ndaras de Lugo ao novo modelo de instalaci\u00f3ns impulsado pola Xunta, ao mesmo tempo que o Concello destina 900.000 euros do servizo de axuda no fogar, no que ten 600 persoas en lista de espera, para a compra de c\u00e1maras de control de tr\u00e1fico.","breadcrumb":{"@id":"https:\/\/ppdegalicia.com\/es\/o-grupo-popular-critica-a-incongruencia-e-dobre-moral-de-bng-e-psdeg-coa-adecuacion-de-as-gandaras-en-lugo-ao-novo-modelo-de-residencias\/#breadcrumb"},"inLanguage":"es","potentialAction":[{"@type":"ReadAction","target":["https:\/\/ppdegalicia.com\/es\/o-grupo-popular-critica-a-incongruencia-e-dobre-moral-de-bng-e-psdeg-coa-adecuacion-de-as-gandaras-en-lugo-ao-novo-modelo-de-residencias\/"]}]},{"@type":"ImageObject","inLanguage":"es","@id":"https:\/\/ppdegalicia.com\/es\/o-grupo-popular-critica-a-incongruencia-e-dobre-moral-de-bng-e-psdeg-coa-adecuacion-de-as-gandaras-en-lugo-ao-novo-modelo-de-residencias\/#primaryimage","url":"https:\/\/ppdegalicia.com\/wp-content\/uploads\/2026\/01\/Raquel-Arias-na-Comision-5o-scaled.jpg","contentUrl":"https:\/\/ppdegalicia.com\/wp-content\/uploads\/2026\/01\/Raquel-Arias-na-Comision-5o-scaled.jpg","width":2560,"height":1707},{"@type":"BreadcrumbList","@id":"https:\/\/ppdegalicia.com\/es\/o-grupo-popular-critica-a-incongruencia-e-dobre-moral-de-bng-e-psdeg-coa-adecuacion-de-as-gandaras-en-lugo-ao-novo-modelo-de-residencias\/#breadcrumb","itemListElement":[{"@type":"ListItem","position":1,"name":"Portada","item":"https:\/\/ppdegalicia.com\/es\/"},{"@type":"ListItem","position":2,"name":"O Grupo Popular critica a \u201cincongruencia e dobre moral\u201d de BNG e PSdeG coa adecuaci\u00f3n de As G\u00e1ndaras en Lugo ao novo modelo de residencias"}]},{"@type":"WebSite","@id":"https:\/\/ppdegalicia.com\/es\/#website","url":"https:\/\/ppdegalicia.com\/es\/","name":"Partido Popular de Galicia","description":"Partido Popular de Galicia","publisher":{"@id":"https:\/\/ppdegalicia.com\/es\/#organization"},"alternateName":"PP de Galicia","potentialAction":[{"@type":"SearchAction","target":{"@type":"EntryPoint","urlTemplate":"https:\/\/ppdegalicia.com\/es\/?s={search_term_string}"},"query-input":{"@type":"PropertyValueSpecification","valueRequired":true,"valueName":"search_term_string"}}],"inLanguage":"es"},{"@type":"Organization","@id":"https:\/\/ppdegalicia.com\/es\/#organization","name":"Partido Popular de Galicia","alternateName":"PP de Galicia","url":"https:\/\/ppdegalicia.com\/es\/","logo":{"@type":"ImageObject","inLanguage":"es","@id":"https:\/\/ppdegalicia.com\/es\/#\/schema\/logo\/image\/","url":"https:\/\/ppdegalicia.com\/wp-content\/uploads\/2023\/04\/logoPP512.png","contentUrl":"https:\/\/ppdegalicia.com\/wp-content\/uploads\/2023\/04\/logoPP512.png","width":512,"height":512,"caption":"Partido Popular de Galicia"},"image":{"@id":"https:\/\/ppdegalicia.com\/es\/#\/schema\/logo\/image\/"},"sameAs":["https:\/\/www.instagram.com\/ppdegalicia\/","https:\/\/x.com\/ppdegalicia","https:\/\/www.tiktok.com\/@ppdegalicia","https:\/\/www.youtube.com\/user\/ppdegalicia"]},{"@type":"Person","@id":"https:\/\/ppdegalicia.com\/es\/#\/schema\/person\/5b822c6f59e872ebdd1142f307dbcb59","name":"ppdegaliciaredes","image":{"@type":"ImageObject","inLanguage":"es","@id":"https:\/\/secure.gravatar.com\/avatar\/3c9179cf0256d00c72a48d1f25783c58b6842cd56e85ef3a572881c8e28ccd59?s=96&d=mm&r=g","url":"https:\/\/secure.gravatar.com\/avatar\/3c9179cf0256d00c72a48d1f25783c58b6842cd56e85ef3a572881c8e28ccd59?s=96&d=mm&r=g","contentUrl":"https:\/\/secure.gravatar.com\/avatar\/3c9179cf0256d00c72a48d1f25783c58b6842cd56e85ef3a572881c8e28ccd59?s=96&d=mm&r=g","caption":"ppdegaliciaredes"},"url":"https:\/\/ppdegalicia.com\/es\/author\/ppdegaliciaredes\/"}]}},"_links":{"self":[{"href":"https:\/\/ppdegalicia.com\/es\/wp-json\/wp\/v2\/posts\/69870","targetHints":{"allow":["GET"]}}],"collection":[{"href":"https:\/\/ppdegalicia.com\/es\/wp-json\/wp\/v2\/posts"}],"about":[{"href":"https:\/\/ppdegalicia.com\/es\/wp-json\/wp\/v2\/types\/post"}],"author":[{"embeddable":true,"href":"https:\/\/ppdegalicia.com\/es\/wp-json\/wp\/v2\/users\/38"}],"replies":[{"embeddable":true,"href":"https:\/\/ppdegalicia.com\/es\/wp-json\/wp\/v2\/comments?post=69870"}],"version-history":[{"count":1,"href":"https:\/\/ppdegalicia.com\/es\/wp-json\/wp\/v2\/posts\/69870\/revisions"}],"predecessor-version":[{"id":69873,"href":"https:\/\/ppdegalicia.com\/es\/wp-json\/wp\/v2\/posts\/69870\/revisions\/69873"}],"wp:featuredmedia":[{"embeddable":true,"href":"https:\/\/ppdegalicia.com\/es\/wp-json\/wp\/v2\/media\/69871"}],"wp:attachment":[{"href":"https:\/\/ppdegalicia.com\/es\/wp-json\/wp\/v2\/media?parent=69870"}],"wp:term":[{"taxonomy":"category","embeddable":true,"href":"https:\/\/ppdegalicia.com\/es\/wp-json\/wp\/v2\/categories?post=69870"},{"taxonomy":"post_tag","embeddable":true,"href":"https:\/\/ppdegalicia.com\/es\/wp-json\/wp\/v2\/tags?post=69870"}],"curies":[{"name":"wp","href":"https:\/\/api.w.org\/{rel}","templated":true}]}}