{"id":69878,"date":"2026-01-21T15:29:55","date_gmt":"2026-01-21T14:29:55","guid":{"rendered":"https:\/\/ppdegalicia.com\/?p=69878"},"modified":"2026-01-22T15:33:31","modified_gmt":"2026-01-22T14:33:31","slug":"o-ppdeg-lamenta-que-o-bng-diga-non-ao-acordo-do-saf-pero-siga-sen-esixir-nada-ao-goberno-de-sanchez-son-un-meme","status":"publish","type":"post","link":"https:\/\/ppdegalicia.com\/es\/o-ppdeg-lamenta-que-o-bng-diga-non-ao-acordo-do-saf-pero-siga-sen-esixir-nada-ao-goberno-de-sanchez-son-un-meme\/","title":{"rendered":"O PPdeG lamenta que o BNG diga \u201cnon\u201d ao acordo do SAF pero \u201csiga sen esixir nada\u201d ao Goberno de S\u00e1nchez: \u201cSon un meme\u201d"},"content":{"rendered":"<p style=\"font-weight: 400;\">O Partido Popular de Galicia lamenta que o BNG \u201cdixera unha vez m\u00e1is \u2018non\u2019\u201d, esta vez ao hist\u00f3rico acordo entre a Xunta e a Fegamp para incrementar a achega ao Servizo de Axuda no Fogar (SAF), pero, ao mesmo tempo, \u201csiga sen esixir absolutamente nada\u201d sobre o infrafinanciamento do Goberno de Pedro S\u00e1nchez. \u201cSon un meme\u201d, resumen os populares.<\/p>\n<p style=\"font-weight: 400;\">O PPdeG lembra que o BNG leva meses pedindo \u00e1 Xunta, en reiteradas ocasi\u00f3ns, aumentar o financiamiento do SAF e por iso, aseguran, non logra entender a s\u00faa postura negativa ante o acordo acadado este martes.<\/p>\n<p style=\"font-weight: 400;\">\u201c\u00c9 o \u2018non\u2019 polo \u2018non\u2019, o \u2018non\u2019 a todo, pura hipocris\u00eda, a\u00ednda que se trate dunha medida que beneficia aos galegos e galegas. Unicamente fano para levarlle a contraria \u00e1 Xunta\u201d, sinalan, ped\u00edndolles ademais que \u201cse aclaren entre eles\u201d, tendo en conta que en cada comparecencia p\u00fablica po\u00f1en un custo diferente ao servizo.<\/p>\n<p style=\"font-weight: 400;\">De feito, apuntan os populares, resulta \u201ccurioso\u201d que o independentismo galego levante a voz contra o Executivo galego mentres cala cando se trata do Goberno de S\u00e1nchez, que leva anos incumprindo a s\u00faa parte do SAF, lonxe do 50% que lle esixe a lei. \u201c\u00c9 o que ten ser un socio tan fiel\u201d, ironizan.<\/p>\n<p style=\"font-weight: 400;\">\u201c\u00c9 m\u00e1is, o acordo que asinaron o PSOE o BNG para materializar o apoio \u00e1 investidura de S\u00e1nchez tam\u00e9n inclu\u00eda o compromiso do Goberno central de achegar o 50%, pero todo o mundo sabe que iso foi papel mollado\u201d, engaden.<\/p>\n<p style=\"font-weight: 400;\">A d\u00e9beda do Estado con Galicia en materia de dependencia xa acada este ano os 2.900 mill\u00f3ns de euros. \u201cA S\u00e1nchez, enmara\u00f1ado nas s\u00faas tramas de corrupci\u00f3n, nin est\u00e1 nin se lle espera\u201d e ao independentismo galego \u201cs\u00f3 se lle pode tratar como un meme\u201d, concl\u00faen desde o PPdeG.<\/p>\n","protected":false},"excerpt":{"rendered":"<p>O Partido Popular de Galicia lamenta que o BNG \u201cdixera unha vez m\u00e1is \u2018non\u2019\u201d, esta vez ao hist\u00f3rico acordo entre a Xunta e a Fegamp para incrementar a achega ao Servizo de Axuda no Fogar (SAF), pero, ao mesmo tempo, \u201csiga sen esixir absolutamente nada\u201d sobre o infrafinanciamento do Goberno de Pedro S\u00e1nchez. \u201cSon un [&hellip;]<\/p>\n","protected":false},"author":38,"featured_media":69879,"comment_status":"closed","ping_status":"open","sticky":false,"template":"","format":"standard","meta":{"_acf_changed":false,"footnotes":""},"categories":[1],"tags":[],"class_list":["post-69878","post","type-post","status-publish","format-standard","has-post-thumbnail","hentry","category-pp-de-galicia"],"acf":[],"yoast_head":"<!-- This site is optimized with the Yoast SEO plugin v27.3 - https:\/\/yoast.com\/product\/yoast-seo-wordpress\/ -->\n<title>O PPdeG lamenta que o BNG diga \u201cnon\u201d ao acordo do SAF pero \u201csiga sen esixir nada\u201d ao Goberno de S\u00e1nchez: \u201cSon un meme\u201d - PP de Galicia<\/title>\n<meta name=\"description\" content=\"O Partido Popular de Galicia lamenta que o BNG \u201cdixera unha vez m\u00e1is \u2018non\u2019\u201d, esta vez ao hist\u00f3rico acordo entre a Xunta e a Fegamp para incrementar a achega ao Servizo de Axuda no Fogar (SAF), pero, ao mesmo tempo, \u201csiga sen esixir absolutamente nada\u201d sobre o infrafinanciamento do Goberno de Pedro S\u00e1nchez. \u201cSon un meme\u201d, resumen os populares.\" \/>\n<meta name=\"robots\" content=\"index, follow, max-snippet:-1, max-image-preview:large, max-video-preview:-1\" \/>\n<link rel=\"canonical\" href=\"https:\/\/ppdegalicia.com\/es\/o-ppdeg-lamenta-que-o-bng-diga-non-ao-acordo-do-saf-pero-siga-sen-esixir-nada-ao-goberno-de-sanchez-son-un-meme\/\" \/>\n<meta property=\"og:locale\" content=\"es_ES\" \/>\n<meta property=\"og:type\" content=\"article\" \/>\n<meta property=\"og:title\" content=\"O PPdeG lamenta que o BNG diga \u201cnon\u201d ao acordo do SAF pero \u201csiga sen esixir nada\u201d ao Goberno de S\u00e1nchez: \u201cSon un meme\u201d - PP de Galicia\" \/>\n<meta property=\"og:description\" content=\"O Partido Popular de Galicia lamenta que o BNG \u201cdixera unha vez m\u00e1is \u2018non\u2019\u201d, esta vez ao hist\u00f3rico acordo entre a Xunta e a Fegamp para incrementar a achega ao Servizo de Axuda no Fogar (SAF), pero, ao mesmo tempo, \u201csiga sen esixir absolutamente nada\u201d sobre o infrafinanciamento do Goberno de Pedro S\u00e1nchez. \u201cSon un meme\u201d, resumen os populares.\" \/>\n<meta property=\"og:url\" content=\"https:\/\/ppdegalicia.com\/es\/o-ppdeg-lamenta-que-o-bng-diga-non-ao-acordo-do-saf-pero-siga-sen-esixir-nada-ao-goberno-de-sanchez-son-un-meme\/\" \/>\n<meta property=\"og:site_name\" content=\"PP de Galicia\" \/>\n<meta property=\"article:publisher\" content=\"https:\/\/www.instagram.com\/ppdegalicia\/\" \/>\n<meta property=\"article:published_time\" content=\"2026-01-21T14:29:55+00:00\" \/>\n<meta property=\"article:modified_time\" content=\"2026-01-22T14:33:31+00:00\" \/>\n<meta property=\"og:image\" content=\"https:\/\/ppdegalicia.com\/wp-content\/uploads\/2026\/01\/200204-pte_resmaiores-33a.jpg\" \/>\n\t<meta property=\"og:image:width\" content=\"1200\" \/>\n\t<meta property=\"og:image:height\" content=\"800\" \/>\n\t<meta property=\"og:image:type\" content=\"image\/jpeg\" \/>\n<meta name=\"author\" content=\"ppdegaliciaredes\" \/>\n<meta name=\"twitter:card\" content=\"summary_large_image\" \/>\n<meta name=\"twitter:creator\" content=\"@ppdegalicia\" \/>\n<meta name=\"twitter:site\" content=\"@ppdegalicia\" \/>\n<meta name=\"twitter:label1\" content=\"Escrito por\" \/>\n\t<meta name=\"twitter:data1\" content=\"ppdegaliciaredes\" \/>\n\t<meta name=\"twitter:label2\" content=\"Tiempo de lectura\" \/>\n\t<meta name=\"twitter:data2\" content=\"2 minutos\" \/>\n<script type=\"application\/ld+json\" class=\"yoast-schema-graph\">{\"@context\":\"https:\\\/\\\/schema.org\",\"@graph\":[{\"@type\":\"Article\",\"@id\":\"https:\\\/\\\/ppdegalicia.com\\\/es\\\/o-ppdeg-lamenta-que-o-bng-diga-non-ao-acordo-do-saf-pero-siga-sen-esixir-nada-ao-goberno-de-sanchez-son-un-meme\\\/#article\",\"isPartOf\":{\"@id\":\"https:\\\/\\\/ppdegalicia.com\\\/es\\\/o-ppdeg-lamenta-que-o-bng-diga-non-ao-acordo-do-saf-pero-siga-sen-esixir-nada-ao-goberno-de-sanchez-son-un-meme\\\/\"},\"author\":{\"name\":\"ppdegaliciaredes\",\"@id\":\"https:\\\/\\\/ppdegalicia.com\\\/es\\\/#\\\/schema\\\/person\\\/5b822c6f59e872ebdd1142f307dbcb59\"},\"headline\":\"O PPdeG lamenta que o BNG diga \u201cnon\u201d ao acordo do SAF pero \u201csiga sen esixir nada\u201d ao Goberno de S\u00e1nchez: \u201cSon un meme\u201d\",\"datePublished\":\"2026-01-21T14:29:55+00:00\",\"dateModified\":\"2026-01-22T14:33:31+00:00\",\"mainEntityOfPage\":{\"@id\":\"https:\\\/\\\/ppdegalicia.com\\\/es\\\/o-ppdeg-lamenta-que-o-bng-diga-non-ao-acordo-do-saf-pero-siga-sen-esixir-nada-ao-goberno-de-sanchez-son-un-meme\\\/\"},\"wordCount\":330,\"publisher\":{\"@id\":\"https:\\\/\\\/ppdegalicia.com\\\/es\\\/#organization\"},\"image\":{\"@id\":\"https:\\\/\\\/ppdegalicia.com\\\/es\\\/o-ppdeg-lamenta-que-o-bng-diga-non-ao-acordo-do-saf-pero-siga-sen-esixir-nada-ao-goberno-de-sanchez-son-un-meme\\\/#primaryimage\"},\"thumbnailUrl\":\"https:\\\/\\\/ppdegalicia.com\\\/wp-content\\\/uploads\\\/2026\\\/01\\\/200204-pte_resmaiores-33a.jpg\",\"articleSection\":[\"PP de Galicia\"],\"inLanguage\":\"es\"},{\"@type\":\"WebPage\",\"@id\":\"https:\\\/\\\/ppdegalicia.com\\\/es\\\/o-ppdeg-lamenta-que-o-bng-diga-non-ao-acordo-do-saf-pero-siga-sen-esixir-nada-ao-goberno-de-sanchez-son-un-meme\\\/\",\"url\":\"https:\\\/\\\/ppdegalicia.com\\\/es\\\/o-ppdeg-lamenta-que-o-bng-diga-non-ao-acordo-do-saf-pero-siga-sen-esixir-nada-ao-goberno-de-sanchez-son-un-meme\\\/\",\"name\":\"O PPdeG lamenta que o BNG diga \u201cnon\u201d ao acordo do SAF pero \u201csiga sen esixir nada\u201d ao Goberno de S\u00e1nchez: \u201cSon un meme\u201d - PP de Galicia\",\"isPartOf\":{\"@id\":\"https:\\\/\\\/ppdegalicia.com\\\/es\\\/#website\"},\"primaryImageOfPage\":{\"@id\":\"https:\\\/\\\/ppdegalicia.com\\\/es\\\/o-ppdeg-lamenta-que-o-bng-diga-non-ao-acordo-do-saf-pero-siga-sen-esixir-nada-ao-goberno-de-sanchez-son-un-meme\\\/#primaryimage\"},\"image\":{\"@id\":\"https:\\\/\\\/ppdegalicia.com\\\/es\\\/o-ppdeg-lamenta-que-o-bng-diga-non-ao-acordo-do-saf-pero-siga-sen-esixir-nada-ao-goberno-de-sanchez-son-un-meme\\\/#primaryimage\"},\"thumbnailUrl\":\"https:\\\/\\\/ppdegalicia.com\\\/wp-content\\\/uploads\\\/2026\\\/01\\\/200204-pte_resmaiores-33a.jpg\",\"datePublished\":\"2026-01-21T14:29:55+00:00\",\"dateModified\":\"2026-01-22T14:33:31+00:00\",\"description\":\"O Partido Popular de Galicia lamenta que o BNG \u201cdixera unha vez m\u00e1is \u2018non\u2019\u201d, esta vez ao hist\u00f3rico acordo entre a Xunta e a Fegamp para incrementar a achega ao Servizo de Axuda no Fogar (SAF), pero, ao mesmo tempo, \u201csiga sen esixir absolutamente nada\u201d sobre o infrafinanciamento do Goberno de Pedro S\u00e1nchez. \u201cSon un meme\u201d, resumen os populares.\",\"breadcrumb\":{\"@id\":\"https:\\\/\\\/ppdegalicia.com\\\/es\\\/o-ppdeg-lamenta-que-o-bng-diga-non-ao-acordo-do-saf-pero-siga-sen-esixir-nada-ao-goberno-de-sanchez-son-un-meme\\\/#breadcrumb\"},\"inLanguage\":\"es\",\"potentialAction\":[{\"@type\":\"ReadAction\",\"target\":[\"https:\\\/\\\/ppdegalicia.com\\\/es\\\/o-ppdeg-lamenta-que-o-bng-diga-non-ao-acordo-do-saf-pero-siga-sen-esixir-nada-ao-goberno-de-sanchez-son-un-meme\\\/\"]}]},{\"@type\":\"ImageObject\",\"inLanguage\":\"es\",\"@id\":\"https:\\\/\\\/ppdegalicia.com\\\/es\\\/o-ppdeg-lamenta-que-o-bng-diga-non-ao-acordo-do-saf-pero-siga-sen-esixir-nada-ao-goberno-de-sanchez-son-un-meme\\\/#primaryimage\",\"url\":\"https:\\\/\\\/ppdegalicia.com\\\/wp-content\\\/uploads\\\/2026\\\/01\\\/200204-pte_resmaiores-33a.jpg\",\"contentUrl\":\"https:\\\/\\\/ppdegalicia.com\\\/wp-content\\\/uploads\\\/2026\\\/01\\\/200204-pte_resmaiores-33a.jpg\",\"width\":1200,\"height\":800},{\"@type\":\"BreadcrumbList\",\"@id\":\"https:\\\/\\\/ppdegalicia.com\\\/es\\\/o-ppdeg-lamenta-que-o-bng-diga-non-ao-acordo-do-saf-pero-siga-sen-esixir-nada-ao-goberno-de-sanchez-son-un-meme\\\/#breadcrumb\",\"itemListElement\":[{\"@type\":\"ListItem\",\"position\":1,\"name\":\"Portada\",\"item\":\"https:\\\/\\\/ppdegalicia.com\\\/es\\\/\"},{\"@type\":\"ListItem\",\"position\":2,\"name\":\"O PPdeG lamenta que o BNG diga \u201cnon\u201d ao acordo do SAF pero \u201csiga sen esixir nada\u201d ao Goberno de S\u00e1nchez: \u201cSon un meme\u201d\"}]},{\"@type\":\"WebSite\",\"@id\":\"https:\\\/\\\/ppdegalicia.com\\\/es\\\/#website\",\"url\":\"https:\\\/\\\/ppdegalicia.com\\\/es\\\/\",\"name\":\"Partido Popular de Galicia\",\"description\":\"Partido Popular de Galicia\",\"publisher\":{\"@id\":\"https:\\\/\\\/ppdegalicia.com\\\/es\\\/#organization\"},\"alternateName\":\"PP de Galicia\",\"potentialAction\":[{\"@type\":\"SearchAction\",\"target\":{\"@type\":\"EntryPoint\",\"urlTemplate\":\"https:\\\/\\\/ppdegalicia.com\\\/es\\\/?s={search_term_string}\"},\"query-input\":{\"@type\":\"PropertyValueSpecification\",\"valueRequired\":true,\"valueName\":\"search_term_string\"}}],\"inLanguage\":\"es\"},{\"@type\":\"Organization\",\"@id\":\"https:\\\/\\\/ppdegalicia.com\\\/es\\\/#organization\",\"name\":\"Partido Popular de Galicia\",\"alternateName\":\"PP de Galicia\",\"url\":\"https:\\\/\\\/ppdegalicia.com\\\/es\\\/\",\"logo\":{\"@type\":\"ImageObject\",\"inLanguage\":\"es\",\"@id\":\"https:\\\/\\\/ppdegalicia.com\\\/es\\\/#\\\/schema\\\/logo\\\/image\\\/\",\"url\":\"https:\\\/\\\/ppdegalicia.com\\\/wp-content\\\/uploads\\\/2023\\\/04\\\/logoPP512.png\",\"contentUrl\":\"https:\\\/\\\/ppdegalicia.com\\\/wp-content\\\/uploads\\\/2023\\\/04\\\/logoPP512.png\",\"width\":512,\"height\":512,\"caption\":\"Partido Popular de Galicia\"},\"image\":{\"@id\":\"https:\\\/\\\/ppdegalicia.com\\\/es\\\/#\\\/schema\\\/logo\\\/image\\\/\"},\"sameAs\":[\"https:\\\/\\\/www.instagram.com\\\/ppdegalicia\\\/\",\"https:\\\/\\\/x.com\\\/ppdegalicia\",\"https:\\\/\\\/www.tiktok.com\\\/@ppdegalicia\",\"https:\\\/\\\/www.youtube.com\\\/user\\\/ppdegalicia\"]},{\"@type\":\"Person\",\"@id\":\"https:\\\/\\\/ppdegalicia.com\\\/es\\\/#\\\/schema\\\/person\\\/5b822c6f59e872ebdd1142f307dbcb59\",\"name\":\"ppdegaliciaredes\",\"image\":{\"@type\":\"ImageObject\",\"inLanguage\":\"es\",\"@id\":\"https:\\\/\\\/secure.gravatar.com\\\/avatar\\\/3c9179cf0256d00c72a48d1f25783c58b6842cd56e85ef3a572881c8e28ccd59?s=96&d=mm&r=g\",\"url\":\"https:\\\/\\\/secure.gravatar.com\\\/avatar\\\/3c9179cf0256d00c72a48d1f25783c58b6842cd56e85ef3a572881c8e28ccd59?s=96&d=mm&r=g\",\"contentUrl\":\"https:\\\/\\\/secure.gravatar.com\\\/avatar\\\/3c9179cf0256d00c72a48d1f25783c58b6842cd56e85ef3a572881c8e28ccd59?s=96&d=mm&r=g\",\"caption\":\"ppdegaliciaredes\"},\"url\":\"https:\\\/\\\/ppdegalicia.com\\\/es\\\/author\\\/ppdegaliciaredes\\\/\"}]}<\/script>\n<!-- \/ Yoast SEO plugin. -->","yoast_head_json":{"title":"O PPdeG lamenta que o BNG diga \u201cnon\u201d ao acordo do SAF pero \u201csiga sen esixir nada\u201d ao Goberno de S\u00e1nchez: \u201cSon un meme\u201d - PP de Galicia","description":"O Partido Popular de Galicia lamenta que o BNG \u201cdixera unha vez m\u00e1is \u2018non\u2019\u201d, esta vez ao hist\u00f3rico acordo entre a Xunta e a Fegamp para incrementar a achega ao Servizo de Axuda no Fogar (SAF), pero, ao mesmo tempo, \u201csiga sen esixir absolutamente nada\u201d sobre o infrafinanciamento do Goberno de Pedro S\u00e1nchez. \u201cSon un meme\u201d, resumen os populares.","robots":{"index":"index","follow":"follow","max-snippet":"max-snippet:-1","max-image-preview":"max-image-preview:large","max-video-preview":"max-video-preview:-1"},"canonical":"https:\/\/ppdegalicia.com\/es\/o-ppdeg-lamenta-que-o-bng-diga-non-ao-acordo-do-saf-pero-siga-sen-esixir-nada-ao-goberno-de-sanchez-son-un-meme\/","og_locale":"es_ES","og_type":"article","og_title":"O PPdeG lamenta que o BNG diga \u201cnon\u201d ao acordo do SAF pero \u201csiga sen esixir nada\u201d ao Goberno de S\u00e1nchez: \u201cSon un meme\u201d - PP de Galicia","og_description":"O Partido Popular de Galicia lamenta que o BNG \u201cdixera unha vez m\u00e1is \u2018non\u2019\u201d, esta vez ao hist\u00f3rico acordo entre a Xunta e a Fegamp para incrementar a achega ao Servizo de Axuda no Fogar (SAF), pero, ao mesmo tempo, \u201csiga sen esixir absolutamente nada\u201d sobre o infrafinanciamento do Goberno de Pedro S\u00e1nchez. \u201cSon un meme\u201d, resumen os populares.","og_url":"https:\/\/ppdegalicia.com\/es\/o-ppdeg-lamenta-que-o-bng-diga-non-ao-acordo-do-saf-pero-siga-sen-esixir-nada-ao-goberno-de-sanchez-son-un-meme\/","og_site_name":"PP de Galicia","article_publisher":"https:\/\/www.instagram.com\/ppdegalicia\/","article_published_time":"2026-01-21T14:29:55+00:00","article_modified_time":"2026-01-22T14:33:31+00:00","og_image":[{"width":1200,"height":800,"url":"https:\/\/ppdegalicia.com\/wp-content\/uploads\/2026\/01\/200204-pte_resmaiores-33a.jpg","type":"image\/jpeg"}],"author":"ppdegaliciaredes","twitter_card":"summary_large_image","twitter_creator":"@ppdegalicia","twitter_site":"@ppdegalicia","twitter_misc":{"Escrito por":"ppdegaliciaredes","Tiempo de lectura":"2 minutos"},"schema":{"@context":"https:\/\/schema.org","@graph":[{"@type":"Article","@id":"https:\/\/ppdegalicia.com\/es\/o-ppdeg-lamenta-que-o-bng-diga-non-ao-acordo-do-saf-pero-siga-sen-esixir-nada-ao-goberno-de-sanchez-son-un-meme\/#article","isPartOf":{"@id":"https:\/\/ppdegalicia.com\/es\/o-ppdeg-lamenta-que-o-bng-diga-non-ao-acordo-do-saf-pero-siga-sen-esixir-nada-ao-goberno-de-sanchez-son-un-meme\/"},"author":{"name":"ppdegaliciaredes","@id":"https:\/\/ppdegalicia.com\/es\/#\/schema\/person\/5b822c6f59e872ebdd1142f307dbcb59"},"headline":"O PPdeG lamenta que o BNG diga \u201cnon\u201d ao acordo do SAF pero \u201csiga sen esixir nada\u201d ao Goberno de S\u00e1nchez: \u201cSon un meme\u201d","datePublished":"2026-01-21T14:29:55+00:00","dateModified":"2026-01-22T14:33:31+00:00","mainEntityOfPage":{"@id":"https:\/\/ppdegalicia.com\/es\/o-ppdeg-lamenta-que-o-bng-diga-non-ao-acordo-do-saf-pero-siga-sen-esixir-nada-ao-goberno-de-sanchez-son-un-meme\/"},"wordCount":330,"publisher":{"@id":"https:\/\/ppdegalicia.com\/es\/#organization"},"image":{"@id":"https:\/\/ppdegalicia.com\/es\/o-ppdeg-lamenta-que-o-bng-diga-non-ao-acordo-do-saf-pero-siga-sen-esixir-nada-ao-goberno-de-sanchez-son-un-meme\/#primaryimage"},"thumbnailUrl":"https:\/\/ppdegalicia.com\/wp-content\/uploads\/2026\/01\/200204-pte_resmaiores-33a.jpg","articleSection":["PP de Galicia"],"inLanguage":"es"},{"@type":"WebPage","@id":"https:\/\/ppdegalicia.com\/es\/o-ppdeg-lamenta-que-o-bng-diga-non-ao-acordo-do-saf-pero-siga-sen-esixir-nada-ao-goberno-de-sanchez-son-un-meme\/","url":"https:\/\/ppdegalicia.com\/es\/o-ppdeg-lamenta-que-o-bng-diga-non-ao-acordo-do-saf-pero-siga-sen-esixir-nada-ao-goberno-de-sanchez-son-un-meme\/","name":"O PPdeG lamenta que o BNG diga \u201cnon\u201d ao acordo do SAF pero \u201csiga sen esixir nada\u201d ao Goberno de S\u00e1nchez: \u201cSon un meme\u201d - PP de Galicia","isPartOf":{"@id":"https:\/\/ppdegalicia.com\/es\/#website"},"primaryImageOfPage":{"@id":"https:\/\/ppdegalicia.com\/es\/o-ppdeg-lamenta-que-o-bng-diga-non-ao-acordo-do-saf-pero-siga-sen-esixir-nada-ao-goberno-de-sanchez-son-un-meme\/#primaryimage"},"image":{"@id":"https:\/\/ppdegalicia.com\/es\/o-ppdeg-lamenta-que-o-bng-diga-non-ao-acordo-do-saf-pero-siga-sen-esixir-nada-ao-goberno-de-sanchez-son-un-meme\/#primaryimage"},"thumbnailUrl":"https:\/\/ppdegalicia.com\/wp-content\/uploads\/2026\/01\/200204-pte_resmaiores-33a.jpg","datePublished":"2026-01-21T14:29:55+00:00","dateModified":"2026-01-22T14:33:31+00:00","description":"O Partido Popular de Galicia lamenta que o BNG \u201cdixera unha vez m\u00e1is \u2018non\u2019\u201d, esta vez ao hist\u00f3rico acordo entre a Xunta e a Fegamp para incrementar a achega ao Servizo de Axuda no Fogar (SAF), pero, ao mesmo tempo, \u201csiga sen esixir absolutamente nada\u201d sobre o infrafinanciamento do Goberno de Pedro S\u00e1nchez. \u201cSon un meme\u201d, resumen os populares.","breadcrumb":{"@id":"https:\/\/ppdegalicia.com\/es\/o-ppdeg-lamenta-que-o-bng-diga-non-ao-acordo-do-saf-pero-siga-sen-esixir-nada-ao-goberno-de-sanchez-son-un-meme\/#breadcrumb"},"inLanguage":"es","potentialAction":[{"@type":"ReadAction","target":["https:\/\/ppdegalicia.com\/es\/o-ppdeg-lamenta-que-o-bng-diga-non-ao-acordo-do-saf-pero-siga-sen-esixir-nada-ao-goberno-de-sanchez-son-un-meme\/"]}]},{"@type":"ImageObject","inLanguage":"es","@id":"https:\/\/ppdegalicia.com\/es\/o-ppdeg-lamenta-que-o-bng-diga-non-ao-acordo-do-saf-pero-siga-sen-esixir-nada-ao-goberno-de-sanchez-son-un-meme\/#primaryimage","url":"https:\/\/ppdegalicia.com\/wp-content\/uploads\/2026\/01\/200204-pte_resmaiores-33a.jpg","contentUrl":"https:\/\/ppdegalicia.com\/wp-content\/uploads\/2026\/01\/200204-pte_resmaiores-33a.jpg","width":1200,"height":800},{"@type":"BreadcrumbList","@id":"https:\/\/ppdegalicia.com\/es\/o-ppdeg-lamenta-que-o-bng-diga-non-ao-acordo-do-saf-pero-siga-sen-esixir-nada-ao-goberno-de-sanchez-son-un-meme\/#breadcrumb","itemListElement":[{"@type":"ListItem","position":1,"name":"Portada","item":"https:\/\/ppdegalicia.com\/es\/"},{"@type":"ListItem","position":2,"name":"O PPdeG lamenta que o BNG diga \u201cnon\u201d ao acordo do SAF pero \u201csiga sen esixir nada\u201d ao Goberno de S\u00e1nchez: \u201cSon un meme\u201d"}]},{"@type":"WebSite","@id":"https:\/\/ppdegalicia.com\/es\/#website","url":"https:\/\/ppdegalicia.com\/es\/","name":"Partido Popular de Galicia","description":"Partido Popular de Galicia","publisher":{"@id":"https:\/\/ppdegalicia.com\/es\/#organization"},"alternateName":"PP de Galicia","potentialAction":[{"@type":"SearchAction","target":{"@type":"EntryPoint","urlTemplate":"https:\/\/ppdegalicia.com\/es\/?s={search_term_string}"},"query-input":{"@type":"PropertyValueSpecification","valueRequired":true,"valueName":"search_term_string"}}],"inLanguage":"es"},{"@type":"Organization","@id":"https:\/\/ppdegalicia.com\/es\/#organization","name":"Partido Popular de Galicia","alternateName":"PP de Galicia","url":"https:\/\/ppdegalicia.com\/es\/","logo":{"@type":"ImageObject","inLanguage":"es","@id":"https:\/\/ppdegalicia.com\/es\/#\/schema\/logo\/image\/","url":"https:\/\/ppdegalicia.com\/wp-content\/uploads\/2023\/04\/logoPP512.png","contentUrl":"https:\/\/ppdegalicia.com\/wp-content\/uploads\/2023\/04\/logoPP512.png","width":512,"height":512,"caption":"Partido Popular de Galicia"},"image":{"@id":"https:\/\/ppdegalicia.com\/es\/#\/schema\/logo\/image\/"},"sameAs":["https:\/\/www.instagram.com\/ppdegalicia\/","https:\/\/x.com\/ppdegalicia","https:\/\/www.tiktok.com\/@ppdegalicia","https:\/\/www.youtube.com\/user\/ppdegalicia"]},{"@type":"Person","@id":"https:\/\/ppdegalicia.com\/es\/#\/schema\/person\/5b822c6f59e872ebdd1142f307dbcb59","name":"ppdegaliciaredes","image":{"@type":"ImageObject","inLanguage":"es","@id":"https:\/\/secure.gravatar.com\/avatar\/3c9179cf0256d00c72a48d1f25783c58b6842cd56e85ef3a572881c8e28ccd59?s=96&d=mm&r=g","url":"https:\/\/secure.gravatar.com\/avatar\/3c9179cf0256d00c72a48d1f25783c58b6842cd56e85ef3a572881c8e28ccd59?s=96&d=mm&r=g","contentUrl":"https:\/\/secure.gravatar.com\/avatar\/3c9179cf0256d00c72a48d1f25783c58b6842cd56e85ef3a572881c8e28ccd59?s=96&d=mm&r=g","caption":"ppdegaliciaredes"},"url":"https:\/\/ppdegalicia.com\/es\/author\/ppdegaliciaredes\/"}]}},"_links":{"self":[{"href":"https:\/\/ppdegalicia.com\/es\/wp-json\/wp\/v2\/posts\/69878","targetHints":{"allow":["GET"]}}],"collection":[{"href":"https:\/\/ppdegalicia.com\/es\/wp-json\/wp\/v2\/posts"}],"about":[{"href":"https:\/\/ppdegalicia.com\/es\/wp-json\/wp\/v2\/types\/post"}],"author":[{"embeddable":true,"href":"https:\/\/ppdegalicia.com\/es\/wp-json\/wp\/v2\/users\/38"}],"replies":[{"embeddable":true,"href":"https:\/\/ppdegalicia.com\/es\/wp-json\/wp\/v2\/comments?post=69878"}],"version-history":[{"count":1,"href":"https:\/\/ppdegalicia.com\/es\/wp-json\/wp\/v2\/posts\/69878\/revisions"}],"predecessor-version":[{"id":69881,"href":"https:\/\/ppdegalicia.com\/es\/wp-json\/wp\/v2\/posts\/69878\/revisions\/69881"}],"wp:featuredmedia":[{"embeddable":true,"href":"https:\/\/ppdegalicia.com\/es\/wp-json\/wp\/v2\/media\/69879"}],"wp:attachment":[{"href":"https:\/\/ppdegalicia.com\/es\/wp-json\/wp\/v2\/media?parent=69878"}],"wp:term":[{"taxonomy":"category","embeddable":true,"href":"https:\/\/ppdegalicia.com\/es\/wp-json\/wp\/v2\/categories?post=69878"},{"taxonomy":"post_tag","embeddable":true,"href":"https:\/\/ppdegalicia.com\/es\/wp-json\/wp\/v2\/tags?post=69878"}],"curies":[{"name":"wp","href":"https:\/\/api.w.org\/{rel}","templated":true}]}}