{"id":69882,"date":"2026-01-22T16:28:19","date_gmt":"2026-01-22T15:28:19","guid":{"rendered":"https:\/\/ppdegalicia.com\/?p=69882"},"modified":"2026-01-22T16:28:19","modified_gmt":"2026-01-22T15:28:19","slug":"o-parlamento-galego-pide-ao-goberno-central-axudas-e-asistencia-tecnica-para-que-autonomos-e-pemes-se-adapten-ao-novo-sistema-dixital-de-rexistro-horario","status":"publish","type":"post","link":"https:\/\/ppdegalicia.com\/es\/o-parlamento-galego-pide-ao-goberno-central-axudas-e-asistencia-tecnica-para-que-autonomos-e-pemes-se-adapten-ao-novo-sistema-dixital-de-rexistro-horario\/","title":{"rendered":"O Parlamento galego pide ao Goberno central axudas e asistencia t\u00e9cnica para que aut\u00f3nomos e pemes se adapten ao novo sistema dixital de rexistro horario"},"content":{"rendered":"<p>O Parlamento de Galicia aprobou hoxe a proposici\u00f3n non de lei do Grupo Popular, co voto en contra de BNG e PSdeG, a trav\u00e9s da que se solicita ao Goberno de Espa\u00f1a que habilite li\u00f1as de axudas econ\u00f3micas e de asistencia t\u00e9cnica para aut\u00f3nomos, pequenas e medianas empresas que te\u00f1an que adaptarse ao novo sistema dixital de rexistro horario.<\/p>\n<p>Ademais, p\u00eddese que incl\u00faa \u00e1s comunidades aut\u00f3nomas e aos axentes sociais no proceso de elaboraci\u00f3n e implantaci\u00f3n do decreto, garantindo un marco pactado, realista e respectuoso coas competencias auton\u00f3micas e coa negociaci\u00f3n colectiva. En concreto, consid\u00e9rase necesario axustar a entrada en vigor da norma ao disposto no artigo 23 da Lei 50\/1997, de maneira que se fixe a s\u00faa aplicaci\u00f3n o 1 de xaneiro ou o 1 de xullo posteriores \u00e1 s\u00faa publicaci\u00f3n, garantindo un per\u00edodo suficiente de adaptaci\u00f3n.<\/p>\n<p>A portavoz popular de Emprego, Noelia P\u00e9rez, lembrou que o Goberno de Espa\u00f1a est\u00e1 a tramitar, pola v\u00eda de urxencia, a reforma do rexistro horario coa intenci\u00f3n de implantalo ao longo de 2026. \u201cUn sistema dixital obrigatorio e accesible en tempo real para os traballadores, os seus representantes e a Inspecci\u00f3n de Traballo, que elimina definitivamente o soporte en papel e introduce novas obrigas de control, almacenamento de datos, seguridade, trazabilidade e interoperabilidade\u201d, apuntou.<\/p>\n<p>\u201cDesde o Grupo Popular non estamos en contra deste rexistro horario dixital, nin da transparencia e do control das xornadas, pero cuestionamos que o Goberno de Pedro S\u00e1nchez volva optar pola v\u00eda da imposici\u00f3n e do Real Decreto-Lei para saltarse o di\u00e1logo social, o di\u00e1logo coas comunidades aut\u00f3nomas e unha avaliaci\u00f3n do impacto econ\u00f3mico real sobre quen ten que cumprir a norma\u201d, manifestou.<\/p>\n<p><strong>EXPERIENCIA NEGATIVA DO VERIFACTU<\/strong><\/p>\n<p>Noelia P\u00e9rez afirmou que \u201ccada nova obriga imposta sen contraprestaci\u00f3n algunha reduce a competitividade, desincentiva o emprendemento, penaliza a creaci\u00f3n de emprego e afoga especialmente aos empresarios m\u00e1is pequenos\u201d. Por este motivo, \u201csolicitamos ao Goberno central axudas econ\u00f3micas e asistencia t\u00e9cnica para aut\u00f3nomos e pequenas e medianas empresas que te\u00f1an que adaptarse ao novo sistema dixital de rexistro horario; di\u00e1logo real cos axentes sociais e coas comunidades aut\u00f3nomas; e unha entrada en vigor razoable que permita a adaptaci\u00f3n real e non a improvisaci\u00f3n\u201d, dixo.<\/p>\n<p>\u201cConfiamos que o Goberno de Pedro S\u00e1nchez non volva facer o que fixeron co Verifactu, obrigando \u00e1s empresas a gastar na implantaci\u00f3n deste novo sistema de facturaci\u00f3n para retiralo unha semana antes da s\u00faa entrada en vigor, sen saber a d\u00eda de hoxe como vai acabar esta cuesti\u00f3n\u201d, indicou.<\/p>\n","protected":false},"excerpt":{"rendered":"<p>O Parlamento de Galicia aprobou hoxe a proposici\u00f3n non de lei do Grupo Popular, co voto en contra de BNG e PSdeG, a trav\u00e9s da que se solicita ao Goberno de Espa\u00f1a que habilite li\u00f1as de axudas econ\u00f3micas e de asistencia t\u00e9cnica para aut\u00f3nomos, pequenas e medianas empresas que te\u00f1an que adaptarse ao novo sistema [&hellip;]<\/p>\n","protected":false},"author":38,"featured_media":69883,"comment_status":"closed","ping_status":"open","sticky":false,"template":"","format":"standard","meta":{"_acf_changed":false,"footnotes":""},"categories":[1128],"tags":[],"class_list":["post-69882","post","type-post","status-publish","format-standard","has-post-thumbnail","hentry","category-actualidad-parlamento-de-galicia"],"acf":[],"yoast_head":"<!-- This site is optimized with the Yoast SEO plugin v27.3 - https:\/\/yoast.com\/product\/yoast-seo-wordpress\/ -->\n<title>O Parlamento galego pide ao Goberno central axudas e asistencia t\u00e9cnica para que aut\u00f3nomos e pemes se adapten ao novo sistema dixital de rexistro horario - PP de Galicia<\/title>\n<meta name=\"description\" content=\"O Parlamento de Galicia aprobou hoxe a proposici\u00f3n non de lei do Grupo Popular, co voto en contra de BNG e PSdeG, a trav\u00e9s da que se solicita ao Goberno de Espa\u00f1a que habilite li\u00f1as de axudas econ\u00f3micas e de asistencia t\u00e9cnica para aut\u00f3nomos, pequenas e medianas empresas que te\u00f1an que adaptarse ao novo sistema dixital de rexistro horario.\" \/>\n<meta name=\"robots\" content=\"index, follow, max-snippet:-1, max-image-preview:large, max-video-preview:-1\" \/>\n<link rel=\"canonical\" href=\"https:\/\/ppdegalicia.com\/es\/o-parlamento-galego-pide-ao-goberno-central-axudas-e-asistencia-tecnica-para-que-autonomos-e-pemes-se-adapten-ao-novo-sistema-dixital-de-rexistro-horario\/\" \/>\n<meta property=\"og:locale\" content=\"es_ES\" \/>\n<meta property=\"og:type\" content=\"article\" \/>\n<meta property=\"og:title\" content=\"O Parlamento galego pide ao Goberno central axudas e asistencia t\u00e9cnica para que aut\u00f3nomos e pemes se adapten ao novo sistema dixital de rexistro horario - PP de Galicia\" \/>\n<meta property=\"og:description\" content=\"O Parlamento de Galicia aprobou hoxe a proposici\u00f3n non de lei do Grupo Popular, co voto en contra de BNG e PSdeG, a trav\u00e9s da que se solicita ao Goberno de Espa\u00f1a que habilite li\u00f1as de axudas econ\u00f3micas e de asistencia t\u00e9cnica para aut\u00f3nomos, pequenas e medianas empresas que te\u00f1an que adaptarse ao novo sistema dixital de rexistro horario.\" \/>\n<meta property=\"og:url\" content=\"https:\/\/ppdegalicia.com\/es\/o-parlamento-galego-pide-ao-goberno-central-axudas-e-asistencia-tecnica-para-que-autonomos-e-pemes-se-adapten-ao-novo-sistema-dixital-de-rexistro-horario\/\" \/>\n<meta property=\"og:site_name\" content=\"PP de Galicia\" \/>\n<meta property=\"article:publisher\" content=\"https:\/\/www.instagram.com\/ppdegalicia\/\" \/>\n<meta property=\"article:published_time\" content=\"2026-01-22T15:28:19+00:00\" \/>\n<meta property=\"og:image\" content=\"https:\/\/ppdegalicia.com\/wp-content\/uploads\/2026\/01\/Noelia-Perez-na-Comision-5a-scaled.jpg\" \/>\n\t<meta property=\"og:image:width\" content=\"2560\" \/>\n\t<meta property=\"og:image:height\" content=\"1707\" \/>\n\t<meta property=\"og:image:type\" content=\"image\/jpeg\" \/>\n<meta name=\"author\" content=\"ppdegaliciaredes\" \/>\n<meta name=\"twitter:card\" content=\"summary_large_image\" \/>\n<meta name=\"twitter:creator\" content=\"@ppdegalicia\" \/>\n<meta name=\"twitter:site\" content=\"@ppdegalicia\" \/>\n<meta name=\"twitter:label1\" content=\"Escrito por\" \/>\n\t<meta name=\"twitter:data1\" content=\"ppdegaliciaredes\" \/>\n\t<meta name=\"twitter:label2\" content=\"Tiempo de lectura\" \/>\n\t<meta name=\"twitter:data2\" content=\"3 minutos\" \/>\n<script type=\"application\/ld+json\" class=\"yoast-schema-graph\">{\"@context\":\"https:\\\/\\\/schema.org\",\"@graph\":[{\"@type\":\"Article\",\"@id\":\"https:\\\/\\\/ppdegalicia.com\\\/es\\\/o-parlamento-galego-pide-ao-goberno-central-axudas-e-asistencia-tecnica-para-que-autonomos-e-pemes-se-adapten-ao-novo-sistema-dixital-de-rexistro-horario\\\/#article\",\"isPartOf\":{\"@id\":\"https:\\\/\\\/ppdegalicia.com\\\/es\\\/o-parlamento-galego-pide-ao-goberno-central-axudas-e-asistencia-tecnica-para-que-autonomos-e-pemes-se-adapten-ao-novo-sistema-dixital-de-rexistro-horario\\\/\"},\"author\":{\"name\":\"ppdegaliciaredes\",\"@id\":\"https:\\\/\\\/ppdegalicia.com\\\/es\\\/#\\\/schema\\\/person\\\/5b822c6f59e872ebdd1142f307dbcb59\"},\"headline\":\"O Parlamento galego pide ao Goberno central axudas e asistencia t\u00e9cnica para que aut\u00f3nomos e pemes se adapten ao novo sistema dixital de rexistro horario\",\"datePublished\":\"2026-01-22T15:28:19+00:00\",\"mainEntityOfPage\":{\"@id\":\"https:\\\/\\\/ppdegalicia.com\\\/es\\\/o-parlamento-galego-pide-ao-goberno-central-axudas-e-asistencia-tecnica-para-que-autonomos-e-pemes-se-adapten-ao-novo-sistema-dixital-de-rexistro-horario\\\/\"},\"wordCount\":486,\"publisher\":{\"@id\":\"https:\\\/\\\/ppdegalicia.com\\\/es\\\/#organization\"},\"image\":{\"@id\":\"https:\\\/\\\/ppdegalicia.com\\\/es\\\/o-parlamento-galego-pide-ao-goberno-central-axudas-e-asistencia-tecnica-para-que-autonomos-e-pemes-se-adapten-ao-novo-sistema-dixital-de-rexistro-horario\\\/#primaryimage\"},\"thumbnailUrl\":\"https:\\\/\\\/ppdegalicia.com\\\/wp-content\\\/uploads\\\/2026\\\/01\\\/Noelia-Perez-na-Comision-5a-scaled.jpg\",\"articleSection\":[\"Parlamento de Galicia\"],\"inLanguage\":\"es\"},{\"@type\":\"WebPage\",\"@id\":\"https:\\\/\\\/ppdegalicia.com\\\/es\\\/o-parlamento-galego-pide-ao-goberno-central-axudas-e-asistencia-tecnica-para-que-autonomos-e-pemes-se-adapten-ao-novo-sistema-dixital-de-rexistro-horario\\\/\",\"url\":\"https:\\\/\\\/ppdegalicia.com\\\/es\\\/o-parlamento-galego-pide-ao-goberno-central-axudas-e-asistencia-tecnica-para-que-autonomos-e-pemes-se-adapten-ao-novo-sistema-dixital-de-rexistro-horario\\\/\",\"name\":\"O Parlamento galego pide ao Goberno central axudas e asistencia t\u00e9cnica para que aut\u00f3nomos e pemes se adapten ao novo sistema dixital de rexistro horario - PP de Galicia\",\"isPartOf\":{\"@id\":\"https:\\\/\\\/ppdegalicia.com\\\/es\\\/#website\"},\"primaryImageOfPage\":{\"@id\":\"https:\\\/\\\/ppdegalicia.com\\\/es\\\/o-parlamento-galego-pide-ao-goberno-central-axudas-e-asistencia-tecnica-para-que-autonomos-e-pemes-se-adapten-ao-novo-sistema-dixital-de-rexistro-horario\\\/#primaryimage\"},\"image\":{\"@id\":\"https:\\\/\\\/ppdegalicia.com\\\/es\\\/o-parlamento-galego-pide-ao-goberno-central-axudas-e-asistencia-tecnica-para-que-autonomos-e-pemes-se-adapten-ao-novo-sistema-dixital-de-rexistro-horario\\\/#primaryimage\"},\"thumbnailUrl\":\"https:\\\/\\\/ppdegalicia.com\\\/wp-content\\\/uploads\\\/2026\\\/01\\\/Noelia-Perez-na-Comision-5a-scaled.jpg\",\"datePublished\":\"2026-01-22T15:28:19+00:00\",\"description\":\"O Parlamento de Galicia aprobou hoxe a proposici\u00f3n non de lei do Grupo Popular, co voto en contra de BNG e PSdeG, a trav\u00e9s da que se solicita ao Goberno de Espa\u00f1a que habilite li\u00f1as de axudas econ\u00f3micas e de asistencia t\u00e9cnica para aut\u00f3nomos, pequenas e medianas empresas que te\u00f1an que adaptarse ao novo sistema dixital de rexistro horario.\",\"breadcrumb\":{\"@id\":\"https:\\\/\\\/ppdegalicia.com\\\/es\\\/o-parlamento-galego-pide-ao-goberno-central-axudas-e-asistencia-tecnica-para-que-autonomos-e-pemes-se-adapten-ao-novo-sistema-dixital-de-rexistro-horario\\\/#breadcrumb\"},\"inLanguage\":\"es\",\"potentialAction\":[{\"@type\":\"ReadAction\",\"target\":[\"https:\\\/\\\/ppdegalicia.com\\\/es\\\/o-parlamento-galego-pide-ao-goberno-central-axudas-e-asistencia-tecnica-para-que-autonomos-e-pemes-se-adapten-ao-novo-sistema-dixital-de-rexistro-horario\\\/\"]}]},{\"@type\":\"ImageObject\",\"inLanguage\":\"es\",\"@id\":\"https:\\\/\\\/ppdegalicia.com\\\/es\\\/o-parlamento-galego-pide-ao-goberno-central-axudas-e-asistencia-tecnica-para-que-autonomos-e-pemes-se-adapten-ao-novo-sistema-dixital-de-rexistro-horario\\\/#primaryimage\",\"url\":\"https:\\\/\\\/ppdegalicia.com\\\/wp-content\\\/uploads\\\/2026\\\/01\\\/Noelia-Perez-na-Comision-5a-scaled.jpg\",\"contentUrl\":\"https:\\\/\\\/ppdegalicia.com\\\/wp-content\\\/uploads\\\/2026\\\/01\\\/Noelia-Perez-na-Comision-5a-scaled.jpg\",\"width\":2560,\"height\":1707},{\"@type\":\"BreadcrumbList\",\"@id\":\"https:\\\/\\\/ppdegalicia.com\\\/es\\\/o-parlamento-galego-pide-ao-goberno-central-axudas-e-asistencia-tecnica-para-que-autonomos-e-pemes-se-adapten-ao-novo-sistema-dixital-de-rexistro-horario\\\/#breadcrumb\",\"itemListElement\":[{\"@type\":\"ListItem\",\"position\":1,\"name\":\"Portada\",\"item\":\"https:\\\/\\\/ppdegalicia.com\\\/es\\\/\"},{\"@type\":\"ListItem\",\"position\":2,\"name\":\"O Parlamento galego pide ao Goberno central axudas e asistencia t\u00e9cnica para que aut\u00f3nomos e pemes se adapten ao novo sistema dixital de rexistro horario\"}]},{\"@type\":\"WebSite\",\"@id\":\"https:\\\/\\\/ppdegalicia.com\\\/es\\\/#website\",\"url\":\"https:\\\/\\\/ppdegalicia.com\\\/es\\\/\",\"name\":\"Partido Popular de Galicia\",\"description\":\"Partido Popular de Galicia\",\"publisher\":{\"@id\":\"https:\\\/\\\/ppdegalicia.com\\\/es\\\/#organization\"},\"alternateName\":\"PP de Galicia\",\"potentialAction\":[{\"@type\":\"SearchAction\",\"target\":{\"@type\":\"EntryPoint\",\"urlTemplate\":\"https:\\\/\\\/ppdegalicia.com\\\/es\\\/?s={search_term_string}\"},\"query-input\":{\"@type\":\"PropertyValueSpecification\",\"valueRequired\":true,\"valueName\":\"search_term_string\"}}],\"inLanguage\":\"es\"},{\"@type\":\"Organization\",\"@id\":\"https:\\\/\\\/ppdegalicia.com\\\/es\\\/#organization\",\"name\":\"Partido Popular de Galicia\",\"alternateName\":\"PP de Galicia\",\"url\":\"https:\\\/\\\/ppdegalicia.com\\\/es\\\/\",\"logo\":{\"@type\":\"ImageObject\",\"inLanguage\":\"es\",\"@id\":\"https:\\\/\\\/ppdegalicia.com\\\/es\\\/#\\\/schema\\\/logo\\\/image\\\/\",\"url\":\"https:\\\/\\\/ppdegalicia.com\\\/wp-content\\\/uploads\\\/2023\\\/04\\\/logoPP512.png\",\"contentUrl\":\"https:\\\/\\\/ppdegalicia.com\\\/wp-content\\\/uploads\\\/2023\\\/04\\\/logoPP512.png\",\"width\":512,\"height\":512,\"caption\":\"Partido Popular de Galicia\"},\"image\":{\"@id\":\"https:\\\/\\\/ppdegalicia.com\\\/es\\\/#\\\/schema\\\/logo\\\/image\\\/\"},\"sameAs\":[\"https:\\\/\\\/www.instagram.com\\\/ppdegalicia\\\/\",\"https:\\\/\\\/x.com\\\/ppdegalicia\",\"https:\\\/\\\/www.tiktok.com\\\/@ppdegalicia\",\"https:\\\/\\\/www.youtube.com\\\/user\\\/ppdegalicia\"]},{\"@type\":\"Person\",\"@id\":\"https:\\\/\\\/ppdegalicia.com\\\/es\\\/#\\\/schema\\\/person\\\/5b822c6f59e872ebdd1142f307dbcb59\",\"name\":\"ppdegaliciaredes\",\"image\":{\"@type\":\"ImageObject\",\"inLanguage\":\"es\",\"@id\":\"https:\\\/\\\/secure.gravatar.com\\\/avatar\\\/3c9179cf0256d00c72a48d1f25783c58b6842cd56e85ef3a572881c8e28ccd59?s=96&d=mm&r=g\",\"url\":\"https:\\\/\\\/secure.gravatar.com\\\/avatar\\\/3c9179cf0256d00c72a48d1f25783c58b6842cd56e85ef3a572881c8e28ccd59?s=96&d=mm&r=g\",\"contentUrl\":\"https:\\\/\\\/secure.gravatar.com\\\/avatar\\\/3c9179cf0256d00c72a48d1f25783c58b6842cd56e85ef3a572881c8e28ccd59?s=96&d=mm&r=g\",\"caption\":\"ppdegaliciaredes\"},\"url\":\"https:\\\/\\\/ppdegalicia.com\\\/es\\\/author\\\/ppdegaliciaredes\\\/\"}]}<\/script>\n<!-- \/ Yoast SEO plugin. -->","yoast_head_json":{"title":"O Parlamento galego pide ao Goberno central axudas e asistencia t\u00e9cnica para que aut\u00f3nomos e pemes se adapten ao novo sistema dixital de rexistro horario - PP de Galicia","description":"O Parlamento de Galicia aprobou hoxe a proposici\u00f3n non de lei do Grupo Popular, co voto en contra de BNG e PSdeG, a trav\u00e9s da que se solicita ao Goberno de Espa\u00f1a que habilite li\u00f1as de axudas econ\u00f3micas e de asistencia t\u00e9cnica para aut\u00f3nomos, pequenas e medianas empresas que te\u00f1an que adaptarse ao novo sistema dixital de rexistro horario.","robots":{"index":"index","follow":"follow","max-snippet":"max-snippet:-1","max-image-preview":"max-image-preview:large","max-video-preview":"max-video-preview:-1"},"canonical":"https:\/\/ppdegalicia.com\/es\/o-parlamento-galego-pide-ao-goberno-central-axudas-e-asistencia-tecnica-para-que-autonomos-e-pemes-se-adapten-ao-novo-sistema-dixital-de-rexistro-horario\/","og_locale":"es_ES","og_type":"article","og_title":"O Parlamento galego pide ao Goberno central axudas e asistencia t\u00e9cnica para que aut\u00f3nomos e pemes se adapten ao novo sistema dixital de rexistro horario - PP de Galicia","og_description":"O Parlamento de Galicia aprobou hoxe a proposici\u00f3n non de lei do Grupo Popular, co voto en contra de BNG e PSdeG, a trav\u00e9s da que se solicita ao Goberno de Espa\u00f1a que habilite li\u00f1as de axudas econ\u00f3micas e de asistencia t\u00e9cnica para aut\u00f3nomos, pequenas e medianas empresas que te\u00f1an que adaptarse ao novo sistema dixital de rexistro horario.","og_url":"https:\/\/ppdegalicia.com\/es\/o-parlamento-galego-pide-ao-goberno-central-axudas-e-asistencia-tecnica-para-que-autonomos-e-pemes-se-adapten-ao-novo-sistema-dixital-de-rexistro-horario\/","og_site_name":"PP de Galicia","article_publisher":"https:\/\/www.instagram.com\/ppdegalicia\/","article_published_time":"2026-01-22T15:28:19+00:00","og_image":[{"width":2560,"height":1707,"url":"https:\/\/ppdegalicia.com\/wp-content\/uploads\/2026\/01\/Noelia-Perez-na-Comision-5a-scaled.jpg","type":"image\/jpeg"}],"author":"ppdegaliciaredes","twitter_card":"summary_large_image","twitter_creator":"@ppdegalicia","twitter_site":"@ppdegalicia","twitter_misc":{"Escrito por":"ppdegaliciaredes","Tiempo de lectura":"3 minutos"},"schema":{"@context":"https:\/\/schema.org","@graph":[{"@type":"Article","@id":"https:\/\/ppdegalicia.com\/es\/o-parlamento-galego-pide-ao-goberno-central-axudas-e-asistencia-tecnica-para-que-autonomos-e-pemes-se-adapten-ao-novo-sistema-dixital-de-rexistro-horario\/#article","isPartOf":{"@id":"https:\/\/ppdegalicia.com\/es\/o-parlamento-galego-pide-ao-goberno-central-axudas-e-asistencia-tecnica-para-que-autonomos-e-pemes-se-adapten-ao-novo-sistema-dixital-de-rexistro-horario\/"},"author":{"name":"ppdegaliciaredes","@id":"https:\/\/ppdegalicia.com\/es\/#\/schema\/person\/5b822c6f59e872ebdd1142f307dbcb59"},"headline":"O Parlamento galego pide ao Goberno central axudas e asistencia t\u00e9cnica para que aut\u00f3nomos e pemes se adapten ao novo sistema dixital de rexistro horario","datePublished":"2026-01-22T15:28:19+00:00","mainEntityOfPage":{"@id":"https:\/\/ppdegalicia.com\/es\/o-parlamento-galego-pide-ao-goberno-central-axudas-e-asistencia-tecnica-para-que-autonomos-e-pemes-se-adapten-ao-novo-sistema-dixital-de-rexistro-horario\/"},"wordCount":486,"publisher":{"@id":"https:\/\/ppdegalicia.com\/es\/#organization"},"image":{"@id":"https:\/\/ppdegalicia.com\/es\/o-parlamento-galego-pide-ao-goberno-central-axudas-e-asistencia-tecnica-para-que-autonomos-e-pemes-se-adapten-ao-novo-sistema-dixital-de-rexistro-horario\/#primaryimage"},"thumbnailUrl":"https:\/\/ppdegalicia.com\/wp-content\/uploads\/2026\/01\/Noelia-Perez-na-Comision-5a-scaled.jpg","articleSection":["Parlamento de Galicia"],"inLanguage":"es"},{"@type":"WebPage","@id":"https:\/\/ppdegalicia.com\/es\/o-parlamento-galego-pide-ao-goberno-central-axudas-e-asistencia-tecnica-para-que-autonomos-e-pemes-se-adapten-ao-novo-sistema-dixital-de-rexistro-horario\/","url":"https:\/\/ppdegalicia.com\/es\/o-parlamento-galego-pide-ao-goberno-central-axudas-e-asistencia-tecnica-para-que-autonomos-e-pemes-se-adapten-ao-novo-sistema-dixital-de-rexistro-horario\/","name":"O Parlamento galego pide ao Goberno central axudas e asistencia t\u00e9cnica para que aut\u00f3nomos e pemes se adapten ao novo sistema dixital de rexistro horario - PP de Galicia","isPartOf":{"@id":"https:\/\/ppdegalicia.com\/es\/#website"},"primaryImageOfPage":{"@id":"https:\/\/ppdegalicia.com\/es\/o-parlamento-galego-pide-ao-goberno-central-axudas-e-asistencia-tecnica-para-que-autonomos-e-pemes-se-adapten-ao-novo-sistema-dixital-de-rexistro-horario\/#primaryimage"},"image":{"@id":"https:\/\/ppdegalicia.com\/es\/o-parlamento-galego-pide-ao-goberno-central-axudas-e-asistencia-tecnica-para-que-autonomos-e-pemes-se-adapten-ao-novo-sistema-dixital-de-rexistro-horario\/#primaryimage"},"thumbnailUrl":"https:\/\/ppdegalicia.com\/wp-content\/uploads\/2026\/01\/Noelia-Perez-na-Comision-5a-scaled.jpg","datePublished":"2026-01-22T15:28:19+00:00","description":"O Parlamento de Galicia aprobou hoxe a proposici\u00f3n non de lei do Grupo Popular, co voto en contra de BNG e PSdeG, a trav\u00e9s da que se solicita ao Goberno de Espa\u00f1a que habilite li\u00f1as de axudas econ\u00f3micas e de asistencia t\u00e9cnica para aut\u00f3nomos, pequenas e medianas empresas que te\u00f1an que adaptarse ao novo sistema dixital de rexistro horario.","breadcrumb":{"@id":"https:\/\/ppdegalicia.com\/es\/o-parlamento-galego-pide-ao-goberno-central-axudas-e-asistencia-tecnica-para-que-autonomos-e-pemes-se-adapten-ao-novo-sistema-dixital-de-rexistro-horario\/#breadcrumb"},"inLanguage":"es","potentialAction":[{"@type":"ReadAction","target":["https:\/\/ppdegalicia.com\/es\/o-parlamento-galego-pide-ao-goberno-central-axudas-e-asistencia-tecnica-para-que-autonomos-e-pemes-se-adapten-ao-novo-sistema-dixital-de-rexistro-horario\/"]}]},{"@type":"ImageObject","inLanguage":"es","@id":"https:\/\/ppdegalicia.com\/es\/o-parlamento-galego-pide-ao-goberno-central-axudas-e-asistencia-tecnica-para-que-autonomos-e-pemes-se-adapten-ao-novo-sistema-dixital-de-rexistro-horario\/#primaryimage","url":"https:\/\/ppdegalicia.com\/wp-content\/uploads\/2026\/01\/Noelia-Perez-na-Comision-5a-scaled.jpg","contentUrl":"https:\/\/ppdegalicia.com\/wp-content\/uploads\/2026\/01\/Noelia-Perez-na-Comision-5a-scaled.jpg","width":2560,"height":1707},{"@type":"BreadcrumbList","@id":"https:\/\/ppdegalicia.com\/es\/o-parlamento-galego-pide-ao-goberno-central-axudas-e-asistencia-tecnica-para-que-autonomos-e-pemes-se-adapten-ao-novo-sistema-dixital-de-rexistro-horario\/#breadcrumb","itemListElement":[{"@type":"ListItem","position":1,"name":"Portada","item":"https:\/\/ppdegalicia.com\/es\/"},{"@type":"ListItem","position":2,"name":"O Parlamento galego pide ao Goberno central axudas e asistencia t\u00e9cnica para que aut\u00f3nomos e pemes se adapten ao novo sistema dixital de rexistro horario"}]},{"@type":"WebSite","@id":"https:\/\/ppdegalicia.com\/es\/#website","url":"https:\/\/ppdegalicia.com\/es\/","name":"Partido Popular de Galicia","description":"Partido Popular de Galicia","publisher":{"@id":"https:\/\/ppdegalicia.com\/es\/#organization"},"alternateName":"PP de Galicia","potentialAction":[{"@type":"SearchAction","target":{"@type":"EntryPoint","urlTemplate":"https:\/\/ppdegalicia.com\/es\/?s={search_term_string}"},"query-input":{"@type":"PropertyValueSpecification","valueRequired":true,"valueName":"search_term_string"}}],"inLanguage":"es"},{"@type":"Organization","@id":"https:\/\/ppdegalicia.com\/es\/#organization","name":"Partido Popular de Galicia","alternateName":"PP de Galicia","url":"https:\/\/ppdegalicia.com\/es\/","logo":{"@type":"ImageObject","inLanguage":"es","@id":"https:\/\/ppdegalicia.com\/es\/#\/schema\/logo\/image\/","url":"https:\/\/ppdegalicia.com\/wp-content\/uploads\/2023\/04\/logoPP512.png","contentUrl":"https:\/\/ppdegalicia.com\/wp-content\/uploads\/2023\/04\/logoPP512.png","width":512,"height":512,"caption":"Partido Popular de Galicia"},"image":{"@id":"https:\/\/ppdegalicia.com\/es\/#\/schema\/logo\/image\/"},"sameAs":["https:\/\/www.instagram.com\/ppdegalicia\/","https:\/\/x.com\/ppdegalicia","https:\/\/www.tiktok.com\/@ppdegalicia","https:\/\/www.youtube.com\/user\/ppdegalicia"]},{"@type":"Person","@id":"https:\/\/ppdegalicia.com\/es\/#\/schema\/person\/5b822c6f59e872ebdd1142f307dbcb59","name":"ppdegaliciaredes","image":{"@type":"ImageObject","inLanguage":"es","@id":"https:\/\/secure.gravatar.com\/avatar\/3c9179cf0256d00c72a48d1f25783c58b6842cd56e85ef3a572881c8e28ccd59?s=96&d=mm&r=g","url":"https:\/\/secure.gravatar.com\/avatar\/3c9179cf0256d00c72a48d1f25783c58b6842cd56e85ef3a572881c8e28ccd59?s=96&d=mm&r=g","contentUrl":"https:\/\/secure.gravatar.com\/avatar\/3c9179cf0256d00c72a48d1f25783c58b6842cd56e85ef3a572881c8e28ccd59?s=96&d=mm&r=g","caption":"ppdegaliciaredes"},"url":"https:\/\/ppdegalicia.com\/es\/author\/ppdegaliciaredes\/"}]}},"_links":{"self":[{"href":"https:\/\/ppdegalicia.com\/es\/wp-json\/wp\/v2\/posts\/69882","targetHints":{"allow":["GET"]}}],"collection":[{"href":"https:\/\/ppdegalicia.com\/es\/wp-json\/wp\/v2\/posts"}],"about":[{"href":"https:\/\/ppdegalicia.com\/es\/wp-json\/wp\/v2\/types\/post"}],"author":[{"embeddable":true,"href":"https:\/\/ppdegalicia.com\/es\/wp-json\/wp\/v2\/users\/38"}],"replies":[{"embeddable":true,"href":"https:\/\/ppdegalicia.com\/es\/wp-json\/wp\/v2\/comments?post=69882"}],"version-history":[{"count":1,"href":"https:\/\/ppdegalicia.com\/es\/wp-json\/wp\/v2\/posts\/69882\/revisions"}],"predecessor-version":[{"id":69885,"href":"https:\/\/ppdegalicia.com\/es\/wp-json\/wp\/v2\/posts\/69882\/revisions\/69885"}],"wp:featuredmedia":[{"embeddable":true,"href":"https:\/\/ppdegalicia.com\/es\/wp-json\/wp\/v2\/media\/69883"}],"wp:attachment":[{"href":"https:\/\/ppdegalicia.com\/es\/wp-json\/wp\/v2\/media?parent=69882"}],"wp:term":[{"taxonomy":"category","embeddable":true,"href":"https:\/\/ppdegalicia.com\/es\/wp-json\/wp\/v2\/categories?post=69882"},{"taxonomy":"post_tag","embeddable":true,"href":"https:\/\/ppdegalicia.com\/es\/wp-json\/wp\/v2\/tags?post=69882"}],"curies":[{"name":"wp","href":"https:\/\/api.w.org\/{rel}","templated":true}]}}