{"id":69890,"date":"2026-01-23T14:30:57","date_gmt":"2026-01-23T13:30:57","guid":{"rendered":"https:\/\/ppdegalicia.com\/?p=69890"},"modified":"2026-01-23T14:30:57","modified_gmt":"2026-01-23T13:30:57","slug":"paula-prado-critica-o-ecoloxismo-radical-de-psoe-e-bng-que-desprotexe-aos-gandeiros-fronte-aos-ataques-do-lobo-mentres-o-ppdeg-traballa-na-defensa-do-rura","status":"publish","type":"post","link":"https:\/\/ppdegalicia.com\/es\/paula-prado-critica-o-ecoloxismo-radical-de-psoe-e-bng-que-desprotexe-aos-gandeiros-fronte-aos-ataques-do-lobo-mentres-o-ppdeg-traballa-na-defensa-do-rura\/","title":{"rendered":"Paula Prado critica o \u201cecoloxismo radical\u201d de PSOE e BNG que \u201cdesprotexe aos gandeiros\u201d fronte aos ataques do lobo, mentres o PPdeG traballa na \u201cdefensa do rural\u201d"},"content":{"rendered":"<p style=\"font-weight: 400;\">A secretaria xeral do Partido Popular de Galicia,\u00a0Paula Prado, criticou hoxe o \u201cecoloxismo radical\u201d de PSOE e BNG, aos que acusou de \u201cfacer moito dano\u201d aos gandeiros que sofren o aumento de ataques de lobo nas s\u00faas explotaci\u00f3ns, mentres o PPdeG traballa \u201cna defensa do rural\u201d e leva anos insistindo \u201cen que non se protexa m\u00e1is o lobo, porque as\u00ed se desprotexe ao gandeiro\u201d.<\/p>\n<p style=\"font-weight: 400;\">Nunha visita ao concello de Curtis, as\u00ed llo trasladaron tam\u00e9n gandeiros afectados durante unha reuni\u00f3n, onde Paula Prado estivo acompa\u00f1ada pola coordinadora de Medio Ambiente do PPdeG, Marisol D\u00edaz Mouteira, o coordinador de Medio Rural, Avelino Souto, os deputados auton\u00f3micos Miguel \u00c1ngel Viso e Gonzalo Trenor, e o alcalde, Javier Ca\u00ednzos.<\/p>\n<p style=\"font-weight: 400;\">A n\u00famero dous dos populares galegos amosou a \u201cgran preocupaci\u00f3n\u201d do PPdeG polo sector gandeiro tralo aumento dos ataques do lobo que supuxo a entrada desta especie na listaxe de protecci\u00f3n especial (Lespre). \u201cUnha decisi\u00f3n inexplicable do PSOE, apoiada en reiteradas ocasi\u00f3ns polo BNG, que xa foi revocada hai uns meses pero que fixo e segue facendo moito dano\u201d, expresou.<\/p>\n<p style=\"font-weight: 400;\">As\u00ed, lembrou que cada d\u00eda hai en Galicia nove animais de media atacados polo lobo, con centos de gandeiros afectados. Ante estas cifras, puxo en valor as medidas postas en marcha pola Xunta, para prevenci\u00f3n e compensaci\u00f3n dos danos, con axudas que suman arredor de 2 mill\u00f3ns de euros, en contraste co Goberno central, ao que esixiu que libere os 12 mill\u00f3ns de euros de fondos que debe \u00e1 nosa Comunidade nesta materia.<\/p>\n<p style=\"font-weight: 400;\">\u201cSomos o partido do rural e n\u00f3s, m\u00e1is que ningu\u00e9n, estamos ao car\u00f3n dos agricultores e gandeiros\u201d, destacou.<\/p>\n<p style=\"font-weight: 400;\">Neste sentido, Prado felicitou ao concello de Curtis como \u201cun grande exemplo\u201d do que fan os gobernos do PP, ao traballar por e para os seus veci\u00f1os e apoiar aos gandeiros. \u201cGrazas ao PPdeG, conseguimos garantir o equilibrio do medio rural, pero as consecuencias da medida impulsada polo Goberno de S\u00e1nchez seguen repercutindo\u201d, reiterou, citando os efectos negativos dos ataques en explotaci\u00f3ns como as deste municipio.<\/p>\n<p style=\"font-weight: 400;\">\u201cNo PPdeG compromet\u00e9monos a seguir traballando na defensa dos intereses do rural ante todas as autoridades, tanto ante o Goberno central como ante Europa\u201d, subli\u00f1ou para rematar.<\/p>\n<p style=\"font-weight: 400;\"><strong><u>CUANTIOSAS PERDAS PARA OS GANDEIROS<\/u><\/strong><\/p>\n<p style=\"font-weight: 400;\">Pola s\u00faa banda, o alcalde de Curtis quixo visibilizar o aumento dos ataques de lobo. \u201cAgrav\u00e1ronse nos \u00faltimos meses e debemos dar un paso adiante para apoiar aos gandeiros e \u00e1s s\u00faas explotaci\u00f3ns e tomar medidas\u201d, sinalou, facendo fincap\u00e9 nas \u201ccuantiosas perdas\u201d que sup\u00f3n o ataque da especie para o sector.<\/p>\n<p style=\"font-weight: 400;\">Neste municipio, ao igual que noutros concellos galegos, ve\u00f1en rexistrando un aumento significativo nos \u00faltimos meses. Algo que levou ao Concello a solicitar \u00e1 Xunta unha intervenci\u00f3n urxente dada a imposibilidade de actuar derivada da paralizaci\u00f3n xudicial que sofre o plan de xesti\u00f3n do lobo.<\/p>\n<p style=\"font-weight: 400;\">C\u00f3mpre recordar que este plan permite medidas de control en casos moi concretos, pero a s\u00faa paralizaci\u00f3n por parte do Tribunal Superior de Xustiza de Galicia (TSXG) impide autorizar na Comunidade medidas de control do lobo por danos recorrentes e acreditados. Algo que, pola contra, xa se fai noutras comunidades como Cantabria ou Castela e Le\u00f3n.<\/p>\n","protected":false},"excerpt":{"rendered":"<p>A secretaria xeral do Partido Popular de Galicia,\u00a0Paula Prado, criticou hoxe o \u201cecoloxismo radical\u201d de PSOE e BNG, aos que acusou de \u201cfacer moito dano\u201d aos gandeiros que sofren o aumento de ataques de lobo nas s\u00faas explotaci\u00f3ns, mentres o PPdeG traballa \u201cna defensa do rural\u201d e leva anos insistindo \u201cen que non se protexa [&hellip;]<\/p>\n","protected":false},"author":38,"featured_media":69891,"comment_status":"closed","ping_status":"open","sticky":false,"template":"","format":"standard","meta":{"_acf_changed":false,"footnotes":""},"categories":[1],"tags":[],"class_list":["post-69890","post","type-post","status-publish","format-standard","has-post-thumbnail","hentry","category-pp-de-galicia"],"acf":[],"yoast_head":"<!-- This site is optimized with the Yoast SEO plugin v27.3 - https:\/\/yoast.com\/product\/yoast-seo-wordpress\/ -->\n<title>Paula Prado critica o \u201cecoloxismo radical\u201d de PSOE e BNG que \u201cdesprotexe aos gandeiros\u201d fronte aos ataques do lobo, mentres o PPdeG traballa na \u201cdefensa do rural\u201d - PP de Galicia<\/title>\n<meta name=\"description\" content=\"A secretaria xeral do Partido Popular de Galicia,\u00a0Paula Prado, criticou hoxe o \u201cecoloxismo radical\u201d de PSOE e BNG, aos que acusou de \u201cfacer moito dano\u201d aos gandeiros que sofren o aumento de ataques de lobo nas s\u00faas explotaci\u00f3ns, mentres o PPdeG traballa \u201cna defensa do rural\u201d e leva anos insistindo \u201cen que non se protexa m\u00e1is o lobo, porque as\u00ed se desprotexe ao gandeiro\u201d.\" \/>\n<meta name=\"robots\" content=\"index, follow, max-snippet:-1, max-image-preview:large, max-video-preview:-1\" \/>\n<link rel=\"canonical\" href=\"https:\/\/ppdegalicia.com\/es\/paula-prado-critica-o-ecoloxismo-radical-de-psoe-e-bng-que-desprotexe-aos-gandeiros-fronte-aos-ataques-do-lobo-mentres-o-ppdeg-traballa-na-defensa-do-rura\/\" \/>\n<meta property=\"og:locale\" content=\"es_ES\" \/>\n<meta property=\"og:type\" content=\"article\" \/>\n<meta property=\"og:title\" content=\"Paula Prado critica o \u201cecoloxismo radical\u201d de PSOE e BNG que \u201cdesprotexe aos gandeiros\u201d fronte aos ataques do lobo, mentres o PPdeG traballa na \u201cdefensa do rural\u201d - PP de Galicia\" \/>\n<meta property=\"og:description\" content=\"A secretaria xeral do Partido Popular de Galicia,\u00a0Paula Prado, criticou hoxe o \u201cecoloxismo radical\u201d de PSOE e BNG, aos que acusou de \u201cfacer moito dano\u201d aos gandeiros que sofren o aumento de ataques de lobo nas s\u00faas explotaci\u00f3ns, mentres o PPdeG traballa \u201cna defensa do rural\u201d e leva anos insistindo \u201cen que non se protexa m\u00e1is o lobo, porque as\u00ed se desprotexe ao gandeiro\u201d.\" \/>\n<meta property=\"og:url\" content=\"https:\/\/ppdegalicia.com\/es\/paula-prado-critica-o-ecoloxismo-radical-de-psoe-e-bng-que-desprotexe-aos-gandeiros-fronte-aos-ataques-do-lobo-mentres-o-ppdeg-traballa-na-defensa-do-rura\/\" \/>\n<meta property=\"og:site_name\" content=\"PP de Galicia\" \/>\n<meta property=\"article:publisher\" content=\"https:\/\/www.instagram.com\/ppdegalicia\/\" \/>\n<meta property=\"article:published_time\" content=\"2026-01-23T13:30:57+00:00\" \/>\n<meta property=\"og:image\" content=\"https:\/\/ppdegalicia.com\/wp-content\/uploads\/2026\/01\/20260123_PPrado_Curtis_2.jpg-scaled.jpeg\" \/>\n\t<meta property=\"og:image:width\" content=\"2560\" \/>\n\t<meta property=\"og:image:height\" content=\"1707\" \/>\n\t<meta property=\"og:image:type\" content=\"image\/jpeg\" \/>\n<meta name=\"author\" content=\"ppdegaliciaredes\" \/>\n<meta name=\"twitter:card\" content=\"summary_large_image\" \/>\n<meta name=\"twitter:creator\" content=\"@ppdegalicia\" \/>\n<meta name=\"twitter:site\" content=\"@ppdegalicia\" \/>\n<meta name=\"twitter:label1\" content=\"Escrito por\" \/>\n\t<meta name=\"twitter:data1\" content=\"ppdegaliciaredes\" \/>\n\t<meta name=\"twitter:label2\" content=\"Tiempo de lectura\" \/>\n\t<meta name=\"twitter:data2\" content=\"4 minutos\" \/>\n<script type=\"application\/ld+json\" class=\"yoast-schema-graph\">{\"@context\":\"https:\\\/\\\/schema.org\",\"@graph\":[{\"@type\":\"Article\",\"@id\":\"https:\\\/\\\/ppdegalicia.com\\\/es\\\/paula-prado-critica-o-ecoloxismo-radical-de-psoe-e-bng-que-desprotexe-aos-gandeiros-fronte-aos-ataques-do-lobo-mentres-o-ppdeg-traballa-na-defensa-do-rura\\\/#article\",\"isPartOf\":{\"@id\":\"https:\\\/\\\/ppdegalicia.com\\\/es\\\/paula-prado-critica-o-ecoloxismo-radical-de-psoe-e-bng-que-desprotexe-aos-gandeiros-fronte-aos-ataques-do-lobo-mentres-o-ppdeg-traballa-na-defensa-do-rura\\\/\"},\"author\":{\"name\":\"ppdegaliciaredes\",\"@id\":\"https:\\\/\\\/ppdegalicia.com\\\/es\\\/#\\\/schema\\\/person\\\/5b822c6f59e872ebdd1142f307dbcb59\"},\"headline\":\"Paula Prado critica o \u201cecoloxismo radical\u201d de PSOE e BNG que \u201cdesprotexe aos gandeiros\u201d fronte aos ataques do lobo, mentres o PPdeG traballa na \u201cdefensa do rural\u201d\",\"datePublished\":\"2026-01-23T13:30:57+00:00\",\"mainEntityOfPage\":{\"@id\":\"https:\\\/\\\/ppdegalicia.com\\\/es\\\/paula-prado-critica-o-ecoloxismo-radical-de-psoe-e-bng-que-desprotexe-aos-gandeiros-fronte-aos-ataques-do-lobo-mentres-o-ppdeg-traballa-na-defensa-do-rura\\\/\"},\"wordCount\":581,\"publisher\":{\"@id\":\"https:\\\/\\\/ppdegalicia.com\\\/es\\\/#organization\"},\"image\":{\"@id\":\"https:\\\/\\\/ppdegalicia.com\\\/es\\\/paula-prado-critica-o-ecoloxismo-radical-de-psoe-e-bng-que-desprotexe-aos-gandeiros-fronte-aos-ataques-do-lobo-mentres-o-ppdeg-traballa-na-defensa-do-rura\\\/#primaryimage\"},\"thumbnailUrl\":\"https:\\\/\\\/ppdegalicia.com\\\/wp-content\\\/uploads\\\/2026\\\/01\\\/20260123_PPrado_Curtis_2.jpg-scaled.jpeg\",\"articleSection\":[\"PP de Galicia\"],\"inLanguage\":\"es\"},{\"@type\":\"WebPage\",\"@id\":\"https:\\\/\\\/ppdegalicia.com\\\/es\\\/paula-prado-critica-o-ecoloxismo-radical-de-psoe-e-bng-que-desprotexe-aos-gandeiros-fronte-aos-ataques-do-lobo-mentres-o-ppdeg-traballa-na-defensa-do-rura\\\/\",\"url\":\"https:\\\/\\\/ppdegalicia.com\\\/es\\\/paula-prado-critica-o-ecoloxismo-radical-de-psoe-e-bng-que-desprotexe-aos-gandeiros-fronte-aos-ataques-do-lobo-mentres-o-ppdeg-traballa-na-defensa-do-rura\\\/\",\"name\":\"Paula Prado critica o \u201cecoloxismo radical\u201d de PSOE e BNG que \u201cdesprotexe aos gandeiros\u201d fronte aos ataques do lobo, mentres o PPdeG traballa na \u201cdefensa do rural\u201d - PP de Galicia\",\"isPartOf\":{\"@id\":\"https:\\\/\\\/ppdegalicia.com\\\/es\\\/#website\"},\"primaryImageOfPage\":{\"@id\":\"https:\\\/\\\/ppdegalicia.com\\\/es\\\/paula-prado-critica-o-ecoloxismo-radical-de-psoe-e-bng-que-desprotexe-aos-gandeiros-fronte-aos-ataques-do-lobo-mentres-o-ppdeg-traballa-na-defensa-do-rura\\\/#primaryimage\"},\"image\":{\"@id\":\"https:\\\/\\\/ppdegalicia.com\\\/es\\\/paula-prado-critica-o-ecoloxismo-radical-de-psoe-e-bng-que-desprotexe-aos-gandeiros-fronte-aos-ataques-do-lobo-mentres-o-ppdeg-traballa-na-defensa-do-rura\\\/#primaryimage\"},\"thumbnailUrl\":\"https:\\\/\\\/ppdegalicia.com\\\/wp-content\\\/uploads\\\/2026\\\/01\\\/20260123_PPrado_Curtis_2.jpg-scaled.jpeg\",\"datePublished\":\"2026-01-23T13:30:57+00:00\",\"description\":\"A secretaria xeral do Partido Popular de Galicia,\u00a0Paula Prado, criticou hoxe o \u201cecoloxismo radical\u201d de PSOE e BNG, aos que acusou de \u201cfacer moito dano\u201d aos gandeiros que sofren o aumento de ataques de lobo nas s\u00faas explotaci\u00f3ns, mentres o PPdeG traballa \u201cna defensa do rural\u201d e leva anos insistindo \u201cen que non se protexa m\u00e1is o lobo, porque as\u00ed se desprotexe ao gandeiro\u201d.\",\"breadcrumb\":{\"@id\":\"https:\\\/\\\/ppdegalicia.com\\\/es\\\/paula-prado-critica-o-ecoloxismo-radical-de-psoe-e-bng-que-desprotexe-aos-gandeiros-fronte-aos-ataques-do-lobo-mentres-o-ppdeg-traballa-na-defensa-do-rura\\\/#breadcrumb\"},\"inLanguage\":\"es\",\"potentialAction\":[{\"@type\":\"ReadAction\",\"target\":[\"https:\\\/\\\/ppdegalicia.com\\\/es\\\/paula-prado-critica-o-ecoloxismo-radical-de-psoe-e-bng-que-desprotexe-aos-gandeiros-fronte-aos-ataques-do-lobo-mentres-o-ppdeg-traballa-na-defensa-do-rura\\\/\"]}]},{\"@type\":\"ImageObject\",\"inLanguage\":\"es\",\"@id\":\"https:\\\/\\\/ppdegalicia.com\\\/es\\\/paula-prado-critica-o-ecoloxismo-radical-de-psoe-e-bng-que-desprotexe-aos-gandeiros-fronte-aos-ataques-do-lobo-mentres-o-ppdeg-traballa-na-defensa-do-rura\\\/#primaryimage\",\"url\":\"https:\\\/\\\/ppdegalicia.com\\\/wp-content\\\/uploads\\\/2026\\\/01\\\/20260123_PPrado_Curtis_2.jpg-scaled.jpeg\",\"contentUrl\":\"https:\\\/\\\/ppdegalicia.com\\\/wp-content\\\/uploads\\\/2026\\\/01\\\/20260123_PPrado_Curtis_2.jpg-scaled.jpeg\",\"width\":2560,\"height\":1707},{\"@type\":\"BreadcrumbList\",\"@id\":\"https:\\\/\\\/ppdegalicia.com\\\/es\\\/paula-prado-critica-o-ecoloxismo-radical-de-psoe-e-bng-que-desprotexe-aos-gandeiros-fronte-aos-ataques-do-lobo-mentres-o-ppdeg-traballa-na-defensa-do-rura\\\/#breadcrumb\",\"itemListElement\":[{\"@type\":\"ListItem\",\"position\":1,\"name\":\"Portada\",\"item\":\"https:\\\/\\\/ppdegalicia.com\\\/es\\\/\"},{\"@type\":\"ListItem\",\"position\":2,\"name\":\"Paula Prado critica o \u201cecoloxismo radical\u201d de PSOE e BNG que \u201cdesprotexe aos gandeiros\u201d fronte aos ataques do lobo, mentres o PPdeG traballa na \u201cdefensa do rural\u201d\"}]},{\"@type\":\"WebSite\",\"@id\":\"https:\\\/\\\/ppdegalicia.com\\\/es\\\/#website\",\"url\":\"https:\\\/\\\/ppdegalicia.com\\\/es\\\/\",\"name\":\"Partido Popular de Galicia\",\"description\":\"Partido Popular de Galicia\",\"publisher\":{\"@id\":\"https:\\\/\\\/ppdegalicia.com\\\/es\\\/#organization\"},\"alternateName\":\"PP de Galicia\",\"potentialAction\":[{\"@type\":\"SearchAction\",\"target\":{\"@type\":\"EntryPoint\",\"urlTemplate\":\"https:\\\/\\\/ppdegalicia.com\\\/es\\\/?s={search_term_string}\"},\"query-input\":{\"@type\":\"PropertyValueSpecification\",\"valueRequired\":true,\"valueName\":\"search_term_string\"}}],\"inLanguage\":\"es\"},{\"@type\":\"Organization\",\"@id\":\"https:\\\/\\\/ppdegalicia.com\\\/es\\\/#organization\",\"name\":\"Partido Popular de Galicia\",\"alternateName\":\"PP de Galicia\",\"url\":\"https:\\\/\\\/ppdegalicia.com\\\/es\\\/\",\"logo\":{\"@type\":\"ImageObject\",\"inLanguage\":\"es\",\"@id\":\"https:\\\/\\\/ppdegalicia.com\\\/es\\\/#\\\/schema\\\/logo\\\/image\\\/\",\"url\":\"https:\\\/\\\/ppdegalicia.com\\\/wp-content\\\/uploads\\\/2023\\\/04\\\/logoPP512.png\",\"contentUrl\":\"https:\\\/\\\/ppdegalicia.com\\\/wp-content\\\/uploads\\\/2023\\\/04\\\/logoPP512.png\",\"width\":512,\"height\":512,\"caption\":\"Partido Popular de Galicia\"},\"image\":{\"@id\":\"https:\\\/\\\/ppdegalicia.com\\\/es\\\/#\\\/schema\\\/logo\\\/image\\\/\"},\"sameAs\":[\"https:\\\/\\\/www.instagram.com\\\/ppdegalicia\\\/\",\"https:\\\/\\\/x.com\\\/ppdegalicia\",\"https:\\\/\\\/www.tiktok.com\\\/@ppdegalicia\",\"https:\\\/\\\/www.youtube.com\\\/user\\\/ppdegalicia\"]},{\"@type\":\"Person\",\"@id\":\"https:\\\/\\\/ppdegalicia.com\\\/es\\\/#\\\/schema\\\/person\\\/5b822c6f59e872ebdd1142f307dbcb59\",\"name\":\"ppdegaliciaredes\",\"image\":{\"@type\":\"ImageObject\",\"inLanguage\":\"es\",\"@id\":\"https:\\\/\\\/secure.gravatar.com\\\/avatar\\\/3c9179cf0256d00c72a48d1f25783c58b6842cd56e85ef3a572881c8e28ccd59?s=96&d=mm&r=g\",\"url\":\"https:\\\/\\\/secure.gravatar.com\\\/avatar\\\/3c9179cf0256d00c72a48d1f25783c58b6842cd56e85ef3a572881c8e28ccd59?s=96&d=mm&r=g\",\"contentUrl\":\"https:\\\/\\\/secure.gravatar.com\\\/avatar\\\/3c9179cf0256d00c72a48d1f25783c58b6842cd56e85ef3a572881c8e28ccd59?s=96&d=mm&r=g\",\"caption\":\"ppdegaliciaredes\"},\"url\":\"https:\\\/\\\/ppdegalicia.com\\\/es\\\/author\\\/ppdegaliciaredes\\\/\"}]}<\/script>\n<!-- \/ Yoast SEO plugin. -->","yoast_head_json":{"title":"Paula Prado critica o \u201cecoloxismo radical\u201d de PSOE e BNG que \u201cdesprotexe aos gandeiros\u201d fronte aos ataques do lobo, mentres o PPdeG traballa na \u201cdefensa do rural\u201d - PP de Galicia","description":"A secretaria xeral do Partido Popular de Galicia,\u00a0Paula Prado, criticou hoxe o \u201cecoloxismo radical\u201d de PSOE e BNG, aos que acusou de \u201cfacer moito dano\u201d aos gandeiros que sofren o aumento de ataques de lobo nas s\u00faas explotaci\u00f3ns, mentres o PPdeG traballa \u201cna defensa do rural\u201d e leva anos insistindo \u201cen que non se protexa m\u00e1is o lobo, porque as\u00ed se desprotexe ao gandeiro\u201d.","robots":{"index":"index","follow":"follow","max-snippet":"max-snippet:-1","max-image-preview":"max-image-preview:large","max-video-preview":"max-video-preview:-1"},"canonical":"https:\/\/ppdegalicia.com\/es\/paula-prado-critica-o-ecoloxismo-radical-de-psoe-e-bng-que-desprotexe-aos-gandeiros-fronte-aos-ataques-do-lobo-mentres-o-ppdeg-traballa-na-defensa-do-rura\/","og_locale":"es_ES","og_type":"article","og_title":"Paula Prado critica o \u201cecoloxismo radical\u201d de PSOE e BNG que \u201cdesprotexe aos gandeiros\u201d fronte aos ataques do lobo, mentres o PPdeG traballa na \u201cdefensa do rural\u201d - PP de Galicia","og_description":"A secretaria xeral do Partido Popular de Galicia,\u00a0Paula Prado, criticou hoxe o \u201cecoloxismo radical\u201d de PSOE e BNG, aos que acusou de \u201cfacer moito dano\u201d aos gandeiros que sofren o aumento de ataques de lobo nas s\u00faas explotaci\u00f3ns, mentres o PPdeG traballa \u201cna defensa do rural\u201d e leva anos insistindo \u201cen que non se protexa m\u00e1is o lobo, porque as\u00ed se desprotexe ao gandeiro\u201d.","og_url":"https:\/\/ppdegalicia.com\/es\/paula-prado-critica-o-ecoloxismo-radical-de-psoe-e-bng-que-desprotexe-aos-gandeiros-fronte-aos-ataques-do-lobo-mentres-o-ppdeg-traballa-na-defensa-do-rura\/","og_site_name":"PP de Galicia","article_publisher":"https:\/\/www.instagram.com\/ppdegalicia\/","article_published_time":"2026-01-23T13:30:57+00:00","og_image":[{"width":2560,"height":1707,"url":"https:\/\/ppdegalicia.com\/wp-content\/uploads\/2026\/01\/20260123_PPrado_Curtis_2.jpg-scaled.jpeg","type":"image\/jpeg"}],"author":"ppdegaliciaredes","twitter_card":"summary_large_image","twitter_creator":"@ppdegalicia","twitter_site":"@ppdegalicia","twitter_misc":{"Escrito por":"ppdegaliciaredes","Tiempo de lectura":"4 minutos"},"schema":{"@context":"https:\/\/schema.org","@graph":[{"@type":"Article","@id":"https:\/\/ppdegalicia.com\/es\/paula-prado-critica-o-ecoloxismo-radical-de-psoe-e-bng-que-desprotexe-aos-gandeiros-fronte-aos-ataques-do-lobo-mentres-o-ppdeg-traballa-na-defensa-do-rura\/#article","isPartOf":{"@id":"https:\/\/ppdegalicia.com\/es\/paula-prado-critica-o-ecoloxismo-radical-de-psoe-e-bng-que-desprotexe-aos-gandeiros-fronte-aos-ataques-do-lobo-mentres-o-ppdeg-traballa-na-defensa-do-rura\/"},"author":{"name":"ppdegaliciaredes","@id":"https:\/\/ppdegalicia.com\/es\/#\/schema\/person\/5b822c6f59e872ebdd1142f307dbcb59"},"headline":"Paula Prado critica o \u201cecoloxismo radical\u201d de PSOE e BNG que \u201cdesprotexe aos gandeiros\u201d fronte aos ataques do lobo, mentres o PPdeG traballa na \u201cdefensa do rural\u201d","datePublished":"2026-01-23T13:30:57+00:00","mainEntityOfPage":{"@id":"https:\/\/ppdegalicia.com\/es\/paula-prado-critica-o-ecoloxismo-radical-de-psoe-e-bng-que-desprotexe-aos-gandeiros-fronte-aos-ataques-do-lobo-mentres-o-ppdeg-traballa-na-defensa-do-rura\/"},"wordCount":581,"publisher":{"@id":"https:\/\/ppdegalicia.com\/es\/#organization"},"image":{"@id":"https:\/\/ppdegalicia.com\/es\/paula-prado-critica-o-ecoloxismo-radical-de-psoe-e-bng-que-desprotexe-aos-gandeiros-fronte-aos-ataques-do-lobo-mentres-o-ppdeg-traballa-na-defensa-do-rura\/#primaryimage"},"thumbnailUrl":"https:\/\/ppdegalicia.com\/wp-content\/uploads\/2026\/01\/20260123_PPrado_Curtis_2.jpg-scaled.jpeg","articleSection":["PP de Galicia"],"inLanguage":"es"},{"@type":"WebPage","@id":"https:\/\/ppdegalicia.com\/es\/paula-prado-critica-o-ecoloxismo-radical-de-psoe-e-bng-que-desprotexe-aos-gandeiros-fronte-aos-ataques-do-lobo-mentres-o-ppdeg-traballa-na-defensa-do-rura\/","url":"https:\/\/ppdegalicia.com\/es\/paula-prado-critica-o-ecoloxismo-radical-de-psoe-e-bng-que-desprotexe-aos-gandeiros-fronte-aos-ataques-do-lobo-mentres-o-ppdeg-traballa-na-defensa-do-rura\/","name":"Paula Prado critica o \u201cecoloxismo radical\u201d de PSOE e BNG que \u201cdesprotexe aos gandeiros\u201d fronte aos ataques do lobo, mentres o PPdeG traballa na \u201cdefensa do rural\u201d - PP de Galicia","isPartOf":{"@id":"https:\/\/ppdegalicia.com\/es\/#website"},"primaryImageOfPage":{"@id":"https:\/\/ppdegalicia.com\/es\/paula-prado-critica-o-ecoloxismo-radical-de-psoe-e-bng-que-desprotexe-aos-gandeiros-fronte-aos-ataques-do-lobo-mentres-o-ppdeg-traballa-na-defensa-do-rura\/#primaryimage"},"image":{"@id":"https:\/\/ppdegalicia.com\/es\/paula-prado-critica-o-ecoloxismo-radical-de-psoe-e-bng-que-desprotexe-aos-gandeiros-fronte-aos-ataques-do-lobo-mentres-o-ppdeg-traballa-na-defensa-do-rura\/#primaryimage"},"thumbnailUrl":"https:\/\/ppdegalicia.com\/wp-content\/uploads\/2026\/01\/20260123_PPrado_Curtis_2.jpg-scaled.jpeg","datePublished":"2026-01-23T13:30:57+00:00","description":"A secretaria xeral do Partido Popular de Galicia,\u00a0Paula Prado, criticou hoxe o \u201cecoloxismo radical\u201d de PSOE e BNG, aos que acusou de \u201cfacer moito dano\u201d aos gandeiros que sofren o aumento de ataques de lobo nas s\u00faas explotaci\u00f3ns, mentres o PPdeG traballa \u201cna defensa do rural\u201d e leva anos insistindo \u201cen que non se protexa m\u00e1is o lobo, porque as\u00ed se desprotexe ao gandeiro\u201d.","breadcrumb":{"@id":"https:\/\/ppdegalicia.com\/es\/paula-prado-critica-o-ecoloxismo-radical-de-psoe-e-bng-que-desprotexe-aos-gandeiros-fronte-aos-ataques-do-lobo-mentres-o-ppdeg-traballa-na-defensa-do-rura\/#breadcrumb"},"inLanguage":"es","potentialAction":[{"@type":"ReadAction","target":["https:\/\/ppdegalicia.com\/es\/paula-prado-critica-o-ecoloxismo-radical-de-psoe-e-bng-que-desprotexe-aos-gandeiros-fronte-aos-ataques-do-lobo-mentres-o-ppdeg-traballa-na-defensa-do-rura\/"]}]},{"@type":"ImageObject","inLanguage":"es","@id":"https:\/\/ppdegalicia.com\/es\/paula-prado-critica-o-ecoloxismo-radical-de-psoe-e-bng-que-desprotexe-aos-gandeiros-fronte-aos-ataques-do-lobo-mentres-o-ppdeg-traballa-na-defensa-do-rura\/#primaryimage","url":"https:\/\/ppdegalicia.com\/wp-content\/uploads\/2026\/01\/20260123_PPrado_Curtis_2.jpg-scaled.jpeg","contentUrl":"https:\/\/ppdegalicia.com\/wp-content\/uploads\/2026\/01\/20260123_PPrado_Curtis_2.jpg-scaled.jpeg","width":2560,"height":1707},{"@type":"BreadcrumbList","@id":"https:\/\/ppdegalicia.com\/es\/paula-prado-critica-o-ecoloxismo-radical-de-psoe-e-bng-que-desprotexe-aos-gandeiros-fronte-aos-ataques-do-lobo-mentres-o-ppdeg-traballa-na-defensa-do-rura\/#breadcrumb","itemListElement":[{"@type":"ListItem","position":1,"name":"Portada","item":"https:\/\/ppdegalicia.com\/es\/"},{"@type":"ListItem","position":2,"name":"Paula Prado critica o \u201cecoloxismo radical\u201d de PSOE e BNG que \u201cdesprotexe aos gandeiros\u201d fronte aos ataques do lobo, mentres o PPdeG traballa na \u201cdefensa do rural\u201d"}]},{"@type":"WebSite","@id":"https:\/\/ppdegalicia.com\/es\/#website","url":"https:\/\/ppdegalicia.com\/es\/","name":"Partido Popular de Galicia","description":"Partido Popular de Galicia","publisher":{"@id":"https:\/\/ppdegalicia.com\/es\/#organization"},"alternateName":"PP de Galicia","potentialAction":[{"@type":"SearchAction","target":{"@type":"EntryPoint","urlTemplate":"https:\/\/ppdegalicia.com\/es\/?s={search_term_string}"},"query-input":{"@type":"PropertyValueSpecification","valueRequired":true,"valueName":"search_term_string"}}],"inLanguage":"es"},{"@type":"Organization","@id":"https:\/\/ppdegalicia.com\/es\/#organization","name":"Partido Popular de Galicia","alternateName":"PP de Galicia","url":"https:\/\/ppdegalicia.com\/es\/","logo":{"@type":"ImageObject","inLanguage":"es","@id":"https:\/\/ppdegalicia.com\/es\/#\/schema\/logo\/image\/","url":"https:\/\/ppdegalicia.com\/wp-content\/uploads\/2023\/04\/logoPP512.png","contentUrl":"https:\/\/ppdegalicia.com\/wp-content\/uploads\/2023\/04\/logoPP512.png","width":512,"height":512,"caption":"Partido Popular de Galicia"},"image":{"@id":"https:\/\/ppdegalicia.com\/es\/#\/schema\/logo\/image\/"},"sameAs":["https:\/\/www.instagram.com\/ppdegalicia\/","https:\/\/x.com\/ppdegalicia","https:\/\/www.tiktok.com\/@ppdegalicia","https:\/\/www.youtube.com\/user\/ppdegalicia"]},{"@type":"Person","@id":"https:\/\/ppdegalicia.com\/es\/#\/schema\/person\/5b822c6f59e872ebdd1142f307dbcb59","name":"ppdegaliciaredes","image":{"@type":"ImageObject","inLanguage":"es","@id":"https:\/\/secure.gravatar.com\/avatar\/3c9179cf0256d00c72a48d1f25783c58b6842cd56e85ef3a572881c8e28ccd59?s=96&d=mm&r=g","url":"https:\/\/secure.gravatar.com\/avatar\/3c9179cf0256d00c72a48d1f25783c58b6842cd56e85ef3a572881c8e28ccd59?s=96&d=mm&r=g","contentUrl":"https:\/\/secure.gravatar.com\/avatar\/3c9179cf0256d00c72a48d1f25783c58b6842cd56e85ef3a572881c8e28ccd59?s=96&d=mm&r=g","caption":"ppdegaliciaredes"},"url":"https:\/\/ppdegalicia.com\/es\/author\/ppdegaliciaredes\/"}]}},"_links":{"self":[{"href":"https:\/\/ppdegalicia.com\/es\/wp-json\/wp\/v2\/posts\/69890","targetHints":{"allow":["GET"]}}],"collection":[{"href":"https:\/\/ppdegalicia.com\/es\/wp-json\/wp\/v2\/posts"}],"about":[{"href":"https:\/\/ppdegalicia.com\/es\/wp-json\/wp\/v2\/types\/post"}],"author":[{"embeddable":true,"href":"https:\/\/ppdegalicia.com\/es\/wp-json\/wp\/v2\/users\/38"}],"replies":[{"embeddable":true,"href":"https:\/\/ppdegalicia.com\/es\/wp-json\/wp\/v2\/comments?post=69890"}],"version-history":[{"count":1,"href":"https:\/\/ppdegalicia.com\/es\/wp-json\/wp\/v2\/posts\/69890\/revisions"}],"predecessor-version":[{"id":69893,"href":"https:\/\/ppdegalicia.com\/es\/wp-json\/wp\/v2\/posts\/69890\/revisions\/69893"}],"wp:featuredmedia":[{"embeddable":true,"href":"https:\/\/ppdegalicia.com\/es\/wp-json\/wp\/v2\/media\/69891"}],"wp:attachment":[{"href":"https:\/\/ppdegalicia.com\/es\/wp-json\/wp\/v2\/media?parent=69890"}],"wp:term":[{"taxonomy":"category","embeddable":true,"href":"https:\/\/ppdegalicia.com\/es\/wp-json\/wp\/v2\/categories?post=69890"},{"taxonomy":"post_tag","embeddable":true,"href":"https:\/\/ppdegalicia.com\/es\/wp-json\/wp\/v2\/tags?post=69890"}],"curies":[{"name":"wp","href":"https:\/\/api.w.org\/{rel}","templated":true}]}}