{"id":69894,"date":"2026-01-23T16:33:31","date_gmt":"2026-01-23T15:33:31","guid":{"rendered":"https:\/\/ppdegalicia.com\/?p=69894"},"modified":"2026-01-23T16:33:31","modified_gmt":"2026-01-23T15:33:31","slug":"alberto-pazos-demanda-ao-bng-que-reconeza-o-esforzo-do-goberno-galego-para-incrementar-o-50-o-financiamento-do-saf-nesta-lexislatura-e-deixe-de-mentir-sobre-o-acordo-acadado-coa-fegamp","status":"publish","type":"post","link":"https:\/\/ppdegalicia.com\/es\/alberto-pazos-demanda-ao-bng-que-reconeza-o-esforzo-do-goberno-galego-para-incrementar-o-50-o-financiamento-do-saf-nesta-lexislatura-e-deixe-de-mentir-sobre-o-acordo-acadado-coa-fegamp\/","title":{"rendered":"Alberto Pazos demanda ao BNG que reco\u00f1eza o esforzo do Goberno galego para incrementar o 50% o financiamento do SAF nesta lexislatura e deixe de mentir sobre o acordo acadado coa Fegamp"},"content":{"rendered":"<p>O portavoz do Grupo Popular, Alberto Pazos, demandou hoxe ao BNG que reco\u00f1eza o esforzo que fai o Goberno galego incrementando un 50 por cento nesta lexislatura o financiamento do servizo de axuda no fogar nos concellos galegos e deixe de mentir sobre o acordo acadado logo da negociaci\u00f3n levada a cabo entre os responsables da coa Federaci\u00f3n Galega de Municipios e Provincias.<\/p>\n<p>Neste sentido, pediu aos nacionalistas \u201cm\u00e1is defensa e mirar polos intereses da Comunidade galega para que o Goberno de Pedro S\u00e1nchez cumpra o que lles prometeu a cambio do seu voto para continuar de Presidente do Goberno, aportando de maneira definitiva o 50 por cento que lle corresponde por lei para a atenci\u00f3n aos dependentes en Galicia\u201d.<\/p>\n<p>Alberto Pazos lembrou que o acordo acadado esta semana supor\u00e1 que a Xunta incremente este mesmo ano a s\u00faa aportaci\u00f3n de 12 a 16 euros por hora, aumentado un euro o vindeiro ano e pechando a lexislatura chegando aos 18 euros por hora prestada. Deste xeito, a partida que a Xunta destina \u00e1 prestaci\u00f3n deste servizo por parte dos concellos galegos pasar\u00e1 dos 148 mill\u00f3ns de euros deste ano a m\u00e1is de 220 mill\u00f3ns en 2028.<\/p>\n<p>O acordo \u201cconsigue o seu principal obxectivo: reforzar o apoio da Xunta aos concellos para aliviar a carga econ\u00f3mica que sup\u00f3n a prestaci\u00f3n do servizo de axuda no fogar, unha competencia municipal, tal e como se recolle na Lei de servizos sociais de Galicia, aprobada polo Goberno bipartito de PSdeG e BNG no ano 2008\u201d, explicou.<\/p>\n<p><strong>FURIOSA REACCI\u00d3N NACIONALISTA<\/strong><\/p>\n<p>O portavoz popular amosou a s\u00faa sorpresa pola \u201cfuriosa reacci\u00f3n dos responsables do BNG a este acordo, chegando a cualificalo de trumpista ou un tr\u00e1gala para os concellos\u201d, ante o que pediu aos nacionalistas \u201ccalma e, cando menos, que non mintan\u201d. \u201cPorque \u00e9 totalmente falso que este incremento da aportaci\u00f3n da Xunta sexa unha imposici\u00f3n aos concellos, xa que \u00e9 consecuencia directa dunha negociaci\u00f3n levada a cabo entre os responsables da Conseller\u00eda de Pol\u00edtica Social e da FEGAMP\u201d, manifestou Pazos, quen criticou que \u201cdi\u00e1logo e pacto que non existe no dicionario benegu\u00e9s, m\u00e1is amigos da trifulca e a algarada na r\u00faa seguindo as directrices que lle marcan os coroneis da UPG e o seu sindicato CIG\u201d.<\/p>\n<p>Deste xeito, afirmou que o BNG deber\u00eda \u201ccentrar os seus esforzos en que o Goberno de Pedro S\u00e1nchez cumpra o pacto que asinaron en 2024 para a s\u00faa investidura e que recolle, literalmente, o compromiso para que o Goberno de Espa\u00f1a achegue o 50 por cento do financiamento da Lei de dependencia\u201d. Por\u00e9n, lamentou que \u201ca influencia do BNG no Goberno central \u00e9 nula e este \u00e9 un m\u00e1is dos incumprimentos do famoso pacto para manter a Pedro S\u00e1nchez na Moncloa\u201d.<\/p>\n<p>Alberto Pazos alertou que, \u201cen vez de incrementarse e cami\u00f1ar cara o cumprimento do pactado cos nacionalistas, a aportaci\u00f3n do Goberno central para o financiamento da Lei da dependencia en Galicia baixou nos \u00faltimos anos do 40 ao 34 por cento, obrigando \u00e1 Xunta a facer un esforzo a\u00ednda maior para sufragar os custos da atenci\u00f3n aos nosos maiores e dependente, e incrementando ano tras ano a d\u00e9beda que o Estado ten con Galicia pola prestaci\u00f3n da dependencia, que xa supera os 2.900 mill\u00f3ns de euros\u201d.<\/p>\n<p>Na s\u00faa comparecencia ante os medios, Alberto Pazos recordou que no Pleno ordinario que se celebra a vindeira semana tomar\u00e1 posesi\u00f3n a nova deputada do Grupo Popular Nazareth Cend\u00e1n, que substit\u00fae a Ethel V\u00e1zquez, ao tempo que se proceder\u00e1 \u00e1 elecci\u00f3n do novo secretario da Mesa do Parlamento de Galicia, posto para o que o Grupo Popular prop\u00f3n ao actual viceportavoz do Grupo e Presidente da Comisi\u00f3n 1\u00aa, Julio Garc\u00eda Comesa\u00f1a.<\/p>\n<p>As\u00ed mesmo, referiuse \u00e1 comparecencia do conselleiro de Facenda para dar conta da reuni\u00f3n do Consello de Pol\u00edtica Fiscal e Financeira celebrada a pasada semana en Madrid, na que a ministra de Facenda limitouse a comunicar o acordo bilateral de financiamento auton\u00f3mico acadado entre Pedro S\u00e1nchez e o independentista e inhabilitado Oriol Junqueras.<\/p>\n<p>\u201cUn acordo co que Galicia pasa a situarse por baixo da media estatal de financiamento por habitante, cando co actual modelo est\u00e1 100 euros por enriba, unha situaci\u00f3n que \u00e9 consecuencia dunha rebaixa de m\u00e1is do 7 por cento do que actualmente recibe de financiamento auton\u00f3mico por habitante\u201d, indicou.<\/p>\n<p><strong>BENEFICIOS PARA CATALU\u00d1A<\/strong><\/p>\n<p>Pola contra, explicou que o novo modelo pactado por Pedro S\u00e1nchez e Oriol Junqueras recolle 2.000 mill\u00f3ns extra para Catalu\u00f1a mediante mecanismos de axuste para beneficiar exclusivamente a esta Comunidade aut\u00f3noma, as\u00ed como unha reduci\u00f3n en d\u00faas terceiras partes da aportaci\u00f3n que fai \u00e1 solidariedade rexional, pasando dos 2.300 mill\u00f3ns de euros que aporta na actualidade \u00e1 caixa com\u00fan a pouco m\u00e1is de 810 mill\u00f3ns.<\/p>\n<p>\u201cEstamos expectantes por co\u00f1ecer os argumentos que defender\u00e1n os socialistas galegos, logo de que nos \u00faltimos d\u00edas reco\u00f1eceron que este acordo era prexudicial para Galicia e amosaron a necesidade dun incremento do financiamento asignado \u00e1 Comunidade galega, ao que se sumou o posicionamento no d\u00eda de onte do ex Presidente socialista da Xunta, o se\u00f1or Touri\u00f1o, que reco\u00f1eceu publicamente que o novo modelo de financiamento auton\u00f3mico privilexia a Catalu\u00f1a e reduce o papel da Facenda estatal, mermando as s\u00faas capacidades e recursos para garantir a solidariedade interterritorial e a igualdade na prestaci\u00f3n de servizos a todos os espa\u00f1ois\u201d, dixo o portavoz popular.<\/p>\n<p>Respecto do BNG, Alberto Pazos asegurou que \u201cesperamos pouco, porque seguir\u00e1n na s\u00faa teima do cupo para Galicia, pechando os ollos e neg\u00e1ndose a escoitar os argumentos solventes e reiterados dos expertos que demostran o prexudicial que ser\u00eda para a Comunidade galega un cupo ao estilo do Pa\u00eds Vasco ou Navarra, xa que se superar\u00edan os 2.000 mill\u00f3ns de euros de perda de financiamento cada ano\u00b7.<\/p>\n","protected":false},"excerpt":{"rendered":"<p>O portavoz do Grupo Popular, Alberto Pazos, demandou hoxe ao BNG que reco\u00f1eza o esforzo que fai o Goberno galego incrementando un 50 por cento nesta lexislatura o financiamento do servizo de axuda no fogar nos concellos galegos e deixe de mentir sobre o acordo acadado logo da negociaci\u00f3n levada a cabo entre os responsables [&hellip;]<\/p>\n","protected":false},"author":38,"featured_media":69895,"comment_status":"closed","ping_status":"open","sticky":false,"template":"","format":"standard","meta":{"_acf_changed":false,"footnotes":""},"categories":[1128],"tags":[],"class_list":["post-69894","post","type-post","status-publish","format-standard","has-post-thumbnail","hentry","category-actualidad-parlamento-de-galicia"],"acf":[],"yoast_head":"<!-- This site is optimized with the Yoast SEO plugin v27.3 - https:\/\/yoast.com\/product\/yoast-seo-wordpress\/ -->\n<title>Alberto Pazos demanda ao BNG que reco\u00f1eza o esforzo do Goberno galego para incrementar o 50% o financiamento do SAF nesta lexislatura e deixe de mentir sobre o acordo acadado coa Fegamp - PP de Galicia<\/title>\n<meta name=\"description\" content=\"O portavoz do Grupo Popular, Alberto Pazos, demandou hoxe ao BNG que reco\u00f1eza o esforzo que fai o Goberno galego incrementando un 50 por cento nesta lexislatura o financiamento do servizo de axuda no fogar nos concellos galegos e deixe de mentir sobre o acordo acadado logo da negociaci\u00f3n levada a cabo entre os responsables da coa Federaci\u00f3n Galega de Municipios e Provincias.\" \/>\n<meta name=\"robots\" content=\"index, follow, max-snippet:-1, max-image-preview:large, max-video-preview:-1\" \/>\n<link rel=\"canonical\" href=\"https:\/\/ppdegalicia.com\/es\/alberto-pazos-demanda-ao-bng-que-reconeza-o-esforzo-do-goberno-galego-para-incrementar-o-50-o-financiamento-do-saf-nesta-lexislatura-e-deixe-de-mentir-sobre-o-acordo-acadado-coa-fegamp\/\" \/>\n<meta property=\"og:locale\" content=\"es_ES\" \/>\n<meta property=\"og:type\" content=\"article\" \/>\n<meta property=\"og:title\" content=\"Alberto Pazos demanda ao BNG que reco\u00f1eza o esforzo do Goberno galego para incrementar o 50% o financiamento do SAF nesta lexislatura e deixe de mentir sobre o acordo acadado coa Fegamp - PP de Galicia\" \/>\n<meta property=\"og:description\" content=\"O portavoz do Grupo Popular, Alberto Pazos, demandou hoxe ao BNG que reco\u00f1eza o esforzo que fai o Goberno galego incrementando un 50 por cento nesta lexislatura o financiamento do servizo de axuda no fogar nos concellos galegos e deixe de mentir sobre o acordo acadado logo da negociaci\u00f3n levada a cabo entre os responsables da coa Federaci\u00f3n Galega de Municipios e Provincias.\" \/>\n<meta property=\"og:url\" content=\"https:\/\/ppdegalicia.com\/es\/alberto-pazos-demanda-ao-bng-que-reconeza-o-esforzo-do-goberno-galego-para-incrementar-o-50-o-financiamento-do-saf-nesta-lexislatura-e-deixe-de-mentir-sobre-o-acordo-acadado-coa-fegamp\/\" \/>\n<meta property=\"og:site_name\" content=\"PP de Galicia\" \/>\n<meta property=\"article:publisher\" content=\"https:\/\/www.instagram.com\/ppdegalicia\/\" \/>\n<meta property=\"article:published_time\" content=\"2026-01-23T15:33:31+00:00\" \/>\n<meta property=\"og:image\" content=\"https:\/\/ppdegalicia.com\/wp-content\/uploads\/2026\/01\/Alberto-Pazos-03-scaled.jpg\" \/>\n\t<meta property=\"og:image:width\" content=\"2560\" \/>\n\t<meta property=\"og:image:height\" content=\"1706\" \/>\n\t<meta property=\"og:image:type\" content=\"image\/jpeg\" \/>\n<meta name=\"author\" content=\"ppdegaliciaredes\" \/>\n<meta name=\"twitter:card\" content=\"summary_large_image\" \/>\n<meta name=\"twitter:creator\" content=\"@ppdegalicia\" \/>\n<meta name=\"twitter:site\" content=\"@ppdegalicia\" \/>\n<meta name=\"twitter:label1\" content=\"Escrito por\" \/>\n\t<meta name=\"twitter:data1\" content=\"ppdegaliciaredes\" \/>\n\t<meta name=\"twitter:label2\" content=\"Tiempo de lectura\" \/>\n\t<meta name=\"twitter:data2\" content=\"6 minutos\" \/>\n<script type=\"application\/ld+json\" class=\"yoast-schema-graph\">{\"@context\":\"https:\\\/\\\/schema.org\",\"@graph\":[{\"@type\":\"Article\",\"@id\":\"https:\\\/\\\/ppdegalicia.com\\\/es\\\/alberto-pazos-demanda-ao-bng-que-reconeza-o-esforzo-do-goberno-galego-para-incrementar-o-50-o-financiamento-do-saf-nesta-lexislatura-e-deixe-de-mentir-sobre-o-acordo-acadado-coa-fegamp\\\/#article\",\"isPartOf\":{\"@id\":\"https:\\\/\\\/ppdegalicia.com\\\/es\\\/alberto-pazos-demanda-ao-bng-que-reconeza-o-esforzo-do-goberno-galego-para-incrementar-o-50-o-financiamento-do-saf-nesta-lexislatura-e-deixe-de-mentir-sobre-o-acordo-acadado-coa-fegamp\\\/\"},\"author\":{\"name\":\"ppdegaliciaredes\",\"@id\":\"https:\\\/\\\/ppdegalicia.com\\\/es\\\/#\\\/schema\\\/person\\\/5b822c6f59e872ebdd1142f307dbcb59\"},\"headline\":\"Alberto Pazos demanda ao BNG que reco\u00f1eza o esforzo do Goberno galego para incrementar o 50% o financiamento do SAF nesta lexislatura e deixe de mentir sobre o acordo acadado coa Fegamp\",\"datePublished\":\"2026-01-23T15:33:31+00:00\",\"mainEntityOfPage\":{\"@id\":\"https:\\\/\\\/ppdegalicia.com\\\/es\\\/alberto-pazos-demanda-ao-bng-que-reconeza-o-esforzo-do-goberno-galego-para-incrementar-o-50-o-financiamento-do-saf-nesta-lexislatura-e-deixe-de-mentir-sobre-o-acordo-acadado-coa-fegamp\\\/\"},\"wordCount\":1037,\"publisher\":{\"@id\":\"https:\\\/\\\/ppdegalicia.com\\\/es\\\/#organization\"},\"image\":{\"@id\":\"https:\\\/\\\/ppdegalicia.com\\\/es\\\/alberto-pazos-demanda-ao-bng-que-reconeza-o-esforzo-do-goberno-galego-para-incrementar-o-50-o-financiamento-do-saf-nesta-lexislatura-e-deixe-de-mentir-sobre-o-acordo-acadado-coa-fegamp\\\/#primaryimage\"},\"thumbnailUrl\":\"https:\\\/\\\/ppdegalicia.com\\\/wp-content\\\/uploads\\\/2026\\\/01\\\/Alberto-Pazos-03-scaled.jpg\",\"articleSection\":[\"Parlamento de Galicia\"],\"inLanguage\":\"es\"},{\"@type\":\"WebPage\",\"@id\":\"https:\\\/\\\/ppdegalicia.com\\\/es\\\/alberto-pazos-demanda-ao-bng-que-reconeza-o-esforzo-do-goberno-galego-para-incrementar-o-50-o-financiamento-do-saf-nesta-lexislatura-e-deixe-de-mentir-sobre-o-acordo-acadado-coa-fegamp\\\/\",\"url\":\"https:\\\/\\\/ppdegalicia.com\\\/es\\\/alberto-pazos-demanda-ao-bng-que-reconeza-o-esforzo-do-goberno-galego-para-incrementar-o-50-o-financiamento-do-saf-nesta-lexislatura-e-deixe-de-mentir-sobre-o-acordo-acadado-coa-fegamp\\\/\",\"name\":\"Alberto Pazos demanda ao BNG que reco\u00f1eza o esforzo do Goberno galego para incrementar o 50% o financiamento do SAF nesta lexislatura e deixe de mentir sobre o acordo acadado coa Fegamp - PP de Galicia\",\"isPartOf\":{\"@id\":\"https:\\\/\\\/ppdegalicia.com\\\/es\\\/#website\"},\"primaryImageOfPage\":{\"@id\":\"https:\\\/\\\/ppdegalicia.com\\\/es\\\/alberto-pazos-demanda-ao-bng-que-reconeza-o-esforzo-do-goberno-galego-para-incrementar-o-50-o-financiamento-do-saf-nesta-lexislatura-e-deixe-de-mentir-sobre-o-acordo-acadado-coa-fegamp\\\/#primaryimage\"},\"image\":{\"@id\":\"https:\\\/\\\/ppdegalicia.com\\\/es\\\/alberto-pazos-demanda-ao-bng-que-reconeza-o-esforzo-do-goberno-galego-para-incrementar-o-50-o-financiamento-do-saf-nesta-lexislatura-e-deixe-de-mentir-sobre-o-acordo-acadado-coa-fegamp\\\/#primaryimage\"},\"thumbnailUrl\":\"https:\\\/\\\/ppdegalicia.com\\\/wp-content\\\/uploads\\\/2026\\\/01\\\/Alberto-Pazos-03-scaled.jpg\",\"datePublished\":\"2026-01-23T15:33:31+00:00\",\"description\":\"O portavoz do Grupo Popular, Alberto Pazos, demandou hoxe ao BNG que reco\u00f1eza o esforzo que fai o Goberno galego incrementando un 50 por cento nesta lexislatura o financiamento do servizo de axuda no fogar nos concellos galegos e deixe de mentir sobre o acordo acadado logo da negociaci\u00f3n levada a cabo entre os responsables da coa Federaci\u00f3n Galega de Municipios e Provincias.\",\"breadcrumb\":{\"@id\":\"https:\\\/\\\/ppdegalicia.com\\\/es\\\/alberto-pazos-demanda-ao-bng-que-reconeza-o-esforzo-do-goberno-galego-para-incrementar-o-50-o-financiamento-do-saf-nesta-lexislatura-e-deixe-de-mentir-sobre-o-acordo-acadado-coa-fegamp\\\/#breadcrumb\"},\"inLanguage\":\"es\",\"potentialAction\":[{\"@type\":\"ReadAction\",\"target\":[\"https:\\\/\\\/ppdegalicia.com\\\/es\\\/alberto-pazos-demanda-ao-bng-que-reconeza-o-esforzo-do-goberno-galego-para-incrementar-o-50-o-financiamento-do-saf-nesta-lexislatura-e-deixe-de-mentir-sobre-o-acordo-acadado-coa-fegamp\\\/\"]}]},{\"@type\":\"ImageObject\",\"inLanguage\":\"es\",\"@id\":\"https:\\\/\\\/ppdegalicia.com\\\/es\\\/alberto-pazos-demanda-ao-bng-que-reconeza-o-esforzo-do-goberno-galego-para-incrementar-o-50-o-financiamento-do-saf-nesta-lexislatura-e-deixe-de-mentir-sobre-o-acordo-acadado-coa-fegamp\\\/#primaryimage\",\"url\":\"https:\\\/\\\/ppdegalicia.com\\\/wp-content\\\/uploads\\\/2026\\\/01\\\/Alberto-Pazos-03-scaled.jpg\",\"contentUrl\":\"https:\\\/\\\/ppdegalicia.com\\\/wp-content\\\/uploads\\\/2026\\\/01\\\/Alberto-Pazos-03-scaled.jpg\",\"width\":2560,\"height\":1706},{\"@type\":\"BreadcrumbList\",\"@id\":\"https:\\\/\\\/ppdegalicia.com\\\/es\\\/alberto-pazos-demanda-ao-bng-que-reconeza-o-esforzo-do-goberno-galego-para-incrementar-o-50-o-financiamento-do-saf-nesta-lexislatura-e-deixe-de-mentir-sobre-o-acordo-acadado-coa-fegamp\\\/#breadcrumb\",\"itemListElement\":[{\"@type\":\"ListItem\",\"position\":1,\"name\":\"Portada\",\"item\":\"https:\\\/\\\/ppdegalicia.com\\\/es\\\/\"},{\"@type\":\"ListItem\",\"position\":2,\"name\":\"Alberto Pazos demanda ao BNG que reco\u00f1eza o esforzo do Goberno galego para incrementar o 50% o financiamento do SAF nesta lexislatura e deixe de mentir sobre o acordo acadado coa Fegamp\"}]},{\"@type\":\"WebSite\",\"@id\":\"https:\\\/\\\/ppdegalicia.com\\\/es\\\/#website\",\"url\":\"https:\\\/\\\/ppdegalicia.com\\\/es\\\/\",\"name\":\"Partido Popular de Galicia\",\"description\":\"Partido Popular de Galicia\",\"publisher\":{\"@id\":\"https:\\\/\\\/ppdegalicia.com\\\/es\\\/#organization\"},\"alternateName\":\"PP de Galicia\",\"potentialAction\":[{\"@type\":\"SearchAction\",\"target\":{\"@type\":\"EntryPoint\",\"urlTemplate\":\"https:\\\/\\\/ppdegalicia.com\\\/es\\\/?s={search_term_string}\"},\"query-input\":{\"@type\":\"PropertyValueSpecification\",\"valueRequired\":true,\"valueName\":\"search_term_string\"}}],\"inLanguage\":\"es\"},{\"@type\":\"Organization\",\"@id\":\"https:\\\/\\\/ppdegalicia.com\\\/es\\\/#organization\",\"name\":\"Partido Popular de Galicia\",\"alternateName\":\"PP de Galicia\",\"url\":\"https:\\\/\\\/ppdegalicia.com\\\/es\\\/\",\"logo\":{\"@type\":\"ImageObject\",\"inLanguage\":\"es\",\"@id\":\"https:\\\/\\\/ppdegalicia.com\\\/es\\\/#\\\/schema\\\/logo\\\/image\\\/\",\"url\":\"https:\\\/\\\/ppdegalicia.com\\\/wp-content\\\/uploads\\\/2023\\\/04\\\/logoPP512.png\",\"contentUrl\":\"https:\\\/\\\/ppdegalicia.com\\\/wp-content\\\/uploads\\\/2023\\\/04\\\/logoPP512.png\",\"width\":512,\"height\":512,\"caption\":\"Partido Popular de Galicia\"},\"image\":{\"@id\":\"https:\\\/\\\/ppdegalicia.com\\\/es\\\/#\\\/schema\\\/logo\\\/image\\\/\"},\"sameAs\":[\"https:\\\/\\\/www.instagram.com\\\/ppdegalicia\\\/\",\"https:\\\/\\\/x.com\\\/ppdegalicia\",\"https:\\\/\\\/www.tiktok.com\\\/@ppdegalicia\",\"https:\\\/\\\/www.youtube.com\\\/user\\\/ppdegalicia\"]},{\"@type\":\"Person\",\"@id\":\"https:\\\/\\\/ppdegalicia.com\\\/es\\\/#\\\/schema\\\/person\\\/5b822c6f59e872ebdd1142f307dbcb59\",\"name\":\"ppdegaliciaredes\",\"image\":{\"@type\":\"ImageObject\",\"inLanguage\":\"es\",\"@id\":\"https:\\\/\\\/secure.gravatar.com\\\/avatar\\\/3c9179cf0256d00c72a48d1f25783c58b6842cd56e85ef3a572881c8e28ccd59?s=96&d=mm&r=g\",\"url\":\"https:\\\/\\\/secure.gravatar.com\\\/avatar\\\/3c9179cf0256d00c72a48d1f25783c58b6842cd56e85ef3a572881c8e28ccd59?s=96&d=mm&r=g\",\"contentUrl\":\"https:\\\/\\\/secure.gravatar.com\\\/avatar\\\/3c9179cf0256d00c72a48d1f25783c58b6842cd56e85ef3a572881c8e28ccd59?s=96&d=mm&r=g\",\"caption\":\"ppdegaliciaredes\"},\"url\":\"https:\\\/\\\/ppdegalicia.com\\\/es\\\/author\\\/ppdegaliciaredes\\\/\"}]}<\/script>\n<!-- \/ Yoast SEO plugin. -->","yoast_head_json":{"title":"Alberto Pazos demanda ao BNG que reco\u00f1eza o esforzo do Goberno galego para incrementar o 50% o financiamento do SAF nesta lexislatura e deixe de mentir sobre o acordo acadado coa Fegamp - PP de Galicia","description":"O portavoz do Grupo Popular, Alberto Pazos, demandou hoxe ao BNG que reco\u00f1eza o esforzo que fai o Goberno galego incrementando un 50 por cento nesta lexislatura o financiamento do servizo de axuda no fogar nos concellos galegos e deixe de mentir sobre o acordo acadado logo da negociaci\u00f3n levada a cabo entre os responsables da coa Federaci\u00f3n Galega de Municipios e Provincias.","robots":{"index":"index","follow":"follow","max-snippet":"max-snippet:-1","max-image-preview":"max-image-preview:large","max-video-preview":"max-video-preview:-1"},"canonical":"https:\/\/ppdegalicia.com\/es\/alberto-pazos-demanda-ao-bng-que-reconeza-o-esforzo-do-goberno-galego-para-incrementar-o-50-o-financiamento-do-saf-nesta-lexislatura-e-deixe-de-mentir-sobre-o-acordo-acadado-coa-fegamp\/","og_locale":"es_ES","og_type":"article","og_title":"Alberto Pazos demanda ao BNG que reco\u00f1eza o esforzo do Goberno galego para incrementar o 50% o financiamento do SAF nesta lexislatura e deixe de mentir sobre o acordo acadado coa Fegamp - PP de Galicia","og_description":"O portavoz do Grupo Popular, Alberto Pazos, demandou hoxe ao BNG que reco\u00f1eza o esforzo que fai o Goberno galego incrementando un 50 por cento nesta lexislatura o financiamento do servizo de axuda no fogar nos concellos galegos e deixe de mentir sobre o acordo acadado logo da negociaci\u00f3n levada a cabo entre os responsables da coa Federaci\u00f3n Galega de Municipios e Provincias.","og_url":"https:\/\/ppdegalicia.com\/es\/alberto-pazos-demanda-ao-bng-que-reconeza-o-esforzo-do-goberno-galego-para-incrementar-o-50-o-financiamento-do-saf-nesta-lexislatura-e-deixe-de-mentir-sobre-o-acordo-acadado-coa-fegamp\/","og_site_name":"PP de Galicia","article_publisher":"https:\/\/www.instagram.com\/ppdegalicia\/","article_published_time":"2026-01-23T15:33:31+00:00","og_image":[{"width":2560,"height":1706,"url":"https:\/\/ppdegalicia.com\/wp-content\/uploads\/2026\/01\/Alberto-Pazos-03-scaled.jpg","type":"image\/jpeg"}],"author":"ppdegaliciaredes","twitter_card":"summary_large_image","twitter_creator":"@ppdegalicia","twitter_site":"@ppdegalicia","twitter_misc":{"Escrito por":"ppdegaliciaredes","Tiempo de lectura":"6 minutos"},"schema":{"@context":"https:\/\/schema.org","@graph":[{"@type":"Article","@id":"https:\/\/ppdegalicia.com\/es\/alberto-pazos-demanda-ao-bng-que-reconeza-o-esforzo-do-goberno-galego-para-incrementar-o-50-o-financiamento-do-saf-nesta-lexislatura-e-deixe-de-mentir-sobre-o-acordo-acadado-coa-fegamp\/#article","isPartOf":{"@id":"https:\/\/ppdegalicia.com\/es\/alberto-pazos-demanda-ao-bng-que-reconeza-o-esforzo-do-goberno-galego-para-incrementar-o-50-o-financiamento-do-saf-nesta-lexislatura-e-deixe-de-mentir-sobre-o-acordo-acadado-coa-fegamp\/"},"author":{"name":"ppdegaliciaredes","@id":"https:\/\/ppdegalicia.com\/es\/#\/schema\/person\/5b822c6f59e872ebdd1142f307dbcb59"},"headline":"Alberto Pazos demanda ao BNG que reco\u00f1eza o esforzo do Goberno galego para incrementar o 50% o financiamento do SAF nesta lexislatura e deixe de mentir sobre o acordo acadado coa Fegamp","datePublished":"2026-01-23T15:33:31+00:00","mainEntityOfPage":{"@id":"https:\/\/ppdegalicia.com\/es\/alberto-pazos-demanda-ao-bng-que-reconeza-o-esforzo-do-goberno-galego-para-incrementar-o-50-o-financiamento-do-saf-nesta-lexislatura-e-deixe-de-mentir-sobre-o-acordo-acadado-coa-fegamp\/"},"wordCount":1037,"publisher":{"@id":"https:\/\/ppdegalicia.com\/es\/#organization"},"image":{"@id":"https:\/\/ppdegalicia.com\/es\/alberto-pazos-demanda-ao-bng-que-reconeza-o-esforzo-do-goberno-galego-para-incrementar-o-50-o-financiamento-do-saf-nesta-lexislatura-e-deixe-de-mentir-sobre-o-acordo-acadado-coa-fegamp\/#primaryimage"},"thumbnailUrl":"https:\/\/ppdegalicia.com\/wp-content\/uploads\/2026\/01\/Alberto-Pazos-03-scaled.jpg","articleSection":["Parlamento de Galicia"],"inLanguage":"es"},{"@type":"WebPage","@id":"https:\/\/ppdegalicia.com\/es\/alberto-pazos-demanda-ao-bng-que-reconeza-o-esforzo-do-goberno-galego-para-incrementar-o-50-o-financiamento-do-saf-nesta-lexislatura-e-deixe-de-mentir-sobre-o-acordo-acadado-coa-fegamp\/","url":"https:\/\/ppdegalicia.com\/es\/alberto-pazos-demanda-ao-bng-que-reconeza-o-esforzo-do-goberno-galego-para-incrementar-o-50-o-financiamento-do-saf-nesta-lexislatura-e-deixe-de-mentir-sobre-o-acordo-acadado-coa-fegamp\/","name":"Alberto Pazos demanda ao BNG que reco\u00f1eza o esforzo do Goberno galego para incrementar o 50% o financiamento do SAF nesta lexislatura e deixe de mentir sobre o acordo acadado coa Fegamp - PP de Galicia","isPartOf":{"@id":"https:\/\/ppdegalicia.com\/es\/#website"},"primaryImageOfPage":{"@id":"https:\/\/ppdegalicia.com\/es\/alberto-pazos-demanda-ao-bng-que-reconeza-o-esforzo-do-goberno-galego-para-incrementar-o-50-o-financiamento-do-saf-nesta-lexislatura-e-deixe-de-mentir-sobre-o-acordo-acadado-coa-fegamp\/#primaryimage"},"image":{"@id":"https:\/\/ppdegalicia.com\/es\/alberto-pazos-demanda-ao-bng-que-reconeza-o-esforzo-do-goberno-galego-para-incrementar-o-50-o-financiamento-do-saf-nesta-lexislatura-e-deixe-de-mentir-sobre-o-acordo-acadado-coa-fegamp\/#primaryimage"},"thumbnailUrl":"https:\/\/ppdegalicia.com\/wp-content\/uploads\/2026\/01\/Alberto-Pazos-03-scaled.jpg","datePublished":"2026-01-23T15:33:31+00:00","description":"O portavoz do Grupo Popular, Alberto Pazos, demandou hoxe ao BNG que reco\u00f1eza o esforzo que fai o Goberno galego incrementando un 50 por cento nesta lexislatura o financiamento do servizo de axuda no fogar nos concellos galegos e deixe de mentir sobre o acordo acadado logo da negociaci\u00f3n levada a cabo entre os responsables da coa Federaci\u00f3n Galega de Municipios e Provincias.","breadcrumb":{"@id":"https:\/\/ppdegalicia.com\/es\/alberto-pazos-demanda-ao-bng-que-reconeza-o-esforzo-do-goberno-galego-para-incrementar-o-50-o-financiamento-do-saf-nesta-lexislatura-e-deixe-de-mentir-sobre-o-acordo-acadado-coa-fegamp\/#breadcrumb"},"inLanguage":"es","potentialAction":[{"@type":"ReadAction","target":["https:\/\/ppdegalicia.com\/es\/alberto-pazos-demanda-ao-bng-que-reconeza-o-esforzo-do-goberno-galego-para-incrementar-o-50-o-financiamento-do-saf-nesta-lexislatura-e-deixe-de-mentir-sobre-o-acordo-acadado-coa-fegamp\/"]}]},{"@type":"ImageObject","inLanguage":"es","@id":"https:\/\/ppdegalicia.com\/es\/alberto-pazos-demanda-ao-bng-que-reconeza-o-esforzo-do-goberno-galego-para-incrementar-o-50-o-financiamento-do-saf-nesta-lexislatura-e-deixe-de-mentir-sobre-o-acordo-acadado-coa-fegamp\/#primaryimage","url":"https:\/\/ppdegalicia.com\/wp-content\/uploads\/2026\/01\/Alberto-Pazos-03-scaled.jpg","contentUrl":"https:\/\/ppdegalicia.com\/wp-content\/uploads\/2026\/01\/Alberto-Pazos-03-scaled.jpg","width":2560,"height":1706},{"@type":"BreadcrumbList","@id":"https:\/\/ppdegalicia.com\/es\/alberto-pazos-demanda-ao-bng-que-reconeza-o-esforzo-do-goberno-galego-para-incrementar-o-50-o-financiamento-do-saf-nesta-lexislatura-e-deixe-de-mentir-sobre-o-acordo-acadado-coa-fegamp\/#breadcrumb","itemListElement":[{"@type":"ListItem","position":1,"name":"Portada","item":"https:\/\/ppdegalicia.com\/es\/"},{"@type":"ListItem","position":2,"name":"Alberto Pazos demanda ao BNG que reco\u00f1eza o esforzo do Goberno galego para incrementar o 50% o financiamento do SAF nesta lexislatura e deixe de mentir sobre o acordo acadado coa Fegamp"}]},{"@type":"WebSite","@id":"https:\/\/ppdegalicia.com\/es\/#website","url":"https:\/\/ppdegalicia.com\/es\/","name":"Partido Popular de Galicia","description":"Partido Popular de Galicia","publisher":{"@id":"https:\/\/ppdegalicia.com\/es\/#organization"},"alternateName":"PP de Galicia","potentialAction":[{"@type":"SearchAction","target":{"@type":"EntryPoint","urlTemplate":"https:\/\/ppdegalicia.com\/es\/?s={search_term_string}"},"query-input":{"@type":"PropertyValueSpecification","valueRequired":true,"valueName":"search_term_string"}}],"inLanguage":"es"},{"@type":"Organization","@id":"https:\/\/ppdegalicia.com\/es\/#organization","name":"Partido Popular de Galicia","alternateName":"PP de Galicia","url":"https:\/\/ppdegalicia.com\/es\/","logo":{"@type":"ImageObject","inLanguage":"es","@id":"https:\/\/ppdegalicia.com\/es\/#\/schema\/logo\/image\/","url":"https:\/\/ppdegalicia.com\/wp-content\/uploads\/2023\/04\/logoPP512.png","contentUrl":"https:\/\/ppdegalicia.com\/wp-content\/uploads\/2023\/04\/logoPP512.png","width":512,"height":512,"caption":"Partido Popular de Galicia"},"image":{"@id":"https:\/\/ppdegalicia.com\/es\/#\/schema\/logo\/image\/"},"sameAs":["https:\/\/www.instagram.com\/ppdegalicia\/","https:\/\/x.com\/ppdegalicia","https:\/\/www.tiktok.com\/@ppdegalicia","https:\/\/www.youtube.com\/user\/ppdegalicia"]},{"@type":"Person","@id":"https:\/\/ppdegalicia.com\/es\/#\/schema\/person\/5b822c6f59e872ebdd1142f307dbcb59","name":"ppdegaliciaredes","image":{"@type":"ImageObject","inLanguage":"es","@id":"https:\/\/secure.gravatar.com\/avatar\/3c9179cf0256d00c72a48d1f25783c58b6842cd56e85ef3a572881c8e28ccd59?s=96&d=mm&r=g","url":"https:\/\/secure.gravatar.com\/avatar\/3c9179cf0256d00c72a48d1f25783c58b6842cd56e85ef3a572881c8e28ccd59?s=96&d=mm&r=g","contentUrl":"https:\/\/secure.gravatar.com\/avatar\/3c9179cf0256d00c72a48d1f25783c58b6842cd56e85ef3a572881c8e28ccd59?s=96&d=mm&r=g","caption":"ppdegaliciaredes"},"url":"https:\/\/ppdegalicia.com\/es\/author\/ppdegaliciaredes\/"}]}},"_links":{"self":[{"href":"https:\/\/ppdegalicia.com\/es\/wp-json\/wp\/v2\/posts\/69894","targetHints":{"allow":["GET"]}}],"collection":[{"href":"https:\/\/ppdegalicia.com\/es\/wp-json\/wp\/v2\/posts"}],"about":[{"href":"https:\/\/ppdegalicia.com\/es\/wp-json\/wp\/v2\/types\/post"}],"author":[{"embeddable":true,"href":"https:\/\/ppdegalicia.com\/es\/wp-json\/wp\/v2\/users\/38"}],"replies":[{"embeddable":true,"href":"https:\/\/ppdegalicia.com\/es\/wp-json\/wp\/v2\/comments?post=69894"}],"version-history":[{"count":1,"href":"https:\/\/ppdegalicia.com\/es\/wp-json\/wp\/v2\/posts\/69894\/revisions"}],"predecessor-version":[{"id":69897,"href":"https:\/\/ppdegalicia.com\/es\/wp-json\/wp\/v2\/posts\/69894\/revisions\/69897"}],"wp:featuredmedia":[{"embeddable":true,"href":"https:\/\/ppdegalicia.com\/es\/wp-json\/wp\/v2\/media\/69895"}],"wp:attachment":[{"href":"https:\/\/ppdegalicia.com\/es\/wp-json\/wp\/v2\/media?parent=69894"}],"wp:term":[{"taxonomy":"category","embeddable":true,"href":"https:\/\/ppdegalicia.com\/es\/wp-json\/wp\/v2\/categories?post=69894"},{"taxonomy":"post_tag","embeddable":true,"href":"https:\/\/ppdegalicia.com\/es\/wp-json\/wp\/v2\/tags?post=69894"}],"curies":[{"name":"wp","href":"https:\/\/api.w.org\/{rel}","templated":true}]}}