{"id":69898,"date":"2026-01-23T16:46:31","date_gmt":"2026-01-23T15:46:31","guid":{"rendered":"https:\/\/ppdegalicia.com\/?p=69898"},"modified":"2026-01-23T16:49:41","modified_gmt":"2026-01-23T15:49:41","slug":"o-grupo-popular-destaca-o-labor-de-historiadores-e-investigadores-como-justo-gude-mendez-na-difusion-e-posta-en-valor-do-entroido-galego","status":"publish","type":"post","link":"https:\/\/ppdegalicia.com\/es\/o-grupo-popular-destaca-o-labor-de-historiadores-e-investigadores-como-justo-gude-mendez-na-difusion-e-posta-en-valor-do-entroido-galego\/","title":{"rendered":"O Grupo Popular destaca o labor de historiadores e investigadores como Justo Gude M\u00e9ndez na difusi\u00f3n e posta en valor do entroido galego"},"content":{"rendered":"<p>Os deputados do Grupo Popular Cristina Campero e Jos\u00e9 Lu\u00eds Ferro enxalzaron hoxe o traballo desenvolvido polo historiador, investigador e estudoso Justo Gude M\u00e9ndez na difusi\u00f3n e posta en valor do entroido galego, unha das manifestaci\u00f3ns culturais m\u00e1is singulares e identitarias de Galicia, reco\u00f1ecida como ben de interese cultural polo seu valor como patrimonio inmaterial.<\/p>\n<p>Durante o encontro, Cristina Campero e Jos\u00e9 Lu\u00eds Ferro tiveron a oportunidade de co\u00f1ecer de primeira man o intenso traballo de investigaci\u00f3n e documentaci\u00f3n desenvolvido por Justo Gude, e todas as persoas que traballan conxuntamente con el no estudo de elementos significativos do entroido como as pantallas. \u201cNon son s\u00f3 traxes nin rituais, son emoci\u00f3ns herdadas, orgullo compartido e sentimento de pertenza\u201d, dixo a deputada popular.<\/p>\n<p>Os deputados populares intercambiaron impresi\u00f3ns sobre os retos actuais do entroido galego, a s\u00faa evoluci\u00f3n no tempo e a necesidade de seguir promovendo iniciativas que garantan a s\u00faa preservaci\u00f3n e posta en valor, tanto no \u00e1mbito cultural como tur\u00edstico.<\/p>\n<p><strong>EXPRESI\u00d3N VIVA DA SOCIEDADE<\/strong><\/p>\n<p>\u201cDesde as instituci\u00f3ns, temos a obriga de protexer, apoiar e difundir o noso patrimonio cultural inmaterial\u201d, sinalou Jos\u00e9 Lu\u00eds Ferro, quen anotou que o entroido galego \u201c\u00e9 unha expresi\u00f3n viva da nosa identidade colectiva e o traballo de investigadores como Justo Gude resulta imprescindible para garantir que esta tradici\u00f3n se conserve con rigor e proxecci\u00f3n de futuro\u201d.<\/p>\n<p>Pola s\u00faa banda, Cristina Campero subli\u00f1ou que o entroido \u201c\u00e9 unha expresi\u00f3n popular que une xeraci\u00f3ns, territorios e memoria, polo que co\u00f1ecer a s\u00faa historia e o seu significado profundo ax\u00fadanos a valoralo e a respectalo como unha parte esencial da cultura galega\u201d.<\/p>\n","protected":false},"excerpt":{"rendered":"<p>Os deputados do Grupo Popular Cristina Campero e Jos\u00e9 Lu\u00eds Ferro enxalzaron hoxe o traballo desenvolvido polo historiador, investigador e estudoso Justo Gude M\u00e9ndez na difusi\u00f3n e posta en valor do entroido galego, unha das manifestaci\u00f3ns culturais m\u00e1is singulares e identitarias de Galicia, reco\u00f1ecida como ben de interese cultural polo seu valor como patrimonio inmaterial. [&hellip;]<\/p>\n","protected":false},"author":38,"featured_media":69902,"comment_status":"closed","ping_status":"open","sticky":false,"template":"","format":"standard","meta":{"_acf_changed":false,"footnotes":""},"categories":[1128],"tags":[],"class_list":["post-69898","post","type-post","status-publish","format-standard","has-post-thumbnail","hentry","category-actualidad-parlamento-de-galicia"],"acf":[],"yoast_head":"<!-- This site is optimized with the Yoast SEO plugin v27.3 - https:\/\/yoast.com\/product\/yoast-seo-wordpress\/ -->\n<title>O Grupo Popular destaca o labor de historiadores e investigadores como Justo Gude M\u00e9ndez na difusi\u00f3n e posta en valor do entroido galego - PP de Galicia<\/title>\n<meta name=\"description\" content=\"Os deputados do Grupo Popular Cristina Campero e Jos\u00e9 Lu\u00eds Ferro enxalzaron hoxe o traballo desenvolvido polo historiador, investigador e estudoso Justo Gude M\u00e9ndez na difusi\u00f3n e posta en valor do entroido galego, unha das manifestaci\u00f3ns culturais m\u00e1is singulares e identitarias de Galicia, reco\u00f1ecida como ben de interese cultural polo seu valor como patrimonio inmaterial.\" \/>\n<meta name=\"robots\" content=\"index, follow, max-snippet:-1, max-image-preview:large, max-video-preview:-1\" \/>\n<link rel=\"canonical\" href=\"https:\/\/ppdegalicia.com\/es\/o-grupo-popular-destaca-o-labor-de-historiadores-e-investigadores-como-justo-gude-mendez-na-difusion-e-posta-en-valor-do-entroido-galego\/\" \/>\n<meta property=\"og:locale\" content=\"es_ES\" \/>\n<meta property=\"og:type\" content=\"article\" \/>\n<meta property=\"og:title\" content=\"O Grupo Popular destaca o labor de historiadores e investigadores como Justo Gude M\u00e9ndez na difusi\u00f3n e posta en valor do entroido galego - PP de Galicia\" \/>\n<meta property=\"og:description\" content=\"Os deputados do Grupo Popular Cristina Campero e Jos\u00e9 Lu\u00eds Ferro enxalzaron hoxe o traballo desenvolvido polo historiador, investigador e estudoso Justo Gude M\u00e9ndez na difusi\u00f3n e posta en valor do entroido galego, unha das manifestaci\u00f3ns culturais m\u00e1is singulares e identitarias de Galicia, reco\u00f1ecida como ben de interese cultural polo seu valor como patrimonio inmaterial.\" \/>\n<meta property=\"og:url\" content=\"https:\/\/ppdegalicia.com\/es\/o-grupo-popular-destaca-o-labor-de-historiadores-e-investigadores-como-justo-gude-mendez-na-difusion-e-posta-en-valor-do-entroido-galego\/\" \/>\n<meta property=\"og:site_name\" content=\"PP de Galicia\" \/>\n<meta property=\"article:publisher\" content=\"https:\/\/www.instagram.com\/ppdegalicia\/\" \/>\n<meta property=\"article:published_time\" content=\"2026-01-23T15:46:31+00:00\" \/>\n<meta property=\"article:modified_time\" content=\"2026-01-23T15:49:41+00:00\" \/>\n<meta property=\"og:image\" content=\"https:\/\/ppdegalicia.com\/wp-content\/uploads\/2026\/01\/Cristina-Campero-e-Jose-Luis-Ferro-con-Justo-Gude-02.jpeg\" \/>\n\t<meta property=\"og:image:width\" content=\"1600\" \/>\n\t<meta property=\"og:image:height\" content=\"1200\" \/>\n\t<meta property=\"og:image:type\" content=\"image\/jpeg\" \/>\n<meta name=\"author\" content=\"ppdegaliciaredes\" \/>\n<meta name=\"twitter:card\" content=\"summary_large_image\" \/>\n<meta name=\"twitter:creator\" content=\"@ppdegalicia\" \/>\n<meta name=\"twitter:site\" content=\"@ppdegalicia\" \/>\n<meta name=\"twitter:label1\" content=\"Escrito por\" \/>\n\t<meta name=\"twitter:data1\" content=\"ppdegaliciaredes\" \/>\n\t<meta name=\"twitter:label2\" content=\"Tiempo de lectura\" \/>\n\t<meta name=\"twitter:data2\" content=\"2 minutos\" \/>\n<script type=\"application\/ld+json\" class=\"yoast-schema-graph\">{\"@context\":\"https:\\\/\\\/schema.org\",\"@graph\":[{\"@type\":\"Article\",\"@id\":\"https:\\\/\\\/ppdegalicia.com\\\/es\\\/o-grupo-popular-destaca-o-labor-de-historiadores-e-investigadores-como-justo-gude-mendez-na-difusion-e-posta-en-valor-do-entroido-galego\\\/#article\",\"isPartOf\":{\"@id\":\"https:\\\/\\\/ppdegalicia.com\\\/es\\\/o-grupo-popular-destaca-o-labor-de-historiadores-e-investigadores-como-justo-gude-mendez-na-difusion-e-posta-en-valor-do-entroido-galego\\\/\"},\"author\":{\"name\":\"ppdegaliciaredes\",\"@id\":\"https:\\\/\\\/ppdegalicia.com\\\/es\\\/#\\\/schema\\\/person\\\/5b822c6f59e872ebdd1142f307dbcb59\"},\"headline\":\"O Grupo Popular destaca o labor de historiadores e investigadores como Justo Gude M\u00e9ndez na difusi\u00f3n e posta en valor do entroido galego\",\"datePublished\":\"2026-01-23T15:46:31+00:00\",\"dateModified\":\"2026-01-23T15:49:41+00:00\",\"mainEntityOfPage\":{\"@id\":\"https:\\\/\\\/ppdegalicia.com\\\/es\\\/o-grupo-popular-destaca-o-labor-de-historiadores-e-investigadores-como-justo-gude-mendez-na-difusion-e-posta-en-valor-do-entroido-galego\\\/\"},\"wordCount\":317,\"publisher\":{\"@id\":\"https:\\\/\\\/ppdegalicia.com\\\/es\\\/#organization\"},\"image\":{\"@id\":\"https:\\\/\\\/ppdegalicia.com\\\/es\\\/o-grupo-popular-destaca-o-labor-de-historiadores-e-investigadores-como-justo-gude-mendez-na-difusion-e-posta-en-valor-do-entroido-galego\\\/#primaryimage\"},\"thumbnailUrl\":\"https:\\\/\\\/ppdegalicia.com\\\/wp-content\\\/uploads\\\/2026\\\/01\\\/Cristina-Campero-e-Jose-Luis-Ferro-con-Justo-Gude-02.jpeg\",\"articleSection\":[\"Parlamento de Galicia\"],\"inLanguage\":\"es\"},{\"@type\":\"WebPage\",\"@id\":\"https:\\\/\\\/ppdegalicia.com\\\/es\\\/o-grupo-popular-destaca-o-labor-de-historiadores-e-investigadores-como-justo-gude-mendez-na-difusion-e-posta-en-valor-do-entroido-galego\\\/\",\"url\":\"https:\\\/\\\/ppdegalicia.com\\\/es\\\/o-grupo-popular-destaca-o-labor-de-historiadores-e-investigadores-como-justo-gude-mendez-na-difusion-e-posta-en-valor-do-entroido-galego\\\/\",\"name\":\"O Grupo Popular destaca o labor de historiadores e investigadores como Justo Gude M\u00e9ndez na difusi\u00f3n e posta en valor do entroido galego - PP de Galicia\",\"isPartOf\":{\"@id\":\"https:\\\/\\\/ppdegalicia.com\\\/es\\\/#website\"},\"primaryImageOfPage\":{\"@id\":\"https:\\\/\\\/ppdegalicia.com\\\/es\\\/o-grupo-popular-destaca-o-labor-de-historiadores-e-investigadores-como-justo-gude-mendez-na-difusion-e-posta-en-valor-do-entroido-galego\\\/#primaryimage\"},\"image\":{\"@id\":\"https:\\\/\\\/ppdegalicia.com\\\/es\\\/o-grupo-popular-destaca-o-labor-de-historiadores-e-investigadores-como-justo-gude-mendez-na-difusion-e-posta-en-valor-do-entroido-galego\\\/#primaryimage\"},\"thumbnailUrl\":\"https:\\\/\\\/ppdegalicia.com\\\/wp-content\\\/uploads\\\/2026\\\/01\\\/Cristina-Campero-e-Jose-Luis-Ferro-con-Justo-Gude-02.jpeg\",\"datePublished\":\"2026-01-23T15:46:31+00:00\",\"dateModified\":\"2026-01-23T15:49:41+00:00\",\"description\":\"Os deputados do Grupo Popular Cristina Campero e Jos\u00e9 Lu\u00eds Ferro enxalzaron hoxe o traballo desenvolvido polo historiador, investigador e estudoso Justo Gude M\u00e9ndez na difusi\u00f3n e posta en valor do entroido galego, unha das manifestaci\u00f3ns culturais m\u00e1is singulares e identitarias de Galicia, reco\u00f1ecida como ben de interese cultural polo seu valor como patrimonio inmaterial.\",\"breadcrumb\":{\"@id\":\"https:\\\/\\\/ppdegalicia.com\\\/es\\\/o-grupo-popular-destaca-o-labor-de-historiadores-e-investigadores-como-justo-gude-mendez-na-difusion-e-posta-en-valor-do-entroido-galego\\\/#breadcrumb\"},\"inLanguage\":\"es\",\"potentialAction\":[{\"@type\":\"ReadAction\",\"target\":[\"https:\\\/\\\/ppdegalicia.com\\\/es\\\/o-grupo-popular-destaca-o-labor-de-historiadores-e-investigadores-como-justo-gude-mendez-na-difusion-e-posta-en-valor-do-entroido-galego\\\/\"]}]},{\"@type\":\"ImageObject\",\"inLanguage\":\"es\",\"@id\":\"https:\\\/\\\/ppdegalicia.com\\\/es\\\/o-grupo-popular-destaca-o-labor-de-historiadores-e-investigadores-como-justo-gude-mendez-na-difusion-e-posta-en-valor-do-entroido-galego\\\/#primaryimage\",\"url\":\"https:\\\/\\\/ppdegalicia.com\\\/wp-content\\\/uploads\\\/2026\\\/01\\\/Cristina-Campero-e-Jose-Luis-Ferro-con-Justo-Gude-02.jpeg\",\"contentUrl\":\"https:\\\/\\\/ppdegalicia.com\\\/wp-content\\\/uploads\\\/2026\\\/01\\\/Cristina-Campero-e-Jose-Luis-Ferro-con-Justo-Gude-02.jpeg\",\"width\":1600,\"height\":1200},{\"@type\":\"BreadcrumbList\",\"@id\":\"https:\\\/\\\/ppdegalicia.com\\\/es\\\/o-grupo-popular-destaca-o-labor-de-historiadores-e-investigadores-como-justo-gude-mendez-na-difusion-e-posta-en-valor-do-entroido-galego\\\/#breadcrumb\",\"itemListElement\":[{\"@type\":\"ListItem\",\"position\":1,\"name\":\"Portada\",\"item\":\"https:\\\/\\\/ppdegalicia.com\\\/es\\\/\"},{\"@type\":\"ListItem\",\"position\":2,\"name\":\"O Grupo Popular destaca o labor de historiadores e investigadores como Justo Gude M\u00e9ndez na difusi\u00f3n e posta en valor do entroido galego\"}]},{\"@type\":\"WebSite\",\"@id\":\"https:\\\/\\\/ppdegalicia.com\\\/es\\\/#website\",\"url\":\"https:\\\/\\\/ppdegalicia.com\\\/es\\\/\",\"name\":\"Partido Popular de Galicia\",\"description\":\"Partido Popular de Galicia\",\"publisher\":{\"@id\":\"https:\\\/\\\/ppdegalicia.com\\\/es\\\/#organization\"},\"alternateName\":\"PP de Galicia\",\"potentialAction\":[{\"@type\":\"SearchAction\",\"target\":{\"@type\":\"EntryPoint\",\"urlTemplate\":\"https:\\\/\\\/ppdegalicia.com\\\/es\\\/?s={search_term_string}\"},\"query-input\":{\"@type\":\"PropertyValueSpecification\",\"valueRequired\":true,\"valueName\":\"search_term_string\"}}],\"inLanguage\":\"es\"},{\"@type\":\"Organization\",\"@id\":\"https:\\\/\\\/ppdegalicia.com\\\/es\\\/#organization\",\"name\":\"Partido Popular de Galicia\",\"alternateName\":\"PP de Galicia\",\"url\":\"https:\\\/\\\/ppdegalicia.com\\\/es\\\/\",\"logo\":{\"@type\":\"ImageObject\",\"inLanguage\":\"es\",\"@id\":\"https:\\\/\\\/ppdegalicia.com\\\/es\\\/#\\\/schema\\\/logo\\\/image\\\/\",\"url\":\"https:\\\/\\\/ppdegalicia.com\\\/wp-content\\\/uploads\\\/2023\\\/04\\\/logoPP512.png\",\"contentUrl\":\"https:\\\/\\\/ppdegalicia.com\\\/wp-content\\\/uploads\\\/2023\\\/04\\\/logoPP512.png\",\"width\":512,\"height\":512,\"caption\":\"Partido Popular de Galicia\"},\"image\":{\"@id\":\"https:\\\/\\\/ppdegalicia.com\\\/es\\\/#\\\/schema\\\/logo\\\/image\\\/\"},\"sameAs\":[\"https:\\\/\\\/www.instagram.com\\\/ppdegalicia\\\/\",\"https:\\\/\\\/x.com\\\/ppdegalicia\",\"https:\\\/\\\/www.tiktok.com\\\/@ppdegalicia\",\"https:\\\/\\\/www.youtube.com\\\/user\\\/ppdegalicia\"]},{\"@type\":\"Person\",\"@id\":\"https:\\\/\\\/ppdegalicia.com\\\/es\\\/#\\\/schema\\\/person\\\/5b822c6f59e872ebdd1142f307dbcb59\",\"name\":\"ppdegaliciaredes\",\"image\":{\"@type\":\"ImageObject\",\"inLanguage\":\"es\",\"@id\":\"https:\\\/\\\/secure.gravatar.com\\\/avatar\\\/3c9179cf0256d00c72a48d1f25783c58b6842cd56e85ef3a572881c8e28ccd59?s=96&d=mm&r=g\",\"url\":\"https:\\\/\\\/secure.gravatar.com\\\/avatar\\\/3c9179cf0256d00c72a48d1f25783c58b6842cd56e85ef3a572881c8e28ccd59?s=96&d=mm&r=g\",\"contentUrl\":\"https:\\\/\\\/secure.gravatar.com\\\/avatar\\\/3c9179cf0256d00c72a48d1f25783c58b6842cd56e85ef3a572881c8e28ccd59?s=96&d=mm&r=g\",\"caption\":\"ppdegaliciaredes\"},\"url\":\"https:\\\/\\\/ppdegalicia.com\\\/es\\\/author\\\/ppdegaliciaredes\\\/\"}]}<\/script>\n<!-- \/ Yoast SEO plugin. -->","yoast_head_json":{"title":"O Grupo Popular destaca o labor de historiadores e investigadores como Justo Gude M\u00e9ndez na difusi\u00f3n e posta en valor do entroido galego - PP de Galicia","description":"Os deputados do Grupo Popular Cristina Campero e Jos\u00e9 Lu\u00eds Ferro enxalzaron hoxe o traballo desenvolvido polo historiador, investigador e estudoso Justo Gude M\u00e9ndez na difusi\u00f3n e posta en valor do entroido galego, unha das manifestaci\u00f3ns culturais m\u00e1is singulares e identitarias de Galicia, reco\u00f1ecida como ben de interese cultural polo seu valor como patrimonio inmaterial.","robots":{"index":"index","follow":"follow","max-snippet":"max-snippet:-1","max-image-preview":"max-image-preview:large","max-video-preview":"max-video-preview:-1"},"canonical":"https:\/\/ppdegalicia.com\/es\/o-grupo-popular-destaca-o-labor-de-historiadores-e-investigadores-como-justo-gude-mendez-na-difusion-e-posta-en-valor-do-entroido-galego\/","og_locale":"es_ES","og_type":"article","og_title":"O Grupo Popular destaca o labor de historiadores e investigadores como Justo Gude M\u00e9ndez na difusi\u00f3n e posta en valor do entroido galego - PP de Galicia","og_description":"Os deputados do Grupo Popular Cristina Campero e Jos\u00e9 Lu\u00eds Ferro enxalzaron hoxe o traballo desenvolvido polo historiador, investigador e estudoso Justo Gude M\u00e9ndez na difusi\u00f3n e posta en valor do entroido galego, unha das manifestaci\u00f3ns culturais m\u00e1is singulares e identitarias de Galicia, reco\u00f1ecida como ben de interese cultural polo seu valor como patrimonio inmaterial.","og_url":"https:\/\/ppdegalicia.com\/es\/o-grupo-popular-destaca-o-labor-de-historiadores-e-investigadores-como-justo-gude-mendez-na-difusion-e-posta-en-valor-do-entroido-galego\/","og_site_name":"PP de Galicia","article_publisher":"https:\/\/www.instagram.com\/ppdegalicia\/","article_published_time":"2026-01-23T15:46:31+00:00","article_modified_time":"2026-01-23T15:49:41+00:00","og_image":[{"width":1600,"height":1200,"url":"https:\/\/ppdegalicia.com\/wp-content\/uploads\/2026\/01\/Cristina-Campero-e-Jose-Luis-Ferro-con-Justo-Gude-02.jpeg","type":"image\/jpeg"}],"author":"ppdegaliciaredes","twitter_card":"summary_large_image","twitter_creator":"@ppdegalicia","twitter_site":"@ppdegalicia","twitter_misc":{"Escrito por":"ppdegaliciaredes","Tiempo de lectura":"2 minutos"},"schema":{"@context":"https:\/\/schema.org","@graph":[{"@type":"Article","@id":"https:\/\/ppdegalicia.com\/es\/o-grupo-popular-destaca-o-labor-de-historiadores-e-investigadores-como-justo-gude-mendez-na-difusion-e-posta-en-valor-do-entroido-galego\/#article","isPartOf":{"@id":"https:\/\/ppdegalicia.com\/es\/o-grupo-popular-destaca-o-labor-de-historiadores-e-investigadores-como-justo-gude-mendez-na-difusion-e-posta-en-valor-do-entroido-galego\/"},"author":{"name":"ppdegaliciaredes","@id":"https:\/\/ppdegalicia.com\/es\/#\/schema\/person\/5b822c6f59e872ebdd1142f307dbcb59"},"headline":"O Grupo Popular destaca o labor de historiadores e investigadores como Justo Gude M\u00e9ndez na difusi\u00f3n e posta en valor do entroido galego","datePublished":"2026-01-23T15:46:31+00:00","dateModified":"2026-01-23T15:49:41+00:00","mainEntityOfPage":{"@id":"https:\/\/ppdegalicia.com\/es\/o-grupo-popular-destaca-o-labor-de-historiadores-e-investigadores-como-justo-gude-mendez-na-difusion-e-posta-en-valor-do-entroido-galego\/"},"wordCount":317,"publisher":{"@id":"https:\/\/ppdegalicia.com\/es\/#organization"},"image":{"@id":"https:\/\/ppdegalicia.com\/es\/o-grupo-popular-destaca-o-labor-de-historiadores-e-investigadores-como-justo-gude-mendez-na-difusion-e-posta-en-valor-do-entroido-galego\/#primaryimage"},"thumbnailUrl":"https:\/\/ppdegalicia.com\/wp-content\/uploads\/2026\/01\/Cristina-Campero-e-Jose-Luis-Ferro-con-Justo-Gude-02.jpeg","articleSection":["Parlamento de Galicia"],"inLanguage":"es"},{"@type":"WebPage","@id":"https:\/\/ppdegalicia.com\/es\/o-grupo-popular-destaca-o-labor-de-historiadores-e-investigadores-como-justo-gude-mendez-na-difusion-e-posta-en-valor-do-entroido-galego\/","url":"https:\/\/ppdegalicia.com\/es\/o-grupo-popular-destaca-o-labor-de-historiadores-e-investigadores-como-justo-gude-mendez-na-difusion-e-posta-en-valor-do-entroido-galego\/","name":"O Grupo Popular destaca o labor de historiadores e investigadores como Justo Gude M\u00e9ndez na difusi\u00f3n e posta en valor do entroido galego - PP de Galicia","isPartOf":{"@id":"https:\/\/ppdegalicia.com\/es\/#website"},"primaryImageOfPage":{"@id":"https:\/\/ppdegalicia.com\/es\/o-grupo-popular-destaca-o-labor-de-historiadores-e-investigadores-como-justo-gude-mendez-na-difusion-e-posta-en-valor-do-entroido-galego\/#primaryimage"},"image":{"@id":"https:\/\/ppdegalicia.com\/es\/o-grupo-popular-destaca-o-labor-de-historiadores-e-investigadores-como-justo-gude-mendez-na-difusion-e-posta-en-valor-do-entroido-galego\/#primaryimage"},"thumbnailUrl":"https:\/\/ppdegalicia.com\/wp-content\/uploads\/2026\/01\/Cristina-Campero-e-Jose-Luis-Ferro-con-Justo-Gude-02.jpeg","datePublished":"2026-01-23T15:46:31+00:00","dateModified":"2026-01-23T15:49:41+00:00","description":"Os deputados do Grupo Popular Cristina Campero e Jos\u00e9 Lu\u00eds Ferro enxalzaron hoxe o traballo desenvolvido polo historiador, investigador e estudoso Justo Gude M\u00e9ndez na difusi\u00f3n e posta en valor do entroido galego, unha das manifestaci\u00f3ns culturais m\u00e1is singulares e identitarias de Galicia, reco\u00f1ecida como ben de interese cultural polo seu valor como patrimonio inmaterial.","breadcrumb":{"@id":"https:\/\/ppdegalicia.com\/es\/o-grupo-popular-destaca-o-labor-de-historiadores-e-investigadores-como-justo-gude-mendez-na-difusion-e-posta-en-valor-do-entroido-galego\/#breadcrumb"},"inLanguage":"es","potentialAction":[{"@type":"ReadAction","target":["https:\/\/ppdegalicia.com\/es\/o-grupo-popular-destaca-o-labor-de-historiadores-e-investigadores-como-justo-gude-mendez-na-difusion-e-posta-en-valor-do-entroido-galego\/"]}]},{"@type":"ImageObject","inLanguage":"es","@id":"https:\/\/ppdegalicia.com\/es\/o-grupo-popular-destaca-o-labor-de-historiadores-e-investigadores-como-justo-gude-mendez-na-difusion-e-posta-en-valor-do-entroido-galego\/#primaryimage","url":"https:\/\/ppdegalicia.com\/wp-content\/uploads\/2026\/01\/Cristina-Campero-e-Jose-Luis-Ferro-con-Justo-Gude-02.jpeg","contentUrl":"https:\/\/ppdegalicia.com\/wp-content\/uploads\/2026\/01\/Cristina-Campero-e-Jose-Luis-Ferro-con-Justo-Gude-02.jpeg","width":1600,"height":1200},{"@type":"BreadcrumbList","@id":"https:\/\/ppdegalicia.com\/es\/o-grupo-popular-destaca-o-labor-de-historiadores-e-investigadores-como-justo-gude-mendez-na-difusion-e-posta-en-valor-do-entroido-galego\/#breadcrumb","itemListElement":[{"@type":"ListItem","position":1,"name":"Portada","item":"https:\/\/ppdegalicia.com\/es\/"},{"@type":"ListItem","position":2,"name":"O Grupo Popular destaca o labor de historiadores e investigadores como Justo Gude M\u00e9ndez na difusi\u00f3n e posta en valor do entroido galego"}]},{"@type":"WebSite","@id":"https:\/\/ppdegalicia.com\/es\/#website","url":"https:\/\/ppdegalicia.com\/es\/","name":"Partido Popular de Galicia","description":"Partido Popular de Galicia","publisher":{"@id":"https:\/\/ppdegalicia.com\/es\/#organization"},"alternateName":"PP de Galicia","potentialAction":[{"@type":"SearchAction","target":{"@type":"EntryPoint","urlTemplate":"https:\/\/ppdegalicia.com\/es\/?s={search_term_string}"},"query-input":{"@type":"PropertyValueSpecification","valueRequired":true,"valueName":"search_term_string"}}],"inLanguage":"es"},{"@type":"Organization","@id":"https:\/\/ppdegalicia.com\/es\/#organization","name":"Partido Popular de Galicia","alternateName":"PP de Galicia","url":"https:\/\/ppdegalicia.com\/es\/","logo":{"@type":"ImageObject","inLanguage":"es","@id":"https:\/\/ppdegalicia.com\/es\/#\/schema\/logo\/image\/","url":"https:\/\/ppdegalicia.com\/wp-content\/uploads\/2023\/04\/logoPP512.png","contentUrl":"https:\/\/ppdegalicia.com\/wp-content\/uploads\/2023\/04\/logoPP512.png","width":512,"height":512,"caption":"Partido Popular de Galicia"},"image":{"@id":"https:\/\/ppdegalicia.com\/es\/#\/schema\/logo\/image\/"},"sameAs":["https:\/\/www.instagram.com\/ppdegalicia\/","https:\/\/x.com\/ppdegalicia","https:\/\/www.tiktok.com\/@ppdegalicia","https:\/\/www.youtube.com\/user\/ppdegalicia"]},{"@type":"Person","@id":"https:\/\/ppdegalicia.com\/es\/#\/schema\/person\/5b822c6f59e872ebdd1142f307dbcb59","name":"ppdegaliciaredes","image":{"@type":"ImageObject","inLanguage":"es","@id":"https:\/\/secure.gravatar.com\/avatar\/3c9179cf0256d00c72a48d1f25783c58b6842cd56e85ef3a572881c8e28ccd59?s=96&d=mm&r=g","url":"https:\/\/secure.gravatar.com\/avatar\/3c9179cf0256d00c72a48d1f25783c58b6842cd56e85ef3a572881c8e28ccd59?s=96&d=mm&r=g","contentUrl":"https:\/\/secure.gravatar.com\/avatar\/3c9179cf0256d00c72a48d1f25783c58b6842cd56e85ef3a572881c8e28ccd59?s=96&d=mm&r=g","caption":"ppdegaliciaredes"},"url":"https:\/\/ppdegalicia.com\/es\/author\/ppdegaliciaredes\/"}]}},"_links":{"self":[{"href":"https:\/\/ppdegalicia.com\/es\/wp-json\/wp\/v2\/posts\/69898","targetHints":{"allow":["GET"]}}],"collection":[{"href":"https:\/\/ppdegalicia.com\/es\/wp-json\/wp\/v2\/posts"}],"about":[{"href":"https:\/\/ppdegalicia.com\/es\/wp-json\/wp\/v2\/types\/post"}],"author":[{"embeddable":true,"href":"https:\/\/ppdegalicia.com\/es\/wp-json\/wp\/v2\/users\/38"}],"replies":[{"embeddable":true,"href":"https:\/\/ppdegalicia.com\/es\/wp-json\/wp\/v2\/comments?post=69898"}],"version-history":[{"count":1,"href":"https:\/\/ppdegalicia.com\/es\/wp-json\/wp\/v2\/posts\/69898\/revisions"}],"predecessor-version":[{"id":69901,"href":"https:\/\/ppdegalicia.com\/es\/wp-json\/wp\/v2\/posts\/69898\/revisions\/69901"}],"wp:featuredmedia":[{"embeddable":true,"href":"https:\/\/ppdegalicia.com\/es\/wp-json\/wp\/v2\/media\/69902"}],"wp:attachment":[{"href":"https:\/\/ppdegalicia.com\/es\/wp-json\/wp\/v2\/media?parent=69898"}],"wp:term":[{"taxonomy":"category","embeddable":true,"href":"https:\/\/ppdegalicia.com\/es\/wp-json\/wp\/v2\/categories?post=69898"},{"taxonomy":"post_tag","embeddable":true,"href":"https:\/\/ppdegalicia.com\/es\/wp-json\/wp\/v2\/tags?post=69898"}],"curies":[{"name":"wp","href":"https:\/\/api.w.org\/{rel}","templated":true}]}}