{"id":69904,"date":"2026-01-24T14:18:33","date_gmt":"2026-01-24T13:18:33","guid":{"rendered":"https:\/\/ppdegalicia.com\/?p=69904"},"modified":"2026-01-24T14:18:33","modified_gmt":"2026-01-24T13:18:33","slug":"o-ppdeg-esixe-explicacions-ao-goberno-central-por-ignorar-ao-congreso-durante-case-dous-anos-en-materia-de-control-pesqueiro","status":"publish","type":"post","link":"https:\/\/ppdegalicia.com\/es\/o-ppdeg-esixe-explicacions-ao-goberno-central-por-ignorar-ao-congreso-durante-case-dous-anos-en-materia-de-control-pesqueiro\/","title":{"rendered":"O PPdeG esixe explicaci\u00f3ns ao Goberno central por ignorar ao Congreso durante case dous anos en materia de control pesqueiro"},"content":{"rendered":"<p style=\"font-weight: 400;\">O Partido Popular de Galicia esixe ao Goberno central explicaci\u00f3ns por ignorar ao Congreso dos Deputados durante case dous anos en materia de control pesqueiro.<\/p>\n<p style=\"font-weight: 400;\">O PPdeG v\u00e9n de rexistrar unha pregunta escrita no C\u00e1mara Baixa para esixir ao Goberno de S\u00e1nchez que explique por que ignorou durante meses o mandato parlamentario aprobado o 29 de maio de 2024, que instaba a aplicar as medidas de flexibilizaci\u00f3n previstas no Regulamento comunitario de control da pesca, e por que s\u00f3 rectificou tras as mobilizaci\u00f3ns do sector pesqueiro e a presi\u00f3n dos populares.<\/p>\n<p style=\"font-weight: 400;\">A iniciativa parlamentaria aprobada hai case dous anos ped\u00eda unha aplicaci\u00f3n das medidas de flexibilizaci\u00f3n que prev\u00e9 o propio Regulamento comunitario. Esa normativa, que entrou en vigor o pasado 10 de xaneiro deste ano, esix\u00eda unhas medidas que o sector advertira que resultaban dif\u00edciles de aplicar e que eran prexudiciais para a actividade diaria da frota.<\/p>\n<p style=\"font-weight: 400;\">Con todo, o Goberno central optou por non actuar, mantendo unha situaci\u00f3n de inseguridade xur\u00eddica e malestar crecente na xente do mar.<\/p>\n<p style=\"font-weight: 400;\">Agora, sen que se producira ning\u00fan cambio normativo nin se fixera p\u00fablica a existencia de novos informes t\u00e9cnicos ou xur\u00eddicos, o Ministerio publicou unha resoluci\u00f3n aceptando algunha das flexibilidades que xa foran reclamadas polo Congreso e polos profesionais.<\/p>\n<p style=\"font-weight: 400;\">O PPdeG considera que este cambio de criterio \u201cevidencia que si exist\u00eda marxe legal para flexibilizar a aplicaci\u00f3n dos controis\u201d e que \u201ca negativa mantida ata o de agora non respond\u00eda a raz\u00f3ns t\u00e9cnicas, sen\u00f3n a unha falta de vontade pol\u00edtica\u201d.<\/p>\n<p style=\"font-weight: 400;\">\u201cO grave non \u00e9 s\u00f3 que o Goberno rectificase tarde, sen\u00f3n que o fixera ignorando ao Congreso e reaccionando unicamente cando o sector sa\u00edu \u00e1 r\u00faa e cando insistimos desde o PPdeG\u201d, sinala Rosa Quintana, encargada de pesca no PP nacional, que reclama explicaci\u00f3ns claras sobre os motivos do atraso e sobre o impacto que esta situaci\u00f3n tivo na frota.<\/p>\n<p style=\"font-weight: 400;\">O PPdeG remata subli\u00f1ando que o sector pesqueiro necesita \u201cseguridade xur\u00eddica, di\u00e1logo e respecto institucional\u201d e advirte, as\u00ed mesmo, de que \u201cgobernar de costas ao Parlamento e ao sector s\u00f3 xera conflitos evitables e prexu\u00edzos innecesarios para unha actividade estrat\u00e9xica\u201d.<\/p>\n","protected":false},"excerpt":{"rendered":"<p>O Partido Popular de Galicia esixe ao Goberno central explicaci\u00f3ns por ignorar ao Congreso dos Deputados durante case dous anos en materia de control pesqueiro. O PPdeG v\u00e9n de rexistrar unha pregunta escrita no C\u00e1mara Baixa para esixir ao Goberno de S\u00e1nchez que explique por que ignorou durante meses o mandato parlamentario aprobado o 29 [&hellip;]<\/p>\n","protected":false},"author":38,"featured_media":69905,"comment_status":"closed","ping_status":"open","sticky":false,"template":"","format":"standard","meta":{"_acf_changed":false,"footnotes":""},"categories":[2387,1],"tags":[],"class_list":["post-69904","post","type-post","status-publish","format-standard","has-post-thumbnail","hentry","category-actualidad-cortes-generales","category-pp-de-galicia"],"acf":[],"yoast_head":"<!-- This site is optimized with the Yoast SEO plugin v27.3 - https:\/\/yoast.com\/product\/yoast-seo-wordpress\/ -->\n<title>O PPdeG esixe explicaci\u00f3ns ao Goberno central por ignorar ao Congreso durante case dous anos en materia de control pesqueiro - PP de Galicia<\/title>\n<meta name=\"description\" content=\"O Partido Popular de Galicia esixe ao Goberno central explicaci\u00f3ns por ignorar ao Congreso dos Deputados durante case dous anos en materia de control pesqueiro.\" \/>\n<meta name=\"robots\" content=\"index, follow, max-snippet:-1, max-image-preview:large, max-video-preview:-1\" \/>\n<link rel=\"canonical\" href=\"https:\/\/ppdegalicia.com\/es\/o-ppdeg-esixe-explicacions-ao-goberno-central-por-ignorar-ao-congreso-durante-case-dous-anos-en-materia-de-control-pesqueiro\/\" \/>\n<meta property=\"og:locale\" content=\"es_ES\" \/>\n<meta property=\"og:type\" content=\"article\" \/>\n<meta property=\"og:title\" content=\"O PPdeG esixe explicaci\u00f3ns ao Goberno central por ignorar ao Congreso durante case dous anos en materia de control pesqueiro - PP de Galicia\" \/>\n<meta property=\"og:description\" content=\"O Partido Popular de Galicia esixe ao Goberno central explicaci\u00f3ns por ignorar ao Congreso dos Deputados durante case dous anos en materia de control pesqueiro.\" \/>\n<meta property=\"og:url\" content=\"https:\/\/ppdegalicia.com\/es\/o-ppdeg-esixe-explicacions-ao-goberno-central-por-ignorar-ao-congreso-durante-case-dous-anos-en-materia-de-control-pesqueiro\/\" \/>\n<meta property=\"og:site_name\" content=\"PP de Galicia\" \/>\n<meta property=\"article:publisher\" content=\"https:\/\/www.instagram.com\/ppdegalicia\/\" \/>\n<meta property=\"article:published_time\" content=\"2026-01-24T13:18:33+00:00\" \/>\n<meta property=\"og:image\" content=\"https:\/\/ppdegalicia.com\/wp-content\/uploads\/2026\/01\/Rosa-Quintana.jpg\" \/>\n\t<meta property=\"og:image:width\" content=\"2048\" \/>\n\t<meta property=\"og:image:height\" content=\"1365\" \/>\n\t<meta property=\"og:image:type\" content=\"image\/jpeg\" \/>\n<meta name=\"author\" content=\"ppdegaliciaredes\" \/>\n<meta name=\"twitter:card\" content=\"summary_large_image\" \/>\n<meta name=\"twitter:creator\" content=\"@ppdegalicia\" \/>\n<meta name=\"twitter:site\" content=\"@ppdegalicia\" \/>\n<meta name=\"twitter:label1\" content=\"Escrito por\" \/>\n\t<meta name=\"twitter:data1\" content=\"ppdegaliciaredes\" \/>\n\t<meta name=\"twitter:label2\" content=\"Tiempo de lectura\" \/>\n\t<meta name=\"twitter:data2\" content=\"3 minutos\" \/>\n<script type=\"application\/ld+json\" class=\"yoast-schema-graph\">{\"@context\":\"https:\\\/\\\/schema.org\",\"@graph\":[{\"@type\":\"Article\",\"@id\":\"https:\\\/\\\/ppdegalicia.com\\\/es\\\/o-ppdeg-esixe-explicacions-ao-goberno-central-por-ignorar-ao-congreso-durante-case-dous-anos-en-materia-de-control-pesqueiro\\\/#article\",\"isPartOf\":{\"@id\":\"https:\\\/\\\/ppdegalicia.com\\\/es\\\/o-ppdeg-esixe-explicacions-ao-goberno-central-por-ignorar-ao-congreso-durante-case-dous-anos-en-materia-de-control-pesqueiro\\\/\"},\"author\":{\"name\":\"ppdegaliciaredes\",\"@id\":\"https:\\\/\\\/ppdegalicia.com\\\/es\\\/#\\\/schema\\\/person\\\/5b822c6f59e872ebdd1142f307dbcb59\"},\"headline\":\"O PPdeG esixe explicaci\u00f3ns ao Goberno central por ignorar ao Congreso durante case dous anos en materia de control pesqueiro\",\"datePublished\":\"2026-01-24T13:18:33+00:00\",\"mainEntityOfPage\":{\"@id\":\"https:\\\/\\\/ppdegalicia.com\\\/es\\\/o-ppdeg-esixe-explicacions-ao-goberno-central-por-ignorar-ao-congreso-durante-case-dous-anos-en-materia-de-control-pesqueiro\\\/\"},\"wordCount\":400,\"publisher\":{\"@id\":\"https:\\\/\\\/ppdegalicia.com\\\/es\\\/#organization\"},\"image\":{\"@id\":\"https:\\\/\\\/ppdegalicia.com\\\/es\\\/o-ppdeg-esixe-explicacions-ao-goberno-central-por-ignorar-ao-congreso-durante-case-dous-anos-en-materia-de-control-pesqueiro\\\/#primaryimage\"},\"thumbnailUrl\":\"https:\\\/\\\/ppdegalicia.com\\\/wp-content\\\/uploads\\\/2026\\\/01\\\/Rosa-Quintana.jpg\",\"articleSection\":[\"Cortes Generales\",\"PP de Galicia\"],\"inLanguage\":\"es\"},{\"@type\":\"WebPage\",\"@id\":\"https:\\\/\\\/ppdegalicia.com\\\/es\\\/o-ppdeg-esixe-explicacions-ao-goberno-central-por-ignorar-ao-congreso-durante-case-dous-anos-en-materia-de-control-pesqueiro\\\/\",\"url\":\"https:\\\/\\\/ppdegalicia.com\\\/es\\\/o-ppdeg-esixe-explicacions-ao-goberno-central-por-ignorar-ao-congreso-durante-case-dous-anos-en-materia-de-control-pesqueiro\\\/\",\"name\":\"O PPdeG esixe explicaci\u00f3ns ao Goberno central por ignorar ao Congreso durante case dous anos en materia de control pesqueiro - PP de Galicia\",\"isPartOf\":{\"@id\":\"https:\\\/\\\/ppdegalicia.com\\\/es\\\/#website\"},\"primaryImageOfPage\":{\"@id\":\"https:\\\/\\\/ppdegalicia.com\\\/es\\\/o-ppdeg-esixe-explicacions-ao-goberno-central-por-ignorar-ao-congreso-durante-case-dous-anos-en-materia-de-control-pesqueiro\\\/#primaryimage\"},\"image\":{\"@id\":\"https:\\\/\\\/ppdegalicia.com\\\/es\\\/o-ppdeg-esixe-explicacions-ao-goberno-central-por-ignorar-ao-congreso-durante-case-dous-anos-en-materia-de-control-pesqueiro\\\/#primaryimage\"},\"thumbnailUrl\":\"https:\\\/\\\/ppdegalicia.com\\\/wp-content\\\/uploads\\\/2026\\\/01\\\/Rosa-Quintana.jpg\",\"datePublished\":\"2026-01-24T13:18:33+00:00\",\"description\":\"O Partido Popular de Galicia esixe ao Goberno central explicaci\u00f3ns por ignorar ao Congreso dos Deputados durante case dous anos en materia de control pesqueiro.\",\"breadcrumb\":{\"@id\":\"https:\\\/\\\/ppdegalicia.com\\\/es\\\/o-ppdeg-esixe-explicacions-ao-goberno-central-por-ignorar-ao-congreso-durante-case-dous-anos-en-materia-de-control-pesqueiro\\\/#breadcrumb\"},\"inLanguage\":\"es\",\"potentialAction\":[{\"@type\":\"ReadAction\",\"target\":[\"https:\\\/\\\/ppdegalicia.com\\\/es\\\/o-ppdeg-esixe-explicacions-ao-goberno-central-por-ignorar-ao-congreso-durante-case-dous-anos-en-materia-de-control-pesqueiro\\\/\"]}]},{\"@type\":\"ImageObject\",\"inLanguage\":\"es\",\"@id\":\"https:\\\/\\\/ppdegalicia.com\\\/es\\\/o-ppdeg-esixe-explicacions-ao-goberno-central-por-ignorar-ao-congreso-durante-case-dous-anos-en-materia-de-control-pesqueiro\\\/#primaryimage\",\"url\":\"https:\\\/\\\/ppdegalicia.com\\\/wp-content\\\/uploads\\\/2026\\\/01\\\/Rosa-Quintana.jpg\",\"contentUrl\":\"https:\\\/\\\/ppdegalicia.com\\\/wp-content\\\/uploads\\\/2026\\\/01\\\/Rosa-Quintana.jpg\",\"width\":2048,\"height\":1365},{\"@type\":\"BreadcrumbList\",\"@id\":\"https:\\\/\\\/ppdegalicia.com\\\/es\\\/o-ppdeg-esixe-explicacions-ao-goberno-central-por-ignorar-ao-congreso-durante-case-dous-anos-en-materia-de-control-pesqueiro\\\/#breadcrumb\",\"itemListElement\":[{\"@type\":\"ListItem\",\"position\":1,\"name\":\"Portada\",\"item\":\"https:\\\/\\\/ppdegalicia.com\\\/es\\\/\"},{\"@type\":\"ListItem\",\"position\":2,\"name\":\"O PPdeG esixe explicaci\u00f3ns ao Goberno central por ignorar ao Congreso durante case dous anos en materia de control pesqueiro\"}]},{\"@type\":\"WebSite\",\"@id\":\"https:\\\/\\\/ppdegalicia.com\\\/es\\\/#website\",\"url\":\"https:\\\/\\\/ppdegalicia.com\\\/es\\\/\",\"name\":\"Partido Popular de Galicia\",\"description\":\"Partido Popular de Galicia\",\"publisher\":{\"@id\":\"https:\\\/\\\/ppdegalicia.com\\\/es\\\/#organization\"},\"alternateName\":\"PP de Galicia\",\"potentialAction\":[{\"@type\":\"SearchAction\",\"target\":{\"@type\":\"EntryPoint\",\"urlTemplate\":\"https:\\\/\\\/ppdegalicia.com\\\/es\\\/?s={search_term_string}\"},\"query-input\":{\"@type\":\"PropertyValueSpecification\",\"valueRequired\":true,\"valueName\":\"search_term_string\"}}],\"inLanguage\":\"es\"},{\"@type\":\"Organization\",\"@id\":\"https:\\\/\\\/ppdegalicia.com\\\/es\\\/#organization\",\"name\":\"Partido Popular de Galicia\",\"alternateName\":\"PP de Galicia\",\"url\":\"https:\\\/\\\/ppdegalicia.com\\\/es\\\/\",\"logo\":{\"@type\":\"ImageObject\",\"inLanguage\":\"es\",\"@id\":\"https:\\\/\\\/ppdegalicia.com\\\/es\\\/#\\\/schema\\\/logo\\\/image\\\/\",\"url\":\"https:\\\/\\\/ppdegalicia.com\\\/wp-content\\\/uploads\\\/2023\\\/04\\\/logoPP512.png\",\"contentUrl\":\"https:\\\/\\\/ppdegalicia.com\\\/wp-content\\\/uploads\\\/2023\\\/04\\\/logoPP512.png\",\"width\":512,\"height\":512,\"caption\":\"Partido Popular de Galicia\"},\"image\":{\"@id\":\"https:\\\/\\\/ppdegalicia.com\\\/es\\\/#\\\/schema\\\/logo\\\/image\\\/\"},\"sameAs\":[\"https:\\\/\\\/www.instagram.com\\\/ppdegalicia\\\/\",\"https:\\\/\\\/x.com\\\/ppdegalicia\",\"https:\\\/\\\/www.tiktok.com\\\/@ppdegalicia\",\"https:\\\/\\\/www.youtube.com\\\/user\\\/ppdegalicia\"]},{\"@type\":\"Person\",\"@id\":\"https:\\\/\\\/ppdegalicia.com\\\/es\\\/#\\\/schema\\\/person\\\/5b822c6f59e872ebdd1142f307dbcb59\",\"name\":\"ppdegaliciaredes\",\"image\":{\"@type\":\"ImageObject\",\"inLanguage\":\"es\",\"@id\":\"https:\\\/\\\/secure.gravatar.com\\\/avatar\\\/3c9179cf0256d00c72a48d1f25783c58b6842cd56e85ef3a572881c8e28ccd59?s=96&d=mm&r=g\",\"url\":\"https:\\\/\\\/secure.gravatar.com\\\/avatar\\\/3c9179cf0256d00c72a48d1f25783c58b6842cd56e85ef3a572881c8e28ccd59?s=96&d=mm&r=g\",\"contentUrl\":\"https:\\\/\\\/secure.gravatar.com\\\/avatar\\\/3c9179cf0256d00c72a48d1f25783c58b6842cd56e85ef3a572881c8e28ccd59?s=96&d=mm&r=g\",\"caption\":\"ppdegaliciaredes\"},\"url\":\"https:\\\/\\\/ppdegalicia.com\\\/es\\\/author\\\/ppdegaliciaredes\\\/\"}]}<\/script>\n<!-- \/ Yoast SEO plugin. -->","yoast_head_json":{"title":"O PPdeG esixe explicaci\u00f3ns ao Goberno central por ignorar ao Congreso durante case dous anos en materia de control pesqueiro - PP de Galicia","description":"O Partido Popular de Galicia esixe ao Goberno central explicaci\u00f3ns por ignorar ao Congreso dos Deputados durante case dous anos en materia de control pesqueiro.","robots":{"index":"index","follow":"follow","max-snippet":"max-snippet:-1","max-image-preview":"max-image-preview:large","max-video-preview":"max-video-preview:-1"},"canonical":"https:\/\/ppdegalicia.com\/es\/o-ppdeg-esixe-explicacions-ao-goberno-central-por-ignorar-ao-congreso-durante-case-dous-anos-en-materia-de-control-pesqueiro\/","og_locale":"es_ES","og_type":"article","og_title":"O PPdeG esixe explicaci\u00f3ns ao Goberno central por ignorar ao Congreso durante case dous anos en materia de control pesqueiro - PP de Galicia","og_description":"O Partido Popular de Galicia esixe ao Goberno central explicaci\u00f3ns por ignorar ao Congreso dos Deputados durante case dous anos en materia de control pesqueiro.","og_url":"https:\/\/ppdegalicia.com\/es\/o-ppdeg-esixe-explicacions-ao-goberno-central-por-ignorar-ao-congreso-durante-case-dous-anos-en-materia-de-control-pesqueiro\/","og_site_name":"PP de Galicia","article_publisher":"https:\/\/www.instagram.com\/ppdegalicia\/","article_published_time":"2026-01-24T13:18:33+00:00","og_image":[{"width":2048,"height":1365,"url":"https:\/\/ppdegalicia.com\/wp-content\/uploads\/2026\/01\/Rosa-Quintana.jpg","type":"image\/jpeg"}],"author":"ppdegaliciaredes","twitter_card":"summary_large_image","twitter_creator":"@ppdegalicia","twitter_site":"@ppdegalicia","twitter_misc":{"Escrito por":"ppdegaliciaredes","Tiempo de lectura":"3 minutos"},"schema":{"@context":"https:\/\/schema.org","@graph":[{"@type":"Article","@id":"https:\/\/ppdegalicia.com\/es\/o-ppdeg-esixe-explicacions-ao-goberno-central-por-ignorar-ao-congreso-durante-case-dous-anos-en-materia-de-control-pesqueiro\/#article","isPartOf":{"@id":"https:\/\/ppdegalicia.com\/es\/o-ppdeg-esixe-explicacions-ao-goberno-central-por-ignorar-ao-congreso-durante-case-dous-anos-en-materia-de-control-pesqueiro\/"},"author":{"name":"ppdegaliciaredes","@id":"https:\/\/ppdegalicia.com\/es\/#\/schema\/person\/5b822c6f59e872ebdd1142f307dbcb59"},"headline":"O PPdeG esixe explicaci\u00f3ns ao Goberno central por ignorar ao Congreso durante case dous anos en materia de control pesqueiro","datePublished":"2026-01-24T13:18:33+00:00","mainEntityOfPage":{"@id":"https:\/\/ppdegalicia.com\/es\/o-ppdeg-esixe-explicacions-ao-goberno-central-por-ignorar-ao-congreso-durante-case-dous-anos-en-materia-de-control-pesqueiro\/"},"wordCount":400,"publisher":{"@id":"https:\/\/ppdegalicia.com\/es\/#organization"},"image":{"@id":"https:\/\/ppdegalicia.com\/es\/o-ppdeg-esixe-explicacions-ao-goberno-central-por-ignorar-ao-congreso-durante-case-dous-anos-en-materia-de-control-pesqueiro\/#primaryimage"},"thumbnailUrl":"https:\/\/ppdegalicia.com\/wp-content\/uploads\/2026\/01\/Rosa-Quintana.jpg","articleSection":["Cortes Generales","PP de Galicia"],"inLanguage":"es"},{"@type":"WebPage","@id":"https:\/\/ppdegalicia.com\/es\/o-ppdeg-esixe-explicacions-ao-goberno-central-por-ignorar-ao-congreso-durante-case-dous-anos-en-materia-de-control-pesqueiro\/","url":"https:\/\/ppdegalicia.com\/es\/o-ppdeg-esixe-explicacions-ao-goberno-central-por-ignorar-ao-congreso-durante-case-dous-anos-en-materia-de-control-pesqueiro\/","name":"O PPdeG esixe explicaci\u00f3ns ao Goberno central por ignorar ao Congreso durante case dous anos en materia de control pesqueiro - PP de Galicia","isPartOf":{"@id":"https:\/\/ppdegalicia.com\/es\/#website"},"primaryImageOfPage":{"@id":"https:\/\/ppdegalicia.com\/es\/o-ppdeg-esixe-explicacions-ao-goberno-central-por-ignorar-ao-congreso-durante-case-dous-anos-en-materia-de-control-pesqueiro\/#primaryimage"},"image":{"@id":"https:\/\/ppdegalicia.com\/es\/o-ppdeg-esixe-explicacions-ao-goberno-central-por-ignorar-ao-congreso-durante-case-dous-anos-en-materia-de-control-pesqueiro\/#primaryimage"},"thumbnailUrl":"https:\/\/ppdegalicia.com\/wp-content\/uploads\/2026\/01\/Rosa-Quintana.jpg","datePublished":"2026-01-24T13:18:33+00:00","description":"O Partido Popular de Galicia esixe ao Goberno central explicaci\u00f3ns por ignorar ao Congreso dos Deputados durante case dous anos en materia de control pesqueiro.","breadcrumb":{"@id":"https:\/\/ppdegalicia.com\/es\/o-ppdeg-esixe-explicacions-ao-goberno-central-por-ignorar-ao-congreso-durante-case-dous-anos-en-materia-de-control-pesqueiro\/#breadcrumb"},"inLanguage":"es","potentialAction":[{"@type":"ReadAction","target":["https:\/\/ppdegalicia.com\/es\/o-ppdeg-esixe-explicacions-ao-goberno-central-por-ignorar-ao-congreso-durante-case-dous-anos-en-materia-de-control-pesqueiro\/"]}]},{"@type":"ImageObject","inLanguage":"es","@id":"https:\/\/ppdegalicia.com\/es\/o-ppdeg-esixe-explicacions-ao-goberno-central-por-ignorar-ao-congreso-durante-case-dous-anos-en-materia-de-control-pesqueiro\/#primaryimage","url":"https:\/\/ppdegalicia.com\/wp-content\/uploads\/2026\/01\/Rosa-Quintana.jpg","contentUrl":"https:\/\/ppdegalicia.com\/wp-content\/uploads\/2026\/01\/Rosa-Quintana.jpg","width":2048,"height":1365},{"@type":"BreadcrumbList","@id":"https:\/\/ppdegalicia.com\/es\/o-ppdeg-esixe-explicacions-ao-goberno-central-por-ignorar-ao-congreso-durante-case-dous-anos-en-materia-de-control-pesqueiro\/#breadcrumb","itemListElement":[{"@type":"ListItem","position":1,"name":"Portada","item":"https:\/\/ppdegalicia.com\/es\/"},{"@type":"ListItem","position":2,"name":"O PPdeG esixe explicaci\u00f3ns ao Goberno central por ignorar ao Congreso durante case dous anos en materia de control pesqueiro"}]},{"@type":"WebSite","@id":"https:\/\/ppdegalicia.com\/es\/#website","url":"https:\/\/ppdegalicia.com\/es\/","name":"Partido Popular de Galicia","description":"Partido Popular de Galicia","publisher":{"@id":"https:\/\/ppdegalicia.com\/es\/#organization"},"alternateName":"PP de Galicia","potentialAction":[{"@type":"SearchAction","target":{"@type":"EntryPoint","urlTemplate":"https:\/\/ppdegalicia.com\/es\/?s={search_term_string}"},"query-input":{"@type":"PropertyValueSpecification","valueRequired":true,"valueName":"search_term_string"}}],"inLanguage":"es"},{"@type":"Organization","@id":"https:\/\/ppdegalicia.com\/es\/#organization","name":"Partido Popular de Galicia","alternateName":"PP de Galicia","url":"https:\/\/ppdegalicia.com\/es\/","logo":{"@type":"ImageObject","inLanguage":"es","@id":"https:\/\/ppdegalicia.com\/es\/#\/schema\/logo\/image\/","url":"https:\/\/ppdegalicia.com\/wp-content\/uploads\/2023\/04\/logoPP512.png","contentUrl":"https:\/\/ppdegalicia.com\/wp-content\/uploads\/2023\/04\/logoPP512.png","width":512,"height":512,"caption":"Partido Popular de Galicia"},"image":{"@id":"https:\/\/ppdegalicia.com\/es\/#\/schema\/logo\/image\/"},"sameAs":["https:\/\/www.instagram.com\/ppdegalicia\/","https:\/\/x.com\/ppdegalicia","https:\/\/www.tiktok.com\/@ppdegalicia","https:\/\/www.youtube.com\/user\/ppdegalicia"]},{"@type":"Person","@id":"https:\/\/ppdegalicia.com\/es\/#\/schema\/person\/5b822c6f59e872ebdd1142f307dbcb59","name":"ppdegaliciaredes","image":{"@type":"ImageObject","inLanguage":"es","@id":"https:\/\/secure.gravatar.com\/avatar\/3c9179cf0256d00c72a48d1f25783c58b6842cd56e85ef3a572881c8e28ccd59?s=96&d=mm&r=g","url":"https:\/\/secure.gravatar.com\/avatar\/3c9179cf0256d00c72a48d1f25783c58b6842cd56e85ef3a572881c8e28ccd59?s=96&d=mm&r=g","contentUrl":"https:\/\/secure.gravatar.com\/avatar\/3c9179cf0256d00c72a48d1f25783c58b6842cd56e85ef3a572881c8e28ccd59?s=96&d=mm&r=g","caption":"ppdegaliciaredes"},"url":"https:\/\/ppdegalicia.com\/es\/author\/ppdegaliciaredes\/"}]}},"_links":{"self":[{"href":"https:\/\/ppdegalicia.com\/es\/wp-json\/wp\/v2\/posts\/69904","targetHints":{"allow":["GET"]}}],"collection":[{"href":"https:\/\/ppdegalicia.com\/es\/wp-json\/wp\/v2\/posts"}],"about":[{"href":"https:\/\/ppdegalicia.com\/es\/wp-json\/wp\/v2\/types\/post"}],"author":[{"embeddable":true,"href":"https:\/\/ppdegalicia.com\/es\/wp-json\/wp\/v2\/users\/38"}],"replies":[{"embeddable":true,"href":"https:\/\/ppdegalicia.com\/es\/wp-json\/wp\/v2\/comments?post=69904"}],"version-history":[{"count":1,"href":"https:\/\/ppdegalicia.com\/es\/wp-json\/wp\/v2\/posts\/69904\/revisions"}],"predecessor-version":[{"id":69907,"href":"https:\/\/ppdegalicia.com\/es\/wp-json\/wp\/v2\/posts\/69904\/revisions\/69907"}],"wp:featuredmedia":[{"embeddable":true,"href":"https:\/\/ppdegalicia.com\/es\/wp-json\/wp\/v2\/media\/69905"}],"wp:attachment":[{"href":"https:\/\/ppdegalicia.com\/es\/wp-json\/wp\/v2\/media?parent=69904"}],"wp:term":[{"taxonomy":"category","embeddable":true,"href":"https:\/\/ppdegalicia.com\/es\/wp-json\/wp\/v2\/categories?post=69904"},{"taxonomy":"post_tag","embeddable":true,"href":"https:\/\/ppdegalicia.com\/es\/wp-json\/wp\/v2\/tags?post=69904"}],"curies":[{"name":"wp","href":"https:\/\/api.w.org\/{rel}","templated":true}]}}