{"id":69908,"date":"2026-01-24T15:29:35","date_gmt":"2026-01-24T14:29:35","guid":{"rendered":"https:\/\/ppdegalicia.com\/?p=69908"},"modified":"2026-01-24T15:29:35","modified_gmt":"2026-01-24T14:29:35","slug":"rueda-reivindica-o-ensino-galego-como-excelente-accesible-e-adaptado-a-realidade-actual-grazas-ao-esforzo-do-profesorado-e-as-politicas-do-ppdeg","status":"publish","type":"post","link":"https:\/\/ppdegalicia.com\/es\/rueda-reivindica-o-ensino-galego-como-excelente-accesible-e-adaptado-a-realidade-actual-grazas-ao-esforzo-do-profesorado-e-as-politicas-do-ppdeg\/","title":{"rendered":"Rueda reivindica o ensino galego como \u201cexcelente, accesible e adaptado \u00e1 realidade actual\u201d grazas ao \u201cesforzo\u201d do profesorado e \u00e1s pol\u00edticas do PPdeG"},"content":{"rendered":"<p style=\"font-weight: 400;\">O presidente Alfonso Rueda definiu hoxe o sistema educativo galego como \u201cexcelente, accesible e adaptado \u00e1 realidade actual\u201d, po\u00f1endo en valor o \u201cesforzo\u201d do profesorado e \u00e1s pol\u00edticas do PPdeG para converter a Galicia na \u00fanica comunidade aut\u00f3noma onde, entre outros fitos, a educaci\u00f3n \u00e9 gratu\u00edta \u201cdesde o principio ata o final\u201d.<\/p>\n<p style=\"font-weight: 400;\">\u201cEn Galicia p\u00f3dese estudar de xeito gratu\u00edto, desde o principio ata o final, na educaci\u00f3n p\u00fablica, para aqueles que se esforzan e grazas ao esforzo dos galegos\u201d, salientou hoxe no acto do PPdeG de\u00a0conmemoraci\u00f3n do D\u00eda Internacional da Educaci\u00f3n, cunha visita ao Polo Creativo da Facultade de Ciencias da Educaci\u00f3n da USC, en Santiago de Compostela. Tam\u00e9n participaron a secretaria xeral, Paula Prado; o responsable de Educaci\u00f3n no Goberno galego, Rom\u00e1n Rodr\u00edguez; o presidente do PP de Santiago, Borja Verea; o coordinador de Educaci\u00f3n, Ovidio Rodeiro; os integrantes da Comisi\u00f3n de Educaci\u00f3n do PPdeG e deputados.<\/p>\n<p style=\"font-weight: 400;\">O l\u00edder dos populares galegos cualificou o sistema educativo galego como \u201co m\u00e1is inclusivo de Espa\u00f1a\u201d, citando reco\u00f1ecementos como o \u00edndice PISA\u00a0\u2014Galicia \u00e9 l\u00edder en Espa\u00f1a en Ciencias, pensamento creativo e equidade\u2014, a reduci\u00f3n das taxas de abandono escolar ou a chamada \u201crevoluci\u00f3n silenciosa\u201d da Formaci\u00f3n Profesional, en constante crecemento en Galicia.<\/p>\n<p style=\"font-weight: 400;\">\u201cNas aulas de hoxe estase formando a \u2018Galicia Calidade\u2019 de ma\u00f1\u00e1, por iso \u00e9 relevante que a formaci\u00f3n das persoas que dirixir\u00e1n a sociedade no futuro evolucione ao ritmo dunha realidade actual cambiante\u201d, destacou.<\/p>\n<p style=\"font-weight: 400;\">Trala visita ao Polo Creativo, o presidente dos populares galegos subli\u00f1ou a \u201cexcelencia\u201d deste espazo, cuxo prantexamento se reproduce en m\u00e1is de mil centros educativos de Galicia, funcionando como elementos clave para a transformaci\u00f3n dixital das aulas e para o fomento da creatividade do alumnado. \u201cTodos estes aparellos son a base para co\u00f1ecer a tecnolox\u00eda actual. Pode que existan noutras comunidades aut\u00f3nomas, pero o sistema \u00e9 dese\u00f1ado aqu\u00ed e s\u00f3 existe en Galicia con esta intensidade\u201d, manifestou.<\/p>\n<p style=\"font-weight: 400;\">Tam\u00e9n puxo en valor o Plan de benestar dixital do Goberno galego,\u00a0para fomentar h\u00e1bitos saudables nesta era dominada polas tecnolox\u00edas, e agradeceu ao profesorado que se forma continuamente nestes proxectos.<\/p>\n<p style=\"font-weight: 400;\">\u201cTodo isto non ser\u00eda posible sen o profesorado, os mestres e as mestras que po\u00f1en en pr\u00e1ctica cada d\u00eda as medidas que dese\u00f1amos desde o Goberno; traballan na aula dun xeito responsable e profesional, pensando no benestar e na formaci\u00f3n dos alumnos e alumnas; e que, en definitiva, converten os centros docentes, desde o m\u00e1is pequeno ao m\u00e1is grande, desde a formaci\u00f3n m\u00e1is b\u00e1sica \u00e1 m\u00e1is especializada, no motor do desenvolvemento do futuro de Galicia\u201d, remarcou.<\/p>\n<p><span style=\"font-weight: 400;\">Por \u00faltimo, Rueda agradeceu o traballo da Comisi\u00f3n de Educaci\u00f3n dos populares galegos, por \u201cfacer as propostas que despois po\u00f1en en valor o ensino en\u00a0Galicia\u00bb.<\/span><\/p>\n","protected":false},"excerpt":{"rendered":"<p>O presidente Alfonso Rueda definiu hoxe o sistema educativo galego como \u201cexcelente, accesible e adaptado \u00e1 realidade actual\u201d, po\u00f1endo en valor o \u201cesforzo\u201d do profesorado e \u00e1s pol\u00edticas do PPdeG para converter a Galicia na \u00fanica comunidade aut\u00f3noma onde, entre outros fitos, a educaci\u00f3n \u00e9 gratu\u00edta \u201cdesde o principio ata o final\u201d. \u201cEn Galicia p\u00f3dese [&hellip;]<\/p>\n","protected":false},"author":38,"featured_media":69909,"comment_status":"closed","ping_status":"open","sticky":false,"template":"","format":"standard","meta":{"_acf_changed":false,"footnotes":""},"categories":[1],"tags":[],"class_list":["post-69908","post","type-post","status-publish","format-standard","has-post-thumbnail","hentry","category-pp-de-galicia"],"acf":[],"yoast_head":"<!-- This site is optimized with the Yoast SEO plugin v27.3 - https:\/\/yoast.com\/product\/yoast-seo-wordpress\/ -->\n<title>Rueda reivindica o ensino galego como \u201cexcelente, accesible e adaptado \u00e1 realidade actual\u201d grazas ao \u201cesforzo\u201d do profesorado e \u00e1s pol\u00edticas do PPdeG - PP de Galicia<\/title>\n<meta name=\"description\" content=\"O presidente Alfonso Rueda definiu hoxe o sistema educativo galego como \u201cexcelente, accesible e adaptado \u00e1 realidade actual\u201d, po\u00f1endo en valor o \u201cesforzo\u201d do profesorado e \u00e1s pol\u00edticas do PPdeG para converter a Galicia na \u00fanica comunidade aut\u00f3noma onde, entre outros fitos, a educaci\u00f3n \u00e9 gratu\u00edta \u201cdesde o principio ata o final\u201d.\" \/>\n<meta name=\"robots\" content=\"index, follow, max-snippet:-1, max-image-preview:large, max-video-preview:-1\" \/>\n<link rel=\"canonical\" href=\"https:\/\/ppdegalicia.com\/es\/rueda-reivindica-o-ensino-galego-como-excelente-accesible-e-adaptado-a-realidade-actual-grazas-ao-esforzo-do-profesorado-e-as-politicas-do-ppdeg\/\" \/>\n<meta property=\"og:locale\" content=\"es_ES\" \/>\n<meta property=\"og:type\" content=\"article\" \/>\n<meta property=\"og:title\" content=\"Rueda reivindica o ensino galego como \u201cexcelente, accesible e adaptado \u00e1 realidade actual\u201d grazas ao \u201cesforzo\u201d do profesorado e \u00e1s pol\u00edticas do PPdeG - PP de Galicia\" \/>\n<meta property=\"og:description\" content=\"O presidente Alfonso Rueda definiu hoxe o sistema educativo galego como \u201cexcelente, accesible e adaptado \u00e1 realidade actual\u201d, po\u00f1endo en valor o \u201cesforzo\u201d do profesorado e \u00e1s pol\u00edticas do PPdeG para converter a Galicia na \u00fanica comunidade aut\u00f3noma onde, entre outros fitos, a educaci\u00f3n \u00e9 gratu\u00edta \u201cdesde o principio ata o final\u201d.\" \/>\n<meta property=\"og:url\" content=\"https:\/\/ppdegalicia.com\/es\/rueda-reivindica-o-ensino-galego-como-excelente-accesible-e-adaptado-a-realidade-actual-grazas-ao-esforzo-do-profesorado-e-as-politicas-do-ppdeg\/\" \/>\n<meta property=\"og:site_name\" content=\"PP de Galicia\" \/>\n<meta property=\"article:publisher\" content=\"https:\/\/www.instagram.com\/ppdegalicia\/\" \/>\n<meta property=\"article:published_time\" content=\"2026-01-24T14:29:35+00:00\" \/>\n<meta property=\"og:image\" content=\"https:\/\/ppdegalicia.com\/wp-content\/uploads\/2026\/01\/20260124_ARueda_DiaEducacion.jpg-scaled.jpeg\" \/>\n\t<meta property=\"og:image:width\" content=\"2560\" \/>\n\t<meta property=\"og:image:height\" content=\"1707\" \/>\n\t<meta property=\"og:image:type\" content=\"image\/jpeg\" \/>\n<meta name=\"author\" content=\"ppdegaliciaredes\" \/>\n<meta name=\"twitter:card\" content=\"summary_large_image\" \/>\n<meta name=\"twitter:creator\" content=\"@ppdegalicia\" \/>\n<meta name=\"twitter:site\" content=\"@ppdegalicia\" \/>\n<meta name=\"twitter:label1\" content=\"Escrito por\" \/>\n\t<meta name=\"twitter:data1\" content=\"ppdegaliciaredes\" \/>\n\t<meta name=\"twitter:label2\" content=\"Tiempo de lectura\" \/>\n\t<meta name=\"twitter:data2\" content=\"3 minutos\" \/>\n<script type=\"application\/ld+json\" class=\"yoast-schema-graph\">{\"@context\":\"https:\\\/\\\/schema.org\",\"@graph\":[{\"@type\":\"Article\",\"@id\":\"https:\\\/\\\/ppdegalicia.com\\\/es\\\/rueda-reivindica-o-ensino-galego-como-excelente-accesible-e-adaptado-a-realidade-actual-grazas-ao-esforzo-do-profesorado-e-as-politicas-do-ppdeg\\\/#article\",\"isPartOf\":{\"@id\":\"https:\\\/\\\/ppdegalicia.com\\\/es\\\/rueda-reivindica-o-ensino-galego-como-excelente-accesible-e-adaptado-a-realidade-actual-grazas-ao-esforzo-do-profesorado-e-as-politicas-do-ppdeg\\\/\"},\"author\":{\"name\":\"ppdegaliciaredes\",\"@id\":\"https:\\\/\\\/ppdegalicia.com\\\/es\\\/#\\\/schema\\\/person\\\/5b822c6f59e872ebdd1142f307dbcb59\"},\"headline\":\"Rueda reivindica o ensino galego como \u201cexcelente, accesible e adaptado \u00e1 realidade actual\u201d grazas ao \u201cesforzo\u201d do profesorado e \u00e1s pol\u00edticas do PPdeG\",\"datePublished\":\"2026-01-24T14:29:35+00:00\",\"mainEntityOfPage\":{\"@id\":\"https:\\\/\\\/ppdegalicia.com\\\/es\\\/rueda-reivindica-o-ensino-galego-como-excelente-accesible-e-adaptado-a-realidade-actual-grazas-ao-esforzo-do-profesorado-e-as-politicas-do-ppdeg\\\/\"},\"wordCount\":519,\"publisher\":{\"@id\":\"https:\\\/\\\/ppdegalicia.com\\\/es\\\/#organization\"},\"image\":{\"@id\":\"https:\\\/\\\/ppdegalicia.com\\\/es\\\/rueda-reivindica-o-ensino-galego-como-excelente-accesible-e-adaptado-a-realidade-actual-grazas-ao-esforzo-do-profesorado-e-as-politicas-do-ppdeg\\\/#primaryimage\"},\"thumbnailUrl\":\"https:\\\/\\\/ppdegalicia.com\\\/wp-content\\\/uploads\\\/2026\\\/01\\\/20260124_ARueda_DiaEducacion.jpg-scaled.jpeg\",\"articleSection\":[\"PP de Galicia\"],\"inLanguage\":\"es\"},{\"@type\":\"WebPage\",\"@id\":\"https:\\\/\\\/ppdegalicia.com\\\/es\\\/rueda-reivindica-o-ensino-galego-como-excelente-accesible-e-adaptado-a-realidade-actual-grazas-ao-esforzo-do-profesorado-e-as-politicas-do-ppdeg\\\/\",\"url\":\"https:\\\/\\\/ppdegalicia.com\\\/es\\\/rueda-reivindica-o-ensino-galego-como-excelente-accesible-e-adaptado-a-realidade-actual-grazas-ao-esforzo-do-profesorado-e-as-politicas-do-ppdeg\\\/\",\"name\":\"Rueda reivindica o ensino galego como \u201cexcelente, accesible e adaptado \u00e1 realidade actual\u201d grazas ao \u201cesforzo\u201d do profesorado e \u00e1s pol\u00edticas do PPdeG - PP de Galicia\",\"isPartOf\":{\"@id\":\"https:\\\/\\\/ppdegalicia.com\\\/es\\\/#website\"},\"primaryImageOfPage\":{\"@id\":\"https:\\\/\\\/ppdegalicia.com\\\/es\\\/rueda-reivindica-o-ensino-galego-como-excelente-accesible-e-adaptado-a-realidade-actual-grazas-ao-esforzo-do-profesorado-e-as-politicas-do-ppdeg\\\/#primaryimage\"},\"image\":{\"@id\":\"https:\\\/\\\/ppdegalicia.com\\\/es\\\/rueda-reivindica-o-ensino-galego-como-excelente-accesible-e-adaptado-a-realidade-actual-grazas-ao-esforzo-do-profesorado-e-as-politicas-do-ppdeg\\\/#primaryimage\"},\"thumbnailUrl\":\"https:\\\/\\\/ppdegalicia.com\\\/wp-content\\\/uploads\\\/2026\\\/01\\\/20260124_ARueda_DiaEducacion.jpg-scaled.jpeg\",\"datePublished\":\"2026-01-24T14:29:35+00:00\",\"description\":\"O presidente Alfonso Rueda definiu hoxe o sistema educativo galego como \u201cexcelente, accesible e adaptado \u00e1 realidade actual\u201d, po\u00f1endo en valor o \u201cesforzo\u201d do profesorado e \u00e1s pol\u00edticas do PPdeG para converter a Galicia na \u00fanica comunidade aut\u00f3noma onde, entre outros fitos, a educaci\u00f3n \u00e9 gratu\u00edta \u201cdesde o principio ata o final\u201d.\",\"breadcrumb\":{\"@id\":\"https:\\\/\\\/ppdegalicia.com\\\/es\\\/rueda-reivindica-o-ensino-galego-como-excelente-accesible-e-adaptado-a-realidade-actual-grazas-ao-esforzo-do-profesorado-e-as-politicas-do-ppdeg\\\/#breadcrumb\"},\"inLanguage\":\"es\",\"potentialAction\":[{\"@type\":\"ReadAction\",\"target\":[\"https:\\\/\\\/ppdegalicia.com\\\/es\\\/rueda-reivindica-o-ensino-galego-como-excelente-accesible-e-adaptado-a-realidade-actual-grazas-ao-esforzo-do-profesorado-e-as-politicas-do-ppdeg\\\/\"]}]},{\"@type\":\"ImageObject\",\"inLanguage\":\"es\",\"@id\":\"https:\\\/\\\/ppdegalicia.com\\\/es\\\/rueda-reivindica-o-ensino-galego-como-excelente-accesible-e-adaptado-a-realidade-actual-grazas-ao-esforzo-do-profesorado-e-as-politicas-do-ppdeg\\\/#primaryimage\",\"url\":\"https:\\\/\\\/ppdegalicia.com\\\/wp-content\\\/uploads\\\/2026\\\/01\\\/20260124_ARueda_DiaEducacion.jpg-scaled.jpeg\",\"contentUrl\":\"https:\\\/\\\/ppdegalicia.com\\\/wp-content\\\/uploads\\\/2026\\\/01\\\/20260124_ARueda_DiaEducacion.jpg-scaled.jpeg\",\"width\":2560,\"height\":1707},{\"@type\":\"BreadcrumbList\",\"@id\":\"https:\\\/\\\/ppdegalicia.com\\\/es\\\/rueda-reivindica-o-ensino-galego-como-excelente-accesible-e-adaptado-a-realidade-actual-grazas-ao-esforzo-do-profesorado-e-as-politicas-do-ppdeg\\\/#breadcrumb\",\"itemListElement\":[{\"@type\":\"ListItem\",\"position\":1,\"name\":\"Portada\",\"item\":\"https:\\\/\\\/ppdegalicia.com\\\/es\\\/\"},{\"@type\":\"ListItem\",\"position\":2,\"name\":\"Rueda reivindica o ensino galego como \u201cexcelente, accesible e adaptado \u00e1 realidade actual\u201d grazas ao \u201cesforzo\u201d do profesorado e \u00e1s pol\u00edticas do PPdeG\"}]},{\"@type\":\"WebSite\",\"@id\":\"https:\\\/\\\/ppdegalicia.com\\\/es\\\/#website\",\"url\":\"https:\\\/\\\/ppdegalicia.com\\\/es\\\/\",\"name\":\"Partido Popular de Galicia\",\"description\":\"Partido Popular de Galicia\",\"publisher\":{\"@id\":\"https:\\\/\\\/ppdegalicia.com\\\/es\\\/#organization\"},\"alternateName\":\"PP de Galicia\",\"potentialAction\":[{\"@type\":\"SearchAction\",\"target\":{\"@type\":\"EntryPoint\",\"urlTemplate\":\"https:\\\/\\\/ppdegalicia.com\\\/es\\\/?s={search_term_string}\"},\"query-input\":{\"@type\":\"PropertyValueSpecification\",\"valueRequired\":true,\"valueName\":\"search_term_string\"}}],\"inLanguage\":\"es\"},{\"@type\":\"Organization\",\"@id\":\"https:\\\/\\\/ppdegalicia.com\\\/es\\\/#organization\",\"name\":\"Partido Popular de Galicia\",\"alternateName\":\"PP de Galicia\",\"url\":\"https:\\\/\\\/ppdegalicia.com\\\/es\\\/\",\"logo\":{\"@type\":\"ImageObject\",\"inLanguage\":\"es\",\"@id\":\"https:\\\/\\\/ppdegalicia.com\\\/es\\\/#\\\/schema\\\/logo\\\/image\\\/\",\"url\":\"https:\\\/\\\/ppdegalicia.com\\\/wp-content\\\/uploads\\\/2023\\\/04\\\/logoPP512.png\",\"contentUrl\":\"https:\\\/\\\/ppdegalicia.com\\\/wp-content\\\/uploads\\\/2023\\\/04\\\/logoPP512.png\",\"width\":512,\"height\":512,\"caption\":\"Partido Popular de Galicia\"},\"image\":{\"@id\":\"https:\\\/\\\/ppdegalicia.com\\\/es\\\/#\\\/schema\\\/logo\\\/image\\\/\"},\"sameAs\":[\"https:\\\/\\\/www.instagram.com\\\/ppdegalicia\\\/\",\"https:\\\/\\\/x.com\\\/ppdegalicia\",\"https:\\\/\\\/www.tiktok.com\\\/@ppdegalicia\",\"https:\\\/\\\/www.youtube.com\\\/user\\\/ppdegalicia\"]},{\"@type\":\"Person\",\"@id\":\"https:\\\/\\\/ppdegalicia.com\\\/es\\\/#\\\/schema\\\/person\\\/5b822c6f59e872ebdd1142f307dbcb59\",\"name\":\"ppdegaliciaredes\",\"image\":{\"@type\":\"ImageObject\",\"inLanguage\":\"es\",\"@id\":\"https:\\\/\\\/secure.gravatar.com\\\/avatar\\\/3c9179cf0256d00c72a48d1f25783c58b6842cd56e85ef3a572881c8e28ccd59?s=96&d=mm&r=g\",\"url\":\"https:\\\/\\\/secure.gravatar.com\\\/avatar\\\/3c9179cf0256d00c72a48d1f25783c58b6842cd56e85ef3a572881c8e28ccd59?s=96&d=mm&r=g\",\"contentUrl\":\"https:\\\/\\\/secure.gravatar.com\\\/avatar\\\/3c9179cf0256d00c72a48d1f25783c58b6842cd56e85ef3a572881c8e28ccd59?s=96&d=mm&r=g\",\"caption\":\"ppdegaliciaredes\"},\"url\":\"https:\\\/\\\/ppdegalicia.com\\\/es\\\/author\\\/ppdegaliciaredes\\\/\"}]}<\/script>\n<!-- \/ Yoast SEO plugin. -->","yoast_head_json":{"title":"Rueda reivindica o ensino galego como \u201cexcelente, accesible e adaptado \u00e1 realidade actual\u201d grazas ao \u201cesforzo\u201d do profesorado e \u00e1s pol\u00edticas do PPdeG - PP de Galicia","description":"O presidente Alfonso Rueda definiu hoxe o sistema educativo galego como \u201cexcelente, accesible e adaptado \u00e1 realidade actual\u201d, po\u00f1endo en valor o \u201cesforzo\u201d do profesorado e \u00e1s pol\u00edticas do PPdeG para converter a Galicia na \u00fanica comunidade aut\u00f3noma onde, entre outros fitos, a educaci\u00f3n \u00e9 gratu\u00edta \u201cdesde o principio ata o final\u201d.","robots":{"index":"index","follow":"follow","max-snippet":"max-snippet:-1","max-image-preview":"max-image-preview:large","max-video-preview":"max-video-preview:-1"},"canonical":"https:\/\/ppdegalicia.com\/es\/rueda-reivindica-o-ensino-galego-como-excelente-accesible-e-adaptado-a-realidade-actual-grazas-ao-esforzo-do-profesorado-e-as-politicas-do-ppdeg\/","og_locale":"es_ES","og_type":"article","og_title":"Rueda reivindica o ensino galego como \u201cexcelente, accesible e adaptado \u00e1 realidade actual\u201d grazas ao \u201cesforzo\u201d do profesorado e \u00e1s pol\u00edticas do PPdeG - PP de Galicia","og_description":"O presidente Alfonso Rueda definiu hoxe o sistema educativo galego como \u201cexcelente, accesible e adaptado \u00e1 realidade actual\u201d, po\u00f1endo en valor o \u201cesforzo\u201d do profesorado e \u00e1s pol\u00edticas do PPdeG para converter a Galicia na \u00fanica comunidade aut\u00f3noma onde, entre outros fitos, a educaci\u00f3n \u00e9 gratu\u00edta \u201cdesde o principio ata o final\u201d.","og_url":"https:\/\/ppdegalicia.com\/es\/rueda-reivindica-o-ensino-galego-como-excelente-accesible-e-adaptado-a-realidade-actual-grazas-ao-esforzo-do-profesorado-e-as-politicas-do-ppdeg\/","og_site_name":"PP de Galicia","article_publisher":"https:\/\/www.instagram.com\/ppdegalicia\/","article_published_time":"2026-01-24T14:29:35+00:00","og_image":[{"width":2560,"height":1707,"url":"https:\/\/ppdegalicia.com\/wp-content\/uploads\/2026\/01\/20260124_ARueda_DiaEducacion.jpg-scaled.jpeg","type":"image\/jpeg"}],"author":"ppdegaliciaredes","twitter_card":"summary_large_image","twitter_creator":"@ppdegalicia","twitter_site":"@ppdegalicia","twitter_misc":{"Escrito por":"ppdegaliciaredes","Tiempo de lectura":"3 minutos"},"schema":{"@context":"https:\/\/schema.org","@graph":[{"@type":"Article","@id":"https:\/\/ppdegalicia.com\/es\/rueda-reivindica-o-ensino-galego-como-excelente-accesible-e-adaptado-a-realidade-actual-grazas-ao-esforzo-do-profesorado-e-as-politicas-do-ppdeg\/#article","isPartOf":{"@id":"https:\/\/ppdegalicia.com\/es\/rueda-reivindica-o-ensino-galego-como-excelente-accesible-e-adaptado-a-realidade-actual-grazas-ao-esforzo-do-profesorado-e-as-politicas-do-ppdeg\/"},"author":{"name":"ppdegaliciaredes","@id":"https:\/\/ppdegalicia.com\/es\/#\/schema\/person\/5b822c6f59e872ebdd1142f307dbcb59"},"headline":"Rueda reivindica o ensino galego como \u201cexcelente, accesible e adaptado \u00e1 realidade actual\u201d grazas ao \u201cesforzo\u201d do profesorado e \u00e1s pol\u00edticas do PPdeG","datePublished":"2026-01-24T14:29:35+00:00","mainEntityOfPage":{"@id":"https:\/\/ppdegalicia.com\/es\/rueda-reivindica-o-ensino-galego-como-excelente-accesible-e-adaptado-a-realidade-actual-grazas-ao-esforzo-do-profesorado-e-as-politicas-do-ppdeg\/"},"wordCount":519,"publisher":{"@id":"https:\/\/ppdegalicia.com\/es\/#organization"},"image":{"@id":"https:\/\/ppdegalicia.com\/es\/rueda-reivindica-o-ensino-galego-como-excelente-accesible-e-adaptado-a-realidade-actual-grazas-ao-esforzo-do-profesorado-e-as-politicas-do-ppdeg\/#primaryimage"},"thumbnailUrl":"https:\/\/ppdegalicia.com\/wp-content\/uploads\/2026\/01\/20260124_ARueda_DiaEducacion.jpg-scaled.jpeg","articleSection":["PP de Galicia"],"inLanguage":"es"},{"@type":"WebPage","@id":"https:\/\/ppdegalicia.com\/es\/rueda-reivindica-o-ensino-galego-como-excelente-accesible-e-adaptado-a-realidade-actual-grazas-ao-esforzo-do-profesorado-e-as-politicas-do-ppdeg\/","url":"https:\/\/ppdegalicia.com\/es\/rueda-reivindica-o-ensino-galego-como-excelente-accesible-e-adaptado-a-realidade-actual-grazas-ao-esforzo-do-profesorado-e-as-politicas-do-ppdeg\/","name":"Rueda reivindica o ensino galego como \u201cexcelente, accesible e adaptado \u00e1 realidade actual\u201d grazas ao \u201cesforzo\u201d do profesorado e \u00e1s pol\u00edticas do PPdeG - PP de Galicia","isPartOf":{"@id":"https:\/\/ppdegalicia.com\/es\/#website"},"primaryImageOfPage":{"@id":"https:\/\/ppdegalicia.com\/es\/rueda-reivindica-o-ensino-galego-como-excelente-accesible-e-adaptado-a-realidade-actual-grazas-ao-esforzo-do-profesorado-e-as-politicas-do-ppdeg\/#primaryimage"},"image":{"@id":"https:\/\/ppdegalicia.com\/es\/rueda-reivindica-o-ensino-galego-como-excelente-accesible-e-adaptado-a-realidade-actual-grazas-ao-esforzo-do-profesorado-e-as-politicas-do-ppdeg\/#primaryimage"},"thumbnailUrl":"https:\/\/ppdegalicia.com\/wp-content\/uploads\/2026\/01\/20260124_ARueda_DiaEducacion.jpg-scaled.jpeg","datePublished":"2026-01-24T14:29:35+00:00","description":"O presidente Alfonso Rueda definiu hoxe o sistema educativo galego como \u201cexcelente, accesible e adaptado \u00e1 realidade actual\u201d, po\u00f1endo en valor o \u201cesforzo\u201d do profesorado e \u00e1s pol\u00edticas do PPdeG para converter a Galicia na \u00fanica comunidade aut\u00f3noma onde, entre outros fitos, a educaci\u00f3n \u00e9 gratu\u00edta \u201cdesde o principio ata o final\u201d.","breadcrumb":{"@id":"https:\/\/ppdegalicia.com\/es\/rueda-reivindica-o-ensino-galego-como-excelente-accesible-e-adaptado-a-realidade-actual-grazas-ao-esforzo-do-profesorado-e-as-politicas-do-ppdeg\/#breadcrumb"},"inLanguage":"es","potentialAction":[{"@type":"ReadAction","target":["https:\/\/ppdegalicia.com\/es\/rueda-reivindica-o-ensino-galego-como-excelente-accesible-e-adaptado-a-realidade-actual-grazas-ao-esforzo-do-profesorado-e-as-politicas-do-ppdeg\/"]}]},{"@type":"ImageObject","inLanguage":"es","@id":"https:\/\/ppdegalicia.com\/es\/rueda-reivindica-o-ensino-galego-como-excelente-accesible-e-adaptado-a-realidade-actual-grazas-ao-esforzo-do-profesorado-e-as-politicas-do-ppdeg\/#primaryimage","url":"https:\/\/ppdegalicia.com\/wp-content\/uploads\/2026\/01\/20260124_ARueda_DiaEducacion.jpg-scaled.jpeg","contentUrl":"https:\/\/ppdegalicia.com\/wp-content\/uploads\/2026\/01\/20260124_ARueda_DiaEducacion.jpg-scaled.jpeg","width":2560,"height":1707},{"@type":"BreadcrumbList","@id":"https:\/\/ppdegalicia.com\/es\/rueda-reivindica-o-ensino-galego-como-excelente-accesible-e-adaptado-a-realidade-actual-grazas-ao-esforzo-do-profesorado-e-as-politicas-do-ppdeg\/#breadcrumb","itemListElement":[{"@type":"ListItem","position":1,"name":"Portada","item":"https:\/\/ppdegalicia.com\/es\/"},{"@type":"ListItem","position":2,"name":"Rueda reivindica o ensino galego como \u201cexcelente, accesible e adaptado \u00e1 realidade actual\u201d grazas ao \u201cesforzo\u201d do profesorado e \u00e1s pol\u00edticas do PPdeG"}]},{"@type":"WebSite","@id":"https:\/\/ppdegalicia.com\/es\/#website","url":"https:\/\/ppdegalicia.com\/es\/","name":"Partido Popular de Galicia","description":"Partido Popular de Galicia","publisher":{"@id":"https:\/\/ppdegalicia.com\/es\/#organization"},"alternateName":"PP de Galicia","potentialAction":[{"@type":"SearchAction","target":{"@type":"EntryPoint","urlTemplate":"https:\/\/ppdegalicia.com\/es\/?s={search_term_string}"},"query-input":{"@type":"PropertyValueSpecification","valueRequired":true,"valueName":"search_term_string"}}],"inLanguage":"es"},{"@type":"Organization","@id":"https:\/\/ppdegalicia.com\/es\/#organization","name":"Partido Popular de Galicia","alternateName":"PP de Galicia","url":"https:\/\/ppdegalicia.com\/es\/","logo":{"@type":"ImageObject","inLanguage":"es","@id":"https:\/\/ppdegalicia.com\/es\/#\/schema\/logo\/image\/","url":"https:\/\/ppdegalicia.com\/wp-content\/uploads\/2023\/04\/logoPP512.png","contentUrl":"https:\/\/ppdegalicia.com\/wp-content\/uploads\/2023\/04\/logoPP512.png","width":512,"height":512,"caption":"Partido Popular de Galicia"},"image":{"@id":"https:\/\/ppdegalicia.com\/es\/#\/schema\/logo\/image\/"},"sameAs":["https:\/\/www.instagram.com\/ppdegalicia\/","https:\/\/x.com\/ppdegalicia","https:\/\/www.tiktok.com\/@ppdegalicia","https:\/\/www.youtube.com\/user\/ppdegalicia"]},{"@type":"Person","@id":"https:\/\/ppdegalicia.com\/es\/#\/schema\/person\/5b822c6f59e872ebdd1142f307dbcb59","name":"ppdegaliciaredes","image":{"@type":"ImageObject","inLanguage":"es","@id":"https:\/\/secure.gravatar.com\/avatar\/3c9179cf0256d00c72a48d1f25783c58b6842cd56e85ef3a572881c8e28ccd59?s=96&d=mm&r=g","url":"https:\/\/secure.gravatar.com\/avatar\/3c9179cf0256d00c72a48d1f25783c58b6842cd56e85ef3a572881c8e28ccd59?s=96&d=mm&r=g","contentUrl":"https:\/\/secure.gravatar.com\/avatar\/3c9179cf0256d00c72a48d1f25783c58b6842cd56e85ef3a572881c8e28ccd59?s=96&d=mm&r=g","caption":"ppdegaliciaredes"},"url":"https:\/\/ppdegalicia.com\/es\/author\/ppdegaliciaredes\/"}]}},"_links":{"self":[{"href":"https:\/\/ppdegalicia.com\/es\/wp-json\/wp\/v2\/posts\/69908","targetHints":{"allow":["GET"]}}],"collection":[{"href":"https:\/\/ppdegalicia.com\/es\/wp-json\/wp\/v2\/posts"}],"about":[{"href":"https:\/\/ppdegalicia.com\/es\/wp-json\/wp\/v2\/types\/post"}],"author":[{"embeddable":true,"href":"https:\/\/ppdegalicia.com\/es\/wp-json\/wp\/v2\/users\/38"}],"replies":[{"embeddable":true,"href":"https:\/\/ppdegalicia.com\/es\/wp-json\/wp\/v2\/comments?post=69908"}],"version-history":[{"count":1,"href":"https:\/\/ppdegalicia.com\/es\/wp-json\/wp\/v2\/posts\/69908\/revisions"}],"predecessor-version":[{"id":69911,"href":"https:\/\/ppdegalicia.com\/es\/wp-json\/wp\/v2\/posts\/69908\/revisions\/69911"}],"wp:featuredmedia":[{"embeddable":true,"href":"https:\/\/ppdegalicia.com\/es\/wp-json\/wp\/v2\/media\/69909"}],"wp:attachment":[{"href":"https:\/\/ppdegalicia.com\/es\/wp-json\/wp\/v2\/media?parent=69908"}],"wp:term":[{"taxonomy":"category","embeddable":true,"href":"https:\/\/ppdegalicia.com\/es\/wp-json\/wp\/v2\/categories?post=69908"},{"taxonomy":"post_tag","embeddable":true,"href":"https:\/\/ppdegalicia.com\/es\/wp-json\/wp\/v2\/tags?post=69908"}],"curies":[{"name":"wp","href":"https:\/\/api.w.org\/{rel}","templated":true}]}}