{"id":69912,"date":"2026-01-24T18:06:49","date_gmt":"2026-01-24T17:06:49","guid":{"rendered":"https:\/\/ppdegalicia.com\/?p=69912"},"modified":"2026-01-25T18:08:41","modified_gmt":"2026-01-25T17:08:41","slug":"o-ppdeg-destaca-en-fitur-a-crecente-importancia-que-o-camino-portugues-pola-costa-esta-a-ter-na-chegada-de-turistas-a-vigo-e-a-sua-comarca","status":"publish","type":"post","link":"https:\/\/ppdegalicia.com\/es\/o-ppdeg-destaca-en-fitur-a-crecente-importancia-que-o-camino-portugues-pola-costa-esta-a-ter-na-chegada-de-turistas-a-vigo-e-a-sua-comarca\/","title":{"rendered":"O PPdeG destaca en Fitur a crecente importancia que o Cami\u00f1o Portugu\u00e9s pola costa est\u00e1 a ter na chegada de turistas a Vigo e a s\u00faa comarca"},"content":{"rendered":"<p>Os deputados do Grupo Popular Miguel Fidalgo e Felisa Rodr\u00edguez destacaron hoxe en Fitur 2026 a crecente importancia que o Cami\u00f1o Portugu\u00e9s est\u00e1 a ter na chegada de turistas a Vigo e toda a s\u00faa comarca, e avogaron porque as administraci\u00f3ns dean un paso m\u00e1is na s\u00faa promoci\u00f3n.<\/p>\n<p>En concreto, demandaron ao Concello de Vigo que \u201cabandone dunha vez o seu sectarismo e acceda a sinalizar o traxecto do Cami\u00f1o Portugu\u00e9s pola costa, de xeito que facilite o tr\u00e1nsito dos peregrinos polo municipio\u201d.<\/p>\n<p>Felisa Rodr\u00edguez puxo en valor que o incremento de peregrinos rexistrado nos \u00faltimos anos no Cami\u00f1o portugu\u00e9s pola costa \u201clevouno a situarse como o itinerario xacobeo que m\u00e1is medrou, superando o pasado ano os 89.500 peregrinos logo dun incremento de case un 20 por cento no 2025\u201d.<\/p>\n<p>As\u00ed mesmo, subli\u00f1ou que o 80 por cento destes peregrinos que percorren o Cami\u00f1o portugu\u00e9s pola costa son estranxeiros, especialmente alem\u00e1ns, norteamericanos e italianos. \u201cEsta internacionalizaci\u00f3n debe ser unha das bazas que debemos xogar para conseguir aumentar o n\u00famero de peregrinos, co conseguinte aumento dos ingresos para os nosos sectores comerciais e hostaleiros\u201d, indicou.<\/p>\n<p><strong>MANCHA NO ESPLENDOR<\/strong><\/p>\n<p>Pola s\u00faa banda, Miguel Fidalgo lamentou que este impulso que est\u00e1 a rexistrar o Cami\u00f1o Portugu\u00e9s pola costa \u201cnon se vexa correspondido pola atenci\u00f3n que merece desde o Concello de Vigo, que leva moitos anos neg\u00e1ndose a sinalizar o traxecto ao seu paso polo municipio vigu\u00e9s, a pesar de que unha gran parte das pernoctaci\u00f3ns na cidade son debidas aos peregrinos que fan o Cami\u00f1o, algo que o alcalde segue negando a\u00ednda que \u00e9 imposible non velo\u201d.<\/p>\n<p>\u201cVigo non pode quedar como unha mancha no esplendor que est\u00e1 a vivir o Cami\u00f1o Portugu\u00e9s pola costa, para o que \u00e9 imprescindible que os peregrinos que chegan \u00e1 cidade por esta ruta conten coas mesmas comodidades e servizos que se lles presta nos demais concellos, e o primeiro paso \u00e9 que conten cunha sinalizaci\u00f3n correcta e completa \u00e1 que neste momento no Concello se nega rotundamente\u201d, lamentou o deputado popular.<\/p>\n","protected":false},"excerpt":{"rendered":"<p>Os deputados do Grupo Popular Miguel Fidalgo e Felisa Rodr\u00edguez destacaron hoxe en Fitur 2026 a crecente importancia que o Cami\u00f1o Portugu\u00e9s est\u00e1 a ter na chegada de turistas a Vigo e toda a s\u00faa comarca, e avogaron porque as administraci\u00f3ns dean un paso m\u00e1is na s\u00faa promoci\u00f3n. En concreto, demandaron ao Concello de Vigo [&hellip;]<\/p>\n","protected":false},"author":38,"featured_media":69913,"comment_status":"closed","ping_status":"open","sticky":false,"template":"","format":"standard","meta":{"_acf_changed":false,"footnotes":""},"categories":[1128],"tags":[],"class_list":["post-69912","post","type-post","status-publish","format-standard","has-post-thumbnail","hentry","category-actualidad-parlamento-de-galicia"],"acf":[],"yoast_head":"<!-- This site is optimized with the Yoast SEO plugin v27.3 - https:\/\/yoast.com\/product\/yoast-seo-wordpress\/ -->\n<title>O PPdeG destaca en Fitur a crecente importancia que o Cami\u00f1o Portugu\u00e9s pola costa est\u00e1 a ter na chegada de turistas a Vigo e a s\u00faa comarca - PP de Galicia<\/title>\n<meta name=\"description\" content=\"Os deputados do Grupo Popular Miguel Fidalgo e Felisa Rodr\u00edguez destacaron hoxe en Fitur 2026 a crecente importancia que o Cami\u00f1o Portugu\u00e9s est\u00e1 a ter na chegada de turistas a Vigo e toda a s\u00faa comarca, e avogaron porque as administraci\u00f3ns dean un paso m\u00e1is na s\u00faa promoci\u00f3n.\" \/>\n<meta name=\"robots\" content=\"index, follow, max-snippet:-1, max-image-preview:large, max-video-preview:-1\" \/>\n<link rel=\"canonical\" href=\"https:\/\/ppdegalicia.com\/es\/o-ppdeg-destaca-en-fitur-a-crecente-importancia-que-o-camino-portugues-pola-costa-esta-a-ter-na-chegada-de-turistas-a-vigo-e-a-sua-comarca\/\" \/>\n<meta property=\"og:locale\" content=\"es_ES\" \/>\n<meta property=\"og:type\" content=\"article\" \/>\n<meta property=\"og:title\" content=\"O PPdeG destaca en Fitur a crecente importancia que o Cami\u00f1o Portugu\u00e9s pola costa est\u00e1 a ter na chegada de turistas a Vigo e a s\u00faa comarca - PP de Galicia\" \/>\n<meta property=\"og:description\" content=\"Os deputados do Grupo Popular Miguel Fidalgo e Felisa Rodr\u00edguez destacaron hoxe en Fitur 2026 a crecente importancia que o Cami\u00f1o Portugu\u00e9s est\u00e1 a ter na chegada de turistas a Vigo e toda a s\u00faa comarca, e avogaron porque as administraci\u00f3ns dean un paso m\u00e1is na s\u00faa promoci\u00f3n.\" \/>\n<meta property=\"og:url\" content=\"https:\/\/ppdegalicia.com\/es\/o-ppdeg-destaca-en-fitur-a-crecente-importancia-que-o-camino-portugues-pola-costa-esta-a-ter-na-chegada-de-turistas-a-vigo-e-a-sua-comarca\/\" \/>\n<meta property=\"og:site_name\" content=\"PP de Galicia\" \/>\n<meta property=\"article:publisher\" content=\"https:\/\/www.instagram.com\/ppdegalicia\/\" \/>\n<meta property=\"article:published_time\" content=\"2026-01-24T17:06:49+00:00\" \/>\n<meta property=\"article:modified_time\" content=\"2026-01-25T17:08:41+00:00\" \/>\n<meta property=\"og:image\" content=\"https:\/\/ppdegalicia.com\/wp-content\/uploads\/2026\/01\/Miguel-Fidalgo-e-Felisa-Rodriguez-en-Fitur-2026-2-scaled.jpg\" \/>\n\t<meta property=\"og:image:width\" content=\"2560\" \/>\n\t<meta property=\"og:image:height\" content=\"2560\" \/>\n\t<meta property=\"og:image:type\" content=\"image\/jpeg\" \/>\n<meta name=\"author\" content=\"ppdegaliciaredes\" \/>\n<meta name=\"twitter:card\" content=\"summary_large_image\" \/>\n<meta name=\"twitter:creator\" content=\"@ppdegalicia\" \/>\n<meta name=\"twitter:site\" content=\"@ppdegalicia\" \/>\n<meta name=\"twitter:label1\" content=\"Escrito por\" \/>\n\t<meta name=\"twitter:data1\" content=\"ppdegaliciaredes\" \/>\n\t<meta name=\"twitter:label2\" content=\"Tiempo de lectura\" \/>\n\t<meta name=\"twitter:data2\" content=\"3 minutos\" \/>\n<script type=\"application\/ld+json\" class=\"yoast-schema-graph\">{\"@context\":\"https:\\\/\\\/schema.org\",\"@graph\":[{\"@type\":\"Article\",\"@id\":\"https:\\\/\\\/ppdegalicia.com\\\/es\\\/o-ppdeg-destaca-en-fitur-a-crecente-importancia-que-o-camino-portugues-pola-costa-esta-a-ter-na-chegada-de-turistas-a-vigo-e-a-sua-comarca\\\/#article\",\"isPartOf\":{\"@id\":\"https:\\\/\\\/ppdegalicia.com\\\/es\\\/o-ppdeg-destaca-en-fitur-a-crecente-importancia-que-o-camino-portugues-pola-costa-esta-a-ter-na-chegada-de-turistas-a-vigo-e-a-sua-comarca\\\/\"},\"author\":{\"name\":\"ppdegaliciaredes\",\"@id\":\"https:\\\/\\\/ppdegalicia.com\\\/es\\\/#\\\/schema\\\/person\\\/5b822c6f59e872ebdd1142f307dbcb59\"},\"headline\":\"O PPdeG destaca en Fitur a crecente importancia que o Cami\u00f1o Portugu\u00e9s pola costa est\u00e1 a ter na chegada de turistas a Vigo e a s\u00faa comarca\",\"datePublished\":\"2026-01-24T17:06:49+00:00\",\"dateModified\":\"2026-01-25T17:08:41+00:00\",\"mainEntityOfPage\":{\"@id\":\"https:\\\/\\\/ppdegalicia.com\\\/es\\\/o-ppdeg-destaca-en-fitur-a-crecente-importancia-que-o-camino-portugues-pola-costa-esta-a-ter-na-chegada-de-turistas-a-vigo-e-a-sua-comarca\\\/\"},\"wordCount\":388,\"publisher\":{\"@id\":\"https:\\\/\\\/ppdegalicia.com\\\/es\\\/#organization\"},\"image\":{\"@id\":\"https:\\\/\\\/ppdegalicia.com\\\/es\\\/o-ppdeg-destaca-en-fitur-a-crecente-importancia-que-o-camino-portugues-pola-costa-esta-a-ter-na-chegada-de-turistas-a-vigo-e-a-sua-comarca\\\/#primaryimage\"},\"thumbnailUrl\":\"https:\\\/\\\/ppdegalicia.com\\\/wp-content\\\/uploads\\\/2026\\\/01\\\/Miguel-Fidalgo-e-Felisa-Rodriguez-en-Fitur-2026-2-scaled.jpg\",\"articleSection\":[\"Parlamento de Galicia\"],\"inLanguage\":\"es\"},{\"@type\":\"WebPage\",\"@id\":\"https:\\\/\\\/ppdegalicia.com\\\/es\\\/o-ppdeg-destaca-en-fitur-a-crecente-importancia-que-o-camino-portugues-pola-costa-esta-a-ter-na-chegada-de-turistas-a-vigo-e-a-sua-comarca\\\/\",\"url\":\"https:\\\/\\\/ppdegalicia.com\\\/es\\\/o-ppdeg-destaca-en-fitur-a-crecente-importancia-que-o-camino-portugues-pola-costa-esta-a-ter-na-chegada-de-turistas-a-vigo-e-a-sua-comarca\\\/\",\"name\":\"O PPdeG destaca en Fitur a crecente importancia que o Cami\u00f1o Portugu\u00e9s pola costa est\u00e1 a ter na chegada de turistas a Vigo e a s\u00faa comarca - PP de Galicia\",\"isPartOf\":{\"@id\":\"https:\\\/\\\/ppdegalicia.com\\\/es\\\/#website\"},\"primaryImageOfPage\":{\"@id\":\"https:\\\/\\\/ppdegalicia.com\\\/es\\\/o-ppdeg-destaca-en-fitur-a-crecente-importancia-que-o-camino-portugues-pola-costa-esta-a-ter-na-chegada-de-turistas-a-vigo-e-a-sua-comarca\\\/#primaryimage\"},\"image\":{\"@id\":\"https:\\\/\\\/ppdegalicia.com\\\/es\\\/o-ppdeg-destaca-en-fitur-a-crecente-importancia-que-o-camino-portugues-pola-costa-esta-a-ter-na-chegada-de-turistas-a-vigo-e-a-sua-comarca\\\/#primaryimage\"},\"thumbnailUrl\":\"https:\\\/\\\/ppdegalicia.com\\\/wp-content\\\/uploads\\\/2026\\\/01\\\/Miguel-Fidalgo-e-Felisa-Rodriguez-en-Fitur-2026-2-scaled.jpg\",\"datePublished\":\"2026-01-24T17:06:49+00:00\",\"dateModified\":\"2026-01-25T17:08:41+00:00\",\"description\":\"Os deputados do Grupo Popular Miguel Fidalgo e Felisa Rodr\u00edguez destacaron hoxe en Fitur 2026 a crecente importancia que o Cami\u00f1o Portugu\u00e9s est\u00e1 a ter na chegada de turistas a Vigo e toda a s\u00faa comarca, e avogaron porque as administraci\u00f3ns dean un paso m\u00e1is na s\u00faa promoci\u00f3n.\",\"breadcrumb\":{\"@id\":\"https:\\\/\\\/ppdegalicia.com\\\/es\\\/o-ppdeg-destaca-en-fitur-a-crecente-importancia-que-o-camino-portugues-pola-costa-esta-a-ter-na-chegada-de-turistas-a-vigo-e-a-sua-comarca\\\/#breadcrumb\"},\"inLanguage\":\"es\",\"potentialAction\":[{\"@type\":\"ReadAction\",\"target\":[\"https:\\\/\\\/ppdegalicia.com\\\/es\\\/o-ppdeg-destaca-en-fitur-a-crecente-importancia-que-o-camino-portugues-pola-costa-esta-a-ter-na-chegada-de-turistas-a-vigo-e-a-sua-comarca\\\/\"]}]},{\"@type\":\"ImageObject\",\"inLanguage\":\"es\",\"@id\":\"https:\\\/\\\/ppdegalicia.com\\\/es\\\/o-ppdeg-destaca-en-fitur-a-crecente-importancia-que-o-camino-portugues-pola-costa-esta-a-ter-na-chegada-de-turistas-a-vigo-e-a-sua-comarca\\\/#primaryimage\",\"url\":\"https:\\\/\\\/ppdegalicia.com\\\/wp-content\\\/uploads\\\/2026\\\/01\\\/Miguel-Fidalgo-e-Felisa-Rodriguez-en-Fitur-2026-2-scaled.jpg\",\"contentUrl\":\"https:\\\/\\\/ppdegalicia.com\\\/wp-content\\\/uploads\\\/2026\\\/01\\\/Miguel-Fidalgo-e-Felisa-Rodriguez-en-Fitur-2026-2-scaled.jpg\",\"width\":2560,\"height\":2560},{\"@type\":\"BreadcrumbList\",\"@id\":\"https:\\\/\\\/ppdegalicia.com\\\/es\\\/o-ppdeg-destaca-en-fitur-a-crecente-importancia-que-o-camino-portugues-pola-costa-esta-a-ter-na-chegada-de-turistas-a-vigo-e-a-sua-comarca\\\/#breadcrumb\",\"itemListElement\":[{\"@type\":\"ListItem\",\"position\":1,\"name\":\"Portada\",\"item\":\"https:\\\/\\\/ppdegalicia.com\\\/es\\\/\"},{\"@type\":\"ListItem\",\"position\":2,\"name\":\"O PPdeG destaca en Fitur a crecente importancia que o Cami\u00f1o Portugu\u00e9s pola costa est\u00e1 a ter na chegada de turistas a Vigo e a s\u00faa comarca\"}]},{\"@type\":\"WebSite\",\"@id\":\"https:\\\/\\\/ppdegalicia.com\\\/es\\\/#website\",\"url\":\"https:\\\/\\\/ppdegalicia.com\\\/es\\\/\",\"name\":\"Partido Popular de Galicia\",\"description\":\"Partido Popular de Galicia\",\"publisher\":{\"@id\":\"https:\\\/\\\/ppdegalicia.com\\\/es\\\/#organization\"},\"alternateName\":\"PP de Galicia\",\"potentialAction\":[{\"@type\":\"SearchAction\",\"target\":{\"@type\":\"EntryPoint\",\"urlTemplate\":\"https:\\\/\\\/ppdegalicia.com\\\/es\\\/?s={search_term_string}\"},\"query-input\":{\"@type\":\"PropertyValueSpecification\",\"valueRequired\":true,\"valueName\":\"search_term_string\"}}],\"inLanguage\":\"es\"},{\"@type\":\"Organization\",\"@id\":\"https:\\\/\\\/ppdegalicia.com\\\/es\\\/#organization\",\"name\":\"Partido Popular de Galicia\",\"alternateName\":\"PP de Galicia\",\"url\":\"https:\\\/\\\/ppdegalicia.com\\\/es\\\/\",\"logo\":{\"@type\":\"ImageObject\",\"inLanguage\":\"es\",\"@id\":\"https:\\\/\\\/ppdegalicia.com\\\/es\\\/#\\\/schema\\\/logo\\\/image\\\/\",\"url\":\"https:\\\/\\\/ppdegalicia.com\\\/wp-content\\\/uploads\\\/2023\\\/04\\\/logoPP512.png\",\"contentUrl\":\"https:\\\/\\\/ppdegalicia.com\\\/wp-content\\\/uploads\\\/2023\\\/04\\\/logoPP512.png\",\"width\":512,\"height\":512,\"caption\":\"Partido Popular de Galicia\"},\"image\":{\"@id\":\"https:\\\/\\\/ppdegalicia.com\\\/es\\\/#\\\/schema\\\/logo\\\/image\\\/\"},\"sameAs\":[\"https:\\\/\\\/www.instagram.com\\\/ppdegalicia\\\/\",\"https:\\\/\\\/x.com\\\/ppdegalicia\",\"https:\\\/\\\/www.tiktok.com\\\/@ppdegalicia\",\"https:\\\/\\\/www.youtube.com\\\/user\\\/ppdegalicia\"]},{\"@type\":\"Person\",\"@id\":\"https:\\\/\\\/ppdegalicia.com\\\/es\\\/#\\\/schema\\\/person\\\/5b822c6f59e872ebdd1142f307dbcb59\",\"name\":\"ppdegaliciaredes\",\"image\":{\"@type\":\"ImageObject\",\"inLanguage\":\"es\",\"@id\":\"https:\\\/\\\/secure.gravatar.com\\\/avatar\\\/3c9179cf0256d00c72a48d1f25783c58b6842cd56e85ef3a572881c8e28ccd59?s=96&d=mm&r=g\",\"url\":\"https:\\\/\\\/secure.gravatar.com\\\/avatar\\\/3c9179cf0256d00c72a48d1f25783c58b6842cd56e85ef3a572881c8e28ccd59?s=96&d=mm&r=g\",\"contentUrl\":\"https:\\\/\\\/secure.gravatar.com\\\/avatar\\\/3c9179cf0256d00c72a48d1f25783c58b6842cd56e85ef3a572881c8e28ccd59?s=96&d=mm&r=g\",\"caption\":\"ppdegaliciaredes\"},\"url\":\"https:\\\/\\\/ppdegalicia.com\\\/es\\\/author\\\/ppdegaliciaredes\\\/\"}]}<\/script>\n<!-- \/ Yoast SEO plugin. -->","yoast_head_json":{"title":"O PPdeG destaca en Fitur a crecente importancia que o Cami\u00f1o Portugu\u00e9s pola costa est\u00e1 a ter na chegada de turistas a Vigo e a s\u00faa comarca - PP de Galicia","description":"Os deputados do Grupo Popular Miguel Fidalgo e Felisa Rodr\u00edguez destacaron hoxe en Fitur 2026 a crecente importancia que o Cami\u00f1o Portugu\u00e9s est\u00e1 a ter na chegada de turistas a Vigo e toda a s\u00faa comarca, e avogaron porque as administraci\u00f3ns dean un paso m\u00e1is na s\u00faa promoci\u00f3n.","robots":{"index":"index","follow":"follow","max-snippet":"max-snippet:-1","max-image-preview":"max-image-preview:large","max-video-preview":"max-video-preview:-1"},"canonical":"https:\/\/ppdegalicia.com\/es\/o-ppdeg-destaca-en-fitur-a-crecente-importancia-que-o-camino-portugues-pola-costa-esta-a-ter-na-chegada-de-turistas-a-vigo-e-a-sua-comarca\/","og_locale":"es_ES","og_type":"article","og_title":"O PPdeG destaca en Fitur a crecente importancia que o Cami\u00f1o Portugu\u00e9s pola costa est\u00e1 a ter na chegada de turistas a Vigo e a s\u00faa comarca - PP de Galicia","og_description":"Os deputados do Grupo Popular Miguel Fidalgo e Felisa Rodr\u00edguez destacaron hoxe en Fitur 2026 a crecente importancia que o Cami\u00f1o Portugu\u00e9s est\u00e1 a ter na chegada de turistas a Vigo e toda a s\u00faa comarca, e avogaron porque as administraci\u00f3ns dean un paso m\u00e1is na s\u00faa promoci\u00f3n.","og_url":"https:\/\/ppdegalicia.com\/es\/o-ppdeg-destaca-en-fitur-a-crecente-importancia-que-o-camino-portugues-pola-costa-esta-a-ter-na-chegada-de-turistas-a-vigo-e-a-sua-comarca\/","og_site_name":"PP de Galicia","article_publisher":"https:\/\/www.instagram.com\/ppdegalicia\/","article_published_time":"2026-01-24T17:06:49+00:00","article_modified_time":"2026-01-25T17:08:41+00:00","og_image":[{"width":2560,"height":2560,"url":"https:\/\/ppdegalicia.com\/wp-content\/uploads\/2026\/01\/Miguel-Fidalgo-e-Felisa-Rodriguez-en-Fitur-2026-2-scaled.jpg","type":"image\/jpeg"}],"author":"ppdegaliciaredes","twitter_card":"summary_large_image","twitter_creator":"@ppdegalicia","twitter_site":"@ppdegalicia","twitter_misc":{"Escrito por":"ppdegaliciaredes","Tiempo de lectura":"3 minutos"},"schema":{"@context":"https:\/\/schema.org","@graph":[{"@type":"Article","@id":"https:\/\/ppdegalicia.com\/es\/o-ppdeg-destaca-en-fitur-a-crecente-importancia-que-o-camino-portugues-pola-costa-esta-a-ter-na-chegada-de-turistas-a-vigo-e-a-sua-comarca\/#article","isPartOf":{"@id":"https:\/\/ppdegalicia.com\/es\/o-ppdeg-destaca-en-fitur-a-crecente-importancia-que-o-camino-portugues-pola-costa-esta-a-ter-na-chegada-de-turistas-a-vigo-e-a-sua-comarca\/"},"author":{"name":"ppdegaliciaredes","@id":"https:\/\/ppdegalicia.com\/es\/#\/schema\/person\/5b822c6f59e872ebdd1142f307dbcb59"},"headline":"O PPdeG destaca en Fitur a crecente importancia que o Cami\u00f1o Portugu\u00e9s pola costa est\u00e1 a ter na chegada de turistas a Vigo e a s\u00faa comarca","datePublished":"2026-01-24T17:06:49+00:00","dateModified":"2026-01-25T17:08:41+00:00","mainEntityOfPage":{"@id":"https:\/\/ppdegalicia.com\/es\/o-ppdeg-destaca-en-fitur-a-crecente-importancia-que-o-camino-portugues-pola-costa-esta-a-ter-na-chegada-de-turistas-a-vigo-e-a-sua-comarca\/"},"wordCount":388,"publisher":{"@id":"https:\/\/ppdegalicia.com\/es\/#organization"},"image":{"@id":"https:\/\/ppdegalicia.com\/es\/o-ppdeg-destaca-en-fitur-a-crecente-importancia-que-o-camino-portugues-pola-costa-esta-a-ter-na-chegada-de-turistas-a-vigo-e-a-sua-comarca\/#primaryimage"},"thumbnailUrl":"https:\/\/ppdegalicia.com\/wp-content\/uploads\/2026\/01\/Miguel-Fidalgo-e-Felisa-Rodriguez-en-Fitur-2026-2-scaled.jpg","articleSection":["Parlamento de Galicia"],"inLanguage":"es"},{"@type":"WebPage","@id":"https:\/\/ppdegalicia.com\/es\/o-ppdeg-destaca-en-fitur-a-crecente-importancia-que-o-camino-portugues-pola-costa-esta-a-ter-na-chegada-de-turistas-a-vigo-e-a-sua-comarca\/","url":"https:\/\/ppdegalicia.com\/es\/o-ppdeg-destaca-en-fitur-a-crecente-importancia-que-o-camino-portugues-pola-costa-esta-a-ter-na-chegada-de-turistas-a-vigo-e-a-sua-comarca\/","name":"O PPdeG destaca en Fitur a crecente importancia que o Cami\u00f1o Portugu\u00e9s pola costa est\u00e1 a ter na chegada de turistas a Vigo e a s\u00faa comarca - PP de Galicia","isPartOf":{"@id":"https:\/\/ppdegalicia.com\/es\/#website"},"primaryImageOfPage":{"@id":"https:\/\/ppdegalicia.com\/es\/o-ppdeg-destaca-en-fitur-a-crecente-importancia-que-o-camino-portugues-pola-costa-esta-a-ter-na-chegada-de-turistas-a-vigo-e-a-sua-comarca\/#primaryimage"},"image":{"@id":"https:\/\/ppdegalicia.com\/es\/o-ppdeg-destaca-en-fitur-a-crecente-importancia-que-o-camino-portugues-pola-costa-esta-a-ter-na-chegada-de-turistas-a-vigo-e-a-sua-comarca\/#primaryimage"},"thumbnailUrl":"https:\/\/ppdegalicia.com\/wp-content\/uploads\/2026\/01\/Miguel-Fidalgo-e-Felisa-Rodriguez-en-Fitur-2026-2-scaled.jpg","datePublished":"2026-01-24T17:06:49+00:00","dateModified":"2026-01-25T17:08:41+00:00","description":"Os deputados do Grupo Popular Miguel Fidalgo e Felisa Rodr\u00edguez destacaron hoxe en Fitur 2026 a crecente importancia que o Cami\u00f1o Portugu\u00e9s est\u00e1 a ter na chegada de turistas a Vigo e toda a s\u00faa comarca, e avogaron porque as administraci\u00f3ns dean un paso m\u00e1is na s\u00faa promoci\u00f3n.","breadcrumb":{"@id":"https:\/\/ppdegalicia.com\/es\/o-ppdeg-destaca-en-fitur-a-crecente-importancia-que-o-camino-portugues-pola-costa-esta-a-ter-na-chegada-de-turistas-a-vigo-e-a-sua-comarca\/#breadcrumb"},"inLanguage":"es","potentialAction":[{"@type":"ReadAction","target":["https:\/\/ppdegalicia.com\/es\/o-ppdeg-destaca-en-fitur-a-crecente-importancia-que-o-camino-portugues-pola-costa-esta-a-ter-na-chegada-de-turistas-a-vigo-e-a-sua-comarca\/"]}]},{"@type":"ImageObject","inLanguage":"es","@id":"https:\/\/ppdegalicia.com\/es\/o-ppdeg-destaca-en-fitur-a-crecente-importancia-que-o-camino-portugues-pola-costa-esta-a-ter-na-chegada-de-turistas-a-vigo-e-a-sua-comarca\/#primaryimage","url":"https:\/\/ppdegalicia.com\/wp-content\/uploads\/2026\/01\/Miguel-Fidalgo-e-Felisa-Rodriguez-en-Fitur-2026-2-scaled.jpg","contentUrl":"https:\/\/ppdegalicia.com\/wp-content\/uploads\/2026\/01\/Miguel-Fidalgo-e-Felisa-Rodriguez-en-Fitur-2026-2-scaled.jpg","width":2560,"height":2560},{"@type":"BreadcrumbList","@id":"https:\/\/ppdegalicia.com\/es\/o-ppdeg-destaca-en-fitur-a-crecente-importancia-que-o-camino-portugues-pola-costa-esta-a-ter-na-chegada-de-turistas-a-vigo-e-a-sua-comarca\/#breadcrumb","itemListElement":[{"@type":"ListItem","position":1,"name":"Portada","item":"https:\/\/ppdegalicia.com\/es\/"},{"@type":"ListItem","position":2,"name":"O PPdeG destaca en Fitur a crecente importancia que o Cami\u00f1o Portugu\u00e9s pola costa est\u00e1 a ter na chegada de turistas a Vigo e a s\u00faa comarca"}]},{"@type":"WebSite","@id":"https:\/\/ppdegalicia.com\/es\/#website","url":"https:\/\/ppdegalicia.com\/es\/","name":"Partido Popular de Galicia","description":"Partido Popular de Galicia","publisher":{"@id":"https:\/\/ppdegalicia.com\/es\/#organization"},"alternateName":"PP de Galicia","potentialAction":[{"@type":"SearchAction","target":{"@type":"EntryPoint","urlTemplate":"https:\/\/ppdegalicia.com\/es\/?s={search_term_string}"},"query-input":{"@type":"PropertyValueSpecification","valueRequired":true,"valueName":"search_term_string"}}],"inLanguage":"es"},{"@type":"Organization","@id":"https:\/\/ppdegalicia.com\/es\/#organization","name":"Partido Popular de Galicia","alternateName":"PP de Galicia","url":"https:\/\/ppdegalicia.com\/es\/","logo":{"@type":"ImageObject","inLanguage":"es","@id":"https:\/\/ppdegalicia.com\/es\/#\/schema\/logo\/image\/","url":"https:\/\/ppdegalicia.com\/wp-content\/uploads\/2023\/04\/logoPP512.png","contentUrl":"https:\/\/ppdegalicia.com\/wp-content\/uploads\/2023\/04\/logoPP512.png","width":512,"height":512,"caption":"Partido Popular de Galicia"},"image":{"@id":"https:\/\/ppdegalicia.com\/es\/#\/schema\/logo\/image\/"},"sameAs":["https:\/\/www.instagram.com\/ppdegalicia\/","https:\/\/x.com\/ppdegalicia","https:\/\/www.tiktok.com\/@ppdegalicia","https:\/\/www.youtube.com\/user\/ppdegalicia"]},{"@type":"Person","@id":"https:\/\/ppdegalicia.com\/es\/#\/schema\/person\/5b822c6f59e872ebdd1142f307dbcb59","name":"ppdegaliciaredes","image":{"@type":"ImageObject","inLanguage":"es","@id":"https:\/\/secure.gravatar.com\/avatar\/3c9179cf0256d00c72a48d1f25783c58b6842cd56e85ef3a572881c8e28ccd59?s=96&d=mm&r=g","url":"https:\/\/secure.gravatar.com\/avatar\/3c9179cf0256d00c72a48d1f25783c58b6842cd56e85ef3a572881c8e28ccd59?s=96&d=mm&r=g","contentUrl":"https:\/\/secure.gravatar.com\/avatar\/3c9179cf0256d00c72a48d1f25783c58b6842cd56e85ef3a572881c8e28ccd59?s=96&d=mm&r=g","caption":"ppdegaliciaredes"},"url":"https:\/\/ppdegalicia.com\/es\/author\/ppdegaliciaredes\/"}]}},"_links":{"self":[{"href":"https:\/\/ppdegalicia.com\/es\/wp-json\/wp\/v2\/posts\/69912","targetHints":{"allow":["GET"]}}],"collection":[{"href":"https:\/\/ppdegalicia.com\/es\/wp-json\/wp\/v2\/posts"}],"about":[{"href":"https:\/\/ppdegalicia.com\/es\/wp-json\/wp\/v2\/types\/post"}],"author":[{"embeddable":true,"href":"https:\/\/ppdegalicia.com\/es\/wp-json\/wp\/v2\/users\/38"}],"replies":[{"embeddable":true,"href":"https:\/\/ppdegalicia.com\/es\/wp-json\/wp\/v2\/comments?post=69912"}],"version-history":[{"count":1,"href":"https:\/\/ppdegalicia.com\/es\/wp-json\/wp\/v2\/posts\/69912\/revisions"}],"predecessor-version":[{"id":69915,"href":"https:\/\/ppdegalicia.com\/es\/wp-json\/wp\/v2\/posts\/69912\/revisions\/69915"}],"wp:featuredmedia":[{"embeddable":true,"href":"https:\/\/ppdegalicia.com\/es\/wp-json\/wp\/v2\/media\/69913"}],"wp:attachment":[{"href":"https:\/\/ppdegalicia.com\/es\/wp-json\/wp\/v2\/media?parent=69912"}],"wp:term":[{"taxonomy":"category","embeddable":true,"href":"https:\/\/ppdegalicia.com\/es\/wp-json\/wp\/v2\/categories?post=69912"},{"taxonomy":"post_tag","embeddable":true,"href":"https:\/\/ppdegalicia.com\/es\/wp-json\/wp\/v2\/tags?post=69912"}],"curies":[{"name":"wp","href":"https:\/\/api.w.org\/{rel}","templated":true}]}}