{"id":69916,"date":"2026-01-24T18:12:38","date_gmt":"2026-01-24T17:12:38","guid":{"rendered":"https:\/\/ppdegalicia.com\/?p=69916"},"modified":"2026-01-25T18:14:56","modified_gmt":"2026-01-25T17:14:56","slug":"o-ppdeg-destaca-que-a-xunta-xa-ten-en-marcha-mais-de-1-600-vivendas-publicas-na-provincia-de-a-coruna","status":"publish","type":"post","link":"https:\/\/ppdegalicia.com\/es\/o-ppdeg-destaca-que-a-xunta-xa-ten-en-marcha-mais-de-1-600-vivendas-publicas-na-provincia-de-a-coruna\/","title":{"rendered":"O PPdeG destaca que a Xunta xa ten en marcha m\u00e1is de 1.600 vivendas p\u00fablicas na provincia da Coru\u00f1a"},"content":{"rendered":"<p>Os deputados do Grupo Popular Rub\u00e9n Lorenzo e Carmen Pomar destacaron hoxe que a Xunta xa ten en marcha neste momento a construci\u00f3n de m\u00e1is de 1.600 vivendas p\u00fablicas na provincia da Coru\u00f1a, o mellor exemplo da pol\u00edtica de expansi\u00f3n do parque p\u00fablico residencial que est\u00e1 a desenvolver ao longo da presente lexislatura.<\/p>\n<p>Rub\u00e9n Lorenzo e Carmen Pomar aseguraron que a Xunta \u201ccontin\u00faa dando pasos para cumprir o obxectivo de duplicar o parque p\u00fablico residencial nesta lexislatura, ata chegar a acadar as 8.000 vivendas p\u00fablicas\u201d. En concreto, na actualidade xa ten 3.000 vivendas p\u00fablicas en diferentes fases de execuci\u00f3n e ao longo deste ano 2026 por\u00e1 en marcha as restantes ata chegar as 4.000 comprometidas para duplicar as existentes ao comezo da lexislatura.<\/p>\n<p><strong>POL\u00cdTICA AMBICIOSA, SOSTIDA E TERRITORIALMENTE EQUILIBRADA<\/strong><\/p>\n<p>Durante a s\u00faa visita \u00e1s obras de construci\u00f3n das vivendas p\u00fablicas de Lamas de Abade e Casti\u00f1eiro en Santiago, Carmen Pomar indicou que a Xunta xa ten en marcha 400 vivendas nesta cidade, das que 60 se entregar\u00e1n proximamente. Ademais, esta mesma semana o Presidente Rueda presentou o concurso de ideas para constru\u00edr en Santiago e A Coru\u00f1a sendas residencias xuven\u00eds de 150 prazas cada dunha, ademais de novas vivendas de promoci\u00f3n p\u00fablica.<\/p>\n<p>Pola s\u00faa banda, Rub\u00e9n Lorenzo referiuse expresamente a Carballo, onde a Xunta v\u00e9n de asinar un convenio co Concello para a cesi\u00f3n dunha parcela municipal na que constru\u00edr un edificio de promoci\u00f3n p\u00fablica de 73 vivendas. \u201cO Goberno galego est\u00e1 aberto a po\u00f1er en marcha novos proxectos de construci\u00f3n de vivendas en calquera concello galego, para o que \u00e9 necesario que os responsables municipais aporten o solo necesario\u201d, indicou.<\/p>\n<p>\u201cA Xunta reafirma con estas actuaci\u00f3ns, \u00e1s que se suman outras que est\u00e1 a emprender en A Coru\u00f1a, Ferrol ou Ames, o claro obxectivo de cumprir o seu obxectivo de dotar a Galicia dunha pol\u00edtica de vivenda ambiciosa, sostida e territorialmente equilibrada, situando \u00e1 provincia de A Coru\u00f1a como un dos piares fundamentais da expansi\u00f3n do parque p\u00fablico residencial\u201d, rematou Carmen Pomar.<\/p>\n","protected":false},"excerpt":{"rendered":"<p>Os deputados do Grupo Popular Rub\u00e9n Lorenzo e Carmen Pomar destacaron hoxe que a Xunta xa ten en marcha neste momento a construci\u00f3n de m\u00e1is de 1.600 vivendas p\u00fablicas na provincia da Coru\u00f1a, o mellor exemplo da pol\u00edtica de expansi\u00f3n do parque p\u00fablico residencial que est\u00e1 a desenvolver ao longo da presente lexislatura. Rub\u00e9n Lorenzo [&hellip;]<\/p>\n","protected":false},"author":38,"featured_media":69917,"comment_status":"closed","ping_status":"open","sticky":false,"template":"","format":"standard","meta":{"_acf_changed":false,"footnotes":""},"categories":[1128],"tags":[],"class_list":["post-69916","post","type-post","status-publish","format-standard","has-post-thumbnail","hentry","category-actualidad-parlamento-de-galicia"],"acf":[],"yoast_head":"<!-- This site is optimized with the Yoast SEO plugin v27.3 - https:\/\/yoast.com\/product\/yoast-seo-wordpress\/ -->\n<title>O PPdeG destaca que a Xunta xa ten en marcha m\u00e1is de 1.600 vivendas p\u00fablicas na provincia da Coru\u00f1a - PP de Galicia<\/title>\n<meta name=\"description\" content=\"Os deputados do Grupo Popular Rub\u00e9n Lorenzo e Carmen Pomar destacaron hoxe que a Xunta xa ten en marcha neste momento a construci\u00f3n de m\u00e1is de 1.600 vivendas p\u00fablicas na provincia de A Coru\u00f1a, o mellor exemplo da pol\u00edtica de expansi\u00f3n do parque p\u00fablico residencial que est\u00e1 a desenvolver ao longo da presente lexislatura.\" \/>\n<meta name=\"robots\" content=\"index, follow, max-snippet:-1, max-image-preview:large, max-video-preview:-1\" \/>\n<link rel=\"canonical\" href=\"https:\/\/ppdegalicia.com\/es\/o-ppdeg-destaca-que-a-xunta-xa-ten-en-marcha-mais-de-1-600-vivendas-publicas-na-provincia-de-a-coruna\/\" \/>\n<meta property=\"og:locale\" content=\"es_ES\" \/>\n<meta property=\"og:type\" content=\"article\" \/>\n<meta property=\"og:title\" content=\"O PPdeG destaca que a Xunta xa ten en marcha m\u00e1is de 1.600 vivendas p\u00fablicas na provincia da Coru\u00f1a - PP de Galicia\" \/>\n<meta property=\"og:description\" content=\"Os deputados do Grupo Popular Rub\u00e9n Lorenzo e Carmen Pomar destacaron hoxe que a Xunta xa ten en marcha neste momento a construci\u00f3n de m\u00e1is de 1.600 vivendas p\u00fablicas na provincia de A Coru\u00f1a, o mellor exemplo da pol\u00edtica de expansi\u00f3n do parque p\u00fablico residencial que est\u00e1 a desenvolver ao longo da presente lexislatura.\" \/>\n<meta property=\"og:url\" content=\"https:\/\/ppdegalicia.com\/es\/o-ppdeg-destaca-que-a-xunta-xa-ten-en-marcha-mais-de-1-600-vivendas-publicas-na-provincia-de-a-coruna\/\" \/>\n<meta property=\"og:site_name\" content=\"PP de Galicia\" \/>\n<meta property=\"article:publisher\" content=\"https:\/\/www.instagram.com\/ppdegalicia\/\" \/>\n<meta property=\"article:published_time\" content=\"2026-01-24T17:12:38+00:00\" \/>\n<meta property=\"article:modified_time\" content=\"2026-01-25T17:14:56+00:00\" \/>\n<meta property=\"og:image\" content=\"https:\/\/ppdegalicia.com\/wp-content\/uploads\/2026\/01\/Carmen-Pomar-e-Ruben-Lorenzo-ante-as-vivendas-de-promocion-publica-do-Castineirino-en-Santiago-02.jpeg\" \/>\n\t<meta property=\"og:image:width\" content=\"1407\" \/>\n\t<meta property=\"og:image:height\" content=\"1407\" \/>\n\t<meta property=\"og:image:type\" content=\"image\/jpeg\" \/>\n<meta name=\"author\" content=\"ppdegaliciaredes\" \/>\n<meta name=\"twitter:card\" content=\"summary_large_image\" \/>\n<meta name=\"twitter:creator\" content=\"@ppdegalicia\" \/>\n<meta name=\"twitter:site\" content=\"@ppdegalicia\" \/>\n<meta name=\"twitter:label1\" content=\"Escrito por\" \/>\n\t<meta name=\"twitter:data1\" content=\"ppdegaliciaredes\" \/>\n\t<meta name=\"twitter:label2\" content=\"Tiempo de lectura\" \/>\n\t<meta name=\"twitter:data2\" content=\"3 minutos\" \/>\n<script type=\"application\/ld+json\" class=\"yoast-schema-graph\">{\"@context\":\"https:\\\/\\\/schema.org\",\"@graph\":[{\"@type\":\"Article\",\"@id\":\"https:\\\/\\\/ppdegalicia.com\\\/es\\\/o-ppdeg-destaca-que-a-xunta-xa-ten-en-marcha-mais-de-1-600-vivendas-publicas-na-provincia-de-a-coruna\\\/#article\",\"isPartOf\":{\"@id\":\"https:\\\/\\\/ppdegalicia.com\\\/es\\\/o-ppdeg-destaca-que-a-xunta-xa-ten-en-marcha-mais-de-1-600-vivendas-publicas-na-provincia-de-a-coruna\\\/\"},\"author\":{\"name\":\"ppdegaliciaredes\",\"@id\":\"https:\\\/\\\/ppdegalicia.com\\\/es\\\/#\\\/schema\\\/person\\\/5b822c6f59e872ebdd1142f307dbcb59\"},\"headline\":\"O PPdeG destaca que a Xunta xa ten en marcha m\u00e1is de 1.600 vivendas p\u00fablicas na provincia da Coru\u00f1a\",\"datePublished\":\"2026-01-24T17:12:38+00:00\",\"dateModified\":\"2026-01-25T17:14:56+00:00\",\"mainEntityOfPage\":{\"@id\":\"https:\\\/\\\/ppdegalicia.com\\\/es\\\/o-ppdeg-destaca-que-a-xunta-xa-ten-en-marcha-mais-de-1-600-vivendas-publicas-na-provincia-de-a-coruna\\\/\"},\"wordCount\":383,\"publisher\":{\"@id\":\"https:\\\/\\\/ppdegalicia.com\\\/es\\\/#organization\"},\"image\":{\"@id\":\"https:\\\/\\\/ppdegalicia.com\\\/es\\\/o-ppdeg-destaca-que-a-xunta-xa-ten-en-marcha-mais-de-1-600-vivendas-publicas-na-provincia-de-a-coruna\\\/#primaryimage\"},\"thumbnailUrl\":\"https:\\\/\\\/ppdegalicia.com\\\/wp-content\\\/uploads\\\/2026\\\/01\\\/Carmen-Pomar-e-Ruben-Lorenzo-ante-as-vivendas-de-promocion-publica-do-Castineirino-en-Santiago-02.jpeg\",\"articleSection\":[\"Parlamento de Galicia\"],\"inLanguage\":\"es\"},{\"@type\":\"WebPage\",\"@id\":\"https:\\\/\\\/ppdegalicia.com\\\/es\\\/o-ppdeg-destaca-que-a-xunta-xa-ten-en-marcha-mais-de-1-600-vivendas-publicas-na-provincia-de-a-coruna\\\/\",\"url\":\"https:\\\/\\\/ppdegalicia.com\\\/es\\\/o-ppdeg-destaca-que-a-xunta-xa-ten-en-marcha-mais-de-1-600-vivendas-publicas-na-provincia-de-a-coruna\\\/\",\"name\":\"O PPdeG destaca que a Xunta xa ten en marcha m\u00e1is de 1.600 vivendas p\u00fablicas na provincia da Coru\u00f1a - PP de Galicia\",\"isPartOf\":{\"@id\":\"https:\\\/\\\/ppdegalicia.com\\\/es\\\/#website\"},\"primaryImageOfPage\":{\"@id\":\"https:\\\/\\\/ppdegalicia.com\\\/es\\\/o-ppdeg-destaca-que-a-xunta-xa-ten-en-marcha-mais-de-1-600-vivendas-publicas-na-provincia-de-a-coruna\\\/#primaryimage\"},\"image\":{\"@id\":\"https:\\\/\\\/ppdegalicia.com\\\/es\\\/o-ppdeg-destaca-que-a-xunta-xa-ten-en-marcha-mais-de-1-600-vivendas-publicas-na-provincia-de-a-coruna\\\/#primaryimage\"},\"thumbnailUrl\":\"https:\\\/\\\/ppdegalicia.com\\\/wp-content\\\/uploads\\\/2026\\\/01\\\/Carmen-Pomar-e-Ruben-Lorenzo-ante-as-vivendas-de-promocion-publica-do-Castineirino-en-Santiago-02.jpeg\",\"datePublished\":\"2026-01-24T17:12:38+00:00\",\"dateModified\":\"2026-01-25T17:14:56+00:00\",\"description\":\"Os deputados do Grupo Popular Rub\u00e9n Lorenzo e Carmen Pomar destacaron hoxe que a Xunta xa ten en marcha neste momento a construci\u00f3n de m\u00e1is de 1.600 vivendas p\u00fablicas na provincia de A Coru\u00f1a, o mellor exemplo da pol\u00edtica de expansi\u00f3n do parque p\u00fablico residencial que est\u00e1 a desenvolver ao longo da presente lexislatura.\",\"breadcrumb\":{\"@id\":\"https:\\\/\\\/ppdegalicia.com\\\/es\\\/o-ppdeg-destaca-que-a-xunta-xa-ten-en-marcha-mais-de-1-600-vivendas-publicas-na-provincia-de-a-coruna\\\/#breadcrumb\"},\"inLanguage\":\"es\",\"potentialAction\":[{\"@type\":\"ReadAction\",\"target\":[\"https:\\\/\\\/ppdegalicia.com\\\/es\\\/o-ppdeg-destaca-que-a-xunta-xa-ten-en-marcha-mais-de-1-600-vivendas-publicas-na-provincia-de-a-coruna\\\/\"]}]},{\"@type\":\"ImageObject\",\"inLanguage\":\"es\",\"@id\":\"https:\\\/\\\/ppdegalicia.com\\\/es\\\/o-ppdeg-destaca-que-a-xunta-xa-ten-en-marcha-mais-de-1-600-vivendas-publicas-na-provincia-de-a-coruna\\\/#primaryimage\",\"url\":\"https:\\\/\\\/ppdegalicia.com\\\/wp-content\\\/uploads\\\/2026\\\/01\\\/Carmen-Pomar-e-Ruben-Lorenzo-ante-as-vivendas-de-promocion-publica-do-Castineirino-en-Santiago-02.jpeg\",\"contentUrl\":\"https:\\\/\\\/ppdegalicia.com\\\/wp-content\\\/uploads\\\/2026\\\/01\\\/Carmen-Pomar-e-Ruben-Lorenzo-ante-as-vivendas-de-promocion-publica-do-Castineirino-en-Santiago-02.jpeg\",\"width\":1407,\"height\":1407},{\"@type\":\"BreadcrumbList\",\"@id\":\"https:\\\/\\\/ppdegalicia.com\\\/es\\\/o-ppdeg-destaca-que-a-xunta-xa-ten-en-marcha-mais-de-1-600-vivendas-publicas-na-provincia-de-a-coruna\\\/#breadcrumb\",\"itemListElement\":[{\"@type\":\"ListItem\",\"position\":1,\"name\":\"Portada\",\"item\":\"https:\\\/\\\/ppdegalicia.com\\\/es\\\/\"},{\"@type\":\"ListItem\",\"position\":2,\"name\":\"O PPdeG destaca que a Xunta xa ten en marcha m\u00e1is de 1.600 vivendas p\u00fablicas na provincia da Coru\u00f1a\"}]},{\"@type\":\"WebSite\",\"@id\":\"https:\\\/\\\/ppdegalicia.com\\\/es\\\/#website\",\"url\":\"https:\\\/\\\/ppdegalicia.com\\\/es\\\/\",\"name\":\"Partido Popular de Galicia\",\"description\":\"Partido Popular de Galicia\",\"publisher\":{\"@id\":\"https:\\\/\\\/ppdegalicia.com\\\/es\\\/#organization\"},\"alternateName\":\"PP de Galicia\",\"potentialAction\":[{\"@type\":\"SearchAction\",\"target\":{\"@type\":\"EntryPoint\",\"urlTemplate\":\"https:\\\/\\\/ppdegalicia.com\\\/es\\\/?s={search_term_string}\"},\"query-input\":{\"@type\":\"PropertyValueSpecification\",\"valueRequired\":true,\"valueName\":\"search_term_string\"}}],\"inLanguage\":\"es\"},{\"@type\":\"Organization\",\"@id\":\"https:\\\/\\\/ppdegalicia.com\\\/es\\\/#organization\",\"name\":\"Partido Popular de Galicia\",\"alternateName\":\"PP de Galicia\",\"url\":\"https:\\\/\\\/ppdegalicia.com\\\/es\\\/\",\"logo\":{\"@type\":\"ImageObject\",\"inLanguage\":\"es\",\"@id\":\"https:\\\/\\\/ppdegalicia.com\\\/es\\\/#\\\/schema\\\/logo\\\/image\\\/\",\"url\":\"https:\\\/\\\/ppdegalicia.com\\\/wp-content\\\/uploads\\\/2023\\\/04\\\/logoPP512.png\",\"contentUrl\":\"https:\\\/\\\/ppdegalicia.com\\\/wp-content\\\/uploads\\\/2023\\\/04\\\/logoPP512.png\",\"width\":512,\"height\":512,\"caption\":\"Partido Popular de Galicia\"},\"image\":{\"@id\":\"https:\\\/\\\/ppdegalicia.com\\\/es\\\/#\\\/schema\\\/logo\\\/image\\\/\"},\"sameAs\":[\"https:\\\/\\\/www.instagram.com\\\/ppdegalicia\\\/\",\"https:\\\/\\\/x.com\\\/ppdegalicia\",\"https:\\\/\\\/www.tiktok.com\\\/@ppdegalicia\",\"https:\\\/\\\/www.youtube.com\\\/user\\\/ppdegalicia\"]},{\"@type\":\"Person\",\"@id\":\"https:\\\/\\\/ppdegalicia.com\\\/es\\\/#\\\/schema\\\/person\\\/5b822c6f59e872ebdd1142f307dbcb59\",\"name\":\"ppdegaliciaredes\",\"image\":{\"@type\":\"ImageObject\",\"inLanguage\":\"es\",\"@id\":\"https:\\\/\\\/secure.gravatar.com\\\/avatar\\\/3c9179cf0256d00c72a48d1f25783c58b6842cd56e85ef3a572881c8e28ccd59?s=96&d=mm&r=g\",\"url\":\"https:\\\/\\\/secure.gravatar.com\\\/avatar\\\/3c9179cf0256d00c72a48d1f25783c58b6842cd56e85ef3a572881c8e28ccd59?s=96&d=mm&r=g\",\"contentUrl\":\"https:\\\/\\\/secure.gravatar.com\\\/avatar\\\/3c9179cf0256d00c72a48d1f25783c58b6842cd56e85ef3a572881c8e28ccd59?s=96&d=mm&r=g\",\"caption\":\"ppdegaliciaredes\"},\"url\":\"https:\\\/\\\/ppdegalicia.com\\\/es\\\/author\\\/ppdegaliciaredes\\\/\"}]}<\/script>\n<!-- \/ Yoast SEO plugin. -->","yoast_head_json":{"title":"O PPdeG destaca que a Xunta xa ten en marcha m\u00e1is de 1.600 vivendas p\u00fablicas na provincia da Coru\u00f1a - PP de Galicia","description":"Os deputados do Grupo Popular Rub\u00e9n Lorenzo e Carmen Pomar destacaron hoxe que a Xunta xa ten en marcha neste momento a construci\u00f3n de m\u00e1is de 1.600 vivendas p\u00fablicas na provincia de A Coru\u00f1a, o mellor exemplo da pol\u00edtica de expansi\u00f3n do parque p\u00fablico residencial que est\u00e1 a desenvolver ao longo da presente lexislatura.","robots":{"index":"index","follow":"follow","max-snippet":"max-snippet:-1","max-image-preview":"max-image-preview:large","max-video-preview":"max-video-preview:-1"},"canonical":"https:\/\/ppdegalicia.com\/es\/o-ppdeg-destaca-que-a-xunta-xa-ten-en-marcha-mais-de-1-600-vivendas-publicas-na-provincia-de-a-coruna\/","og_locale":"es_ES","og_type":"article","og_title":"O PPdeG destaca que a Xunta xa ten en marcha m\u00e1is de 1.600 vivendas p\u00fablicas na provincia da Coru\u00f1a - PP de Galicia","og_description":"Os deputados do Grupo Popular Rub\u00e9n Lorenzo e Carmen Pomar destacaron hoxe que a Xunta xa ten en marcha neste momento a construci\u00f3n de m\u00e1is de 1.600 vivendas p\u00fablicas na provincia de A Coru\u00f1a, o mellor exemplo da pol\u00edtica de expansi\u00f3n do parque p\u00fablico residencial que est\u00e1 a desenvolver ao longo da presente lexislatura.","og_url":"https:\/\/ppdegalicia.com\/es\/o-ppdeg-destaca-que-a-xunta-xa-ten-en-marcha-mais-de-1-600-vivendas-publicas-na-provincia-de-a-coruna\/","og_site_name":"PP de Galicia","article_publisher":"https:\/\/www.instagram.com\/ppdegalicia\/","article_published_time":"2026-01-24T17:12:38+00:00","article_modified_time":"2026-01-25T17:14:56+00:00","og_image":[{"width":1407,"height":1407,"url":"https:\/\/ppdegalicia.com\/wp-content\/uploads\/2026\/01\/Carmen-Pomar-e-Ruben-Lorenzo-ante-as-vivendas-de-promocion-publica-do-Castineirino-en-Santiago-02.jpeg","type":"image\/jpeg"}],"author":"ppdegaliciaredes","twitter_card":"summary_large_image","twitter_creator":"@ppdegalicia","twitter_site":"@ppdegalicia","twitter_misc":{"Escrito por":"ppdegaliciaredes","Tiempo de lectura":"3 minutos"},"schema":{"@context":"https:\/\/schema.org","@graph":[{"@type":"Article","@id":"https:\/\/ppdegalicia.com\/es\/o-ppdeg-destaca-que-a-xunta-xa-ten-en-marcha-mais-de-1-600-vivendas-publicas-na-provincia-de-a-coruna\/#article","isPartOf":{"@id":"https:\/\/ppdegalicia.com\/es\/o-ppdeg-destaca-que-a-xunta-xa-ten-en-marcha-mais-de-1-600-vivendas-publicas-na-provincia-de-a-coruna\/"},"author":{"name":"ppdegaliciaredes","@id":"https:\/\/ppdegalicia.com\/es\/#\/schema\/person\/5b822c6f59e872ebdd1142f307dbcb59"},"headline":"O PPdeG destaca que a Xunta xa ten en marcha m\u00e1is de 1.600 vivendas p\u00fablicas na provincia da Coru\u00f1a","datePublished":"2026-01-24T17:12:38+00:00","dateModified":"2026-01-25T17:14:56+00:00","mainEntityOfPage":{"@id":"https:\/\/ppdegalicia.com\/es\/o-ppdeg-destaca-que-a-xunta-xa-ten-en-marcha-mais-de-1-600-vivendas-publicas-na-provincia-de-a-coruna\/"},"wordCount":383,"publisher":{"@id":"https:\/\/ppdegalicia.com\/es\/#organization"},"image":{"@id":"https:\/\/ppdegalicia.com\/es\/o-ppdeg-destaca-que-a-xunta-xa-ten-en-marcha-mais-de-1-600-vivendas-publicas-na-provincia-de-a-coruna\/#primaryimage"},"thumbnailUrl":"https:\/\/ppdegalicia.com\/wp-content\/uploads\/2026\/01\/Carmen-Pomar-e-Ruben-Lorenzo-ante-as-vivendas-de-promocion-publica-do-Castineirino-en-Santiago-02.jpeg","articleSection":["Parlamento de Galicia"],"inLanguage":"es"},{"@type":"WebPage","@id":"https:\/\/ppdegalicia.com\/es\/o-ppdeg-destaca-que-a-xunta-xa-ten-en-marcha-mais-de-1-600-vivendas-publicas-na-provincia-de-a-coruna\/","url":"https:\/\/ppdegalicia.com\/es\/o-ppdeg-destaca-que-a-xunta-xa-ten-en-marcha-mais-de-1-600-vivendas-publicas-na-provincia-de-a-coruna\/","name":"O PPdeG destaca que a Xunta xa ten en marcha m\u00e1is de 1.600 vivendas p\u00fablicas na provincia da Coru\u00f1a - PP de Galicia","isPartOf":{"@id":"https:\/\/ppdegalicia.com\/es\/#website"},"primaryImageOfPage":{"@id":"https:\/\/ppdegalicia.com\/es\/o-ppdeg-destaca-que-a-xunta-xa-ten-en-marcha-mais-de-1-600-vivendas-publicas-na-provincia-de-a-coruna\/#primaryimage"},"image":{"@id":"https:\/\/ppdegalicia.com\/es\/o-ppdeg-destaca-que-a-xunta-xa-ten-en-marcha-mais-de-1-600-vivendas-publicas-na-provincia-de-a-coruna\/#primaryimage"},"thumbnailUrl":"https:\/\/ppdegalicia.com\/wp-content\/uploads\/2026\/01\/Carmen-Pomar-e-Ruben-Lorenzo-ante-as-vivendas-de-promocion-publica-do-Castineirino-en-Santiago-02.jpeg","datePublished":"2026-01-24T17:12:38+00:00","dateModified":"2026-01-25T17:14:56+00:00","description":"Os deputados do Grupo Popular Rub\u00e9n Lorenzo e Carmen Pomar destacaron hoxe que a Xunta xa ten en marcha neste momento a construci\u00f3n de m\u00e1is de 1.600 vivendas p\u00fablicas na provincia de A Coru\u00f1a, o mellor exemplo da pol\u00edtica de expansi\u00f3n do parque p\u00fablico residencial que est\u00e1 a desenvolver ao longo da presente lexislatura.","breadcrumb":{"@id":"https:\/\/ppdegalicia.com\/es\/o-ppdeg-destaca-que-a-xunta-xa-ten-en-marcha-mais-de-1-600-vivendas-publicas-na-provincia-de-a-coruna\/#breadcrumb"},"inLanguage":"es","potentialAction":[{"@type":"ReadAction","target":["https:\/\/ppdegalicia.com\/es\/o-ppdeg-destaca-que-a-xunta-xa-ten-en-marcha-mais-de-1-600-vivendas-publicas-na-provincia-de-a-coruna\/"]}]},{"@type":"ImageObject","inLanguage":"es","@id":"https:\/\/ppdegalicia.com\/es\/o-ppdeg-destaca-que-a-xunta-xa-ten-en-marcha-mais-de-1-600-vivendas-publicas-na-provincia-de-a-coruna\/#primaryimage","url":"https:\/\/ppdegalicia.com\/wp-content\/uploads\/2026\/01\/Carmen-Pomar-e-Ruben-Lorenzo-ante-as-vivendas-de-promocion-publica-do-Castineirino-en-Santiago-02.jpeg","contentUrl":"https:\/\/ppdegalicia.com\/wp-content\/uploads\/2026\/01\/Carmen-Pomar-e-Ruben-Lorenzo-ante-as-vivendas-de-promocion-publica-do-Castineirino-en-Santiago-02.jpeg","width":1407,"height":1407},{"@type":"BreadcrumbList","@id":"https:\/\/ppdegalicia.com\/es\/o-ppdeg-destaca-que-a-xunta-xa-ten-en-marcha-mais-de-1-600-vivendas-publicas-na-provincia-de-a-coruna\/#breadcrumb","itemListElement":[{"@type":"ListItem","position":1,"name":"Portada","item":"https:\/\/ppdegalicia.com\/es\/"},{"@type":"ListItem","position":2,"name":"O PPdeG destaca que a Xunta xa ten en marcha m\u00e1is de 1.600 vivendas p\u00fablicas na provincia da Coru\u00f1a"}]},{"@type":"WebSite","@id":"https:\/\/ppdegalicia.com\/es\/#website","url":"https:\/\/ppdegalicia.com\/es\/","name":"Partido Popular de Galicia","description":"Partido Popular de Galicia","publisher":{"@id":"https:\/\/ppdegalicia.com\/es\/#organization"},"alternateName":"PP de Galicia","potentialAction":[{"@type":"SearchAction","target":{"@type":"EntryPoint","urlTemplate":"https:\/\/ppdegalicia.com\/es\/?s={search_term_string}"},"query-input":{"@type":"PropertyValueSpecification","valueRequired":true,"valueName":"search_term_string"}}],"inLanguage":"es"},{"@type":"Organization","@id":"https:\/\/ppdegalicia.com\/es\/#organization","name":"Partido Popular de Galicia","alternateName":"PP de Galicia","url":"https:\/\/ppdegalicia.com\/es\/","logo":{"@type":"ImageObject","inLanguage":"es","@id":"https:\/\/ppdegalicia.com\/es\/#\/schema\/logo\/image\/","url":"https:\/\/ppdegalicia.com\/wp-content\/uploads\/2023\/04\/logoPP512.png","contentUrl":"https:\/\/ppdegalicia.com\/wp-content\/uploads\/2023\/04\/logoPP512.png","width":512,"height":512,"caption":"Partido Popular de Galicia"},"image":{"@id":"https:\/\/ppdegalicia.com\/es\/#\/schema\/logo\/image\/"},"sameAs":["https:\/\/www.instagram.com\/ppdegalicia\/","https:\/\/x.com\/ppdegalicia","https:\/\/www.tiktok.com\/@ppdegalicia","https:\/\/www.youtube.com\/user\/ppdegalicia"]},{"@type":"Person","@id":"https:\/\/ppdegalicia.com\/es\/#\/schema\/person\/5b822c6f59e872ebdd1142f307dbcb59","name":"ppdegaliciaredes","image":{"@type":"ImageObject","inLanguage":"es","@id":"https:\/\/secure.gravatar.com\/avatar\/3c9179cf0256d00c72a48d1f25783c58b6842cd56e85ef3a572881c8e28ccd59?s=96&d=mm&r=g","url":"https:\/\/secure.gravatar.com\/avatar\/3c9179cf0256d00c72a48d1f25783c58b6842cd56e85ef3a572881c8e28ccd59?s=96&d=mm&r=g","contentUrl":"https:\/\/secure.gravatar.com\/avatar\/3c9179cf0256d00c72a48d1f25783c58b6842cd56e85ef3a572881c8e28ccd59?s=96&d=mm&r=g","caption":"ppdegaliciaredes"},"url":"https:\/\/ppdegalicia.com\/es\/author\/ppdegaliciaredes\/"}]}},"_links":{"self":[{"href":"https:\/\/ppdegalicia.com\/es\/wp-json\/wp\/v2\/posts\/69916","targetHints":{"allow":["GET"]}}],"collection":[{"href":"https:\/\/ppdegalicia.com\/es\/wp-json\/wp\/v2\/posts"}],"about":[{"href":"https:\/\/ppdegalicia.com\/es\/wp-json\/wp\/v2\/types\/post"}],"author":[{"embeddable":true,"href":"https:\/\/ppdegalicia.com\/es\/wp-json\/wp\/v2\/users\/38"}],"replies":[{"embeddable":true,"href":"https:\/\/ppdegalicia.com\/es\/wp-json\/wp\/v2\/comments?post=69916"}],"version-history":[{"count":2,"href":"https:\/\/ppdegalicia.com\/es\/wp-json\/wp\/v2\/posts\/69916\/revisions"}],"predecessor-version":[{"id":69920,"href":"https:\/\/ppdegalicia.com\/es\/wp-json\/wp\/v2\/posts\/69916\/revisions\/69920"}],"wp:featuredmedia":[{"embeddable":true,"href":"https:\/\/ppdegalicia.com\/es\/wp-json\/wp\/v2\/media\/69917"}],"wp:attachment":[{"href":"https:\/\/ppdegalicia.com\/es\/wp-json\/wp\/v2\/media?parent=69916"}],"wp:term":[{"taxonomy":"category","embeddable":true,"href":"https:\/\/ppdegalicia.com\/es\/wp-json\/wp\/v2\/categories?post=69916"},{"taxonomy":"post_tag","embeddable":true,"href":"https:\/\/ppdegalicia.com\/es\/wp-json\/wp\/v2\/tags?post=69916"}],"curies":[{"name":"wp","href":"https:\/\/api.w.org\/{rel}","templated":true}]}}