{"id":69928,"date":"2026-01-27T11:42:03","date_gmt":"2026-01-27T10:42:03","guid":{"rendered":"https:\/\/ppdegalicia.com\/?p=69928"},"modified":"2026-03-25T11:46:51","modified_gmt":"2026-03-25T10:46:51","slug":"queremos-un-mercosur-con-garantias","status":"publish","type":"post","link":"https:\/\/ppdegalicia.com\/es\/queremos-un-mercosur-con-garantias\/","title":{"rendered":"<span style=\"font-style: italic;\">Queremos un Mercosur con garant\u00edas<\/span>"},"content":{"rendered":"<p style=\"font-weight: 400;\">Adri\u00e1n V\u00e1zquez L\u00e1zara.<\/p>\n<p>&nbsp;<\/p>\n<p style=\"font-weight: 400;\">Los tiempos del nuevo mundo que se est\u00e1 configurando son m\u00e1s acelerados que nunca. En el nuevo tablero geopol\u00edtico, las reglas del comercio y la seguridad se reescriben en tiempo real. En este contexto, la inacci\u00f3n ya no es una opci\u00f3n: hoy se paga con irrelevancia.<\/p>\n<p style=\"font-weight: 400;\">En medio de esta vor\u00e1gine, los europeos \u2014y por tanto los espa\u00f1oles y los gallegos\u2014 tenemos la responsabilidad de decidir qu\u00e9 papel queremos ocupar en el nuevo orden internacional de las pr\u00f3ximas d\u00e9cadas. En el corto plazo, esas decisiones implican definir nuestra relaci\u00f3n comercial con otros pa\u00edses y aprovechar la oportunidad de abrir mercado all\u00e1 donde podamos, haci\u00e9ndolo de una manera clara y regulada. Y si encima es en Latinoam\u00e9rica, regi\u00f3n con quien tenemos obvios lazos econ\u00f3micos, culturales y, por qu\u00e9 no, sentimentales, mejor que mejor.<\/p>\n<p style=\"font-weight: 400;\">Pero debemos conseguirlo sin dejar de lado a nuestros agricultores y ganaderos. A diferencia de los partidos independentistas y los partidos de izquierda, nosotros tenemos un compromiso hist\u00f3rico, pol\u00edtico y moral con el campo y el mundo rural. Lo contrario ser\u00eda impensable: nosotros s\u00ed sabemos perfectamente qui\u00e9n llena nuestras neveras y siempre hemos estado a su lado, le pese a quien le pese.<\/p>\n<p style=\"font-weight: 400;\">Por eso, durante los m\u00e1s de 25 a\u00f1os que lleva negoci\u00e1ndose Mercosur, y muy especialmente en los \u00faltimos meses, nuestro trabajo ha estado centrado en blindar las necesidades de agricultores y ganaderos dentro del acuerdo. Mientras la izquierda s\u00f3lo sab\u00eda ponerse detr\u00e1s de una pancarta, los eurodiputados del PP trabaj\u00e1bamos insistentemente para que el Reglamento de cl\u00e1usulas de salvaguardia autom\u00e1ticas, los controles reforzados en frontera y el dep\u00f3sito de contingencia fuesen l\u00edneas rojas innegociables.<\/p>\n<p style=\"font-weight: 400;\">La buena noticia es que ese trabajo est\u00e1 dando frutos; la mala, que la semana pasada una alianza populista y de extremos, compuesta entre otros por BNG y Vox \u2014curiosa amistad\u2014, ha generado m\u00e1s incertezas, provocando una aplicaci\u00f3n provisional del acuerdo que no incorpora dichas salvaguardas para el campo.<\/p>\n<p style=\"font-weight: 400;\">En el Partido Popular votamos por una aplicaci\u00f3n con todas las garant\u00edas. Votamos a favor de Galicia, pero Vox, el BNG y sus socios independentistas multiplicaron la incertidumbre, abriendo el camino a una aplicaci\u00f3n provisional y con muchas dudas.<\/p>\n<p style=\"font-weight: 400;\">Entendemos perfectamente el hartazgo que agricultores y ganaderos han expresado en las calles de Galicia y del resto de Europa. No solo lo entendemos, lo compartimos. Por eso nos hemos opuesto \u2014y seguiremos oponi\u00e9ndonos\u2014 a las pol\u00edticas de ecologismo radical, los recortes en la PAC, la burocracia asfixiante, las pol\u00edticas intervencionistas que ahogan al campo o la aplicaci\u00f3n de Mercosur sin salvaguardas. Son medidas injustas, ineficaces y propias de una ideolog\u00eda en retroceso.<\/p>\n<p style=\"font-weight: 400;\">Los cambios nunca son sencillos y deseo que pronto se demuestre que este acuerdo es positivo: veremos vinos gallegos en Uruguay, componentes de automoci\u00f3n e industriales fabricados en Vigo circulando por R\u00edo de Janeiro y el sector primario tambi\u00e9n podr\u00e1 tener alimentaci\u00f3n para el ganado a menor coste.<\/p>\n<p style=\"font-weight: 400;\">Pero antes, debemos cerciorarnos de que nuestro campo \u2014uno de los m\u00e1s competitivos del mundo\u2014 est\u00e1 plenamente protegido. Y si el acuerdo va hacia delante, ser\u00e1 \u00fanica y exclusivamente porque esas garant\u00edas para agricultores y ganaderos estar\u00e1n aseguradas.<\/p>\n","protected":false},"excerpt":{"rendered":"<p><strong><em>Adri\u00e1n V\u00e1zquez L\u00e1zara.<\/em><\/strong><\/p>\n<p style=\"font-weight: 400;\">Los tiempos del nuevo mundo que se est\u00e1 configurando son m\u00e1s acelerados que nunca.<\/p>\n","protected":false},"author":38,"featured_media":69929,"comment_status":"closed","ping_status":"open","sticky":false,"template":"","format":"standard","meta":{"_acf_changed":false,"footnotes":""},"categories":[2604],"tags":[],"class_list":["post-69928","post","type-post","status-publish","format-standard","has-post-thumbnail","hentry","category-opinion"],"acf":[],"yoast_head":"<!-- This site is optimized with the Yoast SEO plugin v27.3 - https:\/\/yoast.com\/product\/yoast-seo-wordpress\/ -->\n<title>Queremos un Mercosur con garant\u00edas - PP de Galicia<\/title>\n<meta name=\"description\" content=\"Los tiempos del nuevo mundo que se est\u00e1 configurando son m\u00e1s acelerados que nunca. En el nuevo tablero geopol\u00edtico, las reglas del comercio y la seguridad se reescriben en tiempo real. En este contexto, la inacci\u00f3n ya no es una opci\u00f3n: hoy se paga con irrelevancia.\" \/>\n<meta name=\"robots\" content=\"index, follow, max-snippet:-1, max-image-preview:large, max-video-preview:-1\" \/>\n<link rel=\"canonical\" href=\"https:\/\/ppdegalicia.com\/es\/queremos-un-mercosur-con-garantias\/\" \/>\n<meta property=\"og:locale\" content=\"es_ES\" \/>\n<meta property=\"og:type\" content=\"article\" \/>\n<meta property=\"og:title\" content=\"Queremos un Mercosur con garant\u00edas - PP de Galicia\" \/>\n<meta property=\"og:description\" content=\"Los tiempos del nuevo mundo que se est\u00e1 configurando son m\u00e1s acelerados que nunca. En el nuevo tablero geopol\u00edtico, las reglas del comercio y la seguridad se reescriben en tiempo real. En este contexto, la inacci\u00f3n ya no es una opci\u00f3n: hoy se paga con irrelevancia.\" \/>\n<meta property=\"og:url\" content=\"https:\/\/ppdegalicia.com\/es\/queremos-un-mercosur-con-garantias\/\" \/>\n<meta property=\"og:site_name\" content=\"PP de Galicia\" \/>\n<meta property=\"article:publisher\" content=\"https:\/\/www.instagram.com\/ppdegalicia\/\" \/>\n<meta property=\"article:published_time\" content=\"2026-01-27T10:42:03+00:00\" \/>\n<meta property=\"article:modified_time\" content=\"2026-03-25T10:46:51+00:00\" \/>\n<meta property=\"og:image\" content=\"https:\/\/ppdegalicia.com\/wp-content\/uploads\/2026\/01\/20241109_AVazquez_Explotacion_Cabalos_2.jpg-scaled.jpeg\" \/>\n\t<meta property=\"og:image:width\" content=\"2560\" \/>\n\t<meta property=\"og:image:height\" content=\"1707\" \/>\n\t<meta property=\"og:image:type\" content=\"image\/jpeg\" \/>\n<meta name=\"author\" content=\"ppdegaliciaredes\" \/>\n<meta name=\"twitter:card\" content=\"summary_large_image\" \/>\n<meta name=\"twitter:creator\" content=\"@ppdegalicia\" \/>\n<meta name=\"twitter:site\" content=\"@ppdegalicia\" \/>\n<meta name=\"twitter:label1\" content=\"Escrito por\" \/>\n\t<meta name=\"twitter:data1\" content=\"ppdegaliciaredes\" \/>\n\t<meta name=\"twitter:label2\" content=\"Tiempo de lectura\" \/>\n\t<meta name=\"twitter:data2\" content=\"4 minutos\" \/>\n<script type=\"application\/ld+json\" class=\"yoast-schema-graph\">{\"@context\":\"https:\\\/\\\/schema.org\",\"@graph\":[{\"@type\":\"Article\",\"@id\":\"https:\\\/\\\/ppdegalicia.com\\\/es\\\/queremos-un-mercosur-con-garantias\\\/#article\",\"isPartOf\":{\"@id\":\"https:\\\/\\\/ppdegalicia.com\\\/es\\\/queremos-un-mercosur-con-garantias\\\/\"},\"author\":{\"name\":\"ppdegaliciaredes\",\"@id\":\"https:\\\/\\\/ppdegalicia.com\\\/es\\\/#\\\/schema\\\/person\\\/5b822c6f59e872ebdd1142f307dbcb59\"},\"headline\":\"Queremos un Mercosur con garant\u00edas\",\"datePublished\":\"2026-01-27T10:42:03+00:00\",\"dateModified\":\"2026-03-25T10:46:51+00:00\",\"mainEntityOfPage\":{\"@id\":\"https:\\\/\\\/ppdegalicia.com\\\/es\\\/queremos-un-mercosur-con-garantias\\\/\"},\"wordCount\":574,\"publisher\":{\"@id\":\"https:\\\/\\\/ppdegalicia.com\\\/es\\\/#organization\"},\"image\":{\"@id\":\"https:\\\/\\\/ppdegalicia.com\\\/es\\\/queremos-un-mercosur-con-garantias\\\/#primaryimage\"},\"thumbnailUrl\":\"https:\\\/\\\/ppdegalicia.com\\\/wp-content\\\/uploads\\\/2026\\\/01\\\/20241109_AVazquez_Explotacion_Cabalos_2.jpg-scaled.jpeg\",\"articleSection\":[\"Opini\u00f3n\"],\"inLanguage\":\"es\"},{\"@type\":\"WebPage\",\"@id\":\"https:\\\/\\\/ppdegalicia.com\\\/es\\\/queremos-un-mercosur-con-garantias\\\/\",\"url\":\"https:\\\/\\\/ppdegalicia.com\\\/es\\\/queremos-un-mercosur-con-garantias\\\/\",\"name\":\"Queremos un Mercosur con garant\u00edas - PP de Galicia\",\"isPartOf\":{\"@id\":\"https:\\\/\\\/ppdegalicia.com\\\/es\\\/#website\"},\"primaryImageOfPage\":{\"@id\":\"https:\\\/\\\/ppdegalicia.com\\\/es\\\/queremos-un-mercosur-con-garantias\\\/#primaryimage\"},\"image\":{\"@id\":\"https:\\\/\\\/ppdegalicia.com\\\/es\\\/queremos-un-mercosur-con-garantias\\\/#primaryimage\"},\"thumbnailUrl\":\"https:\\\/\\\/ppdegalicia.com\\\/wp-content\\\/uploads\\\/2026\\\/01\\\/20241109_AVazquez_Explotacion_Cabalos_2.jpg-scaled.jpeg\",\"datePublished\":\"2026-01-27T10:42:03+00:00\",\"dateModified\":\"2026-03-25T10:46:51+00:00\",\"description\":\"Los tiempos del nuevo mundo que se est\u00e1 configurando son m\u00e1s acelerados que nunca. En el nuevo tablero geopol\u00edtico, las reglas del comercio y la seguridad se reescriben en tiempo real. En este contexto, la inacci\u00f3n ya no es una opci\u00f3n: hoy se paga con irrelevancia.\",\"breadcrumb\":{\"@id\":\"https:\\\/\\\/ppdegalicia.com\\\/es\\\/queremos-un-mercosur-con-garantias\\\/#breadcrumb\"},\"inLanguage\":\"es\",\"potentialAction\":[{\"@type\":\"ReadAction\",\"target\":[\"https:\\\/\\\/ppdegalicia.com\\\/es\\\/queremos-un-mercosur-con-garantias\\\/\"]}]},{\"@type\":\"ImageObject\",\"inLanguage\":\"es\",\"@id\":\"https:\\\/\\\/ppdegalicia.com\\\/es\\\/queremos-un-mercosur-con-garantias\\\/#primaryimage\",\"url\":\"https:\\\/\\\/ppdegalicia.com\\\/wp-content\\\/uploads\\\/2026\\\/01\\\/20241109_AVazquez_Explotacion_Cabalos_2.jpg-scaled.jpeg\",\"contentUrl\":\"https:\\\/\\\/ppdegalicia.com\\\/wp-content\\\/uploads\\\/2026\\\/01\\\/20241109_AVazquez_Explotacion_Cabalos_2.jpg-scaled.jpeg\",\"width\":2560,\"height\":1707},{\"@type\":\"BreadcrumbList\",\"@id\":\"https:\\\/\\\/ppdegalicia.com\\\/es\\\/queremos-un-mercosur-con-garantias\\\/#breadcrumb\",\"itemListElement\":[{\"@type\":\"ListItem\",\"position\":1,\"name\":\"Portada\",\"item\":\"https:\\\/\\\/ppdegalicia.com\\\/es\\\/\"},{\"@type\":\"ListItem\",\"position\":2,\"name\":\"Queremos un Mercosur con garant\u00edas\"}]},{\"@type\":\"WebSite\",\"@id\":\"https:\\\/\\\/ppdegalicia.com\\\/es\\\/#website\",\"url\":\"https:\\\/\\\/ppdegalicia.com\\\/es\\\/\",\"name\":\"Partido Popular de Galicia\",\"description\":\"Partido Popular de Galicia\",\"publisher\":{\"@id\":\"https:\\\/\\\/ppdegalicia.com\\\/es\\\/#organization\"},\"alternateName\":\"PP de Galicia\",\"potentialAction\":[{\"@type\":\"SearchAction\",\"target\":{\"@type\":\"EntryPoint\",\"urlTemplate\":\"https:\\\/\\\/ppdegalicia.com\\\/es\\\/?s={search_term_string}\"},\"query-input\":{\"@type\":\"PropertyValueSpecification\",\"valueRequired\":true,\"valueName\":\"search_term_string\"}}],\"inLanguage\":\"es\"},{\"@type\":\"Organization\",\"@id\":\"https:\\\/\\\/ppdegalicia.com\\\/es\\\/#organization\",\"name\":\"Partido Popular de Galicia\",\"alternateName\":\"PP de Galicia\",\"url\":\"https:\\\/\\\/ppdegalicia.com\\\/es\\\/\",\"logo\":{\"@type\":\"ImageObject\",\"inLanguage\":\"es\",\"@id\":\"https:\\\/\\\/ppdegalicia.com\\\/es\\\/#\\\/schema\\\/logo\\\/image\\\/\",\"url\":\"https:\\\/\\\/ppdegalicia.com\\\/wp-content\\\/uploads\\\/2023\\\/04\\\/logoPP512.png\",\"contentUrl\":\"https:\\\/\\\/ppdegalicia.com\\\/wp-content\\\/uploads\\\/2023\\\/04\\\/logoPP512.png\",\"width\":512,\"height\":512,\"caption\":\"Partido Popular de Galicia\"},\"image\":{\"@id\":\"https:\\\/\\\/ppdegalicia.com\\\/es\\\/#\\\/schema\\\/logo\\\/image\\\/\"},\"sameAs\":[\"https:\\\/\\\/www.instagram.com\\\/ppdegalicia\\\/\",\"https:\\\/\\\/x.com\\\/ppdegalicia\",\"https:\\\/\\\/www.tiktok.com\\\/@ppdegalicia\",\"https:\\\/\\\/www.youtube.com\\\/user\\\/ppdegalicia\"]},{\"@type\":\"Person\",\"@id\":\"https:\\\/\\\/ppdegalicia.com\\\/es\\\/#\\\/schema\\\/person\\\/5b822c6f59e872ebdd1142f307dbcb59\",\"name\":\"ppdegaliciaredes\",\"image\":{\"@type\":\"ImageObject\",\"inLanguage\":\"es\",\"@id\":\"https:\\\/\\\/secure.gravatar.com\\\/avatar\\\/3c9179cf0256d00c72a48d1f25783c58b6842cd56e85ef3a572881c8e28ccd59?s=96&d=mm&r=g\",\"url\":\"https:\\\/\\\/secure.gravatar.com\\\/avatar\\\/3c9179cf0256d00c72a48d1f25783c58b6842cd56e85ef3a572881c8e28ccd59?s=96&d=mm&r=g\",\"contentUrl\":\"https:\\\/\\\/secure.gravatar.com\\\/avatar\\\/3c9179cf0256d00c72a48d1f25783c58b6842cd56e85ef3a572881c8e28ccd59?s=96&d=mm&r=g\",\"caption\":\"ppdegaliciaredes\"},\"url\":\"https:\\\/\\\/ppdegalicia.com\\\/es\\\/author\\\/ppdegaliciaredes\\\/\"}]}<\/script>\n<!-- \/ Yoast SEO plugin. -->","yoast_head_json":{"title":"Queremos un Mercosur con garant\u00edas - PP de Galicia","description":"Los tiempos del nuevo mundo que se est\u00e1 configurando son m\u00e1s acelerados que nunca. En el nuevo tablero geopol\u00edtico, las reglas del comercio y la seguridad se reescriben en tiempo real. En este contexto, la inacci\u00f3n ya no es una opci\u00f3n: hoy se paga con irrelevancia.","robots":{"index":"index","follow":"follow","max-snippet":"max-snippet:-1","max-image-preview":"max-image-preview:large","max-video-preview":"max-video-preview:-1"},"canonical":"https:\/\/ppdegalicia.com\/es\/queremos-un-mercosur-con-garantias\/","og_locale":"es_ES","og_type":"article","og_title":"Queremos un Mercosur con garant\u00edas - PP de Galicia","og_description":"Los tiempos del nuevo mundo que se est\u00e1 configurando son m\u00e1s acelerados que nunca. En el nuevo tablero geopol\u00edtico, las reglas del comercio y la seguridad se reescriben en tiempo real. En este contexto, la inacci\u00f3n ya no es una opci\u00f3n: hoy se paga con irrelevancia.","og_url":"https:\/\/ppdegalicia.com\/es\/queremos-un-mercosur-con-garantias\/","og_site_name":"PP de Galicia","article_publisher":"https:\/\/www.instagram.com\/ppdegalicia\/","article_published_time":"2026-01-27T10:42:03+00:00","article_modified_time":"2026-03-25T10:46:51+00:00","og_image":[{"width":2560,"height":1707,"url":"https:\/\/ppdegalicia.com\/wp-content\/uploads\/2026\/01\/20241109_AVazquez_Explotacion_Cabalos_2.jpg-scaled.jpeg","type":"image\/jpeg"}],"author":"ppdegaliciaredes","twitter_card":"summary_large_image","twitter_creator":"@ppdegalicia","twitter_site":"@ppdegalicia","twitter_misc":{"Escrito por":"ppdegaliciaredes","Tiempo de lectura":"4 minutos"},"schema":{"@context":"https:\/\/schema.org","@graph":[{"@type":"Article","@id":"https:\/\/ppdegalicia.com\/es\/queremos-un-mercosur-con-garantias\/#article","isPartOf":{"@id":"https:\/\/ppdegalicia.com\/es\/queremos-un-mercosur-con-garantias\/"},"author":{"name":"ppdegaliciaredes","@id":"https:\/\/ppdegalicia.com\/es\/#\/schema\/person\/5b822c6f59e872ebdd1142f307dbcb59"},"headline":"Queremos un Mercosur con garant\u00edas","datePublished":"2026-01-27T10:42:03+00:00","dateModified":"2026-03-25T10:46:51+00:00","mainEntityOfPage":{"@id":"https:\/\/ppdegalicia.com\/es\/queremos-un-mercosur-con-garantias\/"},"wordCount":574,"publisher":{"@id":"https:\/\/ppdegalicia.com\/es\/#organization"},"image":{"@id":"https:\/\/ppdegalicia.com\/es\/queremos-un-mercosur-con-garantias\/#primaryimage"},"thumbnailUrl":"https:\/\/ppdegalicia.com\/wp-content\/uploads\/2026\/01\/20241109_AVazquez_Explotacion_Cabalos_2.jpg-scaled.jpeg","articleSection":["Opini\u00f3n"],"inLanguage":"es"},{"@type":"WebPage","@id":"https:\/\/ppdegalicia.com\/es\/queremos-un-mercosur-con-garantias\/","url":"https:\/\/ppdegalicia.com\/es\/queremos-un-mercosur-con-garantias\/","name":"Queremos un Mercosur con garant\u00edas - PP de Galicia","isPartOf":{"@id":"https:\/\/ppdegalicia.com\/es\/#website"},"primaryImageOfPage":{"@id":"https:\/\/ppdegalicia.com\/es\/queremos-un-mercosur-con-garantias\/#primaryimage"},"image":{"@id":"https:\/\/ppdegalicia.com\/es\/queremos-un-mercosur-con-garantias\/#primaryimage"},"thumbnailUrl":"https:\/\/ppdegalicia.com\/wp-content\/uploads\/2026\/01\/20241109_AVazquez_Explotacion_Cabalos_2.jpg-scaled.jpeg","datePublished":"2026-01-27T10:42:03+00:00","dateModified":"2026-03-25T10:46:51+00:00","description":"Los tiempos del nuevo mundo que se est\u00e1 configurando son m\u00e1s acelerados que nunca. En el nuevo tablero geopol\u00edtico, las reglas del comercio y la seguridad se reescriben en tiempo real. En este contexto, la inacci\u00f3n ya no es una opci\u00f3n: hoy se paga con irrelevancia.","breadcrumb":{"@id":"https:\/\/ppdegalicia.com\/es\/queremos-un-mercosur-con-garantias\/#breadcrumb"},"inLanguage":"es","potentialAction":[{"@type":"ReadAction","target":["https:\/\/ppdegalicia.com\/es\/queremos-un-mercosur-con-garantias\/"]}]},{"@type":"ImageObject","inLanguage":"es","@id":"https:\/\/ppdegalicia.com\/es\/queremos-un-mercosur-con-garantias\/#primaryimage","url":"https:\/\/ppdegalicia.com\/wp-content\/uploads\/2026\/01\/20241109_AVazquez_Explotacion_Cabalos_2.jpg-scaled.jpeg","contentUrl":"https:\/\/ppdegalicia.com\/wp-content\/uploads\/2026\/01\/20241109_AVazquez_Explotacion_Cabalos_2.jpg-scaled.jpeg","width":2560,"height":1707},{"@type":"BreadcrumbList","@id":"https:\/\/ppdegalicia.com\/es\/queremos-un-mercosur-con-garantias\/#breadcrumb","itemListElement":[{"@type":"ListItem","position":1,"name":"Portada","item":"https:\/\/ppdegalicia.com\/es\/"},{"@type":"ListItem","position":2,"name":"Queremos un Mercosur con garant\u00edas"}]},{"@type":"WebSite","@id":"https:\/\/ppdegalicia.com\/es\/#website","url":"https:\/\/ppdegalicia.com\/es\/","name":"Partido Popular de Galicia","description":"Partido Popular de Galicia","publisher":{"@id":"https:\/\/ppdegalicia.com\/es\/#organization"},"alternateName":"PP de Galicia","potentialAction":[{"@type":"SearchAction","target":{"@type":"EntryPoint","urlTemplate":"https:\/\/ppdegalicia.com\/es\/?s={search_term_string}"},"query-input":{"@type":"PropertyValueSpecification","valueRequired":true,"valueName":"search_term_string"}}],"inLanguage":"es"},{"@type":"Organization","@id":"https:\/\/ppdegalicia.com\/es\/#organization","name":"Partido Popular de Galicia","alternateName":"PP de Galicia","url":"https:\/\/ppdegalicia.com\/es\/","logo":{"@type":"ImageObject","inLanguage":"es","@id":"https:\/\/ppdegalicia.com\/es\/#\/schema\/logo\/image\/","url":"https:\/\/ppdegalicia.com\/wp-content\/uploads\/2023\/04\/logoPP512.png","contentUrl":"https:\/\/ppdegalicia.com\/wp-content\/uploads\/2023\/04\/logoPP512.png","width":512,"height":512,"caption":"Partido Popular de Galicia"},"image":{"@id":"https:\/\/ppdegalicia.com\/es\/#\/schema\/logo\/image\/"},"sameAs":["https:\/\/www.instagram.com\/ppdegalicia\/","https:\/\/x.com\/ppdegalicia","https:\/\/www.tiktok.com\/@ppdegalicia","https:\/\/www.youtube.com\/user\/ppdegalicia"]},{"@type":"Person","@id":"https:\/\/ppdegalicia.com\/es\/#\/schema\/person\/5b822c6f59e872ebdd1142f307dbcb59","name":"ppdegaliciaredes","image":{"@type":"ImageObject","inLanguage":"es","@id":"https:\/\/secure.gravatar.com\/avatar\/3c9179cf0256d00c72a48d1f25783c58b6842cd56e85ef3a572881c8e28ccd59?s=96&d=mm&r=g","url":"https:\/\/secure.gravatar.com\/avatar\/3c9179cf0256d00c72a48d1f25783c58b6842cd56e85ef3a572881c8e28ccd59?s=96&d=mm&r=g","contentUrl":"https:\/\/secure.gravatar.com\/avatar\/3c9179cf0256d00c72a48d1f25783c58b6842cd56e85ef3a572881c8e28ccd59?s=96&d=mm&r=g","caption":"ppdegaliciaredes"},"url":"https:\/\/ppdegalicia.com\/es\/author\/ppdegaliciaredes\/"}]}},"_links":{"self":[{"href":"https:\/\/ppdegalicia.com\/es\/wp-json\/wp\/v2\/posts\/69928","targetHints":{"allow":["GET"]}}],"collection":[{"href":"https:\/\/ppdegalicia.com\/es\/wp-json\/wp\/v2\/posts"}],"about":[{"href":"https:\/\/ppdegalicia.com\/es\/wp-json\/wp\/v2\/types\/post"}],"author":[{"embeddable":true,"href":"https:\/\/ppdegalicia.com\/es\/wp-json\/wp\/v2\/users\/38"}],"replies":[{"embeddable":true,"href":"https:\/\/ppdegalicia.com\/es\/wp-json\/wp\/v2\/comments?post=69928"}],"version-history":[{"count":5,"href":"https:\/\/ppdegalicia.com\/es\/wp-json\/wp\/v2\/posts\/69928\/revisions"}],"predecessor-version":[{"id":70684,"href":"https:\/\/ppdegalicia.com\/es\/wp-json\/wp\/v2\/posts\/69928\/revisions\/70684"}],"wp:featuredmedia":[{"embeddable":true,"href":"https:\/\/ppdegalicia.com\/es\/wp-json\/wp\/v2\/media\/69929"}],"wp:attachment":[{"href":"https:\/\/ppdegalicia.com\/es\/wp-json\/wp\/v2\/media?parent=69928"}],"wp:term":[{"taxonomy":"category","embeddable":true,"href":"https:\/\/ppdegalicia.com\/es\/wp-json\/wp\/v2\/categories?post=69928"},{"taxonomy":"post_tag","embeddable":true,"href":"https:\/\/ppdegalicia.com\/es\/wp-json\/wp\/v2\/tags?post=69928"}],"curies":[{"name":"wp","href":"https:\/\/api.w.org\/{rel}","templated":true}]}}