{"id":69939,"date":"2026-01-27T16:25:12","date_gmt":"2026-01-27T15:25:12","guid":{"rendered":"https:\/\/ppdegalicia.com\/?p=69939"},"modified":"2026-01-27T16:25:12","modified_gmt":"2026-01-27T15:25:12","slug":"o-grupo-popular-cualifica-de-irresponsabilidade-maiuscula-que-o-bng-pona-en-dubida-sen-probas-a-atencion-sanitaria-que-reciben-os-pacientes-de-povisa-en-vigo-e-o-traballo-dos-profesi","status":"publish","type":"post","link":"https:\/\/ppdegalicia.com\/es\/o-grupo-popular-cualifica-de-irresponsabilidade-maiuscula-que-o-bng-pona-en-dubida-sen-probas-a-atencion-sanitaria-que-reciben-os-pacientes-de-povisa-en-vigo-e-o-traballo-dos-profesi\/","title":{"rendered":"O Grupo Popular cualifica de \u201cirresponsabilidade mai\u00fascula\u201d que o BNG po\u00f1a en d\u00fabida sen probas a atenci\u00f3n sanitaria que reciben os pacientes de POVISA en Vigo e o traballo dos profesionais"},"content":{"rendered":"<p>A portavoz de Sanidade do Grupo Popular, Encarna Amigo, cualificou hoxe de \u201cirresponsabilidade mai\u00fascula\u201d que o BNG \u201cpo\u00f1a en d\u00fabida sen probas a atenci\u00f3n sanitaria que reciben milleiros de pacientes do Hospital POVISA en Vigo, as\u00ed como o traballo que desenvolven os profesionais que traballan neste centro sanitario\u201d.<\/p>\n<p>Encarna Amigo lembrou que o contrato da Xunta con POVISA \u201cest\u00e1 publicado, fiscalizado e sometido \u00e1 Lei de contratos do sector p\u00fablico\u201d e indicou que \u201co \u00fanico que fixo o Goberno do PPdeG foi cambiar o modelo: pasouse dun concerto per c\u00e1pita a un contrato de servizos, no que se paga exclusivamente pola actividade efectivamente realizada\u201d.<\/p>\n<p><strong>MAIOR ORZAMENTO NO BIPARTITO<\/strong><\/p>\n<p>\u201cFalan dun contrato de 97 mill\u00f3ns de euros anuais como se fose un esc\u00e1ndalo, pero esquecen que no ano 2009, co Goberno bipartito de BNG e PSdeG, destin\u00e1banse 74,3 mill\u00f3ns de euros a POVISA, unha cifra que actualizada a d\u00eda de hoxe supor\u00eda m\u00e1is de 100 mill\u00f3ns de euros cada ano\u201d, manifestou.<\/p>\n<p>Ademais, a portavoz popular lembrou que o Goberno PSdeG-BNG asinou en 2006 un Acordo b\u00e1sico pola sa\u00fade da \u00e1rea de Vigo no que se defend\u00eda explicitamente manter e potenciar os instrumentos de concertaci\u00f3n e cooperaci\u00f3n p\u00fablico-privada. \u201cCando gobernan, a concertaci\u00f3n \u00e9 responsable, pero agora ch\u00e1mano esc\u00e1ndalo\u201d, criticou.<\/p>\n<p>Respecto das listas de espera no Hospital de POVISA, Encarna Amigo subli\u00f1ou que pasaron de 113 d\u00edas de espera cir\u00farxica en 2008 a 53 d\u00edas na actualidade. \u201cSesenta d\u00edas menos, resultado do actual modelo con m\u00e1is control, pago por actividade e supervisi\u00f3n constante\u201d, dixo.<\/p>\n<p>Para rematar, apuntou que o novo contrato asinado con POVISA incl\u00fae a posta en marcha dunha Unidade de Supervisi\u00f3n e Control, integrada por persoal p\u00fablico desde o primeiro d\u00eda para garantir o cumprimento das obrigas contractuais e a calidade asistencial. \u201cO Goberno do PP ten un modelo claro: sanidade p\u00fablica, universal, de calidade, con control p\u00fablico e sen dogmatismos ideol\u00f3xicos\u201d, sinalou.<\/p>\n","protected":false},"excerpt":{"rendered":"<p>A portavoz de Sanidade do Grupo Popular, Encarna Amigo, cualificou hoxe de \u201cirresponsabilidade mai\u00fascula\u201d que o BNG \u201cpo\u00f1a en d\u00fabida sen probas a atenci\u00f3n sanitaria que reciben milleiros de pacientes do Hospital POVISA en Vigo, as\u00ed como o traballo que desenvolven os profesionais que traballan neste centro sanitario\u201d. Encarna Amigo lembrou que o contrato da [&hellip;]<\/p>\n","protected":false},"author":38,"featured_media":69940,"comment_status":"closed","ping_status":"open","sticky":false,"template":"","format":"standard","meta":{"_acf_changed":false,"footnotes":""},"categories":[1128],"tags":[],"class_list":["post-69939","post","type-post","status-publish","format-standard","has-post-thumbnail","hentry","category-actualidad-parlamento-de-galicia"],"acf":[],"yoast_head":"<!-- This site is optimized with the Yoast SEO plugin v27.3 - https:\/\/yoast.com\/product\/yoast-seo-wordpress\/ -->\n<title>O Grupo Popular cualifica de \u201cirresponsabilidade mai\u00fascula\u201d que o BNG po\u00f1a en d\u00fabida sen probas a atenci\u00f3n sanitaria que reciben os pacientes de POVISA en Vigo e o traballo dos profesionais - PP de Galicia<\/title>\n<meta name=\"description\" content=\"A portavoz de Sanidade do Grupo Popular, Encarna Amigo, cualificou hoxe de \u201cirresponsabilidade mai\u00fascula\u201d que o BNG \u201cpo\u00f1a en d\u00fabida sen probas a atenci\u00f3n sanitaria que reciben milleiros de pacientes do Hospital POVISA en Vigo, as\u00ed como o traballo que desenvolven os profesionais que traballan neste centro sanitario\u201d.\" \/>\n<meta name=\"robots\" content=\"index, follow, max-snippet:-1, max-image-preview:large, max-video-preview:-1\" \/>\n<link rel=\"canonical\" href=\"https:\/\/ppdegalicia.com\/es\/o-grupo-popular-cualifica-de-irresponsabilidade-maiuscula-que-o-bng-pona-en-dubida-sen-probas-a-atencion-sanitaria-que-reciben-os-pacientes-de-povisa-en-vigo-e-o-traballo-dos-profesi\/\" \/>\n<meta property=\"og:locale\" content=\"es_ES\" \/>\n<meta property=\"og:type\" content=\"article\" \/>\n<meta property=\"og:title\" content=\"O Grupo Popular cualifica de \u201cirresponsabilidade mai\u00fascula\u201d que o BNG po\u00f1a en d\u00fabida sen probas a atenci\u00f3n sanitaria que reciben os pacientes de POVISA en Vigo e o traballo dos profesionais - PP de Galicia\" \/>\n<meta property=\"og:description\" content=\"A portavoz de Sanidade do Grupo Popular, Encarna Amigo, cualificou hoxe de \u201cirresponsabilidade mai\u00fascula\u201d que o BNG \u201cpo\u00f1a en d\u00fabida sen probas a atenci\u00f3n sanitaria que reciben milleiros de pacientes do Hospital POVISA en Vigo, as\u00ed como o traballo que desenvolven os profesionais que traballan neste centro sanitario\u201d.\" \/>\n<meta property=\"og:url\" content=\"https:\/\/ppdegalicia.com\/es\/o-grupo-popular-cualifica-de-irresponsabilidade-maiuscula-que-o-bng-pona-en-dubida-sen-probas-a-atencion-sanitaria-que-reciben-os-pacientes-de-povisa-en-vigo-e-o-traballo-dos-profesi\/\" \/>\n<meta property=\"og:site_name\" content=\"PP de Galicia\" \/>\n<meta property=\"article:publisher\" content=\"https:\/\/www.instagram.com\/ppdegalicia\/\" \/>\n<meta property=\"article:published_time\" content=\"2026-01-27T15:25:12+00:00\" \/>\n<meta property=\"og:image\" content=\"https:\/\/ppdegalicia.com\/wp-content\/uploads\/2026\/01\/20260127_Pleno_Ordinario135-scaled.jpg\" \/>\n\t<meta property=\"og:image:width\" content=\"2560\" \/>\n\t<meta property=\"og:image:height\" content=\"1707\" \/>\n\t<meta property=\"og:image:type\" content=\"image\/jpeg\" \/>\n<meta name=\"author\" content=\"ppdegaliciaredes\" \/>\n<meta name=\"twitter:card\" content=\"summary_large_image\" \/>\n<meta name=\"twitter:creator\" content=\"@ppdegalicia\" \/>\n<meta name=\"twitter:site\" content=\"@ppdegalicia\" \/>\n<meta name=\"twitter:label1\" content=\"Escrito por\" \/>\n\t<meta name=\"twitter:data1\" content=\"ppdegaliciaredes\" \/>\n\t<meta name=\"twitter:label2\" content=\"Tiempo de lectura\" \/>\n\t<meta name=\"twitter:data2\" content=\"2 minutos\" \/>\n<script type=\"application\/ld+json\" class=\"yoast-schema-graph\">{\"@context\":\"https:\\\/\\\/schema.org\",\"@graph\":[{\"@type\":\"Article\",\"@id\":\"https:\\\/\\\/ppdegalicia.com\\\/es\\\/o-grupo-popular-cualifica-de-irresponsabilidade-maiuscula-que-o-bng-pona-en-dubida-sen-probas-a-atencion-sanitaria-que-reciben-os-pacientes-de-povisa-en-vigo-e-o-traballo-dos-profesi\\\/#article\",\"isPartOf\":{\"@id\":\"https:\\\/\\\/ppdegalicia.com\\\/es\\\/o-grupo-popular-cualifica-de-irresponsabilidade-maiuscula-que-o-bng-pona-en-dubida-sen-probas-a-atencion-sanitaria-que-reciben-os-pacientes-de-povisa-en-vigo-e-o-traballo-dos-profesi\\\/\"},\"author\":{\"name\":\"ppdegaliciaredes\",\"@id\":\"https:\\\/\\\/ppdegalicia.com\\\/es\\\/#\\\/schema\\\/person\\\/5b822c6f59e872ebdd1142f307dbcb59\"},\"headline\":\"O Grupo Popular cualifica de \u201cirresponsabilidade mai\u00fascula\u201d que o BNG po\u00f1a en d\u00fabida sen probas a atenci\u00f3n sanitaria que reciben os pacientes de POVISA en Vigo e o traballo dos profesionais\",\"datePublished\":\"2026-01-27T15:25:12+00:00\",\"mainEntityOfPage\":{\"@id\":\"https:\\\/\\\/ppdegalicia.com\\\/es\\\/o-grupo-popular-cualifica-de-irresponsabilidade-maiuscula-que-o-bng-pona-en-dubida-sen-probas-a-atencion-sanitaria-que-reciben-os-pacientes-de-povisa-en-vigo-e-o-traballo-dos-profesi\\\/\"},\"wordCount\":374,\"publisher\":{\"@id\":\"https:\\\/\\\/ppdegalicia.com\\\/es\\\/#organization\"},\"image\":{\"@id\":\"https:\\\/\\\/ppdegalicia.com\\\/es\\\/o-grupo-popular-cualifica-de-irresponsabilidade-maiuscula-que-o-bng-pona-en-dubida-sen-probas-a-atencion-sanitaria-que-reciben-os-pacientes-de-povisa-en-vigo-e-o-traballo-dos-profesi\\\/#primaryimage\"},\"thumbnailUrl\":\"https:\\\/\\\/ppdegalicia.com\\\/wp-content\\\/uploads\\\/2026\\\/01\\\/20260127_Pleno_Ordinario135-scaled.jpg\",\"articleSection\":[\"Parlamento de Galicia\"],\"inLanguage\":\"es\"},{\"@type\":\"WebPage\",\"@id\":\"https:\\\/\\\/ppdegalicia.com\\\/es\\\/o-grupo-popular-cualifica-de-irresponsabilidade-maiuscula-que-o-bng-pona-en-dubida-sen-probas-a-atencion-sanitaria-que-reciben-os-pacientes-de-povisa-en-vigo-e-o-traballo-dos-profesi\\\/\",\"url\":\"https:\\\/\\\/ppdegalicia.com\\\/es\\\/o-grupo-popular-cualifica-de-irresponsabilidade-maiuscula-que-o-bng-pona-en-dubida-sen-probas-a-atencion-sanitaria-que-reciben-os-pacientes-de-povisa-en-vigo-e-o-traballo-dos-profesi\\\/\",\"name\":\"O Grupo Popular cualifica de \u201cirresponsabilidade mai\u00fascula\u201d que o BNG po\u00f1a en d\u00fabida sen probas a atenci\u00f3n sanitaria que reciben os pacientes de POVISA en Vigo e o traballo dos profesionais - PP de Galicia\",\"isPartOf\":{\"@id\":\"https:\\\/\\\/ppdegalicia.com\\\/es\\\/#website\"},\"primaryImageOfPage\":{\"@id\":\"https:\\\/\\\/ppdegalicia.com\\\/es\\\/o-grupo-popular-cualifica-de-irresponsabilidade-maiuscula-que-o-bng-pona-en-dubida-sen-probas-a-atencion-sanitaria-que-reciben-os-pacientes-de-povisa-en-vigo-e-o-traballo-dos-profesi\\\/#primaryimage\"},\"image\":{\"@id\":\"https:\\\/\\\/ppdegalicia.com\\\/es\\\/o-grupo-popular-cualifica-de-irresponsabilidade-maiuscula-que-o-bng-pona-en-dubida-sen-probas-a-atencion-sanitaria-que-reciben-os-pacientes-de-povisa-en-vigo-e-o-traballo-dos-profesi\\\/#primaryimage\"},\"thumbnailUrl\":\"https:\\\/\\\/ppdegalicia.com\\\/wp-content\\\/uploads\\\/2026\\\/01\\\/20260127_Pleno_Ordinario135-scaled.jpg\",\"datePublished\":\"2026-01-27T15:25:12+00:00\",\"description\":\"A portavoz de Sanidade do Grupo Popular, Encarna Amigo, cualificou hoxe de \u201cirresponsabilidade mai\u00fascula\u201d que o BNG \u201cpo\u00f1a en d\u00fabida sen probas a atenci\u00f3n sanitaria que reciben milleiros de pacientes do Hospital POVISA en Vigo, as\u00ed como o traballo que desenvolven os profesionais que traballan neste centro sanitario\u201d.\",\"breadcrumb\":{\"@id\":\"https:\\\/\\\/ppdegalicia.com\\\/es\\\/o-grupo-popular-cualifica-de-irresponsabilidade-maiuscula-que-o-bng-pona-en-dubida-sen-probas-a-atencion-sanitaria-que-reciben-os-pacientes-de-povisa-en-vigo-e-o-traballo-dos-profesi\\\/#breadcrumb\"},\"inLanguage\":\"es\",\"potentialAction\":[{\"@type\":\"ReadAction\",\"target\":[\"https:\\\/\\\/ppdegalicia.com\\\/es\\\/o-grupo-popular-cualifica-de-irresponsabilidade-maiuscula-que-o-bng-pona-en-dubida-sen-probas-a-atencion-sanitaria-que-reciben-os-pacientes-de-povisa-en-vigo-e-o-traballo-dos-profesi\\\/\"]}]},{\"@type\":\"ImageObject\",\"inLanguage\":\"es\",\"@id\":\"https:\\\/\\\/ppdegalicia.com\\\/es\\\/o-grupo-popular-cualifica-de-irresponsabilidade-maiuscula-que-o-bng-pona-en-dubida-sen-probas-a-atencion-sanitaria-que-reciben-os-pacientes-de-povisa-en-vigo-e-o-traballo-dos-profesi\\\/#primaryimage\",\"url\":\"https:\\\/\\\/ppdegalicia.com\\\/wp-content\\\/uploads\\\/2026\\\/01\\\/20260127_Pleno_Ordinario135-scaled.jpg\",\"contentUrl\":\"https:\\\/\\\/ppdegalicia.com\\\/wp-content\\\/uploads\\\/2026\\\/01\\\/20260127_Pleno_Ordinario135-scaled.jpg\",\"width\":2560,\"height\":1707},{\"@type\":\"BreadcrumbList\",\"@id\":\"https:\\\/\\\/ppdegalicia.com\\\/es\\\/o-grupo-popular-cualifica-de-irresponsabilidade-maiuscula-que-o-bng-pona-en-dubida-sen-probas-a-atencion-sanitaria-que-reciben-os-pacientes-de-povisa-en-vigo-e-o-traballo-dos-profesi\\\/#breadcrumb\",\"itemListElement\":[{\"@type\":\"ListItem\",\"position\":1,\"name\":\"Portada\",\"item\":\"https:\\\/\\\/ppdegalicia.com\\\/es\\\/\"},{\"@type\":\"ListItem\",\"position\":2,\"name\":\"O Grupo Popular cualifica de \u201cirresponsabilidade mai\u00fascula\u201d que o BNG po\u00f1a en d\u00fabida sen probas a atenci\u00f3n sanitaria que reciben os pacientes de POVISA en Vigo e o traballo dos profesionais\"}]},{\"@type\":\"WebSite\",\"@id\":\"https:\\\/\\\/ppdegalicia.com\\\/es\\\/#website\",\"url\":\"https:\\\/\\\/ppdegalicia.com\\\/es\\\/\",\"name\":\"Partido Popular de Galicia\",\"description\":\"Partido Popular de Galicia\",\"publisher\":{\"@id\":\"https:\\\/\\\/ppdegalicia.com\\\/es\\\/#organization\"},\"alternateName\":\"PP de Galicia\",\"potentialAction\":[{\"@type\":\"SearchAction\",\"target\":{\"@type\":\"EntryPoint\",\"urlTemplate\":\"https:\\\/\\\/ppdegalicia.com\\\/es\\\/?s={search_term_string}\"},\"query-input\":{\"@type\":\"PropertyValueSpecification\",\"valueRequired\":true,\"valueName\":\"search_term_string\"}}],\"inLanguage\":\"es\"},{\"@type\":\"Organization\",\"@id\":\"https:\\\/\\\/ppdegalicia.com\\\/es\\\/#organization\",\"name\":\"Partido Popular de Galicia\",\"alternateName\":\"PP de Galicia\",\"url\":\"https:\\\/\\\/ppdegalicia.com\\\/es\\\/\",\"logo\":{\"@type\":\"ImageObject\",\"inLanguage\":\"es\",\"@id\":\"https:\\\/\\\/ppdegalicia.com\\\/es\\\/#\\\/schema\\\/logo\\\/image\\\/\",\"url\":\"https:\\\/\\\/ppdegalicia.com\\\/wp-content\\\/uploads\\\/2023\\\/04\\\/logoPP512.png\",\"contentUrl\":\"https:\\\/\\\/ppdegalicia.com\\\/wp-content\\\/uploads\\\/2023\\\/04\\\/logoPP512.png\",\"width\":512,\"height\":512,\"caption\":\"Partido Popular de Galicia\"},\"image\":{\"@id\":\"https:\\\/\\\/ppdegalicia.com\\\/es\\\/#\\\/schema\\\/logo\\\/image\\\/\"},\"sameAs\":[\"https:\\\/\\\/www.instagram.com\\\/ppdegalicia\\\/\",\"https:\\\/\\\/x.com\\\/ppdegalicia\",\"https:\\\/\\\/www.tiktok.com\\\/@ppdegalicia\",\"https:\\\/\\\/www.youtube.com\\\/user\\\/ppdegalicia\"]},{\"@type\":\"Person\",\"@id\":\"https:\\\/\\\/ppdegalicia.com\\\/es\\\/#\\\/schema\\\/person\\\/5b822c6f59e872ebdd1142f307dbcb59\",\"name\":\"ppdegaliciaredes\",\"image\":{\"@type\":\"ImageObject\",\"inLanguage\":\"es\",\"@id\":\"https:\\\/\\\/secure.gravatar.com\\\/avatar\\\/3c9179cf0256d00c72a48d1f25783c58b6842cd56e85ef3a572881c8e28ccd59?s=96&d=mm&r=g\",\"url\":\"https:\\\/\\\/secure.gravatar.com\\\/avatar\\\/3c9179cf0256d00c72a48d1f25783c58b6842cd56e85ef3a572881c8e28ccd59?s=96&d=mm&r=g\",\"contentUrl\":\"https:\\\/\\\/secure.gravatar.com\\\/avatar\\\/3c9179cf0256d00c72a48d1f25783c58b6842cd56e85ef3a572881c8e28ccd59?s=96&d=mm&r=g\",\"caption\":\"ppdegaliciaredes\"},\"url\":\"https:\\\/\\\/ppdegalicia.com\\\/es\\\/author\\\/ppdegaliciaredes\\\/\"}]}<\/script>\n<!-- \/ Yoast SEO plugin. -->","yoast_head_json":{"title":"O Grupo Popular cualifica de \u201cirresponsabilidade mai\u00fascula\u201d que o BNG po\u00f1a en d\u00fabida sen probas a atenci\u00f3n sanitaria que reciben os pacientes de POVISA en Vigo e o traballo dos profesionais - PP de Galicia","description":"A portavoz de Sanidade do Grupo Popular, Encarna Amigo, cualificou hoxe de \u201cirresponsabilidade mai\u00fascula\u201d que o BNG \u201cpo\u00f1a en d\u00fabida sen probas a atenci\u00f3n sanitaria que reciben milleiros de pacientes do Hospital POVISA en Vigo, as\u00ed como o traballo que desenvolven os profesionais que traballan neste centro sanitario\u201d.","robots":{"index":"index","follow":"follow","max-snippet":"max-snippet:-1","max-image-preview":"max-image-preview:large","max-video-preview":"max-video-preview:-1"},"canonical":"https:\/\/ppdegalicia.com\/es\/o-grupo-popular-cualifica-de-irresponsabilidade-maiuscula-que-o-bng-pona-en-dubida-sen-probas-a-atencion-sanitaria-que-reciben-os-pacientes-de-povisa-en-vigo-e-o-traballo-dos-profesi\/","og_locale":"es_ES","og_type":"article","og_title":"O Grupo Popular cualifica de \u201cirresponsabilidade mai\u00fascula\u201d que o BNG po\u00f1a en d\u00fabida sen probas a atenci\u00f3n sanitaria que reciben os pacientes de POVISA en Vigo e o traballo dos profesionais - PP de Galicia","og_description":"A portavoz de Sanidade do Grupo Popular, Encarna Amigo, cualificou hoxe de \u201cirresponsabilidade mai\u00fascula\u201d que o BNG \u201cpo\u00f1a en d\u00fabida sen probas a atenci\u00f3n sanitaria que reciben milleiros de pacientes do Hospital POVISA en Vigo, as\u00ed como o traballo que desenvolven os profesionais que traballan neste centro sanitario\u201d.","og_url":"https:\/\/ppdegalicia.com\/es\/o-grupo-popular-cualifica-de-irresponsabilidade-maiuscula-que-o-bng-pona-en-dubida-sen-probas-a-atencion-sanitaria-que-reciben-os-pacientes-de-povisa-en-vigo-e-o-traballo-dos-profesi\/","og_site_name":"PP de Galicia","article_publisher":"https:\/\/www.instagram.com\/ppdegalicia\/","article_published_time":"2026-01-27T15:25:12+00:00","og_image":[{"width":2560,"height":1707,"url":"https:\/\/ppdegalicia.com\/wp-content\/uploads\/2026\/01\/20260127_Pleno_Ordinario135-scaled.jpg","type":"image\/jpeg"}],"author":"ppdegaliciaredes","twitter_card":"summary_large_image","twitter_creator":"@ppdegalicia","twitter_site":"@ppdegalicia","twitter_misc":{"Escrito por":"ppdegaliciaredes","Tiempo de lectura":"2 minutos"},"schema":{"@context":"https:\/\/schema.org","@graph":[{"@type":"Article","@id":"https:\/\/ppdegalicia.com\/es\/o-grupo-popular-cualifica-de-irresponsabilidade-maiuscula-que-o-bng-pona-en-dubida-sen-probas-a-atencion-sanitaria-que-reciben-os-pacientes-de-povisa-en-vigo-e-o-traballo-dos-profesi\/#article","isPartOf":{"@id":"https:\/\/ppdegalicia.com\/es\/o-grupo-popular-cualifica-de-irresponsabilidade-maiuscula-que-o-bng-pona-en-dubida-sen-probas-a-atencion-sanitaria-que-reciben-os-pacientes-de-povisa-en-vigo-e-o-traballo-dos-profesi\/"},"author":{"name":"ppdegaliciaredes","@id":"https:\/\/ppdegalicia.com\/es\/#\/schema\/person\/5b822c6f59e872ebdd1142f307dbcb59"},"headline":"O Grupo Popular cualifica de \u201cirresponsabilidade mai\u00fascula\u201d que o BNG po\u00f1a en d\u00fabida sen probas a atenci\u00f3n sanitaria que reciben os pacientes de POVISA en Vigo e o traballo dos profesionais","datePublished":"2026-01-27T15:25:12+00:00","mainEntityOfPage":{"@id":"https:\/\/ppdegalicia.com\/es\/o-grupo-popular-cualifica-de-irresponsabilidade-maiuscula-que-o-bng-pona-en-dubida-sen-probas-a-atencion-sanitaria-que-reciben-os-pacientes-de-povisa-en-vigo-e-o-traballo-dos-profesi\/"},"wordCount":374,"publisher":{"@id":"https:\/\/ppdegalicia.com\/es\/#organization"},"image":{"@id":"https:\/\/ppdegalicia.com\/es\/o-grupo-popular-cualifica-de-irresponsabilidade-maiuscula-que-o-bng-pona-en-dubida-sen-probas-a-atencion-sanitaria-que-reciben-os-pacientes-de-povisa-en-vigo-e-o-traballo-dos-profesi\/#primaryimage"},"thumbnailUrl":"https:\/\/ppdegalicia.com\/wp-content\/uploads\/2026\/01\/20260127_Pleno_Ordinario135-scaled.jpg","articleSection":["Parlamento de Galicia"],"inLanguage":"es"},{"@type":"WebPage","@id":"https:\/\/ppdegalicia.com\/es\/o-grupo-popular-cualifica-de-irresponsabilidade-maiuscula-que-o-bng-pona-en-dubida-sen-probas-a-atencion-sanitaria-que-reciben-os-pacientes-de-povisa-en-vigo-e-o-traballo-dos-profesi\/","url":"https:\/\/ppdegalicia.com\/es\/o-grupo-popular-cualifica-de-irresponsabilidade-maiuscula-que-o-bng-pona-en-dubida-sen-probas-a-atencion-sanitaria-que-reciben-os-pacientes-de-povisa-en-vigo-e-o-traballo-dos-profesi\/","name":"O Grupo Popular cualifica de \u201cirresponsabilidade mai\u00fascula\u201d que o BNG po\u00f1a en d\u00fabida sen probas a atenci\u00f3n sanitaria que reciben os pacientes de POVISA en Vigo e o traballo dos profesionais - PP de Galicia","isPartOf":{"@id":"https:\/\/ppdegalicia.com\/es\/#website"},"primaryImageOfPage":{"@id":"https:\/\/ppdegalicia.com\/es\/o-grupo-popular-cualifica-de-irresponsabilidade-maiuscula-que-o-bng-pona-en-dubida-sen-probas-a-atencion-sanitaria-que-reciben-os-pacientes-de-povisa-en-vigo-e-o-traballo-dos-profesi\/#primaryimage"},"image":{"@id":"https:\/\/ppdegalicia.com\/es\/o-grupo-popular-cualifica-de-irresponsabilidade-maiuscula-que-o-bng-pona-en-dubida-sen-probas-a-atencion-sanitaria-que-reciben-os-pacientes-de-povisa-en-vigo-e-o-traballo-dos-profesi\/#primaryimage"},"thumbnailUrl":"https:\/\/ppdegalicia.com\/wp-content\/uploads\/2026\/01\/20260127_Pleno_Ordinario135-scaled.jpg","datePublished":"2026-01-27T15:25:12+00:00","description":"A portavoz de Sanidade do Grupo Popular, Encarna Amigo, cualificou hoxe de \u201cirresponsabilidade mai\u00fascula\u201d que o BNG \u201cpo\u00f1a en d\u00fabida sen probas a atenci\u00f3n sanitaria que reciben milleiros de pacientes do Hospital POVISA en Vigo, as\u00ed como o traballo que desenvolven os profesionais que traballan neste centro sanitario\u201d.","breadcrumb":{"@id":"https:\/\/ppdegalicia.com\/es\/o-grupo-popular-cualifica-de-irresponsabilidade-maiuscula-que-o-bng-pona-en-dubida-sen-probas-a-atencion-sanitaria-que-reciben-os-pacientes-de-povisa-en-vigo-e-o-traballo-dos-profesi\/#breadcrumb"},"inLanguage":"es","potentialAction":[{"@type":"ReadAction","target":["https:\/\/ppdegalicia.com\/es\/o-grupo-popular-cualifica-de-irresponsabilidade-maiuscula-que-o-bng-pona-en-dubida-sen-probas-a-atencion-sanitaria-que-reciben-os-pacientes-de-povisa-en-vigo-e-o-traballo-dos-profesi\/"]}]},{"@type":"ImageObject","inLanguage":"es","@id":"https:\/\/ppdegalicia.com\/es\/o-grupo-popular-cualifica-de-irresponsabilidade-maiuscula-que-o-bng-pona-en-dubida-sen-probas-a-atencion-sanitaria-que-reciben-os-pacientes-de-povisa-en-vigo-e-o-traballo-dos-profesi\/#primaryimage","url":"https:\/\/ppdegalicia.com\/wp-content\/uploads\/2026\/01\/20260127_Pleno_Ordinario135-scaled.jpg","contentUrl":"https:\/\/ppdegalicia.com\/wp-content\/uploads\/2026\/01\/20260127_Pleno_Ordinario135-scaled.jpg","width":2560,"height":1707},{"@type":"BreadcrumbList","@id":"https:\/\/ppdegalicia.com\/es\/o-grupo-popular-cualifica-de-irresponsabilidade-maiuscula-que-o-bng-pona-en-dubida-sen-probas-a-atencion-sanitaria-que-reciben-os-pacientes-de-povisa-en-vigo-e-o-traballo-dos-profesi\/#breadcrumb","itemListElement":[{"@type":"ListItem","position":1,"name":"Portada","item":"https:\/\/ppdegalicia.com\/es\/"},{"@type":"ListItem","position":2,"name":"O Grupo Popular cualifica de \u201cirresponsabilidade mai\u00fascula\u201d que o BNG po\u00f1a en d\u00fabida sen probas a atenci\u00f3n sanitaria que reciben os pacientes de POVISA en Vigo e o traballo dos profesionais"}]},{"@type":"WebSite","@id":"https:\/\/ppdegalicia.com\/es\/#website","url":"https:\/\/ppdegalicia.com\/es\/","name":"Partido Popular de Galicia","description":"Partido Popular de Galicia","publisher":{"@id":"https:\/\/ppdegalicia.com\/es\/#organization"},"alternateName":"PP de Galicia","potentialAction":[{"@type":"SearchAction","target":{"@type":"EntryPoint","urlTemplate":"https:\/\/ppdegalicia.com\/es\/?s={search_term_string}"},"query-input":{"@type":"PropertyValueSpecification","valueRequired":true,"valueName":"search_term_string"}}],"inLanguage":"es"},{"@type":"Organization","@id":"https:\/\/ppdegalicia.com\/es\/#organization","name":"Partido Popular de Galicia","alternateName":"PP de Galicia","url":"https:\/\/ppdegalicia.com\/es\/","logo":{"@type":"ImageObject","inLanguage":"es","@id":"https:\/\/ppdegalicia.com\/es\/#\/schema\/logo\/image\/","url":"https:\/\/ppdegalicia.com\/wp-content\/uploads\/2023\/04\/logoPP512.png","contentUrl":"https:\/\/ppdegalicia.com\/wp-content\/uploads\/2023\/04\/logoPP512.png","width":512,"height":512,"caption":"Partido Popular de Galicia"},"image":{"@id":"https:\/\/ppdegalicia.com\/es\/#\/schema\/logo\/image\/"},"sameAs":["https:\/\/www.instagram.com\/ppdegalicia\/","https:\/\/x.com\/ppdegalicia","https:\/\/www.tiktok.com\/@ppdegalicia","https:\/\/www.youtube.com\/user\/ppdegalicia"]},{"@type":"Person","@id":"https:\/\/ppdegalicia.com\/es\/#\/schema\/person\/5b822c6f59e872ebdd1142f307dbcb59","name":"ppdegaliciaredes","image":{"@type":"ImageObject","inLanguage":"es","@id":"https:\/\/secure.gravatar.com\/avatar\/3c9179cf0256d00c72a48d1f25783c58b6842cd56e85ef3a572881c8e28ccd59?s=96&d=mm&r=g","url":"https:\/\/secure.gravatar.com\/avatar\/3c9179cf0256d00c72a48d1f25783c58b6842cd56e85ef3a572881c8e28ccd59?s=96&d=mm&r=g","contentUrl":"https:\/\/secure.gravatar.com\/avatar\/3c9179cf0256d00c72a48d1f25783c58b6842cd56e85ef3a572881c8e28ccd59?s=96&d=mm&r=g","caption":"ppdegaliciaredes"},"url":"https:\/\/ppdegalicia.com\/es\/author\/ppdegaliciaredes\/"}]}},"_links":{"self":[{"href":"https:\/\/ppdegalicia.com\/es\/wp-json\/wp\/v2\/posts\/69939","targetHints":{"allow":["GET"]}}],"collection":[{"href":"https:\/\/ppdegalicia.com\/es\/wp-json\/wp\/v2\/posts"}],"about":[{"href":"https:\/\/ppdegalicia.com\/es\/wp-json\/wp\/v2\/types\/post"}],"author":[{"embeddable":true,"href":"https:\/\/ppdegalicia.com\/es\/wp-json\/wp\/v2\/users\/38"}],"replies":[{"embeddable":true,"href":"https:\/\/ppdegalicia.com\/es\/wp-json\/wp\/v2\/comments?post=69939"}],"version-history":[{"count":1,"href":"https:\/\/ppdegalicia.com\/es\/wp-json\/wp\/v2\/posts\/69939\/revisions"}],"predecessor-version":[{"id":69942,"href":"https:\/\/ppdegalicia.com\/es\/wp-json\/wp\/v2\/posts\/69939\/revisions\/69942"}],"wp:featuredmedia":[{"embeddable":true,"href":"https:\/\/ppdegalicia.com\/es\/wp-json\/wp\/v2\/media\/69940"}],"wp:attachment":[{"href":"https:\/\/ppdegalicia.com\/es\/wp-json\/wp\/v2\/media?parent=69939"}],"wp:term":[{"taxonomy":"category","embeddable":true,"href":"https:\/\/ppdegalicia.com\/es\/wp-json\/wp\/v2\/categories?post=69939"},{"taxonomy":"post_tag","embeddable":true,"href":"https:\/\/ppdegalicia.com\/es\/wp-json\/wp\/v2\/tags?post=69939"}],"curies":[{"name":"wp","href":"https:\/\/api.w.org\/{rel}","templated":true}]}}