{"id":69947,"date":"2026-01-27T19:20:00","date_gmt":"2026-01-27T18:20:00","guid":{"rendered":"https:\/\/ppdegalicia.com\/?p=69947"},"modified":"2026-01-27T19:20:00","modified_gmt":"2026-01-27T18:20:00","slug":"o-grupo-popular-incide-que-o-acordo-ue-mercosur-non-pode-entrar-en-vigor-sen-garantias-reais-para-o-campo-primeiro-o-rural-logo-o-mercado","status":"publish","type":"post","link":"https:\/\/ppdegalicia.com\/es\/o-grupo-popular-incide-que-o-acordo-ue-mercosur-non-pode-entrar-en-vigor-sen-garantias-reais-para-o-campo-primeiro-o-rural-logo-o-mercado\/","title":{"rendered":"O Grupo Popular incide que o acordo UE-Mercosur \u201cnon pode entrar en vigor sen garant\u00edas reais para o campo: primeiro o rural, logo o mercado\u201d"},"content":{"rendered":"<p>O portavoz do Medio Rural do Grupo Popular, Miguel \u00c1ngel Viso, afirmou hoxe, respecto do acordo comercial entre a Uni\u00f3n Europea e Mercosur, que \u201ca nosa posici\u00f3n \u00e9 contundente: ning\u00fan acordo pode entrar en vigor sen garant\u00edas reais para o campo, sen cl\u00e1usulas autom\u00e1ticas, sen controis reforzados en fronteira e sen revisar as cargas que soportan os produtores europeos\u201d. \u201cTr\u00e1tase de dicir: primeiro o rural, logo o mercado\u201d, incidiu.<\/p>\n<p>Miguel \u00c1ngel Viso reiterou que \u201ca Xunta solicitar\u00e1 ao Goberno central e \u00e1 Comisi\u00f3n Europea que non activen de xeito provisional o acordo UE-Mercosur mentres non queden blindadas as garant\u00edas para agricultores e gandeiros do regulamento de salvagardas\u201d.<\/p>\n<p>Neste sentido, salientou que o PP logrou no d\u00eda de hoxe no Parlamento Europeo a aprobaci\u00f3n dun mecanismo de salvagardas reais e efectivas para protexer aos agricultores no acordo UE-Mercosur, reducindo os limiares de activaci\u00f3n ao 5 por cento e permitindo unha intervenci\u00f3n r\u00e1pida en s\u00f3 21 d\u00edas. As\u00ed mesmo, logrou que a Comisi\u00f3n Europea impulse un grupo de traballo espec\u00edfico para endurecer o seguimento e control das importaci\u00f3ns agroalimentarias.<\/p>\n<p><strong>ESTAR CO SECTOR<\/strong><\/p>\n<p>\u201cEstar co sector \u00e9 mobilizar recursos, acompa\u00f1ar, pagar axudas, reforzar servizos, apoiar investimentos, defender mercados e sentarse coas organizaci\u00f3ns agrarias cando hai problemas, e a Xunta leva anos demostrando con feitos ese compromiso\u201d, asegurou o portavoz popular.<\/p>\n<p>Por\u00e9n, lamentou que o BNG \u201cpresume de ser o partido do rural pese a que non protexeron aos gandeiros contra o lobo, votaron contra flexibilizar a PAC e impulsan un ecoloxismo radical\u201d. \u201cIso non \u00e9 defender o rural: \u00e9 castigar a quen produce e po\u00f1er en risco a miles de familias, facendo pol\u00edtica de escaparate con moita palabra en Galicia e pouca presi\u00f3n onde realmente importa e se decide\u201d, dixo.<\/p>\n<p>Viso acusou aos nacionalistas galegos de \u201cabrir a porta no Parlamento Europeo a unha aplicaci\u00f3n provisional do acordo UE-Mercosur sen negociaci\u00f3n\u201d. As\u00ed, anotou que \u201calg\u00fans preferiron ali\u00f1arse cos extremos antes que garantir seguridade xur\u00eddica e protecci\u00f3n efectiva, mentres o sector galego queda atrapado nun relato que crea ansiedade pero no crea garant\u00edas\u201d.<\/p>\n","protected":false},"excerpt":{"rendered":"<p>O portavoz do Medio Rural do Grupo Popular, Miguel \u00c1ngel Viso, afirmou hoxe, respecto do acordo comercial entre a Uni\u00f3n Europea e Mercosur, que \u201ca nosa posici\u00f3n \u00e9 contundente: ning\u00fan acordo pode entrar en vigor sen garant\u00edas reais para o campo, sen cl\u00e1usulas autom\u00e1ticas, sen controis reforzados en fronteira e sen revisar as cargas que [&hellip;]<\/p>\n","protected":false},"author":38,"featured_media":69948,"comment_status":"closed","ping_status":"open","sticky":false,"template":"","format":"standard","meta":{"_acf_changed":false,"footnotes":""},"categories":[1128],"tags":[],"class_list":["post-69947","post","type-post","status-publish","format-standard","has-post-thumbnail","hentry","category-actualidad-parlamento-de-galicia"],"acf":[],"yoast_head":"<!-- This site is optimized with the Yoast SEO plugin v27.3 - https:\/\/yoast.com\/product\/yoast-seo-wordpress\/ -->\n<title>O Grupo Popular incide que o acordo UE-Mercosur \u201cnon pode entrar en vigor sen garant\u00edas reais para o campo: primeiro o rural, logo o mercado\u201d - PP de Galicia<\/title>\n<meta name=\"description\" content=\"O portavoz do Medio Rural do Grupo Popular, Miguel \u00c1ngel Viso, afirmou hoxe, respecto do acordo comercial entre a Uni\u00f3n Europea e Mercosur, que \u201ca nosa posici\u00f3n \u00e9 contundente: ning\u00fan acordo pode entrar en vigor sen garant\u00edas reais para o campo, sen cl\u00e1usulas autom\u00e1ticas, sen controis reforzados en fronteira e sen revisar as cargas que soportan os produtores europeos\u201d. \u201cTr\u00e1tase de dicir: primeiro o rural, logo o mercado\u201d, incidiu.\" \/>\n<meta name=\"robots\" content=\"index, follow, max-snippet:-1, max-image-preview:large, max-video-preview:-1\" \/>\n<link rel=\"canonical\" href=\"https:\/\/ppdegalicia.com\/es\/o-grupo-popular-incide-que-o-acordo-ue-mercosur-non-pode-entrar-en-vigor-sen-garantias-reais-para-o-campo-primeiro-o-rural-logo-o-mercado\/\" \/>\n<meta property=\"og:locale\" content=\"es_ES\" \/>\n<meta property=\"og:type\" content=\"article\" \/>\n<meta property=\"og:title\" content=\"O Grupo Popular incide que o acordo UE-Mercosur \u201cnon pode entrar en vigor sen garant\u00edas reais para o campo: primeiro o rural, logo o mercado\u201d - PP de Galicia\" \/>\n<meta property=\"og:description\" content=\"O portavoz do Medio Rural do Grupo Popular, Miguel \u00c1ngel Viso, afirmou hoxe, respecto do acordo comercial entre a Uni\u00f3n Europea e Mercosur, que \u201ca nosa posici\u00f3n \u00e9 contundente: ning\u00fan acordo pode entrar en vigor sen garant\u00edas reais para o campo, sen cl\u00e1usulas autom\u00e1ticas, sen controis reforzados en fronteira e sen revisar as cargas que soportan os produtores europeos\u201d. \u201cTr\u00e1tase de dicir: primeiro o rural, logo o mercado\u201d, incidiu.\" \/>\n<meta property=\"og:url\" content=\"https:\/\/ppdegalicia.com\/es\/o-grupo-popular-incide-que-o-acordo-ue-mercosur-non-pode-entrar-en-vigor-sen-garantias-reais-para-o-campo-primeiro-o-rural-logo-o-mercado\/\" \/>\n<meta property=\"og:site_name\" content=\"PP de Galicia\" \/>\n<meta property=\"article:publisher\" content=\"https:\/\/www.instagram.com\/ppdegalicia\/\" \/>\n<meta property=\"article:published_time\" content=\"2026-01-27T18:20:00+00:00\" \/>\n<meta property=\"og:image\" content=\"https:\/\/ppdegalicia.com\/wp-content\/uploads\/2026\/01\/20260127_Pleno_Ordinario193-scaled.jpg\" \/>\n\t<meta property=\"og:image:width\" content=\"2560\" \/>\n\t<meta property=\"og:image:height\" content=\"1707\" \/>\n\t<meta property=\"og:image:type\" content=\"image\/jpeg\" \/>\n<meta name=\"author\" content=\"ppdegaliciaredes\" \/>\n<meta name=\"twitter:card\" content=\"summary_large_image\" \/>\n<meta name=\"twitter:creator\" content=\"@ppdegalicia\" \/>\n<meta name=\"twitter:site\" content=\"@ppdegalicia\" \/>\n<meta name=\"twitter:label1\" content=\"Escrito por\" \/>\n\t<meta name=\"twitter:data1\" content=\"ppdegaliciaredes\" \/>\n\t<meta name=\"twitter:label2\" content=\"Tiempo de lectura\" \/>\n\t<meta name=\"twitter:data2\" content=\"3 minutos\" \/>\n<script type=\"application\/ld+json\" class=\"yoast-schema-graph\">{\"@context\":\"https:\\\/\\\/schema.org\",\"@graph\":[{\"@type\":\"Article\",\"@id\":\"https:\\\/\\\/ppdegalicia.com\\\/es\\\/o-grupo-popular-incide-que-o-acordo-ue-mercosur-non-pode-entrar-en-vigor-sen-garantias-reais-para-o-campo-primeiro-o-rural-logo-o-mercado\\\/#article\",\"isPartOf\":{\"@id\":\"https:\\\/\\\/ppdegalicia.com\\\/es\\\/o-grupo-popular-incide-que-o-acordo-ue-mercosur-non-pode-entrar-en-vigor-sen-garantias-reais-para-o-campo-primeiro-o-rural-logo-o-mercado\\\/\"},\"author\":{\"name\":\"ppdegaliciaredes\",\"@id\":\"https:\\\/\\\/ppdegalicia.com\\\/es\\\/#\\\/schema\\\/person\\\/5b822c6f59e872ebdd1142f307dbcb59\"},\"headline\":\"O Grupo Popular incide que o acordo UE-Mercosur \u201cnon pode entrar en vigor sen garant\u00edas reais para o campo: primeiro o rural, logo o mercado\u201d\",\"datePublished\":\"2026-01-27T18:20:00+00:00\",\"mainEntityOfPage\":{\"@id\":\"https:\\\/\\\/ppdegalicia.com\\\/es\\\/o-grupo-popular-incide-que-o-acordo-ue-mercosur-non-pode-entrar-en-vigor-sen-garantias-reais-para-o-campo-primeiro-o-rural-logo-o-mercado\\\/\"},\"wordCount\":389,\"publisher\":{\"@id\":\"https:\\\/\\\/ppdegalicia.com\\\/es\\\/#organization\"},\"image\":{\"@id\":\"https:\\\/\\\/ppdegalicia.com\\\/es\\\/o-grupo-popular-incide-que-o-acordo-ue-mercosur-non-pode-entrar-en-vigor-sen-garantias-reais-para-o-campo-primeiro-o-rural-logo-o-mercado\\\/#primaryimage\"},\"thumbnailUrl\":\"https:\\\/\\\/ppdegalicia.com\\\/wp-content\\\/uploads\\\/2026\\\/01\\\/20260127_Pleno_Ordinario193-scaled.jpg\",\"articleSection\":[\"Parlamento de Galicia\"],\"inLanguage\":\"es\"},{\"@type\":\"WebPage\",\"@id\":\"https:\\\/\\\/ppdegalicia.com\\\/es\\\/o-grupo-popular-incide-que-o-acordo-ue-mercosur-non-pode-entrar-en-vigor-sen-garantias-reais-para-o-campo-primeiro-o-rural-logo-o-mercado\\\/\",\"url\":\"https:\\\/\\\/ppdegalicia.com\\\/es\\\/o-grupo-popular-incide-que-o-acordo-ue-mercosur-non-pode-entrar-en-vigor-sen-garantias-reais-para-o-campo-primeiro-o-rural-logo-o-mercado\\\/\",\"name\":\"O Grupo Popular incide que o acordo UE-Mercosur \u201cnon pode entrar en vigor sen garant\u00edas reais para o campo: primeiro o rural, logo o mercado\u201d - PP de Galicia\",\"isPartOf\":{\"@id\":\"https:\\\/\\\/ppdegalicia.com\\\/es\\\/#website\"},\"primaryImageOfPage\":{\"@id\":\"https:\\\/\\\/ppdegalicia.com\\\/es\\\/o-grupo-popular-incide-que-o-acordo-ue-mercosur-non-pode-entrar-en-vigor-sen-garantias-reais-para-o-campo-primeiro-o-rural-logo-o-mercado\\\/#primaryimage\"},\"image\":{\"@id\":\"https:\\\/\\\/ppdegalicia.com\\\/es\\\/o-grupo-popular-incide-que-o-acordo-ue-mercosur-non-pode-entrar-en-vigor-sen-garantias-reais-para-o-campo-primeiro-o-rural-logo-o-mercado\\\/#primaryimage\"},\"thumbnailUrl\":\"https:\\\/\\\/ppdegalicia.com\\\/wp-content\\\/uploads\\\/2026\\\/01\\\/20260127_Pleno_Ordinario193-scaled.jpg\",\"datePublished\":\"2026-01-27T18:20:00+00:00\",\"description\":\"O portavoz do Medio Rural do Grupo Popular, Miguel \u00c1ngel Viso, afirmou hoxe, respecto do acordo comercial entre a Uni\u00f3n Europea e Mercosur, que \u201ca nosa posici\u00f3n \u00e9 contundente: ning\u00fan acordo pode entrar en vigor sen garant\u00edas reais para o campo, sen cl\u00e1usulas autom\u00e1ticas, sen controis reforzados en fronteira e sen revisar as cargas que soportan os produtores europeos\u201d. \u201cTr\u00e1tase de dicir: primeiro o rural, logo o mercado\u201d, incidiu.\",\"breadcrumb\":{\"@id\":\"https:\\\/\\\/ppdegalicia.com\\\/es\\\/o-grupo-popular-incide-que-o-acordo-ue-mercosur-non-pode-entrar-en-vigor-sen-garantias-reais-para-o-campo-primeiro-o-rural-logo-o-mercado\\\/#breadcrumb\"},\"inLanguage\":\"es\",\"potentialAction\":[{\"@type\":\"ReadAction\",\"target\":[\"https:\\\/\\\/ppdegalicia.com\\\/es\\\/o-grupo-popular-incide-que-o-acordo-ue-mercosur-non-pode-entrar-en-vigor-sen-garantias-reais-para-o-campo-primeiro-o-rural-logo-o-mercado\\\/\"]}]},{\"@type\":\"ImageObject\",\"inLanguage\":\"es\",\"@id\":\"https:\\\/\\\/ppdegalicia.com\\\/es\\\/o-grupo-popular-incide-que-o-acordo-ue-mercosur-non-pode-entrar-en-vigor-sen-garantias-reais-para-o-campo-primeiro-o-rural-logo-o-mercado\\\/#primaryimage\",\"url\":\"https:\\\/\\\/ppdegalicia.com\\\/wp-content\\\/uploads\\\/2026\\\/01\\\/20260127_Pleno_Ordinario193-scaled.jpg\",\"contentUrl\":\"https:\\\/\\\/ppdegalicia.com\\\/wp-content\\\/uploads\\\/2026\\\/01\\\/20260127_Pleno_Ordinario193-scaled.jpg\",\"width\":2560,\"height\":1707},{\"@type\":\"BreadcrumbList\",\"@id\":\"https:\\\/\\\/ppdegalicia.com\\\/es\\\/o-grupo-popular-incide-que-o-acordo-ue-mercosur-non-pode-entrar-en-vigor-sen-garantias-reais-para-o-campo-primeiro-o-rural-logo-o-mercado\\\/#breadcrumb\",\"itemListElement\":[{\"@type\":\"ListItem\",\"position\":1,\"name\":\"Portada\",\"item\":\"https:\\\/\\\/ppdegalicia.com\\\/es\\\/\"},{\"@type\":\"ListItem\",\"position\":2,\"name\":\"O Grupo Popular incide que o acordo UE-Mercosur \u201cnon pode entrar en vigor sen garant\u00edas reais para o campo: primeiro o rural, logo o mercado\u201d\"}]},{\"@type\":\"WebSite\",\"@id\":\"https:\\\/\\\/ppdegalicia.com\\\/es\\\/#website\",\"url\":\"https:\\\/\\\/ppdegalicia.com\\\/es\\\/\",\"name\":\"Partido Popular de Galicia\",\"description\":\"Partido Popular de Galicia\",\"publisher\":{\"@id\":\"https:\\\/\\\/ppdegalicia.com\\\/es\\\/#organization\"},\"alternateName\":\"PP de Galicia\",\"potentialAction\":[{\"@type\":\"SearchAction\",\"target\":{\"@type\":\"EntryPoint\",\"urlTemplate\":\"https:\\\/\\\/ppdegalicia.com\\\/es\\\/?s={search_term_string}\"},\"query-input\":{\"@type\":\"PropertyValueSpecification\",\"valueRequired\":true,\"valueName\":\"search_term_string\"}}],\"inLanguage\":\"es\"},{\"@type\":\"Organization\",\"@id\":\"https:\\\/\\\/ppdegalicia.com\\\/es\\\/#organization\",\"name\":\"Partido Popular de Galicia\",\"alternateName\":\"PP de Galicia\",\"url\":\"https:\\\/\\\/ppdegalicia.com\\\/es\\\/\",\"logo\":{\"@type\":\"ImageObject\",\"inLanguage\":\"es\",\"@id\":\"https:\\\/\\\/ppdegalicia.com\\\/es\\\/#\\\/schema\\\/logo\\\/image\\\/\",\"url\":\"https:\\\/\\\/ppdegalicia.com\\\/wp-content\\\/uploads\\\/2023\\\/04\\\/logoPP512.png\",\"contentUrl\":\"https:\\\/\\\/ppdegalicia.com\\\/wp-content\\\/uploads\\\/2023\\\/04\\\/logoPP512.png\",\"width\":512,\"height\":512,\"caption\":\"Partido Popular de Galicia\"},\"image\":{\"@id\":\"https:\\\/\\\/ppdegalicia.com\\\/es\\\/#\\\/schema\\\/logo\\\/image\\\/\"},\"sameAs\":[\"https:\\\/\\\/www.instagram.com\\\/ppdegalicia\\\/\",\"https:\\\/\\\/x.com\\\/ppdegalicia\",\"https:\\\/\\\/www.tiktok.com\\\/@ppdegalicia\",\"https:\\\/\\\/www.youtube.com\\\/user\\\/ppdegalicia\"]},{\"@type\":\"Person\",\"@id\":\"https:\\\/\\\/ppdegalicia.com\\\/es\\\/#\\\/schema\\\/person\\\/5b822c6f59e872ebdd1142f307dbcb59\",\"name\":\"ppdegaliciaredes\",\"image\":{\"@type\":\"ImageObject\",\"inLanguage\":\"es\",\"@id\":\"https:\\\/\\\/secure.gravatar.com\\\/avatar\\\/3c9179cf0256d00c72a48d1f25783c58b6842cd56e85ef3a572881c8e28ccd59?s=96&d=mm&r=g\",\"url\":\"https:\\\/\\\/secure.gravatar.com\\\/avatar\\\/3c9179cf0256d00c72a48d1f25783c58b6842cd56e85ef3a572881c8e28ccd59?s=96&d=mm&r=g\",\"contentUrl\":\"https:\\\/\\\/secure.gravatar.com\\\/avatar\\\/3c9179cf0256d00c72a48d1f25783c58b6842cd56e85ef3a572881c8e28ccd59?s=96&d=mm&r=g\",\"caption\":\"ppdegaliciaredes\"},\"url\":\"https:\\\/\\\/ppdegalicia.com\\\/es\\\/author\\\/ppdegaliciaredes\\\/\"}]}<\/script>\n<!-- \/ Yoast SEO plugin. -->","yoast_head_json":{"title":"O Grupo Popular incide que o acordo UE-Mercosur \u201cnon pode entrar en vigor sen garant\u00edas reais para o campo: primeiro o rural, logo o mercado\u201d - PP de Galicia","description":"O portavoz do Medio Rural do Grupo Popular, Miguel \u00c1ngel Viso, afirmou hoxe, respecto do acordo comercial entre a Uni\u00f3n Europea e Mercosur, que \u201ca nosa posici\u00f3n \u00e9 contundente: ning\u00fan acordo pode entrar en vigor sen garant\u00edas reais para o campo, sen cl\u00e1usulas autom\u00e1ticas, sen controis reforzados en fronteira e sen revisar as cargas que soportan os produtores europeos\u201d. \u201cTr\u00e1tase de dicir: primeiro o rural, logo o mercado\u201d, incidiu.","robots":{"index":"index","follow":"follow","max-snippet":"max-snippet:-1","max-image-preview":"max-image-preview:large","max-video-preview":"max-video-preview:-1"},"canonical":"https:\/\/ppdegalicia.com\/es\/o-grupo-popular-incide-que-o-acordo-ue-mercosur-non-pode-entrar-en-vigor-sen-garantias-reais-para-o-campo-primeiro-o-rural-logo-o-mercado\/","og_locale":"es_ES","og_type":"article","og_title":"O Grupo Popular incide que o acordo UE-Mercosur \u201cnon pode entrar en vigor sen garant\u00edas reais para o campo: primeiro o rural, logo o mercado\u201d - PP de Galicia","og_description":"O portavoz do Medio Rural do Grupo Popular, Miguel \u00c1ngel Viso, afirmou hoxe, respecto do acordo comercial entre a Uni\u00f3n Europea e Mercosur, que \u201ca nosa posici\u00f3n \u00e9 contundente: ning\u00fan acordo pode entrar en vigor sen garant\u00edas reais para o campo, sen cl\u00e1usulas autom\u00e1ticas, sen controis reforzados en fronteira e sen revisar as cargas que soportan os produtores europeos\u201d. \u201cTr\u00e1tase de dicir: primeiro o rural, logo o mercado\u201d, incidiu.","og_url":"https:\/\/ppdegalicia.com\/es\/o-grupo-popular-incide-que-o-acordo-ue-mercosur-non-pode-entrar-en-vigor-sen-garantias-reais-para-o-campo-primeiro-o-rural-logo-o-mercado\/","og_site_name":"PP de Galicia","article_publisher":"https:\/\/www.instagram.com\/ppdegalicia\/","article_published_time":"2026-01-27T18:20:00+00:00","og_image":[{"width":2560,"height":1707,"url":"https:\/\/ppdegalicia.com\/wp-content\/uploads\/2026\/01\/20260127_Pleno_Ordinario193-scaled.jpg","type":"image\/jpeg"}],"author":"ppdegaliciaredes","twitter_card":"summary_large_image","twitter_creator":"@ppdegalicia","twitter_site":"@ppdegalicia","twitter_misc":{"Escrito por":"ppdegaliciaredes","Tiempo de lectura":"3 minutos"},"schema":{"@context":"https:\/\/schema.org","@graph":[{"@type":"Article","@id":"https:\/\/ppdegalicia.com\/es\/o-grupo-popular-incide-que-o-acordo-ue-mercosur-non-pode-entrar-en-vigor-sen-garantias-reais-para-o-campo-primeiro-o-rural-logo-o-mercado\/#article","isPartOf":{"@id":"https:\/\/ppdegalicia.com\/es\/o-grupo-popular-incide-que-o-acordo-ue-mercosur-non-pode-entrar-en-vigor-sen-garantias-reais-para-o-campo-primeiro-o-rural-logo-o-mercado\/"},"author":{"name":"ppdegaliciaredes","@id":"https:\/\/ppdegalicia.com\/es\/#\/schema\/person\/5b822c6f59e872ebdd1142f307dbcb59"},"headline":"O Grupo Popular incide que o acordo UE-Mercosur \u201cnon pode entrar en vigor sen garant\u00edas reais para o campo: primeiro o rural, logo o mercado\u201d","datePublished":"2026-01-27T18:20:00+00:00","mainEntityOfPage":{"@id":"https:\/\/ppdegalicia.com\/es\/o-grupo-popular-incide-que-o-acordo-ue-mercosur-non-pode-entrar-en-vigor-sen-garantias-reais-para-o-campo-primeiro-o-rural-logo-o-mercado\/"},"wordCount":389,"publisher":{"@id":"https:\/\/ppdegalicia.com\/es\/#organization"},"image":{"@id":"https:\/\/ppdegalicia.com\/es\/o-grupo-popular-incide-que-o-acordo-ue-mercosur-non-pode-entrar-en-vigor-sen-garantias-reais-para-o-campo-primeiro-o-rural-logo-o-mercado\/#primaryimage"},"thumbnailUrl":"https:\/\/ppdegalicia.com\/wp-content\/uploads\/2026\/01\/20260127_Pleno_Ordinario193-scaled.jpg","articleSection":["Parlamento de Galicia"],"inLanguage":"es"},{"@type":"WebPage","@id":"https:\/\/ppdegalicia.com\/es\/o-grupo-popular-incide-que-o-acordo-ue-mercosur-non-pode-entrar-en-vigor-sen-garantias-reais-para-o-campo-primeiro-o-rural-logo-o-mercado\/","url":"https:\/\/ppdegalicia.com\/es\/o-grupo-popular-incide-que-o-acordo-ue-mercosur-non-pode-entrar-en-vigor-sen-garantias-reais-para-o-campo-primeiro-o-rural-logo-o-mercado\/","name":"O Grupo Popular incide que o acordo UE-Mercosur \u201cnon pode entrar en vigor sen garant\u00edas reais para o campo: primeiro o rural, logo o mercado\u201d - PP de Galicia","isPartOf":{"@id":"https:\/\/ppdegalicia.com\/es\/#website"},"primaryImageOfPage":{"@id":"https:\/\/ppdegalicia.com\/es\/o-grupo-popular-incide-que-o-acordo-ue-mercosur-non-pode-entrar-en-vigor-sen-garantias-reais-para-o-campo-primeiro-o-rural-logo-o-mercado\/#primaryimage"},"image":{"@id":"https:\/\/ppdegalicia.com\/es\/o-grupo-popular-incide-que-o-acordo-ue-mercosur-non-pode-entrar-en-vigor-sen-garantias-reais-para-o-campo-primeiro-o-rural-logo-o-mercado\/#primaryimage"},"thumbnailUrl":"https:\/\/ppdegalicia.com\/wp-content\/uploads\/2026\/01\/20260127_Pleno_Ordinario193-scaled.jpg","datePublished":"2026-01-27T18:20:00+00:00","description":"O portavoz do Medio Rural do Grupo Popular, Miguel \u00c1ngel Viso, afirmou hoxe, respecto do acordo comercial entre a Uni\u00f3n Europea e Mercosur, que \u201ca nosa posici\u00f3n \u00e9 contundente: ning\u00fan acordo pode entrar en vigor sen garant\u00edas reais para o campo, sen cl\u00e1usulas autom\u00e1ticas, sen controis reforzados en fronteira e sen revisar as cargas que soportan os produtores europeos\u201d. \u201cTr\u00e1tase de dicir: primeiro o rural, logo o mercado\u201d, incidiu.","breadcrumb":{"@id":"https:\/\/ppdegalicia.com\/es\/o-grupo-popular-incide-que-o-acordo-ue-mercosur-non-pode-entrar-en-vigor-sen-garantias-reais-para-o-campo-primeiro-o-rural-logo-o-mercado\/#breadcrumb"},"inLanguage":"es","potentialAction":[{"@type":"ReadAction","target":["https:\/\/ppdegalicia.com\/es\/o-grupo-popular-incide-que-o-acordo-ue-mercosur-non-pode-entrar-en-vigor-sen-garantias-reais-para-o-campo-primeiro-o-rural-logo-o-mercado\/"]}]},{"@type":"ImageObject","inLanguage":"es","@id":"https:\/\/ppdegalicia.com\/es\/o-grupo-popular-incide-que-o-acordo-ue-mercosur-non-pode-entrar-en-vigor-sen-garantias-reais-para-o-campo-primeiro-o-rural-logo-o-mercado\/#primaryimage","url":"https:\/\/ppdegalicia.com\/wp-content\/uploads\/2026\/01\/20260127_Pleno_Ordinario193-scaled.jpg","contentUrl":"https:\/\/ppdegalicia.com\/wp-content\/uploads\/2026\/01\/20260127_Pleno_Ordinario193-scaled.jpg","width":2560,"height":1707},{"@type":"BreadcrumbList","@id":"https:\/\/ppdegalicia.com\/es\/o-grupo-popular-incide-que-o-acordo-ue-mercosur-non-pode-entrar-en-vigor-sen-garantias-reais-para-o-campo-primeiro-o-rural-logo-o-mercado\/#breadcrumb","itemListElement":[{"@type":"ListItem","position":1,"name":"Portada","item":"https:\/\/ppdegalicia.com\/es\/"},{"@type":"ListItem","position":2,"name":"O Grupo Popular incide que o acordo UE-Mercosur \u201cnon pode entrar en vigor sen garant\u00edas reais para o campo: primeiro o rural, logo o mercado\u201d"}]},{"@type":"WebSite","@id":"https:\/\/ppdegalicia.com\/es\/#website","url":"https:\/\/ppdegalicia.com\/es\/","name":"Partido Popular de Galicia","description":"Partido Popular de Galicia","publisher":{"@id":"https:\/\/ppdegalicia.com\/es\/#organization"},"alternateName":"PP de Galicia","potentialAction":[{"@type":"SearchAction","target":{"@type":"EntryPoint","urlTemplate":"https:\/\/ppdegalicia.com\/es\/?s={search_term_string}"},"query-input":{"@type":"PropertyValueSpecification","valueRequired":true,"valueName":"search_term_string"}}],"inLanguage":"es"},{"@type":"Organization","@id":"https:\/\/ppdegalicia.com\/es\/#organization","name":"Partido Popular de Galicia","alternateName":"PP de Galicia","url":"https:\/\/ppdegalicia.com\/es\/","logo":{"@type":"ImageObject","inLanguage":"es","@id":"https:\/\/ppdegalicia.com\/es\/#\/schema\/logo\/image\/","url":"https:\/\/ppdegalicia.com\/wp-content\/uploads\/2023\/04\/logoPP512.png","contentUrl":"https:\/\/ppdegalicia.com\/wp-content\/uploads\/2023\/04\/logoPP512.png","width":512,"height":512,"caption":"Partido Popular de Galicia"},"image":{"@id":"https:\/\/ppdegalicia.com\/es\/#\/schema\/logo\/image\/"},"sameAs":["https:\/\/www.instagram.com\/ppdegalicia\/","https:\/\/x.com\/ppdegalicia","https:\/\/www.tiktok.com\/@ppdegalicia","https:\/\/www.youtube.com\/user\/ppdegalicia"]},{"@type":"Person","@id":"https:\/\/ppdegalicia.com\/es\/#\/schema\/person\/5b822c6f59e872ebdd1142f307dbcb59","name":"ppdegaliciaredes","image":{"@type":"ImageObject","inLanguage":"es","@id":"https:\/\/secure.gravatar.com\/avatar\/3c9179cf0256d00c72a48d1f25783c58b6842cd56e85ef3a572881c8e28ccd59?s=96&d=mm&r=g","url":"https:\/\/secure.gravatar.com\/avatar\/3c9179cf0256d00c72a48d1f25783c58b6842cd56e85ef3a572881c8e28ccd59?s=96&d=mm&r=g","contentUrl":"https:\/\/secure.gravatar.com\/avatar\/3c9179cf0256d00c72a48d1f25783c58b6842cd56e85ef3a572881c8e28ccd59?s=96&d=mm&r=g","caption":"ppdegaliciaredes"},"url":"https:\/\/ppdegalicia.com\/es\/author\/ppdegaliciaredes\/"}]}},"_links":{"self":[{"href":"https:\/\/ppdegalicia.com\/es\/wp-json\/wp\/v2\/posts\/69947","targetHints":{"allow":["GET"]}}],"collection":[{"href":"https:\/\/ppdegalicia.com\/es\/wp-json\/wp\/v2\/posts"}],"about":[{"href":"https:\/\/ppdegalicia.com\/es\/wp-json\/wp\/v2\/types\/post"}],"author":[{"embeddable":true,"href":"https:\/\/ppdegalicia.com\/es\/wp-json\/wp\/v2\/users\/38"}],"replies":[{"embeddable":true,"href":"https:\/\/ppdegalicia.com\/es\/wp-json\/wp\/v2\/comments?post=69947"}],"version-history":[{"count":1,"href":"https:\/\/ppdegalicia.com\/es\/wp-json\/wp\/v2\/posts\/69947\/revisions"}],"predecessor-version":[{"id":69950,"href":"https:\/\/ppdegalicia.com\/es\/wp-json\/wp\/v2\/posts\/69947\/revisions\/69950"}],"wp:featuredmedia":[{"embeddable":true,"href":"https:\/\/ppdegalicia.com\/es\/wp-json\/wp\/v2\/media\/69948"}],"wp:attachment":[{"href":"https:\/\/ppdegalicia.com\/es\/wp-json\/wp\/v2\/media?parent=69947"}],"wp:term":[{"taxonomy":"category","embeddable":true,"href":"https:\/\/ppdegalicia.com\/es\/wp-json\/wp\/v2\/categories?post=69947"},{"taxonomy":"post_tag","embeddable":true,"href":"https:\/\/ppdegalicia.com\/es\/wp-json\/wp\/v2\/tags?post=69947"}],"curies":[{"name":"wp","href":"https:\/\/api.w.org\/{rel}","templated":true}]}}