{"id":69951,"date":"2026-01-27T20:16:01","date_gmt":"2026-01-27T19:16:01","guid":{"rendered":"https:\/\/ppdegalicia.com\/?p=69951"},"modified":"2026-01-27T20:16:01","modified_gmt":"2026-01-27T19:16:01","slug":"o-grupo-popular-contrapon-o-abandono-do-goberno-central-aos-concellos-e-que-a-xunta-estea-costeando-servizos-e-competencias-municipais","status":"publish","type":"post","link":"https:\/\/ppdegalicia.com\/es\/o-grupo-popular-contrapon-o-abandono-do-goberno-central-aos-concellos-e-que-a-xunta-estea-costeando-servizos-e-competencias-municipais\/","title":{"rendered":"O Grupo Popular contrap\u00f3n o abandono do Goberno central aos concellos e que a Xunta estea costeando servizos e competencias municipais"},"content":{"rendered":"<p>A viceportavoz do Grupo Popular, Paula Prado, contrapuxo hoxe no Pleno do Parlamento de Galicia \u201co modelo do Goberno de Pedro S\u00e1nchez, que abandona aos concellos, non financia o que lle corresponde e imp\u00f3n obrigas sen recursos; e o modelo da Xunta, que est\u00e1 costeando innumerables servizos e competencias que son municipais ou que son competencia doutras administraci\u00f3ns\u201d.<\/p>\n<p>Paula Prado criticou ao PSdeG que \u201cnon ve\u00f1en aqu\u00ed a falar seriamente de financiamento local, sen\u00f3n a tapar a vergo\u00f1a do novo modelo de financiamento que promove o Goberno de Pedro S\u00e1nchez, un modelo que sacrifica a igualdade dos espa\u00f1ois para manterse na Moncloa, atendendo as esixencias dos seus socios independentistas e rachando co principio de solidariedade territorial\u201d.<\/p>\n<p>\u201cA Xunta asume competencias que claramente corresponden \u00e1s deputaci\u00f3ns provinciais e aos concellos de m\u00e1is de 20.000 habitantes, como as emerxencias, os parques de bombeiros, os GES, as agrupaci\u00f3ns de voluntarios de protecci\u00f3n civil ou o financiamento do servizo de axuda no fogar, ao que, logo do acordo acadado coa Fegamp, pasar\u00e1 de aportar 148 mill\u00f3ns de euros este ano a m\u00e1is de 220 mill\u00f3ns en 2028\u201d, indicou a viceportavoz popular.<\/p>\n<p><strong>INCREMENTO DO FONDO DE COOPERACI\u00d3N LOCAL<\/strong><\/p>\n<p>Neste sentido, Paula Prado asegurou que este servizo \u201cser\u00eda moito mellor se o Goberno de S\u00e1nchez pagase dunha vez os m\u00e1is de 2.900 mill\u00f3ns de euros que o Estado debe a Galicia pola prestaci\u00f3n da dependencia, ao tempo que aporte de maneira definitiva o 50 por cento que lle corresponden por esta lei para a atenci\u00f3n aos dependentes de Galicia\u201d.<\/p>\n<p>Respecto do Fondo de Cooperaci\u00f3n Local da Xunta, Prado subli\u00f1ou que \u201cnon deixou de medrar nos \u00faltimos anos, marcando un novo r\u00e9cord en 2026 ao chegar aos 187 mill\u00f3ns de euros, logo de incrementarse un 12 por cento respecto ao pasado ano\u201d.<\/p>\n<p>Para rematar, Paula Prado referiuse \u00e1 situaci\u00f3n que se viviu na Deputaci\u00f3n de Lugo, onde \u201co BNG garantiu o sentido do seu voto non para esixir a dimisi\u00f3n do se\u00f1or Tom\u00e9, acusado publicamente dunha agresi\u00f3n sexual, sen\u00f3n por 500.000 euros: un acordo econ\u00f3mico, o chamado pacto guarro, que permitiu manter no poder a quen deb\u00eda dar explicaci\u00f3ns pol\u00edticas\u201d.<\/p>\n<p>\u201cCando falen de \u00e9tica, de feminismo ou de financiamento xusto, a pregunta \u00e9 inevitable: os recurso p\u00fablicos est\u00e1n ao servizo da cidadan\u00eda ou son moeda de cambio para manter cargos a calquera prezo\u201d, cuestionou.<\/p>\n","protected":false},"excerpt":{"rendered":"<p>A viceportavoz do Grupo Popular, Paula Prado, contrapuxo hoxe no Pleno do Parlamento de Galicia \u201co modelo do Goberno de Pedro S\u00e1nchez, que abandona aos concellos, non financia o que lle corresponde e imp\u00f3n obrigas sen recursos; e o modelo da Xunta, que est\u00e1 costeando innumerables servizos e competencias que son municipais ou que son [&hellip;]<\/p>\n","protected":false},"author":38,"featured_media":69952,"comment_status":"closed","ping_status":"open","sticky":false,"template":"","format":"standard","meta":{"_acf_changed":false,"footnotes":""},"categories":[1128],"tags":[],"class_list":["post-69951","post","type-post","status-publish","format-standard","has-post-thumbnail","hentry","category-actualidad-parlamento-de-galicia"],"acf":[],"yoast_head":"<!-- This site is optimized with the Yoast SEO plugin v27.3 - https:\/\/yoast.com\/product\/yoast-seo-wordpress\/ -->\n<title>O Grupo Popular contrap\u00f3n o abandono do Goberno central aos concellos e que a Xunta estea costeando servizos e competencias municipais - PP de Galicia<\/title>\n<meta name=\"description\" content=\"\u00a0A viceportavoz do Grupo Popular, Paula Prado, contrapuxo hoxe no Pleno do Parlamento de Galicia \u201co modelo do Goberno de Pedro S\u00e1nchez, que abandona aos concellos, non financia o que lle corresponde e imp\u00f3n obrigas sen recursos; e o modelo da Xunta, que est\u00e1 costeando innumerables servizos e competencias que son municipais ou que son competencia doutras administraci\u00f3ns\u201d.\" \/>\n<meta name=\"robots\" content=\"index, follow, max-snippet:-1, max-image-preview:large, max-video-preview:-1\" \/>\n<link rel=\"canonical\" href=\"https:\/\/ppdegalicia.com\/es\/o-grupo-popular-contrapon-o-abandono-do-goberno-central-aos-concellos-e-que-a-xunta-estea-costeando-servizos-e-competencias-municipais\/\" \/>\n<meta property=\"og:locale\" content=\"es_ES\" \/>\n<meta property=\"og:type\" content=\"article\" \/>\n<meta property=\"og:title\" content=\"O Grupo Popular contrap\u00f3n o abandono do Goberno central aos concellos e que a Xunta estea costeando servizos e competencias municipais - PP de Galicia\" \/>\n<meta property=\"og:description\" content=\"\u00a0A viceportavoz do Grupo Popular, Paula Prado, contrapuxo hoxe no Pleno do Parlamento de Galicia \u201co modelo do Goberno de Pedro S\u00e1nchez, que abandona aos concellos, non financia o que lle corresponde e imp\u00f3n obrigas sen recursos; e o modelo da Xunta, que est\u00e1 costeando innumerables servizos e competencias que son municipais ou que son competencia doutras administraci\u00f3ns\u201d.\" \/>\n<meta property=\"og:url\" content=\"https:\/\/ppdegalicia.com\/es\/o-grupo-popular-contrapon-o-abandono-do-goberno-central-aos-concellos-e-que-a-xunta-estea-costeando-servizos-e-competencias-municipais\/\" \/>\n<meta property=\"og:site_name\" content=\"PP de Galicia\" \/>\n<meta property=\"article:publisher\" content=\"https:\/\/www.instagram.com\/ppdegalicia\/\" \/>\n<meta property=\"article:published_time\" content=\"2026-01-27T19:16:01+00:00\" \/>\n<meta property=\"og:image\" content=\"https:\/\/ppdegalicia.com\/wp-content\/uploads\/2026\/01\/20260127_Pleno_Ordinario175-scaled.jpg\" \/>\n\t<meta property=\"og:image:width\" content=\"2560\" \/>\n\t<meta property=\"og:image:height\" content=\"1707\" \/>\n\t<meta property=\"og:image:type\" content=\"image\/jpeg\" \/>\n<meta name=\"author\" content=\"ppdegaliciaredes\" \/>\n<meta name=\"twitter:card\" content=\"summary_large_image\" \/>\n<meta name=\"twitter:creator\" content=\"@ppdegalicia\" \/>\n<meta name=\"twitter:site\" content=\"@ppdegalicia\" \/>\n<meta name=\"twitter:label1\" content=\"Escrito por\" \/>\n\t<meta name=\"twitter:data1\" content=\"ppdegaliciaredes\" \/>\n\t<meta name=\"twitter:label2\" content=\"Tiempo de lectura\" \/>\n\t<meta name=\"twitter:data2\" content=\"3 minutos\" \/>\n<script type=\"application\/ld+json\" class=\"yoast-schema-graph\">{\"@context\":\"https:\\\/\\\/schema.org\",\"@graph\":[{\"@type\":\"Article\",\"@id\":\"https:\\\/\\\/ppdegalicia.com\\\/es\\\/o-grupo-popular-contrapon-o-abandono-do-goberno-central-aos-concellos-e-que-a-xunta-estea-costeando-servizos-e-competencias-municipais\\\/#article\",\"isPartOf\":{\"@id\":\"https:\\\/\\\/ppdegalicia.com\\\/es\\\/o-grupo-popular-contrapon-o-abandono-do-goberno-central-aos-concellos-e-que-a-xunta-estea-costeando-servizos-e-competencias-municipais\\\/\"},\"author\":{\"name\":\"ppdegaliciaredes\",\"@id\":\"https:\\\/\\\/ppdegalicia.com\\\/es\\\/#\\\/schema\\\/person\\\/5b822c6f59e872ebdd1142f307dbcb59\"},\"headline\":\"O Grupo Popular contrap\u00f3n o abandono do Goberno central aos concellos e que a Xunta estea costeando servizos e competencias municipais\",\"datePublished\":\"2026-01-27T19:16:01+00:00\",\"mainEntityOfPage\":{\"@id\":\"https:\\\/\\\/ppdegalicia.com\\\/es\\\/o-grupo-popular-contrapon-o-abandono-do-goberno-central-aos-concellos-e-que-a-xunta-estea-costeando-servizos-e-competencias-municipais\\\/\"},\"wordCount\":436,\"publisher\":{\"@id\":\"https:\\\/\\\/ppdegalicia.com\\\/es\\\/#organization\"},\"image\":{\"@id\":\"https:\\\/\\\/ppdegalicia.com\\\/es\\\/o-grupo-popular-contrapon-o-abandono-do-goberno-central-aos-concellos-e-que-a-xunta-estea-costeando-servizos-e-competencias-municipais\\\/#primaryimage\"},\"thumbnailUrl\":\"https:\\\/\\\/ppdegalicia.com\\\/wp-content\\\/uploads\\\/2026\\\/01\\\/20260127_Pleno_Ordinario175-scaled.jpg\",\"articleSection\":[\"Parlamento de Galicia\"],\"inLanguage\":\"es\"},{\"@type\":\"WebPage\",\"@id\":\"https:\\\/\\\/ppdegalicia.com\\\/es\\\/o-grupo-popular-contrapon-o-abandono-do-goberno-central-aos-concellos-e-que-a-xunta-estea-costeando-servizos-e-competencias-municipais\\\/\",\"url\":\"https:\\\/\\\/ppdegalicia.com\\\/es\\\/o-grupo-popular-contrapon-o-abandono-do-goberno-central-aos-concellos-e-que-a-xunta-estea-costeando-servizos-e-competencias-municipais\\\/\",\"name\":\"O Grupo Popular contrap\u00f3n o abandono do Goberno central aos concellos e que a Xunta estea costeando servizos e competencias municipais - PP de Galicia\",\"isPartOf\":{\"@id\":\"https:\\\/\\\/ppdegalicia.com\\\/es\\\/#website\"},\"primaryImageOfPage\":{\"@id\":\"https:\\\/\\\/ppdegalicia.com\\\/es\\\/o-grupo-popular-contrapon-o-abandono-do-goberno-central-aos-concellos-e-que-a-xunta-estea-costeando-servizos-e-competencias-municipais\\\/#primaryimage\"},\"image\":{\"@id\":\"https:\\\/\\\/ppdegalicia.com\\\/es\\\/o-grupo-popular-contrapon-o-abandono-do-goberno-central-aos-concellos-e-que-a-xunta-estea-costeando-servizos-e-competencias-municipais\\\/#primaryimage\"},\"thumbnailUrl\":\"https:\\\/\\\/ppdegalicia.com\\\/wp-content\\\/uploads\\\/2026\\\/01\\\/20260127_Pleno_Ordinario175-scaled.jpg\",\"datePublished\":\"2026-01-27T19:16:01+00:00\",\"description\":\"\u00a0A viceportavoz do Grupo Popular, Paula Prado, contrapuxo hoxe no Pleno do Parlamento de Galicia \u201co modelo do Goberno de Pedro S\u00e1nchez, que abandona aos concellos, non financia o que lle corresponde e imp\u00f3n obrigas sen recursos; e o modelo da Xunta, que est\u00e1 costeando innumerables servizos e competencias que son municipais ou que son competencia doutras administraci\u00f3ns\u201d.\",\"breadcrumb\":{\"@id\":\"https:\\\/\\\/ppdegalicia.com\\\/es\\\/o-grupo-popular-contrapon-o-abandono-do-goberno-central-aos-concellos-e-que-a-xunta-estea-costeando-servizos-e-competencias-municipais\\\/#breadcrumb\"},\"inLanguage\":\"es\",\"potentialAction\":[{\"@type\":\"ReadAction\",\"target\":[\"https:\\\/\\\/ppdegalicia.com\\\/es\\\/o-grupo-popular-contrapon-o-abandono-do-goberno-central-aos-concellos-e-que-a-xunta-estea-costeando-servizos-e-competencias-municipais\\\/\"]}]},{\"@type\":\"ImageObject\",\"inLanguage\":\"es\",\"@id\":\"https:\\\/\\\/ppdegalicia.com\\\/es\\\/o-grupo-popular-contrapon-o-abandono-do-goberno-central-aos-concellos-e-que-a-xunta-estea-costeando-servizos-e-competencias-municipais\\\/#primaryimage\",\"url\":\"https:\\\/\\\/ppdegalicia.com\\\/wp-content\\\/uploads\\\/2026\\\/01\\\/20260127_Pleno_Ordinario175-scaled.jpg\",\"contentUrl\":\"https:\\\/\\\/ppdegalicia.com\\\/wp-content\\\/uploads\\\/2026\\\/01\\\/20260127_Pleno_Ordinario175-scaled.jpg\",\"width\":2560,\"height\":1707},{\"@type\":\"BreadcrumbList\",\"@id\":\"https:\\\/\\\/ppdegalicia.com\\\/es\\\/o-grupo-popular-contrapon-o-abandono-do-goberno-central-aos-concellos-e-que-a-xunta-estea-costeando-servizos-e-competencias-municipais\\\/#breadcrumb\",\"itemListElement\":[{\"@type\":\"ListItem\",\"position\":1,\"name\":\"Portada\",\"item\":\"https:\\\/\\\/ppdegalicia.com\\\/es\\\/\"},{\"@type\":\"ListItem\",\"position\":2,\"name\":\"O Grupo Popular contrap\u00f3n o abandono do Goberno central aos concellos e que a Xunta estea costeando servizos e competencias municipais\"}]},{\"@type\":\"WebSite\",\"@id\":\"https:\\\/\\\/ppdegalicia.com\\\/es\\\/#website\",\"url\":\"https:\\\/\\\/ppdegalicia.com\\\/es\\\/\",\"name\":\"Partido Popular de Galicia\",\"description\":\"Partido Popular de Galicia\",\"publisher\":{\"@id\":\"https:\\\/\\\/ppdegalicia.com\\\/es\\\/#organization\"},\"alternateName\":\"PP de Galicia\",\"potentialAction\":[{\"@type\":\"SearchAction\",\"target\":{\"@type\":\"EntryPoint\",\"urlTemplate\":\"https:\\\/\\\/ppdegalicia.com\\\/es\\\/?s={search_term_string}\"},\"query-input\":{\"@type\":\"PropertyValueSpecification\",\"valueRequired\":true,\"valueName\":\"search_term_string\"}}],\"inLanguage\":\"es\"},{\"@type\":\"Organization\",\"@id\":\"https:\\\/\\\/ppdegalicia.com\\\/es\\\/#organization\",\"name\":\"Partido Popular de Galicia\",\"alternateName\":\"PP de Galicia\",\"url\":\"https:\\\/\\\/ppdegalicia.com\\\/es\\\/\",\"logo\":{\"@type\":\"ImageObject\",\"inLanguage\":\"es\",\"@id\":\"https:\\\/\\\/ppdegalicia.com\\\/es\\\/#\\\/schema\\\/logo\\\/image\\\/\",\"url\":\"https:\\\/\\\/ppdegalicia.com\\\/wp-content\\\/uploads\\\/2023\\\/04\\\/logoPP512.png\",\"contentUrl\":\"https:\\\/\\\/ppdegalicia.com\\\/wp-content\\\/uploads\\\/2023\\\/04\\\/logoPP512.png\",\"width\":512,\"height\":512,\"caption\":\"Partido Popular de Galicia\"},\"image\":{\"@id\":\"https:\\\/\\\/ppdegalicia.com\\\/es\\\/#\\\/schema\\\/logo\\\/image\\\/\"},\"sameAs\":[\"https:\\\/\\\/www.instagram.com\\\/ppdegalicia\\\/\",\"https:\\\/\\\/x.com\\\/ppdegalicia\",\"https:\\\/\\\/www.tiktok.com\\\/@ppdegalicia\",\"https:\\\/\\\/www.youtube.com\\\/user\\\/ppdegalicia\"]},{\"@type\":\"Person\",\"@id\":\"https:\\\/\\\/ppdegalicia.com\\\/es\\\/#\\\/schema\\\/person\\\/5b822c6f59e872ebdd1142f307dbcb59\",\"name\":\"ppdegaliciaredes\",\"image\":{\"@type\":\"ImageObject\",\"inLanguage\":\"es\",\"@id\":\"https:\\\/\\\/secure.gravatar.com\\\/avatar\\\/3c9179cf0256d00c72a48d1f25783c58b6842cd56e85ef3a572881c8e28ccd59?s=96&d=mm&r=g\",\"url\":\"https:\\\/\\\/secure.gravatar.com\\\/avatar\\\/3c9179cf0256d00c72a48d1f25783c58b6842cd56e85ef3a572881c8e28ccd59?s=96&d=mm&r=g\",\"contentUrl\":\"https:\\\/\\\/secure.gravatar.com\\\/avatar\\\/3c9179cf0256d00c72a48d1f25783c58b6842cd56e85ef3a572881c8e28ccd59?s=96&d=mm&r=g\",\"caption\":\"ppdegaliciaredes\"},\"url\":\"https:\\\/\\\/ppdegalicia.com\\\/es\\\/author\\\/ppdegaliciaredes\\\/\"}]}<\/script>\n<!-- \/ Yoast SEO plugin. -->","yoast_head_json":{"title":"O Grupo Popular contrap\u00f3n o abandono do Goberno central aos concellos e que a Xunta estea costeando servizos e competencias municipais - PP de Galicia","description":"\u00a0A viceportavoz do Grupo Popular, Paula Prado, contrapuxo hoxe no Pleno do Parlamento de Galicia \u201co modelo do Goberno de Pedro S\u00e1nchez, que abandona aos concellos, non financia o que lle corresponde e imp\u00f3n obrigas sen recursos; e o modelo da Xunta, que est\u00e1 costeando innumerables servizos e competencias que son municipais ou que son competencia doutras administraci\u00f3ns\u201d.","robots":{"index":"index","follow":"follow","max-snippet":"max-snippet:-1","max-image-preview":"max-image-preview:large","max-video-preview":"max-video-preview:-1"},"canonical":"https:\/\/ppdegalicia.com\/es\/o-grupo-popular-contrapon-o-abandono-do-goberno-central-aos-concellos-e-que-a-xunta-estea-costeando-servizos-e-competencias-municipais\/","og_locale":"es_ES","og_type":"article","og_title":"O Grupo Popular contrap\u00f3n o abandono do Goberno central aos concellos e que a Xunta estea costeando servizos e competencias municipais - PP de Galicia","og_description":"\u00a0A viceportavoz do Grupo Popular, Paula Prado, contrapuxo hoxe no Pleno do Parlamento de Galicia \u201co modelo do Goberno de Pedro S\u00e1nchez, que abandona aos concellos, non financia o que lle corresponde e imp\u00f3n obrigas sen recursos; e o modelo da Xunta, que est\u00e1 costeando innumerables servizos e competencias que son municipais ou que son competencia doutras administraci\u00f3ns\u201d.","og_url":"https:\/\/ppdegalicia.com\/es\/o-grupo-popular-contrapon-o-abandono-do-goberno-central-aos-concellos-e-que-a-xunta-estea-costeando-servizos-e-competencias-municipais\/","og_site_name":"PP de Galicia","article_publisher":"https:\/\/www.instagram.com\/ppdegalicia\/","article_published_time":"2026-01-27T19:16:01+00:00","og_image":[{"width":2560,"height":1707,"url":"https:\/\/ppdegalicia.com\/wp-content\/uploads\/2026\/01\/20260127_Pleno_Ordinario175-scaled.jpg","type":"image\/jpeg"}],"author":"ppdegaliciaredes","twitter_card":"summary_large_image","twitter_creator":"@ppdegalicia","twitter_site":"@ppdegalicia","twitter_misc":{"Escrito por":"ppdegaliciaredes","Tiempo de lectura":"3 minutos"},"schema":{"@context":"https:\/\/schema.org","@graph":[{"@type":"Article","@id":"https:\/\/ppdegalicia.com\/es\/o-grupo-popular-contrapon-o-abandono-do-goberno-central-aos-concellos-e-que-a-xunta-estea-costeando-servizos-e-competencias-municipais\/#article","isPartOf":{"@id":"https:\/\/ppdegalicia.com\/es\/o-grupo-popular-contrapon-o-abandono-do-goberno-central-aos-concellos-e-que-a-xunta-estea-costeando-servizos-e-competencias-municipais\/"},"author":{"name":"ppdegaliciaredes","@id":"https:\/\/ppdegalicia.com\/es\/#\/schema\/person\/5b822c6f59e872ebdd1142f307dbcb59"},"headline":"O Grupo Popular contrap\u00f3n o abandono do Goberno central aos concellos e que a Xunta estea costeando servizos e competencias municipais","datePublished":"2026-01-27T19:16:01+00:00","mainEntityOfPage":{"@id":"https:\/\/ppdegalicia.com\/es\/o-grupo-popular-contrapon-o-abandono-do-goberno-central-aos-concellos-e-que-a-xunta-estea-costeando-servizos-e-competencias-municipais\/"},"wordCount":436,"publisher":{"@id":"https:\/\/ppdegalicia.com\/es\/#organization"},"image":{"@id":"https:\/\/ppdegalicia.com\/es\/o-grupo-popular-contrapon-o-abandono-do-goberno-central-aos-concellos-e-que-a-xunta-estea-costeando-servizos-e-competencias-municipais\/#primaryimage"},"thumbnailUrl":"https:\/\/ppdegalicia.com\/wp-content\/uploads\/2026\/01\/20260127_Pleno_Ordinario175-scaled.jpg","articleSection":["Parlamento de Galicia"],"inLanguage":"es"},{"@type":"WebPage","@id":"https:\/\/ppdegalicia.com\/es\/o-grupo-popular-contrapon-o-abandono-do-goberno-central-aos-concellos-e-que-a-xunta-estea-costeando-servizos-e-competencias-municipais\/","url":"https:\/\/ppdegalicia.com\/es\/o-grupo-popular-contrapon-o-abandono-do-goberno-central-aos-concellos-e-que-a-xunta-estea-costeando-servizos-e-competencias-municipais\/","name":"O Grupo Popular contrap\u00f3n o abandono do Goberno central aos concellos e que a Xunta estea costeando servizos e competencias municipais - PP de Galicia","isPartOf":{"@id":"https:\/\/ppdegalicia.com\/es\/#website"},"primaryImageOfPage":{"@id":"https:\/\/ppdegalicia.com\/es\/o-grupo-popular-contrapon-o-abandono-do-goberno-central-aos-concellos-e-que-a-xunta-estea-costeando-servizos-e-competencias-municipais\/#primaryimage"},"image":{"@id":"https:\/\/ppdegalicia.com\/es\/o-grupo-popular-contrapon-o-abandono-do-goberno-central-aos-concellos-e-que-a-xunta-estea-costeando-servizos-e-competencias-municipais\/#primaryimage"},"thumbnailUrl":"https:\/\/ppdegalicia.com\/wp-content\/uploads\/2026\/01\/20260127_Pleno_Ordinario175-scaled.jpg","datePublished":"2026-01-27T19:16:01+00:00","description":"\u00a0A viceportavoz do Grupo Popular, Paula Prado, contrapuxo hoxe no Pleno do Parlamento de Galicia \u201co modelo do Goberno de Pedro S\u00e1nchez, que abandona aos concellos, non financia o que lle corresponde e imp\u00f3n obrigas sen recursos; e o modelo da Xunta, que est\u00e1 costeando innumerables servizos e competencias que son municipais ou que son competencia doutras administraci\u00f3ns\u201d.","breadcrumb":{"@id":"https:\/\/ppdegalicia.com\/es\/o-grupo-popular-contrapon-o-abandono-do-goberno-central-aos-concellos-e-que-a-xunta-estea-costeando-servizos-e-competencias-municipais\/#breadcrumb"},"inLanguage":"es","potentialAction":[{"@type":"ReadAction","target":["https:\/\/ppdegalicia.com\/es\/o-grupo-popular-contrapon-o-abandono-do-goberno-central-aos-concellos-e-que-a-xunta-estea-costeando-servizos-e-competencias-municipais\/"]}]},{"@type":"ImageObject","inLanguage":"es","@id":"https:\/\/ppdegalicia.com\/es\/o-grupo-popular-contrapon-o-abandono-do-goberno-central-aos-concellos-e-que-a-xunta-estea-costeando-servizos-e-competencias-municipais\/#primaryimage","url":"https:\/\/ppdegalicia.com\/wp-content\/uploads\/2026\/01\/20260127_Pleno_Ordinario175-scaled.jpg","contentUrl":"https:\/\/ppdegalicia.com\/wp-content\/uploads\/2026\/01\/20260127_Pleno_Ordinario175-scaled.jpg","width":2560,"height":1707},{"@type":"BreadcrumbList","@id":"https:\/\/ppdegalicia.com\/es\/o-grupo-popular-contrapon-o-abandono-do-goberno-central-aos-concellos-e-que-a-xunta-estea-costeando-servizos-e-competencias-municipais\/#breadcrumb","itemListElement":[{"@type":"ListItem","position":1,"name":"Portada","item":"https:\/\/ppdegalicia.com\/es\/"},{"@type":"ListItem","position":2,"name":"O Grupo Popular contrap\u00f3n o abandono do Goberno central aos concellos e que a Xunta estea costeando servizos e competencias municipais"}]},{"@type":"WebSite","@id":"https:\/\/ppdegalicia.com\/es\/#website","url":"https:\/\/ppdegalicia.com\/es\/","name":"Partido Popular de Galicia","description":"Partido Popular de Galicia","publisher":{"@id":"https:\/\/ppdegalicia.com\/es\/#organization"},"alternateName":"PP de Galicia","potentialAction":[{"@type":"SearchAction","target":{"@type":"EntryPoint","urlTemplate":"https:\/\/ppdegalicia.com\/es\/?s={search_term_string}"},"query-input":{"@type":"PropertyValueSpecification","valueRequired":true,"valueName":"search_term_string"}}],"inLanguage":"es"},{"@type":"Organization","@id":"https:\/\/ppdegalicia.com\/es\/#organization","name":"Partido Popular de Galicia","alternateName":"PP de Galicia","url":"https:\/\/ppdegalicia.com\/es\/","logo":{"@type":"ImageObject","inLanguage":"es","@id":"https:\/\/ppdegalicia.com\/es\/#\/schema\/logo\/image\/","url":"https:\/\/ppdegalicia.com\/wp-content\/uploads\/2023\/04\/logoPP512.png","contentUrl":"https:\/\/ppdegalicia.com\/wp-content\/uploads\/2023\/04\/logoPP512.png","width":512,"height":512,"caption":"Partido Popular de Galicia"},"image":{"@id":"https:\/\/ppdegalicia.com\/es\/#\/schema\/logo\/image\/"},"sameAs":["https:\/\/www.instagram.com\/ppdegalicia\/","https:\/\/x.com\/ppdegalicia","https:\/\/www.tiktok.com\/@ppdegalicia","https:\/\/www.youtube.com\/user\/ppdegalicia"]},{"@type":"Person","@id":"https:\/\/ppdegalicia.com\/es\/#\/schema\/person\/5b822c6f59e872ebdd1142f307dbcb59","name":"ppdegaliciaredes","image":{"@type":"ImageObject","inLanguage":"es","@id":"https:\/\/secure.gravatar.com\/avatar\/3c9179cf0256d00c72a48d1f25783c58b6842cd56e85ef3a572881c8e28ccd59?s=96&d=mm&r=g","url":"https:\/\/secure.gravatar.com\/avatar\/3c9179cf0256d00c72a48d1f25783c58b6842cd56e85ef3a572881c8e28ccd59?s=96&d=mm&r=g","contentUrl":"https:\/\/secure.gravatar.com\/avatar\/3c9179cf0256d00c72a48d1f25783c58b6842cd56e85ef3a572881c8e28ccd59?s=96&d=mm&r=g","caption":"ppdegaliciaredes"},"url":"https:\/\/ppdegalicia.com\/es\/author\/ppdegaliciaredes\/"}]}},"_links":{"self":[{"href":"https:\/\/ppdegalicia.com\/es\/wp-json\/wp\/v2\/posts\/69951","targetHints":{"allow":["GET"]}}],"collection":[{"href":"https:\/\/ppdegalicia.com\/es\/wp-json\/wp\/v2\/posts"}],"about":[{"href":"https:\/\/ppdegalicia.com\/es\/wp-json\/wp\/v2\/types\/post"}],"author":[{"embeddable":true,"href":"https:\/\/ppdegalicia.com\/es\/wp-json\/wp\/v2\/users\/38"}],"replies":[{"embeddable":true,"href":"https:\/\/ppdegalicia.com\/es\/wp-json\/wp\/v2\/comments?post=69951"}],"version-history":[{"count":1,"href":"https:\/\/ppdegalicia.com\/es\/wp-json\/wp\/v2\/posts\/69951\/revisions"}],"predecessor-version":[{"id":69954,"href":"https:\/\/ppdegalicia.com\/es\/wp-json\/wp\/v2\/posts\/69951\/revisions\/69954"}],"wp:featuredmedia":[{"embeddable":true,"href":"https:\/\/ppdegalicia.com\/es\/wp-json\/wp\/v2\/media\/69952"}],"wp:attachment":[{"href":"https:\/\/ppdegalicia.com\/es\/wp-json\/wp\/v2\/media?parent=69951"}],"wp:term":[{"taxonomy":"category","embeddable":true,"href":"https:\/\/ppdegalicia.com\/es\/wp-json\/wp\/v2\/categories?post=69951"},{"taxonomy":"post_tag","embeddable":true,"href":"https:\/\/ppdegalicia.com\/es\/wp-json\/wp\/v2\/tags?post=69951"}],"curies":[{"name":"wp","href":"https:\/\/api.w.org\/{rel}","templated":true}]}}