{"id":69955,"date":"2026-01-27T13:57:20","date_gmt":"2026-01-27T12:57:20","guid":{"rendered":"https:\/\/ppdegalicia.com\/?p=69955"},"modified":"2026-01-28T14:43:11","modified_gmt":"2026-01-28T13:43:11","slug":"millan-mon-demanda-un-paquete-legislativo-especifico-de-simplificacion-para-la-pesca","status":"publish","type":"post","link":"https:\/\/ppdegalicia.com\/es\/millan-mon-demanda-un-paquete-legislativo-especifico-de-simplificacion-para-la-pesca\/","title":{"rendered":"Mill\u00e1n Mon demanda un paquete legislativo espec\u00edfico de simplificaci\u00f3n para la pesca"},"content":{"rendered":"<p style=\"font-weight: 400;\">El eurodiputado del Partido Popular de Galicia Francisco Mill\u00e1n Mon intervino hoy en la Comisi\u00f3n de Pesca del Parlamento Europeo durante el intercambio de puntos de vista con la ministra chipriota de Agricultura, Desarrollo Rural y Medio Ambiente Maria Panayiotou, en el marco del inicio de la Presidencia de Chipre del Consejo de la Uni\u00f3n Europea.<\/p>\n<p style=\"font-weight: 400;\">Mill\u00e1n Mon celebr\u00f3 que uno de los objetivos prioritarios de la Presidencia sea garantizar la competitividad de los sectores pesqueros, pero advirti\u00f3 de que la propuesta de la Comisi\u00f3n Europea para el pr\u00f3ximo Marco Financiero Plurianual 2028-2034 (MFP) es \u201cinasumible y totalmente intolerable\u201d, al eliminar el FEMPA y recortar en un 67% los fondos europeos destinados a la pesca.<\/p>\n<p style=\"font-weight: 400;\">\u201cEspero que esta situaci\u00f3n pueda corregirse y que, como colegisladores, podamos remediarla. Desde el Consejo espero la mayor colaboraci\u00f3n\u201d, se\u00f1al\u00f3.<\/p>\n<p style=\"font-weight: 400;\">Mill\u00e1n Mon insisti\u00f3 en que la simplificaci\u00f3n normativa \u201cdebe aplicarse tambi\u00e9n a la pesca\u201d y reclam\u00f3 para ello un paquete legislativo espec\u00edfico (\u201c\u00f3mnibus\u201d).<\/p>\n<p style=\"font-weight: 400;\">En este sentido, afirm\u00f3 que la implementaci\u00f3n del Reglamento de Control plantea problemas como, por ejemplo, la obligaci\u00f3n de registrar en el cuaderno electr\u00f3nico capturas desde el primer kilo, una medida que \u201cse est\u00e1 revelando como inaplicable, especialmente en pesquer\u00edas mixtas\u201d. En este punto, mencion\u00f3 las recientes movilizaciones del sector pesquero durante esta \u00faltima semana en Espa\u00f1a y, en especial, Galicia, y defendi\u00f3 excluir de los cuadernos diarios las capturas inferiores a 50 kilos.<\/p>\n<p style=\"font-weight: 400;\">El eurodiputado popular record\u00f3 que en el Consejo de Agricultura y Pesca (AGRIFISH) celebrado ayer en Bruselas, varios ministros, entre ellos el espa\u00f1ol, expresaron su preocupaci\u00f3n y coincidieron en que esta obligaci\u00f3n es \u201csimplemente imposible de aplicar\u201d.<\/p>\n<p style=\"font-weight: 400;\">Tambi\u00e9n pregunt\u00f3 a la ministra Panayiotou si la Presidencia Chipriota est\u00e1 dispuesta a incluir el Reglamento de Control en un \u201c\u00f3mnibus\u201d de simplificaci\u00f3n.<\/p>\n<p style=\"font-weight: 400;\">Por otro lado, Mill\u00e1n Mon hizo referencia al Reglamento de Acceso a Aguas Profundas, cuyo impacto \u201cest\u00e1 haciendo da\u00f1o a varios pa\u00edses, especialmente Espa\u00f1a\u201d. Reiter\u00f3 que la exclusi\u00f3n de la pesca de palangre es \u201ctotalmente imprescindible\u201d.<\/p>\n<p style=\"font-weight: 400;\">El eurodiputado popular tambi\u00e9n mencion\u00f3 el Reglamento del Plan para el Mediterr\u00e1neo Occidental. \u201cEs necesario modificarlo. No valen pa\u00f1os calientes. Los recortes de muchos d\u00edas son inasumibles para el sector\u201d. Solicit\u00f3 que esta reforma se incluya igualmente en el paquete legislativo \u201c\u00f3mnibus\u201d.<\/p>\n<p style=\"font-weight: 400;\">Finalmente, Mill\u00e1n Mon pidi\u00f3 a la Presidencia Chipriota del Consejo de la UE que \u201cimpulse a la Comisi\u00f3n Europea a presentar el \u00f3mnibus legislativo cuanto antes\u201d.<\/p>\n","protected":false},"excerpt":{"rendered":"<p>El eurodiputado del Partido Popular de Galicia Francisco Mill\u00e1n Mon intervino hoy en la Comisi\u00f3n de Pesca del Parlamento Europeo durante el intercambio de puntos de vista con la ministra chipriota de Agricultura, Desarrollo Rural y Medio Ambiente Maria Panayiotou, en el marco del inicio de la Presidencia de Chipre del Consejo de la Uni\u00f3n [&hellip;]<\/p>\n","protected":false},"author":38,"featured_media":69956,"comment_status":"closed","ping_status":"open","sticky":false,"template":"","format":"standard","meta":{"_acf_changed":false,"footnotes":""},"categories":[1127],"tags":[],"class_list":["post-69955","post","type-post","status-publish","format-standard","has-post-thumbnail","hentry","category-actualidad-parlamento-europeo"],"acf":[],"yoast_head":"<!-- This site is optimized with the Yoast SEO plugin v27.3 - https:\/\/yoast.com\/product\/yoast-seo-wordpress\/ -->\n<title>Mill\u00e1n Mon demanda un paquete legislativo espec\u00edfico de simplificaci\u00f3n para la pesca - PP de Galicia<\/title>\n<meta name=\"description\" content=\"El eurodiputado del Partido Popular de Galicia Francisco Mill\u00e1n Mon intervino hoy en la Comisi\u00f3n de Pesca del Parlamento Europeo durante el intercambio de puntos de vista con la ministra chipriota de Agricultura, Desarrollo Rural y Medio Ambiente Maria Panayiotou, en el marco del inicio de la Presidencia de Chipre del Consejo de la Uni\u00f3n Europea.\" \/>\n<meta name=\"robots\" content=\"index, follow, max-snippet:-1, max-image-preview:large, max-video-preview:-1\" \/>\n<link rel=\"canonical\" href=\"https:\/\/ppdegalicia.com\/es\/millan-mon-demanda-un-paquete-legislativo-especifico-de-simplificacion-para-la-pesca\/\" \/>\n<meta property=\"og:locale\" content=\"es_ES\" \/>\n<meta property=\"og:type\" content=\"article\" \/>\n<meta property=\"og:title\" content=\"Mill\u00e1n Mon demanda un paquete legislativo espec\u00edfico de simplificaci\u00f3n para la pesca - PP de Galicia\" \/>\n<meta property=\"og:description\" content=\"El eurodiputado del Partido Popular de Galicia Francisco Mill\u00e1n Mon intervino hoy en la Comisi\u00f3n de Pesca del Parlamento Europeo durante el intercambio de puntos de vista con la ministra chipriota de Agricultura, Desarrollo Rural y Medio Ambiente Maria Panayiotou, en el marco del inicio de la Presidencia de Chipre del Consejo de la Uni\u00f3n Europea.\" \/>\n<meta property=\"og:url\" content=\"https:\/\/ppdegalicia.com\/es\/millan-mon-demanda-un-paquete-legislativo-especifico-de-simplificacion-para-la-pesca\/\" \/>\n<meta property=\"og:site_name\" content=\"PP de Galicia\" \/>\n<meta property=\"article:publisher\" content=\"https:\/\/www.instagram.com\/ppdegalicia\/\" \/>\n<meta property=\"article:published_time\" content=\"2026-01-27T12:57:20+00:00\" \/>\n<meta property=\"article:modified_time\" content=\"2026-01-28T13:43:11+00:00\" \/>\n<meta property=\"og:image\" content=\"https:\/\/ppdegalicia.com\/wp-content\/uploads\/2026\/01\/20260127_MillanMon_ParlamentoEuropeo-scaled.jpg\" \/>\n\t<meta property=\"og:image:width\" content=\"2560\" \/>\n\t<meta property=\"og:image:height\" content=\"1920\" \/>\n\t<meta property=\"og:image:type\" content=\"image\/jpeg\" \/>\n<meta name=\"author\" content=\"ppdegaliciaredes\" \/>\n<meta name=\"twitter:card\" content=\"summary_large_image\" \/>\n<meta name=\"twitter:creator\" content=\"@ppdegalicia\" \/>\n<meta name=\"twitter:site\" content=\"@ppdegalicia\" \/>\n<meta name=\"twitter:label1\" content=\"Escrito por\" \/>\n\t<meta name=\"twitter:data1\" content=\"ppdegaliciaredes\" \/>\n\t<meta name=\"twitter:label2\" content=\"Tiempo de lectura\" \/>\n\t<meta name=\"twitter:data2\" content=\"3 minutos\" \/>\n<script type=\"application\/ld+json\" class=\"yoast-schema-graph\">{\"@context\":\"https:\\\/\\\/schema.org\",\"@graph\":[{\"@type\":\"Article\",\"@id\":\"https:\\\/\\\/ppdegalicia.com\\\/es\\\/millan-mon-demanda-un-paquete-legislativo-especifico-de-simplificacion-para-la-pesca\\\/#article\",\"isPartOf\":{\"@id\":\"https:\\\/\\\/ppdegalicia.com\\\/es\\\/millan-mon-demanda-un-paquete-legislativo-especifico-de-simplificacion-para-la-pesca\\\/\"},\"author\":{\"name\":\"ppdegaliciaredes\",\"@id\":\"https:\\\/\\\/ppdegalicia.com\\\/es\\\/#\\\/schema\\\/person\\\/5b822c6f59e872ebdd1142f307dbcb59\"},\"headline\":\"Mill\u00e1n Mon demanda un paquete legislativo espec\u00edfico de simplificaci\u00f3n para la pesca\",\"datePublished\":\"2026-01-27T12:57:20+00:00\",\"dateModified\":\"2026-01-28T13:43:11+00:00\",\"mainEntityOfPage\":{\"@id\":\"https:\\\/\\\/ppdegalicia.com\\\/es\\\/millan-mon-demanda-un-paquete-legislativo-especifico-de-simplificacion-para-la-pesca\\\/\"},\"wordCount\":443,\"publisher\":{\"@id\":\"https:\\\/\\\/ppdegalicia.com\\\/es\\\/#organization\"},\"image\":{\"@id\":\"https:\\\/\\\/ppdegalicia.com\\\/es\\\/millan-mon-demanda-un-paquete-legislativo-especifico-de-simplificacion-para-la-pesca\\\/#primaryimage\"},\"thumbnailUrl\":\"https:\\\/\\\/ppdegalicia.com\\\/wp-content\\\/uploads\\\/2026\\\/01\\\/20260127_MillanMon_ParlamentoEuropeo-scaled.jpg\",\"articleSection\":[\"Parlamento Europeo\"],\"inLanguage\":\"es\"},{\"@type\":\"WebPage\",\"@id\":\"https:\\\/\\\/ppdegalicia.com\\\/es\\\/millan-mon-demanda-un-paquete-legislativo-especifico-de-simplificacion-para-la-pesca\\\/\",\"url\":\"https:\\\/\\\/ppdegalicia.com\\\/es\\\/millan-mon-demanda-un-paquete-legislativo-especifico-de-simplificacion-para-la-pesca\\\/\",\"name\":\"Mill\u00e1n Mon demanda un paquete legislativo espec\u00edfico de simplificaci\u00f3n para la pesca - PP de Galicia\",\"isPartOf\":{\"@id\":\"https:\\\/\\\/ppdegalicia.com\\\/es\\\/#website\"},\"primaryImageOfPage\":{\"@id\":\"https:\\\/\\\/ppdegalicia.com\\\/es\\\/millan-mon-demanda-un-paquete-legislativo-especifico-de-simplificacion-para-la-pesca\\\/#primaryimage\"},\"image\":{\"@id\":\"https:\\\/\\\/ppdegalicia.com\\\/es\\\/millan-mon-demanda-un-paquete-legislativo-especifico-de-simplificacion-para-la-pesca\\\/#primaryimage\"},\"thumbnailUrl\":\"https:\\\/\\\/ppdegalicia.com\\\/wp-content\\\/uploads\\\/2026\\\/01\\\/20260127_MillanMon_ParlamentoEuropeo-scaled.jpg\",\"datePublished\":\"2026-01-27T12:57:20+00:00\",\"dateModified\":\"2026-01-28T13:43:11+00:00\",\"description\":\"El eurodiputado del Partido Popular de Galicia Francisco Mill\u00e1n Mon intervino hoy en la Comisi\u00f3n de Pesca del Parlamento Europeo durante el intercambio de puntos de vista con la ministra chipriota de Agricultura, Desarrollo Rural y Medio Ambiente Maria Panayiotou, en el marco del inicio de la Presidencia de Chipre del Consejo de la Uni\u00f3n Europea.\",\"breadcrumb\":{\"@id\":\"https:\\\/\\\/ppdegalicia.com\\\/es\\\/millan-mon-demanda-un-paquete-legislativo-especifico-de-simplificacion-para-la-pesca\\\/#breadcrumb\"},\"inLanguage\":\"es\",\"potentialAction\":[{\"@type\":\"ReadAction\",\"target\":[\"https:\\\/\\\/ppdegalicia.com\\\/es\\\/millan-mon-demanda-un-paquete-legislativo-especifico-de-simplificacion-para-la-pesca\\\/\"]}]},{\"@type\":\"ImageObject\",\"inLanguage\":\"es\",\"@id\":\"https:\\\/\\\/ppdegalicia.com\\\/es\\\/millan-mon-demanda-un-paquete-legislativo-especifico-de-simplificacion-para-la-pesca\\\/#primaryimage\",\"url\":\"https:\\\/\\\/ppdegalicia.com\\\/wp-content\\\/uploads\\\/2026\\\/01\\\/20260127_MillanMon_ParlamentoEuropeo-scaled.jpg\",\"contentUrl\":\"https:\\\/\\\/ppdegalicia.com\\\/wp-content\\\/uploads\\\/2026\\\/01\\\/20260127_MillanMon_ParlamentoEuropeo-scaled.jpg\",\"width\":2560,\"height\":1920},{\"@type\":\"BreadcrumbList\",\"@id\":\"https:\\\/\\\/ppdegalicia.com\\\/es\\\/millan-mon-demanda-un-paquete-legislativo-especifico-de-simplificacion-para-la-pesca\\\/#breadcrumb\",\"itemListElement\":[{\"@type\":\"ListItem\",\"position\":1,\"name\":\"Portada\",\"item\":\"https:\\\/\\\/ppdegalicia.com\\\/es\\\/\"},{\"@type\":\"ListItem\",\"position\":2,\"name\":\"Mill\u00e1n Mon demanda un paquete legislativo espec\u00edfico de simplificaci\u00f3n para la pesca\"}]},{\"@type\":\"WebSite\",\"@id\":\"https:\\\/\\\/ppdegalicia.com\\\/es\\\/#website\",\"url\":\"https:\\\/\\\/ppdegalicia.com\\\/es\\\/\",\"name\":\"Partido Popular de Galicia\",\"description\":\"Partido Popular de Galicia\",\"publisher\":{\"@id\":\"https:\\\/\\\/ppdegalicia.com\\\/es\\\/#organization\"},\"alternateName\":\"PP de Galicia\",\"potentialAction\":[{\"@type\":\"SearchAction\",\"target\":{\"@type\":\"EntryPoint\",\"urlTemplate\":\"https:\\\/\\\/ppdegalicia.com\\\/es\\\/?s={search_term_string}\"},\"query-input\":{\"@type\":\"PropertyValueSpecification\",\"valueRequired\":true,\"valueName\":\"search_term_string\"}}],\"inLanguage\":\"es\"},{\"@type\":\"Organization\",\"@id\":\"https:\\\/\\\/ppdegalicia.com\\\/es\\\/#organization\",\"name\":\"Partido Popular de Galicia\",\"alternateName\":\"PP de Galicia\",\"url\":\"https:\\\/\\\/ppdegalicia.com\\\/es\\\/\",\"logo\":{\"@type\":\"ImageObject\",\"inLanguage\":\"es\",\"@id\":\"https:\\\/\\\/ppdegalicia.com\\\/es\\\/#\\\/schema\\\/logo\\\/image\\\/\",\"url\":\"https:\\\/\\\/ppdegalicia.com\\\/wp-content\\\/uploads\\\/2023\\\/04\\\/logoPP512.png\",\"contentUrl\":\"https:\\\/\\\/ppdegalicia.com\\\/wp-content\\\/uploads\\\/2023\\\/04\\\/logoPP512.png\",\"width\":512,\"height\":512,\"caption\":\"Partido Popular de Galicia\"},\"image\":{\"@id\":\"https:\\\/\\\/ppdegalicia.com\\\/es\\\/#\\\/schema\\\/logo\\\/image\\\/\"},\"sameAs\":[\"https:\\\/\\\/www.instagram.com\\\/ppdegalicia\\\/\",\"https:\\\/\\\/x.com\\\/ppdegalicia\",\"https:\\\/\\\/www.tiktok.com\\\/@ppdegalicia\",\"https:\\\/\\\/www.youtube.com\\\/user\\\/ppdegalicia\"]},{\"@type\":\"Person\",\"@id\":\"https:\\\/\\\/ppdegalicia.com\\\/es\\\/#\\\/schema\\\/person\\\/5b822c6f59e872ebdd1142f307dbcb59\",\"name\":\"ppdegaliciaredes\",\"image\":{\"@type\":\"ImageObject\",\"inLanguage\":\"es\",\"@id\":\"https:\\\/\\\/secure.gravatar.com\\\/avatar\\\/3c9179cf0256d00c72a48d1f25783c58b6842cd56e85ef3a572881c8e28ccd59?s=96&d=mm&r=g\",\"url\":\"https:\\\/\\\/secure.gravatar.com\\\/avatar\\\/3c9179cf0256d00c72a48d1f25783c58b6842cd56e85ef3a572881c8e28ccd59?s=96&d=mm&r=g\",\"contentUrl\":\"https:\\\/\\\/secure.gravatar.com\\\/avatar\\\/3c9179cf0256d00c72a48d1f25783c58b6842cd56e85ef3a572881c8e28ccd59?s=96&d=mm&r=g\",\"caption\":\"ppdegaliciaredes\"},\"url\":\"https:\\\/\\\/ppdegalicia.com\\\/es\\\/author\\\/ppdegaliciaredes\\\/\"}]}<\/script>\n<!-- \/ Yoast SEO plugin. -->","yoast_head_json":{"title":"Mill\u00e1n Mon demanda un paquete legislativo espec\u00edfico de simplificaci\u00f3n para la pesca - PP de Galicia","description":"El eurodiputado del Partido Popular de Galicia Francisco Mill\u00e1n Mon intervino hoy en la Comisi\u00f3n de Pesca del Parlamento Europeo durante el intercambio de puntos de vista con la ministra chipriota de Agricultura, Desarrollo Rural y Medio Ambiente Maria Panayiotou, en el marco del inicio de la Presidencia de Chipre del Consejo de la Uni\u00f3n Europea.","robots":{"index":"index","follow":"follow","max-snippet":"max-snippet:-1","max-image-preview":"max-image-preview:large","max-video-preview":"max-video-preview:-1"},"canonical":"https:\/\/ppdegalicia.com\/es\/millan-mon-demanda-un-paquete-legislativo-especifico-de-simplificacion-para-la-pesca\/","og_locale":"es_ES","og_type":"article","og_title":"Mill\u00e1n Mon demanda un paquete legislativo espec\u00edfico de simplificaci\u00f3n para la pesca - PP de Galicia","og_description":"El eurodiputado del Partido Popular de Galicia Francisco Mill\u00e1n Mon intervino hoy en la Comisi\u00f3n de Pesca del Parlamento Europeo durante el intercambio de puntos de vista con la ministra chipriota de Agricultura, Desarrollo Rural y Medio Ambiente Maria Panayiotou, en el marco del inicio de la Presidencia de Chipre del Consejo de la Uni\u00f3n Europea.","og_url":"https:\/\/ppdegalicia.com\/es\/millan-mon-demanda-un-paquete-legislativo-especifico-de-simplificacion-para-la-pesca\/","og_site_name":"PP de Galicia","article_publisher":"https:\/\/www.instagram.com\/ppdegalicia\/","article_published_time":"2026-01-27T12:57:20+00:00","article_modified_time":"2026-01-28T13:43:11+00:00","og_image":[{"width":2560,"height":1920,"url":"https:\/\/ppdegalicia.com\/wp-content\/uploads\/2026\/01\/20260127_MillanMon_ParlamentoEuropeo-scaled.jpg","type":"image\/jpeg"}],"author":"ppdegaliciaredes","twitter_card":"summary_large_image","twitter_creator":"@ppdegalicia","twitter_site":"@ppdegalicia","twitter_misc":{"Escrito por":"ppdegaliciaredes","Tiempo de lectura":"3 minutos"},"schema":{"@context":"https:\/\/schema.org","@graph":[{"@type":"Article","@id":"https:\/\/ppdegalicia.com\/es\/millan-mon-demanda-un-paquete-legislativo-especifico-de-simplificacion-para-la-pesca\/#article","isPartOf":{"@id":"https:\/\/ppdegalicia.com\/es\/millan-mon-demanda-un-paquete-legislativo-especifico-de-simplificacion-para-la-pesca\/"},"author":{"name":"ppdegaliciaredes","@id":"https:\/\/ppdegalicia.com\/es\/#\/schema\/person\/5b822c6f59e872ebdd1142f307dbcb59"},"headline":"Mill\u00e1n Mon demanda un paquete legislativo espec\u00edfico de simplificaci\u00f3n para la pesca","datePublished":"2026-01-27T12:57:20+00:00","dateModified":"2026-01-28T13:43:11+00:00","mainEntityOfPage":{"@id":"https:\/\/ppdegalicia.com\/es\/millan-mon-demanda-un-paquete-legislativo-especifico-de-simplificacion-para-la-pesca\/"},"wordCount":443,"publisher":{"@id":"https:\/\/ppdegalicia.com\/es\/#organization"},"image":{"@id":"https:\/\/ppdegalicia.com\/es\/millan-mon-demanda-un-paquete-legislativo-especifico-de-simplificacion-para-la-pesca\/#primaryimage"},"thumbnailUrl":"https:\/\/ppdegalicia.com\/wp-content\/uploads\/2026\/01\/20260127_MillanMon_ParlamentoEuropeo-scaled.jpg","articleSection":["Parlamento Europeo"],"inLanguage":"es"},{"@type":"WebPage","@id":"https:\/\/ppdegalicia.com\/es\/millan-mon-demanda-un-paquete-legislativo-especifico-de-simplificacion-para-la-pesca\/","url":"https:\/\/ppdegalicia.com\/es\/millan-mon-demanda-un-paquete-legislativo-especifico-de-simplificacion-para-la-pesca\/","name":"Mill\u00e1n Mon demanda un paquete legislativo espec\u00edfico de simplificaci\u00f3n para la pesca - PP de Galicia","isPartOf":{"@id":"https:\/\/ppdegalicia.com\/es\/#website"},"primaryImageOfPage":{"@id":"https:\/\/ppdegalicia.com\/es\/millan-mon-demanda-un-paquete-legislativo-especifico-de-simplificacion-para-la-pesca\/#primaryimage"},"image":{"@id":"https:\/\/ppdegalicia.com\/es\/millan-mon-demanda-un-paquete-legislativo-especifico-de-simplificacion-para-la-pesca\/#primaryimage"},"thumbnailUrl":"https:\/\/ppdegalicia.com\/wp-content\/uploads\/2026\/01\/20260127_MillanMon_ParlamentoEuropeo-scaled.jpg","datePublished":"2026-01-27T12:57:20+00:00","dateModified":"2026-01-28T13:43:11+00:00","description":"El eurodiputado del Partido Popular de Galicia Francisco Mill\u00e1n Mon intervino hoy en la Comisi\u00f3n de Pesca del Parlamento Europeo durante el intercambio de puntos de vista con la ministra chipriota de Agricultura, Desarrollo Rural y Medio Ambiente Maria Panayiotou, en el marco del inicio de la Presidencia de Chipre del Consejo de la Uni\u00f3n Europea.","breadcrumb":{"@id":"https:\/\/ppdegalicia.com\/es\/millan-mon-demanda-un-paquete-legislativo-especifico-de-simplificacion-para-la-pesca\/#breadcrumb"},"inLanguage":"es","potentialAction":[{"@type":"ReadAction","target":["https:\/\/ppdegalicia.com\/es\/millan-mon-demanda-un-paquete-legislativo-especifico-de-simplificacion-para-la-pesca\/"]}]},{"@type":"ImageObject","inLanguage":"es","@id":"https:\/\/ppdegalicia.com\/es\/millan-mon-demanda-un-paquete-legislativo-especifico-de-simplificacion-para-la-pesca\/#primaryimage","url":"https:\/\/ppdegalicia.com\/wp-content\/uploads\/2026\/01\/20260127_MillanMon_ParlamentoEuropeo-scaled.jpg","contentUrl":"https:\/\/ppdegalicia.com\/wp-content\/uploads\/2026\/01\/20260127_MillanMon_ParlamentoEuropeo-scaled.jpg","width":2560,"height":1920},{"@type":"BreadcrumbList","@id":"https:\/\/ppdegalicia.com\/es\/millan-mon-demanda-un-paquete-legislativo-especifico-de-simplificacion-para-la-pesca\/#breadcrumb","itemListElement":[{"@type":"ListItem","position":1,"name":"Portada","item":"https:\/\/ppdegalicia.com\/es\/"},{"@type":"ListItem","position":2,"name":"Mill\u00e1n Mon demanda un paquete legislativo espec\u00edfico de simplificaci\u00f3n para la pesca"}]},{"@type":"WebSite","@id":"https:\/\/ppdegalicia.com\/es\/#website","url":"https:\/\/ppdegalicia.com\/es\/","name":"Partido Popular de Galicia","description":"Partido Popular de Galicia","publisher":{"@id":"https:\/\/ppdegalicia.com\/es\/#organization"},"alternateName":"PP de Galicia","potentialAction":[{"@type":"SearchAction","target":{"@type":"EntryPoint","urlTemplate":"https:\/\/ppdegalicia.com\/es\/?s={search_term_string}"},"query-input":{"@type":"PropertyValueSpecification","valueRequired":true,"valueName":"search_term_string"}}],"inLanguage":"es"},{"@type":"Organization","@id":"https:\/\/ppdegalicia.com\/es\/#organization","name":"Partido Popular de Galicia","alternateName":"PP de Galicia","url":"https:\/\/ppdegalicia.com\/es\/","logo":{"@type":"ImageObject","inLanguage":"es","@id":"https:\/\/ppdegalicia.com\/es\/#\/schema\/logo\/image\/","url":"https:\/\/ppdegalicia.com\/wp-content\/uploads\/2023\/04\/logoPP512.png","contentUrl":"https:\/\/ppdegalicia.com\/wp-content\/uploads\/2023\/04\/logoPP512.png","width":512,"height":512,"caption":"Partido Popular de Galicia"},"image":{"@id":"https:\/\/ppdegalicia.com\/es\/#\/schema\/logo\/image\/"},"sameAs":["https:\/\/www.instagram.com\/ppdegalicia\/","https:\/\/x.com\/ppdegalicia","https:\/\/www.tiktok.com\/@ppdegalicia","https:\/\/www.youtube.com\/user\/ppdegalicia"]},{"@type":"Person","@id":"https:\/\/ppdegalicia.com\/es\/#\/schema\/person\/5b822c6f59e872ebdd1142f307dbcb59","name":"ppdegaliciaredes","image":{"@type":"ImageObject","inLanguage":"es","@id":"https:\/\/secure.gravatar.com\/avatar\/3c9179cf0256d00c72a48d1f25783c58b6842cd56e85ef3a572881c8e28ccd59?s=96&d=mm&r=g","url":"https:\/\/secure.gravatar.com\/avatar\/3c9179cf0256d00c72a48d1f25783c58b6842cd56e85ef3a572881c8e28ccd59?s=96&d=mm&r=g","contentUrl":"https:\/\/secure.gravatar.com\/avatar\/3c9179cf0256d00c72a48d1f25783c58b6842cd56e85ef3a572881c8e28ccd59?s=96&d=mm&r=g","caption":"ppdegaliciaredes"},"url":"https:\/\/ppdegalicia.com\/es\/author\/ppdegaliciaredes\/"}]}},"_links":{"self":[{"href":"https:\/\/ppdegalicia.com\/es\/wp-json\/wp\/v2\/posts\/69955","targetHints":{"allow":["GET"]}}],"collection":[{"href":"https:\/\/ppdegalicia.com\/es\/wp-json\/wp\/v2\/posts"}],"about":[{"href":"https:\/\/ppdegalicia.com\/es\/wp-json\/wp\/v2\/types\/post"}],"author":[{"embeddable":true,"href":"https:\/\/ppdegalicia.com\/es\/wp-json\/wp\/v2\/users\/38"}],"replies":[{"embeddable":true,"href":"https:\/\/ppdegalicia.com\/es\/wp-json\/wp\/v2\/comments?post=69955"}],"version-history":[{"count":1,"href":"https:\/\/ppdegalicia.com\/es\/wp-json\/wp\/v2\/posts\/69955\/revisions"}],"predecessor-version":[{"id":69958,"href":"https:\/\/ppdegalicia.com\/es\/wp-json\/wp\/v2\/posts\/69955\/revisions\/69958"}],"wp:featuredmedia":[{"embeddable":true,"href":"https:\/\/ppdegalicia.com\/es\/wp-json\/wp\/v2\/media\/69956"}],"wp:attachment":[{"href":"https:\/\/ppdegalicia.com\/es\/wp-json\/wp\/v2\/media?parent=69955"}],"wp:term":[{"taxonomy":"category","embeddable":true,"href":"https:\/\/ppdegalicia.com\/es\/wp-json\/wp\/v2\/categories?post=69955"},{"taxonomy":"post_tag","embeddable":true,"href":"https:\/\/ppdegalicia.com\/es\/wp-json\/wp\/v2\/tags?post=69955"}],"curies":[{"name":"wp","href":"https:\/\/api.w.org\/{rel}","templated":true}]}}