{"id":69960,"date":"2026-01-27T14:07:20","date_gmt":"2026-01-27T13:07:20","guid":{"rendered":"https:\/\/ppdegalicia.com\/?p=69960"},"modified":"2026-01-28T14:52:07","modified_gmt":"2026-01-28T13:52:07","slug":"el-pp-lidera-la-aprobacion-de-unas-salvaguardias-en-mercosur-que-protegen-a-los-agricultores-y-refuerzan-el-seguimiento-y-control-de-productos","status":"publish","type":"post","link":"https:\/\/ppdegalicia.com\/es\/el-pp-lidera-la-aprobacion-de-unas-salvaguardias-en-mercosur-que-protegen-a-los-agricultores-y-refuerzan-el-seguimiento-y-control-de-productos\/","title":{"rendered":"El PP lidera la aprobaci\u00f3n de unas salvaguardias en Mercosur que protegen a los agricultores, y refuerzan el seguimiento y control de productos"},"content":{"rendered":"<p style=\"font-weight: 400;\">La Comisi\u00f3n de Comercio Internacional del Parlamento Europeo ha aprobado hoy, gracias al Partido Popular pero sin el apoyo de BNG o Vox, las salvaguardias que buscan una protecci\u00f3n real yefectiva para los agricultores en el acuerdo comercial con Mercosur. Una serie de medidas extraordinarias que protegen \u00edntegramente a los agricultores como hab\u00eda exigido Alberto N\u00fa\u00f1ez Feij\u00f3o y como ped\u00eda Galicia.<\/p>\n<p style=\"font-weight: 400;\">El presidente del PP siempre ha defendido un refuerzo en las salvaguardias que evitaran perturbaciones en el mercado y un perjuicio en los agricultores y ganaderos.<\/p>\n<p style=\"font-weight: 400;\">Tras varios meses de trabajo, el Partido Popular en el Parlamento Europeoha conseguido una reducci\u00f3n sustancial de los umbrales de activaci\u00f3n de las salvaguardias. En un primer momento esta barrera se situaba en el 10 % anual en sectores sensibles, pero finalmente el texto resultante del acuerdo fija un umbral del 5 %, una medida fundamental porque permite actuar antes de que el da\u00f1o al mercado sea irreversible.<\/p>\n<p style=\"font-weight: 400;\">Este acuerdo en las salvaguardias tambi\u00e9n recoge la protecci\u00f3n necesaria para los agricultores frente a una ca\u00edda significativa de los precios. El Reglamento reconoce como perjuicio grave para el agricultor cuando elprecio medio de importaci\u00f3n cae m\u00e1s de un 5 %, una decisi\u00f3n importante ya que, para muchos sectores agr\u00edcolas este es el verdadero term\u00f3metro del da\u00f1o al que se enfrentan.<\/p>\n<p style=\"font-weight: 400;\">El Partido Popular ha querido destacar que \u201cestos criterios son objetivos y no discrecionales\u201d. \u201cNo dependen de valoraciones pol\u00edticas y demuestran que existe una obligaci\u00f3n clara de actuar cuando hay perturbaciones en el mercado\u201d. Adem\u00e1s, reconoce que \u201chemos logrado que cualquier indicio claro de deterioro de la situaci\u00f3n econ\u00f3mica del sector, ya sea a nivel de laUni\u00f3n o de los Estados miembros, puede justificar la apertura de una investigaci\u00f3n\u201d.<\/p>\n<p style=\"font-weight: 400;\"><strong><u>SEGUIMIENTO Y VIGILANCIA<\/u><\/strong><\/p>\n<p style=\"font-weight: 400;\">Otro logro importante es el refuerzo del sistema de seguimiento y vigilancia.La Comisi\u00f3n deber\u00e1 monitorizar de forma continua y constante las importaciones de productos sensibles y presentar informes como m\u00e1ximocada seis meses. Adem\u00e1s, el seguimiento podr\u00e1 ampliarse a otros productos, y se refuerza la cooperaci\u00f3n tanto entre la Comisi\u00f3n y losEstados miembros como entre los propios Estados miembros.<\/p>\n<p style=\"font-weight: 400;\">Es importante destacar la puesta en marcha de una serie de medidas de protecci\u00f3n que evitan que las salvaguardias puedan sortearse mediante cambios artificiales en las rutas comerciales, as\u00ed como la inclusi\u00f3n de los c\u00edtricos entre los productos sensibles protegidos, \u201cuna demanda importante para regiones especialmente expuestas\u201d.<\/p>\n<p style=\"font-weight: 400;\">Por \u00faltimo, el Reglamento garantiza una activaci\u00f3n r\u00e1pida del mecanismo,con un plazo m\u00e1ximo de 21 d\u00edas, y consolida pol\u00edticamente el principio de reciprocidad, con un compromiso claro de la Comisi\u00f3n en el Anexo en materia de est\u00e1ndares ambientales, bienestar animal, seguridad alimentaria y controles.<\/p>\n<p style=\"font-weight: 400;\">Este refuerzo de las salvaguardias se completa adem\u00e1s con un mensaje pol\u00edtico inequ\u00edvoco en materia de reciprocidad, plenamente incorporado en el acuerdo alcanzado en el tr\u00edlogo (Comisi\u00f3n, Parlamento Europeo y Consejo de la UE).<\/p>\n<p style=\"font-weight: 400;\">El Reglamento incluye una declaraci\u00f3n formal de la Comisi\u00f3n Europea, aneja al texto final, que compromete avances concretos en la alineaci\u00f3n de los est\u00e1ndares de producci\u00f3n aplicables a las importaciones, especialmente en bienestar animal, uso de pesticidas, seguridad alimentaria y condiciones laborales.<\/p>\n<p style=\"font-weight: 400;\">La Comisi\u00f3n ha puesto en marcha estudios sobre pesticidas prohibidos en la UE, con la posibilidad de fijar l\u00edmites de residuos a cero para lassustancias m\u00e1s peligrosas, ha anunciado el refuerzo de la legislaci\u00f3n enbienestar animal y ha activado, a partir del 1 de enero de 2026, un ambicioso plan de controles reforzados.<\/p>\n<p style=\"font-weight: 400;\">Este plan contempla un aumento significativo de las auditor\u00edas en terceros pa\u00edses, un seguimiento m\u00e1s estricto de productos y or\u00edgenes no conformes, el refuerzo de los controles en los principales puntos de entrada en la UE y una mayor coordinaci\u00f3n con los Estados miembros, apoyada por unaTask Force europea dedicada a mejorar la eficacia de los controles de importaci\u00f3n.<\/p>\n<p style=\"text-align: left;\">No estamos hablando, en definitiva, de salvaguardias simb\u00f3licas, sino de un instrumento operativo, r\u00e1pido y jur\u00eddicamente s\u00f3lido, que ofrece una protecci\u00f3n real frente a posibles distorsiones derivadas del Acuerdo UE\u2013 Mercosur.<\/p>\n<p style=\"font-weight: 400;\">Se prev\u00e9 que el reglamento de salvaguardias se vote en el pr\u00f3ximo pleno del Parlamento Europeo este mes de febrero.<\/p>\n","protected":false},"excerpt":{"rendered":"<p>La Comisi\u00f3n de Comercio Internacional del Parlamento Europeo ha aprobado hoy, gracias al Partido Popular pero sin el apoyo de BNG o Vox, las salvaguardias que buscan una protecci\u00f3n real yefectiva para los agricultores en el acuerdo comercial con Mercosur. Una serie de medidas extraordinarias que protegen \u00edntegramente a los agricultores como hab\u00eda exigido Alberto [&hellip;]<\/p>\n","protected":false},"author":38,"featured_media":69961,"comment_status":"closed","ping_status":"open","sticky":false,"template":"","format":"standard","meta":{"_acf_changed":false,"footnotes":""},"categories":[1127],"tags":[],"class_list":["post-69960","post","type-post","status-publish","format-standard","has-post-thumbnail","hentry","category-actualidad-parlamento-europeo"],"acf":[],"yoast_head":"<!-- This site is optimized with the Yoast SEO plugin v27.3 - https:\/\/yoast.com\/product\/yoast-seo-wordpress\/ -->\n<title>El PP lidera la aprobaci\u00f3n de unas salvaguardias en Mercosur que protegen a los agricultores, y refuerzan el seguimiento y control de productos - PP de Galicia<\/title>\n<meta name=\"description\" content=\"La Comisi\u00f3n de Comercio Internacional del Parlamento Europeo ha aprobado hoy, gracias al Partido Popular pero sin el apoyo de BNG o Vox, las salvaguardias que buscan una protecci\u00f3n real y efectiva para los agricultores en el acuerdo comercial con Mercosur. Una serie de medidas extraordinarias que protegen \u00edntegramente a los agricultores como hab\u00eda exigido Alberto N\u00fa\u00f1ez Feij\u00f3o y como ped\u00eda Galicia.\" \/>\n<meta name=\"robots\" content=\"index, follow, max-snippet:-1, max-image-preview:large, max-video-preview:-1\" \/>\n<link rel=\"canonical\" href=\"https:\/\/ppdegalicia.com\/es\/el-pp-lidera-la-aprobacion-de-unas-salvaguardias-en-mercosur-que-protegen-a-los-agricultores-y-refuerzan-el-seguimiento-y-control-de-productos\/\" \/>\n<meta property=\"og:locale\" content=\"es_ES\" \/>\n<meta property=\"og:type\" content=\"article\" \/>\n<meta property=\"og:title\" content=\"El PP lidera la aprobaci\u00f3n de unas salvaguardias en Mercosur que protegen a los agricultores, y refuerzan el seguimiento y control de productos - PP de Galicia\" \/>\n<meta property=\"og:description\" content=\"La Comisi\u00f3n de Comercio Internacional del Parlamento Europeo ha aprobado hoy, gracias al Partido Popular pero sin el apoyo de BNG o Vox, las salvaguardias que buscan una protecci\u00f3n real y efectiva para los agricultores en el acuerdo comercial con Mercosur. Una serie de medidas extraordinarias que protegen \u00edntegramente a los agricultores como hab\u00eda exigido Alberto N\u00fa\u00f1ez Feij\u00f3o y como ped\u00eda Galicia.\" \/>\n<meta property=\"og:url\" content=\"https:\/\/ppdegalicia.com\/es\/el-pp-lidera-la-aprobacion-de-unas-salvaguardias-en-mercosur-que-protegen-a-los-agricultores-y-refuerzan-el-seguimiento-y-control-de-productos\/\" \/>\n<meta property=\"og:site_name\" content=\"PP de Galicia\" \/>\n<meta property=\"article:publisher\" content=\"https:\/\/www.instagram.com\/ppdegalicia\/\" \/>\n<meta property=\"article:published_time\" content=\"2026-01-27T13:07:20+00:00\" \/>\n<meta property=\"article:modified_time\" content=\"2026-01-28T13:52:07+00:00\" \/>\n<meta property=\"og:image\" content=\"https:\/\/ppdegalicia.com\/wp-content\/uploads\/2026\/01\/210520-fresas-06av.jpg\" \/>\n\t<meta property=\"og:image:width\" content=\"1200\" \/>\n\t<meta property=\"og:image:height\" content=\"800\" \/>\n\t<meta property=\"og:image:type\" content=\"image\/jpeg\" \/>\n<meta name=\"author\" content=\"ppdegaliciaredes\" \/>\n<meta name=\"twitter:card\" content=\"summary_large_image\" \/>\n<meta name=\"twitter:creator\" content=\"@ppdegalicia\" \/>\n<meta name=\"twitter:site\" content=\"@ppdegalicia\" \/>\n<meta name=\"twitter:label1\" content=\"Escrito por\" \/>\n\t<meta name=\"twitter:data1\" content=\"ppdegaliciaredes\" \/>\n\t<meta name=\"twitter:label2\" content=\"Tiempo de lectura\" \/>\n\t<meta name=\"twitter:data2\" content=\"4 minutos\" \/>\n<script type=\"application\/ld+json\" class=\"yoast-schema-graph\">{\"@context\":\"https:\\\/\\\/schema.org\",\"@graph\":[{\"@type\":\"Article\",\"@id\":\"https:\\\/\\\/ppdegalicia.com\\\/es\\\/el-pp-lidera-la-aprobacion-de-unas-salvaguardias-en-mercosur-que-protegen-a-los-agricultores-y-refuerzan-el-seguimiento-y-control-de-productos\\\/#article\",\"isPartOf\":{\"@id\":\"https:\\\/\\\/ppdegalicia.com\\\/es\\\/el-pp-lidera-la-aprobacion-de-unas-salvaguardias-en-mercosur-que-protegen-a-los-agricultores-y-refuerzan-el-seguimiento-y-control-de-productos\\\/\"},\"author\":{\"name\":\"ppdegaliciaredes\",\"@id\":\"https:\\\/\\\/ppdegalicia.com\\\/es\\\/#\\\/schema\\\/person\\\/5b822c6f59e872ebdd1142f307dbcb59\"},\"headline\":\"El PP lidera la aprobaci\u00f3n de unas salvaguardias en Mercosur que protegen a los agricultores, y refuerzan el seguimiento y control de productos\",\"datePublished\":\"2026-01-27T13:07:20+00:00\",\"dateModified\":\"2026-01-28T13:52:07+00:00\",\"mainEntityOfPage\":{\"@id\":\"https:\\\/\\\/ppdegalicia.com\\\/es\\\/el-pp-lidera-la-aprobacion-de-unas-salvaguardias-en-mercosur-que-protegen-a-los-agricultores-y-refuerzan-el-seguimiento-y-control-de-productos\\\/\"},\"wordCount\":759,\"publisher\":{\"@id\":\"https:\\\/\\\/ppdegalicia.com\\\/es\\\/#organization\"},\"image\":{\"@id\":\"https:\\\/\\\/ppdegalicia.com\\\/es\\\/el-pp-lidera-la-aprobacion-de-unas-salvaguardias-en-mercosur-que-protegen-a-los-agricultores-y-refuerzan-el-seguimiento-y-control-de-productos\\\/#primaryimage\"},\"thumbnailUrl\":\"https:\\\/\\\/ppdegalicia.com\\\/wp-content\\\/uploads\\\/2026\\\/01\\\/210520-fresas-06av.jpg\",\"articleSection\":[\"Parlamento Europeo\"],\"inLanguage\":\"es\"},{\"@type\":\"WebPage\",\"@id\":\"https:\\\/\\\/ppdegalicia.com\\\/es\\\/el-pp-lidera-la-aprobacion-de-unas-salvaguardias-en-mercosur-que-protegen-a-los-agricultores-y-refuerzan-el-seguimiento-y-control-de-productos\\\/\",\"url\":\"https:\\\/\\\/ppdegalicia.com\\\/es\\\/el-pp-lidera-la-aprobacion-de-unas-salvaguardias-en-mercosur-que-protegen-a-los-agricultores-y-refuerzan-el-seguimiento-y-control-de-productos\\\/\",\"name\":\"El PP lidera la aprobaci\u00f3n de unas salvaguardias en Mercosur que protegen a los agricultores, y refuerzan el seguimiento y control de productos - PP de Galicia\",\"isPartOf\":{\"@id\":\"https:\\\/\\\/ppdegalicia.com\\\/es\\\/#website\"},\"primaryImageOfPage\":{\"@id\":\"https:\\\/\\\/ppdegalicia.com\\\/es\\\/el-pp-lidera-la-aprobacion-de-unas-salvaguardias-en-mercosur-que-protegen-a-los-agricultores-y-refuerzan-el-seguimiento-y-control-de-productos\\\/#primaryimage\"},\"image\":{\"@id\":\"https:\\\/\\\/ppdegalicia.com\\\/es\\\/el-pp-lidera-la-aprobacion-de-unas-salvaguardias-en-mercosur-que-protegen-a-los-agricultores-y-refuerzan-el-seguimiento-y-control-de-productos\\\/#primaryimage\"},\"thumbnailUrl\":\"https:\\\/\\\/ppdegalicia.com\\\/wp-content\\\/uploads\\\/2026\\\/01\\\/210520-fresas-06av.jpg\",\"datePublished\":\"2026-01-27T13:07:20+00:00\",\"dateModified\":\"2026-01-28T13:52:07+00:00\",\"description\":\"La Comisi\u00f3n de Comercio Internacional del Parlamento Europeo ha aprobado hoy, gracias al Partido Popular pero sin el apoyo de BNG o Vox, las salvaguardias que buscan una protecci\u00f3n real y efectiva para los agricultores en el acuerdo comercial con Mercosur. Una serie de medidas extraordinarias que protegen \u00edntegramente a los agricultores como hab\u00eda exigido Alberto N\u00fa\u00f1ez Feij\u00f3o y como ped\u00eda Galicia.\",\"breadcrumb\":{\"@id\":\"https:\\\/\\\/ppdegalicia.com\\\/es\\\/el-pp-lidera-la-aprobacion-de-unas-salvaguardias-en-mercosur-que-protegen-a-los-agricultores-y-refuerzan-el-seguimiento-y-control-de-productos\\\/#breadcrumb\"},\"inLanguage\":\"es\",\"potentialAction\":[{\"@type\":\"ReadAction\",\"target\":[\"https:\\\/\\\/ppdegalicia.com\\\/es\\\/el-pp-lidera-la-aprobacion-de-unas-salvaguardias-en-mercosur-que-protegen-a-los-agricultores-y-refuerzan-el-seguimiento-y-control-de-productos\\\/\"]}]},{\"@type\":\"ImageObject\",\"inLanguage\":\"es\",\"@id\":\"https:\\\/\\\/ppdegalicia.com\\\/es\\\/el-pp-lidera-la-aprobacion-de-unas-salvaguardias-en-mercosur-que-protegen-a-los-agricultores-y-refuerzan-el-seguimiento-y-control-de-productos\\\/#primaryimage\",\"url\":\"https:\\\/\\\/ppdegalicia.com\\\/wp-content\\\/uploads\\\/2026\\\/01\\\/210520-fresas-06av.jpg\",\"contentUrl\":\"https:\\\/\\\/ppdegalicia.com\\\/wp-content\\\/uploads\\\/2026\\\/01\\\/210520-fresas-06av.jpg\",\"width\":1200,\"height\":800},{\"@type\":\"BreadcrumbList\",\"@id\":\"https:\\\/\\\/ppdegalicia.com\\\/es\\\/el-pp-lidera-la-aprobacion-de-unas-salvaguardias-en-mercosur-que-protegen-a-los-agricultores-y-refuerzan-el-seguimiento-y-control-de-productos\\\/#breadcrumb\",\"itemListElement\":[{\"@type\":\"ListItem\",\"position\":1,\"name\":\"Portada\",\"item\":\"https:\\\/\\\/ppdegalicia.com\\\/es\\\/\"},{\"@type\":\"ListItem\",\"position\":2,\"name\":\"El PP lidera la aprobaci\u00f3n de unas salvaguardias en Mercosur que protegen a los agricultores, y refuerzan el seguimiento y control de productos\"}]},{\"@type\":\"WebSite\",\"@id\":\"https:\\\/\\\/ppdegalicia.com\\\/es\\\/#website\",\"url\":\"https:\\\/\\\/ppdegalicia.com\\\/es\\\/\",\"name\":\"Partido Popular de Galicia\",\"description\":\"Partido Popular de Galicia\",\"publisher\":{\"@id\":\"https:\\\/\\\/ppdegalicia.com\\\/es\\\/#organization\"},\"alternateName\":\"PP de Galicia\",\"potentialAction\":[{\"@type\":\"SearchAction\",\"target\":{\"@type\":\"EntryPoint\",\"urlTemplate\":\"https:\\\/\\\/ppdegalicia.com\\\/es\\\/?s={search_term_string}\"},\"query-input\":{\"@type\":\"PropertyValueSpecification\",\"valueRequired\":true,\"valueName\":\"search_term_string\"}}],\"inLanguage\":\"es\"},{\"@type\":\"Organization\",\"@id\":\"https:\\\/\\\/ppdegalicia.com\\\/es\\\/#organization\",\"name\":\"Partido Popular de Galicia\",\"alternateName\":\"PP de Galicia\",\"url\":\"https:\\\/\\\/ppdegalicia.com\\\/es\\\/\",\"logo\":{\"@type\":\"ImageObject\",\"inLanguage\":\"es\",\"@id\":\"https:\\\/\\\/ppdegalicia.com\\\/es\\\/#\\\/schema\\\/logo\\\/image\\\/\",\"url\":\"https:\\\/\\\/ppdegalicia.com\\\/wp-content\\\/uploads\\\/2023\\\/04\\\/logoPP512.png\",\"contentUrl\":\"https:\\\/\\\/ppdegalicia.com\\\/wp-content\\\/uploads\\\/2023\\\/04\\\/logoPP512.png\",\"width\":512,\"height\":512,\"caption\":\"Partido Popular de Galicia\"},\"image\":{\"@id\":\"https:\\\/\\\/ppdegalicia.com\\\/es\\\/#\\\/schema\\\/logo\\\/image\\\/\"},\"sameAs\":[\"https:\\\/\\\/www.instagram.com\\\/ppdegalicia\\\/\",\"https:\\\/\\\/x.com\\\/ppdegalicia\",\"https:\\\/\\\/www.tiktok.com\\\/@ppdegalicia\",\"https:\\\/\\\/www.youtube.com\\\/user\\\/ppdegalicia\"]},{\"@type\":\"Person\",\"@id\":\"https:\\\/\\\/ppdegalicia.com\\\/es\\\/#\\\/schema\\\/person\\\/5b822c6f59e872ebdd1142f307dbcb59\",\"name\":\"ppdegaliciaredes\",\"image\":{\"@type\":\"ImageObject\",\"inLanguage\":\"es\",\"@id\":\"https:\\\/\\\/secure.gravatar.com\\\/avatar\\\/3c9179cf0256d00c72a48d1f25783c58b6842cd56e85ef3a572881c8e28ccd59?s=96&d=mm&r=g\",\"url\":\"https:\\\/\\\/secure.gravatar.com\\\/avatar\\\/3c9179cf0256d00c72a48d1f25783c58b6842cd56e85ef3a572881c8e28ccd59?s=96&d=mm&r=g\",\"contentUrl\":\"https:\\\/\\\/secure.gravatar.com\\\/avatar\\\/3c9179cf0256d00c72a48d1f25783c58b6842cd56e85ef3a572881c8e28ccd59?s=96&d=mm&r=g\",\"caption\":\"ppdegaliciaredes\"},\"url\":\"https:\\\/\\\/ppdegalicia.com\\\/es\\\/author\\\/ppdegaliciaredes\\\/\"}]}<\/script>\n<!-- \/ Yoast SEO plugin. -->","yoast_head_json":{"title":"El PP lidera la aprobaci\u00f3n de unas salvaguardias en Mercosur que protegen a los agricultores, y refuerzan el seguimiento y control de productos - PP de Galicia","description":"La Comisi\u00f3n de Comercio Internacional del Parlamento Europeo ha aprobado hoy, gracias al Partido Popular pero sin el apoyo de BNG o Vox, las salvaguardias que buscan una protecci\u00f3n real y efectiva para los agricultores en el acuerdo comercial con Mercosur. Una serie de medidas extraordinarias que protegen \u00edntegramente a los agricultores como hab\u00eda exigido Alberto N\u00fa\u00f1ez Feij\u00f3o y como ped\u00eda Galicia.","robots":{"index":"index","follow":"follow","max-snippet":"max-snippet:-1","max-image-preview":"max-image-preview:large","max-video-preview":"max-video-preview:-1"},"canonical":"https:\/\/ppdegalicia.com\/es\/el-pp-lidera-la-aprobacion-de-unas-salvaguardias-en-mercosur-que-protegen-a-los-agricultores-y-refuerzan-el-seguimiento-y-control-de-productos\/","og_locale":"es_ES","og_type":"article","og_title":"El PP lidera la aprobaci\u00f3n de unas salvaguardias en Mercosur que protegen a los agricultores, y refuerzan el seguimiento y control de productos - PP de Galicia","og_description":"La Comisi\u00f3n de Comercio Internacional del Parlamento Europeo ha aprobado hoy, gracias al Partido Popular pero sin el apoyo de BNG o Vox, las salvaguardias que buscan una protecci\u00f3n real y efectiva para los agricultores en el acuerdo comercial con Mercosur. Una serie de medidas extraordinarias que protegen \u00edntegramente a los agricultores como hab\u00eda exigido Alberto N\u00fa\u00f1ez Feij\u00f3o y como ped\u00eda Galicia.","og_url":"https:\/\/ppdegalicia.com\/es\/el-pp-lidera-la-aprobacion-de-unas-salvaguardias-en-mercosur-que-protegen-a-los-agricultores-y-refuerzan-el-seguimiento-y-control-de-productos\/","og_site_name":"PP de Galicia","article_publisher":"https:\/\/www.instagram.com\/ppdegalicia\/","article_published_time":"2026-01-27T13:07:20+00:00","article_modified_time":"2026-01-28T13:52:07+00:00","og_image":[{"width":1200,"height":800,"url":"https:\/\/ppdegalicia.com\/wp-content\/uploads\/2026\/01\/210520-fresas-06av.jpg","type":"image\/jpeg"}],"author":"ppdegaliciaredes","twitter_card":"summary_large_image","twitter_creator":"@ppdegalicia","twitter_site":"@ppdegalicia","twitter_misc":{"Escrito por":"ppdegaliciaredes","Tiempo de lectura":"4 minutos"},"schema":{"@context":"https:\/\/schema.org","@graph":[{"@type":"Article","@id":"https:\/\/ppdegalicia.com\/es\/el-pp-lidera-la-aprobacion-de-unas-salvaguardias-en-mercosur-que-protegen-a-los-agricultores-y-refuerzan-el-seguimiento-y-control-de-productos\/#article","isPartOf":{"@id":"https:\/\/ppdegalicia.com\/es\/el-pp-lidera-la-aprobacion-de-unas-salvaguardias-en-mercosur-que-protegen-a-los-agricultores-y-refuerzan-el-seguimiento-y-control-de-productos\/"},"author":{"name":"ppdegaliciaredes","@id":"https:\/\/ppdegalicia.com\/es\/#\/schema\/person\/5b822c6f59e872ebdd1142f307dbcb59"},"headline":"El PP lidera la aprobaci\u00f3n de unas salvaguardias en Mercosur que protegen a los agricultores, y refuerzan el seguimiento y control de productos","datePublished":"2026-01-27T13:07:20+00:00","dateModified":"2026-01-28T13:52:07+00:00","mainEntityOfPage":{"@id":"https:\/\/ppdegalicia.com\/es\/el-pp-lidera-la-aprobacion-de-unas-salvaguardias-en-mercosur-que-protegen-a-los-agricultores-y-refuerzan-el-seguimiento-y-control-de-productos\/"},"wordCount":759,"publisher":{"@id":"https:\/\/ppdegalicia.com\/es\/#organization"},"image":{"@id":"https:\/\/ppdegalicia.com\/es\/el-pp-lidera-la-aprobacion-de-unas-salvaguardias-en-mercosur-que-protegen-a-los-agricultores-y-refuerzan-el-seguimiento-y-control-de-productos\/#primaryimage"},"thumbnailUrl":"https:\/\/ppdegalicia.com\/wp-content\/uploads\/2026\/01\/210520-fresas-06av.jpg","articleSection":["Parlamento Europeo"],"inLanguage":"es"},{"@type":"WebPage","@id":"https:\/\/ppdegalicia.com\/es\/el-pp-lidera-la-aprobacion-de-unas-salvaguardias-en-mercosur-que-protegen-a-los-agricultores-y-refuerzan-el-seguimiento-y-control-de-productos\/","url":"https:\/\/ppdegalicia.com\/es\/el-pp-lidera-la-aprobacion-de-unas-salvaguardias-en-mercosur-que-protegen-a-los-agricultores-y-refuerzan-el-seguimiento-y-control-de-productos\/","name":"El PP lidera la aprobaci\u00f3n de unas salvaguardias en Mercosur que protegen a los agricultores, y refuerzan el seguimiento y control de productos - PP de Galicia","isPartOf":{"@id":"https:\/\/ppdegalicia.com\/es\/#website"},"primaryImageOfPage":{"@id":"https:\/\/ppdegalicia.com\/es\/el-pp-lidera-la-aprobacion-de-unas-salvaguardias-en-mercosur-que-protegen-a-los-agricultores-y-refuerzan-el-seguimiento-y-control-de-productos\/#primaryimage"},"image":{"@id":"https:\/\/ppdegalicia.com\/es\/el-pp-lidera-la-aprobacion-de-unas-salvaguardias-en-mercosur-que-protegen-a-los-agricultores-y-refuerzan-el-seguimiento-y-control-de-productos\/#primaryimage"},"thumbnailUrl":"https:\/\/ppdegalicia.com\/wp-content\/uploads\/2026\/01\/210520-fresas-06av.jpg","datePublished":"2026-01-27T13:07:20+00:00","dateModified":"2026-01-28T13:52:07+00:00","description":"La Comisi\u00f3n de Comercio Internacional del Parlamento Europeo ha aprobado hoy, gracias al Partido Popular pero sin el apoyo de BNG o Vox, las salvaguardias que buscan una protecci\u00f3n real y efectiva para los agricultores en el acuerdo comercial con Mercosur. Una serie de medidas extraordinarias que protegen \u00edntegramente a los agricultores como hab\u00eda exigido Alberto N\u00fa\u00f1ez Feij\u00f3o y como ped\u00eda Galicia.","breadcrumb":{"@id":"https:\/\/ppdegalicia.com\/es\/el-pp-lidera-la-aprobacion-de-unas-salvaguardias-en-mercosur-que-protegen-a-los-agricultores-y-refuerzan-el-seguimiento-y-control-de-productos\/#breadcrumb"},"inLanguage":"es","potentialAction":[{"@type":"ReadAction","target":["https:\/\/ppdegalicia.com\/es\/el-pp-lidera-la-aprobacion-de-unas-salvaguardias-en-mercosur-que-protegen-a-los-agricultores-y-refuerzan-el-seguimiento-y-control-de-productos\/"]}]},{"@type":"ImageObject","inLanguage":"es","@id":"https:\/\/ppdegalicia.com\/es\/el-pp-lidera-la-aprobacion-de-unas-salvaguardias-en-mercosur-que-protegen-a-los-agricultores-y-refuerzan-el-seguimiento-y-control-de-productos\/#primaryimage","url":"https:\/\/ppdegalicia.com\/wp-content\/uploads\/2026\/01\/210520-fresas-06av.jpg","contentUrl":"https:\/\/ppdegalicia.com\/wp-content\/uploads\/2026\/01\/210520-fresas-06av.jpg","width":1200,"height":800},{"@type":"BreadcrumbList","@id":"https:\/\/ppdegalicia.com\/es\/el-pp-lidera-la-aprobacion-de-unas-salvaguardias-en-mercosur-que-protegen-a-los-agricultores-y-refuerzan-el-seguimiento-y-control-de-productos\/#breadcrumb","itemListElement":[{"@type":"ListItem","position":1,"name":"Portada","item":"https:\/\/ppdegalicia.com\/es\/"},{"@type":"ListItem","position":2,"name":"El PP lidera la aprobaci\u00f3n de unas salvaguardias en Mercosur que protegen a los agricultores, y refuerzan el seguimiento y control de productos"}]},{"@type":"WebSite","@id":"https:\/\/ppdegalicia.com\/es\/#website","url":"https:\/\/ppdegalicia.com\/es\/","name":"Partido Popular de Galicia","description":"Partido Popular de Galicia","publisher":{"@id":"https:\/\/ppdegalicia.com\/es\/#organization"},"alternateName":"PP de Galicia","potentialAction":[{"@type":"SearchAction","target":{"@type":"EntryPoint","urlTemplate":"https:\/\/ppdegalicia.com\/es\/?s={search_term_string}"},"query-input":{"@type":"PropertyValueSpecification","valueRequired":true,"valueName":"search_term_string"}}],"inLanguage":"es"},{"@type":"Organization","@id":"https:\/\/ppdegalicia.com\/es\/#organization","name":"Partido Popular de Galicia","alternateName":"PP de Galicia","url":"https:\/\/ppdegalicia.com\/es\/","logo":{"@type":"ImageObject","inLanguage":"es","@id":"https:\/\/ppdegalicia.com\/es\/#\/schema\/logo\/image\/","url":"https:\/\/ppdegalicia.com\/wp-content\/uploads\/2023\/04\/logoPP512.png","contentUrl":"https:\/\/ppdegalicia.com\/wp-content\/uploads\/2023\/04\/logoPP512.png","width":512,"height":512,"caption":"Partido Popular de Galicia"},"image":{"@id":"https:\/\/ppdegalicia.com\/es\/#\/schema\/logo\/image\/"},"sameAs":["https:\/\/www.instagram.com\/ppdegalicia\/","https:\/\/x.com\/ppdegalicia","https:\/\/www.tiktok.com\/@ppdegalicia","https:\/\/www.youtube.com\/user\/ppdegalicia"]},{"@type":"Person","@id":"https:\/\/ppdegalicia.com\/es\/#\/schema\/person\/5b822c6f59e872ebdd1142f307dbcb59","name":"ppdegaliciaredes","image":{"@type":"ImageObject","inLanguage":"es","@id":"https:\/\/secure.gravatar.com\/avatar\/3c9179cf0256d00c72a48d1f25783c58b6842cd56e85ef3a572881c8e28ccd59?s=96&d=mm&r=g","url":"https:\/\/secure.gravatar.com\/avatar\/3c9179cf0256d00c72a48d1f25783c58b6842cd56e85ef3a572881c8e28ccd59?s=96&d=mm&r=g","contentUrl":"https:\/\/secure.gravatar.com\/avatar\/3c9179cf0256d00c72a48d1f25783c58b6842cd56e85ef3a572881c8e28ccd59?s=96&d=mm&r=g","caption":"ppdegaliciaredes"},"url":"https:\/\/ppdegalicia.com\/es\/author\/ppdegaliciaredes\/"}]}},"_links":{"self":[{"href":"https:\/\/ppdegalicia.com\/es\/wp-json\/wp\/v2\/posts\/69960","targetHints":{"allow":["GET"]}}],"collection":[{"href":"https:\/\/ppdegalicia.com\/es\/wp-json\/wp\/v2\/posts"}],"about":[{"href":"https:\/\/ppdegalicia.com\/es\/wp-json\/wp\/v2\/types\/post"}],"author":[{"embeddable":true,"href":"https:\/\/ppdegalicia.com\/es\/wp-json\/wp\/v2\/users\/38"}],"replies":[{"embeddable":true,"href":"https:\/\/ppdegalicia.com\/es\/wp-json\/wp\/v2\/comments?post=69960"}],"version-history":[{"count":1,"href":"https:\/\/ppdegalicia.com\/es\/wp-json\/wp\/v2\/posts\/69960\/revisions"}],"predecessor-version":[{"id":69963,"href":"https:\/\/ppdegalicia.com\/es\/wp-json\/wp\/v2\/posts\/69960\/revisions\/69963"}],"wp:featuredmedia":[{"embeddable":true,"href":"https:\/\/ppdegalicia.com\/es\/wp-json\/wp\/v2\/media\/69961"}],"wp:attachment":[{"href":"https:\/\/ppdegalicia.com\/es\/wp-json\/wp\/v2\/media?parent=69960"}],"wp:term":[{"taxonomy":"category","embeddable":true,"href":"https:\/\/ppdegalicia.com\/es\/wp-json\/wp\/v2\/categories?post=69960"},{"taxonomy":"post_tag","embeddable":true,"href":"https:\/\/ppdegalicia.com\/es\/wp-json\/wp\/v2\/tags?post=69960"}],"curies":[{"name":"wp","href":"https:\/\/api.w.org\/{rel}","templated":true}]}}