{"id":69964,"date":"2026-01-27T14:28:44","date_gmt":"2026-01-27T13:28:44","guid":{"rendered":"https:\/\/ppdegalicia.com\/?p=69964"},"modified":"2026-01-28T14:41:53","modified_gmt":"2026-01-28T13:41:53","slug":"o-ppdeg-acusa-a-psdeg-e-bng-de-avalar-as-trampas-de-sanchez-que-usa-de-refens-aos-pensionistas","status":"publish","type":"post","link":"https:\/\/ppdegalicia.com\/es\/o-ppdeg-acusa-a-psdeg-e-bng-de-avalar-as-trampas-de-sanchez-que-usa-de-refens-aos-pensionistas\/","title":{"rendered":"O PPdeG acusa a PSdeG e BNG de \u00abavalar as trampas\u00bb de S\u00e1nchez, que \u00abusa de ref\u00e9ns\u00bb aos pensionistas"},"content":{"rendered":"<p>O PPdeG lamenta que PSdeG e BNG, con Jos\u00e9 Ram\u00f3n G\u00f3mez Besteiro e Ana Pont\u00f3n ao fronte, se \u00abpreocupen m\u00e1is de defender a Pedro S\u00e1nchez que aos galegos e galegas\u00bb, despois de que o presidente do Gobierno \u00abutilice una vez m\u00e1s a los pensionistas como ref\u00e9ns para mantenerse no poder\u00bb.<\/p>\n<p>\u00abO PSdeG e o BNG, como levan facendo desde que S\u00e1nchez entrou na Moncloa, avalararon unha vez m\u00e1is as s\u00faas trampas\u00bb, sinalan os populares galegos, en referencia ao decreto que \u00abmistura\u00bb vivenda, ocupaci\u00f3n, tarifa enerx\u00e9tica, impostos, seguridade social ou salario m\u00ednimo.<\/p>\n<p>Para os populares, tanto socialismo como independentismo galego \u00abs\u00f3 buscan manter a S\u00e1nchez un pouco m\u00e1is no poder\u00bb, con decreto que \u00e9 \u00abmostra do reco\u00f1ecemento da incapacidade do Executivo central\u00bb para presentar uns Orzamentos Xerais desde os de 2023.<\/p>\n","protected":false},"excerpt":{"rendered":"<p>O PPdeG lamenta que PSdeG e BNG, con Jos\u00e9 Ram\u00f3n G\u00f3mez Besteiro e Ana Pont\u00f3n ao fronte, se \u00abpreocupen m\u00e1is de defender a Pedro S\u00e1nchez que aos galegos e galegas\u00bb, despois de que o presidente do Gobierno \u00abutilice una vez m\u00e1s a los pensionistas como ref\u00e9ns para mantenerse no poder\u00bb. \u00abO PSdeG e o BNG, [&hellip;]<\/p>\n","protected":false},"author":38,"featured_media":69965,"comment_status":"closed","ping_status":"open","sticky":false,"template":"","format":"standard","meta":{"_acf_changed":false,"footnotes":""},"categories":[1],"tags":[],"class_list":["post-69964","post","type-post","status-publish","format-standard","has-post-thumbnail","hentry","category-pp-de-galicia"],"acf":[],"yoast_head":"<!-- This site is optimized with the Yoast SEO plugin v27.3 - https:\/\/yoast.com\/product\/yoast-seo-wordpress\/ -->\n<title>O PPdeG acusa a PSdeG e BNG de &quot;avalar as trampas&quot; de S\u00e1nchez, que &quot;usa de ref\u00e9ns&quot; aos pensionistas - PP de Galicia<\/title>\n<meta name=\"description\" content=\"O PPdeG lamenta que PSdeG e BNG, con Jos\u00e9 Ram\u00f3n G\u00f3mez Besteiro e Ana Pont\u00f3n ao fronte, se &quot;preocupen m\u00e1is de defender a Pedro S\u00e1nchez que aos galegos e galegas&quot;, despois de que o presidente do Gobierno &quot;utilice una vez m\u00e1s a los pensionistas como ref\u00e9ns para mantenerse no poder&quot;.\" \/>\n<meta name=\"robots\" content=\"index, follow, max-snippet:-1, max-image-preview:large, max-video-preview:-1\" \/>\n<link rel=\"canonical\" href=\"https:\/\/ppdegalicia.com\/es\/o-ppdeg-acusa-a-psdeg-e-bng-de-avalar-as-trampas-de-sanchez-que-usa-de-refens-aos-pensionistas\/\" \/>\n<meta property=\"og:locale\" content=\"es_ES\" \/>\n<meta property=\"og:type\" content=\"article\" \/>\n<meta property=\"og:title\" content=\"O PPdeG acusa a PSdeG e BNG de &quot;avalar as trampas&quot; de S\u00e1nchez, que &quot;usa de ref\u00e9ns&quot; aos pensionistas - PP de Galicia\" \/>\n<meta property=\"og:description\" content=\"O PPdeG lamenta que PSdeG e BNG, con Jos\u00e9 Ram\u00f3n G\u00f3mez Besteiro e Ana Pont\u00f3n ao fronte, se &quot;preocupen m\u00e1is de defender a Pedro S\u00e1nchez que aos galegos e galegas&quot;, despois de que o presidente do Gobierno &quot;utilice una vez m\u00e1s a los pensionistas como ref\u00e9ns para mantenerse no poder&quot;.\" \/>\n<meta property=\"og:url\" content=\"https:\/\/ppdegalicia.com\/es\/o-ppdeg-acusa-a-psdeg-e-bng-de-avalar-as-trampas-de-sanchez-que-usa-de-refens-aos-pensionistas\/\" \/>\n<meta property=\"og:site_name\" content=\"PP de Galicia\" \/>\n<meta property=\"article:publisher\" content=\"https:\/\/www.instagram.com\/ppdegalicia\/\" \/>\n<meta property=\"article:published_time\" content=\"2026-01-27T13:28:44+00:00\" \/>\n<meta property=\"article:modified_time\" content=\"2026-01-28T13:41:53+00:00\" \/>\n<meta property=\"og:image\" content=\"https:\/\/ppdegalicia.com\/wp-content\/uploads\/2026\/01\/181121-escenas-08a.jpg\" \/>\n\t<meta property=\"og:image:width\" content=\"1200\" \/>\n\t<meta property=\"og:image:height\" content=\"800\" \/>\n\t<meta property=\"og:image:type\" content=\"image\/jpeg\" \/>\n<meta name=\"author\" content=\"ppdegaliciaredes\" \/>\n<meta name=\"twitter:card\" content=\"summary_large_image\" \/>\n<meta name=\"twitter:creator\" content=\"@ppdegalicia\" \/>\n<meta name=\"twitter:site\" content=\"@ppdegalicia\" \/>\n<meta name=\"twitter:label1\" content=\"Escrito por\" \/>\n\t<meta name=\"twitter:data1\" content=\"ppdegaliciaredes\" \/>\n\t<meta name=\"twitter:label2\" content=\"Tiempo de lectura\" \/>\n\t<meta name=\"twitter:data2\" content=\"1 minuto\" \/>\n<script type=\"application\/ld+json\" class=\"yoast-schema-graph\">{\"@context\":\"https:\\\/\\\/schema.org\",\"@graph\":[{\"@type\":\"Article\",\"@id\":\"https:\\\/\\\/ppdegalicia.com\\\/es\\\/o-ppdeg-acusa-a-psdeg-e-bng-de-avalar-as-trampas-de-sanchez-que-usa-de-refens-aos-pensionistas\\\/#article\",\"isPartOf\":{\"@id\":\"https:\\\/\\\/ppdegalicia.com\\\/es\\\/o-ppdeg-acusa-a-psdeg-e-bng-de-avalar-as-trampas-de-sanchez-que-usa-de-refens-aos-pensionistas\\\/\"},\"author\":{\"name\":\"ppdegaliciaredes\",\"@id\":\"https:\\\/\\\/ppdegalicia.com\\\/es\\\/#\\\/schema\\\/person\\\/5b822c6f59e872ebdd1142f307dbcb59\"},\"headline\":\"O PPdeG acusa a PSdeG e BNG de \u00abavalar as trampas\u00bb de S\u00e1nchez, que \u00abusa de ref\u00e9ns\u00bb aos pensionistas\",\"datePublished\":\"2026-01-27T13:28:44+00:00\",\"dateModified\":\"2026-01-28T13:41:53+00:00\",\"mainEntityOfPage\":{\"@id\":\"https:\\\/\\\/ppdegalicia.com\\\/es\\\/o-ppdeg-acusa-a-psdeg-e-bng-de-avalar-as-trampas-de-sanchez-que-usa-de-refens-aos-pensionistas\\\/\"},\"wordCount\":165,\"publisher\":{\"@id\":\"https:\\\/\\\/ppdegalicia.com\\\/es\\\/#organization\"},\"image\":{\"@id\":\"https:\\\/\\\/ppdegalicia.com\\\/es\\\/o-ppdeg-acusa-a-psdeg-e-bng-de-avalar-as-trampas-de-sanchez-que-usa-de-refens-aos-pensionistas\\\/#primaryimage\"},\"thumbnailUrl\":\"https:\\\/\\\/ppdegalicia.com\\\/wp-content\\\/uploads\\\/2026\\\/01\\\/181121-escenas-08a.jpg\",\"articleSection\":[\"PP de Galicia\"],\"inLanguage\":\"es\"},{\"@type\":\"WebPage\",\"@id\":\"https:\\\/\\\/ppdegalicia.com\\\/es\\\/o-ppdeg-acusa-a-psdeg-e-bng-de-avalar-as-trampas-de-sanchez-que-usa-de-refens-aos-pensionistas\\\/\",\"url\":\"https:\\\/\\\/ppdegalicia.com\\\/es\\\/o-ppdeg-acusa-a-psdeg-e-bng-de-avalar-as-trampas-de-sanchez-que-usa-de-refens-aos-pensionistas\\\/\",\"name\":\"O PPdeG acusa a PSdeG e BNG de \\\"avalar as trampas\\\" de S\u00e1nchez, que \\\"usa de ref\u00e9ns\\\" aos pensionistas - PP de Galicia\",\"isPartOf\":{\"@id\":\"https:\\\/\\\/ppdegalicia.com\\\/es\\\/#website\"},\"primaryImageOfPage\":{\"@id\":\"https:\\\/\\\/ppdegalicia.com\\\/es\\\/o-ppdeg-acusa-a-psdeg-e-bng-de-avalar-as-trampas-de-sanchez-que-usa-de-refens-aos-pensionistas\\\/#primaryimage\"},\"image\":{\"@id\":\"https:\\\/\\\/ppdegalicia.com\\\/es\\\/o-ppdeg-acusa-a-psdeg-e-bng-de-avalar-as-trampas-de-sanchez-que-usa-de-refens-aos-pensionistas\\\/#primaryimage\"},\"thumbnailUrl\":\"https:\\\/\\\/ppdegalicia.com\\\/wp-content\\\/uploads\\\/2026\\\/01\\\/181121-escenas-08a.jpg\",\"datePublished\":\"2026-01-27T13:28:44+00:00\",\"dateModified\":\"2026-01-28T13:41:53+00:00\",\"description\":\"O PPdeG lamenta que PSdeG e BNG, con Jos\u00e9 Ram\u00f3n G\u00f3mez Besteiro e Ana Pont\u00f3n ao fronte, se \\\"preocupen m\u00e1is de defender a Pedro S\u00e1nchez que aos galegos e galegas\\\", despois de que o presidente do Gobierno \\\"utilice una vez m\u00e1s a los pensionistas como ref\u00e9ns para mantenerse no poder\\\".\",\"breadcrumb\":{\"@id\":\"https:\\\/\\\/ppdegalicia.com\\\/es\\\/o-ppdeg-acusa-a-psdeg-e-bng-de-avalar-as-trampas-de-sanchez-que-usa-de-refens-aos-pensionistas\\\/#breadcrumb\"},\"inLanguage\":\"es\",\"potentialAction\":[{\"@type\":\"ReadAction\",\"target\":[\"https:\\\/\\\/ppdegalicia.com\\\/es\\\/o-ppdeg-acusa-a-psdeg-e-bng-de-avalar-as-trampas-de-sanchez-que-usa-de-refens-aos-pensionistas\\\/\"]}]},{\"@type\":\"ImageObject\",\"inLanguage\":\"es\",\"@id\":\"https:\\\/\\\/ppdegalicia.com\\\/es\\\/o-ppdeg-acusa-a-psdeg-e-bng-de-avalar-as-trampas-de-sanchez-que-usa-de-refens-aos-pensionistas\\\/#primaryimage\",\"url\":\"https:\\\/\\\/ppdegalicia.com\\\/wp-content\\\/uploads\\\/2026\\\/01\\\/181121-escenas-08a.jpg\",\"contentUrl\":\"https:\\\/\\\/ppdegalicia.com\\\/wp-content\\\/uploads\\\/2026\\\/01\\\/181121-escenas-08a.jpg\",\"width\":1200,\"height\":800},{\"@type\":\"BreadcrumbList\",\"@id\":\"https:\\\/\\\/ppdegalicia.com\\\/es\\\/o-ppdeg-acusa-a-psdeg-e-bng-de-avalar-as-trampas-de-sanchez-que-usa-de-refens-aos-pensionistas\\\/#breadcrumb\",\"itemListElement\":[{\"@type\":\"ListItem\",\"position\":1,\"name\":\"Portada\",\"item\":\"https:\\\/\\\/ppdegalicia.com\\\/es\\\/\"},{\"@type\":\"ListItem\",\"position\":2,\"name\":\"O PPdeG acusa a PSdeG e BNG de &#8220;avalar as trampas&#8221; de S\u00e1nchez, que &#8220;usa de ref\u00e9ns&#8221; aos pensionistas\"}]},{\"@type\":\"WebSite\",\"@id\":\"https:\\\/\\\/ppdegalicia.com\\\/es\\\/#website\",\"url\":\"https:\\\/\\\/ppdegalicia.com\\\/es\\\/\",\"name\":\"Partido Popular de Galicia\",\"description\":\"Partido Popular de Galicia\",\"publisher\":{\"@id\":\"https:\\\/\\\/ppdegalicia.com\\\/es\\\/#organization\"},\"alternateName\":\"PP de Galicia\",\"potentialAction\":[{\"@type\":\"SearchAction\",\"target\":{\"@type\":\"EntryPoint\",\"urlTemplate\":\"https:\\\/\\\/ppdegalicia.com\\\/es\\\/?s={search_term_string}\"},\"query-input\":{\"@type\":\"PropertyValueSpecification\",\"valueRequired\":true,\"valueName\":\"search_term_string\"}}],\"inLanguage\":\"es\"},{\"@type\":\"Organization\",\"@id\":\"https:\\\/\\\/ppdegalicia.com\\\/es\\\/#organization\",\"name\":\"Partido Popular de Galicia\",\"alternateName\":\"PP de Galicia\",\"url\":\"https:\\\/\\\/ppdegalicia.com\\\/es\\\/\",\"logo\":{\"@type\":\"ImageObject\",\"inLanguage\":\"es\",\"@id\":\"https:\\\/\\\/ppdegalicia.com\\\/es\\\/#\\\/schema\\\/logo\\\/image\\\/\",\"url\":\"https:\\\/\\\/ppdegalicia.com\\\/wp-content\\\/uploads\\\/2023\\\/04\\\/logoPP512.png\",\"contentUrl\":\"https:\\\/\\\/ppdegalicia.com\\\/wp-content\\\/uploads\\\/2023\\\/04\\\/logoPP512.png\",\"width\":512,\"height\":512,\"caption\":\"Partido Popular de Galicia\"},\"image\":{\"@id\":\"https:\\\/\\\/ppdegalicia.com\\\/es\\\/#\\\/schema\\\/logo\\\/image\\\/\"},\"sameAs\":[\"https:\\\/\\\/www.instagram.com\\\/ppdegalicia\\\/\",\"https:\\\/\\\/x.com\\\/ppdegalicia\",\"https:\\\/\\\/www.tiktok.com\\\/@ppdegalicia\",\"https:\\\/\\\/www.youtube.com\\\/user\\\/ppdegalicia\"]},{\"@type\":\"Person\",\"@id\":\"https:\\\/\\\/ppdegalicia.com\\\/es\\\/#\\\/schema\\\/person\\\/5b822c6f59e872ebdd1142f307dbcb59\",\"name\":\"ppdegaliciaredes\",\"image\":{\"@type\":\"ImageObject\",\"inLanguage\":\"es\",\"@id\":\"https:\\\/\\\/secure.gravatar.com\\\/avatar\\\/3c9179cf0256d00c72a48d1f25783c58b6842cd56e85ef3a572881c8e28ccd59?s=96&d=mm&r=g\",\"url\":\"https:\\\/\\\/secure.gravatar.com\\\/avatar\\\/3c9179cf0256d00c72a48d1f25783c58b6842cd56e85ef3a572881c8e28ccd59?s=96&d=mm&r=g\",\"contentUrl\":\"https:\\\/\\\/secure.gravatar.com\\\/avatar\\\/3c9179cf0256d00c72a48d1f25783c58b6842cd56e85ef3a572881c8e28ccd59?s=96&d=mm&r=g\",\"caption\":\"ppdegaliciaredes\"},\"url\":\"https:\\\/\\\/ppdegalicia.com\\\/es\\\/author\\\/ppdegaliciaredes\\\/\"}]}<\/script>\n<!-- \/ Yoast SEO plugin. -->","yoast_head_json":{"title":"O PPdeG acusa a PSdeG e BNG de \"avalar as trampas\" de S\u00e1nchez, que \"usa de ref\u00e9ns\" aos pensionistas - PP de Galicia","description":"O PPdeG lamenta que PSdeG e BNG, con Jos\u00e9 Ram\u00f3n G\u00f3mez Besteiro e Ana Pont\u00f3n ao fronte, se \"preocupen m\u00e1is de defender a Pedro S\u00e1nchez que aos galegos e galegas\", despois de que o presidente do Gobierno \"utilice una vez m\u00e1s a los pensionistas como ref\u00e9ns para mantenerse no poder\".","robots":{"index":"index","follow":"follow","max-snippet":"max-snippet:-1","max-image-preview":"max-image-preview:large","max-video-preview":"max-video-preview:-1"},"canonical":"https:\/\/ppdegalicia.com\/es\/o-ppdeg-acusa-a-psdeg-e-bng-de-avalar-as-trampas-de-sanchez-que-usa-de-refens-aos-pensionistas\/","og_locale":"es_ES","og_type":"article","og_title":"O PPdeG acusa a PSdeG e BNG de \"avalar as trampas\" de S\u00e1nchez, que \"usa de ref\u00e9ns\" aos pensionistas - PP de Galicia","og_description":"O PPdeG lamenta que PSdeG e BNG, con Jos\u00e9 Ram\u00f3n G\u00f3mez Besteiro e Ana Pont\u00f3n ao fronte, se \"preocupen m\u00e1is de defender a Pedro S\u00e1nchez que aos galegos e galegas\", despois de que o presidente do Gobierno \"utilice una vez m\u00e1s a los pensionistas como ref\u00e9ns para mantenerse no poder\".","og_url":"https:\/\/ppdegalicia.com\/es\/o-ppdeg-acusa-a-psdeg-e-bng-de-avalar-as-trampas-de-sanchez-que-usa-de-refens-aos-pensionistas\/","og_site_name":"PP de Galicia","article_publisher":"https:\/\/www.instagram.com\/ppdegalicia\/","article_published_time":"2026-01-27T13:28:44+00:00","article_modified_time":"2026-01-28T13:41:53+00:00","og_image":[{"width":1200,"height":800,"url":"https:\/\/ppdegalicia.com\/wp-content\/uploads\/2026\/01\/181121-escenas-08a.jpg","type":"image\/jpeg"}],"author":"ppdegaliciaredes","twitter_card":"summary_large_image","twitter_creator":"@ppdegalicia","twitter_site":"@ppdegalicia","twitter_misc":{"Escrito por":"ppdegaliciaredes","Tiempo de lectura":"1 minuto"},"schema":{"@context":"https:\/\/schema.org","@graph":[{"@type":"Article","@id":"https:\/\/ppdegalicia.com\/es\/o-ppdeg-acusa-a-psdeg-e-bng-de-avalar-as-trampas-de-sanchez-que-usa-de-refens-aos-pensionistas\/#article","isPartOf":{"@id":"https:\/\/ppdegalicia.com\/es\/o-ppdeg-acusa-a-psdeg-e-bng-de-avalar-as-trampas-de-sanchez-que-usa-de-refens-aos-pensionistas\/"},"author":{"name":"ppdegaliciaredes","@id":"https:\/\/ppdegalicia.com\/es\/#\/schema\/person\/5b822c6f59e872ebdd1142f307dbcb59"},"headline":"O PPdeG acusa a PSdeG e BNG de \u00abavalar as trampas\u00bb de S\u00e1nchez, que \u00abusa de ref\u00e9ns\u00bb aos pensionistas","datePublished":"2026-01-27T13:28:44+00:00","dateModified":"2026-01-28T13:41:53+00:00","mainEntityOfPage":{"@id":"https:\/\/ppdegalicia.com\/es\/o-ppdeg-acusa-a-psdeg-e-bng-de-avalar-as-trampas-de-sanchez-que-usa-de-refens-aos-pensionistas\/"},"wordCount":165,"publisher":{"@id":"https:\/\/ppdegalicia.com\/es\/#organization"},"image":{"@id":"https:\/\/ppdegalicia.com\/es\/o-ppdeg-acusa-a-psdeg-e-bng-de-avalar-as-trampas-de-sanchez-que-usa-de-refens-aos-pensionistas\/#primaryimage"},"thumbnailUrl":"https:\/\/ppdegalicia.com\/wp-content\/uploads\/2026\/01\/181121-escenas-08a.jpg","articleSection":["PP de Galicia"],"inLanguage":"es"},{"@type":"WebPage","@id":"https:\/\/ppdegalicia.com\/es\/o-ppdeg-acusa-a-psdeg-e-bng-de-avalar-as-trampas-de-sanchez-que-usa-de-refens-aos-pensionistas\/","url":"https:\/\/ppdegalicia.com\/es\/o-ppdeg-acusa-a-psdeg-e-bng-de-avalar-as-trampas-de-sanchez-que-usa-de-refens-aos-pensionistas\/","name":"O PPdeG acusa a PSdeG e BNG de \"avalar as trampas\" de S\u00e1nchez, que \"usa de ref\u00e9ns\" aos pensionistas - PP de Galicia","isPartOf":{"@id":"https:\/\/ppdegalicia.com\/es\/#website"},"primaryImageOfPage":{"@id":"https:\/\/ppdegalicia.com\/es\/o-ppdeg-acusa-a-psdeg-e-bng-de-avalar-as-trampas-de-sanchez-que-usa-de-refens-aos-pensionistas\/#primaryimage"},"image":{"@id":"https:\/\/ppdegalicia.com\/es\/o-ppdeg-acusa-a-psdeg-e-bng-de-avalar-as-trampas-de-sanchez-que-usa-de-refens-aos-pensionistas\/#primaryimage"},"thumbnailUrl":"https:\/\/ppdegalicia.com\/wp-content\/uploads\/2026\/01\/181121-escenas-08a.jpg","datePublished":"2026-01-27T13:28:44+00:00","dateModified":"2026-01-28T13:41:53+00:00","description":"O PPdeG lamenta que PSdeG e BNG, con Jos\u00e9 Ram\u00f3n G\u00f3mez Besteiro e Ana Pont\u00f3n ao fronte, se \"preocupen m\u00e1is de defender a Pedro S\u00e1nchez que aos galegos e galegas\", despois de que o presidente do Gobierno \"utilice una vez m\u00e1s a los pensionistas como ref\u00e9ns para mantenerse no poder\".","breadcrumb":{"@id":"https:\/\/ppdegalicia.com\/es\/o-ppdeg-acusa-a-psdeg-e-bng-de-avalar-as-trampas-de-sanchez-que-usa-de-refens-aos-pensionistas\/#breadcrumb"},"inLanguage":"es","potentialAction":[{"@type":"ReadAction","target":["https:\/\/ppdegalicia.com\/es\/o-ppdeg-acusa-a-psdeg-e-bng-de-avalar-as-trampas-de-sanchez-que-usa-de-refens-aos-pensionistas\/"]}]},{"@type":"ImageObject","inLanguage":"es","@id":"https:\/\/ppdegalicia.com\/es\/o-ppdeg-acusa-a-psdeg-e-bng-de-avalar-as-trampas-de-sanchez-que-usa-de-refens-aos-pensionistas\/#primaryimage","url":"https:\/\/ppdegalicia.com\/wp-content\/uploads\/2026\/01\/181121-escenas-08a.jpg","contentUrl":"https:\/\/ppdegalicia.com\/wp-content\/uploads\/2026\/01\/181121-escenas-08a.jpg","width":1200,"height":800},{"@type":"BreadcrumbList","@id":"https:\/\/ppdegalicia.com\/es\/o-ppdeg-acusa-a-psdeg-e-bng-de-avalar-as-trampas-de-sanchez-que-usa-de-refens-aos-pensionistas\/#breadcrumb","itemListElement":[{"@type":"ListItem","position":1,"name":"Portada","item":"https:\/\/ppdegalicia.com\/es\/"},{"@type":"ListItem","position":2,"name":"O PPdeG acusa a PSdeG e BNG de &#8220;avalar as trampas&#8221; de S\u00e1nchez, que &#8220;usa de ref\u00e9ns&#8221; aos pensionistas"}]},{"@type":"WebSite","@id":"https:\/\/ppdegalicia.com\/es\/#website","url":"https:\/\/ppdegalicia.com\/es\/","name":"Partido Popular de Galicia","description":"Partido Popular de Galicia","publisher":{"@id":"https:\/\/ppdegalicia.com\/es\/#organization"},"alternateName":"PP de Galicia","potentialAction":[{"@type":"SearchAction","target":{"@type":"EntryPoint","urlTemplate":"https:\/\/ppdegalicia.com\/es\/?s={search_term_string}"},"query-input":{"@type":"PropertyValueSpecification","valueRequired":true,"valueName":"search_term_string"}}],"inLanguage":"es"},{"@type":"Organization","@id":"https:\/\/ppdegalicia.com\/es\/#organization","name":"Partido Popular de Galicia","alternateName":"PP de Galicia","url":"https:\/\/ppdegalicia.com\/es\/","logo":{"@type":"ImageObject","inLanguage":"es","@id":"https:\/\/ppdegalicia.com\/es\/#\/schema\/logo\/image\/","url":"https:\/\/ppdegalicia.com\/wp-content\/uploads\/2023\/04\/logoPP512.png","contentUrl":"https:\/\/ppdegalicia.com\/wp-content\/uploads\/2023\/04\/logoPP512.png","width":512,"height":512,"caption":"Partido Popular de Galicia"},"image":{"@id":"https:\/\/ppdegalicia.com\/es\/#\/schema\/logo\/image\/"},"sameAs":["https:\/\/www.instagram.com\/ppdegalicia\/","https:\/\/x.com\/ppdegalicia","https:\/\/www.tiktok.com\/@ppdegalicia","https:\/\/www.youtube.com\/user\/ppdegalicia"]},{"@type":"Person","@id":"https:\/\/ppdegalicia.com\/es\/#\/schema\/person\/5b822c6f59e872ebdd1142f307dbcb59","name":"ppdegaliciaredes","image":{"@type":"ImageObject","inLanguage":"es","@id":"https:\/\/secure.gravatar.com\/avatar\/3c9179cf0256d00c72a48d1f25783c58b6842cd56e85ef3a572881c8e28ccd59?s=96&d=mm&r=g","url":"https:\/\/secure.gravatar.com\/avatar\/3c9179cf0256d00c72a48d1f25783c58b6842cd56e85ef3a572881c8e28ccd59?s=96&d=mm&r=g","contentUrl":"https:\/\/secure.gravatar.com\/avatar\/3c9179cf0256d00c72a48d1f25783c58b6842cd56e85ef3a572881c8e28ccd59?s=96&d=mm&r=g","caption":"ppdegaliciaredes"},"url":"https:\/\/ppdegalicia.com\/es\/author\/ppdegaliciaredes\/"}]}},"_links":{"self":[{"href":"https:\/\/ppdegalicia.com\/es\/wp-json\/wp\/v2\/posts\/69964","targetHints":{"allow":["GET"]}}],"collection":[{"href":"https:\/\/ppdegalicia.com\/es\/wp-json\/wp\/v2\/posts"}],"about":[{"href":"https:\/\/ppdegalicia.com\/es\/wp-json\/wp\/v2\/types\/post"}],"author":[{"embeddable":true,"href":"https:\/\/ppdegalicia.com\/es\/wp-json\/wp\/v2\/users\/38"}],"replies":[{"embeddable":true,"href":"https:\/\/ppdegalicia.com\/es\/wp-json\/wp\/v2\/comments?post=69964"}],"version-history":[{"count":1,"href":"https:\/\/ppdegalicia.com\/es\/wp-json\/wp\/v2\/posts\/69964\/revisions"}],"predecessor-version":[{"id":69967,"href":"https:\/\/ppdegalicia.com\/es\/wp-json\/wp\/v2\/posts\/69964\/revisions\/69967"}],"wp:featuredmedia":[{"embeddable":true,"href":"https:\/\/ppdegalicia.com\/es\/wp-json\/wp\/v2\/media\/69965"}],"wp:attachment":[{"href":"https:\/\/ppdegalicia.com\/es\/wp-json\/wp\/v2\/media?parent=69964"}],"wp:term":[{"taxonomy":"category","embeddable":true,"href":"https:\/\/ppdegalicia.com\/es\/wp-json\/wp\/v2\/categories?post=69964"},{"taxonomy":"post_tag","embeddable":true,"href":"https:\/\/ppdegalicia.com\/es\/wp-json\/wp\/v2\/tags?post=69964"}],"curies":[{"name":"wp","href":"https:\/\/api.w.org\/{rel}","templated":true}]}}