{"id":69968,"date":"2026-01-28T14:40:36","date_gmt":"2026-01-28T13:40:36","guid":{"rendered":"https:\/\/ppdegalicia.com\/?p=69968"},"modified":"2026-02-02T10:48:55","modified_gmt":"2026-02-02T09:48:55","slug":"o-parlamento-galego-aproba-a-nova-lei-do-clima-de-galicia-que-adianta-a-2040-o-obxectivo-de-acadar-a-neutralidade-climatica","status":"publish","type":"post","link":"https:\/\/ppdegalicia.com\/es\/o-parlamento-galego-aproba-a-nova-lei-do-clima-de-galicia-que-adianta-a-2040-o-obxectivo-de-acadar-a-neutralidade-climatica\/","title":{"rendered":"O Parlamento galego aproba a nova Lei do clima de Galicia, que adianta a 2040 o obxectivo de acadar a neutralidade clim\u00e1tica"},"content":{"rendered":"<p>O Parlamento de Galicia aprobou hoxe, co voto en contra de BNG e PSdeG, a nova Lei do clima de Galicia, \u201cque vai permitir combater con novos instrumentos o cambio clim\u00e1tico, que nos vai permitir cami\u00f1ar cara a unha econom\u00eda m\u00e1is eficiente e que vai permitir que todos os nosos sectores produtivos cami\u00f1en cara \u00e1 descarbonizaci\u00f3n\u201d, indicou o deputado popular Mois\u00e9s Rodr\u00edguez. \u201cElevamos a rango de lei o obxectivo de Galicia de acadar a neutralidade clim\u00e1tica no 2040, dez anos antes que o resto de estados e de comunidades aut\u00f3nomas\u201d, concretou.<\/p>\n<p>Mois\u00e9s Rodr\u00edguez lembrou que \u201cGalicia sempre foi pioneira no \u00e1mbito do cambio clim\u00e1tico, coa aprobaci\u00f3n dunha estratexia que fixou, por primeira vez, o compromiso dunha Galicia climaticamente neutra; os plans rexionais integrados de acci\u00f3n clim\u00e1tica; e os plans de acci\u00f3n local polo clima\u201d. As\u00ed, sinalou que \u201ca prioridade \u00e9 protexer \u00e1 sociedade e \u00e1 econom\u00eda ante os riscos derivados deste fen\u00f3meno\u201d.<\/p>\n<p><strong>NOVOS \u00d3RGANOS<\/strong><\/p>\n<p>\u201cEsta lei permitir\u00e1 promover todas aquelas acci\u00f3ns orientadas a preparar o territorio e protexer \u00e1 cidadan\u00eda dos impactos ambientais e de eventos extremos ligados ao quecemento global, coa creaci\u00f3n, por exemplo, de refuxios clim\u00e1ticos que reduzan a vulnerabilidade da poboaci\u00f3n ante vagas de calor ou o fomento de soluci\u00f3ns baseadas na natureza\u201d, dixo.<\/p>\n<p>O deputado popular referiuse \u00e1 creaci\u00f3n de novos \u00f3rganos de asesoramento, participaci\u00f3n e instrumentos de transparencia previsto nesta nova lei, como a Oficina do Cambio Clim\u00e1tico de Galicia, para a xesti\u00f3n e o fomento das pol\u00edticas de mitigaci\u00f3n, adaptaci\u00f3n e comunicaci\u00f3n en materia de cambio clim\u00e1tico; ou o Foro da Acci\u00f3n Clim\u00e1tica, m\u00e1ximo \u00f3rgano colexiado de participaci\u00f3n, asesoramento e consulta en materia de cambio clim\u00e1tico. Ademais, a nova norma consolida instrumentos que xa est\u00e1n en vigor, como a Rede local polo clima, para promover a adhesi\u00f3n de todos os concellos galegos ao pacto das alcald\u00edas polo clima e a enerx\u00eda.<\/p>\n<p>Para rematar, Mois\u00e9s Rodr\u00edguez afirmou que a lei \u201ctam\u00e9n pon deberes \u00e1s administraci\u00f3ns\u201d e, en concreto, sinalou que \u201cobriga \u00e1 Xunta a integrar a perspectiva clim\u00e1tica, tanto desde o punto de vista da reduci\u00f3n de emisi\u00f3ns como da adaptaci\u00f3n aos efectos do quecemento global na elaboraci\u00f3n dos seus plans e programas sectoriais e na preparaci\u00f3n de contratos p\u00fablicos e nas convocatorias de subvenci\u00f3ns\u201d.<\/p>\n<p>\u201cGalicia quere dar exemplo a outras administraci\u00f3ns e sentar as bases para regular nesta Comunidade aut\u00f3noma o fen\u00f3meno co\u00f1ecido como contrataci\u00f3n p\u00fablica verde\u201d, asegurou.<\/p>\n","protected":false},"excerpt":{"rendered":"<p>O Parlamento de Galicia aprobou hoxe, co voto en contra de BNG e PSdeG, a nova Lei do clima de Galicia, \u201cque vai permitir combater con novos instrumentos o cambio clim\u00e1tico, que nos vai permitir cami\u00f1ar cara a unha econom\u00eda m\u00e1is eficiente e que vai permitir que todos os nosos sectores produtivos cami\u00f1en cara \u00e1 [&hellip;]<\/p>\n","protected":false},"author":38,"featured_media":69969,"comment_status":"closed","ping_status":"open","sticky":false,"template":"","format":"standard","meta":{"_acf_changed":false,"footnotes":""},"categories":[1128],"tags":[],"class_list":["post-69968","post","type-post","status-publish","format-standard","has-post-thumbnail","hentry","category-actualidad-parlamento-de-galicia"],"acf":[],"yoast_head":"<!-- This site is optimized with the Yoast SEO plugin v27.3 - https:\/\/yoast.com\/product\/yoast-seo-wordpress\/ -->\n<title>O Parlamento galego aproba a nova Lei do clima de Galicia, que adianta a 2040 o obxectivo de acadar a neutralidade clim\u00e1tica - PP de Galicia<\/title>\n<meta name=\"description\" content=\"O Parlamento de Galicia aprobou hoxe, co voto en contra de BNG e PSdeG, a nova Lei do clima de Galicia, \u201cque vai permitir combater con novos instrumentos o cambio clim\u00e1tico, que nos vai permitir cami\u00f1ar cara a unha econom\u00eda m\u00e1is eficiente e que vai permitir que todos os nosos sectores produtivos cami\u00f1en cara \u00e1 descarbonizaci\u00f3n\u201d, indicou o deputado popular Mois\u00e9s Rodr\u00edguez. \u201cElevamos a rango de lei o obxectivo de Galicia de acadar a neutralidade clim\u00e1tica no 2040, dez anos antes que o resto de estados e de comunidades aut\u00f3nomas\u201d, concretou.\" \/>\n<meta name=\"robots\" content=\"index, follow, max-snippet:-1, max-image-preview:large, max-video-preview:-1\" \/>\n<link rel=\"canonical\" href=\"https:\/\/ppdegalicia.com\/es\/o-parlamento-galego-aproba-a-nova-lei-do-clima-de-galicia-que-adianta-a-2040-o-obxectivo-de-acadar-a-neutralidade-climatica\/\" \/>\n<meta property=\"og:locale\" content=\"es_ES\" \/>\n<meta property=\"og:type\" content=\"article\" \/>\n<meta property=\"og:title\" content=\"O Parlamento galego aproba a nova Lei do clima de Galicia, que adianta a 2040 o obxectivo de acadar a neutralidade clim\u00e1tica - PP de Galicia\" \/>\n<meta property=\"og:description\" content=\"O Parlamento de Galicia aprobou hoxe, co voto en contra de BNG e PSdeG, a nova Lei do clima de Galicia, \u201cque vai permitir combater con novos instrumentos o cambio clim\u00e1tico, que nos vai permitir cami\u00f1ar cara a unha econom\u00eda m\u00e1is eficiente e que vai permitir que todos os nosos sectores produtivos cami\u00f1en cara \u00e1 descarbonizaci\u00f3n\u201d, indicou o deputado popular Mois\u00e9s Rodr\u00edguez. \u201cElevamos a rango de lei o obxectivo de Galicia de acadar a neutralidade clim\u00e1tica no 2040, dez anos antes que o resto de estados e de comunidades aut\u00f3nomas\u201d, concretou.\" \/>\n<meta property=\"og:url\" content=\"https:\/\/ppdegalicia.com\/es\/o-parlamento-galego-aproba-a-nova-lei-do-clima-de-galicia-que-adianta-a-2040-o-obxectivo-de-acadar-a-neutralidade-climatica\/\" \/>\n<meta property=\"og:site_name\" content=\"PP de Galicia\" \/>\n<meta property=\"article:publisher\" content=\"https:\/\/www.instagram.com\/ppdegalicia\/\" \/>\n<meta property=\"article:published_time\" content=\"2026-01-28T13:40:36+00:00\" \/>\n<meta property=\"article:modified_time\" content=\"2026-02-02T09:48:55+00:00\" \/>\n<meta property=\"og:image\" content=\"https:\/\/ppdegalicia.com\/wp-content\/uploads\/2026\/01\/20260128_Pleno_Ordinario96-scaled.jpg\" \/>\n\t<meta property=\"og:image:width\" content=\"2560\" \/>\n\t<meta property=\"og:image:height\" content=\"1707\" \/>\n\t<meta property=\"og:image:type\" content=\"image\/jpeg\" \/>\n<meta name=\"author\" content=\"ppdegaliciaredes\" \/>\n<meta name=\"twitter:card\" content=\"summary_large_image\" \/>\n<meta name=\"twitter:creator\" content=\"@ppdegalicia\" \/>\n<meta name=\"twitter:site\" content=\"@ppdegalicia\" \/>\n<meta name=\"twitter:label1\" content=\"Escrito por\" \/>\n\t<meta name=\"twitter:data1\" content=\"ppdegaliciaredes\" \/>\n\t<meta name=\"twitter:label2\" content=\"Tiempo de lectura\" \/>\n\t<meta name=\"twitter:data2\" content=\"3 minutos\" \/>\n<script type=\"application\/ld+json\" class=\"yoast-schema-graph\">{\"@context\":\"https:\\\/\\\/schema.org\",\"@graph\":[{\"@type\":\"Article\",\"@id\":\"https:\\\/\\\/ppdegalicia.com\\\/es\\\/o-parlamento-galego-aproba-a-nova-lei-do-clima-de-galicia-que-adianta-a-2040-o-obxectivo-de-acadar-a-neutralidade-climatica\\\/#article\",\"isPartOf\":{\"@id\":\"https:\\\/\\\/ppdegalicia.com\\\/es\\\/o-parlamento-galego-aproba-a-nova-lei-do-clima-de-galicia-que-adianta-a-2040-o-obxectivo-de-acadar-a-neutralidade-climatica\\\/\"},\"author\":{\"name\":\"ppdegaliciaredes\",\"@id\":\"https:\\\/\\\/ppdegalicia.com\\\/es\\\/#\\\/schema\\\/person\\\/5b822c6f59e872ebdd1142f307dbcb59\"},\"headline\":\"O Parlamento galego aproba a nova Lei do clima de Galicia, que adianta a 2040 o obxectivo de acadar a neutralidade clim\u00e1tica\",\"datePublished\":\"2026-01-28T13:40:36+00:00\",\"dateModified\":\"2026-02-02T09:48:55+00:00\",\"mainEntityOfPage\":{\"@id\":\"https:\\\/\\\/ppdegalicia.com\\\/es\\\/o-parlamento-galego-aproba-a-nova-lei-do-clima-de-galicia-que-adianta-a-2040-o-obxectivo-de-acadar-a-neutralidade-climatica\\\/\"},\"wordCount\":469,\"publisher\":{\"@id\":\"https:\\\/\\\/ppdegalicia.com\\\/es\\\/#organization\"},\"image\":{\"@id\":\"https:\\\/\\\/ppdegalicia.com\\\/es\\\/o-parlamento-galego-aproba-a-nova-lei-do-clima-de-galicia-que-adianta-a-2040-o-obxectivo-de-acadar-a-neutralidade-climatica\\\/#primaryimage\"},\"thumbnailUrl\":\"https:\\\/\\\/ppdegalicia.com\\\/wp-content\\\/uploads\\\/2026\\\/01\\\/20260128_Pleno_Ordinario96-scaled.jpg\",\"articleSection\":[\"Parlamento de Galicia\"],\"inLanguage\":\"es\"},{\"@type\":\"WebPage\",\"@id\":\"https:\\\/\\\/ppdegalicia.com\\\/es\\\/o-parlamento-galego-aproba-a-nova-lei-do-clima-de-galicia-que-adianta-a-2040-o-obxectivo-de-acadar-a-neutralidade-climatica\\\/\",\"url\":\"https:\\\/\\\/ppdegalicia.com\\\/es\\\/o-parlamento-galego-aproba-a-nova-lei-do-clima-de-galicia-que-adianta-a-2040-o-obxectivo-de-acadar-a-neutralidade-climatica\\\/\",\"name\":\"O Parlamento galego aproba a nova Lei do clima de Galicia, que adianta a 2040 o obxectivo de acadar a neutralidade clim\u00e1tica - PP de Galicia\",\"isPartOf\":{\"@id\":\"https:\\\/\\\/ppdegalicia.com\\\/es\\\/#website\"},\"primaryImageOfPage\":{\"@id\":\"https:\\\/\\\/ppdegalicia.com\\\/es\\\/o-parlamento-galego-aproba-a-nova-lei-do-clima-de-galicia-que-adianta-a-2040-o-obxectivo-de-acadar-a-neutralidade-climatica\\\/#primaryimage\"},\"image\":{\"@id\":\"https:\\\/\\\/ppdegalicia.com\\\/es\\\/o-parlamento-galego-aproba-a-nova-lei-do-clima-de-galicia-que-adianta-a-2040-o-obxectivo-de-acadar-a-neutralidade-climatica\\\/#primaryimage\"},\"thumbnailUrl\":\"https:\\\/\\\/ppdegalicia.com\\\/wp-content\\\/uploads\\\/2026\\\/01\\\/20260128_Pleno_Ordinario96-scaled.jpg\",\"datePublished\":\"2026-01-28T13:40:36+00:00\",\"dateModified\":\"2026-02-02T09:48:55+00:00\",\"description\":\"O Parlamento de Galicia aprobou hoxe, co voto en contra de BNG e PSdeG, a nova Lei do clima de Galicia, \u201cque vai permitir combater con novos instrumentos o cambio clim\u00e1tico, que nos vai permitir cami\u00f1ar cara a unha econom\u00eda m\u00e1is eficiente e que vai permitir que todos os nosos sectores produtivos cami\u00f1en cara \u00e1 descarbonizaci\u00f3n\u201d, indicou o deputado popular Mois\u00e9s Rodr\u00edguez. \u201cElevamos a rango de lei o obxectivo de Galicia de acadar a neutralidade clim\u00e1tica no 2040, dez anos antes que o resto de estados e de comunidades aut\u00f3nomas\u201d, concretou.\",\"breadcrumb\":{\"@id\":\"https:\\\/\\\/ppdegalicia.com\\\/es\\\/o-parlamento-galego-aproba-a-nova-lei-do-clima-de-galicia-que-adianta-a-2040-o-obxectivo-de-acadar-a-neutralidade-climatica\\\/#breadcrumb\"},\"inLanguage\":\"es\",\"potentialAction\":[{\"@type\":\"ReadAction\",\"target\":[\"https:\\\/\\\/ppdegalicia.com\\\/es\\\/o-parlamento-galego-aproba-a-nova-lei-do-clima-de-galicia-que-adianta-a-2040-o-obxectivo-de-acadar-a-neutralidade-climatica\\\/\"]}]},{\"@type\":\"ImageObject\",\"inLanguage\":\"es\",\"@id\":\"https:\\\/\\\/ppdegalicia.com\\\/es\\\/o-parlamento-galego-aproba-a-nova-lei-do-clima-de-galicia-que-adianta-a-2040-o-obxectivo-de-acadar-a-neutralidade-climatica\\\/#primaryimage\",\"url\":\"https:\\\/\\\/ppdegalicia.com\\\/wp-content\\\/uploads\\\/2026\\\/01\\\/20260128_Pleno_Ordinario96-scaled.jpg\",\"contentUrl\":\"https:\\\/\\\/ppdegalicia.com\\\/wp-content\\\/uploads\\\/2026\\\/01\\\/20260128_Pleno_Ordinario96-scaled.jpg\",\"width\":2560,\"height\":1707},{\"@type\":\"BreadcrumbList\",\"@id\":\"https:\\\/\\\/ppdegalicia.com\\\/es\\\/o-parlamento-galego-aproba-a-nova-lei-do-clima-de-galicia-que-adianta-a-2040-o-obxectivo-de-acadar-a-neutralidade-climatica\\\/#breadcrumb\",\"itemListElement\":[{\"@type\":\"ListItem\",\"position\":1,\"name\":\"Portada\",\"item\":\"https:\\\/\\\/ppdegalicia.com\\\/es\\\/\"},{\"@type\":\"ListItem\",\"position\":2,\"name\":\"O Parlamento galego aproba a nova Lei do clima de Galicia, que adianta a 2040 o obxectivo de acadar a neutralidade clim\u00e1tica\"}]},{\"@type\":\"WebSite\",\"@id\":\"https:\\\/\\\/ppdegalicia.com\\\/es\\\/#website\",\"url\":\"https:\\\/\\\/ppdegalicia.com\\\/es\\\/\",\"name\":\"Partido Popular de Galicia\",\"description\":\"Partido Popular de Galicia\",\"publisher\":{\"@id\":\"https:\\\/\\\/ppdegalicia.com\\\/es\\\/#organization\"},\"alternateName\":\"PP de Galicia\",\"potentialAction\":[{\"@type\":\"SearchAction\",\"target\":{\"@type\":\"EntryPoint\",\"urlTemplate\":\"https:\\\/\\\/ppdegalicia.com\\\/es\\\/?s={search_term_string}\"},\"query-input\":{\"@type\":\"PropertyValueSpecification\",\"valueRequired\":true,\"valueName\":\"search_term_string\"}}],\"inLanguage\":\"es\"},{\"@type\":\"Organization\",\"@id\":\"https:\\\/\\\/ppdegalicia.com\\\/es\\\/#organization\",\"name\":\"Partido Popular de Galicia\",\"alternateName\":\"PP de Galicia\",\"url\":\"https:\\\/\\\/ppdegalicia.com\\\/es\\\/\",\"logo\":{\"@type\":\"ImageObject\",\"inLanguage\":\"es\",\"@id\":\"https:\\\/\\\/ppdegalicia.com\\\/es\\\/#\\\/schema\\\/logo\\\/image\\\/\",\"url\":\"https:\\\/\\\/ppdegalicia.com\\\/wp-content\\\/uploads\\\/2023\\\/04\\\/logoPP512.png\",\"contentUrl\":\"https:\\\/\\\/ppdegalicia.com\\\/wp-content\\\/uploads\\\/2023\\\/04\\\/logoPP512.png\",\"width\":512,\"height\":512,\"caption\":\"Partido Popular de Galicia\"},\"image\":{\"@id\":\"https:\\\/\\\/ppdegalicia.com\\\/es\\\/#\\\/schema\\\/logo\\\/image\\\/\"},\"sameAs\":[\"https:\\\/\\\/www.instagram.com\\\/ppdegalicia\\\/\",\"https:\\\/\\\/x.com\\\/ppdegalicia\",\"https:\\\/\\\/www.tiktok.com\\\/@ppdegalicia\",\"https:\\\/\\\/www.youtube.com\\\/user\\\/ppdegalicia\"]},{\"@type\":\"Person\",\"@id\":\"https:\\\/\\\/ppdegalicia.com\\\/es\\\/#\\\/schema\\\/person\\\/5b822c6f59e872ebdd1142f307dbcb59\",\"name\":\"ppdegaliciaredes\",\"image\":{\"@type\":\"ImageObject\",\"inLanguage\":\"es\",\"@id\":\"https:\\\/\\\/secure.gravatar.com\\\/avatar\\\/3c9179cf0256d00c72a48d1f25783c58b6842cd56e85ef3a572881c8e28ccd59?s=96&d=mm&r=g\",\"url\":\"https:\\\/\\\/secure.gravatar.com\\\/avatar\\\/3c9179cf0256d00c72a48d1f25783c58b6842cd56e85ef3a572881c8e28ccd59?s=96&d=mm&r=g\",\"contentUrl\":\"https:\\\/\\\/secure.gravatar.com\\\/avatar\\\/3c9179cf0256d00c72a48d1f25783c58b6842cd56e85ef3a572881c8e28ccd59?s=96&d=mm&r=g\",\"caption\":\"ppdegaliciaredes\"},\"url\":\"https:\\\/\\\/ppdegalicia.com\\\/es\\\/author\\\/ppdegaliciaredes\\\/\"}]}<\/script>\n<!-- \/ Yoast SEO plugin. -->","yoast_head_json":{"title":"O Parlamento galego aproba a nova Lei do clima de Galicia, que adianta a 2040 o obxectivo de acadar a neutralidade clim\u00e1tica - PP de Galicia","description":"O Parlamento de Galicia aprobou hoxe, co voto en contra de BNG e PSdeG, a nova Lei do clima de Galicia, \u201cque vai permitir combater con novos instrumentos o cambio clim\u00e1tico, que nos vai permitir cami\u00f1ar cara a unha econom\u00eda m\u00e1is eficiente e que vai permitir que todos os nosos sectores produtivos cami\u00f1en cara \u00e1 descarbonizaci\u00f3n\u201d, indicou o deputado popular Mois\u00e9s Rodr\u00edguez. \u201cElevamos a rango de lei o obxectivo de Galicia de acadar a neutralidade clim\u00e1tica no 2040, dez anos antes que o resto de estados e de comunidades aut\u00f3nomas\u201d, concretou.","robots":{"index":"index","follow":"follow","max-snippet":"max-snippet:-1","max-image-preview":"max-image-preview:large","max-video-preview":"max-video-preview:-1"},"canonical":"https:\/\/ppdegalicia.com\/es\/o-parlamento-galego-aproba-a-nova-lei-do-clima-de-galicia-que-adianta-a-2040-o-obxectivo-de-acadar-a-neutralidade-climatica\/","og_locale":"es_ES","og_type":"article","og_title":"O Parlamento galego aproba a nova Lei do clima de Galicia, que adianta a 2040 o obxectivo de acadar a neutralidade clim\u00e1tica - PP de Galicia","og_description":"O Parlamento de Galicia aprobou hoxe, co voto en contra de BNG e PSdeG, a nova Lei do clima de Galicia, \u201cque vai permitir combater con novos instrumentos o cambio clim\u00e1tico, que nos vai permitir cami\u00f1ar cara a unha econom\u00eda m\u00e1is eficiente e que vai permitir que todos os nosos sectores produtivos cami\u00f1en cara \u00e1 descarbonizaci\u00f3n\u201d, indicou o deputado popular Mois\u00e9s Rodr\u00edguez. \u201cElevamos a rango de lei o obxectivo de Galicia de acadar a neutralidade clim\u00e1tica no 2040, dez anos antes que o resto de estados e de comunidades aut\u00f3nomas\u201d, concretou.","og_url":"https:\/\/ppdegalicia.com\/es\/o-parlamento-galego-aproba-a-nova-lei-do-clima-de-galicia-que-adianta-a-2040-o-obxectivo-de-acadar-a-neutralidade-climatica\/","og_site_name":"PP de Galicia","article_publisher":"https:\/\/www.instagram.com\/ppdegalicia\/","article_published_time":"2026-01-28T13:40:36+00:00","article_modified_time":"2026-02-02T09:48:55+00:00","og_image":[{"width":2560,"height":1707,"url":"https:\/\/ppdegalicia.com\/wp-content\/uploads\/2026\/01\/20260128_Pleno_Ordinario96-scaled.jpg","type":"image\/jpeg"}],"author":"ppdegaliciaredes","twitter_card":"summary_large_image","twitter_creator":"@ppdegalicia","twitter_site":"@ppdegalicia","twitter_misc":{"Escrito por":"ppdegaliciaredes","Tiempo de lectura":"3 minutos"},"schema":{"@context":"https:\/\/schema.org","@graph":[{"@type":"Article","@id":"https:\/\/ppdegalicia.com\/es\/o-parlamento-galego-aproba-a-nova-lei-do-clima-de-galicia-que-adianta-a-2040-o-obxectivo-de-acadar-a-neutralidade-climatica\/#article","isPartOf":{"@id":"https:\/\/ppdegalicia.com\/es\/o-parlamento-galego-aproba-a-nova-lei-do-clima-de-galicia-que-adianta-a-2040-o-obxectivo-de-acadar-a-neutralidade-climatica\/"},"author":{"name":"ppdegaliciaredes","@id":"https:\/\/ppdegalicia.com\/es\/#\/schema\/person\/5b822c6f59e872ebdd1142f307dbcb59"},"headline":"O Parlamento galego aproba a nova Lei do clima de Galicia, que adianta a 2040 o obxectivo de acadar a neutralidade clim\u00e1tica","datePublished":"2026-01-28T13:40:36+00:00","dateModified":"2026-02-02T09:48:55+00:00","mainEntityOfPage":{"@id":"https:\/\/ppdegalicia.com\/es\/o-parlamento-galego-aproba-a-nova-lei-do-clima-de-galicia-que-adianta-a-2040-o-obxectivo-de-acadar-a-neutralidade-climatica\/"},"wordCount":469,"publisher":{"@id":"https:\/\/ppdegalicia.com\/es\/#organization"},"image":{"@id":"https:\/\/ppdegalicia.com\/es\/o-parlamento-galego-aproba-a-nova-lei-do-clima-de-galicia-que-adianta-a-2040-o-obxectivo-de-acadar-a-neutralidade-climatica\/#primaryimage"},"thumbnailUrl":"https:\/\/ppdegalicia.com\/wp-content\/uploads\/2026\/01\/20260128_Pleno_Ordinario96-scaled.jpg","articleSection":["Parlamento de Galicia"],"inLanguage":"es"},{"@type":"WebPage","@id":"https:\/\/ppdegalicia.com\/es\/o-parlamento-galego-aproba-a-nova-lei-do-clima-de-galicia-que-adianta-a-2040-o-obxectivo-de-acadar-a-neutralidade-climatica\/","url":"https:\/\/ppdegalicia.com\/es\/o-parlamento-galego-aproba-a-nova-lei-do-clima-de-galicia-que-adianta-a-2040-o-obxectivo-de-acadar-a-neutralidade-climatica\/","name":"O Parlamento galego aproba a nova Lei do clima de Galicia, que adianta a 2040 o obxectivo de acadar a neutralidade clim\u00e1tica - PP de Galicia","isPartOf":{"@id":"https:\/\/ppdegalicia.com\/es\/#website"},"primaryImageOfPage":{"@id":"https:\/\/ppdegalicia.com\/es\/o-parlamento-galego-aproba-a-nova-lei-do-clima-de-galicia-que-adianta-a-2040-o-obxectivo-de-acadar-a-neutralidade-climatica\/#primaryimage"},"image":{"@id":"https:\/\/ppdegalicia.com\/es\/o-parlamento-galego-aproba-a-nova-lei-do-clima-de-galicia-que-adianta-a-2040-o-obxectivo-de-acadar-a-neutralidade-climatica\/#primaryimage"},"thumbnailUrl":"https:\/\/ppdegalicia.com\/wp-content\/uploads\/2026\/01\/20260128_Pleno_Ordinario96-scaled.jpg","datePublished":"2026-01-28T13:40:36+00:00","dateModified":"2026-02-02T09:48:55+00:00","description":"O Parlamento de Galicia aprobou hoxe, co voto en contra de BNG e PSdeG, a nova Lei do clima de Galicia, \u201cque vai permitir combater con novos instrumentos o cambio clim\u00e1tico, que nos vai permitir cami\u00f1ar cara a unha econom\u00eda m\u00e1is eficiente e que vai permitir que todos os nosos sectores produtivos cami\u00f1en cara \u00e1 descarbonizaci\u00f3n\u201d, indicou o deputado popular Mois\u00e9s Rodr\u00edguez. \u201cElevamos a rango de lei o obxectivo de Galicia de acadar a neutralidade clim\u00e1tica no 2040, dez anos antes que o resto de estados e de comunidades aut\u00f3nomas\u201d, concretou.","breadcrumb":{"@id":"https:\/\/ppdegalicia.com\/es\/o-parlamento-galego-aproba-a-nova-lei-do-clima-de-galicia-que-adianta-a-2040-o-obxectivo-de-acadar-a-neutralidade-climatica\/#breadcrumb"},"inLanguage":"es","potentialAction":[{"@type":"ReadAction","target":["https:\/\/ppdegalicia.com\/es\/o-parlamento-galego-aproba-a-nova-lei-do-clima-de-galicia-que-adianta-a-2040-o-obxectivo-de-acadar-a-neutralidade-climatica\/"]}]},{"@type":"ImageObject","inLanguage":"es","@id":"https:\/\/ppdegalicia.com\/es\/o-parlamento-galego-aproba-a-nova-lei-do-clima-de-galicia-que-adianta-a-2040-o-obxectivo-de-acadar-a-neutralidade-climatica\/#primaryimage","url":"https:\/\/ppdegalicia.com\/wp-content\/uploads\/2026\/01\/20260128_Pleno_Ordinario96-scaled.jpg","contentUrl":"https:\/\/ppdegalicia.com\/wp-content\/uploads\/2026\/01\/20260128_Pleno_Ordinario96-scaled.jpg","width":2560,"height":1707},{"@type":"BreadcrumbList","@id":"https:\/\/ppdegalicia.com\/es\/o-parlamento-galego-aproba-a-nova-lei-do-clima-de-galicia-que-adianta-a-2040-o-obxectivo-de-acadar-a-neutralidade-climatica\/#breadcrumb","itemListElement":[{"@type":"ListItem","position":1,"name":"Portada","item":"https:\/\/ppdegalicia.com\/es\/"},{"@type":"ListItem","position":2,"name":"O Parlamento galego aproba a nova Lei do clima de Galicia, que adianta a 2040 o obxectivo de acadar a neutralidade clim\u00e1tica"}]},{"@type":"WebSite","@id":"https:\/\/ppdegalicia.com\/es\/#website","url":"https:\/\/ppdegalicia.com\/es\/","name":"Partido Popular de Galicia","description":"Partido Popular de Galicia","publisher":{"@id":"https:\/\/ppdegalicia.com\/es\/#organization"},"alternateName":"PP de Galicia","potentialAction":[{"@type":"SearchAction","target":{"@type":"EntryPoint","urlTemplate":"https:\/\/ppdegalicia.com\/es\/?s={search_term_string}"},"query-input":{"@type":"PropertyValueSpecification","valueRequired":true,"valueName":"search_term_string"}}],"inLanguage":"es"},{"@type":"Organization","@id":"https:\/\/ppdegalicia.com\/es\/#organization","name":"Partido Popular de Galicia","alternateName":"PP de Galicia","url":"https:\/\/ppdegalicia.com\/es\/","logo":{"@type":"ImageObject","inLanguage":"es","@id":"https:\/\/ppdegalicia.com\/es\/#\/schema\/logo\/image\/","url":"https:\/\/ppdegalicia.com\/wp-content\/uploads\/2023\/04\/logoPP512.png","contentUrl":"https:\/\/ppdegalicia.com\/wp-content\/uploads\/2023\/04\/logoPP512.png","width":512,"height":512,"caption":"Partido Popular de Galicia"},"image":{"@id":"https:\/\/ppdegalicia.com\/es\/#\/schema\/logo\/image\/"},"sameAs":["https:\/\/www.instagram.com\/ppdegalicia\/","https:\/\/x.com\/ppdegalicia","https:\/\/www.tiktok.com\/@ppdegalicia","https:\/\/www.youtube.com\/user\/ppdegalicia"]},{"@type":"Person","@id":"https:\/\/ppdegalicia.com\/es\/#\/schema\/person\/5b822c6f59e872ebdd1142f307dbcb59","name":"ppdegaliciaredes","image":{"@type":"ImageObject","inLanguage":"es","@id":"https:\/\/secure.gravatar.com\/avatar\/3c9179cf0256d00c72a48d1f25783c58b6842cd56e85ef3a572881c8e28ccd59?s=96&d=mm&r=g","url":"https:\/\/secure.gravatar.com\/avatar\/3c9179cf0256d00c72a48d1f25783c58b6842cd56e85ef3a572881c8e28ccd59?s=96&d=mm&r=g","contentUrl":"https:\/\/secure.gravatar.com\/avatar\/3c9179cf0256d00c72a48d1f25783c58b6842cd56e85ef3a572881c8e28ccd59?s=96&d=mm&r=g","caption":"ppdegaliciaredes"},"url":"https:\/\/ppdegalicia.com\/es\/author\/ppdegaliciaredes\/"}]}},"_links":{"self":[{"href":"https:\/\/ppdegalicia.com\/es\/wp-json\/wp\/v2\/posts\/69968","targetHints":{"allow":["GET"]}}],"collection":[{"href":"https:\/\/ppdegalicia.com\/es\/wp-json\/wp\/v2\/posts"}],"about":[{"href":"https:\/\/ppdegalicia.com\/es\/wp-json\/wp\/v2\/types\/post"}],"author":[{"embeddable":true,"href":"https:\/\/ppdegalicia.com\/es\/wp-json\/wp\/v2\/users\/38"}],"replies":[{"embeddable":true,"href":"https:\/\/ppdegalicia.com\/es\/wp-json\/wp\/v2\/comments?post=69968"}],"version-history":[{"count":1,"href":"https:\/\/ppdegalicia.com\/es\/wp-json\/wp\/v2\/posts\/69968\/revisions"}],"predecessor-version":[{"id":69971,"href":"https:\/\/ppdegalicia.com\/es\/wp-json\/wp\/v2\/posts\/69968\/revisions\/69971"}],"wp:featuredmedia":[{"embeddable":true,"href":"https:\/\/ppdegalicia.com\/es\/wp-json\/wp\/v2\/media\/69969"}],"wp:attachment":[{"href":"https:\/\/ppdegalicia.com\/es\/wp-json\/wp\/v2\/media?parent=69968"}],"wp:term":[{"taxonomy":"category","embeddable":true,"href":"https:\/\/ppdegalicia.com\/es\/wp-json\/wp\/v2\/categories?post=69968"},{"taxonomy":"post_tag","embeddable":true,"href":"https:\/\/ppdegalicia.com\/es\/wp-json\/wp\/v2\/tags?post=69968"}],"curies":[{"name":"wp","href":"https:\/\/api.w.org\/{rel}","templated":true}]}}