{"id":69976,"date":"2026-01-28T14:50:25","date_gmt":"2026-01-28T13:50:25","guid":{"rendered":"https:\/\/ppdegalicia.com\/?p=69976"},"modified":"2026-01-28T14:50:25","modified_gmt":"2026-01-28T13:50:25","slug":"o-parlamento-de-galicia-pide-que-a-reforma-do-estatuto-marco-dos-profesionais-sanitarios-se-faga-co-consenso-e-participacion-das-comunidades-autonomas-e-dos-sectores-implicados","status":"publish","type":"post","link":"https:\/\/ppdegalicia.com\/es\/o-parlamento-de-galicia-pide-que-a-reforma-do-estatuto-marco-dos-profesionais-sanitarios-se-faga-co-consenso-e-participacion-das-comunidades-autonomas-e-dos-sectores-implicados\/","title":{"rendered":"O Parlamento de Galicia pide que a reforma do Estatuto Marco dos profesionais sanitarios se faga co consenso e participaci\u00f3n das comunidades aut\u00f3nomas e dos sectores implicados"},"content":{"rendered":"<p>O Parlamento de Galicia aprobou hoxe a proposici\u00f3n non de lei do Grupo Popular, co voto en contra tanto do BNG como do PSdeG, a trav\u00e9s da que pide ao Goberno central que a reforma do Estatuto Marco do persoal estatutario dos servizos de sa\u00fade se realice co consenso e participaci\u00f3n efectiva das Comunidades Aut\u00f3nomas e dos sectores profesionais implicados. As\u00ed mesmo, dem\u00e1ndase que esta reforma contrib\u00faa a dar resposta ao d\u00e9ficit de profesionais sanitarios, especialmente en atenci\u00f3n primaria e nos postos de dif\u00edcil cobertura.<\/p>\n<p>A portavoz popular de Sanidade, Encarna Amigo, manifestou que a oposici\u00f3n ao Estatuto Marco presentado polo Ministerio de Sanidade \u201c\u00e9 unha demanda maioritaria dos profesionais m\u00e9dicos en Galicia e en todo o conxunto de Espa\u00f1a\u201d. \u201cUn texto que nace coa frontal oposici\u00f3n dos profesionais \u00e9 un texto condenado ao fracaso, do mesmo xeito que non se pode reformar esta norma sen contar coas comunidades aut\u00f3nomas, que son as competentes na organizaci\u00f3n e prestaci\u00f3n da asistencia sanitaria\u201d, indicou.<\/p>\n<p><strong>MINISTRA INCAPAZ<\/strong><\/p>\n<p>\u201cLevamos meses sufrindo paros e folgas continuas, totalmente lex\u00edtimas, pero quen acaba pagando o prezo non \u00e9 o Ministerio, sen\u00f3n os pacientes, e os galegos non merecen sufrir o froito de ter unha ministra incapaz de resolver un problema que ela mesma xerou\u201d, sinalou a portavoz popular.<\/p>\n<p>En concreto, cifrou en m\u00e1is de 86.000 asistencias m\u00e9dicas que non se realizaron en Galicia a consecuencia dos paros e folgas convocados nestes \u00faltimos meses, unha situaci\u00f3n da que o Servizo Galego de Sa\u00fade se resinte directamente, v\u00e9ndose obrigado a reprogramar toda a actividade suspendida, co conseguinte incremento de tempos nas listas de espera.<\/p>\n<p>Encarna Amigo lamentou que \u201co conflito segue aberto porque o Ministerio non quere escoitar: chegamos a un punto no que a incapacidade dos responsables do Ministerio \u00e9 tan patente que incluso intentaron derivar o problema nas comunidades aut\u00f3nomas\u201d. Neste sentido, criticou que o Goberno de Pedro S\u00e1nchez \u201cdespreza aos profesionais, minusvalora o conflito, deixa medrar a confrontaci\u00f3n e, cando a situaci\u00f3n se volve insostible, pretende derivar o problema a unhas comunidades aut\u00f3nomas que ignoraron desde o principio\u201d.<\/p>\n<p>\u201cPedimos consenso e participaci\u00f3n real, as\u00ed como unha memoria econ\u00f3mica e t\u00e9cnica, para que a reforma sirva para dar resposta ao d\u00e9ficit de profesionais, especialmente en atenci\u00f3n primaria e nos postos de dif\u00edcil cobertura\u201d, rematou.<\/p>\n","protected":false},"excerpt":{"rendered":"<p>O Parlamento de Galicia aprobou hoxe a proposici\u00f3n non de lei do Grupo Popular, co voto en contra tanto do BNG como do PSdeG, a trav\u00e9s da que pide ao Goberno central que a reforma do Estatuto Marco do persoal estatutario dos servizos de sa\u00fade se realice co consenso e participaci\u00f3n efectiva das Comunidades Aut\u00f3nomas [&hellip;]<\/p>\n","protected":false},"author":38,"featured_media":69977,"comment_status":"closed","ping_status":"open","sticky":false,"template":"","format":"standard","meta":{"_acf_changed":false,"footnotes":""},"categories":[1128],"tags":[],"class_list":["post-69976","post","type-post","status-publish","format-standard","has-post-thumbnail","hentry","category-actualidad-parlamento-de-galicia"],"acf":[],"yoast_head":"<!-- This site is optimized with the Yoast SEO plugin v27.3 - https:\/\/yoast.com\/product\/yoast-seo-wordpress\/ -->\n<title>O Parlamento de Galicia pide que a reforma do Estatuto Marco dos profesionais sanitarios se faga co consenso e participaci\u00f3n das comunidades aut\u00f3nomas e dos sectores implicados - PP de Galicia<\/title>\n<meta name=\"description\" content=\"O Parlamento de Galicia aprobou hoxe a proposici\u00f3n non de lei do Grupo Popular, co voto en contra tanto do BNG como do PSdeG, a trav\u00e9s da que pide ao Goberno central que a reforma do Estatuto Marco do persoal estatutario dos servizos de sa\u00fade se realice co consenso e participaci\u00f3n efectiva das Comunidades Aut\u00f3nomas e dos sectores profesionais implicados. As\u00ed mesmo, dem\u00e1ndase que esta reforma contrib\u00faa a dar resposta ao d\u00e9ficit de profesionais sanitarios, especialmente en atenci\u00f3n primaria e nos postos de dif\u00edcil cobertura.\" \/>\n<meta name=\"robots\" content=\"index, follow, max-snippet:-1, max-image-preview:large, max-video-preview:-1\" \/>\n<link rel=\"canonical\" href=\"https:\/\/ppdegalicia.com\/es\/o-parlamento-de-galicia-pide-que-a-reforma-do-estatuto-marco-dos-profesionais-sanitarios-se-faga-co-consenso-e-participacion-das-comunidades-autonomas-e-dos-sectores-implicados\/\" \/>\n<meta property=\"og:locale\" content=\"es_ES\" \/>\n<meta property=\"og:type\" content=\"article\" \/>\n<meta property=\"og:title\" content=\"O Parlamento de Galicia pide que a reforma do Estatuto Marco dos profesionais sanitarios se faga co consenso e participaci\u00f3n das comunidades aut\u00f3nomas e dos sectores implicados - PP de Galicia\" \/>\n<meta property=\"og:description\" content=\"O Parlamento de Galicia aprobou hoxe a proposici\u00f3n non de lei do Grupo Popular, co voto en contra tanto do BNG como do PSdeG, a trav\u00e9s da que pide ao Goberno central que a reforma do Estatuto Marco do persoal estatutario dos servizos de sa\u00fade se realice co consenso e participaci\u00f3n efectiva das Comunidades Aut\u00f3nomas e dos sectores profesionais implicados. As\u00ed mesmo, dem\u00e1ndase que esta reforma contrib\u00faa a dar resposta ao d\u00e9ficit de profesionais sanitarios, especialmente en atenci\u00f3n primaria e nos postos de dif\u00edcil cobertura.\" \/>\n<meta property=\"og:url\" content=\"https:\/\/ppdegalicia.com\/es\/o-parlamento-de-galicia-pide-que-a-reforma-do-estatuto-marco-dos-profesionais-sanitarios-se-faga-co-consenso-e-participacion-das-comunidades-autonomas-e-dos-sectores-implicados\/\" \/>\n<meta property=\"og:site_name\" content=\"PP de Galicia\" \/>\n<meta property=\"article:publisher\" content=\"https:\/\/www.instagram.com\/ppdegalicia\/\" \/>\n<meta property=\"article:published_time\" content=\"2026-01-28T13:50:25+00:00\" \/>\n<meta property=\"og:image\" content=\"https:\/\/ppdegalicia.com\/wp-content\/uploads\/2026\/01\/20260128_Pleno_Ordinario73-scaled.jpg\" \/>\n\t<meta property=\"og:image:width\" content=\"2560\" \/>\n\t<meta property=\"og:image:height\" content=\"1707\" \/>\n\t<meta property=\"og:image:type\" content=\"image\/jpeg\" \/>\n<meta name=\"author\" content=\"ppdegaliciaredes\" \/>\n<meta name=\"twitter:card\" content=\"summary_large_image\" \/>\n<meta name=\"twitter:creator\" content=\"@ppdegalicia\" \/>\n<meta name=\"twitter:site\" content=\"@ppdegalicia\" \/>\n<meta name=\"twitter:label1\" content=\"Escrito por\" \/>\n\t<meta name=\"twitter:data1\" content=\"ppdegaliciaredes\" \/>\n\t<meta name=\"twitter:label2\" content=\"Tiempo de lectura\" \/>\n\t<meta name=\"twitter:data2\" content=\"3 minutos\" \/>\n<script type=\"application\/ld+json\" class=\"yoast-schema-graph\">{\"@context\":\"https:\\\/\\\/schema.org\",\"@graph\":[{\"@type\":\"Article\",\"@id\":\"https:\\\/\\\/ppdegalicia.com\\\/es\\\/o-parlamento-de-galicia-pide-que-a-reforma-do-estatuto-marco-dos-profesionais-sanitarios-se-faga-co-consenso-e-participacion-das-comunidades-autonomas-e-dos-sectores-implicados\\\/#article\",\"isPartOf\":{\"@id\":\"https:\\\/\\\/ppdegalicia.com\\\/es\\\/o-parlamento-de-galicia-pide-que-a-reforma-do-estatuto-marco-dos-profesionais-sanitarios-se-faga-co-consenso-e-participacion-das-comunidades-autonomas-e-dos-sectores-implicados\\\/\"},\"author\":{\"name\":\"ppdegaliciaredes\",\"@id\":\"https:\\\/\\\/ppdegalicia.com\\\/es\\\/#\\\/schema\\\/person\\\/5b822c6f59e872ebdd1142f307dbcb59\"},\"headline\":\"O Parlamento de Galicia pide que a reforma do Estatuto Marco dos profesionais sanitarios se faga co consenso e participaci\u00f3n das comunidades aut\u00f3nomas e dos sectores implicados\",\"datePublished\":\"2026-01-28T13:50:25+00:00\",\"mainEntityOfPage\":{\"@id\":\"https:\\\/\\\/ppdegalicia.com\\\/es\\\/o-parlamento-de-galicia-pide-que-a-reforma-do-estatuto-marco-dos-profesionais-sanitarios-se-faga-co-consenso-e-participacion-das-comunidades-autonomas-e-dos-sectores-implicados\\\/\"},\"wordCount\":436,\"publisher\":{\"@id\":\"https:\\\/\\\/ppdegalicia.com\\\/es\\\/#organization\"},\"image\":{\"@id\":\"https:\\\/\\\/ppdegalicia.com\\\/es\\\/o-parlamento-de-galicia-pide-que-a-reforma-do-estatuto-marco-dos-profesionais-sanitarios-se-faga-co-consenso-e-participacion-das-comunidades-autonomas-e-dos-sectores-implicados\\\/#primaryimage\"},\"thumbnailUrl\":\"https:\\\/\\\/ppdegalicia.com\\\/wp-content\\\/uploads\\\/2026\\\/01\\\/20260128_Pleno_Ordinario73-scaled.jpg\",\"articleSection\":[\"Parlamento de Galicia\"],\"inLanguage\":\"es\"},{\"@type\":\"WebPage\",\"@id\":\"https:\\\/\\\/ppdegalicia.com\\\/es\\\/o-parlamento-de-galicia-pide-que-a-reforma-do-estatuto-marco-dos-profesionais-sanitarios-se-faga-co-consenso-e-participacion-das-comunidades-autonomas-e-dos-sectores-implicados\\\/\",\"url\":\"https:\\\/\\\/ppdegalicia.com\\\/es\\\/o-parlamento-de-galicia-pide-que-a-reforma-do-estatuto-marco-dos-profesionais-sanitarios-se-faga-co-consenso-e-participacion-das-comunidades-autonomas-e-dos-sectores-implicados\\\/\",\"name\":\"O Parlamento de Galicia pide que a reforma do Estatuto Marco dos profesionais sanitarios se faga co consenso e participaci\u00f3n das comunidades aut\u00f3nomas e dos sectores implicados - PP de Galicia\",\"isPartOf\":{\"@id\":\"https:\\\/\\\/ppdegalicia.com\\\/es\\\/#website\"},\"primaryImageOfPage\":{\"@id\":\"https:\\\/\\\/ppdegalicia.com\\\/es\\\/o-parlamento-de-galicia-pide-que-a-reforma-do-estatuto-marco-dos-profesionais-sanitarios-se-faga-co-consenso-e-participacion-das-comunidades-autonomas-e-dos-sectores-implicados\\\/#primaryimage\"},\"image\":{\"@id\":\"https:\\\/\\\/ppdegalicia.com\\\/es\\\/o-parlamento-de-galicia-pide-que-a-reforma-do-estatuto-marco-dos-profesionais-sanitarios-se-faga-co-consenso-e-participacion-das-comunidades-autonomas-e-dos-sectores-implicados\\\/#primaryimage\"},\"thumbnailUrl\":\"https:\\\/\\\/ppdegalicia.com\\\/wp-content\\\/uploads\\\/2026\\\/01\\\/20260128_Pleno_Ordinario73-scaled.jpg\",\"datePublished\":\"2026-01-28T13:50:25+00:00\",\"description\":\"O Parlamento de Galicia aprobou hoxe a proposici\u00f3n non de lei do Grupo Popular, co voto en contra tanto do BNG como do PSdeG, a trav\u00e9s da que pide ao Goberno central que a reforma do Estatuto Marco do persoal estatutario dos servizos de sa\u00fade se realice co consenso e participaci\u00f3n efectiva das Comunidades Aut\u00f3nomas e dos sectores profesionais implicados. As\u00ed mesmo, dem\u00e1ndase que esta reforma contrib\u00faa a dar resposta ao d\u00e9ficit de profesionais sanitarios, especialmente en atenci\u00f3n primaria e nos postos de dif\u00edcil cobertura.\",\"breadcrumb\":{\"@id\":\"https:\\\/\\\/ppdegalicia.com\\\/es\\\/o-parlamento-de-galicia-pide-que-a-reforma-do-estatuto-marco-dos-profesionais-sanitarios-se-faga-co-consenso-e-participacion-das-comunidades-autonomas-e-dos-sectores-implicados\\\/#breadcrumb\"},\"inLanguage\":\"es\",\"potentialAction\":[{\"@type\":\"ReadAction\",\"target\":[\"https:\\\/\\\/ppdegalicia.com\\\/es\\\/o-parlamento-de-galicia-pide-que-a-reforma-do-estatuto-marco-dos-profesionais-sanitarios-se-faga-co-consenso-e-participacion-das-comunidades-autonomas-e-dos-sectores-implicados\\\/\"]}]},{\"@type\":\"ImageObject\",\"inLanguage\":\"es\",\"@id\":\"https:\\\/\\\/ppdegalicia.com\\\/es\\\/o-parlamento-de-galicia-pide-que-a-reforma-do-estatuto-marco-dos-profesionais-sanitarios-se-faga-co-consenso-e-participacion-das-comunidades-autonomas-e-dos-sectores-implicados\\\/#primaryimage\",\"url\":\"https:\\\/\\\/ppdegalicia.com\\\/wp-content\\\/uploads\\\/2026\\\/01\\\/20260128_Pleno_Ordinario73-scaled.jpg\",\"contentUrl\":\"https:\\\/\\\/ppdegalicia.com\\\/wp-content\\\/uploads\\\/2026\\\/01\\\/20260128_Pleno_Ordinario73-scaled.jpg\",\"width\":2560,\"height\":1707},{\"@type\":\"BreadcrumbList\",\"@id\":\"https:\\\/\\\/ppdegalicia.com\\\/es\\\/o-parlamento-de-galicia-pide-que-a-reforma-do-estatuto-marco-dos-profesionais-sanitarios-se-faga-co-consenso-e-participacion-das-comunidades-autonomas-e-dos-sectores-implicados\\\/#breadcrumb\",\"itemListElement\":[{\"@type\":\"ListItem\",\"position\":1,\"name\":\"Portada\",\"item\":\"https:\\\/\\\/ppdegalicia.com\\\/es\\\/\"},{\"@type\":\"ListItem\",\"position\":2,\"name\":\"O Parlamento de Galicia pide que a reforma do Estatuto Marco dos profesionais sanitarios se faga co consenso e participaci\u00f3n das comunidades aut\u00f3nomas e dos sectores implicados\"}]},{\"@type\":\"WebSite\",\"@id\":\"https:\\\/\\\/ppdegalicia.com\\\/es\\\/#website\",\"url\":\"https:\\\/\\\/ppdegalicia.com\\\/es\\\/\",\"name\":\"Partido Popular de Galicia\",\"description\":\"Partido Popular de Galicia\",\"publisher\":{\"@id\":\"https:\\\/\\\/ppdegalicia.com\\\/es\\\/#organization\"},\"alternateName\":\"PP de Galicia\",\"potentialAction\":[{\"@type\":\"SearchAction\",\"target\":{\"@type\":\"EntryPoint\",\"urlTemplate\":\"https:\\\/\\\/ppdegalicia.com\\\/es\\\/?s={search_term_string}\"},\"query-input\":{\"@type\":\"PropertyValueSpecification\",\"valueRequired\":true,\"valueName\":\"search_term_string\"}}],\"inLanguage\":\"es\"},{\"@type\":\"Organization\",\"@id\":\"https:\\\/\\\/ppdegalicia.com\\\/es\\\/#organization\",\"name\":\"Partido Popular de Galicia\",\"alternateName\":\"PP de Galicia\",\"url\":\"https:\\\/\\\/ppdegalicia.com\\\/es\\\/\",\"logo\":{\"@type\":\"ImageObject\",\"inLanguage\":\"es\",\"@id\":\"https:\\\/\\\/ppdegalicia.com\\\/es\\\/#\\\/schema\\\/logo\\\/image\\\/\",\"url\":\"https:\\\/\\\/ppdegalicia.com\\\/wp-content\\\/uploads\\\/2023\\\/04\\\/logoPP512.png\",\"contentUrl\":\"https:\\\/\\\/ppdegalicia.com\\\/wp-content\\\/uploads\\\/2023\\\/04\\\/logoPP512.png\",\"width\":512,\"height\":512,\"caption\":\"Partido Popular de Galicia\"},\"image\":{\"@id\":\"https:\\\/\\\/ppdegalicia.com\\\/es\\\/#\\\/schema\\\/logo\\\/image\\\/\"},\"sameAs\":[\"https:\\\/\\\/www.instagram.com\\\/ppdegalicia\\\/\",\"https:\\\/\\\/x.com\\\/ppdegalicia\",\"https:\\\/\\\/www.tiktok.com\\\/@ppdegalicia\",\"https:\\\/\\\/www.youtube.com\\\/user\\\/ppdegalicia\"]},{\"@type\":\"Person\",\"@id\":\"https:\\\/\\\/ppdegalicia.com\\\/es\\\/#\\\/schema\\\/person\\\/5b822c6f59e872ebdd1142f307dbcb59\",\"name\":\"ppdegaliciaredes\",\"image\":{\"@type\":\"ImageObject\",\"inLanguage\":\"es\",\"@id\":\"https:\\\/\\\/secure.gravatar.com\\\/avatar\\\/3c9179cf0256d00c72a48d1f25783c58b6842cd56e85ef3a572881c8e28ccd59?s=96&d=mm&r=g\",\"url\":\"https:\\\/\\\/secure.gravatar.com\\\/avatar\\\/3c9179cf0256d00c72a48d1f25783c58b6842cd56e85ef3a572881c8e28ccd59?s=96&d=mm&r=g\",\"contentUrl\":\"https:\\\/\\\/secure.gravatar.com\\\/avatar\\\/3c9179cf0256d00c72a48d1f25783c58b6842cd56e85ef3a572881c8e28ccd59?s=96&d=mm&r=g\",\"caption\":\"ppdegaliciaredes\"},\"url\":\"https:\\\/\\\/ppdegalicia.com\\\/es\\\/author\\\/ppdegaliciaredes\\\/\"}]}<\/script>\n<!-- \/ Yoast SEO plugin. -->","yoast_head_json":{"title":"O Parlamento de Galicia pide que a reforma do Estatuto Marco dos profesionais sanitarios se faga co consenso e participaci\u00f3n das comunidades aut\u00f3nomas e dos sectores implicados - PP de Galicia","description":"O Parlamento de Galicia aprobou hoxe a proposici\u00f3n non de lei do Grupo Popular, co voto en contra tanto do BNG como do PSdeG, a trav\u00e9s da que pide ao Goberno central que a reforma do Estatuto Marco do persoal estatutario dos servizos de sa\u00fade se realice co consenso e participaci\u00f3n efectiva das Comunidades Aut\u00f3nomas e dos sectores profesionais implicados. As\u00ed mesmo, dem\u00e1ndase que esta reforma contrib\u00faa a dar resposta ao d\u00e9ficit de profesionais sanitarios, especialmente en atenci\u00f3n primaria e nos postos de dif\u00edcil cobertura.","robots":{"index":"index","follow":"follow","max-snippet":"max-snippet:-1","max-image-preview":"max-image-preview:large","max-video-preview":"max-video-preview:-1"},"canonical":"https:\/\/ppdegalicia.com\/es\/o-parlamento-de-galicia-pide-que-a-reforma-do-estatuto-marco-dos-profesionais-sanitarios-se-faga-co-consenso-e-participacion-das-comunidades-autonomas-e-dos-sectores-implicados\/","og_locale":"es_ES","og_type":"article","og_title":"O Parlamento de Galicia pide que a reforma do Estatuto Marco dos profesionais sanitarios se faga co consenso e participaci\u00f3n das comunidades aut\u00f3nomas e dos sectores implicados - PP de Galicia","og_description":"O Parlamento de Galicia aprobou hoxe a proposici\u00f3n non de lei do Grupo Popular, co voto en contra tanto do BNG como do PSdeG, a trav\u00e9s da que pide ao Goberno central que a reforma do Estatuto Marco do persoal estatutario dos servizos de sa\u00fade se realice co consenso e participaci\u00f3n efectiva das Comunidades Aut\u00f3nomas e dos sectores profesionais implicados. As\u00ed mesmo, dem\u00e1ndase que esta reforma contrib\u00faa a dar resposta ao d\u00e9ficit de profesionais sanitarios, especialmente en atenci\u00f3n primaria e nos postos de dif\u00edcil cobertura.","og_url":"https:\/\/ppdegalicia.com\/es\/o-parlamento-de-galicia-pide-que-a-reforma-do-estatuto-marco-dos-profesionais-sanitarios-se-faga-co-consenso-e-participacion-das-comunidades-autonomas-e-dos-sectores-implicados\/","og_site_name":"PP de Galicia","article_publisher":"https:\/\/www.instagram.com\/ppdegalicia\/","article_published_time":"2026-01-28T13:50:25+00:00","og_image":[{"width":2560,"height":1707,"url":"https:\/\/ppdegalicia.com\/wp-content\/uploads\/2026\/01\/20260128_Pleno_Ordinario73-scaled.jpg","type":"image\/jpeg"}],"author":"ppdegaliciaredes","twitter_card":"summary_large_image","twitter_creator":"@ppdegalicia","twitter_site":"@ppdegalicia","twitter_misc":{"Escrito por":"ppdegaliciaredes","Tiempo de lectura":"3 minutos"},"schema":{"@context":"https:\/\/schema.org","@graph":[{"@type":"Article","@id":"https:\/\/ppdegalicia.com\/es\/o-parlamento-de-galicia-pide-que-a-reforma-do-estatuto-marco-dos-profesionais-sanitarios-se-faga-co-consenso-e-participacion-das-comunidades-autonomas-e-dos-sectores-implicados\/#article","isPartOf":{"@id":"https:\/\/ppdegalicia.com\/es\/o-parlamento-de-galicia-pide-que-a-reforma-do-estatuto-marco-dos-profesionais-sanitarios-se-faga-co-consenso-e-participacion-das-comunidades-autonomas-e-dos-sectores-implicados\/"},"author":{"name":"ppdegaliciaredes","@id":"https:\/\/ppdegalicia.com\/es\/#\/schema\/person\/5b822c6f59e872ebdd1142f307dbcb59"},"headline":"O Parlamento de Galicia pide que a reforma do Estatuto Marco dos profesionais sanitarios se faga co consenso e participaci\u00f3n das comunidades aut\u00f3nomas e dos sectores implicados","datePublished":"2026-01-28T13:50:25+00:00","mainEntityOfPage":{"@id":"https:\/\/ppdegalicia.com\/es\/o-parlamento-de-galicia-pide-que-a-reforma-do-estatuto-marco-dos-profesionais-sanitarios-se-faga-co-consenso-e-participacion-das-comunidades-autonomas-e-dos-sectores-implicados\/"},"wordCount":436,"publisher":{"@id":"https:\/\/ppdegalicia.com\/es\/#organization"},"image":{"@id":"https:\/\/ppdegalicia.com\/es\/o-parlamento-de-galicia-pide-que-a-reforma-do-estatuto-marco-dos-profesionais-sanitarios-se-faga-co-consenso-e-participacion-das-comunidades-autonomas-e-dos-sectores-implicados\/#primaryimage"},"thumbnailUrl":"https:\/\/ppdegalicia.com\/wp-content\/uploads\/2026\/01\/20260128_Pleno_Ordinario73-scaled.jpg","articleSection":["Parlamento de Galicia"],"inLanguage":"es"},{"@type":"WebPage","@id":"https:\/\/ppdegalicia.com\/es\/o-parlamento-de-galicia-pide-que-a-reforma-do-estatuto-marco-dos-profesionais-sanitarios-se-faga-co-consenso-e-participacion-das-comunidades-autonomas-e-dos-sectores-implicados\/","url":"https:\/\/ppdegalicia.com\/es\/o-parlamento-de-galicia-pide-que-a-reforma-do-estatuto-marco-dos-profesionais-sanitarios-se-faga-co-consenso-e-participacion-das-comunidades-autonomas-e-dos-sectores-implicados\/","name":"O Parlamento de Galicia pide que a reforma do Estatuto Marco dos profesionais sanitarios se faga co consenso e participaci\u00f3n das comunidades aut\u00f3nomas e dos sectores implicados - PP de Galicia","isPartOf":{"@id":"https:\/\/ppdegalicia.com\/es\/#website"},"primaryImageOfPage":{"@id":"https:\/\/ppdegalicia.com\/es\/o-parlamento-de-galicia-pide-que-a-reforma-do-estatuto-marco-dos-profesionais-sanitarios-se-faga-co-consenso-e-participacion-das-comunidades-autonomas-e-dos-sectores-implicados\/#primaryimage"},"image":{"@id":"https:\/\/ppdegalicia.com\/es\/o-parlamento-de-galicia-pide-que-a-reforma-do-estatuto-marco-dos-profesionais-sanitarios-se-faga-co-consenso-e-participacion-das-comunidades-autonomas-e-dos-sectores-implicados\/#primaryimage"},"thumbnailUrl":"https:\/\/ppdegalicia.com\/wp-content\/uploads\/2026\/01\/20260128_Pleno_Ordinario73-scaled.jpg","datePublished":"2026-01-28T13:50:25+00:00","description":"O Parlamento de Galicia aprobou hoxe a proposici\u00f3n non de lei do Grupo Popular, co voto en contra tanto do BNG como do PSdeG, a trav\u00e9s da que pide ao Goberno central que a reforma do Estatuto Marco do persoal estatutario dos servizos de sa\u00fade se realice co consenso e participaci\u00f3n efectiva das Comunidades Aut\u00f3nomas e dos sectores profesionais implicados. As\u00ed mesmo, dem\u00e1ndase que esta reforma contrib\u00faa a dar resposta ao d\u00e9ficit de profesionais sanitarios, especialmente en atenci\u00f3n primaria e nos postos de dif\u00edcil cobertura.","breadcrumb":{"@id":"https:\/\/ppdegalicia.com\/es\/o-parlamento-de-galicia-pide-que-a-reforma-do-estatuto-marco-dos-profesionais-sanitarios-se-faga-co-consenso-e-participacion-das-comunidades-autonomas-e-dos-sectores-implicados\/#breadcrumb"},"inLanguage":"es","potentialAction":[{"@type":"ReadAction","target":["https:\/\/ppdegalicia.com\/es\/o-parlamento-de-galicia-pide-que-a-reforma-do-estatuto-marco-dos-profesionais-sanitarios-se-faga-co-consenso-e-participacion-das-comunidades-autonomas-e-dos-sectores-implicados\/"]}]},{"@type":"ImageObject","inLanguage":"es","@id":"https:\/\/ppdegalicia.com\/es\/o-parlamento-de-galicia-pide-que-a-reforma-do-estatuto-marco-dos-profesionais-sanitarios-se-faga-co-consenso-e-participacion-das-comunidades-autonomas-e-dos-sectores-implicados\/#primaryimage","url":"https:\/\/ppdegalicia.com\/wp-content\/uploads\/2026\/01\/20260128_Pleno_Ordinario73-scaled.jpg","contentUrl":"https:\/\/ppdegalicia.com\/wp-content\/uploads\/2026\/01\/20260128_Pleno_Ordinario73-scaled.jpg","width":2560,"height":1707},{"@type":"BreadcrumbList","@id":"https:\/\/ppdegalicia.com\/es\/o-parlamento-de-galicia-pide-que-a-reforma-do-estatuto-marco-dos-profesionais-sanitarios-se-faga-co-consenso-e-participacion-das-comunidades-autonomas-e-dos-sectores-implicados\/#breadcrumb","itemListElement":[{"@type":"ListItem","position":1,"name":"Portada","item":"https:\/\/ppdegalicia.com\/es\/"},{"@type":"ListItem","position":2,"name":"O Parlamento de Galicia pide que a reforma do Estatuto Marco dos profesionais sanitarios se faga co consenso e participaci\u00f3n das comunidades aut\u00f3nomas e dos sectores implicados"}]},{"@type":"WebSite","@id":"https:\/\/ppdegalicia.com\/es\/#website","url":"https:\/\/ppdegalicia.com\/es\/","name":"Partido Popular de Galicia","description":"Partido Popular de Galicia","publisher":{"@id":"https:\/\/ppdegalicia.com\/es\/#organization"},"alternateName":"PP de Galicia","potentialAction":[{"@type":"SearchAction","target":{"@type":"EntryPoint","urlTemplate":"https:\/\/ppdegalicia.com\/es\/?s={search_term_string}"},"query-input":{"@type":"PropertyValueSpecification","valueRequired":true,"valueName":"search_term_string"}}],"inLanguage":"es"},{"@type":"Organization","@id":"https:\/\/ppdegalicia.com\/es\/#organization","name":"Partido Popular de Galicia","alternateName":"PP de Galicia","url":"https:\/\/ppdegalicia.com\/es\/","logo":{"@type":"ImageObject","inLanguage":"es","@id":"https:\/\/ppdegalicia.com\/es\/#\/schema\/logo\/image\/","url":"https:\/\/ppdegalicia.com\/wp-content\/uploads\/2023\/04\/logoPP512.png","contentUrl":"https:\/\/ppdegalicia.com\/wp-content\/uploads\/2023\/04\/logoPP512.png","width":512,"height":512,"caption":"Partido Popular de Galicia"},"image":{"@id":"https:\/\/ppdegalicia.com\/es\/#\/schema\/logo\/image\/"},"sameAs":["https:\/\/www.instagram.com\/ppdegalicia\/","https:\/\/x.com\/ppdegalicia","https:\/\/www.tiktok.com\/@ppdegalicia","https:\/\/www.youtube.com\/user\/ppdegalicia"]},{"@type":"Person","@id":"https:\/\/ppdegalicia.com\/es\/#\/schema\/person\/5b822c6f59e872ebdd1142f307dbcb59","name":"ppdegaliciaredes","image":{"@type":"ImageObject","inLanguage":"es","@id":"https:\/\/secure.gravatar.com\/avatar\/3c9179cf0256d00c72a48d1f25783c58b6842cd56e85ef3a572881c8e28ccd59?s=96&d=mm&r=g","url":"https:\/\/secure.gravatar.com\/avatar\/3c9179cf0256d00c72a48d1f25783c58b6842cd56e85ef3a572881c8e28ccd59?s=96&d=mm&r=g","contentUrl":"https:\/\/secure.gravatar.com\/avatar\/3c9179cf0256d00c72a48d1f25783c58b6842cd56e85ef3a572881c8e28ccd59?s=96&d=mm&r=g","caption":"ppdegaliciaredes"},"url":"https:\/\/ppdegalicia.com\/es\/author\/ppdegaliciaredes\/"}]}},"_links":{"self":[{"href":"https:\/\/ppdegalicia.com\/es\/wp-json\/wp\/v2\/posts\/69976","targetHints":{"allow":["GET"]}}],"collection":[{"href":"https:\/\/ppdegalicia.com\/es\/wp-json\/wp\/v2\/posts"}],"about":[{"href":"https:\/\/ppdegalicia.com\/es\/wp-json\/wp\/v2\/types\/post"}],"author":[{"embeddable":true,"href":"https:\/\/ppdegalicia.com\/es\/wp-json\/wp\/v2\/users\/38"}],"replies":[{"embeddable":true,"href":"https:\/\/ppdegalicia.com\/es\/wp-json\/wp\/v2\/comments?post=69976"}],"version-history":[{"count":1,"href":"https:\/\/ppdegalicia.com\/es\/wp-json\/wp\/v2\/posts\/69976\/revisions"}],"predecessor-version":[{"id":69979,"href":"https:\/\/ppdegalicia.com\/es\/wp-json\/wp\/v2\/posts\/69976\/revisions\/69979"}],"wp:featuredmedia":[{"embeddable":true,"href":"https:\/\/ppdegalicia.com\/es\/wp-json\/wp\/v2\/media\/69977"}],"wp:attachment":[{"href":"https:\/\/ppdegalicia.com\/es\/wp-json\/wp\/v2\/media?parent=69976"}],"wp:term":[{"taxonomy":"category","embeddable":true,"href":"https:\/\/ppdegalicia.com\/es\/wp-json\/wp\/v2\/categories?post=69976"},{"taxonomy":"post_tag","embeddable":true,"href":"https:\/\/ppdegalicia.com\/es\/wp-json\/wp\/v2\/tags?post=69976"}],"curies":[{"name":"wp","href":"https:\/\/api.w.org\/{rel}","templated":true}]}}