{"id":70006,"date":"2026-01-29T14:10:29","date_gmt":"2026-01-29T13:10:29","guid":{"rendered":"https:\/\/ppdegalicia.com\/?p=70006"},"modified":"2026-01-29T14:10:29","modified_gmt":"2026-01-29T13:10:29","slug":"o-ppdeg-ofrece-alternativas-serias-ao-empresariado-vigues-fronte-a-un-alcalde-mais-preocupado-do-show-e-un-goberno-central-ocupado-na-corrupcion","status":"publish","type":"post","link":"https:\/\/ppdegalicia.com\/es\/o-ppdeg-ofrece-alternativas-serias-ao-empresariado-vigues-fronte-a-un-alcalde-mais-preocupado-do-show-e-un-goberno-central-ocupado-na-corrupcion\/","title":{"rendered":"O PPdeG ofrece \u201calternativas serias\u201d ao empresariado vigu\u00e9s fronte a un alcalde \u201cm\u00e1is preocupado do show\u201d e un Goberno central \u201cocupado na corrupci\u00f3n\u201d"},"content":{"rendered":"<p style=\"font-weight: 400;\">O Partido Popular de Galicia comprometeu hoxe o seu apoio ao empresariado vigu\u00e9s, fronte a un alcalde \u201cm\u00e1is preocupado do seu show\u201d e un presidente do Goberno central \u201cm\u00e1is ocupado da corrupci\u00f3n\u201d que das inquedanzas do tecido empresarial. Fronte a isto, os populares reivindican \u201calternativas serias\u201d, como \u00e9 Luisa S\u00e1nchez para a alcald\u00eda de Vigo e Alberto N\u00fa\u00f1ez Feij\u00f3o para \u201csacar a Espa\u00f1a do burato no que o meteu este desastroso Goberno\u201d.<\/p>\n<p style=\"font-weight: 400;\">Nun encontro con empresarios de Vigo e do resto da provincia de Pontevedra, a secretaria xeral do Partido Popular de Galicia,\u00a0Paula Prado, e a presidenta do PP de Vigo, Luisa S\u00e1nchez, estiveron acompa\u00f1adas polo vicesecretario de Econom\u00eda e Desenvolvemento Sostible do PP, Alberto Nadal, as\u00ed como pola deputada e coordinadora de Econom\u00eda do Partido Popular, Irene Garrido, e deputados auton\u00f3micos e nacionais. Exerceu como anfitri\u00f3n o presidente da C\u00e1mara de Comercio de Pontevedra, Vigo e Vilagarc\u00eda, Jos\u00e9 Garc\u00eda Costas.<\/p>\n<p style=\"font-weight: 400;\">\u201cO PP ten alternativa. Preocup\u00e1monos da xente, de co\u00f1ecer de primeira man ao empresariado e trasladarlle as nosas iniciativas\u201d, sinalou Prado, que sacou m\u00fasculo das pol\u00edticas do PPdeG, con Alfonso Rueda \u00e1 fronte, para ofrecer ferramentas ao empresariado e que \u201cpoidan medrar, ter futuro, que haxa m\u00e1is industria e m\u00e1is emprego de calidade en Galicia\u201d.<\/p>\n<p style=\"font-weight: 400;\">Na mesma li\u00f1a, a n\u00famero dous dos populares galegos puxo en valor a Luisa S\u00e1nchez como alternativa popular que \u201cten perfectamente diagnosticados\u201d os problemas do empresariado vigu\u00e9s.<\/p>\n<p style=\"font-weight: 400;\"><strong><u>LUISA S\u00c1NCHEZ AVOGA POR RECUPERAR A \u201cESENCIA INDUSTRIAL\u201d<\/u><\/strong><\/p>\n<p style=\"font-weight: 400;\">Por outra banda, Luisa S\u00e1nchez avogou por que Vigo recupere a s\u00faa esencia industrial e que o sector econ\u00f3mico \u201cregrese ao centro da pol\u00edtica municipal\u201d.<\/p>\n<p style=\"font-weight: 400;\">\u201cDesde o PP queremos estar ao lado de todos, dos sectores m\u00e1is emerxentes, os tradicionais e toda aquela actividade econ\u00f3mica que poida xerar un gran valor engadido\u201d, precisou.<\/p>\n<p style=\"font-weight: 400;\">Insistiu en que son necesarias \u201cunhas infraestruturas potentes que axuden \u00e1s nosas empresas na conectividade e na competitividade\u201d, as\u00ed como \u201cdesenvolver solo industrial e non s\u00f3 para atraer novos proxectos\u201d.<\/p>\n<p style=\"font-weight: 400;\">\u201cTam\u00e9n \u00e9 competencia municipal a fiscalidade\u201d, sinalou a presidenta do PP de Vigo, que lembrou que nos \u00faltimos tres anos se produciu una suba de 12 puntos no IAE, ademais de que os vigueses tiveron que afrontar o \u201ctaxazo do lixo\u201d e \u201cpagar a auga m\u00e1is cara de Galicia\u201d.<\/p>\n<p style=\"font-weight: 400;\"><strong><u>\u00c1BALOS, NO LIBRO DE HONRA DO CONCELLO DE VIGO<\/u><\/strong><\/p>\n<p style=\"font-weight: 400;\">Ademais, a secretaria xeral do PPdeG referiuse \u00e1 recente dimisi\u00f3n de Jos\u00e9 Luis \u00c1balos como deputado no Congreso, destacando que \u201cempezou a lexislatura como deputado e rematou no c\u00e1rcere\u201d.<\/p>\n<p style=\"font-weight: 400;\">Prado tam\u00e9n se pregunta \u201ca cambio de que e de canto renunciou \u00e1 s\u00faa acta\u201d o exministro, argumentando que S\u00e1nchez \u201cnon fai as cousas a cambio de nada\u201d. Lembra que o presidente do Executivo central \u201cnon se preocupa dos problemas reais da xente: as s\u00faas iniciativas son para estar un d\u00eda m\u00e1is na Moncloa\u201d.<\/p>\n<p style=\"font-weight: 400;\">Ademais, desde o PPdeG lembran que \u00c1balos \u201cgrazas a Abel Caballero, puxo a s\u00faa sinatura no libro de honra do Concello de Vigo\u201d.\u00a0\u201cIgual que lle puxeron \u2014e mante\u00f1en\u2014 unha Medalla de Ouro a Isabel Pardo de Vera, que agora co\u00f1ecemos que tivo moito que ver coa obra do tramo do accidente ferroviario de Andaluc\u00eda\u201d, engaden os populares.<\/p>\n<p style=\"font-weight: 400;\">Neste sentido, subli\u00f1aron que o Ministerio que dirix\u00eda \u00c1balos \u201cti\u00f1a cartos para \u2018se\u00f1oritas\u2019 e comisi\u00f3ns, pero non para obras e seguridade\u201d. En resumo, lamentaron que nos \u00faltimos anos o PSOE de Vigo lle puxera \u201calfombra vermella \u00e1 corrupci\u00f3n sanchista e ao seu machismo\u201d.<\/p>\n","protected":false},"excerpt":{"rendered":"<p>O Partido Popular de Galicia comprometeu hoxe o seu apoio ao empresariado vigu\u00e9s, fronte a un alcalde \u201cm\u00e1is preocupado do seu show\u201d e un presidente do Goberno central \u201cm\u00e1is ocupado da corrupci\u00f3n\u201d que das inquedanzas do tecido empresarial. Fronte a isto, os populares reivindican \u201calternativas serias\u201d, como \u00e9 Luisa S\u00e1nchez para a alcald\u00eda de Vigo [&hellip;]<\/p>\n","protected":false},"author":38,"featured_media":70009,"comment_status":"closed","ping_status":"open","sticky":false,"template":"","format":"standard","meta":{"_acf_changed":false,"footnotes":""},"categories":[1],"tags":[],"class_list":["post-70006","post","type-post","status-publish","format-standard","has-post-thumbnail","hentry","category-pp-de-galicia"],"acf":[],"yoast_head":"<!-- This site is optimized with the Yoast SEO plugin v27.3 - https:\/\/yoast.com\/product\/yoast-seo-wordpress\/ -->\n<title>O PPdeG ofrece \u201calternativas serias\u201d ao empresariado vigu\u00e9s fronte a un alcalde \u201cm\u00e1is preocupado do show\u201d e un Goberno central \u201cocupado na corrupci\u00f3n\u201d - PP de Galicia<\/title>\n<meta name=\"description\" content=\"O Partido Popular de Galicia comprometeu hoxe o seu apoio ao empresariado vigu\u00e9s, fronte a un alcalde \u201cm\u00e1is preocupado do seu show\u201d e un presidente do Goberno central \u201cm\u00e1is ocupado da corrupci\u00f3n\u201d que das inquedanzas do tecido empresarial. Fronte a isto, os populares reivindican \u201calternativas serias\u201d, como \u00e9 Luisa S\u00e1nchez para a alcald\u00eda de Vigo e Alberto N\u00fa\u00f1ez Feij\u00f3o para \u201csacar a Espa\u00f1a do burato no que o meteu este desastroso Goberno\u201d.\" \/>\n<meta name=\"robots\" content=\"index, follow, max-snippet:-1, max-image-preview:large, max-video-preview:-1\" \/>\n<link rel=\"canonical\" href=\"https:\/\/ppdegalicia.com\/es\/o-ppdeg-ofrece-alternativas-serias-ao-empresariado-vigues-fronte-a-un-alcalde-mais-preocupado-do-show-e-un-goberno-central-ocupado-na-corrupcion\/\" \/>\n<meta property=\"og:locale\" content=\"es_ES\" \/>\n<meta property=\"og:type\" content=\"article\" \/>\n<meta property=\"og:title\" content=\"O PPdeG ofrece \u201calternativas serias\u201d ao empresariado vigu\u00e9s fronte a un alcalde \u201cm\u00e1is preocupado do show\u201d e un Goberno central \u201cocupado na corrupci\u00f3n\u201d - PP de Galicia\" \/>\n<meta property=\"og:description\" content=\"O Partido Popular de Galicia comprometeu hoxe o seu apoio ao empresariado vigu\u00e9s, fronte a un alcalde \u201cm\u00e1is preocupado do seu show\u201d e un presidente do Goberno central \u201cm\u00e1is ocupado da corrupci\u00f3n\u201d que das inquedanzas do tecido empresarial. Fronte a isto, os populares reivindican \u201calternativas serias\u201d, como \u00e9 Luisa S\u00e1nchez para a alcald\u00eda de Vigo e Alberto N\u00fa\u00f1ez Feij\u00f3o para \u201csacar a Espa\u00f1a do burato no que o meteu este desastroso Goberno\u201d.\" \/>\n<meta property=\"og:url\" content=\"https:\/\/ppdegalicia.com\/es\/o-ppdeg-ofrece-alternativas-serias-ao-empresariado-vigues-fronte-a-un-alcalde-mais-preocupado-do-show-e-un-goberno-central-ocupado-na-corrupcion\/\" \/>\n<meta property=\"og:site_name\" content=\"PP de Galicia\" \/>\n<meta property=\"article:publisher\" content=\"https:\/\/www.instagram.com\/ppdegalicia\/\" \/>\n<meta property=\"article:published_time\" content=\"2026-01-29T13:10:29+00:00\" \/>\n<meta property=\"og:image\" content=\"https:\/\/ppdegalicia.com\/wp-content\/uploads\/2026\/01\/20260129_PP_Empresarios_Vigo2-scaled.jpg\" \/>\n\t<meta property=\"og:image:width\" content=\"2560\" \/>\n\t<meta property=\"og:image:height\" content=\"1707\" \/>\n\t<meta property=\"og:image:type\" content=\"image\/jpeg\" \/>\n<meta name=\"author\" content=\"ppdegaliciaredes\" \/>\n<meta name=\"twitter:card\" content=\"summary_large_image\" \/>\n<meta name=\"twitter:creator\" content=\"@ppdegalicia\" \/>\n<meta name=\"twitter:site\" content=\"@ppdegalicia\" \/>\n<meta name=\"twitter:label1\" content=\"Escrito por\" \/>\n\t<meta name=\"twitter:data1\" content=\"ppdegaliciaredes\" \/>\n\t<meta name=\"twitter:label2\" content=\"Tiempo de lectura\" \/>\n\t<meta name=\"twitter:data2\" content=\"4 minutos\" \/>\n<script type=\"application\/ld+json\" class=\"yoast-schema-graph\">{\"@context\":\"https:\\\/\\\/schema.org\",\"@graph\":[{\"@type\":\"Article\",\"@id\":\"https:\\\/\\\/ppdegalicia.com\\\/es\\\/o-ppdeg-ofrece-alternativas-serias-ao-empresariado-vigues-fronte-a-un-alcalde-mais-preocupado-do-show-e-un-goberno-central-ocupado-na-corrupcion\\\/#article\",\"isPartOf\":{\"@id\":\"https:\\\/\\\/ppdegalicia.com\\\/es\\\/o-ppdeg-ofrece-alternativas-serias-ao-empresariado-vigues-fronte-a-un-alcalde-mais-preocupado-do-show-e-un-goberno-central-ocupado-na-corrupcion\\\/\"},\"author\":{\"name\":\"ppdegaliciaredes\",\"@id\":\"https:\\\/\\\/ppdegalicia.com\\\/es\\\/#\\\/schema\\\/person\\\/5b822c6f59e872ebdd1142f307dbcb59\"},\"headline\":\"O PPdeG ofrece \u201calternativas serias\u201d ao empresariado vigu\u00e9s fronte a un alcalde \u201cm\u00e1is preocupado do show\u201d e un Goberno central \u201cocupado na corrupci\u00f3n\u201d\",\"datePublished\":\"2026-01-29T13:10:29+00:00\",\"mainEntityOfPage\":{\"@id\":\"https:\\\/\\\/ppdegalicia.com\\\/es\\\/o-ppdeg-ofrece-alternativas-serias-ao-empresariado-vigues-fronte-a-un-alcalde-mais-preocupado-do-show-e-un-goberno-central-ocupado-na-corrupcion\\\/\"},\"wordCount\":641,\"publisher\":{\"@id\":\"https:\\\/\\\/ppdegalicia.com\\\/es\\\/#organization\"},\"image\":{\"@id\":\"https:\\\/\\\/ppdegalicia.com\\\/es\\\/o-ppdeg-ofrece-alternativas-serias-ao-empresariado-vigues-fronte-a-un-alcalde-mais-preocupado-do-show-e-un-goberno-central-ocupado-na-corrupcion\\\/#primaryimage\"},\"thumbnailUrl\":\"https:\\\/\\\/ppdegalicia.com\\\/wp-content\\\/uploads\\\/2026\\\/01\\\/20260129_PP_Empresarios_Vigo2-scaled.jpg\",\"articleSection\":[\"PP de Galicia\"],\"inLanguage\":\"es\"},{\"@type\":\"WebPage\",\"@id\":\"https:\\\/\\\/ppdegalicia.com\\\/es\\\/o-ppdeg-ofrece-alternativas-serias-ao-empresariado-vigues-fronte-a-un-alcalde-mais-preocupado-do-show-e-un-goberno-central-ocupado-na-corrupcion\\\/\",\"url\":\"https:\\\/\\\/ppdegalicia.com\\\/es\\\/o-ppdeg-ofrece-alternativas-serias-ao-empresariado-vigues-fronte-a-un-alcalde-mais-preocupado-do-show-e-un-goberno-central-ocupado-na-corrupcion\\\/\",\"name\":\"O PPdeG ofrece \u201calternativas serias\u201d ao empresariado vigu\u00e9s fronte a un alcalde \u201cm\u00e1is preocupado do show\u201d e un Goberno central \u201cocupado na corrupci\u00f3n\u201d - PP de Galicia\",\"isPartOf\":{\"@id\":\"https:\\\/\\\/ppdegalicia.com\\\/es\\\/#website\"},\"primaryImageOfPage\":{\"@id\":\"https:\\\/\\\/ppdegalicia.com\\\/es\\\/o-ppdeg-ofrece-alternativas-serias-ao-empresariado-vigues-fronte-a-un-alcalde-mais-preocupado-do-show-e-un-goberno-central-ocupado-na-corrupcion\\\/#primaryimage\"},\"image\":{\"@id\":\"https:\\\/\\\/ppdegalicia.com\\\/es\\\/o-ppdeg-ofrece-alternativas-serias-ao-empresariado-vigues-fronte-a-un-alcalde-mais-preocupado-do-show-e-un-goberno-central-ocupado-na-corrupcion\\\/#primaryimage\"},\"thumbnailUrl\":\"https:\\\/\\\/ppdegalicia.com\\\/wp-content\\\/uploads\\\/2026\\\/01\\\/20260129_PP_Empresarios_Vigo2-scaled.jpg\",\"datePublished\":\"2026-01-29T13:10:29+00:00\",\"description\":\"O Partido Popular de Galicia comprometeu hoxe o seu apoio ao empresariado vigu\u00e9s, fronte a un alcalde \u201cm\u00e1is preocupado do seu show\u201d e un presidente do Goberno central \u201cm\u00e1is ocupado da corrupci\u00f3n\u201d que das inquedanzas do tecido empresarial. Fronte a isto, os populares reivindican \u201calternativas serias\u201d, como \u00e9 Luisa S\u00e1nchez para a alcald\u00eda de Vigo e Alberto N\u00fa\u00f1ez Feij\u00f3o para \u201csacar a Espa\u00f1a do burato no que o meteu este desastroso Goberno\u201d.\",\"breadcrumb\":{\"@id\":\"https:\\\/\\\/ppdegalicia.com\\\/es\\\/o-ppdeg-ofrece-alternativas-serias-ao-empresariado-vigues-fronte-a-un-alcalde-mais-preocupado-do-show-e-un-goberno-central-ocupado-na-corrupcion\\\/#breadcrumb\"},\"inLanguage\":\"es\",\"potentialAction\":[{\"@type\":\"ReadAction\",\"target\":[\"https:\\\/\\\/ppdegalicia.com\\\/es\\\/o-ppdeg-ofrece-alternativas-serias-ao-empresariado-vigues-fronte-a-un-alcalde-mais-preocupado-do-show-e-un-goberno-central-ocupado-na-corrupcion\\\/\"]}]},{\"@type\":\"ImageObject\",\"inLanguage\":\"es\",\"@id\":\"https:\\\/\\\/ppdegalicia.com\\\/es\\\/o-ppdeg-ofrece-alternativas-serias-ao-empresariado-vigues-fronte-a-un-alcalde-mais-preocupado-do-show-e-un-goberno-central-ocupado-na-corrupcion\\\/#primaryimage\",\"url\":\"https:\\\/\\\/ppdegalicia.com\\\/wp-content\\\/uploads\\\/2026\\\/01\\\/20260129_PP_Empresarios_Vigo2-scaled.jpg\",\"contentUrl\":\"https:\\\/\\\/ppdegalicia.com\\\/wp-content\\\/uploads\\\/2026\\\/01\\\/20260129_PP_Empresarios_Vigo2-scaled.jpg\",\"width\":2560,\"height\":1707},{\"@type\":\"BreadcrumbList\",\"@id\":\"https:\\\/\\\/ppdegalicia.com\\\/es\\\/o-ppdeg-ofrece-alternativas-serias-ao-empresariado-vigues-fronte-a-un-alcalde-mais-preocupado-do-show-e-un-goberno-central-ocupado-na-corrupcion\\\/#breadcrumb\",\"itemListElement\":[{\"@type\":\"ListItem\",\"position\":1,\"name\":\"Portada\",\"item\":\"https:\\\/\\\/ppdegalicia.com\\\/es\\\/\"},{\"@type\":\"ListItem\",\"position\":2,\"name\":\"O PPdeG ofrece \u201calternativas serias\u201d ao empresariado vigu\u00e9s fronte a un alcalde \u201cm\u00e1is preocupado do show\u201d e un Goberno central \u201cocupado na corrupci\u00f3n\u201d\"}]},{\"@type\":\"WebSite\",\"@id\":\"https:\\\/\\\/ppdegalicia.com\\\/es\\\/#website\",\"url\":\"https:\\\/\\\/ppdegalicia.com\\\/es\\\/\",\"name\":\"Partido Popular de Galicia\",\"description\":\"Partido Popular de Galicia\",\"publisher\":{\"@id\":\"https:\\\/\\\/ppdegalicia.com\\\/es\\\/#organization\"},\"alternateName\":\"PP de Galicia\",\"potentialAction\":[{\"@type\":\"SearchAction\",\"target\":{\"@type\":\"EntryPoint\",\"urlTemplate\":\"https:\\\/\\\/ppdegalicia.com\\\/es\\\/?s={search_term_string}\"},\"query-input\":{\"@type\":\"PropertyValueSpecification\",\"valueRequired\":true,\"valueName\":\"search_term_string\"}}],\"inLanguage\":\"es\"},{\"@type\":\"Organization\",\"@id\":\"https:\\\/\\\/ppdegalicia.com\\\/es\\\/#organization\",\"name\":\"Partido Popular de Galicia\",\"alternateName\":\"PP de Galicia\",\"url\":\"https:\\\/\\\/ppdegalicia.com\\\/es\\\/\",\"logo\":{\"@type\":\"ImageObject\",\"inLanguage\":\"es\",\"@id\":\"https:\\\/\\\/ppdegalicia.com\\\/es\\\/#\\\/schema\\\/logo\\\/image\\\/\",\"url\":\"https:\\\/\\\/ppdegalicia.com\\\/wp-content\\\/uploads\\\/2023\\\/04\\\/logoPP512.png\",\"contentUrl\":\"https:\\\/\\\/ppdegalicia.com\\\/wp-content\\\/uploads\\\/2023\\\/04\\\/logoPP512.png\",\"width\":512,\"height\":512,\"caption\":\"Partido Popular de Galicia\"},\"image\":{\"@id\":\"https:\\\/\\\/ppdegalicia.com\\\/es\\\/#\\\/schema\\\/logo\\\/image\\\/\"},\"sameAs\":[\"https:\\\/\\\/www.instagram.com\\\/ppdegalicia\\\/\",\"https:\\\/\\\/x.com\\\/ppdegalicia\",\"https:\\\/\\\/www.tiktok.com\\\/@ppdegalicia\",\"https:\\\/\\\/www.youtube.com\\\/user\\\/ppdegalicia\"]},{\"@type\":\"Person\",\"@id\":\"https:\\\/\\\/ppdegalicia.com\\\/es\\\/#\\\/schema\\\/person\\\/5b822c6f59e872ebdd1142f307dbcb59\",\"name\":\"ppdegaliciaredes\",\"image\":{\"@type\":\"ImageObject\",\"inLanguage\":\"es\",\"@id\":\"https:\\\/\\\/secure.gravatar.com\\\/avatar\\\/3c9179cf0256d00c72a48d1f25783c58b6842cd56e85ef3a572881c8e28ccd59?s=96&d=mm&r=g\",\"url\":\"https:\\\/\\\/secure.gravatar.com\\\/avatar\\\/3c9179cf0256d00c72a48d1f25783c58b6842cd56e85ef3a572881c8e28ccd59?s=96&d=mm&r=g\",\"contentUrl\":\"https:\\\/\\\/secure.gravatar.com\\\/avatar\\\/3c9179cf0256d00c72a48d1f25783c58b6842cd56e85ef3a572881c8e28ccd59?s=96&d=mm&r=g\",\"caption\":\"ppdegaliciaredes\"},\"url\":\"https:\\\/\\\/ppdegalicia.com\\\/es\\\/author\\\/ppdegaliciaredes\\\/\"}]}<\/script>\n<!-- \/ Yoast SEO plugin. -->","yoast_head_json":{"title":"O PPdeG ofrece \u201calternativas serias\u201d ao empresariado vigu\u00e9s fronte a un alcalde \u201cm\u00e1is preocupado do show\u201d e un Goberno central \u201cocupado na corrupci\u00f3n\u201d - PP de Galicia","description":"O Partido Popular de Galicia comprometeu hoxe o seu apoio ao empresariado vigu\u00e9s, fronte a un alcalde \u201cm\u00e1is preocupado do seu show\u201d e un presidente do Goberno central \u201cm\u00e1is ocupado da corrupci\u00f3n\u201d que das inquedanzas do tecido empresarial. Fronte a isto, os populares reivindican \u201calternativas serias\u201d, como \u00e9 Luisa S\u00e1nchez para a alcald\u00eda de Vigo e Alberto N\u00fa\u00f1ez Feij\u00f3o para \u201csacar a Espa\u00f1a do burato no que o meteu este desastroso Goberno\u201d.","robots":{"index":"index","follow":"follow","max-snippet":"max-snippet:-1","max-image-preview":"max-image-preview:large","max-video-preview":"max-video-preview:-1"},"canonical":"https:\/\/ppdegalicia.com\/es\/o-ppdeg-ofrece-alternativas-serias-ao-empresariado-vigues-fronte-a-un-alcalde-mais-preocupado-do-show-e-un-goberno-central-ocupado-na-corrupcion\/","og_locale":"es_ES","og_type":"article","og_title":"O PPdeG ofrece \u201calternativas serias\u201d ao empresariado vigu\u00e9s fronte a un alcalde \u201cm\u00e1is preocupado do show\u201d e un Goberno central \u201cocupado na corrupci\u00f3n\u201d - PP de Galicia","og_description":"O Partido Popular de Galicia comprometeu hoxe o seu apoio ao empresariado vigu\u00e9s, fronte a un alcalde \u201cm\u00e1is preocupado do seu show\u201d e un presidente do Goberno central \u201cm\u00e1is ocupado da corrupci\u00f3n\u201d que das inquedanzas do tecido empresarial. Fronte a isto, os populares reivindican \u201calternativas serias\u201d, como \u00e9 Luisa S\u00e1nchez para a alcald\u00eda de Vigo e Alberto N\u00fa\u00f1ez Feij\u00f3o para \u201csacar a Espa\u00f1a do burato no que o meteu este desastroso Goberno\u201d.","og_url":"https:\/\/ppdegalicia.com\/es\/o-ppdeg-ofrece-alternativas-serias-ao-empresariado-vigues-fronte-a-un-alcalde-mais-preocupado-do-show-e-un-goberno-central-ocupado-na-corrupcion\/","og_site_name":"PP de Galicia","article_publisher":"https:\/\/www.instagram.com\/ppdegalicia\/","article_published_time":"2026-01-29T13:10:29+00:00","og_image":[{"width":2560,"height":1707,"url":"https:\/\/ppdegalicia.com\/wp-content\/uploads\/2026\/01\/20260129_PP_Empresarios_Vigo2-scaled.jpg","type":"image\/jpeg"}],"author":"ppdegaliciaredes","twitter_card":"summary_large_image","twitter_creator":"@ppdegalicia","twitter_site":"@ppdegalicia","twitter_misc":{"Escrito por":"ppdegaliciaredes","Tiempo de lectura":"4 minutos"},"schema":{"@context":"https:\/\/schema.org","@graph":[{"@type":"Article","@id":"https:\/\/ppdegalicia.com\/es\/o-ppdeg-ofrece-alternativas-serias-ao-empresariado-vigues-fronte-a-un-alcalde-mais-preocupado-do-show-e-un-goberno-central-ocupado-na-corrupcion\/#article","isPartOf":{"@id":"https:\/\/ppdegalicia.com\/es\/o-ppdeg-ofrece-alternativas-serias-ao-empresariado-vigues-fronte-a-un-alcalde-mais-preocupado-do-show-e-un-goberno-central-ocupado-na-corrupcion\/"},"author":{"name":"ppdegaliciaredes","@id":"https:\/\/ppdegalicia.com\/es\/#\/schema\/person\/5b822c6f59e872ebdd1142f307dbcb59"},"headline":"O PPdeG ofrece \u201calternativas serias\u201d ao empresariado vigu\u00e9s fronte a un alcalde \u201cm\u00e1is preocupado do show\u201d e un Goberno central \u201cocupado na corrupci\u00f3n\u201d","datePublished":"2026-01-29T13:10:29+00:00","mainEntityOfPage":{"@id":"https:\/\/ppdegalicia.com\/es\/o-ppdeg-ofrece-alternativas-serias-ao-empresariado-vigues-fronte-a-un-alcalde-mais-preocupado-do-show-e-un-goberno-central-ocupado-na-corrupcion\/"},"wordCount":641,"publisher":{"@id":"https:\/\/ppdegalicia.com\/es\/#organization"},"image":{"@id":"https:\/\/ppdegalicia.com\/es\/o-ppdeg-ofrece-alternativas-serias-ao-empresariado-vigues-fronte-a-un-alcalde-mais-preocupado-do-show-e-un-goberno-central-ocupado-na-corrupcion\/#primaryimage"},"thumbnailUrl":"https:\/\/ppdegalicia.com\/wp-content\/uploads\/2026\/01\/20260129_PP_Empresarios_Vigo2-scaled.jpg","articleSection":["PP de Galicia"],"inLanguage":"es"},{"@type":"WebPage","@id":"https:\/\/ppdegalicia.com\/es\/o-ppdeg-ofrece-alternativas-serias-ao-empresariado-vigues-fronte-a-un-alcalde-mais-preocupado-do-show-e-un-goberno-central-ocupado-na-corrupcion\/","url":"https:\/\/ppdegalicia.com\/es\/o-ppdeg-ofrece-alternativas-serias-ao-empresariado-vigues-fronte-a-un-alcalde-mais-preocupado-do-show-e-un-goberno-central-ocupado-na-corrupcion\/","name":"O PPdeG ofrece \u201calternativas serias\u201d ao empresariado vigu\u00e9s fronte a un alcalde \u201cm\u00e1is preocupado do show\u201d e un Goberno central \u201cocupado na corrupci\u00f3n\u201d - PP de Galicia","isPartOf":{"@id":"https:\/\/ppdegalicia.com\/es\/#website"},"primaryImageOfPage":{"@id":"https:\/\/ppdegalicia.com\/es\/o-ppdeg-ofrece-alternativas-serias-ao-empresariado-vigues-fronte-a-un-alcalde-mais-preocupado-do-show-e-un-goberno-central-ocupado-na-corrupcion\/#primaryimage"},"image":{"@id":"https:\/\/ppdegalicia.com\/es\/o-ppdeg-ofrece-alternativas-serias-ao-empresariado-vigues-fronte-a-un-alcalde-mais-preocupado-do-show-e-un-goberno-central-ocupado-na-corrupcion\/#primaryimage"},"thumbnailUrl":"https:\/\/ppdegalicia.com\/wp-content\/uploads\/2026\/01\/20260129_PP_Empresarios_Vigo2-scaled.jpg","datePublished":"2026-01-29T13:10:29+00:00","description":"O Partido Popular de Galicia comprometeu hoxe o seu apoio ao empresariado vigu\u00e9s, fronte a un alcalde \u201cm\u00e1is preocupado do seu show\u201d e un presidente do Goberno central \u201cm\u00e1is ocupado da corrupci\u00f3n\u201d que das inquedanzas do tecido empresarial. Fronte a isto, os populares reivindican \u201calternativas serias\u201d, como \u00e9 Luisa S\u00e1nchez para a alcald\u00eda de Vigo e Alberto N\u00fa\u00f1ez Feij\u00f3o para \u201csacar a Espa\u00f1a do burato no que o meteu este desastroso Goberno\u201d.","breadcrumb":{"@id":"https:\/\/ppdegalicia.com\/es\/o-ppdeg-ofrece-alternativas-serias-ao-empresariado-vigues-fronte-a-un-alcalde-mais-preocupado-do-show-e-un-goberno-central-ocupado-na-corrupcion\/#breadcrumb"},"inLanguage":"es","potentialAction":[{"@type":"ReadAction","target":["https:\/\/ppdegalicia.com\/es\/o-ppdeg-ofrece-alternativas-serias-ao-empresariado-vigues-fronte-a-un-alcalde-mais-preocupado-do-show-e-un-goberno-central-ocupado-na-corrupcion\/"]}]},{"@type":"ImageObject","inLanguage":"es","@id":"https:\/\/ppdegalicia.com\/es\/o-ppdeg-ofrece-alternativas-serias-ao-empresariado-vigues-fronte-a-un-alcalde-mais-preocupado-do-show-e-un-goberno-central-ocupado-na-corrupcion\/#primaryimage","url":"https:\/\/ppdegalicia.com\/wp-content\/uploads\/2026\/01\/20260129_PP_Empresarios_Vigo2-scaled.jpg","contentUrl":"https:\/\/ppdegalicia.com\/wp-content\/uploads\/2026\/01\/20260129_PP_Empresarios_Vigo2-scaled.jpg","width":2560,"height":1707},{"@type":"BreadcrumbList","@id":"https:\/\/ppdegalicia.com\/es\/o-ppdeg-ofrece-alternativas-serias-ao-empresariado-vigues-fronte-a-un-alcalde-mais-preocupado-do-show-e-un-goberno-central-ocupado-na-corrupcion\/#breadcrumb","itemListElement":[{"@type":"ListItem","position":1,"name":"Portada","item":"https:\/\/ppdegalicia.com\/es\/"},{"@type":"ListItem","position":2,"name":"O PPdeG ofrece \u201calternativas serias\u201d ao empresariado vigu\u00e9s fronte a un alcalde \u201cm\u00e1is preocupado do show\u201d e un Goberno central \u201cocupado na corrupci\u00f3n\u201d"}]},{"@type":"WebSite","@id":"https:\/\/ppdegalicia.com\/es\/#website","url":"https:\/\/ppdegalicia.com\/es\/","name":"Partido Popular de Galicia","description":"Partido Popular de Galicia","publisher":{"@id":"https:\/\/ppdegalicia.com\/es\/#organization"},"alternateName":"PP de Galicia","potentialAction":[{"@type":"SearchAction","target":{"@type":"EntryPoint","urlTemplate":"https:\/\/ppdegalicia.com\/es\/?s={search_term_string}"},"query-input":{"@type":"PropertyValueSpecification","valueRequired":true,"valueName":"search_term_string"}}],"inLanguage":"es"},{"@type":"Organization","@id":"https:\/\/ppdegalicia.com\/es\/#organization","name":"Partido Popular de Galicia","alternateName":"PP de Galicia","url":"https:\/\/ppdegalicia.com\/es\/","logo":{"@type":"ImageObject","inLanguage":"es","@id":"https:\/\/ppdegalicia.com\/es\/#\/schema\/logo\/image\/","url":"https:\/\/ppdegalicia.com\/wp-content\/uploads\/2023\/04\/logoPP512.png","contentUrl":"https:\/\/ppdegalicia.com\/wp-content\/uploads\/2023\/04\/logoPP512.png","width":512,"height":512,"caption":"Partido Popular de Galicia"},"image":{"@id":"https:\/\/ppdegalicia.com\/es\/#\/schema\/logo\/image\/"},"sameAs":["https:\/\/www.instagram.com\/ppdegalicia\/","https:\/\/x.com\/ppdegalicia","https:\/\/www.tiktok.com\/@ppdegalicia","https:\/\/www.youtube.com\/user\/ppdegalicia"]},{"@type":"Person","@id":"https:\/\/ppdegalicia.com\/es\/#\/schema\/person\/5b822c6f59e872ebdd1142f307dbcb59","name":"ppdegaliciaredes","image":{"@type":"ImageObject","inLanguage":"es","@id":"https:\/\/secure.gravatar.com\/avatar\/3c9179cf0256d00c72a48d1f25783c58b6842cd56e85ef3a572881c8e28ccd59?s=96&d=mm&r=g","url":"https:\/\/secure.gravatar.com\/avatar\/3c9179cf0256d00c72a48d1f25783c58b6842cd56e85ef3a572881c8e28ccd59?s=96&d=mm&r=g","contentUrl":"https:\/\/secure.gravatar.com\/avatar\/3c9179cf0256d00c72a48d1f25783c58b6842cd56e85ef3a572881c8e28ccd59?s=96&d=mm&r=g","caption":"ppdegaliciaredes"},"url":"https:\/\/ppdegalicia.com\/es\/author\/ppdegaliciaredes\/"}]}},"_links":{"self":[{"href":"https:\/\/ppdegalicia.com\/es\/wp-json\/wp\/v2\/posts\/70006","targetHints":{"allow":["GET"]}}],"collection":[{"href":"https:\/\/ppdegalicia.com\/es\/wp-json\/wp\/v2\/posts"}],"about":[{"href":"https:\/\/ppdegalicia.com\/es\/wp-json\/wp\/v2\/types\/post"}],"author":[{"embeddable":true,"href":"https:\/\/ppdegalicia.com\/es\/wp-json\/wp\/v2\/users\/38"}],"replies":[{"embeddable":true,"href":"https:\/\/ppdegalicia.com\/es\/wp-json\/wp\/v2\/comments?post=70006"}],"version-history":[{"count":1,"href":"https:\/\/ppdegalicia.com\/es\/wp-json\/wp\/v2\/posts\/70006\/revisions"}],"predecessor-version":[{"id":70011,"href":"https:\/\/ppdegalicia.com\/es\/wp-json\/wp\/v2\/posts\/70006\/revisions\/70011"}],"wp:featuredmedia":[{"embeddable":true,"href":"https:\/\/ppdegalicia.com\/es\/wp-json\/wp\/v2\/media\/70009"}],"wp:attachment":[{"href":"https:\/\/ppdegalicia.com\/es\/wp-json\/wp\/v2\/media?parent=70006"}],"wp:term":[{"taxonomy":"category","embeddable":true,"href":"https:\/\/ppdegalicia.com\/es\/wp-json\/wp\/v2\/categories?post=70006"},{"taxonomy":"post_tag","embeddable":true,"href":"https:\/\/ppdegalicia.com\/es\/wp-json\/wp\/v2\/tags?post=70006"}],"curies":[{"name":"wp","href":"https:\/\/api.w.org\/{rel}","templated":true}]}}